{"id":9669,"date":"2015-11-26T00:00:00","date_gmt":"2015-11-26T00:00:00","guid":{"rendered":"https:\/\/mwc-cmm.org\/taiwan-mennonite-church-celebrates-60-years-4\/"},"modified":"2024-12-10T17:13:15","modified_gmt":"2024-12-10T17:13:15","slug":"taiwan-mennonite-church-celebrates-60-years-4","status":"publish","type":"post","link":"https:\/\/mwc-cmm.org\/fr\/stories\/taiwan-mennonite-church-celebrates-60-years-4\/","title":{"rendered":"L\u2019\u00c9glise Mennonite de Taiwan f\u00eate ses 60 ans"},"content":{"rendered":"<p>Taipei, Taiwan \u2013 Les 25 et 26 octobre 2014, plus de 1 100 mennonites ta\u00efwanais ont assist\u00e9 \u00e0 une soir\u00e9e de gala \u00e0 l\u2019occasion du 60<sup>e<\/sup> anniversaire de la <em>Fellowship of Mennonite Churches in Taiwan<\/em> (FOMCIT). La  FOMCIT est une \u00c9glise membre de la CMM.<\/p>\n<p>Ces deux jours de f\u00eate, qui avaient lieu dans le Centre chinois d\u2019activit\u00e9s pour la jeunesse \u00e0 Taipei, avaient pour th\u00e8me \u2018Tradition, Renouvellement, Expansion\u2019. Le programme a d\u00e9but\u00e9 par une procession de pasteurs et responsables des 22 \u00e9glises, au son de deux trompettes et de 12 cornes de b\u00e9lier, accompagn\u00e9e d\u2019une danse avec une banni\u00e8re \u2018Feu du renouveau\u2019. 72 photos sont imprim\u00e9es sur la banni\u00e8re, qui fera le tour des \u00e9glises. (Cliquez <a href=\"http:\/\/www.mwc-cmm.org\/gallery\/1218\">ici<\/a> pour voir les photos)<\/p>\n<p>Le premier jour, la f\u00eate \u00e9tait centr\u00e9e sur la louange et la reconnaissance ; il y avait un sketch sur la r\u00e9conciliation et des spectacles musicaux, dont l&rsquo;hymne \u2018Joyful, Joyful, We adore Thee\u2019, interpr\u00e9t\u00e9 par un ensemble de cloches \u00e0 main du <em>New Dawn Educare Centre<\/em>, une institution pour handicap\u00e9s mentaux de la FOMCIT.<\/p>\n<p>L&rsquo;\u00e9glise de Taiwan a la r\u00e9putation de mettre l\u2019accent sur la louange, comme celle de  Cor\u00e9e sur la pri\u00e8re, et l&rsquo;\u00e9glise du Japon sur l\u2019\u00e9tude.<\/p>\n<p>Le deuxi\u00e8me jour, il y avait un culte, qui a dur\u00e9 deux heures, avec des t\u00e9moignages, des chants, et un sermon de Titus Liao, pr\u00e9sident du conseil d&rsquo;administration de la FOMCIT. \u00ab Le seul espoir pour Taiwan est dans l&rsquo;\u00c9glise \u00bb, a t-il affirm\u00e9. \u00ab Nous ne voulons pas d\u2019une m\u00e9ga-\u00e9glise, mais, comme les magasins de proximit\u00e9 \u20187-11\u2019  de Taiwan, nous avons plut\u00f4t besoin d&rsquo;une \u00e9glise \u00e0 chaque coin de rue \u00bb.<\/p>\n<p>L\u2019offrande s\u2019est mont\u00e9e \u00e0 64 502 USD. Apr\u00e8s avoir pay\u00e9 toutes les d\u00e9penses, ce qui restait a \u00e9t\u00e9 assign\u00e9 aux missions. La c\u00e9l\u00e9bration s\u2019est termin\u00e9e par un banquet, 95 tables rondes pouvaient accueillir jusqu&rsquo;\u00e0 12 personnes chacune.<\/p>\n<p>Repensant \u00e0 la c\u00e9l\u00e9bration de l&rsquo;anniversaire, le secr\u00e9taire g\u00e9n\u00e9ral de la FOMCIT, Robert Chang a d\u00e9clar\u00e9 : \u00ab J\u2019ai l\u2019impression profonde que nous avons foi dans un Seigneur qui entend la pri\u00e8re. Gr\u00e2ce \u00e0 votre intercession, nous travaillons ensemble pour accomplir une mission qui ne peut \u00eatre r\u00e9alis\u00e9e par nous-m\u00eames [&#8230;] Que le Seigneur soit glorifi\u00e9, et nous accorde sa puissance [&#8230;] Avec la gr\u00e2ce de Dieu, ensemble, nous pouvons changer le monde. \u00bb<\/p>\n<p><em>Extrait d&rsquo;un rapport de Sheldon Sawatzky de Harrisburg, Pennsylvanie, ancien missionnaire \u00e0 Taiwan. Photos : Sheldon Sawatzky<\/em><\/p>\n<p><img decoding=\"async\" alt=\"\" data-src=\"https:\/\/mwc-cmm.org\/wp-content\/uploads\/2024\/10\/quilt.jpg\" style=\"--smush-image-width: 1200px; --smush-image-aspect-ratio: 1200\/1071;height: 357px; width: 400px; float: left; margin: 5px;\" width=\"1200\" class=\"smush-dimensions lazyload\" src=\"data:image\/svg+xml;base64,PHN2ZyB3aWR0aD0iMSIgaGVpZ2h0PSIxIiB4bWxucz0iaHR0cDovL3d3dy53My5vcmcvMjAwMC9zdmciPjwvc3ZnPg==\" \/><\/p>\n<\/p>\n<\/p>\n<\/p>\n<\/p>\n<\/p><\/p>\n","protected":false},"excerpt":{"rendered":"<p>NULL<\/p>\n","protected":false},"author":1,"featured_media":86302,"comment_status":"closed","ping_status":"closed","sticky":false,"template":"","format":"standard","meta":{"_acf_changed":false,"footnotes":""},"categories":[7],"tags":[],"network":[],"eventcategory":[],"class_list":["post-9669","post","type-post","status-publish","format-standard","has-post-thumbnail","hentry","category-non-classifiee"],"acf":[],"yoast_head":"<!-- This site is optimized with the Yoast SEO plugin v27.5 - https:\/\/yoast.com\/product\/yoast-seo-wordpress\/ -->\n<title>L\u2019\u00c9glise Mennonite de Taiwan f\u00eate ses 60 ans - Mennonite World Conference<\/title>\n<meta name=\"robots\" content=\"index, follow, max-snippet:-1, max-image-preview:large, max-video-preview:-1\" \/>\n<link rel=\"canonical\" href=\"https:\/\/mwc-cmm.org\/en\/stories\/taiwan-mennonite-church-celebrates-60-years\/\" \/>\n<meta property=\"og:locale\" content=\"fr_FR\" \/>\n<meta property=\"og:type\" content=\"article\" \/>\n<meta property=\"og:title\" content=\"L\u2019\u00c9glise Mennonite de Taiwan f\u00eate ses 60 ans - Mennonite World Conference\" \/>\n<meta property=\"og:description\" content=\"NULL\" \/>\n<meta property=\"og:url\" content=\"https:\/\/mwc-cmm.org\/en\/stories\/taiwan-mennonite-church-celebrates-60-years\/\" \/>\n<meta property=\"og:site_name\" content=\"Mennonite World Conference\" \/>\n<meta property=\"article:publisher\" content=\"https:\/\/www.facebook.com\/MennoniteWorldConference\" \/>\n<meta property=\"article:published_time\" content=\"2015-11-26T00:00:00+00:00\" \/>\n<meta property=\"article:modified_time\" content=\"2024-12-10T17:13:15+00:00\" \/>\n<meta property=\"og:image\" content=\"https:\/\/mwc-cmm.org\/wp-content\/uploads\/2024\/11\/12_rams_horns.jpg\" \/>\n\t<meta property=\"og:image:width\" content=\"1200\" \/>\n\t<meta property=\"og:image:height\" content=\"931\" \/>\n\t<meta property=\"og:image:type\" content=\"image\/jpeg\" \/>\n<meta name=\"author\" content=\"mennworldcon\" \/>\n<script type=\"application\/ld+json\" class=\"yoast-schema-graph\">{\"@context\":\"https:\\\/\\\/schema.org\",\"@graph\":[{\"@type\":\"Article\",\"@id\":\"https:\\\/\\\/mwc-cmm.org\\\/en\\\/stories\\\/taiwan-mennonite-church-celebrates-60-years\\\/#article\",\"isPartOf\":{\"@id\":\"https:\\\/\\\/mwc-cmm.org\\\/en\\\/stories\\\/taiwan-mennonite-church-celebrates-60-years\\\/\"},\"author\":{\"name\":\"mennworldcon\",\"@id\":\"https:\\\/\\\/mwc-cmm.org\\\/en\\\/#\\\/schema\\\/person\\\/11f6ae0d7d1868ba20a1cc27f067c836\"},\"headline\":\"L\u2019\u00c9glise Mennonite de Taiwan f\u00eate ses 60 ans\",\"datePublished\":\"2015-11-26T00:00:00+00:00\",\"dateModified\":\"2024-12-10T17:13:15+00:00\",\"mainEntityOfPage\":{\"@id\":\"https:\\\/\\\/mwc-cmm.org\\\/en\\\/stories\\\/taiwan-mennonite-church-celebrates-60-years\\\/\"},\"wordCount\":439,\"publisher\":{\"@id\":\"https:\\\/\\\/mwc-cmm.org\\\/en\\\/#organization\"},\"image\":{\"@id\":\"https:\\\/\\\/mwc-cmm.org\\\/en\\\/stories\\\/taiwan-mennonite-church-celebrates-60-years\\\/#primaryimage\"},\"thumbnailUrl\":\"https:\\\/\\\/mwc-cmm.org\\\/wp-content\\\/uploads\\\/2024\\\/11\\\/12_rams_horns.jpg\",\"articleSection\":[\"Non classifi\u00e9(e)\"],\"inLanguage\":\"fr-FR\"},{\"@type\":\"WebPage\",\"@id\":\"https:\\\/\\\/mwc-cmm.org\\\/en\\\/stories\\\/taiwan-mennonite-church-celebrates-60-years\\\/\",\"url\":\"https:\\\/\\\/mwc-cmm.org\\\/en\\\/stories\\\/taiwan-mennonite-church-celebrates-60-years\\\/\",\"name\":\"L\u2019\u00c9glise Mennonite de Taiwan f\u00eate ses 60 ans - Mennonite World Conference\",\"isPartOf\":{\"@id\":\"https:\\\/\\\/mwc-cmm.org\\\/en\\\/#website\"},\"primaryImageOfPage\":{\"@id\":\"https:\\\/\\\/mwc-cmm.org\\\/en\\\/stories\\\/taiwan-mennonite-church-celebrates-60-years\\\/#primaryimage\"},\"image\":{\"@id\":\"https:\\\/\\\/mwc-cmm.org\\\/en\\\/stories\\\/taiwan-mennonite-church-celebrates-60-years\\\/#primaryimage\"},\"thumbnailUrl\":\"https:\\\/\\\/mwc-cmm.org\\\/wp-content\\\/uploads\\\/2024\\\/11\\\/12_rams_horns.jpg\",\"datePublished\":\"2015-11-26T00:00:00+00:00\",\"dateModified\":\"2024-12-10T17:13:15+00:00\",\"breadcrumb\":{\"@id\":\"https:\\\/\\\/mwc-cmm.org\\\/en\\\/stories\\\/taiwan-mennonite-church-celebrates-60-years\\\/#breadcrumb\"},\"inLanguage\":\"fr-FR\",\"potentialAction\":[{\"@type\":\"ReadAction\",\"target\":[\"https:\\\/\\\/mwc-cmm.org\\\/en\\\/stories\\\/taiwan-mennonite-church-celebrates-60-years\\\/\"]}]},{\"@type\":\"ImageObject\",\"inLanguage\":\"fr-FR\",\"@id\":\"https:\\\/\\\/mwc-cmm.org\\\/en\\\/stories\\\/taiwan-mennonite-church-celebrates-60-years\\\/#primaryimage\",\"url\":\"https:\\\/\\\/mwc-cmm.org\\\/wp-content\\\/uploads\\\/2024\\\/11\\\/12_rams_horns.jpg\",\"contentUrl\":\"https:\\\/\\\/mwc-cmm.org\\\/wp-content\\\/uploads\\\/2024\\\/11\\\/12_rams_horns.jpg\",\"width\":1200,\"height\":931},{\"@type\":\"BreadcrumbList\",\"@id\":\"https:\\\/\\\/mwc-cmm.org\\\/en\\\/stories\\\/taiwan-mennonite-church-celebrates-60-years\\\/#breadcrumb\",\"itemListElement\":[{\"@type\":\"ListItem\",\"position\":1,\"name\":\"Home\",\"item\":\"https:\\\/\\\/mwc-cmm.org\\\/fr\\\/\"},{\"@type\":\"ListItem\",\"position\":2,\"name\":\"L\u2019\u00c9glise Mennonite de Taiwan f\u00eate ses 60 ans\"}]},{\"@type\":\"WebSite\",\"@id\":\"https:\\\/\\\/mwc-cmm.org\\\/en\\\/#website\",\"url\":\"https:\\\/\\\/mwc-cmm.org\\\/en\\\/\",\"name\":\"Mennonite World Conference\",\"description\":\"A communion of Anabaptist-related churches\",\"publisher\":{\"@id\":\"https:\\\/\\\/mwc-cmm.org\\\/en\\\/#organization\"},\"alternateName\":\"MWC\",\"potentialAction\":[{\"@type\":\"SearchAction\",\"target\":{\"@type\":\"EntryPoint\",\"urlTemplate\":\"https:\\\/\\\/mwc-cmm.org\\\/en\\\/?s={search_term_string}\"},\"query-input\":{\"@type\":\"PropertyValueSpecification\",\"valueRequired\":true,\"valueName\":\"search_term_string\"}}],\"inLanguage\":\"fr-FR\"},{\"@type\":\"Organization\",\"@id\":\"https:\\\/\\\/mwc-cmm.org\\\/en\\\/#organization\",\"name\":\"Mennonite World Conference\",\"alternateName\":\"MWC\",\"url\":\"https:\\\/\\\/mwc-cmm.org\\\/en\\\/\",\"logo\":{\"@type\":\"ImageObject\",\"inLanguage\":\"fr-FR\",\"@id\":\"https:\\\/\\\/mwc-cmm.org\\\/en\\\/#\\\/schema\\\/logo\\\/image\\\/\",\"url\":\"https:\\\/\\\/mwc-cmm.org\\\/wp-content\\\/uploads\\\/2026\\\/01\\\/MWC_Sig_Blue_Horiz_webheader1-logo.svg\",\"contentUrl\":\"https:\\\/\\\/mwc-cmm.org\\\/wp-content\\\/uploads\\\/2026\\\/01\\\/MWC_Sig_Blue_Horiz_webheader1-logo.svg\",\"width\":786,\"height\":82,\"caption\":\"Mennonite World Conference\"},\"image\":{\"@id\":\"https:\\\/\\\/mwc-cmm.org\\\/en\\\/#\\\/schema\\\/logo\\\/image\\\/\"},\"sameAs\":[\"https:\\\/\\\/www.facebook.com\\\/MennoniteWorldConference\",\"https:\\\/\\\/www.linkedin.com\\\/company\\\/mennonite-world-conference-mwc\\\/\",\"https:\\\/\\\/www.instagram.com\\\/mwcmm\\\/\",\"https:\\\/\\\/www.youtube.com\\\/user\\\/mwccmm\",\"https:\\\/\\\/bsky.app\\\/profile\\\/mwcmm.bsky.social\"]},{\"@type\":\"Person\",\"@id\":\"https:\\\/\\\/mwc-cmm.org\\\/en\\\/#\\\/schema\\\/person\\\/11f6ae0d7d1868ba20a1cc27f067c836\",\"name\":\"mennworldcon\",\"image\":{\"@type\":\"ImageObject\",\"inLanguage\":\"fr-FR\",\"@id\":\"https:\\\/\\\/secure.gravatar.com\\\/avatar\\\/06fdc0dc81c157dfdb82ec42f252178a22307808988d22c043f9eb96f1e0fe80?s=96&d=mm&r=g\",\"url\":\"https:\\\/\\\/secure.gravatar.com\\\/avatar\\\/06fdc0dc81c157dfdb82ec42f252178a22307808988d22c043f9eb96f1e0fe80?s=96&d=mm&r=g\",\"contentUrl\":\"https:\\\/\\\/secure.gravatar.com\\\/avatar\\\/06fdc0dc81c157dfdb82ec42f252178a22307808988d22c043f9eb96f1e0fe80?s=96&d=mm&r=g\",\"caption\":\"mennworldcon\"},\"sameAs\":[\"https:\\\/\\\/mwc-cmm.org\"],\"url\":\"https:\\\/\\\/mwc-cmm.org\\\/fr\\\/stories\\\/author\\\/mennworldcon\\\/\"}]}<\/script>\n<!-- \/ Yoast SEO plugin. -->","yoast_head_json":{"title":"L\u2019\u00c9glise Mennonite de Taiwan f\u00eate ses 60 ans - Mennonite World Conference","robots":{"index":"index","follow":"follow","max-snippet":"max-snippet:-1","max-image-preview":"max-image-preview:large","max-video-preview":"max-video-preview:-1"},"canonical":"https:\/\/mwc-cmm.org\/en\/stories\/taiwan-mennonite-church-celebrates-60-years\/","og_locale":"fr_FR","og_type":"article","og_title":"L\u2019\u00c9glise Mennonite de Taiwan f\u00eate ses 60 ans - Mennonite World Conference","og_description":"NULL","og_url":"https:\/\/mwc-cmm.org\/en\/stories\/taiwan-mennonite-church-celebrates-60-years\/","og_site_name":"Mennonite World Conference","article_publisher":"https:\/\/www.facebook.com\/MennoniteWorldConference","article_published_time":"2015-11-26T00:00:00+00:00","article_modified_time":"2024-12-10T17:13:15+00:00","og_image":[{"width":1200,"height":931,"url":"https:\/\/mwc-cmm.org\/wp-content\/uploads\/2024\/11\/12_rams_horns.jpg","type":"image\/jpeg"}],"author":"mennworldcon","schema":{"@context":"https:\/\/schema.org","@graph":[{"@type":"Article","@id":"https:\/\/mwc-cmm.org\/en\/stories\/taiwan-mennonite-church-celebrates-60-years\/#article","isPartOf":{"@id":"https:\/\/mwc-cmm.org\/en\/stories\/taiwan-mennonite-church-celebrates-60-years\/"},"author":{"name":"mennworldcon","@id":"https:\/\/mwc-cmm.org\/en\/#\/schema\/person\/11f6ae0d7d1868ba20a1cc27f067c836"},"headline":"L\u2019\u00c9glise Mennonite de Taiwan f\u00eate ses 60 ans","datePublished":"2015-11-26T00:00:00+00:00","dateModified":"2024-12-10T17:13:15+00:00","mainEntityOfPage":{"@id":"https:\/\/mwc-cmm.org\/en\/stories\/taiwan-mennonite-church-celebrates-60-years\/"},"wordCount":439,"publisher":{"@id":"https:\/\/mwc-cmm.org\/en\/#organization"},"image":{"@id":"https:\/\/mwc-cmm.org\/en\/stories\/taiwan-mennonite-church-celebrates-60-years\/#primaryimage"},"thumbnailUrl":"https:\/\/mwc-cmm.org\/wp-content\/uploads\/2024\/11\/12_rams_horns.jpg","articleSection":["Non classifi\u00e9(e)"],"inLanguage":"fr-FR"},{"@type":"WebPage","@id":"https:\/\/mwc-cmm.org\/en\/stories\/taiwan-mennonite-church-celebrates-60-years\/","url":"https:\/\/mwc-cmm.org\/en\/stories\/taiwan-mennonite-church-celebrates-60-years\/","name":"L\u2019\u00c9glise Mennonite de Taiwan f\u00eate ses 60 ans - Mennonite World Conference","isPartOf":{"@id":"https:\/\/mwc-cmm.org\/en\/#website"},"primaryImageOfPage":{"@id":"https:\/\/mwc-cmm.org\/en\/stories\/taiwan-mennonite-church-celebrates-60-years\/#primaryimage"},"image":{"@id":"https:\/\/mwc-cmm.org\/en\/stories\/taiwan-mennonite-church-celebrates-60-years\/#primaryimage"},"thumbnailUrl":"https:\/\/mwc-cmm.org\/wp-content\/uploads\/2024\/11\/12_rams_horns.jpg","datePublished":"2015-11-26T00:00:00+00:00","dateModified":"2024-12-10T17:13:15+00:00","breadcrumb":{"@id":"https:\/\/mwc-cmm.org\/en\/stories\/taiwan-mennonite-church-celebrates-60-years\/#breadcrumb"},"inLanguage":"fr-FR","potentialAction":[{"@type":"ReadAction","target":["https:\/\/mwc-cmm.org\/en\/stories\/taiwan-mennonite-church-celebrates-60-years\/"]}]},{"@type":"ImageObject","inLanguage":"fr-FR","@id":"https:\/\/mwc-cmm.org\/en\/stories\/taiwan-mennonite-church-celebrates-60-years\/#primaryimage","url":"https:\/\/mwc-cmm.org\/wp-content\/uploads\/2024\/11\/12_rams_horns.jpg","contentUrl":"https:\/\/mwc-cmm.org\/wp-content\/uploads\/2024\/11\/12_rams_horns.jpg","width":1200,"height":931},{"@type":"BreadcrumbList","@id":"https:\/\/mwc-cmm.org\/en\/stories\/taiwan-mennonite-church-celebrates-60-years\/#breadcrumb","itemListElement":[{"@type":"ListItem","position":1,"name":"Home","item":"https:\/\/mwc-cmm.org\/fr\/"},{"@type":"ListItem","position":2,"name":"L\u2019\u00c9glise Mennonite de Taiwan f\u00eate ses 60 ans"}]},{"@type":"WebSite","@id":"https:\/\/mwc-cmm.org\/en\/#website","url":"https:\/\/mwc-cmm.org\/en\/","name":"Mennonite World Conference","description":"A communion of Anabaptist-related churches","publisher":{"@id":"https:\/\/mwc-cmm.org\/en\/#organization"},"alternateName":"MWC","potentialAction":[{"@type":"SearchAction","target":{"@type":"EntryPoint","urlTemplate":"https:\/\/mwc-cmm.org\/en\/?s={search_term_string}"},"query-input":{"@type":"PropertyValueSpecification","valueRequired":true,"valueName":"search_term_string"}}],"inLanguage":"fr-FR"},{"@type":"Organization","@id":"https:\/\/mwc-cmm.org\/en\/#organization","name":"Mennonite World Conference","alternateName":"MWC","url":"https:\/\/mwc-cmm.org\/en\/","logo":{"@type":"ImageObject","inLanguage":"fr-FR","@id":"https:\/\/mwc-cmm.org\/en\/#\/schema\/logo\/image\/","url":"https:\/\/mwc-cmm.org\/wp-content\/uploads\/2026\/01\/MWC_Sig_Blue_Horiz_webheader1-logo.svg","contentUrl":"https:\/\/mwc-cmm.org\/wp-content\/uploads\/2026\/01\/MWC_Sig_Blue_Horiz_webheader1-logo.svg","width":786,"height":82,"caption":"Mennonite World Conference"},"image":{"@id":"https:\/\/mwc-cmm.org\/en\/#\/schema\/logo\/image\/"},"sameAs":["https:\/\/www.facebook.com\/MennoniteWorldConference","https:\/\/www.linkedin.com\/company\/mennonite-world-conference-mwc\/","https:\/\/www.instagram.com\/mwcmm\/","https:\/\/www.youtube.com\/user\/mwccmm","https:\/\/bsky.app\/profile\/mwcmm.bsky.social"]},{"@type":"Person","@id":"https:\/\/mwc-cmm.org\/en\/#\/schema\/person\/11f6ae0d7d1868ba20a1cc27f067c836","name":"mennworldcon","image":{"@type":"ImageObject","inLanguage":"fr-FR","@id":"https:\/\/secure.gravatar.com\/avatar\/06fdc0dc81c157dfdb82ec42f252178a22307808988d22c043f9eb96f1e0fe80?s=96&d=mm&r=g","url":"https:\/\/secure.gravatar.com\/avatar\/06fdc0dc81c157dfdb82ec42f252178a22307808988d22c043f9eb96f1e0fe80?s=96&d=mm&r=g","contentUrl":"https:\/\/secure.gravatar.com\/avatar\/06fdc0dc81c157dfdb82ec42f252178a22307808988d22c043f9eb96f1e0fe80?s=96&d=mm&r=g","caption":"mennworldcon"},"sameAs":["https:\/\/mwc-cmm.org"],"url":"https:\/\/mwc-cmm.org\/fr\/stories\/author\/mennworldcon\/"}]}},"_links":{"self":[{"href":"https:\/\/mwc-cmm.org\/fr\/wp-json\/wp\/v2\/posts\/9669","targetHints":{"allow":["GET"]}}],"collection":[{"href":"https:\/\/mwc-cmm.org\/fr\/wp-json\/wp\/v2\/posts"}],"about":[{"href":"https:\/\/mwc-cmm.org\/fr\/wp-json\/wp\/v2\/types\/post"}],"author":[{"embeddable":true,"href":"https:\/\/mwc-cmm.org\/fr\/wp-json\/wp\/v2\/users\/1"}],"replies":[{"embeddable":true,"href":"https:\/\/mwc-cmm.org\/fr\/wp-json\/wp\/v2\/comments?post=9669"}],"version-history":[{"count":0,"href":"https:\/\/mwc-cmm.org\/fr\/wp-json\/wp\/v2\/posts\/9669\/revisions"}],"wp:featuredmedia":[{"embeddable":true,"href":"https:\/\/mwc-cmm.org\/fr\/wp-json\/wp\/v2\/media\/86302"}],"wp:attachment":[{"href":"https:\/\/mwc-cmm.org\/fr\/wp-json\/wp\/v2\/media?parent=9669"}],"wp:term":[{"taxonomy":"category","embeddable":true,"href":"https:\/\/mwc-cmm.org\/fr\/wp-json\/wp\/v2\/categories?post=9669"},{"taxonomy":"post_tag","embeddable":true,"href":"https:\/\/mwc-cmm.org\/fr\/wp-json\/wp\/v2\/tags?post=9669"},{"taxonomy":"network","embeddable":true,"href":"https:\/\/mwc-cmm.org\/fr\/wp-json\/wp\/v2\/network?post=9669"},{"taxonomy":"eventcategory","embeddable":true,"href":"https:\/\/mwc-cmm.org\/fr\/wp-json\/wp\/v2\/eventcategory?post=9669"}],"curies":[{"name":"wp","href":"https:\/\/api.w.org\/{rel}","templated":true}]}}