{"id":9667,"date":"2016-05-19T00:00:00","date_gmt":"2016-05-19T00:00:00","guid":{"rendered":"https:\/\/mwc-cmm.org\/a-visit-with-danisa-ndlovu-4\/"},"modified":"2024-12-10T17:13:14","modified_gmt":"2024-12-10T17:13:14","slug":"a-visit-with-danisa-ndlovu-4","status":"publish","type":"post","link":"https:\/\/mwc-cmm.org\/fr\/stories\/a-visit-with-danisa-ndlovu-4\/","title":{"rendered":"Une rencontre avec Danisa Ndlovu"},"content":{"rendered":"<\/p>\n<p>Menac\u00e9 de mort par un groupe des Combattants pour la Libert\u00e9 quand il avait 19 ans, Danisa Ndlovu avoue qu\u2019il est peut-\u00eatre n\u00e9 \u00ab pour une \u00e9poque comme celle-ci \u00bb.<\/p>\n<p>\u00ab Pour une raison quelconque, je chantais un chant religieux d\u2019une voix vraiment forte ce matin-l\u00e0 en descendant \u00e0 pied le long de la rivi\u00e8re. Quand je me suis rendu compte qu\u2019il y avait des miliciens arm\u00e9s sur la route, j\u2019ai simplement continu\u00e9 \u00e0 chanter m\u00eame si je savais que j\u2019\u00e9tais en danger. J\u2019ai senti que Dieu \u00e9tait avec moi. Quand les combattants m\u2019ont ordonn\u00e9 de me joindre \u00e0 eux et qu\u2019ils ont commenc\u00e9 \u00e0 me menacer, je leur ai dit qu\u2019ils pouvaient me tuer. \u00bb<\/p>\n<p>Ce jour-l\u00e0, la foi a rel\u00e9gu\u00e9 la peur au second rang chez le jeune Zimbabw\u00e9en.<\/p>\n<p>Cet \u00e9pisode est devenu une pierre de touche pour Danisa qui allait devenir l\u2019\u00e9v\u00eaque de l\u2019\u00c9glise des Fr\u00e8res en Christ du Zimbabwe en 2000 quand le pays \u00e9tait tenaill\u00e9 par une p\u00e9nurie de nourriture et de carburant, la corruption et un gouvernement indiff\u00e9rent, une \u00e9pid\u00e9mie de sida et un taux d\u2019inflation de plus de 1000% par ann\u00e9e.<\/p>\n<p>Malgr\u00e9 ces circonstances d\u00e9sastreuses, Danisa et les quelque 29 000 autres Fr\u00e8res en Christ du Zimbabwe, ont invit\u00e9 la Conf\u00e9rence Mennonite Mondiale \u00e0 tenir son Rassemblement de 2003 dans la ville de Bulawayo. \u00ab Nous avions besoin de l\u2019encouragement et du r\u00e9confort de nos s\u0153urs et fr\u00e8res d\u2019ailleurs dans le monde \u00bb se souvient aujourd\u2019hui Danisa au moment o\u00f9 il se pr\u00e9pare pour \u00ab PA 2015 \u00bb, le prochain Rassemblement de la CMM \u00e0 Harrisburg en Pennsylvanie, du 21 au 26 juillet 2015.<\/p>\n<p><strong>Les premiers choix<\/strong><\/p>\n<p>Danisa, membre d\u2019une famille de huit enfants, a surtout \u00e9t\u00e9 \u00e9lev\u00e9 par sa grand-m\u00e8re car ses deux parents avaient besoin d\u2019un travail r\u00e9mun\u00e9r\u00e9. \u00ab Ma grand-m\u00e8re a exerc\u00e9 une tr\u00e8s grande influence sur ma vie et sur ma foi. Elle m\u2019a amen\u00e9 \u00e0 l\u2019\u00e9glise et \u00e0 l\u2019\u00e9cole du dimanche qui ont toujours fait partie de ma vie. \u00bb<\/p>\n<p>Il a fr\u00e9quent\u00e9 des \u00e9coles primaires et secondaires Fr\u00e8res en Christ au Zimbabwe et a \u00e9t\u00e9 baptis\u00e9 quand il \u00e9tait au dernier cycle de l\u2019\u00e9cole secondaire.<\/p>\n<p>Mais durant son adolescence, il est all\u00e9 vivre avec sa tante dans une r\u00e9gion o\u00f9 il n\u2019y avait pas d\u2019\u00e9glise. \u00ab Je me suis m\u00eal\u00e9 \u00e0 un groupe de gar\u00e7ons\u2026 ce fut comme un mauvais moment de ma vie. Mais au milieu des ann\u00e9es 1970, je suis retourn\u00e9 \u00e0 la maison; j\u2019avais une telle soif pour Dieu que je pensais en mourir.<\/p>\n<p>C\u2019\u00e9tait l\u2019\u00e9poque o\u00f9 il y avait des \u00e9vang\u00e9listes itin\u00e9rants. J\u2019ai demand\u00e9 \u00e0 ma m\u00e8re quand le prochain \u00e9vang\u00e9liste devait venir dans notre r\u00e9gion. Je pensais vraiment que je ne pouvais plus attendre. Je vivais une s\u00e8cheresse, un manque absolu d\u2019espoir.<\/p>\n<p>J\u2019ai consacr\u00e9 ma vie \u00e0 Christ le vendredi saint en 1976. L\u2019\u00e9vang\u00e9liste m\u2019a demand\u00e9 si je souhaitais aller \u00e0 l\u2019\u00e9cole biblique. En lui r\u00e9pondant que mes parents n\u2019avaient pas de ressources, il m\u2019a demand\u00e9 o\u00f9 le disciple Pierre avait trouv\u00e9 l\u2019argent pour payer ses taxes. \u201cDe la bouche d\u2019un poisson\u201d, j\u2019ai r\u00e9pondu.<\/p>\n<p>Il m\u2019a dit d\u2019aller \u00e0 l\u2019\u00e9cole biblique, et j\u2019y suis all\u00e9 sans argent. L\u2019exp\u00e9rience m\u2019a enseign\u00e9 \u00e0 prier. J\u2019ai \u00e9tabli un <em>lieu<\/em> pour prier, et l\u2019argent est venu. C\u2019est de cette mani\u00e8re que j\u2019ai v\u00e9cu ma vie. \u00bb<\/p>\n<p>Danisa se m\u00e9fie de l\u2019\u00e9vangile de prosp\u00e9rit\u00e9. Il dit : \u00ab Cet \u00e9vangile promet que tout ira bien. Mais ce n\u2019est pas vrai. Il y a un prix \u00e0 suivre Christ. Il y aura des sacrifices. Malgr\u00e9 tout, j\u2019ai trouv\u00e9 qu\u2019il y a assez pour satisfaire nos besoins.<\/p>\n<p>Quand j\u2019ai termin\u00e9 l\u2019\u00e9cole biblique, je ne savais pas ce que je devais faire, j\u2019\u00e9tais d\u00e9courag\u00e9 et je me sentais tr\u00e8s seul. J\u2019ai demand\u00e9 \u00e0 Dieu de m\u2019aider \u00e0 comprendre ce qui se passait. Un de ces jours sombres dans le parc, j\u2019ai d\u00e9couvert le verset du psaume 37,7  &#8211; \u201cGarde le silence devant l\u2019\u00c9ternel, et esp\u00e8re en lui\u201d.<\/p>\n<p>Je me suis lev\u00e9, j\u2019ai pris mes effets, et je suis all\u00e9 \u00e0 la maison o\u00f9 j\u2019ai annonc\u00e9 \u00e0 tout le monde que j\u2019allais \u00eatre un \u00e9vang\u00e9liste.<\/p>\n<p>Un pasteur m\u2019a dit que j\u2019avais l\u2019air tr\u00e8s petit et tr\u00e8s jeune, mais je lui ai r\u00e9pondu, \u201cje veux partir\u201d. Finalement, j\u2019ai joint un programme qui m\u2019a permis de visiter des \u00e9glises et d\u2019exercer un minist\u00e8re d\u2019\u00e9vang\u00e9liste itin\u00e9rant.<\/p>\n<p>C\u2019\u00e9tait une p\u00e9riode de tension et d\u2019instabilit\u00e9 dans le pays. Les Combattants de la Libert\u00e9 cherchaient toujours \u00e0 nous recruter. J\u2019ai pri\u00e9 pour que quelqu\u2019un me remplace si jamais je me faisais tuer.<\/p>\n<p>J\u2019ai senti que Dieu me prot\u00e9geait. Un jour, j\u2019\u00e9tais assis seul dans une \u00e9glise. Un groupe de soldats sont entr\u00e9s soudainement, tous bien arm\u00e9s pendant que j\u2019\u00e9tais assis seul en train de lire la Bible. Ils auraient pu me torturer ou m\u2019interroger, mais ils ont seulement travers\u00e9 l\u2019\u00e9glise, en entrant par une porte et en sortant par une autre. Nous ne nous sommes m\u00eame pas parl\u00e9. \u00bb<\/p>\n<p><strong>L\u2019apprentissage d\u2019un responsable<\/strong><\/p>\n<p>Danisa n\u2019a pas seulement appris sur la foi et l\u2019intr\u00e9pidit\u00e9 quand il \u00e9tait jeune, il a aussi appris comment d\u00e9velopper les qualit\u00e9s d\u2019un chef. \u00ab J\u2019ai appris en partie en me formant, en partie en observant les autres et en partie en d\u00e9cidant ce que je voulais \u00eatre et faire. Mon p\u00e8re \u00e9tait un chef de communaut\u00e9 et il m\u2019a influenc\u00e9.<\/p>\n<p>Quand j\u2019\u00e9tais jeune et que je travaillais dans une librairie chr\u00e9tienne, le g\u00e9rant m\u2019a demand\u00e9 \u201cEs-tu le fils d\u2019un vieil homme?\u201d Je lui ai demand\u00e9 pourquoi il disait cela. Il a r\u00e9pondu \u201cla mani\u00e8re que tu montres du respect, que tu te pr\u00e9sentes et que tu traites les autres me fait croire cela.\u201d \u00bb<\/p>\n<p>Pendant les temps tr\u00e8s difficiles au Zimbabwe, \u00e0 l\u2019\u00e9poque o\u00f9 Danisa pr\u00e9sidait des fun\u00e9railles pour des victimes du sida et aidait les membres des \u00e9glises \u00e0 trouver des foyers pour d\u2019innombrables orphelins, Danisa et son \u00e9pouse Treziah se sont disciplin\u00e9s \u00e0 rendre gr\u00e2ce autant que possible.<\/p>\n<p>Danisa et Treziah se sont rencontr\u00e9s alors qu\u2019ils \u00e9taient tous les deux \u00e9tudiants \u00e0 l\u2019\u00e9cole biblique. \u00ab Nous avons eu une relation s\u00e9rieuse d\u00e8s le d\u00e9but, mais nous avons chemin\u00e9 ensemble pendant 11 ans avant de nous marier pour des raisons acad\u00e9miques et familiales.<\/p>\n<p>Quand je passais par des temps \u00e9prouvants comme \u00e9vang\u00e9liste, Treziah et ma m\u00e8re priaient pour moi. Ainsi, nous avons eu un parcours de foi semblable comme couple. \u00bb<\/p>\n<p>Danisa et Treziah sont les parents de trois enfants jeunes adultes \u2013 deux filles nomm\u00e9es Thinkgrace et Trustworthy, et un fils nomm\u00e9 Devotion. \u00ab Leurs noms refl\u00e8tent notre gratitude et ce que nous voulons nous rappeler de notre vie au moment de leur naissance \u00bb, dit Danisa en souriant.<\/p>\n<p>Il a trouv\u00e9 la force et du recul aupr\u00e8s de sa famille quand la vie de responsable d\u2019\u00e9glises au Zimbabwe est devenue quasiment impossible. \u00ab Chaque fois que je suis \u00e0 la maison, aussi souvent que possible, je passe la soir\u00e9e en famille. Nous sommes ouverts l\u2019un envers l\u2019autre sur ce qui nous rend heureux ou malheureux. Nous chantons ensemble, nous racontons notre journ\u00e9e, nous nous encourageons et nous nous r\u00e9primandons!<\/p>\n<p>Lorsque je dois prendre des d\u00e9cisions, je fais conna\u00eetre les cons\u00e9quences possibles \u00e0 ma famille. Ces soir\u00e9es en famille sont tr\u00e8s apaisantes et encourageantes. \u00bb<\/p>\n<p><strong>Choisir d\u2019\u00eatre reconnaissant<\/strong><\/p>\n<p>Danisa adopte toujours la m\u00eame attitude vis \u00e0 vis les impond\u00e9rables de la vie dans son pays et son \u00e9glise ou vis \u00e0 vis les risques associ\u00e9s \u00e0 la planification d\u2019un Rassemblement aux \u00c9tats-Unis. \u00ab Pour moi, c\u2019est une question d\u2019avoir confiance en les promesses de Dieu et de croire les \u00c9critures. On ne nous a pas dit que tout ira bien. J\u2019ai appris \u00e0 ne pas me plaindre, mais \u00e0 rendre gr\u00e2ce. Au lieu de dire \u201cPourquoi Dieu?\u201d, je rends gr\u00e2ce pour l\u2019amour de Dieu et sa pr\u00e9sence.<\/p>\n<p>Je puise des forces dans la reconnaissance et la louange au lieu d\u2019insister pour des r\u00e9ponses. Il y a de la puissance dans le fait de croire que Dieu est ici avec moi. Quand je fais face \u00e0 des d\u00e9fis dans mes responsabilit\u00e9s, je choisis de ne pas porter mon attention sur ce qui m\u2019affaiblit. Je fixe mon regard sur la puissance de Dieu et lui dit \u201cmarche avec moi\u201d. Ce n\u2019est pas du d\u00e9ni, ce serait malsain. Je peux ne pas avoir de r\u00e9ponses, mais je crois que Dieu poss\u00e8de les r\u00e9ponses. \u00bb<\/p>\n<p>Danisa, pr\u00e9sident de la Conf\u00e9rence Mennonite Mondiale depuis 2009, pendant un r\u00e9cent s\u00e9jour aux \u00c9tats-Unis, a parl\u00e9 franchement mais aussi prudemment de ses souhaits pour PA 2015. \u00ab Quand l\u2019\u00c9glise mondiale se r\u00e9unira l\u2019\u00e9t\u00e9 prochain \u00e0 Harrisburg, j\u2019esp\u00e8re que l\u2019exp\u00e9rience sera une fen\u00eatre, une r\u00e9v\u00e9lation afin que toutes les \u00e9glises pr\u00e9sentes puissent regarder au-del\u00e0 d\u2019elles-m\u00eames. Nous sommes tous enclins de croire que l\u2019\u00e9glise commence et finit avec notre groupe particulier.<\/p>\n<p>J\u2019ai observ\u00e9 que les assembl\u00e9es en Am\u00e9rique du Nord sont confortables et d\u00e9contract\u00e9es et semblent croire que tout est passablement sous contr\u221a\u00a5le. Mais en tant qu\u2019\u00c9glise mondiale, nous formons une <em>famille <\/em>si bien qu\u2019il ne s\u2019agit pas de quelques-uns qui \u201cont\u201d et d\u2019autres qui \u201cn\u2019ont pas\u201d. Nous appartenons les uns aux autres. Nous sommes en relation. \u00bb<\/p>\n<p><strong>Le don de la Conf\u00e9rence Mennonite Mondiale<\/strong><\/p>\n<p>\u00ab Rien ne surpasse cinq jours et demi pass\u00e9s ensemble en tant que famille mondiale dans un \u201cespace neutre\u201d offert par la Conf\u00e9rence Mennonite Mondiale pendant ses rassemblements, dit Danisa. Aucune agence, aucune union d\u2019\u00e9glises n\u2019est propri\u00e9taire de cet espace. C\u2019est un endroit o\u00f9 les \u00e9glises peuvent \u00e9changer dans un climat de v\u00e9ritable r\u00e9ciprocit\u00e9 o\u00f9 elles peuvent discerner, adorer, servir et fraterniser ensemble. \u00bb Danisa a assist\u00e9 au Rassemblement de la CMM pour la premi\u00e8re fois en 1984 \u00e0 Strasbourg. Il \u00e9tait le plus jeune membre de la d\u00e9l\u00e9gation du Zimbabwe.<\/p>\n<p>Il a h\u00e2te de pr\u00e9sider le Rassemblement PA 2015 o\u00f9 une chorale du Zimbabwe esp\u00e8re chanter pendant les cultes d\u2019adoration. \u00ab Nous prions pour que tous les membres obtiennent un visa \u00bb, dit-il.<\/p>\n<p>\u00ab Un Rassemblement de la CMM est un cadeau pour nous tous. En nous r\u00e9unissant, nous ferons l\u2019exp\u00e9rience de nous accueillir les uns les autres. Nous faisons partie d\u2019un corps vivant et nous devons, \u00e0 l\u2019occasion, \u00eatre en pr\u00e9sence l\u2019un de l\u2019autre dans le m\u00eame espace afin de nous regarder dans les yeux. Quand nous sommes en pr\u00e9sence de l\u2019autre, nous attendons la r\u00e9ponse de l\u2019autre. C\u2019est l\u2019occasion de montrer un v\u00e9ritable int\u00e9r\u00eat. Quand nous venons ensemble et faisons l\u2019effort de nous regarder et de nous \u00e9couter, nous commen\u00e7ons \u00e0 ressentir les sentiments les plus profonds de l\u2019autre.<\/p>\n<p>Le monde est trop petit, sur le plan g\u00e9ographique et th\u00e9ologique, pour vivre isol\u00e9 les uns des autres. Chacune des 101 unions d\u2019\u00e9glises qui forme la CMM apporte sa propre contribution. Appr\u00e9cions nos diverses traditions quand nous travaillons ensemble.<\/p>\n<p>En Am\u00e9rique du Nord, le Seigneur vous a donn\u00e9 le privil\u00e8ge d\u2019avoir le monde sur votre continent et une grande diversit\u00e9 internationale dans vos \u00e9glises. Mon souhait est que PA 2015 rende les \u00e9glises nord-am\u00e9ricaines encore plus d\u00e9sireuses de travailler ensemble.<\/p>\n<p>En venant ensemble en tant que peuple du Christ, je devrais \u00eatre capable d\u2019implanter ma vie dans votre vie. C\u2019est ce que signifie \u00eatre vuln\u00e9rable, de voir le monde diff\u00e9remment, d\u2019appartenir \u00e0 Dieu et \u00e0 l\u2019autre comme une famille de foi. \u00bb<\/p>\n<p><em>Article par Phyllis Pellman Good de Lancaster (PA), auteur et r\u00e9dactrice pour la Conf\u00e9rence Mennonite Mondiale. Photos : Merle Good<\/em><\/p>\n<table cellpadding=\"1\" cellspacing=\"5\">\n<tbody>\n<tr>\n<td><a href=\"\/sites\/default\/files\/website_files\/danisa_profile-4.jpg\" style=\"font-size: 12.222222328186px;\"><img decoding=\"async\" alt=\"\" data-src=\"\/sites\/default\/files\/website_files\/danisa_profile-4.jpg\" style=\"font-size: 12px; width: 179px; height: 195px; margin: 5px;\" src=\"data:image\/svg+xml;base64,PHN2ZyB3aWR0aD0iMSIgaGVpZ2h0PSIxIiB4bWxucz0iaHR0cDovL3d3dy53My5vcmcvMjAwMC9zdmciPjwvc3ZnPg==\" class=\"lazyload\" \/><\/a><\/td>\n<td><a href=\"\/sites\/default\/files\/website_files\/danisa_profile-2.jpg\" style=\"font-size: 12.222222328186px;\"><img decoding=\"async\" alt=\"\" data-src=\"\/sites\/default\/files\/website_files\/danisa_profile-2.jpg\" style=\"font-size: 12.222222328186px; width: 199px; height: 195px; margin: 5px;\" src=\"data:image\/svg+xml;base64,PHN2ZyB3aWR0aD0iMSIgaGVpZ2h0PSIxIiB4bWxucz0iaHR0cDovL3d3dy53My5vcmcvMjAwMC9zdmciPjwvc3ZnPg==\" class=\"lazyload\" \/><\/a><\/td>\n<td><a href=\"\/sites\/default\/files\/website_files\/danisa_profile-3.jpg\" style=\"font-size: 12.222222328186px;\"><img decoding=\"async\" alt=\"\" data-src=\"\/sites\/default\/files\/website_files\/danisa_profile-3.jpg\" style=\"font-size: 12px; width: 278px; height: 195px; margin: 5px;\" src=\"data:image\/svg+xml;base64,PHN2ZyB3aWR0aD0iMSIgaGVpZ2h0PSIxIiB4bWxucz0iaHR0cDovL3d3dy53My5vcmcvMjAwMC9zdmciPjwvc3ZnPg==\" class=\"lazyload\" \/><\/a><\/td>\n<\/tr>\n<\/tbody>\n<\/table>\n","protected":false},"excerpt":{"rendered":"<p>NULL<\/p>\n","protected":false},"author":1,"featured_media":13365,"comment_status":"closed","ping_status":"closed","sticky":false,"template":"","format":"standard","meta":{"_acf_changed":false,"footnotes":""},"categories":[7],"tags":[],"network":[],"eventcategory":[],"class_list":["post-9667","post","type-post","status-publish","format-standard","has-post-thumbnail","hentry","category-non-classifiee"],"acf":[],"yoast_head":"<!-- This site is optimized with the Yoast SEO plugin v27.5 - https:\/\/yoast.com\/product\/yoast-seo-wordpress\/ -->\n<title>Une rencontre avec Danisa Ndlovu - Mennonite World Conference<\/title>\n<meta name=\"robots\" content=\"index, follow, max-snippet:-1, max-image-preview:large, max-video-preview:-1\" \/>\n<link rel=\"canonical\" href=\"https:\/\/mwc-cmm.org\/en\/stories\/visit-danisa-ndlovu\/\" \/>\n<meta property=\"og:locale\" content=\"fr_FR\" \/>\n<meta property=\"og:type\" content=\"article\" \/>\n<meta property=\"og:title\" content=\"Une rencontre avec Danisa Ndlovu - Mennonite World Conference\" \/>\n<meta property=\"og:description\" content=\"NULL\" \/>\n<meta property=\"og:url\" content=\"https:\/\/mwc-cmm.org\/en\/stories\/visit-danisa-ndlovu\/\" \/>\n<meta property=\"og:site_name\" content=\"Mennonite World Conference\" \/>\n<meta property=\"article:publisher\" content=\"https:\/\/www.facebook.com\/MennoniteWorldConference\" \/>\n<meta property=\"article:published_time\" content=\"2016-05-19T00:00:00+00:00\" \/>\n<meta property=\"article:modified_time\" content=\"2024-12-10T17:13:14+00:00\" \/>\n<meta property=\"og:image\" content=\"https:\/\/mwc-cmm.org\/wp-content\/uploads\/2024\/10\/danisa_profile-1.jpg\" \/>\n\t<meta property=\"og:image:width\" content=\"1728\" \/>\n\t<meta property=\"og:image:height\" content=\"2000\" \/>\n\t<meta property=\"og:image:type\" content=\"image\/jpeg\" \/>\n<meta name=\"author\" content=\"mennworldcon\" \/>\n<script type=\"application\/ld+json\" class=\"yoast-schema-graph\">{\"@context\":\"https:\\\/\\\/schema.org\",\"@graph\":[{\"@type\":\"Article\",\"@id\":\"https:\\\/\\\/mwc-cmm.org\\\/en\\\/stories\\\/visit-danisa-ndlovu\\\/#article\",\"isPartOf\":{\"@id\":\"https:\\\/\\\/mwc-cmm.org\\\/en\\\/stories\\\/visit-danisa-ndlovu\\\/\"},\"author\":{\"name\":\"mennworldcon\",\"@id\":\"https:\\\/\\\/mwc-cmm.org\\\/en\\\/#\\\/schema\\\/person\\\/11f6ae0d7d1868ba20a1cc27f067c836\"},\"headline\":\"Une rencontre avec Danisa Ndlovu\",\"datePublished\":\"2016-05-19T00:00:00+00:00\",\"dateModified\":\"2024-12-10T17:13:14+00:00\",\"mainEntityOfPage\":{\"@id\":\"https:\\\/\\\/mwc-cmm.org\\\/en\\\/stories\\\/visit-danisa-ndlovu\\\/\"},\"wordCount\":2090,\"publisher\":{\"@id\":\"https:\\\/\\\/mwc-cmm.org\\\/en\\\/#organization\"},\"image\":{\"@id\":\"https:\\\/\\\/mwc-cmm.org\\\/en\\\/stories\\\/visit-danisa-ndlovu\\\/#primaryimage\"},\"thumbnailUrl\":\"https:\\\/\\\/mwc-cmm.org\\\/wp-content\\\/uploads\\\/2024\\\/10\\\/danisa_profile-1.jpg\",\"articleSection\":[\"Non classifi\u00e9(e)\"],\"inLanguage\":\"fr-FR\"},{\"@type\":\"WebPage\",\"@id\":\"https:\\\/\\\/mwc-cmm.org\\\/en\\\/stories\\\/visit-danisa-ndlovu\\\/\",\"url\":\"https:\\\/\\\/mwc-cmm.org\\\/en\\\/stories\\\/visit-danisa-ndlovu\\\/\",\"name\":\"Une rencontre avec Danisa Ndlovu - Mennonite World Conference\",\"isPartOf\":{\"@id\":\"https:\\\/\\\/mwc-cmm.org\\\/en\\\/#website\"},\"primaryImageOfPage\":{\"@id\":\"https:\\\/\\\/mwc-cmm.org\\\/en\\\/stories\\\/visit-danisa-ndlovu\\\/#primaryimage\"},\"image\":{\"@id\":\"https:\\\/\\\/mwc-cmm.org\\\/en\\\/stories\\\/visit-danisa-ndlovu\\\/#primaryimage\"},\"thumbnailUrl\":\"https:\\\/\\\/mwc-cmm.org\\\/wp-content\\\/uploads\\\/2024\\\/10\\\/danisa_profile-1.jpg\",\"datePublished\":\"2016-05-19T00:00:00+00:00\",\"dateModified\":\"2024-12-10T17:13:14+00:00\",\"breadcrumb\":{\"@id\":\"https:\\\/\\\/mwc-cmm.org\\\/en\\\/stories\\\/visit-danisa-ndlovu\\\/#breadcrumb\"},\"inLanguage\":\"fr-FR\",\"potentialAction\":[{\"@type\":\"ReadAction\",\"target\":[\"https:\\\/\\\/mwc-cmm.org\\\/en\\\/stories\\\/visit-danisa-ndlovu\\\/\"]}]},{\"@type\":\"ImageObject\",\"inLanguage\":\"fr-FR\",\"@id\":\"https:\\\/\\\/mwc-cmm.org\\\/en\\\/stories\\\/visit-danisa-ndlovu\\\/#primaryimage\",\"url\":\"https:\\\/\\\/mwc-cmm.org\\\/wp-content\\\/uploads\\\/2024\\\/10\\\/danisa_profile-1.jpg\",\"contentUrl\":\"https:\\\/\\\/mwc-cmm.org\\\/wp-content\\\/uploads\\\/2024\\\/10\\\/danisa_profile-1.jpg\",\"width\":1728,\"height\":2000,\"caption\":\"Danisa Ndlovu\"},{\"@type\":\"BreadcrumbList\",\"@id\":\"https:\\\/\\\/mwc-cmm.org\\\/en\\\/stories\\\/visit-danisa-ndlovu\\\/#breadcrumb\",\"itemListElement\":[{\"@type\":\"ListItem\",\"position\":1,\"name\":\"Home\",\"item\":\"https:\\\/\\\/mwc-cmm.org\\\/fr\\\/\"},{\"@type\":\"ListItem\",\"position\":2,\"name\":\"Une rencontre avec Danisa Ndlovu\"}]},{\"@type\":\"WebSite\",\"@id\":\"https:\\\/\\\/mwc-cmm.org\\\/en\\\/#website\",\"url\":\"https:\\\/\\\/mwc-cmm.org\\\/en\\\/\",\"name\":\"Mennonite World Conference\",\"description\":\"A communion of Anabaptist-related churches\",\"publisher\":{\"@id\":\"https:\\\/\\\/mwc-cmm.org\\\/en\\\/#organization\"},\"alternateName\":\"MWC\",\"potentialAction\":[{\"@type\":\"SearchAction\",\"target\":{\"@type\":\"EntryPoint\",\"urlTemplate\":\"https:\\\/\\\/mwc-cmm.org\\\/en\\\/?s={search_term_string}\"},\"query-input\":{\"@type\":\"PropertyValueSpecification\",\"valueRequired\":true,\"valueName\":\"search_term_string\"}}],\"inLanguage\":\"fr-FR\"},{\"@type\":\"Organization\",\"@id\":\"https:\\\/\\\/mwc-cmm.org\\\/en\\\/#organization\",\"name\":\"Mennonite World Conference\",\"alternateName\":\"MWC\",\"url\":\"https:\\\/\\\/mwc-cmm.org\\\/en\\\/\",\"logo\":{\"@type\":\"ImageObject\",\"inLanguage\":\"fr-FR\",\"@id\":\"https:\\\/\\\/mwc-cmm.org\\\/en\\\/#\\\/schema\\\/logo\\\/image\\\/\",\"url\":\"https:\\\/\\\/mwc-cmm.org\\\/wp-content\\\/uploads\\\/2026\\\/01\\\/MWC_Sig_Blue_Horiz_webheader1-logo.svg\",\"contentUrl\":\"https:\\\/\\\/mwc-cmm.org\\\/wp-content\\\/uploads\\\/2026\\\/01\\\/MWC_Sig_Blue_Horiz_webheader1-logo.svg\",\"width\":786,\"height\":82,\"caption\":\"Mennonite World Conference\"},\"image\":{\"@id\":\"https:\\\/\\\/mwc-cmm.org\\\/en\\\/#\\\/schema\\\/logo\\\/image\\\/\"},\"sameAs\":[\"https:\\\/\\\/www.facebook.com\\\/MennoniteWorldConference\",\"https:\\\/\\\/www.linkedin.com\\\/company\\\/mennonite-world-conference-mwc\\\/\",\"https:\\\/\\\/www.instagram.com\\\/mwcmm\\\/\",\"https:\\\/\\\/www.youtube.com\\\/user\\\/mwccmm\",\"https:\\\/\\\/bsky.app\\\/profile\\\/mwcmm.bsky.social\"]},{\"@type\":\"Person\",\"@id\":\"https:\\\/\\\/mwc-cmm.org\\\/en\\\/#\\\/schema\\\/person\\\/11f6ae0d7d1868ba20a1cc27f067c836\",\"name\":\"mennworldcon\",\"image\":{\"@type\":\"ImageObject\",\"inLanguage\":\"fr-FR\",\"@id\":\"https:\\\/\\\/secure.gravatar.com\\\/avatar\\\/06fdc0dc81c157dfdb82ec42f252178a22307808988d22c043f9eb96f1e0fe80?s=96&d=mm&r=g\",\"url\":\"https:\\\/\\\/secure.gravatar.com\\\/avatar\\\/06fdc0dc81c157dfdb82ec42f252178a22307808988d22c043f9eb96f1e0fe80?s=96&d=mm&r=g\",\"contentUrl\":\"https:\\\/\\\/secure.gravatar.com\\\/avatar\\\/06fdc0dc81c157dfdb82ec42f252178a22307808988d22c043f9eb96f1e0fe80?s=96&d=mm&r=g\",\"caption\":\"mennworldcon\"},\"sameAs\":[\"https:\\\/\\\/mwc-cmm.org\"],\"url\":\"https:\\\/\\\/mwc-cmm.org\\\/fr\\\/stories\\\/author\\\/mennworldcon\\\/\"}]}<\/script>\n<!-- \/ Yoast SEO plugin. -->","yoast_head_json":{"title":"Une rencontre avec Danisa Ndlovu - Mennonite World Conference","robots":{"index":"index","follow":"follow","max-snippet":"max-snippet:-1","max-image-preview":"max-image-preview:large","max-video-preview":"max-video-preview:-1"},"canonical":"https:\/\/mwc-cmm.org\/en\/stories\/visit-danisa-ndlovu\/","og_locale":"fr_FR","og_type":"article","og_title":"Une rencontre avec Danisa Ndlovu - Mennonite World Conference","og_description":"NULL","og_url":"https:\/\/mwc-cmm.org\/en\/stories\/visit-danisa-ndlovu\/","og_site_name":"Mennonite World Conference","article_publisher":"https:\/\/www.facebook.com\/MennoniteWorldConference","article_published_time":"2016-05-19T00:00:00+00:00","article_modified_time":"2024-12-10T17:13:14+00:00","og_image":[{"width":1728,"height":2000,"url":"https:\/\/mwc-cmm.org\/wp-content\/uploads\/2024\/10\/danisa_profile-1.jpg","type":"image\/jpeg"}],"author":"mennworldcon","schema":{"@context":"https:\/\/schema.org","@graph":[{"@type":"Article","@id":"https:\/\/mwc-cmm.org\/en\/stories\/visit-danisa-ndlovu\/#article","isPartOf":{"@id":"https:\/\/mwc-cmm.org\/en\/stories\/visit-danisa-ndlovu\/"},"author":{"name":"mennworldcon","@id":"https:\/\/mwc-cmm.org\/en\/#\/schema\/person\/11f6ae0d7d1868ba20a1cc27f067c836"},"headline":"Une rencontre avec Danisa Ndlovu","datePublished":"2016-05-19T00:00:00+00:00","dateModified":"2024-12-10T17:13:14+00:00","mainEntityOfPage":{"@id":"https:\/\/mwc-cmm.org\/en\/stories\/visit-danisa-ndlovu\/"},"wordCount":2090,"publisher":{"@id":"https:\/\/mwc-cmm.org\/en\/#organization"},"image":{"@id":"https:\/\/mwc-cmm.org\/en\/stories\/visit-danisa-ndlovu\/#primaryimage"},"thumbnailUrl":"https:\/\/mwc-cmm.org\/wp-content\/uploads\/2024\/10\/danisa_profile-1.jpg","articleSection":["Non classifi\u00e9(e)"],"inLanguage":"fr-FR"},{"@type":"WebPage","@id":"https:\/\/mwc-cmm.org\/en\/stories\/visit-danisa-ndlovu\/","url":"https:\/\/mwc-cmm.org\/en\/stories\/visit-danisa-ndlovu\/","name":"Une rencontre avec Danisa Ndlovu - Mennonite World Conference","isPartOf":{"@id":"https:\/\/mwc-cmm.org\/en\/#website"},"primaryImageOfPage":{"@id":"https:\/\/mwc-cmm.org\/en\/stories\/visit-danisa-ndlovu\/#primaryimage"},"image":{"@id":"https:\/\/mwc-cmm.org\/en\/stories\/visit-danisa-ndlovu\/#primaryimage"},"thumbnailUrl":"https:\/\/mwc-cmm.org\/wp-content\/uploads\/2024\/10\/danisa_profile-1.jpg","datePublished":"2016-05-19T00:00:00+00:00","dateModified":"2024-12-10T17:13:14+00:00","breadcrumb":{"@id":"https:\/\/mwc-cmm.org\/en\/stories\/visit-danisa-ndlovu\/#breadcrumb"},"inLanguage":"fr-FR","potentialAction":[{"@type":"ReadAction","target":["https:\/\/mwc-cmm.org\/en\/stories\/visit-danisa-ndlovu\/"]}]},{"@type":"ImageObject","inLanguage":"fr-FR","@id":"https:\/\/mwc-cmm.org\/en\/stories\/visit-danisa-ndlovu\/#primaryimage","url":"https:\/\/mwc-cmm.org\/wp-content\/uploads\/2024\/10\/danisa_profile-1.jpg","contentUrl":"https:\/\/mwc-cmm.org\/wp-content\/uploads\/2024\/10\/danisa_profile-1.jpg","width":1728,"height":2000,"caption":"Danisa Ndlovu"},{"@type":"BreadcrumbList","@id":"https:\/\/mwc-cmm.org\/en\/stories\/visit-danisa-ndlovu\/#breadcrumb","itemListElement":[{"@type":"ListItem","position":1,"name":"Home","item":"https:\/\/mwc-cmm.org\/fr\/"},{"@type":"ListItem","position":2,"name":"Une rencontre avec Danisa Ndlovu"}]},{"@type":"WebSite","@id":"https:\/\/mwc-cmm.org\/en\/#website","url":"https:\/\/mwc-cmm.org\/en\/","name":"Mennonite World Conference","description":"A communion of Anabaptist-related churches","publisher":{"@id":"https:\/\/mwc-cmm.org\/en\/#organization"},"alternateName":"MWC","potentialAction":[{"@type":"SearchAction","target":{"@type":"EntryPoint","urlTemplate":"https:\/\/mwc-cmm.org\/en\/?s={search_term_string}"},"query-input":{"@type":"PropertyValueSpecification","valueRequired":true,"valueName":"search_term_string"}}],"inLanguage":"fr-FR"},{"@type":"Organization","@id":"https:\/\/mwc-cmm.org\/en\/#organization","name":"Mennonite World Conference","alternateName":"MWC","url":"https:\/\/mwc-cmm.org\/en\/","logo":{"@type":"ImageObject","inLanguage":"fr-FR","@id":"https:\/\/mwc-cmm.org\/en\/#\/schema\/logo\/image\/","url":"https:\/\/mwc-cmm.org\/wp-content\/uploads\/2026\/01\/MWC_Sig_Blue_Horiz_webheader1-logo.svg","contentUrl":"https:\/\/mwc-cmm.org\/wp-content\/uploads\/2026\/01\/MWC_Sig_Blue_Horiz_webheader1-logo.svg","width":786,"height":82,"caption":"Mennonite World Conference"},"image":{"@id":"https:\/\/mwc-cmm.org\/en\/#\/schema\/logo\/image\/"},"sameAs":["https:\/\/www.facebook.com\/MennoniteWorldConference","https:\/\/www.linkedin.com\/company\/mennonite-world-conference-mwc\/","https:\/\/www.instagram.com\/mwcmm\/","https:\/\/www.youtube.com\/user\/mwccmm","https:\/\/bsky.app\/profile\/mwcmm.bsky.social"]},{"@type":"Person","@id":"https:\/\/mwc-cmm.org\/en\/#\/schema\/person\/11f6ae0d7d1868ba20a1cc27f067c836","name":"mennworldcon","image":{"@type":"ImageObject","inLanguage":"fr-FR","@id":"https:\/\/secure.gravatar.com\/avatar\/06fdc0dc81c157dfdb82ec42f252178a22307808988d22c043f9eb96f1e0fe80?s=96&d=mm&r=g","url":"https:\/\/secure.gravatar.com\/avatar\/06fdc0dc81c157dfdb82ec42f252178a22307808988d22c043f9eb96f1e0fe80?s=96&d=mm&r=g","contentUrl":"https:\/\/secure.gravatar.com\/avatar\/06fdc0dc81c157dfdb82ec42f252178a22307808988d22c043f9eb96f1e0fe80?s=96&d=mm&r=g","caption":"mennworldcon"},"sameAs":["https:\/\/mwc-cmm.org"],"url":"https:\/\/mwc-cmm.org\/fr\/stories\/author\/mennworldcon\/"}]}},"_links":{"self":[{"href":"https:\/\/mwc-cmm.org\/fr\/wp-json\/wp\/v2\/posts\/9667","targetHints":{"allow":["GET"]}}],"collection":[{"href":"https:\/\/mwc-cmm.org\/fr\/wp-json\/wp\/v2\/posts"}],"about":[{"href":"https:\/\/mwc-cmm.org\/fr\/wp-json\/wp\/v2\/types\/post"}],"author":[{"embeddable":true,"href":"https:\/\/mwc-cmm.org\/fr\/wp-json\/wp\/v2\/users\/1"}],"replies":[{"embeddable":true,"href":"https:\/\/mwc-cmm.org\/fr\/wp-json\/wp\/v2\/comments?post=9667"}],"version-history":[{"count":0,"href":"https:\/\/mwc-cmm.org\/fr\/wp-json\/wp\/v2\/posts\/9667\/revisions"}],"wp:featuredmedia":[{"embeddable":true,"href":"https:\/\/mwc-cmm.org\/fr\/wp-json\/wp\/v2\/media\/13365"}],"wp:attachment":[{"href":"https:\/\/mwc-cmm.org\/fr\/wp-json\/wp\/v2\/media?parent=9667"}],"wp:term":[{"taxonomy":"category","embeddable":true,"href":"https:\/\/mwc-cmm.org\/fr\/wp-json\/wp\/v2\/categories?post=9667"},{"taxonomy":"post_tag","embeddable":true,"href":"https:\/\/mwc-cmm.org\/fr\/wp-json\/wp\/v2\/tags?post=9667"},{"taxonomy":"network","embeddable":true,"href":"https:\/\/mwc-cmm.org\/fr\/wp-json\/wp\/v2\/network?post=9667"},{"taxonomy":"eventcategory","embeddable":true,"href":"https:\/\/mwc-cmm.org\/fr\/wp-json\/wp\/v2\/eventcategory?post=9667"}],"curies":[{"name":"wp","href":"https:\/\/api.w.org\/{rel}","templated":true}]}}