{"id":9664,"date":"2014-12-19T00:00:00","date_gmt":"2014-12-19T00:00:00","guid":{"rendered":"https:\/\/mwc-cmm.org\/islamic-state-terror-does-not-render-pacifism-obsolete-declares-faculty-at-european-mennonite-seminary-4\/"},"modified":"2024-12-10T17:13:13","modified_gmt":"2024-12-10T17:13:13","slug":"islamic-state-terror-does-not-render-pacifism-obsolete-declares-faculty-at-european-mennonite-seminary-4","status":"publish","type":"post","link":"https:\/\/mwc-cmm.org\/fr\/stories\/islamic-state-terror-does-not-render-pacifism-obsolete-declares-faculty-at-european-mennonite-seminary-4\/","title":{"rendered":"Le terrorisme de l\u2019EI (\u00c9tat Islamique) ne rend pas nos convictions pacifistes illusoires, d\u00e9clare le coll\u00e8ge enseignant du S\u00e9minaire biblique europ\u00e9en"},"content":{"rendered":"<p>Liestal, Suisse \u2013 \u00ab Profond\u00e9ment \u00e9branl\u00e9s \u00bb par le terrorisme des milices de l\u2019EI (\u00c9tat Islamique) en Irak et en Syrie, \u00ab nous croyons malgr\u00e9 tout que dans cette situation, des convictions pacifistes de sont pas devenues illusoires \u00bb, affirme le coll\u00e8ge enseignant du Centre de formation du Bienenberg dans une d\u00e9claration le 16 septembre 2014.<\/p>\n<p>La d\u00e9claration, intitul\u00e9e \u00ab Combattre la violence par la violence? \u00bb met en question l\u2019appui grandissant \u00e0 l\u2019\u00e9gard des interventions militaires consid\u00e9r\u00e9es comme \u00ab une prise de responsabilit\u00e9 conforme \u00e0 la foi chr\u00e9tienne \u00bb.<\/p>\n<p>\u00ab  La th\u00e9ologie de la paix n\u2019est pas synonyme de passivit\u00e9 ni d\u2019indiff\u00e9rence \u00bb d\u00e9clare le coll\u00e8ge enseignant. \u00ab Nous sommes convaincus qu\u2019il faut affronter le mal \u00bb et ils recommandent d\u2019autres moyens d\u2019agir : la pri\u00e8re, des interventions pacifiques non-violentes, l\u2019aide aux r\u00e9fugi\u00e9s et l\u2019engagement des forces polici\u00e8res.<\/p>\n<p>La d\u00e9claration r\u00e9pond \u00e0 l\u2019objection qui avance que le pacifisme chr\u00e9tien est \u00ab irr\u00e9aliste et na\u00eff \u00bb. La d\u00e9claration conteste \u00e9galement les personnes qui extrapolent \u00e0 partir de textes bibliques pour d\u00e9clarer que \u00ab la violence serait parfois n\u00e9cessaire \u00bb, mais se r\u00e9f\u00e8re plut\u00f4t \u00e0 Dieu qui a d\u00e9nonc\u00e9 la \u00ab logique de la violence \u00bb par la mort et la r\u00e9surrection de J\u00e9sus.<\/p>\n<p>\u00ab Nous savons qu\u2019il est facile de parler quand on se trouve \u00e0 une distance confortable des confrontations et de leurs cort\u00e8ges de violences \u00bb reconna\u00eet le coll\u00e8ge enseignant dans la d\u00e9claration. \u00ab Pourtant, nous ne voulons pas nous laisser paralyser par l\u2019impuissance et la r\u00e9signation. Nous voulons continuer \u00e0 participer \u00e0 la recherche de la paix (Hb 12,14), humblement et avec l\u2019aide de l\u2019Esprit de Dieu. \u00bb<\/p>\n<p>Bienenberg est une \u00e9cole fond\u00e9e par les \u00c9glises mennonites de France, d\u2019Allemagne et de Suisse.<\/p>\n<p>Pour lire l\u2019int\u00e9gralit\u00e9 de la d\u00e9claration, <a href=\"\/sites\/default\/files\/website_files\/bienenberg_statement_fr_corr.pdf\">cliquez ici<\/a>.<\/p>\n<p><em>Communiqu\u00e9 de la CMM<\/em><\/p><\/p>\n","protected":false},"excerpt":{"rendered":"<p>NULL<\/p>\n","protected":false},"author":1,"featured_media":91034,"comment_status":"closed","ping_status":"closed","sticky":false,"template":"","format":"standard","meta":{"_acf_changed":false,"footnotes":""},"categories":[7],"tags":[],"network":[],"eventcategory":[],"class_list":["post-9664","post","type-post","status-publish","format-standard","has-post-thumbnail","hentry","category-non-classifiee"],"acf":[],"yoast_head":"<!-- This site is optimized with the Yoast SEO plugin v27.5 - https:\/\/yoast.com\/product\/yoast-seo-wordpress\/ -->\n<title>Le terrorisme de l\u2019EI (\u00c9tat Islamique) ne rend pas nos convictions pacifistes illusoires, d\u00e9clare le coll\u00e8ge enseignant du S\u00e9minaire biblique europ\u00e9en - Mennonite World Conference<\/title>\n<meta name=\"robots\" content=\"index, follow, max-snippet:-1, max-image-preview:large, max-video-preview:-1\" \/>\n<link rel=\"canonical\" href=\"https:\/\/mwc-cmm.org\/en\/stories\/islamic-state-terror-does-not-render-pacifism-obsolete-declares-faculty-european-mennonite\/\" \/>\n<meta property=\"og:locale\" content=\"fr_FR\" \/>\n<meta property=\"og:type\" content=\"article\" \/>\n<meta property=\"og:title\" content=\"Le terrorisme de l\u2019EI (\u00c9tat Islamique) ne rend pas nos convictions pacifistes illusoires, d\u00e9clare le coll\u00e8ge enseignant du S\u00e9minaire biblique europ\u00e9en - Mennonite World Conference\" \/>\n<meta property=\"og:description\" content=\"NULL\" \/>\n<meta property=\"og:url\" content=\"https:\/\/mwc-cmm.org\/en\/stories\/islamic-state-terror-does-not-render-pacifism-obsolete-declares-faculty-european-mennonite\/\" \/>\n<meta property=\"og:site_name\" content=\"Mennonite World Conference\" \/>\n<meta property=\"article:publisher\" content=\"https:\/\/www.facebook.com\/MennoniteWorldConference\" \/>\n<meta property=\"article:published_time\" content=\"2014-12-19T00:00:00+00:00\" \/>\n<meta property=\"article:modified_time\" content=\"2024-12-10T17:13:13+00:00\" \/>\n<meta property=\"og:image\" content=\"https:\/\/mwc-cmm.org\/wp-content\/uploads\/2024\/11\/img_6825-scaled.jpg\" \/>\n\t<meta property=\"og:image:width\" content=\"2560\" \/>\n\t<meta property=\"og:image:height\" content=\"1707\" \/>\n\t<meta property=\"og:image:type\" content=\"image\/jpeg\" \/>\n<meta name=\"author\" content=\"mennworldcon\" \/>\n<script type=\"application\/ld+json\" class=\"yoast-schema-graph\">{\"@context\":\"https:\\\/\\\/schema.org\",\"@graph\":[{\"@type\":\"Article\",\"@id\":\"https:\\\/\\\/mwc-cmm.org\\\/en\\\/stories\\\/islamic-state-terror-does-not-render-pacifism-obsolete-declares-faculty-european-mennonite\\\/#article\",\"isPartOf\":{\"@id\":\"https:\\\/\\\/mwc-cmm.org\\\/en\\\/stories\\\/islamic-state-terror-does-not-render-pacifism-obsolete-declares-faculty-european-mennonite\\\/\"},\"author\":{\"name\":\"mennworldcon\",\"@id\":\"https:\\\/\\\/mwc-cmm.org\\\/en\\\/#\\\/schema\\\/person\\\/11f6ae0d7d1868ba20a1cc27f067c836\"},\"headline\":\"Le terrorisme de l\u2019EI (\u00c9tat Islamique) ne rend pas nos convictions pacifistes illusoires, d\u00e9clare le coll\u00e8ge enseignant du S\u00e9minaire biblique europ\u00e9en\",\"datePublished\":\"2014-12-19T00:00:00+00:00\",\"dateModified\":\"2024-12-10T17:13:13+00:00\",\"mainEntityOfPage\":{\"@id\":\"https:\\\/\\\/mwc-cmm.org\\\/en\\\/stories\\\/islamic-state-terror-does-not-render-pacifism-obsolete-declares-faculty-european-mennonite\\\/\"},\"wordCount\":345,\"publisher\":{\"@id\":\"https:\\\/\\\/mwc-cmm.org\\\/en\\\/#organization\"},\"image\":{\"@id\":\"https:\\\/\\\/mwc-cmm.org\\\/en\\\/stories\\\/islamic-state-terror-does-not-render-pacifism-obsolete-declares-faculty-european-mennonite\\\/#primaryimage\"},\"thumbnailUrl\":\"https:\\\/\\\/mwc-cmm.org\\\/wp-content\\\/uploads\\\/2024\\\/11\\\/img_6825-scaled.jpg\",\"articleSection\":[\"Non classifi\u00e9(e)\"],\"inLanguage\":\"fr-FR\"},{\"@type\":\"WebPage\",\"@id\":\"https:\\\/\\\/mwc-cmm.org\\\/en\\\/stories\\\/islamic-state-terror-does-not-render-pacifism-obsolete-declares-faculty-european-mennonite\\\/\",\"url\":\"https:\\\/\\\/mwc-cmm.org\\\/en\\\/stories\\\/islamic-state-terror-does-not-render-pacifism-obsolete-declares-faculty-european-mennonite\\\/\",\"name\":\"Le terrorisme de l\u2019EI (\u00c9tat Islamique) ne rend pas nos convictions pacifistes illusoires, d\u00e9clare le coll\u00e8ge enseignant du S\u00e9minaire biblique europ\u00e9en - Mennonite World Conference\",\"isPartOf\":{\"@id\":\"https:\\\/\\\/mwc-cmm.org\\\/en\\\/#website\"},\"primaryImageOfPage\":{\"@id\":\"https:\\\/\\\/mwc-cmm.org\\\/en\\\/stories\\\/islamic-state-terror-does-not-render-pacifism-obsolete-declares-faculty-european-mennonite\\\/#primaryimage\"},\"image\":{\"@id\":\"https:\\\/\\\/mwc-cmm.org\\\/en\\\/stories\\\/islamic-state-terror-does-not-render-pacifism-obsolete-declares-faculty-european-mennonite\\\/#primaryimage\"},\"thumbnailUrl\":\"https:\\\/\\\/mwc-cmm.org\\\/wp-content\\\/uploads\\\/2024\\\/11\\\/img_6825-scaled.jpg\",\"datePublished\":\"2014-12-19T00:00:00+00:00\",\"dateModified\":\"2024-12-10T17:13:13+00:00\",\"breadcrumb\":{\"@id\":\"https:\\\/\\\/mwc-cmm.org\\\/en\\\/stories\\\/islamic-state-terror-does-not-render-pacifism-obsolete-declares-faculty-european-mennonite\\\/#breadcrumb\"},\"inLanguage\":\"fr-FR\",\"potentialAction\":[{\"@type\":\"ReadAction\",\"target\":[\"https:\\\/\\\/mwc-cmm.org\\\/en\\\/stories\\\/islamic-state-terror-does-not-render-pacifism-obsolete-declares-faculty-european-mennonite\\\/\"]}]},{\"@type\":\"ImageObject\",\"inLanguage\":\"fr-FR\",\"@id\":\"https:\\\/\\\/mwc-cmm.org\\\/en\\\/stories\\\/islamic-state-terror-does-not-render-pacifism-obsolete-declares-faculty-european-mennonite\\\/#primaryimage\",\"url\":\"https:\\\/\\\/mwc-cmm.org\\\/wp-content\\\/uploads\\\/2024\\\/11\\\/img_6825-scaled.jpg\",\"contentUrl\":\"https:\\\/\\\/mwc-cmm.org\\\/wp-content\\\/uploads\\\/2024\\\/11\\\/img_6825-scaled.jpg\",\"width\":2560,\"height\":1707},{\"@type\":\"BreadcrumbList\",\"@id\":\"https:\\\/\\\/mwc-cmm.org\\\/en\\\/stories\\\/islamic-state-terror-does-not-render-pacifism-obsolete-declares-faculty-european-mennonite\\\/#breadcrumb\",\"itemListElement\":[{\"@type\":\"ListItem\",\"position\":1,\"name\":\"Home\",\"item\":\"https:\\\/\\\/mwc-cmm.org\\\/fr\\\/\"},{\"@type\":\"ListItem\",\"position\":2,\"name\":\"Le terrorisme de l\u2019EI (\u00c9tat Islamique) ne rend pas nos convictions pacifistes illusoires, d\u00e9clare le coll\u00e8ge enseignant du S\u00e9minaire biblique europ\u00e9en\"}]},{\"@type\":\"WebSite\",\"@id\":\"https:\\\/\\\/mwc-cmm.org\\\/en\\\/#website\",\"url\":\"https:\\\/\\\/mwc-cmm.org\\\/en\\\/\",\"name\":\"Mennonite World Conference\",\"description\":\"A communion of Anabaptist-related churches\",\"publisher\":{\"@id\":\"https:\\\/\\\/mwc-cmm.org\\\/en\\\/#organization\"},\"alternateName\":\"MWC\",\"potentialAction\":[{\"@type\":\"SearchAction\",\"target\":{\"@type\":\"EntryPoint\",\"urlTemplate\":\"https:\\\/\\\/mwc-cmm.org\\\/en\\\/?s={search_term_string}\"},\"query-input\":{\"@type\":\"PropertyValueSpecification\",\"valueRequired\":true,\"valueName\":\"search_term_string\"}}],\"inLanguage\":\"fr-FR\"},{\"@type\":\"Organization\",\"@id\":\"https:\\\/\\\/mwc-cmm.org\\\/en\\\/#organization\",\"name\":\"Mennonite World Conference\",\"alternateName\":\"MWC\",\"url\":\"https:\\\/\\\/mwc-cmm.org\\\/en\\\/\",\"logo\":{\"@type\":\"ImageObject\",\"inLanguage\":\"fr-FR\",\"@id\":\"https:\\\/\\\/mwc-cmm.org\\\/en\\\/#\\\/schema\\\/logo\\\/image\\\/\",\"url\":\"https:\\\/\\\/mwc-cmm.org\\\/wp-content\\\/uploads\\\/2026\\\/01\\\/MWC_Sig_Blue_Horiz_webheader1-logo.svg\",\"contentUrl\":\"https:\\\/\\\/mwc-cmm.org\\\/wp-content\\\/uploads\\\/2026\\\/01\\\/MWC_Sig_Blue_Horiz_webheader1-logo.svg\",\"width\":786,\"height\":82,\"caption\":\"Mennonite World Conference\"},\"image\":{\"@id\":\"https:\\\/\\\/mwc-cmm.org\\\/en\\\/#\\\/schema\\\/logo\\\/image\\\/\"},\"sameAs\":[\"https:\\\/\\\/www.facebook.com\\\/MennoniteWorldConference\",\"https:\\\/\\\/www.linkedin.com\\\/company\\\/mennonite-world-conference-mwc\\\/\",\"https:\\\/\\\/www.instagram.com\\\/mwcmm\\\/\",\"https:\\\/\\\/www.youtube.com\\\/user\\\/mwccmm\",\"https:\\\/\\\/bsky.app\\\/profile\\\/mwcmm.bsky.social\"]},{\"@type\":\"Person\",\"@id\":\"https:\\\/\\\/mwc-cmm.org\\\/en\\\/#\\\/schema\\\/person\\\/11f6ae0d7d1868ba20a1cc27f067c836\",\"name\":\"mennworldcon\",\"image\":{\"@type\":\"ImageObject\",\"inLanguage\":\"fr-FR\",\"@id\":\"https:\\\/\\\/secure.gravatar.com\\\/avatar\\\/06fdc0dc81c157dfdb82ec42f252178a22307808988d22c043f9eb96f1e0fe80?s=96&d=mm&r=g\",\"url\":\"https:\\\/\\\/secure.gravatar.com\\\/avatar\\\/06fdc0dc81c157dfdb82ec42f252178a22307808988d22c043f9eb96f1e0fe80?s=96&d=mm&r=g\",\"contentUrl\":\"https:\\\/\\\/secure.gravatar.com\\\/avatar\\\/06fdc0dc81c157dfdb82ec42f252178a22307808988d22c043f9eb96f1e0fe80?s=96&d=mm&r=g\",\"caption\":\"mennworldcon\"},\"sameAs\":[\"https:\\\/\\\/mwc-cmm.org\"],\"url\":\"https:\\\/\\\/mwc-cmm.org\\\/fr\\\/stories\\\/author\\\/mennworldcon\\\/\"}]}<\/script>\n<!-- \/ Yoast SEO plugin. -->","yoast_head_json":{"title":"Le terrorisme de l\u2019EI (\u00c9tat Islamique) ne rend pas nos convictions pacifistes illusoires, d\u00e9clare le coll\u00e8ge enseignant du S\u00e9minaire biblique europ\u00e9en - Mennonite World Conference","robots":{"index":"index","follow":"follow","max-snippet":"max-snippet:-1","max-image-preview":"max-image-preview:large","max-video-preview":"max-video-preview:-1"},"canonical":"https:\/\/mwc-cmm.org\/en\/stories\/islamic-state-terror-does-not-render-pacifism-obsolete-declares-faculty-european-mennonite\/","og_locale":"fr_FR","og_type":"article","og_title":"Le terrorisme de l\u2019EI (\u00c9tat Islamique) ne rend pas nos convictions pacifistes illusoires, d\u00e9clare le coll\u00e8ge enseignant du S\u00e9minaire biblique europ\u00e9en - Mennonite World Conference","og_description":"NULL","og_url":"https:\/\/mwc-cmm.org\/en\/stories\/islamic-state-terror-does-not-render-pacifism-obsolete-declares-faculty-european-mennonite\/","og_site_name":"Mennonite World Conference","article_publisher":"https:\/\/www.facebook.com\/MennoniteWorldConference","article_published_time":"2014-12-19T00:00:00+00:00","article_modified_time":"2024-12-10T17:13:13+00:00","og_image":[{"width":2560,"height":1707,"url":"https:\/\/mwc-cmm.org\/wp-content\/uploads\/2024\/11\/img_6825-scaled.jpg","type":"image\/jpeg"}],"author":"mennworldcon","schema":{"@context":"https:\/\/schema.org","@graph":[{"@type":"Article","@id":"https:\/\/mwc-cmm.org\/en\/stories\/islamic-state-terror-does-not-render-pacifism-obsolete-declares-faculty-european-mennonite\/#article","isPartOf":{"@id":"https:\/\/mwc-cmm.org\/en\/stories\/islamic-state-terror-does-not-render-pacifism-obsolete-declares-faculty-european-mennonite\/"},"author":{"name":"mennworldcon","@id":"https:\/\/mwc-cmm.org\/en\/#\/schema\/person\/11f6ae0d7d1868ba20a1cc27f067c836"},"headline":"Le terrorisme de l\u2019EI (\u00c9tat Islamique) ne rend pas nos convictions pacifistes illusoires, d\u00e9clare le coll\u00e8ge enseignant du S\u00e9minaire biblique europ\u00e9en","datePublished":"2014-12-19T00:00:00+00:00","dateModified":"2024-12-10T17:13:13+00:00","mainEntityOfPage":{"@id":"https:\/\/mwc-cmm.org\/en\/stories\/islamic-state-terror-does-not-render-pacifism-obsolete-declares-faculty-european-mennonite\/"},"wordCount":345,"publisher":{"@id":"https:\/\/mwc-cmm.org\/en\/#organization"},"image":{"@id":"https:\/\/mwc-cmm.org\/en\/stories\/islamic-state-terror-does-not-render-pacifism-obsolete-declares-faculty-european-mennonite\/#primaryimage"},"thumbnailUrl":"https:\/\/mwc-cmm.org\/wp-content\/uploads\/2024\/11\/img_6825-scaled.jpg","articleSection":["Non classifi\u00e9(e)"],"inLanguage":"fr-FR"},{"@type":"WebPage","@id":"https:\/\/mwc-cmm.org\/en\/stories\/islamic-state-terror-does-not-render-pacifism-obsolete-declares-faculty-european-mennonite\/","url":"https:\/\/mwc-cmm.org\/en\/stories\/islamic-state-terror-does-not-render-pacifism-obsolete-declares-faculty-european-mennonite\/","name":"Le terrorisme de l\u2019EI (\u00c9tat Islamique) ne rend pas nos convictions pacifistes illusoires, d\u00e9clare le coll\u00e8ge enseignant du S\u00e9minaire biblique europ\u00e9en - Mennonite World Conference","isPartOf":{"@id":"https:\/\/mwc-cmm.org\/en\/#website"},"primaryImageOfPage":{"@id":"https:\/\/mwc-cmm.org\/en\/stories\/islamic-state-terror-does-not-render-pacifism-obsolete-declares-faculty-european-mennonite\/#primaryimage"},"image":{"@id":"https:\/\/mwc-cmm.org\/en\/stories\/islamic-state-terror-does-not-render-pacifism-obsolete-declares-faculty-european-mennonite\/#primaryimage"},"thumbnailUrl":"https:\/\/mwc-cmm.org\/wp-content\/uploads\/2024\/11\/img_6825-scaled.jpg","datePublished":"2014-12-19T00:00:00+00:00","dateModified":"2024-12-10T17:13:13+00:00","breadcrumb":{"@id":"https:\/\/mwc-cmm.org\/en\/stories\/islamic-state-terror-does-not-render-pacifism-obsolete-declares-faculty-european-mennonite\/#breadcrumb"},"inLanguage":"fr-FR","potentialAction":[{"@type":"ReadAction","target":["https:\/\/mwc-cmm.org\/en\/stories\/islamic-state-terror-does-not-render-pacifism-obsolete-declares-faculty-european-mennonite\/"]}]},{"@type":"ImageObject","inLanguage":"fr-FR","@id":"https:\/\/mwc-cmm.org\/en\/stories\/islamic-state-terror-does-not-render-pacifism-obsolete-declares-faculty-european-mennonite\/#primaryimage","url":"https:\/\/mwc-cmm.org\/wp-content\/uploads\/2024\/11\/img_6825-scaled.jpg","contentUrl":"https:\/\/mwc-cmm.org\/wp-content\/uploads\/2024\/11\/img_6825-scaled.jpg","width":2560,"height":1707},{"@type":"BreadcrumbList","@id":"https:\/\/mwc-cmm.org\/en\/stories\/islamic-state-terror-does-not-render-pacifism-obsolete-declares-faculty-european-mennonite\/#breadcrumb","itemListElement":[{"@type":"ListItem","position":1,"name":"Home","item":"https:\/\/mwc-cmm.org\/fr\/"},{"@type":"ListItem","position":2,"name":"Le terrorisme de l\u2019EI (\u00c9tat Islamique) ne rend pas nos convictions pacifistes illusoires, d\u00e9clare le coll\u00e8ge enseignant du S\u00e9minaire biblique europ\u00e9en"}]},{"@type":"WebSite","@id":"https:\/\/mwc-cmm.org\/en\/#website","url":"https:\/\/mwc-cmm.org\/en\/","name":"Mennonite World Conference","description":"A communion of Anabaptist-related churches","publisher":{"@id":"https:\/\/mwc-cmm.org\/en\/#organization"},"alternateName":"MWC","potentialAction":[{"@type":"SearchAction","target":{"@type":"EntryPoint","urlTemplate":"https:\/\/mwc-cmm.org\/en\/?s={search_term_string}"},"query-input":{"@type":"PropertyValueSpecification","valueRequired":true,"valueName":"search_term_string"}}],"inLanguage":"fr-FR"},{"@type":"Organization","@id":"https:\/\/mwc-cmm.org\/en\/#organization","name":"Mennonite World Conference","alternateName":"MWC","url":"https:\/\/mwc-cmm.org\/en\/","logo":{"@type":"ImageObject","inLanguage":"fr-FR","@id":"https:\/\/mwc-cmm.org\/en\/#\/schema\/logo\/image\/","url":"https:\/\/mwc-cmm.org\/wp-content\/uploads\/2026\/01\/MWC_Sig_Blue_Horiz_webheader1-logo.svg","contentUrl":"https:\/\/mwc-cmm.org\/wp-content\/uploads\/2026\/01\/MWC_Sig_Blue_Horiz_webheader1-logo.svg","width":786,"height":82,"caption":"Mennonite World Conference"},"image":{"@id":"https:\/\/mwc-cmm.org\/en\/#\/schema\/logo\/image\/"},"sameAs":["https:\/\/www.facebook.com\/MennoniteWorldConference","https:\/\/www.linkedin.com\/company\/mennonite-world-conference-mwc\/","https:\/\/www.instagram.com\/mwcmm\/","https:\/\/www.youtube.com\/user\/mwccmm","https:\/\/bsky.app\/profile\/mwcmm.bsky.social"]},{"@type":"Person","@id":"https:\/\/mwc-cmm.org\/en\/#\/schema\/person\/11f6ae0d7d1868ba20a1cc27f067c836","name":"mennworldcon","image":{"@type":"ImageObject","inLanguage":"fr-FR","@id":"https:\/\/secure.gravatar.com\/avatar\/06fdc0dc81c157dfdb82ec42f252178a22307808988d22c043f9eb96f1e0fe80?s=96&d=mm&r=g","url":"https:\/\/secure.gravatar.com\/avatar\/06fdc0dc81c157dfdb82ec42f252178a22307808988d22c043f9eb96f1e0fe80?s=96&d=mm&r=g","contentUrl":"https:\/\/secure.gravatar.com\/avatar\/06fdc0dc81c157dfdb82ec42f252178a22307808988d22c043f9eb96f1e0fe80?s=96&d=mm&r=g","caption":"mennworldcon"},"sameAs":["https:\/\/mwc-cmm.org"],"url":"https:\/\/mwc-cmm.org\/fr\/stories\/author\/mennworldcon\/"}]}},"_links":{"self":[{"href":"https:\/\/mwc-cmm.org\/fr\/wp-json\/wp\/v2\/posts\/9664","targetHints":{"allow":["GET"]}}],"collection":[{"href":"https:\/\/mwc-cmm.org\/fr\/wp-json\/wp\/v2\/posts"}],"about":[{"href":"https:\/\/mwc-cmm.org\/fr\/wp-json\/wp\/v2\/types\/post"}],"author":[{"embeddable":true,"href":"https:\/\/mwc-cmm.org\/fr\/wp-json\/wp\/v2\/users\/1"}],"replies":[{"embeddable":true,"href":"https:\/\/mwc-cmm.org\/fr\/wp-json\/wp\/v2\/comments?post=9664"}],"version-history":[{"count":0,"href":"https:\/\/mwc-cmm.org\/fr\/wp-json\/wp\/v2\/posts\/9664\/revisions"}],"wp:featuredmedia":[{"embeddable":true,"href":"https:\/\/mwc-cmm.org\/fr\/wp-json\/wp\/v2\/media\/91034"}],"wp:attachment":[{"href":"https:\/\/mwc-cmm.org\/fr\/wp-json\/wp\/v2\/media?parent=9664"}],"wp:term":[{"taxonomy":"category","embeddable":true,"href":"https:\/\/mwc-cmm.org\/fr\/wp-json\/wp\/v2\/categories?post=9664"},{"taxonomy":"post_tag","embeddable":true,"href":"https:\/\/mwc-cmm.org\/fr\/wp-json\/wp\/v2\/tags?post=9664"},{"taxonomy":"network","embeddable":true,"href":"https:\/\/mwc-cmm.org\/fr\/wp-json\/wp\/v2\/network?post=9664"},{"taxonomy":"eventcategory","embeddable":true,"href":"https:\/\/mwc-cmm.org\/fr\/wp-json\/wp\/v2\/eventcategory?post=9664"}],"curies":[{"name":"wp","href":"https:\/\/api.w.org\/{rel}","templated":true}]}}