{"id":9663,"date":"2014-11-26T00:00:00","date_gmt":"2014-11-26T00:00:00","guid":{"rendered":"https:\/\/mwc-cmm.org\/global-youth-summit-to-precede-pa-2015-assembly-4\/"},"modified":"2024-12-10T17:13:12","modified_gmt":"2024-12-10T17:13:12","slug":"global-youth-summit-to-precede-pa-2015-assembly-4","status":"publish","type":"post","link":"https:\/\/mwc-cmm.org\/fr\/stories\/global-youth-summit-to-precede-pa-2015-assembly-4\/","title":{"rendered":"Le Sommet Mondial de la Jeunesse pr\u00e9c\u00e8dera le Rassemblement PA 2015"},"content":{"rendered":"<p>Harrisburg, Pennsylvanie, \u00c9tats-Unis \u2013 Un groupe international de jeunes anabaptistes, appel\u00e9 le Comit\u00e9 YABs en abr\u00e9g\u00e9, est en pleine pr\u00e9paration du prochain Sommet Mondial de la Jeunesse (<em>GYS-<\/em> <em>Global Youth Summit<\/em>) qui pr\u00e9c\u00e8dera le prochain Rassemblement de la Conf\u00e9rence Mennonite Mondiale.<\/p>\n<p>Le Comit\u00e9 YABs, en tant que comit\u00e9 officiel de la jeunesse de la CMM, planifie des cultes d\u2019adoration tr\u00e8s diversifi\u00e9s avec des sessions pr\u00e9par\u00e9es et dirig\u00e9es par les divers continents, des discussions, des ateliers, des temps fraternels, du temps libre, des jeux, des concerts, des activit\u00e9s de fin de soir\u00e9e et du sport. (GYS s\u2019adresse aux jeunes de 18 ans et plus, contrairement aux conventions pour jeunes en Am\u00e9rique du Nord qui s\u2019adressent plut\u00f4t aux adolescents.)<\/p>\n<p>Le Sommet Mondial de la Jeunesse (GYS) d\u00e9butera le vendredi matin 17 juillet 2015 au Messiah College \u00e0 Mechanicsburg en Pennsylvanie, de l\u2019autre c\u00f4t\u00e9 de la rivi\u00e8re Susquehanna en face d\u2019Harrisburg, site du Rassemblement du 21 au 26 juillet. Le GYS se terminera le dimanche soir 19 juillet.<\/p>\n<p><strong>L\u2019exp\u00e9rience GYS<\/strong><\/p>\n<p>Kristina Toews du Canada, qui a particip\u00e9 au Sommet Mondial de la Jeunesse au Paraguay, a dit r\u00e9cemment que la plus belle chose \u00e0 propos du GYS est \u00ab de rencontrer de nouvelles personnes, d\u2019entendre parler de leur vie et d\u2019apprendre les uns des autres. J\u2019ai \u00e9t\u00e9 \u00e9merveill\u00e9e de voir mes pairs avec la passion de vivre leur foi et de faire partie d\u2019une \u00c9glise repr\u00e9sent\u00e9e par tant de pays, de langues et de cultures. \u00bb<\/p>\n<p>Le Comit\u00e9 YABs d\u00e9finit le Sommet Mondial de la Jeunesse comme \u00ab la rencontre des jeunes anabaptistes de 18 ans et plus du monde entier. \u00bb Pendant les trois jours pass\u00e9s ensemble, ils \u00ab \u00e9coutent Dieu, \u00e9changent de l\u2019information et des exp\u00e9riences, entendent parler des difficult\u00e9s des autres pays et continents, se b\u00e9nissent mutuellement et voient leur foi s\u2019enrichir. \u00bb<\/p>\n<p>Ayub Omondi, du Kenya, membre du Comit\u00e9 YABs \u00e0 titre de mentor, dit du dernier GYS au Paraguay : \u00ab J\u2019ai \u00e9t\u00e9 tellement enrichi par les cultes des autres pays et continents. Quand les Asiatiques pr\u00e9paraient le culte, j\u2019\u00e9tais touch\u00e9 d\u2019une mani\u00e8re diff\u00e9rente que d\u2019habitude. Quand les Europ\u00e9ens dirigeaient le culte, j\u2019apprenais quelque chose de nouveau!<\/p>\n<p>J\u2019ai \u00e9t\u00e9 stimul\u00e9 m\u00eame en ce qui concerne l\u2019h\u00e9bergement. Mon compagnon de chambre venait du Congo et parlait fran\u00e7ais. Je suis K\u00e9nyan et je parle anglais. Nous utilisions le langage des signes pour communiquer entre nous dans notre chambre et c\u2019est devenu tr\u00e8s dr\u00f4le! \u00bb<\/p>\n<p>Rodrigo Pedroza Garc\u00eda, du Mexique et pr\u00e9sident du Comit\u00e9 YABs, conseille vivement aux jeunes adultes de ne pas manquer la matin\u00e9e d\u2019ouverture du GYS pour avoir une vue d\u2019ensemble de l\u2019\u00e9v\u00e9nement. \u00ab Nous aurons un culte d\u2019adoration court suivi d\u2019un moment plus informel o\u00f9 nous inviterons les jeunes \u00e0 se m\u00ealer aux autres et \u00e0 \u00e9changer. C\u2019est l\u2019objectif principal de la matin\u00e9e. Nous aurons toutes sortes d\u2019activit\u00e9s, du sport, des casse-cro\u00fbtes et des jeux.<\/p>\n<p>\u00ab Pendant un GYS, j\u2019ai trouv\u00e9 qu\u2019il est possible d\u2019ouvrir son c\u0153ur au-del\u00e0 des fronti\u00e8res de la g\u00e9ographie, de la race, de la langue et de la classe sociale. Nous avons la <em>sensation<\/em> d\u2019\u00eatre le corps de Christ. Cette \u2018nouvelle humanit\u00e9\u2018 est r\u00e9elle et merveilleuse quand nous nous r\u00e9unissons pour adorer le Seigneur sans porter notre attention sur nos origines. Quand nous sommes ainsi r\u00e9unis, nous exp\u00e9rimentons l\u2019unit\u00e9 de notre identit\u00e9 anabaptiste au sein de notre pluralit\u00e9! \u00bb<\/p>\n<p><strong>GYS comprend aussi des d\u00e9l\u00e9gu\u00e9s<\/strong><\/p>\n<p>Chaque confession d\u2019\u00e9glises membre de la CMM est invit\u00e9e \u00e0 envoyer un(e) jeune adulte \u00e0 titre de d\u00e9l\u00e9gu\u00e9 pour assurer une bonne repr\u00e9sentation des \u00c9glises anabaptistes de partout dans le monde et stimuler le leadership des jeunes qui assistent au GYS. Les d\u00e9l\u00e9gu\u00e9s doivent \u00eatre des membres actifs de leur \u00c9glise et, id\u00e9alement, \u00eatre aussi impliqu\u00e9s dans le travail aupr\u00e8s des jeunes. Chaque d\u00e9l\u00e9gu\u00e9 doit \u00eatre recommand\u00e9 par la jeunesse et le pasteur de son \u00c9glise locale.<\/p>\n<p>Les bons d\u00e9l\u00e9gu\u00e9s, dit le Comit\u00e9 YABs, sont \u00ab d\u00e9termin\u00e9s \u00e0 servir et poss\u00e8dent des qualit\u00e9s de leadership; ils sont des personnes qui savent \u00e9couter, apprendre et parler; ils ont aussi un acc\u00e8s au courrier \u00e9lectronique ou le moyen de rester en contact avec les d\u00e9l\u00e9gu\u00e9s et les autres jeunes anabaptistes apr\u00e8s le GYS. \u00bb<\/p>\n<p>\u00catre d\u00e9l\u00e9gu\u00e9, ce n\u2019est pas une t\u00e2che bidon. Avant de venir au GYS, chaque d\u00e9l\u00e9gu\u00e9 doit s\u2019entretenir avec au moins 50 jeunes anabaptistes de sa confession d\u2019\u00e9glises sur le th\u00e8me du GYS. (Le th\u00e8me du Sommet Mondial de la Jeunesse 2015 est \u00ab Appel\u00e9s \u00e0 partager : mes dons, nos dons \u00bb)<\/p>\n<p>Pendant le GYS, les d\u00e9l\u00e9gu\u00e9s se r\u00e9unissent parfois avec leur groupe continental, parfois avec des groupes intercontinentaux pour parler des difficult\u00e9s, des joies et des ressources propres \u00e0 leur milieu. Ils se m\u00ealent aussi aux autres participants du GYS pour parler de leurs r\u00eaves pour l\u2019\u00c9glise.<\/p>\n<p>Les d\u00e9l\u00e9gu\u00e9s sont aussi responsables de planifier le culte d\u2019adoration qui sera c\u00e9l\u00e9br\u00e9 au GYS par leur continent respectif avec la participation de personnes de leur r\u00e9gion. \u00ab Les cultes d\u2019adoration sont les moments forts du GYS et une fa\u00e7on extraordinaire de voir comment Dieu nous a donn\u00e9 un don. Mon exp\u00e9rience est que nous progressons plus pr\u00e8s de Dieu quand on d\u00e9couvre la diversit\u00e9 dans laquelle nos fr\u00e8res et nos s\u0153urs adorent Dieu. \u00bb<\/p>\n<p><strong>L\u2019assistance pr\u00e9vue au GYS 2015<\/strong><\/p>\n<p>En 2003, au Zimbabwe, plus de 220 jeunes adultes de 28 pays ont assist\u00e9 au premier GYS. Plus de 700 ont assist\u00e9 au deuxi\u00e8me GYS au Paraguay en 2009. Ils provenaient d\u2019au moins 34 pays.<\/p>\n<p>\u00ab Pour le troisi\u00e8me GYS qui aura lieu en 2015, nous esp\u00e9rons recevoir de 600 \u00e0 1000 inscriptions \u00bb, dit Kristina Toews.<\/p>\n<p>Pour plus d\u2019informations sur GYS, les activit\u00e9s et l\u2019inscription, allez \u00e0 <a href=\"http:\/\/www.mwc-cmm.org\/gys\">www.mwc-cmm.org\/gys<\/a>.<\/p>\n<p><em>Communiqu\u00e9 de la CMM par Phyllis Pellman Good, Lancaster, PA, auteur et r\u00e9dactrice pour la Conf\u00e9rence Mennonite Mondiale<\/em><\/p>\n<\/p><\/p>\n","protected":false},"excerpt":{"rendered":"<p>NULL<\/p>\n","protected":false},"author":1,"featured_media":86246,"comment_status":"closed","ping_status":"closed","sticky":false,"template":"","format":"standard","meta":{"_acf_changed":false,"footnotes":""},"categories":[7],"tags":[],"network":[1285],"eventcategory":[],"class_list":["post-9663","post","type-post","status-publish","format-standard","has-post-thumbnail","hentry","category-non-classifiee","network-young-anabaptists-fr"],"acf":[],"yoast_head":"<!-- This site is optimized with the Yoast SEO plugin v27.5 - https:\/\/yoast.com\/product\/yoast-seo-wordpress\/ -->\n<title>Le Sommet Mondial de la Jeunesse pr\u00e9c\u00e8dera le Rassemblement PA 2015 - Mennonite World Conference<\/title>\n<meta name=\"robots\" content=\"index, follow, max-snippet:-1, max-image-preview:large, max-video-preview:-1\" \/>\n<link rel=\"canonical\" href=\"https:\/\/mwc-cmm.org\/en\/stories\/global-youth-summit-to-precede-pa-2015-assembly\/\" \/>\n<meta property=\"og:locale\" content=\"fr_FR\" \/>\n<meta property=\"og:type\" content=\"article\" \/>\n<meta property=\"og:title\" content=\"Le Sommet Mondial de la Jeunesse pr\u00e9c\u00e8dera le Rassemblement PA 2015 - Mennonite World Conference\" \/>\n<meta property=\"og:description\" content=\"NULL\" \/>\n<meta property=\"og:url\" content=\"https:\/\/mwc-cmm.org\/en\/stories\/global-youth-summit-to-precede-pa-2015-assembly\/\" \/>\n<meta property=\"og:site_name\" content=\"Mennonite World Conference\" \/>\n<meta property=\"article:publisher\" content=\"https:\/\/www.facebook.com\/MennoniteWorldConference\" \/>\n<meta property=\"article:published_time\" content=\"2014-11-26T00:00:00+00:00\" \/>\n<meta property=\"article:modified_time\" content=\"2024-12-10T17:13:12+00:00\" \/>\n<meta property=\"og:image\" content=\"https:\/\/mwc-cmm.org\/wp-content\/uploads\/2024\/11\/yabs_mtg_2013_cropped.jpg\" \/>\n\t<meta property=\"og:image:width\" content=\"2188\" \/>\n\t<meta property=\"og:image:height\" content=\"1209\" \/>\n\t<meta property=\"og:image:type\" content=\"image\/jpeg\" \/>\n<meta name=\"author\" content=\"mennworldcon\" \/>\n<script type=\"application\/ld+json\" class=\"yoast-schema-graph\">{\"@context\":\"https:\\\/\\\/schema.org\",\"@graph\":[{\"@type\":\"Article\",\"@id\":\"https:\\\/\\\/mwc-cmm.org\\\/en\\\/stories\\\/global-youth-summit-to-precede-pa-2015-assembly\\\/#article\",\"isPartOf\":{\"@id\":\"https:\\\/\\\/mwc-cmm.org\\\/en\\\/stories\\\/global-youth-summit-to-precede-pa-2015-assembly\\\/\"},\"author\":{\"name\":\"mennworldcon\",\"@id\":\"https:\\\/\\\/mwc-cmm.org\\\/en\\\/#\\\/schema\\\/person\\\/11f6ae0d7d1868ba20a1cc27f067c836\"},\"headline\":\"Le Sommet Mondial de la Jeunesse pr\u00e9c\u00e8dera le Rassemblement PA 2015\",\"datePublished\":\"2014-11-26T00:00:00+00:00\",\"dateModified\":\"2024-12-10T17:13:12+00:00\",\"mainEntityOfPage\":{\"@id\":\"https:\\\/\\\/mwc-cmm.org\\\/en\\\/stories\\\/global-youth-summit-to-precede-pa-2015-assembly\\\/\"},\"wordCount\":1078,\"publisher\":{\"@id\":\"https:\\\/\\\/mwc-cmm.org\\\/en\\\/#organization\"},\"image\":{\"@id\":\"https:\\\/\\\/mwc-cmm.org\\\/en\\\/stories\\\/global-youth-summit-to-precede-pa-2015-assembly\\\/#primaryimage\"},\"thumbnailUrl\":\"https:\\\/\\\/mwc-cmm.org\\\/wp-content\\\/uploads\\\/2024\\\/11\\\/yabs_mtg_2013_cropped.jpg\",\"articleSection\":[\"Non classifi\u00e9(e)\"],\"inLanguage\":\"fr-FR\"},{\"@type\":\"WebPage\",\"@id\":\"https:\\\/\\\/mwc-cmm.org\\\/en\\\/stories\\\/global-youth-summit-to-precede-pa-2015-assembly\\\/\",\"url\":\"https:\\\/\\\/mwc-cmm.org\\\/en\\\/stories\\\/global-youth-summit-to-precede-pa-2015-assembly\\\/\",\"name\":\"Le Sommet Mondial de la Jeunesse pr\u00e9c\u00e8dera le Rassemblement PA 2015 - Mennonite World Conference\",\"isPartOf\":{\"@id\":\"https:\\\/\\\/mwc-cmm.org\\\/en\\\/#website\"},\"primaryImageOfPage\":{\"@id\":\"https:\\\/\\\/mwc-cmm.org\\\/en\\\/stories\\\/global-youth-summit-to-precede-pa-2015-assembly\\\/#primaryimage\"},\"image\":{\"@id\":\"https:\\\/\\\/mwc-cmm.org\\\/en\\\/stories\\\/global-youth-summit-to-precede-pa-2015-assembly\\\/#primaryimage\"},\"thumbnailUrl\":\"https:\\\/\\\/mwc-cmm.org\\\/wp-content\\\/uploads\\\/2024\\\/11\\\/yabs_mtg_2013_cropped.jpg\",\"datePublished\":\"2014-11-26T00:00:00+00:00\",\"dateModified\":\"2024-12-10T17:13:12+00:00\",\"breadcrumb\":{\"@id\":\"https:\\\/\\\/mwc-cmm.org\\\/en\\\/stories\\\/global-youth-summit-to-precede-pa-2015-assembly\\\/#breadcrumb\"},\"inLanguage\":\"fr-FR\",\"potentialAction\":[{\"@type\":\"ReadAction\",\"target\":[\"https:\\\/\\\/mwc-cmm.org\\\/en\\\/stories\\\/global-youth-summit-to-precede-pa-2015-assembly\\\/\"]}]},{\"@type\":\"ImageObject\",\"inLanguage\":\"fr-FR\",\"@id\":\"https:\\\/\\\/mwc-cmm.org\\\/en\\\/stories\\\/global-youth-summit-to-precede-pa-2015-assembly\\\/#primaryimage\",\"url\":\"https:\\\/\\\/mwc-cmm.org\\\/wp-content\\\/uploads\\\/2024\\\/11\\\/yabs_mtg_2013_cropped.jpg\",\"contentUrl\":\"https:\\\/\\\/mwc-cmm.org\\\/wp-content\\\/uploads\\\/2024\\\/11\\\/yabs_mtg_2013_cropped.jpg\",\"width\":2188,\"height\":1209},{\"@type\":\"BreadcrumbList\",\"@id\":\"https:\\\/\\\/mwc-cmm.org\\\/en\\\/stories\\\/global-youth-summit-to-precede-pa-2015-assembly\\\/#breadcrumb\",\"itemListElement\":[{\"@type\":\"ListItem\",\"position\":1,\"name\":\"Home\",\"item\":\"https:\\\/\\\/mwc-cmm.org\\\/fr\\\/\"},{\"@type\":\"ListItem\",\"position\":2,\"name\":\"Le Sommet Mondial de la Jeunesse pr\u00e9c\u00e8dera le Rassemblement PA 2015\"}]},{\"@type\":\"WebSite\",\"@id\":\"https:\\\/\\\/mwc-cmm.org\\\/en\\\/#website\",\"url\":\"https:\\\/\\\/mwc-cmm.org\\\/en\\\/\",\"name\":\"Mennonite World Conference\",\"description\":\"A communion of Anabaptist-related churches\",\"publisher\":{\"@id\":\"https:\\\/\\\/mwc-cmm.org\\\/en\\\/#organization\"},\"alternateName\":\"MWC\",\"potentialAction\":[{\"@type\":\"SearchAction\",\"target\":{\"@type\":\"EntryPoint\",\"urlTemplate\":\"https:\\\/\\\/mwc-cmm.org\\\/en\\\/?s={search_term_string}\"},\"query-input\":{\"@type\":\"PropertyValueSpecification\",\"valueRequired\":true,\"valueName\":\"search_term_string\"}}],\"inLanguage\":\"fr-FR\"},{\"@type\":\"Organization\",\"@id\":\"https:\\\/\\\/mwc-cmm.org\\\/en\\\/#organization\",\"name\":\"Mennonite World Conference\",\"alternateName\":\"MWC\",\"url\":\"https:\\\/\\\/mwc-cmm.org\\\/en\\\/\",\"logo\":{\"@type\":\"ImageObject\",\"inLanguage\":\"fr-FR\",\"@id\":\"https:\\\/\\\/mwc-cmm.org\\\/en\\\/#\\\/schema\\\/logo\\\/image\\\/\",\"url\":\"https:\\\/\\\/mwc-cmm.org\\\/wp-content\\\/uploads\\\/2026\\\/01\\\/MWC_Sig_Blue_Horiz_webheader1-logo.svg\",\"contentUrl\":\"https:\\\/\\\/mwc-cmm.org\\\/wp-content\\\/uploads\\\/2026\\\/01\\\/MWC_Sig_Blue_Horiz_webheader1-logo.svg\",\"width\":786,\"height\":82,\"caption\":\"Mennonite World Conference\"},\"image\":{\"@id\":\"https:\\\/\\\/mwc-cmm.org\\\/en\\\/#\\\/schema\\\/logo\\\/image\\\/\"},\"sameAs\":[\"https:\\\/\\\/www.facebook.com\\\/MennoniteWorldConference\",\"https:\\\/\\\/www.linkedin.com\\\/company\\\/mennonite-world-conference-mwc\\\/\",\"https:\\\/\\\/www.instagram.com\\\/mwcmm\\\/\",\"https:\\\/\\\/www.youtube.com\\\/user\\\/mwccmm\",\"https:\\\/\\\/bsky.app\\\/profile\\\/mwcmm.bsky.social\"]},{\"@type\":\"Person\",\"@id\":\"https:\\\/\\\/mwc-cmm.org\\\/en\\\/#\\\/schema\\\/person\\\/11f6ae0d7d1868ba20a1cc27f067c836\",\"name\":\"mennworldcon\",\"image\":{\"@type\":\"ImageObject\",\"inLanguage\":\"fr-FR\",\"@id\":\"https:\\\/\\\/secure.gravatar.com\\\/avatar\\\/06fdc0dc81c157dfdb82ec42f252178a22307808988d22c043f9eb96f1e0fe80?s=96&d=mm&r=g\",\"url\":\"https:\\\/\\\/secure.gravatar.com\\\/avatar\\\/06fdc0dc81c157dfdb82ec42f252178a22307808988d22c043f9eb96f1e0fe80?s=96&d=mm&r=g\",\"contentUrl\":\"https:\\\/\\\/secure.gravatar.com\\\/avatar\\\/06fdc0dc81c157dfdb82ec42f252178a22307808988d22c043f9eb96f1e0fe80?s=96&d=mm&r=g\",\"caption\":\"mennworldcon\"},\"sameAs\":[\"https:\\\/\\\/mwc-cmm.org\"],\"url\":\"https:\\\/\\\/mwc-cmm.org\\\/fr\\\/stories\\\/author\\\/mennworldcon\\\/\"}]}<\/script>\n<!-- \/ Yoast SEO plugin. -->","yoast_head_json":{"title":"Le Sommet Mondial de la Jeunesse pr\u00e9c\u00e8dera le Rassemblement PA 2015 - Mennonite World Conference","robots":{"index":"index","follow":"follow","max-snippet":"max-snippet:-1","max-image-preview":"max-image-preview:large","max-video-preview":"max-video-preview:-1"},"canonical":"https:\/\/mwc-cmm.org\/en\/stories\/global-youth-summit-to-precede-pa-2015-assembly\/","og_locale":"fr_FR","og_type":"article","og_title":"Le Sommet Mondial de la Jeunesse pr\u00e9c\u00e8dera le Rassemblement PA 2015 - Mennonite World Conference","og_description":"NULL","og_url":"https:\/\/mwc-cmm.org\/en\/stories\/global-youth-summit-to-precede-pa-2015-assembly\/","og_site_name":"Mennonite World Conference","article_publisher":"https:\/\/www.facebook.com\/MennoniteWorldConference","article_published_time":"2014-11-26T00:00:00+00:00","article_modified_time":"2024-12-10T17:13:12+00:00","og_image":[{"width":2188,"height":1209,"url":"https:\/\/mwc-cmm.org\/wp-content\/uploads\/2024\/11\/yabs_mtg_2013_cropped.jpg","type":"image\/jpeg"}],"author":"mennworldcon","schema":{"@context":"https:\/\/schema.org","@graph":[{"@type":"Article","@id":"https:\/\/mwc-cmm.org\/en\/stories\/global-youth-summit-to-precede-pa-2015-assembly\/#article","isPartOf":{"@id":"https:\/\/mwc-cmm.org\/en\/stories\/global-youth-summit-to-precede-pa-2015-assembly\/"},"author":{"name":"mennworldcon","@id":"https:\/\/mwc-cmm.org\/en\/#\/schema\/person\/11f6ae0d7d1868ba20a1cc27f067c836"},"headline":"Le Sommet Mondial de la Jeunesse pr\u00e9c\u00e8dera le Rassemblement PA 2015","datePublished":"2014-11-26T00:00:00+00:00","dateModified":"2024-12-10T17:13:12+00:00","mainEntityOfPage":{"@id":"https:\/\/mwc-cmm.org\/en\/stories\/global-youth-summit-to-precede-pa-2015-assembly\/"},"wordCount":1078,"publisher":{"@id":"https:\/\/mwc-cmm.org\/en\/#organization"},"image":{"@id":"https:\/\/mwc-cmm.org\/en\/stories\/global-youth-summit-to-precede-pa-2015-assembly\/#primaryimage"},"thumbnailUrl":"https:\/\/mwc-cmm.org\/wp-content\/uploads\/2024\/11\/yabs_mtg_2013_cropped.jpg","articleSection":["Non classifi\u00e9(e)"],"inLanguage":"fr-FR"},{"@type":"WebPage","@id":"https:\/\/mwc-cmm.org\/en\/stories\/global-youth-summit-to-precede-pa-2015-assembly\/","url":"https:\/\/mwc-cmm.org\/en\/stories\/global-youth-summit-to-precede-pa-2015-assembly\/","name":"Le Sommet Mondial de la Jeunesse pr\u00e9c\u00e8dera le Rassemblement PA 2015 - Mennonite World Conference","isPartOf":{"@id":"https:\/\/mwc-cmm.org\/en\/#website"},"primaryImageOfPage":{"@id":"https:\/\/mwc-cmm.org\/en\/stories\/global-youth-summit-to-precede-pa-2015-assembly\/#primaryimage"},"image":{"@id":"https:\/\/mwc-cmm.org\/en\/stories\/global-youth-summit-to-precede-pa-2015-assembly\/#primaryimage"},"thumbnailUrl":"https:\/\/mwc-cmm.org\/wp-content\/uploads\/2024\/11\/yabs_mtg_2013_cropped.jpg","datePublished":"2014-11-26T00:00:00+00:00","dateModified":"2024-12-10T17:13:12+00:00","breadcrumb":{"@id":"https:\/\/mwc-cmm.org\/en\/stories\/global-youth-summit-to-precede-pa-2015-assembly\/#breadcrumb"},"inLanguage":"fr-FR","potentialAction":[{"@type":"ReadAction","target":["https:\/\/mwc-cmm.org\/en\/stories\/global-youth-summit-to-precede-pa-2015-assembly\/"]}]},{"@type":"ImageObject","inLanguage":"fr-FR","@id":"https:\/\/mwc-cmm.org\/en\/stories\/global-youth-summit-to-precede-pa-2015-assembly\/#primaryimage","url":"https:\/\/mwc-cmm.org\/wp-content\/uploads\/2024\/11\/yabs_mtg_2013_cropped.jpg","contentUrl":"https:\/\/mwc-cmm.org\/wp-content\/uploads\/2024\/11\/yabs_mtg_2013_cropped.jpg","width":2188,"height":1209},{"@type":"BreadcrumbList","@id":"https:\/\/mwc-cmm.org\/en\/stories\/global-youth-summit-to-precede-pa-2015-assembly\/#breadcrumb","itemListElement":[{"@type":"ListItem","position":1,"name":"Home","item":"https:\/\/mwc-cmm.org\/fr\/"},{"@type":"ListItem","position":2,"name":"Le Sommet Mondial de la Jeunesse pr\u00e9c\u00e8dera le Rassemblement PA 2015"}]},{"@type":"WebSite","@id":"https:\/\/mwc-cmm.org\/en\/#website","url":"https:\/\/mwc-cmm.org\/en\/","name":"Mennonite World Conference","description":"A communion of Anabaptist-related churches","publisher":{"@id":"https:\/\/mwc-cmm.org\/en\/#organization"},"alternateName":"MWC","potentialAction":[{"@type":"SearchAction","target":{"@type":"EntryPoint","urlTemplate":"https:\/\/mwc-cmm.org\/en\/?s={search_term_string}"},"query-input":{"@type":"PropertyValueSpecification","valueRequired":true,"valueName":"search_term_string"}}],"inLanguage":"fr-FR"},{"@type":"Organization","@id":"https:\/\/mwc-cmm.org\/en\/#organization","name":"Mennonite World Conference","alternateName":"MWC","url":"https:\/\/mwc-cmm.org\/en\/","logo":{"@type":"ImageObject","inLanguage":"fr-FR","@id":"https:\/\/mwc-cmm.org\/en\/#\/schema\/logo\/image\/","url":"https:\/\/mwc-cmm.org\/wp-content\/uploads\/2026\/01\/MWC_Sig_Blue_Horiz_webheader1-logo.svg","contentUrl":"https:\/\/mwc-cmm.org\/wp-content\/uploads\/2026\/01\/MWC_Sig_Blue_Horiz_webheader1-logo.svg","width":786,"height":82,"caption":"Mennonite World Conference"},"image":{"@id":"https:\/\/mwc-cmm.org\/en\/#\/schema\/logo\/image\/"},"sameAs":["https:\/\/www.facebook.com\/MennoniteWorldConference","https:\/\/www.linkedin.com\/company\/mennonite-world-conference-mwc\/","https:\/\/www.instagram.com\/mwcmm\/","https:\/\/www.youtube.com\/user\/mwccmm","https:\/\/bsky.app\/profile\/mwcmm.bsky.social"]},{"@type":"Person","@id":"https:\/\/mwc-cmm.org\/en\/#\/schema\/person\/11f6ae0d7d1868ba20a1cc27f067c836","name":"mennworldcon","image":{"@type":"ImageObject","inLanguage":"fr-FR","@id":"https:\/\/secure.gravatar.com\/avatar\/06fdc0dc81c157dfdb82ec42f252178a22307808988d22c043f9eb96f1e0fe80?s=96&d=mm&r=g","url":"https:\/\/secure.gravatar.com\/avatar\/06fdc0dc81c157dfdb82ec42f252178a22307808988d22c043f9eb96f1e0fe80?s=96&d=mm&r=g","contentUrl":"https:\/\/secure.gravatar.com\/avatar\/06fdc0dc81c157dfdb82ec42f252178a22307808988d22c043f9eb96f1e0fe80?s=96&d=mm&r=g","caption":"mennworldcon"},"sameAs":["https:\/\/mwc-cmm.org"],"url":"https:\/\/mwc-cmm.org\/fr\/stories\/author\/mennworldcon\/"}]}},"_links":{"self":[{"href":"https:\/\/mwc-cmm.org\/fr\/wp-json\/wp\/v2\/posts\/9663","targetHints":{"allow":["GET"]}}],"collection":[{"href":"https:\/\/mwc-cmm.org\/fr\/wp-json\/wp\/v2\/posts"}],"about":[{"href":"https:\/\/mwc-cmm.org\/fr\/wp-json\/wp\/v2\/types\/post"}],"author":[{"embeddable":true,"href":"https:\/\/mwc-cmm.org\/fr\/wp-json\/wp\/v2\/users\/1"}],"replies":[{"embeddable":true,"href":"https:\/\/mwc-cmm.org\/fr\/wp-json\/wp\/v2\/comments?post=9663"}],"version-history":[{"count":0,"href":"https:\/\/mwc-cmm.org\/fr\/wp-json\/wp\/v2\/posts\/9663\/revisions"}],"wp:featuredmedia":[{"embeddable":true,"href":"https:\/\/mwc-cmm.org\/fr\/wp-json\/wp\/v2\/media\/86246"}],"wp:attachment":[{"href":"https:\/\/mwc-cmm.org\/fr\/wp-json\/wp\/v2\/media?parent=9663"}],"wp:term":[{"taxonomy":"category","embeddable":true,"href":"https:\/\/mwc-cmm.org\/fr\/wp-json\/wp\/v2\/categories?post=9663"},{"taxonomy":"post_tag","embeddable":true,"href":"https:\/\/mwc-cmm.org\/fr\/wp-json\/wp\/v2\/tags?post=9663"},{"taxonomy":"network","embeddable":true,"href":"https:\/\/mwc-cmm.org\/fr\/wp-json\/wp\/v2\/network?post=9663"},{"taxonomy":"eventcategory","embeddable":true,"href":"https:\/\/mwc-cmm.org\/fr\/wp-json\/wp\/v2\/eventcategory?post=9663"}],"curies":[{"name":"wp","href":"https:\/\/api.w.org\/{rel}","templated":true}]}}