{"id":9644,"date":"2014-08-05T00:00:00","date_gmt":"2014-08-05T00:00:00","guid":{"rendered":"https:\/\/mwc-cmm.org\/kick-off-celebrations-held-a-year-before-2015-mwc-assembly-4\/"},"modified":"2024-12-10T17:13:06","modified_gmt":"2024-12-10T17:13:06","slug":"kick-off-celebrations-held-a-year-before-2015-mwc-assembly-4","status":"publish","type":"post","link":"https:\/\/mwc-cmm.org\/fr\/stories\/kick-off-celebrations-held-a-year-before-2015-mwc-assembly-4\/","title":{"rendered":"Coup d&rsquo;envoi des c\u00e9l\u00e9brations un an avant le Rassemblement de 2015"},"content":{"rendered":"<p>Harrisburg et Mount Joy, Pennsylvanie, \u00c9tats-Unis \u2013 Les mennonites et les Fr\u00e8res en Christ de l&rsquo;est de la Pennsylvanie ont accueilli avec enthousiasme les responsables de la CMM, dimanche 20 juillet, lors de deux c\u00e9l\u00e9brations inaugurales, exactement un an avant l&rsquo;ouverture du Rassemblement \u2018Pennsylvania 2015\u2019 (21-26 juillet 2015).<\/p>\n<p>La premi\u00e8re c\u00e9l\u00e9bration a eu lieu dans la matin\u00e9e \u00e0 l\u2019\u00e9glise Fr\u00e8res en Christ d\u2019Harrisburg, La seconde, l&rsquo;apr\u00e8s-midi \u00e0 l\u2019\u00e9glise mennonite Mount Joy.<\/p>\n<p>C\u00e9sar Garc\u00eda, secr\u00e9taire g\u00e9n\u00e9ral de la CMM, a pr\u00e9sent\u00e9 le th\u00e8me du Rassemblement, \u2018Marcher avec Dieu\u2019, tir\u00e9 du r\u00e9cit de la route d&rsquo;Emma\u00fcs, dans lequel les disciples semblent \u00eatre en d\u00e9saccord, tout en continuant \u00e0 marcher c\u00f4te \u00e0 c\u00f4te. \u00ab C&rsquo;est seulement alors qu\u2019ils \u00e9taient assis \u00e0 table ensemble, qu\u2019ils ont d\u00e9couvert qui \u00e9tait J\u00e9sus. Quand nous sommes ensemble dans la communion, nous voyons avec des yeux diff\u00e9rents. Et nous d\u00e9couvrons J\u00e9sus d&rsquo;une mani\u00e8re nouvelle. \u00bb<\/p>\n<p>Guid\u00e9s par les auteurs-compositeurs, Frances Crowhill Miller et Daryl Snider, et la directrice de chorale, Marcy Hostetler, les 300 participants de l&rsquo;apr\u00e8s-midi ont chant\u00e9 avec enthousiasme des cantiques internationaux.<\/p>\n<p>Vikal P. Rao (Inde), membre du Comit\u00e9 de Programme du Rassemblement, a parl\u00e9 du Village de l&rsquo;\u00c9glise Mondiale : un lieu destin\u00e9 aux spectacles dans le parc d\u2019exposition d\u2019Harrisburg, o\u00f9 aura lieu Pennsylvanie 2015. Joanne Dietzel, membre de <em>Mennonite Church USA<\/em> (un des groupes d\u2019accueil) a pr\u00e9sent\u00e9 le R\u00e9seau de Pri\u00e8res.<\/p>\n<p><strong>La CMM ouvre un bureau \u00e0 Akron<\/strong><\/p>\n<p>Quelques jours plus t\u00f4t, la CMM a ouvert un bureau au si\u00e8ge du Comit\u00e9 Central Mennonite des \u00c9tats-Unis \u00e0 Akron en Pennsylvanie.<\/p>\n<p>\u00ab Nous sommes reconnaissants d\u2019avoir un bureau pour faire les inscriptions au Rassemblement, au fur et \u00e0 mesure qu\u2019elles arrivent, tout en poursuivant la planification d\u00e9taill\u00e9e de la semaine de juillet \u00bb, a d\u00e9clar\u00e9 Liesa Unger (Allemagne), responsable des \u00e9v\u00e9nements internationaux, qui supervise le Rassemblement.<\/p>\n<p>\u00ab Nous recrutons deux nouveaux employ\u00e9s, et il nous en faudra davantage plus tard. Je vais m\u2019installer en Pennsylvanie fin avril ; il y aura alors beaucoup de va et vient autour du bureau \u00bb, a t-elle ajout\u00e9.<\/p>\n<p>Le personnel de la CMM en Pennsylvanie peut \u00eatre joint par courriel \u00e0 <a href=\"mailto:pennsylvania2015@mwc-cmm.org\">pennsylvania2015@mwc-cmm.org<\/a> et par t\u00e9l\u00e9phone au 717-826-0909. L&rsquo;adresse postale du bureau est : PO Box 5364, Lancaster, PA 17606-6364.<\/p>\n<p><em>&#8211; Phyllis Pellman Good<\/em><\/p><\/p>\n","protected":false},"excerpt":{"rendered":"<p>NULL<\/p>\n","protected":false},"author":1,"featured_media":86008,"comment_status":"closed","ping_status":"closed","sticky":false,"template":"","format":"standard","meta":{"_acf_changed":false,"footnotes":""},"categories":[7],"tags":[],"network":[],"eventcategory":[1494],"class_list":["post-9644","post","type-post","status-publish","format-standard","has-post-thumbnail","hentry","category-non-classifiee","eventcategory-assembly-fr"],"acf":[],"yoast_head":"<!-- This site is optimized with the Yoast SEO plugin v27.5 - https:\/\/yoast.com\/product\/yoast-seo-wordpress\/ -->\n<title>Coup d&#039;envoi des c\u00e9l\u00e9brations un an avant le Rassemblement de 2015 - Mennonite World Conference<\/title>\n<meta name=\"robots\" content=\"index, follow, max-snippet:-1, max-image-preview:large, max-video-preview:-1\" \/>\n<link rel=\"canonical\" href=\"https:\/\/mwc-cmm.org\/en\/stories\/kick-off-celebrations-held-a-year-before-2015-mwc-assembly\/\" \/>\n<meta property=\"og:locale\" content=\"fr_FR\" \/>\n<meta property=\"og:type\" content=\"article\" \/>\n<meta property=\"og:title\" content=\"Coup d&#039;envoi des c\u00e9l\u00e9brations un an avant le Rassemblement de 2015 - Mennonite World Conference\" \/>\n<meta property=\"og:description\" content=\"NULL\" \/>\n<meta property=\"og:url\" content=\"https:\/\/mwc-cmm.org\/en\/stories\/kick-off-celebrations-held-a-year-before-2015-mwc-assembly\/\" \/>\n<meta property=\"og:site_name\" content=\"Mennonite World Conference\" \/>\n<meta property=\"article:publisher\" content=\"https:\/\/www.facebook.com\/MennoniteWorldConference\" \/>\n<meta property=\"article:published_time\" content=\"2014-08-05T00:00:00+00:00\" \/>\n<meta property=\"article:modified_time\" content=\"2024-12-10T17:13:06+00:00\" \/>\n<meta property=\"og:image\" content=\"https:\/\/mwc-cmm.org\/wp-content\/uploads\/2024\/11\/kick-off_july_2014.jpg\" \/>\n\t<meta property=\"og:image:width\" content=\"700\" \/>\n\t<meta property=\"og:image:height\" content=\"594\" \/>\n\t<meta property=\"og:image:type\" content=\"image\/jpeg\" \/>\n<meta name=\"author\" content=\"mennworldcon\" \/>\n<script type=\"application\/ld+json\" class=\"yoast-schema-graph\">{\"@context\":\"https:\\\/\\\/schema.org\",\"@graph\":[{\"@type\":\"Article\",\"@id\":\"https:\\\/\\\/mwc-cmm.org\\\/en\\\/stories\\\/kick-off-celebrations-held-a-year-before-2015-mwc-assembly\\\/#article\",\"isPartOf\":{\"@id\":\"https:\\\/\\\/mwc-cmm.org\\\/en\\\/stories\\\/kick-off-celebrations-held-a-year-before-2015-mwc-assembly\\\/\"},\"author\":{\"name\":\"mennworldcon\",\"@id\":\"https:\\\/\\\/mwc-cmm.org\\\/en\\\/#\\\/schema\\\/person\\\/11f6ae0d7d1868ba20a1cc27f067c836\"},\"headline\":\"Coup d&rsquo;envoi des c\u00e9l\u00e9brations un an avant le Rassemblement de 2015\",\"datePublished\":\"2014-08-05T00:00:00+00:00\",\"dateModified\":\"2024-12-10T17:13:06+00:00\",\"mainEntityOfPage\":{\"@id\":\"https:\\\/\\\/mwc-cmm.org\\\/en\\\/stories\\\/kick-off-celebrations-held-a-year-before-2015-mwc-assembly\\\/\"},\"wordCount\":426,\"publisher\":{\"@id\":\"https:\\\/\\\/mwc-cmm.org\\\/en\\\/#organization\"},\"image\":{\"@id\":\"https:\\\/\\\/mwc-cmm.org\\\/en\\\/stories\\\/kick-off-celebrations-held-a-year-before-2015-mwc-assembly\\\/#primaryimage\"},\"thumbnailUrl\":\"https:\\\/\\\/mwc-cmm.org\\\/wp-content\\\/uploads\\\/2024\\\/11\\\/kick-off_july_2014.jpg\",\"articleSection\":[\"Non classifi\u00e9(e)\"],\"inLanguage\":\"fr-FR\"},{\"@type\":\"WebPage\",\"@id\":\"https:\\\/\\\/mwc-cmm.org\\\/en\\\/stories\\\/kick-off-celebrations-held-a-year-before-2015-mwc-assembly\\\/\",\"url\":\"https:\\\/\\\/mwc-cmm.org\\\/en\\\/stories\\\/kick-off-celebrations-held-a-year-before-2015-mwc-assembly\\\/\",\"name\":\"Coup d'envoi des c\u00e9l\u00e9brations un an avant le Rassemblement de 2015 - Mennonite World Conference\",\"isPartOf\":{\"@id\":\"https:\\\/\\\/mwc-cmm.org\\\/en\\\/#website\"},\"primaryImageOfPage\":{\"@id\":\"https:\\\/\\\/mwc-cmm.org\\\/en\\\/stories\\\/kick-off-celebrations-held-a-year-before-2015-mwc-assembly\\\/#primaryimage\"},\"image\":{\"@id\":\"https:\\\/\\\/mwc-cmm.org\\\/en\\\/stories\\\/kick-off-celebrations-held-a-year-before-2015-mwc-assembly\\\/#primaryimage\"},\"thumbnailUrl\":\"https:\\\/\\\/mwc-cmm.org\\\/wp-content\\\/uploads\\\/2024\\\/11\\\/kick-off_july_2014.jpg\",\"datePublished\":\"2014-08-05T00:00:00+00:00\",\"dateModified\":\"2024-12-10T17:13:06+00:00\",\"breadcrumb\":{\"@id\":\"https:\\\/\\\/mwc-cmm.org\\\/en\\\/stories\\\/kick-off-celebrations-held-a-year-before-2015-mwc-assembly\\\/#breadcrumb\"},\"inLanguage\":\"fr-FR\",\"potentialAction\":[{\"@type\":\"ReadAction\",\"target\":[\"https:\\\/\\\/mwc-cmm.org\\\/en\\\/stories\\\/kick-off-celebrations-held-a-year-before-2015-mwc-assembly\\\/\"]}]},{\"@type\":\"ImageObject\",\"inLanguage\":\"fr-FR\",\"@id\":\"https:\\\/\\\/mwc-cmm.org\\\/en\\\/stories\\\/kick-off-celebrations-held-a-year-before-2015-mwc-assembly\\\/#primaryimage\",\"url\":\"https:\\\/\\\/mwc-cmm.org\\\/wp-content\\\/uploads\\\/2024\\\/11\\\/kick-off_july_2014.jpg\",\"contentUrl\":\"https:\\\/\\\/mwc-cmm.org\\\/wp-content\\\/uploads\\\/2024\\\/11\\\/kick-off_july_2014.jpg\",\"width\":700,\"height\":594},{\"@type\":\"BreadcrumbList\",\"@id\":\"https:\\\/\\\/mwc-cmm.org\\\/en\\\/stories\\\/kick-off-celebrations-held-a-year-before-2015-mwc-assembly\\\/#breadcrumb\",\"itemListElement\":[{\"@type\":\"ListItem\",\"position\":1,\"name\":\"Home\",\"item\":\"https:\\\/\\\/mwc-cmm.org\\\/fr\\\/\"},{\"@type\":\"ListItem\",\"position\":2,\"name\":\"Coup d&#8217;envoi des c\u00e9l\u00e9brations un an avant le Rassemblement de 2015\"}]},{\"@type\":\"WebSite\",\"@id\":\"https:\\\/\\\/mwc-cmm.org\\\/en\\\/#website\",\"url\":\"https:\\\/\\\/mwc-cmm.org\\\/en\\\/\",\"name\":\"Mennonite World Conference\",\"description\":\"A communion of Anabaptist-related churches\",\"publisher\":{\"@id\":\"https:\\\/\\\/mwc-cmm.org\\\/en\\\/#organization\"},\"alternateName\":\"MWC\",\"potentialAction\":[{\"@type\":\"SearchAction\",\"target\":{\"@type\":\"EntryPoint\",\"urlTemplate\":\"https:\\\/\\\/mwc-cmm.org\\\/en\\\/?s={search_term_string}\"},\"query-input\":{\"@type\":\"PropertyValueSpecification\",\"valueRequired\":true,\"valueName\":\"search_term_string\"}}],\"inLanguage\":\"fr-FR\"},{\"@type\":\"Organization\",\"@id\":\"https:\\\/\\\/mwc-cmm.org\\\/en\\\/#organization\",\"name\":\"Mennonite World Conference\",\"alternateName\":\"MWC\",\"url\":\"https:\\\/\\\/mwc-cmm.org\\\/en\\\/\",\"logo\":{\"@type\":\"ImageObject\",\"inLanguage\":\"fr-FR\",\"@id\":\"https:\\\/\\\/mwc-cmm.org\\\/en\\\/#\\\/schema\\\/logo\\\/image\\\/\",\"url\":\"https:\\\/\\\/mwc-cmm.org\\\/wp-content\\\/uploads\\\/2026\\\/01\\\/MWC_Sig_Blue_Horiz_webheader1-logo.svg\",\"contentUrl\":\"https:\\\/\\\/mwc-cmm.org\\\/wp-content\\\/uploads\\\/2026\\\/01\\\/MWC_Sig_Blue_Horiz_webheader1-logo.svg\",\"width\":786,\"height\":82,\"caption\":\"Mennonite World Conference\"},\"image\":{\"@id\":\"https:\\\/\\\/mwc-cmm.org\\\/en\\\/#\\\/schema\\\/logo\\\/image\\\/\"},\"sameAs\":[\"https:\\\/\\\/www.facebook.com\\\/MennoniteWorldConference\",\"https:\\\/\\\/www.linkedin.com\\\/company\\\/mennonite-world-conference-mwc\\\/\",\"https:\\\/\\\/www.instagram.com\\\/mwcmm\\\/\",\"https:\\\/\\\/www.youtube.com\\\/user\\\/mwccmm\",\"https:\\\/\\\/bsky.app\\\/profile\\\/mwcmm.bsky.social\"]},{\"@type\":\"Person\",\"@id\":\"https:\\\/\\\/mwc-cmm.org\\\/en\\\/#\\\/schema\\\/person\\\/11f6ae0d7d1868ba20a1cc27f067c836\",\"name\":\"mennworldcon\",\"image\":{\"@type\":\"ImageObject\",\"inLanguage\":\"fr-FR\",\"@id\":\"https:\\\/\\\/secure.gravatar.com\\\/avatar\\\/06fdc0dc81c157dfdb82ec42f252178a22307808988d22c043f9eb96f1e0fe80?s=96&d=mm&r=g\",\"url\":\"https:\\\/\\\/secure.gravatar.com\\\/avatar\\\/06fdc0dc81c157dfdb82ec42f252178a22307808988d22c043f9eb96f1e0fe80?s=96&d=mm&r=g\",\"contentUrl\":\"https:\\\/\\\/secure.gravatar.com\\\/avatar\\\/06fdc0dc81c157dfdb82ec42f252178a22307808988d22c043f9eb96f1e0fe80?s=96&d=mm&r=g\",\"caption\":\"mennworldcon\"},\"sameAs\":[\"https:\\\/\\\/mwc-cmm.org\"],\"url\":\"https:\\\/\\\/mwc-cmm.org\\\/fr\\\/stories\\\/author\\\/mennworldcon\\\/\"}]}<\/script>\n<!-- \/ Yoast SEO plugin. -->","yoast_head_json":{"title":"Coup d'envoi des c\u00e9l\u00e9brations un an avant le Rassemblement de 2015 - Mennonite World Conference","robots":{"index":"index","follow":"follow","max-snippet":"max-snippet:-1","max-image-preview":"max-image-preview:large","max-video-preview":"max-video-preview:-1"},"canonical":"https:\/\/mwc-cmm.org\/en\/stories\/kick-off-celebrations-held-a-year-before-2015-mwc-assembly\/","og_locale":"fr_FR","og_type":"article","og_title":"Coup d'envoi des c\u00e9l\u00e9brations un an avant le Rassemblement de 2015 - Mennonite World Conference","og_description":"NULL","og_url":"https:\/\/mwc-cmm.org\/en\/stories\/kick-off-celebrations-held-a-year-before-2015-mwc-assembly\/","og_site_name":"Mennonite World Conference","article_publisher":"https:\/\/www.facebook.com\/MennoniteWorldConference","article_published_time":"2014-08-05T00:00:00+00:00","article_modified_time":"2024-12-10T17:13:06+00:00","og_image":[{"width":700,"height":594,"url":"https:\/\/mwc-cmm.org\/wp-content\/uploads\/2024\/11\/kick-off_july_2014.jpg","type":"image\/jpeg"}],"author":"mennworldcon","schema":{"@context":"https:\/\/schema.org","@graph":[{"@type":"Article","@id":"https:\/\/mwc-cmm.org\/en\/stories\/kick-off-celebrations-held-a-year-before-2015-mwc-assembly\/#article","isPartOf":{"@id":"https:\/\/mwc-cmm.org\/en\/stories\/kick-off-celebrations-held-a-year-before-2015-mwc-assembly\/"},"author":{"name":"mennworldcon","@id":"https:\/\/mwc-cmm.org\/en\/#\/schema\/person\/11f6ae0d7d1868ba20a1cc27f067c836"},"headline":"Coup d&rsquo;envoi des c\u00e9l\u00e9brations un an avant le Rassemblement de 2015","datePublished":"2014-08-05T00:00:00+00:00","dateModified":"2024-12-10T17:13:06+00:00","mainEntityOfPage":{"@id":"https:\/\/mwc-cmm.org\/en\/stories\/kick-off-celebrations-held-a-year-before-2015-mwc-assembly\/"},"wordCount":426,"publisher":{"@id":"https:\/\/mwc-cmm.org\/en\/#organization"},"image":{"@id":"https:\/\/mwc-cmm.org\/en\/stories\/kick-off-celebrations-held-a-year-before-2015-mwc-assembly\/#primaryimage"},"thumbnailUrl":"https:\/\/mwc-cmm.org\/wp-content\/uploads\/2024\/11\/kick-off_july_2014.jpg","articleSection":["Non classifi\u00e9(e)"],"inLanguage":"fr-FR"},{"@type":"WebPage","@id":"https:\/\/mwc-cmm.org\/en\/stories\/kick-off-celebrations-held-a-year-before-2015-mwc-assembly\/","url":"https:\/\/mwc-cmm.org\/en\/stories\/kick-off-celebrations-held-a-year-before-2015-mwc-assembly\/","name":"Coup d'envoi des c\u00e9l\u00e9brations un an avant le Rassemblement de 2015 - Mennonite World Conference","isPartOf":{"@id":"https:\/\/mwc-cmm.org\/en\/#website"},"primaryImageOfPage":{"@id":"https:\/\/mwc-cmm.org\/en\/stories\/kick-off-celebrations-held-a-year-before-2015-mwc-assembly\/#primaryimage"},"image":{"@id":"https:\/\/mwc-cmm.org\/en\/stories\/kick-off-celebrations-held-a-year-before-2015-mwc-assembly\/#primaryimage"},"thumbnailUrl":"https:\/\/mwc-cmm.org\/wp-content\/uploads\/2024\/11\/kick-off_july_2014.jpg","datePublished":"2014-08-05T00:00:00+00:00","dateModified":"2024-12-10T17:13:06+00:00","breadcrumb":{"@id":"https:\/\/mwc-cmm.org\/en\/stories\/kick-off-celebrations-held-a-year-before-2015-mwc-assembly\/#breadcrumb"},"inLanguage":"fr-FR","potentialAction":[{"@type":"ReadAction","target":["https:\/\/mwc-cmm.org\/en\/stories\/kick-off-celebrations-held-a-year-before-2015-mwc-assembly\/"]}]},{"@type":"ImageObject","inLanguage":"fr-FR","@id":"https:\/\/mwc-cmm.org\/en\/stories\/kick-off-celebrations-held-a-year-before-2015-mwc-assembly\/#primaryimage","url":"https:\/\/mwc-cmm.org\/wp-content\/uploads\/2024\/11\/kick-off_july_2014.jpg","contentUrl":"https:\/\/mwc-cmm.org\/wp-content\/uploads\/2024\/11\/kick-off_july_2014.jpg","width":700,"height":594},{"@type":"BreadcrumbList","@id":"https:\/\/mwc-cmm.org\/en\/stories\/kick-off-celebrations-held-a-year-before-2015-mwc-assembly\/#breadcrumb","itemListElement":[{"@type":"ListItem","position":1,"name":"Home","item":"https:\/\/mwc-cmm.org\/fr\/"},{"@type":"ListItem","position":2,"name":"Coup d&#8217;envoi des c\u00e9l\u00e9brations un an avant le Rassemblement de 2015"}]},{"@type":"WebSite","@id":"https:\/\/mwc-cmm.org\/en\/#website","url":"https:\/\/mwc-cmm.org\/en\/","name":"Mennonite World Conference","description":"A communion of Anabaptist-related churches","publisher":{"@id":"https:\/\/mwc-cmm.org\/en\/#organization"},"alternateName":"MWC","potentialAction":[{"@type":"SearchAction","target":{"@type":"EntryPoint","urlTemplate":"https:\/\/mwc-cmm.org\/en\/?s={search_term_string}"},"query-input":{"@type":"PropertyValueSpecification","valueRequired":true,"valueName":"search_term_string"}}],"inLanguage":"fr-FR"},{"@type":"Organization","@id":"https:\/\/mwc-cmm.org\/en\/#organization","name":"Mennonite World Conference","alternateName":"MWC","url":"https:\/\/mwc-cmm.org\/en\/","logo":{"@type":"ImageObject","inLanguage":"fr-FR","@id":"https:\/\/mwc-cmm.org\/en\/#\/schema\/logo\/image\/","url":"https:\/\/mwc-cmm.org\/wp-content\/uploads\/2026\/01\/MWC_Sig_Blue_Horiz_webheader1-logo.svg","contentUrl":"https:\/\/mwc-cmm.org\/wp-content\/uploads\/2026\/01\/MWC_Sig_Blue_Horiz_webheader1-logo.svg","width":786,"height":82,"caption":"Mennonite World Conference"},"image":{"@id":"https:\/\/mwc-cmm.org\/en\/#\/schema\/logo\/image\/"},"sameAs":["https:\/\/www.facebook.com\/MennoniteWorldConference","https:\/\/www.linkedin.com\/company\/mennonite-world-conference-mwc\/","https:\/\/www.instagram.com\/mwcmm\/","https:\/\/www.youtube.com\/user\/mwccmm","https:\/\/bsky.app\/profile\/mwcmm.bsky.social"]},{"@type":"Person","@id":"https:\/\/mwc-cmm.org\/en\/#\/schema\/person\/11f6ae0d7d1868ba20a1cc27f067c836","name":"mennworldcon","image":{"@type":"ImageObject","inLanguage":"fr-FR","@id":"https:\/\/secure.gravatar.com\/avatar\/06fdc0dc81c157dfdb82ec42f252178a22307808988d22c043f9eb96f1e0fe80?s=96&d=mm&r=g","url":"https:\/\/secure.gravatar.com\/avatar\/06fdc0dc81c157dfdb82ec42f252178a22307808988d22c043f9eb96f1e0fe80?s=96&d=mm&r=g","contentUrl":"https:\/\/secure.gravatar.com\/avatar\/06fdc0dc81c157dfdb82ec42f252178a22307808988d22c043f9eb96f1e0fe80?s=96&d=mm&r=g","caption":"mennworldcon"},"sameAs":["https:\/\/mwc-cmm.org"],"url":"https:\/\/mwc-cmm.org\/fr\/stories\/author\/mennworldcon\/"}]}},"_links":{"self":[{"href":"https:\/\/mwc-cmm.org\/fr\/wp-json\/wp\/v2\/posts\/9644","targetHints":{"allow":["GET"]}}],"collection":[{"href":"https:\/\/mwc-cmm.org\/fr\/wp-json\/wp\/v2\/posts"}],"about":[{"href":"https:\/\/mwc-cmm.org\/fr\/wp-json\/wp\/v2\/types\/post"}],"author":[{"embeddable":true,"href":"https:\/\/mwc-cmm.org\/fr\/wp-json\/wp\/v2\/users\/1"}],"replies":[{"embeddable":true,"href":"https:\/\/mwc-cmm.org\/fr\/wp-json\/wp\/v2\/comments?post=9644"}],"version-history":[{"count":0,"href":"https:\/\/mwc-cmm.org\/fr\/wp-json\/wp\/v2\/posts\/9644\/revisions"}],"wp:featuredmedia":[{"embeddable":true,"href":"https:\/\/mwc-cmm.org\/fr\/wp-json\/wp\/v2\/media\/86008"}],"wp:attachment":[{"href":"https:\/\/mwc-cmm.org\/fr\/wp-json\/wp\/v2\/media?parent=9644"}],"wp:term":[{"taxonomy":"category","embeddable":true,"href":"https:\/\/mwc-cmm.org\/fr\/wp-json\/wp\/v2\/categories?post=9644"},{"taxonomy":"post_tag","embeddable":true,"href":"https:\/\/mwc-cmm.org\/fr\/wp-json\/wp\/v2\/tags?post=9644"},{"taxonomy":"network","embeddable":true,"href":"https:\/\/mwc-cmm.org\/fr\/wp-json\/wp\/v2\/network?post=9644"},{"taxonomy":"eventcategory","embeddable":true,"href":"https:\/\/mwc-cmm.org\/fr\/wp-json\/wp\/v2\/eventcategory?post=9644"}],"curies":[{"name":"wp","href":"https:\/\/api.w.org\/{rel}","templated":true}]}}