{"id":9641,"date":"2014-10-29T00:00:00","date_gmt":"2014-10-29T00:00:00","guid":{"rendered":"https:\/\/mwc-cmm.org\/on-the-way-to-pa-2015-congregation-creatively-raises-funds-4\/"},"modified":"2024-12-10T17:13:05","modified_gmt":"2024-12-10T17:13:05","slug":"on-the-way-to-pa-2015-congregation-creatively-raises-funds-4","status":"publish","type":"post","link":"https:\/\/mwc-cmm.org\/fr\/stories\/on-the-way-to-pa-2015-congregation-creatively-raises-funds-4\/","title":{"rendered":"En route vers Pennsylvania 2015 : Une assembl\u00e9e locale collecte des fonds de fa\u00e7on creative"},"content":{"rendered":"<p>Lancaster, Pennsylvanie, Etats-Unis. &#8211; L\u2019\u00c9glise mennonite Habecker ne s\u2019attendait pas \u00e0 un appel pour la r\u00e9installation des r\u00e9fugi\u00e9s. La volont\u00e9 de Dieu s\u2019est pourtant manifest\u00e9e, lentement au d\u00e9but, puis avec une demande grandissante. Les r\u00e9fugi\u00e9s de la Birmanie\/Myanmar avaient tous besoin de transport, de travail, de services sociaux et d\u2019aide dans l\u2019apprentissage de l\u2019anglais. Tous \u00e9taient en qu\u00eate d\u2019amiti\u00e9 et de relations.<\/p>\n<p>L\u2019\u00e9glise de Habecker a d\u00e9velopp\u00e9 l\u2019habitude d\u2019exercer l\u2019hospitalit\u00e9 et d\u2019accepter le changement et la perturbation. Un homme tranquille a \u00e9cout\u00e9 une femme parler avec nostalgie des l\u00e9gumes traditionnels karens; il a r\u00e9pondu en mettant sur pied un potager asiatique qui produit maintenant depuis quatre ann\u00e9es. Les personnes cr\u00e9\u00e9es avec la peau brune lavent les pieds des personnes cr\u00e9\u00e9es avec la peau blanche, assises \u00e0 m\u00eame le sol, \u00e0 la mani\u00e8re karen. Une chorale d\u2019adolescents karens ouvre le culte chaque dimanche avec de fervents chants birmans. Des chants spontan\u00e9s en diff\u00e9rentes langues jaillissent dans les camionnettes et les cultes \u00e0 l\u2019\u00e9glise.<\/p>\n<p>Cette communaut\u00e9 multiculturelle et \u00e0 voix multiples, en pleine croissance, prie ensemble, s\u2019entraide, place sa confiance en Dieu et cherche \u00e0 suivre J\u00e9sus au quotidien. Nous nous sommes dit : \u00ab Ne serait-il pas merveilleux d\u2019assister au Rassemblement de la Conf\u00e9rence Mennonite Mondiale \u00e0 Harrisburg en 2015, \u00e0 moins de 50 miles en Pennsylvanie? \u00bb Le co\u00fbt du projet semblait un objectif inatteignable. Le pasteur Karen Sensening a fait une demande de bourse aupr\u00e8s du Lily Endowment Fund pour ressourcement pastoral. La bourse comprend assez d\u2019argent pour envoyer plusieurs jeunes Karens \u00e0 PA 2015. Une participation au Rassemblement avec d\u2019autres de la Conf\u00e9rence Mennonite Mondiale donnera l\u2019occasion \u00e0 ces jeunes d\u2019avoir un aper\u00e7u de la grande histoire des mennonites dans le monde.<\/p>\n<p>Nous esp\u00e9rons que la pr\u00e9sence des Karens \u00e0 PA 2015 encouragera d\u2019autres jeunes mennonites \u00e0 unir leur voix \u00e0 celle des groupes opprim\u00e9s. Ensemble, ils deviendront des responsables dans une \u00c9glise qui devient de plus en plus interculturelle et \u00e0 voix multiples : une \u00e9glise o\u00f9 chaque voix est entendue, o\u00f9 les responsabilit\u00e9s de la direction sont partag\u00e9es, o\u00f9 les diff\u00e9rences sont honor\u00e9es et la communaut\u00e9 valoris\u00e9e.<\/p>\n<p><em>Par Karen Sensenig<\/em><\/p>\n","protected":false},"excerpt":{"rendered":"<p>NULL<\/p>\n","protected":false},"author":1,"featured_media":85980,"comment_status":"closed","ping_status":"closed","sticky":false,"template":"","format":"standard","meta":{"_acf_changed":false,"footnotes":""},"categories":[7],"tags":[],"network":[],"eventcategory":[1494],"class_list":["post-9641","post","type-post","status-publish","format-standard","has-post-thumbnail","hentry","category-non-classifiee","eventcategory-assembly-fr"],"acf":[],"yoast_head":"<!-- This site is optimized with the Yoast SEO plugin v27.5 - https:\/\/yoast.com\/product\/yoast-seo-wordpress\/ -->\n<title>En route vers Pennsylvania 2015 : Une assembl\u00e9e locale collecte des fonds de fa\u00e7on creative - Mennonite World Conference<\/title>\n<meta name=\"robots\" content=\"index, follow, max-snippet:-1, max-image-preview:large, max-video-preview:-1\" \/>\n<link rel=\"canonical\" href=\"https:\/\/mwc-cmm.org\/fr\/stories\/on-the-way-to-pa-2015-congregation-creatively-raises-funds-4\/\" \/>\n<meta property=\"og:locale\" content=\"fr_FR\" \/>\n<meta property=\"og:type\" content=\"article\" \/>\n<meta property=\"og:title\" content=\"En route vers Pennsylvania 2015 : Une assembl\u00e9e locale collecte des fonds de fa\u00e7on creative - Mennonite World Conference\" \/>\n<meta property=\"og:description\" content=\"NULL\" \/>\n<meta property=\"og:url\" content=\"https:\/\/mwc-cmm.org\/fr\/stories\/on-the-way-to-pa-2015-congregation-creatively-raises-funds-4\/\" \/>\n<meta property=\"og:site_name\" content=\"Mennonite World Conference\" \/>\n<meta property=\"article:publisher\" content=\"https:\/\/www.facebook.com\/MennoniteWorldConference\" \/>\n<meta property=\"article:published_time\" content=\"2014-10-29T00:00:00+00:00\" \/>\n<meta property=\"article:modified_time\" content=\"2024-12-10T17:13:05+00:00\" \/>\n<meta property=\"og:image\" content=\"https:\/\/mwc-cmm.org\/wp-content\/uploads\/2024\/11\/habecker_gardening_pic-web_edit.jpg\" \/>\n\t<meta property=\"og:image:width\" content=\"700\" \/>\n\t<meta property=\"og:image:height\" content=\"467\" \/>\n\t<meta property=\"og:image:type\" content=\"image\/jpeg\" \/>\n<meta name=\"author\" content=\"mennworldcon\" \/>\n<script type=\"application\/ld+json\" class=\"yoast-schema-graph\">{\"@context\":\"https:\\\/\\\/schema.org\",\"@graph\":[{\"@type\":\"Article\",\"@id\":\"https:\\\/\\\/mwc-cmm.org\\\/fr\\\/stories\\\/on-the-way-to-pa-2015-congregation-creatively-raises-funds-4\\\/#article\",\"isPartOf\":{\"@id\":\"https:\\\/\\\/mwc-cmm.org\\\/fr\\\/stories\\\/on-the-way-to-pa-2015-congregation-creatively-raises-funds-4\\\/\"},\"author\":{\"name\":\"mennworldcon\",\"@id\":\"https:\\\/\\\/mwc-cmm.org\\\/en\\\/#\\\/schema\\\/person\\\/11f6ae0d7d1868ba20a1cc27f067c836\"},\"headline\":\"En route vers Pennsylvania 2015 : Une assembl\u00e9e locale collecte des fonds de fa\u00e7on creative\",\"datePublished\":\"2014-10-29T00:00:00+00:00\",\"dateModified\":\"2024-12-10T17:13:05+00:00\",\"mainEntityOfPage\":{\"@id\":\"https:\\\/\\\/mwc-cmm.org\\\/fr\\\/stories\\\/on-the-way-to-pa-2015-congregation-creatively-raises-funds-4\\\/\"},\"wordCount\":401,\"publisher\":{\"@id\":\"https:\\\/\\\/mwc-cmm.org\\\/en\\\/#organization\"},\"image\":{\"@id\":\"https:\\\/\\\/mwc-cmm.org\\\/fr\\\/stories\\\/on-the-way-to-pa-2015-congregation-creatively-raises-funds-4\\\/#primaryimage\"},\"thumbnailUrl\":\"https:\\\/\\\/mwc-cmm.org\\\/wp-content\\\/uploads\\\/2024\\\/11\\\/habecker_gardening_pic-web_edit.jpg\",\"articleSection\":[\"Non classifi\u00e9(e)\"],\"inLanguage\":\"fr-FR\"},{\"@type\":\"WebPage\",\"@id\":\"https:\\\/\\\/mwc-cmm.org\\\/fr\\\/stories\\\/on-the-way-to-pa-2015-congregation-creatively-raises-funds-4\\\/\",\"url\":\"https:\\\/\\\/mwc-cmm.org\\\/fr\\\/stories\\\/on-the-way-to-pa-2015-congregation-creatively-raises-funds-4\\\/\",\"name\":\"En route vers Pennsylvania 2015 : Une assembl\u00e9e locale collecte des fonds de fa\u00e7on creative - Mennonite World Conference\",\"isPartOf\":{\"@id\":\"https:\\\/\\\/mwc-cmm.org\\\/en\\\/#website\"},\"primaryImageOfPage\":{\"@id\":\"https:\\\/\\\/mwc-cmm.org\\\/fr\\\/stories\\\/on-the-way-to-pa-2015-congregation-creatively-raises-funds-4\\\/#primaryimage\"},\"image\":{\"@id\":\"https:\\\/\\\/mwc-cmm.org\\\/fr\\\/stories\\\/on-the-way-to-pa-2015-congregation-creatively-raises-funds-4\\\/#primaryimage\"},\"thumbnailUrl\":\"https:\\\/\\\/mwc-cmm.org\\\/wp-content\\\/uploads\\\/2024\\\/11\\\/habecker_gardening_pic-web_edit.jpg\",\"datePublished\":\"2014-10-29T00:00:00+00:00\",\"dateModified\":\"2024-12-10T17:13:05+00:00\",\"breadcrumb\":{\"@id\":\"https:\\\/\\\/mwc-cmm.org\\\/fr\\\/stories\\\/on-the-way-to-pa-2015-congregation-creatively-raises-funds-4\\\/#breadcrumb\"},\"inLanguage\":\"fr-FR\",\"potentialAction\":[{\"@type\":\"ReadAction\",\"target\":[\"https:\\\/\\\/mwc-cmm.org\\\/fr\\\/stories\\\/on-the-way-to-pa-2015-congregation-creatively-raises-funds-4\\\/\"]}]},{\"@type\":\"ImageObject\",\"inLanguage\":\"fr-FR\",\"@id\":\"https:\\\/\\\/mwc-cmm.org\\\/fr\\\/stories\\\/on-the-way-to-pa-2015-congregation-creatively-raises-funds-4\\\/#primaryimage\",\"url\":\"https:\\\/\\\/mwc-cmm.org\\\/wp-content\\\/uploads\\\/2024\\\/11\\\/habecker_gardening_pic-web_edit.jpg\",\"contentUrl\":\"https:\\\/\\\/mwc-cmm.org\\\/wp-content\\\/uploads\\\/2024\\\/11\\\/habecker_gardening_pic-web_edit.jpg\",\"width\":700,\"height\":467},{\"@type\":\"BreadcrumbList\",\"@id\":\"https:\\\/\\\/mwc-cmm.org\\\/fr\\\/stories\\\/on-the-way-to-pa-2015-congregation-creatively-raises-funds-4\\\/#breadcrumb\",\"itemListElement\":[{\"@type\":\"ListItem\",\"position\":1,\"name\":\"Home\",\"item\":\"https:\\\/\\\/mwc-cmm.org\\\/fr\\\/\"},{\"@type\":\"ListItem\",\"position\":2,\"name\":\"En route vers Pennsylvania 2015 : Une assembl\u00e9e locale collecte des fonds de fa\u00e7on creative\"}]},{\"@type\":\"WebSite\",\"@id\":\"https:\\\/\\\/mwc-cmm.org\\\/en\\\/#website\",\"url\":\"https:\\\/\\\/mwc-cmm.org\\\/en\\\/\",\"name\":\"Mennonite World Conference\",\"description\":\"A communion of Anabaptist-related churches\",\"publisher\":{\"@id\":\"https:\\\/\\\/mwc-cmm.org\\\/en\\\/#organization\"},\"alternateName\":\"MWC\",\"potentialAction\":[{\"@type\":\"SearchAction\",\"target\":{\"@type\":\"EntryPoint\",\"urlTemplate\":\"https:\\\/\\\/mwc-cmm.org\\\/en\\\/?s={search_term_string}\"},\"query-input\":{\"@type\":\"PropertyValueSpecification\",\"valueRequired\":true,\"valueName\":\"search_term_string\"}}],\"inLanguage\":\"fr-FR\"},{\"@type\":\"Organization\",\"@id\":\"https:\\\/\\\/mwc-cmm.org\\\/en\\\/#organization\",\"name\":\"Mennonite World Conference\",\"alternateName\":\"MWC\",\"url\":\"https:\\\/\\\/mwc-cmm.org\\\/en\\\/\",\"logo\":{\"@type\":\"ImageObject\",\"inLanguage\":\"fr-FR\",\"@id\":\"https:\\\/\\\/mwc-cmm.org\\\/en\\\/#\\\/schema\\\/logo\\\/image\\\/\",\"url\":\"https:\\\/\\\/mwc-cmm.org\\\/wp-content\\\/uploads\\\/2026\\\/01\\\/MWC_Sig_Blue_Horiz_webheader1-logo.svg\",\"contentUrl\":\"https:\\\/\\\/mwc-cmm.org\\\/wp-content\\\/uploads\\\/2026\\\/01\\\/MWC_Sig_Blue_Horiz_webheader1-logo.svg\",\"width\":786,\"height\":82,\"caption\":\"Mennonite World Conference\"},\"image\":{\"@id\":\"https:\\\/\\\/mwc-cmm.org\\\/en\\\/#\\\/schema\\\/logo\\\/image\\\/\"},\"sameAs\":[\"https:\\\/\\\/www.facebook.com\\\/MennoniteWorldConference\",\"https:\\\/\\\/www.linkedin.com\\\/company\\\/mennonite-world-conference-mwc\\\/\",\"https:\\\/\\\/www.instagram.com\\\/mwcmm\\\/\",\"https:\\\/\\\/www.youtube.com\\\/user\\\/mwccmm\",\"https:\\\/\\\/bsky.app\\\/profile\\\/mwcmm.bsky.social\"]},{\"@type\":\"Person\",\"@id\":\"https:\\\/\\\/mwc-cmm.org\\\/en\\\/#\\\/schema\\\/person\\\/11f6ae0d7d1868ba20a1cc27f067c836\",\"name\":\"mennworldcon\",\"image\":{\"@type\":\"ImageObject\",\"inLanguage\":\"fr-FR\",\"@id\":\"https:\\\/\\\/secure.gravatar.com\\\/avatar\\\/06fdc0dc81c157dfdb82ec42f252178a22307808988d22c043f9eb96f1e0fe80?s=96&d=mm&r=g\",\"url\":\"https:\\\/\\\/secure.gravatar.com\\\/avatar\\\/06fdc0dc81c157dfdb82ec42f252178a22307808988d22c043f9eb96f1e0fe80?s=96&d=mm&r=g\",\"contentUrl\":\"https:\\\/\\\/secure.gravatar.com\\\/avatar\\\/06fdc0dc81c157dfdb82ec42f252178a22307808988d22c043f9eb96f1e0fe80?s=96&d=mm&r=g\",\"caption\":\"mennworldcon\"},\"sameAs\":[\"https:\\\/\\\/mwc-cmm.org\"],\"url\":\"https:\\\/\\\/mwc-cmm.org\\\/fr\\\/stories\\\/author\\\/mennworldcon\\\/\"}]}<\/script>\n<!-- \/ Yoast SEO plugin. -->","yoast_head_json":{"title":"En route vers Pennsylvania 2015 : Une assembl\u00e9e locale collecte des fonds de fa\u00e7on creative - Mennonite World Conference","robots":{"index":"index","follow":"follow","max-snippet":"max-snippet:-1","max-image-preview":"max-image-preview:large","max-video-preview":"max-video-preview:-1"},"canonical":"https:\/\/mwc-cmm.org\/fr\/stories\/on-the-way-to-pa-2015-congregation-creatively-raises-funds-4\/","og_locale":"fr_FR","og_type":"article","og_title":"En route vers Pennsylvania 2015 : Une assembl\u00e9e locale collecte des fonds de fa\u00e7on creative - Mennonite World Conference","og_description":"NULL","og_url":"https:\/\/mwc-cmm.org\/fr\/stories\/on-the-way-to-pa-2015-congregation-creatively-raises-funds-4\/","og_site_name":"Mennonite World Conference","article_publisher":"https:\/\/www.facebook.com\/MennoniteWorldConference","article_published_time":"2014-10-29T00:00:00+00:00","article_modified_time":"2024-12-10T17:13:05+00:00","og_image":[{"width":700,"height":467,"url":"https:\/\/mwc-cmm.org\/wp-content\/uploads\/2024\/11\/habecker_gardening_pic-web_edit.jpg","type":"image\/jpeg"}],"author":"mennworldcon","schema":{"@context":"https:\/\/schema.org","@graph":[{"@type":"Article","@id":"https:\/\/mwc-cmm.org\/fr\/stories\/on-the-way-to-pa-2015-congregation-creatively-raises-funds-4\/#article","isPartOf":{"@id":"https:\/\/mwc-cmm.org\/fr\/stories\/on-the-way-to-pa-2015-congregation-creatively-raises-funds-4\/"},"author":{"name":"mennworldcon","@id":"https:\/\/mwc-cmm.org\/en\/#\/schema\/person\/11f6ae0d7d1868ba20a1cc27f067c836"},"headline":"En route vers Pennsylvania 2015 : Une assembl\u00e9e locale collecte des fonds de fa\u00e7on creative","datePublished":"2014-10-29T00:00:00+00:00","dateModified":"2024-12-10T17:13:05+00:00","mainEntityOfPage":{"@id":"https:\/\/mwc-cmm.org\/fr\/stories\/on-the-way-to-pa-2015-congregation-creatively-raises-funds-4\/"},"wordCount":401,"publisher":{"@id":"https:\/\/mwc-cmm.org\/en\/#organization"},"image":{"@id":"https:\/\/mwc-cmm.org\/fr\/stories\/on-the-way-to-pa-2015-congregation-creatively-raises-funds-4\/#primaryimage"},"thumbnailUrl":"https:\/\/mwc-cmm.org\/wp-content\/uploads\/2024\/11\/habecker_gardening_pic-web_edit.jpg","articleSection":["Non classifi\u00e9(e)"],"inLanguage":"fr-FR"},{"@type":"WebPage","@id":"https:\/\/mwc-cmm.org\/fr\/stories\/on-the-way-to-pa-2015-congregation-creatively-raises-funds-4\/","url":"https:\/\/mwc-cmm.org\/fr\/stories\/on-the-way-to-pa-2015-congregation-creatively-raises-funds-4\/","name":"En route vers Pennsylvania 2015 : Une assembl\u00e9e locale collecte des fonds de fa\u00e7on creative - Mennonite World Conference","isPartOf":{"@id":"https:\/\/mwc-cmm.org\/en\/#website"},"primaryImageOfPage":{"@id":"https:\/\/mwc-cmm.org\/fr\/stories\/on-the-way-to-pa-2015-congregation-creatively-raises-funds-4\/#primaryimage"},"image":{"@id":"https:\/\/mwc-cmm.org\/fr\/stories\/on-the-way-to-pa-2015-congregation-creatively-raises-funds-4\/#primaryimage"},"thumbnailUrl":"https:\/\/mwc-cmm.org\/wp-content\/uploads\/2024\/11\/habecker_gardening_pic-web_edit.jpg","datePublished":"2014-10-29T00:00:00+00:00","dateModified":"2024-12-10T17:13:05+00:00","breadcrumb":{"@id":"https:\/\/mwc-cmm.org\/fr\/stories\/on-the-way-to-pa-2015-congregation-creatively-raises-funds-4\/#breadcrumb"},"inLanguage":"fr-FR","potentialAction":[{"@type":"ReadAction","target":["https:\/\/mwc-cmm.org\/fr\/stories\/on-the-way-to-pa-2015-congregation-creatively-raises-funds-4\/"]}]},{"@type":"ImageObject","inLanguage":"fr-FR","@id":"https:\/\/mwc-cmm.org\/fr\/stories\/on-the-way-to-pa-2015-congregation-creatively-raises-funds-4\/#primaryimage","url":"https:\/\/mwc-cmm.org\/wp-content\/uploads\/2024\/11\/habecker_gardening_pic-web_edit.jpg","contentUrl":"https:\/\/mwc-cmm.org\/wp-content\/uploads\/2024\/11\/habecker_gardening_pic-web_edit.jpg","width":700,"height":467},{"@type":"BreadcrumbList","@id":"https:\/\/mwc-cmm.org\/fr\/stories\/on-the-way-to-pa-2015-congregation-creatively-raises-funds-4\/#breadcrumb","itemListElement":[{"@type":"ListItem","position":1,"name":"Home","item":"https:\/\/mwc-cmm.org\/fr\/"},{"@type":"ListItem","position":2,"name":"En route vers Pennsylvania 2015 : Une assembl\u00e9e locale collecte des fonds de fa\u00e7on creative"}]},{"@type":"WebSite","@id":"https:\/\/mwc-cmm.org\/en\/#website","url":"https:\/\/mwc-cmm.org\/en\/","name":"Mennonite World Conference","description":"A communion of Anabaptist-related churches","publisher":{"@id":"https:\/\/mwc-cmm.org\/en\/#organization"},"alternateName":"MWC","potentialAction":[{"@type":"SearchAction","target":{"@type":"EntryPoint","urlTemplate":"https:\/\/mwc-cmm.org\/en\/?s={search_term_string}"},"query-input":{"@type":"PropertyValueSpecification","valueRequired":true,"valueName":"search_term_string"}}],"inLanguage":"fr-FR"},{"@type":"Organization","@id":"https:\/\/mwc-cmm.org\/en\/#organization","name":"Mennonite World Conference","alternateName":"MWC","url":"https:\/\/mwc-cmm.org\/en\/","logo":{"@type":"ImageObject","inLanguage":"fr-FR","@id":"https:\/\/mwc-cmm.org\/en\/#\/schema\/logo\/image\/","url":"https:\/\/mwc-cmm.org\/wp-content\/uploads\/2026\/01\/MWC_Sig_Blue_Horiz_webheader1-logo.svg","contentUrl":"https:\/\/mwc-cmm.org\/wp-content\/uploads\/2026\/01\/MWC_Sig_Blue_Horiz_webheader1-logo.svg","width":786,"height":82,"caption":"Mennonite World Conference"},"image":{"@id":"https:\/\/mwc-cmm.org\/en\/#\/schema\/logo\/image\/"},"sameAs":["https:\/\/www.facebook.com\/MennoniteWorldConference","https:\/\/www.linkedin.com\/company\/mennonite-world-conference-mwc\/","https:\/\/www.instagram.com\/mwcmm\/","https:\/\/www.youtube.com\/user\/mwccmm","https:\/\/bsky.app\/profile\/mwcmm.bsky.social"]},{"@type":"Person","@id":"https:\/\/mwc-cmm.org\/en\/#\/schema\/person\/11f6ae0d7d1868ba20a1cc27f067c836","name":"mennworldcon","image":{"@type":"ImageObject","inLanguage":"fr-FR","@id":"https:\/\/secure.gravatar.com\/avatar\/06fdc0dc81c157dfdb82ec42f252178a22307808988d22c043f9eb96f1e0fe80?s=96&d=mm&r=g","url":"https:\/\/secure.gravatar.com\/avatar\/06fdc0dc81c157dfdb82ec42f252178a22307808988d22c043f9eb96f1e0fe80?s=96&d=mm&r=g","contentUrl":"https:\/\/secure.gravatar.com\/avatar\/06fdc0dc81c157dfdb82ec42f252178a22307808988d22c043f9eb96f1e0fe80?s=96&d=mm&r=g","caption":"mennworldcon"},"sameAs":["https:\/\/mwc-cmm.org"],"url":"https:\/\/mwc-cmm.org\/fr\/stories\/author\/mennworldcon\/"}]}},"_links":{"self":[{"href":"https:\/\/mwc-cmm.org\/fr\/wp-json\/wp\/v2\/posts\/9641","targetHints":{"allow":["GET"]}}],"collection":[{"href":"https:\/\/mwc-cmm.org\/fr\/wp-json\/wp\/v2\/posts"}],"about":[{"href":"https:\/\/mwc-cmm.org\/fr\/wp-json\/wp\/v2\/types\/post"}],"author":[{"embeddable":true,"href":"https:\/\/mwc-cmm.org\/fr\/wp-json\/wp\/v2\/users\/1"}],"replies":[{"embeddable":true,"href":"https:\/\/mwc-cmm.org\/fr\/wp-json\/wp\/v2\/comments?post=9641"}],"version-history":[{"count":0,"href":"https:\/\/mwc-cmm.org\/fr\/wp-json\/wp\/v2\/posts\/9641\/revisions"}],"wp:featuredmedia":[{"embeddable":true,"href":"https:\/\/mwc-cmm.org\/fr\/wp-json\/wp\/v2\/media\/85980"}],"wp:attachment":[{"href":"https:\/\/mwc-cmm.org\/fr\/wp-json\/wp\/v2\/media?parent=9641"}],"wp:term":[{"taxonomy":"category","embeddable":true,"href":"https:\/\/mwc-cmm.org\/fr\/wp-json\/wp\/v2\/categories?post=9641"},{"taxonomy":"post_tag","embeddable":true,"href":"https:\/\/mwc-cmm.org\/fr\/wp-json\/wp\/v2\/tags?post=9641"},{"taxonomy":"network","embeddable":true,"href":"https:\/\/mwc-cmm.org\/fr\/wp-json\/wp\/v2\/network?post=9641"},{"taxonomy":"eventcategory","embeddable":true,"href":"https:\/\/mwc-cmm.org\/fr\/wp-json\/wp\/v2\/eventcategory?post=9641"}],"curies":[{"name":"wp","href":"https:\/\/api.w.org\/{rel}","templated":true}]}}