{"id":9615,"date":"2014-11-24T00:00:00","date_gmt":"2014-11-24T00:00:00","guid":{"rendered":"https:\/\/mwc-cmm.org\/in-memoriam-cornelius-j-dyck-1921-2014-4\/"},"modified":"2024-12-10T17:12:54","modified_gmt":"2024-12-10T17:12:54","slug":"in-memoriam-cornelius-j-dyck-1921-2014-4","status":"publish","type":"post","link":"https:\/\/mwc-cmm.org\/fr\/stories\/in-memoriam-cornelius-j-dyck-1921-2014-4\/","title":{"rendered":"In Memoriam : Cornelius J. Dyck (1921-2014)"},"content":{"rendered":"<p>La CMM a appris avec tristesse le d\u00e9c\u00e8s du Cornelius J. (CJ) Dyck, historien mennonite et responsable d&rsquo;\u00e9glise, \u00e0 Normal (\u00c9tats-Unis), le 10 janvier 2014. Il a \u00e9t\u00e9 secr\u00e9taire ex\u00e9cutif de la CMM de 1961 \u00e0 1973.<\/p>\n<p>N\u00e9 en Russie le 20 ao\u00fbt 1921, il a grandi au Kansas (\u00c9tats-Unis). Il a travaill\u00e9 pendant plusieurs ann\u00e9es avec le Comit\u00e9 Central Mennonite (MCC). Apr\u00e8s avoir obtenu un doctorat en histoire de l&rsquo;\u00c9glise, il a \u00e9t\u00e9 professeur de th\u00e9ologie \u00e0 <em>Anabaptist Mennonite Biblical Seminary<\/em> (AMBS), \u00e0 Elkhart (\u00c9tats-Unis) pendant 30 ans jusqu&rsquo;\u00e0 sa retraite en 1989. Au cours de sa carri\u00e8re, il a \u00e9crit de nombreux ouvrages et articles sur l&rsquo;histoire et la th\u00e9ologie mennonite, dont une <em>Introduction to Mennonite History<\/em> (1967).<\/p>\n<p>CJ Dyck a \u00e9t\u00e9 secr\u00e9taire ex\u00e9cutif \u00e0 un moment important dans l&rsquo;histoire de l&rsquo;organisation. Il a jou\u00e9 un r\u00f4le crucial au moment o\u00f9 il a fallu formuler une vision globale pour la CMM, affirmant en 1972 que \u00ab [La CMM] doit s\u2019engager dans la mission \u00e0 laquelle les mennonites sont appel\u00e9s dans le monde \u2013 pas seulement les blancs, les mennonites occidentaux, [mais] tous les mennonites [\u2026] La CMM n\u2019aura de v\u00e9ritable avenir que si elle devient partie int\u00e9grante de ce que tous les mennonites veulent \u00eatre et faire dans le monde. \u00bb La vision de CJ Dyck continue \u00e0 inspirer la mission de la CMM aujourd&rsquo;hui.<\/p>\n<p>Selon C\u00e9sar Garc\u00eda, Secr\u00e9taire g\u00e9n\u00e9ral de CMM, \u00ab C.J Dyck a men\u00e9 notre communaut\u00e9 mondiale pendant une p\u00e9riode cruciale de transition pendant laquelle CMM est pass\u00e9e d\u2019une orientation euro-am\u00e9ricaine \u00e0 un profile mondial. \u00bb<\/p>\n","protected":false},"excerpt":{"rendered":"<p>NULL<\/p>\n","protected":false},"author":1,"featured_media":85686,"comment_status":"closed","ping_status":"closed","sticky":false,"template":"","format":"standard","meta":{"_acf_changed":false,"footnotes":""},"categories":[7],"tags":[],"network":[],"eventcategory":[],"class_list":["post-9615","post","type-post","status-publish","format-standard","has-post-thumbnail","hentry","category-non-classifiee"],"acf":[],"yoast_head":"<!-- This site is optimized with the Yoast SEO plugin v27.2 - https:\/\/yoast.com\/product\/yoast-seo-wordpress\/ -->\n<title>In Memoriam : Cornelius J. Dyck (1921-2014) - Mennonite World Conference<\/title>\n<meta name=\"robots\" content=\"index, follow, max-snippet:-1, max-image-preview:large, max-video-preview:-1\" \/>\n<link rel=\"canonical\" href=\"https:\/\/mwc-cmm.org\/en\/stories\/memoriam-cornelius-j-dyck-1921-2014\/\" \/>\n<meta property=\"og:locale\" content=\"fr_FR\" \/>\n<meta property=\"og:type\" content=\"article\" \/>\n<meta property=\"og:title\" content=\"In Memoriam : Cornelius J. Dyck (1921-2014) - Mennonite World Conference\" \/>\n<meta property=\"og:description\" content=\"NULL\" \/>\n<meta property=\"og:url\" content=\"https:\/\/mwc-cmm.org\/en\/stories\/memoriam-cornelius-j-dyck-1921-2014\/\" \/>\n<meta property=\"og:site_name\" content=\"Mennonite World Conference\" \/>\n<meta property=\"article:publisher\" content=\"https:\/\/www.facebook.com\/MennoniteWorldConference\" \/>\n<meta property=\"article:published_time\" content=\"2014-11-24T00:00:00+00:00\" \/>\n<meta property=\"article:modified_time\" content=\"2024-12-10T17:12:54+00:00\" \/>\n<meta property=\"og:image\" content=\"https:\/\/mwc-cmm.org\/wp-content\/uploads\/2024\/11\/cjdyck1998.jpg\" \/>\n\t<meta property=\"og:image:width\" content=\"330\" \/>\n\t<meta property=\"og:image:height\" content=\"478\" \/>\n\t<meta property=\"og:image:type\" content=\"image\/jpeg\" \/>\n<meta name=\"author\" content=\"mennworldcon\" \/>\n<script type=\"application\/ld+json\" class=\"yoast-schema-graph\">{\"@context\":\"https:\/\/schema.org\",\"@graph\":[{\"@type\":\"Article\",\"@id\":\"https:\/\/mwc-cmm.org\/en\/stories\/memoriam-cornelius-j-dyck-1921-2014\/#article\",\"isPartOf\":{\"@id\":\"https:\/\/mwc-cmm.org\/en\/stories\/memoriam-cornelius-j-dyck-1921-2014\/\"},\"author\":{\"name\":\"mennworldcon\",\"@id\":\"https:\/\/mwc-cmm.org\/en\/#\/schema\/person\/11f6ae0d7d1868ba20a1cc27f067c836\"},\"headline\":\"In Memoriam : Cornelius J. Dyck (1921-2014)\",\"datePublished\":\"2014-11-24T00:00:00+00:00\",\"dateModified\":\"2024-12-10T17:12:54+00:00\",\"mainEntityOfPage\":{\"@id\":\"https:\/\/mwc-cmm.org\/en\/stories\/memoriam-cornelius-j-dyck-1921-2014\/\"},\"wordCount\":277,\"publisher\":{\"@id\":\"https:\/\/mwc-cmm.org\/en\/#organization\"},\"image\":{\"@id\":\"https:\/\/mwc-cmm.org\/en\/stories\/memoriam-cornelius-j-dyck-1921-2014\/#primaryimage\"},\"thumbnailUrl\":\"https:\/\/mwc-cmm.org\/wp-content\/uploads\/2024\/11\/cjdyck1998.jpg\",\"articleSection\":[\"Non classifi\u00e9(e)\"],\"inLanguage\":\"fr-FR\"},{\"@type\":\"WebPage\",\"@id\":\"https:\/\/mwc-cmm.org\/en\/stories\/memoriam-cornelius-j-dyck-1921-2014\/\",\"url\":\"https:\/\/mwc-cmm.org\/en\/stories\/memoriam-cornelius-j-dyck-1921-2014\/\",\"name\":\"In Memoriam : Cornelius J. Dyck (1921-2014) - Mennonite World Conference\",\"isPartOf\":{\"@id\":\"https:\/\/mwc-cmm.org\/en\/#website\"},\"primaryImageOfPage\":{\"@id\":\"https:\/\/mwc-cmm.org\/en\/stories\/memoriam-cornelius-j-dyck-1921-2014\/#primaryimage\"},\"image\":{\"@id\":\"https:\/\/mwc-cmm.org\/en\/stories\/memoriam-cornelius-j-dyck-1921-2014\/#primaryimage\"},\"thumbnailUrl\":\"https:\/\/mwc-cmm.org\/wp-content\/uploads\/2024\/11\/cjdyck1998.jpg\",\"datePublished\":\"2014-11-24T00:00:00+00:00\",\"dateModified\":\"2024-12-10T17:12:54+00:00\",\"breadcrumb\":{\"@id\":\"https:\/\/mwc-cmm.org\/en\/stories\/memoriam-cornelius-j-dyck-1921-2014\/#breadcrumb\"},\"inLanguage\":\"fr-FR\",\"potentialAction\":[{\"@type\":\"ReadAction\",\"target\":[\"https:\/\/mwc-cmm.org\/en\/stories\/memoriam-cornelius-j-dyck-1921-2014\/\"]}]},{\"@type\":\"ImageObject\",\"inLanguage\":\"fr-FR\",\"@id\":\"https:\/\/mwc-cmm.org\/en\/stories\/memoriam-cornelius-j-dyck-1921-2014\/#primaryimage\",\"url\":\"https:\/\/mwc-cmm.org\/wp-content\/uploads\/2024\/11\/cjdyck1998.jpg\",\"contentUrl\":\"https:\/\/mwc-cmm.org\/wp-content\/uploads\/2024\/11\/cjdyck1998.jpg\",\"width\":330,\"height\":478},{\"@type\":\"BreadcrumbList\",\"@id\":\"https:\/\/mwc-cmm.org\/en\/stories\/memoriam-cornelius-j-dyck-1921-2014\/#breadcrumb\",\"itemListElement\":[{\"@type\":\"ListItem\",\"position\":1,\"name\":\"Home\",\"item\":\"https:\/\/mwc-cmm.org\/fr\/\"},{\"@type\":\"ListItem\",\"position\":2,\"name\":\"In Memoriam : Cornelius J. Dyck (1921-2014)\"}]},{\"@type\":\"WebSite\",\"@id\":\"https:\/\/mwc-cmm.org\/en\/#website\",\"url\":\"https:\/\/mwc-cmm.org\/en\/\",\"name\":\"Mennonite World Conference\",\"description\":\"A communion of Anabaptist-related churches\",\"publisher\":{\"@id\":\"https:\/\/mwc-cmm.org\/en\/#organization\"},\"alternateName\":\"MWC\",\"potentialAction\":[{\"@type\":\"SearchAction\",\"target\":{\"@type\":\"EntryPoint\",\"urlTemplate\":\"https:\/\/mwc-cmm.org\/en\/?s={search_term_string}\"},\"query-input\":{\"@type\":\"PropertyValueSpecification\",\"valueRequired\":true,\"valueName\":\"search_term_string\"}}],\"inLanguage\":\"fr-FR\"},{\"@type\":\"Organization\",\"@id\":\"https:\/\/mwc-cmm.org\/en\/#organization\",\"name\":\"Mennonite World Conference\",\"alternateName\":\"MWC\",\"url\":\"https:\/\/mwc-cmm.org\/en\/\",\"logo\":{\"@type\":\"ImageObject\",\"inLanguage\":\"fr-FR\",\"@id\":\"https:\/\/mwc-cmm.org\/en\/#\/schema\/logo\/image\/\",\"url\":\"https:\/\/mwc-cmm.org\/wp-content\/uploads\/2026\/01\/MWC_Sig_Blue_Horiz_webheader1-logo.svg\",\"contentUrl\":\"https:\/\/mwc-cmm.org\/wp-content\/uploads\/2026\/01\/MWC_Sig_Blue_Horiz_webheader1-logo.svg\",\"width\":786,\"height\":82,\"caption\":\"Mennonite World Conference\"},\"image\":{\"@id\":\"https:\/\/mwc-cmm.org\/en\/#\/schema\/logo\/image\/\"},\"sameAs\":[\"https:\/\/www.facebook.com\/MennoniteWorldConference\",\"https:\/\/www.linkedin.com\/company\/mennonite-world-conference-mwc\/\",\"https:\/\/www.instagram.com\/mwcmm\/\",\"https:\/\/www.youtube.com\/user\/mwccmm\",\"https:\/\/bsky.app\/profile\/mwcmm.bsky.social\"]},{\"@type\":\"Person\",\"@id\":\"https:\/\/mwc-cmm.org\/en\/#\/schema\/person\/11f6ae0d7d1868ba20a1cc27f067c836\",\"name\":\"mennworldcon\",\"image\":{\"@type\":\"ImageObject\",\"inLanguage\":\"fr-FR\",\"@id\":\"https:\/\/secure.gravatar.com\/avatar\/06fdc0dc81c157dfdb82ec42f252178a22307808988d22c043f9eb96f1e0fe80?s=96&d=mm&r=g\",\"url\":\"https:\/\/secure.gravatar.com\/avatar\/06fdc0dc81c157dfdb82ec42f252178a22307808988d22c043f9eb96f1e0fe80?s=96&d=mm&r=g\",\"contentUrl\":\"https:\/\/secure.gravatar.com\/avatar\/06fdc0dc81c157dfdb82ec42f252178a22307808988d22c043f9eb96f1e0fe80?s=96&d=mm&r=g\",\"caption\":\"mennworldcon\"},\"sameAs\":[\"https:\/\/mwc-cmm.org\"],\"url\":\"https:\/\/mwc-cmm.org\/fr\/stories\/author\/mennworldcon\/\"}]}<\/script>\n<!-- \/ Yoast SEO plugin. -->","yoast_head_json":{"title":"In Memoriam : Cornelius J. Dyck (1921-2014) - Mennonite World Conference","robots":{"index":"index","follow":"follow","max-snippet":"max-snippet:-1","max-image-preview":"max-image-preview:large","max-video-preview":"max-video-preview:-1"},"canonical":"https:\/\/mwc-cmm.org\/en\/stories\/memoriam-cornelius-j-dyck-1921-2014\/","og_locale":"fr_FR","og_type":"article","og_title":"In Memoriam : Cornelius J. Dyck (1921-2014) - Mennonite World Conference","og_description":"NULL","og_url":"https:\/\/mwc-cmm.org\/en\/stories\/memoriam-cornelius-j-dyck-1921-2014\/","og_site_name":"Mennonite World Conference","article_publisher":"https:\/\/www.facebook.com\/MennoniteWorldConference","article_published_time":"2014-11-24T00:00:00+00:00","article_modified_time":"2024-12-10T17:12:54+00:00","og_image":[{"width":330,"height":478,"url":"https:\/\/mwc-cmm.org\/wp-content\/uploads\/2024\/11\/cjdyck1998.jpg","type":"image\/jpeg"}],"author":"mennworldcon","schema":{"@context":"https:\/\/schema.org","@graph":[{"@type":"Article","@id":"https:\/\/mwc-cmm.org\/en\/stories\/memoriam-cornelius-j-dyck-1921-2014\/#article","isPartOf":{"@id":"https:\/\/mwc-cmm.org\/en\/stories\/memoriam-cornelius-j-dyck-1921-2014\/"},"author":{"name":"mennworldcon","@id":"https:\/\/mwc-cmm.org\/en\/#\/schema\/person\/11f6ae0d7d1868ba20a1cc27f067c836"},"headline":"In Memoriam : Cornelius J. Dyck (1921-2014)","datePublished":"2014-11-24T00:00:00+00:00","dateModified":"2024-12-10T17:12:54+00:00","mainEntityOfPage":{"@id":"https:\/\/mwc-cmm.org\/en\/stories\/memoriam-cornelius-j-dyck-1921-2014\/"},"wordCount":277,"publisher":{"@id":"https:\/\/mwc-cmm.org\/en\/#organization"},"image":{"@id":"https:\/\/mwc-cmm.org\/en\/stories\/memoriam-cornelius-j-dyck-1921-2014\/#primaryimage"},"thumbnailUrl":"https:\/\/mwc-cmm.org\/wp-content\/uploads\/2024\/11\/cjdyck1998.jpg","articleSection":["Non classifi\u00e9(e)"],"inLanguage":"fr-FR"},{"@type":"WebPage","@id":"https:\/\/mwc-cmm.org\/en\/stories\/memoriam-cornelius-j-dyck-1921-2014\/","url":"https:\/\/mwc-cmm.org\/en\/stories\/memoriam-cornelius-j-dyck-1921-2014\/","name":"In Memoriam : Cornelius J. Dyck (1921-2014) - Mennonite World Conference","isPartOf":{"@id":"https:\/\/mwc-cmm.org\/en\/#website"},"primaryImageOfPage":{"@id":"https:\/\/mwc-cmm.org\/en\/stories\/memoriam-cornelius-j-dyck-1921-2014\/#primaryimage"},"image":{"@id":"https:\/\/mwc-cmm.org\/en\/stories\/memoriam-cornelius-j-dyck-1921-2014\/#primaryimage"},"thumbnailUrl":"https:\/\/mwc-cmm.org\/wp-content\/uploads\/2024\/11\/cjdyck1998.jpg","datePublished":"2014-11-24T00:00:00+00:00","dateModified":"2024-12-10T17:12:54+00:00","breadcrumb":{"@id":"https:\/\/mwc-cmm.org\/en\/stories\/memoriam-cornelius-j-dyck-1921-2014\/#breadcrumb"},"inLanguage":"fr-FR","potentialAction":[{"@type":"ReadAction","target":["https:\/\/mwc-cmm.org\/en\/stories\/memoriam-cornelius-j-dyck-1921-2014\/"]}]},{"@type":"ImageObject","inLanguage":"fr-FR","@id":"https:\/\/mwc-cmm.org\/en\/stories\/memoriam-cornelius-j-dyck-1921-2014\/#primaryimage","url":"https:\/\/mwc-cmm.org\/wp-content\/uploads\/2024\/11\/cjdyck1998.jpg","contentUrl":"https:\/\/mwc-cmm.org\/wp-content\/uploads\/2024\/11\/cjdyck1998.jpg","width":330,"height":478},{"@type":"BreadcrumbList","@id":"https:\/\/mwc-cmm.org\/en\/stories\/memoriam-cornelius-j-dyck-1921-2014\/#breadcrumb","itemListElement":[{"@type":"ListItem","position":1,"name":"Home","item":"https:\/\/mwc-cmm.org\/fr\/"},{"@type":"ListItem","position":2,"name":"In Memoriam : Cornelius J. Dyck (1921-2014)"}]},{"@type":"WebSite","@id":"https:\/\/mwc-cmm.org\/en\/#website","url":"https:\/\/mwc-cmm.org\/en\/","name":"Mennonite World Conference","description":"A communion of Anabaptist-related churches","publisher":{"@id":"https:\/\/mwc-cmm.org\/en\/#organization"},"alternateName":"MWC","potentialAction":[{"@type":"SearchAction","target":{"@type":"EntryPoint","urlTemplate":"https:\/\/mwc-cmm.org\/en\/?s={search_term_string}"},"query-input":{"@type":"PropertyValueSpecification","valueRequired":true,"valueName":"search_term_string"}}],"inLanguage":"fr-FR"},{"@type":"Organization","@id":"https:\/\/mwc-cmm.org\/en\/#organization","name":"Mennonite World Conference","alternateName":"MWC","url":"https:\/\/mwc-cmm.org\/en\/","logo":{"@type":"ImageObject","inLanguage":"fr-FR","@id":"https:\/\/mwc-cmm.org\/en\/#\/schema\/logo\/image\/","url":"https:\/\/mwc-cmm.org\/wp-content\/uploads\/2026\/01\/MWC_Sig_Blue_Horiz_webheader1-logo.svg","contentUrl":"https:\/\/mwc-cmm.org\/wp-content\/uploads\/2026\/01\/MWC_Sig_Blue_Horiz_webheader1-logo.svg","width":786,"height":82,"caption":"Mennonite World Conference"},"image":{"@id":"https:\/\/mwc-cmm.org\/en\/#\/schema\/logo\/image\/"},"sameAs":["https:\/\/www.facebook.com\/MennoniteWorldConference","https:\/\/www.linkedin.com\/company\/mennonite-world-conference-mwc\/","https:\/\/www.instagram.com\/mwcmm\/","https:\/\/www.youtube.com\/user\/mwccmm","https:\/\/bsky.app\/profile\/mwcmm.bsky.social"]},{"@type":"Person","@id":"https:\/\/mwc-cmm.org\/en\/#\/schema\/person\/11f6ae0d7d1868ba20a1cc27f067c836","name":"mennworldcon","image":{"@type":"ImageObject","inLanguage":"fr-FR","@id":"https:\/\/secure.gravatar.com\/avatar\/06fdc0dc81c157dfdb82ec42f252178a22307808988d22c043f9eb96f1e0fe80?s=96&d=mm&r=g","url":"https:\/\/secure.gravatar.com\/avatar\/06fdc0dc81c157dfdb82ec42f252178a22307808988d22c043f9eb96f1e0fe80?s=96&d=mm&r=g","contentUrl":"https:\/\/secure.gravatar.com\/avatar\/06fdc0dc81c157dfdb82ec42f252178a22307808988d22c043f9eb96f1e0fe80?s=96&d=mm&r=g","caption":"mennworldcon"},"sameAs":["https:\/\/mwc-cmm.org"],"url":"https:\/\/mwc-cmm.org\/fr\/stories\/author\/mennworldcon\/"}]}},"_links":{"self":[{"href":"https:\/\/mwc-cmm.org\/fr\/wp-json\/wp\/v2\/posts\/9615","targetHints":{"allow":["GET"]}}],"collection":[{"href":"https:\/\/mwc-cmm.org\/fr\/wp-json\/wp\/v2\/posts"}],"about":[{"href":"https:\/\/mwc-cmm.org\/fr\/wp-json\/wp\/v2\/types\/post"}],"author":[{"embeddable":true,"href":"https:\/\/mwc-cmm.org\/fr\/wp-json\/wp\/v2\/users\/1"}],"replies":[{"embeddable":true,"href":"https:\/\/mwc-cmm.org\/fr\/wp-json\/wp\/v2\/comments?post=9615"}],"version-history":[{"count":0,"href":"https:\/\/mwc-cmm.org\/fr\/wp-json\/wp\/v2\/posts\/9615\/revisions"}],"wp:featuredmedia":[{"embeddable":true,"href":"https:\/\/mwc-cmm.org\/fr\/wp-json\/wp\/v2\/media\/85686"}],"wp:attachment":[{"href":"https:\/\/mwc-cmm.org\/fr\/wp-json\/wp\/v2\/media?parent=9615"}],"wp:term":[{"taxonomy":"category","embeddable":true,"href":"https:\/\/mwc-cmm.org\/fr\/wp-json\/wp\/v2\/categories?post=9615"},{"taxonomy":"post_tag","embeddable":true,"href":"https:\/\/mwc-cmm.org\/fr\/wp-json\/wp\/v2\/tags?post=9615"},{"taxonomy":"network","embeddable":true,"href":"https:\/\/mwc-cmm.org\/fr\/wp-json\/wp\/v2\/network?post=9615"},{"taxonomy":"eventcategory","embeddable":true,"href":"https:\/\/mwc-cmm.org\/fr\/wp-json\/wp\/v2\/eventcategory?post=9615"}],"curies":[{"name":"wp","href":"https:\/\/api.w.org\/{rel}","templated":true}]}}