{"id":9612,"date":"2014-02-07T00:00:00","date_gmt":"2014-02-07T00:00:00","guid":{"rendered":"https:\/\/mwc-cmm.org\/pilgrimage-of-justice-and-peace-reflecting-on-mennonite-contributions-to-the-global-ecumenical-movement-4\/"},"modified":"2024-12-10T17:12:53","modified_gmt":"2024-12-10T17:12:53","slug":"pilgrimage-of-justice-and-peace-reflecting-on-mennonite-contributions-to-the-global-ecumenical-movement-4","status":"publish","type":"post","link":"https:\/\/mwc-cmm.org\/fr\/stories\/pilgrimage-of-justice-and-peace-reflecting-on-mennonite-contributions-to-the-global-ecumenical-movement-4\/","title":{"rendered":"P\u00e8lerinage de justice et de paix \u2013 R\u00e9flexion sur les contributions mennonites au mouvement \u0153cum\u00e9nique mondial."},"content":{"rendered":"<p>Mobilit\u00e9 et flexibilit\u00e9 sont n\u00e9cessaires dans le monde aujourd&rsquo;hui pour beaucoup de jeunes : Universit\u00e9 dans une autre ville, rencontres interculturelles au cours de voyages, \u00e9largissement de ses propres horizons. Et quelque part entre tout cela, il y a ce \u00ab mennoniteness \u00bb (\u00ab <em>Mennonitisme<\/em> \u00bb) qui forme en partie qui vous \u00eates.<\/p>\n<p>Ces exp\u00e9riences d\u00e9crivent parfaitement ma r\u00e9alit\u00e9. Venant d&rsquo;une petite ville et une encore plus petite \u00e9glise mennonite en Allemagne, j&rsquo;ai saisi toutes les occasions possibles de voir quelque chose du monde. Cela m&rsquo;a amen\u00e9e dans plusieurs pays d\u2019Europe, en Isra\u00ebl\/Palestine, en Syrie, en Jordanie et aux Etats-Unis. Lorsque j&rsquo;ai \u00e9t\u00e9 invit\u00e9e \u00e0 me rendre en Cor\u00e9e du Sud, j&rsquo;ai \u00e9t\u00e9 totalement enthousiasm\u00e9, mais quelle \u00e9tait la raison de ce voyage ? C&rsquo;\u00e9tait pour la 10<sup>\u00e8me<\/sup> Assembl\u00e9e g\u00e9n\u00e9rale du Conseil \u0152cum\u00e9nique des Eglises (COE) du  30 octobre au 8 novembre 2013.<\/p>\n<p>Par le biais de quelques recherches, j&rsquo;ai appris que j&rsquo;allais \u00eatre une d\u00e9l\u00e9gu\u00e9e pour l&rsquo;\u00e9glise mennonite d&rsquo;Allemagne lors d&rsquo;un m\u00e9ga rassemblement de chr\u00e9tiens du monde entier qui a lieu tous les sept ans pour discuter des probl\u00e8mes d&rsquo;actualit\u00e9 th\u00e9ologiques et la\u00efques. D\u00e9fi accept\u00e9 !<\/p>\n<p>Dans le processus de pr\u00e9paration, j&rsquo;ai r\u00e9alis\u00e9 que c&rsquo;\u00e9tait plus difficile que pr\u00e9vu pour moi personnellement de d\u00e9couvrir comment, la jeune mennonite d&rsquo;Allemagne que je suis, pourrais contribuer au mouvement \u0153cum\u00e9nique mondial. J&rsquo;ai d\u00e9couvert que ce qui avait fa\u00e7onn\u00e9 ma foi \u00e9tait un ensemble color\u00e9 d&rsquo;influences, issu d&rsquo;un \u00e9ventail de traditions religieuses et d\u2019\u00e9glises. Lors de l&rsquo;Assembl\u00e9e du COE, il y avait de la sensibilit\u00e9 pour les diff\u00e9rentes confessions et d\u00e9nominations, leurs sp\u00e9cialit\u00e9s et leurs traditions, ce qui fut une exp\u00e9rience tr\u00e8s nouvelle pour moi. Dans ce contexte et avec d\u2019autres mennonites, il est devenu plus clair pour moi que l&rsquo;engagement th\u00e9ologique \u00e0 la non-violence et les cons\u00e9quences r\u00e9elles qui en ressortent est ce qui nous d\u00e9finit comme une \u00e9glise de la paix.<\/p>\n<p>Les mennonites ont amorc\u00e9 le dernier grand focus programmatique du COE, qui  \u00e9tait la d\u00e9cennie pour vaincre la violence entre 2001 et 2010. Certains Mennonites, qui sont impliqu\u00e9s dans le mouvement \u0153cum\u00e9nique depuis plus longtemps, ont partag\u00e9 avec moi leur exp\u00e9rience d\u2019\u00eatre consult\u00e9s par des coll\u00e8gues pour leurs points de vue sur plusieurs questions. J&rsquo;ai eu l&rsquo;impression que tout en ayant peu de membres, la tradition mennonite est tr\u00e8s appr\u00e9ci\u00e9e par le COE et les particuliers. Le fait que la paix et la justice soient maintenant des questions au c\u0153ur du COE montre que ce qui a historiquement toujours \u00e9t\u00e9 des sujets d\u2019int\u00e9r\u00eat pour les mennonites, sont d\u00e9sormais (et l\u2019ont \u00e9galement \u00e9t\u00e9 avant!) au c\u0153ur du monde du christianisme. Cela a aussi \u00e9t\u00e9 d\u00e9montr\u00e9 lorsqu&rsquo;ils se sont r\u00e9unis et ont pri\u00e9 la pri\u00e8re th\u00e8me de l&rsquo;Assembl\u00e9e: \u00abDieu de la vie, m\u00e8ne-nous \u00e0 la justice et \u00e0 la paix. \u00bb<\/p>\n<p>Un des moments qui m\u2019a le plus \u00e9mue et impressionn\u00e9e fut quand un jeune homme de Cor\u00e9e du Sud s&rsquo;est joint \u00e0 une des r\u00e9unions de nos Eglises pour la paix (avec des participants des Quakers et de l&rsquo;Eglise des Fr\u00e8res). Il allait bient\u00f4t \u00eatre un objecteur de conscience au service militaire en Cor\u00e9e du Sud de par sa foi dans la non-violence. Ce qui est devenu normal en Allemagne, objecter par conscience, est toujours puni par une peine de prison de 18 mois et par des discriminations \u00e0 vie en Cor\u00e9e du Sud. Malgr\u00e9 ces cons\u00e9quences, ce jeune cor\u00e9en s&rsquo;\u00e9levait parmi nous pour nous parler de sa vie et de son engagement \u00e0 vivre selon sa conviction, demandant nos pri\u00e8res et notre soutien. Malheureusement, ce jeune homme n&rsquo;a pas \u00e9t\u00e9 entendu par tout le rassemblement  ni par certaines \u00e9glises, y compris celles en Cor\u00e9e, qui ne voient pas la n\u00e9cessit\u00e9 de changer le statu quo. N\u00e9anmoins, nous pouvons prier pour ceux qui souffrent pour leur foi et luttent ainsi pour la paix et la justice.<\/p>\n<p>Maintenant ce m\u00e9ga-\u00e9v\u00e9nement semble d\u00e9j\u00e0 loin, et ceux d&rsquo;entre vous qui lisez ceci pourraient vous demander en quoi cela vous concerne. L&rsquo;issue de l&rsquo;assembl\u00e9e du COE va guider le travail programmatique du COE pendant les 8 prochaines ann\u00e9es : nous, les croyants, faisons un p\u00e8lerinage de la justice et de la paix ! Cela inclut les croyants dans le monde, ceux qui font partie du COE et ceux qui ne le sont pas. Donc, peu importe ce qui vous a amen\u00e9 \u00e0 lire ce blog, soyez encourag\u00e9s \u00e0 rencontrer des gens dans votre contexte et \u00e0 discuter avec eux de votre r\u00f4le dans la fraternit\u00e9 chr\u00e9tienne mondiale, et de comment vous pouvez contribuer \u00e0 un monde pacifique et plus juste.<\/p>\n<p>Quand je suis arriv\u00e9e \u00e0 l&rsquo;assembl\u00e9e du COE je la regardais avec la question \u00e0 l&rsquo;esprit, \u00ab qu\u2019est-ce que la COE peut faire pour moi? \u00bb Au lieu de cela, j&rsquo;ai d\u00e9couvert que ce n\u2019est pas la COE qui fait quelque chose pour moi, mais chacun d&rsquo;entre nous, membres de la famille de Dieu qui forment l&rsquo;\u00e9glise mondiale et qui ensembles avons un impact. Il me tarde d\u2019avancer avec vous sur ce chemin de p\u00e8lerinage.<\/p>\n<p>Par Lydia Funck<\/p>\n<\/p>\n<p>* Les opinions exprim\u00e9es dans la section <em>t\u00e9moignages<\/em> expriment les convictions de foi et les exp\u00e9riences des auteurs et ne refl\u00e8tent pas n\u00e9cessairement les vues de la Conf\u00e9rence Mennonite Mondiale.<\/p><\/p>\n","protected":false},"excerpt":{"rendered":"<p>NULL<\/p>\n","protected":false},"author":1,"featured_media":85644,"comment_status":"closed","ping_status":"closed","sticky":false,"template":"","format":"standard","meta":{"_acf_changed":false,"footnotes":""},"categories":[7],"tags":[429],"network":[1285],"eventcategory":[],"class_list":["post-9612","post","type-post","status-publish","format-standard","has-post-thumbnail","hentry","category-non-classifiee","tag-gys","network-young-anabaptists-fr"],"acf":[],"yoast_head":"<!-- This site is optimized with the Yoast SEO plugin v27.2 - https:\/\/yoast.com\/product\/yoast-seo-wordpress\/ -->\n<title>P\u00e8lerinage de justice et de paix \u2013 R\u00e9flexion sur les contributions mennonites au mouvement \u0153cum\u00e9nique mondial. - Mennonite World Conference<\/title>\n<meta name=\"robots\" content=\"index, follow, max-snippet:-1, max-image-preview:large, max-video-preview:-1\" \/>\n<link rel=\"canonical\" href=\"https:\/\/mwc-cmm.org\/fr\/stories\/pilgrimage-of-justice-and-peace-reflecting-on-mennonite-contributions-to-the-global-ecumenical-movement-4\/\" \/>\n<meta property=\"og:locale\" content=\"fr_FR\" \/>\n<meta property=\"og:type\" content=\"article\" \/>\n<meta property=\"og:title\" content=\"P\u00e8lerinage de justice et de paix \u2013 R\u00e9flexion sur les contributions mennonites au mouvement \u0153cum\u00e9nique mondial. - Mennonite World Conference\" \/>\n<meta property=\"og:description\" content=\"NULL\" \/>\n<meta property=\"og:url\" content=\"https:\/\/mwc-cmm.org\/fr\/stories\/pilgrimage-of-justice-and-peace-reflecting-on-mennonite-contributions-to-the-global-ecumenical-movement-4\/\" \/>\n<meta property=\"og:site_name\" content=\"Mennonite World Conference\" \/>\n<meta property=\"article:publisher\" content=\"https:\/\/www.facebook.com\/MennoniteWorldConference\" \/>\n<meta property=\"article:published_time\" content=\"2014-02-07T00:00:00+00:00\" \/>\n<meta property=\"article:modified_time\" content=\"2024-12-10T17:12:53+00:00\" \/>\n<meta property=\"og:image\" content=\"https:\/\/mwc-cmm.org\/wp-content\/uploads\/2024\/11\/blog-lydia2.jpg\" \/>\n\t<meta property=\"og:image:width\" content=\"575\" \/>\n\t<meta property=\"og:image:height\" content=\"429\" \/>\n\t<meta property=\"og:image:type\" content=\"image\/jpeg\" \/>\n<meta name=\"author\" content=\"mennworldcon\" \/>\n<script type=\"application\/ld+json\" class=\"yoast-schema-graph\">{\"@context\":\"https:\/\/schema.org\",\"@graph\":[{\"@type\":\"Article\",\"@id\":\"https:\/\/mwc-cmm.org\/fr\/stories\/pilgrimage-of-justice-and-peace-reflecting-on-mennonite-contributions-to-the-global-ecumenical-movement-4\/#article\",\"isPartOf\":{\"@id\":\"https:\/\/mwc-cmm.org\/fr\/stories\/pilgrimage-of-justice-and-peace-reflecting-on-mennonite-contributions-to-the-global-ecumenical-movement-4\/\"},\"author\":{\"name\":\"mennworldcon\",\"@id\":\"https:\/\/mwc-cmm.org\/en\/#\/schema\/person\/11f6ae0d7d1868ba20a1cc27f067c836\"},\"headline\":\"P\u00e8lerinage de justice et de paix \u2013 R\u00e9flexion sur les contributions mennonites au mouvement \u0153cum\u00e9nique mondial.\",\"datePublished\":\"2014-02-07T00:00:00+00:00\",\"dateModified\":\"2024-12-10T17:12:53+00:00\",\"mainEntityOfPage\":{\"@id\":\"https:\/\/mwc-cmm.org\/fr\/stories\/pilgrimage-of-justice-and-peace-reflecting-on-mennonite-contributions-to-the-global-ecumenical-movement-4\/\"},\"wordCount\":988,\"publisher\":{\"@id\":\"https:\/\/mwc-cmm.org\/en\/#organization\"},\"image\":{\"@id\":\"https:\/\/mwc-cmm.org\/fr\/stories\/pilgrimage-of-justice-and-peace-reflecting-on-mennonite-contributions-to-the-global-ecumenical-movement-4\/#primaryimage\"},\"thumbnailUrl\":\"https:\/\/mwc-cmm.org\/wp-content\/uploads\/2024\/11\/blog-lydia2.jpg\",\"keywords\":[\"GYS\"],\"articleSection\":[\"Non classifi\u00e9(e)\"],\"inLanguage\":\"fr-FR\"},{\"@type\":\"WebPage\",\"@id\":\"https:\/\/mwc-cmm.org\/fr\/stories\/pilgrimage-of-justice-and-peace-reflecting-on-mennonite-contributions-to-the-global-ecumenical-movement-4\/\",\"url\":\"https:\/\/mwc-cmm.org\/fr\/stories\/pilgrimage-of-justice-and-peace-reflecting-on-mennonite-contributions-to-the-global-ecumenical-movement-4\/\",\"name\":\"P\u00e8lerinage de justice et de paix \u2013 R\u00e9flexion sur les contributions mennonites au mouvement \u0153cum\u00e9nique mondial. - Mennonite World Conference\",\"isPartOf\":{\"@id\":\"https:\/\/mwc-cmm.org\/en\/#website\"},\"primaryImageOfPage\":{\"@id\":\"https:\/\/mwc-cmm.org\/fr\/stories\/pilgrimage-of-justice-and-peace-reflecting-on-mennonite-contributions-to-the-global-ecumenical-movement-4\/#primaryimage\"},\"image\":{\"@id\":\"https:\/\/mwc-cmm.org\/fr\/stories\/pilgrimage-of-justice-and-peace-reflecting-on-mennonite-contributions-to-the-global-ecumenical-movement-4\/#primaryimage\"},\"thumbnailUrl\":\"https:\/\/mwc-cmm.org\/wp-content\/uploads\/2024\/11\/blog-lydia2.jpg\",\"datePublished\":\"2014-02-07T00:00:00+00:00\",\"dateModified\":\"2024-12-10T17:12:53+00:00\",\"breadcrumb\":{\"@id\":\"https:\/\/mwc-cmm.org\/fr\/stories\/pilgrimage-of-justice-and-peace-reflecting-on-mennonite-contributions-to-the-global-ecumenical-movement-4\/#breadcrumb\"},\"inLanguage\":\"fr-FR\",\"potentialAction\":[{\"@type\":\"ReadAction\",\"target\":[\"https:\/\/mwc-cmm.org\/fr\/stories\/pilgrimage-of-justice-and-peace-reflecting-on-mennonite-contributions-to-the-global-ecumenical-movement-4\/\"]}]},{\"@type\":\"ImageObject\",\"inLanguage\":\"fr-FR\",\"@id\":\"https:\/\/mwc-cmm.org\/fr\/stories\/pilgrimage-of-justice-and-peace-reflecting-on-mennonite-contributions-to-the-global-ecumenical-movement-4\/#primaryimage\",\"url\":\"https:\/\/mwc-cmm.org\/wp-content\/uploads\/2024\/11\/blog-lydia2.jpg\",\"contentUrl\":\"https:\/\/mwc-cmm.org\/wp-content\/uploads\/2024\/11\/blog-lydia2.jpg\",\"width\":575,\"height\":429},{\"@type\":\"BreadcrumbList\",\"@id\":\"https:\/\/mwc-cmm.org\/fr\/stories\/pilgrimage-of-justice-and-peace-reflecting-on-mennonite-contributions-to-the-global-ecumenical-movement-4\/#breadcrumb\",\"itemListElement\":[{\"@type\":\"ListItem\",\"position\":1,\"name\":\"Home\",\"item\":\"https:\/\/mwc-cmm.org\/fr\/\"},{\"@type\":\"ListItem\",\"position\":2,\"name\":\"P\u00e8lerinage de justice et de paix \u2013 R\u00e9flexion sur les contributions mennonites au mouvement \u0153cum\u00e9nique mondial.\"}]},{\"@type\":\"WebSite\",\"@id\":\"https:\/\/mwc-cmm.org\/en\/#website\",\"url\":\"https:\/\/mwc-cmm.org\/en\/\",\"name\":\"Mennonite World Conference\",\"description\":\"A communion of Anabaptist-related churches\",\"publisher\":{\"@id\":\"https:\/\/mwc-cmm.org\/en\/#organization\"},\"alternateName\":\"MWC\",\"potentialAction\":[{\"@type\":\"SearchAction\",\"target\":{\"@type\":\"EntryPoint\",\"urlTemplate\":\"https:\/\/mwc-cmm.org\/en\/?s={search_term_string}\"},\"query-input\":{\"@type\":\"PropertyValueSpecification\",\"valueRequired\":true,\"valueName\":\"search_term_string\"}}],\"inLanguage\":\"fr-FR\"},{\"@type\":\"Organization\",\"@id\":\"https:\/\/mwc-cmm.org\/en\/#organization\",\"name\":\"Mennonite World Conference\",\"alternateName\":\"MWC\",\"url\":\"https:\/\/mwc-cmm.org\/en\/\",\"logo\":{\"@type\":\"ImageObject\",\"inLanguage\":\"fr-FR\",\"@id\":\"https:\/\/mwc-cmm.org\/en\/#\/schema\/logo\/image\/\",\"url\":\"https:\/\/mwc-cmm.org\/wp-content\/uploads\/2026\/01\/MWC_Sig_Blue_Horiz_webheader1-logo.svg\",\"contentUrl\":\"https:\/\/mwc-cmm.org\/wp-content\/uploads\/2026\/01\/MWC_Sig_Blue_Horiz_webheader1-logo.svg\",\"width\":786,\"height\":82,\"caption\":\"Mennonite World Conference\"},\"image\":{\"@id\":\"https:\/\/mwc-cmm.org\/en\/#\/schema\/logo\/image\/\"},\"sameAs\":[\"https:\/\/www.facebook.com\/MennoniteWorldConference\",\"https:\/\/www.linkedin.com\/company\/mennonite-world-conference-mwc\/\",\"https:\/\/www.instagram.com\/mwcmm\/\",\"https:\/\/www.youtube.com\/user\/mwccmm\",\"https:\/\/bsky.app\/profile\/mwcmm.bsky.social\"]},{\"@type\":\"Person\",\"@id\":\"https:\/\/mwc-cmm.org\/en\/#\/schema\/person\/11f6ae0d7d1868ba20a1cc27f067c836\",\"name\":\"mennworldcon\",\"image\":{\"@type\":\"ImageObject\",\"inLanguage\":\"fr-FR\",\"@id\":\"https:\/\/secure.gravatar.com\/avatar\/06fdc0dc81c157dfdb82ec42f252178a22307808988d22c043f9eb96f1e0fe80?s=96&d=mm&r=g\",\"url\":\"https:\/\/secure.gravatar.com\/avatar\/06fdc0dc81c157dfdb82ec42f252178a22307808988d22c043f9eb96f1e0fe80?s=96&d=mm&r=g\",\"contentUrl\":\"https:\/\/secure.gravatar.com\/avatar\/06fdc0dc81c157dfdb82ec42f252178a22307808988d22c043f9eb96f1e0fe80?s=96&d=mm&r=g\",\"caption\":\"mennworldcon\"},\"sameAs\":[\"https:\/\/mwc-cmm.org\"],\"url\":\"https:\/\/mwc-cmm.org\/fr\/stories\/author\/mennworldcon\/\"}]}<\/script>\n<!-- \/ Yoast SEO plugin. -->","yoast_head_json":{"title":"P\u00e8lerinage de justice et de paix \u2013 R\u00e9flexion sur les contributions mennonites au mouvement \u0153cum\u00e9nique mondial. - Mennonite World Conference","robots":{"index":"index","follow":"follow","max-snippet":"max-snippet:-1","max-image-preview":"max-image-preview:large","max-video-preview":"max-video-preview:-1"},"canonical":"https:\/\/mwc-cmm.org\/fr\/stories\/pilgrimage-of-justice-and-peace-reflecting-on-mennonite-contributions-to-the-global-ecumenical-movement-4\/","og_locale":"fr_FR","og_type":"article","og_title":"P\u00e8lerinage de justice et de paix \u2013 R\u00e9flexion sur les contributions mennonites au mouvement \u0153cum\u00e9nique mondial. - Mennonite World Conference","og_description":"NULL","og_url":"https:\/\/mwc-cmm.org\/fr\/stories\/pilgrimage-of-justice-and-peace-reflecting-on-mennonite-contributions-to-the-global-ecumenical-movement-4\/","og_site_name":"Mennonite World Conference","article_publisher":"https:\/\/www.facebook.com\/MennoniteWorldConference","article_published_time":"2014-02-07T00:00:00+00:00","article_modified_time":"2024-12-10T17:12:53+00:00","og_image":[{"width":575,"height":429,"url":"https:\/\/mwc-cmm.org\/wp-content\/uploads\/2024\/11\/blog-lydia2.jpg","type":"image\/jpeg"}],"author":"mennworldcon","schema":{"@context":"https:\/\/schema.org","@graph":[{"@type":"Article","@id":"https:\/\/mwc-cmm.org\/fr\/stories\/pilgrimage-of-justice-and-peace-reflecting-on-mennonite-contributions-to-the-global-ecumenical-movement-4\/#article","isPartOf":{"@id":"https:\/\/mwc-cmm.org\/fr\/stories\/pilgrimage-of-justice-and-peace-reflecting-on-mennonite-contributions-to-the-global-ecumenical-movement-4\/"},"author":{"name":"mennworldcon","@id":"https:\/\/mwc-cmm.org\/en\/#\/schema\/person\/11f6ae0d7d1868ba20a1cc27f067c836"},"headline":"P\u00e8lerinage de justice et de paix \u2013 R\u00e9flexion sur les contributions mennonites au mouvement \u0153cum\u00e9nique mondial.","datePublished":"2014-02-07T00:00:00+00:00","dateModified":"2024-12-10T17:12:53+00:00","mainEntityOfPage":{"@id":"https:\/\/mwc-cmm.org\/fr\/stories\/pilgrimage-of-justice-and-peace-reflecting-on-mennonite-contributions-to-the-global-ecumenical-movement-4\/"},"wordCount":988,"publisher":{"@id":"https:\/\/mwc-cmm.org\/en\/#organization"},"image":{"@id":"https:\/\/mwc-cmm.org\/fr\/stories\/pilgrimage-of-justice-and-peace-reflecting-on-mennonite-contributions-to-the-global-ecumenical-movement-4\/#primaryimage"},"thumbnailUrl":"https:\/\/mwc-cmm.org\/wp-content\/uploads\/2024\/11\/blog-lydia2.jpg","keywords":["GYS"],"articleSection":["Non classifi\u00e9(e)"],"inLanguage":"fr-FR"},{"@type":"WebPage","@id":"https:\/\/mwc-cmm.org\/fr\/stories\/pilgrimage-of-justice-and-peace-reflecting-on-mennonite-contributions-to-the-global-ecumenical-movement-4\/","url":"https:\/\/mwc-cmm.org\/fr\/stories\/pilgrimage-of-justice-and-peace-reflecting-on-mennonite-contributions-to-the-global-ecumenical-movement-4\/","name":"P\u00e8lerinage de justice et de paix \u2013 R\u00e9flexion sur les contributions mennonites au mouvement \u0153cum\u00e9nique mondial. - Mennonite World Conference","isPartOf":{"@id":"https:\/\/mwc-cmm.org\/en\/#website"},"primaryImageOfPage":{"@id":"https:\/\/mwc-cmm.org\/fr\/stories\/pilgrimage-of-justice-and-peace-reflecting-on-mennonite-contributions-to-the-global-ecumenical-movement-4\/#primaryimage"},"image":{"@id":"https:\/\/mwc-cmm.org\/fr\/stories\/pilgrimage-of-justice-and-peace-reflecting-on-mennonite-contributions-to-the-global-ecumenical-movement-4\/#primaryimage"},"thumbnailUrl":"https:\/\/mwc-cmm.org\/wp-content\/uploads\/2024\/11\/blog-lydia2.jpg","datePublished":"2014-02-07T00:00:00+00:00","dateModified":"2024-12-10T17:12:53+00:00","breadcrumb":{"@id":"https:\/\/mwc-cmm.org\/fr\/stories\/pilgrimage-of-justice-and-peace-reflecting-on-mennonite-contributions-to-the-global-ecumenical-movement-4\/#breadcrumb"},"inLanguage":"fr-FR","potentialAction":[{"@type":"ReadAction","target":["https:\/\/mwc-cmm.org\/fr\/stories\/pilgrimage-of-justice-and-peace-reflecting-on-mennonite-contributions-to-the-global-ecumenical-movement-4\/"]}]},{"@type":"ImageObject","inLanguage":"fr-FR","@id":"https:\/\/mwc-cmm.org\/fr\/stories\/pilgrimage-of-justice-and-peace-reflecting-on-mennonite-contributions-to-the-global-ecumenical-movement-4\/#primaryimage","url":"https:\/\/mwc-cmm.org\/wp-content\/uploads\/2024\/11\/blog-lydia2.jpg","contentUrl":"https:\/\/mwc-cmm.org\/wp-content\/uploads\/2024\/11\/blog-lydia2.jpg","width":575,"height":429},{"@type":"BreadcrumbList","@id":"https:\/\/mwc-cmm.org\/fr\/stories\/pilgrimage-of-justice-and-peace-reflecting-on-mennonite-contributions-to-the-global-ecumenical-movement-4\/#breadcrumb","itemListElement":[{"@type":"ListItem","position":1,"name":"Home","item":"https:\/\/mwc-cmm.org\/fr\/"},{"@type":"ListItem","position":2,"name":"P\u00e8lerinage de justice et de paix \u2013 R\u00e9flexion sur les contributions mennonites au mouvement \u0153cum\u00e9nique mondial."}]},{"@type":"WebSite","@id":"https:\/\/mwc-cmm.org\/en\/#website","url":"https:\/\/mwc-cmm.org\/en\/","name":"Mennonite World Conference","description":"A communion of Anabaptist-related churches","publisher":{"@id":"https:\/\/mwc-cmm.org\/en\/#organization"},"alternateName":"MWC","potentialAction":[{"@type":"SearchAction","target":{"@type":"EntryPoint","urlTemplate":"https:\/\/mwc-cmm.org\/en\/?s={search_term_string}"},"query-input":{"@type":"PropertyValueSpecification","valueRequired":true,"valueName":"search_term_string"}}],"inLanguage":"fr-FR"},{"@type":"Organization","@id":"https:\/\/mwc-cmm.org\/en\/#organization","name":"Mennonite World Conference","alternateName":"MWC","url":"https:\/\/mwc-cmm.org\/en\/","logo":{"@type":"ImageObject","inLanguage":"fr-FR","@id":"https:\/\/mwc-cmm.org\/en\/#\/schema\/logo\/image\/","url":"https:\/\/mwc-cmm.org\/wp-content\/uploads\/2026\/01\/MWC_Sig_Blue_Horiz_webheader1-logo.svg","contentUrl":"https:\/\/mwc-cmm.org\/wp-content\/uploads\/2026\/01\/MWC_Sig_Blue_Horiz_webheader1-logo.svg","width":786,"height":82,"caption":"Mennonite World Conference"},"image":{"@id":"https:\/\/mwc-cmm.org\/en\/#\/schema\/logo\/image\/"},"sameAs":["https:\/\/www.facebook.com\/MennoniteWorldConference","https:\/\/www.linkedin.com\/company\/mennonite-world-conference-mwc\/","https:\/\/www.instagram.com\/mwcmm\/","https:\/\/www.youtube.com\/user\/mwccmm","https:\/\/bsky.app\/profile\/mwcmm.bsky.social"]},{"@type":"Person","@id":"https:\/\/mwc-cmm.org\/en\/#\/schema\/person\/11f6ae0d7d1868ba20a1cc27f067c836","name":"mennworldcon","image":{"@type":"ImageObject","inLanguage":"fr-FR","@id":"https:\/\/secure.gravatar.com\/avatar\/06fdc0dc81c157dfdb82ec42f252178a22307808988d22c043f9eb96f1e0fe80?s=96&d=mm&r=g","url":"https:\/\/secure.gravatar.com\/avatar\/06fdc0dc81c157dfdb82ec42f252178a22307808988d22c043f9eb96f1e0fe80?s=96&d=mm&r=g","contentUrl":"https:\/\/secure.gravatar.com\/avatar\/06fdc0dc81c157dfdb82ec42f252178a22307808988d22c043f9eb96f1e0fe80?s=96&d=mm&r=g","caption":"mennworldcon"},"sameAs":["https:\/\/mwc-cmm.org"],"url":"https:\/\/mwc-cmm.org\/fr\/stories\/author\/mennworldcon\/"}]}},"_links":{"self":[{"href":"https:\/\/mwc-cmm.org\/fr\/wp-json\/wp\/v2\/posts\/9612","targetHints":{"allow":["GET"]}}],"collection":[{"href":"https:\/\/mwc-cmm.org\/fr\/wp-json\/wp\/v2\/posts"}],"about":[{"href":"https:\/\/mwc-cmm.org\/fr\/wp-json\/wp\/v2\/types\/post"}],"author":[{"embeddable":true,"href":"https:\/\/mwc-cmm.org\/fr\/wp-json\/wp\/v2\/users\/1"}],"replies":[{"embeddable":true,"href":"https:\/\/mwc-cmm.org\/fr\/wp-json\/wp\/v2\/comments?post=9612"}],"version-history":[{"count":0,"href":"https:\/\/mwc-cmm.org\/fr\/wp-json\/wp\/v2\/posts\/9612\/revisions"}],"wp:featuredmedia":[{"embeddable":true,"href":"https:\/\/mwc-cmm.org\/fr\/wp-json\/wp\/v2\/media\/85644"}],"wp:attachment":[{"href":"https:\/\/mwc-cmm.org\/fr\/wp-json\/wp\/v2\/media?parent=9612"}],"wp:term":[{"taxonomy":"category","embeddable":true,"href":"https:\/\/mwc-cmm.org\/fr\/wp-json\/wp\/v2\/categories?post=9612"},{"taxonomy":"post_tag","embeddable":true,"href":"https:\/\/mwc-cmm.org\/fr\/wp-json\/wp\/v2\/tags?post=9612"},{"taxonomy":"network","embeddable":true,"href":"https:\/\/mwc-cmm.org\/fr\/wp-json\/wp\/v2\/network?post=9612"},{"taxonomy":"eventcategory","embeddable":true,"href":"https:\/\/mwc-cmm.org\/fr\/wp-json\/wp\/v2\/eventcategory?post=9612"}],"curies":[{"name":"wp","href":"https:\/\/api.w.org\/{rel}","templated":true}]}}