{"id":9610,"date":"2014-01-17T00:00:00","date_gmt":"2014-01-17T00:00:00","guid":{"rendered":"https:\/\/mwc-cmm.org\/a-foretaste-of-heaven-on-earth-4\/"},"modified":"2024-12-10T17:12:52","modified_gmt":"2024-12-10T17:12:52","slug":"un-avant-goot-du-paradis-sur-terre","status":"publish","type":"post","link":"https:\/\/mwc-cmm.org\/fr\/stories\/un-avant-goot-du-paradis-sur-terre\/","title":{"rendered":"Un avant-go\u00fbt du paradis sur terre"},"content":{"rendered":"<p>Les derni\u00e8res semaines d\u2019ao\u00fbt ont \u00e9t\u00e9 bien remplies \u00e0 la CMM ! Nous avons produit des centaines de documents concernant des demandes de visa pour des membres. Notre Commission Diacres a organis\u00e9 la visite d\u2019une d\u00e9l\u00e9gation des cinq r\u00e9gions continentales aux \u00e9glises d&rsquo;Angola. Les membres du Comit\u00e9 Ex\u00e9cutif ont planifi\u00e9 leur r\u00e9union au Zimbabwe et moi, en tant que secr\u00e9taire g\u00e9n\u00e9ral, j\u2019ai pr\u00e9par\u00e9 la visite de nos \u00e9glises au Malawi. Un peu plus tard, nous avons aussi envoy\u00e9 des demandes de visa aux ambassades du Japon, de Cor\u00e9e, d\u2019Indon\u00e9sie, des Pays-Bas et de Suisse !<\/p>\n<p>Malgr\u00e9 l\u2019\u00e9norme travail de nombreuses personnes, certains visas n&rsquo;ont pas \u00e9t\u00e9 accordes. La frustration \u00e9tait grande pour ceux qui ont pass\u00e9 des heures \u00e0 pr\u00e9parer les documents, envoyer d\u2019innombrables courriels et t\u00e9l\u00e9phoner aux ambassades\u2026 En outre, tout cela a un co\u00fbt. Comment se reposer en Dieu quand nous rencontrons tellement d\u2019obstacles en tant qu\u2019\u00c9glise, de la part des gouvernements la\u00efcs ?<\/p>\n<p>Au sein de cette frustration, je me suis rappel\u00e9 une r\u00e9cente conversation. \u201cNous devrions refaire cela !&rsquo;, m&rsquo;a dit un pasteur, coll\u00e8gue de Bogot\u00e1, apr\u00e8s la c\u00e9l\u00e9bration du Dimanche de la Fraternit\u00e9 Mondiale en janvier de cette ann\u00e9e. Cette c\u00e9l\u00e9bration a r\u00e9uni \u2013 pour la premi\u00e8re fois ! \u2013 toutes les assembl\u00e9es Fr\u00e8res mennonites, Fr\u00e8res en Christ et mennonites de Bogot\u00e1. Toutes les communaut\u00e9s avaient annul\u00e9 leur culte et ferm\u00e9 leur b\u00e2timent.<\/p>\n<p>Des centaines de personnes des trois groupes anabaptistes de Bogot\u00e1, ainsi que des repr\u00e9sentants des organisations anabaptistes missionnaires, travaillant pour la paix, le d\u00e9veloppement communautaire, la sant\u00e9 et l\u2019\u00e9ducation participaient \u00e0 cette rencontre.<\/p>\n<p>Chaque \u00e9glise et ses responsables ont particip\u00e9 \u00e0 une c\u00e9l\u00e9bration commune. Tous ont apport\u00e9 leurs dons et leur unique personnalit\u00e9. Ce fut une b\u00e9n\u00e9diction extraordinaire !<\/p>\n<p>Pourquoi est-il si important de c\u00e9l\u00e9brer le Dimanche de la Fraternit\u00e9 Mondiale ? Quel est le rapport avec la question des visas mentionn\u00e9e ci-dessus ?<\/p>\n<p>Je crois que le culte particulier que nous comm\u00e9morons le dimanche du mois le plus proche de la date du premier bapt\u00eame \u00e0 Zurich (21 janvier 1525), ne peut \u00eatre compar\u00e9 qu\u2019aux rassemblements mondiaux de la CMM tous les six ans. Lors de ces r\u00e9unions, nous nous tournons vers Dieu pour exprimer notre gratitude pour son action au sein de notre communaut\u00e9 mondiale.<\/p>\n<p>Nous sommes reconnaissants pour les dons de notre famille spirituelle : les missionnaires qui ont donn\u00e9 leur vie pour t\u00e9moigner du Christ, les fr\u00e8res et s\u0153urs d\u00e9sireux de servir les d\u00e9munis, les enseignants qui forment des disciples \u00e0 travers leur vie et leur caract\u00e8re, les pasteurs qui s&rsquo;occupent des paroisses, les personnes g\u00e9n\u00e9reuses qui financent l&rsquo;\u0153uvre du Christ, les pacifistes qui enseignent a g\u00e9rer les confits comme J\u00e9sus. Notre communaut\u00e9 mondiale est richement b\u00e9nie ! Le Dimanche de la Fraternit\u00e9 Mondiale nous donne l\u2019occasion de reconna\u00eetre et d\u2019exprimer notre gratitude \u00e0 Dieu.<\/p>\n<p>Le Dimanche de la Fraternit\u00e9 Mondiale envoie un message clair pour surmonter les obstacles qui entravent le travail de l\u2019\u00c9glise \u2013 y compris les probl\u00e8mes de visa. Lorsque nous nous r\u00e9unissons, nous nous rappelons que nous sommes un en Christ et qu\u2019il est vainqueur sur la croix des diff\u00e9rences administratives, th\u00e9ologiques, culturelles, g\u00e9ographiques, nationales, politiques, sexuelles, raciales et \u00e9conomiques. Il a fait de nous un seul corps, et par son Esprit, le miracle de l\u2019unit\u00e9 est devenu possible !<\/p>\n<p>Lors des cultes o\u00f9 se rassemblent des assembl\u00e9es locales de diff\u00e9rentes unions d\u2019\u00e9glises anabaptistes \u2013 surmontant les diff\u00e9rences ethniques et sociales \u2013 nous proclamons que le Christ a d\u00e9truit les murs qui autrefois nous s\u00e9paraient. Nous proclamons que la nouvelle cr\u00e9ation est d\u00e9j\u00e0 une r\u00e9alit\u00e9 dans nos vies. Et lorsque nous faisons des offrandes pour l\u2019\u00c9glise mondiale, nous nous rendons compte que notre raison d\u2019\u00eatre va bien au-del\u00e0 du besoin personnel ou local. Nous sommes r\u00e9unis pour b\u00e9nir les peuples de toute la terre !<\/p>\n<p>Gr\u00e2ce \u00e0 tout ce qui pr\u00e9c\u00e8de, nous d\u00e9couvrons J\u00e9sus d\u2019une mani\u00e8re sp\u00e9ciale le Dimanche de la Fraternit\u00e9 Mondiale. Nous d\u00e9couvrons que nous-m\u00eames sommes transform\u00e9s de bien des mani\u00e8res.<\/p>\n<p>Quel r\u00e9confort je ressens en me souvenant de tout cela ! Et quel r\u00e9confort je trouverai en y repensant, la prochaine fois que je serai frustr\u00e9 par les proc\u00e9dures de demande de visa ! Comme il est bon pour des fr\u00e8res et s\u0153urs de vivre ensemble dans l\u2019unit\u00e9 !<\/p>\n<p><em>Cesar Garcia, secr\u00e9taire general de la CMM&nbsp;<\/em><\/p>\n<p>&nbsp;<\/p>\n","protected":false},"excerpt":{"rendered":"<p>Les derni\u00e8res semaines d\u2019ao\u00fbt ont \u00e9t\u00e9 bien remplies \u00e0 la CMM ! Nous avons produit des centaines de documents concernant des demandes de visa pour des membres. Notre Commission Diacres a organis\u00e9 la visite d\u2019une d\u00e9l\u00e9gation des cinq r\u00e9gions continentales aux \u00e9glises d&rsquo;Angola. Les membres du Comit\u00e9 Ex\u00e9cutif ont planifi\u00e9 leur r\u00e9union au Zimbabwe et [&hellip;]<\/p>\n","protected":false},"author":1,"featured_media":85630,"comment_status":"closed","ping_status":"closed","sticky":false,"template":"","format":"standard","meta":{"_acf_changed":false,"footnotes":""},"categories":[7],"tags":[],"network":[],"eventcategory":[],"class_list":["post-9610","post","type-post","status-publish","format-standard","has-post-thumbnail","hentry","category-non-classifiee"],"acf":[],"yoast_head":"<!-- This site is optimized with the Yoast SEO plugin v27.2 - https:\/\/yoast.com\/product\/yoast-seo-wordpress\/ -->\n<title>Un avant-go\u00fbt du paradis sur terre - Mennonite World Conference<\/title>\n<meta name=\"robots\" content=\"index, follow, max-snippet:-1, max-image-preview:large, max-video-preview:-1\" \/>\n<link rel=\"canonical\" href=\"https:\/\/mwc-cmm.org\/en\/stories\/foretaste-heaven-earth\/\" \/>\n<meta property=\"og:locale\" content=\"fr_FR\" \/>\n<meta property=\"og:type\" content=\"article\" \/>\n<meta property=\"og:title\" content=\"Un avant-go\u00fbt du paradis sur terre - Mennonite World Conference\" \/>\n<meta property=\"og:description\" content=\"Les derni\u00e8res semaines d\u2019ao\u00fbt ont \u00e9t\u00e9 bien remplies \u00e0 la CMM ! Nous avons produit des centaines de documents concernant des demandes de visa pour des membres. Notre Commission Diacres a organis\u00e9 la visite d\u2019une d\u00e9l\u00e9gation des cinq r\u00e9gions continentales aux \u00e9glises d&rsquo;Angola. Les membres du Comit\u00e9 Ex\u00e9cutif ont planifi\u00e9 leur r\u00e9union au Zimbabwe et [&hellip;]\" \/>\n<meta property=\"og:url\" content=\"https:\/\/mwc-cmm.org\/en\/stories\/foretaste-heaven-earth\/\" \/>\n<meta property=\"og:site_name\" content=\"Mennonite World Conference\" \/>\n<meta property=\"article:publisher\" content=\"https:\/\/www.facebook.com\/MennoniteWorldConference\" \/>\n<meta property=\"article:published_time\" content=\"2014-01-17T00:00:00+00:00\" \/>\n<meta property=\"article:modified_time\" content=\"2024-12-10T17:12:52+00:00\" \/>\n<meta property=\"og:image\" content=\"https:\/\/mwc-cmm.org\/wp-content\/uploads\/2024\/11\/cesar_garcia-outside-web_edit_1.jpg\" \/>\n\t<meta property=\"og:image:width\" content=\"700\" \/>\n\t<meta property=\"og:image:height\" content=\"933\" \/>\n\t<meta property=\"og:image:type\" content=\"image\/jpeg\" \/>\n<meta name=\"author\" content=\"mennworldcon\" \/>\n<script type=\"application\/ld+json\" class=\"yoast-schema-graph\">{\"@context\":\"https:\/\/schema.org\",\"@graph\":[{\"@type\":\"Article\",\"@id\":\"https:\/\/mwc-cmm.org\/en\/stories\/foretaste-heaven-earth\/#article\",\"isPartOf\":{\"@id\":\"https:\/\/mwc-cmm.org\/en\/stories\/foretaste-heaven-earth\/\"},\"author\":{\"name\":\"mennworldcon\",\"@id\":\"https:\/\/mwc-cmm.org\/en\/#\/schema\/person\/11f6ae0d7d1868ba20a1cc27f067c836\"},\"headline\":\"Un avant-go\u00fbt du paradis sur terre\",\"datePublished\":\"2014-01-17T00:00:00+00:00\",\"dateModified\":\"2024-12-10T17:12:52+00:00\",\"mainEntityOfPage\":{\"@id\":\"https:\/\/mwc-cmm.org\/en\/stories\/foretaste-heaven-earth\/\"},\"wordCount\":808,\"publisher\":{\"@id\":\"https:\/\/mwc-cmm.org\/en\/#organization\"},\"image\":{\"@id\":\"https:\/\/mwc-cmm.org\/en\/stories\/foretaste-heaven-earth\/#primaryimage\"},\"thumbnailUrl\":\"https:\/\/mwc-cmm.org\/wp-content\/uploads\/2024\/11\/cesar_garcia-outside-web_edit_1.jpg\",\"articleSection\":[\"Non classifi\u00e9(e)\"],\"inLanguage\":\"fr-FR\"},{\"@type\":\"WebPage\",\"@id\":\"https:\/\/mwc-cmm.org\/en\/stories\/foretaste-heaven-earth\/\",\"url\":\"https:\/\/mwc-cmm.org\/en\/stories\/foretaste-heaven-earth\/\",\"name\":\"Un avant-go\u00fbt du paradis sur terre - Mennonite World Conference\",\"isPartOf\":{\"@id\":\"https:\/\/mwc-cmm.org\/en\/#website\"},\"primaryImageOfPage\":{\"@id\":\"https:\/\/mwc-cmm.org\/en\/stories\/foretaste-heaven-earth\/#primaryimage\"},\"image\":{\"@id\":\"https:\/\/mwc-cmm.org\/en\/stories\/foretaste-heaven-earth\/#primaryimage\"},\"thumbnailUrl\":\"https:\/\/mwc-cmm.org\/wp-content\/uploads\/2024\/11\/cesar_garcia-outside-web_edit_1.jpg\",\"datePublished\":\"2014-01-17T00:00:00+00:00\",\"dateModified\":\"2024-12-10T17:12:52+00:00\",\"breadcrumb\":{\"@id\":\"https:\/\/mwc-cmm.org\/en\/stories\/foretaste-heaven-earth\/#breadcrumb\"},\"inLanguage\":\"fr-FR\",\"potentialAction\":[{\"@type\":\"ReadAction\",\"target\":[\"https:\/\/mwc-cmm.org\/en\/stories\/foretaste-heaven-earth\/\"]}]},{\"@type\":\"ImageObject\",\"inLanguage\":\"fr-FR\",\"@id\":\"https:\/\/mwc-cmm.org\/en\/stories\/foretaste-heaven-earth\/#primaryimage\",\"url\":\"https:\/\/mwc-cmm.org\/wp-content\/uploads\/2024\/11\/cesar_garcia-outside-web_edit_1.jpg\",\"contentUrl\":\"https:\/\/mwc-cmm.org\/wp-content\/uploads\/2024\/11\/cesar_garcia-outside-web_edit_1.jpg\",\"width\":700,\"height\":933},{\"@type\":\"BreadcrumbList\",\"@id\":\"https:\/\/mwc-cmm.org\/en\/stories\/foretaste-heaven-earth\/#breadcrumb\",\"itemListElement\":[{\"@type\":\"ListItem\",\"position\":1,\"name\":\"Home\",\"item\":\"https:\/\/mwc-cmm.org\/fr\/\"},{\"@type\":\"ListItem\",\"position\":2,\"name\":\"Un avant-go\u00fbt du paradis sur terre\"}]},{\"@type\":\"WebSite\",\"@id\":\"https:\/\/mwc-cmm.org\/en\/#website\",\"url\":\"https:\/\/mwc-cmm.org\/en\/\",\"name\":\"Mennonite World Conference\",\"description\":\"A communion of Anabaptist-related churches\",\"publisher\":{\"@id\":\"https:\/\/mwc-cmm.org\/en\/#organization\"},\"alternateName\":\"MWC\",\"potentialAction\":[{\"@type\":\"SearchAction\",\"target\":{\"@type\":\"EntryPoint\",\"urlTemplate\":\"https:\/\/mwc-cmm.org\/en\/?s={search_term_string}\"},\"query-input\":{\"@type\":\"PropertyValueSpecification\",\"valueRequired\":true,\"valueName\":\"search_term_string\"}}],\"inLanguage\":\"fr-FR\"},{\"@type\":\"Organization\",\"@id\":\"https:\/\/mwc-cmm.org\/en\/#organization\",\"name\":\"Mennonite World Conference\",\"alternateName\":\"MWC\",\"url\":\"https:\/\/mwc-cmm.org\/en\/\",\"logo\":{\"@type\":\"ImageObject\",\"inLanguage\":\"fr-FR\",\"@id\":\"https:\/\/mwc-cmm.org\/en\/#\/schema\/logo\/image\/\",\"url\":\"https:\/\/mwc-cmm.org\/wp-content\/uploads\/2026\/01\/MWC_Sig_Blue_Horiz_webheader1-logo.svg\",\"contentUrl\":\"https:\/\/mwc-cmm.org\/wp-content\/uploads\/2026\/01\/MWC_Sig_Blue_Horiz_webheader1-logo.svg\",\"width\":786,\"height\":82,\"caption\":\"Mennonite World Conference\"},\"image\":{\"@id\":\"https:\/\/mwc-cmm.org\/en\/#\/schema\/logo\/image\/\"},\"sameAs\":[\"https:\/\/www.facebook.com\/MennoniteWorldConference\",\"https:\/\/www.linkedin.com\/company\/mennonite-world-conference-mwc\/\",\"https:\/\/www.instagram.com\/mwcmm\/\",\"https:\/\/www.youtube.com\/user\/mwccmm\",\"https:\/\/bsky.app\/profile\/mwcmm.bsky.social\"]},{\"@type\":\"Person\",\"@id\":\"https:\/\/mwc-cmm.org\/en\/#\/schema\/person\/11f6ae0d7d1868ba20a1cc27f067c836\",\"name\":\"mennworldcon\",\"image\":{\"@type\":\"ImageObject\",\"inLanguage\":\"fr-FR\",\"@id\":\"https:\/\/secure.gravatar.com\/avatar\/06fdc0dc81c157dfdb82ec42f252178a22307808988d22c043f9eb96f1e0fe80?s=96&d=mm&r=g\",\"url\":\"https:\/\/secure.gravatar.com\/avatar\/06fdc0dc81c157dfdb82ec42f252178a22307808988d22c043f9eb96f1e0fe80?s=96&d=mm&r=g\",\"contentUrl\":\"https:\/\/secure.gravatar.com\/avatar\/06fdc0dc81c157dfdb82ec42f252178a22307808988d22c043f9eb96f1e0fe80?s=96&d=mm&r=g\",\"caption\":\"mennworldcon\"},\"sameAs\":[\"https:\/\/mwc-cmm.org\"],\"url\":\"https:\/\/mwc-cmm.org\/fr\/stories\/author\/mennworldcon\/\"}]}<\/script>\n<!-- \/ Yoast SEO plugin. -->","yoast_head_json":{"title":"Un avant-go\u00fbt du paradis sur terre - Mennonite World Conference","robots":{"index":"index","follow":"follow","max-snippet":"max-snippet:-1","max-image-preview":"max-image-preview:large","max-video-preview":"max-video-preview:-1"},"canonical":"https:\/\/mwc-cmm.org\/en\/stories\/foretaste-heaven-earth\/","og_locale":"fr_FR","og_type":"article","og_title":"Un avant-go\u00fbt du paradis sur terre - Mennonite World Conference","og_description":"Les derni\u00e8res semaines d\u2019ao\u00fbt ont \u00e9t\u00e9 bien remplies \u00e0 la CMM ! Nous avons produit des centaines de documents concernant des demandes de visa pour des membres. Notre Commission Diacres a organis\u00e9 la visite d\u2019une d\u00e9l\u00e9gation des cinq r\u00e9gions continentales aux \u00e9glises d&rsquo;Angola. Les membres du Comit\u00e9 Ex\u00e9cutif ont planifi\u00e9 leur r\u00e9union au Zimbabwe et [&hellip;]","og_url":"https:\/\/mwc-cmm.org\/en\/stories\/foretaste-heaven-earth\/","og_site_name":"Mennonite World Conference","article_publisher":"https:\/\/www.facebook.com\/MennoniteWorldConference","article_published_time":"2014-01-17T00:00:00+00:00","article_modified_time":"2024-12-10T17:12:52+00:00","og_image":[{"width":700,"height":933,"url":"https:\/\/mwc-cmm.org\/wp-content\/uploads\/2024\/11\/cesar_garcia-outside-web_edit_1.jpg","type":"image\/jpeg"}],"author":"mennworldcon","schema":{"@context":"https:\/\/schema.org","@graph":[{"@type":"Article","@id":"https:\/\/mwc-cmm.org\/en\/stories\/foretaste-heaven-earth\/#article","isPartOf":{"@id":"https:\/\/mwc-cmm.org\/en\/stories\/foretaste-heaven-earth\/"},"author":{"name":"mennworldcon","@id":"https:\/\/mwc-cmm.org\/en\/#\/schema\/person\/11f6ae0d7d1868ba20a1cc27f067c836"},"headline":"Un avant-go\u00fbt du paradis sur terre","datePublished":"2014-01-17T00:00:00+00:00","dateModified":"2024-12-10T17:12:52+00:00","mainEntityOfPage":{"@id":"https:\/\/mwc-cmm.org\/en\/stories\/foretaste-heaven-earth\/"},"wordCount":808,"publisher":{"@id":"https:\/\/mwc-cmm.org\/en\/#organization"},"image":{"@id":"https:\/\/mwc-cmm.org\/en\/stories\/foretaste-heaven-earth\/#primaryimage"},"thumbnailUrl":"https:\/\/mwc-cmm.org\/wp-content\/uploads\/2024\/11\/cesar_garcia-outside-web_edit_1.jpg","articleSection":["Non classifi\u00e9(e)"],"inLanguage":"fr-FR"},{"@type":"WebPage","@id":"https:\/\/mwc-cmm.org\/en\/stories\/foretaste-heaven-earth\/","url":"https:\/\/mwc-cmm.org\/en\/stories\/foretaste-heaven-earth\/","name":"Un avant-go\u00fbt du paradis sur terre - Mennonite World Conference","isPartOf":{"@id":"https:\/\/mwc-cmm.org\/en\/#website"},"primaryImageOfPage":{"@id":"https:\/\/mwc-cmm.org\/en\/stories\/foretaste-heaven-earth\/#primaryimage"},"image":{"@id":"https:\/\/mwc-cmm.org\/en\/stories\/foretaste-heaven-earth\/#primaryimage"},"thumbnailUrl":"https:\/\/mwc-cmm.org\/wp-content\/uploads\/2024\/11\/cesar_garcia-outside-web_edit_1.jpg","datePublished":"2014-01-17T00:00:00+00:00","dateModified":"2024-12-10T17:12:52+00:00","breadcrumb":{"@id":"https:\/\/mwc-cmm.org\/en\/stories\/foretaste-heaven-earth\/#breadcrumb"},"inLanguage":"fr-FR","potentialAction":[{"@type":"ReadAction","target":["https:\/\/mwc-cmm.org\/en\/stories\/foretaste-heaven-earth\/"]}]},{"@type":"ImageObject","inLanguage":"fr-FR","@id":"https:\/\/mwc-cmm.org\/en\/stories\/foretaste-heaven-earth\/#primaryimage","url":"https:\/\/mwc-cmm.org\/wp-content\/uploads\/2024\/11\/cesar_garcia-outside-web_edit_1.jpg","contentUrl":"https:\/\/mwc-cmm.org\/wp-content\/uploads\/2024\/11\/cesar_garcia-outside-web_edit_1.jpg","width":700,"height":933},{"@type":"BreadcrumbList","@id":"https:\/\/mwc-cmm.org\/en\/stories\/foretaste-heaven-earth\/#breadcrumb","itemListElement":[{"@type":"ListItem","position":1,"name":"Home","item":"https:\/\/mwc-cmm.org\/fr\/"},{"@type":"ListItem","position":2,"name":"Un avant-go\u00fbt du paradis sur terre"}]},{"@type":"WebSite","@id":"https:\/\/mwc-cmm.org\/en\/#website","url":"https:\/\/mwc-cmm.org\/en\/","name":"Mennonite World Conference","description":"A communion of Anabaptist-related churches","publisher":{"@id":"https:\/\/mwc-cmm.org\/en\/#organization"},"alternateName":"MWC","potentialAction":[{"@type":"SearchAction","target":{"@type":"EntryPoint","urlTemplate":"https:\/\/mwc-cmm.org\/en\/?s={search_term_string}"},"query-input":{"@type":"PropertyValueSpecification","valueRequired":true,"valueName":"search_term_string"}}],"inLanguage":"fr-FR"},{"@type":"Organization","@id":"https:\/\/mwc-cmm.org\/en\/#organization","name":"Mennonite World Conference","alternateName":"MWC","url":"https:\/\/mwc-cmm.org\/en\/","logo":{"@type":"ImageObject","inLanguage":"fr-FR","@id":"https:\/\/mwc-cmm.org\/en\/#\/schema\/logo\/image\/","url":"https:\/\/mwc-cmm.org\/wp-content\/uploads\/2026\/01\/MWC_Sig_Blue_Horiz_webheader1-logo.svg","contentUrl":"https:\/\/mwc-cmm.org\/wp-content\/uploads\/2026\/01\/MWC_Sig_Blue_Horiz_webheader1-logo.svg","width":786,"height":82,"caption":"Mennonite World Conference"},"image":{"@id":"https:\/\/mwc-cmm.org\/en\/#\/schema\/logo\/image\/"},"sameAs":["https:\/\/www.facebook.com\/MennoniteWorldConference","https:\/\/www.linkedin.com\/company\/mennonite-world-conference-mwc\/","https:\/\/www.instagram.com\/mwcmm\/","https:\/\/www.youtube.com\/user\/mwccmm","https:\/\/bsky.app\/profile\/mwcmm.bsky.social"]},{"@type":"Person","@id":"https:\/\/mwc-cmm.org\/en\/#\/schema\/person\/11f6ae0d7d1868ba20a1cc27f067c836","name":"mennworldcon","image":{"@type":"ImageObject","inLanguage":"fr-FR","@id":"https:\/\/secure.gravatar.com\/avatar\/06fdc0dc81c157dfdb82ec42f252178a22307808988d22c043f9eb96f1e0fe80?s=96&d=mm&r=g","url":"https:\/\/secure.gravatar.com\/avatar\/06fdc0dc81c157dfdb82ec42f252178a22307808988d22c043f9eb96f1e0fe80?s=96&d=mm&r=g","contentUrl":"https:\/\/secure.gravatar.com\/avatar\/06fdc0dc81c157dfdb82ec42f252178a22307808988d22c043f9eb96f1e0fe80?s=96&d=mm&r=g","caption":"mennworldcon"},"sameAs":["https:\/\/mwc-cmm.org"],"url":"https:\/\/mwc-cmm.org\/fr\/stories\/author\/mennworldcon\/"}]}},"_links":{"self":[{"href":"https:\/\/mwc-cmm.org\/fr\/wp-json\/wp\/v2\/posts\/9610","targetHints":{"allow":["GET"]}}],"collection":[{"href":"https:\/\/mwc-cmm.org\/fr\/wp-json\/wp\/v2\/posts"}],"about":[{"href":"https:\/\/mwc-cmm.org\/fr\/wp-json\/wp\/v2\/types\/post"}],"author":[{"embeddable":true,"href":"https:\/\/mwc-cmm.org\/fr\/wp-json\/wp\/v2\/users\/1"}],"replies":[{"embeddable":true,"href":"https:\/\/mwc-cmm.org\/fr\/wp-json\/wp\/v2\/comments?post=9610"}],"version-history":[{"count":0,"href":"https:\/\/mwc-cmm.org\/fr\/wp-json\/wp\/v2\/posts\/9610\/revisions"}],"wp:featuredmedia":[{"embeddable":true,"href":"https:\/\/mwc-cmm.org\/fr\/wp-json\/wp\/v2\/media\/85630"}],"wp:attachment":[{"href":"https:\/\/mwc-cmm.org\/fr\/wp-json\/wp\/v2\/media?parent=9610"}],"wp:term":[{"taxonomy":"category","embeddable":true,"href":"https:\/\/mwc-cmm.org\/fr\/wp-json\/wp\/v2\/categories?post=9610"},{"taxonomy":"post_tag","embeddable":true,"href":"https:\/\/mwc-cmm.org\/fr\/wp-json\/wp\/v2\/tags?post=9610"},{"taxonomy":"network","embeddable":true,"href":"https:\/\/mwc-cmm.org\/fr\/wp-json\/wp\/v2\/network?post=9610"},{"taxonomy":"eventcategory","embeddable":true,"href":"https:\/\/mwc-cmm.org\/fr\/wp-json\/wp\/v2\/eventcategory?post=9610"}],"curies":[{"name":"wp","href":"https:\/\/api.w.org\/{rel}","templated":true}]}}