{"id":9592,"date":"2013-10-15T00:00:00","date_gmt":"2013-10-15T00:00:00","guid":{"rendered":"https:\/\/mwc-cmm.org\/mennonites-accompany-islamic-community-in-its-religious-celebration-4\/"},"modified":"2024-12-10T17:12:45","modified_gmt":"2024-12-10T17:12:45","slug":"mennonites-accompany-islamic-community-in-its-religious-celebration-4","status":"publish","type":"post","link":"https:\/\/mwc-cmm.org\/fr\/stories\/mennonites-accompany-islamic-community-in-its-religious-celebration-4\/","title":{"rendered":"Les mennonites accompagnent la communaut\u00e9 islamique dans sa c\u00e9l\u00e9bration religieuse"},"content":{"rendered":"<p>Je suis le coordinateur de la Branche Argentine du R\u00e9seau Interreligieux des Jeunes d\u2019Am\u00e9rique Latine du <a href=\"http:\/\/www.religionsforpeace.org\/\">Religiones por la Paz.<\/a> (<em>Religions pour la Paix<\/em>) depuis quatre ans (poste que je quitterai \u00e0 la fin de l\u2019ann\u00e9e pour partir en retraite.)<\/p>\n<p>Notre communaut\u00e9 <a href=\"http:\/\/www.menonitas.org.ar\/\">(Iglesia Anabautista Menonita de Buenos Aires)<\/a> fait partie du r\u00e9seau ci-dessus.<\/p>\n<p>Nous comprenons qu\u2019en tant qu\u2019\u00e9glise historique pour la paix, nous sommes appel\u00e9s \u00e0 une coop\u00e9ration et \u00e0 un dialogue interreligieux.<\/p>\n<p>Le vendredi 9 ao\u00fbt, nous \u00e9tions invit\u00e9s \u00e0 participer \u00e0 la c\u00e9l\u00e9bration d\u2019<u>Id Fitr Al Mubarak<\/u>, le petit-d\u00e9jeuner festif \u00e0 l\u2019apog\u00e9e du Mois Saint du Ramadan qui \u00e9tait organis\u00e9 par le Centre Islamique d\u2019Argentine (CIRA en espagnol).  <\/p>\n<p>Nous avons profit\u00e9 de l\u2019occasion pour inviter le jeune Cristian Vidal aussi pr\u00e9sent et membre actif d\u2019Iglesia Anabautista Menonita <a href=\"http:\/\/www.puertachile.cl\/\">Puerta del Reba\u00f1o<\/a> (Concepci\u00f3n -Chili) qui se trouve actuellement en Argentine avec sa femme Danitza \u00e0 des fins d\u2019\u00e9tudes, \u00e0 joindre la d\u00e9l\u00e9gation qui a \u00e9t\u00e9 form\u00e9e par les dirigeants du Mouvement des Focolari, de la YMCA, de la Commission Nationale de la Pastorale des Jeunes de la Conf\u00e9rence Episcopale d\u2019Argentine, et du Conseil Juif d\u2019Am\u00e9rique Latine.<\/p>\n<p>Le Secr\u00e9taire G\u00e9n\u00e9ral, Omar Ahmed Kabbara, nous a accueillis chaleureusement. Etaient aussi pr\u00e9sents des officiers du Gouvernement National de la Ville Autonome de Buenos Aires, les diplomates de plusieurs pays islamiques, des politiciens, des fonctionnaires et des repr\u00e9sentants religieux de diff\u00e9rentes communaut\u00e9s de foi. <\/p>\n<p>Paix,<\/p>\n<p>Luis Ma. Alman Bornes<\/p>\n<div> <\/div>\n","protected":false},"excerpt":{"rendered":"<p>NULL<\/p>\n","protected":false},"author":1,"featured_media":85392,"comment_status":"closed","ping_status":"closed","sticky":false,"template":"","format":"standard","meta":{"_acf_changed":false,"footnotes":""},"categories":[7],"tags":[],"network":[],"eventcategory":[],"class_list":["post-9592","post","type-post","status-publish","format-standard","has-post-thumbnail","hentry","category-non-classifiee"],"acf":[],"yoast_head":"<!-- This site is optimized with the Yoast SEO plugin v27.2 - https:\/\/yoast.com\/product\/yoast-seo-wordpress\/ -->\n<title>Les mennonites accompagnent la communaut\u00e9 islamique dans sa c\u00e9l\u00e9bration religieuse - Mennonite World Conference<\/title>\n<meta name=\"robots\" content=\"index, follow, max-snippet:-1, max-image-preview:large, max-video-preview:-1\" \/>\n<link rel=\"canonical\" href=\"https:\/\/mwc-cmm.org\/fr\/stories\/mennonites-accompany-islamic-community-in-its-religious-celebration-4\/\" \/>\n<meta property=\"og:locale\" content=\"fr_FR\" \/>\n<meta property=\"og:type\" content=\"article\" \/>\n<meta property=\"og:title\" content=\"Les mennonites accompagnent la communaut\u00e9 islamique dans sa c\u00e9l\u00e9bration religieuse - Mennonite World Conference\" \/>\n<meta property=\"og:description\" content=\"NULL\" \/>\n<meta property=\"og:url\" content=\"https:\/\/mwc-cmm.org\/fr\/stories\/mennonites-accompany-islamic-community-in-its-religious-celebration-4\/\" \/>\n<meta property=\"og:site_name\" content=\"Mennonite World Conference\" \/>\n<meta property=\"article:publisher\" content=\"https:\/\/www.facebook.com\/MennoniteWorldConference\" \/>\n<meta property=\"article:published_time\" content=\"2013-10-15T00:00:00+00:00\" \/>\n<meta property=\"article:modified_time\" content=\"2024-12-10T17:12:45+00:00\" \/>\n<meta property=\"og:image\" content=\"https:\/\/mwc-cmm.org\/wp-content\/uploads\/2024\/11\/luis_ma-arg_muslim_relationships-web_edit.jpeg\" \/>\n\t<meta property=\"og:image:width\" content=\"1000\" \/>\n\t<meta property=\"og:image:height\" content=\"664\" \/>\n\t<meta property=\"og:image:type\" content=\"image\/jpeg\" \/>\n<meta name=\"author\" content=\"mennworldcon\" \/>\n<script type=\"application\/ld+json\" class=\"yoast-schema-graph\">{\"@context\":\"https:\/\/schema.org\",\"@graph\":[{\"@type\":\"Article\",\"@id\":\"https:\/\/mwc-cmm.org\/fr\/stories\/mennonites-accompany-islamic-community-in-its-religious-celebration-4\/#article\",\"isPartOf\":{\"@id\":\"https:\/\/mwc-cmm.org\/fr\/stories\/mennonites-accompany-islamic-community-in-its-religious-celebration-4\/\"},\"author\":{\"name\":\"mennworldcon\",\"@id\":\"https:\/\/mwc-cmm.org\/en\/#\/schema\/person\/11f6ae0d7d1868ba20a1cc27f067c836\"},\"headline\":\"Les mennonites accompagnent la communaut\u00e9 islamique dans sa c\u00e9l\u00e9bration religieuse\",\"datePublished\":\"2013-10-15T00:00:00+00:00\",\"dateModified\":\"2024-12-10T17:12:45+00:00\",\"mainEntityOfPage\":{\"@id\":\"https:\/\/mwc-cmm.org\/fr\/stories\/mennonites-accompany-islamic-community-in-its-religious-celebration-4\/\"},\"wordCount\":277,\"publisher\":{\"@id\":\"https:\/\/mwc-cmm.org\/en\/#organization\"},\"image\":{\"@id\":\"https:\/\/mwc-cmm.org\/fr\/stories\/mennonites-accompany-islamic-community-in-its-religious-celebration-4\/#primaryimage\"},\"thumbnailUrl\":\"https:\/\/mwc-cmm.org\/wp-content\/uploads\/2024\/11\/luis_ma-arg_muslim_relationships-web_edit.jpeg\",\"articleSection\":[\"Non classifi\u00e9(e)\"],\"inLanguage\":\"fr-FR\"},{\"@type\":\"WebPage\",\"@id\":\"https:\/\/mwc-cmm.org\/fr\/stories\/mennonites-accompany-islamic-community-in-its-religious-celebration-4\/\",\"url\":\"https:\/\/mwc-cmm.org\/fr\/stories\/mennonites-accompany-islamic-community-in-its-religious-celebration-4\/\",\"name\":\"Les mennonites accompagnent la communaut\u00e9 islamique dans sa c\u00e9l\u00e9bration religieuse - Mennonite World Conference\",\"isPartOf\":{\"@id\":\"https:\/\/mwc-cmm.org\/en\/#website\"},\"primaryImageOfPage\":{\"@id\":\"https:\/\/mwc-cmm.org\/fr\/stories\/mennonites-accompany-islamic-community-in-its-religious-celebration-4\/#primaryimage\"},\"image\":{\"@id\":\"https:\/\/mwc-cmm.org\/fr\/stories\/mennonites-accompany-islamic-community-in-its-religious-celebration-4\/#primaryimage\"},\"thumbnailUrl\":\"https:\/\/mwc-cmm.org\/wp-content\/uploads\/2024\/11\/luis_ma-arg_muslim_relationships-web_edit.jpeg\",\"datePublished\":\"2013-10-15T00:00:00+00:00\",\"dateModified\":\"2024-12-10T17:12:45+00:00\",\"breadcrumb\":{\"@id\":\"https:\/\/mwc-cmm.org\/fr\/stories\/mennonites-accompany-islamic-community-in-its-religious-celebration-4\/#breadcrumb\"},\"inLanguage\":\"fr-FR\",\"potentialAction\":[{\"@type\":\"ReadAction\",\"target\":[\"https:\/\/mwc-cmm.org\/fr\/stories\/mennonites-accompany-islamic-community-in-its-religious-celebration-4\/\"]}]},{\"@type\":\"ImageObject\",\"inLanguage\":\"fr-FR\",\"@id\":\"https:\/\/mwc-cmm.org\/fr\/stories\/mennonites-accompany-islamic-community-in-its-religious-celebration-4\/#primaryimage\",\"url\":\"https:\/\/mwc-cmm.org\/wp-content\/uploads\/2024\/11\/luis_ma-arg_muslim_relationships-web_edit.jpeg\",\"contentUrl\":\"https:\/\/mwc-cmm.org\/wp-content\/uploads\/2024\/11\/luis_ma-arg_muslim_relationships-web_edit.jpeg\",\"width\":1000,\"height\":664},{\"@type\":\"BreadcrumbList\",\"@id\":\"https:\/\/mwc-cmm.org\/fr\/stories\/mennonites-accompany-islamic-community-in-its-religious-celebration-4\/#breadcrumb\",\"itemListElement\":[{\"@type\":\"ListItem\",\"position\":1,\"name\":\"Home\",\"item\":\"https:\/\/mwc-cmm.org\/fr\/\"},{\"@type\":\"ListItem\",\"position\":2,\"name\":\"Les mennonites accompagnent la communaut\u00e9 islamique dans sa c\u00e9l\u00e9bration religieuse\"}]},{\"@type\":\"WebSite\",\"@id\":\"https:\/\/mwc-cmm.org\/en\/#website\",\"url\":\"https:\/\/mwc-cmm.org\/en\/\",\"name\":\"Mennonite World Conference\",\"description\":\"A communion of Anabaptist-related churches\",\"publisher\":{\"@id\":\"https:\/\/mwc-cmm.org\/en\/#organization\"},\"alternateName\":\"MWC\",\"potentialAction\":[{\"@type\":\"SearchAction\",\"target\":{\"@type\":\"EntryPoint\",\"urlTemplate\":\"https:\/\/mwc-cmm.org\/en\/?s={search_term_string}\"},\"query-input\":{\"@type\":\"PropertyValueSpecification\",\"valueRequired\":true,\"valueName\":\"search_term_string\"}}],\"inLanguage\":\"fr-FR\"},{\"@type\":\"Organization\",\"@id\":\"https:\/\/mwc-cmm.org\/en\/#organization\",\"name\":\"Mennonite World Conference\",\"alternateName\":\"MWC\",\"url\":\"https:\/\/mwc-cmm.org\/en\/\",\"logo\":{\"@type\":\"ImageObject\",\"inLanguage\":\"fr-FR\",\"@id\":\"https:\/\/mwc-cmm.org\/en\/#\/schema\/logo\/image\/\",\"url\":\"https:\/\/mwc-cmm.org\/wp-content\/uploads\/2026\/01\/MWC_Sig_Blue_Horiz_webheader1-logo.svg\",\"contentUrl\":\"https:\/\/mwc-cmm.org\/wp-content\/uploads\/2026\/01\/MWC_Sig_Blue_Horiz_webheader1-logo.svg\",\"width\":786,\"height\":82,\"caption\":\"Mennonite World Conference\"},\"image\":{\"@id\":\"https:\/\/mwc-cmm.org\/en\/#\/schema\/logo\/image\/\"},\"sameAs\":[\"https:\/\/www.facebook.com\/MennoniteWorldConference\",\"https:\/\/www.linkedin.com\/company\/mennonite-world-conference-mwc\/\",\"https:\/\/www.instagram.com\/mwcmm\/\",\"https:\/\/www.youtube.com\/user\/mwccmm\",\"https:\/\/bsky.app\/profile\/mwcmm.bsky.social\"]},{\"@type\":\"Person\",\"@id\":\"https:\/\/mwc-cmm.org\/en\/#\/schema\/person\/11f6ae0d7d1868ba20a1cc27f067c836\",\"name\":\"mennworldcon\",\"image\":{\"@type\":\"ImageObject\",\"inLanguage\":\"fr-FR\",\"@id\":\"https:\/\/secure.gravatar.com\/avatar\/06fdc0dc81c157dfdb82ec42f252178a22307808988d22c043f9eb96f1e0fe80?s=96&d=mm&r=g\",\"url\":\"https:\/\/secure.gravatar.com\/avatar\/06fdc0dc81c157dfdb82ec42f252178a22307808988d22c043f9eb96f1e0fe80?s=96&d=mm&r=g\",\"contentUrl\":\"https:\/\/secure.gravatar.com\/avatar\/06fdc0dc81c157dfdb82ec42f252178a22307808988d22c043f9eb96f1e0fe80?s=96&d=mm&r=g\",\"caption\":\"mennworldcon\"},\"sameAs\":[\"https:\/\/mwc-cmm.org\"],\"url\":\"https:\/\/mwc-cmm.org\/fr\/stories\/author\/mennworldcon\/\"}]}<\/script>\n<!-- \/ Yoast SEO plugin. -->","yoast_head_json":{"title":"Les mennonites accompagnent la communaut\u00e9 islamique dans sa c\u00e9l\u00e9bration religieuse - Mennonite World Conference","robots":{"index":"index","follow":"follow","max-snippet":"max-snippet:-1","max-image-preview":"max-image-preview:large","max-video-preview":"max-video-preview:-1"},"canonical":"https:\/\/mwc-cmm.org\/fr\/stories\/mennonites-accompany-islamic-community-in-its-religious-celebration-4\/","og_locale":"fr_FR","og_type":"article","og_title":"Les mennonites accompagnent la communaut\u00e9 islamique dans sa c\u00e9l\u00e9bration religieuse - Mennonite World Conference","og_description":"NULL","og_url":"https:\/\/mwc-cmm.org\/fr\/stories\/mennonites-accompany-islamic-community-in-its-religious-celebration-4\/","og_site_name":"Mennonite World Conference","article_publisher":"https:\/\/www.facebook.com\/MennoniteWorldConference","article_published_time":"2013-10-15T00:00:00+00:00","article_modified_time":"2024-12-10T17:12:45+00:00","og_image":[{"width":1000,"height":664,"url":"https:\/\/mwc-cmm.org\/wp-content\/uploads\/2024\/11\/luis_ma-arg_muslim_relationships-web_edit.jpeg","type":"image\/jpeg"}],"author":"mennworldcon","schema":{"@context":"https:\/\/schema.org","@graph":[{"@type":"Article","@id":"https:\/\/mwc-cmm.org\/fr\/stories\/mennonites-accompany-islamic-community-in-its-religious-celebration-4\/#article","isPartOf":{"@id":"https:\/\/mwc-cmm.org\/fr\/stories\/mennonites-accompany-islamic-community-in-its-religious-celebration-4\/"},"author":{"name":"mennworldcon","@id":"https:\/\/mwc-cmm.org\/en\/#\/schema\/person\/11f6ae0d7d1868ba20a1cc27f067c836"},"headline":"Les mennonites accompagnent la communaut\u00e9 islamique dans sa c\u00e9l\u00e9bration religieuse","datePublished":"2013-10-15T00:00:00+00:00","dateModified":"2024-12-10T17:12:45+00:00","mainEntityOfPage":{"@id":"https:\/\/mwc-cmm.org\/fr\/stories\/mennonites-accompany-islamic-community-in-its-religious-celebration-4\/"},"wordCount":277,"publisher":{"@id":"https:\/\/mwc-cmm.org\/en\/#organization"},"image":{"@id":"https:\/\/mwc-cmm.org\/fr\/stories\/mennonites-accompany-islamic-community-in-its-religious-celebration-4\/#primaryimage"},"thumbnailUrl":"https:\/\/mwc-cmm.org\/wp-content\/uploads\/2024\/11\/luis_ma-arg_muslim_relationships-web_edit.jpeg","articleSection":["Non classifi\u00e9(e)"],"inLanguage":"fr-FR"},{"@type":"WebPage","@id":"https:\/\/mwc-cmm.org\/fr\/stories\/mennonites-accompany-islamic-community-in-its-religious-celebration-4\/","url":"https:\/\/mwc-cmm.org\/fr\/stories\/mennonites-accompany-islamic-community-in-its-religious-celebration-4\/","name":"Les mennonites accompagnent la communaut\u00e9 islamique dans sa c\u00e9l\u00e9bration religieuse - Mennonite World Conference","isPartOf":{"@id":"https:\/\/mwc-cmm.org\/en\/#website"},"primaryImageOfPage":{"@id":"https:\/\/mwc-cmm.org\/fr\/stories\/mennonites-accompany-islamic-community-in-its-religious-celebration-4\/#primaryimage"},"image":{"@id":"https:\/\/mwc-cmm.org\/fr\/stories\/mennonites-accompany-islamic-community-in-its-religious-celebration-4\/#primaryimage"},"thumbnailUrl":"https:\/\/mwc-cmm.org\/wp-content\/uploads\/2024\/11\/luis_ma-arg_muslim_relationships-web_edit.jpeg","datePublished":"2013-10-15T00:00:00+00:00","dateModified":"2024-12-10T17:12:45+00:00","breadcrumb":{"@id":"https:\/\/mwc-cmm.org\/fr\/stories\/mennonites-accompany-islamic-community-in-its-religious-celebration-4\/#breadcrumb"},"inLanguage":"fr-FR","potentialAction":[{"@type":"ReadAction","target":["https:\/\/mwc-cmm.org\/fr\/stories\/mennonites-accompany-islamic-community-in-its-religious-celebration-4\/"]}]},{"@type":"ImageObject","inLanguage":"fr-FR","@id":"https:\/\/mwc-cmm.org\/fr\/stories\/mennonites-accompany-islamic-community-in-its-religious-celebration-4\/#primaryimage","url":"https:\/\/mwc-cmm.org\/wp-content\/uploads\/2024\/11\/luis_ma-arg_muslim_relationships-web_edit.jpeg","contentUrl":"https:\/\/mwc-cmm.org\/wp-content\/uploads\/2024\/11\/luis_ma-arg_muslim_relationships-web_edit.jpeg","width":1000,"height":664},{"@type":"BreadcrumbList","@id":"https:\/\/mwc-cmm.org\/fr\/stories\/mennonites-accompany-islamic-community-in-its-religious-celebration-4\/#breadcrumb","itemListElement":[{"@type":"ListItem","position":1,"name":"Home","item":"https:\/\/mwc-cmm.org\/fr\/"},{"@type":"ListItem","position":2,"name":"Les mennonites accompagnent la communaut\u00e9 islamique dans sa c\u00e9l\u00e9bration religieuse"}]},{"@type":"WebSite","@id":"https:\/\/mwc-cmm.org\/en\/#website","url":"https:\/\/mwc-cmm.org\/en\/","name":"Mennonite World Conference","description":"A communion of Anabaptist-related churches","publisher":{"@id":"https:\/\/mwc-cmm.org\/en\/#organization"},"alternateName":"MWC","potentialAction":[{"@type":"SearchAction","target":{"@type":"EntryPoint","urlTemplate":"https:\/\/mwc-cmm.org\/en\/?s={search_term_string}"},"query-input":{"@type":"PropertyValueSpecification","valueRequired":true,"valueName":"search_term_string"}}],"inLanguage":"fr-FR"},{"@type":"Organization","@id":"https:\/\/mwc-cmm.org\/en\/#organization","name":"Mennonite World Conference","alternateName":"MWC","url":"https:\/\/mwc-cmm.org\/en\/","logo":{"@type":"ImageObject","inLanguage":"fr-FR","@id":"https:\/\/mwc-cmm.org\/en\/#\/schema\/logo\/image\/","url":"https:\/\/mwc-cmm.org\/wp-content\/uploads\/2026\/01\/MWC_Sig_Blue_Horiz_webheader1-logo.svg","contentUrl":"https:\/\/mwc-cmm.org\/wp-content\/uploads\/2026\/01\/MWC_Sig_Blue_Horiz_webheader1-logo.svg","width":786,"height":82,"caption":"Mennonite World Conference"},"image":{"@id":"https:\/\/mwc-cmm.org\/en\/#\/schema\/logo\/image\/"},"sameAs":["https:\/\/www.facebook.com\/MennoniteWorldConference","https:\/\/www.linkedin.com\/company\/mennonite-world-conference-mwc\/","https:\/\/www.instagram.com\/mwcmm\/","https:\/\/www.youtube.com\/user\/mwccmm","https:\/\/bsky.app\/profile\/mwcmm.bsky.social"]},{"@type":"Person","@id":"https:\/\/mwc-cmm.org\/en\/#\/schema\/person\/11f6ae0d7d1868ba20a1cc27f067c836","name":"mennworldcon","image":{"@type":"ImageObject","inLanguage":"fr-FR","@id":"https:\/\/secure.gravatar.com\/avatar\/06fdc0dc81c157dfdb82ec42f252178a22307808988d22c043f9eb96f1e0fe80?s=96&d=mm&r=g","url":"https:\/\/secure.gravatar.com\/avatar\/06fdc0dc81c157dfdb82ec42f252178a22307808988d22c043f9eb96f1e0fe80?s=96&d=mm&r=g","contentUrl":"https:\/\/secure.gravatar.com\/avatar\/06fdc0dc81c157dfdb82ec42f252178a22307808988d22c043f9eb96f1e0fe80?s=96&d=mm&r=g","caption":"mennworldcon"},"sameAs":["https:\/\/mwc-cmm.org"],"url":"https:\/\/mwc-cmm.org\/fr\/stories\/author\/mennworldcon\/"}]}},"_links":{"self":[{"href":"https:\/\/mwc-cmm.org\/fr\/wp-json\/wp\/v2\/posts\/9592","targetHints":{"allow":["GET"]}}],"collection":[{"href":"https:\/\/mwc-cmm.org\/fr\/wp-json\/wp\/v2\/posts"}],"about":[{"href":"https:\/\/mwc-cmm.org\/fr\/wp-json\/wp\/v2\/types\/post"}],"author":[{"embeddable":true,"href":"https:\/\/mwc-cmm.org\/fr\/wp-json\/wp\/v2\/users\/1"}],"replies":[{"embeddable":true,"href":"https:\/\/mwc-cmm.org\/fr\/wp-json\/wp\/v2\/comments?post=9592"}],"version-history":[{"count":0,"href":"https:\/\/mwc-cmm.org\/fr\/wp-json\/wp\/v2\/posts\/9592\/revisions"}],"wp:featuredmedia":[{"embeddable":true,"href":"https:\/\/mwc-cmm.org\/fr\/wp-json\/wp\/v2\/media\/85392"}],"wp:attachment":[{"href":"https:\/\/mwc-cmm.org\/fr\/wp-json\/wp\/v2\/media?parent=9592"}],"wp:term":[{"taxonomy":"category","embeddable":true,"href":"https:\/\/mwc-cmm.org\/fr\/wp-json\/wp\/v2\/categories?post=9592"},{"taxonomy":"post_tag","embeddable":true,"href":"https:\/\/mwc-cmm.org\/fr\/wp-json\/wp\/v2\/tags?post=9592"},{"taxonomy":"network","embeddable":true,"href":"https:\/\/mwc-cmm.org\/fr\/wp-json\/wp\/v2\/network?post=9592"},{"taxonomy":"eventcategory","embeddable":true,"href":"https:\/\/mwc-cmm.org\/fr\/wp-json\/wp\/v2\/eventcategory?post=9592"}],"curies":[{"name":"wp","href":"https:\/\/api.w.org\/{rel}","templated":true}]}}