{"id":9591,"date":"2014-01-13T00:00:00","date_gmt":"2014-01-13T00:00:00","guid":{"rendered":"https:\/\/mwc-cmm.org\/called-to-be-a-global-communion-4\/"},"modified":"2024-12-10T17:12:44","modified_gmt":"2024-12-10T17:12:44","slug":"called-to-be-a-global-communion-4","status":"publish","type":"post","link":"https:\/\/mwc-cmm.org\/fr\/stories\/called-to-be-a-global-communion-4\/","title":{"rendered":"Appel\u00e9s \u00e0 \u00eatre une communion mondiale"},"content":{"rendered":"<p>Il y a quelques ann\u00e9es, une femme \u00e0 l\u2019accent \u00e9tranger \u2013 une amie \u2013 a frapp\u00e9 \u00e0 la porte de l\u2019une de nos \u00e9glises de Bogot\u00e1. Le pasteur de cette \u00e9glise \u2013 un ami aussi \u2013 a ouvert. La femme \u00e9vang\u00e9lisait le quartier et a commenc\u00e9 \u00e0 parler \u00e0 mon ami sans savoir qu\u2019il \u00e9tait chr\u00e9tien. Il l\u2019a laiss\u00e9e parler, pensant t\u00e9moigner \u00e0 cette missionnaire \u00e9trang\u00e8re qui avait peut-\u00eatre une religion bizarre.<\/p>\n<p>Ils ont parl\u00e9 quelques minutes avant de d\u00e9couvrir leur foi commune. La surprise a \u00e9t\u00e9 encore plus grande quand ils ont r\u00e9alis\u00e9 qu\u2019ils appartenaient tous deux \u00e0 la m\u00eame tradition (l\u2019anabaptisme) et qu\u2019ils \u00e9taient membres de la m\u00eame d\u00e9nomination mennonite ! C\u2019\u00e9tait pour elle un choc d\u2019apprendre qu\u2019il y a environ 12 \u00e9glises anabaptistes \u00e0 Bogot\u00e1. Cette femme, europ\u00e9enne, avait \u00e9t\u00e9 plac\u00e9e dans cette ville par son \u00e9glise mennonite depuis plusieurs ann\u00e9es, pour y \u00eatre missionnaire, sans avoir de contact avec les mennonites colombiens.<\/p>\n<p>J\u2019aimerais \u00e9crire que l\u2019histoire de mon ami pasteur et de sa visiteuse europ\u00e9enne n\u2019est qu\u2019un cas isol\u00e9. Mais de telles histoires se reproduisent tr\u00e8s souvent \u00e0 travers le monde l\u00e0 o\u00f9 des \u00e9glises et des organisations anabaptistes travaillent sans savoir ce que les autres membres de notre communion mondiale font au m\u00eame endroit. La pr\u00e9sence anabaptiste manque de puissance et d\u2019impact lorsque la communication ne passe pas entre ses membres et institutions \u00e0 travers le monde. C\u2019est l\u2019une des raisons pour lesquelles la CMM a revu et modifi\u00e9 sa strat\u00e9gie de communication. Ce num\u00e9ro de <em>Courier\/Correo\/Courrier <\/em>d\u00e9crit cette nouvelle strat\u00e9gie, qui utilise les nouveaux m\u00e9dias et investit prudemment nos ressources l\u00e0 o\u00f9 elles sont les plus n\u00e9cessaires. Nous esp\u00e9rons qu\u2019il en r\u00e9sultera une meilleure communication entre nos membres.<\/p>\n<p>Le mot \u2018communication\u2019 a la m\u00eame racine que d\u2019autres mots importants pour la mission et la vision de la CMM : la communion et la communaut\u00e9. Il n\u2019est pas possible d\u2019avoir une r\u00e9elle communion avec des personnes avec qui on ne communique pas. Il est impossible de construire une communaut\u00e9 mondiale si nous ne nous parlons pas r\u00e9guli\u00e8rement. Il n\u2019est pas possible de se r\u00e9jouir avec ceux qui se r\u00e9jouissent et de pleurer avec ceux qui pleurent (Ro 12\/15), si nous ne connaissons pas leurs joies et leurs souffrances.<\/p>\n<p>Une bonne communication permet le partage des ressources, des exp\u00e9riences, des dons et des faiblesses d\u2019une mani\u00e8re qui fortifie notre service et notre t\u00e9moignage. Une bonne communication permet de former des r\u00e9seaux de travail en \u00e9quipe plus efficaces dans l\u2019implantation d\u2019\u00e9glises, le travail pour la paix, le d\u00e9veloppement social et l\u2019\u00e9ducation. Que se passerait-il si ce travail \u00e9tait fait de mani\u00e8re multiculturelle comme l\u2019expression de l\u2019\u00c9glise du Christ ? Que se passerait-il si nous consid\u00e9rions notre famille mondiale comme un corps interconnect\u00e9, plut\u00f4t qu\u2019un r\u00e9seau d\u2019institutions ? Que se passerait-il si nous \u00e9vitions la r\u00e9p\u00e9tition du travail, tout en c\u00e9l\u00e9brant les diff\u00e9rences et la diversit\u00e9 ?<\/p>\n<p>Il y a quelques semaines je suis all\u00e9 \u00e0 une r\u00e9union de pasteurs mennonites \u00e0 Bogot\u00e1. Mes deux amis y \u00e9taient : le pasteur et la missionnaire europ\u00e9enne. Ces deux responsables avaient appris \u00e0 communiquer et \u00e0 travailler ensemble. En cons\u00e9quence, l\u2019\u00c9glise a grandi sous divers aspects. Pourrait-on imiter leur exemple ? Pouvons-nous continuer \u00e0 construire notre communaut\u00e9 mondiale gr\u00e2ce \u00e0 une meilleure communication ? Soyons unis, afin que le monde croie que J\u00e9sus a \u00e9t\u00e9 envoy\u00e9 par notre P\u00e8re (Jn 17\/21).<\/p>\n<p><em>C\u00e9sar Garc\u00eda, secr\u00e9taire g\u00e9n\u00e9ral, travaille au bureau central de la CMM \u00e0 Bogot\u00e1 (Colombie).<\/em><\/p><\/p>\n","protected":false},"excerpt":{"rendered":"<p>NULL<\/p>\n","protected":false},"author":1,"featured_media":85378,"comment_status":"closed","ping_status":"closed","sticky":false,"template":"","format":"standard","meta":{"_acf_changed":false,"footnotes":""},"categories":[7],"tags":[],"network":[1307],"eventcategory":[],"class_list":["post-9591","post","type-post","status-publish","format-standard","has-post-thumbnail","hentry","category-non-classifiee","network-courier-fr"],"acf":[],"yoast_head":"<!-- This site is optimized with the Yoast SEO plugin v27.2 - https:\/\/yoast.com\/product\/yoast-seo-wordpress\/ -->\n<title>Appel\u00e9s \u00e0 \u00eatre une communion mondiale - Mennonite World Conference<\/title>\n<meta name=\"robots\" content=\"index, follow, max-snippet:-1, max-image-preview:large, max-video-preview:-1\" \/>\n<link rel=\"canonical\" href=\"https:\/\/mwc-cmm.org\/fr\/stories\/called-to-be-a-global-communion-4\/\" \/>\n<meta property=\"og:locale\" content=\"fr_FR\" \/>\n<meta property=\"og:type\" content=\"article\" \/>\n<meta property=\"og:title\" content=\"Appel\u00e9s \u00e0 \u00eatre une communion mondiale - Mennonite World Conference\" \/>\n<meta property=\"og:description\" content=\"NULL\" \/>\n<meta property=\"og:url\" content=\"https:\/\/mwc-cmm.org\/fr\/stories\/called-to-be-a-global-communion-4\/\" \/>\n<meta property=\"og:site_name\" content=\"Mennonite World Conference\" \/>\n<meta property=\"article:publisher\" content=\"https:\/\/www.facebook.com\/MennoniteWorldConference\" \/>\n<meta property=\"article:published_time\" content=\"2014-01-13T00:00:00+00:00\" \/>\n<meta property=\"article:modified_time\" content=\"2024-12-10T17:12:44+00:00\" \/>\n<meta property=\"og:image\" content=\"https:\/\/mwc-cmm.org\/wp-content\/uploads\/2024\/11\/cesar_garcia-outside-web_edit.jpg\" \/>\n\t<meta property=\"og:image:width\" content=\"700\" \/>\n\t<meta property=\"og:image:height\" content=\"933\" \/>\n\t<meta property=\"og:image:type\" content=\"image\/jpeg\" \/>\n<meta name=\"author\" content=\"mennworldcon\" \/>\n<script type=\"application\/ld+json\" class=\"yoast-schema-graph\">{\"@context\":\"https:\/\/schema.org\",\"@graph\":[{\"@type\":\"Article\",\"@id\":\"https:\/\/mwc-cmm.org\/fr\/stories\/called-to-be-a-global-communion-4\/#article\",\"isPartOf\":{\"@id\":\"https:\/\/mwc-cmm.org\/fr\/stories\/called-to-be-a-global-communion-4\/\"},\"author\":{\"name\":\"mennworldcon\",\"@id\":\"https:\/\/mwc-cmm.org\/en\/#\/schema\/person\/11f6ae0d7d1868ba20a1cc27f067c836\"},\"headline\":\"Appel\u00e9s \u00e0 \u00eatre une communion mondiale\",\"datePublished\":\"2014-01-13T00:00:00+00:00\",\"dateModified\":\"2024-12-10T17:12:44+00:00\",\"mainEntityOfPage\":{\"@id\":\"https:\/\/mwc-cmm.org\/fr\/stories\/called-to-be-a-global-communion-4\/\"},\"wordCount\":641,\"publisher\":{\"@id\":\"https:\/\/mwc-cmm.org\/en\/#organization\"},\"image\":{\"@id\":\"https:\/\/mwc-cmm.org\/fr\/stories\/called-to-be-a-global-communion-4\/#primaryimage\"},\"thumbnailUrl\":\"https:\/\/mwc-cmm.org\/wp-content\/uploads\/2024\/11\/cesar_garcia-outside-web_edit.jpg\",\"articleSection\":[\"Non classifi\u00e9(e)\"],\"inLanguage\":\"fr-FR\"},{\"@type\":\"WebPage\",\"@id\":\"https:\/\/mwc-cmm.org\/fr\/stories\/called-to-be-a-global-communion-4\/\",\"url\":\"https:\/\/mwc-cmm.org\/fr\/stories\/called-to-be-a-global-communion-4\/\",\"name\":\"Appel\u00e9s \u00e0 \u00eatre une communion mondiale - Mennonite World Conference\",\"isPartOf\":{\"@id\":\"https:\/\/mwc-cmm.org\/en\/#website\"},\"primaryImageOfPage\":{\"@id\":\"https:\/\/mwc-cmm.org\/fr\/stories\/called-to-be-a-global-communion-4\/#primaryimage\"},\"image\":{\"@id\":\"https:\/\/mwc-cmm.org\/fr\/stories\/called-to-be-a-global-communion-4\/#primaryimage\"},\"thumbnailUrl\":\"https:\/\/mwc-cmm.org\/wp-content\/uploads\/2024\/11\/cesar_garcia-outside-web_edit.jpg\",\"datePublished\":\"2014-01-13T00:00:00+00:00\",\"dateModified\":\"2024-12-10T17:12:44+00:00\",\"breadcrumb\":{\"@id\":\"https:\/\/mwc-cmm.org\/fr\/stories\/called-to-be-a-global-communion-4\/#breadcrumb\"},\"inLanguage\":\"fr-FR\",\"potentialAction\":[{\"@type\":\"ReadAction\",\"target\":[\"https:\/\/mwc-cmm.org\/fr\/stories\/called-to-be-a-global-communion-4\/\"]}]},{\"@type\":\"ImageObject\",\"inLanguage\":\"fr-FR\",\"@id\":\"https:\/\/mwc-cmm.org\/fr\/stories\/called-to-be-a-global-communion-4\/#primaryimage\",\"url\":\"https:\/\/mwc-cmm.org\/wp-content\/uploads\/2024\/11\/cesar_garcia-outside-web_edit.jpg\",\"contentUrl\":\"https:\/\/mwc-cmm.org\/wp-content\/uploads\/2024\/11\/cesar_garcia-outside-web_edit.jpg\",\"width\":700,\"height\":933},{\"@type\":\"BreadcrumbList\",\"@id\":\"https:\/\/mwc-cmm.org\/fr\/stories\/called-to-be-a-global-communion-4\/#breadcrumb\",\"itemListElement\":[{\"@type\":\"ListItem\",\"position\":1,\"name\":\"Home\",\"item\":\"https:\/\/mwc-cmm.org\/fr\/\"},{\"@type\":\"ListItem\",\"position\":2,\"name\":\"Appel\u00e9s \u00e0 \u00eatre une communion mondiale\"}]},{\"@type\":\"WebSite\",\"@id\":\"https:\/\/mwc-cmm.org\/en\/#website\",\"url\":\"https:\/\/mwc-cmm.org\/en\/\",\"name\":\"Mennonite World Conference\",\"description\":\"A communion of Anabaptist-related churches\",\"publisher\":{\"@id\":\"https:\/\/mwc-cmm.org\/en\/#organization\"},\"alternateName\":\"MWC\",\"potentialAction\":[{\"@type\":\"SearchAction\",\"target\":{\"@type\":\"EntryPoint\",\"urlTemplate\":\"https:\/\/mwc-cmm.org\/en\/?s={search_term_string}\"},\"query-input\":{\"@type\":\"PropertyValueSpecification\",\"valueRequired\":true,\"valueName\":\"search_term_string\"}}],\"inLanguage\":\"fr-FR\"},{\"@type\":\"Organization\",\"@id\":\"https:\/\/mwc-cmm.org\/en\/#organization\",\"name\":\"Mennonite World Conference\",\"alternateName\":\"MWC\",\"url\":\"https:\/\/mwc-cmm.org\/en\/\",\"logo\":{\"@type\":\"ImageObject\",\"inLanguage\":\"fr-FR\",\"@id\":\"https:\/\/mwc-cmm.org\/en\/#\/schema\/logo\/image\/\",\"url\":\"https:\/\/mwc-cmm.org\/wp-content\/uploads\/2026\/01\/MWC_Sig_Blue_Horiz_webheader1-logo.svg\",\"contentUrl\":\"https:\/\/mwc-cmm.org\/wp-content\/uploads\/2026\/01\/MWC_Sig_Blue_Horiz_webheader1-logo.svg\",\"width\":786,\"height\":82,\"caption\":\"Mennonite World Conference\"},\"image\":{\"@id\":\"https:\/\/mwc-cmm.org\/en\/#\/schema\/logo\/image\/\"},\"sameAs\":[\"https:\/\/www.facebook.com\/MennoniteWorldConference\",\"https:\/\/www.linkedin.com\/company\/mennonite-world-conference-mwc\/\",\"https:\/\/www.instagram.com\/mwcmm\/\",\"https:\/\/www.youtube.com\/user\/mwccmm\",\"https:\/\/bsky.app\/profile\/mwcmm.bsky.social\"]},{\"@type\":\"Person\",\"@id\":\"https:\/\/mwc-cmm.org\/en\/#\/schema\/person\/11f6ae0d7d1868ba20a1cc27f067c836\",\"name\":\"mennworldcon\",\"image\":{\"@type\":\"ImageObject\",\"inLanguage\":\"fr-FR\",\"@id\":\"https:\/\/secure.gravatar.com\/avatar\/06fdc0dc81c157dfdb82ec42f252178a22307808988d22c043f9eb96f1e0fe80?s=96&d=mm&r=g\",\"url\":\"https:\/\/secure.gravatar.com\/avatar\/06fdc0dc81c157dfdb82ec42f252178a22307808988d22c043f9eb96f1e0fe80?s=96&d=mm&r=g\",\"contentUrl\":\"https:\/\/secure.gravatar.com\/avatar\/06fdc0dc81c157dfdb82ec42f252178a22307808988d22c043f9eb96f1e0fe80?s=96&d=mm&r=g\",\"caption\":\"mennworldcon\"},\"sameAs\":[\"https:\/\/mwc-cmm.org\"],\"url\":\"https:\/\/mwc-cmm.org\/fr\/stories\/author\/mennworldcon\/\"}]}<\/script>\n<!-- \/ Yoast SEO plugin. -->","yoast_head_json":{"title":"Appel\u00e9s \u00e0 \u00eatre une communion mondiale - Mennonite World Conference","robots":{"index":"index","follow":"follow","max-snippet":"max-snippet:-1","max-image-preview":"max-image-preview:large","max-video-preview":"max-video-preview:-1"},"canonical":"https:\/\/mwc-cmm.org\/fr\/stories\/called-to-be-a-global-communion-4\/","og_locale":"fr_FR","og_type":"article","og_title":"Appel\u00e9s \u00e0 \u00eatre une communion mondiale - Mennonite World Conference","og_description":"NULL","og_url":"https:\/\/mwc-cmm.org\/fr\/stories\/called-to-be-a-global-communion-4\/","og_site_name":"Mennonite World Conference","article_publisher":"https:\/\/www.facebook.com\/MennoniteWorldConference","article_published_time":"2014-01-13T00:00:00+00:00","article_modified_time":"2024-12-10T17:12:44+00:00","og_image":[{"width":700,"height":933,"url":"https:\/\/mwc-cmm.org\/wp-content\/uploads\/2024\/11\/cesar_garcia-outside-web_edit.jpg","type":"image\/jpeg"}],"author":"mennworldcon","schema":{"@context":"https:\/\/schema.org","@graph":[{"@type":"Article","@id":"https:\/\/mwc-cmm.org\/fr\/stories\/called-to-be-a-global-communion-4\/#article","isPartOf":{"@id":"https:\/\/mwc-cmm.org\/fr\/stories\/called-to-be-a-global-communion-4\/"},"author":{"name":"mennworldcon","@id":"https:\/\/mwc-cmm.org\/en\/#\/schema\/person\/11f6ae0d7d1868ba20a1cc27f067c836"},"headline":"Appel\u00e9s \u00e0 \u00eatre une communion mondiale","datePublished":"2014-01-13T00:00:00+00:00","dateModified":"2024-12-10T17:12:44+00:00","mainEntityOfPage":{"@id":"https:\/\/mwc-cmm.org\/fr\/stories\/called-to-be-a-global-communion-4\/"},"wordCount":641,"publisher":{"@id":"https:\/\/mwc-cmm.org\/en\/#organization"},"image":{"@id":"https:\/\/mwc-cmm.org\/fr\/stories\/called-to-be-a-global-communion-4\/#primaryimage"},"thumbnailUrl":"https:\/\/mwc-cmm.org\/wp-content\/uploads\/2024\/11\/cesar_garcia-outside-web_edit.jpg","articleSection":["Non classifi\u00e9(e)"],"inLanguage":"fr-FR"},{"@type":"WebPage","@id":"https:\/\/mwc-cmm.org\/fr\/stories\/called-to-be-a-global-communion-4\/","url":"https:\/\/mwc-cmm.org\/fr\/stories\/called-to-be-a-global-communion-4\/","name":"Appel\u00e9s \u00e0 \u00eatre une communion mondiale - Mennonite World Conference","isPartOf":{"@id":"https:\/\/mwc-cmm.org\/en\/#website"},"primaryImageOfPage":{"@id":"https:\/\/mwc-cmm.org\/fr\/stories\/called-to-be-a-global-communion-4\/#primaryimage"},"image":{"@id":"https:\/\/mwc-cmm.org\/fr\/stories\/called-to-be-a-global-communion-4\/#primaryimage"},"thumbnailUrl":"https:\/\/mwc-cmm.org\/wp-content\/uploads\/2024\/11\/cesar_garcia-outside-web_edit.jpg","datePublished":"2014-01-13T00:00:00+00:00","dateModified":"2024-12-10T17:12:44+00:00","breadcrumb":{"@id":"https:\/\/mwc-cmm.org\/fr\/stories\/called-to-be-a-global-communion-4\/#breadcrumb"},"inLanguage":"fr-FR","potentialAction":[{"@type":"ReadAction","target":["https:\/\/mwc-cmm.org\/fr\/stories\/called-to-be-a-global-communion-4\/"]}]},{"@type":"ImageObject","inLanguage":"fr-FR","@id":"https:\/\/mwc-cmm.org\/fr\/stories\/called-to-be-a-global-communion-4\/#primaryimage","url":"https:\/\/mwc-cmm.org\/wp-content\/uploads\/2024\/11\/cesar_garcia-outside-web_edit.jpg","contentUrl":"https:\/\/mwc-cmm.org\/wp-content\/uploads\/2024\/11\/cesar_garcia-outside-web_edit.jpg","width":700,"height":933},{"@type":"BreadcrumbList","@id":"https:\/\/mwc-cmm.org\/fr\/stories\/called-to-be-a-global-communion-4\/#breadcrumb","itemListElement":[{"@type":"ListItem","position":1,"name":"Home","item":"https:\/\/mwc-cmm.org\/fr\/"},{"@type":"ListItem","position":2,"name":"Appel\u00e9s \u00e0 \u00eatre une communion mondiale"}]},{"@type":"WebSite","@id":"https:\/\/mwc-cmm.org\/en\/#website","url":"https:\/\/mwc-cmm.org\/en\/","name":"Mennonite World Conference","description":"A communion of Anabaptist-related churches","publisher":{"@id":"https:\/\/mwc-cmm.org\/en\/#organization"},"alternateName":"MWC","potentialAction":[{"@type":"SearchAction","target":{"@type":"EntryPoint","urlTemplate":"https:\/\/mwc-cmm.org\/en\/?s={search_term_string}"},"query-input":{"@type":"PropertyValueSpecification","valueRequired":true,"valueName":"search_term_string"}}],"inLanguage":"fr-FR"},{"@type":"Organization","@id":"https:\/\/mwc-cmm.org\/en\/#organization","name":"Mennonite World Conference","alternateName":"MWC","url":"https:\/\/mwc-cmm.org\/en\/","logo":{"@type":"ImageObject","inLanguage":"fr-FR","@id":"https:\/\/mwc-cmm.org\/en\/#\/schema\/logo\/image\/","url":"https:\/\/mwc-cmm.org\/wp-content\/uploads\/2026\/01\/MWC_Sig_Blue_Horiz_webheader1-logo.svg","contentUrl":"https:\/\/mwc-cmm.org\/wp-content\/uploads\/2026\/01\/MWC_Sig_Blue_Horiz_webheader1-logo.svg","width":786,"height":82,"caption":"Mennonite World Conference"},"image":{"@id":"https:\/\/mwc-cmm.org\/en\/#\/schema\/logo\/image\/"},"sameAs":["https:\/\/www.facebook.com\/MennoniteWorldConference","https:\/\/www.linkedin.com\/company\/mennonite-world-conference-mwc\/","https:\/\/www.instagram.com\/mwcmm\/","https:\/\/www.youtube.com\/user\/mwccmm","https:\/\/bsky.app\/profile\/mwcmm.bsky.social"]},{"@type":"Person","@id":"https:\/\/mwc-cmm.org\/en\/#\/schema\/person\/11f6ae0d7d1868ba20a1cc27f067c836","name":"mennworldcon","image":{"@type":"ImageObject","inLanguage":"fr-FR","@id":"https:\/\/secure.gravatar.com\/avatar\/06fdc0dc81c157dfdb82ec42f252178a22307808988d22c043f9eb96f1e0fe80?s=96&d=mm&r=g","url":"https:\/\/secure.gravatar.com\/avatar\/06fdc0dc81c157dfdb82ec42f252178a22307808988d22c043f9eb96f1e0fe80?s=96&d=mm&r=g","contentUrl":"https:\/\/secure.gravatar.com\/avatar\/06fdc0dc81c157dfdb82ec42f252178a22307808988d22c043f9eb96f1e0fe80?s=96&d=mm&r=g","caption":"mennworldcon"},"sameAs":["https:\/\/mwc-cmm.org"],"url":"https:\/\/mwc-cmm.org\/fr\/stories\/author\/mennworldcon\/"}]}},"_links":{"self":[{"href":"https:\/\/mwc-cmm.org\/fr\/wp-json\/wp\/v2\/posts\/9591","targetHints":{"allow":["GET"]}}],"collection":[{"href":"https:\/\/mwc-cmm.org\/fr\/wp-json\/wp\/v2\/posts"}],"about":[{"href":"https:\/\/mwc-cmm.org\/fr\/wp-json\/wp\/v2\/types\/post"}],"author":[{"embeddable":true,"href":"https:\/\/mwc-cmm.org\/fr\/wp-json\/wp\/v2\/users\/1"}],"replies":[{"embeddable":true,"href":"https:\/\/mwc-cmm.org\/fr\/wp-json\/wp\/v2\/comments?post=9591"}],"version-history":[{"count":0,"href":"https:\/\/mwc-cmm.org\/fr\/wp-json\/wp\/v2\/posts\/9591\/revisions"}],"wp:featuredmedia":[{"embeddable":true,"href":"https:\/\/mwc-cmm.org\/fr\/wp-json\/wp\/v2\/media\/85378"}],"wp:attachment":[{"href":"https:\/\/mwc-cmm.org\/fr\/wp-json\/wp\/v2\/media?parent=9591"}],"wp:term":[{"taxonomy":"category","embeddable":true,"href":"https:\/\/mwc-cmm.org\/fr\/wp-json\/wp\/v2\/categories?post=9591"},{"taxonomy":"post_tag","embeddable":true,"href":"https:\/\/mwc-cmm.org\/fr\/wp-json\/wp\/v2\/tags?post=9591"},{"taxonomy":"network","embeddable":true,"href":"https:\/\/mwc-cmm.org\/fr\/wp-json\/wp\/v2\/network?post=9591"},{"taxonomy":"eventcategory","embeddable":true,"href":"https:\/\/mwc-cmm.org\/fr\/wp-json\/wp\/v2\/eventcategory?post=9591"}],"curies":[{"name":"wp","href":"https:\/\/api.w.org\/{rel}","templated":true}]}}