{"id":9585,"date":"2013-07-08T00:00:00","date_gmt":"2013-07-08T00:00:00","guid":{"rendered":"https:\/\/mwc-cmm.org\/young-anabaptists-prepare-for-2015-global-youth-summit-4\/"},"modified":"2024-12-10T17:12:41","modified_gmt":"2024-12-10T17:12:41","slug":"young-anabaptists-prepare-for-2015-global-youth-summit-4","status":"publish","type":"post","link":"https:\/\/mwc-cmm.org\/fr\/stories\/young-anabaptists-prepare-for-2015-global-youth-summit-4\/","title":{"rendered":"Les jeunes anabaptistes pr\u00e9parent le Sommet Mondial de la Jeunesse de 2015"},"content":{"rendered":"<p>Akron, Pennsylvanie, \u00c9tats-Unis \u2013Les pr\u00e9paratifs du Sommet Mondial de la Jeunesse de 2015 et les transitions au sein du comit\u00e9 ont marqu\u00e9 la rencontre annuelle du comit\u00e9 des  Jeunes Anabaptistes (YABs) qui a eu lieu du 23 au 28 mai 2013.<\/p>\n<p>Le comit\u00e9 a accueilli la nouvelle repr\u00e9sentante d\u2019Am\u00e9rique du Nord, Lani Prun\u00e9s des Etas-Unis qui remplace Kristina Toews du Canada maintenant au poste de Travailleur en Communications Web de la CMM \u00e0 Bogota en Colombie. Toews, la pr\u00e9sidente sortante, continuera d\u2019\u00eatre disponible en tant que consultante pour le comit\u00e9 des YABs (Jeunes Anabaptistes).<\/p>\n<p>\u00ab Je me suis d\u2019abord sentie d\u00e9bord\u00e9e par la transition dans ce groupe \u00bb a dit Prun\u00e9s. \u00ab  Je ne savais pas quoi attendre de ce groupe d\u2019Anabaptistes Internationaux ; cependant, d\u00e8s le premier jour je me suis non seulement sentie chaleureusement accueillie, mais comme faisant partie d\u2019un groupe qui m\u2019a respect\u00e9e et s\u2019est souci\u00e9 de ce que j\u2019avais \u00e0 offrir. \u00bb  <\/p>\n<p>Rodrigo Pedroza Garcia du Mexique, repr\u00e9sentant des YABs d\u2019Am\u00e9rique Latine, a \u00e9t\u00e9 confirm\u00e9 comme le nouveau  Pr\u00e9sident du Comit\u00e9 des YABs par le Comit\u00e9 Ex\u00e9cutif. Cependant, il n\u2019a pas pu obtenir un visa \u00e0 temps pour assister \u00e0 la r\u00e9union.<\/p>\n<p>Le comit\u00e9 des YABs a fr\u00e9quemment communiqu\u00e9 avec Pedroza via Skype. En revanche, \u00ab le manque de communication en face-\u00e0-face nous a beaucoup manqu\u00e9 lors de nos discussions et nous avons ressenti la distance lorsqu\u2019il s\u2019agissait de prendre des d\u00e9cisions par consensus \u00bb a comment\u00e9 Sumana Basumata d\u2019Inde, la repr\u00e9sentante des YABs d\u2019Asie. <\/p>\n<p>Lors de cette r\u00e9union, des d\u00e9cisions cl\u00e9s ont \u00e9t\u00e9 prises et des pr\u00e9paratifs ont \u00e9t\u00e9 faits  en vue du troisi\u00e8me Sommet Mondial de la Jeunesse (18+), qui doit avoir lieu du 17 au 19 juillet 2015, juste avant l\u2019Assembl\u00e9e de la CMM pr\u00e9vue du 21 au 26 juillet.<\/p>\n<p>Le comit\u00e9 des YABs a visit\u00e9 le Coll\u00e8ge Messiah \u00e0 Mechanicsburg en Pennsylvanie(\u00c9tats-Unis)  et a confirm\u00e9 que le prochain SMJ (Sommet Mondial de la Jeunesse) s\u2019y d\u00e9roulera. Cet \u00e9v\u00e9nement est ouvert \u00e0 tous les jeunes adultes \u00e2g\u00e9s de 18 ans et plus afin qu\u2019ils y viennent, qu\u2019ils apprennent les uns des autres, qu\u2019ils tissent des liens, qu\u2019ils prient et qu\u2019ensemble, ils soient l\u2019Eglise.<\/p>\n<p>\u00ab  A travers la participation au SMJ, Dieu nous laisse rencontrer ses diverses gr\u00e2ces, il ouvre nos yeux sur les diff\u00e9rentes r\u00e9alit\u00e9s de ce monde et nous permet de faire l\u2019exp\u00e9rience de notre grande famille, diff\u00e9rente mais unie par l\u2019amour de notre Seigneur J\u00e9sus, \u00bb a confi\u00e9 Pedroza.<\/p>\n<p>Le th\u00e8me du SMJ de 2015 est Appel\u00e9 \u00e0 Partager : Mes Dons, Nos Dons. \u00ab Nous avons tous quelque chose \u00e0 partager, tout le Nord et tout le Sud. Partager ce n\u2019est pas uniquement donner, mais c\u2019est \u00e0 la fois donner et recevoir les dons que nous,  la famille mondiale, avons \u00bb a expliqu\u00e9 Tigist Tesfaye Gelagle d\u2019Ethiopie, la repr\u00e9sentantes des YABs d\u2019Afrique.<\/p>\n<p>Les difficult\u00e9s auxquelles le prochain SMJ doit faire face ont aussi \u00e9t\u00e9 discut\u00e9es parmi le Comit\u00e9 des YABs et le Comit\u00e9 Ex\u00e9cutif. La famille Anabaptiste mondiale doit garder dans ses pri\u00e8res le probl\u00e8me d\u2019obtention de visas pour visiter les \u00c9tats-Unis<strong><em>. <\/em><\/strong>Le Comit\u00e9s des YABs est aussi pr\u00eat \u00e0 travailler avec le groupe de travail Visas de la CMM et \u00e0 partager leurs recommandations avec les jeunes autours du monde.<\/p>\n<p>Marc Pasqu\u00e9s d\u2019Espagne, le repr\u00e9sentant europ\u00e9en du Comit\u00e9 des YABs a expliqu\u00e9 que \u00ab nous savons que l\u2019obtention de visas sera un d\u00e9fit majeur du SMJ 2015. Choisir Rodrigo comme pr\u00e9sident, m\u00eame s\u2019il n\u2019a pas pu venir \u00e0 cette r\u00e9union illustre comment nous ferons de notre mieux pour inclure chaque personne au SMJ, peu importe d\u2019o\u00f9 elle vient ou la difficult\u00e9 \u00e0 obtenir un visa. \u00bb<\/p>\n<p> Pendant les deux prochaines ann\u00e9es, le Comit\u00e9 des YABs se concentrera sur les pr\u00e9paratifs du SMJ 2015 et sur la construction et le renforcement des connections et des relations au sein de la famille mondiale. Ils feront cela \u00e0 travers la communication et les m\u00e9dias sociaux, continuant \u00e0 travailler avec les groupes qui ont postul\u00e9 au programme Connecter les Groupes de Jeunes (<em>Connecting Youth Groups<\/em>) et travaillant au d\u00e9veloppement de nouveaux mat\u00e9riels p\u00e9dagogiques  anabaptistes destin\u00e9s  aux jeunes.<\/p>\n<p>Pendant son s\u00e9jour en Pennsylvanie, le comit\u00e9 des YABs en a profit\u00e9 pour parler de la CMM et des \u00e9v\u00e9nements \u00e0 venir en 2015 avec un groupe anabaptiste local. Ils ont parl\u00e9 du SMJ et des activit\u00e9s pour les lyc\u00e9ens qui auront lieu \u00e0 l\u2019Assembl\u00e9e 16 \u00e0 l\u2019\u00e9cole mennonite de Lancaster et \u00e0 d\u2019autres \u00e9glises anabaptistes.<\/p>\n<p><em>Nouvelle Diffusion par Kristina Toews, Travailleur en Communications Web de la CMM<\/em><\/p>\n<p><img decoding=\"async\" alt=\"\" data-src=\"https:\/\/mwc-cmm.org\/wp-content\/uploads\/2024\/10\/rodrigo_2013.jpg\" style=\"--smush-image-width: 200px; --smush-image-aspect-ratio: 200\/258;width: 100px; height: 129px; margin-left: 5px; margin-right: 5px; float: left;\" width=\"200\" class=\"smush-dimensions lazyload\" src=\"data:image\/svg+xml;base64,PHN2ZyB3aWR0aD0iMSIgaGVpZ2h0PSIxIiB4bWxucz0iaHR0cDovL3d3dy53My5vcmcvMjAwMC9zdmciPjwvc3ZnPg==\" \/><\/p>\n<\/p>\n<p>Rodrigo Pedroza Garcia du Mexique, repr\u00e9sentant des YABs d\u2019Am\u00e9rique Latine<\/p><\/p>\n","protected":false},"excerpt":{"rendered":"<p>NULL<\/p>\n","protected":false},"author":1,"featured_media":85294,"comment_status":"closed","ping_status":"closed","sticky":false,"template":"","format":"standard","meta":{"_acf_changed":false,"footnotes":""},"categories":[7],"tags":[731,396],"network":[1285],"eventcategory":[],"class_list":["post-9585","post","type-post","status-publish","format-standard","has-post-thumbnail","hentry","category-non-classifiee","tag-gys-fr","tag-yabs-fr","network-young-anabaptists-fr"],"acf":[],"yoast_head":"<!-- This site is optimized with the Yoast SEO plugin v27.5 - https:\/\/yoast.com\/product\/yoast-seo-wordpress\/ -->\n<title>Les jeunes anabaptistes pr\u00e9parent le Sommet Mondial de la Jeunesse de 2015 - Mennonite World Conference<\/title>\n<meta name=\"robots\" content=\"index, follow, max-snippet:-1, max-image-preview:large, max-video-preview:-1\" \/>\n<link rel=\"canonical\" href=\"https:\/\/mwc-cmm.org\/en\/stories\/young-anabaptists-prepare-for-2015-global-youth-summit\/\" \/>\n<meta property=\"og:locale\" content=\"fr_FR\" \/>\n<meta property=\"og:type\" content=\"article\" \/>\n<meta property=\"og:title\" content=\"Les jeunes anabaptistes pr\u00e9parent le Sommet Mondial de la Jeunesse de 2015 - Mennonite World Conference\" \/>\n<meta property=\"og:description\" content=\"NULL\" \/>\n<meta property=\"og:url\" content=\"https:\/\/mwc-cmm.org\/en\/stories\/young-anabaptists-prepare-for-2015-global-youth-summit\/\" \/>\n<meta property=\"og:site_name\" content=\"Mennonite World Conference\" \/>\n<meta property=\"article:publisher\" content=\"https:\/\/www.facebook.com\/MennoniteWorldConference\" \/>\n<meta property=\"article:published_time\" content=\"2013-07-08T00:00:00+00:00\" \/>\n<meta property=\"article:modified_time\" content=\"2024-12-10T17:12:41+00:00\" \/>\n<meta property=\"og:image\" content=\"https:\/\/mwc-cmm.org\/wp-content\/uploads\/2024\/11\/yabs_in_museum.jpg\" \/>\n\t<meta property=\"og:image:width\" content=\"1800\" \/>\n\t<meta property=\"og:image:height\" content=\"1315\" \/>\n\t<meta property=\"og:image:type\" content=\"image\/jpeg\" \/>\n<meta name=\"author\" content=\"mennworldcon\" \/>\n<script type=\"application\/ld+json\" class=\"yoast-schema-graph\">{\"@context\":\"https:\\\/\\\/schema.org\",\"@graph\":[{\"@type\":\"Article\",\"@id\":\"https:\\\/\\\/mwc-cmm.org\\\/en\\\/stories\\\/young-anabaptists-prepare-for-2015-global-youth-summit\\\/#article\",\"isPartOf\":{\"@id\":\"https:\\\/\\\/mwc-cmm.org\\\/en\\\/stories\\\/young-anabaptists-prepare-for-2015-global-youth-summit\\\/\"},\"author\":{\"name\":\"mennworldcon\",\"@id\":\"https:\\\/\\\/mwc-cmm.org\\\/en\\\/#\\\/schema\\\/person\\\/11f6ae0d7d1868ba20a1cc27f067c836\"},\"headline\":\"Les jeunes anabaptistes pr\u00e9parent le Sommet Mondial de la Jeunesse de 2015\",\"datePublished\":\"2013-07-08T00:00:00+00:00\",\"dateModified\":\"2024-12-10T17:12:41+00:00\",\"mainEntityOfPage\":{\"@id\":\"https:\\\/\\\/mwc-cmm.org\\\/en\\\/stories\\\/young-anabaptists-prepare-for-2015-global-youth-summit\\\/\"},\"wordCount\":831,\"publisher\":{\"@id\":\"https:\\\/\\\/mwc-cmm.org\\\/en\\\/#organization\"},\"image\":{\"@id\":\"https:\\\/\\\/mwc-cmm.org\\\/en\\\/stories\\\/young-anabaptists-prepare-for-2015-global-youth-summit\\\/#primaryimage\"},\"thumbnailUrl\":\"https:\\\/\\\/mwc-cmm.org\\\/wp-content\\\/uploads\\\/2024\\\/11\\\/yabs_in_museum.jpg\",\"keywords\":[\"GYS\",\"YABs\"],\"articleSection\":[\"Non classifi\u00e9(e)\"],\"inLanguage\":\"fr-FR\"},{\"@type\":\"WebPage\",\"@id\":\"https:\\\/\\\/mwc-cmm.org\\\/en\\\/stories\\\/young-anabaptists-prepare-for-2015-global-youth-summit\\\/\",\"url\":\"https:\\\/\\\/mwc-cmm.org\\\/en\\\/stories\\\/young-anabaptists-prepare-for-2015-global-youth-summit\\\/\",\"name\":\"Les jeunes anabaptistes pr\u00e9parent le Sommet Mondial de la Jeunesse de 2015 - Mennonite World Conference\",\"isPartOf\":{\"@id\":\"https:\\\/\\\/mwc-cmm.org\\\/en\\\/#website\"},\"primaryImageOfPage\":{\"@id\":\"https:\\\/\\\/mwc-cmm.org\\\/en\\\/stories\\\/young-anabaptists-prepare-for-2015-global-youth-summit\\\/#primaryimage\"},\"image\":{\"@id\":\"https:\\\/\\\/mwc-cmm.org\\\/en\\\/stories\\\/young-anabaptists-prepare-for-2015-global-youth-summit\\\/#primaryimage\"},\"thumbnailUrl\":\"https:\\\/\\\/mwc-cmm.org\\\/wp-content\\\/uploads\\\/2024\\\/11\\\/yabs_in_museum.jpg\",\"datePublished\":\"2013-07-08T00:00:00+00:00\",\"dateModified\":\"2024-12-10T17:12:41+00:00\",\"breadcrumb\":{\"@id\":\"https:\\\/\\\/mwc-cmm.org\\\/en\\\/stories\\\/young-anabaptists-prepare-for-2015-global-youth-summit\\\/#breadcrumb\"},\"inLanguage\":\"fr-FR\",\"potentialAction\":[{\"@type\":\"ReadAction\",\"target\":[\"https:\\\/\\\/mwc-cmm.org\\\/en\\\/stories\\\/young-anabaptists-prepare-for-2015-global-youth-summit\\\/\"]}]},{\"@type\":\"ImageObject\",\"inLanguage\":\"fr-FR\",\"@id\":\"https:\\\/\\\/mwc-cmm.org\\\/en\\\/stories\\\/young-anabaptists-prepare-for-2015-global-youth-summit\\\/#primaryimage\",\"url\":\"https:\\\/\\\/mwc-cmm.org\\\/wp-content\\\/uploads\\\/2024\\\/11\\\/yabs_in_museum.jpg\",\"contentUrl\":\"https:\\\/\\\/mwc-cmm.org\\\/wp-content\\\/uploads\\\/2024\\\/11\\\/yabs_in_museum.jpg\",\"width\":1800,\"height\":1315},{\"@type\":\"BreadcrumbList\",\"@id\":\"https:\\\/\\\/mwc-cmm.org\\\/en\\\/stories\\\/young-anabaptists-prepare-for-2015-global-youth-summit\\\/#breadcrumb\",\"itemListElement\":[{\"@type\":\"ListItem\",\"position\":1,\"name\":\"Home\",\"item\":\"https:\\\/\\\/mwc-cmm.org\\\/fr\\\/\"},{\"@type\":\"ListItem\",\"position\":2,\"name\":\"Les jeunes anabaptistes pr\u00e9parent le Sommet Mondial de la Jeunesse de 2015\"}]},{\"@type\":\"WebSite\",\"@id\":\"https:\\\/\\\/mwc-cmm.org\\\/en\\\/#website\",\"url\":\"https:\\\/\\\/mwc-cmm.org\\\/en\\\/\",\"name\":\"Mennonite World Conference\",\"description\":\"A communion of Anabaptist-related churches\",\"publisher\":{\"@id\":\"https:\\\/\\\/mwc-cmm.org\\\/en\\\/#organization\"},\"alternateName\":\"MWC\",\"potentialAction\":[{\"@type\":\"SearchAction\",\"target\":{\"@type\":\"EntryPoint\",\"urlTemplate\":\"https:\\\/\\\/mwc-cmm.org\\\/en\\\/?s={search_term_string}\"},\"query-input\":{\"@type\":\"PropertyValueSpecification\",\"valueRequired\":true,\"valueName\":\"search_term_string\"}}],\"inLanguage\":\"fr-FR\"},{\"@type\":\"Organization\",\"@id\":\"https:\\\/\\\/mwc-cmm.org\\\/en\\\/#organization\",\"name\":\"Mennonite World Conference\",\"alternateName\":\"MWC\",\"url\":\"https:\\\/\\\/mwc-cmm.org\\\/en\\\/\",\"logo\":{\"@type\":\"ImageObject\",\"inLanguage\":\"fr-FR\",\"@id\":\"https:\\\/\\\/mwc-cmm.org\\\/en\\\/#\\\/schema\\\/logo\\\/image\\\/\",\"url\":\"https:\\\/\\\/mwc-cmm.org\\\/wp-content\\\/uploads\\\/2026\\\/01\\\/MWC_Sig_Blue_Horiz_webheader1-logo.svg\",\"contentUrl\":\"https:\\\/\\\/mwc-cmm.org\\\/wp-content\\\/uploads\\\/2026\\\/01\\\/MWC_Sig_Blue_Horiz_webheader1-logo.svg\",\"width\":786,\"height\":82,\"caption\":\"Mennonite World Conference\"},\"image\":{\"@id\":\"https:\\\/\\\/mwc-cmm.org\\\/en\\\/#\\\/schema\\\/logo\\\/image\\\/\"},\"sameAs\":[\"https:\\\/\\\/www.facebook.com\\\/MennoniteWorldConference\",\"https:\\\/\\\/www.linkedin.com\\\/company\\\/mennonite-world-conference-mwc\\\/\",\"https:\\\/\\\/www.instagram.com\\\/mwcmm\\\/\",\"https:\\\/\\\/www.youtube.com\\\/user\\\/mwccmm\",\"https:\\\/\\\/bsky.app\\\/profile\\\/mwcmm.bsky.social\"]},{\"@type\":\"Person\",\"@id\":\"https:\\\/\\\/mwc-cmm.org\\\/en\\\/#\\\/schema\\\/person\\\/11f6ae0d7d1868ba20a1cc27f067c836\",\"name\":\"mennworldcon\",\"image\":{\"@type\":\"ImageObject\",\"inLanguage\":\"fr-FR\",\"@id\":\"https:\\\/\\\/secure.gravatar.com\\\/avatar\\\/06fdc0dc81c157dfdb82ec42f252178a22307808988d22c043f9eb96f1e0fe80?s=96&d=mm&r=g\",\"url\":\"https:\\\/\\\/secure.gravatar.com\\\/avatar\\\/06fdc0dc81c157dfdb82ec42f252178a22307808988d22c043f9eb96f1e0fe80?s=96&d=mm&r=g\",\"contentUrl\":\"https:\\\/\\\/secure.gravatar.com\\\/avatar\\\/06fdc0dc81c157dfdb82ec42f252178a22307808988d22c043f9eb96f1e0fe80?s=96&d=mm&r=g\",\"caption\":\"mennworldcon\"},\"sameAs\":[\"https:\\\/\\\/mwc-cmm.org\"],\"url\":\"https:\\\/\\\/mwc-cmm.org\\\/fr\\\/stories\\\/author\\\/mennworldcon\\\/\"}]}<\/script>\n<!-- \/ Yoast SEO plugin. -->","yoast_head_json":{"title":"Les jeunes anabaptistes pr\u00e9parent le Sommet Mondial de la Jeunesse de 2015 - Mennonite World Conference","robots":{"index":"index","follow":"follow","max-snippet":"max-snippet:-1","max-image-preview":"max-image-preview:large","max-video-preview":"max-video-preview:-1"},"canonical":"https:\/\/mwc-cmm.org\/en\/stories\/young-anabaptists-prepare-for-2015-global-youth-summit\/","og_locale":"fr_FR","og_type":"article","og_title":"Les jeunes anabaptistes pr\u00e9parent le Sommet Mondial de la Jeunesse de 2015 - Mennonite World Conference","og_description":"NULL","og_url":"https:\/\/mwc-cmm.org\/en\/stories\/young-anabaptists-prepare-for-2015-global-youth-summit\/","og_site_name":"Mennonite World Conference","article_publisher":"https:\/\/www.facebook.com\/MennoniteWorldConference","article_published_time":"2013-07-08T00:00:00+00:00","article_modified_time":"2024-12-10T17:12:41+00:00","og_image":[{"width":1800,"height":1315,"url":"https:\/\/mwc-cmm.org\/wp-content\/uploads\/2024\/11\/yabs_in_museum.jpg","type":"image\/jpeg"}],"author":"mennworldcon","schema":{"@context":"https:\/\/schema.org","@graph":[{"@type":"Article","@id":"https:\/\/mwc-cmm.org\/en\/stories\/young-anabaptists-prepare-for-2015-global-youth-summit\/#article","isPartOf":{"@id":"https:\/\/mwc-cmm.org\/en\/stories\/young-anabaptists-prepare-for-2015-global-youth-summit\/"},"author":{"name":"mennworldcon","@id":"https:\/\/mwc-cmm.org\/en\/#\/schema\/person\/11f6ae0d7d1868ba20a1cc27f067c836"},"headline":"Les jeunes anabaptistes pr\u00e9parent le Sommet Mondial de la Jeunesse de 2015","datePublished":"2013-07-08T00:00:00+00:00","dateModified":"2024-12-10T17:12:41+00:00","mainEntityOfPage":{"@id":"https:\/\/mwc-cmm.org\/en\/stories\/young-anabaptists-prepare-for-2015-global-youth-summit\/"},"wordCount":831,"publisher":{"@id":"https:\/\/mwc-cmm.org\/en\/#organization"},"image":{"@id":"https:\/\/mwc-cmm.org\/en\/stories\/young-anabaptists-prepare-for-2015-global-youth-summit\/#primaryimage"},"thumbnailUrl":"https:\/\/mwc-cmm.org\/wp-content\/uploads\/2024\/11\/yabs_in_museum.jpg","keywords":["GYS","YABs"],"articleSection":["Non classifi\u00e9(e)"],"inLanguage":"fr-FR"},{"@type":"WebPage","@id":"https:\/\/mwc-cmm.org\/en\/stories\/young-anabaptists-prepare-for-2015-global-youth-summit\/","url":"https:\/\/mwc-cmm.org\/en\/stories\/young-anabaptists-prepare-for-2015-global-youth-summit\/","name":"Les jeunes anabaptistes pr\u00e9parent le Sommet Mondial de la Jeunesse de 2015 - Mennonite World Conference","isPartOf":{"@id":"https:\/\/mwc-cmm.org\/en\/#website"},"primaryImageOfPage":{"@id":"https:\/\/mwc-cmm.org\/en\/stories\/young-anabaptists-prepare-for-2015-global-youth-summit\/#primaryimage"},"image":{"@id":"https:\/\/mwc-cmm.org\/en\/stories\/young-anabaptists-prepare-for-2015-global-youth-summit\/#primaryimage"},"thumbnailUrl":"https:\/\/mwc-cmm.org\/wp-content\/uploads\/2024\/11\/yabs_in_museum.jpg","datePublished":"2013-07-08T00:00:00+00:00","dateModified":"2024-12-10T17:12:41+00:00","breadcrumb":{"@id":"https:\/\/mwc-cmm.org\/en\/stories\/young-anabaptists-prepare-for-2015-global-youth-summit\/#breadcrumb"},"inLanguage":"fr-FR","potentialAction":[{"@type":"ReadAction","target":["https:\/\/mwc-cmm.org\/en\/stories\/young-anabaptists-prepare-for-2015-global-youth-summit\/"]}]},{"@type":"ImageObject","inLanguage":"fr-FR","@id":"https:\/\/mwc-cmm.org\/en\/stories\/young-anabaptists-prepare-for-2015-global-youth-summit\/#primaryimage","url":"https:\/\/mwc-cmm.org\/wp-content\/uploads\/2024\/11\/yabs_in_museum.jpg","contentUrl":"https:\/\/mwc-cmm.org\/wp-content\/uploads\/2024\/11\/yabs_in_museum.jpg","width":1800,"height":1315},{"@type":"BreadcrumbList","@id":"https:\/\/mwc-cmm.org\/en\/stories\/young-anabaptists-prepare-for-2015-global-youth-summit\/#breadcrumb","itemListElement":[{"@type":"ListItem","position":1,"name":"Home","item":"https:\/\/mwc-cmm.org\/fr\/"},{"@type":"ListItem","position":2,"name":"Les jeunes anabaptistes pr\u00e9parent le Sommet Mondial de la Jeunesse de 2015"}]},{"@type":"WebSite","@id":"https:\/\/mwc-cmm.org\/en\/#website","url":"https:\/\/mwc-cmm.org\/en\/","name":"Mennonite World Conference","description":"A communion of Anabaptist-related churches","publisher":{"@id":"https:\/\/mwc-cmm.org\/en\/#organization"},"alternateName":"MWC","potentialAction":[{"@type":"SearchAction","target":{"@type":"EntryPoint","urlTemplate":"https:\/\/mwc-cmm.org\/en\/?s={search_term_string}"},"query-input":{"@type":"PropertyValueSpecification","valueRequired":true,"valueName":"search_term_string"}}],"inLanguage":"fr-FR"},{"@type":"Organization","@id":"https:\/\/mwc-cmm.org\/en\/#organization","name":"Mennonite World Conference","alternateName":"MWC","url":"https:\/\/mwc-cmm.org\/en\/","logo":{"@type":"ImageObject","inLanguage":"fr-FR","@id":"https:\/\/mwc-cmm.org\/en\/#\/schema\/logo\/image\/","url":"https:\/\/mwc-cmm.org\/wp-content\/uploads\/2026\/01\/MWC_Sig_Blue_Horiz_webheader1-logo.svg","contentUrl":"https:\/\/mwc-cmm.org\/wp-content\/uploads\/2026\/01\/MWC_Sig_Blue_Horiz_webheader1-logo.svg","width":786,"height":82,"caption":"Mennonite World Conference"},"image":{"@id":"https:\/\/mwc-cmm.org\/en\/#\/schema\/logo\/image\/"},"sameAs":["https:\/\/www.facebook.com\/MennoniteWorldConference","https:\/\/www.linkedin.com\/company\/mennonite-world-conference-mwc\/","https:\/\/www.instagram.com\/mwcmm\/","https:\/\/www.youtube.com\/user\/mwccmm","https:\/\/bsky.app\/profile\/mwcmm.bsky.social"]},{"@type":"Person","@id":"https:\/\/mwc-cmm.org\/en\/#\/schema\/person\/11f6ae0d7d1868ba20a1cc27f067c836","name":"mennworldcon","image":{"@type":"ImageObject","inLanguage":"fr-FR","@id":"https:\/\/secure.gravatar.com\/avatar\/06fdc0dc81c157dfdb82ec42f252178a22307808988d22c043f9eb96f1e0fe80?s=96&d=mm&r=g","url":"https:\/\/secure.gravatar.com\/avatar\/06fdc0dc81c157dfdb82ec42f252178a22307808988d22c043f9eb96f1e0fe80?s=96&d=mm&r=g","contentUrl":"https:\/\/secure.gravatar.com\/avatar\/06fdc0dc81c157dfdb82ec42f252178a22307808988d22c043f9eb96f1e0fe80?s=96&d=mm&r=g","caption":"mennworldcon"},"sameAs":["https:\/\/mwc-cmm.org"],"url":"https:\/\/mwc-cmm.org\/fr\/stories\/author\/mennworldcon\/"}]}},"_links":{"self":[{"href":"https:\/\/mwc-cmm.org\/fr\/wp-json\/wp\/v2\/posts\/9585","targetHints":{"allow":["GET"]}}],"collection":[{"href":"https:\/\/mwc-cmm.org\/fr\/wp-json\/wp\/v2\/posts"}],"about":[{"href":"https:\/\/mwc-cmm.org\/fr\/wp-json\/wp\/v2\/types\/post"}],"author":[{"embeddable":true,"href":"https:\/\/mwc-cmm.org\/fr\/wp-json\/wp\/v2\/users\/1"}],"replies":[{"embeddable":true,"href":"https:\/\/mwc-cmm.org\/fr\/wp-json\/wp\/v2\/comments?post=9585"}],"version-history":[{"count":0,"href":"https:\/\/mwc-cmm.org\/fr\/wp-json\/wp\/v2\/posts\/9585\/revisions"}],"wp:featuredmedia":[{"embeddable":true,"href":"https:\/\/mwc-cmm.org\/fr\/wp-json\/wp\/v2\/media\/85294"}],"wp:attachment":[{"href":"https:\/\/mwc-cmm.org\/fr\/wp-json\/wp\/v2\/media?parent=9585"}],"wp:term":[{"taxonomy":"category","embeddable":true,"href":"https:\/\/mwc-cmm.org\/fr\/wp-json\/wp\/v2\/categories?post=9585"},{"taxonomy":"post_tag","embeddable":true,"href":"https:\/\/mwc-cmm.org\/fr\/wp-json\/wp\/v2\/tags?post=9585"},{"taxonomy":"network","embeddable":true,"href":"https:\/\/mwc-cmm.org\/fr\/wp-json\/wp\/v2\/network?post=9585"},{"taxonomy":"eventcategory","embeddable":true,"href":"https:\/\/mwc-cmm.org\/fr\/wp-json\/wp\/v2\/eventcategory?post=9585"}],"curies":[{"name":"wp","href":"https:\/\/api.w.org\/{rel}","templated":true}]}}