{"id":9583,"date":"2016-05-19T00:00:00","date_gmt":"2016-05-19T00:00:00","guid":{"rendered":"https:\/\/mwc-cmm.org\/learning-to-know-each-other-better-researchers-embark-on-a-global-study-of-mwc-member-churches-4\/"},"modified":"2024-12-10T17:12:41","modified_gmt":"2024-12-10T17:12:41","slug":"learning-to-know-each-other-better-researchers-embark-on-a-global-study-of-mwc-member-churches-4","status":"publish","type":"post","link":"https:\/\/mwc-cmm.org\/fr\/stories\/learning-to-know-each-other-better-researchers-embark-on-a-global-study-of-mwc-member-churches-4\/","title":{"rendered":"Apprendre \u00e0 mieux se conna\u00eetre : Une enqu\u00eate mondiale sur les \u00e9glises membres de la CMM"},"content":{"rendered":"<\/p>\n<p>En 2012, la CMM s\u2019est associ\u00e9e \u00e0 <em>l\u2019Institute for the Study of Global Anabaptism, de Goshen College <\/em>(\u00c9tats-Unis) pour lancer un projet de recherche \u00e0 long terme comprenant plusieurs parties. L\u2019objectif ? Dresser un tableau plus nuanc\u00e9 des membres de la CMM en particulier, et de l\u2019\u00c9glise anabaptiste mondiale en g\u00e9n\u00e9ral.<\/p>\n<p>Le projet comporte deux volets. Le premier, \u2018Profil Anabaptiste Mondial\u2019 (GAP), est une enqu\u00eate articul\u00e9e autour des \u2018Convictions Communes\u2019 de la CMM, qui vise \u00e0 recueillir des donn\u00e9es d\u00e9mographiques ainsi que des informations sur les co+H98nvictions et les pratiques. Le deuxi\u00e8me volet, \u2018T\u00e9moignages du Monde\u2019 (BWS), cherchera \u00e0 recueillir des histoires personnelles de discipulat et de souffrance, dans l\u2019esprit du <em>Martyr\u2019s Mirror <\/em>(Miroir des Martyrs).<\/p>\n<p><em>Courier\/Correo\/Courrier <\/em>a contact\u00e9 les personnes travaillant sur ce projet pour savoir comment il est n\u00e9 et o\u00f9 il en est.<\/p>\n<p><strong>Quelle est l\u2019origine de cette initiative de recherche sur l\u2019anabaptisme mondiale ? <\/strong><\/p>\n<p><strong>John D. Roth (JR) <\/strong>: L\u2019\u00e9glise anabaptiste mondiale a subi une transformation radicale au cours des 30 derni\u00e8res ann\u00e9es, passant d\u2019environ 600 000 membres en 1980 \u00e0 plus que 1,7 millions aujourd\u2019hui. Bien que la CMM ait beaucoup travaill\u00e9 pour faciliter les \u00e9changes entre ses groupes membres, nous en sommes encore \u00e0 apprendre \u00e0 mieux nous conna\u00eetre. Le projet est une \u00e9tape pour avoir une id\u00e9e plus juste des donn\u00e9es d\u00e9mographiques, tout en recueillant des informations beaucoup plus d\u00e9taill\u00e9es sur les convictions, les pratiques, les espoirs et les r\u00eaves des \u00e9glises membres de la CMM.<\/p>\n<p><strong>Y a-t-il d\u00e9j\u00e0 eu des \u00e9tudes sur les convictions et les pratiques de la communaut\u00e9 internationale anabaptistemennonite ? <\/strong><\/p>\n<p><strong>Conrad Kanagy (CK) <\/strong>: Pas beaucoup. Il y a quelques ann\u00e9es, Richard Showalter (alors pr\u00e9sident de l\u2019<em>Eastern Mennonite Missions <\/em>\u2013 EMM \u2013 et pr\u00e9sident de la Commission Missions de la CMM) et moi avons inaugur\u00e9 le <em>Multi-Nation Anabaptist Profile <\/em>(MNA). Notre objectif \u00e9tait de mieux conna\u00eetre les convictions et les pratiques de la communaut\u00e9 anabaptiste internationale, et en particulier des \u00e9glises li\u00e9es \u00e0 l\u2019EMM. Les r\u00e9sultats de cette \u00e9tude ont \u00e9t\u00e9 r\u00e9cemment publi\u00e9s dans le livre <em>Winds of the Spirit <\/em>(Vents de l\u2019Esprit), Herald Press, 2012.<\/p>\n<p><strong>Alfred Neufeld (AN) <\/strong>: <em>Winds of the Spirit <\/em>d\u00e9montre tr\u00e8s bien comment une \u00e9tude de profil peut stimuler le travail th\u00e9ologique et contribuer au renouvellement identitaire. Nous nous attendons \u00e0 ce que le GAP soit utile \u00e9galement au travail de notre commission.<\/p>\n<p><strong>CK <\/strong>: Le GAP aura une port\u00e9e plus large que le MNA, et nous esp\u00e9rons qu\u2019il fournira davantage d\u2019informations.<\/p>\n<p><strong>Comment envisagez-vous de recueillir des r\u00e9cits pour le projet \u2018T\u00e9moignages du Monde\u2019 ? <\/strong><\/p>\n<p><strong>JR <\/strong>: Un des aspects du projet portera sur la collecte de t\u00e9moignages des <em>XVIIIe, XIXe et XXe <\/em>si\u00e8cles, c\u2019est \u00e0 dire de la fin du <em>Martyr\u2019s Mirror <\/em>(1685) \u00e0 nos jours. Mais nous voulons aussi recueillir des t\u00e9moignages de l\u2019\u00e9glise contemporaine, et en particulier des \u00e9glises anabaptistes-mennonites du Sud.<\/p>\n<p>En ao\u00fbt 2012, une quarantaine de personnes de neuf pays (repr\u00e9sentant au moins six diff\u00e9rents groupes anabaptistes) se sont r\u00e9unis \u00e0 <em>Goshen College <\/em>pour d\u00e9finir un cadre du BWS. Il en est clairement ressorti que la collecte de t\u00e9moignages n\u2019est jamais un processus simple. Nous esp\u00e9rons que des sollicitations personnelles et g\u00e9n\u00e9rales, l\u2019utilisation d\u2019internet et des r\u00e9seaux existants (comme la CMM) va lentement susciter de l\u2019int\u00e9r\u00eat.<\/p>\n<p><strong>Quels progr\u00e8s ont \u00e9t\u00e9 r\u00e9alis\u00e9s \u00e0 ce jour ? <\/strong><\/p>\n<p><strong>JR <\/strong>: Apr\u00e8s presque une ann\u00e9e de conversations avec les responsables de la CMM et des organisations missionnaires, des repr\u00e9sentants du Comit\u00e9 Central Mennonite et d\u2019un grand nombre de personnes int\u00e9ress\u00e9es, l\u2019ISGA re\u00e7u l\u2019approbation pr\u00e9liminaire pour le projet du Comit\u00e9 Ex\u00e9cutif de la CMM lors de sa r\u00e9union en mai 2011, approbation qui a \u00e9t\u00e9 confirm\u00e9e par le Conseil G\u00e9n\u00e9ral en mai 2012.<\/p>\n<p>En ao\u00fbt 2012, un sous-groupe de la Commission Foi et Vie de la CMM s\u2019est r\u00e9uni pour examiner la logistique du GAP. Conrad a aussi organis\u00e9 une consultation avec plusieurs sociologues mennonites, ayant une vaste exp\u00e9rience des enqu\u00eates transculturelles, pour qu\u2019ils nous conseillent sur la m\u00e9thodologie. Fin octobre, nous avons finalis\u00e9 notre mod\u00e8le, et en novembre, le bureau de la CMM \u00e0 Bogot\u00e1 a envoy\u00e9 des lettres officielles \u00e0 un \u00e9chantillon repr\u00e9sentatif de 25 \u00e9glises membres, les invitant \u00e0 participer. \u00ca l\u2019heure actuelle, nous r\u00e9pondons aux questions et d\u00e9finissons les groupes qui prendront part au projet. Nous esp\u00e9rons terminer l\u2019enqu\u00eate en 2013-2014.<\/p>\n<p><strong>De nos jours, il est courant que des chercheurs nord-am\u00e9ricains aillent dans le Sud pour mener ce genre d\u2019\u00e9tudes. Je suis s\u00fbr que vous \u00eates sensible \u00e0 cette question. Quelles mesures avez-vous prises pour y rem\u00e9dier ? <\/strong><\/p>\n<p><strong>JR <\/strong>: Oui, certains pourraient avoir l\u2019impression qu\u2019il s\u2019agit d\u2019un projet universitaire purement nord-am\u00e9ricain, consistant \u00e0 \u2018extraire\u2019 des informations de l\u2019\u00c9glise mondiale. Ce n\u2019est pas vrai, mais je comprends. De toute \u00e9vidence, l\u2019ISGA \u2013 qui se trouve aux \u00c9tats-Unis \u2013 est un catalyseur, et la totalit\u00e9 du financement provient d\u2019Am\u00e9rique du Nord. Mais pour nous, c\u2019est un projet commun de toutes les \u00e9glises membres de la famille de la CMM. L\u2019enqu\u00eate elle-m\u00eame est fond\u00e9e sur les \u2018Convictions Communes\u2019, fruit d\u2019un long processus de discernement auquel ont particip\u00e9 des groupes du monde entier. Chaque groupe participant pourra ajouter au GAP des questions qui lui sont sp\u00e9cifiques. Et les r\u00e9sultats de l\u2019enqu\u00eate de chaque groupe seront disponibles sous une forme accessible aux responsables de chaque \u00e9glise.<\/p>\n<p>La collecte d\u2019informations n\u2019est pas une fin en soi ; il s\u2019agit d\u2019aider les \u00e9glises, localement et au niveau mondial, \u00e0 \u00eatre des disciples plus fid\u00e8les de J\u00e9sus.<\/p>\n<p><strong>Comment pensez-vous que les donn\u00e9es recueillies aideront la CMM \u00e0 connecter la communaut\u00e9 anabaptiste mondiale ? <\/strong><\/p>\n<p><strong>AN <\/strong>: Au XVIe si\u00e8cle, il y a eu une \u2018multigen\u00e8se\u2019 d\u2019origines anabaptistes : le groupe n\u00e9erlandais-allemand du Nord, dirig\u00e9 par Menno Simons, \u00e9tait tout \u00e0 fait diff\u00e9rent culturellement, historiquement, spirituellement et politiquement du groupe suisse-allemand du Sud qui a commenc\u00e9 en 1525 \u00e0 Zurich. Et ces deux groupes \u00e9taient consid\u00e9rablement diff\u00e9rents du mouvement dirig\u00e9 par Hans Hut et Thomas M\u00fcnzer, et plus tard du \u2018Royaume des Cieux\u2019 dans la ville de M\u00fcnster.<\/p>\n<p>Aujourd\u2019hui, les nouvelles \u00e9glises anabaptistes, se d\u00e9veloppant par exemple dans le contexte islamique en Indon\u00e9sie ou au Nigeria, ou de la soci\u00e9t\u00e9 catholique espagnole r\u00e9sultant de la Conquista en Am\u00e9rique latine, ou du mouvement de \u2018l\u2019\u00e9glise clandestine\u2018 en Chine, ont des vies spirituelles et des luttes quotidiennes bien diff\u00e9rentes des membres d\u2019\u00e9glises mennonites d\u2019Amsterdam (Pays-Bas) ou de Berne (Suisse), de Lancaster (\u00c9tats-Unis) ou de Winnipeg (Canada). Mais nous avons besoin les uns les autres et nous avons besoin de nous comprendre.<\/p>\n<p><strong>CK <\/strong>: Dans le livre de l\u2019Apocalypse, J\u00e9sus- Christ a un message pour les sept \u00e9glises d\u2019Asie. Je me plais \u00e0 imaginer que ce travail sera une nouvelle fa\u00e7on d\u2019entendre, partiellement bien s\u00fbr, le message du Christ pour nous en ces premi\u00e8res ann\u00e9es du XXIe si\u00e8cle.<\/p>\n<div><strong>Participants <\/strong><\/div>\n<div><strong>John Roth <\/strong>(JR) Directeur de l\u2019<em>Institute for the Study of Global Anabaptism <\/em>(ISGA) \u00e0 <em>Goshen College <\/em>et secr\u00e9taire de la Commission Foi et Vie de la CMM.<\/div>\n<div><strong>Alfred Neufeld <\/strong>(AN) Pr\u00e9sident de la Commission Foi et Vie de la CMM.<\/div>\n<div><strong>Conrad Kanagy <\/strong>(CK) Directeur adjoint du projet \u2018Profil Anabaptiste Mondial\u2019<\/div><\/p>\n","protected":false},"excerpt":{"rendered":"<p>NULL<\/p>\n","protected":false},"author":1,"featured_media":85266,"comment_status":"closed","ping_status":"closed","sticky":false,"template":"","format":"standard","meta":{"_acf_changed":false,"footnotes":""},"categories":[7],"tags":[],"network":[1272],"eventcategory":[],"class_list":["post-9583","post","type-post","status-publish","format-standard","has-post-thumbnail","hentry","category-non-classifiee","network-faith-and-life-commission-fr"],"acf":[],"yoast_head":"<!-- This site is optimized with the Yoast SEO plugin v27.2 - https:\/\/yoast.com\/product\/yoast-seo-wordpress\/ -->\n<title>Apprendre \u00e0 mieux se conna\u00eetre : Une enqu\u00eate mondiale sur les \u00e9glises membres de la CMM - Mennonite World Conference<\/title>\n<meta name=\"robots\" content=\"index, follow, max-snippet:-1, max-image-preview:large, max-video-preview:-1\" \/>\n<link rel=\"canonical\" href=\"https:\/\/mwc-cmm.org\/en\/stories\/learning-to-know-each-other-better-researchers-embark-on-a-global-study-of-mwc-member-churches\/\" \/>\n<meta property=\"og:locale\" content=\"fr_FR\" \/>\n<meta property=\"og:type\" content=\"article\" \/>\n<meta property=\"og:title\" content=\"Apprendre \u00e0 mieux se conna\u00eetre : Une enqu\u00eate mondiale sur les \u00e9glises membres de la CMM - Mennonite World Conference\" \/>\n<meta property=\"og:description\" content=\"NULL\" \/>\n<meta property=\"og:url\" content=\"https:\/\/mwc-cmm.org\/en\/stories\/learning-to-know-each-other-better-researchers-embark-on-a-global-study-of-mwc-member-churches\/\" \/>\n<meta property=\"og:site_name\" content=\"Mennonite World Conference\" \/>\n<meta property=\"article:publisher\" content=\"https:\/\/www.facebook.com\/MennoniteWorldConference\" \/>\n<meta property=\"article:published_time\" content=\"2016-05-19T00:00:00+00:00\" \/>\n<meta property=\"article:modified_time\" content=\"2024-12-10T17:12:41+00:00\" \/>\n<meta property=\"og:image\" content=\"https:\/\/mwc-cmm.org\/wp-content\/uploads\/2024\/11\/photo_-_global_anab_profile.jpg\" \/>\n\t<meta property=\"og:image:width\" content=\"1067\" \/>\n\t<meta property=\"og:image:height\" content=\"800\" \/>\n\t<meta property=\"og:image:type\" content=\"image\/jpeg\" \/>\n<meta name=\"author\" content=\"mennworldcon\" \/>\n<script type=\"application\/ld+json\" class=\"yoast-schema-graph\">{\"@context\":\"https:\/\/schema.org\",\"@graph\":[{\"@type\":\"Article\",\"@id\":\"https:\/\/mwc-cmm.org\/en\/stories\/learning-to-know-each-other-better-researchers-embark-on-a-global-study-of-mwc-member-churches\/#article\",\"isPartOf\":{\"@id\":\"https:\/\/mwc-cmm.org\/en\/stories\/learning-to-know-each-other-better-researchers-embark-on-a-global-study-of-mwc-member-churches\/\"},\"author\":{\"name\":\"mennworldcon\",\"@id\":\"https:\/\/mwc-cmm.org\/en\/#\/schema\/person\/11f6ae0d7d1868ba20a1cc27f067c836\"},\"headline\":\"Apprendre \u00e0 mieux se conna\u00eetre : Une enqu\u00eate mondiale sur les \u00e9glises membres de la CMM\",\"datePublished\":\"2016-05-19T00:00:00+00:00\",\"dateModified\":\"2024-12-10T17:12:41+00:00\",\"mainEntityOfPage\":{\"@id\":\"https:\/\/mwc-cmm.org\/en\/stories\/learning-to-know-each-other-better-researchers-embark-on-a-global-study-of-mwc-member-churches\/\"},\"wordCount\":1293,\"publisher\":{\"@id\":\"https:\/\/mwc-cmm.org\/en\/#organization\"},\"image\":{\"@id\":\"https:\/\/mwc-cmm.org\/en\/stories\/learning-to-know-each-other-better-researchers-embark-on-a-global-study-of-mwc-member-churches\/#primaryimage\"},\"thumbnailUrl\":\"https:\/\/mwc-cmm.org\/wp-content\/uploads\/2024\/11\/photo_-_global_anab_profile.jpg\",\"articleSection\":[\"Non classifi\u00e9(e)\"],\"inLanguage\":\"fr-FR\"},{\"@type\":\"WebPage\",\"@id\":\"https:\/\/mwc-cmm.org\/en\/stories\/learning-to-know-each-other-better-researchers-embark-on-a-global-study-of-mwc-member-churches\/\",\"url\":\"https:\/\/mwc-cmm.org\/en\/stories\/learning-to-know-each-other-better-researchers-embark-on-a-global-study-of-mwc-member-churches\/\",\"name\":\"Apprendre \u00e0 mieux se conna\u00eetre : Une enqu\u00eate mondiale sur les \u00e9glises membres de la CMM - Mennonite World Conference\",\"isPartOf\":{\"@id\":\"https:\/\/mwc-cmm.org\/en\/#website\"},\"primaryImageOfPage\":{\"@id\":\"https:\/\/mwc-cmm.org\/en\/stories\/learning-to-know-each-other-better-researchers-embark-on-a-global-study-of-mwc-member-churches\/#primaryimage\"},\"image\":{\"@id\":\"https:\/\/mwc-cmm.org\/en\/stories\/learning-to-know-each-other-better-researchers-embark-on-a-global-study-of-mwc-member-churches\/#primaryimage\"},\"thumbnailUrl\":\"https:\/\/mwc-cmm.org\/wp-content\/uploads\/2024\/11\/photo_-_global_anab_profile.jpg\",\"datePublished\":\"2016-05-19T00:00:00+00:00\",\"dateModified\":\"2024-12-10T17:12:41+00:00\",\"breadcrumb\":{\"@id\":\"https:\/\/mwc-cmm.org\/en\/stories\/learning-to-know-each-other-better-researchers-embark-on-a-global-study-of-mwc-member-churches\/#breadcrumb\"},\"inLanguage\":\"fr-FR\",\"potentialAction\":[{\"@type\":\"ReadAction\",\"target\":[\"https:\/\/mwc-cmm.org\/en\/stories\/learning-to-know-each-other-better-researchers-embark-on-a-global-study-of-mwc-member-churches\/\"]}]},{\"@type\":\"ImageObject\",\"inLanguage\":\"fr-FR\",\"@id\":\"https:\/\/mwc-cmm.org\/en\/stories\/learning-to-know-each-other-better-researchers-embark-on-a-global-study-of-mwc-member-churches\/#primaryimage\",\"url\":\"https:\/\/mwc-cmm.org\/wp-content\/uploads\/2024\/11\/photo_-_global_anab_profile.jpg\",\"contentUrl\":\"https:\/\/mwc-cmm.org\/wp-content\/uploads\/2024\/11\/photo_-_global_anab_profile.jpg\",\"width\":1067,\"height\":800},{\"@type\":\"BreadcrumbList\",\"@id\":\"https:\/\/mwc-cmm.org\/en\/stories\/learning-to-know-each-other-better-researchers-embark-on-a-global-study-of-mwc-member-churches\/#breadcrumb\",\"itemListElement\":[{\"@type\":\"ListItem\",\"position\":1,\"name\":\"Home\",\"item\":\"https:\/\/mwc-cmm.org\/fr\/\"},{\"@type\":\"ListItem\",\"position\":2,\"name\":\"Apprendre \u00e0 mieux se conna\u00eetre : Une enqu\u00eate mondiale sur les \u00e9glises membres de la CMM\"}]},{\"@type\":\"WebSite\",\"@id\":\"https:\/\/mwc-cmm.org\/en\/#website\",\"url\":\"https:\/\/mwc-cmm.org\/en\/\",\"name\":\"Mennonite World Conference\",\"description\":\"A communion of Anabaptist-related churches\",\"publisher\":{\"@id\":\"https:\/\/mwc-cmm.org\/en\/#organization\"},\"alternateName\":\"MWC\",\"potentialAction\":[{\"@type\":\"SearchAction\",\"target\":{\"@type\":\"EntryPoint\",\"urlTemplate\":\"https:\/\/mwc-cmm.org\/en\/?s={search_term_string}\"},\"query-input\":{\"@type\":\"PropertyValueSpecification\",\"valueRequired\":true,\"valueName\":\"search_term_string\"}}],\"inLanguage\":\"fr-FR\"},{\"@type\":\"Organization\",\"@id\":\"https:\/\/mwc-cmm.org\/en\/#organization\",\"name\":\"Mennonite World Conference\",\"alternateName\":\"MWC\",\"url\":\"https:\/\/mwc-cmm.org\/en\/\",\"logo\":{\"@type\":\"ImageObject\",\"inLanguage\":\"fr-FR\",\"@id\":\"https:\/\/mwc-cmm.org\/en\/#\/schema\/logo\/image\/\",\"url\":\"https:\/\/mwc-cmm.org\/wp-content\/uploads\/2026\/01\/MWC_Sig_Blue_Horiz_webheader1-logo.svg\",\"contentUrl\":\"https:\/\/mwc-cmm.org\/wp-content\/uploads\/2026\/01\/MWC_Sig_Blue_Horiz_webheader1-logo.svg\",\"width\":786,\"height\":82,\"caption\":\"Mennonite World Conference\"},\"image\":{\"@id\":\"https:\/\/mwc-cmm.org\/en\/#\/schema\/logo\/image\/\"},\"sameAs\":[\"https:\/\/www.facebook.com\/MennoniteWorldConference\",\"https:\/\/www.linkedin.com\/company\/mennonite-world-conference-mwc\/\",\"https:\/\/www.instagram.com\/mwcmm\/\",\"https:\/\/www.youtube.com\/user\/mwccmm\",\"https:\/\/bsky.app\/profile\/mwcmm.bsky.social\"]},{\"@type\":\"Person\",\"@id\":\"https:\/\/mwc-cmm.org\/en\/#\/schema\/person\/11f6ae0d7d1868ba20a1cc27f067c836\",\"name\":\"mennworldcon\",\"image\":{\"@type\":\"ImageObject\",\"inLanguage\":\"fr-FR\",\"@id\":\"https:\/\/secure.gravatar.com\/avatar\/06fdc0dc81c157dfdb82ec42f252178a22307808988d22c043f9eb96f1e0fe80?s=96&d=mm&r=g\",\"url\":\"https:\/\/secure.gravatar.com\/avatar\/06fdc0dc81c157dfdb82ec42f252178a22307808988d22c043f9eb96f1e0fe80?s=96&d=mm&r=g\",\"contentUrl\":\"https:\/\/secure.gravatar.com\/avatar\/06fdc0dc81c157dfdb82ec42f252178a22307808988d22c043f9eb96f1e0fe80?s=96&d=mm&r=g\",\"caption\":\"mennworldcon\"},\"sameAs\":[\"https:\/\/mwc-cmm.org\"],\"url\":\"https:\/\/mwc-cmm.org\/fr\/stories\/author\/mennworldcon\/\"}]}<\/script>\n<!-- \/ Yoast SEO plugin. -->","yoast_head_json":{"title":"Apprendre \u00e0 mieux se conna\u00eetre : Une enqu\u00eate mondiale sur les \u00e9glises membres de la CMM - Mennonite World Conference","robots":{"index":"index","follow":"follow","max-snippet":"max-snippet:-1","max-image-preview":"max-image-preview:large","max-video-preview":"max-video-preview:-1"},"canonical":"https:\/\/mwc-cmm.org\/en\/stories\/learning-to-know-each-other-better-researchers-embark-on-a-global-study-of-mwc-member-churches\/","og_locale":"fr_FR","og_type":"article","og_title":"Apprendre \u00e0 mieux se conna\u00eetre : Une enqu\u00eate mondiale sur les \u00e9glises membres de la CMM - Mennonite World Conference","og_description":"NULL","og_url":"https:\/\/mwc-cmm.org\/en\/stories\/learning-to-know-each-other-better-researchers-embark-on-a-global-study-of-mwc-member-churches\/","og_site_name":"Mennonite World Conference","article_publisher":"https:\/\/www.facebook.com\/MennoniteWorldConference","article_published_time":"2016-05-19T00:00:00+00:00","article_modified_time":"2024-12-10T17:12:41+00:00","og_image":[{"width":1067,"height":800,"url":"https:\/\/mwc-cmm.org\/wp-content\/uploads\/2024\/11\/photo_-_global_anab_profile.jpg","type":"image\/jpeg"}],"author":"mennworldcon","schema":{"@context":"https:\/\/schema.org","@graph":[{"@type":"Article","@id":"https:\/\/mwc-cmm.org\/en\/stories\/learning-to-know-each-other-better-researchers-embark-on-a-global-study-of-mwc-member-churches\/#article","isPartOf":{"@id":"https:\/\/mwc-cmm.org\/en\/stories\/learning-to-know-each-other-better-researchers-embark-on-a-global-study-of-mwc-member-churches\/"},"author":{"name":"mennworldcon","@id":"https:\/\/mwc-cmm.org\/en\/#\/schema\/person\/11f6ae0d7d1868ba20a1cc27f067c836"},"headline":"Apprendre \u00e0 mieux se conna\u00eetre : Une enqu\u00eate mondiale sur les \u00e9glises membres de la CMM","datePublished":"2016-05-19T00:00:00+00:00","dateModified":"2024-12-10T17:12:41+00:00","mainEntityOfPage":{"@id":"https:\/\/mwc-cmm.org\/en\/stories\/learning-to-know-each-other-better-researchers-embark-on-a-global-study-of-mwc-member-churches\/"},"wordCount":1293,"publisher":{"@id":"https:\/\/mwc-cmm.org\/en\/#organization"},"image":{"@id":"https:\/\/mwc-cmm.org\/en\/stories\/learning-to-know-each-other-better-researchers-embark-on-a-global-study-of-mwc-member-churches\/#primaryimage"},"thumbnailUrl":"https:\/\/mwc-cmm.org\/wp-content\/uploads\/2024\/11\/photo_-_global_anab_profile.jpg","articleSection":["Non classifi\u00e9(e)"],"inLanguage":"fr-FR"},{"@type":"WebPage","@id":"https:\/\/mwc-cmm.org\/en\/stories\/learning-to-know-each-other-better-researchers-embark-on-a-global-study-of-mwc-member-churches\/","url":"https:\/\/mwc-cmm.org\/en\/stories\/learning-to-know-each-other-better-researchers-embark-on-a-global-study-of-mwc-member-churches\/","name":"Apprendre \u00e0 mieux se conna\u00eetre : Une enqu\u00eate mondiale sur les \u00e9glises membres de la CMM - Mennonite World Conference","isPartOf":{"@id":"https:\/\/mwc-cmm.org\/en\/#website"},"primaryImageOfPage":{"@id":"https:\/\/mwc-cmm.org\/en\/stories\/learning-to-know-each-other-better-researchers-embark-on-a-global-study-of-mwc-member-churches\/#primaryimage"},"image":{"@id":"https:\/\/mwc-cmm.org\/en\/stories\/learning-to-know-each-other-better-researchers-embark-on-a-global-study-of-mwc-member-churches\/#primaryimage"},"thumbnailUrl":"https:\/\/mwc-cmm.org\/wp-content\/uploads\/2024\/11\/photo_-_global_anab_profile.jpg","datePublished":"2016-05-19T00:00:00+00:00","dateModified":"2024-12-10T17:12:41+00:00","breadcrumb":{"@id":"https:\/\/mwc-cmm.org\/en\/stories\/learning-to-know-each-other-better-researchers-embark-on-a-global-study-of-mwc-member-churches\/#breadcrumb"},"inLanguage":"fr-FR","potentialAction":[{"@type":"ReadAction","target":["https:\/\/mwc-cmm.org\/en\/stories\/learning-to-know-each-other-better-researchers-embark-on-a-global-study-of-mwc-member-churches\/"]}]},{"@type":"ImageObject","inLanguage":"fr-FR","@id":"https:\/\/mwc-cmm.org\/en\/stories\/learning-to-know-each-other-better-researchers-embark-on-a-global-study-of-mwc-member-churches\/#primaryimage","url":"https:\/\/mwc-cmm.org\/wp-content\/uploads\/2024\/11\/photo_-_global_anab_profile.jpg","contentUrl":"https:\/\/mwc-cmm.org\/wp-content\/uploads\/2024\/11\/photo_-_global_anab_profile.jpg","width":1067,"height":800},{"@type":"BreadcrumbList","@id":"https:\/\/mwc-cmm.org\/en\/stories\/learning-to-know-each-other-better-researchers-embark-on-a-global-study-of-mwc-member-churches\/#breadcrumb","itemListElement":[{"@type":"ListItem","position":1,"name":"Home","item":"https:\/\/mwc-cmm.org\/fr\/"},{"@type":"ListItem","position":2,"name":"Apprendre \u00e0 mieux se conna\u00eetre : Une enqu\u00eate mondiale sur les \u00e9glises membres de la CMM"}]},{"@type":"WebSite","@id":"https:\/\/mwc-cmm.org\/en\/#website","url":"https:\/\/mwc-cmm.org\/en\/","name":"Mennonite World Conference","description":"A communion of Anabaptist-related churches","publisher":{"@id":"https:\/\/mwc-cmm.org\/en\/#organization"},"alternateName":"MWC","potentialAction":[{"@type":"SearchAction","target":{"@type":"EntryPoint","urlTemplate":"https:\/\/mwc-cmm.org\/en\/?s={search_term_string}"},"query-input":{"@type":"PropertyValueSpecification","valueRequired":true,"valueName":"search_term_string"}}],"inLanguage":"fr-FR"},{"@type":"Organization","@id":"https:\/\/mwc-cmm.org\/en\/#organization","name":"Mennonite World Conference","alternateName":"MWC","url":"https:\/\/mwc-cmm.org\/en\/","logo":{"@type":"ImageObject","inLanguage":"fr-FR","@id":"https:\/\/mwc-cmm.org\/en\/#\/schema\/logo\/image\/","url":"https:\/\/mwc-cmm.org\/wp-content\/uploads\/2026\/01\/MWC_Sig_Blue_Horiz_webheader1-logo.svg","contentUrl":"https:\/\/mwc-cmm.org\/wp-content\/uploads\/2026\/01\/MWC_Sig_Blue_Horiz_webheader1-logo.svg","width":786,"height":82,"caption":"Mennonite World Conference"},"image":{"@id":"https:\/\/mwc-cmm.org\/en\/#\/schema\/logo\/image\/"},"sameAs":["https:\/\/www.facebook.com\/MennoniteWorldConference","https:\/\/www.linkedin.com\/company\/mennonite-world-conference-mwc\/","https:\/\/www.instagram.com\/mwcmm\/","https:\/\/www.youtube.com\/user\/mwccmm","https:\/\/bsky.app\/profile\/mwcmm.bsky.social"]},{"@type":"Person","@id":"https:\/\/mwc-cmm.org\/en\/#\/schema\/person\/11f6ae0d7d1868ba20a1cc27f067c836","name":"mennworldcon","image":{"@type":"ImageObject","inLanguage":"fr-FR","@id":"https:\/\/secure.gravatar.com\/avatar\/06fdc0dc81c157dfdb82ec42f252178a22307808988d22c043f9eb96f1e0fe80?s=96&d=mm&r=g","url":"https:\/\/secure.gravatar.com\/avatar\/06fdc0dc81c157dfdb82ec42f252178a22307808988d22c043f9eb96f1e0fe80?s=96&d=mm&r=g","contentUrl":"https:\/\/secure.gravatar.com\/avatar\/06fdc0dc81c157dfdb82ec42f252178a22307808988d22c043f9eb96f1e0fe80?s=96&d=mm&r=g","caption":"mennworldcon"},"sameAs":["https:\/\/mwc-cmm.org"],"url":"https:\/\/mwc-cmm.org\/fr\/stories\/author\/mennworldcon\/"}]}},"_links":{"self":[{"href":"https:\/\/mwc-cmm.org\/fr\/wp-json\/wp\/v2\/posts\/9583","targetHints":{"allow":["GET"]}}],"collection":[{"href":"https:\/\/mwc-cmm.org\/fr\/wp-json\/wp\/v2\/posts"}],"about":[{"href":"https:\/\/mwc-cmm.org\/fr\/wp-json\/wp\/v2\/types\/post"}],"author":[{"embeddable":true,"href":"https:\/\/mwc-cmm.org\/fr\/wp-json\/wp\/v2\/users\/1"}],"replies":[{"embeddable":true,"href":"https:\/\/mwc-cmm.org\/fr\/wp-json\/wp\/v2\/comments?post=9583"}],"version-history":[{"count":0,"href":"https:\/\/mwc-cmm.org\/fr\/wp-json\/wp\/v2\/posts\/9583\/revisions"}],"wp:featuredmedia":[{"embeddable":true,"href":"https:\/\/mwc-cmm.org\/fr\/wp-json\/wp\/v2\/media\/85266"}],"wp:attachment":[{"href":"https:\/\/mwc-cmm.org\/fr\/wp-json\/wp\/v2\/media?parent=9583"}],"wp:term":[{"taxonomy":"category","embeddable":true,"href":"https:\/\/mwc-cmm.org\/fr\/wp-json\/wp\/v2\/categories?post=9583"},{"taxonomy":"post_tag","embeddable":true,"href":"https:\/\/mwc-cmm.org\/fr\/wp-json\/wp\/v2\/tags?post=9583"},{"taxonomy":"network","embeddable":true,"href":"https:\/\/mwc-cmm.org\/fr\/wp-json\/wp\/v2\/network?post=9583"},{"taxonomy":"eventcategory","embeddable":true,"href":"https:\/\/mwc-cmm.org\/fr\/wp-json\/wp\/v2\/eventcategory?post=9583"}],"curies":[{"name":"wp","href":"https:\/\/api.w.org\/{rel}","templated":true}]}}