{"id":9569,"date":"2013-03-28T00:00:00","date_gmt":"2013-03-28T00:00:00","guid":{"rendered":"https:\/\/mwc-cmm.org\/mwc-responds-to-election-of-pope-francis-4\/"},"modified":"2024-12-10T17:12:35","modified_gmt":"2024-12-10T17:12:35","slug":"la-cmm-reagit-a-lelection-du-pape-francois","status":"publish","type":"post","link":"https:\/\/mwc-cmm.org\/fr\/stories\/la-cmm-reagit-a-lelection-du-pape-francois\/","title":{"rendered":"La CMM r\u00e9agit \u00e0 l\u2019\u00e9lection du Pape Fran\u00e7ois"},"content":{"rendered":"<p>Bogota, Colombie- Suite \u00e0 l\u2019\u00e9lection du Cardinal argentin Jorge Bergoglio en tant que Pape Fran\u00e7ois le 13 mars dernier, la Conf\u00e9rence Mennonite Mondiale a issu une lettre de f\u00e9licitations et a envoy\u00e9 \u00e0 Rome deux de ses responsables pour assister aux services d\u2019inauguration du 19 et 20 mars.<\/p>\n<p>Le 14 mars, dans une lettre adress\u00e9e au Conseil Pontifical pour la Promotion de l\u2019Unit\u00e9 des Chr\u00e9tiens (CPPUC), C\u00e9sar Garc\u00eda, Secr\u00e9taire G\u00e9n\u00e9ral de la CMM a \u00e9crit : \u00ab Il ne fait aucun doute que le minist\u00e8re de Fran\u00e7ois, premier Pape Latino-Am\u00e9ricain et premier J\u00e9suite, apportera un nouvel \u00e9lan \u00e0 nos relations. \u00bb<\/p>\n<p>Garc\u00eda a aussi avou\u00e9 qu\u2019il pense que les dialogues que la CMM a eu avec l\u2019Eglise Catholique dans le pass\u00e9 \u00ab cr\u00e9eront d\u2019importants espaces pour nos \u00e9glises sous le pontificat du Pape Fran\u00e7ois. \u00bb Garc\u00eda fait r\u00e9f\u00e9rence au dialogue Mennonite-Catholique de 1998-2003 qui a donn\u00e9 naissance au rapport joint \u00ab appel\u00e9s \u00e0 faire \u0153uvre de la paix. \u00bb Il fait aussi r\u00e9f\u00e9rence au r\u00e9cent dialogue trilat\u00e9ral sur le bapt\u00eame entre les Catholiques, les Mennonites et les Luth\u00e9riens qui a d\u00e9but\u00e9 en d\u00e9cembre 2012.<\/p>\n<p>\u00ab Soyez assur\u00e9s de notre amour et de nos pri\u00e8res pour votre \u00e9glises en ces jours de transition m\u00e9morable \u00bb a \u00e9crit Garc\u00eda. Il a ajout\u00e9 \u00ab partageant la m\u00eame origine latino-am\u00e9ricaine, j\u2019ai \u00e9t\u00e9 tout particuli\u00e8rement touch\u00e9 par l\u2019attitude de Fran\u00e7ois lorsqu\u2019il s\u2019est inclin\u00e9 devant la foule apr\u00e8s avoir demand\u00e9 une pri\u00e8re aux nombreuses personnes venues l\u2019accueillir\u2026 L\u2019humilit\u00e9 de son attitude fut une b\u00e9n\u00e9diction sp\u00e9ciale pour moi en tant que latino-am\u00e9ricain. \u00bb<\/p>\n<p>Rainer Burkart d\u2019Allemagne et Henk Stenvers des Pays-Bas ont r\u00e9pondu \u00e0 l\u2019invitation de la CPPUC et ont assist\u00e9 aux services d\u2019inauguration \u00e0 Rome. Burkart est membre de la Commission Foi et Vie de la CMM et Stenvers  de la Commission Diacres. Ils ont eu l\u2019opportunit\u00e9 de rencontrer  les repr\u00e9sentants d\u2019autres communions chr\u00e9tiennes du monde et ont personnellement salu\u00e9 le Pape.<\/p>\n<p>Ils ont \u00e9crit \u00ab le Pape Fran\u00e7ois a l\u2019air d\u2019\u00eatre une personne humble et tr\u00e8s amicale. Nous avons eu l\u2019impression qu\u2019il fera en sorte de donner une image diff\u00e9rente du bureau papal. \u00bb Ils ont not\u00e9 plusieurs \u00ab petits signes \u00bbimportants. Par exemple, \u00ab pendant l\u2019audience [avec les invit\u00e9s \u0153cum\u00e9niques], la chaise du Pape ne se situait pas sur un podium mais au m\u00eame niveau que tout le monde. Le Patriarcat \u0152cum\u00e9nique de Constantinople repr\u00e9sentant le monde orthodoxe de l\u2019Est  a eu la m\u00eame sorte de chaise que le Pape.<\/p>\n<p>Dans un entretien paru le 20 mars dans un journal hollandais, Stenvers souligne l\u2019importance de l\u2019inauguration pour le monde \u0153cum\u00e9nique. En m\u00eame temps, il a not\u00e9 la pr\u00e9sence de nombreux dirigeants politiques du monde  et de la royaut\u00e9 et souligne l\u2019importance de la s\u00e9paration de l\u2019Eglise et de l\u2019Etat dans la tradition anabaptiste.<\/p>\n<p><em>Communiqu\u00e9 de la CMM<\/em><\/p>\n","protected":false},"excerpt":{"rendered":"<p>NULL<\/p>\n","protected":false},"author":1,"featured_media":85070,"comment_status":"closed","ping_status":"closed","sticky":false,"template":"","format":"standard","meta":{"_acf_changed":false,"footnotes":""},"categories":[7],"tags":[888,215,420],"network":[],"eventcategory":[],"class_list":["post-9569","post","type-post","status-publish","format-standard","has-post-thumbnail","hentry","category-non-classifiee","tag-catholique","tag-ecumenism","tag-ecumenism-fr"],"acf":[],"yoast_head":"<!-- This site is optimized with the Yoast SEO plugin v27.5 - https:\/\/yoast.com\/product\/yoast-seo-wordpress\/ -->\n<title>La CMM r\u00e9agit \u00e0 l\u2019\u00e9lection du Pape Fran\u00e7ois - Mennonite World Conference<\/title>\n<meta name=\"robots\" content=\"index, follow, max-snippet:-1, max-image-preview:large, max-video-preview:-1\" \/>\n<link rel=\"canonical\" href=\"https:\/\/mwc-cmm.org\/fr\/stories\/la-cmm-reagit-a-lelection-du-pape-francois\/\" \/>\n<meta property=\"og:locale\" content=\"fr_FR\" \/>\n<meta property=\"og:type\" content=\"article\" \/>\n<meta property=\"og:title\" content=\"La CMM r\u00e9agit \u00e0 l\u2019\u00e9lection du Pape Fran\u00e7ois - Mennonite World Conference\" \/>\n<meta property=\"og:description\" content=\"NULL\" \/>\n<meta property=\"og:url\" content=\"https:\/\/mwc-cmm.org\/fr\/stories\/la-cmm-reagit-a-lelection-du-pape-francois\/\" \/>\n<meta property=\"og:site_name\" content=\"Mennonite World Conference\" \/>\n<meta property=\"article:publisher\" content=\"https:\/\/www.facebook.com\/MennoniteWorldConference\" \/>\n<meta property=\"article:published_time\" content=\"2013-03-28T00:00:00+00:00\" \/>\n<meta property=\"article:modified_time\" content=\"2024-12-10T17:12:35+00:00\" \/>\n<meta property=\"og:image\" content=\"https:\/\/mwc-cmm.org\/wp-content\/uploads\/2024\/11\/pope_election_-_rainer_and_henk.jpg\" \/>\n\t<meta property=\"og:image:width\" content=\"1186\" \/>\n\t<meta property=\"og:image:height\" content=\"961\" \/>\n\t<meta property=\"og:image:type\" content=\"image\/jpeg\" \/>\n<meta name=\"author\" content=\"mennworldcon\" \/>\n<script type=\"application\/ld+json\" class=\"yoast-schema-graph\">{\"@context\":\"https:\\\/\\\/schema.org\",\"@graph\":[{\"@type\":\"Article\",\"@id\":\"https:\\\/\\\/mwc-cmm.org\\\/fr\\\/stories\\\/la-cmm-reagit-a-lelection-du-pape-francois\\\/#article\",\"isPartOf\":{\"@id\":\"https:\\\/\\\/mwc-cmm.org\\\/fr\\\/stories\\\/la-cmm-reagit-a-lelection-du-pape-francois\\\/\"},\"author\":{\"name\":\"mennworldcon\",\"@id\":\"https:\\\/\\\/mwc-cmm.org\\\/en\\\/#\\\/schema\\\/person\\\/11f6ae0d7d1868ba20a1cc27f067c836\"},\"headline\":\"La CMM r\u00e9agit \u00e0 l\u2019\u00e9lection du Pape Fran\u00e7ois\",\"datePublished\":\"2013-03-28T00:00:00+00:00\",\"dateModified\":\"2024-12-10T17:12:35+00:00\",\"mainEntityOfPage\":{\"@id\":\"https:\\\/\\\/mwc-cmm.org\\\/fr\\\/stories\\\/la-cmm-reagit-a-lelection-du-pape-francois\\\/\"},\"wordCount\":533,\"publisher\":{\"@id\":\"https:\\\/\\\/mwc-cmm.org\\\/en\\\/#organization\"},\"image\":{\"@id\":\"https:\\\/\\\/mwc-cmm.org\\\/fr\\\/stories\\\/la-cmm-reagit-a-lelection-du-pape-francois\\\/#primaryimage\"},\"thumbnailUrl\":\"https:\\\/\\\/mwc-cmm.org\\\/wp-content\\\/uploads\\\/2024\\\/11\\\/pope_election_-_rainer_and_henk.jpg\",\"keywords\":[\"Catholique\",\"ecumenism\",\"ecumenism\"],\"articleSection\":[\"Non classifi\u00e9(e)\"],\"inLanguage\":\"fr-FR\"},{\"@type\":\"WebPage\",\"@id\":\"https:\\\/\\\/mwc-cmm.org\\\/fr\\\/stories\\\/la-cmm-reagit-a-lelection-du-pape-francois\\\/\",\"url\":\"https:\\\/\\\/mwc-cmm.org\\\/fr\\\/stories\\\/la-cmm-reagit-a-lelection-du-pape-francois\\\/\",\"name\":\"La CMM r\u00e9agit \u00e0 l\u2019\u00e9lection du Pape Fran\u00e7ois - Mennonite World Conference\",\"isPartOf\":{\"@id\":\"https:\\\/\\\/mwc-cmm.org\\\/en\\\/#website\"},\"primaryImageOfPage\":{\"@id\":\"https:\\\/\\\/mwc-cmm.org\\\/fr\\\/stories\\\/la-cmm-reagit-a-lelection-du-pape-francois\\\/#primaryimage\"},\"image\":{\"@id\":\"https:\\\/\\\/mwc-cmm.org\\\/fr\\\/stories\\\/la-cmm-reagit-a-lelection-du-pape-francois\\\/#primaryimage\"},\"thumbnailUrl\":\"https:\\\/\\\/mwc-cmm.org\\\/wp-content\\\/uploads\\\/2024\\\/11\\\/pope_election_-_rainer_and_henk.jpg\",\"datePublished\":\"2013-03-28T00:00:00+00:00\",\"dateModified\":\"2024-12-10T17:12:35+00:00\",\"breadcrumb\":{\"@id\":\"https:\\\/\\\/mwc-cmm.org\\\/fr\\\/stories\\\/la-cmm-reagit-a-lelection-du-pape-francois\\\/#breadcrumb\"},\"inLanguage\":\"fr-FR\",\"potentialAction\":[{\"@type\":\"ReadAction\",\"target\":[\"https:\\\/\\\/mwc-cmm.org\\\/fr\\\/stories\\\/la-cmm-reagit-a-lelection-du-pape-francois\\\/\"]}]},{\"@type\":\"ImageObject\",\"inLanguage\":\"fr-FR\",\"@id\":\"https:\\\/\\\/mwc-cmm.org\\\/fr\\\/stories\\\/la-cmm-reagit-a-lelection-du-pape-francois\\\/#primaryimage\",\"url\":\"https:\\\/\\\/mwc-cmm.org\\\/wp-content\\\/uploads\\\/2024\\\/11\\\/pope_election_-_rainer_and_henk.jpg\",\"contentUrl\":\"https:\\\/\\\/mwc-cmm.org\\\/wp-content\\\/uploads\\\/2024\\\/11\\\/pope_election_-_rainer_and_henk.jpg\",\"width\":1186,\"height\":961},{\"@type\":\"BreadcrumbList\",\"@id\":\"https:\\\/\\\/mwc-cmm.org\\\/fr\\\/stories\\\/la-cmm-reagit-a-lelection-du-pape-francois\\\/#breadcrumb\",\"itemListElement\":[{\"@type\":\"ListItem\",\"position\":1,\"name\":\"Home\",\"item\":\"https:\\\/\\\/mwc-cmm.org\\\/fr\\\/\"},{\"@type\":\"ListItem\",\"position\":2,\"name\":\"La CMM r\u00e9agit \u00e0 l\u2019\u00e9lection du Pape Fran\u00e7ois\"}]},{\"@type\":\"WebSite\",\"@id\":\"https:\\\/\\\/mwc-cmm.org\\\/en\\\/#website\",\"url\":\"https:\\\/\\\/mwc-cmm.org\\\/en\\\/\",\"name\":\"Mennonite World Conference\",\"description\":\"A communion of Anabaptist-related churches\",\"publisher\":{\"@id\":\"https:\\\/\\\/mwc-cmm.org\\\/en\\\/#organization\"},\"alternateName\":\"MWC\",\"potentialAction\":[{\"@type\":\"SearchAction\",\"target\":{\"@type\":\"EntryPoint\",\"urlTemplate\":\"https:\\\/\\\/mwc-cmm.org\\\/en\\\/?s={search_term_string}\"},\"query-input\":{\"@type\":\"PropertyValueSpecification\",\"valueRequired\":true,\"valueName\":\"search_term_string\"}}],\"inLanguage\":\"fr-FR\"},{\"@type\":\"Organization\",\"@id\":\"https:\\\/\\\/mwc-cmm.org\\\/en\\\/#organization\",\"name\":\"Mennonite World Conference\",\"alternateName\":\"MWC\",\"url\":\"https:\\\/\\\/mwc-cmm.org\\\/en\\\/\",\"logo\":{\"@type\":\"ImageObject\",\"inLanguage\":\"fr-FR\",\"@id\":\"https:\\\/\\\/mwc-cmm.org\\\/en\\\/#\\\/schema\\\/logo\\\/image\\\/\",\"url\":\"https:\\\/\\\/mwc-cmm.org\\\/wp-content\\\/uploads\\\/2026\\\/01\\\/MWC_Sig_Blue_Horiz_webheader1-logo.svg\",\"contentUrl\":\"https:\\\/\\\/mwc-cmm.org\\\/wp-content\\\/uploads\\\/2026\\\/01\\\/MWC_Sig_Blue_Horiz_webheader1-logo.svg\",\"width\":786,\"height\":82,\"caption\":\"Mennonite World Conference\"},\"image\":{\"@id\":\"https:\\\/\\\/mwc-cmm.org\\\/en\\\/#\\\/schema\\\/logo\\\/image\\\/\"},\"sameAs\":[\"https:\\\/\\\/www.facebook.com\\\/MennoniteWorldConference\",\"https:\\\/\\\/www.linkedin.com\\\/company\\\/mennonite-world-conference-mwc\\\/\",\"https:\\\/\\\/www.instagram.com\\\/mwcmm\\\/\",\"https:\\\/\\\/www.youtube.com\\\/user\\\/mwccmm\",\"https:\\\/\\\/bsky.app\\\/profile\\\/mwcmm.bsky.social\"]},{\"@type\":\"Person\",\"@id\":\"https:\\\/\\\/mwc-cmm.org\\\/en\\\/#\\\/schema\\\/person\\\/11f6ae0d7d1868ba20a1cc27f067c836\",\"name\":\"mennworldcon\",\"image\":{\"@type\":\"ImageObject\",\"inLanguage\":\"fr-FR\",\"@id\":\"https:\\\/\\\/secure.gravatar.com\\\/avatar\\\/06fdc0dc81c157dfdb82ec42f252178a22307808988d22c043f9eb96f1e0fe80?s=96&d=mm&r=g\",\"url\":\"https:\\\/\\\/secure.gravatar.com\\\/avatar\\\/06fdc0dc81c157dfdb82ec42f252178a22307808988d22c043f9eb96f1e0fe80?s=96&d=mm&r=g\",\"contentUrl\":\"https:\\\/\\\/secure.gravatar.com\\\/avatar\\\/06fdc0dc81c157dfdb82ec42f252178a22307808988d22c043f9eb96f1e0fe80?s=96&d=mm&r=g\",\"caption\":\"mennworldcon\"},\"sameAs\":[\"https:\\\/\\\/mwc-cmm.org\"],\"url\":\"https:\\\/\\\/mwc-cmm.org\\\/fr\\\/stories\\\/author\\\/mennworldcon\\\/\"}]}<\/script>\n<!-- \/ Yoast SEO plugin. -->","yoast_head_json":{"title":"La CMM r\u00e9agit \u00e0 l\u2019\u00e9lection du Pape Fran\u00e7ois - Mennonite World Conference","robots":{"index":"index","follow":"follow","max-snippet":"max-snippet:-1","max-image-preview":"max-image-preview:large","max-video-preview":"max-video-preview:-1"},"canonical":"https:\/\/mwc-cmm.org\/fr\/stories\/la-cmm-reagit-a-lelection-du-pape-francois\/","og_locale":"fr_FR","og_type":"article","og_title":"La CMM r\u00e9agit \u00e0 l\u2019\u00e9lection du Pape Fran\u00e7ois - Mennonite World Conference","og_description":"NULL","og_url":"https:\/\/mwc-cmm.org\/fr\/stories\/la-cmm-reagit-a-lelection-du-pape-francois\/","og_site_name":"Mennonite World Conference","article_publisher":"https:\/\/www.facebook.com\/MennoniteWorldConference","article_published_time":"2013-03-28T00:00:00+00:00","article_modified_time":"2024-12-10T17:12:35+00:00","og_image":[{"width":1186,"height":961,"url":"https:\/\/mwc-cmm.org\/wp-content\/uploads\/2024\/11\/pope_election_-_rainer_and_henk.jpg","type":"image\/jpeg"}],"author":"mennworldcon","schema":{"@context":"https:\/\/schema.org","@graph":[{"@type":"Article","@id":"https:\/\/mwc-cmm.org\/fr\/stories\/la-cmm-reagit-a-lelection-du-pape-francois\/#article","isPartOf":{"@id":"https:\/\/mwc-cmm.org\/fr\/stories\/la-cmm-reagit-a-lelection-du-pape-francois\/"},"author":{"name":"mennworldcon","@id":"https:\/\/mwc-cmm.org\/en\/#\/schema\/person\/11f6ae0d7d1868ba20a1cc27f067c836"},"headline":"La CMM r\u00e9agit \u00e0 l\u2019\u00e9lection du Pape Fran\u00e7ois","datePublished":"2013-03-28T00:00:00+00:00","dateModified":"2024-12-10T17:12:35+00:00","mainEntityOfPage":{"@id":"https:\/\/mwc-cmm.org\/fr\/stories\/la-cmm-reagit-a-lelection-du-pape-francois\/"},"wordCount":533,"publisher":{"@id":"https:\/\/mwc-cmm.org\/en\/#organization"},"image":{"@id":"https:\/\/mwc-cmm.org\/fr\/stories\/la-cmm-reagit-a-lelection-du-pape-francois\/#primaryimage"},"thumbnailUrl":"https:\/\/mwc-cmm.org\/wp-content\/uploads\/2024\/11\/pope_election_-_rainer_and_henk.jpg","keywords":["Catholique","ecumenism","ecumenism"],"articleSection":["Non classifi\u00e9(e)"],"inLanguage":"fr-FR"},{"@type":"WebPage","@id":"https:\/\/mwc-cmm.org\/fr\/stories\/la-cmm-reagit-a-lelection-du-pape-francois\/","url":"https:\/\/mwc-cmm.org\/fr\/stories\/la-cmm-reagit-a-lelection-du-pape-francois\/","name":"La CMM r\u00e9agit \u00e0 l\u2019\u00e9lection du Pape Fran\u00e7ois - Mennonite World Conference","isPartOf":{"@id":"https:\/\/mwc-cmm.org\/en\/#website"},"primaryImageOfPage":{"@id":"https:\/\/mwc-cmm.org\/fr\/stories\/la-cmm-reagit-a-lelection-du-pape-francois\/#primaryimage"},"image":{"@id":"https:\/\/mwc-cmm.org\/fr\/stories\/la-cmm-reagit-a-lelection-du-pape-francois\/#primaryimage"},"thumbnailUrl":"https:\/\/mwc-cmm.org\/wp-content\/uploads\/2024\/11\/pope_election_-_rainer_and_henk.jpg","datePublished":"2013-03-28T00:00:00+00:00","dateModified":"2024-12-10T17:12:35+00:00","breadcrumb":{"@id":"https:\/\/mwc-cmm.org\/fr\/stories\/la-cmm-reagit-a-lelection-du-pape-francois\/#breadcrumb"},"inLanguage":"fr-FR","potentialAction":[{"@type":"ReadAction","target":["https:\/\/mwc-cmm.org\/fr\/stories\/la-cmm-reagit-a-lelection-du-pape-francois\/"]}]},{"@type":"ImageObject","inLanguage":"fr-FR","@id":"https:\/\/mwc-cmm.org\/fr\/stories\/la-cmm-reagit-a-lelection-du-pape-francois\/#primaryimage","url":"https:\/\/mwc-cmm.org\/wp-content\/uploads\/2024\/11\/pope_election_-_rainer_and_henk.jpg","contentUrl":"https:\/\/mwc-cmm.org\/wp-content\/uploads\/2024\/11\/pope_election_-_rainer_and_henk.jpg","width":1186,"height":961},{"@type":"BreadcrumbList","@id":"https:\/\/mwc-cmm.org\/fr\/stories\/la-cmm-reagit-a-lelection-du-pape-francois\/#breadcrumb","itemListElement":[{"@type":"ListItem","position":1,"name":"Home","item":"https:\/\/mwc-cmm.org\/fr\/"},{"@type":"ListItem","position":2,"name":"La CMM r\u00e9agit \u00e0 l\u2019\u00e9lection du Pape Fran\u00e7ois"}]},{"@type":"WebSite","@id":"https:\/\/mwc-cmm.org\/en\/#website","url":"https:\/\/mwc-cmm.org\/en\/","name":"Mennonite World Conference","description":"A communion of Anabaptist-related churches","publisher":{"@id":"https:\/\/mwc-cmm.org\/en\/#organization"},"alternateName":"MWC","potentialAction":[{"@type":"SearchAction","target":{"@type":"EntryPoint","urlTemplate":"https:\/\/mwc-cmm.org\/en\/?s={search_term_string}"},"query-input":{"@type":"PropertyValueSpecification","valueRequired":true,"valueName":"search_term_string"}}],"inLanguage":"fr-FR"},{"@type":"Organization","@id":"https:\/\/mwc-cmm.org\/en\/#organization","name":"Mennonite World Conference","alternateName":"MWC","url":"https:\/\/mwc-cmm.org\/en\/","logo":{"@type":"ImageObject","inLanguage":"fr-FR","@id":"https:\/\/mwc-cmm.org\/en\/#\/schema\/logo\/image\/","url":"https:\/\/mwc-cmm.org\/wp-content\/uploads\/2026\/01\/MWC_Sig_Blue_Horiz_webheader1-logo.svg","contentUrl":"https:\/\/mwc-cmm.org\/wp-content\/uploads\/2026\/01\/MWC_Sig_Blue_Horiz_webheader1-logo.svg","width":786,"height":82,"caption":"Mennonite World Conference"},"image":{"@id":"https:\/\/mwc-cmm.org\/en\/#\/schema\/logo\/image\/"},"sameAs":["https:\/\/www.facebook.com\/MennoniteWorldConference","https:\/\/www.linkedin.com\/company\/mennonite-world-conference-mwc\/","https:\/\/www.instagram.com\/mwcmm\/","https:\/\/www.youtube.com\/user\/mwccmm","https:\/\/bsky.app\/profile\/mwcmm.bsky.social"]},{"@type":"Person","@id":"https:\/\/mwc-cmm.org\/en\/#\/schema\/person\/11f6ae0d7d1868ba20a1cc27f067c836","name":"mennworldcon","image":{"@type":"ImageObject","inLanguage":"fr-FR","@id":"https:\/\/secure.gravatar.com\/avatar\/06fdc0dc81c157dfdb82ec42f252178a22307808988d22c043f9eb96f1e0fe80?s=96&d=mm&r=g","url":"https:\/\/secure.gravatar.com\/avatar\/06fdc0dc81c157dfdb82ec42f252178a22307808988d22c043f9eb96f1e0fe80?s=96&d=mm&r=g","contentUrl":"https:\/\/secure.gravatar.com\/avatar\/06fdc0dc81c157dfdb82ec42f252178a22307808988d22c043f9eb96f1e0fe80?s=96&d=mm&r=g","caption":"mennworldcon"},"sameAs":["https:\/\/mwc-cmm.org"],"url":"https:\/\/mwc-cmm.org\/fr\/stories\/author\/mennworldcon\/"}]}},"_links":{"self":[{"href":"https:\/\/mwc-cmm.org\/fr\/wp-json\/wp\/v2\/posts\/9569","targetHints":{"allow":["GET"]}}],"collection":[{"href":"https:\/\/mwc-cmm.org\/fr\/wp-json\/wp\/v2\/posts"}],"about":[{"href":"https:\/\/mwc-cmm.org\/fr\/wp-json\/wp\/v2\/types\/post"}],"author":[{"embeddable":true,"href":"https:\/\/mwc-cmm.org\/fr\/wp-json\/wp\/v2\/users\/1"}],"replies":[{"embeddable":true,"href":"https:\/\/mwc-cmm.org\/fr\/wp-json\/wp\/v2\/comments?post=9569"}],"version-history":[{"count":0,"href":"https:\/\/mwc-cmm.org\/fr\/wp-json\/wp\/v2\/posts\/9569\/revisions"}],"wp:featuredmedia":[{"embeddable":true,"href":"https:\/\/mwc-cmm.org\/fr\/wp-json\/wp\/v2\/media\/85070"}],"wp:attachment":[{"href":"https:\/\/mwc-cmm.org\/fr\/wp-json\/wp\/v2\/media?parent=9569"}],"wp:term":[{"taxonomy":"category","embeddable":true,"href":"https:\/\/mwc-cmm.org\/fr\/wp-json\/wp\/v2\/categories?post=9569"},{"taxonomy":"post_tag","embeddable":true,"href":"https:\/\/mwc-cmm.org\/fr\/wp-json\/wp\/v2\/tags?post=9569"},{"taxonomy":"network","embeddable":true,"href":"https:\/\/mwc-cmm.org\/fr\/wp-json\/wp\/v2\/network?post=9569"},{"taxonomy":"eventcategory","embeddable":true,"href":"https:\/\/mwc-cmm.org\/fr\/wp-json\/wp\/v2\/eventcategory?post=9569"}],"curies":[{"name":"wp","href":"https:\/\/api.w.org\/{rel}","templated":true}]}}