{"id":9568,"date":"2013-03-26T00:00:00","date_gmt":"2013-03-26T00:00:00","guid":{"rendered":"https:\/\/mwc-cmm.org\/european-mennonite-leaders-seek-renewal-of-identity-as-peace-church-4\/"},"modified":"2024-12-10T17:12:35","modified_gmt":"2024-12-10T17:12:35","slug":"les-dirigeants-mennonites-europeens-cherchent-le-renouvellement-de-leur-identite-en-tant-qu","status":"publish","type":"post","link":"https:\/\/mwc-cmm.org\/fr\/stories\/les-dirigeants-mennonites-europeens-cherchent-le-renouvellement-de-leur-identite-en-tant-qu\/","title":{"rendered":"Les dirigeants mennonites europ\u00e9ens cherchent le renouvellement de leur identit\u00e9 en tant qu\u2019Eglise de la paix."},"content":{"rendered":"<p>Elspeet, Pays-Bas &#8211; Lors de leur r\u00e9union, les dirigeants des Congr\u00e8s Mennonites Europ\u00e9ens ont r\u00e9affirm\u00e9 leur int\u00e9r\u00eat \u00e0 cr\u00e9er un centre de coordination. Les dirigeants de la conf\u00e9rence ont aussi port\u00e9 leur attention sur le renouvellement du t\u00e9moignage de la paix et sur les perspectives vari\u00e9es des Eglises en Europe.<\/p>\n<p>Au d\u00e9but du rassemblement qui a eu lieu du 23 au 25 Novembre, soit \u00e0 la fin du calendrier religieux de 2012, Otto Blecker, pr\u00e9sident de la rencontre, a mis l\u2019accent sur le fait que les \u00e9glises europ\u00e9ennes mennonites sont appel\u00e9es \u00e0 \u00eatre des \u00e9glises de la paix. Selon Bleker, les \u00e9glises mennonites doivent \u00eatre des communaut\u00e9s radicales non-violentes.<\/p>\n<p>Au cours de sa pr\u00e9sentation, Fernando Enns d\u2019Hambourg a  approfondi le th\u00e8me de la paix et a explor\u00e9 les difficult\u00e9s sociales auxquelles les \u00e9glises d\u2019Europe font face ainsi que l\u2019importance d\u2019un t\u00e9moignage v\u00e9cu de la paix. Le nombre de membres dans les \u00e9glises d\u2019Europe diminue et la voix de l\u2019Eglise se fait de plus en plus petite. Malgr\u00e9 cela, l\u2019espoir que la paix viendra ne diminue pas. Mais aujourd\u2019hui, la religion n\u2019est plus centrale \u00e0 l\u2019identit\u00e9 des europ\u00e9ens comme c\u2019\u00e9tait le cas au 16<sup>\u00e8me<\/sup> si\u00e8cle, lorsque le mouvement anabaptistes a \u00e9merg\u00e9.<\/p>\n<p>Il ne suffit plus d\u2019\u00eatre un mouvement d\u2019opposition puisque de nombreuses pr\u00e9occupations propres aux anabaptistes sont aujourd\u2019hui reconnues. Enns pense que les mennonites europ\u00e9ens doivent relever le d\u00e9fi et red\u00e9finir une nouvelle identit\u00e9 Mennonite. Quelle est la vocation des mennonites en Europe aujourd\u2019hui ? Qui y travaille et quelle est la plateforme qui permettra de r\u00e9aliser une telle vocation ? Ces questions concernent non seulement la paix mais aussi le r\u00f4le actuel de l\u2019Eglise. Pour les mennonites, la shalom d\u00e9taill\u00e9e de Dieu pour l\u2019Eglise et le monde est centrale \u00e0 sa mission. La paix n\u2019est donc pas une option mais demeure plut\u00f4t au c\u0153ur de l\u2019\u00e9vangile.<\/p>\n<p>Au vue de la conversation qui a fait suite aux pr\u00e9sentations, il est clair qu\u2019il existe de nombreuses opportunit\u00e9s pour des assembl\u00e9es et des conf\u00e9rences sur le travail de la paix dans la soci\u00e9t\u00e9, permettant ainsi de rendre notre vocation pour la soci\u00e9t\u00e9 visible et vivante. Le sens g\u00e9n\u00e9ral de la discussion a indiqu\u00e9 que l\u2019on s\u2019accorde \u00e0 penser que la pacification dans nos cercles amicaux, \u00e0 la maison ou dans notre \u00e9glise locale est une opportunit\u00e9 et une vocation bien \u00e0 nous. Malgr\u00e9 la clart\u00e9 de notre vision, nous n\u2019avons pour l\u2019instant pas entrepris de d\u00e9finir une marche \u00e0 suivre concr\u00e8te.  Pour ce faire, un centre de coordination des conf\u00e9rences mennonites en Europe pourrait nous aider.<\/p>\n<p><strong>Poste \u00e0 temps partiel pour 69 000 mennonites<\/strong><\/p>\n<p>Aucune autre \u00e9tape n\u2019a \u00e9t\u00e9 franchie suite au consensus de la derni\u00e8re r\u00e9union en 2011 pour la cr\u00e9ation d\u2019un poste de coordinateur \u00e0 temps-partiel pour les 69 000 mennonites d\u2019Europe. L\u2019int\u00e9r\u00eat d\u2019un tel poste a \u00e9t\u00e9 confirm\u00e9, y compris par la Conf\u00e9rence Mennonite Mondiale et le Comit\u00e9 Central Mennonite d\u2019Europe. Cependant maintenant, le congr\u00e8s doit encore discuter du profil retravaill\u00e9 et du financement  du poste \u00e0 hauteur de 20 pourcents.<\/p>\n<p>C\u00e9sar Garcia, secr\u00e9taire g\u00e9n\u00e9ral de la CMM a transmis les salutations et a utilis\u00e9 exemples motivants de l\u2019ensemble de la communaut\u00e9 mennonite, mettant l\u2019accent sur l\u2019importance des s\u0153urs et fr\u00e8res europ\u00e9ens pour le reste de la communaut\u00e9 mondiale. L\u2019importance primordiale d\u2019une communaut\u00e9 mondiale est surtout ressentie en temps de d\u00e9tresse et de pers\u00e9cution, lorsque nous avons tout particuli\u00e8rement  besoin de Dieu et de chacun, et lorsque nous disons \u00e0 l\u2019autre \u00ab tu n\u2019es pas seul \u2013 tel que nos s\u0153urs et fr\u00e8res au Vietnam, au Zimbaou\u00e9, \u00e0 Panama ou au Philippines en font l\u2019exp\u00e9rience aujourd\u2019hui.  Il a invit\u00e9 les europ\u00e9ens \u00e0 participer en grand nombre \u00e0 la prochaine assembl\u00e9e mondiale en juillet 2015 qui aura lieu en Pennsylvanie, aux Etats-Unis. Garcia a rappel\u00e9 aux dirigeants des congr\u00e8s que \u00ab l\u2019importance et la dimension d\u2019une communaut\u00e9 mondiale sont mieux comprises en la vivant \u00bb<\/p>\n<p><strong>Rapports R\u00e9gionaux\/Nationaux : Partout, les \u00e9glises locales sont mises au d\u00e9fi<\/strong><\/p>\n<p>Tous les participants ont grandement appr\u00e9ci\u00e9 la conf\u00e9rence de la CME (Congr\u00e8s Mennonite Europ\u00e9en) \u00e0 Sumiswald en Suisse en Mai 2012 ainsi que l\u2019enrichissement que les s\u0153urs et fr\u00e8res venus du monde entier ont apport\u00e9 \u00e0 l\u2019\u00e9v\u00e9nement. Le secr\u00e9taire Henk Stenvers a dit dans son rapport sur la conf\u00e9rence des dirigeants que \u00ab  si nous regardons ce que nous n\u2019avons pas, nous n\u2019organiserons pas de grands rassemblements comme la CME. Mais si nous prenons conscience de ce que nous avons et tendons la main dans la foi vers ce dont nous avons besoin, alors nous le recevrons, m\u00eame s\u2019il s\u2019agit d\u2019un \u00e9v\u00e9nement tel que le CME. \u00bb<\/p>\n<p>Apr\u00e8s plusieurs c\u00e9l\u00e9brations du jubil\u00e9 en 2012, les \u00e9glises locales de Hollande ont investis dans la communication en lan\u00e7ant un nouveau journal p\u00e9riodique et un bulletin d\u2019information \u00e9lectronique, redonnant ainsi un coup de jeunesse \u00e0 la pr\u00e9sence de l\u2019Eglise sur internet. De plus, il a \u00e9t\u00e9 d\u00e9cid\u00e9 que les \u00e9glises locales voueront les 5 \u00e0 7 prochaines ann\u00e9es aux th\u00e8mes de la paix, de la justice et de l\u2019identit\u00e9.<\/p>\n<p>Depuis les ann\u00e9es 1980, il n\u2019y plus de conf\u00e9rence en Belgique et il ne reste qu\u2019une \u00e9glise locale. Pendant longtemps, le Centre Mennonite de Bruxelles a jou\u00e9 un r\u00f4le significatif dans la sensibilisation \u00e0 la paix et \u00e0 la m\u00e9diation. Lorsque le soutien de l\u2019Am\u00e9rique du Nord a pris fin, le centre pr\u00e8s des institutions de l\u2019Union Europ\u00e9ennes a \u00e9t\u00e9 ferm\u00e9. Il est pr\u00e9vu d\u2019implanter une \u00e9glise aux alentours de Bruxelles. Par ailleurs, on regrette la fermeture du Centre Mennonite de Londres qui, pendant de nombreuses ann\u00e9es, \u00e9tait pour beaucoup un endroit familier et une source d\u2019inspiration.<\/p>\n<p>En France, les jeunes vivent un r\u00e9veil spirituel.  Des pasteurs pour la jeunesse sont embauch\u00e9s et de nouvelles \u00e9glises locales sont implant\u00e9es. Les assembl\u00e9es prennent aussi part \u00e0 un dialogue interreligieux et \u00e0 des conversations avec les Musulmans.<\/p>\n<p>En Suisse, l\u2019ann\u00e9e 2012 a \u00e9t\u00e9 marqu\u00e9e  par de grands rassemblements internationaux : la CME dans l\u2019Emmental et la r\u00e9union du Conseil G\u00e9n\u00e9ral de la Conf\u00e9rence Mennonite Mondiale \u00e0 B\u00e2le.  Les nombreux visiteurs et \u00e9changes ont enrichi la vie de l\u2019assembl\u00e9e. La conf\u00e9rence s\u2019est engag\u00e9e dans un processus de renouvellement, de nouveaux dirigeants sont demand\u00e9s et les structures sont retravaill\u00e9es.<\/p>\n<p>Les congr\u00e8s en Allemagne travaillent sur plusieurs projets. Comme dans d\u2019autres pays, il y a un manque de personnel et de ressources financi\u00e8res. Tandis que pour certains, le th\u00e8me central est celui de l\u2019identit\u00e9, pour d\u2019autres, il s\u2019agit du dialogue avec les musulmans et les \u00e9trangers. La pr\u00e9sence croissante des militaires allemands dans les \u00e9coles est une source d\u2019inqui\u00e9tude. Les \u00e9glises locales souhaitent s\u2019adresser \u00e0 la jeunesse. De plus, le congr\u00e8s de l\u2019AMG (Arbeitsgemeinschaft Mennonitischer Gemeinden) a d\u00e9cid\u00e9 de changer son processus de d\u00e9cision et a choisi le consensus comme nouvelle m\u00e9thode.<\/p>\n<p>Le rassemblement s\u2019est termin\u00e9 dans la pri\u00e8re avec le regroupement des dirigeants de la conf\u00e9rence \u00e0 Amsterdam dans le Singelkerk qui  est une des plus vieilles \u00e9glises mennonites au Monde. En 1530, les mennonites s\u2019\u00e9taient d\u00e9j\u00e0 r\u00e9unis dans la m\u00e9tropole hollandaise afin de prier. Le psaume 146 est devenu le th\u00e8me central de la pri\u00e8re. Le texte \u00ab  Dieu est l\u2019aide et l\u2019espoir de son peuple \u00bb a servi \u00e0 r\u00e9sumer la rencontre et \u00e0 anticiper le futur. Chaque visiteur a re\u00e7u une brochure de l\u2019\u00e9glise qui inclut la question : \u00ab Souhaiteriez-vous \u00eatre en contact avec une assembl\u00e9e mennonite ? \u00bbBonne Question.<\/p>\n<p><em>Markus Rediger, Berne, Suisse, membre du Comit\u00e9 Ex\u00e9cutif de la CMM. <\/em><\/p>\n<p>(Pour d&rsquo;autres photos, cliquez <a href=\"http:\/\/mwc-cmm.org\/gallery\/469\">ici<\/a>.)<\/p>\n","protected":false},"excerpt":{"rendered":"<p>NULL<\/p>\n","protected":false},"author":1,"featured_media":85056,"comment_status":"closed","ping_status":"closed","sticky":false,"template":"","format":"standard","meta":{"_acf_changed":false,"footnotes":""},"categories":[7],"tags":[268],"network":[],"eventcategory":[],"class_list":["post-9568","post","type-post","status-publish","format-standard","has-post-thumbnail","hentry","category-non-classifiee","tag-peace"],"acf":[],"yoast_head":"<!-- This site is optimized with the Yoast SEO plugin v27.2 - https:\/\/yoast.com\/product\/yoast-seo-wordpress\/ -->\n<title>Les dirigeants mennonites europ\u00e9ens cherchent le renouvellement de leur identit\u00e9 en tant qu\u2019Eglise de la paix. - Mennonite World Conference<\/title>\n<meta name=\"robots\" content=\"index, follow, max-snippet:-1, max-image-preview:large, max-video-preview:-1\" \/>\n<link rel=\"canonical\" href=\"https:\/\/mwc-cmm.org\/en\/stories\/european-mennonite-leaders-seek-renewal-identity-peace-church\/\" \/>\n<meta property=\"og:locale\" content=\"fr_FR\" \/>\n<meta property=\"og:type\" content=\"article\" \/>\n<meta property=\"og:title\" content=\"Les dirigeants mennonites europ\u00e9ens cherchent le renouvellement de leur identit\u00e9 en tant qu\u2019Eglise de la paix. - Mennonite World Conference\" \/>\n<meta property=\"og:description\" content=\"NULL\" \/>\n<meta property=\"og:url\" content=\"https:\/\/mwc-cmm.org\/en\/stories\/european-mennonite-leaders-seek-renewal-identity-peace-church\/\" \/>\n<meta property=\"og:site_name\" content=\"Mennonite World Conference\" \/>\n<meta property=\"article:publisher\" content=\"https:\/\/www.facebook.com\/MennoniteWorldConference\" \/>\n<meta property=\"article:published_time\" content=\"2013-03-26T00:00:00+00:00\" \/>\n<meta property=\"article:modified_time\" content=\"2024-12-10T17:12:35+00:00\" \/>\n<meta property=\"og:image\" content=\"https:\/\/mwc-cmm.org\/wp-content\/uploads\/2024\/11\/elspeet_2012_77.jpg\" \/>\n\t<meta property=\"og:image:width\" content=\"1024\" \/>\n\t<meta property=\"og:image:height\" content=\"768\" \/>\n\t<meta property=\"og:image:type\" content=\"image\/jpeg\" \/>\n<meta name=\"author\" content=\"mennworldcon\" \/>\n<script type=\"application\/ld+json\" class=\"yoast-schema-graph\">{\"@context\":\"https:\/\/schema.org\",\"@graph\":[{\"@type\":\"Article\",\"@id\":\"https:\/\/mwc-cmm.org\/en\/stories\/european-mennonite-leaders-seek-renewal-identity-peace-church\/#article\",\"isPartOf\":{\"@id\":\"https:\/\/mwc-cmm.org\/en\/stories\/european-mennonite-leaders-seek-renewal-identity-peace-church\/\"},\"author\":{\"name\":\"mennworldcon\",\"@id\":\"https:\/\/mwc-cmm.org\/en\/#\/schema\/person\/11f6ae0d7d1868ba20a1cc27f067c836\"},\"headline\":\"Les dirigeants mennonites europ\u00e9ens cherchent le renouvellement de leur identit\u00e9 en tant qu\u2019Eglise de la paix.\",\"datePublished\":\"2013-03-26T00:00:00+00:00\",\"dateModified\":\"2024-12-10T17:12:35+00:00\",\"mainEntityOfPage\":{\"@id\":\"https:\/\/mwc-cmm.org\/en\/stories\/european-mennonite-leaders-seek-renewal-identity-peace-church\/\"},\"wordCount\":1402,\"publisher\":{\"@id\":\"https:\/\/mwc-cmm.org\/en\/#organization\"},\"image\":{\"@id\":\"https:\/\/mwc-cmm.org\/en\/stories\/european-mennonite-leaders-seek-renewal-identity-peace-church\/#primaryimage\"},\"thumbnailUrl\":\"https:\/\/mwc-cmm.org\/wp-content\/uploads\/2024\/11\/elspeet_2012_77.jpg\",\"keywords\":[\"peace\"],\"articleSection\":[\"Non classifi\u00e9(e)\"],\"inLanguage\":\"fr-FR\"},{\"@type\":\"WebPage\",\"@id\":\"https:\/\/mwc-cmm.org\/en\/stories\/european-mennonite-leaders-seek-renewal-identity-peace-church\/\",\"url\":\"https:\/\/mwc-cmm.org\/en\/stories\/european-mennonite-leaders-seek-renewal-identity-peace-church\/\",\"name\":\"Les dirigeants mennonites europ\u00e9ens cherchent le renouvellement de leur identit\u00e9 en tant qu\u2019Eglise de la paix. - Mennonite World Conference\",\"isPartOf\":{\"@id\":\"https:\/\/mwc-cmm.org\/en\/#website\"},\"primaryImageOfPage\":{\"@id\":\"https:\/\/mwc-cmm.org\/en\/stories\/european-mennonite-leaders-seek-renewal-identity-peace-church\/#primaryimage\"},\"image\":{\"@id\":\"https:\/\/mwc-cmm.org\/en\/stories\/european-mennonite-leaders-seek-renewal-identity-peace-church\/#primaryimage\"},\"thumbnailUrl\":\"https:\/\/mwc-cmm.org\/wp-content\/uploads\/2024\/11\/elspeet_2012_77.jpg\",\"datePublished\":\"2013-03-26T00:00:00+00:00\",\"dateModified\":\"2024-12-10T17:12:35+00:00\",\"breadcrumb\":{\"@id\":\"https:\/\/mwc-cmm.org\/en\/stories\/european-mennonite-leaders-seek-renewal-identity-peace-church\/#breadcrumb\"},\"inLanguage\":\"fr-FR\",\"potentialAction\":[{\"@type\":\"ReadAction\",\"target\":[\"https:\/\/mwc-cmm.org\/en\/stories\/european-mennonite-leaders-seek-renewal-identity-peace-church\/\"]}]},{\"@type\":\"ImageObject\",\"inLanguage\":\"fr-FR\",\"@id\":\"https:\/\/mwc-cmm.org\/en\/stories\/european-mennonite-leaders-seek-renewal-identity-peace-church\/#primaryimage\",\"url\":\"https:\/\/mwc-cmm.org\/wp-content\/uploads\/2024\/11\/elspeet_2012_77.jpg\",\"contentUrl\":\"https:\/\/mwc-cmm.org\/wp-content\/uploads\/2024\/11\/elspeet_2012_77.jpg\",\"width\":1024,\"height\":768},{\"@type\":\"BreadcrumbList\",\"@id\":\"https:\/\/mwc-cmm.org\/en\/stories\/european-mennonite-leaders-seek-renewal-identity-peace-church\/#breadcrumb\",\"itemListElement\":[{\"@type\":\"ListItem\",\"position\":1,\"name\":\"Home\",\"item\":\"https:\/\/mwc-cmm.org\/fr\/\"},{\"@type\":\"ListItem\",\"position\":2,\"name\":\"Les dirigeants mennonites europ\u00e9ens cherchent le renouvellement de leur identit\u00e9 en tant qu\u2019Eglise de la paix.\"}]},{\"@type\":\"WebSite\",\"@id\":\"https:\/\/mwc-cmm.org\/en\/#website\",\"url\":\"https:\/\/mwc-cmm.org\/en\/\",\"name\":\"Mennonite World Conference\",\"description\":\"A communion of Anabaptist-related churches\",\"publisher\":{\"@id\":\"https:\/\/mwc-cmm.org\/en\/#organization\"},\"alternateName\":\"MWC\",\"potentialAction\":[{\"@type\":\"SearchAction\",\"target\":{\"@type\":\"EntryPoint\",\"urlTemplate\":\"https:\/\/mwc-cmm.org\/en\/?s={search_term_string}\"},\"query-input\":{\"@type\":\"PropertyValueSpecification\",\"valueRequired\":true,\"valueName\":\"search_term_string\"}}],\"inLanguage\":\"fr-FR\"},{\"@type\":\"Organization\",\"@id\":\"https:\/\/mwc-cmm.org\/en\/#organization\",\"name\":\"Mennonite World Conference\",\"alternateName\":\"MWC\",\"url\":\"https:\/\/mwc-cmm.org\/en\/\",\"logo\":{\"@type\":\"ImageObject\",\"inLanguage\":\"fr-FR\",\"@id\":\"https:\/\/mwc-cmm.org\/en\/#\/schema\/logo\/image\/\",\"url\":\"https:\/\/mwc-cmm.org\/wp-content\/uploads\/2026\/01\/MWC_Sig_Blue_Horiz_webheader1-logo.svg\",\"contentUrl\":\"https:\/\/mwc-cmm.org\/wp-content\/uploads\/2026\/01\/MWC_Sig_Blue_Horiz_webheader1-logo.svg\",\"width\":786,\"height\":82,\"caption\":\"Mennonite World Conference\"},\"image\":{\"@id\":\"https:\/\/mwc-cmm.org\/en\/#\/schema\/logo\/image\/\"},\"sameAs\":[\"https:\/\/www.facebook.com\/MennoniteWorldConference\",\"https:\/\/www.linkedin.com\/company\/mennonite-world-conference-mwc\/\",\"https:\/\/www.instagram.com\/mwcmm\/\",\"https:\/\/www.youtube.com\/user\/mwccmm\",\"https:\/\/bsky.app\/profile\/mwcmm.bsky.social\"]},{\"@type\":\"Person\",\"@id\":\"https:\/\/mwc-cmm.org\/en\/#\/schema\/person\/11f6ae0d7d1868ba20a1cc27f067c836\",\"name\":\"mennworldcon\",\"image\":{\"@type\":\"ImageObject\",\"inLanguage\":\"fr-FR\",\"@id\":\"https:\/\/secure.gravatar.com\/avatar\/06fdc0dc81c157dfdb82ec42f252178a22307808988d22c043f9eb96f1e0fe80?s=96&d=mm&r=g\",\"url\":\"https:\/\/secure.gravatar.com\/avatar\/06fdc0dc81c157dfdb82ec42f252178a22307808988d22c043f9eb96f1e0fe80?s=96&d=mm&r=g\",\"contentUrl\":\"https:\/\/secure.gravatar.com\/avatar\/06fdc0dc81c157dfdb82ec42f252178a22307808988d22c043f9eb96f1e0fe80?s=96&d=mm&r=g\",\"caption\":\"mennworldcon\"},\"sameAs\":[\"https:\/\/mwc-cmm.org\"],\"url\":\"https:\/\/mwc-cmm.org\/fr\/stories\/author\/mennworldcon\/\"}]}<\/script>\n<!-- \/ Yoast SEO plugin. -->","yoast_head_json":{"title":"Les dirigeants mennonites europ\u00e9ens cherchent le renouvellement de leur identit\u00e9 en tant qu\u2019Eglise de la paix. - Mennonite World Conference","robots":{"index":"index","follow":"follow","max-snippet":"max-snippet:-1","max-image-preview":"max-image-preview:large","max-video-preview":"max-video-preview:-1"},"canonical":"https:\/\/mwc-cmm.org\/en\/stories\/european-mennonite-leaders-seek-renewal-identity-peace-church\/","og_locale":"fr_FR","og_type":"article","og_title":"Les dirigeants mennonites europ\u00e9ens cherchent le renouvellement de leur identit\u00e9 en tant qu\u2019Eglise de la paix. - Mennonite World Conference","og_description":"NULL","og_url":"https:\/\/mwc-cmm.org\/en\/stories\/european-mennonite-leaders-seek-renewal-identity-peace-church\/","og_site_name":"Mennonite World Conference","article_publisher":"https:\/\/www.facebook.com\/MennoniteWorldConference","article_published_time":"2013-03-26T00:00:00+00:00","article_modified_time":"2024-12-10T17:12:35+00:00","og_image":[{"width":1024,"height":768,"url":"https:\/\/mwc-cmm.org\/wp-content\/uploads\/2024\/11\/elspeet_2012_77.jpg","type":"image\/jpeg"}],"author":"mennworldcon","schema":{"@context":"https:\/\/schema.org","@graph":[{"@type":"Article","@id":"https:\/\/mwc-cmm.org\/en\/stories\/european-mennonite-leaders-seek-renewal-identity-peace-church\/#article","isPartOf":{"@id":"https:\/\/mwc-cmm.org\/en\/stories\/european-mennonite-leaders-seek-renewal-identity-peace-church\/"},"author":{"name":"mennworldcon","@id":"https:\/\/mwc-cmm.org\/en\/#\/schema\/person\/11f6ae0d7d1868ba20a1cc27f067c836"},"headline":"Les dirigeants mennonites europ\u00e9ens cherchent le renouvellement de leur identit\u00e9 en tant qu\u2019Eglise de la paix.","datePublished":"2013-03-26T00:00:00+00:00","dateModified":"2024-12-10T17:12:35+00:00","mainEntityOfPage":{"@id":"https:\/\/mwc-cmm.org\/en\/stories\/european-mennonite-leaders-seek-renewal-identity-peace-church\/"},"wordCount":1402,"publisher":{"@id":"https:\/\/mwc-cmm.org\/en\/#organization"},"image":{"@id":"https:\/\/mwc-cmm.org\/en\/stories\/european-mennonite-leaders-seek-renewal-identity-peace-church\/#primaryimage"},"thumbnailUrl":"https:\/\/mwc-cmm.org\/wp-content\/uploads\/2024\/11\/elspeet_2012_77.jpg","keywords":["peace"],"articleSection":["Non classifi\u00e9(e)"],"inLanguage":"fr-FR"},{"@type":"WebPage","@id":"https:\/\/mwc-cmm.org\/en\/stories\/european-mennonite-leaders-seek-renewal-identity-peace-church\/","url":"https:\/\/mwc-cmm.org\/en\/stories\/european-mennonite-leaders-seek-renewal-identity-peace-church\/","name":"Les dirigeants mennonites europ\u00e9ens cherchent le renouvellement de leur identit\u00e9 en tant qu\u2019Eglise de la paix. - Mennonite World Conference","isPartOf":{"@id":"https:\/\/mwc-cmm.org\/en\/#website"},"primaryImageOfPage":{"@id":"https:\/\/mwc-cmm.org\/en\/stories\/european-mennonite-leaders-seek-renewal-identity-peace-church\/#primaryimage"},"image":{"@id":"https:\/\/mwc-cmm.org\/en\/stories\/european-mennonite-leaders-seek-renewal-identity-peace-church\/#primaryimage"},"thumbnailUrl":"https:\/\/mwc-cmm.org\/wp-content\/uploads\/2024\/11\/elspeet_2012_77.jpg","datePublished":"2013-03-26T00:00:00+00:00","dateModified":"2024-12-10T17:12:35+00:00","breadcrumb":{"@id":"https:\/\/mwc-cmm.org\/en\/stories\/european-mennonite-leaders-seek-renewal-identity-peace-church\/#breadcrumb"},"inLanguage":"fr-FR","potentialAction":[{"@type":"ReadAction","target":["https:\/\/mwc-cmm.org\/en\/stories\/european-mennonite-leaders-seek-renewal-identity-peace-church\/"]}]},{"@type":"ImageObject","inLanguage":"fr-FR","@id":"https:\/\/mwc-cmm.org\/en\/stories\/european-mennonite-leaders-seek-renewal-identity-peace-church\/#primaryimage","url":"https:\/\/mwc-cmm.org\/wp-content\/uploads\/2024\/11\/elspeet_2012_77.jpg","contentUrl":"https:\/\/mwc-cmm.org\/wp-content\/uploads\/2024\/11\/elspeet_2012_77.jpg","width":1024,"height":768},{"@type":"BreadcrumbList","@id":"https:\/\/mwc-cmm.org\/en\/stories\/european-mennonite-leaders-seek-renewal-identity-peace-church\/#breadcrumb","itemListElement":[{"@type":"ListItem","position":1,"name":"Home","item":"https:\/\/mwc-cmm.org\/fr\/"},{"@type":"ListItem","position":2,"name":"Les dirigeants mennonites europ\u00e9ens cherchent le renouvellement de leur identit\u00e9 en tant qu\u2019Eglise de la paix."}]},{"@type":"WebSite","@id":"https:\/\/mwc-cmm.org\/en\/#website","url":"https:\/\/mwc-cmm.org\/en\/","name":"Mennonite World Conference","description":"A communion of Anabaptist-related churches","publisher":{"@id":"https:\/\/mwc-cmm.org\/en\/#organization"},"alternateName":"MWC","potentialAction":[{"@type":"SearchAction","target":{"@type":"EntryPoint","urlTemplate":"https:\/\/mwc-cmm.org\/en\/?s={search_term_string}"},"query-input":{"@type":"PropertyValueSpecification","valueRequired":true,"valueName":"search_term_string"}}],"inLanguage":"fr-FR"},{"@type":"Organization","@id":"https:\/\/mwc-cmm.org\/en\/#organization","name":"Mennonite World Conference","alternateName":"MWC","url":"https:\/\/mwc-cmm.org\/en\/","logo":{"@type":"ImageObject","inLanguage":"fr-FR","@id":"https:\/\/mwc-cmm.org\/en\/#\/schema\/logo\/image\/","url":"https:\/\/mwc-cmm.org\/wp-content\/uploads\/2026\/01\/MWC_Sig_Blue_Horiz_webheader1-logo.svg","contentUrl":"https:\/\/mwc-cmm.org\/wp-content\/uploads\/2026\/01\/MWC_Sig_Blue_Horiz_webheader1-logo.svg","width":786,"height":82,"caption":"Mennonite World Conference"},"image":{"@id":"https:\/\/mwc-cmm.org\/en\/#\/schema\/logo\/image\/"},"sameAs":["https:\/\/www.facebook.com\/MennoniteWorldConference","https:\/\/www.linkedin.com\/company\/mennonite-world-conference-mwc\/","https:\/\/www.instagram.com\/mwcmm\/","https:\/\/www.youtube.com\/user\/mwccmm","https:\/\/bsky.app\/profile\/mwcmm.bsky.social"]},{"@type":"Person","@id":"https:\/\/mwc-cmm.org\/en\/#\/schema\/person\/11f6ae0d7d1868ba20a1cc27f067c836","name":"mennworldcon","image":{"@type":"ImageObject","inLanguage":"fr-FR","@id":"https:\/\/secure.gravatar.com\/avatar\/06fdc0dc81c157dfdb82ec42f252178a22307808988d22c043f9eb96f1e0fe80?s=96&d=mm&r=g","url":"https:\/\/secure.gravatar.com\/avatar\/06fdc0dc81c157dfdb82ec42f252178a22307808988d22c043f9eb96f1e0fe80?s=96&d=mm&r=g","contentUrl":"https:\/\/secure.gravatar.com\/avatar\/06fdc0dc81c157dfdb82ec42f252178a22307808988d22c043f9eb96f1e0fe80?s=96&d=mm&r=g","caption":"mennworldcon"},"sameAs":["https:\/\/mwc-cmm.org"],"url":"https:\/\/mwc-cmm.org\/fr\/stories\/author\/mennworldcon\/"}]}},"_links":{"self":[{"href":"https:\/\/mwc-cmm.org\/fr\/wp-json\/wp\/v2\/posts\/9568","targetHints":{"allow":["GET"]}}],"collection":[{"href":"https:\/\/mwc-cmm.org\/fr\/wp-json\/wp\/v2\/posts"}],"about":[{"href":"https:\/\/mwc-cmm.org\/fr\/wp-json\/wp\/v2\/types\/post"}],"author":[{"embeddable":true,"href":"https:\/\/mwc-cmm.org\/fr\/wp-json\/wp\/v2\/users\/1"}],"replies":[{"embeddable":true,"href":"https:\/\/mwc-cmm.org\/fr\/wp-json\/wp\/v2\/comments?post=9568"}],"version-history":[{"count":0,"href":"https:\/\/mwc-cmm.org\/fr\/wp-json\/wp\/v2\/posts\/9568\/revisions"}],"wp:featuredmedia":[{"embeddable":true,"href":"https:\/\/mwc-cmm.org\/fr\/wp-json\/wp\/v2\/media\/85056"}],"wp:attachment":[{"href":"https:\/\/mwc-cmm.org\/fr\/wp-json\/wp\/v2\/media?parent=9568"}],"wp:term":[{"taxonomy":"category","embeddable":true,"href":"https:\/\/mwc-cmm.org\/fr\/wp-json\/wp\/v2\/categories?post=9568"},{"taxonomy":"post_tag","embeddable":true,"href":"https:\/\/mwc-cmm.org\/fr\/wp-json\/wp\/v2\/tags?post=9568"},{"taxonomy":"network","embeddable":true,"href":"https:\/\/mwc-cmm.org\/fr\/wp-json\/wp\/v2\/network?post=9568"},{"taxonomy":"eventcategory","embeddable":true,"href":"https:\/\/mwc-cmm.org\/fr\/wp-json\/wp\/v2\/eventcategory?post=9568"}],"curies":[{"name":"wp","href":"https:\/\/api.w.org\/{rel}","templated":true}]}}