{"id":9563,"date":"2013-01-14T00:00:00","date_gmt":"2013-01-14T00:00:00","guid":{"rendered":"https:\/\/mwc-cmm.org\/new-website-and-publication-changes-are-part-of-communication-plan-for-2013-4\/"},"modified":"2024-12-10T17:12:33","modified_gmt":"2024-12-10T17:12:33","slug":"2013-nouveau-site-internet-et-changements-dans-la-publication","status":"publish","type":"post","link":"https:\/\/mwc-cmm.org\/fr\/stories\/2013-nouveau-site-internet-et-changements-dans-la-publication\/","title":{"rendered":"2013 : nouveau site internet et changements dans la publication"},"content":{"rendered":"<p>Bogota, Colombie &#8211; Lors des r\u00e9unions de mai 2012 en Suisse, le Conseil G\u00e9n\u00e9ral de la Conf\u00e9rence Mennonite Mondiale (CMM) a approuv\u00e9 une strat\u00e9gie globale de communication impliquant des changements dans la port\u00e9e, la fr\u00e9quence, la forme et le contenu dans la communication de la CMM.<\/p>\n<p>Le nouveau projet a pour but de chercher \u00e0 relier le plus grand nombre de personnes possible dans la famille anabaptiste mondiale. Il repose sur la conviction que les connexions mondiales d\u00e9velopp\u00e9es par la CMM aident les individus et les \u00e9glises \u00e0 avoir une meilleure compr\u00e9hension de Dieu et leur donnent les moyens de se joindre \u00e0 l&rsquo;\u0153uvre r\u00e9demptrice de Dieu dans le monde.<\/p>\n<p>Un nouveau site web (<a href=\"http:\/\/www.mwc-cmm.org\">www.mwc-cmm.org<\/a>) lanc\u00e9 au d\u00e9but de novembre est au c\u0153ur   de cette strat\u00e9gie. Les utilisateurs peuvent passer d\u2019une langue \u00e0 l\u2019autre (anglais, espagnol, fran\u00e7ais), la plupart des textes \u00e9tant disponibles dans les trois langues. Le site contient des t\u00e9moignages et des photos sur les \u00e9glises et les membres de la communaut\u00e9 anabaptiste mondiale et peut \u00eatre consult\u00e9 sur les appareils mobiles.<\/p>\n<p>Le site pr\u00e9sente \u00e9galement le travail des quatre commissions de la CMM &#8211; Diacres, Foi et Vie, Mission et Paix &#8211; et leurs r\u00e9seaux connexes, comme les Jeunes Anabaptistes. Un nouveau poste, webmestre de la CMM, a \u00e9t\u00e9 cr\u00e9\u00e9 pour s&rsquo;assurer que le site est convivial et \u00e0 jour.<\/p>\n<p>Un deuxi\u00e8me volet de la strat\u00e9gie concerne l&rsquo;utilisation accrue de la communication \u00e9lectronique. \u00ca partir de 2013, il est pr\u00e9vu d\u2019envoyer un avis \u00e9lectronique mensuel qui fournira des liens vers les nouvelles les plus r\u00e9centes, les demandes de pri\u00e8res et d&rsquo;autres informations sur le site internet de la CMM. Le webmestre g\u00e9rera ce nouvel outil.<\/p>\n<p>Un troisi\u00e8me volet s&rsquo;appuie sur la longue histoire de communication de la CMM par son magazine trimestriel, Courier \/ Correo \/ Courrier. Depuis plus de 20 ans, le magazine a pr\u00e9sent\u00e9 divers d\u2019articles de fond ainsi que des r\u00e9sum\u00e9s de nouvelles. Le plan comporte un changement dans la fr\u00e9quence et la rapidit\u00e9 de la publication.<\/p>\n<p>\u00ca partir de 2013, Courier \/ Correo \/ Courrier sera publi\u00e9 tous les deux mois en tant que lettre de nouvelles de quatre pages. Son sous-titre sera \u2018\u201cNews\/Noticias\/Nouvelles\u2019 et il comprendra de courts profils de personnes et d\u2019\u00e9glises, des demandes de pri\u00e8res, les nouvelles les plus r\u00e9centes et d&rsquo;autres informations.<\/p>\n<p>Deux fois par an, cette lettre de nouvelles sera inclue dans un magazine de 16 \u00e0 24 pages.<\/p>\n<p>Ce dernier gardera le nom de Courier \/ Correo \/ Courrier et comprendra des articles spirituels, des documents d&rsquo;\u00e9tude et d&rsquo;enseignement, et des articles plus longs restant d\u2019actualit\u00e9.<\/p>\n<p>La lettre de nouvelles et le magazine seront publi\u00e9s en anglais, en espagnol et en fran\u00e7ais et seront disponibles sous forme \u00e9lectronique ou imprim\u00e9e.<\/p>\n<p><em>Communiqu\u00e9 de presse de la CMM<\/em><\/p>\n","protected":false},"excerpt":{"rendered":"<p>NULL<\/p>\n","protected":false},"author":1,"featured_media":0,"comment_status":"closed","ping_status":"closed","sticky":false,"template":"","format":"standard","meta":{"_acf_changed":false,"footnotes":""},"categories":[7],"tags":[],"network":[],"eventcategory":[],"class_list":["post-9563","post","type-post","status-publish","format-standard","hentry","category-non-classifiee"],"acf":[],"yoast_head":"<!-- This site is optimized with the Yoast SEO plugin v27.5 - https:\/\/yoast.com\/product\/yoast-seo-wordpress\/ -->\n<title>2013 : nouveau site internet et changements dans la publication - Mennonite World Conference<\/title>\n<meta name=\"robots\" content=\"index, follow, max-snippet:-1, max-image-preview:large, max-video-preview:-1\" \/>\n<link rel=\"canonical\" href=\"https:\/\/mwc-cmm.org\/en\/stories\/new-website-and-publication-changes-are-part-communication-plan-2013\/\" \/>\n<meta property=\"og:locale\" content=\"fr_FR\" \/>\n<meta property=\"og:type\" content=\"article\" \/>\n<meta property=\"og:title\" content=\"2013 : nouveau site internet et changements dans la publication - Mennonite World Conference\" \/>\n<meta property=\"og:description\" content=\"NULL\" \/>\n<meta property=\"og:url\" content=\"https:\/\/mwc-cmm.org\/en\/stories\/new-website-and-publication-changes-are-part-communication-plan-2013\/\" \/>\n<meta property=\"og:site_name\" content=\"Mennonite World Conference\" \/>\n<meta property=\"article:publisher\" content=\"https:\/\/www.facebook.com\/MennoniteWorldConference\" \/>\n<meta property=\"article:published_time\" content=\"2013-01-14T00:00:00+00:00\" \/>\n<meta property=\"article:modified_time\" content=\"2024-12-10T17:12:33+00:00\" \/>\n<meta name=\"author\" content=\"mennworldcon\" \/>\n<script type=\"application\/ld+json\" class=\"yoast-schema-graph\">{\"@context\":\"https:\\\/\\\/schema.org\",\"@graph\":[{\"@type\":\"Article\",\"@id\":\"https:\\\/\\\/mwc-cmm.org\\\/en\\\/stories\\\/new-website-and-publication-changes-are-part-communication-plan-2013\\\/#article\",\"isPartOf\":{\"@id\":\"https:\\\/\\\/mwc-cmm.org\\\/en\\\/stories\\\/new-website-and-publication-changes-are-part-communication-plan-2013\\\/\"},\"author\":{\"name\":\"mennworldcon\",\"@id\":\"https:\\\/\\\/mwc-cmm.org\\\/en\\\/#\\\/schema\\\/person\\\/11f6ae0d7d1868ba20a1cc27f067c836\"},\"headline\":\"2013 : nouveau site internet et changements dans la publication\",\"datePublished\":\"2013-01-14T00:00:00+00:00\",\"dateModified\":\"2024-12-10T17:12:33+00:00\",\"mainEntityOfPage\":{\"@id\":\"https:\\\/\\\/mwc-cmm.org\\\/en\\\/stories\\\/new-website-and-publication-changes-are-part-communication-plan-2013\\\/\"},\"wordCount\":499,\"publisher\":{\"@id\":\"https:\\\/\\\/mwc-cmm.org\\\/en\\\/#organization\"},\"articleSection\":[\"Non classifi\u00e9(e)\"],\"inLanguage\":\"fr-FR\"},{\"@type\":\"WebPage\",\"@id\":\"https:\\\/\\\/mwc-cmm.org\\\/en\\\/stories\\\/new-website-and-publication-changes-are-part-communication-plan-2013\\\/\",\"url\":\"https:\\\/\\\/mwc-cmm.org\\\/en\\\/stories\\\/new-website-and-publication-changes-are-part-communication-plan-2013\\\/\",\"name\":\"2013 : nouveau site internet et changements dans la publication - Mennonite World Conference\",\"isPartOf\":{\"@id\":\"https:\\\/\\\/mwc-cmm.org\\\/en\\\/#website\"},\"datePublished\":\"2013-01-14T00:00:00+00:00\",\"dateModified\":\"2024-12-10T17:12:33+00:00\",\"breadcrumb\":{\"@id\":\"https:\\\/\\\/mwc-cmm.org\\\/en\\\/stories\\\/new-website-and-publication-changes-are-part-communication-plan-2013\\\/#breadcrumb\"},\"inLanguage\":\"fr-FR\",\"potentialAction\":[{\"@type\":\"ReadAction\",\"target\":[\"https:\\\/\\\/mwc-cmm.org\\\/en\\\/stories\\\/new-website-and-publication-changes-are-part-communication-plan-2013\\\/\"]}]},{\"@type\":\"BreadcrumbList\",\"@id\":\"https:\\\/\\\/mwc-cmm.org\\\/en\\\/stories\\\/new-website-and-publication-changes-are-part-communication-plan-2013\\\/#breadcrumb\",\"itemListElement\":[{\"@type\":\"ListItem\",\"position\":1,\"name\":\"Home\",\"item\":\"https:\\\/\\\/mwc-cmm.org\\\/fr\\\/\"},{\"@type\":\"ListItem\",\"position\":2,\"name\":\"2013 : nouveau site internet et changements dans la publication\"}]},{\"@type\":\"WebSite\",\"@id\":\"https:\\\/\\\/mwc-cmm.org\\\/en\\\/#website\",\"url\":\"https:\\\/\\\/mwc-cmm.org\\\/en\\\/\",\"name\":\"Mennonite World Conference\",\"description\":\"A communion of Anabaptist-related churches\",\"publisher\":{\"@id\":\"https:\\\/\\\/mwc-cmm.org\\\/en\\\/#organization\"},\"alternateName\":\"MWC\",\"potentialAction\":[{\"@type\":\"SearchAction\",\"target\":{\"@type\":\"EntryPoint\",\"urlTemplate\":\"https:\\\/\\\/mwc-cmm.org\\\/en\\\/?s={search_term_string}\"},\"query-input\":{\"@type\":\"PropertyValueSpecification\",\"valueRequired\":true,\"valueName\":\"search_term_string\"}}],\"inLanguage\":\"fr-FR\"},{\"@type\":\"Organization\",\"@id\":\"https:\\\/\\\/mwc-cmm.org\\\/en\\\/#organization\",\"name\":\"Mennonite World Conference\",\"alternateName\":\"MWC\",\"url\":\"https:\\\/\\\/mwc-cmm.org\\\/en\\\/\",\"logo\":{\"@type\":\"ImageObject\",\"inLanguage\":\"fr-FR\",\"@id\":\"https:\\\/\\\/mwc-cmm.org\\\/en\\\/#\\\/schema\\\/logo\\\/image\\\/\",\"url\":\"https:\\\/\\\/mwc-cmm.org\\\/wp-content\\\/uploads\\\/2026\\\/01\\\/MWC_Sig_Blue_Horiz_webheader1-logo.svg\",\"contentUrl\":\"https:\\\/\\\/mwc-cmm.org\\\/wp-content\\\/uploads\\\/2026\\\/01\\\/MWC_Sig_Blue_Horiz_webheader1-logo.svg\",\"width\":786,\"height\":82,\"caption\":\"Mennonite World Conference\"},\"image\":{\"@id\":\"https:\\\/\\\/mwc-cmm.org\\\/en\\\/#\\\/schema\\\/logo\\\/image\\\/\"},\"sameAs\":[\"https:\\\/\\\/www.facebook.com\\\/MennoniteWorldConference\",\"https:\\\/\\\/www.linkedin.com\\\/company\\\/mennonite-world-conference-mwc\\\/\",\"https:\\\/\\\/www.instagram.com\\\/mwcmm\\\/\",\"https:\\\/\\\/www.youtube.com\\\/user\\\/mwccmm\",\"https:\\\/\\\/bsky.app\\\/profile\\\/mwcmm.bsky.social\"]},{\"@type\":\"Person\",\"@id\":\"https:\\\/\\\/mwc-cmm.org\\\/en\\\/#\\\/schema\\\/person\\\/11f6ae0d7d1868ba20a1cc27f067c836\",\"name\":\"mennworldcon\",\"image\":{\"@type\":\"ImageObject\",\"inLanguage\":\"fr-FR\",\"@id\":\"https:\\\/\\\/secure.gravatar.com\\\/avatar\\\/06fdc0dc81c157dfdb82ec42f252178a22307808988d22c043f9eb96f1e0fe80?s=96&d=mm&r=g\",\"url\":\"https:\\\/\\\/secure.gravatar.com\\\/avatar\\\/06fdc0dc81c157dfdb82ec42f252178a22307808988d22c043f9eb96f1e0fe80?s=96&d=mm&r=g\",\"contentUrl\":\"https:\\\/\\\/secure.gravatar.com\\\/avatar\\\/06fdc0dc81c157dfdb82ec42f252178a22307808988d22c043f9eb96f1e0fe80?s=96&d=mm&r=g\",\"caption\":\"mennworldcon\"},\"sameAs\":[\"https:\\\/\\\/mwc-cmm.org\"],\"url\":\"https:\\\/\\\/mwc-cmm.org\\\/fr\\\/stories\\\/author\\\/mennworldcon\\\/\"}]}<\/script>\n<!-- \/ Yoast SEO plugin. -->","yoast_head_json":{"title":"2013 : nouveau site internet et changements dans la publication - Mennonite World Conference","robots":{"index":"index","follow":"follow","max-snippet":"max-snippet:-1","max-image-preview":"max-image-preview:large","max-video-preview":"max-video-preview:-1"},"canonical":"https:\/\/mwc-cmm.org\/en\/stories\/new-website-and-publication-changes-are-part-communication-plan-2013\/","og_locale":"fr_FR","og_type":"article","og_title":"2013 : nouveau site internet et changements dans la publication - Mennonite World Conference","og_description":"NULL","og_url":"https:\/\/mwc-cmm.org\/en\/stories\/new-website-and-publication-changes-are-part-communication-plan-2013\/","og_site_name":"Mennonite World Conference","article_publisher":"https:\/\/www.facebook.com\/MennoniteWorldConference","article_published_time":"2013-01-14T00:00:00+00:00","article_modified_time":"2024-12-10T17:12:33+00:00","author":"mennworldcon","schema":{"@context":"https:\/\/schema.org","@graph":[{"@type":"Article","@id":"https:\/\/mwc-cmm.org\/en\/stories\/new-website-and-publication-changes-are-part-communication-plan-2013\/#article","isPartOf":{"@id":"https:\/\/mwc-cmm.org\/en\/stories\/new-website-and-publication-changes-are-part-communication-plan-2013\/"},"author":{"name":"mennworldcon","@id":"https:\/\/mwc-cmm.org\/en\/#\/schema\/person\/11f6ae0d7d1868ba20a1cc27f067c836"},"headline":"2013 : nouveau site internet et changements dans la publication","datePublished":"2013-01-14T00:00:00+00:00","dateModified":"2024-12-10T17:12:33+00:00","mainEntityOfPage":{"@id":"https:\/\/mwc-cmm.org\/en\/stories\/new-website-and-publication-changes-are-part-communication-plan-2013\/"},"wordCount":499,"publisher":{"@id":"https:\/\/mwc-cmm.org\/en\/#organization"},"articleSection":["Non classifi\u00e9(e)"],"inLanguage":"fr-FR"},{"@type":"WebPage","@id":"https:\/\/mwc-cmm.org\/en\/stories\/new-website-and-publication-changes-are-part-communication-plan-2013\/","url":"https:\/\/mwc-cmm.org\/en\/stories\/new-website-and-publication-changes-are-part-communication-plan-2013\/","name":"2013 : nouveau site internet et changements dans la publication - Mennonite World Conference","isPartOf":{"@id":"https:\/\/mwc-cmm.org\/en\/#website"},"datePublished":"2013-01-14T00:00:00+00:00","dateModified":"2024-12-10T17:12:33+00:00","breadcrumb":{"@id":"https:\/\/mwc-cmm.org\/en\/stories\/new-website-and-publication-changes-are-part-communication-plan-2013\/#breadcrumb"},"inLanguage":"fr-FR","potentialAction":[{"@type":"ReadAction","target":["https:\/\/mwc-cmm.org\/en\/stories\/new-website-and-publication-changes-are-part-communication-plan-2013\/"]}]},{"@type":"BreadcrumbList","@id":"https:\/\/mwc-cmm.org\/en\/stories\/new-website-and-publication-changes-are-part-communication-plan-2013\/#breadcrumb","itemListElement":[{"@type":"ListItem","position":1,"name":"Home","item":"https:\/\/mwc-cmm.org\/fr\/"},{"@type":"ListItem","position":2,"name":"2013 : nouveau site internet et changements dans la publication"}]},{"@type":"WebSite","@id":"https:\/\/mwc-cmm.org\/en\/#website","url":"https:\/\/mwc-cmm.org\/en\/","name":"Mennonite World Conference","description":"A communion of Anabaptist-related churches","publisher":{"@id":"https:\/\/mwc-cmm.org\/en\/#organization"},"alternateName":"MWC","potentialAction":[{"@type":"SearchAction","target":{"@type":"EntryPoint","urlTemplate":"https:\/\/mwc-cmm.org\/en\/?s={search_term_string}"},"query-input":{"@type":"PropertyValueSpecification","valueRequired":true,"valueName":"search_term_string"}}],"inLanguage":"fr-FR"},{"@type":"Organization","@id":"https:\/\/mwc-cmm.org\/en\/#organization","name":"Mennonite World Conference","alternateName":"MWC","url":"https:\/\/mwc-cmm.org\/en\/","logo":{"@type":"ImageObject","inLanguage":"fr-FR","@id":"https:\/\/mwc-cmm.org\/en\/#\/schema\/logo\/image\/","url":"https:\/\/mwc-cmm.org\/wp-content\/uploads\/2026\/01\/MWC_Sig_Blue_Horiz_webheader1-logo.svg","contentUrl":"https:\/\/mwc-cmm.org\/wp-content\/uploads\/2026\/01\/MWC_Sig_Blue_Horiz_webheader1-logo.svg","width":786,"height":82,"caption":"Mennonite World Conference"},"image":{"@id":"https:\/\/mwc-cmm.org\/en\/#\/schema\/logo\/image\/"},"sameAs":["https:\/\/www.facebook.com\/MennoniteWorldConference","https:\/\/www.linkedin.com\/company\/mennonite-world-conference-mwc\/","https:\/\/www.instagram.com\/mwcmm\/","https:\/\/www.youtube.com\/user\/mwccmm","https:\/\/bsky.app\/profile\/mwcmm.bsky.social"]},{"@type":"Person","@id":"https:\/\/mwc-cmm.org\/en\/#\/schema\/person\/11f6ae0d7d1868ba20a1cc27f067c836","name":"mennworldcon","image":{"@type":"ImageObject","inLanguage":"fr-FR","@id":"https:\/\/secure.gravatar.com\/avatar\/06fdc0dc81c157dfdb82ec42f252178a22307808988d22c043f9eb96f1e0fe80?s=96&d=mm&r=g","url":"https:\/\/secure.gravatar.com\/avatar\/06fdc0dc81c157dfdb82ec42f252178a22307808988d22c043f9eb96f1e0fe80?s=96&d=mm&r=g","contentUrl":"https:\/\/secure.gravatar.com\/avatar\/06fdc0dc81c157dfdb82ec42f252178a22307808988d22c043f9eb96f1e0fe80?s=96&d=mm&r=g","caption":"mennworldcon"},"sameAs":["https:\/\/mwc-cmm.org"],"url":"https:\/\/mwc-cmm.org\/fr\/stories\/author\/mennworldcon\/"}]}},"_links":{"self":[{"href":"https:\/\/mwc-cmm.org\/fr\/wp-json\/wp\/v2\/posts\/9563","targetHints":{"allow":["GET"]}}],"collection":[{"href":"https:\/\/mwc-cmm.org\/fr\/wp-json\/wp\/v2\/posts"}],"about":[{"href":"https:\/\/mwc-cmm.org\/fr\/wp-json\/wp\/v2\/types\/post"}],"author":[{"embeddable":true,"href":"https:\/\/mwc-cmm.org\/fr\/wp-json\/wp\/v2\/users\/1"}],"replies":[{"embeddable":true,"href":"https:\/\/mwc-cmm.org\/fr\/wp-json\/wp\/v2\/comments?post=9563"}],"version-history":[{"count":0,"href":"https:\/\/mwc-cmm.org\/fr\/wp-json\/wp\/v2\/posts\/9563\/revisions"}],"wp:attachment":[{"href":"https:\/\/mwc-cmm.org\/fr\/wp-json\/wp\/v2\/media?parent=9563"}],"wp:term":[{"taxonomy":"category","embeddable":true,"href":"https:\/\/mwc-cmm.org\/fr\/wp-json\/wp\/v2\/categories?post=9563"},{"taxonomy":"post_tag","embeddable":true,"href":"https:\/\/mwc-cmm.org\/fr\/wp-json\/wp\/v2\/tags?post=9563"},{"taxonomy":"network","embeddable":true,"href":"https:\/\/mwc-cmm.org\/fr\/wp-json\/wp\/v2\/network?post=9563"},{"taxonomy":"eventcategory","embeddable":true,"href":"https:\/\/mwc-cmm.org\/fr\/wp-json\/wp\/v2\/eventcategory?post=9563"}],"curies":[{"name":"wp","href":"https:\/\/api.w.org\/{rel}","templated":true}]}}