{"id":9561,"date":"2013-01-02T00:00:00","date_gmt":"2013-01-02T00:00:00","guid":{"rendered":"https:\/\/mwc-cmm.org\/kristina-toews-to-serve-as-mwc-web-communications-worker-4\/"},"modified":"2024-12-10T17:12:32","modified_gmt":"2024-12-10T17:12:32","slug":"kristina-toews-nouvelle-webmestre","status":"publish","type":"post","link":"https:\/\/mwc-cmm.org\/fr\/stories\/kristina-toews-nouvelle-webmestre\/","title":{"rendered":"Kristina Toews, nouvelle webmestre"},"content":{"rendered":"<p>Bogota, Colombie &#8211; Kristina Toews d\u2019Abbotsford (Colombie Britannique) a \u00e9t\u00e9 nomm\u00e9e au poste de webmestre de la Conf\u00e9rence Mennonite Mondiale. Ce travail avec la CMM absorbera la plus grande partie de son temps en tant que volontaire pendant trois ans avec le <em>Mennonite Central Committee<\/em> (MCC) \u00e0 Bogota (Colombie), o\u00f9 la CMM et le MCC ont des bureaux dans le m\u00eame b\u00e2timent.<\/p>\n<p>Kristina fera partie de l&rsquo;\u00e9quipe de communication de la CMM dont Ron Rempel (Waterloo, Ontario) est responsable. Elle g\u00e9rera le contenu du site de la CMM, \u00e9crira adaptera et postera des textes, enverra un avertissement mensuel \u00e9lectronique (e-alert) et sera responsable de divers projets concernant les m\u00e9dias sociaux. Elle participera \u00e9galement \u00e0 la r\u00e9daction et \u00e0 la planification globale de la communication \u00e0 la CMM.<\/p>\n<p>\u00ab Je suis ravi que Kristina se joigne \u00e0 l&rsquo;\u00e9quipe de communication de la CMM \u00bb, dit Ron Rempel. \u00ab Son vif int\u00e9r\u00eat pour les connexions mondiales et son exp\u00e9rience avec la CMM lui seront tr\u00e8s utiles pour accomplir ce travail. \u00bb<\/p>\n<p>Depuis 2009, Kristina Toews a \u00e9t\u00e9 la repr\u00e9sentante nord-am\u00e9ricaine et pr\u00e9sidente du Comit\u00e9 YABs (Jeunes Anabaptistes) de la CMM. Compos\u00e9 de repr\u00e9sentants des cinq continents, le Comit\u00e9 YABs est responsable de la planification du Sommet Mondial de la Jeunesse de 2015. Dans les mois prochains, la CMM va assurer la transition vers un nouveau repr\u00e9sentant d\u2019Am\u00e9rique du Nord et pr\u00e9sident du Comit\u00e9 YABs.<\/p>\n<p>Kristina a travaill\u00e9 avec les jeunes dans l\u2019\u00e9quipe pastorale de l\u2019\u00e9glise mennonite d&rsquo;Eben-Ezer \u00e0 Abbotsford depuis 2007. Une partie de ses responsabilit\u00e9s \u00e9tait la mise \u00e0 jour du site internet de la paroisse et les liens avec les jeunes via Facebook. Auparavant, elle a travaill\u00e9 pendant un an dans le programme SALT du MCC en Bolivie, o\u00f9 elle a particip\u00e9 \u00e0 la production d&rsquo;un bulletin d&rsquo;information mensuel. Elle a aussi appris l&rsquo;espagnol en Bolivie.<\/p>\n<p>En tant que volontaire du MCC en Colombie, Kristina travaillera environ une journ\u00e9e par semaine dans des activit\u00e9s li\u00e9es \u00e0 la communication pour le MCC en Colombie et accompagnera des groupes de tourisme \u00e9ducationnel. Elle participera aussi aux retraites et aux activit\u00e9s des autres volontaires du MCC dans le pays.<\/p>\n<p> \u00abJe suis tr\u00e8s heureuse de travailler avec la CMM et le MCC \u00e0 ce poste \u00bb, a comment\u00e9 Kristina qui commencera son travail d\u00e9but f\u00e9vrier 2013. \u00ab J&rsquo;ai \u00e9t\u00e9 b\u00e9nie par la famille anabaptiste mondiale et j\u2019ai beaucoup appris d\u2019elle, aussi je me r\u00e9jouis de d\u00e9velopper davantage les relations dans l&rsquo;\u00c9glise mondiale. Je suis contente de pouvoir am\u00e9liorer mon espagnol et de faire partie de l&rsquo;\u00e9glise locale de Bogota. \u00bb<\/p>\n<p>Les repr\u00e9sentants du MCC en Colombie, Terrence Jantzi et Elizabeth Phelps disent qu\u2019ils \u00ab sont ravis d&rsquo;accueillir Kristina dans l&rsquo;\u00e9quipe du MCC de Colombie en partenariat avec la CMM, ce qui renforcera les relations et la collaboration entre la CMM et le MCC en Colombie \u00bb. <\/p>\n<p><em>Communiqu\u00e9 de presse de la CMM<\/em><\/p><\/p>\n","protected":false},"excerpt":{"rendered":"<p>NULL<\/p>\n","protected":false},"author":1,"featured_media":84972,"comment_status":"closed","ping_status":"closed","sticky":false,"template":"","format":"standard","meta":{"_acf_changed":false,"footnotes":""},"categories":[7],"tags":[],"network":[],"eventcategory":[],"class_list":["post-9561","post","type-post","status-publish","format-standard","has-post-thumbnail","hentry","category-non-classifiee"],"acf":[],"yoast_head":"<!-- This site is optimized with the Yoast SEO plugin v27.2 - https:\/\/yoast.com\/product\/yoast-seo-wordpress\/ -->\n<title>Kristina Toews, nouvelle webmestre - Mennonite World Conference<\/title>\n<meta name=\"robots\" content=\"index, follow, max-snippet:-1, max-image-preview:large, max-video-preview:-1\" \/>\n<link rel=\"canonical\" href=\"https:\/\/mwc-cmm.org\/en\/stories\/kristina-toews-serve-mwc-web-communications-worker\/\" \/>\n<meta property=\"og:locale\" content=\"fr_FR\" \/>\n<meta property=\"og:type\" content=\"article\" \/>\n<meta property=\"og:title\" content=\"Kristina Toews, nouvelle webmestre - Mennonite World Conference\" \/>\n<meta property=\"og:description\" content=\"NULL\" \/>\n<meta property=\"og:url\" content=\"https:\/\/mwc-cmm.org\/en\/stories\/kristina-toews-serve-mwc-web-communications-worker\/\" \/>\n<meta property=\"og:site_name\" content=\"Mennonite World Conference\" \/>\n<meta property=\"article:publisher\" content=\"https:\/\/www.facebook.com\/MennoniteWorldConference\" \/>\n<meta property=\"article:published_time\" content=\"2013-01-02T00:00:00+00:00\" \/>\n<meta property=\"article:modified_time\" content=\"2024-12-10T17:12:32+00:00\" \/>\n<meta property=\"og:image\" content=\"https:\/\/mwc-cmm.org\/wp-content\/uploads\/2024\/11\/kristina_toews.jpg\" \/>\n\t<meta property=\"og:image:width\" content=\"900\" \/>\n\t<meta property=\"og:image:height\" content=\"1214\" \/>\n\t<meta property=\"og:image:type\" content=\"image\/jpeg\" \/>\n<meta name=\"author\" content=\"mennworldcon\" \/>\n<script type=\"application\/ld+json\" class=\"yoast-schema-graph\">{\"@context\":\"https:\/\/schema.org\",\"@graph\":[{\"@type\":\"Article\",\"@id\":\"https:\/\/mwc-cmm.org\/en\/stories\/kristina-toews-serve-mwc-web-communications-worker\/#article\",\"isPartOf\":{\"@id\":\"https:\/\/mwc-cmm.org\/en\/stories\/kristina-toews-serve-mwc-web-communications-worker\/\"},\"author\":{\"name\":\"mennworldcon\",\"@id\":\"https:\/\/mwc-cmm.org\/en\/#\/schema\/person\/11f6ae0d7d1868ba20a1cc27f067c836\"},\"headline\":\"Kristina Toews, nouvelle webmestre\",\"datePublished\":\"2013-01-02T00:00:00+00:00\",\"dateModified\":\"2024-12-10T17:12:32+00:00\",\"mainEntityOfPage\":{\"@id\":\"https:\/\/mwc-cmm.org\/en\/stories\/kristina-toews-serve-mwc-web-communications-worker\/\"},\"wordCount\":508,\"publisher\":{\"@id\":\"https:\/\/mwc-cmm.org\/en\/#organization\"},\"image\":{\"@id\":\"https:\/\/mwc-cmm.org\/en\/stories\/kristina-toews-serve-mwc-web-communications-worker\/#primaryimage\"},\"thumbnailUrl\":\"https:\/\/mwc-cmm.org\/wp-content\/uploads\/2024\/11\/kristina_toews.jpg\",\"articleSection\":[\"Non classifi\u00e9(e)\"],\"inLanguage\":\"fr-FR\"},{\"@type\":\"WebPage\",\"@id\":\"https:\/\/mwc-cmm.org\/en\/stories\/kristina-toews-serve-mwc-web-communications-worker\/\",\"url\":\"https:\/\/mwc-cmm.org\/en\/stories\/kristina-toews-serve-mwc-web-communications-worker\/\",\"name\":\"Kristina Toews, nouvelle webmestre - Mennonite World Conference\",\"isPartOf\":{\"@id\":\"https:\/\/mwc-cmm.org\/en\/#website\"},\"primaryImageOfPage\":{\"@id\":\"https:\/\/mwc-cmm.org\/en\/stories\/kristina-toews-serve-mwc-web-communications-worker\/#primaryimage\"},\"image\":{\"@id\":\"https:\/\/mwc-cmm.org\/en\/stories\/kristina-toews-serve-mwc-web-communications-worker\/#primaryimage\"},\"thumbnailUrl\":\"https:\/\/mwc-cmm.org\/wp-content\/uploads\/2024\/11\/kristina_toews.jpg\",\"datePublished\":\"2013-01-02T00:00:00+00:00\",\"dateModified\":\"2024-12-10T17:12:32+00:00\",\"breadcrumb\":{\"@id\":\"https:\/\/mwc-cmm.org\/en\/stories\/kristina-toews-serve-mwc-web-communications-worker\/#breadcrumb\"},\"inLanguage\":\"fr-FR\",\"potentialAction\":[{\"@type\":\"ReadAction\",\"target\":[\"https:\/\/mwc-cmm.org\/en\/stories\/kristina-toews-serve-mwc-web-communications-worker\/\"]}]},{\"@type\":\"ImageObject\",\"inLanguage\":\"fr-FR\",\"@id\":\"https:\/\/mwc-cmm.org\/en\/stories\/kristina-toews-serve-mwc-web-communications-worker\/#primaryimage\",\"url\":\"https:\/\/mwc-cmm.org\/wp-content\/uploads\/2024\/11\/kristina_toews.jpg\",\"contentUrl\":\"https:\/\/mwc-cmm.org\/wp-content\/uploads\/2024\/11\/kristina_toews.jpg\",\"width\":900,\"height\":1214},{\"@type\":\"BreadcrumbList\",\"@id\":\"https:\/\/mwc-cmm.org\/en\/stories\/kristina-toews-serve-mwc-web-communications-worker\/#breadcrumb\",\"itemListElement\":[{\"@type\":\"ListItem\",\"position\":1,\"name\":\"Home\",\"item\":\"https:\/\/mwc-cmm.org\/fr\/\"},{\"@type\":\"ListItem\",\"position\":2,\"name\":\"Kristina Toews, nouvelle webmestre\"}]},{\"@type\":\"WebSite\",\"@id\":\"https:\/\/mwc-cmm.org\/en\/#website\",\"url\":\"https:\/\/mwc-cmm.org\/en\/\",\"name\":\"Mennonite World Conference\",\"description\":\"A communion of Anabaptist-related churches\",\"publisher\":{\"@id\":\"https:\/\/mwc-cmm.org\/en\/#organization\"},\"alternateName\":\"MWC\",\"potentialAction\":[{\"@type\":\"SearchAction\",\"target\":{\"@type\":\"EntryPoint\",\"urlTemplate\":\"https:\/\/mwc-cmm.org\/en\/?s={search_term_string}\"},\"query-input\":{\"@type\":\"PropertyValueSpecification\",\"valueRequired\":true,\"valueName\":\"search_term_string\"}}],\"inLanguage\":\"fr-FR\"},{\"@type\":\"Organization\",\"@id\":\"https:\/\/mwc-cmm.org\/en\/#organization\",\"name\":\"Mennonite World Conference\",\"alternateName\":\"MWC\",\"url\":\"https:\/\/mwc-cmm.org\/en\/\",\"logo\":{\"@type\":\"ImageObject\",\"inLanguage\":\"fr-FR\",\"@id\":\"https:\/\/mwc-cmm.org\/en\/#\/schema\/logo\/image\/\",\"url\":\"https:\/\/mwc-cmm.org\/wp-content\/uploads\/2026\/01\/MWC_Sig_Blue_Horiz_webheader1-logo.svg\",\"contentUrl\":\"https:\/\/mwc-cmm.org\/wp-content\/uploads\/2026\/01\/MWC_Sig_Blue_Horiz_webheader1-logo.svg\",\"width\":786,\"height\":82,\"caption\":\"Mennonite World Conference\"},\"image\":{\"@id\":\"https:\/\/mwc-cmm.org\/en\/#\/schema\/logo\/image\/\"},\"sameAs\":[\"https:\/\/www.facebook.com\/MennoniteWorldConference\",\"https:\/\/www.linkedin.com\/company\/mennonite-world-conference-mwc\/\",\"https:\/\/www.instagram.com\/mwcmm\/\",\"https:\/\/www.youtube.com\/user\/mwccmm\",\"https:\/\/bsky.app\/profile\/mwcmm.bsky.social\"]},{\"@type\":\"Person\",\"@id\":\"https:\/\/mwc-cmm.org\/en\/#\/schema\/person\/11f6ae0d7d1868ba20a1cc27f067c836\",\"name\":\"mennworldcon\",\"image\":{\"@type\":\"ImageObject\",\"inLanguage\":\"fr-FR\",\"@id\":\"https:\/\/secure.gravatar.com\/avatar\/06fdc0dc81c157dfdb82ec42f252178a22307808988d22c043f9eb96f1e0fe80?s=96&d=mm&r=g\",\"url\":\"https:\/\/secure.gravatar.com\/avatar\/06fdc0dc81c157dfdb82ec42f252178a22307808988d22c043f9eb96f1e0fe80?s=96&d=mm&r=g\",\"contentUrl\":\"https:\/\/secure.gravatar.com\/avatar\/06fdc0dc81c157dfdb82ec42f252178a22307808988d22c043f9eb96f1e0fe80?s=96&d=mm&r=g\",\"caption\":\"mennworldcon\"},\"sameAs\":[\"https:\/\/mwc-cmm.org\"],\"url\":\"https:\/\/mwc-cmm.org\/fr\/stories\/author\/mennworldcon\/\"}]}<\/script>\n<!-- \/ Yoast SEO plugin. -->","yoast_head_json":{"title":"Kristina Toews, nouvelle webmestre - Mennonite World Conference","robots":{"index":"index","follow":"follow","max-snippet":"max-snippet:-1","max-image-preview":"max-image-preview:large","max-video-preview":"max-video-preview:-1"},"canonical":"https:\/\/mwc-cmm.org\/en\/stories\/kristina-toews-serve-mwc-web-communications-worker\/","og_locale":"fr_FR","og_type":"article","og_title":"Kristina Toews, nouvelle webmestre - Mennonite World Conference","og_description":"NULL","og_url":"https:\/\/mwc-cmm.org\/en\/stories\/kristina-toews-serve-mwc-web-communications-worker\/","og_site_name":"Mennonite World Conference","article_publisher":"https:\/\/www.facebook.com\/MennoniteWorldConference","article_published_time":"2013-01-02T00:00:00+00:00","article_modified_time":"2024-12-10T17:12:32+00:00","og_image":[{"width":900,"height":1214,"url":"https:\/\/mwc-cmm.org\/wp-content\/uploads\/2024\/11\/kristina_toews.jpg","type":"image\/jpeg"}],"author":"mennworldcon","schema":{"@context":"https:\/\/schema.org","@graph":[{"@type":"Article","@id":"https:\/\/mwc-cmm.org\/en\/stories\/kristina-toews-serve-mwc-web-communications-worker\/#article","isPartOf":{"@id":"https:\/\/mwc-cmm.org\/en\/stories\/kristina-toews-serve-mwc-web-communications-worker\/"},"author":{"name":"mennworldcon","@id":"https:\/\/mwc-cmm.org\/en\/#\/schema\/person\/11f6ae0d7d1868ba20a1cc27f067c836"},"headline":"Kristina Toews, nouvelle webmestre","datePublished":"2013-01-02T00:00:00+00:00","dateModified":"2024-12-10T17:12:32+00:00","mainEntityOfPage":{"@id":"https:\/\/mwc-cmm.org\/en\/stories\/kristina-toews-serve-mwc-web-communications-worker\/"},"wordCount":508,"publisher":{"@id":"https:\/\/mwc-cmm.org\/en\/#organization"},"image":{"@id":"https:\/\/mwc-cmm.org\/en\/stories\/kristina-toews-serve-mwc-web-communications-worker\/#primaryimage"},"thumbnailUrl":"https:\/\/mwc-cmm.org\/wp-content\/uploads\/2024\/11\/kristina_toews.jpg","articleSection":["Non classifi\u00e9(e)"],"inLanguage":"fr-FR"},{"@type":"WebPage","@id":"https:\/\/mwc-cmm.org\/en\/stories\/kristina-toews-serve-mwc-web-communications-worker\/","url":"https:\/\/mwc-cmm.org\/en\/stories\/kristina-toews-serve-mwc-web-communications-worker\/","name":"Kristina Toews, nouvelle webmestre - Mennonite World Conference","isPartOf":{"@id":"https:\/\/mwc-cmm.org\/en\/#website"},"primaryImageOfPage":{"@id":"https:\/\/mwc-cmm.org\/en\/stories\/kristina-toews-serve-mwc-web-communications-worker\/#primaryimage"},"image":{"@id":"https:\/\/mwc-cmm.org\/en\/stories\/kristina-toews-serve-mwc-web-communications-worker\/#primaryimage"},"thumbnailUrl":"https:\/\/mwc-cmm.org\/wp-content\/uploads\/2024\/11\/kristina_toews.jpg","datePublished":"2013-01-02T00:00:00+00:00","dateModified":"2024-12-10T17:12:32+00:00","breadcrumb":{"@id":"https:\/\/mwc-cmm.org\/en\/stories\/kristina-toews-serve-mwc-web-communications-worker\/#breadcrumb"},"inLanguage":"fr-FR","potentialAction":[{"@type":"ReadAction","target":["https:\/\/mwc-cmm.org\/en\/stories\/kristina-toews-serve-mwc-web-communications-worker\/"]}]},{"@type":"ImageObject","inLanguage":"fr-FR","@id":"https:\/\/mwc-cmm.org\/en\/stories\/kristina-toews-serve-mwc-web-communications-worker\/#primaryimage","url":"https:\/\/mwc-cmm.org\/wp-content\/uploads\/2024\/11\/kristina_toews.jpg","contentUrl":"https:\/\/mwc-cmm.org\/wp-content\/uploads\/2024\/11\/kristina_toews.jpg","width":900,"height":1214},{"@type":"BreadcrumbList","@id":"https:\/\/mwc-cmm.org\/en\/stories\/kristina-toews-serve-mwc-web-communications-worker\/#breadcrumb","itemListElement":[{"@type":"ListItem","position":1,"name":"Home","item":"https:\/\/mwc-cmm.org\/fr\/"},{"@type":"ListItem","position":2,"name":"Kristina Toews, nouvelle webmestre"}]},{"@type":"WebSite","@id":"https:\/\/mwc-cmm.org\/en\/#website","url":"https:\/\/mwc-cmm.org\/en\/","name":"Mennonite World Conference","description":"A communion of Anabaptist-related churches","publisher":{"@id":"https:\/\/mwc-cmm.org\/en\/#organization"},"alternateName":"MWC","potentialAction":[{"@type":"SearchAction","target":{"@type":"EntryPoint","urlTemplate":"https:\/\/mwc-cmm.org\/en\/?s={search_term_string}"},"query-input":{"@type":"PropertyValueSpecification","valueRequired":true,"valueName":"search_term_string"}}],"inLanguage":"fr-FR"},{"@type":"Organization","@id":"https:\/\/mwc-cmm.org\/en\/#organization","name":"Mennonite World Conference","alternateName":"MWC","url":"https:\/\/mwc-cmm.org\/en\/","logo":{"@type":"ImageObject","inLanguage":"fr-FR","@id":"https:\/\/mwc-cmm.org\/en\/#\/schema\/logo\/image\/","url":"https:\/\/mwc-cmm.org\/wp-content\/uploads\/2026\/01\/MWC_Sig_Blue_Horiz_webheader1-logo.svg","contentUrl":"https:\/\/mwc-cmm.org\/wp-content\/uploads\/2026\/01\/MWC_Sig_Blue_Horiz_webheader1-logo.svg","width":786,"height":82,"caption":"Mennonite World Conference"},"image":{"@id":"https:\/\/mwc-cmm.org\/en\/#\/schema\/logo\/image\/"},"sameAs":["https:\/\/www.facebook.com\/MennoniteWorldConference","https:\/\/www.linkedin.com\/company\/mennonite-world-conference-mwc\/","https:\/\/www.instagram.com\/mwcmm\/","https:\/\/www.youtube.com\/user\/mwccmm","https:\/\/bsky.app\/profile\/mwcmm.bsky.social"]},{"@type":"Person","@id":"https:\/\/mwc-cmm.org\/en\/#\/schema\/person\/11f6ae0d7d1868ba20a1cc27f067c836","name":"mennworldcon","image":{"@type":"ImageObject","inLanguage":"fr-FR","@id":"https:\/\/secure.gravatar.com\/avatar\/06fdc0dc81c157dfdb82ec42f252178a22307808988d22c043f9eb96f1e0fe80?s=96&d=mm&r=g","url":"https:\/\/secure.gravatar.com\/avatar\/06fdc0dc81c157dfdb82ec42f252178a22307808988d22c043f9eb96f1e0fe80?s=96&d=mm&r=g","contentUrl":"https:\/\/secure.gravatar.com\/avatar\/06fdc0dc81c157dfdb82ec42f252178a22307808988d22c043f9eb96f1e0fe80?s=96&d=mm&r=g","caption":"mennworldcon"},"sameAs":["https:\/\/mwc-cmm.org"],"url":"https:\/\/mwc-cmm.org\/fr\/stories\/author\/mennworldcon\/"}]}},"_links":{"self":[{"href":"https:\/\/mwc-cmm.org\/fr\/wp-json\/wp\/v2\/posts\/9561","targetHints":{"allow":["GET"]}}],"collection":[{"href":"https:\/\/mwc-cmm.org\/fr\/wp-json\/wp\/v2\/posts"}],"about":[{"href":"https:\/\/mwc-cmm.org\/fr\/wp-json\/wp\/v2\/types\/post"}],"author":[{"embeddable":true,"href":"https:\/\/mwc-cmm.org\/fr\/wp-json\/wp\/v2\/users\/1"}],"replies":[{"embeddable":true,"href":"https:\/\/mwc-cmm.org\/fr\/wp-json\/wp\/v2\/comments?post=9561"}],"version-history":[{"count":0,"href":"https:\/\/mwc-cmm.org\/fr\/wp-json\/wp\/v2\/posts\/9561\/revisions"}],"wp:featuredmedia":[{"embeddable":true,"href":"https:\/\/mwc-cmm.org\/fr\/wp-json\/wp\/v2\/media\/84972"}],"wp:attachment":[{"href":"https:\/\/mwc-cmm.org\/fr\/wp-json\/wp\/v2\/media?parent=9561"}],"wp:term":[{"taxonomy":"category","embeddable":true,"href":"https:\/\/mwc-cmm.org\/fr\/wp-json\/wp\/v2\/categories?post=9561"},{"taxonomy":"post_tag","embeddable":true,"href":"https:\/\/mwc-cmm.org\/fr\/wp-json\/wp\/v2\/tags?post=9561"},{"taxonomy":"network","embeddable":true,"href":"https:\/\/mwc-cmm.org\/fr\/wp-json\/wp\/v2\/network?post=9561"},{"taxonomy":"eventcategory","embeddable":true,"href":"https:\/\/mwc-cmm.org\/fr\/wp-json\/wp\/v2\/eventcategory?post=9561"}],"curies":[{"name":"wp","href":"https:\/\/api.w.org\/{rel}","templated":true}]}}