{"id":9558,"date":"2012-12-14T00:00:00","date_gmt":"2012-12-14T00:00:00","guid":{"rendered":"https:\/\/mwc-cmm.org\/vietnam-mennonite-church-reviews-work-after-four-years-as-registered-church-4\/"},"modified":"2024-12-10T17:12:31","modified_gmt":"2024-12-10T17:12:31","slug":"quatre-ans-apres-son-officialisation-leglise-mennonite-du-vietnam-evalue-son-travail","status":"publish","type":"post","link":"https:\/\/mwc-cmm.org\/fr\/stories\/quatre-ans-apres-son-officialisation-leglise-mennonite-du-vietnam-evalue-son-travail\/","title":{"rendered":"Quatre ans apr\u00e8s son officialisation, l\u2019\u00c9glise mennonite du Vietnam \u00e9value son travail"},"content":{"rendered":"<p>Ho-Chi-Minh-Ville, Vietnam &#8211; Quatre ans apr\u00e8s avoir \u00e9t\u00e9 enregistr\u00e9 officiellement aupr\u00e8s du gouvernement, les responsables de l&rsquo;\u00c9glise mennonite du Vietnam se sont rencontr\u00e9s les 21 et 22 novembre 2012 pour \u00e9valuer leur travail et r\u00e9fl\u00e9chir \u00e0 leurs diff\u00e9rents minist\u00e8res pour les quatre prochaines ann\u00e9es.<\/p>\n<p>La r\u00e9union a eu lieu \u00e0 l&rsquo;H\u00f4tel Cong Doan dans le district de Binh Thanh, le quartier o\u00f9 l&rsquo;\u00e9glise mennonite est n\u00e9e au d\u00e9but des ann\u00e9es soixante. Environ 300 personnes ont assist\u00e9 \u00e0 cette conf\u00e9rence (sur invitation seulement), surtout des pasteurs ordonn\u00e9s et reconnus officiellement, des groupes de pr\u00e9sidence de cultes de plusieurs paroisses, des repr\u00e9sentants d&rsquo;organisations gouvernementales et des visiteurs \u00e9trangers.<\/p>\n<p>La premi\u00e8re heure de la s\u00e9ance d&rsquo;ouverture a \u00e9t\u00e9 consacr\u00e9e \u00e0 la louange. Elle \u00e9tait anim\u00e9e par des chorales et des groupes de danse des groupes ethniques minoritaires Stieng et Barnar, ainsi que par les paroisses de Vinh Long et de Binh Thanh. Les pasteurs de l&rsquo;\u00e9glise ont chant\u00e9 \u2018Dieu Tout-puissant, que tu es grand\u2019.<\/p>\n<p>Apr\u00e8s que le pasteur Nguyen Quang Trung, pr\u00e9sident de l&rsquo;\u00e9glise, a d\u00e9clar\u00e9 ouverte la conf\u00e9rence, il a pr\u00e9sent\u00e9 Nguyen Thanh Xuan, vice-pr\u00e9sident du Comit\u00e9 Gouvernemental des Affaires Religieuses. Dans son allocution de dix minutes, M. Xuan a mentionn\u00e9 que le gouvernement avait accord\u00e9 un statut l\u00e9gal \u00e0 40 groupes religieux, dont 10 groupes protestants ou \u00e9vang\u00e9liques. Il a dit que l\u2019\u00c9glise mennonite du Vietnam \u00e9tait \u2018une \u00e9glise de paix\u2019 et que \u2018son influence\u2019 d\u00e9passait ses effectifs.<\/p>\n<p>Dans son allocution, le pasteur Trung a rendu gr\u00e2ce \u00e0 Dieu de l\u2019autorisation accord\u00e9e par le gouvernement, ce qui a permis \u00e0 l&rsquo;\u00e9glise de se d\u00e9velopper ces quatre derni\u00e8res ann\u00e9es. Il a cit\u00e9 le programme quinquennal de formation pastorale auquel participent 20 \u00e9tudiants, et dont quatre enseignant sont locaux et six \u00e9trangers. Il a \u00e9galement mentionn\u00e9 l&rsquo;ordination de 29 pasteurs en mars 2010, et le d\u00e9but d&rsquo;un deuxi\u00e8me cycle du programme triennal de formation th\u00e9ologique pour 35 responsables la\u00efcs. Ces programmes de formation sont aussi disponibles dans d\u2019autres r\u00e9gions.<\/p>\n<p>Trung a pr\u00e9sent\u00e9 un rapport sur les activit\u00e9s sociales de l&rsquo;\u00e9glise : aide aux enfants pauvres \u00e0 fr\u00e9quenter l&rsquo;\u00e9cole, organisation d\u2019une assistance m\u00e9dicale et secours d&rsquo;urgence en cas d&rsquo;inondations et d\u2019autres catastrophes naturelles.<\/p>\n<p>Trung a dit que 8 000 personnes sont affili\u00e9es \u00e0 l&rsquo;\u00c9glise mennonite du Vietnam, et plus de 6 000 d\u2019entre elles sont baptis\u00e9es. 90 paroisses font partie de l&rsquo;\u00c9glise, qui compte 138 responsables accr\u00e9dit\u00e9s dans trois villes et dans une quinzaine des 58 provinces du pays. L\u2019\u00c9glise est devenue le 99<sup>e<\/sup> membre de la CMM pendant la rencontre au Paraguay  en juillet 2009.<\/p>\n<p>A la fin de sa pr\u00e9sentation, le pr\u00e9sident a invit\u00e9 les personnes pr\u00e9sentes \u00e0 se lever et \u00e0 lire toutes ensemble Romains 14\/8, le th\u00e8me de la conf\u00e9rence : <em>Car, si nous vivons, nous vivons pour le Seigneur ; si nous mourons, nous mourons pour le Seigneur : soit que nous vivions, soit que nous mourions, nous sommes au Seigneur.<\/em><\/p>\n<p>Des invit\u00e9s ont \u00e9t\u00e9 pr\u00e9sent\u00e9s : outre le vice-pr\u00e9sident du Comit\u00e9 des Affaires religieuses du gouvernement, \u00e9taient pr\u00e9sents des repr\u00e9sentants du Comit\u00e9 populaire de la ville, de la police de la s\u00e9curit\u00e9, du Front Patriotique du Vietnam, de l&rsquo;\u00c9glise adventiste et de la <em>Southern Baptist Church<\/em>.<\/p>\n<p>Gerry Keener et Ryan Umble repr\u00e9sentaient <em>Eastern Mennonite Missions<\/em>. William et Joann Sommers Love, repr\u00e9sentants du Comit\u00e9 Central Mennonite, ont transmis des salutations. L\u2019ancien missionnaire Luc Martin et Wilmer Martin tous deux responsables d&rsquo;un groupe TourMagination en visite au Vietnam, ont fait de m\u00eame. Leur groupe avait assist\u00e9 au culte \u00e0 l\u2019\u00e9glise mennonite Hoi An le dimanche pr\u00e9c\u00e9dent.<\/p>\n<p>La plupart des assembl\u00e9es locales mennonites se rencontrent dans les maisons. Seules cinq d\u2019entre elles ont pu acheter un terrain et construire un b\u00e2timent. L&rsquo;\u00c9glise continue \u00e0 demander au Comit\u00e9 des Affaires religieuses et au Comit\u00e9 populaire de Ho Chi Minh de leur donner des terres en remplacement des propri\u00e9t\u00e9s confisqu\u00e9es en 1976 afin que l&rsquo;\u00e9glise puisse construire un centre \u00e0 Ho Chi Minh-Ville.<\/p>\n<p>Nguyen Quang Trung a \u00e9t\u00e9 r\u00e9\u00e9lu pr\u00e9sident de l&rsquo;\u00e9glise pour les quatre prochaines ann\u00e9es, et Huynh Minh Dang \u00e9lu secr\u00e9taire g\u00e9n\u00e9ral.<\/p>\n<p>Il existe un deuxi\u00e8me groupe mennonite au Vietnam avec un nombre semblable de membres. Il n&rsquo;est pas encore enregistr\u00e9 nationale, mais plusieurs des assembl\u00e9es sont enregistr\u00e9es localement.<\/p>\n<p><em>Communiqu\u00e9 par Luc Martin<\/em><\/p><\/p>\n","protected":false},"excerpt":{"rendered":"<p>NULL<\/p>\n","protected":false},"author":1,"featured_media":84930,"comment_status":"closed","ping_status":"closed","sticky":false,"template":"","format":"standard","meta":{"_acf_changed":false,"footnotes":""},"categories":[7],"tags":[],"network":[],"eventcategory":[],"class_list":["post-9558","post","type-post","status-publish","format-standard","has-post-thumbnail","hentry","category-non-classifiee"],"acf":[],"yoast_head":"<!-- This site is optimized with the Yoast SEO plugin v27.2 - https:\/\/yoast.com\/product\/yoast-seo-wordpress\/ -->\n<title>Quatre ans apr\u00e8s son officialisation, l\u2019\u00c9glise mennonite du Vietnam \u00e9value son travail - Mennonite World Conference<\/title>\n<meta name=\"robots\" content=\"index, follow, max-snippet:-1, max-image-preview:large, max-video-preview:-1\" \/>\n<link rel=\"canonical\" href=\"https:\/\/mwc-cmm.org\/en\/stories\/vietnam-mennonite-church-reviews-work-after-four-years-registered-church\/\" \/>\n<meta property=\"og:locale\" content=\"fr_FR\" \/>\n<meta property=\"og:type\" content=\"article\" \/>\n<meta property=\"og:title\" content=\"Quatre ans apr\u00e8s son officialisation, l\u2019\u00c9glise mennonite du Vietnam \u00e9value son travail - Mennonite World Conference\" \/>\n<meta property=\"og:description\" content=\"NULL\" \/>\n<meta property=\"og:url\" content=\"https:\/\/mwc-cmm.org\/en\/stories\/vietnam-mennonite-church-reviews-work-after-four-years-registered-church\/\" \/>\n<meta property=\"og:site_name\" content=\"Mennonite World Conference\" \/>\n<meta property=\"article:publisher\" content=\"https:\/\/www.facebook.com\/MennoniteWorldConference\" \/>\n<meta property=\"article:published_time\" content=\"2012-12-14T00:00:00+00:00\" \/>\n<meta property=\"article:modified_time\" content=\"2024-12-10T17:12:31+00:00\" \/>\n<meta property=\"og:image\" content=\"https:\/\/mwc-cmm.org\/wp-content\/uploads\/2024\/11\/bahnar_choir.jpg\" \/>\n\t<meta property=\"og:image:width\" content=\"1538\" \/>\n\t<meta property=\"og:image:height\" content=\"898\" \/>\n\t<meta property=\"og:image:type\" content=\"image\/jpeg\" \/>\n<meta name=\"author\" content=\"mennworldcon\" \/>\n<script type=\"application\/ld+json\" class=\"yoast-schema-graph\">{\"@context\":\"https:\/\/schema.org\",\"@graph\":[{\"@type\":\"Article\",\"@id\":\"https:\/\/mwc-cmm.org\/en\/stories\/vietnam-mennonite-church-reviews-work-after-four-years-registered-church\/#article\",\"isPartOf\":{\"@id\":\"https:\/\/mwc-cmm.org\/en\/stories\/vietnam-mennonite-church-reviews-work-after-four-years-registered-church\/\"},\"author\":{\"name\":\"mennworldcon\",\"@id\":\"https:\/\/mwc-cmm.org\/en\/#\/schema\/person\/11f6ae0d7d1868ba20a1cc27f067c836\"},\"headline\":\"Quatre ans apr\u00e8s son officialisation, l\u2019\u00c9glise mennonite du Vietnam \u00e9value son travail\",\"datePublished\":\"2012-12-14T00:00:00+00:00\",\"dateModified\":\"2024-12-10T17:12:31+00:00\",\"mainEntityOfPage\":{\"@id\":\"https:\/\/mwc-cmm.org\/en\/stories\/vietnam-mennonite-church-reviews-work-after-four-years-registered-church\/\"},\"wordCount\":788,\"publisher\":{\"@id\":\"https:\/\/mwc-cmm.org\/en\/#organization\"},\"image\":{\"@id\":\"https:\/\/mwc-cmm.org\/en\/stories\/vietnam-mennonite-church-reviews-work-after-four-years-registered-church\/#primaryimage\"},\"thumbnailUrl\":\"https:\/\/mwc-cmm.org\/wp-content\/uploads\/2024\/11\/bahnar_choir.jpg\",\"articleSection\":[\"Non classifi\u00e9(e)\"],\"inLanguage\":\"fr-FR\"},{\"@type\":\"WebPage\",\"@id\":\"https:\/\/mwc-cmm.org\/en\/stories\/vietnam-mennonite-church-reviews-work-after-four-years-registered-church\/\",\"url\":\"https:\/\/mwc-cmm.org\/en\/stories\/vietnam-mennonite-church-reviews-work-after-four-years-registered-church\/\",\"name\":\"Quatre ans apr\u00e8s son officialisation, l\u2019\u00c9glise mennonite du Vietnam \u00e9value son travail - Mennonite World Conference\",\"isPartOf\":{\"@id\":\"https:\/\/mwc-cmm.org\/en\/#website\"},\"primaryImageOfPage\":{\"@id\":\"https:\/\/mwc-cmm.org\/en\/stories\/vietnam-mennonite-church-reviews-work-after-four-years-registered-church\/#primaryimage\"},\"image\":{\"@id\":\"https:\/\/mwc-cmm.org\/en\/stories\/vietnam-mennonite-church-reviews-work-after-four-years-registered-church\/#primaryimage\"},\"thumbnailUrl\":\"https:\/\/mwc-cmm.org\/wp-content\/uploads\/2024\/11\/bahnar_choir.jpg\",\"datePublished\":\"2012-12-14T00:00:00+00:00\",\"dateModified\":\"2024-12-10T17:12:31+00:00\",\"breadcrumb\":{\"@id\":\"https:\/\/mwc-cmm.org\/en\/stories\/vietnam-mennonite-church-reviews-work-after-four-years-registered-church\/#breadcrumb\"},\"inLanguage\":\"fr-FR\",\"potentialAction\":[{\"@type\":\"ReadAction\",\"target\":[\"https:\/\/mwc-cmm.org\/en\/stories\/vietnam-mennonite-church-reviews-work-after-four-years-registered-church\/\"]}]},{\"@type\":\"ImageObject\",\"inLanguage\":\"fr-FR\",\"@id\":\"https:\/\/mwc-cmm.org\/en\/stories\/vietnam-mennonite-church-reviews-work-after-four-years-registered-church\/#primaryimage\",\"url\":\"https:\/\/mwc-cmm.org\/wp-content\/uploads\/2024\/11\/bahnar_choir.jpg\",\"contentUrl\":\"https:\/\/mwc-cmm.org\/wp-content\/uploads\/2024\/11\/bahnar_choir.jpg\",\"width\":1538,\"height\":898},{\"@type\":\"BreadcrumbList\",\"@id\":\"https:\/\/mwc-cmm.org\/en\/stories\/vietnam-mennonite-church-reviews-work-after-four-years-registered-church\/#breadcrumb\",\"itemListElement\":[{\"@type\":\"ListItem\",\"position\":1,\"name\":\"Home\",\"item\":\"https:\/\/mwc-cmm.org\/fr\/\"},{\"@type\":\"ListItem\",\"position\":2,\"name\":\"Quatre ans apr\u00e8s son officialisation, l\u2019\u00c9glise mennonite du Vietnam \u00e9value son travail\"}]},{\"@type\":\"WebSite\",\"@id\":\"https:\/\/mwc-cmm.org\/en\/#website\",\"url\":\"https:\/\/mwc-cmm.org\/en\/\",\"name\":\"Mennonite World Conference\",\"description\":\"A communion of Anabaptist-related churches\",\"publisher\":{\"@id\":\"https:\/\/mwc-cmm.org\/en\/#organization\"},\"alternateName\":\"MWC\",\"potentialAction\":[{\"@type\":\"SearchAction\",\"target\":{\"@type\":\"EntryPoint\",\"urlTemplate\":\"https:\/\/mwc-cmm.org\/en\/?s={search_term_string}\"},\"query-input\":{\"@type\":\"PropertyValueSpecification\",\"valueRequired\":true,\"valueName\":\"search_term_string\"}}],\"inLanguage\":\"fr-FR\"},{\"@type\":\"Organization\",\"@id\":\"https:\/\/mwc-cmm.org\/en\/#organization\",\"name\":\"Mennonite World Conference\",\"alternateName\":\"MWC\",\"url\":\"https:\/\/mwc-cmm.org\/en\/\",\"logo\":{\"@type\":\"ImageObject\",\"inLanguage\":\"fr-FR\",\"@id\":\"https:\/\/mwc-cmm.org\/en\/#\/schema\/logo\/image\/\",\"url\":\"https:\/\/mwc-cmm.org\/wp-content\/uploads\/2026\/01\/MWC_Sig_Blue_Horiz_webheader1-logo.svg\",\"contentUrl\":\"https:\/\/mwc-cmm.org\/wp-content\/uploads\/2026\/01\/MWC_Sig_Blue_Horiz_webheader1-logo.svg\",\"width\":786,\"height\":82,\"caption\":\"Mennonite World Conference\"},\"image\":{\"@id\":\"https:\/\/mwc-cmm.org\/en\/#\/schema\/logo\/image\/\"},\"sameAs\":[\"https:\/\/www.facebook.com\/MennoniteWorldConference\",\"https:\/\/www.linkedin.com\/company\/mennonite-world-conference-mwc\/\",\"https:\/\/www.instagram.com\/mwcmm\/\",\"https:\/\/www.youtube.com\/user\/mwccmm\",\"https:\/\/bsky.app\/profile\/mwcmm.bsky.social\"]},{\"@type\":\"Person\",\"@id\":\"https:\/\/mwc-cmm.org\/en\/#\/schema\/person\/11f6ae0d7d1868ba20a1cc27f067c836\",\"name\":\"mennworldcon\",\"image\":{\"@type\":\"ImageObject\",\"inLanguage\":\"fr-FR\",\"@id\":\"https:\/\/secure.gravatar.com\/avatar\/06fdc0dc81c157dfdb82ec42f252178a22307808988d22c043f9eb96f1e0fe80?s=96&d=mm&r=g\",\"url\":\"https:\/\/secure.gravatar.com\/avatar\/06fdc0dc81c157dfdb82ec42f252178a22307808988d22c043f9eb96f1e0fe80?s=96&d=mm&r=g\",\"contentUrl\":\"https:\/\/secure.gravatar.com\/avatar\/06fdc0dc81c157dfdb82ec42f252178a22307808988d22c043f9eb96f1e0fe80?s=96&d=mm&r=g\",\"caption\":\"mennworldcon\"},\"sameAs\":[\"https:\/\/mwc-cmm.org\"],\"url\":\"https:\/\/mwc-cmm.org\/fr\/stories\/author\/mennworldcon\/\"}]}<\/script>\n<!-- \/ Yoast SEO plugin. -->","yoast_head_json":{"title":"Quatre ans apr\u00e8s son officialisation, l\u2019\u00c9glise mennonite du Vietnam \u00e9value son travail - Mennonite World Conference","robots":{"index":"index","follow":"follow","max-snippet":"max-snippet:-1","max-image-preview":"max-image-preview:large","max-video-preview":"max-video-preview:-1"},"canonical":"https:\/\/mwc-cmm.org\/en\/stories\/vietnam-mennonite-church-reviews-work-after-four-years-registered-church\/","og_locale":"fr_FR","og_type":"article","og_title":"Quatre ans apr\u00e8s son officialisation, l\u2019\u00c9glise mennonite du Vietnam \u00e9value son travail - Mennonite World Conference","og_description":"NULL","og_url":"https:\/\/mwc-cmm.org\/en\/stories\/vietnam-mennonite-church-reviews-work-after-four-years-registered-church\/","og_site_name":"Mennonite World Conference","article_publisher":"https:\/\/www.facebook.com\/MennoniteWorldConference","article_published_time":"2012-12-14T00:00:00+00:00","article_modified_time":"2024-12-10T17:12:31+00:00","og_image":[{"width":1538,"height":898,"url":"https:\/\/mwc-cmm.org\/wp-content\/uploads\/2024\/11\/bahnar_choir.jpg","type":"image\/jpeg"}],"author":"mennworldcon","schema":{"@context":"https:\/\/schema.org","@graph":[{"@type":"Article","@id":"https:\/\/mwc-cmm.org\/en\/stories\/vietnam-mennonite-church-reviews-work-after-four-years-registered-church\/#article","isPartOf":{"@id":"https:\/\/mwc-cmm.org\/en\/stories\/vietnam-mennonite-church-reviews-work-after-four-years-registered-church\/"},"author":{"name":"mennworldcon","@id":"https:\/\/mwc-cmm.org\/en\/#\/schema\/person\/11f6ae0d7d1868ba20a1cc27f067c836"},"headline":"Quatre ans apr\u00e8s son officialisation, l\u2019\u00c9glise mennonite du Vietnam \u00e9value son travail","datePublished":"2012-12-14T00:00:00+00:00","dateModified":"2024-12-10T17:12:31+00:00","mainEntityOfPage":{"@id":"https:\/\/mwc-cmm.org\/en\/stories\/vietnam-mennonite-church-reviews-work-after-four-years-registered-church\/"},"wordCount":788,"publisher":{"@id":"https:\/\/mwc-cmm.org\/en\/#organization"},"image":{"@id":"https:\/\/mwc-cmm.org\/en\/stories\/vietnam-mennonite-church-reviews-work-after-four-years-registered-church\/#primaryimage"},"thumbnailUrl":"https:\/\/mwc-cmm.org\/wp-content\/uploads\/2024\/11\/bahnar_choir.jpg","articleSection":["Non classifi\u00e9(e)"],"inLanguage":"fr-FR"},{"@type":"WebPage","@id":"https:\/\/mwc-cmm.org\/en\/stories\/vietnam-mennonite-church-reviews-work-after-four-years-registered-church\/","url":"https:\/\/mwc-cmm.org\/en\/stories\/vietnam-mennonite-church-reviews-work-after-four-years-registered-church\/","name":"Quatre ans apr\u00e8s son officialisation, l\u2019\u00c9glise mennonite du Vietnam \u00e9value son travail - Mennonite World Conference","isPartOf":{"@id":"https:\/\/mwc-cmm.org\/en\/#website"},"primaryImageOfPage":{"@id":"https:\/\/mwc-cmm.org\/en\/stories\/vietnam-mennonite-church-reviews-work-after-four-years-registered-church\/#primaryimage"},"image":{"@id":"https:\/\/mwc-cmm.org\/en\/stories\/vietnam-mennonite-church-reviews-work-after-four-years-registered-church\/#primaryimage"},"thumbnailUrl":"https:\/\/mwc-cmm.org\/wp-content\/uploads\/2024\/11\/bahnar_choir.jpg","datePublished":"2012-12-14T00:00:00+00:00","dateModified":"2024-12-10T17:12:31+00:00","breadcrumb":{"@id":"https:\/\/mwc-cmm.org\/en\/stories\/vietnam-mennonite-church-reviews-work-after-four-years-registered-church\/#breadcrumb"},"inLanguage":"fr-FR","potentialAction":[{"@type":"ReadAction","target":["https:\/\/mwc-cmm.org\/en\/stories\/vietnam-mennonite-church-reviews-work-after-four-years-registered-church\/"]}]},{"@type":"ImageObject","inLanguage":"fr-FR","@id":"https:\/\/mwc-cmm.org\/en\/stories\/vietnam-mennonite-church-reviews-work-after-four-years-registered-church\/#primaryimage","url":"https:\/\/mwc-cmm.org\/wp-content\/uploads\/2024\/11\/bahnar_choir.jpg","contentUrl":"https:\/\/mwc-cmm.org\/wp-content\/uploads\/2024\/11\/bahnar_choir.jpg","width":1538,"height":898},{"@type":"BreadcrumbList","@id":"https:\/\/mwc-cmm.org\/en\/stories\/vietnam-mennonite-church-reviews-work-after-four-years-registered-church\/#breadcrumb","itemListElement":[{"@type":"ListItem","position":1,"name":"Home","item":"https:\/\/mwc-cmm.org\/fr\/"},{"@type":"ListItem","position":2,"name":"Quatre ans apr\u00e8s son officialisation, l\u2019\u00c9glise mennonite du Vietnam \u00e9value son travail"}]},{"@type":"WebSite","@id":"https:\/\/mwc-cmm.org\/en\/#website","url":"https:\/\/mwc-cmm.org\/en\/","name":"Mennonite World Conference","description":"A communion of Anabaptist-related churches","publisher":{"@id":"https:\/\/mwc-cmm.org\/en\/#organization"},"alternateName":"MWC","potentialAction":[{"@type":"SearchAction","target":{"@type":"EntryPoint","urlTemplate":"https:\/\/mwc-cmm.org\/en\/?s={search_term_string}"},"query-input":{"@type":"PropertyValueSpecification","valueRequired":true,"valueName":"search_term_string"}}],"inLanguage":"fr-FR"},{"@type":"Organization","@id":"https:\/\/mwc-cmm.org\/en\/#organization","name":"Mennonite World Conference","alternateName":"MWC","url":"https:\/\/mwc-cmm.org\/en\/","logo":{"@type":"ImageObject","inLanguage":"fr-FR","@id":"https:\/\/mwc-cmm.org\/en\/#\/schema\/logo\/image\/","url":"https:\/\/mwc-cmm.org\/wp-content\/uploads\/2026\/01\/MWC_Sig_Blue_Horiz_webheader1-logo.svg","contentUrl":"https:\/\/mwc-cmm.org\/wp-content\/uploads\/2026\/01\/MWC_Sig_Blue_Horiz_webheader1-logo.svg","width":786,"height":82,"caption":"Mennonite World Conference"},"image":{"@id":"https:\/\/mwc-cmm.org\/en\/#\/schema\/logo\/image\/"},"sameAs":["https:\/\/www.facebook.com\/MennoniteWorldConference","https:\/\/www.linkedin.com\/company\/mennonite-world-conference-mwc\/","https:\/\/www.instagram.com\/mwcmm\/","https:\/\/www.youtube.com\/user\/mwccmm","https:\/\/bsky.app\/profile\/mwcmm.bsky.social"]},{"@type":"Person","@id":"https:\/\/mwc-cmm.org\/en\/#\/schema\/person\/11f6ae0d7d1868ba20a1cc27f067c836","name":"mennworldcon","image":{"@type":"ImageObject","inLanguage":"fr-FR","@id":"https:\/\/secure.gravatar.com\/avatar\/06fdc0dc81c157dfdb82ec42f252178a22307808988d22c043f9eb96f1e0fe80?s=96&d=mm&r=g","url":"https:\/\/secure.gravatar.com\/avatar\/06fdc0dc81c157dfdb82ec42f252178a22307808988d22c043f9eb96f1e0fe80?s=96&d=mm&r=g","contentUrl":"https:\/\/secure.gravatar.com\/avatar\/06fdc0dc81c157dfdb82ec42f252178a22307808988d22c043f9eb96f1e0fe80?s=96&d=mm&r=g","caption":"mennworldcon"},"sameAs":["https:\/\/mwc-cmm.org"],"url":"https:\/\/mwc-cmm.org\/fr\/stories\/author\/mennworldcon\/"}]}},"_links":{"self":[{"href":"https:\/\/mwc-cmm.org\/fr\/wp-json\/wp\/v2\/posts\/9558","targetHints":{"allow":["GET"]}}],"collection":[{"href":"https:\/\/mwc-cmm.org\/fr\/wp-json\/wp\/v2\/posts"}],"about":[{"href":"https:\/\/mwc-cmm.org\/fr\/wp-json\/wp\/v2\/types\/post"}],"author":[{"embeddable":true,"href":"https:\/\/mwc-cmm.org\/fr\/wp-json\/wp\/v2\/users\/1"}],"replies":[{"embeddable":true,"href":"https:\/\/mwc-cmm.org\/fr\/wp-json\/wp\/v2\/comments?post=9558"}],"version-history":[{"count":0,"href":"https:\/\/mwc-cmm.org\/fr\/wp-json\/wp\/v2\/posts\/9558\/revisions"}],"wp:featuredmedia":[{"embeddable":true,"href":"https:\/\/mwc-cmm.org\/fr\/wp-json\/wp\/v2\/media\/84930"}],"wp:attachment":[{"href":"https:\/\/mwc-cmm.org\/fr\/wp-json\/wp\/v2\/media?parent=9558"}],"wp:term":[{"taxonomy":"category","embeddable":true,"href":"https:\/\/mwc-cmm.org\/fr\/wp-json\/wp\/v2\/categories?post=9558"},{"taxonomy":"post_tag","embeddable":true,"href":"https:\/\/mwc-cmm.org\/fr\/wp-json\/wp\/v2\/tags?post=9558"},{"taxonomy":"network","embeddable":true,"href":"https:\/\/mwc-cmm.org\/fr\/wp-json\/wp\/v2\/network?post=9558"},{"taxonomy":"eventcategory","embeddable":true,"href":"https:\/\/mwc-cmm.org\/fr\/wp-json\/wp\/v2\/eventcategory?post=9558"}],"curies":[{"name":"wp","href":"https:\/\/api.w.org\/{rel}","templated":true}]}}