{"id":9557,"date":"2012-12-12T00:00:00","date_gmt":"2012-12-12T00:00:00","guid":{"rendered":"https:\/\/mwc-cmm.org\/bert-lobe-completes-service-with-mwc-4\/"},"modified":"2024-12-10T17:12:31","modified_gmt":"2024-12-10T17:12:31","slug":"bert-lobe-arrete-son-travail-avec-la-cmm","status":"publish","type":"post","link":"https:\/\/mwc-cmm.org\/fr\/stories\/bert-lobe-arrete-son-travail-avec-la-cmm\/","title":{"rendered":"Bert Lobe arr\u00eate son travail avec la CMM"},"content":{"rendered":"<p>St. Jacobs, Ontario &#8211; Apr\u00e8s quatre ans et demi pendant lesquelles Bert Lobe a exerc\u00e9 divers r\u00f4les \u00e0 la CMM, il s\u2019arr\u00eate fin 2012.<\/p>\n<p>En mai 2008, Bert a \u00e9t\u00e9 nomm\u00e9 promoteur de l\u2019\u00c9glise mondiale de la CMM en Am\u00e9rique du Nord. Il a dirig\u00e9 la restructuration et l&rsquo;administration du Fonds de Partage de l\u2019\u00c9glise Mondiale au sein de la Commission Diacres et a \u00e9galement particip\u00e9 \u00e0 la collecte de fonds pr\u00e9c\u00e9dant le Rassemblement de la CMM en 2009 au Paraguay.<\/p>\n<p>En automne 2009, il a \u00e9t\u00e9 nomm\u00e9 repr\u00e9sentant nord-am\u00e9ricain, c\u2019est-\u00e0-dire responsable d\u2019entretenir des relations avec les membres de la CMM en Am\u00e9rique du Nord. Il a continu\u00e9 \u00e0 s\u2019occuper de collecte de fonds en lien avec le Caucus Asie (CMM), a fait la liaison avec le Comit\u00e9 Central Mennonite et a exerc\u00e9 d&rsquo;autres responsabilit\u00e9s.<\/p>\n<p>\u00ab Je suis convaincu que l&rsquo;\u00c9glise est notre meilleur mouvement et notre meilleure institution ! \u00bb, dit Bert. \u00ab L&rsquo;\u00c9glise est le principal instrument de r\u00e9demption de l\u2019humanit\u00e9, une manifestation authentique de la communaut\u00e9, assurant \u00e0 la fois espoir et joie immense, et connaissant aussi des moments de grand d\u00e9sespoir. Le myst\u00e8re et la sagesse du Christ se manifestent le mieux par l&rsquo;\u00e9glise, et c\u2019est notre richesse. \u00bb<\/p>\n<p>Bert Lobe ajoute : \u00ab Regardez : nous sommes un peuple parlant avec des centaines de voix, mais unis par un seul message, un peuple fa\u00e7onn\u00e9 par des centaines de contextes et d&rsquo;exp\u00e9riences qui nourrissent une compr\u00e9hension toujours plus grande de Dieu. \u00bb<\/p>\n<p>\u00ab Il est difficile d&rsquo;exprimer en quelques phrases notre gratitude pour tout ce que Bert a fait \u00bb, dit C\u00e9sar Garc\u00eda, secr\u00e9taire g\u00e9n\u00e9ral de la CMM. \u00ab Son \u00e9nergie et son esprit d\u2019initiative, ainsi que l\u2019importance qu\u2019il attache \u00e0 l&rsquo;\u00c9glise comme \u00e9tant au centre du projet de salut de Dieu, en ont fait un responsable respect\u00e9 dans de nombreux milieux. \u00bb<\/p>\n<p>C\u00e9sar ajoute : \u00ab L&rsquo;engagement de Bert envers l&rsquo;\u00c9glise mondiale est all\u00e9 bien au-del\u00e0 de ses responsabilit\u00e9s. Seule une personne qui consid\u00e8re son travail comme un appel de Dieu est capable de le faire. Nous prions que la nouvelle \u00e9tape dans la vie de Bert lui permette d&rsquo;\u00eatre un vecteur de la gr\u00e2ce de Dieu pour de nombreuses personnes. Que la joie et la paix l\u2019accompagnent constamment dans les ann\u00e9es \u00e0 venir ! \u00bb <\/p>\n<p>Bert dit qu\u2019il a appr\u00e9ci\u00e9 l&rsquo;opportunit\u00e9 de travailler avec la CMM. \u00ab Vous pouvez compter sur mon soutien in\u00e9branlable dans l&rsquo;avenir \u00bb, ajoute-t-il.<\/p>\n<p><em>Communiqu\u00e9 de Presse de la CMM<\/em><\/p><\/p>\n","protected":false},"excerpt":{"rendered":"<p>NULL<\/p>\n","protected":false},"author":1,"featured_media":84916,"comment_status":"closed","ping_status":"closed","sticky":false,"template":"","format":"standard","meta":{"_acf_changed":false,"footnotes":""},"categories":[7],"tags":[],"network":[],"eventcategory":[],"class_list":["post-9557","post","type-post","status-publish","format-standard","has-post-thumbnail","hentry","category-non-classifiee"],"acf":[],"yoast_head":"<!-- This site is optimized with the Yoast SEO plugin v27.5 - https:\/\/yoast.com\/product\/yoast-seo-wordpress\/ -->\n<title>Bert Lobe arr\u00eate son travail avec la CMM - Mennonite World Conference<\/title>\n<meta name=\"robots\" content=\"index, follow, max-snippet:-1, max-image-preview:large, max-video-preview:-1\" \/>\n<link rel=\"canonical\" href=\"https:\/\/mwc-cmm.org\/en\/stories\/bert-lobe-completes-service-mwc\/\" \/>\n<meta property=\"og:locale\" content=\"fr_FR\" \/>\n<meta property=\"og:type\" content=\"article\" \/>\n<meta property=\"og:title\" content=\"Bert Lobe arr\u00eate son travail avec la CMM - Mennonite World Conference\" \/>\n<meta property=\"og:description\" content=\"NULL\" \/>\n<meta property=\"og:url\" content=\"https:\/\/mwc-cmm.org\/en\/stories\/bert-lobe-completes-service-mwc\/\" \/>\n<meta property=\"og:site_name\" content=\"Mennonite World Conference\" \/>\n<meta property=\"article:publisher\" content=\"https:\/\/www.facebook.com\/MennoniteWorldConference\" \/>\n<meta property=\"article:published_time\" content=\"2012-12-12T00:00:00+00:00\" \/>\n<meta property=\"article:modified_time\" content=\"2024-12-10T17:12:31+00:00\" \/>\n<meta property=\"og:image\" content=\"https:\/\/mwc-cmm.org\/wp-content\/uploads\/2024\/11\/bert_2_high_res.jpg\" \/>\n\t<meta property=\"og:image:width\" content=\"750\" \/>\n\t<meta property=\"og:image:height\" content=\"1111\" \/>\n\t<meta property=\"og:image:type\" content=\"image\/jpeg\" \/>\n<meta name=\"author\" content=\"mennworldcon\" \/>\n<script type=\"application\/ld+json\" class=\"yoast-schema-graph\">{\"@context\":\"https:\\\/\\\/schema.org\",\"@graph\":[{\"@type\":\"Article\",\"@id\":\"https:\\\/\\\/mwc-cmm.org\\\/en\\\/stories\\\/bert-lobe-completes-service-mwc\\\/#article\",\"isPartOf\":{\"@id\":\"https:\\\/\\\/mwc-cmm.org\\\/en\\\/stories\\\/bert-lobe-completes-service-mwc\\\/\"},\"author\":{\"name\":\"mennworldcon\",\"@id\":\"https:\\\/\\\/mwc-cmm.org\\\/en\\\/#\\\/schema\\\/person\\\/11f6ae0d7d1868ba20a1cc27f067c836\"},\"headline\":\"Bert Lobe arr\u00eate son travail avec la CMM\",\"datePublished\":\"2012-12-12T00:00:00+00:00\",\"dateModified\":\"2024-12-10T17:12:31+00:00\",\"mainEntityOfPage\":{\"@id\":\"https:\\\/\\\/mwc-cmm.org\\\/en\\\/stories\\\/bert-lobe-completes-service-mwc\\\/\"},\"wordCount\":445,\"publisher\":{\"@id\":\"https:\\\/\\\/mwc-cmm.org\\\/en\\\/#organization\"},\"image\":{\"@id\":\"https:\\\/\\\/mwc-cmm.org\\\/en\\\/stories\\\/bert-lobe-completes-service-mwc\\\/#primaryimage\"},\"thumbnailUrl\":\"https:\\\/\\\/mwc-cmm.org\\\/wp-content\\\/uploads\\\/2024\\\/11\\\/bert_2_high_res.jpg\",\"articleSection\":[\"Non classifi\u00e9(e)\"],\"inLanguage\":\"fr-FR\"},{\"@type\":\"WebPage\",\"@id\":\"https:\\\/\\\/mwc-cmm.org\\\/en\\\/stories\\\/bert-lobe-completes-service-mwc\\\/\",\"url\":\"https:\\\/\\\/mwc-cmm.org\\\/en\\\/stories\\\/bert-lobe-completes-service-mwc\\\/\",\"name\":\"Bert Lobe arr\u00eate son travail avec la CMM - Mennonite World Conference\",\"isPartOf\":{\"@id\":\"https:\\\/\\\/mwc-cmm.org\\\/en\\\/#website\"},\"primaryImageOfPage\":{\"@id\":\"https:\\\/\\\/mwc-cmm.org\\\/en\\\/stories\\\/bert-lobe-completes-service-mwc\\\/#primaryimage\"},\"image\":{\"@id\":\"https:\\\/\\\/mwc-cmm.org\\\/en\\\/stories\\\/bert-lobe-completes-service-mwc\\\/#primaryimage\"},\"thumbnailUrl\":\"https:\\\/\\\/mwc-cmm.org\\\/wp-content\\\/uploads\\\/2024\\\/11\\\/bert_2_high_res.jpg\",\"datePublished\":\"2012-12-12T00:00:00+00:00\",\"dateModified\":\"2024-12-10T17:12:31+00:00\",\"breadcrumb\":{\"@id\":\"https:\\\/\\\/mwc-cmm.org\\\/en\\\/stories\\\/bert-lobe-completes-service-mwc\\\/#breadcrumb\"},\"inLanguage\":\"fr-FR\",\"potentialAction\":[{\"@type\":\"ReadAction\",\"target\":[\"https:\\\/\\\/mwc-cmm.org\\\/en\\\/stories\\\/bert-lobe-completes-service-mwc\\\/\"]}]},{\"@type\":\"ImageObject\",\"inLanguage\":\"fr-FR\",\"@id\":\"https:\\\/\\\/mwc-cmm.org\\\/en\\\/stories\\\/bert-lobe-completes-service-mwc\\\/#primaryimage\",\"url\":\"https:\\\/\\\/mwc-cmm.org\\\/wp-content\\\/uploads\\\/2024\\\/11\\\/bert_2_high_res.jpg\",\"contentUrl\":\"https:\\\/\\\/mwc-cmm.org\\\/wp-content\\\/uploads\\\/2024\\\/11\\\/bert_2_high_res.jpg\",\"width\":750,\"height\":1111},{\"@type\":\"BreadcrumbList\",\"@id\":\"https:\\\/\\\/mwc-cmm.org\\\/en\\\/stories\\\/bert-lobe-completes-service-mwc\\\/#breadcrumb\",\"itemListElement\":[{\"@type\":\"ListItem\",\"position\":1,\"name\":\"Home\",\"item\":\"https:\\\/\\\/mwc-cmm.org\\\/fr\\\/\"},{\"@type\":\"ListItem\",\"position\":2,\"name\":\"Bert Lobe arr\u00eate son travail avec la CMM\"}]},{\"@type\":\"WebSite\",\"@id\":\"https:\\\/\\\/mwc-cmm.org\\\/en\\\/#website\",\"url\":\"https:\\\/\\\/mwc-cmm.org\\\/en\\\/\",\"name\":\"Mennonite World Conference\",\"description\":\"A communion of Anabaptist-related churches\",\"publisher\":{\"@id\":\"https:\\\/\\\/mwc-cmm.org\\\/en\\\/#organization\"},\"alternateName\":\"MWC\",\"potentialAction\":[{\"@type\":\"SearchAction\",\"target\":{\"@type\":\"EntryPoint\",\"urlTemplate\":\"https:\\\/\\\/mwc-cmm.org\\\/en\\\/?s={search_term_string}\"},\"query-input\":{\"@type\":\"PropertyValueSpecification\",\"valueRequired\":true,\"valueName\":\"search_term_string\"}}],\"inLanguage\":\"fr-FR\"},{\"@type\":\"Organization\",\"@id\":\"https:\\\/\\\/mwc-cmm.org\\\/en\\\/#organization\",\"name\":\"Mennonite World Conference\",\"alternateName\":\"MWC\",\"url\":\"https:\\\/\\\/mwc-cmm.org\\\/en\\\/\",\"logo\":{\"@type\":\"ImageObject\",\"inLanguage\":\"fr-FR\",\"@id\":\"https:\\\/\\\/mwc-cmm.org\\\/en\\\/#\\\/schema\\\/logo\\\/image\\\/\",\"url\":\"https:\\\/\\\/mwc-cmm.org\\\/wp-content\\\/uploads\\\/2026\\\/01\\\/MWC_Sig_Blue_Horiz_webheader1-logo.svg\",\"contentUrl\":\"https:\\\/\\\/mwc-cmm.org\\\/wp-content\\\/uploads\\\/2026\\\/01\\\/MWC_Sig_Blue_Horiz_webheader1-logo.svg\",\"width\":786,\"height\":82,\"caption\":\"Mennonite World Conference\"},\"image\":{\"@id\":\"https:\\\/\\\/mwc-cmm.org\\\/en\\\/#\\\/schema\\\/logo\\\/image\\\/\"},\"sameAs\":[\"https:\\\/\\\/www.facebook.com\\\/MennoniteWorldConference\",\"https:\\\/\\\/www.linkedin.com\\\/company\\\/mennonite-world-conference-mwc\\\/\",\"https:\\\/\\\/www.instagram.com\\\/mwcmm\\\/\",\"https:\\\/\\\/www.youtube.com\\\/user\\\/mwccmm\",\"https:\\\/\\\/bsky.app\\\/profile\\\/mwcmm.bsky.social\"]},{\"@type\":\"Person\",\"@id\":\"https:\\\/\\\/mwc-cmm.org\\\/en\\\/#\\\/schema\\\/person\\\/11f6ae0d7d1868ba20a1cc27f067c836\",\"name\":\"mennworldcon\",\"image\":{\"@type\":\"ImageObject\",\"inLanguage\":\"fr-FR\",\"@id\":\"https:\\\/\\\/secure.gravatar.com\\\/avatar\\\/06fdc0dc81c157dfdb82ec42f252178a22307808988d22c043f9eb96f1e0fe80?s=96&d=mm&r=g\",\"url\":\"https:\\\/\\\/secure.gravatar.com\\\/avatar\\\/06fdc0dc81c157dfdb82ec42f252178a22307808988d22c043f9eb96f1e0fe80?s=96&d=mm&r=g\",\"contentUrl\":\"https:\\\/\\\/secure.gravatar.com\\\/avatar\\\/06fdc0dc81c157dfdb82ec42f252178a22307808988d22c043f9eb96f1e0fe80?s=96&d=mm&r=g\",\"caption\":\"mennworldcon\"},\"sameAs\":[\"https:\\\/\\\/mwc-cmm.org\"],\"url\":\"https:\\\/\\\/mwc-cmm.org\\\/fr\\\/stories\\\/author\\\/mennworldcon\\\/\"}]}<\/script>\n<!-- \/ Yoast SEO plugin. -->","yoast_head_json":{"title":"Bert Lobe arr\u00eate son travail avec la CMM - Mennonite World Conference","robots":{"index":"index","follow":"follow","max-snippet":"max-snippet:-1","max-image-preview":"max-image-preview:large","max-video-preview":"max-video-preview:-1"},"canonical":"https:\/\/mwc-cmm.org\/en\/stories\/bert-lobe-completes-service-mwc\/","og_locale":"fr_FR","og_type":"article","og_title":"Bert Lobe arr\u00eate son travail avec la CMM - Mennonite World Conference","og_description":"NULL","og_url":"https:\/\/mwc-cmm.org\/en\/stories\/bert-lobe-completes-service-mwc\/","og_site_name":"Mennonite World Conference","article_publisher":"https:\/\/www.facebook.com\/MennoniteWorldConference","article_published_time":"2012-12-12T00:00:00+00:00","article_modified_time":"2024-12-10T17:12:31+00:00","og_image":[{"width":750,"height":1111,"url":"https:\/\/mwc-cmm.org\/wp-content\/uploads\/2024\/11\/bert_2_high_res.jpg","type":"image\/jpeg"}],"author":"mennworldcon","schema":{"@context":"https:\/\/schema.org","@graph":[{"@type":"Article","@id":"https:\/\/mwc-cmm.org\/en\/stories\/bert-lobe-completes-service-mwc\/#article","isPartOf":{"@id":"https:\/\/mwc-cmm.org\/en\/stories\/bert-lobe-completes-service-mwc\/"},"author":{"name":"mennworldcon","@id":"https:\/\/mwc-cmm.org\/en\/#\/schema\/person\/11f6ae0d7d1868ba20a1cc27f067c836"},"headline":"Bert Lobe arr\u00eate son travail avec la CMM","datePublished":"2012-12-12T00:00:00+00:00","dateModified":"2024-12-10T17:12:31+00:00","mainEntityOfPage":{"@id":"https:\/\/mwc-cmm.org\/en\/stories\/bert-lobe-completes-service-mwc\/"},"wordCount":445,"publisher":{"@id":"https:\/\/mwc-cmm.org\/en\/#organization"},"image":{"@id":"https:\/\/mwc-cmm.org\/en\/stories\/bert-lobe-completes-service-mwc\/#primaryimage"},"thumbnailUrl":"https:\/\/mwc-cmm.org\/wp-content\/uploads\/2024\/11\/bert_2_high_res.jpg","articleSection":["Non classifi\u00e9(e)"],"inLanguage":"fr-FR"},{"@type":"WebPage","@id":"https:\/\/mwc-cmm.org\/en\/stories\/bert-lobe-completes-service-mwc\/","url":"https:\/\/mwc-cmm.org\/en\/stories\/bert-lobe-completes-service-mwc\/","name":"Bert Lobe arr\u00eate son travail avec la CMM - Mennonite World Conference","isPartOf":{"@id":"https:\/\/mwc-cmm.org\/en\/#website"},"primaryImageOfPage":{"@id":"https:\/\/mwc-cmm.org\/en\/stories\/bert-lobe-completes-service-mwc\/#primaryimage"},"image":{"@id":"https:\/\/mwc-cmm.org\/en\/stories\/bert-lobe-completes-service-mwc\/#primaryimage"},"thumbnailUrl":"https:\/\/mwc-cmm.org\/wp-content\/uploads\/2024\/11\/bert_2_high_res.jpg","datePublished":"2012-12-12T00:00:00+00:00","dateModified":"2024-12-10T17:12:31+00:00","breadcrumb":{"@id":"https:\/\/mwc-cmm.org\/en\/stories\/bert-lobe-completes-service-mwc\/#breadcrumb"},"inLanguage":"fr-FR","potentialAction":[{"@type":"ReadAction","target":["https:\/\/mwc-cmm.org\/en\/stories\/bert-lobe-completes-service-mwc\/"]}]},{"@type":"ImageObject","inLanguage":"fr-FR","@id":"https:\/\/mwc-cmm.org\/en\/stories\/bert-lobe-completes-service-mwc\/#primaryimage","url":"https:\/\/mwc-cmm.org\/wp-content\/uploads\/2024\/11\/bert_2_high_res.jpg","contentUrl":"https:\/\/mwc-cmm.org\/wp-content\/uploads\/2024\/11\/bert_2_high_res.jpg","width":750,"height":1111},{"@type":"BreadcrumbList","@id":"https:\/\/mwc-cmm.org\/en\/stories\/bert-lobe-completes-service-mwc\/#breadcrumb","itemListElement":[{"@type":"ListItem","position":1,"name":"Home","item":"https:\/\/mwc-cmm.org\/fr\/"},{"@type":"ListItem","position":2,"name":"Bert Lobe arr\u00eate son travail avec la CMM"}]},{"@type":"WebSite","@id":"https:\/\/mwc-cmm.org\/en\/#website","url":"https:\/\/mwc-cmm.org\/en\/","name":"Mennonite World Conference","description":"A communion of Anabaptist-related churches","publisher":{"@id":"https:\/\/mwc-cmm.org\/en\/#organization"},"alternateName":"MWC","potentialAction":[{"@type":"SearchAction","target":{"@type":"EntryPoint","urlTemplate":"https:\/\/mwc-cmm.org\/en\/?s={search_term_string}"},"query-input":{"@type":"PropertyValueSpecification","valueRequired":true,"valueName":"search_term_string"}}],"inLanguage":"fr-FR"},{"@type":"Organization","@id":"https:\/\/mwc-cmm.org\/en\/#organization","name":"Mennonite World Conference","alternateName":"MWC","url":"https:\/\/mwc-cmm.org\/en\/","logo":{"@type":"ImageObject","inLanguage":"fr-FR","@id":"https:\/\/mwc-cmm.org\/en\/#\/schema\/logo\/image\/","url":"https:\/\/mwc-cmm.org\/wp-content\/uploads\/2026\/01\/MWC_Sig_Blue_Horiz_webheader1-logo.svg","contentUrl":"https:\/\/mwc-cmm.org\/wp-content\/uploads\/2026\/01\/MWC_Sig_Blue_Horiz_webheader1-logo.svg","width":786,"height":82,"caption":"Mennonite World Conference"},"image":{"@id":"https:\/\/mwc-cmm.org\/en\/#\/schema\/logo\/image\/"},"sameAs":["https:\/\/www.facebook.com\/MennoniteWorldConference","https:\/\/www.linkedin.com\/company\/mennonite-world-conference-mwc\/","https:\/\/www.instagram.com\/mwcmm\/","https:\/\/www.youtube.com\/user\/mwccmm","https:\/\/bsky.app\/profile\/mwcmm.bsky.social"]},{"@type":"Person","@id":"https:\/\/mwc-cmm.org\/en\/#\/schema\/person\/11f6ae0d7d1868ba20a1cc27f067c836","name":"mennworldcon","image":{"@type":"ImageObject","inLanguage":"fr-FR","@id":"https:\/\/secure.gravatar.com\/avatar\/06fdc0dc81c157dfdb82ec42f252178a22307808988d22c043f9eb96f1e0fe80?s=96&d=mm&r=g","url":"https:\/\/secure.gravatar.com\/avatar\/06fdc0dc81c157dfdb82ec42f252178a22307808988d22c043f9eb96f1e0fe80?s=96&d=mm&r=g","contentUrl":"https:\/\/secure.gravatar.com\/avatar\/06fdc0dc81c157dfdb82ec42f252178a22307808988d22c043f9eb96f1e0fe80?s=96&d=mm&r=g","caption":"mennworldcon"},"sameAs":["https:\/\/mwc-cmm.org"],"url":"https:\/\/mwc-cmm.org\/fr\/stories\/author\/mennworldcon\/"}]}},"_links":{"self":[{"href":"https:\/\/mwc-cmm.org\/fr\/wp-json\/wp\/v2\/posts\/9557","targetHints":{"allow":["GET"]}}],"collection":[{"href":"https:\/\/mwc-cmm.org\/fr\/wp-json\/wp\/v2\/posts"}],"about":[{"href":"https:\/\/mwc-cmm.org\/fr\/wp-json\/wp\/v2\/types\/post"}],"author":[{"embeddable":true,"href":"https:\/\/mwc-cmm.org\/fr\/wp-json\/wp\/v2\/users\/1"}],"replies":[{"embeddable":true,"href":"https:\/\/mwc-cmm.org\/fr\/wp-json\/wp\/v2\/comments?post=9557"}],"version-history":[{"count":0,"href":"https:\/\/mwc-cmm.org\/fr\/wp-json\/wp\/v2\/posts\/9557\/revisions"}],"wp:featuredmedia":[{"embeddable":true,"href":"https:\/\/mwc-cmm.org\/fr\/wp-json\/wp\/v2\/media\/84916"}],"wp:attachment":[{"href":"https:\/\/mwc-cmm.org\/fr\/wp-json\/wp\/v2\/media?parent=9557"}],"wp:term":[{"taxonomy":"category","embeddable":true,"href":"https:\/\/mwc-cmm.org\/fr\/wp-json\/wp\/v2\/categories?post=9557"},{"taxonomy":"post_tag","embeddable":true,"href":"https:\/\/mwc-cmm.org\/fr\/wp-json\/wp\/v2\/tags?post=9557"},{"taxonomy":"network","embeddable":true,"href":"https:\/\/mwc-cmm.org\/fr\/wp-json\/wp\/v2\/network?post=9557"},{"taxonomy":"eventcategory","embeddable":true,"href":"https:\/\/mwc-cmm.org\/fr\/wp-json\/wp\/v2\/eventcategory?post=9557"}],"curies":[{"name":"wp","href":"https:\/\/api.w.org\/{rel}","templated":true}]}}