{"id":8315,"date":"2020-07-23T00:00:00","date_gmt":"2020-07-23T00:00:00","guid":{"rendered":"https:\/\/mwc-cmm.org\/la-credibilidad-de-jesus-3\/"},"modified":"2024-12-10T17:17:05","modified_gmt":"2024-12-10T17:17:05","slug":"la-credibilidad-de-jesus-3","status":"publish","type":"post","link":"https:\/\/mwc-cmm.org\/fr\/stories\/la-credibilidad-de-jesus-3\/","title":{"rendered":"J\u00e9sus\u2026 cr\u00e9dible ?"},"content":{"rendered":"<p class=\"rteindent1\">Un jour, marchant sur un pont, j\u2019ai vu un homme debout sur le parapet, sur le point de sauter. Alors, j\u2019ai couru et j\u2019ai cri\u00e9&nbsp;: \u00ab&nbsp;Arr\u00eatez&nbsp;! Ne faites pas \u00e7a&nbsp;!&nbsp;\u00bb<\/p>\n<p class=\"rteindent1\">\u00ab&nbsp;Pourquoi pas&nbsp;?&nbsp;\u00bb a-t-il demand\u00e9.<\/p>\n<p class=\"rteindent1\">\u00ab&nbsp;Eh bien, il y a tellement de raisons de vivre\u2026&nbsp;\u00bb<\/p>\n<p class=\"rteindent1\">\u00ab&nbsp;Lesquelles par exemple&nbsp;?&nbsp;\u00bb<\/p>\n<p class=\"rteindent1\">\u00ab&nbsp;Eh bien, \u00eates-vous religieux&nbsp;?&nbsp;\u00bb Il a dit oui. J\u2019ai dit&nbsp;: \u00ab&nbsp;Moi aussi&nbsp;! \u00cates-vous chr\u00e9tien ou bouddhiste&nbsp;?.&nbsp;\u00bb<\/p>\n<p class=\"rteindent1\">\u00ab&nbsp;Chr\u00e9tien\u2026&nbsp;\u00bb<\/p>\n<p class=\"rteindent1\">\u00ab&nbsp;Moi aussi&nbsp;! \u00cates-vous catholique ou protestant&nbsp;?&nbsp;\u00bb<\/p>\n<p class=\"rteindent1\">\u00ab&nbsp;Protestant.&nbsp;\u00bb<\/p>\n<p class=\"rteindent1\">\u00ab&nbsp;Moi aussi&nbsp;! \u00cates-vous \u00e9piscopalien ou baptiste&nbsp;?&nbsp;\u00bb<\/p>\n<p class=\"rteindent1\">\u00ab&nbsp;Baptiste.&nbsp;\u00bb<\/p>\n<p class=\"rteindent1\">\u00ab&nbsp;\u00c7a alors&nbsp;! moi aussi&nbsp;! \u00cates-vous de l\u2019\u00e9glise baptiste de Dieu ou de l\u2019\u00e9glise baptiste du Seigneur&nbsp;?&nbsp;\u00bb<\/p>\n<p class=\"rteindent1\">\u00ab&nbsp;\u00c9glise baptiste de Dieu&nbsp;!&nbsp;\u00bb<\/p>\n<p class=\"rteindent1\">\u00ab&nbsp;Moi aussi&nbsp;! \u00cates-vous une \u00e9glise baptiste de Dieu d\u2019origine, ou \u00eates-vous une \u00e9glise baptiste r\u00e9form\u00e9e de Dieu&nbsp;?&nbsp;\u00bb<\/p>\n<p class=\"rteindent1\">\u00ab&nbsp;\u00c9glise baptiste r\u00e9form\u00e9e de Dieu&nbsp;!&nbsp;\u00bb<\/p>\n<p class=\"rteindent1\">\u00ab&nbsp;Moi aussi&nbsp;! \u00cates-vous de l\u2019\u00c9glise baptiste r\u00e9form\u00e9e de Dieu, r\u00e9forme de 1879, ou de l\u2019\u00c9glise baptiste r\u00e9form\u00e9e de Dieu, r\u00e9forme de 1915&nbsp;?&nbsp;\u00bb<\/p>\n<p class=\"rteindent1\">Il a r\u00e9pondu&nbsp;: \u00ab&nbsp;\u00c9glise baptiste r\u00e9form\u00e9e de Dieu, r\u00e9forme de 1915.&nbsp;\u00bb<\/p>\n<p class=\"rteindent1\">Alors je lui ai dit : \u00ab Meurs, h\u00e9r\u00e9tique&nbsp;!&nbsp;\u00bb et je l\u2019ai pouss\u00e9 dans l\u2019eau.<\/p>\n<p><strong>Divisions dans le corps du Christ<\/strong><\/p>\n<p>Cette histoire est une blague, \u00e9crite par le com\u00e9dien Emo Phillips, nomm\u00e9e la 44e blague la plus dr\u00f4le de tous les temps par GQ magazine en 1999.<\/p>\n<p>De fa\u00e7on humoristique, Emo Phillips illustre bien la mani\u00e8re dont le monde per\u00e7oit les divisions dans le Corps du Christ. Elles n\u2019ont vraiment pas de sens dans une entit\u00e9 qui parle d\u2019amour, de pardon et de r\u00e9conciliation. De plus, la fragmentation de l\u2019\u00c9glise remet en question la validit\u00e9 m\u00eame de son message.<\/p>\n<p>En fait, J\u00e9sus lui-m\u00eame a li\u00e9 la cr\u00e9dibilit\u00e9 de sa vie \u00e0 la qualit\u00e9 des relations entre ses disciples&nbsp;:<\/p>\n<p>\u2018\u2014 moi en eux et toi en moi \u2014 pour qu\u2019ils soient accomplis dans l\u2019unit\u00e9 et que le monde sache que c\u2019est toi qui m\u2019as envoy\u00e9 et que tu les as aim\u00e9s comme tu m\u2019as aim\u00e9.\u2019<\/p>\n<p>(Jean 17\/23)<\/p>\n<p>Notre relation avec les autres \u00e9glises a un impact direct sur notre t\u00e9moignage missionnaire. C\u2019est une des raisons (parmi bien d\u2019autres) pour lesquelles la CMM entre en dialogue avec des chr\u00e9tiens d\u2019autres traditions. Que J\u00e9sus soit cr\u00e9dible est plus important pour nous que notre fiert\u00e9 par rapport \u00e0 la doctrine, l\u2019\u00e9thique ou le martyre.<\/p>\n<p><strong>C\u2019est trop important pour le garder pour nous&nbsp;!<\/strong><\/p>\n<p>Cela ne signifie pas que nous devions faire des compromis avec nos convictions anabaptistes. Nous pouvons mettre en valeur nos convictions, notre \u00e9thique et notre pass\u00e9 de mani\u00e8re \u00e0 nous permettre de les partager sans crainte avec les autres. Ce que nous a apport\u00e9 l\u2019exp\u00e9rience de disciple de Christ est trop important pour le garder uniquement pour nous.<\/p>\n<p>Lors de nos dialogues, les chr\u00e9tiens de traditions diff\u00e9rentes re\u00e7oivent de nous, tout comme nous apprenons d\u2019eux et de la richesse de leurs traditions.<\/p>\n<p>Cet \u00e9change renforce notre identit\u00e9 tout en nous apprenant \u00e0 l\u2019humilit\u00e9 dans notre exp\u00e9rience de disciple du Christ.<\/p>\n<p>Dans ce num\u00e9ro du <em>Courrier<\/em>, nous avons choisi de mettre en avant notre exp\u00e9rience de dialogue avec les autres \u00e9glises chr\u00e9tiennes car c\u2019est dans les \u00e9changes avec les autres que nous approfondissons notre identit\u00e9 et la valeur de notre propre tradition.<\/p>\n<p>C\u2019est ma pri\u00e8re que notre \u00c9glise mondiale se souvienne toujours que l\u2019Esprit de Dieu \u00e9tait d\u00e9j\u00e0 \u00e0 l\u2019\u0153uvre dans son \u00c9glise avant la R\u00e9forme du XVIe si\u00e8cle et au-del\u00e0 des limites physiques de notre \u00c9glise.<\/p>\n<p><em>\u2014C\u00e9sar Garc\u00eda, secr\u00e9taire g\u00e9n\u00e9ral de la CMM, originaire de Colombie, vit \u00e0 Kitchener, Ontario, Canada.<\/em><\/p>\n<p>&nbsp;<\/p>\n<p><em>Cet article est paru pour la premi\u00e8re fois dans le num\u00e9ro&nbsp;d\u2019avril 2020&nbsp;de&nbsp;Courier\/Correo\/Courrier.&nbsp;<a href=\"http:\/\/mwc-cmm.org\/resources\/courier-2020-april?language=fr\">Cliquez ici<\/a>&nbsp;pour lire d&rsquo;autres articles de ce dossier.<\/em><\/p>\n","protected":false},"excerpt":{"rendered":"<p>Notre relation avec les autres \u00e9glises a un impact direct sur notre t\u00e9moignage missionnaire. C\u2019est une des raisons (parmi bien d\u2019autres) pour lesquelles la CMM entre en dialogue avec des chr\u00e9tiens d\u2019autres traditions. Que J\u00e9sus soit cr\u00e9dible est plus important pour nous que notre fiert\u00e9 par rapport \u00e0 la doctrine, l\u2019\u00e9thique ou le martyre.<\/p>\n","protected":false},"author":1,"featured_media":92413,"comment_status":"closed","ping_status":"closed","sticky":false,"template":"","format":"standard","meta":{"_acf_changed":false,"footnotes":""},"categories":[7],"tags":[],"network":[1307],"eventcategory":[],"class_list":["post-8315","post","type-post","status-publish","format-standard","has-post-thumbnail","hentry","category-non-classifiee","network-courier-fr"],"acf":[],"yoast_head":"<!-- This site is optimized with the Yoast SEO plugin v27.5 - https:\/\/yoast.com\/product\/yoast-seo-wordpress\/ -->\n<title>J\u00e9sus\u2026 cr\u00e9dible ? - Mennonite World Conference<\/title>\n<meta name=\"robots\" content=\"index, follow, max-snippet:-1, max-image-preview:large, max-video-preview:-1\" \/>\n<link rel=\"canonical\" href=\"https:\/\/mwc-cmm.org\/en\/stories\/la-credibilidad-de-jesus-2\/\" \/>\n<meta property=\"og:locale\" content=\"fr_FR\" \/>\n<meta property=\"og:type\" content=\"article\" \/>\n<meta property=\"og:title\" content=\"J\u00e9sus\u2026 cr\u00e9dible ? - Mennonite World Conference\" \/>\n<meta property=\"og:description\" content=\"Notre relation avec les autres \u00e9glises a un impact direct sur notre t\u00e9moignage missionnaire. C\u2019est une des raisons (parmi bien d\u2019autres) pour lesquelles la CMM entre en dialogue avec des chr\u00e9tiens d\u2019autres traditions. Que J\u00e9sus soit cr\u00e9dible est plus important pour nous que notre fiert\u00e9 par rapport \u00e0 la doctrine, l\u2019\u00e9thique ou le martyre.\" \/>\n<meta property=\"og:url\" content=\"https:\/\/mwc-cmm.org\/en\/stories\/la-credibilidad-de-jesus-2\/\" \/>\n<meta property=\"og:site_name\" content=\"Mennonite World Conference\" \/>\n<meta property=\"article:publisher\" content=\"https:\/\/www.facebook.com\/MennoniteWorldConference\" \/>\n<meta property=\"article:published_time\" content=\"2020-07-23T00:00:00+00:00\" \/>\n<meta property=\"article:modified_time\" content=\"2024-12-10T17:17:05+00:00\" \/>\n<meta property=\"og:image\" content=\"https:\/\/mwc-cmm.org\/wp-content\/uploads\/2024\/11\/20200128_arliklassen-childrens-art_49517380547_o_copy-scaled.jpg\" \/>\n\t<meta property=\"og:image:width\" content=\"1659\" \/>\n\t<meta property=\"og:image:height\" content=\"2560\" \/>\n\t<meta property=\"og:image:type\" content=\"image\/jpeg\" \/>\n<meta name=\"author\" content=\"mennworldcon\" \/>\n<script type=\"application\/ld+json\" class=\"yoast-schema-graph\">{\"@context\":\"https:\\\/\\\/schema.org\",\"@graph\":[{\"@type\":\"Article\",\"@id\":\"https:\\\/\\\/mwc-cmm.org\\\/en\\\/stories\\\/la-credibilidad-de-jesus-2\\\/#article\",\"isPartOf\":{\"@id\":\"https:\\\/\\\/mwc-cmm.org\\\/en\\\/stories\\\/la-credibilidad-de-jesus-2\\\/\"},\"author\":{\"name\":\"mennworldcon\",\"@id\":\"https:\\\/\\\/mwc-cmm.org\\\/en\\\/#\\\/schema\\\/person\\\/11f6ae0d7d1868ba20a1cc27f067c836\"},\"headline\":\"J\u00e9sus\u2026 cr\u00e9dible ?\",\"datePublished\":\"2020-07-23T00:00:00+00:00\",\"dateModified\":\"2024-12-10T17:17:05+00:00\",\"mainEntityOfPage\":{\"@id\":\"https:\\\/\\\/mwc-cmm.org\\\/en\\\/stories\\\/la-credibilidad-de-jesus-2\\\/\"},\"wordCount\":732,\"publisher\":{\"@id\":\"https:\\\/\\\/mwc-cmm.org\\\/en\\\/#organization\"},\"image\":{\"@id\":\"https:\\\/\\\/mwc-cmm.org\\\/en\\\/stories\\\/la-credibilidad-de-jesus-2\\\/#primaryimage\"},\"thumbnailUrl\":\"https:\\\/\\\/mwc-cmm.org\\\/wp-content\\\/uploads\\\/2024\\\/11\\\/20200128_arliklassen-childrens-art_49517380547_o_copy-scaled.jpg\",\"articleSection\":[\"Non classifi\u00e9(e)\"],\"inLanguage\":\"fr-FR\"},{\"@type\":\"WebPage\",\"@id\":\"https:\\\/\\\/mwc-cmm.org\\\/en\\\/stories\\\/la-credibilidad-de-jesus-2\\\/\",\"url\":\"https:\\\/\\\/mwc-cmm.org\\\/en\\\/stories\\\/la-credibilidad-de-jesus-2\\\/\",\"name\":\"J\u00e9sus\u2026 cr\u00e9dible ? - Mennonite World Conference\",\"isPartOf\":{\"@id\":\"https:\\\/\\\/mwc-cmm.org\\\/en\\\/#website\"},\"primaryImageOfPage\":{\"@id\":\"https:\\\/\\\/mwc-cmm.org\\\/en\\\/stories\\\/la-credibilidad-de-jesus-2\\\/#primaryimage\"},\"image\":{\"@id\":\"https:\\\/\\\/mwc-cmm.org\\\/en\\\/stories\\\/la-credibilidad-de-jesus-2\\\/#primaryimage\"},\"thumbnailUrl\":\"https:\\\/\\\/mwc-cmm.org\\\/wp-content\\\/uploads\\\/2024\\\/11\\\/20200128_arliklassen-childrens-art_49517380547_o_copy-scaled.jpg\",\"datePublished\":\"2020-07-23T00:00:00+00:00\",\"dateModified\":\"2024-12-10T17:17:05+00:00\",\"breadcrumb\":{\"@id\":\"https:\\\/\\\/mwc-cmm.org\\\/en\\\/stories\\\/la-credibilidad-de-jesus-2\\\/#breadcrumb\"},\"inLanguage\":\"fr-FR\",\"potentialAction\":[{\"@type\":\"ReadAction\",\"target\":[\"https:\\\/\\\/mwc-cmm.org\\\/en\\\/stories\\\/la-credibilidad-de-jesus-2\\\/\"]}]},{\"@type\":\"ImageObject\",\"inLanguage\":\"fr-FR\",\"@id\":\"https:\\\/\\\/mwc-cmm.org\\\/en\\\/stories\\\/la-credibilidad-de-jesus-2\\\/#primaryimage\",\"url\":\"https:\\\/\\\/mwc-cmm.org\\\/wp-content\\\/uploads\\\/2024\\\/11\\\/20200128_arliklassen-childrens-art_49517380547_o_copy-scaled.jpg\",\"contentUrl\":\"https:\\\/\\\/mwc-cmm.org\\\/wp-content\\\/uploads\\\/2024\\\/11\\\/20200128_arliklassen-childrens-art_49517380547_o_copy-scaled.jpg\",\"width\":1659,\"height\":2560},{\"@type\":\"BreadcrumbList\",\"@id\":\"https:\\\/\\\/mwc-cmm.org\\\/en\\\/stories\\\/la-credibilidad-de-jesus-2\\\/#breadcrumb\",\"itemListElement\":[{\"@type\":\"ListItem\",\"position\":1,\"name\":\"Home\",\"item\":\"https:\\\/\\\/mwc-cmm.org\\\/fr\\\/\"},{\"@type\":\"ListItem\",\"position\":2,\"name\":\"J\u00e9sus\u2026 cr\u00e9dible ?\"}]},{\"@type\":\"WebSite\",\"@id\":\"https:\\\/\\\/mwc-cmm.org\\\/en\\\/#website\",\"url\":\"https:\\\/\\\/mwc-cmm.org\\\/en\\\/\",\"name\":\"Mennonite World Conference\",\"description\":\"A communion of Anabaptist-related churches\",\"publisher\":{\"@id\":\"https:\\\/\\\/mwc-cmm.org\\\/en\\\/#organization\"},\"alternateName\":\"MWC\",\"potentialAction\":[{\"@type\":\"SearchAction\",\"target\":{\"@type\":\"EntryPoint\",\"urlTemplate\":\"https:\\\/\\\/mwc-cmm.org\\\/en\\\/?s={search_term_string}\"},\"query-input\":{\"@type\":\"PropertyValueSpecification\",\"valueRequired\":true,\"valueName\":\"search_term_string\"}}],\"inLanguage\":\"fr-FR\"},{\"@type\":\"Organization\",\"@id\":\"https:\\\/\\\/mwc-cmm.org\\\/en\\\/#organization\",\"name\":\"Mennonite World Conference\",\"alternateName\":\"MWC\",\"url\":\"https:\\\/\\\/mwc-cmm.org\\\/en\\\/\",\"logo\":{\"@type\":\"ImageObject\",\"inLanguage\":\"fr-FR\",\"@id\":\"https:\\\/\\\/mwc-cmm.org\\\/en\\\/#\\\/schema\\\/logo\\\/image\\\/\",\"url\":\"https:\\\/\\\/mwc-cmm.org\\\/wp-content\\\/uploads\\\/2026\\\/01\\\/MWC_Sig_Blue_Horiz_webheader1-logo.svg\",\"contentUrl\":\"https:\\\/\\\/mwc-cmm.org\\\/wp-content\\\/uploads\\\/2026\\\/01\\\/MWC_Sig_Blue_Horiz_webheader1-logo.svg\",\"width\":786,\"height\":82,\"caption\":\"Mennonite World Conference\"},\"image\":{\"@id\":\"https:\\\/\\\/mwc-cmm.org\\\/en\\\/#\\\/schema\\\/logo\\\/image\\\/\"},\"sameAs\":[\"https:\\\/\\\/www.facebook.com\\\/MennoniteWorldConference\",\"https:\\\/\\\/www.linkedin.com\\\/company\\\/mennonite-world-conference-mwc\\\/\",\"https:\\\/\\\/www.instagram.com\\\/mwcmm\\\/\",\"https:\\\/\\\/www.youtube.com\\\/user\\\/mwccmm\",\"https:\\\/\\\/bsky.app\\\/profile\\\/mwcmm.bsky.social\"]},{\"@type\":\"Person\",\"@id\":\"https:\\\/\\\/mwc-cmm.org\\\/en\\\/#\\\/schema\\\/person\\\/11f6ae0d7d1868ba20a1cc27f067c836\",\"name\":\"mennworldcon\",\"image\":{\"@type\":\"ImageObject\",\"inLanguage\":\"fr-FR\",\"@id\":\"https:\\\/\\\/secure.gravatar.com\\\/avatar\\\/06fdc0dc81c157dfdb82ec42f252178a22307808988d22c043f9eb96f1e0fe80?s=96&d=mm&r=g\",\"url\":\"https:\\\/\\\/secure.gravatar.com\\\/avatar\\\/06fdc0dc81c157dfdb82ec42f252178a22307808988d22c043f9eb96f1e0fe80?s=96&d=mm&r=g\",\"contentUrl\":\"https:\\\/\\\/secure.gravatar.com\\\/avatar\\\/06fdc0dc81c157dfdb82ec42f252178a22307808988d22c043f9eb96f1e0fe80?s=96&d=mm&r=g\",\"caption\":\"mennworldcon\"},\"sameAs\":[\"https:\\\/\\\/mwc-cmm.org\"],\"url\":\"https:\\\/\\\/mwc-cmm.org\\\/fr\\\/stories\\\/author\\\/mennworldcon\\\/\"}]}<\/script>\n<!-- \/ Yoast SEO plugin. -->","yoast_head_json":{"title":"J\u00e9sus\u2026 cr\u00e9dible ? - Mennonite World Conference","robots":{"index":"index","follow":"follow","max-snippet":"max-snippet:-1","max-image-preview":"max-image-preview:large","max-video-preview":"max-video-preview:-1"},"canonical":"https:\/\/mwc-cmm.org\/en\/stories\/la-credibilidad-de-jesus-2\/","og_locale":"fr_FR","og_type":"article","og_title":"J\u00e9sus\u2026 cr\u00e9dible ? - Mennonite World Conference","og_description":"Notre relation avec les autres \u00e9glises a un impact direct sur notre t\u00e9moignage missionnaire. C\u2019est une des raisons (parmi bien d\u2019autres) pour lesquelles la CMM entre en dialogue avec des chr\u00e9tiens d\u2019autres traditions. Que J\u00e9sus soit cr\u00e9dible est plus important pour nous que notre fiert\u00e9 par rapport \u00e0 la doctrine, l\u2019\u00e9thique ou le martyre.","og_url":"https:\/\/mwc-cmm.org\/en\/stories\/la-credibilidad-de-jesus-2\/","og_site_name":"Mennonite World Conference","article_publisher":"https:\/\/www.facebook.com\/MennoniteWorldConference","article_published_time":"2020-07-23T00:00:00+00:00","article_modified_time":"2024-12-10T17:17:05+00:00","og_image":[{"width":1659,"height":2560,"url":"https:\/\/mwc-cmm.org\/wp-content\/uploads\/2024\/11\/20200128_arliklassen-childrens-art_49517380547_o_copy-scaled.jpg","type":"image\/jpeg"}],"author":"mennworldcon","schema":{"@context":"https:\/\/schema.org","@graph":[{"@type":"Article","@id":"https:\/\/mwc-cmm.org\/en\/stories\/la-credibilidad-de-jesus-2\/#article","isPartOf":{"@id":"https:\/\/mwc-cmm.org\/en\/stories\/la-credibilidad-de-jesus-2\/"},"author":{"name":"mennworldcon","@id":"https:\/\/mwc-cmm.org\/en\/#\/schema\/person\/11f6ae0d7d1868ba20a1cc27f067c836"},"headline":"J\u00e9sus\u2026 cr\u00e9dible ?","datePublished":"2020-07-23T00:00:00+00:00","dateModified":"2024-12-10T17:17:05+00:00","mainEntityOfPage":{"@id":"https:\/\/mwc-cmm.org\/en\/stories\/la-credibilidad-de-jesus-2\/"},"wordCount":732,"publisher":{"@id":"https:\/\/mwc-cmm.org\/en\/#organization"},"image":{"@id":"https:\/\/mwc-cmm.org\/en\/stories\/la-credibilidad-de-jesus-2\/#primaryimage"},"thumbnailUrl":"https:\/\/mwc-cmm.org\/wp-content\/uploads\/2024\/11\/20200128_arliklassen-childrens-art_49517380547_o_copy-scaled.jpg","articleSection":["Non classifi\u00e9(e)"],"inLanguage":"fr-FR"},{"@type":"WebPage","@id":"https:\/\/mwc-cmm.org\/en\/stories\/la-credibilidad-de-jesus-2\/","url":"https:\/\/mwc-cmm.org\/en\/stories\/la-credibilidad-de-jesus-2\/","name":"J\u00e9sus\u2026 cr\u00e9dible ? - Mennonite World Conference","isPartOf":{"@id":"https:\/\/mwc-cmm.org\/en\/#website"},"primaryImageOfPage":{"@id":"https:\/\/mwc-cmm.org\/en\/stories\/la-credibilidad-de-jesus-2\/#primaryimage"},"image":{"@id":"https:\/\/mwc-cmm.org\/en\/stories\/la-credibilidad-de-jesus-2\/#primaryimage"},"thumbnailUrl":"https:\/\/mwc-cmm.org\/wp-content\/uploads\/2024\/11\/20200128_arliklassen-childrens-art_49517380547_o_copy-scaled.jpg","datePublished":"2020-07-23T00:00:00+00:00","dateModified":"2024-12-10T17:17:05+00:00","breadcrumb":{"@id":"https:\/\/mwc-cmm.org\/en\/stories\/la-credibilidad-de-jesus-2\/#breadcrumb"},"inLanguage":"fr-FR","potentialAction":[{"@type":"ReadAction","target":["https:\/\/mwc-cmm.org\/en\/stories\/la-credibilidad-de-jesus-2\/"]}]},{"@type":"ImageObject","inLanguage":"fr-FR","@id":"https:\/\/mwc-cmm.org\/en\/stories\/la-credibilidad-de-jesus-2\/#primaryimage","url":"https:\/\/mwc-cmm.org\/wp-content\/uploads\/2024\/11\/20200128_arliklassen-childrens-art_49517380547_o_copy-scaled.jpg","contentUrl":"https:\/\/mwc-cmm.org\/wp-content\/uploads\/2024\/11\/20200128_arliklassen-childrens-art_49517380547_o_copy-scaled.jpg","width":1659,"height":2560},{"@type":"BreadcrumbList","@id":"https:\/\/mwc-cmm.org\/en\/stories\/la-credibilidad-de-jesus-2\/#breadcrumb","itemListElement":[{"@type":"ListItem","position":1,"name":"Home","item":"https:\/\/mwc-cmm.org\/fr\/"},{"@type":"ListItem","position":2,"name":"J\u00e9sus\u2026 cr\u00e9dible ?"}]},{"@type":"WebSite","@id":"https:\/\/mwc-cmm.org\/en\/#website","url":"https:\/\/mwc-cmm.org\/en\/","name":"Mennonite World Conference","description":"A communion of Anabaptist-related churches","publisher":{"@id":"https:\/\/mwc-cmm.org\/en\/#organization"},"alternateName":"MWC","potentialAction":[{"@type":"SearchAction","target":{"@type":"EntryPoint","urlTemplate":"https:\/\/mwc-cmm.org\/en\/?s={search_term_string}"},"query-input":{"@type":"PropertyValueSpecification","valueRequired":true,"valueName":"search_term_string"}}],"inLanguage":"fr-FR"},{"@type":"Organization","@id":"https:\/\/mwc-cmm.org\/en\/#organization","name":"Mennonite World Conference","alternateName":"MWC","url":"https:\/\/mwc-cmm.org\/en\/","logo":{"@type":"ImageObject","inLanguage":"fr-FR","@id":"https:\/\/mwc-cmm.org\/en\/#\/schema\/logo\/image\/","url":"https:\/\/mwc-cmm.org\/wp-content\/uploads\/2026\/01\/MWC_Sig_Blue_Horiz_webheader1-logo.svg","contentUrl":"https:\/\/mwc-cmm.org\/wp-content\/uploads\/2026\/01\/MWC_Sig_Blue_Horiz_webheader1-logo.svg","width":786,"height":82,"caption":"Mennonite World Conference"},"image":{"@id":"https:\/\/mwc-cmm.org\/en\/#\/schema\/logo\/image\/"},"sameAs":["https:\/\/www.facebook.com\/MennoniteWorldConference","https:\/\/www.linkedin.com\/company\/mennonite-world-conference-mwc\/","https:\/\/www.instagram.com\/mwcmm\/","https:\/\/www.youtube.com\/user\/mwccmm","https:\/\/bsky.app\/profile\/mwcmm.bsky.social"]},{"@type":"Person","@id":"https:\/\/mwc-cmm.org\/en\/#\/schema\/person\/11f6ae0d7d1868ba20a1cc27f067c836","name":"mennworldcon","image":{"@type":"ImageObject","inLanguage":"fr-FR","@id":"https:\/\/secure.gravatar.com\/avatar\/06fdc0dc81c157dfdb82ec42f252178a22307808988d22c043f9eb96f1e0fe80?s=96&d=mm&r=g","url":"https:\/\/secure.gravatar.com\/avatar\/06fdc0dc81c157dfdb82ec42f252178a22307808988d22c043f9eb96f1e0fe80?s=96&d=mm&r=g","contentUrl":"https:\/\/secure.gravatar.com\/avatar\/06fdc0dc81c157dfdb82ec42f252178a22307808988d22c043f9eb96f1e0fe80?s=96&d=mm&r=g","caption":"mennworldcon"},"sameAs":["https:\/\/mwc-cmm.org"],"url":"https:\/\/mwc-cmm.org\/fr\/stories\/author\/mennworldcon\/"}]}},"_links":{"self":[{"href":"https:\/\/mwc-cmm.org\/fr\/wp-json\/wp\/v2\/posts\/8315","targetHints":{"allow":["GET"]}}],"collection":[{"href":"https:\/\/mwc-cmm.org\/fr\/wp-json\/wp\/v2\/posts"}],"about":[{"href":"https:\/\/mwc-cmm.org\/fr\/wp-json\/wp\/v2\/types\/post"}],"author":[{"embeddable":true,"href":"https:\/\/mwc-cmm.org\/fr\/wp-json\/wp\/v2\/users\/1"}],"replies":[{"embeddable":true,"href":"https:\/\/mwc-cmm.org\/fr\/wp-json\/wp\/v2\/comments?post=8315"}],"version-history":[{"count":0,"href":"https:\/\/mwc-cmm.org\/fr\/wp-json\/wp\/v2\/posts\/8315\/revisions"}],"wp:featuredmedia":[{"embeddable":true,"href":"https:\/\/mwc-cmm.org\/fr\/wp-json\/wp\/v2\/media\/92413"}],"wp:attachment":[{"href":"https:\/\/mwc-cmm.org\/fr\/wp-json\/wp\/v2\/media?parent=8315"}],"wp:term":[{"taxonomy":"category","embeddable":true,"href":"https:\/\/mwc-cmm.org\/fr\/wp-json\/wp\/v2\/categories?post=8315"},{"taxonomy":"post_tag","embeddable":true,"href":"https:\/\/mwc-cmm.org\/fr\/wp-json\/wp\/v2\/tags?post=8315"},{"taxonomy":"network","embeddable":true,"href":"https:\/\/mwc-cmm.org\/fr\/wp-json\/wp\/v2\/network?post=8315"},{"taxonomy":"eventcategory","embeddable":true,"href":"https:\/\/mwc-cmm.org\/fr\/wp-json\/wp\/v2\/eventcategory?post=8315"}],"curies":[{"name":"wp","href":"https:\/\/api.w.org\/{rel}","templated":true}]}}