{"id":8267,"date":"2022-08-22T00:00:00","date_gmt":"2022-08-22T00:00:00","guid":{"rendered":"https:\/\/mwc-cmm.org\/former-des-artisans-de-paix-dans-un-monde-en-guerre\/"},"modified":"2024-12-10T17:19:18","modified_gmt":"2024-12-10T17:19:18","slug":"former-des-artisans-de-paix-dans-un-monde-en-guerre","status":"publish","type":"post","link":"https:\/\/mwc-cmm.org\/fr\/stories\/former-des-artisans-de-paix-dans-un-monde-en-guerre\/","title":{"rendered":"Former des artisans de paix dans un monde en guerre"},"content":{"rendered":"<p><em>\u00c9manation du R\u00e9seau Mennonite Francophone, le Centre de Formation \u00e0 la Justice et \u00e0 la Paix (CFJP) propose une formation anabaptiste francophone en ligne dans les domaines de la paix, de la justice et de la r\u00e9conciliation.&nbsp;&nbsp;<\/em><\/p>\n<p><em>Officiellement h\u00e9berg\u00e9 \u00e0 Universit\u00e9 de l\u2019Alliance Chr\u00e9tienne d\u2019Abidjan (UACA), le CFJP a \u00e9t\u00e9 lanc\u00e9 en 2017 en lien avec quinze institutions partenaires en Afrique, Europe et Am\u00e9rique du Nord. Parmi elles, douze sont situ\u00e9es en Afrique subsaharienne.&nbsp;&nbsp;<\/em><\/p>\n<h4>L\u2019ADN du projet CFJP&nbsp;<\/h4>\n<p>Le CFJP a pour but d\u2019offrir aux responsables chr\u00e9tiens des possibilit\u00e9s de formation acad\u00e9mique et pratique portant sur la justice r\u00e9paratrice, la transformation des conflits et la consolidation de la paix. Il vise \u00e0 former des artisans de paix qui servent l&rsquo;\u00c9glise au sens large tout en \u00e9tant enracin\u00e9s dans la th\u00e9ologie, les valeurs et les perspectives anabaptistes. Ces artisans de la paix se concentreront sur un changement holistique \u00e0 long terme, profond\u00e9ment ancr\u00e9 dans le shalom divin, qui int\u00e8gre la transformation personnelle, sociale et syst\u00e9mique. La diversit\u00e9 des contextes minist\u00e9riels, y compris les questions et les besoins particuliers qu&rsquo;ils suscitent, nous oblige \u00e0 proposer des outils, des comp\u00e9tences et une expertise contextualis\u00e9s \u00e0 l&rsquo;\u00c9glise et aux communaut\u00e9s chr\u00e9tiennes. Finalement, les artisans de paix seront appel\u00e9s \u00e0 d\u00e9velopper des partenariats au-del\u00e0 des lignes confessionnelles, institutionnelles, organisationnelles ou culturelles.&nbsp;<\/p>\n<h4>Abidjan, f\u00e9vrier 2022&nbsp;<\/h4>\n<p>Alors que les tanks de Poutine franchissaient la fronti\u00e8re ukrainienne et tiraient leurs premi\u00e8res balles, une vingtaine de sp\u00e9cialistes de paix et de justice se r\u00e9unissaient sur le campus de l&rsquo;Universit\u00e9 de l&rsquo;Alliance Chr\u00e9tienne d&rsquo;Abidjan. Le groupe \u00e9tait charg\u00e9 de concevoir les formations dipl\u00f4mantes d\u2019un master dans les domaines de la justice r\u00e9paratrice, de la r\u00e9solution des conflits et des \u00e9tudes sur la paix, ainsi que de proposer une premi\u00e8re \u00e9bauche de ce programme aux \u00e9coles et aux institutions th\u00e9ologiques partenaires du consortium CFJP. Les participants venaient du B\u00e9nin, du Burkina Faso, de C\u00f4te d&rsquo;Ivoire, de France m\u00e9tropolitaine et de Guadeloupe, du Nigeria, de la R\u00e9publique D\u00e9mocratique du Congo, de Suisse et du Tchad. Le groupe \u00e9tait constitu\u00e9 de professeurs et de pasteurs, de missionnaires et de militants, de diplomates et de m\u00e9diateurs au niveau de la base.&nbsp;<\/p>\n<h4>Un cursus \u00e0 construire&nbsp;<\/h4>\n<p>Le groupe s&rsquo;est mis au travail autour de tables de conf\u00e9rence, discutant de la nature d&rsquo;un premier master, identifiant les besoins-cl\u00e9s des membres de nos \u00c9glises, d\u00e9finissant les comp\u00e9tences n\u00e9cessaires pour former des artisans de paix, tout en d\u00e9battant vigoureusement des cours qui devraient constituer le cursus. Le partage des repas, au cours desquels nous avons eu des \u00e9changes personnels et familiaux, a permis de tisser de nouveaux liens et de poser une fondation solide au travail qui est devant nous. Nous avons \u00e9galement partag\u00e9 les d\u00e9fis auxquels nous faisons face dans nos contextes respectifs ainsi que nos t\u00e9moignages et parcours spirituels.&nbsp;&nbsp;<\/p>\n<div style=\"text-align:center\">\n<figure class=\"image\" style=\"display:inline-block\"><img decoding=\"async\" alt=\"\" height=\"300\" data-src=\"https:\/\/mwc-cmm.org\/wp-content\/uploads\/2024\/10\/rmf_photo2-scaled.jpg\" width=\"400\" src=\"data:image\/svg+xml;base64,PHN2ZyB3aWR0aD0iMSIgaGVpZ2h0PSIxIiB4bWxucz0iaHR0cDovL3d3dy53My5vcmcvMjAwMC9zdmciPjwvc3ZnPg==\" class=\"lazyload\" style=\"--smush-placeholder-width: 400px; --smush-placeholder-aspect-ratio: 400\/300;\"><figcaption>Les liens se tissent pendant les repas. Photo :&nbsp;Matthew Krabill<\/figcaption><\/figure>\n<\/div>\n<h4>\u00ca l\u2019\u00e9coute des besoins de l\u2019\u00c9glise&nbsp;<\/h4>\n<p>&nbsp;Au cours des \u00e9changes, une professeure et doyenne d&rsquo;universit\u00e9 de l&rsquo;Est de la RDC a \u00e9voqu\u00e9 25 ans de conflit dans sa r\u00e9gion et le traumatisme g\u00e9n\u00e9rationnel qui en a r\u00e9sult\u00e9 \u00e0 tous les niveaux de la soci\u00e9t\u00e9. Elle a parl\u00e9 en particulier de la violence \u00e0 laquelle de nombreuses femmes ont \u00e9t\u00e9 soumises, mais aussi du r\u00f4le indispensable qu&rsquo;elles ont jou\u00e9 dans la transfiguration et le renouvellement de sa ville. Malgr\u00e9 les nombreuses cicatrices et les traumatismes d&rsquo;un conflit prolong\u00e9, la r\u00e9silience des femmes a permis \u00e0 la communaut\u00e9 de vivre une transformation qu&rsquo;elle n&rsquo;aurait pas pu conna\u00eetre autrement. Dans ce contexte, elle nous a implor\u00e9s de r\u00e9pondre aux besoins de l&rsquo;\u00c9glise en fournissant \u00e0 ses membres des outils et des comp\u00e9tences pratiques pour faire face aux conflits, aux divisions et aux ruptures qu&rsquo;ils connaissent ; elle a insist\u00e9 pour que ces comp\u00e9tences soient fond\u00e9es sur les valeurs bibliques et la r\u00e9flexion th\u00e9ologique afin que la communaut\u00e9 puisse continuer \u00e0 gu\u00e9rir et aider les autres \u00e0 faire de m\u00eame.&nbsp;<\/p>\n<p>Ce t\u00e9moignage \u00e9mouvant a permis, avec beaucoup d&rsquo;autres, de catalyser une prise de conscience des \u00ab murs d&rsquo;hostilit\u00e9 \u00bb destructeurs, toxiques et isolants \u2013 constituant la distanciation sociale ultime \u2013 qui ont \u00e9t\u00e9 construits dans nos contextes, mais aussi de la puissance du Prince de la paix, qui nous a appel\u00e9s \u00e0 \u00eatre des ambassadeurs de r\u00e9conciliation.&nbsp;&nbsp;<\/p>\n<p><strong>Matthew Krabill&nbsp;<\/strong><\/p>\n<p>&nbsp;<\/p>\n<p>Pour aller plus loin\u2026&nbsp;<\/p>\n<p><a href=\"http:\/\/www.formation-justice-et-paix.com&nbsp;\">www.formation-justice-et-paix.com&nbsp;<\/a><\/p>\n","protected":false},"excerpt":{"rendered":"<p>\u00c9manation du R\u00e9seau Mennonite Francophone, le Centre de Formation \u00e0 la Justice et \u00e0 la Paix (CFJP) propose une formation anabaptiste francophone en ligne dans les domaines de la paix, de la justice et de la r\u00e9conciliation.&nbsp;&nbsp; Officiellement h\u00e9berg\u00e9 \u00e0 Universit\u00e9 de l\u2019Alliance Chr\u00e9tienne d\u2019Abidjan (UACA), le CFJP a \u00e9t\u00e9 lanc\u00e9 en 2017 en lien [&hellip;]<\/p>\n","protected":false},"author":1,"featured_media":95443,"comment_status":"closed","ping_status":"closed","sticky":false,"template":"","format":"standard","meta":{"_acf_changed":false,"footnotes":""},"categories":[7],"tags":[],"network":[1282],"eventcategory":[],"class_list":["post-8267","post","type-post","status-publish","format-standard","has-post-thumbnail","hentry","category-non-classifiee","network-francophone-network-fr"],"acf":[],"yoast_head":"<!-- This site is optimized with the Yoast SEO plugin v27.2 - https:\/\/yoast.com\/product\/yoast-seo-wordpress\/ -->\n<title>Former des artisans de paix dans un monde en guerre - Mennonite World Conference<\/title>\n<meta name=\"robots\" content=\"index, follow, max-snippet:-1, max-image-preview:large, max-video-preview:-1\" \/>\n<link rel=\"canonical\" href=\"https:\/\/mwc-cmm.org\/en\/stories\/training-peacemakers-world-war\/\" \/>\n<meta property=\"og:locale\" content=\"fr_FR\" \/>\n<meta property=\"og:type\" content=\"article\" \/>\n<meta property=\"og:title\" content=\"Former des artisans de paix dans un monde en guerre - Mennonite World Conference\" \/>\n<meta property=\"og:description\" content=\"\u00c9manation du R\u00e9seau Mennonite Francophone, le Centre de Formation \u00e0 la Justice et \u00e0 la Paix (CFJP) propose une formation anabaptiste francophone en ligne dans les domaines de la paix, de la justice et de la r\u00e9conciliation.&nbsp;&nbsp; Officiellement h\u00e9berg\u00e9 \u00e0 Universit\u00e9 de l\u2019Alliance Chr\u00e9tienne d\u2019Abidjan (UACA), le CFJP a \u00e9t\u00e9 lanc\u00e9 en 2017 en lien [&hellip;]\" \/>\n<meta property=\"og:url\" content=\"https:\/\/mwc-cmm.org\/en\/stories\/training-peacemakers-world-war\/\" \/>\n<meta property=\"og:site_name\" content=\"Mennonite World Conference\" \/>\n<meta property=\"article:publisher\" content=\"https:\/\/www.facebook.com\/MennoniteWorldConference\" \/>\n<meta property=\"article:published_time\" content=\"2022-08-22T00:00:00+00:00\" \/>\n<meta property=\"article:modified_time\" content=\"2024-12-10T17:19:18+00:00\" \/>\n<meta property=\"og:image\" content=\"https:\/\/mwc-cmm.org\/wp-content\/uploads\/2024\/11\/rmf_photo1.jpeg\" \/>\n\t<meta property=\"og:image:width\" content=\"1539\" \/>\n\t<meta property=\"og:image:height\" content=\"808\" \/>\n\t<meta property=\"og:image:type\" content=\"image\/jpeg\" \/>\n<meta name=\"author\" content=\"mennworldcon\" \/>\n<script type=\"application\/ld+json\" class=\"yoast-schema-graph\">{\"@context\":\"https:\/\/schema.org\",\"@graph\":[{\"@type\":\"Article\",\"@id\":\"https:\/\/mwc-cmm.org\/en\/stories\/training-peacemakers-world-war\/#article\",\"isPartOf\":{\"@id\":\"https:\/\/mwc-cmm.org\/en\/stories\/training-peacemakers-world-war\/\"},\"author\":{\"name\":\"mennworldcon\",\"@id\":\"https:\/\/mwc-cmm.org\/en\/#\/schema\/person\/11f6ae0d7d1868ba20a1cc27f067c836\"},\"headline\":\"Former des artisans de paix dans un monde en guerre\",\"datePublished\":\"2022-08-22T00:00:00+00:00\",\"dateModified\":\"2024-12-10T17:19:18+00:00\",\"mainEntityOfPage\":{\"@id\":\"https:\/\/mwc-cmm.org\/en\/stories\/training-peacemakers-world-war\/\"},\"wordCount\":814,\"publisher\":{\"@id\":\"https:\/\/mwc-cmm.org\/en\/#organization\"},\"image\":{\"@id\":\"https:\/\/mwc-cmm.org\/en\/stories\/training-peacemakers-world-war\/#primaryimage\"},\"thumbnailUrl\":\"https:\/\/mwc-cmm.org\/wp-content\/uploads\/2024\/11\/rmf_photo1.jpeg\",\"articleSection\":[\"Non classifi\u00e9(e)\"],\"inLanguage\":\"fr-FR\"},{\"@type\":\"WebPage\",\"@id\":\"https:\/\/mwc-cmm.org\/en\/stories\/training-peacemakers-world-war\/\",\"url\":\"https:\/\/mwc-cmm.org\/en\/stories\/training-peacemakers-world-war\/\",\"name\":\"Former des artisans de paix dans un monde en guerre - Mennonite World Conference\",\"isPartOf\":{\"@id\":\"https:\/\/mwc-cmm.org\/en\/#website\"},\"primaryImageOfPage\":{\"@id\":\"https:\/\/mwc-cmm.org\/en\/stories\/training-peacemakers-world-war\/#primaryimage\"},\"image\":{\"@id\":\"https:\/\/mwc-cmm.org\/en\/stories\/training-peacemakers-world-war\/#primaryimage\"},\"thumbnailUrl\":\"https:\/\/mwc-cmm.org\/wp-content\/uploads\/2024\/11\/rmf_photo1.jpeg\",\"datePublished\":\"2022-08-22T00:00:00+00:00\",\"dateModified\":\"2024-12-10T17:19:18+00:00\",\"breadcrumb\":{\"@id\":\"https:\/\/mwc-cmm.org\/en\/stories\/training-peacemakers-world-war\/#breadcrumb\"},\"inLanguage\":\"fr-FR\",\"potentialAction\":[{\"@type\":\"ReadAction\",\"target\":[\"https:\/\/mwc-cmm.org\/en\/stories\/training-peacemakers-world-war\/\"]}]},{\"@type\":\"ImageObject\",\"inLanguage\":\"fr-FR\",\"@id\":\"https:\/\/mwc-cmm.org\/en\/stories\/training-peacemakers-world-war\/#primaryimage\",\"url\":\"https:\/\/mwc-cmm.org\/wp-content\/uploads\/2024\/11\/rmf_photo1.jpeg\",\"contentUrl\":\"https:\/\/mwc-cmm.org\/wp-content\/uploads\/2024\/11\/rmf_photo1.jpeg\",\"width\":1539,\"height\":808},{\"@type\":\"BreadcrumbList\",\"@id\":\"https:\/\/mwc-cmm.org\/en\/stories\/training-peacemakers-world-war\/#breadcrumb\",\"itemListElement\":[{\"@type\":\"ListItem\",\"position\":1,\"name\":\"Home\",\"item\":\"https:\/\/mwc-cmm.org\/fr\/\"},{\"@type\":\"ListItem\",\"position\":2,\"name\":\"Former des artisans de paix dans un monde en guerre\"}]},{\"@type\":\"WebSite\",\"@id\":\"https:\/\/mwc-cmm.org\/en\/#website\",\"url\":\"https:\/\/mwc-cmm.org\/en\/\",\"name\":\"Mennonite World Conference\",\"description\":\"A communion of Anabaptist-related churches\",\"publisher\":{\"@id\":\"https:\/\/mwc-cmm.org\/en\/#organization\"},\"alternateName\":\"MWC\",\"potentialAction\":[{\"@type\":\"SearchAction\",\"target\":{\"@type\":\"EntryPoint\",\"urlTemplate\":\"https:\/\/mwc-cmm.org\/en\/?s={search_term_string}\"},\"query-input\":{\"@type\":\"PropertyValueSpecification\",\"valueRequired\":true,\"valueName\":\"search_term_string\"}}],\"inLanguage\":\"fr-FR\"},{\"@type\":\"Organization\",\"@id\":\"https:\/\/mwc-cmm.org\/en\/#organization\",\"name\":\"Mennonite World Conference\",\"alternateName\":\"MWC\",\"url\":\"https:\/\/mwc-cmm.org\/en\/\",\"logo\":{\"@type\":\"ImageObject\",\"inLanguage\":\"fr-FR\",\"@id\":\"https:\/\/mwc-cmm.org\/en\/#\/schema\/logo\/image\/\",\"url\":\"https:\/\/mwc-cmm.org\/wp-content\/uploads\/2026\/01\/MWC_Sig_Blue_Horiz_webheader1-logo.svg\",\"contentUrl\":\"https:\/\/mwc-cmm.org\/wp-content\/uploads\/2026\/01\/MWC_Sig_Blue_Horiz_webheader1-logo.svg\",\"width\":786,\"height\":82,\"caption\":\"Mennonite World Conference\"},\"image\":{\"@id\":\"https:\/\/mwc-cmm.org\/en\/#\/schema\/logo\/image\/\"},\"sameAs\":[\"https:\/\/www.facebook.com\/MennoniteWorldConference\",\"https:\/\/www.linkedin.com\/company\/mennonite-world-conference-mwc\/\",\"https:\/\/www.instagram.com\/mwcmm\/\",\"https:\/\/www.youtube.com\/user\/mwccmm\",\"https:\/\/bsky.app\/profile\/mwcmm.bsky.social\"]},{\"@type\":\"Person\",\"@id\":\"https:\/\/mwc-cmm.org\/en\/#\/schema\/person\/11f6ae0d7d1868ba20a1cc27f067c836\",\"name\":\"mennworldcon\",\"image\":{\"@type\":\"ImageObject\",\"inLanguage\":\"fr-FR\",\"@id\":\"https:\/\/secure.gravatar.com\/avatar\/06fdc0dc81c157dfdb82ec42f252178a22307808988d22c043f9eb96f1e0fe80?s=96&d=mm&r=g\",\"url\":\"https:\/\/secure.gravatar.com\/avatar\/06fdc0dc81c157dfdb82ec42f252178a22307808988d22c043f9eb96f1e0fe80?s=96&d=mm&r=g\",\"contentUrl\":\"https:\/\/secure.gravatar.com\/avatar\/06fdc0dc81c157dfdb82ec42f252178a22307808988d22c043f9eb96f1e0fe80?s=96&d=mm&r=g\",\"caption\":\"mennworldcon\"},\"sameAs\":[\"https:\/\/mwc-cmm.org\"],\"url\":\"https:\/\/mwc-cmm.org\/fr\/stories\/author\/mennworldcon\/\"}]}<\/script>\n<!-- \/ Yoast SEO plugin. -->","yoast_head_json":{"title":"Former des artisans de paix dans un monde en guerre - Mennonite World Conference","robots":{"index":"index","follow":"follow","max-snippet":"max-snippet:-1","max-image-preview":"max-image-preview:large","max-video-preview":"max-video-preview:-1"},"canonical":"https:\/\/mwc-cmm.org\/en\/stories\/training-peacemakers-world-war\/","og_locale":"fr_FR","og_type":"article","og_title":"Former des artisans de paix dans un monde en guerre - Mennonite World Conference","og_description":"\u00c9manation du R\u00e9seau Mennonite Francophone, le Centre de Formation \u00e0 la Justice et \u00e0 la Paix (CFJP) propose une formation anabaptiste francophone en ligne dans les domaines de la paix, de la justice et de la r\u00e9conciliation.&nbsp;&nbsp; Officiellement h\u00e9berg\u00e9 \u00e0 Universit\u00e9 de l\u2019Alliance Chr\u00e9tienne d\u2019Abidjan (UACA), le CFJP a \u00e9t\u00e9 lanc\u00e9 en 2017 en lien [&hellip;]","og_url":"https:\/\/mwc-cmm.org\/en\/stories\/training-peacemakers-world-war\/","og_site_name":"Mennonite World Conference","article_publisher":"https:\/\/www.facebook.com\/MennoniteWorldConference","article_published_time":"2022-08-22T00:00:00+00:00","article_modified_time":"2024-12-10T17:19:18+00:00","og_image":[{"width":1539,"height":808,"url":"https:\/\/mwc-cmm.org\/wp-content\/uploads\/2024\/11\/rmf_photo1.jpeg","type":"image\/jpeg"}],"author":"mennworldcon","schema":{"@context":"https:\/\/schema.org","@graph":[{"@type":"Article","@id":"https:\/\/mwc-cmm.org\/en\/stories\/training-peacemakers-world-war\/#article","isPartOf":{"@id":"https:\/\/mwc-cmm.org\/en\/stories\/training-peacemakers-world-war\/"},"author":{"name":"mennworldcon","@id":"https:\/\/mwc-cmm.org\/en\/#\/schema\/person\/11f6ae0d7d1868ba20a1cc27f067c836"},"headline":"Former des artisans de paix dans un monde en guerre","datePublished":"2022-08-22T00:00:00+00:00","dateModified":"2024-12-10T17:19:18+00:00","mainEntityOfPage":{"@id":"https:\/\/mwc-cmm.org\/en\/stories\/training-peacemakers-world-war\/"},"wordCount":814,"publisher":{"@id":"https:\/\/mwc-cmm.org\/en\/#organization"},"image":{"@id":"https:\/\/mwc-cmm.org\/en\/stories\/training-peacemakers-world-war\/#primaryimage"},"thumbnailUrl":"https:\/\/mwc-cmm.org\/wp-content\/uploads\/2024\/11\/rmf_photo1.jpeg","articleSection":["Non classifi\u00e9(e)"],"inLanguage":"fr-FR"},{"@type":"WebPage","@id":"https:\/\/mwc-cmm.org\/en\/stories\/training-peacemakers-world-war\/","url":"https:\/\/mwc-cmm.org\/en\/stories\/training-peacemakers-world-war\/","name":"Former des artisans de paix dans un monde en guerre - Mennonite World Conference","isPartOf":{"@id":"https:\/\/mwc-cmm.org\/en\/#website"},"primaryImageOfPage":{"@id":"https:\/\/mwc-cmm.org\/en\/stories\/training-peacemakers-world-war\/#primaryimage"},"image":{"@id":"https:\/\/mwc-cmm.org\/en\/stories\/training-peacemakers-world-war\/#primaryimage"},"thumbnailUrl":"https:\/\/mwc-cmm.org\/wp-content\/uploads\/2024\/11\/rmf_photo1.jpeg","datePublished":"2022-08-22T00:00:00+00:00","dateModified":"2024-12-10T17:19:18+00:00","breadcrumb":{"@id":"https:\/\/mwc-cmm.org\/en\/stories\/training-peacemakers-world-war\/#breadcrumb"},"inLanguage":"fr-FR","potentialAction":[{"@type":"ReadAction","target":["https:\/\/mwc-cmm.org\/en\/stories\/training-peacemakers-world-war\/"]}]},{"@type":"ImageObject","inLanguage":"fr-FR","@id":"https:\/\/mwc-cmm.org\/en\/stories\/training-peacemakers-world-war\/#primaryimage","url":"https:\/\/mwc-cmm.org\/wp-content\/uploads\/2024\/11\/rmf_photo1.jpeg","contentUrl":"https:\/\/mwc-cmm.org\/wp-content\/uploads\/2024\/11\/rmf_photo1.jpeg","width":1539,"height":808},{"@type":"BreadcrumbList","@id":"https:\/\/mwc-cmm.org\/en\/stories\/training-peacemakers-world-war\/#breadcrumb","itemListElement":[{"@type":"ListItem","position":1,"name":"Home","item":"https:\/\/mwc-cmm.org\/fr\/"},{"@type":"ListItem","position":2,"name":"Former des artisans de paix dans un monde en guerre"}]},{"@type":"WebSite","@id":"https:\/\/mwc-cmm.org\/en\/#website","url":"https:\/\/mwc-cmm.org\/en\/","name":"Mennonite World Conference","description":"A communion of Anabaptist-related churches","publisher":{"@id":"https:\/\/mwc-cmm.org\/en\/#organization"},"alternateName":"MWC","potentialAction":[{"@type":"SearchAction","target":{"@type":"EntryPoint","urlTemplate":"https:\/\/mwc-cmm.org\/en\/?s={search_term_string}"},"query-input":{"@type":"PropertyValueSpecification","valueRequired":true,"valueName":"search_term_string"}}],"inLanguage":"fr-FR"},{"@type":"Organization","@id":"https:\/\/mwc-cmm.org\/en\/#organization","name":"Mennonite World Conference","alternateName":"MWC","url":"https:\/\/mwc-cmm.org\/en\/","logo":{"@type":"ImageObject","inLanguage":"fr-FR","@id":"https:\/\/mwc-cmm.org\/en\/#\/schema\/logo\/image\/","url":"https:\/\/mwc-cmm.org\/wp-content\/uploads\/2026\/01\/MWC_Sig_Blue_Horiz_webheader1-logo.svg","contentUrl":"https:\/\/mwc-cmm.org\/wp-content\/uploads\/2026\/01\/MWC_Sig_Blue_Horiz_webheader1-logo.svg","width":786,"height":82,"caption":"Mennonite World Conference"},"image":{"@id":"https:\/\/mwc-cmm.org\/en\/#\/schema\/logo\/image\/"},"sameAs":["https:\/\/www.facebook.com\/MennoniteWorldConference","https:\/\/www.linkedin.com\/company\/mennonite-world-conference-mwc\/","https:\/\/www.instagram.com\/mwcmm\/","https:\/\/www.youtube.com\/user\/mwccmm","https:\/\/bsky.app\/profile\/mwcmm.bsky.social"]},{"@type":"Person","@id":"https:\/\/mwc-cmm.org\/en\/#\/schema\/person\/11f6ae0d7d1868ba20a1cc27f067c836","name":"mennworldcon","image":{"@type":"ImageObject","inLanguage":"fr-FR","@id":"https:\/\/secure.gravatar.com\/avatar\/06fdc0dc81c157dfdb82ec42f252178a22307808988d22c043f9eb96f1e0fe80?s=96&d=mm&r=g","url":"https:\/\/secure.gravatar.com\/avatar\/06fdc0dc81c157dfdb82ec42f252178a22307808988d22c043f9eb96f1e0fe80?s=96&d=mm&r=g","contentUrl":"https:\/\/secure.gravatar.com\/avatar\/06fdc0dc81c157dfdb82ec42f252178a22307808988d22c043f9eb96f1e0fe80?s=96&d=mm&r=g","caption":"mennworldcon"},"sameAs":["https:\/\/mwc-cmm.org"],"url":"https:\/\/mwc-cmm.org\/fr\/stories\/author\/mennworldcon\/"}]}},"_links":{"self":[{"href":"https:\/\/mwc-cmm.org\/fr\/wp-json\/wp\/v2\/posts\/8267","targetHints":{"allow":["GET"]}}],"collection":[{"href":"https:\/\/mwc-cmm.org\/fr\/wp-json\/wp\/v2\/posts"}],"about":[{"href":"https:\/\/mwc-cmm.org\/fr\/wp-json\/wp\/v2\/types\/post"}],"author":[{"embeddable":true,"href":"https:\/\/mwc-cmm.org\/fr\/wp-json\/wp\/v2\/users\/1"}],"replies":[{"embeddable":true,"href":"https:\/\/mwc-cmm.org\/fr\/wp-json\/wp\/v2\/comments?post=8267"}],"version-history":[{"count":0,"href":"https:\/\/mwc-cmm.org\/fr\/wp-json\/wp\/v2\/posts\/8267\/revisions"}],"wp:featuredmedia":[{"embeddable":true,"href":"https:\/\/mwc-cmm.org\/fr\/wp-json\/wp\/v2\/media\/95443"}],"wp:attachment":[{"href":"https:\/\/mwc-cmm.org\/fr\/wp-json\/wp\/v2\/media?parent=8267"}],"wp:term":[{"taxonomy":"category","embeddable":true,"href":"https:\/\/mwc-cmm.org\/fr\/wp-json\/wp\/v2\/categories?post=8267"},{"taxonomy":"post_tag","embeddable":true,"href":"https:\/\/mwc-cmm.org\/fr\/wp-json\/wp\/v2\/tags?post=8267"},{"taxonomy":"network","embeddable":true,"href":"https:\/\/mwc-cmm.org\/fr\/wp-json\/wp\/v2\/network?post=8267"},{"taxonomy":"eventcategory","embeddable":true,"href":"https:\/\/mwc-cmm.org\/fr\/wp-json\/wp\/v2\/eventcategory?post=8267"}],"curies":[{"name":"wp","href":"https:\/\/api.w.org\/{rel}","templated":true}]}}