{"id":8263,"date":"2022-01-26T00:00:00","date_gmt":"2022-01-26T00:00:00","guid":{"rendered":"https:\/\/mwc-cmm.org\/des-etudiants-burkinabe-ecrivent-lhistoire-de-leglise-africaine\/"},"modified":"2026-02-10T01:19:40","modified_gmt":"2026-02-10T01:19:40","slug":"des-etudiants-burkinabe-ecrivent-lhistoire-de-leglise-africaine","status":"publish","type":"post","link":"https:\/\/mwc-cmm.org\/fr\/stories\/des-etudiants-burkinabe-ecrivent-lhistoire-de-leglise-africaine\/","title":{"rendered":"Des \u00e9tudiants burkinab\u00e8 \u00e9crivent l\u2019histoire de l\u2019\u00c9glise africaine"},"content":{"rendered":"\n<div class=\"wp-block-group has-base-color has-purple-background-color has-text-color has-background has-link-color wp-elements-16890ce99525f4c9f5eee09b0d45368b has-global-padding is-layout-constrained wp-container-core-group-is-layout-72d38984 wp-block-group-is-layout-constrained\" style=\"margin-top:0;margin-bottom:0;padding-top:0;padding-right:0;padding-bottom:0;padding-left:0\">\n<h2 class=\"wp-block-heading has-base-color has-purple-background-color has-text-color has-background has-link-color wp-elements-335b948961f8b7e0e97e6ebfa8583be4\" style=\"line-height:0\">Le r\u00e9seau francophone<\/h2>\n\n\n\n<p class=\"has-base-color has-purple-background-color has-text-color has-background has-link-color wp-elements-5d0c4e890a8b2ff703a28e0825125018\" style=\"line-height:1.2\"><strong>Le r\u00e9seau francophone regroupe les communaut\u00e9s mennonite-anabaptistes sur trois continents, Afrique, Europe et Am\u00e9rique du Nord.<\/strong><\/p>\n\n\n\n<div class=\"wp-block-buttons is-content-justification-center is-layout-flex wp-container-core-buttons-is-layout-a89b3969 wp-block-buttons-is-layout-flex\">\n<div class=\"wp-block-button\"><a class=\"wp-block-button__link wp-element-button\">Lire la suite<\/a><\/div>\n<\/div>\n<\/div>\n\n\n\n<h3 class=\"wp-block-heading\">Des \u00e9tudiants burkinab\u00e8 \u00e9crivent l\u2019histoire de l\u2019\u00c9glise africaine&nbsp;&nbsp;<\/h3>\n\n\n\n<p>Un \u00e9tudiant burkinab\u00e8 regrette que l\u2019\u00c9glise d\u2019Afrique soit \u00ab comme une pirogue qui part sans laisser de trace \u00bb. Anicka Fast s\u2019est engag\u00e9e \u00e0 changer cette r\u00e9alit\u00e9, en enseignant aux \u00e9tudiants de l\u2019Universit\u00e9 chr\u00e9tienne Logos de Ouagadougou \u00e0 collecter l\u2019histoire orale et \u00e0 r\u00e9diger des biographies de chr\u00e9tiens africains.&nbsp;&nbsp;<\/p>\n\n\n\n<p>Durant l\u2019ann\u00e9e universitaire 2020-2021, une classe de 34 \u00e9tudiants de dix familles d\u2019\u00c9glises diff\u00e9rentes a \u00e9tudi\u00e9 le christianisme en Afrique. En tant qu\u2019enseignante, je voulais qu\u2019ils prennent conscience du r\u00f4le central des chr\u00e9tiens africains dans la propagation de l\u2019\u00c9vangile en Afrique. En m\u00eame temps, je voulais qu\u2019ils reconnaissent leur propre r\u00f4le potentiel dans la pr\u00e9servation des r\u00e9cits de cette activit\u00e9 missionnaire.&nbsp;&nbsp;<\/p>\n\n\n\n<h3 class=\"wp-block-heading\">Chr\u00e9tiens d\u2019Afrique&nbsp;<\/h3>\n\n\n\n<p>Pour int\u00e9grer ces deux objectifs, j\u2019ai organis\u00e9 le cours autour de biographies. Nous avons explor\u00e9 des th\u00e8mes historiques cl\u00e9s \u2013 le colonialisme, les mouvements d\u2019\u00c9glises ind\u00e9pendantes, la pers\u00e9cution et les initiatives missionnaires africaines \u2013 \u00e0 travers le prisme de r\u00e9cits de vie de chr\u00e9tiens africains. Les \u00e9tudiants ont \u00e9t\u00e9 fascin\u00e9s par les royaumes perdus de la Nubie et les statistiques choquantes de la traite des esclaves. Ils ont saisi l\u2019importance de proph\u00e8tes comme Kimpa Vita et William Wade Harris qui ont ancr\u00e9 le christianisme dans les cultures et les contextes africains. Leurs \u00e9paules se sont affaiss\u00e9es lorsqu\u2019ils ont d\u00e9couvert la trahison de l\u2019\u00e9v\u00eaque nig\u00e9rian Samuel Ajayi Crowther par ses jeunes coll\u00e8gues blancs. Et chacun s\u2019est outill\u00e9, \u00e0 travers des exercices pratiques, pour \u00e9crire sa propre biographie d\u2019un chr\u00e9tien burkinab\u00e8.&nbsp;&nbsp;<\/p>\n\n\n\n<h3 class=\"wp-block-heading\">Retour aux sources&nbsp;<\/h3>\n\n\n\n<p>Le dernier jour, j\u2019ai demand\u00e9 aux \u00e9tudiants ce qu\u2019ils retiendraient de ce cours. Leurs r\u00e9actions ont \u00e9t\u00e9 fortes et ont suscit\u00e9 la r\u00e9flexion. Plusieurs \u00e9tudiants ont \u00e9t\u00e9 \u00e9tonn\u00e9s d\u2019apprendre que l\u2019\u00c9glise en Afrique \u00e9tait pr\u00e9sente bien avant l\u2019arriv\u00e9e des puissances coloniales. Ils ont consid\u00e9r\u00e9 que cela changeait la donne. Zongo Sibiri Samuel, l\u2019un des \u00e9tudiants les plus anciens, a comment\u00e9 le fait que de nombreuses contributions importantes des chr\u00e9tiens africains \u00e0 l\u2019\u00c9glise en Afrique restent inconnues et non document\u00e9es. Il a d\u00e9plor\u00e9 que l\u2019\u00c9glise africaine soit \u00ab comme une pirogue qui part sans laisser de trace \u00bb. En m\u00eame temps, lui et d\u2019autres ont exprim\u00e9 leur sentiment que, malgr\u00e9 les difficult\u00e9s persistantes d\u2019acc\u00e8s aux sources et aux r\u00e9cits, ils avaient maintenant \u00ab des outils pour \u00e9crire l\u2019histoire \u00bb.&nbsp;&nbsp;<\/p>\n\n\n\n<h3 class=\"wp-block-heading\">Un mouvement qui se poursuit&nbsp;<\/h3>\n\n\n\n<p>Je suis enthousiaste \u00e0 l\u2019id\u00e9e de travailler aux c\u00f4t\u00e9s de ces historiens africains. Mais je suis aussi frapp\u00e9e par les barri\u00e8res persistantes qui font que certaines histoires ont encore bien plus de poids que d\u2019autres. Je suis reconnaissante d\u2019avoir l\u2019occasion d\u2019\u00eatre en Afrique et de participer au mouvement missionnaire qui fleurit sur ce continent depuis les temps anciens : un mouvement diversifi\u00e9, fid\u00e8le, et inspir\u00e9 par l\u2019Esprit.&nbsp;&nbsp;<\/p>\n\n\n\n<p>Anicka Fast, ouvri\u00e8re pour le Mennonite Mission Network (MMN) et le Comit\u00e9 central mennonite (MCC)&nbsp;<\/p>\n\n\n\n<hr class=\"wp-block-separator has-alpha-channel-opacity\"\/>\n\n\n\n<div style=\"text-align: center;\">\n<figure class=\"image\" style=\"display: inline-block;\"><img decoding=\"async\" data-src=\"https:\/\/mwc-cmm.org\/wp-content\/uploads\/2024\/10\/rmf-01-2022-bf-tieba_traore.jpg\" alt=\"\" width=\"376\" height=\"250\" src=\"data:image\/svg+xml;base64,PHN2ZyB3aWR0aD0iMSIgaGVpZ2h0PSIxIiB4bWxucz0iaHR0cDovL3d3dy53My5vcmcvMjAwMC9zdmciPjwvc3ZnPg==\" class=\"lazyload\" style=\"--smush-placeholder-width: 376px; --smush-placeholder-aspect-ratio: 376\/250;\">\n<figcaption>Ti\u00e9ba Traor\u00e9, entour\u00e9 de sa famille, vers 1985 (au moment de son bapt\u00eame ou peu avant), \u00e0 Kotoura.&nbsp;&nbsp;Photo: Anne Garber Kompaor\u00e9&nbsp;<\/figcaption>\n<\/figure>\n<\/div>\n\n\n\n<h2 class=\"wp-block-heading\">Ti\u00e9ba Traor\u00e9 (1958-1994), \u00e9vang\u00e9liste et leader d\u2019\u00c9glise&nbsp;<\/h2>\n\n\n\n<p><em>Ti\u00e9ba Traor\u00e9 a jou\u00e9 un r\u00f4le-cl\u00e9 dans le d\u00e9veloppement des communaut\u00e9s mennonites au Burkina Faso. Sa biographie, r\u00e9dig\u00e9e par un \u00e9tudiant, permet de (re)d\u00e9couvrir cette figure trop m\u00e9connue de l\u2019\u00c9glise africaine. Extraits.&nbsp;&nbsp;<\/em><\/p>\n\n\n\n<p>Ti\u00e9ba Traor\u00e9 est n\u00e9 en 1958 \u00e0 Kotoura, \u00e0 l\u2019ouest du Burkina Faso. En 1982, deux missionnaires de l&rsquo;Africa Inter-Mennonite Mission (AIMM), Anne Garber et Gail Wiebe, sont arriv\u00e9es \u00e0 Kotoura. Ti\u00e9ba leur a servi de traducteur senoufo-fran\u00e7ais. Curieux au sujet de Dieu, il \u00e9tait content d\u2019entendre la bonne nouvelle. Lors d\u2019une campagne d\u2019\u00e9vang\u00e9lisation en 1983 avec un \u00e9vang\u00e9liste venu de la C\u00f4te d\u2019Ivoire, il fut le premier \u00e0 donner sa vie \u00e0 J\u00e9sus. Sa premi\u00e8re femme Mariam d\u00e9cida de se convertir aussi. En 1985, Ti\u00e9ba et quatre autres personnes furent les premiers chr\u00e9tiens \u00e0 \u00eatre baptis\u00e9s parmi le peuple s\u00e9noufo.&nbsp;&nbsp;<\/p>\n\n\n\n<p>Apr\u00e8s son bapt\u00eame, Ti\u00e9ba vivait une vie pieuse et annon\u00e7ait la Parole de Dieu. Un jour, quand un renomm\u00e9 voleur a vol\u00e9 son mil, Ti\u00e9ba alla lui donner encore plus de mil au lieu de lui faire du mal. (\u2026) Les chr\u00e9tiens des trois villages \u2013 Kotoura, Kangala et Sayaga \u2013 se sont mis ensemble pour aller \u00e9vang\u00e9liser au village voisin de Sokouraba. Ti\u00e9ba et deux autres fr\u00e8res chr\u00e9tiens, Larito et Jo\u00ebl Traor\u00e9, visit\u00e8rent r\u00e9guli\u00e8rement les nouveaux convertis et collabor\u00e8rent avec les Assembl\u00e9es de Dieu dans les campagnes d\u2019\u00e9vang\u00e9lisation.&nbsp;&nbsp;<\/p>\n\n\n\n<p>Ti\u00e9ba d\u00e9c\u00e9da d&rsquo;une m\u00e9ningite le 22 f\u00e9vrier 1994 \u00e0 l\u2019\u00e2ge de 36 ans. (\u2026) Mais Dieu veilla sur son \u00c9glise pour qu\u2019elle ne meure pas. L&rsquo;\u00c9glise de Kotoura, l&rsquo;une des premi\u00e8res assembl\u00e9es de l&rsquo;\u00c9glise \u00e9vang\u00e9lique mennonite du Burkina Faso, a continu\u00e9 \u00e0 se d\u00e9velopper, d&rsquo;abord sous la direction des anciens, puis des pasteurs Mamadou Traor\u00e9 et Daouda Traor\u00e9. Elle est un h\u00e9ritage de la vie et du t\u00e9moignage de Ti\u00e9ba Traor\u00e9.&nbsp;&nbsp;<\/p>\n\n\n\n<p>Josu\u00e9 Coulibaly&nbsp;<\/p>\n\n\n\n<hr class=\"wp-block-separator has-alpha-channel-opacity\"\/>\n\n\n\n<h4 class=\"wp-block-heading\">Pour aller plus loin\u2026&nbsp;<\/h4>\n\n\n\n<p>Le site du DIBICA compte presque 3000 biographies, dont environ 500 en fran\u00e7ais. Pour lire la version int\u00e9grale de la biographie de Ti\u00e9ba Traor\u00e9 et celle d\u2019autres chr\u00e9tiens burkinab\u00e8, \u00e9crites par les \u00e9tudiants \u00e0 Logos, voir : <\/p>\n\n\n\n<div class=\"wp-block-buttons is-layout-flex wp-block-buttons-is-layout-flex\">\n<div class=\"wp-block-button\"><a class=\"wp-block-button__link wp-element-button\" href=\"https:\/\/www.dacb.org\/fr\/sort\/stories\/burkina-faso\">Dictionary of AFrican Christian Biography<\/a><\/div>\n<\/div>\n\n\n\n<hr class=\"wp-block-separator has-alpha-channel-opacity\"\/>\n\n\n\n<h2 class=\"wp-block-heading\">le R\u00e9seau mennonite francophone&nbsp;&nbsp;<\/h2>\n\n\n\n<p>Les articles dans le cadre du R\u00e9seau mennonite francophone (RMF) peuvent para\u00eetre dans <em>Christ Seul <\/em>(France), <em>Le Lien entre nous <\/em>(AEFMQ \u2013 Qu\u00e9bec, Canada), sur le site de la Conf\u00e9rence Mennonite Suisse (<a href=\"http:\/\/menno.ch\">www.menno.ch<\/a>) et sur celui de la Conf\u00e9rence Mennonite Mondiale <a href=\"http:\/\/mwc-cmm.org\">(mwc-cmm.org<\/a>).&nbsp;<\/p>\n\n\n\n<div class=\"wp-block-buttons is-layout-flex wp-block-buttons-is-layout-flex\">\n<div class=\"wp-block-button\"><a class=\"wp-block-button__link wp-element-button\" href=\"https:\/\/mwc-cmm.org\/fr\/reseau-francophone\/histoires-et-temoignages-du-reseau-francophone\/\">Lire la suite<\/a><\/div>\n<\/div>\n","protected":false},"excerpt":{"rendered":"<p>Des \u00e9tudiants burkinab\u00e8 \u00e9crivent l\u2019histoire de l\u2019\u00c9glise africaine&nbsp;&nbsp; Un \u00e9tudiant burkinab\u00e8 regrette que l\u2019\u00c9glise d\u2019Afrique soit \u00ab comme une pirogue qui part sans laisser de trace \u00bb. Anicka Fast s\u2019est engag\u00e9e \u00e0 changer cette r\u00e9alit\u00e9, en enseignant aux \u00e9tudiants de l\u2019Universit\u00e9 chr\u00e9tienne Logos de Ouagadougou \u00e0 collecter l\u2019histoire orale et \u00e0 r\u00e9diger des biographies de [&hellip;]<\/p>\n","protected":false},"author":1,"featured_media":94549,"comment_status":"closed","ping_status":"closed","sticky":false,"template":"","format":"standard","meta":{"_acf_changed":false,"footnotes":""},"categories":[7],"tags":[442],"network":[1282],"eventcategory":[],"class_list":["post-8263","post","type-post","status-publish","format-standard","has-post-thumbnail","hentry","category-non-classifiee","tag-history-fr","network-francophone-network-fr"],"acf":[],"yoast_head":"<!-- This site is optimized with the Yoast SEO plugin v27.2 - https:\/\/yoast.com\/product\/yoast-seo-wordpress\/ -->\n<title>Des \u00e9tudiants burkinab\u00e8 \u00e9crivent l\u2019histoire de l\u2019\u00c9glise africaine - Mennonite World Conference<\/title>\n<meta name=\"robots\" content=\"index, follow, max-snippet:-1, max-image-preview:large, max-video-preview:-1\" \/>\n<link rel=\"canonical\" href=\"https:\/\/mwc-cmm.org\/fr\/stories\/des-etudiants-burkinabe-ecrivent-lhistoire-de-leglise-africaine\/\" \/>\n<meta property=\"og:locale\" content=\"fr_FR\" \/>\n<meta property=\"og:type\" content=\"article\" \/>\n<meta property=\"og:title\" content=\"Des \u00e9tudiants burkinab\u00e8 \u00e9crivent l\u2019histoire de l\u2019\u00c9glise africaine - Mennonite World Conference\" \/>\n<meta property=\"og:description\" content=\"Des \u00e9tudiants burkinab\u00e8 \u00e9crivent l\u2019histoire de l\u2019\u00c9glise africaine&nbsp;&nbsp; Un \u00e9tudiant burkinab\u00e8 regrette que l\u2019\u00c9glise d\u2019Afrique soit \u00ab comme une pirogue qui part sans laisser de trace \u00bb. Anicka Fast s\u2019est engag\u00e9e \u00e0 changer cette r\u00e9alit\u00e9, en enseignant aux \u00e9tudiants de l\u2019Universit\u00e9 chr\u00e9tienne Logos de Ouagadougou \u00e0 collecter l\u2019histoire orale et \u00e0 r\u00e9diger des biographies de [&hellip;]\" \/>\n<meta property=\"og:url\" content=\"https:\/\/mwc-cmm.org\/fr\/stories\/des-etudiants-burkinabe-ecrivent-lhistoire-de-leglise-africaine\/\" \/>\n<meta property=\"og:site_name\" content=\"Mennonite World Conference\" \/>\n<meta property=\"article:publisher\" content=\"https:\/\/www.facebook.com\/MennoniteWorldConference\" \/>\n<meta property=\"article:published_time\" content=\"2022-01-26T00:00:00+00:00\" \/>\n<meta property=\"article:modified_time\" content=\"2026-02-10T01:19:40+00:00\" \/>\n<meta property=\"og:image\" content=\"https:\/\/mwc-cmm.org\/wp-content\/uploads\/2024\/11\/rmf-01-2022-bf-cours_dhistoire.jpg\" \/>\n\t<meta property=\"og:image:width\" content=\"1000\" \/>\n\t<meta property=\"og:image:height\" content=\"500\" \/>\n\t<meta property=\"og:image:type\" content=\"image\/jpeg\" \/>\n<meta name=\"author\" content=\"mennworldcon\" \/>\n<script type=\"application\/ld+json\" class=\"yoast-schema-graph\">{\"@context\":\"https:\/\/schema.org\",\"@graph\":[{\"@type\":\"Article\",\"@id\":\"https:\/\/mwc-cmm.org\/fr\/stories\/des-etudiants-burkinabe-ecrivent-lhistoire-de-leglise-africaine\/#article\",\"isPartOf\":{\"@id\":\"https:\/\/mwc-cmm.org\/fr\/stories\/des-etudiants-burkinabe-ecrivent-lhistoire-de-leglise-africaine\/\"},\"author\":{\"name\":\"mennworldcon\",\"@id\":\"https:\/\/mwc-cmm.org\/en\/#\/schema\/person\/11f6ae0d7d1868ba20a1cc27f067c836\"},\"headline\":\"Des \u00e9tudiants burkinab\u00e8 \u00e9crivent l\u2019histoire de l\u2019\u00c9glise africaine\",\"datePublished\":\"2022-01-26T00:00:00+00:00\",\"dateModified\":\"2026-02-10T01:19:40+00:00\",\"mainEntityOfPage\":{\"@id\":\"https:\/\/mwc-cmm.org\/fr\/stories\/des-etudiants-burkinabe-ecrivent-lhistoire-de-leglise-africaine\/\"},\"wordCount\":999,\"publisher\":{\"@id\":\"https:\/\/mwc-cmm.org\/en\/#organization\"},\"image\":{\"@id\":\"https:\/\/mwc-cmm.org\/fr\/stories\/des-etudiants-burkinabe-ecrivent-lhistoire-de-leglise-africaine\/#primaryimage\"},\"thumbnailUrl\":\"https:\/\/mwc-cmm.org\/wp-content\/uploads\/2024\/11\/rmf-01-2022-bf-cours_dhistoire.jpg\",\"keywords\":[\"histoire\"],\"articleSection\":[\"Non classifi\u00e9(e)\"],\"inLanguage\":\"fr-FR\"},{\"@type\":\"WebPage\",\"@id\":\"https:\/\/mwc-cmm.org\/fr\/stories\/des-etudiants-burkinabe-ecrivent-lhistoire-de-leglise-africaine\/\",\"url\":\"https:\/\/mwc-cmm.org\/fr\/stories\/des-etudiants-burkinabe-ecrivent-lhistoire-de-leglise-africaine\/\",\"name\":\"Des \u00e9tudiants burkinab\u00e8 \u00e9crivent l\u2019histoire de l\u2019\u00c9glise africaine - Mennonite World Conference\",\"isPartOf\":{\"@id\":\"https:\/\/mwc-cmm.org\/en\/#website\"},\"primaryImageOfPage\":{\"@id\":\"https:\/\/mwc-cmm.org\/fr\/stories\/des-etudiants-burkinabe-ecrivent-lhistoire-de-leglise-africaine\/#primaryimage\"},\"image\":{\"@id\":\"https:\/\/mwc-cmm.org\/fr\/stories\/des-etudiants-burkinabe-ecrivent-lhistoire-de-leglise-africaine\/#primaryimage\"},\"thumbnailUrl\":\"https:\/\/mwc-cmm.org\/wp-content\/uploads\/2024\/11\/rmf-01-2022-bf-cours_dhistoire.jpg\",\"datePublished\":\"2022-01-26T00:00:00+00:00\",\"dateModified\":\"2026-02-10T01:19:40+00:00\",\"breadcrumb\":{\"@id\":\"https:\/\/mwc-cmm.org\/fr\/stories\/des-etudiants-burkinabe-ecrivent-lhistoire-de-leglise-africaine\/#breadcrumb\"},\"inLanguage\":\"fr-FR\",\"potentialAction\":[{\"@type\":\"ReadAction\",\"target\":[\"https:\/\/mwc-cmm.org\/fr\/stories\/des-etudiants-burkinabe-ecrivent-lhistoire-de-leglise-africaine\/\"]}]},{\"@type\":\"ImageObject\",\"inLanguage\":\"fr-FR\",\"@id\":\"https:\/\/mwc-cmm.org\/fr\/stories\/des-etudiants-burkinabe-ecrivent-lhistoire-de-leglise-africaine\/#primaryimage\",\"url\":\"https:\/\/mwc-cmm.org\/wp-content\/uploads\/2024\/11\/rmf-01-2022-bf-cours_dhistoire.jpg\",\"contentUrl\":\"https:\/\/mwc-cmm.org\/wp-content\/uploads\/2024\/11\/rmf-01-2022-bf-cours_dhistoire.jpg\",\"width\":1000,\"height\":500},{\"@type\":\"BreadcrumbList\",\"@id\":\"https:\/\/mwc-cmm.org\/fr\/stories\/des-etudiants-burkinabe-ecrivent-lhistoire-de-leglise-africaine\/#breadcrumb\",\"itemListElement\":[{\"@type\":\"ListItem\",\"position\":1,\"name\":\"Home\",\"item\":\"https:\/\/mwc-cmm.org\/fr\/\"},{\"@type\":\"ListItem\",\"position\":2,\"name\":\"Des \u00e9tudiants burkinab\u00e8 \u00e9crivent l\u2019histoire de l\u2019\u00c9glise africaine\"}]},{\"@type\":\"WebSite\",\"@id\":\"https:\/\/mwc-cmm.org\/en\/#website\",\"url\":\"https:\/\/mwc-cmm.org\/en\/\",\"name\":\"Mennonite World Conference\",\"description\":\"A communion of Anabaptist-related churches\",\"publisher\":{\"@id\":\"https:\/\/mwc-cmm.org\/en\/#organization\"},\"alternateName\":\"MWC\",\"potentialAction\":[{\"@type\":\"SearchAction\",\"target\":{\"@type\":\"EntryPoint\",\"urlTemplate\":\"https:\/\/mwc-cmm.org\/en\/?s={search_term_string}\"},\"query-input\":{\"@type\":\"PropertyValueSpecification\",\"valueRequired\":true,\"valueName\":\"search_term_string\"}}],\"inLanguage\":\"fr-FR\"},{\"@type\":\"Organization\",\"@id\":\"https:\/\/mwc-cmm.org\/en\/#organization\",\"name\":\"Mennonite World Conference\",\"alternateName\":\"MWC\",\"url\":\"https:\/\/mwc-cmm.org\/en\/\",\"logo\":{\"@type\":\"ImageObject\",\"inLanguage\":\"fr-FR\",\"@id\":\"https:\/\/mwc-cmm.org\/en\/#\/schema\/logo\/image\/\",\"url\":\"https:\/\/mwc-cmm.org\/wp-content\/uploads\/2026\/01\/MWC_Sig_Blue_Horiz_webheader1-logo.svg\",\"contentUrl\":\"https:\/\/mwc-cmm.org\/wp-content\/uploads\/2026\/01\/MWC_Sig_Blue_Horiz_webheader1-logo.svg\",\"width\":786,\"height\":82,\"caption\":\"Mennonite World Conference\"},\"image\":{\"@id\":\"https:\/\/mwc-cmm.org\/en\/#\/schema\/logo\/image\/\"},\"sameAs\":[\"https:\/\/www.facebook.com\/MennoniteWorldConference\",\"https:\/\/www.linkedin.com\/company\/mennonite-world-conference-mwc\/\",\"https:\/\/www.instagram.com\/mwcmm\/\",\"https:\/\/www.youtube.com\/user\/mwccmm\",\"https:\/\/bsky.app\/profile\/mwcmm.bsky.social\"]},{\"@type\":\"Person\",\"@id\":\"https:\/\/mwc-cmm.org\/en\/#\/schema\/person\/11f6ae0d7d1868ba20a1cc27f067c836\",\"name\":\"mennworldcon\",\"image\":{\"@type\":\"ImageObject\",\"inLanguage\":\"fr-FR\",\"@id\":\"https:\/\/secure.gravatar.com\/avatar\/06fdc0dc81c157dfdb82ec42f252178a22307808988d22c043f9eb96f1e0fe80?s=96&d=mm&r=g\",\"url\":\"https:\/\/secure.gravatar.com\/avatar\/06fdc0dc81c157dfdb82ec42f252178a22307808988d22c043f9eb96f1e0fe80?s=96&d=mm&r=g\",\"contentUrl\":\"https:\/\/secure.gravatar.com\/avatar\/06fdc0dc81c157dfdb82ec42f252178a22307808988d22c043f9eb96f1e0fe80?s=96&d=mm&r=g\",\"caption\":\"mennworldcon\"},\"sameAs\":[\"https:\/\/mwc-cmm.org\"],\"url\":\"https:\/\/mwc-cmm.org\/fr\/stories\/author\/mennworldcon\/\"}]}<\/script>\n<!-- \/ Yoast SEO plugin. -->","yoast_head_json":{"title":"Des \u00e9tudiants burkinab\u00e8 \u00e9crivent l\u2019histoire de l\u2019\u00c9glise africaine - Mennonite World Conference","robots":{"index":"index","follow":"follow","max-snippet":"max-snippet:-1","max-image-preview":"max-image-preview:large","max-video-preview":"max-video-preview:-1"},"canonical":"https:\/\/mwc-cmm.org\/fr\/stories\/des-etudiants-burkinabe-ecrivent-lhistoire-de-leglise-africaine\/","og_locale":"fr_FR","og_type":"article","og_title":"Des \u00e9tudiants burkinab\u00e8 \u00e9crivent l\u2019histoire de l\u2019\u00c9glise africaine - Mennonite World Conference","og_description":"Des \u00e9tudiants burkinab\u00e8 \u00e9crivent l\u2019histoire de l\u2019\u00c9glise africaine&nbsp;&nbsp; Un \u00e9tudiant burkinab\u00e8 regrette que l\u2019\u00c9glise d\u2019Afrique soit \u00ab comme une pirogue qui part sans laisser de trace \u00bb. Anicka Fast s\u2019est engag\u00e9e \u00e0 changer cette r\u00e9alit\u00e9, en enseignant aux \u00e9tudiants de l\u2019Universit\u00e9 chr\u00e9tienne Logos de Ouagadougou \u00e0 collecter l\u2019histoire orale et \u00e0 r\u00e9diger des biographies de [&hellip;]","og_url":"https:\/\/mwc-cmm.org\/fr\/stories\/des-etudiants-burkinabe-ecrivent-lhistoire-de-leglise-africaine\/","og_site_name":"Mennonite World Conference","article_publisher":"https:\/\/www.facebook.com\/MennoniteWorldConference","article_published_time":"2022-01-26T00:00:00+00:00","article_modified_time":"2026-02-10T01:19:40+00:00","og_image":[{"width":1000,"height":500,"url":"https:\/\/mwc-cmm.org\/wp-content\/uploads\/2024\/11\/rmf-01-2022-bf-cours_dhistoire.jpg","type":"image\/jpeg"}],"author":"mennworldcon","schema":{"@context":"https:\/\/schema.org","@graph":[{"@type":"Article","@id":"https:\/\/mwc-cmm.org\/fr\/stories\/des-etudiants-burkinabe-ecrivent-lhistoire-de-leglise-africaine\/#article","isPartOf":{"@id":"https:\/\/mwc-cmm.org\/fr\/stories\/des-etudiants-burkinabe-ecrivent-lhistoire-de-leglise-africaine\/"},"author":{"name":"mennworldcon","@id":"https:\/\/mwc-cmm.org\/en\/#\/schema\/person\/11f6ae0d7d1868ba20a1cc27f067c836"},"headline":"Des \u00e9tudiants burkinab\u00e8 \u00e9crivent l\u2019histoire de l\u2019\u00c9glise africaine","datePublished":"2022-01-26T00:00:00+00:00","dateModified":"2026-02-10T01:19:40+00:00","mainEntityOfPage":{"@id":"https:\/\/mwc-cmm.org\/fr\/stories\/des-etudiants-burkinabe-ecrivent-lhistoire-de-leglise-africaine\/"},"wordCount":999,"publisher":{"@id":"https:\/\/mwc-cmm.org\/en\/#organization"},"image":{"@id":"https:\/\/mwc-cmm.org\/fr\/stories\/des-etudiants-burkinabe-ecrivent-lhistoire-de-leglise-africaine\/#primaryimage"},"thumbnailUrl":"https:\/\/mwc-cmm.org\/wp-content\/uploads\/2024\/11\/rmf-01-2022-bf-cours_dhistoire.jpg","keywords":["histoire"],"articleSection":["Non classifi\u00e9(e)"],"inLanguage":"fr-FR"},{"@type":"WebPage","@id":"https:\/\/mwc-cmm.org\/fr\/stories\/des-etudiants-burkinabe-ecrivent-lhistoire-de-leglise-africaine\/","url":"https:\/\/mwc-cmm.org\/fr\/stories\/des-etudiants-burkinabe-ecrivent-lhistoire-de-leglise-africaine\/","name":"Des \u00e9tudiants burkinab\u00e8 \u00e9crivent l\u2019histoire de l\u2019\u00c9glise africaine - Mennonite World Conference","isPartOf":{"@id":"https:\/\/mwc-cmm.org\/en\/#website"},"primaryImageOfPage":{"@id":"https:\/\/mwc-cmm.org\/fr\/stories\/des-etudiants-burkinabe-ecrivent-lhistoire-de-leglise-africaine\/#primaryimage"},"image":{"@id":"https:\/\/mwc-cmm.org\/fr\/stories\/des-etudiants-burkinabe-ecrivent-lhistoire-de-leglise-africaine\/#primaryimage"},"thumbnailUrl":"https:\/\/mwc-cmm.org\/wp-content\/uploads\/2024\/11\/rmf-01-2022-bf-cours_dhistoire.jpg","datePublished":"2022-01-26T00:00:00+00:00","dateModified":"2026-02-10T01:19:40+00:00","breadcrumb":{"@id":"https:\/\/mwc-cmm.org\/fr\/stories\/des-etudiants-burkinabe-ecrivent-lhistoire-de-leglise-africaine\/#breadcrumb"},"inLanguage":"fr-FR","potentialAction":[{"@type":"ReadAction","target":["https:\/\/mwc-cmm.org\/fr\/stories\/des-etudiants-burkinabe-ecrivent-lhistoire-de-leglise-africaine\/"]}]},{"@type":"ImageObject","inLanguage":"fr-FR","@id":"https:\/\/mwc-cmm.org\/fr\/stories\/des-etudiants-burkinabe-ecrivent-lhistoire-de-leglise-africaine\/#primaryimage","url":"https:\/\/mwc-cmm.org\/wp-content\/uploads\/2024\/11\/rmf-01-2022-bf-cours_dhistoire.jpg","contentUrl":"https:\/\/mwc-cmm.org\/wp-content\/uploads\/2024\/11\/rmf-01-2022-bf-cours_dhistoire.jpg","width":1000,"height":500},{"@type":"BreadcrumbList","@id":"https:\/\/mwc-cmm.org\/fr\/stories\/des-etudiants-burkinabe-ecrivent-lhistoire-de-leglise-africaine\/#breadcrumb","itemListElement":[{"@type":"ListItem","position":1,"name":"Home","item":"https:\/\/mwc-cmm.org\/fr\/"},{"@type":"ListItem","position":2,"name":"Des \u00e9tudiants burkinab\u00e8 \u00e9crivent l\u2019histoire de l\u2019\u00c9glise africaine"}]},{"@type":"WebSite","@id":"https:\/\/mwc-cmm.org\/en\/#website","url":"https:\/\/mwc-cmm.org\/en\/","name":"Mennonite World Conference","description":"A communion of Anabaptist-related churches","publisher":{"@id":"https:\/\/mwc-cmm.org\/en\/#organization"},"alternateName":"MWC","potentialAction":[{"@type":"SearchAction","target":{"@type":"EntryPoint","urlTemplate":"https:\/\/mwc-cmm.org\/en\/?s={search_term_string}"},"query-input":{"@type":"PropertyValueSpecification","valueRequired":true,"valueName":"search_term_string"}}],"inLanguage":"fr-FR"},{"@type":"Organization","@id":"https:\/\/mwc-cmm.org\/en\/#organization","name":"Mennonite World Conference","alternateName":"MWC","url":"https:\/\/mwc-cmm.org\/en\/","logo":{"@type":"ImageObject","inLanguage":"fr-FR","@id":"https:\/\/mwc-cmm.org\/en\/#\/schema\/logo\/image\/","url":"https:\/\/mwc-cmm.org\/wp-content\/uploads\/2026\/01\/MWC_Sig_Blue_Horiz_webheader1-logo.svg","contentUrl":"https:\/\/mwc-cmm.org\/wp-content\/uploads\/2026\/01\/MWC_Sig_Blue_Horiz_webheader1-logo.svg","width":786,"height":82,"caption":"Mennonite World Conference"},"image":{"@id":"https:\/\/mwc-cmm.org\/en\/#\/schema\/logo\/image\/"},"sameAs":["https:\/\/www.facebook.com\/MennoniteWorldConference","https:\/\/www.linkedin.com\/company\/mennonite-world-conference-mwc\/","https:\/\/www.instagram.com\/mwcmm\/","https:\/\/www.youtube.com\/user\/mwccmm","https:\/\/bsky.app\/profile\/mwcmm.bsky.social"]},{"@type":"Person","@id":"https:\/\/mwc-cmm.org\/en\/#\/schema\/person\/11f6ae0d7d1868ba20a1cc27f067c836","name":"mennworldcon","image":{"@type":"ImageObject","inLanguage":"fr-FR","@id":"https:\/\/secure.gravatar.com\/avatar\/06fdc0dc81c157dfdb82ec42f252178a22307808988d22c043f9eb96f1e0fe80?s=96&d=mm&r=g","url":"https:\/\/secure.gravatar.com\/avatar\/06fdc0dc81c157dfdb82ec42f252178a22307808988d22c043f9eb96f1e0fe80?s=96&d=mm&r=g","contentUrl":"https:\/\/secure.gravatar.com\/avatar\/06fdc0dc81c157dfdb82ec42f252178a22307808988d22c043f9eb96f1e0fe80?s=96&d=mm&r=g","caption":"mennworldcon"},"sameAs":["https:\/\/mwc-cmm.org"],"url":"https:\/\/mwc-cmm.org\/fr\/stories\/author\/mennworldcon\/"}]}},"_links":{"self":[{"href":"https:\/\/mwc-cmm.org\/fr\/wp-json\/wp\/v2\/posts\/8263","targetHints":{"allow":["GET"]}}],"collection":[{"href":"https:\/\/mwc-cmm.org\/fr\/wp-json\/wp\/v2\/posts"}],"about":[{"href":"https:\/\/mwc-cmm.org\/fr\/wp-json\/wp\/v2\/types\/post"}],"author":[{"embeddable":true,"href":"https:\/\/mwc-cmm.org\/fr\/wp-json\/wp\/v2\/users\/1"}],"replies":[{"embeddable":true,"href":"https:\/\/mwc-cmm.org\/fr\/wp-json\/wp\/v2\/comments?post=8263"}],"version-history":[{"count":0,"href":"https:\/\/mwc-cmm.org\/fr\/wp-json\/wp\/v2\/posts\/8263\/revisions"}],"wp:featuredmedia":[{"embeddable":true,"href":"https:\/\/mwc-cmm.org\/fr\/wp-json\/wp\/v2\/media\/94549"}],"wp:attachment":[{"href":"https:\/\/mwc-cmm.org\/fr\/wp-json\/wp\/v2\/media?parent=8263"}],"wp:term":[{"taxonomy":"category","embeddable":true,"href":"https:\/\/mwc-cmm.org\/fr\/wp-json\/wp\/v2\/categories?post=8263"},{"taxonomy":"post_tag","embeddable":true,"href":"https:\/\/mwc-cmm.org\/fr\/wp-json\/wp\/v2\/tags?post=8263"},{"taxonomy":"network","embeddable":true,"href":"https:\/\/mwc-cmm.org\/fr\/wp-json\/wp\/v2\/network?post=8263"},{"taxonomy":"eventcategory","embeddable":true,"href":"https:\/\/mwc-cmm.org\/fr\/wp-json\/wp\/v2\/eventcategory?post=8263"}],"curies":[{"name":"wp","href":"https:\/\/api.w.org\/{rel}","templated":true}]}}