{"id":8261,"date":"2021-03-06T00:00:00","date_gmt":"2021-03-06T00:00:00","guid":{"rendered":"https:\/\/mwc-cmm.org\/etre-leglise-autrement\/"},"modified":"2024-12-10T17:17:46","modified_gmt":"2024-12-10T17:17:46","slug":"etre-leglise-autrement","status":"publish","type":"post","link":"https:\/\/mwc-cmm.org\/fr\/stories\/etre-leglise-autrement\/","title":{"rendered":"\u00catre l\u2019\u00c9glise autrement"},"content":{"rendered":"<div>\n<h4><em>L\u2019exp\u00e9rience d\u2019un caf\u00e9 pas comme les autres : une source d\u2019inspiration pour r\u00e9inventer la vie d\u2019\u00c9glise ?<\/em><em> <\/em><\/h4>\n<hr>\n<\/div>\n<p>Chaque ann\u00e9e au mois de septembre, les employ\u00e9s et collaborateurs de la Conf\u00e9rence Mennonite Suisse (CMS) se retrouvent pour une journ\u00e9e de rencontre, partage et d\u00e9couverte. Ce temps a pour but de permettre les \u00e9changes et de redonner des impulsions et des id\u00e9es, notamment en apprenant \u00e0 conna\u00eetre des projets engag\u00e9s par des \u0153uvres chr\u00e9tiennes. En septembre 2020, nous avons pu passer un moment chez Coffee&amp;Deeds. Nous vous proposons de d\u00e9couvrir ce caf\u00e9 pas comme les autres.<\/p>\n<h3>Autrement<\/h3>\n<p>Dans les ann\u00e9es 1980, l\u2019appel \u00e0 aller plus vers les personnes a grandi dans le c\u0153ur de l\u2019\u00c9glise r\u00e9form\u00e9e attenante. Dans les groupes de maison, on se rend compte qu\u2019on est bien. Cependant, que se passe-t-il \u00e0 l\u2019ext\u00e9rieur ? En 2010, une deuxi\u00e8me phase est lanc\u00e9e : ouverture \u0153cum\u00e9nique, donner une autre image \u00e0 l\u2019\u00c9glise, cr\u00e9er du lien entre les diff\u00e9rents lieux de culte et, surtout, donner de la vie au quartier. Il faut \u00eatre l\u2019\u00c9glise, autrement. Mais comment ?<\/p>\n<p>L\u2019id\u00e9e d\u2019un caf\u00e9 est venue quelques ann\u00e9es plus tard. La vision \u00e9tait pr\u00e9sente, des personnes \u00e9taient motiv\u00e9es (y compris quelques politiques) et les finances permettaient de lancer le projet.<\/p>\n<p>\u00ab Rien n&rsquo;est plus fort qu&rsquo;une id\u00e9e dont l&rsquo;heure est venue \u00bb, aurait dit un certain Victor Hugo. Pour les initiateurs du projet, il s\u2019agit simplement du kairos de Dieu. \u00ab On a simplement commenc\u00e9 \u00e0 faire, c\u2019\u00e9tait peut-\u00eatre na\u00eff mais on avait confiance que c\u2019\u00e9tait le moment \u00bb, nous dit l\u2019un des participants au projet. Ainsi, les recherches de fonds pour du personnel se font avec confiance, car \u00ab les portes s\u2019ouvrent une fois qu\u2019on est en action \u00bb. Des dons, des b\u00e9n\u00e9voles, la restauration des lieux : le projet Coffee&amp;Deeds est en marche.<\/p>\n<h3>Coffee\u2026<\/h3>\n<figure class=\"image\" style=\"float:right\"><img decoding=\"async\" alt=\"building exterior\" height=\"169\" data-src=\"https:\/\/mwc-cmm.org\/wp-content\/uploads\/2024\/10\/rmf-03-2021-photo2.jpeg-scaled.jpg\" width=\"300\" src=\"data:image\/svg+xml;base64,PHN2ZyB3aWR0aD0iMSIgaGVpZ2h0PSIxIiB4bWxucz0iaHR0cDovL3d3dy53My5vcmcvMjAwMC9zdmciPjwvc3ZnPg==\" class=\"lazyload\" style=\"--smush-placeholder-width: 300px; --smush-placeholder-aspect-ratio: 300\/169;\"><figcaption>Photo : Naomi Graber<\/figcaption><\/figure>\n<p>Aujourd\u2019hui, Coffee&amp;Deeds emploie sept personnes (pour une quotit\u00e9 de travail totale de 250 %) et de nombreux b\u00e9n\u00e9voles mettent la main \u00e0 la p\u00e2te. Ce ne sont pas que des serveurs, car la volont\u00e9 est de trouver un projet pour chaque personne qui veut s\u2019engager. Les b\u00e9n\u00e9voles ne sont pas tous croyants, certains viennent d\u2019\u00c9glises diverses.<\/p>\n<p>Chaque jour, la journ\u00e9e commence par l\u2019allumage des lumi\u00e8res et la mise en marche de la machine \u00e0 caf\u00e9 auxquels s\u2019ajoute un moment de pri\u00e8re. Celle-ci est aussi pr\u00e9sente sur le menu et peut \u00eatre command\u00e9e gratuitement \u00e0 tout moment du service !<\/p>\n<h3>\u2026&amp;Deeds<\/h3>\n<div style=\"text-align:center\">\n<figure class=\"image\" style=\"display:inline-block\"><img decoding=\"async\" alt=\"chalk board\" height=\"1067\" data-src=\"https:\/\/mwc-cmm.org\/wp-content\/uploads\/2024\/10\/rmf-03-2021-photo3.jpeg-scaled.jpg\" width=\"600\" src=\"data:image\/svg+xml;base64,PHN2ZyB3aWR0aD0iMSIgaGVpZ2h0PSIxIiB4bWxucz0iaHR0cDovL3d3dy53My5vcmcvMjAwMC9zdmciPjwvc3ZnPg==\" class=\"lazyload\" style=\"--smush-placeholder-width: 600px; --smush-placeholder-aspect-ratio: 600\/1067;\"><figcaption>Annonces, demandes, id\u00e9es ou sujets de pri\u00e8re peuvent \u00eatre d\u00e9pos\u00e9s sur ce panneau. Photo : Naomi Graber<\/figcaption><\/figure>\n<\/div>\n<p>Mais ce caf\u00e9 ne serait pas le m\u00eame sans les Deeds (en fran\u00e7ais : les actes). Une employ\u00e9e dit d\u2019ailleurs : \u00ab On ne veut pas \u00eatre un caf\u00e9 normal, on veut cr\u00e9er des ponts entre et vers les personnes qui viennent. Ce que nous recevons de la part de Dieu, nous voulons le transmettre \u00e0 ces gens. \u00bb En effet, \u00eatre l\u2019\u00c9glise dans le quartier, c\u2019est y vivre. Ici, il s\u2019agit d\u2019une pr\u00e9sence, d\u2019un soutien. C\u2019est aller vers la population et favoriser lesliens entre les habitants. C\u2019est amener l\u2019\u00c9glise aux gens et t\u00e9moigner de la foi par les actes : recherche de personnes pour r\u00e9pondre aux besoins des autres, soutien scolaire, tutorat, activit\u00e9s pour les enfants\u2026<\/p>\n<p>Au-del\u00e0 de valoriser les dons de chacun, il s\u2019agit aussi de valoriser les personnes qui viennent, de les servir et de les aimer. Au d\u00e9but, les personnes dans le besoin n\u2019entraient pas forc\u00e9ment, s\u00fbrement \u00e0 cause de l\u2019image \u00ab \u00e0 la mode \u00bb que renvoie le caf\u00e9. Malgr\u00e9 l\u2019id\u00e9e que ce caf\u00e9 est \u00ab trop chic \u00bb pour le quartier, Coffee&amp;Deeds veut montrer qu\u2019il n\u2019y a pas de niveau social prioritaire dans cet endroit. L\u2019atmosph\u00e8re agr\u00e9able et accueillante est pr\u00e9sente et c\u2019est \u00e7a qui est important.<\/p>\n<p>Aujourd\u2019hui, Coffee&amp;Deeds tourne toujours gr\u00e2ce au soutien de l\u2019\u00c9glise r\u00e9form\u00e9e notamment, mais le but est qu\u2019il puisse fonctionner de mani\u00e8re autonome. L\u2019impact semble en tout cas positif et le mot d\u2019ordre \u00ab Aimez-vous les uns les autres et ils sauront que vous \u00eates mes disciples \u00bb prend son sens.<\/p>\n<p>La visite de ce caf\u00e9 a \u00e9t\u00e9 particuli\u00e8rement inspirante pour les collaborateurs. Dans une p\u00e9riode o\u00f9 l\u2019on apprend \u00e0 vivre la vie d\u2019\u00c9glise autrement, c\u2019est encourageant de voir d\u2019autres mani\u00e8res de vivre la vie de disciple dans le quotidien.<\/p>\n<p>Que Dieu renouvelle notre cr\u00e9ativit\u00e9 et notre ob\u00e9issance pour le service !<\/p>\n<p>\u2014Naomi Graber<\/p>\n<p>Conf\u00e9rence Mennonite Suisse, r\u00e9dactrice<\/p>\n<p>\u00c9glise mennonite du Sonnenberg<\/p>\n<hr>\n<h5>CET ARTICLE ET LE R\u00c9SEAU MENNONITE FRANCOPHONE<\/h5>\n<h5>Cet article est publi\u00e9 dans le cadre du R\u00e9seau mennonite francophone (RMF) et para\u00eet aussi dans Le Lien entre nous (Qu\u00e9bec), sur le site de la Conf\u00e9rence Mennonite Suisse (<a href=\"http:\/\/www.menno.ch\">www.menno.ch<\/a>) et sur celui de la Conf\u00e9rence Mennonite Mondiale (www.mwc-cmm.org).<br \/>\nCoordination de la publication des articles : Jean Paul Pelsy.<\/h5>\n","protected":false},"excerpt":{"rendered":"<p>L\u2019exp\u00e9rience d\u2019un caf\u00e9 pas comme les autres : une source d\u2019inspiration pour r\u00e9inventer la vie d\u2019\u00c9glise ? Chaque ann\u00e9e au mois de septembre, les employ\u00e9s et collaborateurs de la Conf\u00e9rence Mennonite Suisse (CMS) se retrouvent pour une journ\u00e9e de rencontre, partage et d\u00e9couverte. Ce temps a pour but de permettre les \u00e9changes et de redonner [&hellip;]<\/p>\n","protected":false},"author":1,"featured_media":93348,"comment_status":"closed","ping_status":"closed","sticky":false,"template":"","format":"standard","meta":{"_acf_changed":false,"footnotes":""},"categories":[7],"tags":[],"network":[1282],"eventcategory":[],"class_list":["post-8261","post","type-post","status-publish","format-standard","has-post-thumbnail","hentry","category-non-classifiee","network-francophone-network-fr"],"acf":[],"yoast_head":"<!-- This site is optimized with the Yoast SEO plugin v27.2 - https:\/\/yoast.com\/product\/yoast-seo-wordpress\/ -->\n<title>\u00catre l\u2019\u00c9glise autrement - Mennonite World Conference<\/title>\n<meta name=\"robots\" content=\"index, follow, max-snippet:-1, max-image-preview:large, max-video-preview:-1\" \/>\n<link rel=\"canonical\" href=\"https:\/\/mwc-cmm.org\/en\/stories\/different-way-being-church\/\" \/>\n<meta property=\"og:locale\" content=\"fr_FR\" \/>\n<meta property=\"og:type\" content=\"article\" \/>\n<meta property=\"og:title\" content=\"\u00catre l\u2019\u00c9glise autrement - Mennonite World Conference\" \/>\n<meta property=\"og:description\" content=\"L\u2019exp\u00e9rience d\u2019un caf\u00e9 pas comme les autres : une source d\u2019inspiration pour r\u00e9inventer la vie d\u2019\u00c9glise ? Chaque ann\u00e9e au mois de septembre, les employ\u00e9s et collaborateurs de la Conf\u00e9rence Mennonite Suisse (CMS) se retrouvent pour une journ\u00e9e de rencontre, partage et d\u00e9couverte. Ce temps a pour but de permettre les \u00e9changes et de redonner [&hellip;]\" \/>\n<meta property=\"og:url\" content=\"https:\/\/mwc-cmm.org\/en\/stories\/different-way-being-church\/\" \/>\n<meta property=\"og:site_name\" content=\"Mennonite World Conference\" \/>\n<meta property=\"article:publisher\" content=\"https:\/\/www.facebook.com\/MennoniteWorldConference\" \/>\n<meta property=\"article:published_time\" content=\"2021-03-06T00:00:00+00:00\" \/>\n<meta property=\"article:modified_time\" content=\"2024-12-10T17:17:46+00:00\" \/>\n<meta property=\"og:image\" content=\"https:\/\/mwc-cmm.org\/wp-content\/uploads\/2024\/11\/rmf-03-2021-photo1.jpeg\" \/>\n\t<meta property=\"og:image:width\" content=\"1280\" \/>\n\t<meta property=\"og:image:height\" content=\"960\" \/>\n\t<meta property=\"og:image:type\" content=\"image\/jpeg\" \/>\n<meta name=\"author\" content=\"mennworldcon\" \/>\n<script type=\"application\/ld+json\" class=\"yoast-schema-graph\">{\"@context\":\"https:\/\/schema.org\",\"@graph\":[{\"@type\":\"Article\",\"@id\":\"https:\/\/mwc-cmm.org\/en\/stories\/different-way-being-church\/#article\",\"isPartOf\":{\"@id\":\"https:\/\/mwc-cmm.org\/en\/stories\/different-way-being-church\/\"},\"author\":{\"name\":\"mennworldcon\",\"@id\":\"https:\/\/mwc-cmm.org\/en\/#\/schema\/person\/11f6ae0d7d1868ba20a1cc27f067c836\"},\"headline\":\"\u00catre l\u2019\u00c9glise autrement\",\"datePublished\":\"2021-03-06T00:00:00+00:00\",\"dateModified\":\"2024-12-10T17:17:46+00:00\",\"mainEntityOfPage\":{\"@id\":\"https:\/\/mwc-cmm.org\/en\/stories\/different-way-being-church\/\"},\"wordCount\":893,\"publisher\":{\"@id\":\"https:\/\/mwc-cmm.org\/en\/#organization\"},\"image\":{\"@id\":\"https:\/\/mwc-cmm.org\/en\/stories\/different-way-being-church\/#primaryimage\"},\"thumbnailUrl\":\"https:\/\/mwc-cmm.org\/wp-content\/uploads\/2024\/11\/rmf-03-2021-photo1.jpeg\",\"articleSection\":[\"Non classifi\u00e9(e)\"],\"inLanguage\":\"fr-FR\"},{\"@type\":\"WebPage\",\"@id\":\"https:\/\/mwc-cmm.org\/en\/stories\/different-way-being-church\/\",\"url\":\"https:\/\/mwc-cmm.org\/en\/stories\/different-way-being-church\/\",\"name\":\"\u00catre l\u2019\u00c9glise autrement - Mennonite World Conference\",\"isPartOf\":{\"@id\":\"https:\/\/mwc-cmm.org\/en\/#website\"},\"primaryImageOfPage\":{\"@id\":\"https:\/\/mwc-cmm.org\/en\/stories\/different-way-being-church\/#primaryimage\"},\"image\":{\"@id\":\"https:\/\/mwc-cmm.org\/en\/stories\/different-way-being-church\/#primaryimage\"},\"thumbnailUrl\":\"https:\/\/mwc-cmm.org\/wp-content\/uploads\/2024\/11\/rmf-03-2021-photo1.jpeg\",\"datePublished\":\"2021-03-06T00:00:00+00:00\",\"dateModified\":\"2024-12-10T17:17:46+00:00\",\"breadcrumb\":{\"@id\":\"https:\/\/mwc-cmm.org\/en\/stories\/different-way-being-church\/#breadcrumb\"},\"inLanguage\":\"fr-FR\",\"potentialAction\":[{\"@type\":\"ReadAction\",\"target\":[\"https:\/\/mwc-cmm.org\/en\/stories\/different-way-being-church\/\"]}]},{\"@type\":\"ImageObject\",\"inLanguage\":\"fr-FR\",\"@id\":\"https:\/\/mwc-cmm.org\/en\/stories\/different-way-being-church\/#primaryimage\",\"url\":\"https:\/\/mwc-cmm.org\/wp-content\/uploads\/2024\/11\/rmf-03-2021-photo1.jpeg\",\"contentUrl\":\"https:\/\/mwc-cmm.org\/wp-content\/uploads\/2024\/11\/rmf-03-2021-photo1.jpeg\",\"width\":1280,\"height\":960},{\"@type\":\"BreadcrumbList\",\"@id\":\"https:\/\/mwc-cmm.org\/en\/stories\/different-way-being-church\/#breadcrumb\",\"itemListElement\":[{\"@type\":\"ListItem\",\"position\":1,\"name\":\"Home\",\"item\":\"https:\/\/mwc-cmm.org\/fr\/\"},{\"@type\":\"ListItem\",\"position\":2,\"name\":\"\u00catre l\u2019\u00c9glise autrement\"}]},{\"@type\":\"WebSite\",\"@id\":\"https:\/\/mwc-cmm.org\/en\/#website\",\"url\":\"https:\/\/mwc-cmm.org\/en\/\",\"name\":\"Mennonite World Conference\",\"description\":\"A communion of Anabaptist-related churches\",\"publisher\":{\"@id\":\"https:\/\/mwc-cmm.org\/en\/#organization\"},\"alternateName\":\"MWC\",\"potentialAction\":[{\"@type\":\"SearchAction\",\"target\":{\"@type\":\"EntryPoint\",\"urlTemplate\":\"https:\/\/mwc-cmm.org\/en\/?s={search_term_string}\"},\"query-input\":{\"@type\":\"PropertyValueSpecification\",\"valueRequired\":true,\"valueName\":\"search_term_string\"}}],\"inLanguage\":\"fr-FR\"},{\"@type\":\"Organization\",\"@id\":\"https:\/\/mwc-cmm.org\/en\/#organization\",\"name\":\"Mennonite World Conference\",\"alternateName\":\"MWC\",\"url\":\"https:\/\/mwc-cmm.org\/en\/\",\"logo\":{\"@type\":\"ImageObject\",\"inLanguage\":\"fr-FR\",\"@id\":\"https:\/\/mwc-cmm.org\/en\/#\/schema\/logo\/image\/\",\"url\":\"https:\/\/mwc-cmm.org\/wp-content\/uploads\/2026\/01\/MWC_Sig_Blue_Horiz_webheader1-logo.svg\",\"contentUrl\":\"https:\/\/mwc-cmm.org\/wp-content\/uploads\/2026\/01\/MWC_Sig_Blue_Horiz_webheader1-logo.svg\",\"width\":786,\"height\":82,\"caption\":\"Mennonite World Conference\"},\"image\":{\"@id\":\"https:\/\/mwc-cmm.org\/en\/#\/schema\/logo\/image\/\"},\"sameAs\":[\"https:\/\/www.facebook.com\/MennoniteWorldConference\",\"https:\/\/www.linkedin.com\/company\/mennonite-world-conference-mwc\/\",\"https:\/\/www.instagram.com\/mwcmm\/\",\"https:\/\/www.youtube.com\/user\/mwccmm\",\"https:\/\/bsky.app\/profile\/mwcmm.bsky.social\"]},{\"@type\":\"Person\",\"@id\":\"https:\/\/mwc-cmm.org\/en\/#\/schema\/person\/11f6ae0d7d1868ba20a1cc27f067c836\",\"name\":\"mennworldcon\",\"image\":{\"@type\":\"ImageObject\",\"inLanguage\":\"fr-FR\",\"@id\":\"https:\/\/secure.gravatar.com\/avatar\/06fdc0dc81c157dfdb82ec42f252178a22307808988d22c043f9eb96f1e0fe80?s=96&d=mm&r=g\",\"url\":\"https:\/\/secure.gravatar.com\/avatar\/06fdc0dc81c157dfdb82ec42f252178a22307808988d22c043f9eb96f1e0fe80?s=96&d=mm&r=g\",\"contentUrl\":\"https:\/\/secure.gravatar.com\/avatar\/06fdc0dc81c157dfdb82ec42f252178a22307808988d22c043f9eb96f1e0fe80?s=96&d=mm&r=g\",\"caption\":\"mennworldcon\"},\"sameAs\":[\"https:\/\/mwc-cmm.org\"],\"url\":\"https:\/\/mwc-cmm.org\/fr\/stories\/author\/mennworldcon\/\"}]}<\/script>\n<!-- \/ Yoast SEO plugin. -->","yoast_head_json":{"title":"\u00catre l\u2019\u00c9glise autrement - Mennonite World Conference","robots":{"index":"index","follow":"follow","max-snippet":"max-snippet:-1","max-image-preview":"max-image-preview:large","max-video-preview":"max-video-preview:-1"},"canonical":"https:\/\/mwc-cmm.org\/en\/stories\/different-way-being-church\/","og_locale":"fr_FR","og_type":"article","og_title":"\u00catre l\u2019\u00c9glise autrement - Mennonite World Conference","og_description":"L\u2019exp\u00e9rience d\u2019un caf\u00e9 pas comme les autres : une source d\u2019inspiration pour r\u00e9inventer la vie d\u2019\u00c9glise ? Chaque ann\u00e9e au mois de septembre, les employ\u00e9s et collaborateurs de la Conf\u00e9rence Mennonite Suisse (CMS) se retrouvent pour une journ\u00e9e de rencontre, partage et d\u00e9couverte. Ce temps a pour but de permettre les \u00e9changes et de redonner [&hellip;]","og_url":"https:\/\/mwc-cmm.org\/en\/stories\/different-way-being-church\/","og_site_name":"Mennonite World Conference","article_publisher":"https:\/\/www.facebook.com\/MennoniteWorldConference","article_published_time":"2021-03-06T00:00:00+00:00","article_modified_time":"2024-12-10T17:17:46+00:00","og_image":[{"width":1280,"height":960,"url":"https:\/\/mwc-cmm.org\/wp-content\/uploads\/2024\/11\/rmf-03-2021-photo1.jpeg","type":"image\/jpeg"}],"author":"mennworldcon","schema":{"@context":"https:\/\/schema.org","@graph":[{"@type":"Article","@id":"https:\/\/mwc-cmm.org\/en\/stories\/different-way-being-church\/#article","isPartOf":{"@id":"https:\/\/mwc-cmm.org\/en\/stories\/different-way-being-church\/"},"author":{"name":"mennworldcon","@id":"https:\/\/mwc-cmm.org\/en\/#\/schema\/person\/11f6ae0d7d1868ba20a1cc27f067c836"},"headline":"\u00catre l\u2019\u00c9glise autrement","datePublished":"2021-03-06T00:00:00+00:00","dateModified":"2024-12-10T17:17:46+00:00","mainEntityOfPage":{"@id":"https:\/\/mwc-cmm.org\/en\/stories\/different-way-being-church\/"},"wordCount":893,"publisher":{"@id":"https:\/\/mwc-cmm.org\/en\/#organization"},"image":{"@id":"https:\/\/mwc-cmm.org\/en\/stories\/different-way-being-church\/#primaryimage"},"thumbnailUrl":"https:\/\/mwc-cmm.org\/wp-content\/uploads\/2024\/11\/rmf-03-2021-photo1.jpeg","articleSection":["Non classifi\u00e9(e)"],"inLanguage":"fr-FR"},{"@type":"WebPage","@id":"https:\/\/mwc-cmm.org\/en\/stories\/different-way-being-church\/","url":"https:\/\/mwc-cmm.org\/en\/stories\/different-way-being-church\/","name":"\u00catre l\u2019\u00c9glise autrement - Mennonite World Conference","isPartOf":{"@id":"https:\/\/mwc-cmm.org\/en\/#website"},"primaryImageOfPage":{"@id":"https:\/\/mwc-cmm.org\/en\/stories\/different-way-being-church\/#primaryimage"},"image":{"@id":"https:\/\/mwc-cmm.org\/en\/stories\/different-way-being-church\/#primaryimage"},"thumbnailUrl":"https:\/\/mwc-cmm.org\/wp-content\/uploads\/2024\/11\/rmf-03-2021-photo1.jpeg","datePublished":"2021-03-06T00:00:00+00:00","dateModified":"2024-12-10T17:17:46+00:00","breadcrumb":{"@id":"https:\/\/mwc-cmm.org\/en\/stories\/different-way-being-church\/#breadcrumb"},"inLanguage":"fr-FR","potentialAction":[{"@type":"ReadAction","target":["https:\/\/mwc-cmm.org\/en\/stories\/different-way-being-church\/"]}]},{"@type":"ImageObject","inLanguage":"fr-FR","@id":"https:\/\/mwc-cmm.org\/en\/stories\/different-way-being-church\/#primaryimage","url":"https:\/\/mwc-cmm.org\/wp-content\/uploads\/2024\/11\/rmf-03-2021-photo1.jpeg","contentUrl":"https:\/\/mwc-cmm.org\/wp-content\/uploads\/2024\/11\/rmf-03-2021-photo1.jpeg","width":1280,"height":960},{"@type":"BreadcrumbList","@id":"https:\/\/mwc-cmm.org\/en\/stories\/different-way-being-church\/#breadcrumb","itemListElement":[{"@type":"ListItem","position":1,"name":"Home","item":"https:\/\/mwc-cmm.org\/fr\/"},{"@type":"ListItem","position":2,"name":"\u00catre l\u2019\u00c9glise autrement"}]},{"@type":"WebSite","@id":"https:\/\/mwc-cmm.org\/en\/#website","url":"https:\/\/mwc-cmm.org\/en\/","name":"Mennonite World Conference","description":"A communion of Anabaptist-related churches","publisher":{"@id":"https:\/\/mwc-cmm.org\/en\/#organization"},"alternateName":"MWC","potentialAction":[{"@type":"SearchAction","target":{"@type":"EntryPoint","urlTemplate":"https:\/\/mwc-cmm.org\/en\/?s={search_term_string}"},"query-input":{"@type":"PropertyValueSpecification","valueRequired":true,"valueName":"search_term_string"}}],"inLanguage":"fr-FR"},{"@type":"Organization","@id":"https:\/\/mwc-cmm.org\/en\/#organization","name":"Mennonite World Conference","alternateName":"MWC","url":"https:\/\/mwc-cmm.org\/en\/","logo":{"@type":"ImageObject","inLanguage":"fr-FR","@id":"https:\/\/mwc-cmm.org\/en\/#\/schema\/logo\/image\/","url":"https:\/\/mwc-cmm.org\/wp-content\/uploads\/2026\/01\/MWC_Sig_Blue_Horiz_webheader1-logo.svg","contentUrl":"https:\/\/mwc-cmm.org\/wp-content\/uploads\/2026\/01\/MWC_Sig_Blue_Horiz_webheader1-logo.svg","width":786,"height":82,"caption":"Mennonite World Conference"},"image":{"@id":"https:\/\/mwc-cmm.org\/en\/#\/schema\/logo\/image\/"},"sameAs":["https:\/\/www.facebook.com\/MennoniteWorldConference","https:\/\/www.linkedin.com\/company\/mennonite-world-conference-mwc\/","https:\/\/www.instagram.com\/mwcmm\/","https:\/\/www.youtube.com\/user\/mwccmm","https:\/\/bsky.app\/profile\/mwcmm.bsky.social"]},{"@type":"Person","@id":"https:\/\/mwc-cmm.org\/en\/#\/schema\/person\/11f6ae0d7d1868ba20a1cc27f067c836","name":"mennworldcon","image":{"@type":"ImageObject","inLanguage":"fr-FR","@id":"https:\/\/secure.gravatar.com\/avatar\/06fdc0dc81c157dfdb82ec42f252178a22307808988d22c043f9eb96f1e0fe80?s=96&d=mm&r=g","url":"https:\/\/secure.gravatar.com\/avatar\/06fdc0dc81c157dfdb82ec42f252178a22307808988d22c043f9eb96f1e0fe80?s=96&d=mm&r=g","contentUrl":"https:\/\/secure.gravatar.com\/avatar\/06fdc0dc81c157dfdb82ec42f252178a22307808988d22c043f9eb96f1e0fe80?s=96&d=mm&r=g","caption":"mennworldcon"},"sameAs":["https:\/\/mwc-cmm.org"],"url":"https:\/\/mwc-cmm.org\/fr\/stories\/author\/mennworldcon\/"}]}},"_links":{"self":[{"href":"https:\/\/mwc-cmm.org\/fr\/wp-json\/wp\/v2\/posts\/8261","targetHints":{"allow":["GET"]}}],"collection":[{"href":"https:\/\/mwc-cmm.org\/fr\/wp-json\/wp\/v2\/posts"}],"about":[{"href":"https:\/\/mwc-cmm.org\/fr\/wp-json\/wp\/v2\/types\/post"}],"author":[{"embeddable":true,"href":"https:\/\/mwc-cmm.org\/fr\/wp-json\/wp\/v2\/users\/1"}],"replies":[{"embeddable":true,"href":"https:\/\/mwc-cmm.org\/fr\/wp-json\/wp\/v2\/comments?post=8261"}],"version-history":[{"count":0,"href":"https:\/\/mwc-cmm.org\/fr\/wp-json\/wp\/v2\/posts\/8261\/revisions"}],"wp:featuredmedia":[{"embeddable":true,"href":"https:\/\/mwc-cmm.org\/fr\/wp-json\/wp\/v2\/media\/93348"}],"wp:attachment":[{"href":"https:\/\/mwc-cmm.org\/fr\/wp-json\/wp\/v2\/media?parent=8261"}],"wp:term":[{"taxonomy":"category","embeddable":true,"href":"https:\/\/mwc-cmm.org\/fr\/wp-json\/wp\/v2\/categories?post=8261"},{"taxonomy":"post_tag","embeddable":true,"href":"https:\/\/mwc-cmm.org\/fr\/wp-json\/wp\/v2\/tags?post=8261"},{"taxonomy":"network","embeddable":true,"href":"https:\/\/mwc-cmm.org\/fr\/wp-json\/wp\/v2\/network?post=8261"},{"taxonomy":"eventcategory","embeddable":true,"href":"https:\/\/mwc-cmm.org\/fr\/wp-json\/wp\/v2\/eventcategory?post=8261"}],"curies":[{"name":"wp","href":"https:\/\/api.w.org\/{rel}","templated":true}]}}