{"id":8256,"date":"2018-05-05T00:00:00","date_gmt":"2018-05-05T00:00:00","guid":{"rendered":"https:\/\/mwc-cmm.org\/les-mennonites-francais-et-leur-appartenance-protestante-et-evangelique\/"},"modified":"2024-12-10T17:17:03","modified_gmt":"2024-12-10T17:17:03","slug":"les-mennonites-francais-et-leur-appartenance-protestante-et-evangelique","status":"publish","type":"post","link":"https:\/\/mwc-cmm.org\/fr\/stories\/les-mennonites-francais-et-leur-appartenance-protestante-et-evangelique\/","title":{"rendered":"Les mennonites fran\u00e7ais et leur appartenance protestante et \u00e9vang\u00e9lique\u2026"},"content":{"rendered":"<p><em>Depuis une quinzaine d\u2019ann\u00e9es, les mennonites de France r\u00e9fl\u00e9chissent \u00e0 adh\u00e9rer \u00e0 une entit\u00e9 f\u00e9d\u00e9rative ou inter-d\u00e9nominationnelle. Le processus est \u00e0 l\u2019arr\u00eat actuellement. Explications.<\/em><\/p>\n<p>Comment les mennonites fran\u00e7ais peuvent-ils se situer dans l\u2019ensemble du protestantisme fran\u00e7ais&nbsp;? Nous sommes une petite minorit\u00e9 au sein de la minorit\u00e9 protestante fran\u00e7aise, elle-m\u00eame compos\u00e9e de familles nombreuses. Ces familles ont leurs origines &#8211; directement ou indirectement &#8211; dans la R\u00e9forme protestante. Depuis, les protestants ont continu\u00e9 \u00e0 se diviser et comptent aujourd\u2019hui plusieurs milliers de d\u00e9nominations dans le monde.<\/p>\n<p>N\u00e9s dans les premi\u00e8res ann\u00e9es de la R\u00e9forme, les mennonites ont connu le rejet et la pers\u00e9cution, ce qui a fait d\u2019eux des marginaux, souvent oblig\u00e9s \u00e0 l\u2019\u00e9migration. Pendant longtemps, \u00e0 cause de cette histoire, les liens avec les protestants luth\u00e9riens et r\u00e9form\u00e9s n\u2019\u00e9taient pas \u00e9vidents. Vers la fin du 17e si\u00e8cle est apparu un mouvement de renouveau au sein du luth\u00e9ranisme appel\u00e9 le pi\u00e9tisme. Ce mouvement s\u2019est beaucoup r\u00e9pandu et a eu une influence importante sur les mennonites fran\u00e7ais et europ\u00e9ens. Beaucoup d\u2019Eglises \u00e9vang\u00e9liques d\u2019aujourd\u2019hui ont leurs racines dans le pi\u00e9tisme et les r\u00e9veils qui en sont issus. C\u2019est un milieu dans lequel les mennonites fran\u00e7ais se sentent \u00e0 l\u2019aise.<\/p>\n<h3><strong>FPF<\/strong><\/h3>\n<p>Mais que faire malgr\u00e9 tout en r\u00e9ponse au fractionnement protestant&nbsp;? En 1905, la F\u00e9d\u00e9ration Protestante de France (FPF) est n\u00e9e, avec l\u2019intention de cr\u00e9er une plate-forme o\u00f9 les protestants pouvaient collaborer, et dialoguer avec la soci\u00e9t\u00e9 environnante. Essentiellement compos\u00e9e de r\u00e9form\u00e9s et de luth\u00e9riens, il y a cependant eu des membres \u00e9vang\u00e9liques dans cette f\u00e9d\u00e9ration depuis ses origines, ce qui est encore le cas aujourd\u2019hui.<\/p>\n<p>Plusieurs assembl\u00e9es mennonites ont une histoire de collaboration avec les protestants, notamment par le partage de lieux de cultes (Toul, Saint-Genis, Bar-le-Duc, Ch\u00e2tenay-Malabry, Pontarlier). Les \u0153uvres sociales mennonites sont membres de la F\u00e9d\u00e9ration de l\u2019Entraide Protestante qui, elle, fait partie de la FPF.<\/p>\n<p>Ainsi, une discussion a \u00e9t\u00e9 lanc\u00e9e au sein des assembl\u00e9es mennonites de France pour savoir si elles voulaient adh\u00e9rer \u00e0 la FPF. En 2007, une r\u00e9ponse n\u00e9gative a \u00e9t\u00e9 donn\u00e9e \u00e0 la question. N\u00e9anmoins, le bureau de l\u2019Association des Eglises Evang\u00e9liques Mennonites de France (AEEMF) d\u2019alors a constat\u00e9 qu\u2019une majorit\u00e9 significative (voir ci-dessous) avait vot\u00e9 en faveur de l\u2019adh\u00e9sion&nbsp;; il a fait savoir que ce fait ne pouvait \u00eatre n\u00e9glig\u00e9 et que la question serait un jour repos\u00e9e.<\/p>\n<h3><strong>CNEF<\/strong><\/h3>\n<p>Entretemps est n\u00e9 le Conseil National des Evang\u00e9liques de France (CNEF) en 2010, compos\u00e9 d\u2019un nombre important des Eglises \u00e9vang\u00e9liques. Parmi ces Eglises, certaines ne veulent pas \u00eatre associ\u00e9es \u00e0 la FPF, \u00e0 leurs yeux trop \u00ab&nbsp;lib\u00e9rale&nbsp;\u00bb, tandis que d\u2019autres sont membres des deux (CNEF et FPF). Comment les mennonites de France se positionnent-ils dans cette configuration nouvelle&nbsp;?<\/p>\n<p>&nbsp;<\/p>\n<h3><strong>Double adh\u00e9sion&nbsp;?<\/strong><\/h3>\n<p>Pour r\u00e9pondre \u00e0 cette question, un groupe de travail, compos\u00e9 de membres du bureau de l\u2019AEEMF et de la commission Foi et Vie, collaborant avec des repr\u00e9sentants des assembl\u00e9es qui voulaient discuter de la question, a propos\u00e9 une adh\u00e9sion aux deux entit\u00e9s en 2012. Quelles \u00e9taient les raisons derri\u00e8re cette proposition&nbsp;?<\/p>\n<ul>\n<li>Le constat que 66 % des membres des assembl\u00e9es et 65 % des assembl\u00e9es avaient exprim\u00e9 le d\u00e9sir d\u2019appartenance \u00e0 la FPF et que les racines historiques des mennonites remontent \u00e0 la R\u00e9forme protestante.<\/li>\n<li>L\u2019enracinement \u00e9vident des mennonites dans le milieu \u00e9vang\u00e9lique et les nombreuses collaborations d\u00e9j\u00e0 existantes<\/li>\n<li>Dans un contexte o\u00f9 l\u2019entente entre protestants de diff\u00e9rentes tendances (luth\u00e9ro-r\u00e9form\u00e9s et \u00e9vang\u00e9liques) n\u2019est pas toujours facile, l\u2019accent mennonite sur l\u2019appel \u00e0 \u00eatre \u00ab&nbsp;artisans de paix&nbsp;\u00bb pourrait \u00eatre exprim\u00e9 par une double adh\u00e9sion, ouvrant la possibilit\u00e9 d\u2019\u00eatre un \u00ab&nbsp;pont&nbsp;\u00bb entre les deux mondes.<\/li>\n<li>L\u2019importance pour les assembl\u00e9es mennonites de r\u00e9fl\u00e9chir au bien de l\u2019ensemble de l\u2019union d\u2019Eglises et pas seulement \u00e0 partir du contexte local. Pourquoi priver les uns ou les autres de pouvoir approfondir des liens et des collaborations d\u00e9j\u00e0 existants&nbsp;?<\/li>\n<\/ul>\n<p>Cette proposition de double adh\u00e9sion n\u2019a pas fait l\u2019unanimit\u00e9. &nbsp;La d\u00e9cision r\u00e9cente de l\u2019Eglise protestante unie de France (EPUdF) de laisser aux pasteurs le choix de b\u00e9nir des couples d\u2019homosexuels a compliqu\u00e9 le d\u00e9bat. L\u2019EPUdF est l\u2019un des membres de la FPF, ses paroisses ne sont pas toutes d\u2019accord sur cette d\u00e9cision et les membres \u00e9vang\u00e9liques de la FPF s\u2019y opposent.<\/p>\n<p>En r\u00e9ponse, certaines assembl\u00e9es mennonites ont propos\u00e9 de pouvoir se d\u00e9cider s\u00e9par\u00e9ment pour l\u2019une ou l\u2019autre entit\u00e9 (FPF ou CNEF), proposition qui n\u2019a pas remport\u00e9 une majorit\u00e9. Ainsi, la proc\u00e9dure s\u2019est ralentie pour laisser la place \u00e0 un temps de r\u00e9flexion et de discussion, ce qui est la situation actuelle.<\/p>\n<p>Les enjeux sont importants, car les mennonites ne peuvent pas se contenter d\u2019exister seuls, sans lien avec les autres protestants, luth\u00e9ro-r\u00e9form\u00e9s et \u00e9vang\u00e9liques. La difficult\u00e9 semble \u00eatre la mani\u00e8re de se positionner face aux questions pour lesquelles il y a des avis diff\u00e9rents au sein des mennonites fran\u00e7ais.<\/p>\n<h3><strong>Pour ou contre<\/strong><\/h3>\n<p>En ce qui concerne la FPF, pour les uns, face \u00e0 la th\u00e9ologie lib\u00e9rale, il n\u2019y a pas de possibilit\u00e9 de lien. Pour les autres, il s\u2019agit de repr\u00e9senter notre position en discussion avec les autres, sachant qu\u2019au sein de la FPF, il y a des Eglises qui souhaiteraient l\u2019arriv\u00e9e des mennonites pour se sentir renforc\u00e9es. Les membres de la FPF signent une charte de collaboration, mais chaque Eglise garde sa confession de foi et ses pratiques. Aucune obligation de changer de th\u00e9ologie.<\/p>\n<p>Quant au CNEF, le choix semble plus facile pour beaucoup. Ne sommes-nous pas des \u00e9vang\u00e9liques&nbsp;? Certains r\u00e9pondront qu\u2019il y a aussi des d\u00e9bats importants au sein du monde \u00e9vang\u00e9lique&nbsp;:&nbsp; il y en a qui baptisent les enfants, la plupart ne partagent pas notre positionnement concernant la non-violence, et on constate les d\u00e9rives politiques possibles chez les \u00e9vang\u00e9liques d\u2019autres pays comme aux USA.<\/p>\n<p>Nous avons beaucoup d\u2019amis et de choses communes dans les deux mondes protestants. La question de base semble \u00eatre&nbsp;: que faire devant les d\u00e9saccords entre chr\u00e9tiens&nbsp;? Y aller pour t\u00e9moigner et discuter ou refuser d\u2019\u00eatre pr\u00e9sent l\u00e0 o\u00f9 l\u2019on ne se sent pas \u00e0 l\u2019aise.<\/p>\n<p><em><img decoding=\"async\" alt=\"Neil Blough\" class=\"media-element file-default lazyload\" data-delta=\"1\" data-fid=\"4859\" data-media-element=\"1\" height=\"375\" data-src=\"https:\/\/mwc-cmm.org\/wp-content\/uploads\/2024\/10\/neil-blough.jpg\" style=\"--smush-placeholder-width: 300px; --smush-placeholder-aspect-ratio: 300\/375;float:right\" title=\"Neil Blough\" typeof=\"foaf:Image\" width=\"300\" src=\"data:image\/svg+xml;base64,PHN2ZyB3aWR0aD0iMSIgaGVpZ2h0PSIxIiB4bWxucz0iaHR0cDovL3d3dy53My5vcmcvMjAwMC9zdmciPjwvc3ZnPg==\" \/>\u2014Neal Blough, Eglise de Ch\u00e2tenay-Malabry, directeur du Centre Mennonite de Paris, professeur d\u2019histoire de l\u2019Eglise \u00e0 la Facult\u00e9 libre de th\u00e9ologie \u00e9vang\u00e9lique de Vaux-sur-Seine<\/em><\/p>\n","protected":false},"excerpt":{"rendered":"<p>Depuis une quinzaine d\u2019ann\u00e9es, les mennonites de France r\u00e9fl\u00e9chissent \u00e0 adh\u00e9rer \u00e0 une entit\u00e9 f\u00e9d\u00e9rative ou inter-d\u00e9nominationnelle. Le processus est \u00e0 l\u2019arr\u00eat actuellement. Explications. Comment les mennonites fran\u00e7ais peuvent-ils se situer dans l\u2019ensemble du protestantisme fran\u00e7ais&nbsp;? Nous sommes une petite minorit\u00e9 au sein de la minorit\u00e9 protestante fran\u00e7aise, elle-m\u00eame compos\u00e9e de familles nombreuses. Ces familles [&hellip;]<\/p>\n","protected":false},"author":1,"featured_media":92330,"comment_status":"closed","ping_status":"closed","sticky":false,"template":"","format":"standard","meta":{"_acf_changed":false,"footnotes":""},"categories":[7],"tags":[],"network":[1282],"eventcategory":[],"class_list":["post-8256","post","type-post","status-publish","format-standard","has-post-thumbnail","hentry","category-non-classifiee","network-francophone-network-fr"],"acf":[],"yoast_head":"<!-- This site is optimized with the Yoast SEO plugin v27.5 - https:\/\/yoast.com\/product\/yoast-seo-wordpress\/ -->\n<title>Les mennonites fran\u00e7ais et leur appartenance protestante et \u00e9vang\u00e9lique\u2026 - Mennonite World Conference<\/title>\n<meta name=\"robots\" content=\"index, follow, max-snippet:-1, max-image-preview:large, max-video-preview:-1\" \/>\n<link rel=\"canonical\" href=\"https:\/\/mwc-cmm.org\/fr\/stories\/les-mennonites-francais-et-leur-appartenance-protestante-et-evangelique\/\" \/>\n<meta property=\"og:locale\" content=\"fr_FR\" \/>\n<meta property=\"og:type\" content=\"article\" \/>\n<meta property=\"og:title\" content=\"Les mennonites fran\u00e7ais et leur appartenance protestante et \u00e9vang\u00e9lique\u2026 - Mennonite World Conference\" \/>\n<meta property=\"og:description\" content=\"Depuis une quinzaine d\u2019ann\u00e9es, les mennonites de France r\u00e9fl\u00e9chissent \u00e0 adh\u00e9rer \u00e0 une entit\u00e9 f\u00e9d\u00e9rative ou inter-d\u00e9nominationnelle. Le processus est \u00e0 l\u2019arr\u00eat actuellement. Explications. Comment les mennonites fran\u00e7ais peuvent-ils se situer dans l\u2019ensemble du protestantisme fran\u00e7ais&nbsp;? Nous sommes une petite minorit\u00e9 au sein de la minorit\u00e9 protestante fran\u00e7aise, elle-m\u00eame compos\u00e9e de familles nombreuses. Ces familles [&hellip;]\" \/>\n<meta property=\"og:url\" content=\"https:\/\/mwc-cmm.org\/fr\/stories\/les-mennonites-francais-et-leur-appartenance-protestante-et-evangelique\/\" \/>\n<meta property=\"og:site_name\" content=\"Mennonite World Conference\" \/>\n<meta property=\"article:publisher\" content=\"https:\/\/www.facebook.com\/MennoniteWorldConference\" \/>\n<meta property=\"article:published_time\" content=\"2018-05-05T00:00:00+00:00\" \/>\n<meta property=\"article:modified_time\" content=\"2024-12-10T17:17:03+00:00\" \/>\n<meta property=\"og:image\" content=\"https:\/\/mwc-cmm.org\/wp-content\/uploads\/2024\/11\/rmf-appartenance-protestante.jpg\" \/>\n\t<meta property=\"og:image:width\" content=\"1280\" \/>\n\t<meta property=\"og:image:height\" content=\"861\" \/>\n\t<meta property=\"og:image:type\" content=\"image\/jpeg\" \/>\n<meta name=\"author\" content=\"mennworldcon\" \/>\n<script type=\"application\/ld+json\" class=\"yoast-schema-graph\">{\"@context\":\"https:\\\/\\\/schema.org\",\"@graph\":[{\"@type\":\"Article\",\"@id\":\"https:\\\/\\\/mwc-cmm.org\\\/fr\\\/stories\\\/les-mennonites-francais-et-leur-appartenance-protestante-et-evangelique\\\/#article\",\"isPartOf\":{\"@id\":\"https:\\\/\\\/mwc-cmm.org\\\/fr\\\/stories\\\/les-mennonites-francais-et-leur-appartenance-protestante-et-evangelique\\\/\"},\"author\":{\"name\":\"mennworldcon\",\"@id\":\"https:\\\/\\\/mwc-cmm.org\\\/en\\\/#\\\/schema\\\/person\\\/11f6ae0d7d1868ba20a1cc27f067c836\"},\"headline\":\"Les mennonites fran\u00e7ais et leur appartenance protestante et \u00e9vang\u00e9lique\u2026\",\"datePublished\":\"2018-05-05T00:00:00+00:00\",\"dateModified\":\"2024-12-10T17:17:03+00:00\",\"mainEntityOfPage\":{\"@id\":\"https:\\\/\\\/mwc-cmm.org\\\/fr\\\/stories\\\/les-mennonites-francais-et-leur-appartenance-protestante-et-evangelique\\\/\"},\"wordCount\":1192,\"publisher\":{\"@id\":\"https:\\\/\\\/mwc-cmm.org\\\/en\\\/#organization\"},\"image\":{\"@id\":\"https:\\\/\\\/mwc-cmm.org\\\/fr\\\/stories\\\/les-mennonites-francais-et-leur-appartenance-protestante-et-evangelique\\\/#primaryimage\"},\"thumbnailUrl\":\"https:\\\/\\\/mwc-cmm.org\\\/wp-content\\\/uploads\\\/2024\\\/11\\\/rmf-appartenance-protestante.jpg\",\"articleSection\":[\"Non classifi\u00e9(e)\"],\"inLanguage\":\"fr-FR\"},{\"@type\":\"WebPage\",\"@id\":\"https:\\\/\\\/mwc-cmm.org\\\/fr\\\/stories\\\/les-mennonites-francais-et-leur-appartenance-protestante-et-evangelique\\\/\",\"url\":\"https:\\\/\\\/mwc-cmm.org\\\/fr\\\/stories\\\/les-mennonites-francais-et-leur-appartenance-protestante-et-evangelique\\\/\",\"name\":\"Les mennonites fran\u00e7ais et leur appartenance protestante et \u00e9vang\u00e9lique\u2026 - Mennonite World Conference\",\"isPartOf\":{\"@id\":\"https:\\\/\\\/mwc-cmm.org\\\/en\\\/#website\"},\"primaryImageOfPage\":{\"@id\":\"https:\\\/\\\/mwc-cmm.org\\\/fr\\\/stories\\\/les-mennonites-francais-et-leur-appartenance-protestante-et-evangelique\\\/#primaryimage\"},\"image\":{\"@id\":\"https:\\\/\\\/mwc-cmm.org\\\/fr\\\/stories\\\/les-mennonites-francais-et-leur-appartenance-protestante-et-evangelique\\\/#primaryimage\"},\"thumbnailUrl\":\"https:\\\/\\\/mwc-cmm.org\\\/wp-content\\\/uploads\\\/2024\\\/11\\\/rmf-appartenance-protestante.jpg\",\"datePublished\":\"2018-05-05T00:00:00+00:00\",\"dateModified\":\"2024-12-10T17:17:03+00:00\",\"breadcrumb\":{\"@id\":\"https:\\\/\\\/mwc-cmm.org\\\/fr\\\/stories\\\/les-mennonites-francais-et-leur-appartenance-protestante-et-evangelique\\\/#breadcrumb\"},\"inLanguage\":\"fr-FR\",\"potentialAction\":[{\"@type\":\"ReadAction\",\"target\":[\"https:\\\/\\\/mwc-cmm.org\\\/fr\\\/stories\\\/les-mennonites-francais-et-leur-appartenance-protestante-et-evangelique\\\/\"]}]},{\"@type\":\"ImageObject\",\"inLanguage\":\"fr-FR\",\"@id\":\"https:\\\/\\\/mwc-cmm.org\\\/fr\\\/stories\\\/les-mennonites-francais-et-leur-appartenance-protestante-et-evangelique\\\/#primaryimage\",\"url\":\"https:\\\/\\\/mwc-cmm.org\\\/wp-content\\\/uploads\\\/2024\\\/11\\\/rmf-appartenance-protestante.jpg\",\"contentUrl\":\"https:\\\/\\\/mwc-cmm.org\\\/wp-content\\\/uploads\\\/2024\\\/11\\\/rmf-appartenance-protestante.jpg\",\"width\":1280,\"height\":861},{\"@type\":\"BreadcrumbList\",\"@id\":\"https:\\\/\\\/mwc-cmm.org\\\/fr\\\/stories\\\/les-mennonites-francais-et-leur-appartenance-protestante-et-evangelique\\\/#breadcrumb\",\"itemListElement\":[{\"@type\":\"ListItem\",\"position\":1,\"name\":\"Home\",\"item\":\"https:\\\/\\\/mwc-cmm.org\\\/fr\\\/\"},{\"@type\":\"ListItem\",\"position\":2,\"name\":\"Les mennonites fran\u00e7ais et leur appartenance protestante et \u00e9vang\u00e9lique\u2026\"}]},{\"@type\":\"WebSite\",\"@id\":\"https:\\\/\\\/mwc-cmm.org\\\/en\\\/#website\",\"url\":\"https:\\\/\\\/mwc-cmm.org\\\/en\\\/\",\"name\":\"Mennonite World Conference\",\"description\":\"A communion of Anabaptist-related churches\",\"publisher\":{\"@id\":\"https:\\\/\\\/mwc-cmm.org\\\/en\\\/#organization\"},\"alternateName\":\"MWC\",\"potentialAction\":[{\"@type\":\"SearchAction\",\"target\":{\"@type\":\"EntryPoint\",\"urlTemplate\":\"https:\\\/\\\/mwc-cmm.org\\\/en\\\/?s={search_term_string}\"},\"query-input\":{\"@type\":\"PropertyValueSpecification\",\"valueRequired\":true,\"valueName\":\"search_term_string\"}}],\"inLanguage\":\"fr-FR\"},{\"@type\":\"Organization\",\"@id\":\"https:\\\/\\\/mwc-cmm.org\\\/en\\\/#organization\",\"name\":\"Mennonite World Conference\",\"alternateName\":\"MWC\",\"url\":\"https:\\\/\\\/mwc-cmm.org\\\/en\\\/\",\"logo\":{\"@type\":\"ImageObject\",\"inLanguage\":\"fr-FR\",\"@id\":\"https:\\\/\\\/mwc-cmm.org\\\/en\\\/#\\\/schema\\\/logo\\\/image\\\/\",\"url\":\"https:\\\/\\\/mwc-cmm.org\\\/wp-content\\\/uploads\\\/2026\\\/01\\\/MWC_Sig_Blue_Horiz_webheader1-logo.svg\",\"contentUrl\":\"https:\\\/\\\/mwc-cmm.org\\\/wp-content\\\/uploads\\\/2026\\\/01\\\/MWC_Sig_Blue_Horiz_webheader1-logo.svg\",\"width\":786,\"height\":82,\"caption\":\"Mennonite World Conference\"},\"image\":{\"@id\":\"https:\\\/\\\/mwc-cmm.org\\\/en\\\/#\\\/schema\\\/logo\\\/image\\\/\"},\"sameAs\":[\"https:\\\/\\\/www.facebook.com\\\/MennoniteWorldConference\",\"https:\\\/\\\/www.linkedin.com\\\/company\\\/mennonite-world-conference-mwc\\\/\",\"https:\\\/\\\/www.instagram.com\\\/mwcmm\\\/\",\"https:\\\/\\\/www.youtube.com\\\/user\\\/mwccmm\",\"https:\\\/\\\/bsky.app\\\/profile\\\/mwcmm.bsky.social\"]},{\"@type\":\"Person\",\"@id\":\"https:\\\/\\\/mwc-cmm.org\\\/en\\\/#\\\/schema\\\/person\\\/11f6ae0d7d1868ba20a1cc27f067c836\",\"name\":\"mennworldcon\",\"image\":{\"@type\":\"ImageObject\",\"inLanguage\":\"fr-FR\",\"@id\":\"https:\\\/\\\/secure.gravatar.com\\\/avatar\\\/06fdc0dc81c157dfdb82ec42f252178a22307808988d22c043f9eb96f1e0fe80?s=96&d=mm&r=g\",\"url\":\"https:\\\/\\\/secure.gravatar.com\\\/avatar\\\/06fdc0dc81c157dfdb82ec42f252178a22307808988d22c043f9eb96f1e0fe80?s=96&d=mm&r=g\",\"contentUrl\":\"https:\\\/\\\/secure.gravatar.com\\\/avatar\\\/06fdc0dc81c157dfdb82ec42f252178a22307808988d22c043f9eb96f1e0fe80?s=96&d=mm&r=g\",\"caption\":\"mennworldcon\"},\"sameAs\":[\"https:\\\/\\\/mwc-cmm.org\"],\"url\":\"https:\\\/\\\/mwc-cmm.org\\\/fr\\\/stories\\\/author\\\/mennworldcon\\\/\"}]}<\/script>\n<!-- \/ Yoast SEO plugin. -->","yoast_head_json":{"title":"Les mennonites fran\u00e7ais et leur appartenance protestante et \u00e9vang\u00e9lique\u2026 - Mennonite World Conference","robots":{"index":"index","follow":"follow","max-snippet":"max-snippet:-1","max-image-preview":"max-image-preview:large","max-video-preview":"max-video-preview:-1"},"canonical":"https:\/\/mwc-cmm.org\/fr\/stories\/les-mennonites-francais-et-leur-appartenance-protestante-et-evangelique\/","og_locale":"fr_FR","og_type":"article","og_title":"Les mennonites fran\u00e7ais et leur appartenance protestante et \u00e9vang\u00e9lique\u2026 - Mennonite World Conference","og_description":"Depuis une quinzaine d\u2019ann\u00e9es, les mennonites de France r\u00e9fl\u00e9chissent \u00e0 adh\u00e9rer \u00e0 une entit\u00e9 f\u00e9d\u00e9rative ou inter-d\u00e9nominationnelle. Le processus est \u00e0 l\u2019arr\u00eat actuellement. Explications. Comment les mennonites fran\u00e7ais peuvent-ils se situer dans l\u2019ensemble du protestantisme fran\u00e7ais&nbsp;? Nous sommes une petite minorit\u00e9 au sein de la minorit\u00e9 protestante fran\u00e7aise, elle-m\u00eame compos\u00e9e de familles nombreuses. Ces familles [&hellip;]","og_url":"https:\/\/mwc-cmm.org\/fr\/stories\/les-mennonites-francais-et-leur-appartenance-protestante-et-evangelique\/","og_site_name":"Mennonite World Conference","article_publisher":"https:\/\/www.facebook.com\/MennoniteWorldConference","article_published_time":"2018-05-05T00:00:00+00:00","article_modified_time":"2024-12-10T17:17:03+00:00","og_image":[{"width":1280,"height":861,"url":"https:\/\/mwc-cmm.org\/wp-content\/uploads\/2024\/11\/rmf-appartenance-protestante.jpg","type":"image\/jpeg"}],"author":"mennworldcon","schema":{"@context":"https:\/\/schema.org","@graph":[{"@type":"Article","@id":"https:\/\/mwc-cmm.org\/fr\/stories\/les-mennonites-francais-et-leur-appartenance-protestante-et-evangelique\/#article","isPartOf":{"@id":"https:\/\/mwc-cmm.org\/fr\/stories\/les-mennonites-francais-et-leur-appartenance-protestante-et-evangelique\/"},"author":{"name":"mennworldcon","@id":"https:\/\/mwc-cmm.org\/en\/#\/schema\/person\/11f6ae0d7d1868ba20a1cc27f067c836"},"headline":"Les mennonites fran\u00e7ais et leur appartenance protestante et \u00e9vang\u00e9lique\u2026","datePublished":"2018-05-05T00:00:00+00:00","dateModified":"2024-12-10T17:17:03+00:00","mainEntityOfPage":{"@id":"https:\/\/mwc-cmm.org\/fr\/stories\/les-mennonites-francais-et-leur-appartenance-protestante-et-evangelique\/"},"wordCount":1192,"publisher":{"@id":"https:\/\/mwc-cmm.org\/en\/#organization"},"image":{"@id":"https:\/\/mwc-cmm.org\/fr\/stories\/les-mennonites-francais-et-leur-appartenance-protestante-et-evangelique\/#primaryimage"},"thumbnailUrl":"https:\/\/mwc-cmm.org\/wp-content\/uploads\/2024\/11\/rmf-appartenance-protestante.jpg","articleSection":["Non classifi\u00e9(e)"],"inLanguage":"fr-FR"},{"@type":"WebPage","@id":"https:\/\/mwc-cmm.org\/fr\/stories\/les-mennonites-francais-et-leur-appartenance-protestante-et-evangelique\/","url":"https:\/\/mwc-cmm.org\/fr\/stories\/les-mennonites-francais-et-leur-appartenance-protestante-et-evangelique\/","name":"Les mennonites fran\u00e7ais et leur appartenance protestante et \u00e9vang\u00e9lique\u2026 - Mennonite World Conference","isPartOf":{"@id":"https:\/\/mwc-cmm.org\/en\/#website"},"primaryImageOfPage":{"@id":"https:\/\/mwc-cmm.org\/fr\/stories\/les-mennonites-francais-et-leur-appartenance-protestante-et-evangelique\/#primaryimage"},"image":{"@id":"https:\/\/mwc-cmm.org\/fr\/stories\/les-mennonites-francais-et-leur-appartenance-protestante-et-evangelique\/#primaryimage"},"thumbnailUrl":"https:\/\/mwc-cmm.org\/wp-content\/uploads\/2024\/11\/rmf-appartenance-protestante.jpg","datePublished":"2018-05-05T00:00:00+00:00","dateModified":"2024-12-10T17:17:03+00:00","breadcrumb":{"@id":"https:\/\/mwc-cmm.org\/fr\/stories\/les-mennonites-francais-et-leur-appartenance-protestante-et-evangelique\/#breadcrumb"},"inLanguage":"fr-FR","potentialAction":[{"@type":"ReadAction","target":["https:\/\/mwc-cmm.org\/fr\/stories\/les-mennonites-francais-et-leur-appartenance-protestante-et-evangelique\/"]}]},{"@type":"ImageObject","inLanguage":"fr-FR","@id":"https:\/\/mwc-cmm.org\/fr\/stories\/les-mennonites-francais-et-leur-appartenance-protestante-et-evangelique\/#primaryimage","url":"https:\/\/mwc-cmm.org\/wp-content\/uploads\/2024\/11\/rmf-appartenance-protestante.jpg","contentUrl":"https:\/\/mwc-cmm.org\/wp-content\/uploads\/2024\/11\/rmf-appartenance-protestante.jpg","width":1280,"height":861},{"@type":"BreadcrumbList","@id":"https:\/\/mwc-cmm.org\/fr\/stories\/les-mennonites-francais-et-leur-appartenance-protestante-et-evangelique\/#breadcrumb","itemListElement":[{"@type":"ListItem","position":1,"name":"Home","item":"https:\/\/mwc-cmm.org\/fr\/"},{"@type":"ListItem","position":2,"name":"Les mennonites fran\u00e7ais et leur appartenance protestante et \u00e9vang\u00e9lique\u2026"}]},{"@type":"WebSite","@id":"https:\/\/mwc-cmm.org\/en\/#website","url":"https:\/\/mwc-cmm.org\/en\/","name":"Mennonite World Conference","description":"A communion of Anabaptist-related churches","publisher":{"@id":"https:\/\/mwc-cmm.org\/en\/#organization"},"alternateName":"MWC","potentialAction":[{"@type":"SearchAction","target":{"@type":"EntryPoint","urlTemplate":"https:\/\/mwc-cmm.org\/en\/?s={search_term_string}"},"query-input":{"@type":"PropertyValueSpecification","valueRequired":true,"valueName":"search_term_string"}}],"inLanguage":"fr-FR"},{"@type":"Organization","@id":"https:\/\/mwc-cmm.org\/en\/#organization","name":"Mennonite World Conference","alternateName":"MWC","url":"https:\/\/mwc-cmm.org\/en\/","logo":{"@type":"ImageObject","inLanguage":"fr-FR","@id":"https:\/\/mwc-cmm.org\/en\/#\/schema\/logo\/image\/","url":"https:\/\/mwc-cmm.org\/wp-content\/uploads\/2026\/01\/MWC_Sig_Blue_Horiz_webheader1-logo.svg","contentUrl":"https:\/\/mwc-cmm.org\/wp-content\/uploads\/2026\/01\/MWC_Sig_Blue_Horiz_webheader1-logo.svg","width":786,"height":82,"caption":"Mennonite World Conference"},"image":{"@id":"https:\/\/mwc-cmm.org\/en\/#\/schema\/logo\/image\/"},"sameAs":["https:\/\/www.facebook.com\/MennoniteWorldConference","https:\/\/www.linkedin.com\/company\/mennonite-world-conference-mwc\/","https:\/\/www.instagram.com\/mwcmm\/","https:\/\/www.youtube.com\/user\/mwccmm","https:\/\/bsky.app\/profile\/mwcmm.bsky.social"]},{"@type":"Person","@id":"https:\/\/mwc-cmm.org\/en\/#\/schema\/person\/11f6ae0d7d1868ba20a1cc27f067c836","name":"mennworldcon","image":{"@type":"ImageObject","inLanguage":"fr-FR","@id":"https:\/\/secure.gravatar.com\/avatar\/06fdc0dc81c157dfdb82ec42f252178a22307808988d22c043f9eb96f1e0fe80?s=96&d=mm&r=g","url":"https:\/\/secure.gravatar.com\/avatar\/06fdc0dc81c157dfdb82ec42f252178a22307808988d22c043f9eb96f1e0fe80?s=96&d=mm&r=g","contentUrl":"https:\/\/secure.gravatar.com\/avatar\/06fdc0dc81c157dfdb82ec42f252178a22307808988d22c043f9eb96f1e0fe80?s=96&d=mm&r=g","caption":"mennworldcon"},"sameAs":["https:\/\/mwc-cmm.org"],"url":"https:\/\/mwc-cmm.org\/fr\/stories\/author\/mennworldcon\/"}]}},"_links":{"self":[{"href":"https:\/\/mwc-cmm.org\/fr\/wp-json\/wp\/v2\/posts\/8256","targetHints":{"allow":["GET"]}}],"collection":[{"href":"https:\/\/mwc-cmm.org\/fr\/wp-json\/wp\/v2\/posts"}],"about":[{"href":"https:\/\/mwc-cmm.org\/fr\/wp-json\/wp\/v2\/types\/post"}],"author":[{"embeddable":true,"href":"https:\/\/mwc-cmm.org\/fr\/wp-json\/wp\/v2\/users\/1"}],"replies":[{"embeddable":true,"href":"https:\/\/mwc-cmm.org\/fr\/wp-json\/wp\/v2\/comments?post=8256"}],"version-history":[{"count":0,"href":"https:\/\/mwc-cmm.org\/fr\/wp-json\/wp\/v2\/posts\/8256\/revisions"}],"wp:featuredmedia":[{"embeddable":true,"href":"https:\/\/mwc-cmm.org\/fr\/wp-json\/wp\/v2\/media\/92330"}],"wp:attachment":[{"href":"https:\/\/mwc-cmm.org\/fr\/wp-json\/wp\/v2\/media?parent=8256"}],"wp:term":[{"taxonomy":"category","embeddable":true,"href":"https:\/\/mwc-cmm.org\/fr\/wp-json\/wp\/v2\/categories?post=8256"},{"taxonomy":"post_tag","embeddable":true,"href":"https:\/\/mwc-cmm.org\/fr\/wp-json\/wp\/v2\/tags?post=8256"},{"taxonomy":"network","embeddable":true,"href":"https:\/\/mwc-cmm.org\/fr\/wp-json\/wp\/v2\/network?post=8256"},{"taxonomy":"eventcategory","embeddable":true,"href":"https:\/\/mwc-cmm.org\/fr\/wp-json\/wp\/v2\/eventcategory?post=8256"}],"curies":[{"name":"wp","href":"https:\/\/api.w.org\/{rel}","templated":true}]}}