{"id":8254,"date":"2020-06-02T00:00:00","date_gmt":"2020-06-02T00:00:00","guid":{"rendered":"https:\/\/mwc-cmm.org\/12-points-a-considerer-avant-de-rouvrir-les-portes-de-votre-eglise\/"},"modified":"2024-12-10T17:16:55","modified_gmt":"2024-12-10T17:16:55","slug":"12-points-a-considerer-avant-de-rouvrir-les-portes-de-votre-eglise","status":"publish","type":"post","link":"https:\/\/mwc-cmm.org\/fr\/stories\/12-points-a-considerer-avant-de-rouvrir-les-portes-de-votre-eglise\/","title":{"rendered":"12 points \u00e0 consid\u00e9rer avant de rouvrir les portes de votre \u00e9glise"},"content":{"rendered":"<p>Lorsque les mesures de confinement seront assouplies et que les portes des \u00e9glises et des lieux de culte pourront rouvrir, les cultes et les activit\u00e9s d\u2019\u00e9glises seront tr\u00e8s certainement diff\u00e9rentes d\u2019avant l\u2019\u00e9pid\u00e9mie de COVID-19. Et c\u2019est le prix \u00e0 payer pour garder nos communaut\u00e9s spirituelles en s\u00e9curit\u00e9 et en bonne sant\u00e9.&nbsp;<\/p>\n<p>Cela veut aussi dire que les pasteurs et les responsables d\u2019\u00e9glise devront se pr\u00e9parer au nouvel \u00e9tat des choses dans leur paroisse et leur minist\u00e8re. Voici une liste de points \u00e0 consid\u00e9rer avant d\u2019inviter les paroissiens \u00e0 r\u00e9investir les bancs de l\u2019\u00e9glise.<\/p>\n<h3><strong>1. Si les mesures de confinement restrictives sont lev\u00e9es, doit-on retourner \u00e0 nos activit\u00e9s et \u00e0 nos cultes en personne imm\u00e9diatement&nbsp;? <\/strong><\/h3>\n<p>Bien que les nouveaux cas de coronavirus soient stables ou en baisse \u00e0 certains endroits, le virus n&rsquo;a pas compl\u00e8tement disparu. Est-ce que le fait d\u2019inviter les personnes \u00e2g\u00e9es et \/ ou les personnes \u00e0 risque, \u00e0 se retrouver dans un espace clos avec d&rsquo;autres personnes potentiellement porteuses asymptomatiques les mets en danger&nbsp;? Il serait peut-\u00eatre pr\u00e9f\u00e9rable de repousser la date de votre premier culte en personne &#8211; et \/ ou de pr\u00e9voir un \u00e9chelonnage de la reprise des activit\u00e9s.<\/p>\n<p>Vous pouvez \u00e9ventuellement commencer par reprendre seulement le culte du dimanche et attendre encore avant de reprendre l&rsquo;\u00e9cole du dimanche et d&rsquo;autres activit\u00e9s sur place.<\/p>\n<p>Ou encore, trouvez des moyens cr\u00e9atifs d&rsquo;espacer les chaises dans votre \u00e9glise &#8211; ou tenez le culte \u00e0 l&rsquo;ext\u00e9rieur pendant la saison estivale.<\/p>\n<h3><strong>2. Que faire si, au d\u00e9but, les rassemblements dans les lieux de culte sont limit\u00e9s \u00e0 50 personnes maximum&nbsp;? <\/strong><\/h3>\n<p>Si les rassemblements physiques sont limit\u00e9s en nombre de personnes, vous pouvez essayer d\u2019avoir plusieurs cultes (plus courts) ou de continuer d\u2019organiser les cultes virtuels \u00e9galement en appoint. R\u00e9fl\u00e9chissez \u00e0 des moyens de r\u00e9soudre le probl\u00e8me des limites en nombre de personnes.&nbsp;&nbsp;<\/p>\n<h3><strong>3. Comment aborder les activit\u00e9s pour les enfants&nbsp;? <\/strong><\/h3>\n<p>La plupart des enfants ont du mal \u00e0 comprendre pourquoi ils doivent garder une certaine distance entre eux et leurs amis. Devez-vous reporter ou annuler les activit\u00e9s pour les enfants, comme l&rsquo;\u00e9cole biblique d\u2019\u00e9t\u00e9, l&rsquo;\u00e9cole du dimanche et \/ ou le temps des enfants&nbsp;? Ou existe-t-il des alternatives que vous pourriez mettre en \u0153uvre pour r\u00e9duire la propagation des virus et des germes, tout en faisant participer les enfants et les jeunes de votre \u00e9glise&nbsp;?<\/p>\n<h3><strong>4. Comment faire passer l\u2019offrande&nbsp;? <\/strong><\/h3>\n<p>La collecte de l\u2019offrande dans un r\u00e9cipient physique n\u2019est sans doute plus possible. Vous pouvez avoir recourt \u00e0 des urnes de collecte qu\u2019on ne touche pas ou bien donner la possibilit\u00e9 de <a href=\"https:\/\/www.everence.com\/banking\/online-and-mobile-banking\">donner en ligne<\/a> (si ce n\u2019est pas d\u00e9j\u00e0 le cas). Les membres de l\u2019\u00e9glise peuvent \u00e9galement donner leur d\u00eeme par virement bancaire.&nbsp;<\/p>\n<h3><strong>5. Quels changements apporter aux rites et c\u00e9r\u00e9monies&nbsp;? <\/strong><\/h3>\n<p>Votre paroisse devra sans doute modifier la fa\u00e7on dont elle aborde les bapt\u00eames, les onctions, les lavements de pieds et la sainte c\u00e8ne, que ce soit \u00e0 court ou \u00e0 long terme.&nbsp;&nbsp;<\/p>\n<h3><strong>6. Comment faire pour que les membres de l\u2019\u00e9glise repensent leurs habitudes du dimanche matin&nbsp;? <\/strong><\/h3>\n<p>Avec le risque d\u2019une nouvelle vague de coronavirus, ce qui \u00e9tait normal et habituel auparavant n\u2019est plus appropri\u00e9 aujourd\u2019hui. Les paroissiens devront sans doute se saluer verbalement plut\u00f4t que de se serrer la main. Quels sont les autres gestes habituels qui, sans le vouloir, pourraient poser un risque pour la sant\u00e9?<\/p>\n<h3><strong>7. Que faire lors des temps de convivialit\u00e9 et les repas en commun&nbsp;? <\/strong><\/h3>\n<p>Beaucoup d\u2019\u00e9glises proposent un temps de convivialit\u00e9 autour d\u2019une tasse de caf\u00e9\/th\u00e9 et l\u2019occasion de discuter entre la louange et l\u2019\u00e9cole du dimanche. Mais, \u00e9tant donn\u00e9 la situation li\u00e9e \u00e0 la COVID-19, il est dans l\u2019int\u00e9r\u00eat de tous de raccourcir ou de supprimer ce moment pour r\u00e9duire les risques de propagation du virus.<\/p>\n<p>De la m\u00eame mani\u00e8re, le partage d\u2019un repas communautaire pourtant si habituel, pourrait poser un risque pour la sant\u00e9 de certains. Quelles alternatives moins risqu\u00e9es votre paroisse peut-elle mettre en place pour partager un repas ensemble&nbsp;?<\/p>\n<h3><strong>8. Doit-on changer les modalit\u00e9s des r\u00e9unions du comit\u00e9&nbsp;? <\/strong><\/h3>\n<p>Que ce soit par mesure de pr\u00e9caution ou pour des raisons d\u2019emploi du temps, les r\u00e9unions d\u2019administration de la paroisse, de comit\u00e9s, etc. peuvent (ou doivent) continuer d\u2019avoir lieu par t\u00e9l\u00e9phone ou visioconf\u00e9rence. Et, qui sait, de nouveaux membres vont peut-\u00eatre vouloir s\u2019investir dans des r\u00f4les de responsabilit\u00e9 s\u2019il est plus facile de participer aux r\u00e9unions&nbsp;!&nbsp;<\/p>\n<h3><strong>9. Comment g\u00e9rer les activit\u00e9s d\u2019\u00e9glises en semaine&nbsp;?<\/strong><\/h3>\n<p>Que ce soit les \u00e9tudes bibliques, les activit\u00e9s en semaine, ou m\u00eame le pr\u00eat des b\u00e2timents \u00e0 des groupes externes, comment allez-vous contr\u00f4ler ce qu\u2019il se passe dans le b\u00e2timent de votre \u00e9glise durant la semaine&nbsp;? R\u00e9fl\u00e9chissez \u00e0 des solutions cr\u00e9atives \u00e0 ce probl\u00e8me.&nbsp;&nbsp;<\/p>\n<h3><strong>10. Quelles autres initiatives peut-on mettre en place pour prendre soin des membres de notre assembl\u00e9e&nbsp;? <\/strong><\/h3>\n<p>C\u2019est le moment de d\u00e9sinfecter et de st\u00e9riliser tout le b\u00e2timent de votre \u00e9glise et de continuer de le faire apr\u00e8s la r\u00e9ouverture physique de l\u2019\u00e9glise.<\/p>\n<p>Et si vous ne l\u2019avez pas d\u00e9j\u00e0 fait, mettez \u00e0 disposition du gel hydroalcoolique dans les espaces communs, \u00e9loignez les chaises dans la salle de culte et dans les salles d\u2019\u00e9cole du dimanche et, si vous le pouvez, distribuez des masques aux personnes rassembl\u00e9es pour le culte.&nbsp;<\/p>\n<h3><strong>11. Doit-on investir dans du nouveau mat\u00e9riel num\u00e9rique&nbsp;? <\/strong><\/h3>\n<p>Les cultes en ligne sont devenus tr\u00e8s populaires ces derni\u00e8res ann\u00e9es, et d\u2019autant plus avec les mesures de confinement li\u00e9es \u00e0 la COVID-19. Si votre \u00e9glise pr\u00e9voit de continuer \u00e0 diffuser les cultes ou certaines activit\u00e9s en ligne, et si le budget de l\u2019\u00e9glise le permet, il est pertinent d\u2019investir dans du mat\u00e9riel qui permettra \u00e0 l\u2019\u00e9glise d\u2019\u00eatre plus efficace et comp\u00e9tente dans ce domaine. &nbsp;<\/p>\n<h3><strong>12. Faut-il faire des ajustements au r\u00e8glement et\/ou \u00e0 la structure de l\u2019\u00e9glise&nbsp;? <\/strong><\/h3>\n<p>La nouvelle phase doit amener nos \u00e9glises \u00e0 repenser et \u00e0 actualiser leur gestion des finances, de la communication en p\u00e9riode de crise, ainsi que leurs r\u00e8glements en mati\u00e8re de sant\u00e9 et d\u2019hygi\u00e8ne.<\/p>\n<p>&nbsp;<\/p>\n<p>Les d\u00e9cisions que vous prendrez, en tant qu\u2019\u00e9glise, seront sans doute diff\u00e9rentes des d\u00e9cisions prises par d\u2019autres \u00e9glises parce qu\u2019elles d\u00e9pendent d\u2019un contexte et de besoins particuliers. Les responsables de votre union d\u2019\u00e9glise auront peut-\u00eatre d\u2019autres recommandations et suggestions&nbsp;; vous pouvez \u00e9galement consulter <a href=\"https:\/\/www.who.int\/\">l\u2019Organisation Mondiale de la Sant\u00e9<\/a> et vos autorit\u00e9s locales, nationales ou r\u00e9gionales.<\/p>\n<p>En r\u00e9fl\u00e9chissant, en priant et en planifiant cette nouvelle phase, votre assembl\u00e9e sera mieux pr\u00e9par\u00e9e au d\u00e9confinement et les membres de votre \u00e9glise seront reconnaissants que vous vous pr\u00e9occupiez de leur sant\u00e9 physique, \u00e9conomique et spirituelle ainsi que de leur bien-\u00eatre.<\/p>\n<p><em>\u2014Un communiqu\u00e9 de la Conf\u00e9rence Mennonite Mondiale par by <\/em><em>Madalyn Metzger, vice-pr\u00e9sidente marketing chez Everence. Cet article a \u00e9t\u00e9 publi\u00e9 pour la premi\u00e8re fois sur le blog d\u2019Everence, puis dans <\/em>The Mennonite Inc<em>.&nbsp; <\/em><\/p>\n","protected":false},"excerpt":{"rendered":"<p>When stay-at-home guidelines are eased and church doors and sanctuaries reopen, worship and church ministries will, undoubtedly, look different than before the COVID-19 (coronavirus) outbreak. And so it should \u2013 so that we continue to keep ourselves and our faith communities safe and healthy.<\/p>\n","protected":false},"author":1,"featured_media":92190,"comment_status":"closed","ping_status":"closed","sticky":false,"template":"","format":"standard","meta":{"_acf_changed":false,"footnotes":""},"categories":[7],"tags":[],"network":[],"eventcategory":[],"class_list":["post-8254","post","type-post","status-publish","format-standard","has-post-thumbnail","hentry","category-non-classifiee"],"acf":[],"yoast_head":"<!-- This site is optimized with the Yoast SEO plugin v27.2 - https:\/\/yoast.com\/product\/yoast-seo-wordpress\/ -->\n<title>12 points \u00e0 consid\u00e9rer avant de rouvrir les portes de votre \u00e9glise - Mennonite World Conference<\/title>\n<meta name=\"robots\" content=\"index, follow, max-snippet:-1, max-image-preview:large, max-video-preview:-1\" \/>\n<link rel=\"canonical\" href=\"https:\/\/mwc-cmm.org\/fr\/stories\/12-points-a-considerer-avant-de-rouvrir-les-portes-de-votre-eglise\/\" \/>\n<meta property=\"og:locale\" content=\"fr_FR\" \/>\n<meta property=\"og:type\" content=\"article\" \/>\n<meta property=\"og:title\" content=\"12 points \u00e0 consid\u00e9rer avant de rouvrir les portes de votre \u00e9glise - Mennonite World Conference\" \/>\n<meta property=\"og:description\" content=\"When stay-at-home guidelines are eased and church doors and sanctuaries reopen, worship and church ministries will, undoubtedly, look different than before the COVID-19 (coronavirus) outbreak. And so it should \u2013 so that we continue to keep ourselves and our faith communities safe and healthy.\" \/>\n<meta property=\"og:url\" content=\"https:\/\/mwc-cmm.org\/fr\/stories\/12-points-a-considerer-avant-de-rouvrir-les-portes-de-votre-eglise\/\" \/>\n<meta property=\"og:site_name\" content=\"Mennonite World Conference\" \/>\n<meta property=\"article:publisher\" content=\"https:\/\/www.facebook.com\/MennoniteWorldConference\" \/>\n<meta property=\"article:published_time\" content=\"2020-06-02T00:00:00+00:00\" \/>\n<meta property=\"article:modified_time\" content=\"2024-12-10T17:16:55+00:00\" \/>\n<meta property=\"og:image\" content=\"https:\/\/mwc-cmm.org\/wp-content\/uploads\/2024\/10\/48708413477_678bfc02aa_o_1.jpg\" \/>\n\t<meta property=\"og:image:width\" content=\"180\" \/>\n\t<meta property=\"og:image:height\" content=\"135\" \/>\n\t<meta property=\"og:image:type\" content=\"image\/jpeg\" \/>\n<meta name=\"author\" content=\"mennworldcon\" \/>\n<script type=\"application\/ld+json\" class=\"yoast-schema-graph\">{\"@context\":\"https:\/\/schema.org\",\"@graph\":[{\"@type\":\"Article\",\"@id\":\"https:\/\/mwc-cmm.org\/fr\/stories\/12-points-a-considerer-avant-de-rouvrir-les-portes-de-votre-eglise\/#article\",\"isPartOf\":{\"@id\":\"https:\/\/mwc-cmm.org\/fr\/stories\/12-points-a-considerer-avant-de-rouvrir-les-portes-de-votre-eglise\/\"},\"author\":{\"name\":\"mennworldcon\",\"@id\":\"https:\/\/mwc-cmm.org\/en\/#\/schema\/person\/11f6ae0d7d1868ba20a1cc27f067c836\"},\"headline\":\"12 points \u00e0 consid\u00e9rer avant de rouvrir les portes de votre \u00e9glise\",\"datePublished\":\"2020-06-02T00:00:00+00:00\",\"dateModified\":\"2024-12-10T17:16:55+00:00\",\"mainEntityOfPage\":{\"@id\":\"https:\/\/mwc-cmm.org\/fr\/stories\/12-points-a-considerer-avant-de-rouvrir-les-portes-de-votre-eglise\/\"},\"wordCount\":1284,\"publisher\":{\"@id\":\"https:\/\/mwc-cmm.org\/en\/#organization\"},\"image\":{\"@id\":\"https:\/\/mwc-cmm.org\/fr\/stories\/12-points-a-considerer-avant-de-rouvrir-les-portes-de-votre-eglise\/#primaryimage\"},\"thumbnailUrl\":\"https:\/\/mwc-cmm.org\/wp-content\/uploads\/2024\/10\/48708413477_678bfc02aa_o_1.jpg\",\"articleSection\":[\"Non classifi\u00e9(e)\"],\"inLanguage\":\"fr-FR\"},{\"@type\":\"WebPage\",\"@id\":\"https:\/\/mwc-cmm.org\/fr\/stories\/12-points-a-considerer-avant-de-rouvrir-les-portes-de-votre-eglise\/\",\"url\":\"https:\/\/mwc-cmm.org\/fr\/stories\/12-points-a-considerer-avant-de-rouvrir-les-portes-de-votre-eglise\/\",\"name\":\"12 points \u00e0 consid\u00e9rer avant de rouvrir les portes de votre \u00e9glise - Mennonite World Conference\",\"isPartOf\":{\"@id\":\"https:\/\/mwc-cmm.org\/en\/#website\"},\"primaryImageOfPage\":{\"@id\":\"https:\/\/mwc-cmm.org\/fr\/stories\/12-points-a-considerer-avant-de-rouvrir-les-portes-de-votre-eglise\/#primaryimage\"},\"image\":{\"@id\":\"https:\/\/mwc-cmm.org\/fr\/stories\/12-points-a-considerer-avant-de-rouvrir-les-portes-de-votre-eglise\/#primaryimage\"},\"thumbnailUrl\":\"https:\/\/mwc-cmm.org\/wp-content\/uploads\/2024\/10\/48708413477_678bfc02aa_o_1.jpg\",\"datePublished\":\"2020-06-02T00:00:00+00:00\",\"dateModified\":\"2024-12-10T17:16:55+00:00\",\"breadcrumb\":{\"@id\":\"https:\/\/mwc-cmm.org\/fr\/stories\/12-points-a-considerer-avant-de-rouvrir-les-portes-de-votre-eglise\/#breadcrumb\"},\"inLanguage\":\"fr-FR\",\"potentialAction\":[{\"@type\":\"ReadAction\",\"target\":[\"https:\/\/mwc-cmm.org\/fr\/stories\/12-points-a-considerer-avant-de-rouvrir-les-portes-de-votre-eglise\/\"]}]},{\"@type\":\"ImageObject\",\"inLanguage\":\"fr-FR\",\"@id\":\"https:\/\/mwc-cmm.org\/fr\/stories\/12-points-a-considerer-avant-de-rouvrir-les-portes-de-votre-eglise\/#primaryimage\",\"url\":\"https:\/\/mwc-cmm.org\/wp-content\/uploads\/2024\/10\/48708413477_678bfc02aa_o_1.jpg\",\"contentUrl\":\"https:\/\/mwc-cmm.org\/wp-content\/uploads\/2024\/10\/48708413477_678bfc02aa_o_1.jpg\",\"width\":180,\"height\":135},{\"@type\":\"BreadcrumbList\",\"@id\":\"https:\/\/mwc-cmm.org\/fr\/stories\/12-points-a-considerer-avant-de-rouvrir-les-portes-de-votre-eglise\/#breadcrumb\",\"itemListElement\":[{\"@type\":\"ListItem\",\"position\":1,\"name\":\"Home\",\"item\":\"https:\/\/mwc-cmm.org\/fr\/\"},{\"@type\":\"ListItem\",\"position\":2,\"name\":\"12 points \u00e0 consid\u00e9rer avant de rouvrir les portes de votre \u00e9glise\"}]},{\"@type\":\"WebSite\",\"@id\":\"https:\/\/mwc-cmm.org\/en\/#website\",\"url\":\"https:\/\/mwc-cmm.org\/en\/\",\"name\":\"Mennonite World Conference\",\"description\":\"A communion of Anabaptist-related churches\",\"publisher\":{\"@id\":\"https:\/\/mwc-cmm.org\/en\/#organization\"},\"alternateName\":\"MWC\",\"potentialAction\":[{\"@type\":\"SearchAction\",\"target\":{\"@type\":\"EntryPoint\",\"urlTemplate\":\"https:\/\/mwc-cmm.org\/en\/?s={search_term_string}\"},\"query-input\":{\"@type\":\"PropertyValueSpecification\",\"valueRequired\":true,\"valueName\":\"search_term_string\"}}],\"inLanguage\":\"fr-FR\"},{\"@type\":\"Organization\",\"@id\":\"https:\/\/mwc-cmm.org\/en\/#organization\",\"name\":\"Mennonite World Conference\",\"alternateName\":\"MWC\",\"url\":\"https:\/\/mwc-cmm.org\/en\/\",\"logo\":{\"@type\":\"ImageObject\",\"inLanguage\":\"fr-FR\",\"@id\":\"https:\/\/mwc-cmm.org\/en\/#\/schema\/logo\/image\/\",\"url\":\"https:\/\/mwc-cmm.org\/wp-content\/uploads\/2026\/01\/MWC_Sig_Blue_Horiz_webheader1-logo.svg\",\"contentUrl\":\"https:\/\/mwc-cmm.org\/wp-content\/uploads\/2026\/01\/MWC_Sig_Blue_Horiz_webheader1-logo.svg\",\"width\":786,\"height\":82,\"caption\":\"Mennonite World Conference\"},\"image\":{\"@id\":\"https:\/\/mwc-cmm.org\/en\/#\/schema\/logo\/image\/\"},\"sameAs\":[\"https:\/\/www.facebook.com\/MennoniteWorldConference\",\"https:\/\/www.linkedin.com\/company\/mennonite-world-conference-mwc\/\",\"https:\/\/www.instagram.com\/mwcmm\/\",\"https:\/\/www.youtube.com\/user\/mwccmm\",\"https:\/\/bsky.app\/profile\/mwcmm.bsky.social\"]},{\"@type\":\"Person\",\"@id\":\"https:\/\/mwc-cmm.org\/en\/#\/schema\/person\/11f6ae0d7d1868ba20a1cc27f067c836\",\"name\":\"mennworldcon\",\"image\":{\"@type\":\"ImageObject\",\"inLanguage\":\"fr-FR\",\"@id\":\"https:\/\/secure.gravatar.com\/avatar\/06fdc0dc81c157dfdb82ec42f252178a22307808988d22c043f9eb96f1e0fe80?s=96&d=mm&r=g\",\"url\":\"https:\/\/secure.gravatar.com\/avatar\/06fdc0dc81c157dfdb82ec42f252178a22307808988d22c043f9eb96f1e0fe80?s=96&d=mm&r=g\",\"contentUrl\":\"https:\/\/secure.gravatar.com\/avatar\/06fdc0dc81c157dfdb82ec42f252178a22307808988d22c043f9eb96f1e0fe80?s=96&d=mm&r=g\",\"caption\":\"mennworldcon\"},\"sameAs\":[\"https:\/\/mwc-cmm.org\"],\"url\":\"https:\/\/mwc-cmm.org\/fr\/stories\/author\/mennworldcon\/\"}]}<\/script>\n<!-- \/ Yoast SEO plugin. -->","yoast_head_json":{"title":"12 points \u00e0 consid\u00e9rer avant de rouvrir les portes de votre \u00e9glise - Mennonite World Conference","robots":{"index":"index","follow":"follow","max-snippet":"max-snippet:-1","max-image-preview":"max-image-preview:large","max-video-preview":"max-video-preview:-1"},"canonical":"https:\/\/mwc-cmm.org\/fr\/stories\/12-points-a-considerer-avant-de-rouvrir-les-portes-de-votre-eglise\/","og_locale":"fr_FR","og_type":"article","og_title":"12 points \u00e0 consid\u00e9rer avant de rouvrir les portes de votre \u00e9glise - Mennonite World Conference","og_description":"When stay-at-home guidelines are eased and church doors and sanctuaries reopen, worship and church ministries will, undoubtedly, look different than before the COVID-19 (coronavirus) outbreak. And so it should \u2013 so that we continue to keep ourselves and our faith communities safe and healthy.","og_url":"https:\/\/mwc-cmm.org\/fr\/stories\/12-points-a-considerer-avant-de-rouvrir-les-portes-de-votre-eglise\/","og_site_name":"Mennonite World Conference","article_publisher":"https:\/\/www.facebook.com\/MennoniteWorldConference","article_published_time":"2020-06-02T00:00:00+00:00","article_modified_time":"2024-12-10T17:16:55+00:00","og_image":[{"width":180,"height":135,"url":"https:\/\/mwc-cmm.org\/wp-content\/uploads\/2024\/10\/48708413477_678bfc02aa_o_1.jpg","type":"image\/jpeg"}],"author":"mennworldcon","schema":{"@context":"https:\/\/schema.org","@graph":[{"@type":"Article","@id":"https:\/\/mwc-cmm.org\/fr\/stories\/12-points-a-considerer-avant-de-rouvrir-les-portes-de-votre-eglise\/#article","isPartOf":{"@id":"https:\/\/mwc-cmm.org\/fr\/stories\/12-points-a-considerer-avant-de-rouvrir-les-portes-de-votre-eglise\/"},"author":{"name":"mennworldcon","@id":"https:\/\/mwc-cmm.org\/en\/#\/schema\/person\/11f6ae0d7d1868ba20a1cc27f067c836"},"headline":"12 points \u00e0 consid\u00e9rer avant de rouvrir les portes de votre \u00e9glise","datePublished":"2020-06-02T00:00:00+00:00","dateModified":"2024-12-10T17:16:55+00:00","mainEntityOfPage":{"@id":"https:\/\/mwc-cmm.org\/fr\/stories\/12-points-a-considerer-avant-de-rouvrir-les-portes-de-votre-eglise\/"},"wordCount":1284,"publisher":{"@id":"https:\/\/mwc-cmm.org\/en\/#organization"},"image":{"@id":"https:\/\/mwc-cmm.org\/fr\/stories\/12-points-a-considerer-avant-de-rouvrir-les-portes-de-votre-eglise\/#primaryimage"},"thumbnailUrl":"https:\/\/mwc-cmm.org\/wp-content\/uploads\/2024\/10\/48708413477_678bfc02aa_o_1.jpg","articleSection":["Non classifi\u00e9(e)"],"inLanguage":"fr-FR"},{"@type":"WebPage","@id":"https:\/\/mwc-cmm.org\/fr\/stories\/12-points-a-considerer-avant-de-rouvrir-les-portes-de-votre-eglise\/","url":"https:\/\/mwc-cmm.org\/fr\/stories\/12-points-a-considerer-avant-de-rouvrir-les-portes-de-votre-eglise\/","name":"12 points \u00e0 consid\u00e9rer avant de rouvrir les portes de votre \u00e9glise - Mennonite World Conference","isPartOf":{"@id":"https:\/\/mwc-cmm.org\/en\/#website"},"primaryImageOfPage":{"@id":"https:\/\/mwc-cmm.org\/fr\/stories\/12-points-a-considerer-avant-de-rouvrir-les-portes-de-votre-eglise\/#primaryimage"},"image":{"@id":"https:\/\/mwc-cmm.org\/fr\/stories\/12-points-a-considerer-avant-de-rouvrir-les-portes-de-votre-eglise\/#primaryimage"},"thumbnailUrl":"https:\/\/mwc-cmm.org\/wp-content\/uploads\/2024\/10\/48708413477_678bfc02aa_o_1.jpg","datePublished":"2020-06-02T00:00:00+00:00","dateModified":"2024-12-10T17:16:55+00:00","breadcrumb":{"@id":"https:\/\/mwc-cmm.org\/fr\/stories\/12-points-a-considerer-avant-de-rouvrir-les-portes-de-votre-eglise\/#breadcrumb"},"inLanguage":"fr-FR","potentialAction":[{"@type":"ReadAction","target":["https:\/\/mwc-cmm.org\/fr\/stories\/12-points-a-considerer-avant-de-rouvrir-les-portes-de-votre-eglise\/"]}]},{"@type":"ImageObject","inLanguage":"fr-FR","@id":"https:\/\/mwc-cmm.org\/fr\/stories\/12-points-a-considerer-avant-de-rouvrir-les-portes-de-votre-eglise\/#primaryimage","url":"https:\/\/mwc-cmm.org\/wp-content\/uploads\/2024\/10\/48708413477_678bfc02aa_o_1.jpg","contentUrl":"https:\/\/mwc-cmm.org\/wp-content\/uploads\/2024\/10\/48708413477_678bfc02aa_o_1.jpg","width":180,"height":135},{"@type":"BreadcrumbList","@id":"https:\/\/mwc-cmm.org\/fr\/stories\/12-points-a-considerer-avant-de-rouvrir-les-portes-de-votre-eglise\/#breadcrumb","itemListElement":[{"@type":"ListItem","position":1,"name":"Home","item":"https:\/\/mwc-cmm.org\/fr\/"},{"@type":"ListItem","position":2,"name":"12 points \u00e0 consid\u00e9rer avant de rouvrir les portes de votre \u00e9glise"}]},{"@type":"WebSite","@id":"https:\/\/mwc-cmm.org\/en\/#website","url":"https:\/\/mwc-cmm.org\/en\/","name":"Mennonite World Conference","description":"A communion of Anabaptist-related churches","publisher":{"@id":"https:\/\/mwc-cmm.org\/en\/#organization"},"alternateName":"MWC","potentialAction":[{"@type":"SearchAction","target":{"@type":"EntryPoint","urlTemplate":"https:\/\/mwc-cmm.org\/en\/?s={search_term_string}"},"query-input":{"@type":"PropertyValueSpecification","valueRequired":true,"valueName":"search_term_string"}}],"inLanguage":"fr-FR"},{"@type":"Organization","@id":"https:\/\/mwc-cmm.org\/en\/#organization","name":"Mennonite World Conference","alternateName":"MWC","url":"https:\/\/mwc-cmm.org\/en\/","logo":{"@type":"ImageObject","inLanguage":"fr-FR","@id":"https:\/\/mwc-cmm.org\/en\/#\/schema\/logo\/image\/","url":"https:\/\/mwc-cmm.org\/wp-content\/uploads\/2026\/01\/MWC_Sig_Blue_Horiz_webheader1-logo.svg","contentUrl":"https:\/\/mwc-cmm.org\/wp-content\/uploads\/2026\/01\/MWC_Sig_Blue_Horiz_webheader1-logo.svg","width":786,"height":82,"caption":"Mennonite World Conference"},"image":{"@id":"https:\/\/mwc-cmm.org\/en\/#\/schema\/logo\/image\/"},"sameAs":["https:\/\/www.facebook.com\/MennoniteWorldConference","https:\/\/www.linkedin.com\/company\/mennonite-world-conference-mwc\/","https:\/\/www.instagram.com\/mwcmm\/","https:\/\/www.youtube.com\/user\/mwccmm","https:\/\/bsky.app\/profile\/mwcmm.bsky.social"]},{"@type":"Person","@id":"https:\/\/mwc-cmm.org\/en\/#\/schema\/person\/11f6ae0d7d1868ba20a1cc27f067c836","name":"mennworldcon","image":{"@type":"ImageObject","inLanguage":"fr-FR","@id":"https:\/\/secure.gravatar.com\/avatar\/06fdc0dc81c157dfdb82ec42f252178a22307808988d22c043f9eb96f1e0fe80?s=96&d=mm&r=g","url":"https:\/\/secure.gravatar.com\/avatar\/06fdc0dc81c157dfdb82ec42f252178a22307808988d22c043f9eb96f1e0fe80?s=96&d=mm&r=g","contentUrl":"https:\/\/secure.gravatar.com\/avatar\/06fdc0dc81c157dfdb82ec42f252178a22307808988d22c043f9eb96f1e0fe80?s=96&d=mm&r=g","caption":"mennworldcon"},"sameAs":["https:\/\/mwc-cmm.org"],"url":"https:\/\/mwc-cmm.org\/fr\/stories\/author\/mennworldcon\/"}]}},"_links":{"self":[{"href":"https:\/\/mwc-cmm.org\/fr\/wp-json\/wp\/v2\/posts\/8254","targetHints":{"allow":["GET"]}}],"collection":[{"href":"https:\/\/mwc-cmm.org\/fr\/wp-json\/wp\/v2\/posts"}],"about":[{"href":"https:\/\/mwc-cmm.org\/fr\/wp-json\/wp\/v2\/types\/post"}],"author":[{"embeddable":true,"href":"https:\/\/mwc-cmm.org\/fr\/wp-json\/wp\/v2\/users\/1"}],"replies":[{"embeddable":true,"href":"https:\/\/mwc-cmm.org\/fr\/wp-json\/wp\/v2\/comments?post=8254"}],"version-history":[{"count":0,"href":"https:\/\/mwc-cmm.org\/fr\/wp-json\/wp\/v2\/posts\/8254\/revisions"}],"wp:featuredmedia":[{"embeddable":true,"href":"https:\/\/mwc-cmm.org\/fr\/wp-json\/wp\/v2\/media\/92190"}],"wp:attachment":[{"href":"https:\/\/mwc-cmm.org\/fr\/wp-json\/wp\/v2\/media?parent=8254"}],"wp:term":[{"taxonomy":"category","embeddable":true,"href":"https:\/\/mwc-cmm.org\/fr\/wp-json\/wp\/v2\/categories?post=8254"},{"taxonomy":"post_tag","embeddable":true,"href":"https:\/\/mwc-cmm.org\/fr\/wp-json\/wp\/v2\/tags?post=8254"},{"taxonomy":"network","embeddable":true,"href":"https:\/\/mwc-cmm.org\/fr\/wp-json\/wp\/v2\/network?post=8254"},{"taxonomy":"eventcategory","embeddable":true,"href":"https:\/\/mwc-cmm.org\/fr\/wp-json\/wp\/v2\/eventcategory?post=8254"}],"curies":[{"name":"wp","href":"https:\/\/api.w.org\/{rel}","templated":true}]}}