{"id":132136,"date":"2026-09-01T14:50:59","date_gmt":"2026-09-01T14:50:59","guid":{"rendered":"https:\/\/mwc-cmm.org\/?p=132136"},"modified":"2026-09-01T14:51:00","modified_gmt":"2026-09-01T14:51:00","slug":"non-pas-un-programme-mais-une-table","status":"publish","type":"post","link":"https:\/\/mwc-cmm.org\/fr\/stories\/non-pas-un-programme-mais-une-table\/","title":{"rendered":"Non pas un programme, mais une table"},"content":{"rendered":"\n<h2 class=\"wp-block-heading is-style-purple-eyebrow\"><strong>La colonne des responsables de la CMM<\/strong><\/h2>\n\n\n\n<p class=\"wp-block-paragraph\">Le mot \u00ab\u202fsolidarit\u00e9\u202f\u00bb vient du latin <em>solidus<\/em> \u2014 entier, solide, uni. C\u2019est bien plus que de la sympathie (\u00ab\u202fJe suis d\u00e9sol\u00e9 pour toi\u202f\u00bb) ou de l\u2019empathie (\u00ab\u202fJe comprends ce que tu ressens\u202f\u00bb). La solidarit\u00e9, c\u2019est dire\u202f: \u00ab\u202fJe serai \u00e0 tes c\u00f4t\u00e9s.\u202f\u00bb C\u2019est la volont\u00e9 de porter les fardeaux les uns des autres.<\/p>\n\n\n\n<p class=\"wp-block-paragraph\">R\u00e9cemment, notre \u00c9glise a \u00e9tudi\u00e9 Matthieu 9.9-13. Un passage qui nous donne une image claire de cette solidarit\u00e9 \u00e0 l\u2019image du Christ. J\u00e9sus ne sauve pas \u00e0 distance. Il se fait homme et s\u2019assoit \u00e0 table avec les publicains et les p\u00e9cheurs. Il se tient aux c\u00f4t\u00e9s de ceux que les autres \u00e9vitent.<\/p>\n\n\n\n<p class=\"wp-block-paragraph\">Comme l\u2019a observ\u00e9 John Stott, la croix r\u00e9v\u00e8le d\u2019abord l\u2019identification de Dieu avec les p\u00e9cheurs avant de r\u00e9v\u00e9ler le jugement de Dieu contre le p\u00e9ch\u00e9.<\/p>\n\n\n\n<p class=\"wp-block-paragraph\">La solidarit\u00e9 est le t\u00e9moignage m\u00eame de l\u2019Incarnation.<\/p>\n\n\n\n<p class=\"wp-block-paragraph\">Maranatha, notre \u00c9glise locale, a go\u00fbt\u00e9 \u00e0 cette gr\u00e2ce. Lorsque notre communaut\u00e9, compos\u00e9e d\u2019Indon\u00e9siens et d\u2019Am\u00e9ricains, a commenc\u00e9 \u00e0 c\u00e9l\u00e9brer le culte aux c\u00f4t\u00e9s d\u2019immigr\u00e9s issus de diverses origines ethniques, nous avons d\u00e9couvert que la solidarit\u00e9 n\u2019est pas un programme, mais une table.<\/p>\n\n\n\n<p class=\"wp-block-paragraph\">Nous avons \u00e9cout\u00e9 des r\u00e9cits de d\u00e9racinement, partag\u00e9 des repas, pri\u00e9 dans plusieurs langues et port\u00e9 des fardeaux qui n\u2019\u00e9taient pas les n\u00f4tres \u00e0 l\u2019origine. \u00c0 ces moments-l\u00e0, les paroles de Bonhoeffer ont r\u00e9sonn\u00e9 avec force\u202f: \u00ab\u202f<em>L\u2019\u00c9glise n\u2019est l\u2019\u00c9glise que lorsqu\u2019elle existe pour les autres.<\/em>\u202f\u00bb<\/p>\n\n\n\n<p class=\"wp-block-paragraph\">Tout au long des \u00c9vangiles, J\u00e9sus forme une communaut\u00e9 qui se tient aux c\u00f4t\u00e9s des pauvres, de ceux qui pleurent, des humbles, des malades et des oubli\u00e9s. La solidarit\u00e9, c\u2019est se tenir les uns aux c\u00f4t\u00e9s des autres\u202f: c\u2019est la force qui fait du corps du Christ un tout.<\/p>\n\n\n\n<p class=\"wp-block-paragraph\">Puisse la famille mondiale de la Conf\u00e9rence mennonite mondiale incarner, en 2026, cette solidarit\u00e9 ferme, unie et \u00e0 l\u2019image du Christ, avec courage et joie.<\/p>\n\n\n\n<p class=\"wp-block-paragraph\"><em>\u2014Sunoko Lin est tr\u00e9sorier de la CMM et est membre du bureau du Comit\u00e9 ex\u00e9cutif. Il est \u00e9galement pasteur de la Maranatha Christian Fellowship, une \u00c9glise membre de la LMC situ\u00e9e en Californie.<\/em><\/p>\n\n\n\n<hr class=\"wp-block-separator has-alpha-channel-opacity\"\/>\n\n\n\n<div class=\"wp-block-group has-global-padding is-layout-constrained wp-block-group-is-layout-constrained\">\n<div class=\"wp-block-media-text is-stacked-on-mobile has-magenta-background-color has-background\" style=\"grid-template-columns:15% auto\"><figure class=\"wp-block-media-text__media\"><img decoding=\"async\" width=\"682\" height=\"890\" data-src=\"https:\/\/mwc-cmm.org\/wp-content\/uploads\/2026\/09\/41.3-EN.png\" alt=\"\" class=\"wp-image-131989 size-full lazyload\" data-srcset=\"https:\/\/mwc-cmm.org\/wp-content\/uploads\/2026\/09\/41.3-EN.png 682w, https:\/\/mwc-cmm.org\/wp-content\/uploads\/2026\/09\/41.3-EN-230x300.png 230w\" data-sizes=\"(max-width: 682px) 100vw, 682px\" src=\"data:image\/svg+xml;base64,PHN2ZyB3aWR0aD0iMSIgaGVpZ2h0PSIxIiB4bWxucz0iaHR0cDovL3d3dy53My5vcmcvMjAwMC9zdmciPjwvc3ZnPg==\" style=\"--smush-placeholder-width: 682px; --smush-placeholder-aspect-ratio: 682\/890;\" \/><\/figure><div class=\"wp-block-media-text__content\">\n<div class=\"wp-block-buttons is-layout-flex wp-block-buttons-is-layout-flex\">\n<div class=\"wp-block-button\"><a class=\"wp-block-button__link has-magenta-background-color has-background has-custom-font-size wp-element-button\" href=\"https:\/\/mwc-cmm.org\/fr\/resources\/courrier-2026-41-3\/\" style=\"font-size:clamp(0.929rem, 0.929rem + ((1vw - 0.2rem) * 0.837), 1.4rem);\">Cet article est paru pour la premi\u00e8re fois dans le num\u00e9ro Courier \/ Correo \/ Courrier, volume 41, n\u00famero 3<\/a><\/div>\n<\/div>\n<\/div><\/div>\n<\/div>\n\n\n<div class=\"taxonomy-post_tag has-link-color wp-elements-4795dccc25dd561b10d5c166c095ced0 wp-block-post-terms has-text-color has-gray-color has-small-font-size\"><a href=\"https:\/\/mwc-cmm.org\/fr\/stories\/tag\/courier-fr\/\" rel=\"tag\">Courier<\/a><span class=\"wp-block-post-terms__separator\">, <\/span><a href=\"https:\/\/mwc-cmm.org\/fr\/stories\/tag\/membres-du-bureau\/\" rel=\"tag\">Membres du bureau<\/a><\/div>\n\n\n<p class=\"wp-block-paragraph\"><\/p>\n","protected":false},"excerpt":{"rendered":"<p>La colonne des responsables de la CMM Le mot \u00ab\u202fsolidarit\u00e9\u202f\u00bb vient du latin solidus \u2014 entier, solide, uni. C\u2019est bien plus que de la sympathie (\u00ab\u202fJe suis d\u00e9sol\u00e9 pour toi\u202f\u00bb) ou de l\u2019empathie (\u00ab\u202fJe comprends ce que tu ressens\u202f\u00bb). La solidarit\u00e9, c\u2019est dire\u202f: \u00ab\u202fJe serai \u00e0 tes c\u00f4t\u00e9s.\u202f\u00bb C\u2019est la volont\u00e9 de porter les fardeaux [&hellip;]<\/p>\n","protected":false},"author":8,"featured_media":132122,"comment_status":"closed","ping_status":"closed","sticky":false,"template":"","format":"standard","meta":{"_acf_changed":false,"footnotes":""},"categories":[1183],"tags":[407,1551],"network":[],"eventcategory":[],"class_list":["post-132136","post","type-post","status-publish","format-standard","has-post-thumbnail","hentry","category-courier-fr","tag-courier-fr","tag-membres-du-bureau"],"acf":[],"yoast_head":"<!-- This site is optimized with the Yoast SEO plugin v28.3 - https:\/\/yoast.com\/product\/yoast-seo-wordpress\/ -->\n<title>Non pas un programme, mais une table - Mennonite World Conference<\/title>\n<meta name=\"robots\" content=\"index, follow, max-snippet:-1, max-image-preview:large, max-video-preview:-1\" \/>\n<link rel=\"canonical\" href=\"https:\/\/mwc-cmm.org\/fr\/stories\/non-pas-un-programme-mais-une-table\/\" \/>\n<meta property=\"og:locale\" content=\"fr_FR\" \/>\n<meta property=\"og:type\" content=\"article\" \/>\n<meta property=\"og:title\" content=\"Non pas un programme, mais une table - Mennonite World Conference\" \/>\n<meta property=\"og:description\" content=\"La colonne des responsables de la CMM Le mot \u00ab\u202fsolidarit\u00e9\u202f\u00bb vient du latin solidus \u2014 entier, solide, uni. C\u2019est bien plus que de la sympathie (\u00ab\u202fJe suis d\u00e9sol\u00e9 pour toi\u202f\u00bb) ou de l\u2019empathie (\u00ab\u202fJe comprends ce que tu ressens\u202f\u00bb). La solidarit\u00e9, c\u2019est dire\u202f: \u00ab\u202fJe serai \u00e0 tes c\u00f4t\u00e9s.\u202f\u00bb C\u2019est la volont\u00e9 de porter les fardeaux [&hellip;]\" \/>\n<meta property=\"og:url\" content=\"https:\/\/mwc-cmm.org\/fr\/stories\/non-pas-un-programme-mais-une-table\/\" \/>\n<meta property=\"og:site_name\" content=\"Mennonite World Conference\" \/>\n<meta property=\"article:publisher\" content=\"https:\/\/www.facebook.com\/MennoniteWorldConference\" \/>\n<meta property=\"article:published_time\" content=\"2026-09-01T14:50:59+00:00\" \/>\n<meta property=\"article:modified_time\" content=\"2026-09-01T14:51:00+00:00\" \/>\n<meta property=\"og:image\" content=\"https:\/\/mwc-cmm.org\/wp-content\/uploads\/2026\/09\/20260314-20260314RGPhotographyRGP_9102_FMoCZl.jpg\" \/>\n\t<meta property=\"og:image:width\" content=\"1200\" \/>\n\t<meta property=\"og:image:height\" content=\"687\" \/>\n\t<meta property=\"og:image:type\" content=\"image\/jpeg\" \/>\n<meta name=\"author\" content=\"Stephanie Setiawan\" \/>\n<script type=\"application\/ld+json\" class=\"yoast-schema-graph\">{\"@context\":\"https:\\\/\\\/schema.org\",\"@graph\":[{\"@type\":\"Article\",\"@id\":\"https:\\\/\\\/mwc-cmm.org\\\/fr\\\/stories\\\/non-pas-un-programme-mais-une-table\\\/#article\",\"isPartOf\":{\"@id\":\"https:\\\/\\\/mwc-cmm.org\\\/fr\\\/stories\\\/non-pas-un-programme-mais-une-table\\\/\"},\"author\":{\"name\":\"Stephanie Setiawan\",\"@id\":\"https:\\\/\\\/mwc-cmm.org\\\/en\\\/#\\\/schema\\\/person\\\/00b62ed8ea1527254a44f3ace3aee79d\"},\"headline\":\"Non pas un programme, mais une table\",\"datePublished\":\"2026-09-01T14:50:59+00:00\",\"dateModified\":\"2026-09-01T14:51:00+00:00\",\"mainEntityOfPage\":{\"@id\":\"https:\\\/\\\/mwc-cmm.org\\\/fr\\\/stories\\\/non-pas-un-programme-mais-une-table\\\/\"},\"wordCount\":400,\"publisher\":{\"@id\":\"https:\\\/\\\/mwc-cmm.org\\\/en\\\/#organization\"},\"image\":{\"@id\":\"https:\\\/\\\/mwc-cmm.org\\\/fr\\\/stories\\\/non-pas-un-programme-mais-une-table\\\/#primaryimage\"},\"thumbnailUrl\":\"https:\\\/\\\/mwc-cmm.org\\\/wp-content\\\/uploads\\\/2026\\\/09\\\/20260314-20260314RGPhotographyRGP_9102_FMoCZl.jpg\",\"keywords\":[\"Courier\",\"Membres du bureau\"],\"articleSection\":[\"Courrier\"],\"inLanguage\":\"fr-FR\"},{\"@type\":\"WebPage\",\"@id\":\"https:\\\/\\\/mwc-cmm.org\\\/fr\\\/stories\\\/non-pas-un-programme-mais-une-table\\\/\",\"url\":\"https:\\\/\\\/mwc-cmm.org\\\/fr\\\/stories\\\/non-pas-un-programme-mais-une-table\\\/\",\"name\":\"Non pas un programme, mais une table - Mennonite World Conference\",\"isPartOf\":{\"@id\":\"https:\\\/\\\/mwc-cmm.org\\\/en\\\/#website\"},\"primaryImageOfPage\":{\"@id\":\"https:\\\/\\\/mwc-cmm.org\\\/fr\\\/stories\\\/non-pas-un-programme-mais-une-table\\\/#primaryimage\"},\"image\":{\"@id\":\"https:\\\/\\\/mwc-cmm.org\\\/fr\\\/stories\\\/non-pas-un-programme-mais-une-table\\\/#primaryimage\"},\"thumbnailUrl\":\"https:\\\/\\\/mwc-cmm.org\\\/wp-content\\\/uploads\\\/2026\\\/09\\\/20260314-20260314RGPhotographyRGP_9102_FMoCZl.jpg\",\"datePublished\":\"2026-09-01T14:50:59+00:00\",\"dateModified\":\"2026-09-01T14:51:00+00:00\",\"breadcrumb\":{\"@id\":\"https:\\\/\\\/mwc-cmm.org\\\/fr\\\/stories\\\/non-pas-un-programme-mais-une-table\\\/#breadcrumb\"},\"inLanguage\":\"fr-FR\",\"potentialAction\":[{\"@type\":\"ReadAction\",\"target\":[\"https:\\\/\\\/mwc-cmm.org\\\/fr\\\/stories\\\/non-pas-un-programme-mais-une-table\\\/\"]}]},{\"@type\":\"ImageObject\",\"inLanguage\":\"fr-FR\",\"@id\":\"https:\\\/\\\/mwc-cmm.org\\\/fr\\\/stories\\\/non-pas-un-programme-mais-une-table\\\/#primaryimage\",\"url\":\"https:\\\/\\\/mwc-cmm.org\\\/wp-content\\\/uploads\\\/2026\\\/09\\\/20260314-20260314RGPhotographyRGP_9102_FMoCZl.jpg\",\"contentUrl\":\"https:\\\/\\\/mwc-cmm.org\\\/wp-content\\\/uploads\\\/2026\\\/09\\\/20260314-20260314RGPhotographyRGP_9102_FMoCZl.jpg\",\"width\":1200,\"height\":687},{\"@type\":\"BreadcrumbList\",\"@id\":\"https:\\\/\\\/mwc-cmm.org\\\/fr\\\/stories\\\/non-pas-un-programme-mais-une-table\\\/#breadcrumb\",\"itemListElement\":[{\"@type\":\"ListItem\",\"position\":1,\"name\":\"Home\",\"item\":\"https:\\\/\\\/mwc-cmm.org\\\/fr\\\/\"},{\"@type\":\"ListItem\",\"position\":2,\"name\":\"Non pas un programme, mais une table\"}]},{\"@type\":\"WebSite\",\"@id\":\"https:\\\/\\\/mwc-cmm.org\\\/en\\\/#website\",\"url\":\"https:\\\/\\\/mwc-cmm.org\\\/en\\\/\",\"name\":\"Mennonite World Conference\",\"description\":\"A communion of Anabaptist-related churches\",\"publisher\":{\"@id\":\"https:\\\/\\\/mwc-cmm.org\\\/en\\\/#organization\"},\"alternateName\":\"MWC\",\"potentialAction\":[{\"@type\":\"SearchAction\",\"target\":{\"@type\":\"EntryPoint\",\"urlTemplate\":\"https:\\\/\\\/mwc-cmm.org\\\/en\\\/?s={search_term_string}\"},\"query-input\":{\"@type\":\"PropertyValueSpecification\",\"valueRequired\":true,\"valueName\":\"search_term_string\"}}],\"inLanguage\":\"fr-FR\"},{\"@type\":\"Organization\",\"@id\":\"https:\\\/\\\/mwc-cmm.org\\\/en\\\/#organization\",\"name\":\"Mennonite World Conference\",\"alternateName\":\"MWC\",\"url\":\"https:\\\/\\\/mwc-cmm.org\\\/en\\\/\",\"logo\":{\"@type\":\"ImageObject\",\"inLanguage\":\"fr-FR\",\"@id\":\"https:\\\/\\\/mwc-cmm.org\\\/en\\\/#\\\/schema\\\/logo\\\/image\\\/\",\"url\":\"https:\\\/\\\/mwc-cmm.org\\\/wp-content\\\/uploads\\\/2026\\\/01\\\/MWC_Sig_Blue_Horiz_webheader1-logo.svg\",\"contentUrl\":\"https:\\\/\\\/mwc-cmm.org\\\/wp-content\\\/uploads\\\/2026\\\/01\\\/MWC_Sig_Blue_Horiz_webheader1-logo.svg\",\"width\":786,\"height\":82,\"caption\":\"Mennonite World Conference\"},\"image\":{\"@id\":\"https:\\\/\\\/mwc-cmm.org\\\/en\\\/#\\\/schema\\\/logo\\\/image\\\/\"},\"sameAs\":[\"https:\\\/\\\/www.facebook.com\\\/MennoniteWorldConference\",\"https:\\\/\\\/www.linkedin.com\\\/company\\\/mennonite-world-conference-mwc\\\/\",\"https:\\\/\\\/www.instagram.com\\\/mwcmm\\\/\",\"https:\\\/\\\/www.youtube.com\\\/user\\\/mwccmm\",\"https:\\\/\\\/bsky.app\\\/profile\\\/mwcmm.bsky.social\"]},{\"@type\":\"Person\",\"@id\":\"https:\\\/\\\/mwc-cmm.org\\\/en\\\/#\\\/schema\\\/person\\\/00b62ed8ea1527254a44f3ace3aee79d\",\"name\":\"Stephanie Setiawan\",\"image\":{\"@type\":\"ImageObject\",\"inLanguage\":\"fr-FR\",\"@id\":\"https:\\\/\\\/secure.gravatar.com\\\/avatar\\\/71b4b62cf3d0cfb4c8a367a101127ba8adfa1c22417900980ea24f5f4457a76d?s=96&d=mm&r=g\",\"url\":\"https:\\\/\\\/secure.gravatar.com\\\/avatar\\\/71b4b62cf3d0cfb4c8a367a101127ba8adfa1c22417900980ea24f5f4457a76d?s=96&d=mm&r=g\",\"contentUrl\":\"https:\\\/\\\/secure.gravatar.com\\\/avatar\\\/71b4b62cf3d0cfb4c8a367a101127ba8adfa1c22417900980ea24f5f4457a76d?s=96&d=mm&r=g\",\"caption\":\"Stephanie Setiawan\"},\"url\":\"https:\\\/\\\/mwc-cmm.org\\\/fr\\\/stories\\\/author\\\/stephanie\\\/\"}]}<\/script>\n<!-- \/ Yoast SEO plugin. -->","yoast_head_json":{"title":"Non pas un programme, mais une table - Mennonite World Conference","robots":{"index":"index","follow":"follow","max-snippet":"max-snippet:-1","max-image-preview":"max-image-preview:large","max-video-preview":"max-video-preview:-1"},"canonical":"https:\/\/mwc-cmm.org\/fr\/stories\/non-pas-un-programme-mais-une-table\/","og_locale":"fr_FR","og_type":"article","og_title":"Non pas un programme, mais une table - Mennonite World Conference","og_description":"La colonne des responsables de la CMM Le mot \u00ab\u202fsolidarit\u00e9\u202f\u00bb vient du latin solidus \u2014 entier, solide, uni. C\u2019est bien plus que de la sympathie (\u00ab\u202fJe suis d\u00e9sol\u00e9 pour toi\u202f\u00bb) ou de l\u2019empathie (\u00ab\u202fJe comprends ce que tu ressens\u202f\u00bb). La solidarit\u00e9, c\u2019est dire\u202f: \u00ab\u202fJe serai \u00e0 tes c\u00f4t\u00e9s.\u202f\u00bb C\u2019est la volont\u00e9 de porter les fardeaux [&hellip;]","og_url":"https:\/\/mwc-cmm.org\/fr\/stories\/non-pas-un-programme-mais-une-table\/","og_site_name":"Mennonite World Conference","article_publisher":"https:\/\/www.facebook.com\/MennoniteWorldConference","article_published_time":"2026-09-01T14:50:59+00:00","article_modified_time":"2026-09-01T14:51:00+00:00","og_image":[{"width":1200,"height":687,"url":"https:\/\/mwc-cmm.org\/wp-content\/uploads\/2026\/09\/20260314-20260314RGPhotographyRGP_9102_FMoCZl.jpg","type":"image\/jpeg"}],"author":"Stephanie Setiawan","schema":{"@context":"https:\/\/schema.org","@graph":[{"@type":"Article","@id":"https:\/\/mwc-cmm.org\/fr\/stories\/non-pas-un-programme-mais-une-table\/#article","isPartOf":{"@id":"https:\/\/mwc-cmm.org\/fr\/stories\/non-pas-un-programme-mais-une-table\/"},"author":{"name":"Stephanie Setiawan","@id":"https:\/\/mwc-cmm.org\/en\/#\/schema\/person\/00b62ed8ea1527254a44f3ace3aee79d"},"headline":"Non pas un programme, mais une table","datePublished":"2026-09-01T14:50:59+00:00","dateModified":"2026-09-01T14:51:00+00:00","mainEntityOfPage":{"@id":"https:\/\/mwc-cmm.org\/fr\/stories\/non-pas-un-programme-mais-une-table\/"},"wordCount":400,"publisher":{"@id":"https:\/\/mwc-cmm.org\/en\/#organization"},"image":{"@id":"https:\/\/mwc-cmm.org\/fr\/stories\/non-pas-un-programme-mais-une-table\/#primaryimage"},"thumbnailUrl":"https:\/\/mwc-cmm.org\/wp-content\/uploads\/2026\/09\/20260314-20260314RGPhotographyRGP_9102_FMoCZl.jpg","keywords":["Courier","Membres du bureau"],"articleSection":["Courrier"],"inLanguage":"fr-FR"},{"@type":"WebPage","@id":"https:\/\/mwc-cmm.org\/fr\/stories\/non-pas-un-programme-mais-une-table\/","url":"https:\/\/mwc-cmm.org\/fr\/stories\/non-pas-un-programme-mais-une-table\/","name":"Non pas un programme, mais une table - Mennonite World Conference","isPartOf":{"@id":"https:\/\/mwc-cmm.org\/en\/#website"},"primaryImageOfPage":{"@id":"https:\/\/mwc-cmm.org\/fr\/stories\/non-pas-un-programme-mais-une-table\/#primaryimage"},"image":{"@id":"https:\/\/mwc-cmm.org\/fr\/stories\/non-pas-un-programme-mais-une-table\/#primaryimage"},"thumbnailUrl":"https:\/\/mwc-cmm.org\/wp-content\/uploads\/2026\/09\/20260314-20260314RGPhotographyRGP_9102_FMoCZl.jpg","datePublished":"2026-09-01T14:50:59+00:00","dateModified":"2026-09-01T14:51:00+00:00","breadcrumb":{"@id":"https:\/\/mwc-cmm.org\/fr\/stories\/non-pas-un-programme-mais-une-table\/#breadcrumb"},"inLanguage":"fr-FR","potentialAction":[{"@type":"ReadAction","target":["https:\/\/mwc-cmm.org\/fr\/stories\/non-pas-un-programme-mais-une-table\/"]}]},{"@type":"ImageObject","inLanguage":"fr-FR","@id":"https:\/\/mwc-cmm.org\/fr\/stories\/non-pas-un-programme-mais-une-table\/#primaryimage","url":"https:\/\/mwc-cmm.org\/wp-content\/uploads\/2026\/09\/20260314-20260314RGPhotographyRGP_9102_FMoCZl.jpg","contentUrl":"https:\/\/mwc-cmm.org\/wp-content\/uploads\/2026\/09\/20260314-20260314RGPhotographyRGP_9102_FMoCZl.jpg","width":1200,"height":687},{"@type":"BreadcrumbList","@id":"https:\/\/mwc-cmm.org\/fr\/stories\/non-pas-un-programme-mais-une-table\/#breadcrumb","itemListElement":[{"@type":"ListItem","position":1,"name":"Home","item":"https:\/\/mwc-cmm.org\/fr\/"},{"@type":"ListItem","position":2,"name":"Non pas un programme, mais une table"}]},{"@type":"WebSite","@id":"https:\/\/mwc-cmm.org\/en\/#website","url":"https:\/\/mwc-cmm.org\/en\/","name":"Mennonite World Conference","description":"A communion of Anabaptist-related churches","publisher":{"@id":"https:\/\/mwc-cmm.org\/en\/#organization"},"alternateName":"MWC","potentialAction":[{"@type":"SearchAction","target":{"@type":"EntryPoint","urlTemplate":"https:\/\/mwc-cmm.org\/en\/?s={search_term_string}"},"query-input":{"@type":"PropertyValueSpecification","valueRequired":true,"valueName":"search_term_string"}}],"inLanguage":"fr-FR"},{"@type":"Organization","@id":"https:\/\/mwc-cmm.org\/en\/#organization","name":"Mennonite World Conference","alternateName":"MWC","url":"https:\/\/mwc-cmm.org\/en\/","logo":{"@type":"ImageObject","inLanguage":"fr-FR","@id":"https:\/\/mwc-cmm.org\/en\/#\/schema\/logo\/image\/","url":"https:\/\/mwc-cmm.org\/wp-content\/uploads\/2026\/01\/MWC_Sig_Blue_Horiz_webheader1-logo.svg","contentUrl":"https:\/\/mwc-cmm.org\/wp-content\/uploads\/2026\/01\/MWC_Sig_Blue_Horiz_webheader1-logo.svg","width":786,"height":82,"caption":"Mennonite World Conference"},"image":{"@id":"https:\/\/mwc-cmm.org\/en\/#\/schema\/logo\/image\/"},"sameAs":["https:\/\/www.facebook.com\/MennoniteWorldConference","https:\/\/www.linkedin.com\/company\/mennonite-world-conference-mwc\/","https:\/\/www.instagram.com\/mwcmm\/","https:\/\/www.youtube.com\/user\/mwccmm","https:\/\/bsky.app\/profile\/mwcmm.bsky.social"]},{"@type":"Person","@id":"https:\/\/mwc-cmm.org\/en\/#\/schema\/person\/00b62ed8ea1527254a44f3ace3aee79d","name":"Stephanie Setiawan","image":{"@type":"ImageObject","inLanguage":"fr-FR","@id":"https:\/\/secure.gravatar.com\/avatar\/71b4b62cf3d0cfb4c8a367a101127ba8adfa1c22417900980ea24f5f4457a76d?s=96&d=mm&r=g","url":"https:\/\/secure.gravatar.com\/avatar\/71b4b62cf3d0cfb4c8a367a101127ba8adfa1c22417900980ea24f5f4457a76d?s=96&d=mm&r=g","contentUrl":"https:\/\/secure.gravatar.com\/avatar\/71b4b62cf3d0cfb4c8a367a101127ba8adfa1c22417900980ea24f5f4457a76d?s=96&d=mm&r=g","caption":"Stephanie Setiawan"},"url":"https:\/\/mwc-cmm.org\/fr\/stories\/author\/stephanie\/"}]}},"_links":{"self":[{"href":"https:\/\/mwc-cmm.org\/fr\/wp-json\/wp\/v2\/posts\/132136","targetHints":{"allow":["GET"]}}],"collection":[{"href":"https:\/\/mwc-cmm.org\/fr\/wp-json\/wp\/v2\/posts"}],"about":[{"href":"https:\/\/mwc-cmm.org\/fr\/wp-json\/wp\/v2\/types\/post"}],"author":[{"embeddable":true,"href":"https:\/\/mwc-cmm.org\/fr\/wp-json\/wp\/v2\/users\/8"}],"replies":[{"embeddable":true,"href":"https:\/\/mwc-cmm.org\/fr\/wp-json\/wp\/v2\/comments?post=132136"}],"version-history":[{"count":2,"href":"https:\/\/mwc-cmm.org\/fr\/wp-json\/wp\/v2\/posts\/132136\/revisions"}],"predecessor-version":[{"id":132140,"href":"https:\/\/mwc-cmm.org\/fr\/wp-json\/wp\/v2\/posts\/132136\/revisions\/132140"}],"wp:featuredmedia":[{"embeddable":true,"href":"https:\/\/mwc-cmm.org\/fr\/wp-json\/wp\/v2\/media\/132122"}],"wp:attachment":[{"href":"https:\/\/mwc-cmm.org\/fr\/wp-json\/wp\/v2\/media?parent=132136"}],"wp:term":[{"taxonomy":"category","embeddable":true,"href":"https:\/\/mwc-cmm.org\/fr\/wp-json\/wp\/v2\/categories?post=132136"},{"taxonomy":"post_tag","embeddable":true,"href":"https:\/\/mwc-cmm.org\/fr\/wp-json\/wp\/v2\/tags?post=132136"},{"taxonomy":"network","embeddable":true,"href":"https:\/\/mwc-cmm.org\/fr\/wp-json\/wp\/v2\/network?post=132136"},{"taxonomy":"eventcategory","embeddable":true,"href":"https:\/\/mwc-cmm.org\/fr\/wp-json\/wp\/v2\/eventcategory?post=132136"}],"curies":[{"name":"wp","href":"https:\/\/api.w.org\/{rel}","templated":true}]}}