{"id":132095,"date":"2026-09-01T14:48:24","date_gmt":"2026-09-01T14:48:24","guid":{"rendered":"https:\/\/mwc-cmm.org\/?p=132095"},"modified":"2026-09-01T14:48:25","modified_gmt":"2026-09-01T14:48:25","slug":"supporter-les-fardeaux-grace-au-temoignage-et-a-la-priere-2","status":"publish","type":"post","link":"https:\/\/mwc-cmm.org\/fr\/stories\/supporter-les-fardeaux-grace-au-temoignage-et-a-la-priere-2\/","title":{"rendered":"Supporter les fardeaux gr\u00e2ce au t\u00e9moignage et \u00e0 la pri\u00e8re"},"content":{"rendered":"\n<p class=\"wp-block-paragraph\">Un rassemblement mondial des mennonites aux Philippines met en avant la solidarit\u00e9, la foi et le t\u00e9moignage commun<\/p>\n\n\n\n<p class=\"wp-block-paragraph\">Pr\u00e8s de 300\u202fparticipants venus de plus d\u2019une douzaine de pays se sont r\u00e9unis sur la place historique de Lumban le 14\u202fmars\u202f2026, \u00e0 l\u2019occasion de la 9e \u00e9dition annuelle de la rencontre <a href=\"https:\/\/mwc-cmm.org\/fr\/renouveau-2028\/\" data-type=\"link\" data-id=\"https:\/\/mwc-cmm.org\/fr\/renouveau-2028\/\">\u2018\u2009Renouveau\u2019<\/a> de la Conf\u00e9rence mennonite mondiale (CMM). Ax\u00e9e sur le th\u00e8me \u00ab\u2009Solidarit\u00e9 dans la famille du Christ\u202f: partager les fardeaux, partager l\u2019esp\u00e9rance\u2009\u00bb, cette rencontre a mis en avant l\u2019appel \u00e0 \u00ab\u2009porter les fardeaux les uns des autres\u2009\u00bb (Galates\u202f6.2-10).<\/p>\n\n\n\n<p class=\"wp-block-paragraph\">La rencontre \u2018Renouveau\u2019 a r\u00e9uni des membres de l\u2019Integrated Mennonite Church of the Philippines (IMC), du <a href=\"https:\/\/mwc-cmm.org\/fr\/conseil-general\/\" data-type=\"link\" data-id=\"https:\/\/mwc-cmm.org\/fr\/conseil-general\/\">Comit\u00e9 ex\u00e9cutif<\/a> de la CMM et du Comit\u00e9 <a href=\"https:\/\/mwc-cmm.org\/fr\/jeunes-anabaptistes-yabs\/\" data-type=\"link\" data-id=\"https:\/\/mwc-cmm.org\/fr\/jeunes-anabaptistes-yabs\/\">YABs (Jeunes anabaptistes).<\/a><\/p>\n\n\n\n<p class=\"wp-block-paragraph\">\u00c0 travers la louange, les t\u00e9moignages, les c\u00e9l\u00e9brations culturelles et la pri\u00e8re, les participants ont t\u00e9moign\u00e9 de l\u2019unit\u00e9, de la r\u00e9silience et du soutien mutuel au-del\u00e0 des cultures et des continents.<\/p>\n\n\n\n<h3 class=\"wp-block-heading\">Bayanihan<\/h3>\n\n\n\n<p class=\"wp-block-paragraph\">L\u2019un des moments forts de la c\u00e9r\u00e9monie d\u2019ouverture a \u00e9t\u00e9 un d\u00e9fil\u00e9 symbolique mettant en sc\u00e8ne une hutte traditionnelle en nipa (<em>bahay kubo<\/em>), incarnant la valeur philippine du <em>bayanihan<\/em>. Cette pratique culturelle \u2014 o\u00f9 des voisins travaillent ensemble pour d\u00e9placer une maison en cas de besoin \u2014 a servi de m\u00e9taphore vivante au th\u00e8me de ce rassemblement.<\/p>\n\n\n\n<p class=\"wp-block-paragraph\">Ancr\u00e9e dans l\u2019unit\u00e9, la compassion (<em>malasakit<\/em>) et la coop\u00e9ration, la <em>bayanihan<\/em> incarne une caract\u00e9ristique d\u00e9terminante de la conception anabaptiste de l\u2019\u00c9vangile.<\/p>\n\n\n\n<p class=\"wp-block-paragraph\">\u00ab\u2009Dieu nous appelle \u00e0 r\u00e9pondre par la solidarit\u00e9 et l\u2019action d\u00e9sint\u00e9ress\u00e9e aux besoins des autres au sein de notre \u00c9glise mondiale\u2009\u00bb, a d\u00e9clar\u00e9 C\u00e9sar Garc\u00eda, Secr\u00e9taire g\u00e9n\u00e9ral de la CMM. \u00ab\u2009Ce faisant, nous vivons la bayanihan au sein de notre famille spirituelle et la diffusons dans un monde qui aspire \u00e0 un amour fid\u00e8le et \u00e0 une solidarit\u00e9 durable.\u2009\u00bb<\/p>\n\n\n\n<p class=\"wp-block-paragraph\">Le programme a \u00e9galement c\u00e9l\u00e9br\u00e9 l\u2019h\u00e9ritage des Philippines \u00e0 travers la musique et la danse.<\/p>\n\n\n\n<p class=\"wp-block-paragraph\">Plusieurs \u00c9glises r\u00e9gionales ont pr\u00e9sent\u00e9 des spectacles traditionnels de danse et de musique, alliant foi et identit\u00e9 locale. Parmi les danses pr\u00e9sent\u00e9es figurait le <em>Pandanggo sa Ilaw<\/em>, une danse folklorique symbolisant la lumi\u00e8re dans les t\u00e9n\u00e8bres, inspir\u00e9e de Matthieu\u202f5. 4-16. D\u2019autres spectacles comprenaient la <em>Cari\u00f1osa<\/em>, refl\u00e9tant les th\u00e8mes de l\u2019amour et de la connexion, ainsi que des danses des moissons c\u00e9l\u00e9brant la g\u00e9n\u00e9rosit\u00e9 de Dieu \u00e0 travers l\u2019agriculture.<\/p>\n\n\n\n<div class=\"wp-block-group has-soft-blue-background-color has-background has-global-padding is-layout-constrained wp-block-group-is-layout-constrained\">\n<div class=\"wp-block-columns is-layout-flex wp-container-core-columns-is-layout-adc57f8e wp-block-columns-is-layout-flex\">\n<div class=\"wp-block-column is-layout-flow wp-block-column-is-layout-flow\">\n<p class=\"wp-block-paragraph\">\u00ab\u202f<em>Bayanihan<\/em>\u202f\u00bb n\u2019\u00e9tait pas seulement une m\u00e9taphore pour Renouveau 2026\u202f: il a \u00e9t\u00e9 v\u00e9cu concr\u00e8tement. Des responsables de l\u2019IMC, dont le pasteur Joel De Leon, le pr\u00e9sident de l\u2019IMC Zaldy Magansay et le pasteur Richard Rancap, ont transport\u00e9 une hutte en nipa jusqu\u2019au lieu de la rencontre.<\/p>\n\n\n\n<p class=\"wp-block-paragraph\">\u00ab\u202fCela incarne l\u2019esprit d\u2019unit\u00e9 communautaire, de coop\u00e9ration et de soutien mutuel\u202f\u00bb, explique l\u2019\u00e9v\u00eaque Eladio Mondez, de l\u2019IMC. \u00ab\u202fAu-del\u00e0 de son sens litt\u00e9ral, <em>Bayanihan<\/em> symbolise le puissant sens de la communaut\u00e9 qui anime le peuple philippin, o\u00f9 chacun aide volontiers son prochain sans rien attendre en retour, en particulier en cas de besoin, de catastrophe ou lors d\u2019activit\u00e9s communautaires. Cela refl\u00e8te la profonde importance que rev\u00eatent l\u2019effort collectif et le soutien mutuel dans la soci\u00e9t\u00e9 philippine.\u202f\u00bb<\/p>\n<\/div>\n\n\n\n<div class=\"wp-block-column is-layout-flow wp-block-column-is-layout-flow\">\n<figure class=\"wp-block-embed is-type-video is-provider-youtube wp-block-embed-youtube wp-embed-aspect-9-16 wp-has-aspect-ratio\"><div class=\"wp-block-embed__wrapper\">\n<iframe title=\"Bayanihan\" width=\"422\" height=\"750\" data-src=\"https:\/\/www.youtube.com\/embed\/Hx2Rva1vGfc?feature=oembed\" frameborder=\"0\" allow=\"accelerometer; autoplay; clipboard-write; encrypted-media; gyroscope; picture-in-picture; web-share\" referrerpolicy=\"strict-origin-when-cross-origin\" allowfullscreen src=\"data:image\/svg+xml;base64,PHN2ZyB3aWR0aD0iMSIgaGVpZ2h0PSIxIiB4bWxucz0iaHR0cDovL3d3dy53My5vcmcvMjAwMC9zdmciPjwvc3ZnPg==\" class=\"lazyload\" data-load-mode=\"1\"><\/iframe>\n<\/div><\/figure>\n<\/div>\n<\/div>\n<\/div>\n\n\n\n<h3 class=\"wp-block-heading\">\u202fLa solidarit\u00e9 repose sur un t\u00e9moignage commun<\/h3>\n\n\n\n<p class=\"wp-block-paragraph\">Les t\u00e9moignages et la pri\u00e8re ont constitu\u00e9 un \u00e9l\u00e9ment central du programme.<\/p>\n\n\n\n<p class=\"wp-block-paragraph\">\u00ab\u2009En \u00e9coutant [les r\u00e9cits des pasteurs de l\u2019IMC], j\u2019ai per\u00e7u la foi, la pers\u00e9v\u00e9rance et une profonde confiance en Dieu\u2009\u00bb, a d\u00e9clar\u00e9 Blessing Joy Turqueza, repr\u00e9sentante pour l\u2019Asie au sein du Comit\u00e9 YABs. \u00ab\u2009M\u00eame dans l\u2019adversit\u00e9, ils continuent \u00e0 servir. M\u00eame dans l\u2019incertitude, ils continuent \u00e0 faire confiance \u00e0 Dieu pour subvenir \u00e0 leurs besoins. Et \u00e0 travers tout cela, j\u2019ai vu l\u2019espoir au sein de la communaut\u00e9 des croyants.\u2009\u00bb<\/p>\n\n\n\n<p class=\"wp-block-paragraph\">Blessing Turqueza a soulign\u00e9 que la solidarit\u00e9 au sein de l\u2019\u00c9glise ne repose pas sur la perfection, mais sur un engagement commun. \u00ab\u2009L\u2019\u00c9glise est marqu\u00e9e par des blessures et des questions\u2009\u00bb, a-t-elle d\u00e9clar\u00e9, \u00ab\u2009mais nous portons aussi quelque chose de plus grand\u202f: la foi, l\u2019esp\u00e9rance et l\u2019amour du Christ. Lorsque nous nous tenons ensemble en tant que famille du Christ, en nous soutenant et en nous encourageant mutuellement, nous commen\u00e7ons \u00e0 voir la fid\u00e9lit\u00e9 de Dieu.\u2009\u00bb<\/p>\n\n\n\n<p class=\"wp-block-paragraph\">Sindah Ngulube, \u00e9v\u00eaque de l\u2019\u00c9glise des fr\u00e8res en Christ au Zimbabwe, a \u00e9voqu\u00e9 la solidarit\u00e9 apr\u00e8s un incendie d\u00e9vastateur dans un internat pour gar\u00e7ons. Fait remarquable, tous les enfants s\u2019en sont sortis indemnes. Au lendemain de la catastrophe, les \u00c9glises locales se sont rapidement mobilis\u00e9es pour apporter des soins et entamer les efforts de reconstruction.<\/p>\n\n\n\n<p class=\"wp-block-paragraph\">Doug Klassen, ministre ex\u00e9cutif de l\u2019\u00c9glise mennonite du Canada, a appel\u00e9 \u00e0 la solidarit\u00e9 pour discerner l\u2019engagement anabaptiste en faveur de la paix, dans le contexte des discussions sur la pr\u00e9paration militaire et la conscription potentielle au Canada.<\/p>\n\n\n\n<p class=\"wp-block-paragraph\">\u00ab\u2009Il y a soixante-dix ans, de nombreux mennonites ont revendiqu\u00e9 le statut d\u2019objecteur de conscience\u2009\u00bb, a d\u00e9clar\u00e9 Doug Klassen. \u00ab\u2009Aujourd\u2019hui, nous devons nous demander ce que nous ferions. Nous devons tirer les le\u00e7ons du t\u00e9moignage des mennonites en Colombie et au Myanmar, qui continuent d\u2019incarner la paix dans des contextes difficiles. L\u2019\u00c9glise mondiale a beaucoup \u00e0 nous apprendre.\u2009\u00bb<\/p>\n\n\n\n<h3 class=\"wp-block-heading\">Le caract\u00e8re interconnect\u00e9 de la famille des \u00c9glises de la CMM<\/h3>\n\n\n\n<p class=\"wp-block-paragraph\">Les participants ont \u00e9t\u00e9 officiellement accueillis par Eladio Mondez, pr\u00e9sident de l\u2019IMC, et Belen Raga, maire de Lumban, qui ont tous deux exprim\u00e9 leur gratitude d\u2019avoir l\u2019occasion d\u2019accueillir un rassemblement international. La pr\u00e9sence de responsables mondiaux d\u2019\u00c9glises aux c\u00f4t\u00e9s des assembl\u00e9es locales a mis en \u00e9vidence le caract\u00e8re interconnect\u00e9 de la famille des \u00c9glises de la CMM.<\/p>\n\n\n\n<p class=\"wp-block-paragraph\">Le rassemblement \u2018Renouveau\u2019 s\u2019inscrit dans une s\u00e9rie de manifestations pluriannuelles organis\u00e9es dans diff\u00e9rentes r\u00e9gions du monde, chacune visant \u00e0 c\u00e9l\u00e9brer l\u2019histoire commune et les diverses expressions de la foi anabaptiste. Les membres du Comit\u00e9 ex\u00e9cutif de la CMM se joignent aux participants locaux lors d\u2019un culte collectif o\u00f9 les h\u00f4tes et les invit\u00e9s partagent leurs dons. Outre le culte et l\u2019enseignement, ces rassemblements offrent un espace pour le partage de t\u00e9moignages, le renforcement des relations et la pri\u00e8re pour l\u2019\u00c9glise mondiale.<\/p>\n\n\n\n<p class=\"wp-block-paragraph\">L\u2019offrande recueillie lors du culte a \u00e9t\u00e9 affect\u00e9e \u00e0 la contribution \u00ab\u2009<a href=\"https:\/\/mwc-cmm.org\/fr\/contribution-part-equitable\/\" data-type=\"link\" data-id=\"https:\/\/mwc-cmm.org\/fr\/contribution-part-equitable\/\">part \u00e9quitable<\/a>\u2009\u00bb de l\u2019IMC \u00e0 la CMM.<\/p>\n\n\n\n<p class=\"wp-block-paragraph\">La rencontre s\u2019est conclue par un repas partag\u00e9 et un moment de fraternit\u00e9, ainsi que par un sentiment renouvel\u00e9 de solidarit\u00e9. \u00ab\u2009\u00c0 travers le culte, le chant, la pri\u00e8re et les \u00e9changes culturels, nous nous rappelons que l\u2019\u00c9glise mondiale est appel\u00e9e \u00e0 porter les fardeaux les uns des autres\u2009\u00bb, a d\u00e9clar\u00e9 John D. Roth, coordonnateur de \u2018Renouveau\u2019. \u00ab\u2009J\u2019ai \u00e9t\u00e9 particuli\u00e8rement inspir\u00e9 par l\u2019\u00e9nergie et l\u2019engagement des jeunes de l\u2019IMC \u00e0 t\u00e9moigner de l\u2019amour de Dieu dans un monde fractur\u00e9. Leur foi est un puissant signe d\u2019espoir pour l\u2019avenir de l\u2019\u00c9glise.\u2009\u00bb<\/p>\n\n\n\n<div class=\"wp-block-group has-soft-blue-background-color has-background has-global-padding is-layout-constrained wp-block-group-is-layout-constrained\">\n<div class=\"wp-block-columns is-layout-flex wp-container-core-columns-is-layout-adc57f8e wp-block-columns-is-layout-flex\">\n<div class=\"wp-block-column is-layout-flow wp-block-column-is-layout-flow\" style=\"flex-basis:66.66%\">\n<h3 class=\"wp-block-heading\">Pri\u00e8re de cl\u00f4ture<\/h3>\n\n\n\n<p class=\"wp-block-paragraph\">Dieu mis\u00e9ricordieux, Prince de la Paix,<\/p>\n\n\n\n<p class=\"wp-block-paragraph\">Nous te rendons gr\u00e2ce pour ce c\u0153ur qui bat \u00e0 l\u2019unisson au sein de cette famille mondiale. Alors que nous cl\u00f4turons ce temps de renouveau, nos c\u0153urs sont combl\u00e9s. Nous te rendons gr\u00e2ce pour la diversit\u00e9 des voix, la vari\u00e9t\u00e9 des langues et l\u2019Esprit unique qui nous a rassembl\u00e9s \u00e0 l\u2019ombre de ta gr\u00e2ce.<\/p>\n\n\n\n<p class=\"wp-block-paragraph\">Seigneur, nous te demandons de ne pas laisser s\u2019\u00e9teindre le feu du renouveau que nous avons ressenti ici aujourd\u2019hui. Comme des lampes dans les t\u00e9n\u00e8bres, que la v\u00e9rit\u00e9 de ta Parole demeure ferme en nous et \u00e9claire nos pas. Que ton Esprit reste notre guide et source de notre force.<\/p>\n\n\n\n<p class=\"wp-block-paragraph\">Alors que nous retournons aux quatre coins du monde, accorde-nous le courage d\u2019\u00eatre tes mains et tes pieds. L\u00e0 o\u00f9 r\u00e8gnent les conflits, fais de nous des artisans de paix. L\u00e0 o\u00f9 r\u00e8gne l\u2019injustice, fais de nous des chercheurs de ta justice. Et l\u00e0 o\u00f9 r\u00e8gne le d\u00e9sespoir, fais de nous des porteurs de la lumi\u00e8re de ton esp\u00e9rance.<\/p>\n\n\n\n<p class=\"wp-block-paragraph\">Puissions-nous marcher \u00e0 la suite de J\u00e9sus \u2013 enracin\u00e9s dans la communaut\u00e9, engag\u00e9s \u00e0 servir et d\u00e9bordants de ton amour. Nous partons maintenant, non seulement en tant qu\u2019individus, mais en tant que corps mondial de croyants, renouvel\u00e9s et pr\u00eats \u00e0 servir.<\/p>\n\n\n\n<p class=\"wp-block-paragraph\">Au nom de J\u00e9sus-Christ, notre Seigneur et notre Paix,<\/p>\n\n\n\n<p class=\"wp-block-paragraph\">Amen.<\/p>\n<\/div>\n\n\n\n<div class=\"wp-block-column is-layout-flow wp-block-column-is-layout-flow\" style=\"flex-basis:33.33%\">\n<figure class=\"wp-block-image size-large\"><img decoding=\"async\" width=\"683\" height=\"1024\" data-src=\"https:\/\/mwc-cmm.org\/wp-content\/uploads\/2026\/09\/20260314RGPhotographyRRV_8866_FMoCZl-683x1024.jpg\" alt=\"\" class=\"wp-image-132101 lazyload\" data-srcset=\"https:\/\/mwc-cmm.org\/wp-content\/uploads\/2026\/09\/20260314RGPhotographyRRV_8866_FMoCZl-683x1024.jpg 683w, https:\/\/mwc-cmm.org\/wp-content\/uploads\/2026\/09\/20260314RGPhotographyRRV_8866_FMoCZl-200x300.jpg 200w, https:\/\/mwc-cmm.org\/wp-content\/uploads\/2026\/09\/20260314RGPhotographyRRV_8866_FMoCZl-768x1152.jpg 768w, https:\/\/mwc-cmm.org\/wp-content\/uploads\/2026\/09\/20260314RGPhotographyRRV_8866_FMoCZl-1024x1536.jpg 1024w, https:\/\/mwc-cmm.org\/wp-content\/uploads\/2026\/09\/20260314RGPhotographyRRV_8866_FMoCZl-1365x2048.jpg 1365w, https:\/\/mwc-cmm.org\/wp-content\/uploads\/2026\/09\/20260314RGPhotographyRRV_8866_FMoCZl-scaled.jpg 1707w\" data-sizes=\"(max-width: 683px) 100vw, 683px\" src=\"data:image\/svg+xml;base64,PHN2ZyB3aWR0aD0iMSIgaGVpZ2h0PSIxIiB4bWxucz0iaHR0cDovL3d3dy53My5vcmcvMjAwMC9zdmciPjwvc3ZnPg==\" style=\"--smush-placeholder-width: 683px; --smush-placeholder-aspect-ratio: 683\/1024;\" \/><figcaption class=\"wp-element-caption\"><em><sup>Felipe Magbuhos Jr., directeur de l\u2019\u00e9ducation \u00e0 l\u2019IMC, pasteur\u00a0<\/sup><\/em><\/figcaption><\/figure>\n<\/div>\n<\/div>\n<\/div>\n\n\n\n<hr class=\"wp-block-separator has-alpha-channel-opacity\"\/>\n\n\n\n<figure class=\"wp-block-embed is-type-rich is-provider-flickr wp-block-embed-flickr\"><div class=\"wp-block-embed__wrapper\">\n<a data-flickr-embed='true' href='https:\/\/www.flickr.com\/photos\/mwcmm\/albums\/72177720332736884\/' title='2026 Renewal Philippines by MWC-CMM (Mennonite World Conference), on Flickr'><img data-src='https:\/\/live.staticflickr.com\/65535\/55167231646_50e20e254c.jpg' width='800' height='600' alt='20260314RGPhotographyRGP_8060_FMoCZl' src='data:image\/svg+xml;base64,PHN2ZyB3aWR0aD0iMSIgaGVpZ2h0PSIxIiB4bWxucz0iaHR0cDovL3d3dy53My5vcmcvMjAwMC9zdmciPjwvc3ZnPg==' class='lazyload' style='--smush-placeholder-width: 800px; --smush-placeholder-aspect-ratio: 800\/600;'><\/a><script async src='https:\/\/embedr.flickr.com\/assets\/client-code.js' charset='utf-8'><\/script>\n<\/div><\/figure>\n\n\n\n<hr class=\"wp-block-separator has-alpha-channel-opacity\"\/>\n\n\n\n<div class=\"wp-block-group has-soft-blue-background-color has-background has-global-padding is-layout-constrained wp-block-group-is-layout-constrained\">\n<h3 class=\"wp-block-heading\">Br\u00e8ve histoire des mennonites aux Philippines<\/h3>\n\n\n\n<p class=\"wp-block-paragraph\">L\u2019engagement mennonite aux Philippines a d\u00e9but\u00e9 peu apr\u00e8s la Seconde Guerre mondiale, principalement par l\u2019interm\u00e9diaire du Comit\u00e9 central mennonite (MCC).<\/p>\n\n\n\n<p class=\"wp-block-paragraph\">Le Comit\u00e9 central mennonite (MCC) a commenc\u00e9 son travail aux Philippines vers 1947 en apportant une aide d\u2019urgence d\u2019apr\u00e8s-guerre, une assistance m\u00e9dicale et un soutien \u00e0 la reconstruction. Cette action a fait conna\u00eetre les mennonites aupr\u00e8s des communaut\u00e9s philippines, en particulier dans les r\u00e9gions rurales et \u00e9conomiquement d\u00e9favoris\u00e9es.<\/p>\n\n\n\n<p class=\"wp-block-paragraph\">En 1965, <em>Missions Now, Inc. <\/em>(MNI) a \u00e9t\u00e9 fond\u00e9e et a d\u00e9but\u00e9 en tant qu\u2019organisation missionnaire philippine ind\u00e9pendante, ancr\u00e9e dans le travail d\u2019\u00e9vang\u00e9lisation local, notamment au sein des communaut\u00e9s rurales et tribales du nord de Luzon.<\/p>\n\n\n\n<p class=\"wp-block-paragraph\">Au fil du temps, MNI a d\u00e9velopp\u00e9 des partenariats avec des agences missionnaires mennonites nord-am\u00e9ricaines. Ces collaborations comprenaient le soutien d\u2019agences telles que <em>Eastern Mennonite Missions<\/em> (anciennement <em>Eastern Mennonite Board of Missions and Charities<\/em>), qui a travaill\u00e9 avec MNI au d\u00e9veloppement des responsables et \u00e0 l\u2019implantation d\u2019\u00c9glises.<\/p>\n\n\n\n<p class=\"wp-block-paragraph\">En 1987, MNI a connu des conflits internes et des changements d\u2019orientation. En 1991, les membres du mouvement qui restaient fermement attach\u00e9s aux enseignements mennonites se sont r\u00e9organis\u00e9s pour former l\u2019\u00c9glise mennonite int\u00e9gr\u00e9e (IMC).<\/p>\n\n\n\n<p class=\"wp-block-paragraph\">L\u2019IMC a rejoint la grande famille mennonite mondiale en adh\u00e9rant \u00e0 la Conf\u00e9rence mennonite mondiale en 1992.<\/p>\n<\/div>\n\n\n\n<hr class=\"wp-block-separator has-alpha-channel-opacity\"\/>\n\n\n\n<div class=\"wp-block-group has-global-padding is-layout-constrained wp-block-group-is-layout-constrained\">\n<div class=\"wp-block-media-text is-stacked-on-mobile has-magenta-background-color has-background\" style=\"grid-template-columns:15% auto\"><figure class=\"wp-block-media-text__media\"><img decoding=\"async\" width=\"682\" height=\"890\" data-src=\"https:\/\/mwc-cmm.org\/wp-content\/uploads\/2026\/09\/41.3-EN.png\" alt=\"\" class=\"wp-image-131989 size-full lazyload\" data-srcset=\"https:\/\/mwc-cmm.org\/wp-content\/uploads\/2026\/09\/41.3-EN.png 682w, https:\/\/mwc-cmm.org\/wp-content\/uploads\/2026\/09\/41.3-EN-230x300.png 230w\" data-sizes=\"(max-width: 682px) 100vw, 682px\" src=\"data:image\/svg+xml;base64,PHN2ZyB3aWR0aD0iMSIgaGVpZ2h0PSIxIiB4bWxucz0iaHR0cDovL3d3dy53My5vcmcvMjAwMC9zdmciPjwvc3ZnPg==\" style=\"--smush-placeholder-width: 682px; --smush-placeholder-aspect-ratio: 682\/890;\" \/><\/figure><div class=\"wp-block-media-text__content\">\n<div class=\"wp-block-buttons is-layout-flex wp-block-buttons-is-layout-flex\">\n<div class=\"wp-block-button\"><a class=\"wp-block-button__link has-magenta-background-color has-background has-custom-font-size wp-element-button\" href=\"https:\/\/mwc-cmm.org\/fr\/resources\/courrier-2026-41-3\/\" style=\"font-size:clamp(0.929rem, 0.929rem + ((1vw - 0.2rem) * 0.837), 1.4rem);\">Cet article est paru pour la premi\u00e8re fois dans le num\u00e9ro Courier \/ Correo \/ Courrier, volume 41, n\u00famero 3<\/a><\/div>\n<\/div>\n<\/div><\/div>\n<\/div>\n\n\n<div class=\"taxonomy-post_tag has-link-color wp-elements-4795dccc25dd561b10d5c166c095ced0 wp-block-post-terms has-text-color has-gray-color has-small-font-size\"><a href=\"https:\/\/mwc-cmm.org\/fr\/stories\/tag\/bayanihan\/\" rel=\"tag\">bayanihan<\/a><span class=\"wp-block-post-terms__separator\">, <\/span><a href=\"https:\/\/mwc-cmm.org\/fr\/stories\/tag\/comite-executif\/\" rel=\"tag\">Comit\u00e9 Ex\u00e9cutif<\/a><span class=\"wp-block-post-terms__separator\">, <\/span><a href=\"https:\/\/mwc-cmm.org\/fr\/stories\/tag\/danse\/\" rel=\"tag\">danse<\/a><span class=\"wp-block-post-terms__separator\">, <\/span><a href=\"https:\/\/mwc-cmm.org\/fr\/stories\/tag\/philippines\/\" rel=\"tag\">Philippines<\/a><span class=\"wp-block-post-terms__separator\">, <\/span><a href=\"https:\/\/mwc-cmm.org\/fr\/stories\/tag\/renewal\/\" rel=\"tag\">Renewal<\/a><span class=\"wp-block-post-terms__separator\">, <\/span><a href=\"https:\/\/mwc-cmm.org\/fr\/stories\/tag\/solidarite\/\" rel=\"tag\">solidarit\u00e9<\/a><span class=\"wp-block-post-terms__separator\">, <\/span><a href=\"https:\/\/mwc-cmm.org\/fr\/stories\/tag\/yabs-fr\/\" rel=\"tag\">YABs<\/a><\/div>","protected":false},"excerpt":{"rendered":"<p>Un rassemblement mondial des mennonites aux Philippines met en avant la solidarit\u00e9, la foi et le t\u00e9moignage commun Pr\u00e8s de 300\u202fparticipants venus de plus d\u2019une douzaine de pays se sont r\u00e9unis sur la place historique de Lumban le 14\u202fmars\u202f2026, \u00e0 l\u2019occasion de la 9e \u00e9dition annuelle de la rencontre \u2018\u2009Renouveau\u2019 de la Conf\u00e9rence mennonite mondiale [&hellip;]<\/p>\n","protected":false},"author":8,"featured_media":132079,"comment_status":"closed","ping_status":"closed","sticky":false,"template":"","format":"standard","meta":{"_acf_changed":false,"footnotes":""},"categories":[1183],"tags":[2462,752,2472,2458,1930,1522,396],"network":[],"eventcategory":[],"class_list":["post-132095","post","type-post","status-publish","format-standard","has-post-thumbnail","hentry","category-courier-fr","tag-bayanihan","tag-comite-executif","tag-danse","tag-philippines","tag-renewal","tag-solidarite","tag-yabs-fr"],"acf":[],"yoast_head":"<!-- This site is optimized with the Yoast SEO plugin v28.3 - https:\/\/yoast.com\/product\/yoast-seo-wordpress\/ -->\n<title>Supporter les fardeaux gr\u00e2ce au t\u00e9moignage et \u00e0 la pri\u00e8re - Mennonite World Conference<\/title>\n<meta name=\"robots\" content=\"index, follow, max-snippet:-1, max-image-preview:large, max-video-preview:-1\" \/>\n<link rel=\"canonical\" href=\"https:\/\/mwc-cmm.org\/fr\/stories\/supporter-les-fardeaux-grace-au-temoignage-et-a-la-priere-2\/\" \/>\n<meta property=\"og:locale\" content=\"fr_FR\" \/>\n<meta property=\"og:type\" content=\"article\" \/>\n<meta property=\"og:title\" content=\"Supporter les fardeaux gr\u00e2ce au t\u00e9moignage et \u00e0 la pri\u00e8re - Mennonite World Conference\" \/>\n<meta property=\"og:description\" content=\"Un rassemblement mondial des mennonites aux Philippines met en avant la solidarit\u00e9, la foi et le t\u00e9moignage commun Pr\u00e8s de 300\u202fparticipants venus de plus d\u2019une douzaine de pays se sont r\u00e9unis sur la place historique de Lumban le 14\u202fmars\u202f2026, \u00e0 l\u2019occasion de la 9e \u00e9dition annuelle de la rencontre \u2018\u2009Renouveau\u2019 de la Conf\u00e9rence mennonite mondiale [&hellip;]\" \/>\n<meta property=\"og:url\" content=\"https:\/\/mwc-cmm.org\/fr\/stories\/supporter-les-fardeaux-grace-au-temoignage-et-a-la-priere-2\/\" \/>\n<meta property=\"og:site_name\" content=\"Mennonite World Conference\" \/>\n<meta property=\"article:publisher\" content=\"https:\/\/www.facebook.com\/MennoniteWorldConference\" \/>\n<meta property=\"article:published_time\" content=\"2026-09-01T14:48:24+00:00\" \/>\n<meta property=\"article:modified_time\" content=\"2026-09-01T14:48:25+00:00\" \/>\n<meta property=\"og:image\" content=\"https:\/\/mwc-cmm.org\/wp-content\/uploads\/2026\/09\/20260314KristinaToewsIMG_1901.jpg\" \/>\n\t<meta property=\"og:image:width\" content=\"1200\" \/>\n\t<meta property=\"og:image:height\" content=\"687\" \/>\n\t<meta property=\"og:image:type\" content=\"image\/jpeg\" \/>\n<meta name=\"author\" content=\"Stephanie Setiawan\" \/>\n<script type=\"application\/ld+json\" class=\"yoast-schema-graph\">{\"@context\":\"https:\\\/\\\/schema.org\",\"@graph\":[{\"@type\":\"Article\",\"@id\":\"https:\\\/\\\/mwc-cmm.org\\\/fr\\\/stories\\\/supporter-les-fardeaux-grace-au-temoignage-et-a-la-priere-2\\\/#article\",\"isPartOf\":{\"@id\":\"https:\\\/\\\/mwc-cmm.org\\\/fr\\\/stories\\\/supporter-les-fardeaux-grace-au-temoignage-et-a-la-priere-2\\\/\"},\"author\":{\"name\":\"Stephanie Setiawan\",\"@id\":\"https:\\\/\\\/mwc-cmm.org\\\/en\\\/#\\\/schema\\\/person\\\/00b62ed8ea1527254a44f3ace3aee79d\"},\"headline\":\"Supporter les fardeaux gr\u00e2ce au t\u00e9moignage et \u00e0 la pri\u00e8re\",\"datePublished\":\"2026-09-01T14:48:24+00:00\",\"dateModified\":\"2026-09-01T14:48:25+00:00\",\"mainEntityOfPage\":{\"@id\":\"https:\\\/\\\/mwc-cmm.org\\\/fr\\\/stories\\\/supporter-les-fardeaux-grace-au-temoignage-et-a-la-priere-2\\\/\"},\"wordCount\":1750,\"publisher\":{\"@id\":\"https:\\\/\\\/mwc-cmm.org\\\/en\\\/#organization\"},\"image\":{\"@id\":\"https:\\\/\\\/mwc-cmm.org\\\/fr\\\/stories\\\/supporter-les-fardeaux-grace-au-temoignage-et-a-la-priere-2\\\/#primaryimage\"},\"thumbnailUrl\":\"https:\\\/\\\/mwc-cmm.org\\\/wp-content\\\/uploads\\\/2026\\\/09\\\/20260314KristinaToewsIMG_1901.jpg\",\"keywords\":[\"bayanihan\",\"Comit\u00e9 Ex\u00e9cutif\",\"danse\",\"Philippines\",\"Renewal\",\"solidarit\u00e9\",\"YABs\"],\"articleSection\":[\"Courrier\"],\"inLanguage\":\"fr-FR\"},{\"@type\":\"WebPage\",\"@id\":\"https:\\\/\\\/mwc-cmm.org\\\/fr\\\/stories\\\/supporter-les-fardeaux-grace-au-temoignage-et-a-la-priere-2\\\/\",\"url\":\"https:\\\/\\\/mwc-cmm.org\\\/fr\\\/stories\\\/supporter-les-fardeaux-grace-au-temoignage-et-a-la-priere-2\\\/\",\"name\":\"Supporter les fardeaux gr\u00e2ce au t\u00e9moignage et \u00e0 la pri\u00e8re - Mennonite World Conference\",\"isPartOf\":{\"@id\":\"https:\\\/\\\/mwc-cmm.org\\\/en\\\/#website\"},\"primaryImageOfPage\":{\"@id\":\"https:\\\/\\\/mwc-cmm.org\\\/fr\\\/stories\\\/supporter-les-fardeaux-grace-au-temoignage-et-a-la-priere-2\\\/#primaryimage\"},\"image\":{\"@id\":\"https:\\\/\\\/mwc-cmm.org\\\/fr\\\/stories\\\/supporter-les-fardeaux-grace-au-temoignage-et-a-la-priere-2\\\/#primaryimage\"},\"thumbnailUrl\":\"https:\\\/\\\/mwc-cmm.org\\\/wp-content\\\/uploads\\\/2026\\\/09\\\/20260314KristinaToewsIMG_1901.jpg\",\"datePublished\":\"2026-09-01T14:48:24+00:00\",\"dateModified\":\"2026-09-01T14:48:25+00:00\",\"breadcrumb\":{\"@id\":\"https:\\\/\\\/mwc-cmm.org\\\/fr\\\/stories\\\/supporter-les-fardeaux-grace-au-temoignage-et-a-la-priere-2\\\/#breadcrumb\"},\"inLanguage\":\"fr-FR\",\"potentialAction\":[{\"@type\":\"ReadAction\",\"target\":[\"https:\\\/\\\/mwc-cmm.org\\\/fr\\\/stories\\\/supporter-les-fardeaux-grace-au-temoignage-et-a-la-priere-2\\\/\"]}]},{\"@type\":\"ImageObject\",\"inLanguage\":\"fr-FR\",\"@id\":\"https:\\\/\\\/mwc-cmm.org\\\/fr\\\/stories\\\/supporter-les-fardeaux-grace-au-temoignage-et-a-la-priere-2\\\/#primaryimage\",\"url\":\"https:\\\/\\\/mwc-cmm.org\\\/wp-content\\\/uploads\\\/2026\\\/09\\\/20260314KristinaToewsIMG_1901.jpg\",\"contentUrl\":\"https:\\\/\\\/mwc-cmm.org\\\/wp-content\\\/uploads\\\/2026\\\/09\\\/20260314KristinaToewsIMG_1901.jpg\",\"width\":1200,\"height\":687},{\"@type\":\"BreadcrumbList\",\"@id\":\"https:\\\/\\\/mwc-cmm.org\\\/fr\\\/stories\\\/supporter-les-fardeaux-grace-au-temoignage-et-a-la-priere-2\\\/#breadcrumb\",\"itemListElement\":[{\"@type\":\"ListItem\",\"position\":1,\"name\":\"Home\",\"item\":\"https:\\\/\\\/mwc-cmm.org\\\/fr\\\/\"},{\"@type\":\"ListItem\",\"position\":2,\"name\":\"Supporter les fardeaux gr\u00e2ce au t\u00e9moignage et \u00e0 la pri\u00e8re\"}]},{\"@type\":\"WebSite\",\"@id\":\"https:\\\/\\\/mwc-cmm.org\\\/en\\\/#website\",\"url\":\"https:\\\/\\\/mwc-cmm.org\\\/en\\\/\",\"name\":\"Mennonite World Conference\",\"description\":\"A communion of Anabaptist-related churches\",\"publisher\":{\"@id\":\"https:\\\/\\\/mwc-cmm.org\\\/en\\\/#organization\"},\"alternateName\":\"MWC\",\"potentialAction\":[{\"@type\":\"SearchAction\",\"target\":{\"@type\":\"EntryPoint\",\"urlTemplate\":\"https:\\\/\\\/mwc-cmm.org\\\/en\\\/?s={search_term_string}\"},\"query-input\":{\"@type\":\"PropertyValueSpecification\",\"valueRequired\":true,\"valueName\":\"search_term_string\"}}],\"inLanguage\":\"fr-FR\"},{\"@type\":\"Organization\",\"@id\":\"https:\\\/\\\/mwc-cmm.org\\\/en\\\/#organization\",\"name\":\"Mennonite World Conference\",\"alternateName\":\"MWC\",\"url\":\"https:\\\/\\\/mwc-cmm.org\\\/en\\\/\",\"logo\":{\"@type\":\"ImageObject\",\"inLanguage\":\"fr-FR\",\"@id\":\"https:\\\/\\\/mwc-cmm.org\\\/en\\\/#\\\/schema\\\/logo\\\/image\\\/\",\"url\":\"https:\\\/\\\/mwc-cmm.org\\\/wp-content\\\/uploads\\\/2026\\\/01\\\/MWC_Sig_Blue_Horiz_webheader1-logo.svg\",\"contentUrl\":\"https:\\\/\\\/mwc-cmm.org\\\/wp-content\\\/uploads\\\/2026\\\/01\\\/MWC_Sig_Blue_Horiz_webheader1-logo.svg\",\"width\":786,\"height\":82,\"caption\":\"Mennonite World Conference\"},\"image\":{\"@id\":\"https:\\\/\\\/mwc-cmm.org\\\/en\\\/#\\\/schema\\\/logo\\\/image\\\/\"},\"sameAs\":[\"https:\\\/\\\/www.facebook.com\\\/MennoniteWorldConference\",\"https:\\\/\\\/www.linkedin.com\\\/company\\\/mennonite-world-conference-mwc\\\/\",\"https:\\\/\\\/www.instagram.com\\\/mwcmm\\\/\",\"https:\\\/\\\/www.youtube.com\\\/user\\\/mwccmm\",\"https:\\\/\\\/bsky.app\\\/profile\\\/mwcmm.bsky.social\"]},{\"@type\":\"Person\",\"@id\":\"https:\\\/\\\/mwc-cmm.org\\\/en\\\/#\\\/schema\\\/person\\\/00b62ed8ea1527254a44f3ace3aee79d\",\"name\":\"Stephanie Setiawan\",\"image\":{\"@type\":\"ImageObject\",\"inLanguage\":\"fr-FR\",\"@id\":\"https:\\\/\\\/secure.gravatar.com\\\/avatar\\\/71b4b62cf3d0cfb4c8a367a101127ba8adfa1c22417900980ea24f5f4457a76d?s=96&d=mm&r=g\",\"url\":\"https:\\\/\\\/secure.gravatar.com\\\/avatar\\\/71b4b62cf3d0cfb4c8a367a101127ba8adfa1c22417900980ea24f5f4457a76d?s=96&d=mm&r=g\",\"contentUrl\":\"https:\\\/\\\/secure.gravatar.com\\\/avatar\\\/71b4b62cf3d0cfb4c8a367a101127ba8adfa1c22417900980ea24f5f4457a76d?s=96&d=mm&r=g\",\"caption\":\"Stephanie Setiawan\"},\"url\":\"https:\\\/\\\/mwc-cmm.org\\\/fr\\\/stories\\\/author\\\/stephanie\\\/\"}]}<\/script>\n<!-- \/ Yoast SEO plugin. -->","yoast_head_json":{"title":"Supporter les fardeaux gr\u00e2ce au t\u00e9moignage et \u00e0 la pri\u00e8re - Mennonite World Conference","robots":{"index":"index","follow":"follow","max-snippet":"max-snippet:-1","max-image-preview":"max-image-preview:large","max-video-preview":"max-video-preview:-1"},"canonical":"https:\/\/mwc-cmm.org\/fr\/stories\/supporter-les-fardeaux-grace-au-temoignage-et-a-la-priere-2\/","og_locale":"fr_FR","og_type":"article","og_title":"Supporter les fardeaux gr\u00e2ce au t\u00e9moignage et \u00e0 la pri\u00e8re - Mennonite World Conference","og_description":"Un rassemblement mondial des mennonites aux Philippines met en avant la solidarit\u00e9, la foi et le t\u00e9moignage commun Pr\u00e8s de 300\u202fparticipants venus de plus d\u2019une douzaine de pays se sont r\u00e9unis sur la place historique de Lumban le 14\u202fmars\u202f2026, \u00e0 l\u2019occasion de la 9e \u00e9dition annuelle de la rencontre \u2018\u2009Renouveau\u2019 de la Conf\u00e9rence mennonite mondiale [&hellip;]","og_url":"https:\/\/mwc-cmm.org\/fr\/stories\/supporter-les-fardeaux-grace-au-temoignage-et-a-la-priere-2\/","og_site_name":"Mennonite World Conference","article_publisher":"https:\/\/www.facebook.com\/MennoniteWorldConference","article_published_time":"2026-09-01T14:48:24+00:00","article_modified_time":"2026-09-01T14:48:25+00:00","og_image":[{"width":1200,"height":687,"url":"https:\/\/mwc-cmm.org\/wp-content\/uploads\/2026\/09\/20260314KristinaToewsIMG_1901.jpg","type":"image\/jpeg"}],"author":"Stephanie Setiawan","schema":{"@context":"https:\/\/schema.org","@graph":[{"@type":"Article","@id":"https:\/\/mwc-cmm.org\/fr\/stories\/supporter-les-fardeaux-grace-au-temoignage-et-a-la-priere-2\/#article","isPartOf":{"@id":"https:\/\/mwc-cmm.org\/fr\/stories\/supporter-les-fardeaux-grace-au-temoignage-et-a-la-priere-2\/"},"author":{"name":"Stephanie Setiawan","@id":"https:\/\/mwc-cmm.org\/en\/#\/schema\/person\/00b62ed8ea1527254a44f3ace3aee79d"},"headline":"Supporter les fardeaux gr\u00e2ce au t\u00e9moignage et \u00e0 la pri\u00e8re","datePublished":"2026-09-01T14:48:24+00:00","dateModified":"2026-09-01T14:48:25+00:00","mainEntityOfPage":{"@id":"https:\/\/mwc-cmm.org\/fr\/stories\/supporter-les-fardeaux-grace-au-temoignage-et-a-la-priere-2\/"},"wordCount":1750,"publisher":{"@id":"https:\/\/mwc-cmm.org\/en\/#organization"},"image":{"@id":"https:\/\/mwc-cmm.org\/fr\/stories\/supporter-les-fardeaux-grace-au-temoignage-et-a-la-priere-2\/#primaryimage"},"thumbnailUrl":"https:\/\/mwc-cmm.org\/wp-content\/uploads\/2026\/09\/20260314KristinaToewsIMG_1901.jpg","keywords":["bayanihan","Comit\u00e9 Ex\u00e9cutif","danse","Philippines","Renewal","solidarit\u00e9","YABs"],"articleSection":["Courrier"],"inLanguage":"fr-FR"},{"@type":"WebPage","@id":"https:\/\/mwc-cmm.org\/fr\/stories\/supporter-les-fardeaux-grace-au-temoignage-et-a-la-priere-2\/","url":"https:\/\/mwc-cmm.org\/fr\/stories\/supporter-les-fardeaux-grace-au-temoignage-et-a-la-priere-2\/","name":"Supporter les fardeaux gr\u00e2ce au t\u00e9moignage et \u00e0 la pri\u00e8re - Mennonite World Conference","isPartOf":{"@id":"https:\/\/mwc-cmm.org\/en\/#website"},"primaryImageOfPage":{"@id":"https:\/\/mwc-cmm.org\/fr\/stories\/supporter-les-fardeaux-grace-au-temoignage-et-a-la-priere-2\/#primaryimage"},"image":{"@id":"https:\/\/mwc-cmm.org\/fr\/stories\/supporter-les-fardeaux-grace-au-temoignage-et-a-la-priere-2\/#primaryimage"},"thumbnailUrl":"https:\/\/mwc-cmm.org\/wp-content\/uploads\/2026\/09\/20260314KristinaToewsIMG_1901.jpg","datePublished":"2026-09-01T14:48:24+00:00","dateModified":"2026-09-01T14:48:25+00:00","breadcrumb":{"@id":"https:\/\/mwc-cmm.org\/fr\/stories\/supporter-les-fardeaux-grace-au-temoignage-et-a-la-priere-2\/#breadcrumb"},"inLanguage":"fr-FR","potentialAction":[{"@type":"ReadAction","target":["https:\/\/mwc-cmm.org\/fr\/stories\/supporter-les-fardeaux-grace-au-temoignage-et-a-la-priere-2\/"]}]},{"@type":"ImageObject","inLanguage":"fr-FR","@id":"https:\/\/mwc-cmm.org\/fr\/stories\/supporter-les-fardeaux-grace-au-temoignage-et-a-la-priere-2\/#primaryimage","url":"https:\/\/mwc-cmm.org\/wp-content\/uploads\/2026\/09\/20260314KristinaToewsIMG_1901.jpg","contentUrl":"https:\/\/mwc-cmm.org\/wp-content\/uploads\/2026\/09\/20260314KristinaToewsIMG_1901.jpg","width":1200,"height":687},{"@type":"BreadcrumbList","@id":"https:\/\/mwc-cmm.org\/fr\/stories\/supporter-les-fardeaux-grace-au-temoignage-et-a-la-priere-2\/#breadcrumb","itemListElement":[{"@type":"ListItem","position":1,"name":"Home","item":"https:\/\/mwc-cmm.org\/fr\/"},{"@type":"ListItem","position":2,"name":"Supporter les fardeaux gr\u00e2ce au t\u00e9moignage et \u00e0 la pri\u00e8re"}]},{"@type":"WebSite","@id":"https:\/\/mwc-cmm.org\/en\/#website","url":"https:\/\/mwc-cmm.org\/en\/","name":"Mennonite World Conference","description":"A communion of Anabaptist-related churches","publisher":{"@id":"https:\/\/mwc-cmm.org\/en\/#organization"},"alternateName":"MWC","potentialAction":[{"@type":"SearchAction","target":{"@type":"EntryPoint","urlTemplate":"https:\/\/mwc-cmm.org\/en\/?s={search_term_string}"},"query-input":{"@type":"PropertyValueSpecification","valueRequired":true,"valueName":"search_term_string"}}],"inLanguage":"fr-FR"},{"@type":"Organization","@id":"https:\/\/mwc-cmm.org\/en\/#organization","name":"Mennonite World Conference","alternateName":"MWC","url":"https:\/\/mwc-cmm.org\/en\/","logo":{"@type":"ImageObject","inLanguage":"fr-FR","@id":"https:\/\/mwc-cmm.org\/en\/#\/schema\/logo\/image\/","url":"https:\/\/mwc-cmm.org\/wp-content\/uploads\/2026\/01\/MWC_Sig_Blue_Horiz_webheader1-logo.svg","contentUrl":"https:\/\/mwc-cmm.org\/wp-content\/uploads\/2026\/01\/MWC_Sig_Blue_Horiz_webheader1-logo.svg","width":786,"height":82,"caption":"Mennonite World Conference"},"image":{"@id":"https:\/\/mwc-cmm.org\/en\/#\/schema\/logo\/image\/"},"sameAs":["https:\/\/www.facebook.com\/MennoniteWorldConference","https:\/\/www.linkedin.com\/company\/mennonite-world-conference-mwc\/","https:\/\/www.instagram.com\/mwcmm\/","https:\/\/www.youtube.com\/user\/mwccmm","https:\/\/bsky.app\/profile\/mwcmm.bsky.social"]},{"@type":"Person","@id":"https:\/\/mwc-cmm.org\/en\/#\/schema\/person\/00b62ed8ea1527254a44f3ace3aee79d","name":"Stephanie Setiawan","image":{"@type":"ImageObject","inLanguage":"fr-FR","@id":"https:\/\/secure.gravatar.com\/avatar\/71b4b62cf3d0cfb4c8a367a101127ba8adfa1c22417900980ea24f5f4457a76d?s=96&d=mm&r=g","url":"https:\/\/secure.gravatar.com\/avatar\/71b4b62cf3d0cfb4c8a367a101127ba8adfa1c22417900980ea24f5f4457a76d?s=96&d=mm&r=g","contentUrl":"https:\/\/secure.gravatar.com\/avatar\/71b4b62cf3d0cfb4c8a367a101127ba8adfa1c22417900980ea24f5f4457a76d?s=96&d=mm&r=g","caption":"Stephanie Setiawan"},"url":"https:\/\/mwc-cmm.org\/fr\/stories\/author\/stephanie\/"}]}},"_links":{"self":[{"href":"https:\/\/mwc-cmm.org\/fr\/wp-json\/wp\/v2\/posts\/132095","targetHints":{"allow":["GET"]}}],"collection":[{"href":"https:\/\/mwc-cmm.org\/fr\/wp-json\/wp\/v2\/posts"}],"about":[{"href":"https:\/\/mwc-cmm.org\/fr\/wp-json\/wp\/v2\/types\/post"}],"author":[{"embeddable":true,"href":"https:\/\/mwc-cmm.org\/fr\/wp-json\/wp\/v2\/users\/8"}],"replies":[{"embeddable":true,"href":"https:\/\/mwc-cmm.org\/fr\/wp-json\/wp\/v2\/comments?post=132095"}],"version-history":[{"count":3,"href":"https:\/\/mwc-cmm.org\/fr\/wp-json\/wp\/v2\/posts\/132095\/revisions"}],"predecessor-version":[{"id":132117,"href":"https:\/\/mwc-cmm.org\/fr\/wp-json\/wp\/v2\/posts\/132095\/revisions\/132117"}],"wp:featuredmedia":[{"embeddable":true,"href":"https:\/\/mwc-cmm.org\/fr\/wp-json\/wp\/v2\/media\/132079"}],"wp:attachment":[{"href":"https:\/\/mwc-cmm.org\/fr\/wp-json\/wp\/v2\/media?parent=132095"}],"wp:term":[{"taxonomy":"category","embeddable":true,"href":"https:\/\/mwc-cmm.org\/fr\/wp-json\/wp\/v2\/categories?post=132095"},{"taxonomy":"post_tag","embeddable":true,"href":"https:\/\/mwc-cmm.org\/fr\/wp-json\/wp\/v2\/tags?post=132095"},{"taxonomy":"network","embeddable":true,"href":"https:\/\/mwc-cmm.org\/fr\/wp-json\/wp\/v2\/network?post=132095"},{"taxonomy":"eventcategory","embeddable":true,"href":"https:\/\/mwc-cmm.org\/fr\/wp-json\/wp\/v2\/eventcategory?post=132095"}],"curies":[{"name":"wp","href":"https:\/\/api.w.org\/{rel}","templated":true}]}}