{"id":132007,"date":"2026-09-01T13:29:06","date_gmt":"2026-09-01T13:29:06","guid":{"rendered":"https:\/\/mwc-cmm.org\/?p=132007"},"modified":"2026-09-01T13:29:07","modified_gmt":"2026-09-01T13:29:07","slug":"participation-a-la-celebration-commune","status":"publish","type":"post","link":"https:\/\/mwc-cmm.org\/fr\/stories\/participation-a-la-celebration-commune\/","title":{"rendered":"Participation \u00e0 la c\u00e9l\u00e9bration commune"},"content":{"rendered":"\n<h2 class=\"wp-block-heading\">Lors de \u2018Renouveau\u202f2026\u2019, les danses sont l\u2019expression de la culture et de l\u2019unit\u00e9<\/h2>\n\n\n\n<p class=\"wp-block-paragraph\">\u00ab\u2009La danse utilise des mouvements familiers pour entrer en communion avec Dieu, cr\u00e9er des liens au sein de la communaut\u00e9 et exprimer notre gratitude, tout en mettant en valeur nos pratiques culturelles, en particulier lors des c\u00e9l\u00e9brations\u2009\u00bb, explique Marcial Arenos, de l\u2019\u00c9glise chr\u00e9tien mennonite de <em>Binuangan<\/em>, district Nord de l\u2019<em>Integrated Mennonite Church <\/em>aux Philippines. \u00ab\u2009C\u2019est une expression corporelle de la c\u00e9l\u00e9bration qui implique une participation collective.\u2009\u00bb<\/p>\n\n\n\n<p class=\"wp-block-paragraph\">Le programme de \u2018<a href=\"https:\/\/mwc-cmm.org\/fr\/renouveau-2028\/\" data-type=\"link\" data-id=\"https:\/\/mwc-cmm.org\/fr\/renouveau-2028\/\">Renouveau<\/a>\u202f2026\u2019 aux Philippines a \u00e9t\u00e9 ponctu\u00e9 de danses culturelles issues de plusieurs districts de l\u2019IMC aux origines culturelles distinctes. Les repr\u00e9sentations de groupes de danse locaux issus de ces districts constituent \u00e9galement un \u00e9l\u00e9ment caract\u00e9ristique des rassemblements r\u00e9gionaux et culturels de l\u2019IMC.<\/p>\n\n\n\n<p class=\"wp-block-paragraph\">Ces danses mettent en sc\u00e8ne des costumes traditionnels (cousus par les membres de l\u2019\u00c9glise), des gestes symboliques et des mouvements r\u00e9p\u00e9titifs qui racontent une histoire. Ces \u00e9l\u00e9ments refl\u00e8tent les traditions et les valeurs des communaut\u00e9s, explique Blessing Joy Turqueza, repr\u00e9sentante des <a href=\"https:\/\/mwc-cmm.org\/fr\/jeunes-anabaptistes-yabs\/\" data-type=\"link\" data-id=\"https:\/\/mwc-cmm.org\/fr\/jeunes-anabaptistes-yabs\/\">YABs<\/a> pour l\u2019Asie et l\u2019un des responsables de l\u2019Association des jeunes mennonites des Philippines (IMC).<\/p>\n\n\n\n<p class=\"wp-block-paragraph\">\u00ab\u2009Le recours \u00e0 la danse enrichit le culte, la pri\u00e8re ou les lectures bibliques\u2009; nous pouvons nous exprimer dans notre langue, \u00e0 travers nos traditions et notre culture\u2009\u00bb, d\u00e9clare Marcial Arenos. C\u2019est \u00e9galement un moyen de s\u2019ouvrir \u00e0 la communaut\u00e9, o\u00f9 la pr\u00e9servation de la culture et du dialecte par la danse cr\u00e9e des liens avec les communaut\u00e9s autochtones.<\/p>\n\n\n\n<p class=\"wp-block-paragraph\">\u00ab\u2009Ces danses traditionnelles symbolisent pour nous, aux Philippines, l\u2019unit\u00e9 et la c\u00e9l\u00e9bration. La Bible dit \u00e9galement que \u2018tout genou fl\u00e9chira devant J\u00e9sus et que toute langue c\u00e9l\u00e9brera la gloire de Dieu\u2019 (Philippiens\u202f2.10-11). C\u2019est pourquoi nous c\u00e9l\u00e9brons Dieu par notre danse\u2009\u00bb, explique Shammah Micah B. Abadier, de l\u2019\u00c9glise mennonite de <em>Red Cross Village,<\/em> dans le district central,\u202fIMC.<\/p>\n\n\n\n<h3 class=\"wp-block-heading\">Pandanggo sa Ilaw<\/h3>\n\n\n\n<figure class=\"wp-block-embed is-type-video is-provider-youtube wp-block-embed-youtube wp-embed-aspect-16-9 wp-has-aspect-ratio\"><div class=\"wp-block-embed__wrapper\">\n<iframe title=\"Pandanggo sa Ilaw\" width=\"500\" height=\"281\" data-src=\"https:\/\/www.youtube.com\/embed\/BRVokhpwyBY?feature=oembed\" frameborder=\"0\" allow=\"accelerometer; autoplay; clipboard-write; encrypted-media; gyroscope; picture-in-picture; web-share\" referrerpolicy=\"strict-origin-when-cross-origin\" allowfullscreen src=\"data:image\/svg+xml;base64,PHN2ZyB3aWR0aD0iMSIgaGVpZ2h0PSIxIiB4bWxucz0iaHR0cDovL3d3dy53My5vcmcvMjAwMC9zdmciPjwvc3ZnPg==\" class=\"lazyload\" data-load-mode=\"1\"><\/iframe>\n<\/div><\/figure>\n\n\n\n<p class=\"wp-block-paragraph\">L\u2019une des danses au programme \u00e9tait le Pandanggo sa Ilaw. Cette danse folklorique originaire de l\u2019\u00eele de Lubang, \u00e0 Mindoro, est d\u00e9riv\u00e9e du fandango espagnol de l\u2019\u00e9poque coloniale. Elle met en sc\u00e8ne la cour amoureuse \u00e0 travers un jeu d\u2019\u00e9quilibre avec des lampes allum\u00e9es symbolisant des\u202flucioles.<\/p>\n\n\n\n<p class=\"wp-block-paragraph\">\u00ab\u2009La beaut\u00e9 de la danse d\u00e9pend de la clart\u00e9 et de la stabilit\u00e9 de la flamme port\u00e9e par le danseur\u2009\u00bb, explique Felipe Magbuhos, Jr., de l\u2019\u00c9glise mennonite \u2018Bible\u2019 de Lacao \u00e0 Lumban. \u00c0 l\u2019origine, on utilisait des bougies, mais aujourd\u2019hui, on utilise une lampe \u00e0 piles.<\/p>\n\n\n\n<p class=\"wp-block-paragraph\">\u00ab\u2009Comme il est dit\u202f: \u2018Vous \u00eates la lumi\u00e8re du monde [\u2026] que votre lumi\u00e8re brille aux yeux des hommes, pour qu\u2019en voyant vos bonnes actions ils rendent gloire \u00e0 votre P\u00e8re qui est aux cieux\u2019 (Matthieu\u202f5.14-16).\u202f\u00bb<\/p>\n\n\n\n<p class=\"wp-block-paragraph\">\u00ab\u2009Cette danse nous rappelle qu\u2019au milieu des situations sombres, nos vies \u2014 la \u2018lumi\u00e8re\u2019 que nous tenons entre nos mains \u2014 doivent \u00eatre une source d\u2019inspiration et t\u00e9moigner de la bont\u00e9 de Dieu\u2009\u00bb, ajoute-t-il.<\/p>\n\n\n\n<p class=\"wp-block-paragraph\">\u00c0 la fin du programme \u2018Renouveau\u2019, tous les participants et invit\u00e9s internationaux ont \u00e9t\u00e9 invit\u00e9s \u00e0 participer ensemble \u00e0 la danse de l\u2019unit\u00e9. Cette danse fait r\u00e9guli\u00e8rement partie du congr\u00e8s annuel de\u202fl\u2019IMC.<\/p>\n\n\n\n<p class=\"wp-block-paragraph\">\u00ab\u2009En agitant et en tendant nos mains ainsi, nous louons notre Dieu\u2009\u00bb, explique Shammah Micah B.\u202fAbadier.<\/p>\n\n\n\n<hr class=\"wp-block-separator has-alpha-channel-opacity\"\/>\n\n\n\n<figure class=\"wp-block-embed is-type-rich is-provider-flickr wp-block-embed-flickr\"><div class=\"wp-block-embed__wrapper\">\n<a data-flickr-embed='true' href='https:\/\/www.flickr.com\/photos\/mwcmm\/albums\/72177720332736884\/' title='2026 Renewal Philippines by MWC-CMM (Mennonite World Conference), on Flickr'><img data-src='https:\/\/live.staticflickr.com\/65535\/55167231646_50e20e254c.jpg' width='800' height='600' alt='20260314RGPhotographyRGP_8060_FMoCZl' src='data:image\/svg+xml;base64,PHN2ZyB3aWR0aD0iMSIgaGVpZ2h0PSIxIiB4bWxucz0iaHR0cDovL3d3dy53My5vcmcvMjAwMC9zdmciPjwvc3ZnPg==' class='lazyload' style='--smush-placeholder-width: 800px; --smush-placeholder-aspect-ratio: 800\/600;'><\/a><script async src='https:\/\/embedr.flickr.com\/assets\/client-code.js' charset='utf-8'><\/script>\n<\/div><\/figure>\n\n\n\n<hr class=\"wp-block-separator has-alpha-channel-opacity\"\/>\n\n\n\n<div class=\"wp-block-group has-global-padding is-layout-constrained wp-block-group-is-layout-constrained\">\n<div class=\"wp-block-media-text is-stacked-on-mobile has-magenta-background-color has-background\" style=\"grid-template-columns:15% auto\"><figure class=\"wp-block-media-text__media\"><img decoding=\"async\" width=\"682\" height=\"890\" data-src=\"https:\/\/mwc-cmm.org\/wp-content\/uploads\/2026\/09\/41.3-EN.png\" alt=\"\" class=\"wp-image-131989 size-full lazyload\" data-srcset=\"https:\/\/mwc-cmm.org\/wp-content\/uploads\/2026\/09\/41.3-EN.png 682w, https:\/\/mwc-cmm.org\/wp-content\/uploads\/2026\/09\/41.3-EN-230x300.png 230w\" data-sizes=\"(max-width: 682px) 100vw, 682px\" src=\"data:image\/svg+xml;base64,PHN2ZyB3aWR0aD0iMSIgaGVpZ2h0PSIxIiB4bWxucz0iaHR0cDovL3d3dy53My5vcmcvMjAwMC9zdmciPjwvc3ZnPg==\" style=\"--smush-placeholder-width: 682px; --smush-placeholder-aspect-ratio: 682\/890;\" \/><\/figure><div class=\"wp-block-media-text__content\">\n<div class=\"wp-block-buttons is-layout-flex wp-block-buttons-is-layout-flex\">\n<div class=\"wp-block-button\"><a class=\"wp-block-button__link has-magenta-background-color has-background has-custom-font-size wp-element-button\" href=\"https:\/\/mwc-cmm.org\/fr\/resources\/courrier-2026-41-3\/\" style=\"font-size:clamp(0.929rem, 0.929rem + ((1vw - 0.2rem) * 0.837), 1.4rem);\">Cet article est paru pour la premi\u00e8re fois dans le num\u00e9ro Courier \/ Correo \/ Courrier, volume 41, n\u00famero 3<\/a><\/div>\n<\/div>\n<\/div><\/div>\n<\/div>\n\n\n<div class=\"taxonomy-post_tag has-link-color wp-elements-4795dccc25dd561b10d5c166c095ced0 wp-block-post-terms has-text-color has-gray-color has-small-font-size\"><a href=\"https:\/\/mwc-cmm.org\/fr\/stories\/tag\/courier-fr\/\" rel=\"tag\">Courier<\/a><span class=\"wp-block-post-terms__separator\">, <\/span><a href=\"https:\/\/mwc-cmm.org\/fr\/stories\/tag\/philippines\/\" rel=\"tag\">Philippines<\/a><span class=\"wp-block-post-terms__separator\">, <\/span><a href=\"https:\/\/mwc-cmm.org\/fr\/stories\/tag\/renewal\/\" rel=\"tag\">Renewal<\/a><\/div>\n\n\n<p class=\"has-medium-font-size wp-block-paragraph\"><\/p>\n\n\n\n<p class=\"wp-block-paragraph\"><\/p>\n","protected":false},"excerpt":{"rendered":"<p>Lors de \u2018Renouveau\u202f2026\u2019, les danses sont l\u2019expression de la culture et de l\u2019unit\u00e9 \u00ab\u2009La danse utilise des mouvements familiers pour entrer en communion avec Dieu, cr\u00e9er des liens au sein de la communaut\u00e9 et exprimer notre gratitude, tout en mettant en valeur nos pratiques culturelles, en particulier lors des c\u00e9l\u00e9brations\u2009\u00bb, explique Marcial Arenos, de l\u2019\u00c9glise [&hellip;]<\/p>\n","protected":false},"author":8,"featured_media":132059,"comment_status":"closed","ping_status":"closed","sticky":false,"template":"","format":"standard","meta":{"_acf_changed":false,"footnotes":""},"categories":[1183],"tags":[407,2458,1930],"network":[],"eventcategory":[],"class_list":["post-132007","post","type-post","status-publish","format-standard","has-post-thumbnail","hentry","category-courier-fr","tag-courier-fr","tag-philippines","tag-renewal"],"acf":[],"yoast_head":"<!-- This site is optimized with the Yoast SEO plugin v28.3 - https:\/\/yoast.com\/product\/yoast-seo-wordpress\/ -->\n<title>Participation \u00e0 la c\u00e9l\u00e9bration commune - Mennonite World Conference<\/title>\n<meta name=\"robots\" content=\"index, follow, max-snippet:-1, max-image-preview:large, max-video-preview:-1\" \/>\n<link rel=\"canonical\" href=\"https:\/\/mwc-cmm.org\/fr\/stories\/participation-a-la-celebration-commune\/\" \/>\n<meta property=\"og:locale\" content=\"fr_FR\" \/>\n<meta property=\"og:type\" content=\"article\" \/>\n<meta property=\"og:title\" content=\"Participation \u00e0 la c\u00e9l\u00e9bration commune - Mennonite World Conference\" \/>\n<meta property=\"og:description\" content=\"Lors de \u2018Renouveau\u202f2026\u2019, les danses sont l\u2019expression de la culture et de l\u2019unit\u00e9 \u00ab\u2009La danse utilise des mouvements familiers pour entrer en communion avec Dieu, cr\u00e9er des liens au sein de la communaut\u00e9 et exprimer notre gratitude, tout en mettant en valeur nos pratiques culturelles, en particulier lors des c\u00e9l\u00e9brations\u2009\u00bb, explique Marcial Arenos, de l\u2019\u00c9glise [&hellip;]\" \/>\n<meta property=\"og:url\" content=\"https:\/\/mwc-cmm.org\/fr\/stories\/participation-a-la-celebration-commune\/\" \/>\n<meta property=\"og:site_name\" content=\"Mennonite World Conference\" \/>\n<meta property=\"article:publisher\" content=\"https:\/\/www.facebook.com\/MennoniteWorldConference\" \/>\n<meta property=\"article:published_time\" content=\"2026-09-01T13:29:06+00:00\" \/>\n<meta property=\"article:modified_time\" content=\"2026-09-01T13:29:07+00:00\" \/>\n<meta property=\"og:image\" content=\"https:\/\/mwc-cmm.org\/wp-content\/uploads\/2026\/09\/20260314RGPhotographyRGP_8366_FMoCZl.jpg\" \/>\n\t<meta property=\"og:image:width\" content=\"1200\" \/>\n\t<meta property=\"og:image:height\" content=\"687\" \/>\n\t<meta property=\"og:image:type\" content=\"image\/jpeg\" \/>\n<meta name=\"author\" content=\"Stephanie Setiawan\" \/>\n<script type=\"application\/ld+json\" class=\"yoast-schema-graph\">{\"@context\":\"https:\\\/\\\/schema.org\",\"@graph\":[{\"@type\":\"Article\",\"@id\":\"https:\\\/\\\/mwc-cmm.org\\\/fr\\\/stories\\\/participation-a-la-celebration-commune\\\/#article\",\"isPartOf\":{\"@id\":\"https:\\\/\\\/mwc-cmm.org\\\/fr\\\/stories\\\/participation-a-la-celebration-commune\\\/\"},\"author\":{\"name\":\"Stephanie Setiawan\",\"@id\":\"https:\\\/\\\/mwc-cmm.org\\\/en\\\/#\\\/schema\\\/person\\\/00b62ed8ea1527254a44f3ace3aee79d\"},\"headline\":\"Participation \u00e0 la c\u00e9l\u00e9bration commune\",\"datePublished\":\"2026-09-01T13:29:06+00:00\",\"dateModified\":\"2026-09-01T13:29:07+00:00\",\"mainEntityOfPage\":{\"@id\":\"https:\\\/\\\/mwc-cmm.org\\\/fr\\\/stories\\\/participation-a-la-celebration-commune\\\/\"},\"wordCount\":592,\"publisher\":{\"@id\":\"https:\\\/\\\/mwc-cmm.org\\\/en\\\/#organization\"},\"image\":{\"@id\":\"https:\\\/\\\/mwc-cmm.org\\\/fr\\\/stories\\\/participation-a-la-celebration-commune\\\/#primaryimage\"},\"thumbnailUrl\":\"https:\\\/\\\/mwc-cmm.org\\\/wp-content\\\/uploads\\\/2026\\\/09\\\/20260314RGPhotographyRGP_8366_FMoCZl.jpg\",\"keywords\":[\"Courier\",\"Philippines\",\"Renewal\"],\"articleSection\":[\"Courrier\"],\"inLanguage\":\"fr-FR\"},{\"@type\":\"WebPage\",\"@id\":\"https:\\\/\\\/mwc-cmm.org\\\/fr\\\/stories\\\/participation-a-la-celebration-commune\\\/\",\"url\":\"https:\\\/\\\/mwc-cmm.org\\\/fr\\\/stories\\\/participation-a-la-celebration-commune\\\/\",\"name\":\"Participation \u00e0 la c\u00e9l\u00e9bration commune - Mennonite World Conference\",\"isPartOf\":{\"@id\":\"https:\\\/\\\/mwc-cmm.org\\\/en\\\/#website\"},\"primaryImageOfPage\":{\"@id\":\"https:\\\/\\\/mwc-cmm.org\\\/fr\\\/stories\\\/participation-a-la-celebration-commune\\\/#primaryimage\"},\"image\":{\"@id\":\"https:\\\/\\\/mwc-cmm.org\\\/fr\\\/stories\\\/participation-a-la-celebration-commune\\\/#primaryimage\"},\"thumbnailUrl\":\"https:\\\/\\\/mwc-cmm.org\\\/wp-content\\\/uploads\\\/2026\\\/09\\\/20260314RGPhotographyRGP_8366_FMoCZl.jpg\",\"datePublished\":\"2026-09-01T13:29:06+00:00\",\"dateModified\":\"2026-09-01T13:29:07+00:00\",\"breadcrumb\":{\"@id\":\"https:\\\/\\\/mwc-cmm.org\\\/fr\\\/stories\\\/participation-a-la-celebration-commune\\\/#breadcrumb\"},\"inLanguage\":\"fr-FR\",\"potentialAction\":[{\"@type\":\"ReadAction\",\"target\":[\"https:\\\/\\\/mwc-cmm.org\\\/fr\\\/stories\\\/participation-a-la-celebration-commune\\\/\"]}]},{\"@type\":\"ImageObject\",\"inLanguage\":\"fr-FR\",\"@id\":\"https:\\\/\\\/mwc-cmm.org\\\/fr\\\/stories\\\/participation-a-la-celebration-commune\\\/#primaryimage\",\"url\":\"https:\\\/\\\/mwc-cmm.org\\\/wp-content\\\/uploads\\\/2026\\\/09\\\/20260314RGPhotographyRGP_8366_FMoCZl.jpg\",\"contentUrl\":\"https:\\\/\\\/mwc-cmm.org\\\/wp-content\\\/uploads\\\/2026\\\/09\\\/20260314RGPhotographyRGP_8366_FMoCZl.jpg\",\"width\":1200,\"height\":687},{\"@type\":\"BreadcrumbList\",\"@id\":\"https:\\\/\\\/mwc-cmm.org\\\/fr\\\/stories\\\/participation-a-la-celebration-commune\\\/#breadcrumb\",\"itemListElement\":[{\"@type\":\"ListItem\",\"position\":1,\"name\":\"Home\",\"item\":\"https:\\\/\\\/mwc-cmm.org\\\/fr\\\/\"},{\"@type\":\"ListItem\",\"position\":2,\"name\":\"Participation \u00e0 la c\u00e9l\u00e9bration commune\"}]},{\"@type\":\"WebSite\",\"@id\":\"https:\\\/\\\/mwc-cmm.org\\\/en\\\/#website\",\"url\":\"https:\\\/\\\/mwc-cmm.org\\\/en\\\/\",\"name\":\"Mennonite World Conference\",\"description\":\"A communion of Anabaptist-related churches\",\"publisher\":{\"@id\":\"https:\\\/\\\/mwc-cmm.org\\\/en\\\/#organization\"},\"alternateName\":\"MWC\",\"potentialAction\":[{\"@type\":\"SearchAction\",\"target\":{\"@type\":\"EntryPoint\",\"urlTemplate\":\"https:\\\/\\\/mwc-cmm.org\\\/en\\\/?s={search_term_string}\"},\"query-input\":{\"@type\":\"PropertyValueSpecification\",\"valueRequired\":true,\"valueName\":\"search_term_string\"}}],\"inLanguage\":\"fr-FR\"},{\"@type\":\"Organization\",\"@id\":\"https:\\\/\\\/mwc-cmm.org\\\/en\\\/#organization\",\"name\":\"Mennonite World Conference\",\"alternateName\":\"MWC\",\"url\":\"https:\\\/\\\/mwc-cmm.org\\\/en\\\/\",\"logo\":{\"@type\":\"ImageObject\",\"inLanguage\":\"fr-FR\",\"@id\":\"https:\\\/\\\/mwc-cmm.org\\\/en\\\/#\\\/schema\\\/logo\\\/image\\\/\",\"url\":\"https:\\\/\\\/mwc-cmm.org\\\/wp-content\\\/uploads\\\/2026\\\/01\\\/MWC_Sig_Blue_Horiz_webheader1-logo.svg\",\"contentUrl\":\"https:\\\/\\\/mwc-cmm.org\\\/wp-content\\\/uploads\\\/2026\\\/01\\\/MWC_Sig_Blue_Horiz_webheader1-logo.svg\",\"width\":786,\"height\":82,\"caption\":\"Mennonite World Conference\"},\"image\":{\"@id\":\"https:\\\/\\\/mwc-cmm.org\\\/en\\\/#\\\/schema\\\/logo\\\/image\\\/\"},\"sameAs\":[\"https:\\\/\\\/www.facebook.com\\\/MennoniteWorldConference\",\"https:\\\/\\\/www.linkedin.com\\\/company\\\/mennonite-world-conference-mwc\\\/\",\"https:\\\/\\\/www.instagram.com\\\/mwcmm\\\/\",\"https:\\\/\\\/www.youtube.com\\\/user\\\/mwccmm\",\"https:\\\/\\\/bsky.app\\\/profile\\\/mwcmm.bsky.social\"]},{\"@type\":\"Person\",\"@id\":\"https:\\\/\\\/mwc-cmm.org\\\/en\\\/#\\\/schema\\\/person\\\/00b62ed8ea1527254a44f3ace3aee79d\",\"name\":\"Stephanie Setiawan\",\"image\":{\"@type\":\"ImageObject\",\"inLanguage\":\"fr-FR\",\"@id\":\"https:\\\/\\\/secure.gravatar.com\\\/avatar\\\/71b4b62cf3d0cfb4c8a367a101127ba8adfa1c22417900980ea24f5f4457a76d?s=96&d=mm&r=g\",\"url\":\"https:\\\/\\\/secure.gravatar.com\\\/avatar\\\/71b4b62cf3d0cfb4c8a367a101127ba8adfa1c22417900980ea24f5f4457a76d?s=96&d=mm&r=g\",\"contentUrl\":\"https:\\\/\\\/secure.gravatar.com\\\/avatar\\\/71b4b62cf3d0cfb4c8a367a101127ba8adfa1c22417900980ea24f5f4457a76d?s=96&d=mm&r=g\",\"caption\":\"Stephanie Setiawan\"},\"url\":\"https:\\\/\\\/mwc-cmm.org\\\/fr\\\/stories\\\/author\\\/stephanie\\\/\"}]}<\/script>\n<!-- \/ Yoast SEO plugin. -->","yoast_head_json":{"title":"Participation \u00e0 la c\u00e9l\u00e9bration commune - Mennonite World Conference","robots":{"index":"index","follow":"follow","max-snippet":"max-snippet:-1","max-image-preview":"max-image-preview:large","max-video-preview":"max-video-preview:-1"},"canonical":"https:\/\/mwc-cmm.org\/fr\/stories\/participation-a-la-celebration-commune\/","og_locale":"fr_FR","og_type":"article","og_title":"Participation \u00e0 la c\u00e9l\u00e9bration commune - Mennonite World Conference","og_description":"Lors de \u2018Renouveau\u202f2026\u2019, les danses sont l\u2019expression de la culture et de l\u2019unit\u00e9 \u00ab\u2009La danse utilise des mouvements familiers pour entrer en communion avec Dieu, cr\u00e9er des liens au sein de la communaut\u00e9 et exprimer notre gratitude, tout en mettant en valeur nos pratiques culturelles, en particulier lors des c\u00e9l\u00e9brations\u2009\u00bb, explique Marcial Arenos, de l\u2019\u00c9glise [&hellip;]","og_url":"https:\/\/mwc-cmm.org\/fr\/stories\/participation-a-la-celebration-commune\/","og_site_name":"Mennonite World Conference","article_publisher":"https:\/\/www.facebook.com\/MennoniteWorldConference","article_published_time":"2026-09-01T13:29:06+00:00","article_modified_time":"2026-09-01T13:29:07+00:00","og_image":[{"width":1200,"height":687,"url":"https:\/\/mwc-cmm.org\/wp-content\/uploads\/2026\/09\/20260314RGPhotographyRGP_8366_FMoCZl.jpg","type":"image\/jpeg"}],"author":"Stephanie Setiawan","schema":{"@context":"https:\/\/schema.org","@graph":[{"@type":"Article","@id":"https:\/\/mwc-cmm.org\/fr\/stories\/participation-a-la-celebration-commune\/#article","isPartOf":{"@id":"https:\/\/mwc-cmm.org\/fr\/stories\/participation-a-la-celebration-commune\/"},"author":{"name":"Stephanie Setiawan","@id":"https:\/\/mwc-cmm.org\/en\/#\/schema\/person\/00b62ed8ea1527254a44f3ace3aee79d"},"headline":"Participation \u00e0 la c\u00e9l\u00e9bration commune","datePublished":"2026-09-01T13:29:06+00:00","dateModified":"2026-09-01T13:29:07+00:00","mainEntityOfPage":{"@id":"https:\/\/mwc-cmm.org\/fr\/stories\/participation-a-la-celebration-commune\/"},"wordCount":592,"publisher":{"@id":"https:\/\/mwc-cmm.org\/en\/#organization"},"image":{"@id":"https:\/\/mwc-cmm.org\/fr\/stories\/participation-a-la-celebration-commune\/#primaryimage"},"thumbnailUrl":"https:\/\/mwc-cmm.org\/wp-content\/uploads\/2026\/09\/20260314RGPhotographyRGP_8366_FMoCZl.jpg","keywords":["Courier","Philippines","Renewal"],"articleSection":["Courrier"],"inLanguage":"fr-FR"},{"@type":"WebPage","@id":"https:\/\/mwc-cmm.org\/fr\/stories\/participation-a-la-celebration-commune\/","url":"https:\/\/mwc-cmm.org\/fr\/stories\/participation-a-la-celebration-commune\/","name":"Participation \u00e0 la c\u00e9l\u00e9bration commune - Mennonite World Conference","isPartOf":{"@id":"https:\/\/mwc-cmm.org\/en\/#website"},"primaryImageOfPage":{"@id":"https:\/\/mwc-cmm.org\/fr\/stories\/participation-a-la-celebration-commune\/#primaryimage"},"image":{"@id":"https:\/\/mwc-cmm.org\/fr\/stories\/participation-a-la-celebration-commune\/#primaryimage"},"thumbnailUrl":"https:\/\/mwc-cmm.org\/wp-content\/uploads\/2026\/09\/20260314RGPhotographyRGP_8366_FMoCZl.jpg","datePublished":"2026-09-01T13:29:06+00:00","dateModified":"2026-09-01T13:29:07+00:00","breadcrumb":{"@id":"https:\/\/mwc-cmm.org\/fr\/stories\/participation-a-la-celebration-commune\/#breadcrumb"},"inLanguage":"fr-FR","potentialAction":[{"@type":"ReadAction","target":["https:\/\/mwc-cmm.org\/fr\/stories\/participation-a-la-celebration-commune\/"]}]},{"@type":"ImageObject","inLanguage":"fr-FR","@id":"https:\/\/mwc-cmm.org\/fr\/stories\/participation-a-la-celebration-commune\/#primaryimage","url":"https:\/\/mwc-cmm.org\/wp-content\/uploads\/2026\/09\/20260314RGPhotographyRGP_8366_FMoCZl.jpg","contentUrl":"https:\/\/mwc-cmm.org\/wp-content\/uploads\/2026\/09\/20260314RGPhotographyRGP_8366_FMoCZl.jpg","width":1200,"height":687},{"@type":"BreadcrumbList","@id":"https:\/\/mwc-cmm.org\/fr\/stories\/participation-a-la-celebration-commune\/#breadcrumb","itemListElement":[{"@type":"ListItem","position":1,"name":"Home","item":"https:\/\/mwc-cmm.org\/fr\/"},{"@type":"ListItem","position":2,"name":"Participation \u00e0 la c\u00e9l\u00e9bration commune"}]},{"@type":"WebSite","@id":"https:\/\/mwc-cmm.org\/en\/#website","url":"https:\/\/mwc-cmm.org\/en\/","name":"Mennonite World Conference","description":"A communion of Anabaptist-related churches","publisher":{"@id":"https:\/\/mwc-cmm.org\/en\/#organization"},"alternateName":"MWC","potentialAction":[{"@type":"SearchAction","target":{"@type":"EntryPoint","urlTemplate":"https:\/\/mwc-cmm.org\/en\/?s={search_term_string}"},"query-input":{"@type":"PropertyValueSpecification","valueRequired":true,"valueName":"search_term_string"}}],"inLanguage":"fr-FR"},{"@type":"Organization","@id":"https:\/\/mwc-cmm.org\/en\/#organization","name":"Mennonite World Conference","alternateName":"MWC","url":"https:\/\/mwc-cmm.org\/en\/","logo":{"@type":"ImageObject","inLanguage":"fr-FR","@id":"https:\/\/mwc-cmm.org\/en\/#\/schema\/logo\/image\/","url":"https:\/\/mwc-cmm.org\/wp-content\/uploads\/2026\/01\/MWC_Sig_Blue_Horiz_webheader1-logo.svg","contentUrl":"https:\/\/mwc-cmm.org\/wp-content\/uploads\/2026\/01\/MWC_Sig_Blue_Horiz_webheader1-logo.svg","width":786,"height":82,"caption":"Mennonite World Conference"},"image":{"@id":"https:\/\/mwc-cmm.org\/en\/#\/schema\/logo\/image\/"},"sameAs":["https:\/\/www.facebook.com\/MennoniteWorldConference","https:\/\/www.linkedin.com\/company\/mennonite-world-conference-mwc\/","https:\/\/www.instagram.com\/mwcmm\/","https:\/\/www.youtube.com\/user\/mwccmm","https:\/\/bsky.app\/profile\/mwcmm.bsky.social"]},{"@type":"Person","@id":"https:\/\/mwc-cmm.org\/en\/#\/schema\/person\/00b62ed8ea1527254a44f3ace3aee79d","name":"Stephanie Setiawan","image":{"@type":"ImageObject","inLanguage":"fr-FR","@id":"https:\/\/secure.gravatar.com\/avatar\/71b4b62cf3d0cfb4c8a367a101127ba8adfa1c22417900980ea24f5f4457a76d?s=96&d=mm&r=g","url":"https:\/\/secure.gravatar.com\/avatar\/71b4b62cf3d0cfb4c8a367a101127ba8adfa1c22417900980ea24f5f4457a76d?s=96&d=mm&r=g","contentUrl":"https:\/\/secure.gravatar.com\/avatar\/71b4b62cf3d0cfb4c8a367a101127ba8adfa1c22417900980ea24f5f4457a76d?s=96&d=mm&r=g","caption":"Stephanie Setiawan"},"url":"https:\/\/mwc-cmm.org\/fr\/stories\/author\/stephanie\/"}]}},"_links":{"self":[{"href":"https:\/\/mwc-cmm.org\/fr\/wp-json\/wp\/v2\/posts\/132007","targetHints":{"allow":["GET"]}}],"collection":[{"href":"https:\/\/mwc-cmm.org\/fr\/wp-json\/wp\/v2\/posts"}],"about":[{"href":"https:\/\/mwc-cmm.org\/fr\/wp-json\/wp\/v2\/types\/post"}],"author":[{"embeddable":true,"href":"https:\/\/mwc-cmm.org\/fr\/wp-json\/wp\/v2\/users\/8"}],"replies":[{"embeddable":true,"href":"https:\/\/mwc-cmm.org\/fr\/wp-json\/wp\/v2\/comments?post=132007"}],"version-history":[{"count":3,"href":"https:\/\/mwc-cmm.org\/fr\/wp-json\/wp\/v2\/posts\/132007\/revisions"}],"predecessor-version":[{"id":132073,"href":"https:\/\/mwc-cmm.org\/fr\/wp-json\/wp\/v2\/posts\/132007\/revisions\/132073"}],"wp:featuredmedia":[{"embeddable":true,"href":"https:\/\/mwc-cmm.org\/fr\/wp-json\/wp\/v2\/media\/132059"}],"wp:attachment":[{"href":"https:\/\/mwc-cmm.org\/fr\/wp-json\/wp\/v2\/media?parent=132007"}],"wp:term":[{"taxonomy":"category","embeddable":true,"href":"https:\/\/mwc-cmm.org\/fr\/wp-json\/wp\/v2\/categories?post=132007"},{"taxonomy":"post_tag","embeddable":true,"href":"https:\/\/mwc-cmm.org\/fr\/wp-json\/wp\/v2\/tags?post=132007"},{"taxonomy":"network","embeddable":true,"href":"https:\/\/mwc-cmm.org\/fr\/wp-json\/wp\/v2\/network?post=132007"},{"taxonomy":"eventcategory","embeddable":true,"href":"https:\/\/mwc-cmm.org\/fr\/wp-json\/wp\/v2\/eventcategory?post=132007"}],"curies":[{"name":"wp","href":"https:\/\/api.w.org\/{rel}","templated":true}]}}