{"id":127208,"date":"2026-04-28T09:30:57","date_gmt":"2026-04-28T09:30:57","guid":{"rendered":"https:\/\/mwc-cmm.org\/?p=127208"},"modified":"2026-04-28T09:30:58","modified_gmt":"2026-04-28T09:30:58","slug":"yamen-semer-les-graines-de-la-bonte-transformer-les-communautes","status":"publish","type":"post","link":"https:\/\/mwc-cmm.org\/fr\/stories\/yamen-semer-les-graines-de-la-bonte-transformer-les-communautes\/","title":{"rendered":"YAMEN\u202f: Semer les graines de la bont\u00e9, transformer les communaut\u00e9s\u202f"},"content":{"rendered":"\n<p>Sheila Rivera Pl\u00faa a entendu parler pour la premi\u00e8re fois de <a href=\"https:\/\/mwc-cmm.org\/fr\/jeunes-anabaptistes-yabs\/yamen-fr\/\" type=\"link\" id=\"https:\/\/mwc-cmm.org\/fr\/jeunes-anabaptistes-yabs\/yamen-fr\/\">YAMEN<\/a> il y a huit ans, lorsque ses parents ont accueilli un participant au programme YAMEN en mission \u00e0 Manta, sa ville natale en \u00c9quateur.<\/p>\n\n\n\n<p>\u00ab\u2009YAMEN* est un excellent programme pour l\u2019\u00e9panouissement professionnel, spirituel et personnel\u2009\u00bb, explique Sheila Rivera Pl\u00faa. \u00ab\u2009Il faut \u00eatre pr\u00eat \u00e0 \u00e9voluer, \u00e0 sortir de sa zone de confort et \u00e0 s\u2019impr\u00e9gner du lieu et de la culture dans lesquels on se trouve.\u2009\u00bb<\/p>\n\n\n\n<p>Elle effectue actuellement une mission d\u2019un an \u00e0 Arusha, en Tanzanie\u202f: la ville qui accueillera <a href=\"https:\/\/mwc-cmm.org\/fr\/stories\/mennonites-tanzanie-invitent-monde-arusha\/\" type=\"link\" id=\"https:\/\/mwc-cmm.org\/fr\/stories\/mennonites-tanzanie-invitent-monde-arusha\/\">la prochaine Assembl\u00e9e mondiale de la CMM en 2028<\/a>. Dans un district appel\u00e9 Ngaramtoni, elle travaille pour une organisation chr\u00e9tienne, ECHO, partenaire du Comit\u00e9 central mennonite (MCC), en tant que stagiaire en d\u00e9veloppement agricole. \u00c0 ce poste, elle contribue \u00e0 lutter contre la p\u00e9nurie alimentaire dans les communaut\u00e9s rurales d\u2019Afrique de l\u2019Est, o\u00f9 la population a connu une croissance rapide mais o\u00f9 la production alimentaire est en d\u00e9clin depuis plusieurs d\u00e9cennies.<\/p>\n\n\n\n<p>\u00ab\u2009Je vois le programme YAMEN comme un moyen pour moi de servir Dieu en tant que biologiste\u2009\u00bb, explique Sheila Rivera Pl\u00faa. Elle met \u00e0 profit sa passion pour la conservation et ses connaissances en biologie pour faire avancer le royaume de Dieu.<\/p>\n\n\n\n<div class=\"wp-block-group has-soft-blue-background-color has-background has-global-padding is-layout-constrained wp-block-group-is-layout-constrained\">\n<p>Le programme R\u00e9seau Anabaptiste Mondial d\u2019\u00c9changes de Jeunes (\u201cYoung Anabaptist Mennonite Exchange Network \u201c YAMEN) est un programme conjoint de la Conf\u00e9rence Mennonite Mondiale et du Comit\u00e9 Central Mennonite (\u201c MCC\u201d). Il met l\u2019accent sur le renforcement de la communion entre les \u00e9glises de tradition anabaptiste et sur le d\u00e9veloppement de jeunes responsables dans le monde entier.&nbsp;<\/p>\n\n\n\n<p>Les participants passent un an en mission interculturelle, du mois d\u2019ao\u00fbt au mois de juillet suivant.&nbsp;<\/p>\n\n\n\n<div class=\"wp-block-buttons is-layout-flex wp-block-buttons-is-layout-flex\">\n<div class=\"wp-block-button\"><a class=\"wp-block-button__link wp-element-button\" href=\"https:\/\/mcc.org\/get-involved\/volunteer\/yamen\">Mennonite Central Committee<\/a><\/div>\n\n\n\n<div class=\"wp-block-button\"><a class=\"wp-block-button__link wp-element-button\" href=\"https:\/\/mwc-cmm.org\/en\/yabs-committee\/yamen\/\">YAMEN<\/a><\/div>\n<\/div>\n<\/div>\n\n\n\n<h3 class=\"wp-block-heading\">Des d\u00e9fis qui aident \u00e0 grandir&nbsp;<\/h3>\n\n\n\n<figure class=\"wp-block-image size-large\"><img decoding=\"async\" width=\"1024\" height=\"768\" data-src=\"https:\/\/mwc-cmm.org\/wp-content\/uploads\/2026\/04\/IMG_1836-1024x768.jpg\" alt=\"\" class=\"wp-image-127181 lazyload\" data-srcset=\"https:\/\/mwc-cmm.org\/wp-content\/uploads\/2026\/04\/IMG_1836-1024x768.jpg 1024w, https:\/\/mwc-cmm.org\/wp-content\/uploads\/2026\/04\/IMG_1836-300x225.jpg 300w, https:\/\/mwc-cmm.org\/wp-content\/uploads\/2026\/04\/IMG_1836-768x576.jpg 768w, https:\/\/mwc-cmm.org\/wp-content\/uploads\/2026\/04\/IMG_1836-1536x1152.jpg 1536w, https:\/\/mwc-cmm.org\/wp-content\/uploads\/2026\/04\/IMG_1836.jpg 2048w\" data-sizes=\"(max-width: 1024px) 100vw, 1024px\" src=\"data:image\/svg+xml;base64,PHN2ZyB3aWR0aD0iMSIgaGVpZ2h0PSIxIiB4bWxucz0iaHR0cDovL3d3dy53My5vcmcvMjAwMC9zdmciPjwvc3ZnPg==\" style=\"--smush-placeholder-width: 1024px; --smush-placeholder-aspect-ratio: 1024\/768;\" \/><\/figure>\n\n\n\n<p>YAMEN l\u2019a mise au d\u00e9fi \u00e0 bien des \u00e9gards, notamment en lui faisant apprendre une nouvelle langue, le swahili, et en lui permettant d\u2019acqu\u00e9rir de nouvelles comp\u00e9tences telles que la gestion durable des sols et les pratiques de conservation.&nbsp;<\/p>\n\n\n\n<p>\u00ab\u2009J\u2019ai \u00e9tudi\u00e9 la biologie, mais comme j\u2019\u00e9tais \u00e0 l\u2019universit\u00e9 sur la c\u00f4te pacifique \u00e9quatoriale, j\u2019en savais davantage sur la vie marine et l\u2019industrie du thon\u2009\u00bb, explique Sheila Rivera&nbsp;Pl\u00faa. \u00ab\u2009Gr\u00e2ce \u00e0 YAMEN, j\u2019ai appris d\u2019autres fa\u00e7ons de prendre soin de notre environnement. J\u2019ai appris \u00e0 utiliser d\u2019autres techniques de cuisson pour r\u00e9duire la consommation de bois de chauffage et de gaz.\u2009\u00bb&nbsp;<\/p>\n\n\n\n<p>Elle a \u00e9galement d\u00e9velopp\u00e9 des comp\u00e9tences en recherche appliqu\u00e9e, notamment en concevant des propositions de syst\u00e8mes d\u2019irrigation des sols et en menant des tests pour les am\u00e9liorer. \u00ab\u2009Tout cela renforce ma capacit\u00e9 \u00e0 mettre en \u0153uvre des solutions pratiques en milieu rural, favorisant une production alimentaire plus efficace, r\u00e9siliente et respectueuse de l\u2019environnement\u2009\u00bb, explique Sheila Rivera&nbsp;Pl\u00faa.&nbsp;<\/p>\n\n\n\n<p>\u00ab\u2009S\u2019adapter \u00e0 une nouvelle culture est un v\u00e9ritable d\u00e9fi. \u00c0 mon arriv\u00e9e, je ne pensais pas qu\u2019il y aurait tant de diff\u00e9rences auxquelles m\u2019habituer. Cependant, avec le temps, j\u2019ai appris \u00e0 aimer leur langue, et cela m\u2019a aid\u00e9e \u00e0 me rapprocher des gens. Je peux d\u00e9sormais avoir des conversations plus profondes en combinant l\u2019anglais et le swahili. La plupart du temps, je dis des choses qui font rire quelqu\u2019un qui ma\u00eetrise cette langue, mais cela cr\u00e9e un lien. Cela permet&nbsp;\u00e9galement aux autres de comprendre les efforts que je d\u00e9ploie pour m\u2019int\u00e9grer \u00e0 cet endroit, \u00e0 cette culture\u2009\u00bb, explique-t-elle.&nbsp;<\/p>\n\n\n\n<p>Gr\u00e2ce \u00e0 ces nombreux ajustements et \u00e0 ces le\u00e7ons de vie, elle a appris \u00e0 appr\u00e9cier les petites choses et \u00e0 profiter de ces moments. \u00ab\u2009M\u00eame les moments qui ne semblent pas tr\u00e8s agr\u00e9ables constituent un processus qui me permet de sortir de ma zone de confort, de faire confiance \u00e0 Dieu et de surmonter les difficult\u00e9s que ces moments entra\u00eenent. Cela me fait grandir\u2009\u00bb, d\u00e9clare Sheila Rivera&nbsp;Pl\u00faa.&nbsp;<\/p>\n\n\n\n<h3 class=\"wp-block-heading\">De l\u2019espoir et des outils pour une vie plus digne&nbsp;<\/h3>\n\n\n\n<figure class=\"wp-block-image size-large\"><img decoding=\"async\" width=\"1024\" height=\"768\" data-src=\"https:\/\/mwc-cmm.org\/wp-content\/uploads\/2026\/04\/IMG_5099-1024x768.jpg\" alt=\"\" class=\"wp-image-127195 lazyload\" data-srcset=\"https:\/\/mwc-cmm.org\/wp-content\/uploads\/2026\/04\/IMG_5099-1024x768.jpg 1024w, https:\/\/mwc-cmm.org\/wp-content\/uploads\/2026\/04\/IMG_5099-300x225.jpg 300w, https:\/\/mwc-cmm.org\/wp-content\/uploads\/2026\/04\/IMG_5099-768x576.jpg 768w, https:\/\/mwc-cmm.org\/wp-content\/uploads\/2026\/04\/IMG_5099-1536x1152.jpg 1536w, https:\/\/mwc-cmm.org\/wp-content\/uploads\/2026\/04\/IMG_5099.jpg 2048w\" data-sizes=\"(max-width: 1024px) 100vw, 1024px\" src=\"data:image\/svg+xml;base64,PHN2ZyB3aWR0aD0iMSIgaGVpZ2h0PSIxIiB4bWxucz0iaHR0cDovL3d3dy53My5vcmcvMjAwMC9zdmciPjwvc3ZnPg==\" style=\"--smush-placeholder-width: 1024px; --smush-placeholder-aspect-ratio: 1024\/768;\" \/><\/figure>\n\n\n\n<p>\u00ab\u2009Mon \u00e9glise d\u2019origine en \u00c9quateur (Iglesia&nbsp;Menonita&nbsp;Casa de&nbsp;Oraci\u00f3n&nbsp;Jacuatas) est une petite communaut\u00e9, nous sommes comme une famille. Mais nous tendons la main \u00e0 d\u2019autres communaut\u00e9s et implantons actuellement des \u00e9glises dans deux communaut\u00e9s rurales de Manab\u00ed. Servir la communaut\u00e9 est inscrit dans l\u2019ADN de mon \u00e9glise. C\u2019est tr\u00e8s similaire \u00e0 l\u2019endroit o\u00f9 je travaille actuellement, o\u00f9 nous touchons les gens non seulement en parlant de Dieu, mais aussi en leur apportant de l\u2019espoir et des outils pour qu\u2019ils aient une vie plus digne\u2009\u00bb, explique-t-elle.&nbsp;<\/p>\n\n\n\n<p>\u00ab\u2009\u00c0 mon retour, sur le plan professionnel, j\u2019aimerais m\u2019impliquer davantage dans le d\u00e9veloppement de projets li\u00e9s \u00e0 la s\u00e9curit\u00e9 alimentaire et \u00e0 la conservation des sols dans les zones rurales o\u00f9 l\u2019on pratique l\u2019agriculture \u00e0 petite \u00e9chelle\u2009\u00bb, explique Sheila Rivera&nbsp;Pl\u00faa.&nbsp;<\/p>\n\n\n\n<p>Elle rentrera en \u00c9quateur en juillet 2026.&nbsp;<\/p>\n\n\n\n<hr class=\"wp-block-separator has-alpha-channel-opacity\"\/>\n\n\n<div class=\"taxonomy-post_tag has-link-color wp-elements-4795dccc25dd561b10d5c166c095ced0 wp-block-post-terms has-text-color has-gray-color has-small-font-size\"><a href=\"https:\/\/mwc-cmm.org\/fr\/stories\/tag\/equateur\/\" rel=\"tag\">\u00c9quateur<\/a><span class=\"wp-block-post-terms__separator\">, <\/span><a href=\"https:\/\/mwc-cmm.org\/fr\/stories\/tag\/jeunes\/\" rel=\"tag\">jeunes<\/a><span class=\"wp-block-post-terms__separator\">, <\/span><a href=\"https:\/\/mwc-cmm.org\/fr\/stories\/tag\/tanzanie\/\" rel=\"tag\">Tanzanie<\/a><span class=\"wp-block-post-terms__separator\">, <\/span><a href=\"https:\/\/mwc-cmm.org\/fr\/stories\/tag\/yamen-fr\/\" rel=\"tag\">YAMEN<\/a><\/div>\n\n\n<p><\/p>\n","protected":false},"excerpt":{"rendered":"<p>Sheila Rivera Pl\u00faa a entendu parler pour la premi\u00e8re fois de YAMEN il y a huit ans, lorsque ses parents ont accueilli un participant au programme YAMEN en mission \u00e0 Manta, sa ville natale en \u00c9quateur. \u00ab\u2009YAMEN* est un excellent programme pour l\u2019\u00e9panouissement professionnel, spirituel et personnel\u2009\u00bb, explique Sheila Rivera Pl\u00faa. \u00ab\u2009Il faut \u00eatre pr\u00eat [&hellip;]<\/p>\n","protected":false},"author":8,"featured_media":127167,"comment_status":"closed","ping_status":"closed","sticky":false,"template":"","format":"standard","meta":{"_acf_changed":false,"footnotes":""},"categories":[7],"tags":[757,1148,1710,1104],"network":[1302],"eventcategory":[],"class_list":["post-127208","post","type-post","status-publish","format-standard","has-post-thumbnail","hentry","category-non-classifiee","tag-equateur","tag-jeunes","tag-tanzanie","tag-yamen-fr","network-yamen-fr"],"acf":[],"yoast_head":"<!-- This site is optimized with the Yoast SEO plugin v27.2 - https:\/\/yoast.com\/product\/yoast-seo-wordpress\/ -->\n<title>YAMEN\u202f: Semer les graines de la bont\u00e9, transformer les communaut\u00e9s\u202f - Mennonite World Conference<\/title>\n<meta name=\"robots\" content=\"index, follow, max-snippet:-1, max-image-preview:large, max-video-preview:-1\" \/>\n<link rel=\"canonical\" href=\"https:\/\/mwc-cmm.org\/fr\/stories\/yamen-semer-les-graines-de-la-bonte-transformer-les-communautes\/\" \/>\n<meta property=\"og:locale\" content=\"fr_FR\" \/>\n<meta property=\"og:type\" content=\"article\" \/>\n<meta property=\"og:title\" content=\"YAMEN\u202f: Semer les graines de la bont\u00e9, transformer les communaut\u00e9s\u202f - Mennonite World Conference\" \/>\n<meta property=\"og:description\" content=\"Sheila Rivera Pl\u00faa a entendu parler pour la premi\u00e8re fois de YAMEN il y a huit ans, lorsque ses parents ont accueilli un participant au programme YAMEN en mission \u00e0 Manta, sa ville natale en \u00c9quateur. \u00ab\u2009YAMEN* est un excellent programme pour l\u2019\u00e9panouissement professionnel, spirituel et personnel\u2009\u00bb, explique Sheila Rivera Pl\u00faa. \u00ab\u2009Il faut \u00eatre pr\u00eat [&hellip;]\" \/>\n<meta property=\"og:url\" content=\"https:\/\/mwc-cmm.org\/fr\/stories\/yamen-semer-les-graines-de-la-bonte-transformer-les-communautes\/\" \/>\n<meta property=\"og:site_name\" content=\"Mennonite World Conference\" \/>\n<meta property=\"article:publisher\" content=\"https:\/\/www.facebook.com\/MennoniteWorldConference\" \/>\n<meta property=\"article:published_time\" content=\"2026-04-28T09:30:57+00:00\" \/>\n<meta property=\"article:modified_time\" content=\"2026-04-28T09:30:58+00:00\" \/>\n<meta property=\"og:image\" content=\"https:\/\/mwc-cmm.org\/wp-content\/uploads\/2026\/04\/IMG_0237.jpg\" \/>\n\t<meta property=\"og:image:width\" content=\"2048\" \/>\n\t<meta property=\"og:image:height\" content=\"1536\" \/>\n\t<meta property=\"og:image:type\" content=\"image\/jpeg\" \/>\n<meta name=\"author\" content=\"Stephanie Setiawan\" \/>\n<script type=\"application\/ld+json\" class=\"yoast-schema-graph\">{\"@context\":\"https:\/\/schema.org\",\"@graph\":[{\"@type\":\"Article\",\"@id\":\"https:\/\/mwc-cmm.org\/fr\/stories\/yamen-semer-les-graines-de-la-bonte-transformer-les-communautes\/#article\",\"isPartOf\":{\"@id\":\"https:\/\/mwc-cmm.org\/fr\/stories\/yamen-semer-les-graines-de-la-bonte-transformer-les-communautes\/\"},\"author\":{\"name\":\"Stephanie Setiawan\",\"@id\":\"https:\/\/mwc-cmm.org\/en\/#\/schema\/person\/00b62ed8ea1527254a44f3ace3aee79d\"},\"headline\":\"YAMEN\u202f: Semer les graines de la bont\u00e9, transformer les communaut\u00e9s\u202f\",\"datePublished\":\"2026-04-28T09:30:57+00:00\",\"dateModified\":\"2026-04-28T09:30:58+00:00\",\"mainEntityOfPage\":{\"@id\":\"https:\/\/mwc-cmm.org\/fr\/stories\/yamen-semer-les-graines-de-la-bonte-transformer-les-communautes\/\"},\"wordCount\":774,\"publisher\":{\"@id\":\"https:\/\/mwc-cmm.org\/en\/#organization\"},\"image\":{\"@id\":\"https:\/\/mwc-cmm.org\/fr\/stories\/yamen-semer-les-graines-de-la-bonte-transformer-les-communautes\/#primaryimage\"},\"thumbnailUrl\":\"https:\/\/mwc-cmm.org\/wp-content\/uploads\/2026\/04\/IMG_0237.jpg\",\"keywords\":[\"\u00c9quateur\",\"jeunes\",\"Tanzanie\",\"YAMEN\"],\"articleSection\":[\"Non classifi\u00e9(e)\"],\"inLanguage\":\"fr-FR\"},{\"@type\":\"WebPage\",\"@id\":\"https:\/\/mwc-cmm.org\/fr\/stories\/yamen-semer-les-graines-de-la-bonte-transformer-les-communautes\/\",\"url\":\"https:\/\/mwc-cmm.org\/fr\/stories\/yamen-semer-les-graines-de-la-bonte-transformer-les-communautes\/\",\"name\":\"YAMEN\u202f: Semer les graines de la bont\u00e9, transformer les communaut\u00e9s\u202f - Mennonite World Conference\",\"isPartOf\":{\"@id\":\"https:\/\/mwc-cmm.org\/en\/#website\"},\"primaryImageOfPage\":{\"@id\":\"https:\/\/mwc-cmm.org\/fr\/stories\/yamen-semer-les-graines-de-la-bonte-transformer-les-communautes\/#primaryimage\"},\"image\":{\"@id\":\"https:\/\/mwc-cmm.org\/fr\/stories\/yamen-semer-les-graines-de-la-bonte-transformer-les-communautes\/#primaryimage\"},\"thumbnailUrl\":\"https:\/\/mwc-cmm.org\/wp-content\/uploads\/2026\/04\/IMG_0237.jpg\",\"datePublished\":\"2026-04-28T09:30:57+00:00\",\"dateModified\":\"2026-04-28T09:30:58+00:00\",\"breadcrumb\":{\"@id\":\"https:\/\/mwc-cmm.org\/fr\/stories\/yamen-semer-les-graines-de-la-bonte-transformer-les-communautes\/#breadcrumb\"},\"inLanguage\":\"fr-FR\",\"potentialAction\":[{\"@type\":\"ReadAction\",\"target\":[\"https:\/\/mwc-cmm.org\/fr\/stories\/yamen-semer-les-graines-de-la-bonte-transformer-les-communautes\/\"]}]},{\"@type\":\"ImageObject\",\"inLanguage\":\"fr-FR\",\"@id\":\"https:\/\/mwc-cmm.org\/fr\/stories\/yamen-semer-les-graines-de-la-bonte-transformer-les-communautes\/#primaryimage\",\"url\":\"https:\/\/mwc-cmm.org\/wp-content\/uploads\/2026\/04\/IMG_0237.jpg\",\"contentUrl\":\"https:\/\/mwc-cmm.org\/wp-content\/uploads\/2026\/04\/IMG_0237.jpg\",\"width\":2048,\"height\":1536},{\"@type\":\"BreadcrumbList\",\"@id\":\"https:\/\/mwc-cmm.org\/fr\/stories\/yamen-semer-les-graines-de-la-bonte-transformer-les-communautes\/#breadcrumb\",\"itemListElement\":[{\"@type\":\"ListItem\",\"position\":1,\"name\":\"Home\",\"item\":\"https:\/\/mwc-cmm.org\/fr\/\"},{\"@type\":\"ListItem\",\"position\":2,\"name\":\"YAMEN\u202f: Semer les graines de la bont\u00e9, transformer les communaut\u00e9s\u202f\"}]},{\"@type\":\"WebSite\",\"@id\":\"https:\/\/mwc-cmm.org\/en\/#website\",\"url\":\"https:\/\/mwc-cmm.org\/en\/\",\"name\":\"Mennonite World Conference\",\"description\":\"A communion of Anabaptist-related churches\",\"publisher\":{\"@id\":\"https:\/\/mwc-cmm.org\/en\/#organization\"},\"alternateName\":\"MWC\",\"potentialAction\":[{\"@type\":\"SearchAction\",\"target\":{\"@type\":\"EntryPoint\",\"urlTemplate\":\"https:\/\/mwc-cmm.org\/en\/?s={search_term_string}\"},\"query-input\":{\"@type\":\"PropertyValueSpecification\",\"valueRequired\":true,\"valueName\":\"search_term_string\"}}],\"inLanguage\":\"fr-FR\"},{\"@type\":\"Organization\",\"@id\":\"https:\/\/mwc-cmm.org\/en\/#organization\",\"name\":\"Mennonite World Conference\",\"alternateName\":\"MWC\",\"url\":\"https:\/\/mwc-cmm.org\/en\/\",\"logo\":{\"@type\":\"ImageObject\",\"inLanguage\":\"fr-FR\",\"@id\":\"https:\/\/mwc-cmm.org\/en\/#\/schema\/logo\/image\/\",\"url\":\"https:\/\/mwc-cmm.org\/wp-content\/uploads\/2026\/01\/MWC_Sig_Blue_Horiz_webheader1-logo.svg\",\"contentUrl\":\"https:\/\/mwc-cmm.org\/wp-content\/uploads\/2026\/01\/MWC_Sig_Blue_Horiz_webheader1-logo.svg\",\"width\":786,\"height\":82,\"caption\":\"Mennonite World Conference\"},\"image\":{\"@id\":\"https:\/\/mwc-cmm.org\/en\/#\/schema\/logo\/image\/\"},\"sameAs\":[\"https:\/\/www.facebook.com\/MennoniteWorldConference\",\"https:\/\/www.linkedin.com\/company\/mennonite-world-conference-mwc\/\",\"https:\/\/www.instagram.com\/mwcmm\/\",\"https:\/\/www.youtube.com\/user\/mwccmm\",\"https:\/\/bsky.app\/profile\/mwcmm.bsky.social\"]},{\"@type\":\"Person\",\"@id\":\"https:\/\/mwc-cmm.org\/en\/#\/schema\/person\/00b62ed8ea1527254a44f3ace3aee79d\",\"name\":\"Stephanie Setiawan\",\"image\":{\"@type\":\"ImageObject\",\"inLanguage\":\"fr-FR\",\"@id\":\"https:\/\/secure.gravatar.com\/avatar\/71b4b62cf3d0cfb4c8a367a101127ba8adfa1c22417900980ea24f5f4457a76d?s=96&d=mm&r=g\",\"url\":\"https:\/\/secure.gravatar.com\/avatar\/71b4b62cf3d0cfb4c8a367a101127ba8adfa1c22417900980ea24f5f4457a76d?s=96&d=mm&r=g\",\"contentUrl\":\"https:\/\/secure.gravatar.com\/avatar\/71b4b62cf3d0cfb4c8a367a101127ba8adfa1c22417900980ea24f5f4457a76d?s=96&d=mm&r=g\",\"caption\":\"Stephanie Setiawan\"},\"url\":\"https:\/\/mwc-cmm.org\/fr\/stories\/author\/stephanie\/\"}]}<\/script>\n<!-- \/ Yoast SEO plugin. -->","yoast_head_json":{"title":"YAMEN\u202f: Semer les graines de la bont\u00e9, transformer les communaut\u00e9s\u202f - Mennonite World Conference","robots":{"index":"index","follow":"follow","max-snippet":"max-snippet:-1","max-image-preview":"max-image-preview:large","max-video-preview":"max-video-preview:-1"},"canonical":"https:\/\/mwc-cmm.org\/fr\/stories\/yamen-semer-les-graines-de-la-bonte-transformer-les-communautes\/","og_locale":"fr_FR","og_type":"article","og_title":"YAMEN\u202f: Semer les graines de la bont\u00e9, transformer les communaut\u00e9s\u202f - Mennonite World Conference","og_description":"Sheila Rivera Pl\u00faa a entendu parler pour la premi\u00e8re fois de YAMEN il y a huit ans, lorsque ses parents ont accueilli un participant au programme YAMEN en mission \u00e0 Manta, sa ville natale en \u00c9quateur. \u00ab\u2009YAMEN* est un excellent programme pour l\u2019\u00e9panouissement professionnel, spirituel et personnel\u2009\u00bb, explique Sheila Rivera Pl\u00faa. \u00ab\u2009Il faut \u00eatre pr\u00eat [&hellip;]","og_url":"https:\/\/mwc-cmm.org\/fr\/stories\/yamen-semer-les-graines-de-la-bonte-transformer-les-communautes\/","og_site_name":"Mennonite World Conference","article_publisher":"https:\/\/www.facebook.com\/MennoniteWorldConference","article_published_time":"2026-04-28T09:30:57+00:00","article_modified_time":"2026-04-28T09:30:58+00:00","og_image":[{"width":2048,"height":1536,"url":"https:\/\/mwc-cmm.org\/wp-content\/uploads\/2026\/04\/IMG_0237.jpg","type":"image\/jpeg"}],"author":"Stephanie Setiawan","schema":{"@context":"https:\/\/schema.org","@graph":[{"@type":"Article","@id":"https:\/\/mwc-cmm.org\/fr\/stories\/yamen-semer-les-graines-de-la-bonte-transformer-les-communautes\/#article","isPartOf":{"@id":"https:\/\/mwc-cmm.org\/fr\/stories\/yamen-semer-les-graines-de-la-bonte-transformer-les-communautes\/"},"author":{"name":"Stephanie Setiawan","@id":"https:\/\/mwc-cmm.org\/en\/#\/schema\/person\/00b62ed8ea1527254a44f3ace3aee79d"},"headline":"YAMEN\u202f: Semer les graines de la bont\u00e9, transformer les communaut\u00e9s\u202f","datePublished":"2026-04-28T09:30:57+00:00","dateModified":"2026-04-28T09:30:58+00:00","mainEntityOfPage":{"@id":"https:\/\/mwc-cmm.org\/fr\/stories\/yamen-semer-les-graines-de-la-bonte-transformer-les-communautes\/"},"wordCount":774,"publisher":{"@id":"https:\/\/mwc-cmm.org\/en\/#organization"},"image":{"@id":"https:\/\/mwc-cmm.org\/fr\/stories\/yamen-semer-les-graines-de-la-bonte-transformer-les-communautes\/#primaryimage"},"thumbnailUrl":"https:\/\/mwc-cmm.org\/wp-content\/uploads\/2026\/04\/IMG_0237.jpg","keywords":["\u00c9quateur","jeunes","Tanzanie","YAMEN"],"articleSection":["Non classifi\u00e9(e)"],"inLanguage":"fr-FR"},{"@type":"WebPage","@id":"https:\/\/mwc-cmm.org\/fr\/stories\/yamen-semer-les-graines-de-la-bonte-transformer-les-communautes\/","url":"https:\/\/mwc-cmm.org\/fr\/stories\/yamen-semer-les-graines-de-la-bonte-transformer-les-communautes\/","name":"YAMEN\u202f: Semer les graines de la bont\u00e9, transformer les communaut\u00e9s\u202f - Mennonite World Conference","isPartOf":{"@id":"https:\/\/mwc-cmm.org\/en\/#website"},"primaryImageOfPage":{"@id":"https:\/\/mwc-cmm.org\/fr\/stories\/yamen-semer-les-graines-de-la-bonte-transformer-les-communautes\/#primaryimage"},"image":{"@id":"https:\/\/mwc-cmm.org\/fr\/stories\/yamen-semer-les-graines-de-la-bonte-transformer-les-communautes\/#primaryimage"},"thumbnailUrl":"https:\/\/mwc-cmm.org\/wp-content\/uploads\/2026\/04\/IMG_0237.jpg","datePublished":"2026-04-28T09:30:57+00:00","dateModified":"2026-04-28T09:30:58+00:00","breadcrumb":{"@id":"https:\/\/mwc-cmm.org\/fr\/stories\/yamen-semer-les-graines-de-la-bonte-transformer-les-communautes\/#breadcrumb"},"inLanguage":"fr-FR","potentialAction":[{"@type":"ReadAction","target":["https:\/\/mwc-cmm.org\/fr\/stories\/yamen-semer-les-graines-de-la-bonte-transformer-les-communautes\/"]}]},{"@type":"ImageObject","inLanguage":"fr-FR","@id":"https:\/\/mwc-cmm.org\/fr\/stories\/yamen-semer-les-graines-de-la-bonte-transformer-les-communautes\/#primaryimage","url":"https:\/\/mwc-cmm.org\/wp-content\/uploads\/2026\/04\/IMG_0237.jpg","contentUrl":"https:\/\/mwc-cmm.org\/wp-content\/uploads\/2026\/04\/IMG_0237.jpg","width":2048,"height":1536},{"@type":"BreadcrumbList","@id":"https:\/\/mwc-cmm.org\/fr\/stories\/yamen-semer-les-graines-de-la-bonte-transformer-les-communautes\/#breadcrumb","itemListElement":[{"@type":"ListItem","position":1,"name":"Home","item":"https:\/\/mwc-cmm.org\/fr\/"},{"@type":"ListItem","position":2,"name":"YAMEN\u202f: Semer les graines de la bont\u00e9, transformer les communaut\u00e9s\u202f"}]},{"@type":"WebSite","@id":"https:\/\/mwc-cmm.org\/en\/#website","url":"https:\/\/mwc-cmm.org\/en\/","name":"Mennonite World Conference","description":"A communion of Anabaptist-related churches","publisher":{"@id":"https:\/\/mwc-cmm.org\/en\/#organization"},"alternateName":"MWC","potentialAction":[{"@type":"SearchAction","target":{"@type":"EntryPoint","urlTemplate":"https:\/\/mwc-cmm.org\/en\/?s={search_term_string}"},"query-input":{"@type":"PropertyValueSpecification","valueRequired":true,"valueName":"search_term_string"}}],"inLanguage":"fr-FR"},{"@type":"Organization","@id":"https:\/\/mwc-cmm.org\/en\/#organization","name":"Mennonite World Conference","alternateName":"MWC","url":"https:\/\/mwc-cmm.org\/en\/","logo":{"@type":"ImageObject","inLanguage":"fr-FR","@id":"https:\/\/mwc-cmm.org\/en\/#\/schema\/logo\/image\/","url":"https:\/\/mwc-cmm.org\/wp-content\/uploads\/2026\/01\/MWC_Sig_Blue_Horiz_webheader1-logo.svg","contentUrl":"https:\/\/mwc-cmm.org\/wp-content\/uploads\/2026\/01\/MWC_Sig_Blue_Horiz_webheader1-logo.svg","width":786,"height":82,"caption":"Mennonite World Conference"},"image":{"@id":"https:\/\/mwc-cmm.org\/en\/#\/schema\/logo\/image\/"},"sameAs":["https:\/\/www.facebook.com\/MennoniteWorldConference","https:\/\/www.linkedin.com\/company\/mennonite-world-conference-mwc\/","https:\/\/www.instagram.com\/mwcmm\/","https:\/\/www.youtube.com\/user\/mwccmm","https:\/\/bsky.app\/profile\/mwcmm.bsky.social"]},{"@type":"Person","@id":"https:\/\/mwc-cmm.org\/en\/#\/schema\/person\/00b62ed8ea1527254a44f3ace3aee79d","name":"Stephanie Setiawan","image":{"@type":"ImageObject","inLanguage":"fr-FR","@id":"https:\/\/secure.gravatar.com\/avatar\/71b4b62cf3d0cfb4c8a367a101127ba8adfa1c22417900980ea24f5f4457a76d?s=96&d=mm&r=g","url":"https:\/\/secure.gravatar.com\/avatar\/71b4b62cf3d0cfb4c8a367a101127ba8adfa1c22417900980ea24f5f4457a76d?s=96&d=mm&r=g","contentUrl":"https:\/\/secure.gravatar.com\/avatar\/71b4b62cf3d0cfb4c8a367a101127ba8adfa1c22417900980ea24f5f4457a76d?s=96&d=mm&r=g","caption":"Stephanie Setiawan"},"url":"https:\/\/mwc-cmm.org\/fr\/stories\/author\/stephanie\/"}]}},"_links":{"self":[{"href":"https:\/\/mwc-cmm.org\/fr\/wp-json\/wp\/v2\/posts\/127208","targetHints":{"allow":["GET"]}}],"collection":[{"href":"https:\/\/mwc-cmm.org\/fr\/wp-json\/wp\/v2\/posts"}],"about":[{"href":"https:\/\/mwc-cmm.org\/fr\/wp-json\/wp\/v2\/types\/post"}],"author":[{"embeddable":true,"href":"https:\/\/mwc-cmm.org\/fr\/wp-json\/wp\/v2\/users\/8"}],"replies":[{"embeddable":true,"href":"https:\/\/mwc-cmm.org\/fr\/wp-json\/wp\/v2\/comments?post=127208"}],"version-history":[{"count":0,"href":"https:\/\/mwc-cmm.org\/fr\/wp-json\/wp\/v2\/posts\/127208\/revisions"}],"wp:featuredmedia":[{"embeddable":true,"href":"https:\/\/mwc-cmm.org\/fr\/wp-json\/wp\/v2\/media\/127167"}],"wp:attachment":[{"href":"https:\/\/mwc-cmm.org\/fr\/wp-json\/wp\/v2\/media?parent=127208"}],"wp:term":[{"taxonomy":"category","embeddable":true,"href":"https:\/\/mwc-cmm.org\/fr\/wp-json\/wp\/v2\/categories?post=127208"},{"taxonomy":"post_tag","embeddable":true,"href":"https:\/\/mwc-cmm.org\/fr\/wp-json\/wp\/v2\/tags?post=127208"},{"taxonomy":"network","embeddable":true,"href":"https:\/\/mwc-cmm.org\/fr\/wp-json\/wp\/v2\/network?post=127208"},{"taxonomy":"eventcategory","embeddable":true,"href":"https:\/\/mwc-cmm.org\/fr\/wp-json\/wp\/v2\/eventcategory?post=127208"}],"curies":[{"name":"wp","href":"https:\/\/api.w.org\/{rel}","templated":true}]}}