{"id":126587,"date":"2026-03-27T08:05:44","date_gmt":"2026-03-27T08:05:44","guid":{"rendered":"https:\/\/mwc-cmm.org\/?p=126587"},"modified":"2026-03-27T08:05:45","modified_gmt":"2026-03-27T08:05:45","slug":"charge-de-transmettre-des-nouvelles","status":"publish","type":"post","link":"https:\/\/mwc-cmm.org\/fr\/stories\/charge-de-transmettre-des-nouvelles\/","title":{"rendered":"Charg\u00e9 de transmettre des nouvelles"},"content":{"rendered":"\n<p><em>Courrier<\/em>\u202f:&nbsp;\u00ab\u2009Un messager\u2026 charg\u00e9 de transmettre des nouvelles.\u2009\u00bb&nbsp;C\u2019est ainsi que Paul N.&nbsp;Kraybill, Secr\u00e9taire g\u00e9n\u00e9ral, a pr\u00e9sent\u00e9 le nouveau magazine de la CMM dans son premier num\u00e9ro en 1986.&nbsp;<\/p>\n\n\n\n<p>\u00ab\u2009L\u2019Assembl\u00e9e de la Conf\u00e9rence mennonite mondiale de 1984 \u00e0 Strasbourg a fait \u00e9cho \u00e0 un cri souvent entendu auparavant et depuis.&nbsp;<em>Nous ne nous connaissons pas assez les uns les autres.<\/em>&nbsp;Nous formons une communaut\u00e9 mondiale, mais nos connaissances sont locales et limit\u00e9es. Malgr\u00e9 nos presses, nos \u00e9diteurs et nos publications, il n\u2019y a pas de messager international\u2009!\u2009\u00bb, \u00e9crivait-il.&nbsp;<\/p>\n\n\n\n<p>Ainsi\u202f:&nbsp;\u00ab\u2009La Conf\u00e9rence mennonite mondiale est heureuse de pr\u00e9senter&nbsp;<em>Courrier<\/em>, une nouvelle revue.&nbsp;<\/p>\n\n\n\n<p><em>Courrier<\/em>&nbsp;est sp\u00e9cialement con\u00e7u pour \u00eatre un messager relayant&nbsp;des nouvelles vers&nbsp;et depuis toutes les parties de la communaut\u00e9 mondiale mennonite.&nbsp;<\/p>\n\n\n\n<p>Nous accueillons avec reconnaissance vos r\u00e9ponses, commentaires, suggestions, critiques et contributions \u2014 afin que ce magazine devienne v\u00e9ritablement un \u201ccourrier\u201d, portant des messages dans les deux sens, \u00e0 travers toutes les r\u00e9gions du monde.\u2009\u00bb&nbsp;<\/p>\n\n\n\n<p>Depuis lors et&nbsp;jusqu\u2019en 2026, le magazine a connu des changements et continuera d\u2019en conna\u00eetre\u2009! Mais notre objectif reste d\u2019\u00eatre un lieu o\u00f9 la famille mondiale peut apprendre \u00e0 se conna\u00eetre.&nbsp;<\/p>\n\n\n\n<div class=\"wp-block-buttons is-layout-flex wp-block-buttons-is-layout-flex\">\n<div class=\"wp-block-button\"><a class=\"wp-block-button__link wp-element-button\" href=\"https:\/\/mwc-cmm.org\/fr\/courrier\/\">Courrier<\/a><\/div>\n<\/div>\n\n\n\n<h2 class=\"wp-block-heading\">Votre point de vue&nbsp;<\/h2>\n\n\n\n<p>Et nous souhaitons toujours entendre votre point de vue\u202f:\u202f&nbsp;<\/p>\n\n\n\n<p>En quoi&nbsp;<em>Courrier<\/em>&nbsp;vous forme-t-il, vous inspire-t-il et vous aide-t-il \u00e0 mieux comprendre la famille anabaptiste\u2009?&nbsp;<\/p>\n\n\n\n<p>Quelles r\u00e9flexions et quels t\u00e9moignages tir\u00e9s de vos lectures vous ont marqu\u00e9 longtemps apr\u00e8s avoir pos\u00e9 le magazine\u2009?&nbsp;<\/p>\n\n\n\n<h2 class=\"wp-block-heading\">Rejoignez la discussion\u202f&nbsp;<\/h2>\n\n\n\n<p>Nous vous invitons \u00e0 vous joindre \u00e0 nous pour \u00e9changer. Les membres de notre famille mondiale poss\u00e8dent une riche exp\u00e9rience et une grande sagesse qui leur permettent de partager au-del\u00e0 des fronti\u00e8res g\u00e9ographiques et culturelles. Nous travaillons actuellement \u00e0 la mise en place d\u2019une initiative visant \u00e0 apprendre ensemble dans le cadre d\u2019un webinaire. Restez \u00e0 l\u2019\u00e9coute pour les prochaines annonces concernant ce webinaire.&nbsp;<\/p>\n\n\n\n<p>Alors que nous constatons la d\u00e9sunion et les d\u00e9saccords autour de nous, y compris dans l\u2019\u00c9glise, puissions-nous apprendre \u00e0 vivre la gr\u00e2ce et \u00e0 accueillir la diversit\u00e9.&nbsp;<\/p>\n\n\n\n<hr class=\"wp-block-separator has-alpha-channel-opacity\"\/>\n\n\n<div class=\"taxonomy-post_tag has-link-color wp-elements-4795dccc25dd561b10d5c166c095ced0 wp-block-post-terms has-text-color has-gray-color has-small-font-size\"><a href=\"https:\/\/mwc-cmm.org\/fr\/stories\/tag\/courier-fr\/\" rel=\"tag\">Courier<\/a><\/div>\n\n\n<p><\/p>\n","protected":false},"excerpt":{"rendered":"<p>Courrier\u202f:&nbsp;\u00ab\u2009Un messager\u2026 charg\u00e9 de transmettre des nouvelles.\u2009\u00bb&nbsp;C\u2019est ainsi que Paul N.&nbsp;Kraybill, Secr\u00e9taire g\u00e9n\u00e9ral, a pr\u00e9sent\u00e9 le nouveau magazine de la CMM dans son premier num\u00e9ro en 1986.&nbsp; \u00ab\u2009L\u2019Assembl\u00e9e de la Conf\u00e9rence mennonite mondiale de 1984 \u00e0 Strasbourg a fait \u00e9cho \u00e0 un cri souvent entendu auparavant et depuis.&nbsp;Nous ne nous connaissons pas assez les uns [&hellip;]<\/p>\n","protected":false},"author":8,"featured_media":126574,"comment_status":"closed","ping_status":"closed","sticky":false,"template":"","format":"standard","meta":{"_acf_changed":false,"footnotes":""},"categories":[1183],"tags":[407],"network":[],"eventcategory":[],"class_list":["post-126587","post","type-post","status-publish","format-standard","has-post-thumbnail","hentry","category-courier-fr","tag-courier-fr"],"acf":[],"yoast_head":"<!-- This site is optimized with the Yoast SEO plugin v27.2 - https:\/\/yoast.com\/product\/yoast-seo-wordpress\/ -->\n<title>Charg\u00e9 de transmettre des nouvelles - Mennonite World Conference<\/title>\n<meta name=\"robots\" content=\"index, follow, max-snippet:-1, max-image-preview:large, max-video-preview:-1\" \/>\n<link rel=\"canonical\" href=\"https:\/\/mwc-cmm.org\/fr\/stories\/charge-de-transmettre-des-nouvelles\/\" \/>\n<meta property=\"og:locale\" content=\"fr_FR\" \/>\n<meta property=\"og:type\" content=\"article\" \/>\n<meta property=\"og:title\" content=\"Charg\u00e9 de transmettre des nouvelles - Mennonite World Conference\" \/>\n<meta property=\"og:description\" content=\"Courrier\u202f:&nbsp;\u00ab\u2009Un messager\u2026 charg\u00e9 de transmettre des nouvelles.\u2009\u00bb&nbsp;C\u2019est ainsi que Paul N.&nbsp;Kraybill, Secr\u00e9taire g\u00e9n\u00e9ral, a pr\u00e9sent\u00e9 le nouveau magazine de la CMM dans son premier num\u00e9ro en 1986.&nbsp; \u00ab\u2009L\u2019Assembl\u00e9e de la Conf\u00e9rence mennonite mondiale de 1984 \u00e0 Strasbourg a fait \u00e9cho \u00e0 un cri souvent entendu auparavant et depuis.&nbsp;Nous ne nous connaissons pas assez les uns [&hellip;]\" \/>\n<meta property=\"og:url\" content=\"https:\/\/mwc-cmm.org\/fr\/stories\/charge-de-transmettre-des-nouvelles\/\" \/>\n<meta property=\"og:site_name\" content=\"Mennonite World Conference\" \/>\n<meta property=\"article:publisher\" content=\"https:\/\/www.facebook.com\/MennoniteWorldConference\" \/>\n<meta property=\"article:published_time\" content=\"2026-03-27T08:05:44+00:00\" \/>\n<meta property=\"article:modified_time\" content=\"2026-03-27T08:05:45+00:00\" \/>\n<meta property=\"og:image\" content=\"https:\/\/mwc-cmm.org\/wp-content\/uploads\/2026\/03\/20260119_125639-scaled.jpg\" \/>\n\t<meta property=\"og:image:width\" content=\"2560\" \/>\n\t<meta property=\"og:image:height\" content=\"1920\" \/>\n\t<meta property=\"og:image:type\" content=\"image\/jpeg\" \/>\n<meta name=\"author\" content=\"Stephanie Setiawan\" \/>\n<script type=\"application\/ld+json\" class=\"yoast-schema-graph\">{\"@context\":\"https:\/\/schema.org\",\"@graph\":[{\"@type\":\"Article\",\"@id\":\"https:\/\/mwc-cmm.org\/fr\/stories\/charge-de-transmettre-des-nouvelles\/#article\",\"isPartOf\":{\"@id\":\"https:\/\/mwc-cmm.org\/fr\/stories\/charge-de-transmettre-des-nouvelles\/\"},\"author\":{\"name\":\"Stephanie Setiawan\",\"@id\":\"https:\/\/mwc-cmm.org\/en\/#\/schema\/person\/00b62ed8ea1527254a44f3ace3aee79d\"},\"headline\":\"Charg\u00e9 de transmettre des nouvelles\",\"datePublished\":\"2026-03-27T08:05:44+00:00\",\"dateModified\":\"2026-03-27T08:05:45+00:00\",\"mainEntityOfPage\":{\"@id\":\"https:\/\/mwc-cmm.org\/fr\/stories\/charge-de-transmettre-des-nouvelles\/\"},\"wordCount\":384,\"publisher\":{\"@id\":\"https:\/\/mwc-cmm.org\/en\/#organization\"},\"image\":{\"@id\":\"https:\/\/mwc-cmm.org\/fr\/stories\/charge-de-transmettre-des-nouvelles\/#primaryimage\"},\"thumbnailUrl\":\"https:\/\/mwc-cmm.org\/wp-content\/uploads\/2026\/03\/20260119_125639-scaled.jpg\",\"keywords\":[\"Courier\"],\"articleSection\":[\"Courrier\"],\"inLanguage\":\"fr-FR\"},{\"@type\":\"WebPage\",\"@id\":\"https:\/\/mwc-cmm.org\/fr\/stories\/charge-de-transmettre-des-nouvelles\/\",\"url\":\"https:\/\/mwc-cmm.org\/fr\/stories\/charge-de-transmettre-des-nouvelles\/\",\"name\":\"Charg\u00e9 de transmettre des nouvelles - Mennonite World Conference\",\"isPartOf\":{\"@id\":\"https:\/\/mwc-cmm.org\/en\/#website\"},\"primaryImageOfPage\":{\"@id\":\"https:\/\/mwc-cmm.org\/fr\/stories\/charge-de-transmettre-des-nouvelles\/#primaryimage\"},\"image\":{\"@id\":\"https:\/\/mwc-cmm.org\/fr\/stories\/charge-de-transmettre-des-nouvelles\/#primaryimage\"},\"thumbnailUrl\":\"https:\/\/mwc-cmm.org\/wp-content\/uploads\/2026\/03\/20260119_125639-scaled.jpg\",\"datePublished\":\"2026-03-27T08:05:44+00:00\",\"dateModified\":\"2026-03-27T08:05:45+00:00\",\"breadcrumb\":{\"@id\":\"https:\/\/mwc-cmm.org\/fr\/stories\/charge-de-transmettre-des-nouvelles\/#breadcrumb\"},\"inLanguage\":\"fr-FR\",\"potentialAction\":[{\"@type\":\"ReadAction\",\"target\":[\"https:\/\/mwc-cmm.org\/fr\/stories\/charge-de-transmettre-des-nouvelles\/\"]}]},{\"@type\":\"ImageObject\",\"inLanguage\":\"fr-FR\",\"@id\":\"https:\/\/mwc-cmm.org\/fr\/stories\/charge-de-transmettre-des-nouvelles\/#primaryimage\",\"url\":\"https:\/\/mwc-cmm.org\/wp-content\/uploads\/2026\/03\/20260119_125639-scaled.jpg\",\"contentUrl\":\"https:\/\/mwc-cmm.org\/wp-content\/uploads\/2026\/03\/20260119_125639-scaled.jpg\",\"width\":2560,\"height\":1920},{\"@type\":\"BreadcrumbList\",\"@id\":\"https:\/\/mwc-cmm.org\/fr\/stories\/charge-de-transmettre-des-nouvelles\/#breadcrumb\",\"itemListElement\":[{\"@type\":\"ListItem\",\"position\":1,\"name\":\"Home\",\"item\":\"https:\/\/mwc-cmm.org\/fr\/\"},{\"@type\":\"ListItem\",\"position\":2,\"name\":\"Charg\u00e9 de transmettre des nouvelles\"}]},{\"@type\":\"WebSite\",\"@id\":\"https:\/\/mwc-cmm.org\/en\/#website\",\"url\":\"https:\/\/mwc-cmm.org\/en\/\",\"name\":\"Mennonite World Conference\",\"description\":\"A communion of Anabaptist-related churches\",\"publisher\":{\"@id\":\"https:\/\/mwc-cmm.org\/en\/#organization\"},\"alternateName\":\"MWC\",\"potentialAction\":[{\"@type\":\"SearchAction\",\"target\":{\"@type\":\"EntryPoint\",\"urlTemplate\":\"https:\/\/mwc-cmm.org\/en\/?s={search_term_string}\"},\"query-input\":{\"@type\":\"PropertyValueSpecification\",\"valueRequired\":true,\"valueName\":\"search_term_string\"}}],\"inLanguage\":\"fr-FR\"},{\"@type\":\"Organization\",\"@id\":\"https:\/\/mwc-cmm.org\/en\/#organization\",\"name\":\"Mennonite World Conference\",\"alternateName\":\"MWC\",\"url\":\"https:\/\/mwc-cmm.org\/en\/\",\"logo\":{\"@type\":\"ImageObject\",\"inLanguage\":\"fr-FR\",\"@id\":\"https:\/\/mwc-cmm.org\/en\/#\/schema\/logo\/image\/\",\"url\":\"https:\/\/mwc-cmm.org\/wp-content\/uploads\/2026\/01\/MWC_Sig_Blue_Horiz_webheader1-logo.svg\",\"contentUrl\":\"https:\/\/mwc-cmm.org\/wp-content\/uploads\/2026\/01\/MWC_Sig_Blue_Horiz_webheader1-logo.svg\",\"width\":786,\"height\":82,\"caption\":\"Mennonite World Conference\"},\"image\":{\"@id\":\"https:\/\/mwc-cmm.org\/en\/#\/schema\/logo\/image\/\"},\"sameAs\":[\"https:\/\/www.facebook.com\/MennoniteWorldConference\",\"https:\/\/www.linkedin.com\/company\/mennonite-world-conference-mwc\/\",\"https:\/\/www.instagram.com\/mwcmm\/\",\"https:\/\/www.youtube.com\/user\/mwccmm\",\"https:\/\/bsky.app\/profile\/mwcmm.bsky.social\"]},{\"@type\":\"Person\",\"@id\":\"https:\/\/mwc-cmm.org\/en\/#\/schema\/person\/00b62ed8ea1527254a44f3ace3aee79d\",\"name\":\"Stephanie Setiawan\",\"image\":{\"@type\":\"ImageObject\",\"inLanguage\":\"fr-FR\",\"@id\":\"https:\/\/secure.gravatar.com\/avatar\/71b4b62cf3d0cfb4c8a367a101127ba8adfa1c22417900980ea24f5f4457a76d?s=96&d=mm&r=g\",\"url\":\"https:\/\/secure.gravatar.com\/avatar\/71b4b62cf3d0cfb4c8a367a101127ba8adfa1c22417900980ea24f5f4457a76d?s=96&d=mm&r=g\",\"contentUrl\":\"https:\/\/secure.gravatar.com\/avatar\/71b4b62cf3d0cfb4c8a367a101127ba8adfa1c22417900980ea24f5f4457a76d?s=96&d=mm&r=g\",\"caption\":\"Stephanie Setiawan\"},\"url\":\"https:\/\/mwc-cmm.org\/fr\/stories\/author\/stephanie\/\"}]}<\/script>\n<!-- \/ Yoast SEO plugin. -->","yoast_head_json":{"title":"Charg\u00e9 de transmettre des nouvelles - Mennonite World Conference","robots":{"index":"index","follow":"follow","max-snippet":"max-snippet:-1","max-image-preview":"max-image-preview:large","max-video-preview":"max-video-preview:-1"},"canonical":"https:\/\/mwc-cmm.org\/fr\/stories\/charge-de-transmettre-des-nouvelles\/","og_locale":"fr_FR","og_type":"article","og_title":"Charg\u00e9 de transmettre des nouvelles - Mennonite World Conference","og_description":"Courrier\u202f:&nbsp;\u00ab\u2009Un messager\u2026 charg\u00e9 de transmettre des nouvelles.\u2009\u00bb&nbsp;C\u2019est ainsi que Paul N.&nbsp;Kraybill, Secr\u00e9taire g\u00e9n\u00e9ral, a pr\u00e9sent\u00e9 le nouveau magazine de la CMM dans son premier num\u00e9ro en 1986.&nbsp; \u00ab\u2009L\u2019Assembl\u00e9e de la Conf\u00e9rence mennonite mondiale de 1984 \u00e0 Strasbourg a fait \u00e9cho \u00e0 un cri souvent entendu auparavant et depuis.&nbsp;Nous ne nous connaissons pas assez les uns [&hellip;]","og_url":"https:\/\/mwc-cmm.org\/fr\/stories\/charge-de-transmettre-des-nouvelles\/","og_site_name":"Mennonite World Conference","article_publisher":"https:\/\/www.facebook.com\/MennoniteWorldConference","article_published_time":"2026-03-27T08:05:44+00:00","article_modified_time":"2026-03-27T08:05:45+00:00","og_image":[{"width":2560,"height":1920,"url":"https:\/\/mwc-cmm.org\/wp-content\/uploads\/2026\/03\/20260119_125639-scaled.jpg","type":"image\/jpeg"}],"author":"Stephanie Setiawan","schema":{"@context":"https:\/\/schema.org","@graph":[{"@type":"Article","@id":"https:\/\/mwc-cmm.org\/fr\/stories\/charge-de-transmettre-des-nouvelles\/#article","isPartOf":{"@id":"https:\/\/mwc-cmm.org\/fr\/stories\/charge-de-transmettre-des-nouvelles\/"},"author":{"name":"Stephanie Setiawan","@id":"https:\/\/mwc-cmm.org\/en\/#\/schema\/person\/00b62ed8ea1527254a44f3ace3aee79d"},"headline":"Charg\u00e9 de transmettre des nouvelles","datePublished":"2026-03-27T08:05:44+00:00","dateModified":"2026-03-27T08:05:45+00:00","mainEntityOfPage":{"@id":"https:\/\/mwc-cmm.org\/fr\/stories\/charge-de-transmettre-des-nouvelles\/"},"wordCount":384,"publisher":{"@id":"https:\/\/mwc-cmm.org\/en\/#organization"},"image":{"@id":"https:\/\/mwc-cmm.org\/fr\/stories\/charge-de-transmettre-des-nouvelles\/#primaryimage"},"thumbnailUrl":"https:\/\/mwc-cmm.org\/wp-content\/uploads\/2026\/03\/20260119_125639-scaled.jpg","keywords":["Courier"],"articleSection":["Courrier"],"inLanguage":"fr-FR"},{"@type":"WebPage","@id":"https:\/\/mwc-cmm.org\/fr\/stories\/charge-de-transmettre-des-nouvelles\/","url":"https:\/\/mwc-cmm.org\/fr\/stories\/charge-de-transmettre-des-nouvelles\/","name":"Charg\u00e9 de transmettre des nouvelles - Mennonite World Conference","isPartOf":{"@id":"https:\/\/mwc-cmm.org\/en\/#website"},"primaryImageOfPage":{"@id":"https:\/\/mwc-cmm.org\/fr\/stories\/charge-de-transmettre-des-nouvelles\/#primaryimage"},"image":{"@id":"https:\/\/mwc-cmm.org\/fr\/stories\/charge-de-transmettre-des-nouvelles\/#primaryimage"},"thumbnailUrl":"https:\/\/mwc-cmm.org\/wp-content\/uploads\/2026\/03\/20260119_125639-scaled.jpg","datePublished":"2026-03-27T08:05:44+00:00","dateModified":"2026-03-27T08:05:45+00:00","breadcrumb":{"@id":"https:\/\/mwc-cmm.org\/fr\/stories\/charge-de-transmettre-des-nouvelles\/#breadcrumb"},"inLanguage":"fr-FR","potentialAction":[{"@type":"ReadAction","target":["https:\/\/mwc-cmm.org\/fr\/stories\/charge-de-transmettre-des-nouvelles\/"]}]},{"@type":"ImageObject","inLanguage":"fr-FR","@id":"https:\/\/mwc-cmm.org\/fr\/stories\/charge-de-transmettre-des-nouvelles\/#primaryimage","url":"https:\/\/mwc-cmm.org\/wp-content\/uploads\/2026\/03\/20260119_125639-scaled.jpg","contentUrl":"https:\/\/mwc-cmm.org\/wp-content\/uploads\/2026\/03\/20260119_125639-scaled.jpg","width":2560,"height":1920},{"@type":"BreadcrumbList","@id":"https:\/\/mwc-cmm.org\/fr\/stories\/charge-de-transmettre-des-nouvelles\/#breadcrumb","itemListElement":[{"@type":"ListItem","position":1,"name":"Home","item":"https:\/\/mwc-cmm.org\/fr\/"},{"@type":"ListItem","position":2,"name":"Charg\u00e9 de transmettre des nouvelles"}]},{"@type":"WebSite","@id":"https:\/\/mwc-cmm.org\/en\/#website","url":"https:\/\/mwc-cmm.org\/en\/","name":"Mennonite World Conference","description":"A communion of Anabaptist-related churches","publisher":{"@id":"https:\/\/mwc-cmm.org\/en\/#organization"},"alternateName":"MWC","potentialAction":[{"@type":"SearchAction","target":{"@type":"EntryPoint","urlTemplate":"https:\/\/mwc-cmm.org\/en\/?s={search_term_string}"},"query-input":{"@type":"PropertyValueSpecification","valueRequired":true,"valueName":"search_term_string"}}],"inLanguage":"fr-FR"},{"@type":"Organization","@id":"https:\/\/mwc-cmm.org\/en\/#organization","name":"Mennonite World Conference","alternateName":"MWC","url":"https:\/\/mwc-cmm.org\/en\/","logo":{"@type":"ImageObject","inLanguage":"fr-FR","@id":"https:\/\/mwc-cmm.org\/en\/#\/schema\/logo\/image\/","url":"https:\/\/mwc-cmm.org\/wp-content\/uploads\/2026\/01\/MWC_Sig_Blue_Horiz_webheader1-logo.svg","contentUrl":"https:\/\/mwc-cmm.org\/wp-content\/uploads\/2026\/01\/MWC_Sig_Blue_Horiz_webheader1-logo.svg","width":786,"height":82,"caption":"Mennonite World Conference"},"image":{"@id":"https:\/\/mwc-cmm.org\/en\/#\/schema\/logo\/image\/"},"sameAs":["https:\/\/www.facebook.com\/MennoniteWorldConference","https:\/\/www.linkedin.com\/company\/mennonite-world-conference-mwc\/","https:\/\/www.instagram.com\/mwcmm\/","https:\/\/www.youtube.com\/user\/mwccmm","https:\/\/bsky.app\/profile\/mwcmm.bsky.social"]},{"@type":"Person","@id":"https:\/\/mwc-cmm.org\/en\/#\/schema\/person\/00b62ed8ea1527254a44f3ace3aee79d","name":"Stephanie Setiawan","image":{"@type":"ImageObject","inLanguage":"fr-FR","@id":"https:\/\/secure.gravatar.com\/avatar\/71b4b62cf3d0cfb4c8a367a101127ba8adfa1c22417900980ea24f5f4457a76d?s=96&d=mm&r=g","url":"https:\/\/secure.gravatar.com\/avatar\/71b4b62cf3d0cfb4c8a367a101127ba8adfa1c22417900980ea24f5f4457a76d?s=96&d=mm&r=g","contentUrl":"https:\/\/secure.gravatar.com\/avatar\/71b4b62cf3d0cfb4c8a367a101127ba8adfa1c22417900980ea24f5f4457a76d?s=96&d=mm&r=g","caption":"Stephanie Setiawan"},"url":"https:\/\/mwc-cmm.org\/fr\/stories\/author\/stephanie\/"}]}},"_links":{"self":[{"href":"https:\/\/mwc-cmm.org\/fr\/wp-json\/wp\/v2\/posts\/126587","targetHints":{"allow":["GET"]}}],"collection":[{"href":"https:\/\/mwc-cmm.org\/fr\/wp-json\/wp\/v2\/posts"}],"about":[{"href":"https:\/\/mwc-cmm.org\/fr\/wp-json\/wp\/v2\/types\/post"}],"author":[{"embeddable":true,"href":"https:\/\/mwc-cmm.org\/fr\/wp-json\/wp\/v2\/users\/8"}],"replies":[{"embeddable":true,"href":"https:\/\/mwc-cmm.org\/fr\/wp-json\/wp\/v2\/comments?post=126587"}],"version-history":[{"count":0,"href":"https:\/\/mwc-cmm.org\/fr\/wp-json\/wp\/v2\/posts\/126587\/revisions"}],"wp:featuredmedia":[{"embeddable":true,"href":"https:\/\/mwc-cmm.org\/fr\/wp-json\/wp\/v2\/media\/126574"}],"wp:attachment":[{"href":"https:\/\/mwc-cmm.org\/fr\/wp-json\/wp\/v2\/media?parent=126587"}],"wp:term":[{"taxonomy":"category","embeddable":true,"href":"https:\/\/mwc-cmm.org\/fr\/wp-json\/wp\/v2\/categories?post=126587"},{"taxonomy":"post_tag","embeddable":true,"href":"https:\/\/mwc-cmm.org\/fr\/wp-json\/wp\/v2\/tags?post=126587"},{"taxonomy":"network","embeddable":true,"href":"https:\/\/mwc-cmm.org\/fr\/wp-json\/wp\/v2\/network?post=126587"},{"taxonomy":"eventcategory","embeddable":true,"href":"https:\/\/mwc-cmm.org\/fr\/wp-json\/wp\/v2\/eventcategory?post=126587"}],"curies":[{"name":"wp","href":"https:\/\/api.w.org\/{rel}","templated":true}]}}