{"id":126392,"date":"2015-07-24T02:31:19","date_gmt":"2015-07-24T02:31:19","guid":{"rendered":"https:\/\/mwc-cmm.org\/stories\/build-each-other-up-on-the-foundation-of-christ\/"},"modified":"2026-03-25T13:13:50","modified_gmt":"2026-03-25T13:13:50","slug":"build-each-other-up-on-the-foundation-of-christ","status":"publish","type":"post","link":"https:\/\/mwc-cmm.org\/fr\/stories\/build-each-other-up-on-the-foundation-of-christ\/","title":{"rendered":"Se construire mutuellement en Christ"},"content":{"rendered":"\n<h2 class=\"wp-block-heading\">Les intervenants ont parl\u00e9 sur le sujet \u00ab en marche avec le conflit et la r\u00e9conciliation \u00bb et ont centr\u00e9 leurr\u00e9flexion sur l\u2019esp\u00e9rance en J\u00e9sus.<\/h2>\n\n\n\n<p>Les intervenants ont parl\u00e9 sur le sujet \u00ab en marche avec le conflit et la r\u00e9conciliation \u00bb et ont centr\u00e9 leurr\u00e9flexion sur l\u2019esp\u00e9rance en J\u00e9sus.<\/p>\n\n\n\n<figure class=\"wp-block-image alignright size-medium\"><img decoding=\"async\" width=\"300\" height=\"200\" data-src=\"https:\/\/mwc-cmm.org\/wp-content\/uploads\/2015\/07\/Elizabeth-Miller-300x200.jpg\" alt=\"\" class=\"wp-image-126380 lazyload\" data-srcset=\"https:\/\/mwc-cmm.org\/wp-content\/uploads\/2015\/07\/Elizabeth-Miller-300x200.jpg 300w, https:\/\/mwc-cmm.org\/wp-content\/uploads\/2015\/07\/Elizabeth-Miller-768x512.jpg 768w, https:\/\/mwc-cmm.org\/wp-content\/uploads\/2015\/07\/Elizabeth-Miller.jpg 1024w\" data-sizes=\"(max-width: 300px) 100vw, 300px\" src=\"data:image\/svg+xml;base64,PHN2ZyB3aWR0aD0iMSIgaGVpZ2h0PSIxIiB4bWxucz0iaHR0cDovL3d3dy53My5vcmcvMjAwMC9zdmciPjwvc3ZnPg==\" style=\"--smush-placeholder-width: 300px; --smush-placeholder-aspect-ratio: 300\/200;\" \/><figcaption class=\"wp-element-caption\">Elizabeth Miller<\/figcaption><\/figure>\n\n\n\n<p>Elizabeth Miller, pr\u00e9sidente du <em>Provincial Elders\u2019 Conference (PEC)<\/em> du <em>Moravian Church<\/em><em> Northern Province<\/em>, a apport\u00e9 des saluts \u0153cum\u00e9niques. Ils ont c\u00e9l\u00e9br\u00e9 le 600<sup>\u00e8me<\/sup> anniversaire de cette organisation en juillet. \u00ab Nous recherchons ardemment le t\u00e9moignage mennonite de foi et de paix&nbsp;\u00bb dit-elle.<\/p>\n\n\n\n<p>Alors que les Mennonites sont connus pour leurs actions pour la paix et les r\u00e9solutions de conflits, les nombreuses d\u00e9nominations pr\u00e9sentes dans le r\u00e9pertoire mondial de la CMM d\u00e9montrent les difficult\u00e9s que nous avons pour surmonter nos d\u00e9saccords.<\/p>\n\n\n\n<p>L`intervenante Nancy Heisey, pr\u00e9sidente de la CMM de 2003 \u00e0 2009, a parl\u00e9 sur 1 Thessaloniciens 5.<\/p>\n\n\n\n<p>\u00ab&nbsp;Paul a reconnu que les puissances sombres sont des forces (et non des personnes),&nbsp;\u00bb dit-elle. \u00ab&nbsp;\u2018Children of light\u2019 est une communaut\u00e9 au milieu de ces forces obscures.&nbsp;\u00bb<\/p>\n\n\n\n<p>Son approche pour les disciples de Christ qui veuillent entrer dans ce combat n`est pas \u00ab&nbsp;un manteau de jalousie\u2026mais ce que nous dit 1 Corinthiens 13.&nbsp;\u00bb L\u2019espoir, l\u2019amour et la foi.<\/p>\n\n\n\n<p>Heisey a conclu sur ces mots: \u00ab il est temps pour le peuple de Dieu de se soutenir ensemble dans ce monde \u00bb.<\/p>\n\n\n\n<p>Remilyn Mondez des Philippines, membre des Jeunes Anabaptistes, pr\u00eacha sur l&rsquo;Ep\u00eetre aux Eph\u00e9siens et partagea son exp\u00e9rience de conflit au sein des \u00e9glises mennonites durant son enfance.<\/p>\n\n\n\n<p>Que l&rsquo;Eglise agisse comme un agneau ou un chevalier en croisade, Mondez l&rsquo;a exhort\u00e9 \u00e0 se fonder sur J\u00e9sus Christ.<\/p>\n\n\n\n<p>\u00ab Il faut que l&rsquo;Eglise revienne \u00e0 annoncer l&rsquo;\u00e9vangile de J\u00e9sus Christ et son Salut si elle souhaite en terminer avec les conflits et la douleur \u00bb dit-elle.<\/p>\n\n\n\n<p><em>Karla Braun a <\/em><em>\u00e9<\/em><em>t<\/em><em>\u00e9<\/em> <em>\u00e9<\/em><em>ditrice associ<\/em><em>\u00e9<\/em><em>e au The MB Herald (le magazine de la Conf<\/em><em>\u00e9<\/em><em>rence Canadienne des <\/em><em>\u00c9<\/em><em>glises Mennonites des Fr<\/em><em>\u00e8<\/em><em>res en Christ) et va devenir <\/em><em>\u00e9<\/em><em>ditrice du Courrier\/Correo\/Courier apr<\/em><em>\u00e8<\/em><em>s l&rsquo;Assembl<\/em><em>\u00e9<\/em><em>e.<\/em><\/p>\n","protected":false},"excerpt":{"rendered":"<p>Les intervenants ont parl\u00e9 sur le sujet \u00ab en marche avec le conflit et la r\u00e9conciliation \u00bb et ont centr\u00e9 leurr\u00e9flexion sur l\u2019esp\u00e9rance en J\u00e9sus. Les intervenants ont parl\u00e9 sur le sujet \u00ab en marche avec le conflit et la r\u00e9conciliation \u00bb et ont centr\u00e9 leurr\u00e9flexion sur l\u2019esp\u00e9rance en J\u00e9sus. Elizabeth Miller, pr\u00e9sidente du Provincial [&hellip;]<\/p>\n","protected":false},"author":6,"featured_media":126380,"comment_status":"closed","ping_status":"closed","sticky":false,"template":"","format":"standard","meta":{"_acf_changed":false,"footnotes":""},"categories":[1890],"tags":[2188,1553,2090,2222,2223,2190,2017,2224,1893,1992,2225,2193,1895,2194,1996],"network":[],"eventcategory":[299],"class_list":["post-126392","post","type-post","status-publish","format-standard","has-post-thumbnail","hentry","category-tomigrate","tag-23-july","tag-assemblee-2","tag-assemblee","tag-children-of-light","tag-church-conflict","tag-day-3","tag-love","tag-nancy-heisey","tag-pa2015","tag-pa2015-worship-services","tag-remilyn-mondez","tag-thursday","tag-tomigrate","tag-walking-in-conflict-and-reconciliation","tag-young-anabaptists","eventcategory-assembly"],"acf":[],"yoast_head":"<!-- This site is optimized with the Yoast SEO plugin v27.5 - https:\/\/yoast.com\/product\/yoast-seo-wordpress\/ -->\n<title>Se construire mutuellement en Christ - Mennonite World Conference<\/title>\n<meta name=\"robots\" content=\"index, follow, max-snippet:-1, max-image-preview:large, max-video-preview:-1\" \/>\n<link rel=\"canonical\" href=\"https:\/\/mwc-cmm.org\/fr\/stories\/build-each-other-up-on-the-foundation-of-christ\/\" \/>\n<meta property=\"og:locale\" content=\"fr_FR\" \/>\n<meta property=\"og:type\" content=\"article\" \/>\n<meta property=\"og:title\" content=\"Se construire mutuellement en Christ - Mennonite World Conference\" \/>\n<meta property=\"og:description\" content=\"Les intervenants ont parl\u00e9 sur le sujet \u00ab en marche avec le conflit et la r\u00e9conciliation \u00bb et ont centr\u00e9 leurr\u00e9flexion sur l\u2019esp\u00e9rance en J\u00e9sus. Les intervenants ont parl\u00e9 sur le sujet \u00ab en marche avec le conflit et la r\u00e9conciliation \u00bb et ont centr\u00e9 leurr\u00e9flexion sur l\u2019esp\u00e9rance en J\u00e9sus. Elizabeth Miller, pr\u00e9sidente du Provincial [&hellip;]\" \/>\n<meta property=\"og:url\" content=\"https:\/\/mwc-cmm.org\/fr\/stories\/build-each-other-up-on-the-foundation-of-christ\/\" \/>\n<meta property=\"og:site_name\" content=\"Mennonite World Conference\" \/>\n<meta property=\"article:publisher\" content=\"https:\/\/www.facebook.com\/MennoniteWorldConference\" \/>\n<meta property=\"article:published_time\" content=\"2015-07-24T02:31:19+00:00\" \/>\n<meta property=\"article:modified_time\" content=\"2026-03-25T13:13:50+00:00\" \/>\n<meta property=\"og:image\" content=\"https:\/\/mwc-cmm.org\/wp-content\/uploads\/2015\/07\/Elizabeth-Miller.jpg\" \/>\n\t<meta property=\"og:image:width\" content=\"1024\" \/>\n\t<meta property=\"og:image:height\" content=\"683\" \/>\n\t<meta property=\"og:image:type\" content=\"image\/jpeg\" \/>\n<meta name=\"author\" content=\"Karla Braun\" \/>\n<script type=\"application\/ld+json\" class=\"yoast-schema-graph\">{\"@context\":\"https:\\\/\\\/schema.org\",\"@graph\":[{\"@type\":\"Article\",\"@id\":\"https:\\\/\\\/mwc-cmm.org\\\/fr\\\/stories\\\/build-each-other-up-on-the-foundation-of-christ\\\/#article\",\"isPartOf\":{\"@id\":\"https:\\\/\\\/mwc-cmm.org\\\/fr\\\/stories\\\/build-each-other-up-on-the-foundation-of-christ\\\/\"},\"author\":{\"name\":\"Karla Braun\",\"@id\":\"https:\\\/\\\/mwc-cmm.org\\\/en\\\/#\\\/schema\\\/person\\\/9cb7cad70e3a0ac2b145c3441df0dc08\"},\"headline\":\"Se construire mutuellement en Christ\",\"datePublished\":\"2015-07-24T02:31:19+00:00\",\"dateModified\":\"2026-03-25T13:13:50+00:00\",\"mainEntityOfPage\":{\"@id\":\"https:\\\/\\\/mwc-cmm.org\\\/fr\\\/stories\\\/build-each-other-up-on-the-foundation-of-christ\\\/\"},\"wordCount\":377,\"publisher\":{\"@id\":\"https:\\\/\\\/mwc-cmm.org\\\/en\\\/#organization\"},\"image\":{\"@id\":\"https:\\\/\\\/mwc-cmm.org\\\/fr\\\/stories\\\/build-each-other-up-on-the-foundation-of-christ\\\/#primaryimage\"},\"thumbnailUrl\":\"https:\\\/\\\/mwc-cmm.org\\\/wp-content\\\/uploads\\\/2015\\\/07\\\/Elizabeth-Miller.jpg\",\"keywords\":[\"23 July\",\"Assembl\u00e9e\",\"Assembl\u00e9e\",\"children of light\",\"church conflict\",\"Day 3\",\"love\",\"Nancy Heisey\",\"PA2015\",\"PA2015 worship services\",\"Remilyn Mondez\",\"Thursday\",\"tomigrate\",\"walking in conflict and reconciliation\",\"Young Anabaptists\"],\"articleSection\":[\"tomigrate\"],\"inLanguage\":\"fr-FR\"},{\"@type\":\"WebPage\",\"@id\":\"https:\\\/\\\/mwc-cmm.org\\\/fr\\\/stories\\\/build-each-other-up-on-the-foundation-of-christ\\\/\",\"url\":\"https:\\\/\\\/mwc-cmm.org\\\/fr\\\/stories\\\/build-each-other-up-on-the-foundation-of-christ\\\/\",\"name\":\"Se construire mutuellement en Christ - Mennonite World Conference\",\"isPartOf\":{\"@id\":\"https:\\\/\\\/mwc-cmm.org\\\/en\\\/#website\"},\"primaryImageOfPage\":{\"@id\":\"https:\\\/\\\/mwc-cmm.org\\\/fr\\\/stories\\\/build-each-other-up-on-the-foundation-of-christ\\\/#primaryimage\"},\"image\":{\"@id\":\"https:\\\/\\\/mwc-cmm.org\\\/fr\\\/stories\\\/build-each-other-up-on-the-foundation-of-christ\\\/#primaryimage\"},\"thumbnailUrl\":\"https:\\\/\\\/mwc-cmm.org\\\/wp-content\\\/uploads\\\/2015\\\/07\\\/Elizabeth-Miller.jpg\",\"datePublished\":\"2015-07-24T02:31:19+00:00\",\"dateModified\":\"2026-03-25T13:13:50+00:00\",\"breadcrumb\":{\"@id\":\"https:\\\/\\\/mwc-cmm.org\\\/fr\\\/stories\\\/build-each-other-up-on-the-foundation-of-christ\\\/#breadcrumb\"},\"inLanguage\":\"fr-FR\",\"potentialAction\":[{\"@type\":\"ReadAction\",\"target\":[\"https:\\\/\\\/mwc-cmm.org\\\/fr\\\/stories\\\/build-each-other-up-on-the-foundation-of-christ\\\/\"]}]},{\"@type\":\"ImageObject\",\"inLanguage\":\"fr-FR\",\"@id\":\"https:\\\/\\\/mwc-cmm.org\\\/fr\\\/stories\\\/build-each-other-up-on-the-foundation-of-christ\\\/#primaryimage\",\"url\":\"https:\\\/\\\/mwc-cmm.org\\\/wp-content\\\/uploads\\\/2015\\\/07\\\/Elizabeth-Miller.jpg\",\"contentUrl\":\"https:\\\/\\\/mwc-cmm.org\\\/wp-content\\\/uploads\\\/2015\\\/07\\\/Elizabeth-Miller.jpg\",\"width\":1024,\"height\":683,\"caption\":\"Elizabeth Miller\"},{\"@type\":\"BreadcrumbList\",\"@id\":\"https:\\\/\\\/mwc-cmm.org\\\/fr\\\/stories\\\/build-each-other-up-on-the-foundation-of-christ\\\/#breadcrumb\",\"itemListElement\":[{\"@type\":\"ListItem\",\"position\":1,\"name\":\"Home\",\"item\":\"https:\\\/\\\/mwc-cmm.org\\\/fr\\\/\"},{\"@type\":\"ListItem\",\"position\":2,\"name\":\"Se construire mutuellement en Christ\"}]},{\"@type\":\"WebSite\",\"@id\":\"https:\\\/\\\/mwc-cmm.org\\\/en\\\/#website\",\"url\":\"https:\\\/\\\/mwc-cmm.org\\\/en\\\/\",\"name\":\"Mennonite World Conference\",\"description\":\"A communion of Anabaptist-related churches\",\"publisher\":{\"@id\":\"https:\\\/\\\/mwc-cmm.org\\\/en\\\/#organization\"},\"alternateName\":\"MWC\",\"potentialAction\":[{\"@type\":\"SearchAction\",\"target\":{\"@type\":\"EntryPoint\",\"urlTemplate\":\"https:\\\/\\\/mwc-cmm.org\\\/en\\\/?s={search_term_string}\"},\"query-input\":{\"@type\":\"PropertyValueSpecification\",\"valueRequired\":true,\"valueName\":\"search_term_string\"}}],\"inLanguage\":\"fr-FR\"},{\"@type\":\"Organization\",\"@id\":\"https:\\\/\\\/mwc-cmm.org\\\/en\\\/#organization\",\"name\":\"Mennonite World Conference\",\"alternateName\":\"MWC\",\"url\":\"https:\\\/\\\/mwc-cmm.org\\\/en\\\/\",\"logo\":{\"@type\":\"ImageObject\",\"inLanguage\":\"fr-FR\",\"@id\":\"https:\\\/\\\/mwc-cmm.org\\\/en\\\/#\\\/schema\\\/logo\\\/image\\\/\",\"url\":\"https:\\\/\\\/mwc-cmm.org\\\/wp-content\\\/uploads\\\/2026\\\/01\\\/MWC_Sig_Blue_Horiz_webheader1-logo.svg\",\"contentUrl\":\"https:\\\/\\\/mwc-cmm.org\\\/wp-content\\\/uploads\\\/2026\\\/01\\\/MWC_Sig_Blue_Horiz_webheader1-logo.svg\",\"width\":786,\"height\":82,\"caption\":\"Mennonite World Conference\"},\"image\":{\"@id\":\"https:\\\/\\\/mwc-cmm.org\\\/en\\\/#\\\/schema\\\/logo\\\/image\\\/\"},\"sameAs\":[\"https:\\\/\\\/www.facebook.com\\\/MennoniteWorldConference\",\"https:\\\/\\\/www.linkedin.com\\\/company\\\/mennonite-world-conference-mwc\\\/\",\"https:\\\/\\\/www.instagram.com\\\/mwcmm\\\/\",\"https:\\\/\\\/www.youtube.com\\\/user\\\/mwccmm\",\"https:\\\/\\\/bsky.app\\\/profile\\\/mwcmm.bsky.social\"]},{\"@type\":\"Person\",\"@id\":\"https:\\\/\\\/mwc-cmm.org\\\/en\\\/#\\\/schema\\\/person\\\/9cb7cad70e3a0ac2b145c3441df0dc08\",\"name\":\"Karla Braun\",\"pronouns\":\"she\\\/her\",\"image\":{\"@type\":\"ImageObject\",\"inLanguage\":\"fr-FR\",\"@id\":\"https:\\\/\\\/secure.gravatar.com\\\/avatar\\\/330c84143dc3a1bf6e7887f828baae23c874bf72d5eedb0461d88c0725087370?s=96&d=mm&r=g\",\"url\":\"https:\\\/\\\/secure.gravatar.com\\\/avatar\\\/330c84143dc3a1bf6e7887f828baae23c874bf72d5eedb0461d88c0725087370?s=96&d=mm&r=g\",\"contentUrl\":\"https:\\\/\\\/secure.gravatar.com\\\/avatar\\\/330c84143dc3a1bf6e7887f828baae23c874bf72d5eedb0461d88c0725087370?s=96&d=mm&r=g\",\"caption\":\"Karla Braun\"},\"description\":\"Karla Braun serves as editor and website coordinator for MWC since 2015.\",\"url\":\"https:\\\/\\\/mwc-cmm.org\\\/fr\\\/stories\\\/author\\\/karla\\\/\"}]}<\/script>\n<!-- \/ Yoast SEO plugin. -->","yoast_head_json":{"title":"Se construire mutuellement en Christ - Mennonite World Conference","robots":{"index":"index","follow":"follow","max-snippet":"max-snippet:-1","max-image-preview":"max-image-preview:large","max-video-preview":"max-video-preview:-1"},"canonical":"https:\/\/mwc-cmm.org\/fr\/stories\/build-each-other-up-on-the-foundation-of-christ\/","og_locale":"fr_FR","og_type":"article","og_title":"Se construire mutuellement en Christ - Mennonite World Conference","og_description":"Les intervenants ont parl\u00e9 sur le sujet \u00ab en marche avec le conflit et la r\u00e9conciliation \u00bb et ont centr\u00e9 leurr\u00e9flexion sur l\u2019esp\u00e9rance en J\u00e9sus. Les intervenants ont parl\u00e9 sur le sujet \u00ab en marche avec le conflit et la r\u00e9conciliation \u00bb et ont centr\u00e9 leurr\u00e9flexion sur l\u2019esp\u00e9rance en J\u00e9sus. Elizabeth Miller, pr\u00e9sidente du Provincial [&hellip;]","og_url":"https:\/\/mwc-cmm.org\/fr\/stories\/build-each-other-up-on-the-foundation-of-christ\/","og_site_name":"Mennonite World Conference","article_publisher":"https:\/\/www.facebook.com\/MennoniteWorldConference","article_published_time":"2015-07-24T02:31:19+00:00","article_modified_time":"2026-03-25T13:13:50+00:00","og_image":[{"width":1024,"height":683,"url":"https:\/\/mwc-cmm.org\/wp-content\/uploads\/2015\/07\/Elizabeth-Miller.jpg","type":"image\/jpeg"}],"author":"Karla Braun","schema":{"@context":"https:\/\/schema.org","@graph":[{"@type":"Article","@id":"https:\/\/mwc-cmm.org\/fr\/stories\/build-each-other-up-on-the-foundation-of-christ\/#article","isPartOf":{"@id":"https:\/\/mwc-cmm.org\/fr\/stories\/build-each-other-up-on-the-foundation-of-christ\/"},"author":{"name":"Karla Braun","@id":"https:\/\/mwc-cmm.org\/en\/#\/schema\/person\/9cb7cad70e3a0ac2b145c3441df0dc08"},"headline":"Se construire mutuellement en Christ","datePublished":"2015-07-24T02:31:19+00:00","dateModified":"2026-03-25T13:13:50+00:00","mainEntityOfPage":{"@id":"https:\/\/mwc-cmm.org\/fr\/stories\/build-each-other-up-on-the-foundation-of-christ\/"},"wordCount":377,"publisher":{"@id":"https:\/\/mwc-cmm.org\/en\/#organization"},"image":{"@id":"https:\/\/mwc-cmm.org\/fr\/stories\/build-each-other-up-on-the-foundation-of-christ\/#primaryimage"},"thumbnailUrl":"https:\/\/mwc-cmm.org\/wp-content\/uploads\/2015\/07\/Elizabeth-Miller.jpg","keywords":["23 July","Assembl\u00e9e","Assembl\u00e9e","children of light","church conflict","Day 3","love","Nancy Heisey","PA2015","PA2015 worship services","Remilyn Mondez","Thursday","tomigrate","walking in conflict and reconciliation","Young Anabaptists"],"articleSection":["tomigrate"],"inLanguage":"fr-FR"},{"@type":"WebPage","@id":"https:\/\/mwc-cmm.org\/fr\/stories\/build-each-other-up-on-the-foundation-of-christ\/","url":"https:\/\/mwc-cmm.org\/fr\/stories\/build-each-other-up-on-the-foundation-of-christ\/","name":"Se construire mutuellement en Christ - Mennonite World Conference","isPartOf":{"@id":"https:\/\/mwc-cmm.org\/en\/#website"},"primaryImageOfPage":{"@id":"https:\/\/mwc-cmm.org\/fr\/stories\/build-each-other-up-on-the-foundation-of-christ\/#primaryimage"},"image":{"@id":"https:\/\/mwc-cmm.org\/fr\/stories\/build-each-other-up-on-the-foundation-of-christ\/#primaryimage"},"thumbnailUrl":"https:\/\/mwc-cmm.org\/wp-content\/uploads\/2015\/07\/Elizabeth-Miller.jpg","datePublished":"2015-07-24T02:31:19+00:00","dateModified":"2026-03-25T13:13:50+00:00","breadcrumb":{"@id":"https:\/\/mwc-cmm.org\/fr\/stories\/build-each-other-up-on-the-foundation-of-christ\/#breadcrumb"},"inLanguage":"fr-FR","potentialAction":[{"@type":"ReadAction","target":["https:\/\/mwc-cmm.org\/fr\/stories\/build-each-other-up-on-the-foundation-of-christ\/"]}]},{"@type":"ImageObject","inLanguage":"fr-FR","@id":"https:\/\/mwc-cmm.org\/fr\/stories\/build-each-other-up-on-the-foundation-of-christ\/#primaryimage","url":"https:\/\/mwc-cmm.org\/wp-content\/uploads\/2015\/07\/Elizabeth-Miller.jpg","contentUrl":"https:\/\/mwc-cmm.org\/wp-content\/uploads\/2015\/07\/Elizabeth-Miller.jpg","width":1024,"height":683,"caption":"Elizabeth Miller"},{"@type":"BreadcrumbList","@id":"https:\/\/mwc-cmm.org\/fr\/stories\/build-each-other-up-on-the-foundation-of-christ\/#breadcrumb","itemListElement":[{"@type":"ListItem","position":1,"name":"Home","item":"https:\/\/mwc-cmm.org\/fr\/"},{"@type":"ListItem","position":2,"name":"Se construire mutuellement en Christ"}]},{"@type":"WebSite","@id":"https:\/\/mwc-cmm.org\/en\/#website","url":"https:\/\/mwc-cmm.org\/en\/","name":"Mennonite World Conference","description":"A communion of Anabaptist-related churches","publisher":{"@id":"https:\/\/mwc-cmm.org\/en\/#organization"},"alternateName":"MWC","potentialAction":[{"@type":"SearchAction","target":{"@type":"EntryPoint","urlTemplate":"https:\/\/mwc-cmm.org\/en\/?s={search_term_string}"},"query-input":{"@type":"PropertyValueSpecification","valueRequired":true,"valueName":"search_term_string"}}],"inLanguage":"fr-FR"},{"@type":"Organization","@id":"https:\/\/mwc-cmm.org\/en\/#organization","name":"Mennonite World Conference","alternateName":"MWC","url":"https:\/\/mwc-cmm.org\/en\/","logo":{"@type":"ImageObject","inLanguage":"fr-FR","@id":"https:\/\/mwc-cmm.org\/en\/#\/schema\/logo\/image\/","url":"https:\/\/mwc-cmm.org\/wp-content\/uploads\/2026\/01\/MWC_Sig_Blue_Horiz_webheader1-logo.svg","contentUrl":"https:\/\/mwc-cmm.org\/wp-content\/uploads\/2026\/01\/MWC_Sig_Blue_Horiz_webheader1-logo.svg","width":786,"height":82,"caption":"Mennonite World Conference"},"image":{"@id":"https:\/\/mwc-cmm.org\/en\/#\/schema\/logo\/image\/"},"sameAs":["https:\/\/www.facebook.com\/MennoniteWorldConference","https:\/\/www.linkedin.com\/company\/mennonite-world-conference-mwc\/","https:\/\/www.instagram.com\/mwcmm\/","https:\/\/www.youtube.com\/user\/mwccmm","https:\/\/bsky.app\/profile\/mwcmm.bsky.social"]},{"@type":"Person","@id":"https:\/\/mwc-cmm.org\/en\/#\/schema\/person\/9cb7cad70e3a0ac2b145c3441df0dc08","name":"Karla Braun","pronouns":"she\/her","image":{"@type":"ImageObject","inLanguage":"fr-FR","@id":"https:\/\/secure.gravatar.com\/avatar\/330c84143dc3a1bf6e7887f828baae23c874bf72d5eedb0461d88c0725087370?s=96&d=mm&r=g","url":"https:\/\/secure.gravatar.com\/avatar\/330c84143dc3a1bf6e7887f828baae23c874bf72d5eedb0461d88c0725087370?s=96&d=mm&r=g","contentUrl":"https:\/\/secure.gravatar.com\/avatar\/330c84143dc3a1bf6e7887f828baae23c874bf72d5eedb0461d88c0725087370?s=96&d=mm&r=g","caption":"Karla Braun"},"description":"Karla Braun serves as editor and website coordinator for MWC since 2015.","url":"https:\/\/mwc-cmm.org\/fr\/stories\/author\/karla\/"}]}},"_links":{"self":[{"href":"https:\/\/mwc-cmm.org\/fr\/wp-json\/wp\/v2\/posts\/126392","targetHints":{"allow":["GET"]}}],"collection":[{"href":"https:\/\/mwc-cmm.org\/fr\/wp-json\/wp\/v2\/posts"}],"about":[{"href":"https:\/\/mwc-cmm.org\/fr\/wp-json\/wp\/v2\/types\/post"}],"author":[{"embeddable":true,"href":"https:\/\/mwc-cmm.org\/fr\/wp-json\/wp\/v2\/users\/6"}],"replies":[{"embeddable":true,"href":"https:\/\/mwc-cmm.org\/fr\/wp-json\/wp\/v2\/comments?post=126392"}],"version-history":[{"count":0,"href":"https:\/\/mwc-cmm.org\/fr\/wp-json\/wp\/v2\/posts\/126392\/revisions"}],"wp:featuredmedia":[{"embeddable":true,"href":"https:\/\/mwc-cmm.org\/fr\/wp-json\/wp\/v2\/media\/126380"}],"wp:attachment":[{"href":"https:\/\/mwc-cmm.org\/fr\/wp-json\/wp\/v2\/media?parent=126392"}],"wp:term":[{"taxonomy":"category","embeddable":true,"href":"https:\/\/mwc-cmm.org\/fr\/wp-json\/wp\/v2\/categories?post=126392"},{"taxonomy":"post_tag","embeddable":true,"href":"https:\/\/mwc-cmm.org\/fr\/wp-json\/wp\/v2\/tags?post=126392"},{"taxonomy":"network","embeddable":true,"href":"https:\/\/mwc-cmm.org\/fr\/wp-json\/wp\/v2\/network?post=126392"},{"taxonomy":"eventcategory","embeddable":true,"href":"https:\/\/mwc-cmm.org\/fr\/wp-json\/wp\/v2\/eventcategory?post=126392"}],"curies":[{"name":"wp","href":"https:\/\/api.w.org\/{rel}","templated":true}]}}