{"id":126356,"date":"2015-07-24T17:57:18","date_gmt":"2015-07-24T17:57:18","guid":{"rendered":"https:\/\/mwc-cmm.org\/stories\/mukawa-calls-for-reconciliation-with-god-others\/"},"modified":"2026-03-25T13:13:49","modified_gmt":"2026-03-25T13:13:49","slug":"mukawa-calls-for-reconciliation-with-god-others","status":"publish","type":"post","link":"https:\/\/mwc-cmm.org\/fr\/stories\/mukawa-calls-for-reconciliation-with-god-others\/","title":{"rendered":"Mukawa nous invite \u00e0 la r\u00e9conciliation avec Dieu et avec les autres"},"content":{"rendered":"\n<p><em>Le Royaume de Christ veille sur les visas refus\u00e9s, les conflits ethniques et les diff\u00e9rences interconfessionnelles<\/em><\/p>\n\n\n\n<p><em>Par<\/em> Connie Faber<\/p>\n\n\n\n<p>Harrisburg, Pennsylvanie, \u00c9tats-Unis &#8211; Nzuzi Mukawa de la R\u00e9publique D\u00e9mocratique du Congo, \u00e9ducateur et pasteur de l&rsquo;\u00c9glise des Fr\u00e8res Mennonite, a lanc\u00e9 un d\u00e9fi \u00e0 son audience le 23 Juillet 2015: de quitter la Conf\u00e9rence Mennonite Mondiale PA 2015 en tant qu`hommes et femmes r\u00e9concili\u00e9s avec Dieu et avec les autres.<\/p>\n\n\n\n<figure class=\"wp-block-image alignright size-medium\"><img decoding=\"async\" width=\"300\" height=\"200\" data-src=\"https:\/\/mwc-cmm.org\/wp-content\/uploads\/2026\/03\/NzuziMukawa-300x200.jpg\" alt=\"\" class=\"wp-image-126327 lazyload\" data-srcset=\"https:\/\/mwc-cmm.org\/wp-content\/uploads\/2026\/03\/NzuziMukawa-300x200.jpg 300w, https:\/\/mwc-cmm.org\/wp-content\/uploads\/2026\/03\/NzuziMukawa-768x512.jpg 768w, https:\/\/mwc-cmm.org\/wp-content\/uploads\/2026\/03\/NzuziMukawa.jpg 1024w\" data-sizes=\"(max-width: 300px) 100vw, 300px\" src=\"data:image\/svg+xml;base64,PHN2ZyB3aWR0aD0iMSIgaGVpZ2h0PSIxIiB4bWxucz0iaHR0cDovL3d3dy53My5vcmcvMjAwMC9zdmciPjwvc3ZnPg==\" style=\"--smush-placeholder-width: 300px; --smush-placeholder-aspect-ratio: 300\/200;\" \/><figcaption class=\"wp-element-caption\">Nzuzi Mukawa<\/figcaption><\/figure>\n\n\n\n<p>Le conflit qui se trouve dans le texte que Mukawa a pr\u00e9sent\u00e9, 1 Samuel 25: 1-35, commence avec une seule personne: Nabal. Quand cet homme riche, mais insensible rejette la demande d`aide faite par David, ce dernier cherche \u00e0 se venger.<\/p>\n\n\n\n<p>La r\u00e9solution de ce conflit commence aussi par une seule personne: Abigail. Lorsque David accepte son pr\u00e9sent de r\u00e9conciliation, le conflit est r\u00e9solu.<\/p>\n\n\n\n<p>\u00ab\u00a0Pourquoi y a-t-il tant de conflits dans le monde?\u00a0\u00bb demanda Mukawa. \u00ab\u00a0Parce que les gens partagent les principes de Nabal.\u00a0\u00bb<\/p>\n\n\n\n<p>Quand les gens abusent de leur richesse, de leur \u00e9ducation ou de leur sup\u00e9riorit\u00e9, cela r\u00e9sulte sur conflits dans les familles, entre les pays et m\u00eame dans l&rsquo;Eglise.<\/p>\n\n\n\n<p>\u00ab\u00a0Nous avons besoin d&rsquo;hommes et de femmes qui vont adopter l&rsquo;attitude de Abigail et aller vers l&rsquo;autre\u00a0\u00bb, a d\u00e9clar\u00e9 Mukawa.<\/p>\n\n\n\n<p>La r\u00e9conciliation est l&rsquo;\u0153uvre de Dieu, dit Mukawa, se r\u00e9f\u00e9rant \u00e0 2 Corinthiens 5: 17-20. \u00ab\u00a0A l`\u00e9poque o\u00f9 nous \u00e9tions les ennemis de Dieu, Dieu est venu vers nous et Il nous a r\u00e9concili\u00e9s en J\u00e9sus Christ.\u00a0\u00bb<\/p>\n\n\n\n<p>\u00ab\u00a0Son nom [est le seul] par lequel nous pouvons \u00eatre sauv\u00e9s\u00a0\u00bb, dit-il .<\/p>\n\n\n\n<p>Dieu appelle ses disciples \u00e0 annoncer la croix et \u00e0 oeuvrer pour la r\u00e9solution des conflits. Citant des exemples actuels dans le monde, Mukawa a appel\u00e9 \u00e0 une r\u00e9solution des diff\u00e9rents conflits ethniques, tribaux et raciaux.<\/p>\n\n\n\n<figure class=\"wp-block-image alignleft size-medium\"><img decoding=\"async\" width=\"300\" height=\"200\" data-src=\"https:\/\/mwc-cmm.org\/wp-content\/uploads\/2026\/03\/womenonthursday-300x200.jpg\" alt=\"\" class=\"wp-image-126341 lazyload\" data-srcset=\"https:\/\/mwc-cmm.org\/wp-content\/uploads\/2026\/03\/womenonthursday-300x200.jpg 300w, https:\/\/mwc-cmm.org\/wp-content\/uploads\/2026\/03\/womenonthursday-768x512.jpg 768w, https:\/\/mwc-cmm.org\/wp-content\/uploads\/2026\/03\/womenonthursday.jpg 1024w\" data-sizes=\"(max-width: 300px) 100vw, 300px\" src=\"data:image\/svg+xml;base64,PHN2ZyB3aWR0aD0iMSIgaGVpZ2h0PSIxIiB4bWxucz0iaHR0cDovL3d3dy53My5vcmcvMjAwMC9zdmciPjwvc3ZnPg==\" style=\"--smush-placeholder-width: 300px; --smush-placeholder-aspect-ratio: 300\/200;\" \/><\/figure>\n\n\n\n<p>L&rsquo;Assembl\u00e9e de la CMM repr\u00e9sente la grande diversit\u00e9 qui se r\u00e9jouiera dans les cieux, dit Mukawa. \u00ab\u00a0J`attends ce jour.\u00a0\u00bb<\/p>\n\n\n\n<p>Les salutations \u0153cum\u00e9niques des repr\u00e9sentants du Conseil \u0152cum\u00e9nique des Eglises Mondial, la F\u00e9d\u00e9ration Luth\u00e9rienne Mondiale et la Conf\u00e9rence G\u00e9n\u00e9rale des Adventistes du Septi\u00e8me Jour ont soulign\u00e9 l&rsquo;attachement des anabaptistes \u00e0 la paix et la r\u00e9conciliation.<\/p>\n\n\n\n<p>Malgr\u00e9 les chanteurs absents, la soir\u00e9e de la musique Africaine \u00e9tait enthousiaste et \u00e9nergique. <em>Brethren Choral Sounds Choir<\/em> du Zimbabwe comptait environ 40 chanteurs. Seuls cinq chanteurs ont pu repr\u00e9senter la <em>Eastleigh Fellowship Choir<\/em> du Kenya; les 25 autres ont eu leurs visas rejet\u00e9s.<\/p>\n\n\n\n<p>Le ma\u00eetre de c\u00e9r\u00e9monie Don McNiven a conduit le public dans un moment de pri\u00e8re silencieuse pour les nombreux participants qui manquaient \u00e0 cause de ce refus.<\/p>\n\n\n\n<p><em>Connie Faber est r\u00e9dactrice en chef du p\u00e9riodique Leader Chr\u00e9tien. Elle fait partie de l&rsquo;\u00e9quipe des r\u00e9dacteurs Meetinghouse qui rapportent les sessions pl\u00e9ni\u00e8res de la 16\u00e8me Assembl\u00e9e.<\/em><\/p>\n","protected":false},"excerpt":{"rendered":"<p>Le Royaume de Christ veille sur les visas refus\u00e9s, les conflits ethniques et les diff\u00e9rences interconfessionnelles Par Connie Faber Harrisburg, Pennsylvanie, \u00c9tats-Unis &#8211; Nzuzi Mukawa de la R\u00e9publique D\u00e9mocratique du Congo, \u00e9ducateur et pasteur de l&rsquo;\u00c9glise des Fr\u00e8res Mennonite, a lanc\u00e9 un d\u00e9fi \u00e0 son audience le 23 Juillet 2015: de quitter la Conf\u00e9rence Mennonite [&hellip;]<\/p>\n","protected":false},"author":1,"featured_media":126330,"comment_status":"closed","ping_status":"closed","sticky":false,"template":"","format":"standard","meta":{"_acf_changed":false,"footnotes":""},"categories":[1890],"tags":[2188,1619,1553,2090,2189,1959,2190,1941,2191,1902,2192,1893,1992,2193,1895,2194],"network":[],"eventcategory":[299],"class_list":["post-126356","post","type-post","status-publish","format-standard","has-post-thumbnail","hentry","category-tomigrate","tag-23-july","tag-afrique","tag-assemblee-2","tag-assemblee","tag-brethren-choral-sounds-choir","tag-connie-faber","tag-day-3","tag-denied-visas","tag-eastleigh-fellowship-choir","tag-meetinghouse","tag-nzuzi-mukawa","tag-pa2015","tag-pa2015-worship-services","tag-thursday","tag-tomigrate","tag-walking-in-conflict-and-reconciliation","eventcategory-assembly"],"acf":[],"yoast_head":"<!-- This site is optimized with the Yoast SEO plugin v27.5 - https:\/\/yoast.com\/product\/yoast-seo-wordpress\/ -->\n<title>Mukawa nous invite \u00e0 la r\u00e9conciliation avec Dieu et avec les autres - Mennonite World Conference<\/title>\n<meta name=\"robots\" content=\"index, follow, max-snippet:-1, max-image-preview:large, max-video-preview:-1\" \/>\n<link rel=\"canonical\" href=\"https:\/\/mwc-cmm.org\/fr\/stories\/mukawa-calls-for-reconciliation-with-god-others\/\" \/>\n<meta property=\"og:locale\" content=\"fr_FR\" \/>\n<meta property=\"og:type\" content=\"article\" \/>\n<meta property=\"og:title\" content=\"Mukawa nous invite \u00e0 la r\u00e9conciliation avec Dieu et avec les autres - Mennonite World Conference\" \/>\n<meta property=\"og:description\" content=\"Le Royaume de Christ veille sur les visas refus\u00e9s, les conflits ethniques et les diff\u00e9rences interconfessionnelles Par Connie Faber Harrisburg, Pennsylvanie, \u00c9tats-Unis &#8211; Nzuzi Mukawa de la R\u00e9publique D\u00e9mocratique du Congo, \u00e9ducateur et pasteur de l&rsquo;\u00c9glise des Fr\u00e8res Mennonite, a lanc\u00e9 un d\u00e9fi \u00e0 son audience le 23 Juillet 2015: de quitter la Conf\u00e9rence Mennonite [&hellip;]\" \/>\n<meta property=\"og:url\" content=\"https:\/\/mwc-cmm.org\/fr\/stories\/mukawa-calls-for-reconciliation-with-god-others\/\" \/>\n<meta property=\"og:site_name\" content=\"Mennonite World Conference\" \/>\n<meta property=\"article:publisher\" content=\"https:\/\/www.facebook.com\/MennoniteWorldConference\" \/>\n<meta property=\"article:published_time\" content=\"2015-07-24T17:57:18+00:00\" \/>\n<meta property=\"article:modified_time\" content=\"2026-03-25T13:13:49+00:00\" \/>\n<meta property=\"og:image\" content=\"https:\/\/mwc-cmm.org\/wp-content\/uploads\/2026\/03\/NzuziMukawa.jpg\" \/>\n\t<meta property=\"og:image:width\" content=\"1024\" \/>\n\t<meta property=\"og:image:height\" content=\"683\" \/>\n\t<meta property=\"og:image:type\" content=\"image\/jpeg\" \/>\n<meta name=\"author\" content=\"mennworldcon\" \/>\n<script type=\"application\/ld+json\" class=\"yoast-schema-graph\">{\"@context\":\"https:\\\/\\\/schema.org\",\"@graph\":[{\"@type\":\"Article\",\"@id\":\"https:\\\/\\\/mwc-cmm.org\\\/fr\\\/stories\\\/mukawa-calls-for-reconciliation-with-god-others\\\/#article\",\"isPartOf\":{\"@id\":\"https:\\\/\\\/mwc-cmm.org\\\/fr\\\/stories\\\/mukawa-calls-for-reconciliation-with-god-others\\\/\"},\"author\":{\"name\":\"mennworldcon\",\"@id\":\"https:\\\/\\\/mwc-cmm.org\\\/en\\\/#\\\/schema\\\/person\\\/11f6ae0d7d1868ba20a1cc27f067c836\"},\"headline\":\"Mukawa nous invite \u00e0 la r\u00e9conciliation avec Dieu et avec les autres\",\"datePublished\":\"2015-07-24T17:57:18+00:00\",\"dateModified\":\"2026-03-25T13:13:49+00:00\",\"mainEntityOfPage\":{\"@id\":\"https:\\\/\\\/mwc-cmm.org\\\/fr\\\/stories\\\/mukawa-calls-for-reconciliation-with-god-others\\\/\"},\"wordCount\":505,\"publisher\":{\"@id\":\"https:\\\/\\\/mwc-cmm.org\\\/en\\\/#organization\"},\"image\":{\"@id\":\"https:\\\/\\\/mwc-cmm.org\\\/fr\\\/stories\\\/mukawa-calls-for-reconciliation-with-god-others\\\/#primaryimage\"},\"thumbnailUrl\":\"https:\\\/\\\/mwc-cmm.org\\\/wp-content\\\/uploads\\\/2026\\\/03\\\/NzuziMukawa.jpg\",\"keywords\":[\"23 July\",\"Afrique\",\"Assembl\u00e9e\",\"Assembl\u00e9e\",\"Brethren Choral Sounds Choir\",\"Connie Faber\",\"Day 3\",\"denied visas\",\"Eastleigh Fellowship Choir\",\"Meetinghouse\",\"Nzuzi Mukawa\",\"PA2015\",\"PA2015 worship services\",\"Thursday\",\"tomigrate\",\"walking in conflict and reconciliation\"],\"articleSection\":[\"tomigrate\"],\"inLanguage\":\"fr-FR\"},{\"@type\":\"WebPage\",\"@id\":\"https:\\\/\\\/mwc-cmm.org\\\/fr\\\/stories\\\/mukawa-calls-for-reconciliation-with-god-others\\\/\",\"url\":\"https:\\\/\\\/mwc-cmm.org\\\/fr\\\/stories\\\/mukawa-calls-for-reconciliation-with-god-others\\\/\",\"name\":\"Mukawa nous invite \u00e0 la r\u00e9conciliation avec Dieu et avec les autres - Mennonite World Conference\",\"isPartOf\":{\"@id\":\"https:\\\/\\\/mwc-cmm.org\\\/en\\\/#website\"},\"primaryImageOfPage\":{\"@id\":\"https:\\\/\\\/mwc-cmm.org\\\/fr\\\/stories\\\/mukawa-calls-for-reconciliation-with-god-others\\\/#primaryimage\"},\"image\":{\"@id\":\"https:\\\/\\\/mwc-cmm.org\\\/fr\\\/stories\\\/mukawa-calls-for-reconciliation-with-god-others\\\/#primaryimage\"},\"thumbnailUrl\":\"https:\\\/\\\/mwc-cmm.org\\\/wp-content\\\/uploads\\\/2026\\\/03\\\/NzuziMukawa.jpg\",\"datePublished\":\"2015-07-24T17:57:18+00:00\",\"dateModified\":\"2026-03-25T13:13:49+00:00\",\"breadcrumb\":{\"@id\":\"https:\\\/\\\/mwc-cmm.org\\\/fr\\\/stories\\\/mukawa-calls-for-reconciliation-with-god-others\\\/#breadcrumb\"},\"inLanguage\":\"fr-FR\",\"potentialAction\":[{\"@type\":\"ReadAction\",\"target\":[\"https:\\\/\\\/mwc-cmm.org\\\/fr\\\/stories\\\/mukawa-calls-for-reconciliation-with-god-others\\\/\"]}]},{\"@type\":\"ImageObject\",\"inLanguage\":\"fr-FR\",\"@id\":\"https:\\\/\\\/mwc-cmm.org\\\/fr\\\/stories\\\/mukawa-calls-for-reconciliation-with-god-others\\\/#primaryimage\",\"url\":\"https:\\\/\\\/mwc-cmm.org\\\/wp-content\\\/uploads\\\/2026\\\/03\\\/NzuziMukawa.jpg\",\"contentUrl\":\"https:\\\/\\\/mwc-cmm.org\\\/wp-content\\\/uploads\\\/2026\\\/03\\\/NzuziMukawa.jpg\",\"width\":1024,\"height\":683,\"caption\":\"Nzuzi Mukawa\"},{\"@type\":\"BreadcrumbList\",\"@id\":\"https:\\\/\\\/mwc-cmm.org\\\/fr\\\/stories\\\/mukawa-calls-for-reconciliation-with-god-others\\\/#breadcrumb\",\"itemListElement\":[{\"@type\":\"ListItem\",\"position\":1,\"name\":\"Home\",\"item\":\"https:\\\/\\\/mwc-cmm.org\\\/fr\\\/\"},{\"@type\":\"ListItem\",\"position\":2,\"name\":\"Mukawa nous invite \u00e0 la r\u00e9conciliation avec Dieu et avec les autres\"}]},{\"@type\":\"WebSite\",\"@id\":\"https:\\\/\\\/mwc-cmm.org\\\/en\\\/#website\",\"url\":\"https:\\\/\\\/mwc-cmm.org\\\/en\\\/\",\"name\":\"Mennonite World Conference\",\"description\":\"A communion of Anabaptist-related churches\",\"publisher\":{\"@id\":\"https:\\\/\\\/mwc-cmm.org\\\/en\\\/#organization\"},\"alternateName\":\"MWC\",\"potentialAction\":[{\"@type\":\"SearchAction\",\"target\":{\"@type\":\"EntryPoint\",\"urlTemplate\":\"https:\\\/\\\/mwc-cmm.org\\\/en\\\/?s={search_term_string}\"},\"query-input\":{\"@type\":\"PropertyValueSpecification\",\"valueRequired\":true,\"valueName\":\"search_term_string\"}}],\"inLanguage\":\"fr-FR\"},{\"@type\":\"Organization\",\"@id\":\"https:\\\/\\\/mwc-cmm.org\\\/en\\\/#organization\",\"name\":\"Mennonite World Conference\",\"alternateName\":\"MWC\",\"url\":\"https:\\\/\\\/mwc-cmm.org\\\/en\\\/\",\"logo\":{\"@type\":\"ImageObject\",\"inLanguage\":\"fr-FR\",\"@id\":\"https:\\\/\\\/mwc-cmm.org\\\/en\\\/#\\\/schema\\\/logo\\\/image\\\/\",\"url\":\"https:\\\/\\\/mwc-cmm.org\\\/wp-content\\\/uploads\\\/2026\\\/01\\\/MWC_Sig_Blue_Horiz_webheader1-logo.svg\",\"contentUrl\":\"https:\\\/\\\/mwc-cmm.org\\\/wp-content\\\/uploads\\\/2026\\\/01\\\/MWC_Sig_Blue_Horiz_webheader1-logo.svg\",\"width\":786,\"height\":82,\"caption\":\"Mennonite World Conference\"},\"image\":{\"@id\":\"https:\\\/\\\/mwc-cmm.org\\\/en\\\/#\\\/schema\\\/logo\\\/image\\\/\"},\"sameAs\":[\"https:\\\/\\\/www.facebook.com\\\/MennoniteWorldConference\",\"https:\\\/\\\/www.linkedin.com\\\/company\\\/mennonite-world-conference-mwc\\\/\",\"https:\\\/\\\/www.instagram.com\\\/mwcmm\\\/\",\"https:\\\/\\\/www.youtube.com\\\/user\\\/mwccmm\",\"https:\\\/\\\/bsky.app\\\/profile\\\/mwcmm.bsky.social\"]},{\"@type\":\"Person\",\"@id\":\"https:\\\/\\\/mwc-cmm.org\\\/en\\\/#\\\/schema\\\/person\\\/11f6ae0d7d1868ba20a1cc27f067c836\",\"name\":\"mennworldcon\",\"image\":{\"@type\":\"ImageObject\",\"inLanguage\":\"fr-FR\",\"@id\":\"https:\\\/\\\/secure.gravatar.com\\\/avatar\\\/06fdc0dc81c157dfdb82ec42f252178a22307808988d22c043f9eb96f1e0fe80?s=96&d=mm&r=g\",\"url\":\"https:\\\/\\\/secure.gravatar.com\\\/avatar\\\/06fdc0dc81c157dfdb82ec42f252178a22307808988d22c043f9eb96f1e0fe80?s=96&d=mm&r=g\",\"contentUrl\":\"https:\\\/\\\/secure.gravatar.com\\\/avatar\\\/06fdc0dc81c157dfdb82ec42f252178a22307808988d22c043f9eb96f1e0fe80?s=96&d=mm&r=g\",\"caption\":\"mennworldcon\"},\"sameAs\":[\"https:\\\/\\\/mwc-cmm.org\"],\"url\":\"https:\\\/\\\/mwc-cmm.org\\\/fr\\\/stories\\\/author\\\/mennworldcon\\\/\"}]}<\/script>\n<!-- \/ Yoast SEO plugin. -->","yoast_head_json":{"title":"Mukawa nous invite \u00e0 la r\u00e9conciliation avec Dieu et avec les autres - Mennonite World Conference","robots":{"index":"index","follow":"follow","max-snippet":"max-snippet:-1","max-image-preview":"max-image-preview:large","max-video-preview":"max-video-preview:-1"},"canonical":"https:\/\/mwc-cmm.org\/fr\/stories\/mukawa-calls-for-reconciliation-with-god-others\/","og_locale":"fr_FR","og_type":"article","og_title":"Mukawa nous invite \u00e0 la r\u00e9conciliation avec Dieu et avec les autres - Mennonite World Conference","og_description":"Le Royaume de Christ veille sur les visas refus\u00e9s, les conflits ethniques et les diff\u00e9rences interconfessionnelles Par Connie Faber Harrisburg, Pennsylvanie, \u00c9tats-Unis &#8211; Nzuzi Mukawa de la R\u00e9publique D\u00e9mocratique du Congo, \u00e9ducateur et pasteur de l&rsquo;\u00c9glise des Fr\u00e8res Mennonite, a lanc\u00e9 un d\u00e9fi \u00e0 son audience le 23 Juillet 2015: de quitter la Conf\u00e9rence Mennonite [&hellip;]","og_url":"https:\/\/mwc-cmm.org\/fr\/stories\/mukawa-calls-for-reconciliation-with-god-others\/","og_site_name":"Mennonite World Conference","article_publisher":"https:\/\/www.facebook.com\/MennoniteWorldConference","article_published_time":"2015-07-24T17:57:18+00:00","article_modified_time":"2026-03-25T13:13:49+00:00","og_image":[{"width":1024,"height":683,"url":"https:\/\/mwc-cmm.org\/wp-content\/uploads\/2026\/03\/NzuziMukawa.jpg","type":"image\/jpeg"}],"author":"mennworldcon","schema":{"@context":"https:\/\/schema.org","@graph":[{"@type":"Article","@id":"https:\/\/mwc-cmm.org\/fr\/stories\/mukawa-calls-for-reconciliation-with-god-others\/#article","isPartOf":{"@id":"https:\/\/mwc-cmm.org\/fr\/stories\/mukawa-calls-for-reconciliation-with-god-others\/"},"author":{"name":"mennworldcon","@id":"https:\/\/mwc-cmm.org\/en\/#\/schema\/person\/11f6ae0d7d1868ba20a1cc27f067c836"},"headline":"Mukawa nous invite \u00e0 la r\u00e9conciliation avec Dieu et avec les autres","datePublished":"2015-07-24T17:57:18+00:00","dateModified":"2026-03-25T13:13:49+00:00","mainEntityOfPage":{"@id":"https:\/\/mwc-cmm.org\/fr\/stories\/mukawa-calls-for-reconciliation-with-god-others\/"},"wordCount":505,"publisher":{"@id":"https:\/\/mwc-cmm.org\/en\/#organization"},"image":{"@id":"https:\/\/mwc-cmm.org\/fr\/stories\/mukawa-calls-for-reconciliation-with-god-others\/#primaryimage"},"thumbnailUrl":"https:\/\/mwc-cmm.org\/wp-content\/uploads\/2026\/03\/NzuziMukawa.jpg","keywords":["23 July","Afrique","Assembl\u00e9e","Assembl\u00e9e","Brethren Choral Sounds Choir","Connie Faber","Day 3","denied visas","Eastleigh Fellowship Choir","Meetinghouse","Nzuzi Mukawa","PA2015","PA2015 worship services","Thursday","tomigrate","walking in conflict and reconciliation"],"articleSection":["tomigrate"],"inLanguage":"fr-FR"},{"@type":"WebPage","@id":"https:\/\/mwc-cmm.org\/fr\/stories\/mukawa-calls-for-reconciliation-with-god-others\/","url":"https:\/\/mwc-cmm.org\/fr\/stories\/mukawa-calls-for-reconciliation-with-god-others\/","name":"Mukawa nous invite \u00e0 la r\u00e9conciliation avec Dieu et avec les autres - Mennonite World Conference","isPartOf":{"@id":"https:\/\/mwc-cmm.org\/en\/#website"},"primaryImageOfPage":{"@id":"https:\/\/mwc-cmm.org\/fr\/stories\/mukawa-calls-for-reconciliation-with-god-others\/#primaryimage"},"image":{"@id":"https:\/\/mwc-cmm.org\/fr\/stories\/mukawa-calls-for-reconciliation-with-god-others\/#primaryimage"},"thumbnailUrl":"https:\/\/mwc-cmm.org\/wp-content\/uploads\/2026\/03\/NzuziMukawa.jpg","datePublished":"2015-07-24T17:57:18+00:00","dateModified":"2026-03-25T13:13:49+00:00","breadcrumb":{"@id":"https:\/\/mwc-cmm.org\/fr\/stories\/mukawa-calls-for-reconciliation-with-god-others\/#breadcrumb"},"inLanguage":"fr-FR","potentialAction":[{"@type":"ReadAction","target":["https:\/\/mwc-cmm.org\/fr\/stories\/mukawa-calls-for-reconciliation-with-god-others\/"]}]},{"@type":"ImageObject","inLanguage":"fr-FR","@id":"https:\/\/mwc-cmm.org\/fr\/stories\/mukawa-calls-for-reconciliation-with-god-others\/#primaryimage","url":"https:\/\/mwc-cmm.org\/wp-content\/uploads\/2026\/03\/NzuziMukawa.jpg","contentUrl":"https:\/\/mwc-cmm.org\/wp-content\/uploads\/2026\/03\/NzuziMukawa.jpg","width":1024,"height":683,"caption":"Nzuzi Mukawa"},{"@type":"BreadcrumbList","@id":"https:\/\/mwc-cmm.org\/fr\/stories\/mukawa-calls-for-reconciliation-with-god-others\/#breadcrumb","itemListElement":[{"@type":"ListItem","position":1,"name":"Home","item":"https:\/\/mwc-cmm.org\/fr\/"},{"@type":"ListItem","position":2,"name":"Mukawa nous invite \u00e0 la r\u00e9conciliation avec Dieu et avec les autres"}]},{"@type":"WebSite","@id":"https:\/\/mwc-cmm.org\/en\/#website","url":"https:\/\/mwc-cmm.org\/en\/","name":"Mennonite World Conference","description":"A communion of Anabaptist-related churches","publisher":{"@id":"https:\/\/mwc-cmm.org\/en\/#organization"},"alternateName":"MWC","potentialAction":[{"@type":"SearchAction","target":{"@type":"EntryPoint","urlTemplate":"https:\/\/mwc-cmm.org\/en\/?s={search_term_string}"},"query-input":{"@type":"PropertyValueSpecification","valueRequired":true,"valueName":"search_term_string"}}],"inLanguage":"fr-FR"},{"@type":"Organization","@id":"https:\/\/mwc-cmm.org\/en\/#organization","name":"Mennonite World Conference","alternateName":"MWC","url":"https:\/\/mwc-cmm.org\/en\/","logo":{"@type":"ImageObject","inLanguage":"fr-FR","@id":"https:\/\/mwc-cmm.org\/en\/#\/schema\/logo\/image\/","url":"https:\/\/mwc-cmm.org\/wp-content\/uploads\/2026\/01\/MWC_Sig_Blue_Horiz_webheader1-logo.svg","contentUrl":"https:\/\/mwc-cmm.org\/wp-content\/uploads\/2026\/01\/MWC_Sig_Blue_Horiz_webheader1-logo.svg","width":786,"height":82,"caption":"Mennonite World Conference"},"image":{"@id":"https:\/\/mwc-cmm.org\/en\/#\/schema\/logo\/image\/"},"sameAs":["https:\/\/www.facebook.com\/MennoniteWorldConference","https:\/\/www.linkedin.com\/company\/mennonite-world-conference-mwc\/","https:\/\/www.instagram.com\/mwcmm\/","https:\/\/www.youtube.com\/user\/mwccmm","https:\/\/bsky.app\/profile\/mwcmm.bsky.social"]},{"@type":"Person","@id":"https:\/\/mwc-cmm.org\/en\/#\/schema\/person\/11f6ae0d7d1868ba20a1cc27f067c836","name":"mennworldcon","image":{"@type":"ImageObject","inLanguage":"fr-FR","@id":"https:\/\/secure.gravatar.com\/avatar\/06fdc0dc81c157dfdb82ec42f252178a22307808988d22c043f9eb96f1e0fe80?s=96&d=mm&r=g","url":"https:\/\/secure.gravatar.com\/avatar\/06fdc0dc81c157dfdb82ec42f252178a22307808988d22c043f9eb96f1e0fe80?s=96&d=mm&r=g","contentUrl":"https:\/\/secure.gravatar.com\/avatar\/06fdc0dc81c157dfdb82ec42f252178a22307808988d22c043f9eb96f1e0fe80?s=96&d=mm&r=g","caption":"mennworldcon"},"sameAs":["https:\/\/mwc-cmm.org"],"url":"https:\/\/mwc-cmm.org\/fr\/stories\/author\/mennworldcon\/"}]}},"_links":{"self":[{"href":"https:\/\/mwc-cmm.org\/fr\/wp-json\/wp\/v2\/posts\/126356","targetHints":{"allow":["GET"]}}],"collection":[{"href":"https:\/\/mwc-cmm.org\/fr\/wp-json\/wp\/v2\/posts"}],"about":[{"href":"https:\/\/mwc-cmm.org\/fr\/wp-json\/wp\/v2\/types\/post"}],"author":[{"embeddable":true,"href":"https:\/\/mwc-cmm.org\/fr\/wp-json\/wp\/v2\/users\/1"}],"replies":[{"embeddable":true,"href":"https:\/\/mwc-cmm.org\/fr\/wp-json\/wp\/v2\/comments?post=126356"}],"version-history":[{"count":0,"href":"https:\/\/mwc-cmm.org\/fr\/wp-json\/wp\/v2\/posts\/126356\/revisions"}],"wp:featuredmedia":[{"embeddable":true,"href":"https:\/\/mwc-cmm.org\/fr\/wp-json\/wp\/v2\/media\/126330"}],"wp:attachment":[{"href":"https:\/\/mwc-cmm.org\/fr\/wp-json\/wp\/v2\/media?parent=126356"}],"wp:term":[{"taxonomy":"category","embeddable":true,"href":"https:\/\/mwc-cmm.org\/fr\/wp-json\/wp\/v2\/categories?post=126356"},{"taxonomy":"post_tag","embeddable":true,"href":"https:\/\/mwc-cmm.org\/fr\/wp-json\/wp\/v2\/tags?post=126356"},{"taxonomy":"network","embeddable":true,"href":"https:\/\/mwc-cmm.org\/fr\/wp-json\/wp\/v2\/network?post=126356"},{"taxonomy":"eventcategory","embeddable":true,"href":"https:\/\/mwc-cmm.org\/fr\/wp-json\/wp\/v2\/eventcategory?post=126356"}],"curies":[{"name":"wp","href":"https:\/\/api.w.org\/{rel}","templated":true}]}}