{"id":126208,"date":"2015-07-25T05:52:06","date_gmt":"2015-07-25T05:52:06","guid":{"rendered":"https:\/\/mwc-cmm.org\/stories\/iron-sharpens-iron\/"},"modified":"2026-03-25T13:13:48","modified_gmt":"2026-03-25T13:13:48","slug":"iron-sharpens-iron","status":"publish","type":"post","link":"https:\/\/mwc-cmm.org\/fr\/stories\/iron-sharpens-iron\/","title":{"rendered":"Le fer aiguise le fer"},"content":{"rendered":"\n<p><em>Le dialogue \u0153cum\u00e9nique de la Commission Foi et Vie aide \u00e0 d\u00e9couvrir ses propres convictions<\/em><\/p>\n\n\n\n<figure class=\"wp-block-image alignright size-medium\"><img decoding=\"async\" width=\"300\" height=\"253\" data-src=\"https:\/\/mwc-cmm.org\/wp-content\/uploads\/2026\/03\/DSC_0126-fg-300x253.jpg\" alt=\"\" class=\"wp-image-126194 lazyload\" data-srcset=\"https:\/\/mwc-cmm.org\/wp-content\/uploads\/2026\/03\/DSC_0126-fg-300x253.jpg 300w, https:\/\/mwc-cmm.org\/wp-content\/uploads\/2026\/03\/DSC_0126-fg-1024x864.jpg 1024w, https:\/\/mwc-cmm.org\/wp-content\/uploads\/2026\/03\/DSC_0126-fg-768x648.jpg 768w, https:\/\/mwc-cmm.org\/wp-content\/uploads\/2026\/03\/DSC_0126-fg-1536x1295.jpg 1536w, https:\/\/mwc-cmm.org\/wp-content\/uploads\/2026\/03\/DSC_0126-fg-2048x1727.jpg 2048w\" data-sizes=\"(max-width: 300px) 100vw, 300px\" src=\"data:image\/svg+xml;base64,PHN2ZyB3aWR0aD0iMSIgaGVpZ2h0PSIxIiB4bWxucz0iaHR0cDovL3d3dy53My5vcmcvMjAwMC9zdmciPjwvc3ZnPg==\" style=\"--smush-placeholder-width: 300px; --smush-placeholder-aspect-ratio: 300\/253;\" \/><\/figure>\n\n\n\n<p>Pourquoi la Commission Foi et Vie de la CMM passe du temps avec des catholiques? \u00c0 l&rsquo;atelier \u00ab&nbsp;Beyond the Shared Convictions: The Work of the MWC Faith and Life Commission&nbsp;\u00bb (Au-del\u00e0 des convictions communes&nbsp;: le travail de la Commission Foi et Vie de la CMM), le pr\u00e9sident Alfred Neufeld a expliqu\u00e9 le mandat de la Commission&nbsp;: promouvoir les conversations th\u00e9ologiques, apprendre comment les membres comprennent et d\u00e9crivent la foi et la vie anabaptistes, donner et recevoir des conseils et se tenir mutuellement responsable.<\/p>\n\n\n\n<p>Alfred Neufeld a dit qu&rsquo;une des fa\u00e7ons d\u2019accomplir le mandat a \u00e9t\u00e9 \u00ab&nbsp;un travail \u0153cum\u00e9nique r\u00e9ceptif [avec d\u2019autres confessions] : \u00e9couter le r\u00e9cit des luttes des uns et des autres.&nbsp;\u00bb<\/p>\n\n\n\n<p>En plus des conversations importantes avec la F\u00e9d\u00e9ration luth\u00e9rienne mondiale qui ont culmin\u00e9 au service de la r\u00e9conciliation en 2010, la Commission a eu des conversations avec l&rsquo;\u00c9glise Adventiste du Septi\u00e8me Jour et est actuellement engag\u00e9e dans un dialogue trilat\u00e9ral sur le bapt\u00eame avec la F\u00e9d\u00e9ration luth\u00e9rienne mondiale et le Conseil pontifical pour la promotion de l&rsquo;unit\u00e9 des chr\u00e9tiens.<\/p>\n\n\n\n<p>Alfred Neufeld a demand\u00e9 la pri\u00e8re en disant \u00ab&nbsp;ce travail exige beaucoup de sensibilit\u00e9 et de sagesse.&nbsp;\u00bb<\/p>\n\n\n\n<p>Ces conversations ont mis au d\u00e9fi l\u2019humilit\u00e9 anabaptiste (\u00ab&nbsp;l&rsquo;\u00c9glise Adventiste du Septi\u00e8me Jour parlait de ses probl\u00e8mes et pas de ses r\u00e9ussites&nbsp;\u00bb) et a demand\u00e9 un examen de la gr\u00e2ce (\u00ab&nbsp;Nous sommes des personnes de la loi; comment devenir des personnes de la gr\u00e2ce?&nbsp;\u00bb).<\/p>\n\n\n\n<p>Alfred Neufeld encourage les anabaptistes \u00e0 saisir l\u2019occasion des anniversaires qui approchent (celui de la R\u00e9forme en 2017 et celui de l&rsquo;anabaptisme en 2025) pour reconqu\u00e9rir notre identit\u00e9, en racontant qui nous sommes et ce que nous d\u00e9sirons \u00eatre et non en racontant ce que nous ne sommes pas.<\/p>\n\n\n\n<p>Il faut que chaque g\u00e9n\u00e9ration renouvelle le sens d&rsquo;\u00eatre anabaptiste, a expliqu\u00e9 le secr\u00e9taire de la Commission, John D. Roth. Il sugg\u00e8re de formuler le 500<sup>e<\/sup> anniversaire \u00ab&nbsp;Renouveau 2025&nbsp;\u00bb<\/p>\n\n\n\n<p>La Commission Foi et Vie surpervise aussi plusieurs groupes, y compris <em>Global Anabaptist Mennonite Encyclopedia Online <\/em>(l\u2019encyclop\u00e9die mondiale en ligne de l\u2019anabaptisme mennonite) et travaille \u00e0 \u00e9tablir des liens au sein du r\u00e9seau des \u00e9ducateurs et du r\u00e9seau des th\u00e9ologiennes.<\/p>\n\n\n\n<p>\u00c0 l\u2019ordre du jour au cours des prochaines ann\u00e9es&nbsp;: un rapport des r\u00e9sultats du Profil Anabaptiste Mondial, une \u00e9tude au sujet des Convictions Communes de la CMM et un travail th\u00e9ologique au sujet de la \u00ab&nbsp;paix juste&nbsp;\u00bb.<\/p>\n\n\n\n<p>Les membres de la Commission ont dirig\u00e9 16 ateliers durant PA 2015 dont un sur le dialogue avec l&rsquo;\u00c9glise Adventiste du Septi\u00e8me Jour (le mercredi) et sur le dialogue trilat\u00e9ral (le jeudi).<\/p>\n\n\n\n<p><em>Karla Braun a \u00e9t\u00e9 la r\u00e9dactrice adjointe du MB Herald (le magazine de la Conf\u00e9rence canadienne des \u00c9glises des fr\u00e8res mennonites) et deviendra r\u00e9dactrice de <\/em>Courrier-Correo-Courier<em>apr\u00e8s le Rassemblement.<\/em><\/p>\n","protected":false},"excerpt":{"rendered":"<p>Le dialogue \u0153cum\u00e9nique de la Commission Foi et Vie aide \u00e0 d\u00e9couvrir ses propres convictions Pourquoi la Commission Foi et Vie de la CMM passe du temps avec des catholiques? \u00c0 l&rsquo;atelier \u00ab&nbsp;Beyond the Shared Convictions: The Work of the MWC Faith and Life Commission&nbsp;\u00bb (Au-del\u00e0 des convictions communes&nbsp;: le travail de la Commission Foi [&hellip;]<\/p>\n","protected":false},"author":6,"featured_media":126197,"comment_status":"closed","ping_status":"closed","sticky":false,"template":"","format":"standard","meta":{"_acf_changed":false,"footnotes":""},"categories":[1890],"tags":[549,591,1553,2090,2131,887,1925,2132,1928,2133,1893,1903,470,2134,744,2135,2136,1895,1931],"network":[],"eventcategory":[299],"class_list":["post-126208","post","type-post","status-publish","format-standard","has-post-thumbnail","hentry","category-tomigrate","tag-alfred-neufeld-2","tag-alfred-neufeld-fr","tag-assemblee-2","tag-assemblee","tag-baptism","tag-commission-foi-et-vie","tag-ecumenical-dialogue","tag-global-anabaptist-mennonite-encyclopedia-online","tag-john-d-roth","tag-lutheran-world-federation","tag-pa2015","tag-pa2015-workshops","tag-paix","tag-pontifical-council-for-promoting-christian-unity","tag-profil-anabaptiste-mondial","tag-seventh-day-adventist","tag-shared-convictions","tag-tomigrate","tag-workshop","eventcategory-assembly"],"acf":[],"yoast_head":"<!-- This site is optimized with the Yoast SEO plugin v27.2 - https:\/\/yoast.com\/product\/yoast-seo-wordpress\/ -->\n<title>Le fer aiguise le fer - Mennonite World Conference<\/title>\n<meta name=\"robots\" content=\"index, follow, max-snippet:-1, max-image-preview:large, max-video-preview:-1\" \/>\n<link rel=\"canonical\" href=\"https:\/\/mwc-cmm.org\/fr\/stories\/iron-sharpens-iron\/\" \/>\n<meta property=\"og:locale\" content=\"fr_FR\" \/>\n<meta property=\"og:type\" content=\"article\" \/>\n<meta property=\"og:title\" content=\"Le fer aiguise le fer - Mennonite World Conference\" \/>\n<meta property=\"og:description\" content=\"Le dialogue \u0153cum\u00e9nique de la Commission Foi et Vie aide \u00e0 d\u00e9couvrir ses propres convictions Pourquoi la Commission Foi et Vie de la CMM passe du temps avec des catholiques? \u00c0 l&rsquo;atelier \u00ab&nbsp;Beyond the Shared Convictions: The Work of the MWC Faith and Life Commission&nbsp;\u00bb (Au-del\u00e0 des convictions communes&nbsp;: le travail de la Commission Foi [&hellip;]\" \/>\n<meta property=\"og:url\" content=\"https:\/\/mwc-cmm.org\/fr\/stories\/iron-sharpens-iron\/\" \/>\n<meta property=\"og:site_name\" content=\"Mennonite World Conference\" \/>\n<meta property=\"article:publisher\" content=\"https:\/\/www.facebook.com\/MennoniteWorldConference\" \/>\n<meta property=\"article:published_time\" content=\"2015-07-25T05:52:06+00:00\" \/>\n<meta property=\"article:modified_time\" content=\"2026-03-25T13:13:48+00:00\" \/>\n<meta property=\"og:image\" content=\"https:\/\/mwc-cmm.org\/wp-content\/uploads\/2026\/03\/DSC_0126-fg-scaled.jpg\" \/>\n\t<meta property=\"og:image:width\" content=\"2560\" \/>\n\t<meta property=\"og:image:height\" content=\"2159\" \/>\n\t<meta property=\"og:image:type\" content=\"image\/jpeg\" \/>\n<meta name=\"author\" content=\"Karla Braun\" \/>\n<script type=\"application\/ld+json\" class=\"yoast-schema-graph\">{\"@context\":\"https:\/\/schema.org\",\"@graph\":[{\"@type\":\"Article\",\"@id\":\"https:\/\/mwc-cmm.org\/fr\/stories\/iron-sharpens-iron\/#article\",\"isPartOf\":{\"@id\":\"https:\/\/mwc-cmm.org\/fr\/stories\/iron-sharpens-iron\/\"},\"author\":{\"name\":\"Karla Braun\",\"@id\":\"https:\/\/mwc-cmm.org\/en\/#\/schema\/person\/9cb7cad70e3a0ac2b145c3441df0dc08\"},\"headline\":\"Le fer aiguise le fer\",\"datePublished\":\"2015-07-25T05:52:06+00:00\",\"dateModified\":\"2026-03-25T13:13:48+00:00\",\"mainEntityOfPage\":{\"@id\":\"https:\/\/mwc-cmm.org\/fr\/stories\/iron-sharpens-iron\/\"},\"wordCount\":537,\"publisher\":{\"@id\":\"https:\/\/mwc-cmm.org\/en\/#organization\"},\"image\":{\"@id\":\"https:\/\/mwc-cmm.org\/fr\/stories\/iron-sharpens-iron\/#primaryimage\"},\"thumbnailUrl\":\"https:\/\/mwc-cmm.org\/wp-content\/uploads\/2026\/03\/DSC_0126-fg-scaled.jpg\",\"keywords\":[\"Alfred Neufeld\",\"Alfred Neufeld\",\"Assembl\u00e9e\",\"Assembl\u00e9e\",\"baptism\",\"Commission Foi et Vie\",\"ecumenical dialogue\",\"Global Anabaptist Mennonite Encyclopedia Online\",\"John D. Roth\",\"Lutheran World Federation\",\"PA2015\",\"PA2015 workshops\",\"paix\",\"Pontifical Council for Promoting Christian Unity\",\"Profil Anabaptiste Mondial\",\"Seventh Day Adventist\",\"shared convictions\",\"tomigrate\",\"workshop\"],\"articleSection\":[\"tomigrate\"],\"inLanguage\":\"fr-FR\"},{\"@type\":\"WebPage\",\"@id\":\"https:\/\/mwc-cmm.org\/fr\/stories\/iron-sharpens-iron\/\",\"url\":\"https:\/\/mwc-cmm.org\/fr\/stories\/iron-sharpens-iron\/\",\"name\":\"Le fer aiguise le fer - Mennonite World Conference\",\"isPartOf\":{\"@id\":\"https:\/\/mwc-cmm.org\/en\/#website\"},\"primaryImageOfPage\":{\"@id\":\"https:\/\/mwc-cmm.org\/fr\/stories\/iron-sharpens-iron\/#primaryimage\"},\"image\":{\"@id\":\"https:\/\/mwc-cmm.org\/fr\/stories\/iron-sharpens-iron\/#primaryimage\"},\"thumbnailUrl\":\"https:\/\/mwc-cmm.org\/wp-content\/uploads\/2026\/03\/DSC_0126-fg-scaled.jpg\",\"datePublished\":\"2015-07-25T05:52:06+00:00\",\"dateModified\":\"2026-03-25T13:13:48+00:00\",\"breadcrumb\":{\"@id\":\"https:\/\/mwc-cmm.org\/fr\/stories\/iron-sharpens-iron\/#breadcrumb\"},\"inLanguage\":\"fr-FR\",\"potentialAction\":[{\"@type\":\"ReadAction\",\"target\":[\"https:\/\/mwc-cmm.org\/fr\/stories\/iron-sharpens-iron\/\"]}]},{\"@type\":\"ImageObject\",\"inLanguage\":\"fr-FR\",\"@id\":\"https:\/\/mwc-cmm.org\/fr\/stories\/iron-sharpens-iron\/#primaryimage\",\"url\":\"https:\/\/mwc-cmm.org\/wp-content\/uploads\/2026\/03\/DSC_0126-fg-scaled.jpg\",\"contentUrl\":\"https:\/\/mwc-cmm.org\/wp-content\/uploads\/2026\/03\/DSC_0126-fg-scaled.jpg\",\"width\":2560,\"height\":2159},{\"@type\":\"BreadcrumbList\",\"@id\":\"https:\/\/mwc-cmm.org\/fr\/stories\/iron-sharpens-iron\/#breadcrumb\",\"itemListElement\":[{\"@type\":\"ListItem\",\"position\":1,\"name\":\"Home\",\"item\":\"https:\/\/mwc-cmm.org\/fr\/\"},{\"@type\":\"ListItem\",\"position\":2,\"name\":\"Le fer aiguise le fer\"}]},{\"@type\":\"WebSite\",\"@id\":\"https:\/\/mwc-cmm.org\/en\/#website\",\"url\":\"https:\/\/mwc-cmm.org\/en\/\",\"name\":\"Mennonite World Conference\",\"description\":\"A communion of Anabaptist-related churches\",\"publisher\":{\"@id\":\"https:\/\/mwc-cmm.org\/en\/#organization\"},\"alternateName\":\"MWC\",\"potentialAction\":[{\"@type\":\"SearchAction\",\"target\":{\"@type\":\"EntryPoint\",\"urlTemplate\":\"https:\/\/mwc-cmm.org\/en\/?s={search_term_string}\"},\"query-input\":{\"@type\":\"PropertyValueSpecification\",\"valueRequired\":true,\"valueName\":\"search_term_string\"}}],\"inLanguage\":\"fr-FR\"},{\"@type\":\"Organization\",\"@id\":\"https:\/\/mwc-cmm.org\/en\/#organization\",\"name\":\"Mennonite World Conference\",\"alternateName\":\"MWC\",\"url\":\"https:\/\/mwc-cmm.org\/en\/\",\"logo\":{\"@type\":\"ImageObject\",\"inLanguage\":\"fr-FR\",\"@id\":\"https:\/\/mwc-cmm.org\/en\/#\/schema\/logo\/image\/\",\"url\":\"https:\/\/mwc-cmm.org\/wp-content\/uploads\/2026\/01\/MWC_Sig_Blue_Horiz_webheader1-logo.svg\",\"contentUrl\":\"https:\/\/mwc-cmm.org\/wp-content\/uploads\/2026\/01\/MWC_Sig_Blue_Horiz_webheader1-logo.svg\",\"width\":786,\"height\":82,\"caption\":\"Mennonite World Conference\"},\"image\":{\"@id\":\"https:\/\/mwc-cmm.org\/en\/#\/schema\/logo\/image\/\"},\"sameAs\":[\"https:\/\/www.facebook.com\/MennoniteWorldConference\",\"https:\/\/www.linkedin.com\/company\/mennonite-world-conference-mwc\/\",\"https:\/\/www.instagram.com\/mwcmm\/\",\"https:\/\/www.youtube.com\/user\/mwccmm\",\"https:\/\/bsky.app\/profile\/mwcmm.bsky.social\"]},{\"@type\":\"Person\",\"@id\":\"https:\/\/mwc-cmm.org\/en\/#\/schema\/person\/9cb7cad70e3a0ac2b145c3441df0dc08\",\"name\":\"Karla Braun\",\"pronouns\":\"she\/her\",\"image\":{\"@type\":\"ImageObject\",\"inLanguage\":\"fr-FR\",\"@id\":\"https:\/\/secure.gravatar.com\/avatar\/330c84143dc3a1bf6e7887f828baae23c874bf72d5eedb0461d88c0725087370?s=96&d=mm&r=g\",\"url\":\"https:\/\/secure.gravatar.com\/avatar\/330c84143dc3a1bf6e7887f828baae23c874bf72d5eedb0461d88c0725087370?s=96&d=mm&r=g\",\"contentUrl\":\"https:\/\/secure.gravatar.com\/avatar\/330c84143dc3a1bf6e7887f828baae23c874bf72d5eedb0461d88c0725087370?s=96&d=mm&r=g\",\"caption\":\"Karla Braun\"},\"description\":\"Karla Braun serves as editor and website coordinator for MWC since 2015.\",\"url\":\"https:\/\/mwc-cmm.org\/fr\/stories\/author\/karla\/\"}]}<\/script>\n<!-- \/ Yoast SEO plugin. -->","yoast_head_json":{"title":"Le fer aiguise le fer - Mennonite World Conference","robots":{"index":"index","follow":"follow","max-snippet":"max-snippet:-1","max-image-preview":"max-image-preview:large","max-video-preview":"max-video-preview:-1"},"canonical":"https:\/\/mwc-cmm.org\/fr\/stories\/iron-sharpens-iron\/","og_locale":"fr_FR","og_type":"article","og_title":"Le fer aiguise le fer - Mennonite World Conference","og_description":"Le dialogue \u0153cum\u00e9nique de la Commission Foi et Vie aide \u00e0 d\u00e9couvrir ses propres convictions Pourquoi la Commission Foi et Vie de la CMM passe du temps avec des catholiques? \u00c0 l&rsquo;atelier \u00ab&nbsp;Beyond the Shared Convictions: The Work of the MWC Faith and Life Commission&nbsp;\u00bb (Au-del\u00e0 des convictions communes&nbsp;: le travail de la Commission Foi [&hellip;]","og_url":"https:\/\/mwc-cmm.org\/fr\/stories\/iron-sharpens-iron\/","og_site_name":"Mennonite World Conference","article_publisher":"https:\/\/www.facebook.com\/MennoniteWorldConference","article_published_time":"2015-07-25T05:52:06+00:00","article_modified_time":"2026-03-25T13:13:48+00:00","og_image":[{"width":2560,"height":2159,"url":"https:\/\/mwc-cmm.org\/wp-content\/uploads\/2026\/03\/DSC_0126-fg-scaled.jpg","type":"image\/jpeg"}],"author":"Karla Braun","schema":{"@context":"https:\/\/schema.org","@graph":[{"@type":"Article","@id":"https:\/\/mwc-cmm.org\/fr\/stories\/iron-sharpens-iron\/#article","isPartOf":{"@id":"https:\/\/mwc-cmm.org\/fr\/stories\/iron-sharpens-iron\/"},"author":{"name":"Karla Braun","@id":"https:\/\/mwc-cmm.org\/en\/#\/schema\/person\/9cb7cad70e3a0ac2b145c3441df0dc08"},"headline":"Le fer aiguise le fer","datePublished":"2015-07-25T05:52:06+00:00","dateModified":"2026-03-25T13:13:48+00:00","mainEntityOfPage":{"@id":"https:\/\/mwc-cmm.org\/fr\/stories\/iron-sharpens-iron\/"},"wordCount":537,"publisher":{"@id":"https:\/\/mwc-cmm.org\/en\/#organization"},"image":{"@id":"https:\/\/mwc-cmm.org\/fr\/stories\/iron-sharpens-iron\/#primaryimage"},"thumbnailUrl":"https:\/\/mwc-cmm.org\/wp-content\/uploads\/2026\/03\/DSC_0126-fg-scaled.jpg","keywords":["Alfred Neufeld","Alfred Neufeld","Assembl\u00e9e","Assembl\u00e9e","baptism","Commission Foi et Vie","ecumenical dialogue","Global Anabaptist Mennonite Encyclopedia Online","John D. Roth","Lutheran World Federation","PA2015","PA2015 workshops","paix","Pontifical Council for Promoting Christian Unity","Profil Anabaptiste Mondial","Seventh Day Adventist","shared convictions","tomigrate","workshop"],"articleSection":["tomigrate"],"inLanguage":"fr-FR"},{"@type":"WebPage","@id":"https:\/\/mwc-cmm.org\/fr\/stories\/iron-sharpens-iron\/","url":"https:\/\/mwc-cmm.org\/fr\/stories\/iron-sharpens-iron\/","name":"Le fer aiguise le fer - Mennonite World Conference","isPartOf":{"@id":"https:\/\/mwc-cmm.org\/en\/#website"},"primaryImageOfPage":{"@id":"https:\/\/mwc-cmm.org\/fr\/stories\/iron-sharpens-iron\/#primaryimage"},"image":{"@id":"https:\/\/mwc-cmm.org\/fr\/stories\/iron-sharpens-iron\/#primaryimage"},"thumbnailUrl":"https:\/\/mwc-cmm.org\/wp-content\/uploads\/2026\/03\/DSC_0126-fg-scaled.jpg","datePublished":"2015-07-25T05:52:06+00:00","dateModified":"2026-03-25T13:13:48+00:00","breadcrumb":{"@id":"https:\/\/mwc-cmm.org\/fr\/stories\/iron-sharpens-iron\/#breadcrumb"},"inLanguage":"fr-FR","potentialAction":[{"@type":"ReadAction","target":["https:\/\/mwc-cmm.org\/fr\/stories\/iron-sharpens-iron\/"]}]},{"@type":"ImageObject","inLanguage":"fr-FR","@id":"https:\/\/mwc-cmm.org\/fr\/stories\/iron-sharpens-iron\/#primaryimage","url":"https:\/\/mwc-cmm.org\/wp-content\/uploads\/2026\/03\/DSC_0126-fg-scaled.jpg","contentUrl":"https:\/\/mwc-cmm.org\/wp-content\/uploads\/2026\/03\/DSC_0126-fg-scaled.jpg","width":2560,"height":2159},{"@type":"BreadcrumbList","@id":"https:\/\/mwc-cmm.org\/fr\/stories\/iron-sharpens-iron\/#breadcrumb","itemListElement":[{"@type":"ListItem","position":1,"name":"Home","item":"https:\/\/mwc-cmm.org\/fr\/"},{"@type":"ListItem","position":2,"name":"Le fer aiguise le fer"}]},{"@type":"WebSite","@id":"https:\/\/mwc-cmm.org\/en\/#website","url":"https:\/\/mwc-cmm.org\/en\/","name":"Mennonite World Conference","description":"A communion of Anabaptist-related churches","publisher":{"@id":"https:\/\/mwc-cmm.org\/en\/#organization"},"alternateName":"MWC","potentialAction":[{"@type":"SearchAction","target":{"@type":"EntryPoint","urlTemplate":"https:\/\/mwc-cmm.org\/en\/?s={search_term_string}"},"query-input":{"@type":"PropertyValueSpecification","valueRequired":true,"valueName":"search_term_string"}}],"inLanguage":"fr-FR"},{"@type":"Organization","@id":"https:\/\/mwc-cmm.org\/en\/#organization","name":"Mennonite World Conference","alternateName":"MWC","url":"https:\/\/mwc-cmm.org\/en\/","logo":{"@type":"ImageObject","inLanguage":"fr-FR","@id":"https:\/\/mwc-cmm.org\/en\/#\/schema\/logo\/image\/","url":"https:\/\/mwc-cmm.org\/wp-content\/uploads\/2026\/01\/MWC_Sig_Blue_Horiz_webheader1-logo.svg","contentUrl":"https:\/\/mwc-cmm.org\/wp-content\/uploads\/2026\/01\/MWC_Sig_Blue_Horiz_webheader1-logo.svg","width":786,"height":82,"caption":"Mennonite World Conference"},"image":{"@id":"https:\/\/mwc-cmm.org\/en\/#\/schema\/logo\/image\/"},"sameAs":["https:\/\/www.facebook.com\/MennoniteWorldConference","https:\/\/www.linkedin.com\/company\/mennonite-world-conference-mwc\/","https:\/\/www.instagram.com\/mwcmm\/","https:\/\/www.youtube.com\/user\/mwccmm","https:\/\/bsky.app\/profile\/mwcmm.bsky.social"]},{"@type":"Person","@id":"https:\/\/mwc-cmm.org\/en\/#\/schema\/person\/9cb7cad70e3a0ac2b145c3441df0dc08","name":"Karla Braun","pronouns":"she\/her","image":{"@type":"ImageObject","inLanguage":"fr-FR","@id":"https:\/\/secure.gravatar.com\/avatar\/330c84143dc3a1bf6e7887f828baae23c874bf72d5eedb0461d88c0725087370?s=96&d=mm&r=g","url":"https:\/\/secure.gravatar.com\/avatar\/330c84143dc3a1bf6e7887f828baae23c874bf72d5eedb0461d88c0725087370?s=96&d=mm&r=g","contentUrl":"https:\/\/secure.gravatar.com\/avatar\/330c84143dc3a1bf6e7887f828baae23c874bf72d5eedb0461d88c0725087370?s=96&d=mm&r=g","caption":"Karla Braun"},"description":"Karla Braun serves as editor and website coordinator for MWC since 2015.","url":"https:\/\/mwc-cmm.org\/fr\/stories\/author\/karla\/"}]}},"_links":{"self":[{"href":"https:\/\/mwc-cmm.org\/fr\/wp-json\/wp\/v2\/posts\/126208","targetHints":{"allow":["GET"]}}],"collection":[{"href":"https:\/\/mwc-cmm.org\/fr\/wp-json\/wp\/v2\/posts"}],"about":[{"href":"https:\/\/mwc-cmm.org\/fr\/wp-json\/wp\/v2\/types\/post"}],"author":[{"embeddable":true,"href":"https:\/\/mwc-cmm.org\/fr\/wp-json\/wp\/v2\/users\/6"}],"replies":[{"embeddable":true,"href":"https:\/\/mwc-cmm.org\/fr\/wp-json\/wp\/v2\/comments?post=126208"}],"version-history":[{"count":0,"href":"https:\/\/mwc-cmm.org\/fr\/wp-json\/wp\/v2\/posts\/126208\/revisions"}],"wp:featuredmedia":[{"embeddable":true,"href":"https:\/\/mwc-cmm.org\/fr\/wp-json\/wp\/v2\/media\/126197"}],"wp:attachment":[{"href":"https:\/\/mwc-cmm.org\/fr\/wp-json\/wp\/v2\/media?parent=126208"}],"wp:term":[{"taxonomy":"category","embeddable":true,"href":"https:\/\/mwc-cmm.org\/fr\/wp-json\/wp\/v2\/categories?post=126208"},{"taxonomy":"post_tag","embeddable":true,"href":"https:\/\/mwc-cmm.org\/fr\/wp-json\/wp\/v2\/tags?post=126208"},{"taxonomy":"network","embeddable":true,"href":"https:\/\/mwc-cmm.org\/fr\/wp-json\/wp\/v2\/network?post=126208"},{"taxonomy":"eventcategory","embeddable":true,"href":"https:\/\/mwc-cmm.org\/fr\/wp-json\/wp\/v2\/eventcategory?post=126208"}],"curies":[{"name":"wp","href":"https:\/\/api.w.org\/{rel}","templated":true}]}}