{"id":126172,"date":"2015-07-25T14:09:22","date_gmt":"2015-07-25T14:09:22","guid":{"rendered":"https:\/\/mwc-cmm.org\/stories\/a-holy-moment\/"},"modified":"2026-03-25T13:13:47","modified_gmt":"2026-03-25T13:13:47","slug":"a-holy-moment","status":"publish","type":"post","link":"https:\/\/mwc-cmm.org\/fr\/stories\/a-holy-moment\/","title":{"rendered":"Une nature interd\u00e9pendante et communautaire"},"content":{"rendered":"\n<p><em>Des th\u00e9ologiens femmes de l\u2019Am\u00e9rique du Nord tiennent une r\u00e9union inaugurale<\/em><\/p>\n\n\n\n<figure class=\"wp-block-image alignright size-medium\"><img decoding=\"async\" width=\"300\" height=\"200\" data-src=\"https:\/\/mwc-cmm.org\/wp-content\/uploads\/2026\/03\/friendshipgroups3-300x200.jpg\" alt=\"\" class=\"wp-image-126161 lazyload\" data-srcset=\"https:\/\/mwc-cmm.org\/wp-content\/uploads\/2026\/03\/friendshipgroups3-300x200.jpg 300w, https:\/\/mwc-cmm.org\/wp-content\/uploads\/2026\/03\/friendshipgroups3-768x512.jpg 768w, https:\/\/mwc-cmm.org\/wp-content\/uploads\/2026\/03\/friendshipgroups3.jpg 1024w\" data-sizes=\"(max-width: 300px) 100vw, 300px\" src=\"data:image\/svg+xml;base64,PHN2ZyB3aWR0aD0iMSIgaGVpZ2h0PSIxIiB4bWxucz0iaHR0cDovL3d3dy53My5vcmcvMjAwMC9zdmciPjwvc3ZnPg==\" style=\"--smush-placeholder-width: 300px; --smush-placeholder-aspect-ratio: 300\/200;\" \/><\/figure>\n\n\n\n<p>Par Harriet Sider Bicksler<\/p>\n\n\n\n<p>A l\u2019exemple de leurs soeurs de l\u2019Afrique et de l\u2019Am\u00e9rique latine qui ont d\u00e9j\u00e0 des r\u00e9seaux bien-d\u00e9velopp\u00e9s de th\u00e9ologiens femmes, une cinquantaine de th\u00e9ologiens femmes de l\u2019Am\u00e9rique du Nord se sont r\u00e9unies pour la premi\u00e8re fois le 22 juillet 2015 au complexe d\u2019Exposition Agricole \u00e0 Harrisburg, Pennsylvania.<\/p>\n\n\n\n<p>Elizabeth Soto, qui est \u00e0 l\u2019origine de la r\u00e9union, est l\u2019ancienne mod\u00e9ratrice de Mennonite Church USA (l\u2019\u00c9glise Mennonite des Etats-Unis), et s\u2019implique dans le r\u00e9seau des th\u00e9ologiens femmes de l\u2019Am\u00e9rique Latine. Linda Gehman Peachy et Michelle Armster, \u00e9galement de Mennonite Church USA, et Mary Anne Isaak, pasteur de River East Mennonite Brethren Church (\u00c9glise des Fr\u00e8res Mennonite de River East), Winnipeg, Canada, ont conduit la r\u00e9union.<\/p>\n\n\n\n<p>L\u2019assistance diversifi\u00e9e de femmes se sont pr\u00e9sent\u00e9s. Parmi les raisons pour leur pr\u00e9sence elles ont cit\u00e9 l\u2019importance d\u2019avoir une voix collective; le d\u00e9sire d\u2019entendre les r\u00e9flexions d\u2019autres femmes; la recherche d\u2019une communaut\u00e9 sacr\u00e9e; la conviction que sans la voix des femmes la th\u00e9ologie n\u2019est pas compl\u00e8te et le d\u00e9sire d\u2019avoir des liens avec d\u2019autres femmes.<\/p>\n\n\n\n<p>Audrey Kanagy, pasteur \u00e0 Lancaster, Pennsylvania, a pr\u00e9sent\u00e9 un projet d\u2019art. Elle a invit\u00e9 des femmes de prendre part \u00e0 tout moment pendant le rassemblement.<\/p>\n\n\n\n<p>Le projet de d\u00e9coupage appel\u00e9 \u201c<em>Women in Conversation<\/em>\u201d (les femmes en conversation) est de nature interd\u00e9pendante et communautaire a dit Kanagy. Les contributrices participent \u00e0 un processus o\u00f9 il n\u2019y a pas de r\u00e9ponse juste et o\u00f9 le produit fini est sans importance.<\/p>\n\n\n\n<p>Les femmes se sont s\u00e9par\u00e9es en petits groupes pour discuter des th\u00e8mes tels que leurs compr\u00e9hensions bibliques, la mobilisation des jeunes, la sexualit\u00e9, l\u2019\u00e9glise mondiale et le leadership des femmes.<\/p>\n\n\n\n<p>En pr\u00e9paration pour une prochaine r\u00e9union conjointe avec les autres groupes continentaux de th\u00e9ologiens femmes, l\u2019assistance a lanc\u00e9 des id\u00e9es pour des activit\u00e9s possibles d\u2019un Reseau Mondial de Femmes, et a consid\u00e9r\u00e9 ce qu\u2019un tel r\u00e9seau pourrait offrir et demander de la Conf\u00e9rence Mennonite Mondial.<\/p>\n\n\n\n<p>La r\u00e9union du R\u00e9seau Mondial aura lieu le 24 juillet 2015, 13H30 \u00e0 17H00, dans la salle Delaware. (Directions: de l\u2019entr\u00e9e \u00e0 la rue Cameron, suivez des panneaux \u00e0 H (hall principal); traversez le hall principal jusqu\u2019\u00e0 l\u2019entr\u00e9e, tournez \u00e0 gauche et montez l\u2019escalier. La salle Delaware est derri\u00e8re la salle Susquehanna, accessible par un couloir \u00e0 gauche.)<\/p>\n\n\n\n<p><em>Harriet Sider Bicksler est auteur et r\u00e9dactrice \u00e0 la retraite. Elle sert en tant que r\u00e9dactrice du Brethren in Christ Historical Society (Soci\u00e9t\u00e9 Historique de l\u2019\u00c9glise des Fr\u00e8res en Christ) pr\u00e9s de Harrisburg.<\/em><\/p>\n","protected":false},"excerpt":{"rendered":"<p>Des th\u00e9ologiens femmes de l\u2019Am\u00e9rique du Nord tiennent une r\u00e9union inaugurale Par Harriet Sider Bicksler A l\u2019exemple de leurs soeurs de l\u2019Afrique et de l\u2019Am\u00e9rique latine qui ont d\u00e9j\u00e0 des r\u00e9seaux bien-d\u00e9velopp\u00e9s de th\u00e9ologiens femmes, une cinquantaine de th\u00e9ologiens femmes de l\u2019Am\u00e9rique du Nord se sont r\u00e9unies pour la premi\u00e8re fois le 22 juillet 2015 [&hellip;]<\/p>\n","protected":false},"author":6,"featured_media":126161,"comment_status":"closed","ping_status":"closed","sticky":false,"template":"","format":"standard","meta":{"_acf_changed":false,"footnotes":""},"categories":[1890],"tags":[1553,2090,2109,2093,1178,2307,2110,1046,1893,1903,1895,1906,1931],"network":[],"eventcategory":[1494],"class_list":["post-126172","post","type-post","status-publish","format-standard","has-post-thumbnail","hentry","category-tomigrate","tag-assemblee-2","tag-assemblee","tag-coot-winkler-prins","tag-elie-soto","tag-europe-fr","tag-global-womens-network-2","tag-ordination","tag-pa-2015-fr","tag-pa2015","tag-pa2015-workshops","tag-tomigrate","tag-women-theologians","tag-workshop","eventcategory-assembly-fr"],"acf":[],"yoast_head":"<!-- This site is optimized with the Yoast SEO plugin v27.5 - https:\/\/yoast.com\/product\/yoast-seo-wordpress\/ -->\n<title>Une nature interd\u00e9pendante et communautaire - Mennonite World Conference<\/title>\n<meta name=\"robots\" content=\"index, follow, max-snippet:-1, max-image-preview:large, max-video-preview:-1\" \/>\n<link rel=\"canonical\" href=\"https:\/\/mwc-cmm.org\/fr\/stories\/a-holy-moment\/\" \/>\n<meta property=\"og:locale\" content=\"fr_FR\" \/>\n<meta property=\"og:type\" content=\"article\" \/>\n<meta property=\"og:title\" content=\"Une nature interd\u00e9pendante et communautaire - Mennonite World Conference\" \/>\n<meta property=\"og:description\" content=\"Des th\u00e9ologiens femmes de l\u2019Am\u00e9rique du Nord tiennent une r\u00e9union inaugurale Par Harriet Sider Bicksler A l\u2019exemple de leurs soeurs de l\u2019Afrique et de l\u2019Am\u00e9rique latine qui ont d\u00e9j\u00e0 des r\u00e9seaux bien-d\u00e9velopp\u00e9s de th\u00e9ologiens femmes, une cinquantaine de th\u00e9ologiens femmes de l\u2019Am\u00e9rique du Nord se sont r\u00e9unies pour la premi\u00e8re fois le 22 juillet 2015 [&hellip;]\" \/>\n<meta property=\"og:url\" content=\"https:\/\/mwc-cmm.org\/fr\/stories\/a-holy-moment\/\" \/>\n<meta property=\"og:site_name\" content=\"Mennonite World Conference\" \/>\n<meta property=\"article:publisher\" content=\"https:\/\/www.facebook.com\/MennoniteWorldConference\" \/>\n<meta property=\"article:published_time\" content=\"2015-07-25T14:09:22+00:00\" \/>\n<meta property=\"article:modified_time\" content=\"2026-03-25T13:13:47+00:00\" \/>\n<meta property=\"og:image\" content=\"https:\/\/mwc-cmm.org\/wp-content\/uploads\/2026\/03\/friendshipgroups3.jpg\" \/>\n\t<meta property=\"og:image:width\" content=\"1024\" \/>\n\t<meta property=\"og:image:height\" content=\"683\" \/>\n\t<meta property=\"og:image:type\" content=\"image\/jpeg\" \/>\n<meta name=\"author\" content=\"Karla Braun\" \/>\n<script type=\"application\/ld+json\" class=\"yoast-schema-graph\">{\"@context\":\"https:\\\/\\\/schema.org\",\"@graph\":[{\"@type\":\"Article\",\"@id\":\"https:\\\/\\\/mwc-cmm.org\\\/fr\\\/stories\\\/a-holy-moment\\\/#article\",\"isPartOf\":{\"@id\":\"https:\\\/\\\/mwc-cmm.org\\\/fr\\\/stories\\\/a-holy-moment\\\/\"},\"author\":{\"name\":\"Karla Braun\",\"@id\":\"https:\\\/\\\/mwc-cmm.org\\\/en\\\/#\\\/schema\\\/person\\\/9cb7cad70e3a0ac2b145c3441df0dc08\"},\"headline\":\"Une nature interd\u00e9pendante et communautaire\",\"datePublished\":\"2015-07-25T14:09:22+00:00\",\"dateModified\":\"2026-03-25T13:13:47+00:00\",\"mainEntityOfPage\":{\"@id\":\"https:\\\/\\\/mwc-cmm.org\\\/fr\\\/stories\\\/a-holy-moment\\\/\"},\"wordCount\":494,\"publisher\":{\"@id\":\"https:\\\/\\\/mwc-cmm.org\\\/en\\\/#organization\"},\"image\":{\"@id\":\"https:\\\/\\\/mwc-cmm.org\\\/fr\\\/stories\\\/a-holy-moment\\\/#primaryimage\"},\"thumbnailUrl\":\"https:\\\/\\\/mwc-cmm.org\\\/wp-content\\\/uploads\\\/2026\\\/03\\\/friendshipgroups3.jpg\",\"keywords\":[\"Assembl\u00e9e\",\"Assembl\u00e9e\",\"Coot Winkler Prins\",\"Elie Soto\",\"Europe\",\"Global Women's Network\",\"ordination\",\"PA 2015\",\"PA2015\",\"PA2015 workshops\",\"tomigrate\",\"women theologians\",\"workshop\"],\"articleSection\":[\"tomigrate\"],\"inLanguage\":\"fr-FR\"},{\"@type\":\"WebPage\",\"@id\":\"https:\\\/\\\/mwc-cmm.org\\\/fr\\\/stories\\\/a-holy-moment\\\/\",\"url\":\"https:\\\/\\\/mwc-cmm.org\\\/fr\\\/stories\\\/a-holy-moment\\\/\",\"name\":\"Une nature interd\u00e9pendante et communautaire - Mennonite World Conference\",\"isPartOf\":{\"@id\":\"https:\\\/\\\/mwc-cmm.org\\\/en\\\/#website\"},\"primaryImageOfPage\":{\"@id\":\"https:\\\/\\\/mwc-cmm.org\\\/fr\\\/stories\\\/a-holy-moment\\\/#primaryimage\"},\"image\":{\"@id\":\"https:\\\/\\\/mwc-cmm.org\\\/fr\\\/stories\\\/a-holy-moment\\\/#primaryimage\"},\"thumbnailUrl\":\"https:\\\/\\\/mwc-cmm.org\\\/wp-content\\\/uploads\\\/2026\\\/03\\\/friendshipgroups3.jpg\",\"datePublished\":\"2015-07-25T14:09:22+00:00\",\"dateModified\":\"2026-03-25T13:13:47+00:00\",\"breadcrumb\":{\"@id\":\"https:\\\/\\\/mwc-cmm.org\\\/fr\\\/stories\\\/a-holy-moment\\\/#breadcrumb\"},\"inLanguage\":\"fr-FR\",\"potentialAction\":[{\"@type\":\"ReadAction\",\"target\":[\"https:\\\/\\\/mwc-cmm.org\\\/fr\\\/stories\\\/a-holy-moment\\\/\"]}]},{\"@type\":\"ImageObject\",\"inLanguage\":\"fr-FR\",\"@id\":\"https:\\\/\\\/mwc-cmm.org\\\/fr\\\/stories\\\/a-holy-moment\\\/#primaryimage\",\"url\":\"https:\\\/\\\/mwc-cmm.org\\\/wp-content\\\/uploads\\\/2026\\\/03\\\/friendshipgroups3.jpg\",\"contentUrl\":\"https:\\\/\\\/mwc-cmm.org\\\/wp-content\\\/uploads\\\/2026\\\/03\\\/friendshipgroups3.jpg\",\"width\":1024,\"height\":683},{\"@type\":\"BreadcrumbList\",\"@id\":\"https:\\\/\\\/mwc-cmm.org\\\/fr\\\/stories\\\/a-holy-moment\\\/#breadcrumb\",\"itemListElement\":[{\"@type\":\"ListItem\",\"position\":1,\"name\":\"Home\",\"item\":\"https:\\\/\\\/mwc-cmm.org\\\/fr\\\/\"},{\"@type\":\"ListItem\",\"position\":2,\"name\":\"Une nature interd\u00e9pendante et communautaire\"}]},{\"@type\":\"WebSite\",\"@id\":\"https:\\\/\\\/mwc-cmm.org\\\/en\\\/#website\",\"url\":\"https:\\\/\\\/mwc-cmm.org\\\/en\\\/\",\"name\":\"Mennonite World Conference\",\"description\":\"A communion of Anabaptist-related churches\",\"publisher\":{\"@id\":\"https:\\\/\\\/mwc-cmm.org\\\/en\\\/#organization\"},\"alternateName\":\"MWC\",\"potentialAction\":[{\"@type\":\"SearchAction\",\"target\":{\"@type\":\"EntryPoint\",\"urlTemplate\":\"https:\\\/\\\/mwc-cmm.org\\\/en\\\/?s={search_term_string}\"},\"query-input\":{\"@type\":\"PropertyValueSpecification\",\"valueRequired\":true,\"valueName\":\"search_term_string\"}}],\"inLanguage\":\"fr-FR\"},{\"@type\":\"Organization\",\"@id\":\"https:\\\/\\\/mwc-cmm.org\\\/en\\\/#organization\",\"name\":\"Mennonite World Conference\",\"alternateName\":\"MWC\",\"url\":\"https:\\\/\\\/mwc-cmm.org\\\/en\\\/\",\"logo\":{\"@type\":\"ImageObject\",\"inLanguage\":\"fr-FR\",\"@id\":\"https:\\\/\\\/mwc-cmm.org\\\/en\\\/#\\\/schema\\\/logo\\\/image\\\/\",\"url\":\"https:\\\/\\\/mwc-cmm.org\\\/wp-content\\\/uploads\\\/2026\\\/01\\\/MWC_Sig_Blue_Horiz_webheader1-logo.svg\",\"contentUrl\":\"https:\\\/\\\/mwc-cmm.org\\\/wp-content\\\/uploads\\\/2026\\\/01\\\/MWC_Sig_Blue_Horiz_webheader1-logo.svg\",\"width\":786,\"height\":82,\"caption\":\"Mennonite World Conference\"},\"image\":{\"@id\":\"https:\\\/\\\/mwc-cmm.org\\\/en\\\/#\\\/schema\\\/logo\\\/image\\\/\"},\"sameAs\":[\"https:\\\/\\\/www.facebook.com\\\/MennoniteWorldConference\",\"https:\\\/\\\/www.linkedin.com\\\/company\\\/mennonite-world-conference-mwc\\\/\",\"https:\\\/\\\/www.instagram.com\\\/mwcmm\\\/\",\"https:\\\/\\\/www.youtube.com\\\/user\\\/mwccmm\",\"https:\\\/\\\/bsky.app\\\/profile\\\/mwcmm.bsky.social\"]},{\"@type\":\"Person\",\"@id\":\"https:\\\/\\\/mwc-cmm.org\\\/en\\\/#\\\/schema\\\/person\\\/9cb7cad70e3a0ac2b145c3441df0dc08\",\"name\":\"Karla Braun\",\"pronouns\":\"she\\\/her\",\"image\":{\"@type\":\"ImageObject\",\"inLanguage\":\"fr-FR\",\"@id\":\"https:\\\/\\\/secure.gravatar.com\\\/avatar\\\/330c84143dc3a1bf6e7887f828baae23c874bf72d5eedb0461d88c0725087370?s=96&d=mm&r=g\",\"url\":\"https:\\\/\\\/secure.gravatar.com\\\/avatar\\\/330c84143dc3a1bf6e7887f828baae23c874bf72d5eedb0461d88c0725087370?s=96&d=mm&r=g\",\"contentUrl\":\"https:\\\/\\\/secure.gravatar.com\\\/avatar\\\/330c84143dc3a1bf6e7887f828baae23c874bf72d5eedb0461d88c0725087370?s=96&d=mm&r=g\",\"caption\":\"Karla Braun\"},\"description\":\"Karla Braun serves as editor and website coordinator for MWC since 2015.\",\"url\":\"https:\\\/\\\/mwc-cmm.org\\\/fr\\\/stories\\\/author\\\/karla\\\/\"}]}<\/script>\n<!-- \/ Yoast SEO plugin. -->","yoast_head_json":{"title":"Une nature interd\u00e9pendante et communautaire - Mennonite World Conference","robots":{"index":"index","follow":"follow","max-snippet":"max-snippet:-1","max-image-preview":"max-image-preview:large","max-video-preview":"max-video-preview:-1"},"canonical":"https:\/\/mwc-cmm.org\/fr\/stories\/a-holy-moment\/","og_locale":"fr_FR","og_type":"article","og_title":"Une nature interd\u00e9pendante et communautaire - Mennonite World Conference","og_description":"Des th\u00e9ologiens femmes de l\u2019Am\u00e9rique du Nord tiennent une r\u00e9union inaugurale Par Harriet Sider Bicksler A l\u2019exemple de leurs soeurs de l\u2019Afrique et de l\u2019Am\u00e9rique latine qui ont d\u00e9j\u00e0 des r\u00e9seaux bien-d\u00e9velopp\u00e9s de th\u00e9ologiens femmes, une cinquantaine de th\u00e9ologiens femmes de l\u2019Am\u00e9rique du Nord se sont r\u00e9unies pour la premi\u00e8re fois le 22 juillet 2015 [&hellip;]","og_url":"https:\/\/mwc-cmm.org\/fr\/stories\/a-holy-moment\/","og_site_name":"Mennonite World Conference","article_publisher":"https:\/\/www.facebook.com\/MennoniteWorldConference","article_published_time":"2015-07-25T14:09:22+00:00","article_modified_time":"2026-03-25T13:13:47+00:00","og_image":[{"width":1024,"height":683,"url":"https:\/\/mwc-cmm.org\/wp-content\/uploads\/2026\/03\/friendshipgroups3.jpg","type":"image\/jpeg"}],"author":"Karla Braun","schema":{"@context":"https:\/\/schema.org","@graph":[{"@type":"Article","@id":"https:\/\/mwc-cmm.org\/fr\/stories\/a-holy-moment\/#article","isPartOf":{"@id":"https:\/\/mwc-cmm.org\/fr\/stories\/a-holy-moment\/"},"author":{"name":"Karla Braun","@id":"https:\/\/mwc-cmm.org\/en\/#\/schema\/person\/9cb7cad70e3a0ac2b145c3441df0dc08"},"headline":"Une nature interd\u00e9pendante et communautaire","datePublished":"2015-07-25T14:09:22+00:00","dateModified":"2026-03-25T13:13:47+00:00","mainEntityOfPage":{"@id":"https:\/\/mwc-cmm.org\/fr\/stories\/a-holy-moment\/"},"wordCount":494,"publisher":{"@id":"https:\/\/mwc-cmm.org\/en\/#organization"},"image":{"@id":"https:\/\/mwc-cmm.org\/fr\/stories\/a-holy-moment\/#primaryimage"},"thumbnailUrl":"https:\/\/mwc-cmm.org\/wp-content\/uploads\/2026\/03\/friendshipgroups3.jpg","keywords":["Assembl\u00e9e","Assembl\u00e9e","Coot Winkler Prins","Elie Soto","Europe","Global Women's Network","ordination","PA 2015","PA2015","PA2015 workshops","tomigrate","women theologians","workshop"],"articleSection":["tomigrate"],"inLanguage":"fr-FR"},{"@type":"WebPage","@id":"https:\/\/mwc-cmm.org\/fr\/stories\/a-holy-moment\/","url":"https:\/\/mwc-cmm.org\/fr\/stories\/a-holy-moment\/","name":"Une nature interd\u00e9pendante et communautaire - Mennonite World Conference","isPartOf":{"@id":"https:\/\/mwc-cmm.org\/en\/#website"},"primaryImageOfPage":{"@id":"https:\/\/mwc-cmm.org\/fr\/stories\/a-holy-moment\/#primaryimage"},"image":{"@id":"https:\/\/mwc-cmm.org\/fr\/stories\/a-holy-moment\/#primaryimage"},"thumbnailUrl":"https:\/\/mwc-cmm.org\/wp-content\/uploads\/2026\/03\/friendshipgroups3.jpg","datePublished":"2015-07-25T14:09:22+00:00","dateModified":"2026-03-25T13:13:47+00:00","breadcrumb":{"@id":"https:\/\/mwc-cmm.org\/fr\/stories\/a-holy-moment\/#breadcrumb"},"inLanguage":"fr-FR","potentialAction":[{"@type":"ReadAction","target":["https:\/\/mwc-cmm.org\/fr\/stories\/a-holy-moment\/"]}]},{"@type":"ImageObject","inLanguage":"fr-FR","@id":"https:\/\/mwc-cmm.org\/fr\/stories\/a-holy-moment\/#primaryimage","url":"https:\/\/mwc-cmm.org\/wp-content\/uploads\/2026\/03\/friendshipgroups3.jpg","contentUrl":"https:\/\/mwc-cmm.org\/wp-content\/uploads\/2026\/03\/friendshipgroups3.jpg","width":1024,"height":683},{"@type":"BreadcrumbList","@id":"https:\/\/mwc-cmm.org\/fr\/stories\/a-holy-moment\/#breadcrumb","itemListElement":[{"@type":"ListItem","position":1,"name":"Home","item":"https:\/\/mwc-cmm.org\/fr\/"},{"@type":"ListItem","position":2,"name":"Une nature interd\u00e9pendante et communautaire"}]},{"@type":"WebSite","@id":"https:\/\/mwc-cmm.org\/en\/#website","url":"https:\/\/mwc-cmm.org\/en\/","name":"Mennonite World Conference","description":"A communion of Anabaptist-related churches","publisher":{"@id":"https:\/\/mwc-cmm.org\/en\/#organization"},"alternateName":"MWC","potentialAction":[{"@type":"SearchAction","target":{"@type":"EntryPoint","urlTemplate":"https:\/\/mwc-cmm.org\/en\/?s={search_term_string}"},"query-input":{"@type":"PropertyValueSpecification","valueRequired":true,"valueName":"search_term_string"}}],"inLanguage":"fr-FR"},{"@type":"Organization","@id":"https:\/\/mwc-cmm.org\/en\/#organization","name":"Mennonite World Conference","alternateName":"MWC","url":"https:\/\/mwc-cmm.org\/en\/","logo":{"@type":"ImageObject","inLanguage":"fr-FR","@id":"https:\/\/mwc-cmm.org\/en\/#\/schema\/logo\/image\/","url":"https:\/\/mwc-cmm.org\/wp-content\/uploads\/2026\/01\/MWC_Sig_Blue_Horiz_webheader1-logo.svg","contentUrl":"https:\/\/mwc-cmm.org\/wp-content\/uploads\/2026\/01\/MWC_Sig_Blue_Horiz_webheader1-logo.svg","width":786,"height":82,"caption":"Mennonite World Conference"},"image":{"@id":"https:\/\/mwc-cmm.org\/en\/#\/schema\/logo\/image\/"},"sameAs":["https:\/\/www.facebook.com\/MennoniteWorldConference","https:\/\/www.linkedin.com\/company\/mennonite-world-conference-mwc\/","https:\/\/www.instagram.com\/mwcmm\/","https:\/\/www.youtube.com\/user\/mwccmm","https:\/\/bsky.app\/profile\/mwcmm.bsky.social"]},{"@type":"Person","@id":"https:\/\/mwc-cmm.org\/en\/#\/schema\/person\/9cb7cad70e3a0ac2b145c3441df0dc08","name":"Karla Braun","pronouns":"she\/her","image":{"@type":"ImageObject","inLanguage":"fr-FR","@id":"https:\/\/secure.gravatar.com\/avatar\/330c84143dc3a1bf6e7887f828baae23c874bf72d5eedb0461d88c0725087370?s=96&d=mm&r=g","url":"https:\/\/secure.gravatar.com\/avatar\/330c84143dc3a1bf6e7887f828baae23c874bf72d5eedb0461d88c0725087370?s=96&d=mm&r=g","contentUrl":"https:\/\/secure.gravatar.com\/avatar\/330c84143dc3a1bf6e7887f828baae23c874bf72d5eedb0461d88c0725087370?s=96&d=mm&r=g","caption":"Karla Braun"},"description":"Karla Braun serves as editor and website coordinator for MWC since 2015.","url":"https:\/\/mwc-cmm.org\/fr\/stories\/author\/karla\/"}]}},"_links":{"self":[{"href":"https:\/\/mwc-cmm.org\/fr\/wp-json\/wp\/v2\/posts\/126172","targetHints":{"allow":["GET"]}}],"collection":[{"href":"https:\/\/mwc-cmm.org\/fr\/wp-json\/wp\/v2\/posts"}],"about":[{"href":"https:\/\/mwc-cmm.org\/fr\/wp-json\/wp\/v2\/types\/post"}],"author":[{"embeddable":true,"href":"https:\/\/mwc-cmm.org\/fr\/wp-json\/wp\/v2\/users\/6"}],"replies":[{"embeddable":true,"href":"https:\/\/mwc-cmm.org\/fr\/wp-json\/wp\/v2\/comments?post=126172"}],"version-history":[{"count":0,"href":"https:\/\/mwc-cmm.org\/fr\/wp-json\/wp\/v2\/posts\/126172\/revisions"}],"wp:featuredmedia":[{"embeddable":true,"href":"https:\/\/mwc-cmm.org\/fr\/wp-json\/wp\/v2\/media\/126161"}],"wp:attachment":[{"href":"https:\/\/mwc-cmm.org\/fr\/wp-json\/wp\/v2\/media?parent=126172"}],"wp:term":[{"taxonomy":"category","embeddable":true,"href":"https:\/\/mwc-cmm.org\/fr\/wp-json\/wp\/v2\/categories?post=126172"},{"taxonomy":"post_tag","embeddable":true,"href":"https:\/\/mwc-cmm.org\/fr\/wp-json\/wp\/v2\/tags?post=126172"},{"taxonomy":"network","embeddable":true,"href":"https:\/\/mwc-cmm.org\/fr\/wp-json\/wp\/v2\/network?post=126172"},{"taxonomy":"eventcategory","embeddable":true,"href":"https:\/\/mwc-cmm.org\/fr\/wp-json\/wp\/v2\/eventcategory?post=126172"}],"curies":[{"name":"wp","href":"https:\/\/api.w.org\/{rel}","templated":true}]}}