{"id":125944,"date":"2015-08-08T15:03:32","date_gmt":"2015-08-08T15:03:32","guid":{"rendered":"https:\/\/mwc-cmm.org\/stories\/an-agricultural-host-for-a-pastoral-people\/"},"modified":"2026-03-25T13:12:16","modified_gmt":"2026-03-25T13:12:16","slug":"an-agricultural-host-for-a-pastoral-people","status":"publish","type":"post","link":"https:\/\/mwc-cmm.org\/fr\/stories\/an-agricultural-host-for-a-pastoral-people\/","title":{"rendered":"Un h\u00f4te agricole pour une assembl\u00e9e mondiale"},"content":{"rendered":"\n<p><em>Le Rassemblement a lieu au Champ de Foire de la Pennsylvanie <\/em><\/p>\n\n\n\n<p>Par Devin Manzullo-Thomas<\/p>\n\n\n\n<figure class=\"wp-block-image alignright size-medium\"><img decoding=\"async\" width=\"300\" height=\"200\" data-src=\"https:\/\/mwc-cmm.org\/wp-content\/uploads\/2015\/08\/MWC-FSCfullhall-300x200.jpg\" alt=\"\" class=\"wp-image-125919 lazyload\" data-srcset=\"https:\/\/mwc-cmm.org\/wp-content\/uploads\/2015\/08\/MWC-FSCfullhall-300x200.jpg 300w, https:\/\/mwc-cmm.org\/wp-content\/uploads\/2015\/08\/MWC-FSCfullhall-768x512.jpg 768w, https:\/\/mwc-cmm.org\/wp-content\/uploads\/2015\/08\/MWC-FSCfullhall.jpg 1024w\" data-sizes=\"(max-width: 300px) 100vw, 300px\" src=\"data:image\/svg+xml;base64,PHN2ZyB3aWR0aD0iMSIgaGVpZ2h0PSIxIiB4bWxucz0iaHR0cDovL3d3dy53My5vcmcvMjAwMC9zdmciPjwvc3ZnPg==\" style=\"--smush-placeholder-width: 300px; --smush-placeholder-aspect-ratio: 300\/200;\" \/><\/figure>\n\n\n\n<p>Harrisburg, Pennsylvanie (\u00c9.-U.) \u2013 Est-ce que les participants de Pennsylvania 2015 accepteront \u00ab&nbsp;une odeur de ferme&nbsp;\u00bb dans leur salle de rencontre?<\/p>\n\n\n\n<p>C\u2019est seulement une des nombreuses questions que le coordonnateur national de PA 2015, Howard Good des \u00c9tats-Unis, s\u2019est pos\u00e9e quand lui et son \u00e9quipe ont consid\u00e9r\u00e9 le Champ de Foire de la Pennsylvanie \u00e0 Harrisburg comme le site potentiel du prochain Rassemblement de la Conf\u00e9rence Mennonite Mondiale.<\/p>\n\n\n\n<p>Apr\u00e8s avoir examin\u00e9 une \u00e9tude de faisabilit\u00e9 approfondie, le Comit\u00e9 Ex\u00e9cutif de la CMM a choisi en mai 2011 de tenir le 16<sup>e<\/sup> Rassemblement aux \u00c9tats-Unis, plus pr\u00e9cis\u00e9ment au Champ de Foire de la Pennsylvanie. Le site, construit dans les ann\u00e9es 1930, a \u00e9t\u00e9 cr\u00e9\u00e9 pour des expositions agricoles.<\/p>\n\n\n\n<p>Tenir une conf\u00e9rence d\u2019\u00e9glise dans des b\u00e2timents connus pour accueillir des \u00e9v\u00e9nements agricoles comportait son lot de d\u00e9fis.<\/p>\n\n\n\n<p>Mais le complexe semblait \u00eatre un bon endroit pour tenir PA 2015, compte tenu que les mennonites \u00ab&nbsp;sont connus pour \u00eatre de bons agriculteurs&nbsp;\u00bb, dit Liesa Unger de l\u2019Allemagne, responsable des \u00e9v\u00e9nements internationaux de la CMM.<\/p>\n\n\n\n<p>Le coordonnateur national, Howard Good, et d\u2019autres organisateurs sont heureux du choix. De plus, la d\u00e9cision a \u00e9t\u00e9 b\u00e9n\u00e9fique pour les administrateurs et le personnel du Champ de Foire.<\/p>\n\n\n\n<figure class=\"wp-block-image alignleft size-medium\"><img decoding=\"async\" width=\"300\" height=\"200\" data-src=\"https:\/\/mwc-cmm.org\/wp-content\/uploads\/2015\/08\/MWC-dining-300x200.jpg\" alt=\"\" class=\"wp-image-125905 lazyload\" data-srcset=\"https:\/\/mwc-cmm.org\/wp-content\/uploads\/2015\/08\/MWC-dining-300x200.jpg 300w, https:\/\/mwc-cmm.org\/wp-content\/uploads\/2015\/08\/MWC-dining-768x512.jpg 768w, https:\/\/mwc-cmm.org\/wp-content\/uploads\/2015\/08\/MWC-dining.jpg 1024w\" data-sizes=\"(max-width: 300px) 100vw, 300px\" src=\"data:image\/svg+xml;base64,PHN2ZyB3aWR0aD0iMSIgaGVpZ2h0PSIxIiB4bWxucz0iaHR0cDovL3d3dy53My5vcmcvMjAwMC9zdmciPjwvc3ZnPg==\" style=\"--smush-placeholder-width: 300px; --smush-placeholder-aspect-ratio: 300\/200;\" \/><\/figure>\n\n\n\n<p>Le Champ de Foire accueille habituellement des \u00e9v\u00e9nements qui attirent une grande foule. (On attend 170&nbsp;000 personnes au grand salon am\u00e9ricain du plein-air). Mais avec un groupe de 7&nbsp;500 participants repr\u00e9sentant 65 pays, PA 2015 est \u00ab&nbsp; beaucoup plus important que tous les autres \u00e9v\u00e9nements que nous avons eu \u00e0 l\u2019\u00e9chelle internationale&nbsp;\u00bb, dit Sharon Atland, directrice g\u00e9n\u00e9rale du Complexe du Champ de Foire (CCF).<\/p>\n\n\n\n<p>De plus, la d\u00e9cision de faire de PA 2015 un \u00e9v\u00e9nement \u00ab&nbsp;vert&nbsp;\u00bb a cr\u00e9\u00e9 un pr\u00e9c\u00e9dent pour le Complexe du Champ de Foire. Le CCF a fait des efforts de gestion \u00e9coresponsable de moindre envergure dans le pass\u00e9, comme l\u2019installation d\u2019un moulin \u00e0 vent et de conteneurs \u00e0 recyclage autour de ses b\u00e2timents, dit Sharon Atland.<\/p>\n\n\n\n<p>\u00ab&nbsp;[Mais PA 2015 est] le premier \u00e9v\u00e9nement o\u00f9 quelqu\u2019un est venu nous dire \u201cnous aimerions avoir la plus petite empreinte \u00e9cologique possible\u201d&nbsp;\u00bb, dit elle.<\/p>\n\n\n\n<figure class=\"wp-block-image alignright size-medium\"><img decoding=\"async\" width=\"300\" height=\"200\" data-src=\"https:\/\/mwc-cmm.org\/wp-content\/uploads\/2015\/08\/MWC-howardgoodbell-300x200.jpg\" alt=\"\" class=\"wp-image-125933 lazyload\" data-srcset=\"https:\/\/mwc-cmm.org\/wp-content\/uploads\/2015\/08\/MWC-howardgoodbell-300x200.jpg 300w, https:\/\/mwc-cmm.org\/wp-content\/uploads\/2015\/08\/MWC-howardgoodbell-768x512.jpg 768w, https:\/\/mwc-cmm.org\/wp-content\/uploads\/2015\/08\/MWC-howardgoodbell.jpg 1024w\" data-sizes=\"(max-width: 300px) 100vw, 300px\" src=\"data:image\/svg+xml;base64,PHN2ZyB3aWR0aD0iMSIgaGVpZ2h0PSIxIiB4bWxucz0iaHR0cDovL3d3dy53My5vcmcvMjAwMC9zdmciPjwvc3ZnPg==\" style=\"--smush-placeholder-width: 300px; --smush-placeholder-aspect-ratio: 300\/200;\" \/><\/figure>\n\n\n\n<p>Hannah Smith-Brubaker, secr\u00e9taire adjointe au minist\u00e8re de l\u2019Agriculture en Pennsylvanie, a exprim\u00e9 son appr\u00e9ciation aux participants du Rassemblement le 23 juillet 2015 \u00ab&nbsp;pour votre engagement \u00e0 faire preuve d\u2019une bonne intendance mennonite\u2026 et \u00e0 r\u00e9duire les d\u00e9chets alimentaires.&nbsp;\u00bb<\/p>\n\n\n\n<p>\u00ab&nbsp;Nous nous engageons \u00e0 transmettre ce message en suivant votre exemple et \u00e0 nous am\u00e9liorer nous-m\u00eames \u2026 en r\u00e9duisant les d\u00e9chets alimentaires dans nos installations,&nbsp;\u00bb dit Hannah Smith-Brubaker.<\/p>\n\n\n\n<p>Ce fut un \u00e9v\u00e9nement diff\u00e9rent en tous points pour le Champ de Foire. Jimmie Carter, un employ\u00e9 \u00e0 un des stands de nourriture \u00e0 l\u2019ext\u00e9rieur du grand amphith\u00e9\u00e2tre, fait remarquer que PA 2015 les a tenus moins occup\u00e9s que les expositions agricoles quand des files d\u2019attente de clients affam\u00e9s s\u2019\u00e9tirent jusqu\u2019au milieu de la salle.<\/p>\n\n\n\n<p>Il est content d\u2019avoir travaill\u00e9 pour cet \u00e9v\u00e9nement. \u00ab&nbsp;Nous avons appr\u00e9ci\u00e9 la musique&nbsp;\u00bb, dit-il \u00e0 propos de l\u2019ensemble musical international qui dirigeait les cultes pendant les s\u00e9ances pl\u00e9ni\u00e8res du matin et du soir. \u00ab&nbsp;Ne changez jamais cette musique!&nbsp;\u00bb<\/p>\n\n\n\n<p><em>Devin Manzullo-Thomas est r\u00e9dacteur de <\/em>Courier\/Correo\/Courrier, <em>la publication de la Conf\u00e9rence Mennonite Mondiale.<\/em><\/p>\n","protected":false},"excerpt":{"rendered":"<p>Le Rassemblement a lieu au Champ de Foire de la Pennsylvanie Par Devin Manzullo-Thomas Harrisburg, Pennsylvanie (\u00c9.-U.) \u2013 Est-ce que les participants de Pennsylvania 2015 accepteront \u00ab&nbsp;une odeur de ferme&nbsp;\u00bb dans leur salle de rencontre? C\u2019est seulement une des nombreuses questions que le coordonnateur national de PA 2015, Howard Good des \u00c9tats-Unis, s\u2019est pos\u00e9e quand [&hellip;]<\/p>\n","protected":false},"author":6,"featured_media":125919,"comment_status":"closed","ping_status":"closed","sticky":false,"template":"","format":"standard","meta":{"_acf_changed":false,"footnotes":""},"categories":[7,1890],"tags":[1553,2090,2054,2055,2056,2057,2058,1046,1893,2059,1895,2060],"network":[],"eventcategory":[299],"class_list":["post-125944","post","type-post","status-publish","format-standard","has-post-thumbnail","hentry","category-non-classifiee","category-tomigrate","tag-assemblee-2","tag-assemblee","tag-devin-manzullo-thomas","tag-farm-show-complex","tag-green-event","tag-hannah-smith-brubaker","tag-howard-good","tag-pa-2015-fr","tag-pa2015","tag-stewardship","tag-tomigrate","tag-venue-logistics","eventcategory-assembly"],"acf":[],"yoast_head":"<!-- This site is optimized with the Yoast SEO plugin v27.2 - https:\/\/yoast.com\/product\/yoast-seo-wordpress\/ -->\n<title>Un h\u00f4te agricole pour une assembl\u00e9e mondiale - Mennonite World Conference<\/title>\n<meta name=\"robots\" content=\"index, follow, max-snippet:-1, max-image-preview:large, max-video-preview:-1\" \/>\n<link rel=\"canonical\" href=\"https:\/\/mwc-cmm.org\/fr\/stories\/an-agricultural-host-for-a-pastoral-people\/\" \/>\n<meta property=\"og:locale\" content=\"fr_FR\" \/>\n<meta property=\"og:type\" content=\"article\" \/>\n<meta property=\"og:title\" content=\"Un h\u00f4te agricole pour une assembl\u00e9e mondiale - Mennonite World Conference\" \/>\n<meta property=\"og:description\" content=\"Le Rassemblement a lieu au Champ de Foire de la Pennsylvanie Par Devin Manzullo-Thomas Harrisburg, Pennsylvanie (\u00c9.-U.) \u2013 Est-ce que les participants de Pennsylvania 2015 accepteront \u00ab&nbsp;une odeur de ferme&nbsp;\u00bb dans leur salle de rencontre? C\u2019est seulement une des nombreuses questions que le coordonnateur national de PA 2015, Howard Good des \u00c9tats-Unis, s\u2019est pos\u00e9e quand [&hellip;]\" \/>\n<meta property=\"og:url\" content=\"https:\/\/mwc-cmm.org\/fr\/stories\/an-agricultural-host-for-a-pastoral-people\/\" \/>\n<meta property=\"og:site_name\" content=\"Mennonite World Conference\" \/>\n<meta property=\"article:publisher\" content=\"https:\/\/www.facebook.com\/MennoniteWorldConference\" \/>\n<meta property=\"article:published_time\" content=\"2015-08-08T15:03:32+00:00\" \/>\n<meta property=\"article:modified_time\" content=\"2026-03-25T13:12:16+00:00\" \/>\n<meta property=\"og:image\" content=\"https:\/\/mwc-cmm.org\/wp-content\/uploads\/2015\/08\/MWC-FSCfullhall.jpg\" \/>\n\t<meta property=\"og:image:width\" content=\"1024\" \/>\n\t<meta property=\"og:image:height\" content=\"683\" \/>\n\t<meta property=\"og:image:type\" content=\"image\/jpeg\" \/>\n<meta name=\"author\" content=\"Karla Braun\" \/>\n<script type=\"application\/ld+json\" class=\"yoast-schema-graph\">{\"@context\":\"https:\/\/schema.org\",\"@graph\":[{\"@type\":\"Article\",\"@id\":\"https:\/\/mwc-cmm.org\/fr\/stories\/an-agricultural-host-for-a-pastoral-people\/#article\",\"isPartOf\":{\"@id\":\"https:\/\/mwc-cmm.org\/fr\/stories\/an-agricultural-host-for-a-pastoral-people\/\"},\"author\":{\"name\":\"Karla Braun\",\"@id\":\"https:\/\/mwc-cmm.org\/en\/#\/schema\/person\/9cb7cad70e3a0ac2b145c3441df0dc08\"},\"headline\":\"Un h\u00f4te agricole pour une assembl\u00e9e mondiale\",\"datePublished\":\"2015-08-08T15:03:32+00:00\",\"dateModified\":\"2026-03-25T13:12:16+00:00\",\"mainEntityOfPage\":{\"@id\":\"https:\/\/mwc-cmm.org\/fr\/stories\/an-agricultural-host-for-a-pastoral-people\/\"},\"wordCount\":600,\"publisher\":{\"@id\":\"https:\/\/mwc-cmm.org\/en\/#organization\"},\"image\":{\"@id\":\"https:\/\/mwc-cmm.org\/fr\/stories\/an-agricultural-host-for-a-pastoral-people\/#primaryimage\"},\"thumbnailUrl\":\"https:\/\/mwc-cmm.org\/wp-content\/uploads\/2015\/08\/MWC-FSCfullhall.jpg\",\"keywords\":[\"Assembl\u00e9e\",\"Assembl\u00e9e\",\"Devin Manzullo-Thomas\",\"Farm Show Complex\",\"green event\",\"Hannah Smith-Brubaker\",\"Howard Good\",\"PA 2015\",\"PA2015\",\"stewardship\",\"tomigrate\",\"venue &amp; logistics\"],\"articleSection\":[\"Non classifi\u00e9(e)\",\"tomigrate\"],\"inLanguage\":\"fr-FR\"},{\"@type\":\"WebPage\",\"@id\":\"https:\/\/mwc-cmm.org\/fr\/stories\/an-agricultural-host-for-a-pastoral-people\/\",\"url\":\"https:\/\/mwc-cmm.org\/fr\/stories\/an-agricultural-host-for-a-pastoral-people\/\",\"name\":\"Un h\u00f4te agricole pour une assembl\u00e9e mondiale - Mennonite World Conference\",\"isPartOf\":{\"@id\":\"https:\/\/mwc-cmm.org\/en\/#website\"},\"primaryImageOfPage\":{\"@id\":\"https:\/\/mwc-cmm.org\/fr\/stories\/an-agricultural-host-for-a-pastoral-people\/#primaryimage\"},\"image\":{\"@id\":\"https:\/\/mwc-cmm.org\/fr\/stories\/an-agricultural-host-for-a-pastoral-people\/#primaryimage\"},\"thumbnailUrl\":\"https:\/\/mwc-cmm.org\/wp-content\/uploads\/2015\/08\/MWC-FSCfullhall.jpg\",\"datePublished\":\"2015-08-08T15:03:32+00:00\",\"dateModified\":\"2026-03-25T13:12:16+00:00\",\"breadcrumb\":{\"@id\":\"https:\/\/mwc-cmm.org\/fr\/stories\/an-agricultural-host-for-a-pastoral-people\/#breadcrumb\"},\"inLanguage\":\"fr-FR\",\"potentialAction\":[{\"@type\":\"ReadAction\",\"target\":[\"https:\/\/mwc-cmm.org\/fr\/stories\/an-agricultural-host-for-a-pastoral-people\/\"]}]},{\"@type\":\"ImageObject\",\"inLanguage\":\"fr-FR\",\"@id\":\"https:\/\/mwc-cmm.org\/fr\/stories\/an-agricultural-host-for-a-pastoral-people\/#primaryimage\",\"url\":\"https:\/\/mwc-cmm.org\/wp-content\/uploads\/2015\/08\/MWC-FSCfullhall.jpg\",\"contentUrl\":\"https:\/\/mwc-cmm.org\/wp-content\/uploads\/2015\/08\/MWC-FSCfullhall.jpg\",\"width\":1024,\"height\":683},{\"@type\":\"BreadcrumbList\",\"@id\":\"https:\/\/mwc-cmm.org\/fr\/stories\/an-agricultural-host-for-a-pastoral-people\/#breadcrumb\",\"itemListElement\":[{\"@type\":\"ListItem\",\"position\":1,\"name\":\"Home\",\"item\":\"https:\/\/mwc-cmm.org\/fr\/\"},{\"@type\":\"ListItem\",\"position\":2,\"name\":\"Un h\u00f4te agricole pour une assembl\u00e9e mondiale\"}]},{\"@type\":\"WebSite\",\"@id\":\"https:\/\/mwc-cmm.org\/en\/#website\",\"url\":\"https:\/\/mwc-cmm.org\/en\/\",\"name\":\"Mennonite World Conference\",\"description\":\"A communion of Anabaptist-related churches\",\"publisher\":{\"@id\":\"https:\/\/mwc-cmm.org\/en\/#organization\"},\"alternateName\":\"MWC\",\"potentialAction\":[{\"@type\":\"SearchAction\",\"target\":{\"@type\":\"EntryPoint\",\"urlTemplate\":\"https:\/\/mwc-cmm.org\/en\/?s={search_term_string}\"},\"query-input\":{\"@type\":\"PropertyValueSpecification\",\"valueRequired\":true,\"valueName\":\"search_term_string\"}}],\"inLanguage\":\"fr-FR\"},{\"@type\":\"Organization\",\"@id\":\"https:\/\/mwc-cmm.org\/en\/#organization\",\"name\":\"Mennonite World Conference\",\"alternateName\":\"MWC\",\"url\":\"https:\/\/mwc-cmm.org\/en\/\",\"logo\":{\"@type\":\"ImageObject\",\"inLanguage\":\"fr-FR\",\"@id\":\"https:\/\/mwc-cmm.org\/en\/#\/schema\/logo\/image\/\",\"url\":\"https:\/\/mwc-cmm.org\/wp-content\/uploads\/2026\/01\/MWC_Sig_Blue_Horiz_webheader1-logo.svg\",\"contentUrl\":\"https:\/\/mwc-cmm.org\/wp-content\/uploads\/2026\/01\/MWC_Sig_Blue_Horiz_webheader1-logo.svg\",\"width\":786,\"height\":82,\"caption\":\"Mennonite World Conference\"},\"image\":{\"@id\":\"https:\/\/mwc-cmm.org\/en\/#\/schema\/logo\/image\/\"},\"sameAs\":[\"https:\/\/www.facebook.com\/MennoniteWorldConference\",\"https:\/\/www.linkedin.com\/company\/mennonite-world-conference-mwc\/\",\"https:\/\/www.instagram.com\/mwcmm\/\",\"https:\/\/www.youtube.com\/user\/mwccmm\",\"https:\/\/bsky.app\/profile\/mwcmm.bsky.social\"]},{\"@type\":\"Person\",\"@id\":\"https:\/\/mwc-cmm.org\/en\/#\/schema\/person\/9cb7cad70e3a0ac2b145c3441df0dc08\",\"name\":\"Karla Braun\",\"pronouns\":\"she\/her\",\"image\":{\"@type\":\"ImageObject\",\"inLanguage\":\"fr-FR\",\"@id\":\"https:\/\/secure.gravatar.com\/avatar\/330c84143dc3a1bf6e7887f828baae23c874bf72d5eedb0461d88c0725087370?s=96&d=mm&r=g\",\"url\":\"https:\/\/secure.gravatar.com\/avatar\/330c84143dc3a1bf6e7887f828baae23c874bf72d5eedb0461d88c0725087370?s=96&d=mm&r=g\",\"contentUrl\":\"https:\/\/secure.gravatar.com\/avatar\/330c84143dc3a1bf6e7887f828baae23c874bf72d5eedb0461d88c0725087370?s=96&d=mm&r=g\",\"caption\":\"Karla Braun\"},\"description\":\"Karla Braun serves as editor and website coordinator for MWC since 2015.\",\"url\":\"https:\/\/mwc-cmm.org\/fr\/stories\/author\/karla\/\"}]}<\/script>\n<!-- \/ Yoast SEO plugin. -->","yoast_head_json":{"title":"Un h\u00f4te agricole pour une assembl\u00e9e mondiale - Mennonite World Conference","robots":{"index":"index","follow":"follow","max-snippet":"max-snippet:-1","max-image-preview":"max-image-preview:large","max-video-preview":"max-video-preview:-1"},"canonical":"https:\/\/mwc-cmm.org\/fr\/stories\/an-agricultural-host-for-a-pastoral-people\/","og_locale":"fr_FR","og_type":"article","og_title":"Un h\u00f4te agricole pour une assembl\u00e9e mondiale - Mennonite World Conference","og_description":"Le Rassemblement a lieu au Champ de Foire de la Pennsylvanie Par Devin Manzullo-Thomas Harrisburg, Pennsylvanie (\u00c9.-U.) \u2013 Est-ce que les participants de Pennsylvania 2015 accepteront \u00ab&nbsp;une odeur de ferme&nbsp;\u00bb dans leur salle de rencontre? C\u2019est seulement une des nombreuses questions que le coordonnateur national de PA 2015, Howard Good des \u00c9tats-Unis, s\u2019est pos\u00e9e quand [&hellip;]","og_url":"https:\/\/mwc-cmm.org\/fr\/stories\/an-agricultural-host-for-a-pastoral-people\/","og_site_name":"Mennonite World Conference","article_publisher":"https:\/\/www.facebook.com\/MennoniteWorldConference","article_published_time":"2015-08-08T15:03:32+00:00","article_modified_time":"2026-03-25T13:12:16+00:00","og_image":[{"width":1024,"height":683,"url":"https:\/\/mwc-cmm.org\/wp-content\/uploads\/2015\/08\/MWC-FSCfullhall.jpg","type":"image\/jpeg"}],"author":"Karla Braun","schema":{"@context":"https:\/\/schema.org","@graph":[{"@type":"Article","@id":"https:\/\/mwc-cmm.org\/fr\/stories\/an-agricultural-host-for-a-pastoral-people\/#article","isPartOf":{"@id":"https:\/\/mwc-cmm.org\/fr\/stories\/an-agricultural-host-for-a-pastoral-people\/"},"author":{"name":"Karla Braun","@id":"https:\/\/mwc-cmm.org\/en\/#\/schema\/person\/9cb7cad70e3a0ac2b145c3441df0dc08"},"headline":"Un h\u00f4te agricole pour une assembl\u00e9e mondiale","datePublished":"2015-08-08T15:03:32+00:00","dateModified":"2026-03-25T13:12:16+00:00","mainEntityOfPage":{"@id":"https:\/\/mwc-cmm.org\/fr\/stories\/an-agricultural-host-for-a-pastoral-people\/"},"wordCount":600,"publisher":{"@id":"https:\/\/mwc-cmm.org\/en\/#organization"},"image":{"@id":"https:\/\/mwc-cmm.org\/fr\/stories\/an-agricultural-host-for-a-pastoral-people\/#primaryimage"},"thumbnailUrl":"https:\/\/mwc-cmm.org\/wp-content\/uploads\/2015\/08\/MWC-FSCfullhall.jpg","keywords":["Assembl\u00e9e","Assembl\u00e9e","Devin Manzullo-Thomas","Farm Show Complex","green event","Hannah Smith-Brubaker","Howard Good","PA 2015","PA2015","stewardship","tomigrate","venue &amp; logistics"],"articleSection":["Non classifi\u00e9(e)","tomigrate"],"inLanguage":"fr-FR"},{"@type":"WebPage","@id":"https:\/\/mwc-cmm.org\/fr\/stories\/an-agricultural-host-for-a-pastoral-people\/","url":"https:\/\/mwc-cmm.org\/fr\/stories\/an-agricultural-host-for-a-pastoral-people\/","name":"Un h\u00f4te agricole pour une assembl\u00e9e mondiale - Mennonite World Conference","isPartOf":{"@id":"https:\/\/mwc-cmm.org\/en\/#website"},"primaryImageOfPage":{"@id":"https:\/\/mwc-cmm.org\/fr\/stories\/an-agricultural-host-for-a-pastoral-people\/#primaryimage"},"image":{"@id":"https:\/\/mwc-cmm.org\/fr\/stories\/an-agricultural-host-for-a-pastoral-people\/#primaryimage"},"thumbnailUrl":"https:\/\/mwc-cmm.org\/wp-content\/uploads\/2015\/08\/MWC-FSCfullhall.jpg","datePublished":"2015-08-08T15:03:32+00:00","dateModified":"2026-03-25T13:12:16+00:00","breadcrumb":{"@id":"https:\/\/mwc-cmm.org\/fr\/stories\/an-agricultural-host-for-a-pastoral-people\/#breadcrumb"},"inLanguage":"fr-FR","potentialAction":[{"@type":"ReadAction","target":["https:\/\/mwc-cmm.org\/fr\/stories\/an-agricultural-host-for-a-pastoral-people\/"]}]},{"@type":"ImageObject","inLanguage":"fr-FR","@id":"https:\/\/mwc-cmm.org\/fr\/stories\/an-agricultural-host-for-a-pastoral-people\/#primaryimage","url":"https:\/\/mwc-cmm.org\/wp-content\/uploads\/2015\/08\/MWC-FSCfullhall.jpg","contentUrl":"https:\/\/mwc-cmm.org\/wp-content\/uploads\/2015\/08\/MWC-FSCfullhall.jpg","width":1024,"height":683},{"@type":"BreadcrumbList","@id":"https:\/\/mwc-cmm.org\/fr\/stories\/an-agricultural-host-for-a-pastoral-people\/#breadcrumb","itemListElement":[{"@type":"ListItem","position":1,"name":"Home","item":"https:\/\/mwc-cmm.org\/fr\/"},{"@type":"ListItem","position":2,"name":"Un h\u00f4te agricole pour une assembl\u00e9e mondiale"}]},{"@type":"WebSite","@id":"https:\/\/mwc-cmm.org\/en\/#website","url":"https:\/\/mwc-cmm.org\/en\/","name":"Mennonite World Conference","description":"A communion of Anabaptist-related churches","publisher":{"@id":"https:\/\/mwc-cmm.org\/en\/#organization"},"alternateName":"MWC","potentialAction":[{"@type":"SearchAction","target":{"@type":"EntryPoint","urlTemplate":"https:\/\/mwc-cmm.org\/en\/?s={search_term_string}"},"query-input":{"@type":"PropertyValueSpecification","valueRequired":true,"valueName":"search_term_string"}}],"inLanguage":"fr-FR"},{"@type":"Organization","@id":"https:\/\/mwc-cmm.org\/en\/#organization","name":"Mennonite World Conference","alternateName":"MWC","url":"https:\/\/mwc-cmm.org\/en\/","logo":{"@type":"ImageObject","inLanguage":"fr-FR","@id":"https:\/\/mwc-cmm.org\/en\/#\/schema\/logo\/image\/","url":"https:\/\/mwc-cmm.org\/wp-content\/uploads\/2026\/01\/MWC_Sig_Blue_Horiz_webheader1-logo.svg","contentUrl":"https:\/\/mwc-cmm.org\/wp-content\/uploads\/2026\/01\/MWC_Sig_Blue_Horiz_webheader1-logo.svg","width":786,"height":82,"caption":"Mennonite World Conference"},"image":{"@id":"https:\/\/mwc-cmm.org\/en\/#\/schema\/logo\/image\/"},"sameAs":["https:\/\/www.facebook.com\/MennoniteWorldConference","https:\/\/www.linkedin.com\/company\/mennonite-world-conference-mwc\/","https:\/\/www.instagram.com\/mwcmm\/","https:\/\/www.youtube.com\/user\/mwccmm","https:\/\/bsky.app\/profile\/mwcmm.bsky.social"]},{"@type":"Person","@id":"https:\/\/mwc-cmm.org\/en\/#\/schema\/person\/9cb7cad70e3a0ac2b145c3441df0dc08","name":"Karla Braun","pronouns":"she\/her","image":{"@type":"ImageObject","inLanguage":"fr-FR","@id":"https:\/\/secure.gravatar.com\/avatar\/330c84143dc3a1bf6e7887f828baae23c874bf72d5eedb0461d88c0725087370?s=96&d=mm&r=g","url":"https:\/\/secure.gravatar.com\/avatar\/330c84143dc3a1bf6e7887f828baae23c874bf72d5eedb0461d88c0725087370?s=96&d=mm&r=g","contentUrl":"https:\/\/secure.gravatar.com\/avatar\/330c84143dc3a1bf6e7887f828baae23c874bf72d5eedb0461d88c0725087370?s=96&d=mm&r=g","caption":"Karla Braun"},"description":"Karla Braun serves as editor and website coordinator for MWC since 2015.","url":"https:\/\/mwc-cmm.org\/fr\/stories\/author\/karla\/"}]}},"_links":{"self":[{"href":"https:\/\/mwc-cmm.org\/fr\/wp-json\/wp\/v2\/posts\/125944","targetHints":{"allow":["GET"]}}],"collection":[{"href":"https:\/\/mwc-cmm.org\/fr\/wp-json\/wp\/v2\/posts"}],"about":[{"href":"https:\/\/mwc-cmm.org\/fr\/wp-json\/wp\/v2\/types\/post"}],"author":[{"embeddable":true,"href":"https:\/\/mwc-cmm.org\/fr\/wp-json\/wp\/v2\/users\/6"}],"replies":[{"embeddable":true,"href":"https:\/\/mwc-cmm.org\/fr\/wp-json\/wp\/v2\/comments?post=125944"}],"version-history":[{"count":0,"href":"https:\/\/mwc-cmm.org\/fr\/wp-json\/wp\/v2\/posts\/125944\/revisions"}],"wp:featuredmedia":[{"embeddable":true,"href":"https:\/\/mwc-cmm.org\/fr\/wp-json\/wp\/v2\/media\/125919"}],"wp:attachment":[{"href":"https:\/\/mwc-cmm.org\/fr\/wp-json\/wp\/v2\/media?parent=125944"}],"wp:term":[{"taxonomy":"category","embeddable":true,"href":"https:\/\/mwc-cmm.org\/fr\/wp-json\/wp\/v2\/categories?post=125944"},{"taxonomy":"post_tag","embeddable":true,"href":"https:\/\/mwc-cmm.org\/fr\/wp-json\/wp\/v2\/tags?post=125944"},{"taxonomy":"network","embeddable":true,"href":"https:\/\/mwc-cmm.org\/fr\/wp-json\/wp\/v2\/network?post=125944"},{"taxonomy":"eventcategory","embeddable":true,"href":"https:\/\/mwc-cmm.org\/fr\/wp-json\/wp\/v2\/eventcategory?post=125944"}],"curies":[{"name":"wp","href":"https:\/\/api.w.org\/{rel}","templated":true}]}}