{"id":125787,"date":"2015-08-13T13:39:30","date_gmt":"2015-08-13T13:39:30","guid":{"rendered":"https:\/\/mwc-cmm.org\/stories\/global-church-village-invites-visitors-to-leave-their-mark\/"},"modified":"2026-03-25T13:12:14","modified_gmt":"2026-03-25T13:12:14","slug":"global-church-village-invites-visitors-to-leave-their-mark","status":"publish","type":"post","link":"https:\/\/mwc-cmm.org\/fr\/stories\/global-church-village-invites-visitors-to-leave-their-mark\/","title":{"rendered":"Le Village de l\u2019\u00c9glise Mondiale invite les visiteurs \u00e0 laisser leur marque"},"content":{"rendered":"\n<p><em>Les participants de PA 2015 mettent une touche personnelle sur une sculpture de la CMM\u00a0<\/em><\/p>\n\n\n\n<figure class=\"wp-block-image alignright size-medium\"><img decoding=\"async\" width=\"300\" height=\"200\" data-src=\"https:\/\/mwc-cmm.org\/wp-content\/uploads\/2026\/03\/20150723_JonathonCharles_2721-300x200.jpg\" alt=\"\" class=\"wp-image-125776 lazyload\" data-srcset=\"https:\/\/mwc-cmm.org\/wp-content\/uploads\/2026\/03\/20150723_JonathonCharles_2721-300x200.jpg 300w, https:\/\/mwc-cmm.org\/wp-content\/uploads\/2026\/03\/20150723_JonathonCharles_2721-1024x683.jpg 1024w, https:\/\/mwc-cmm.org\/wp-content\/uploads\/2026\/03\/20150723_JonathonCharles_2721-768x512.jpg 768w, https:\/\/mwc-cmm.org\/wp-content\/uploads\/2026\/03\/20150723_JonathonCharles_2721-1536x1024.jpg 1536w, https:\/\/mwc-cmm.org\/wp-content\/uploads\/2026\/03\/20150723_JonathonCharles_2721-2048x1365.jpg 2048w\" data-sizes=\"(max-width: 300px) 100vw, 300px\" src=\"data:image\/svg+xml;base64,PHN2ZyB3aWR0aD0iMSIgaGVpZ2h0PSIxIiB4bWxucz0iaHR0cDovL3d3dy53My5vcmcvMjAwMC9zdmciPjwvc3ZnPg==\" style=\"--smush-placeholder-width: 300px; --smush-placeholder-aspect-ratio: 300\/200;\" \/><figcaption class=\"wp-element-caption\">Photo: Jonathan Charles<\/figcaption><\/figure>\n\n\n\n<p>Par Connie Faber<\/p>\n\n\n\n<p>\u00ab&nbsp;\u00c7a ressemble \u00e0 une forme innocente de graffiti communautaire&nbsp;\u00bb, dit Roland Yoder en souriant pendant qu\u2019un groupe de personnes s\u2019activent autour de la sculpture tridimensionnelle du logo de la Conf\u00e9rence Mennonite Mondiale qu\u2019il a cr\u00e9\u00e9e pour le Village de l\u2019\u00c9glise Mondiale (VEM) de PA 2015.<\/p>\n\n\n\n<p>Au village, les visiteurs sont invit\u00e9s \u00e0 laisser l\u2019empreinte de leur pouce sur la sculpture de bois situ\u00e9e sur la place du VEM. Samedi, le dernier jour du Rassemblement de la CMM, les barreaux blancs \u00e9taient recouverts d\u2019empreintes multicolores laiss\u00e9es par des personnes du monde entier.<\/p>\n\n\n\n<p>Roland Yoder, qui a pass\u00e9 presque 12 heures par jour sur le site pendant le Rassemblement, a observ\u00e9 en silence la transformation. On pouvait lire sur une note \u00e9pingl\u00e9e sur sa chemise&nbsp;: \u00ab&nbsp; ma voix est en vacances tout le mois de juillet.&nbsp;\u00bb<\/p>\n\n\n\n<p>Roland est naturellement une personne tranquille, dit sa femme Dottie. Mais son silence pendant le Rassemblement de la CMM n\u2019est pas par choix. Son m\u00e9decin a r\u00e9cemment diagnostiqu\u00e9 des polypes sur ses cordes vocales et a recommand\u00e9 six semaines de silence; il en \u00e9tait \u00e0 la cinqui\u00e8me semaine.<\/p>\n\n\n\n<p>\u00ab&nbsp;Pas le temps id\u00e9al&nbsp;\u00bb, \u00e9crit Roland Yoder sur un bloc-notes qu\u2019il garde \u00e0 port\u00e9e de main. \u00ab&nbsp;Merci Seigneur pour le courriel. Quand ma femme et moi faisons des appels t\u00e9l\u00e9phoniques, nous avons besoin de deux t\u00e9l\u00e9phones. Elle parle et j\u2019\u00e9cris les r\u00e9ponses qu\u2019elle transmet au besoin.&nbsp;\u00bb<\/p>\n\n\n\n<p>La sculpture du logo de la CMM a \u00e9t\u00e9 con\u00e7ue pour \u00eatre un point central dans le grand espace qui abrite le village.<\/p>\n\n\n\n<p>Au d\u00e9part, on a demand\u00e9 \u00e0 Roland Yoder de concevoir quelque chose qu\u2019on pourrait suspendre au plafond. Mais Roland Yoder souhaitait que les gens puissent toucher la sculpture et interagir avec la pi\u00e8ce d\u2019une mani\u00e8re qui les encouragerait \u00e0 s\u2019identifier \u00e0 la CMM. De l\u00e0 l\u2019id\u00e9e de mettre la sculpture sur un simple pi\u00e9destal et de la d\u00e9corer avec des empreintes digitales.<\/p>\n\n\n\n<p>\u00ab&nbsp;L\u2019empreinte d\u2019un pouce est quelque chose de personnel&nbsp;\u00bb dit Roland Yoder.<\/p>\n\n\n\n<p>La voix de Roland Yoder \u00e9tait peut-\u00eatre hors d\u2019usage, mais pas ses yeux ni ses oreilles.<\/p>\n\n\n\n<p>\u00ab&nbsp;J\u2019ai eu beaucoup de joie \u00e0 regarder les gens du monde entier venir profiter d\u2019un environnement que nous avons eu le privil\u00e8ge de cr\u00e9er&nbsp;\u00bb, dit-il.<\/p>\n\n\n\n<p><em>Connie Faber est r\u00e9dactrice du <\/em>Christian Leader, la publication des fr\u00e8res mennonites des \u00c9tats-Unis.<\/p>\n","protected":false},"excerpt":{"rendered":"<p>Les participants de PA 2015 mettent une touche personnelle sur une sculpture de la CMM\u00a0 Par Connie Faber \u00ab&nbsp;\u00c7a ressemble \u00e0 une forme innocente de graffiti communautaire&nbsp;\u00bb, dit Roland Yoder en souriant pendant qu\u2019un groupe de personnes s\u2019activent autour de la sculpture tridimensionnelle du logo de la Conf\u00e9rence Mennonite Mondiale qu\u2019il a cr\u00e9\u00e9e pour le [&hellip;]<\/p>\n","protected":false},"author":1,"featured_media":125776,"comment_status":"closed","ping_status":"closed","sticky":false,"template":"","format":"standard","meta":{"_acf_changed":false,"footnotes":""},"categories":[7,1890],"tags":[1553,2090,1959,1902,1960,1046,1893,1961,1895,811],"network":[],"eventcategory":[299],"class_list":["post-125787","post","type-post","status-publish","format-standard","has-post-thumbnail","hentry","category-non-classifiee","category-tomigrate","tag-assemblee-2","tag-assemblee","tag-connie-faber","tag-meetinghouse","tag-mwc-sculpture","tag-pa-2015-fr","tag-pa2015","tag-roland-yoder","tag-tomigrate","tag-village-eglise-mondiale","eventcategory-assembly"],"acf":[],"yoast_head":"<!-- This site is optimized with the Yoast SEO plugin v27.5 - https:\/\/yoast.com\/product\/yoast-seo-wordpress\/ -->\n<title>Le Village de l\u2019\u00c9glise Mondiale invite les visiteurs \u00e0 laisser leur marque - Mennonite World Conference<\/title>\n<meta name=\"robots\" content=\"index, follow, max-snippet:-1, max-image-preview:large, max-video-preview:-1\" \/>\n<link rel=\"canonical\" href=\"https:\/\/mwc-cmm.org\/fr\/stories\/global-church-village-invites-visitors-to-leave-their-mark\/\" \/>\n<meta property=\"og:locale\" content=\"fr_FR\" \/>\n<meta property=\"og:type\" content=\"article\" \/>\n<meta property=\"og:title\" content=\"Le Village de l\u2019\u00c9glise Mondiale invite les visiteurs \u00e0 laisser leur marque - Mennonite World Conference\" \/>\n<meta property=\"og:description\" content=\"Les participants de PA 2015 mettent une touche personnelle sur une sculpture de la CMM\u00a0 Par Connie Faber \u00ab&nbsp;\u00c7a ressemble \u00e0 une forme innocente de graffiti communautaire&nbsp;\u00bb, dit Roland Yoder en souriant pendant qu\u2019un groupe de personnes s\u2019activent autour de la sculpture tridimensionnelle du logo de la Conf\u00e9rence Mennonite Mondiale qu\u2019il a cr\u00e9\u00e9e pour le [&hellip;]\" \/>\n<meta property=\"og:url\" content=\"https:\/\/mwc-cmm.org\/fr\/stories\/global-church-village-invites-visitors-to-leave-their-mark\/\" \/>\n<meta property=\"og:site_name\" content=\"Mennonite World Conference\" \/>\n<meta property=\"article:publisher\" content=\"https:\/\/www.facebook.com\/MennoniteWorldConference\" \/>\n<meta property=\"article:published_time\" content=\"2015-08-13T13:39:30+00:00\" \/>\n<meta property=\"article:modified_time\" content=\"2026-03-25T13:12:14+00:00\" \/>\n<meta property=\"og:image\" content=\"https:\/\/mwc-cmm.org\/wp-content\/uploads\/2026\/03\/20150723_JonathonCharles_2721-scaled.jpg\" \/>\n\t<meta property=\"og:image:width\" content=\"2560\" \/>\n\t<meta property=\"og:image:height\" content=\"1707\" \/>\n\t<meta property=\"og:image:type\" content=\"image\/jpeg\" \/>\n<meta name=\"author\" content=\"mennworldcon\" \/>\n<script type=\"application\/ld+json\" class=\"yoast-schema-graph\">{\"@context\":\"https:\\\/\\\/schema.org\",\"@graph\":[{\"@type\":\"Article\",\"@id\":\"https:\\\/\\\/mwc-cmm.org\\\/fr\\\/stories\\\/global-church-village-invites-visitors-to-leave-their-mark\\\/#article\",\"isPartOf\":{\"@id\":\"https:\\\/\\\/mwc-cmm.org\\\/fr\\\/stories\\\/global-church-village-invites-visitors-to-leave-their-mark\\\/\"},\"author\":{\"name\":\"mennworldcon\",\"@id\":\"https:\\\/\\\/mwc-cmm.org\\\/en\\\/#\\\/schema\\\/person\\\/11f6ae0d7d1868ba20a1cc27f067c836\"},\"headline\":\"Le Village de l\u2019\u00c9glise Mondiale invite les visiteurs \u00e0 laisser leur marque\",\"datePublished\":\"2015-08-13T13:39:30+00:00\",\"dateModified\":\"2026-03-25T13:12:14+00:00\",\"mainEntityOfPage\":{\"@id\":\"https:\\\/\\\/mwc-cmm.org\\\/fr\\\/stories\\\/global-church-village-invites-visitors-to-leave-their-mark\\\/\"},\"wordCount\":460,\"publisher\":{\"@id\":\"https:\\\/\\\/mwc-cmm.org\\\/en\\\/#organization\"},\"image\":{\"@id\":\"https:\\\/\\\/mwc-cmm.org\\\/fr\\\/stories\\\/global-church-village-invites-visitors-to-leave-their-mark\\\/#primaryimage\"},\"thumbnailUrl\":\"https:\\\/\\\/mwc-cmm.org\\\/wp-content\\\/uploads\\\/2026\\\/03\\\/20150723_JonathonCharles_2721-scaled.jpg\",\"keywords\":[\"Assembl\u00e9e\",\"Assembl\u00e9e\",\"Connie Faber\",\"Meetinghouse\",\"MWC sculpture\",\"PA 2015\",\"PA2015\",\"Roland Yoder\",\"tomigrate\",\"Village de l&#039;Eglise Mondiale\"],\"articleSection\":[\"Non classifi\u00e9(e)\",\"tomigrate\"],\"inLanguage\":\"fr-FR\"},{\"@type\":\"WebPage\",\"@id\":\"https:\\\/\\\/mwc-cmm.org\\\/fr\\\/stories\\\/global-church-village-invites-visitors-to-leave-their-mark\\\/\",\"url\":\"https:\\\/\\\/mwc-cmm.org\\\/fr\\\/stories\\\/global-church-village-invites-visitors-to-leave-their-mark\\\/\",\"name\":\"Le Village de l\u2019\u00c9glise Mondiale invite les visiteurs \u00e0 laisser leur marque - Mennonite World Conference\",\"isPartOf\":{\"@id\":\"https:\\\/\\\/mwc-cmm.org\\\/en\\\/#website\"},\"primaryImageOfPage\":{\"@id\":\"https:\\\/\\\/mwc-cmm.org\\\/fr\\\/stories\\\/global-church-village-invites-visitors-to-leave-their-mark\\\/#primaryimage\"},\"image\":{\"@id\":\"https:\\\/\\\/mwc-cmm.org\\\/fr\\\/stories\\\/global-church-village-invites-visitors-to-leave-their-mark\\\/#primaryimage\"},\"thumbnailUrl\":\"https:\\\/\\\/mwc-cmm.org\\\/wp-content\\\/uploads\\\/2026\\\/03\\\/20150723_JonathonCharles_2721-scaled.jpg\",\"datePublished\":\"2015-08-13T13:39:30+00:00\",\"dateModified\":\"2026-03-25T13:12:14+00:00\",\"breadcrumb\":{\"@id\":\"https:\\\/\\\/mwc-cmm.org\\\/fr\\\/stories\\\/global-church-village-invites-visitors-to-leave-their-mark\\\/#breadcrumb\"},\"inLanguage\":\"fr-FR\",\"potentialAction\":[{\"@type\":\"ReadAction\",\"target\":[\"https:\\\/\\\/mwc-cmm.org\\\/fr\\\/stories\\\/global-church-village-invites-visitors-to-leave-their-mark\\\/\"]}]},{\"@type\":\"ImageObject\",\"inLanguage\":\"fr-FR\",\"@id\":\"https:\\\/\\\/mwc-cmm.org\\\/fr\\\/stories\\\/global-church-village-invites-visitors-to-leave-their-mark\\\/#primaryimage\",\"url\":\"https:\\\/\\\/mwc-cmm.org\\\/wp-content\\\/uploads\\\/2026\\\/03\\\/20150723_JonathonCharles_2721-scaled.jpg\",\"contentUrl\":\"https:\\\/\\\/mwc-cmm.org\\\/wp-content\\\/uploads\\\/2026\\\/03\\\/20150723_JonathonCharles_2721-scaled.jpg\",\"width\":2560,\"height\":1707,\"caption\":\"Photo: Jonathan Charles\"},{\"@type\":\"BreadcrumbList\",\"@id\":\"https:\\\/\\\/mwc-cmm.org\\\/fr\\\/stories\\\/global-church-village-invites-visitors-to-leave-their-mark\\\/#breadcrumb\",\"itemListElement\":[{\"@type\":\"ListItem\",\"position\":1,\"name\":\"Home\",\"item\":\"https:\\\/\\\/mwc-cmm.org\\\/fr\\\/\"},{\"@type\":\"ListItem\",\"position\":2,\"name\":\"Le Village de l\u2019\u00c9glise Mondiale invite les visiteurs \u00e0 laisser leur marque\"}]},{\"@type\":\"WebSite\",\"@id\":\"https:\\\/\\\/mwc-cmm.org\\\/en\\\/#website\",\"url\":\"https:\\\/\\\/mwc-cmm.org\\\/en\\\/\",\"name\":\"Mennonite World Conference\",\"description\":\"A communion of Anabaptist-related churches\",\"publisher\":{\"@id\":\"https:\\\/\\\/mwc-cmm.org\\\/en\\\/#organization\"},\"alternateName\":\"MWC\",\"potentialAction\":[{\"@type\":\"SearchAction\",\"target\":{\"@type\":\"EntryPoint\",\"urlTemplate\":\"https:\\\/\\\/mwc-cmm.org\\\/en\\\/?s={search_term_string}\"},\"query-input\":{\"@type\":\"PropertyValueSpecification\",\"valueRequired\":true,\"valueName\":\"search_term_string\"}}],\"inLanguage\":\"fr-FR\"},{\"@type\":\"Organization\",\"@id\":\"https:\\\/\\\/mwc-cmm.org\\\/en\\\/#organization\",\"name\":\"Mennonite World Conference\",\"alternateName\":\"MWC\",\"url\":\"https:\\\/\\\/mwc-cmm.org\\\/en\\\/\",\"logo\":{\"@type\":\"ImageObject\",\"inLanguage\":\"fr-FR\",\"@id\":\"https:\\\/\\\/mwc-cmm.org\\\/en\\\/#\\\/schema\\\/logo\\\/image\\\/\",\"url\":\"https:\\\/\\\/mwc-cmm.org\\\/wp-content\\\/uploads\\\/2026\\\/01\\\/MWC_Sig_Blue_Horiz_webheader1-logo.svg\",\"contentUrl\":\"https:\\\/\\\/mwc-cmm.org\\\/wp-content\\\/uploads\\\/2026\\\/01\\\/MWC_Sig_Blue_Horiz_webheader1-logo.svg\",\"width\":786,\"height\":82,\"caption\":\"Mennonite World Conference\"},\"image\":{\"@id\":\"https:\\\/\\\/mwc-cmm.org\\\/en\\\/#\\\/schema\\\/logo\\\/image\\\/\"},\"sameAs\":[\"https:\\\/\\\/www.facebook.com\\\/MennoniteWorldConference\",\"https:\\\/\\\/www.linkedin.com\\\/company\\\/mennonite-world-conference-mwc\\\/\",\"https:\\\/\\\/www.instagram.com\\\/mwcmm\\\/\",\"https:\\\/\\\/www.youtube.com\\\/user\\\/mwccmm\",\"https:\\\/\\\/bsky.app\\\/profile\\\/mwcmm.bsky.social\"]},{\"@type\":\"Person\",\"@id\":\"https:\\\/\\\/mwc-cmm.org\\\/en\\\/#\\\/schema\\\/person\\\/11f6ae0d7d1868ba20a1cc27f067c836\",\"name\":\"mennworldcon\",\"image\":{\"@type\":\"ImageObject\",\"inLanguage\":\"fr-FR\",\"@id\":\"https:\\\/\\\/secure.gravatar.com\\\/avatar\\\/06fdc0dc81c157dfdb82ec42f252178a22307808988d22c043f9eb96f1e0fe80?s=96&d=mm&r=g\",\"url\":\"https:\\\/\\\/secure.gravatar.com\\\/avatar\\\/06fdc0dc81c157dfdb82ec42f252178a22307808988d22c043f9eb96f1e0fe80?s=96&d=mm&r=g\",\"contentUrl\":\"https:\\\/\\\/secure.gravatar.com\\\/avatar\\\/06fdc0dc81c157dfdb82ec42f252178a22307808988d22c043f9eb96f1e0fe80?s=96&d=mm&r=g\",\"caption\":\"mennworldcon\"},\"sameAs\":[\"https:\\\/\\\/mwc-cmm.org\"],\"url\":\"https:\\\/\\\/mwc-cmm.org\\\/fr\\\/stories\\\/author\\\/mennworldcon\\\/\"}]}<\/script>\n<!-- \/ Yoast SEO plugin. -->","yoast_head_json":{"title":"Le Village de l\u2019\u00c9glise Mondiale invite les visiteurs \u00e0 laisser leur marque - Mennonite World Conference","robots":{"index":"index","follow":"follow","max-snippet":"max-snippet:-1","max-image-preview":"max-image-preview:large","max-video-preview":"max-video-preview:-1"},"canonical":"https:\/\/mwc-cmm.org\/fr\/stories\/global-church-village-invites-visitors-to-leave-their-mark\/","og_locale":"fr_FR","og_type":"article","og_title":"Le Village de l\u2019\u00c9glise Mondiale invite les visiteurs \u00e0 laisser leur marque - Mennonite World Conference","og_description":"Les participants de PA 2015 mettent une touche personnelle sur une sculpture de la CMM\u00a0 Par Connie Faber \u00ab&nbsp;\u00c7a ressemble \u00e0 une forme innocente de graffiti communautaire&nbsp;\u00bb, dit Roland Yoder en souriant pendant qu\u2019un groupe de personnes s\u2019activent autour de la sculpture tridimensionnelle du logo de la Conf\u00e9rence Mennonite Mondiale qu\u2019il a cr\u00e9\u00e9e pour le [&hellip;]","og_url":"https:\/\/mwc-cmm.org\/fr\/stories\/global-church-village-invites-visitors-to-leave-their-mark\/","og_site_name":"Mennonite World Conference","article_publisher":"https:\/\/www.facebook.com\/MennoniteWorldConference","article_published_time":"2015-08-13T13:39:30+00:00","article_modified_time":"2026-03-25T13:12:14+00:00","og_image":[{"width":2560,"height":1707,"url":"https:\/\/mwc-cmm.org\/wp-content\/uploads\/2026\/03\/20150723_JonathonCharles_2721-scaled.jpg","type":"image\/jpeg"}],"author":"mennworldcon","schema":{"@context":"https:\/\/schema.org","@graph":[{"@type":"Article","@id":"https:\/\/mwc-cmm.org\/fr\/stories\/global-church-village-invites-visitors-to-leave-their-mark\/#article","isPartOf":{"@id":"https:\/\/mwc-cmm.org\/fr\/stories\/global-church-village-invites-visitors-to-leave-their-mark\/"},"author":{"name":"mennworldcon","@id":"https:\/\/mwc-cmm.org\/en\/#\/schema\/person\/11f6ae0d7d1868ba20a1cc27f067c836"},"headline":"Le Village de l\u2019\u00c9glise Mondiale invite les visiteurs \u00e0 laisser leur marque","datePublished":"2015-08-13T13:39:30+00:00","dateModified":"2026-03-25T13:12:14+00:00","mainEntityOfPage":{"@id":"https:\/\/mwc-cmm.org\/fr\/stories\/global-church-village-invites-visitors-to-leave-their-mark\/"},"wordCount":460,"publisher":{"@id":"https:\/\/mwc-cmm.org\/en\/#organization"},"image":{"@id":"https:\/\/mwc-cmm.org\/fr\/stories\/global-church-village-invites-visitors-to-leave-their-mark\/#primaryimage"},"thumbnailUrl":"https:\/\/mwc-cmm.org\/wp-content\/uploads\/2026\/03\/20150723_JonathonCharles_2721-scaled.jpg","keywords":["Assembl\u00e9e","Assembl\u00e9e","Connie Faber","Meetinghouse","MWC sculpture","PA 2015","PA2015","Roland Yoder","tomigrate","Village de l&#039;Eglise Mondiale"],"articleSection":["Non classifi\u00e9(e)","tomigrate"],"inLanguage":"fr-FR"},{"@type":"WebPage","@id":"https:\/\/mwc-cmm.org\/fr\/stories\/global-church-village-invites-visitors-to-leave-their-mark\/","url":"https:\/\/mwc-cmm.org\/fr\/stories\/global-church-village-invites-visitors-to-leave-their-mark\/","name":"Le Village de l\u2019\u00c9glise Mondiale invite les visiteurs \u00e0 laisser leur marque - Mennonite World Conference","isPartOf":{"@id":"https:\/\/mwc-cmm.org\/en\/#website"},"primaryImageOfPage":{"@id":"https:\/\/mwc-cmm.org\/fr\/stories\/global-church-village-invites-visitors-to-leave-their-mark\/#primaryimage"},"image":{"@id":"https:\/\/mwc-cmm.org\/fr\/stories\/global-church-village-invites-visitors-to-leave-their-mark\/#primaryimage"},"thumbnailUrl":"https:\/\/mwc-cmm.org\/wp-content\/uploads\/2026\/03\/20150723_JonathonCharles_2721-scaled.jpg","datePublished":"2015-08-13T13:39:30+00:00","dateModified":"2026-03-25T13:12:14+00:00","breadcrumb":{"@id":"https:\/\/mwc-cmm.org\/fr\/stories\/global-church-village-invites-visitors-to-leave-their-mark\/#breadcrumb"},"inLanguage":"fr-FR","potentialAction":[{"@type":"ReadAction","target":["https:\/\/mwc-cmm.org\/fr\/stories\/global-church-village-invites-visitors-to-leave-their-mark\/"]}]},{"@type":"ImageObject","inLanguage":"fr-FR","@id":"https:\/\/mwc-cmm.org\/fr\/stories\/global-church-village-invites-visitors-to-leave-their-mark\/#primaryimage","url":"https:\/\/mwc-cmm.org\/wp-content\/uploads\/2026\/03\/20150723_JonathonCharles_2721-scaled.jpg","contentUrl":"https:\/\/mwc-cmm.org\/wp-content\/uploads\/2026\/03\/20150723_JonathonCharles_2721-scaled.jpg","width":2560,"height":1707,"caption":"Photo: Jonathan Charles"},{"@type":"BreadcrumbList","@id":"https:\/\/mwc-cmm.org\/fr\/stories\/global-church-village-invites-visitors-to-leave-their-mark\/#breadcrumb","itemListElement":[{"@type":"ListItem","position":1,"name":"Home","item":"https:\/\/mwc-cmm.org\/fr\/"},{"@type":"ListItem","position":2,"name":"Le Village de l\u2019\u00c9glise Mondiale invite les visiteurs \u00e0 laisser leur marque"}]},{"@type":"WebSite","@id":"https:\/\/mwc-cmm.org\/en\/#website","url":"https:\/\/mwc-cmm.org\/en\/","name":"Mennonite World Conference","description":"A communion of Anabaptist-related churches","publisher":{"@id":"https:\/\/mwc-cmm.org\/en\/#organization"},"alternateName":"MWC","potentialAction":[{"@type":"SearchAction","target":{"@type":"EntryPoint","urlTemplate":"https:\/\/mwc-cmm.org\/en\/?s={search_term_string}"},"query-input":{"@type":"PropertyValueSpecification","valueRequired":true,"valueName":"search_term_string"}}],"inLanguage":"fr-FR"},{"@type":"Organization","@id":"https:\/\/mwc-cmm.org\/en\/#organization","name":"Mennonite World Conference","alternateName":"MWC","url":"https:\/\/mwc-cmm.org\/en\/","logo":{"@type":"ImageObject","inLanguage":"fr-FR","@id":"https:\/\/mwc-cmm.org\/en\/#\/schema\/logo\/image\/","url":"https:\/\/mwc-cmm.org\/wp-content\/uploads\/2026\/01\/MWC_Sig_Blue_Horiz_webheader1-logo.svg","contentUrl":"https:\/\/mwc-cmm.org\/wp-content\/uploads\/2026\/01\/MWC_Sig_Blue_Horiz_webheader1-logo.svg","width":786,"height":82,"caption":"Mennonite World Conference"},"image":{"@id":"https:\/\/mwc-cmm.org\/en\/#\/schema\/logo\/image\/"},"sameAs":["https:\/\/www.facebook.com\/MennoniteWorldConference","https:\/\/www.linkedin.com\/company\/mennonite-world-conference-mwc\/","https:\/\/www.instagram.com\/mwcmm\/","https:\/\/www.youtube.com\/user\/mwccmm","https:\/\/bsky.app\/profile\/mwcmm.bsky.social"]},{"@type":"Person","@id":"https:\/\/mwc-cmm.org\/en\/#\/schema\/person\/11f6ae0d7d1868ba20a1cc27f067c836","name":"mennworldcon","image":{"@type":"ImageObject","inLanguage":"fr-FR","@id":"https:\/\/secure.gravatar.com\/avatar\/06fdc0dc81c157dfdb82ec42f252178a22307808988d22c043f9eb96f1e0fe80?s=96&d=mm&r=g","url":"https:\/\/secure.gravatar.com\/avatar\/06fdc0dc81c157dfdb82ec42f252178a22307808988d22c043f9eb96f1e0fe80?s=96&d=mm&r=g","contentUrl":"https:\/\/secure.gravatar.com\/avatar\/06fdc0dc81c157dfdb82ec42f252178a22307808988d22c043f9eb96f1e0fe80?s=96&d=mm&r=g","caption":"mennworldcon"},"sameAs":["https:\/\/mwc-cmm.org"],"url":"https:\/\/mwc-cmm.org\/fr\/stories\/author\/mennworldcon\/"}]}},"_links":{"self":[{"href":"https:\/\/mwc-cmm.org\/fr\/wp-json\/wp\/v2\/posts\/125787","targetHints":{"allow":["GET"]}}],"collection":[{"href":"https:\/\/mwc-cmm.org\/fr\/wp-json\/wp\/v2\/posts"}],"about":[{"href":"https:\/\/mwc-cmm.org\/fr\/wp-json\/wp\/v2\/types\/post"}],"author":[{"embeddable":true,"href":"https:\/\/mwc-cmm.org\/fr\/wp-json\/wp\/v2\/users\/1"}],"replies":[{"embeddable":true,"href":"https:\/\/mwc-cmm.org\/fr\/wp-json\/wp\/v2\/comments?post=125787"}],"version-history":[{"count":0,"href":"https:\/\/mwc-cmm.org\/fr\/wp-json\/wp\/v2\/posts\/125787\/revisions"}],"wp:featuredmedia":[{"embeddable":true,"href":"https:\/\/mwc-cmm.org\/fr\/wp-json\/wp\/v2\/media\/125776"}],"wp:attachment":[{"href":"https:\/\/mwc-cmm.org\/fr\/wp-json\/wp\/v2\/media?parent=125787"}],"wp:term":[{"taxonomy":"category","embeddable":true,"href":"https:\/\/mwc-cmm.org\/fr\/wp-json\/wp\/v2\/categories?post=125787"},{"taxonomy":"post_tag","embeddable":true,"href":"https:\/\/mwc-cmm.org\/fr\/wp-json\/wp\/v2\/tags?post=125787"},{"taxonomy":"network","embeddable":true,"href":"https:\/\/mwc-cmm.org\/fr\/wp-json\/wp\/v2\/network?post=125787"},{"taxonomy":"eventcategory","embeddable":true,"href":"https:\/\/mwc-cmm.org\/fr\/wp-json\/wp\/v2\/eventcategory?post=125787"}],"curies":[{"name":"wp","href":"https:\/\/api.w.org\/{rel}","templated":true}]}}