{"id":125607,"date":"2015-09-02T21:10:04","date_gmt":"2015-09-02T21:10:04","guid":{"rendered":"https:\/\/mwc-cmm.org\/stories\/peace-commission-enemies-friends\/"},"modified":"2026-03-25T13:12:13","modified_gmt":"2026-03-25T13:12:13","slug":"peace-commission-enemies-friends","status":"publish","type":"post","link":"https:\/\/mwc-cmm.org\/fr\/stories\/peace-commission-enemies-friends\/","title":{"rendered":"La Commission Paix, en relation avec des ennemis et des amis"},"content":{"rendered":"\n<h2 class=\"wp-block-heading\">Le travail de la Commission Paix comprend la pri\u00e8re, le plaidoyer et le d\u00e9veloppement des ressources<\/h2>\n\n\n\n<p>Par Karla Braun<\/p>\n\n\n\n<figure class=\"wp-block-image alignright size-medium\"><img decoding=\"async\" width=\"300\" height=\"197\" data-src=\"https:\/\/mwc-cmm.org\/wp-content\/uploads\/2015\/09\/DSC_0342-PeaceCommission-300x197.jpg\" alt=\"\" class=\"wp-image-125613 lazyload\" data-srcset=\"https:\/\/mwc-cmm.org\/wp-content\/uploads\/2015\/09\/DSC_0342-PeaceCommission-300x197.jpg 300w, https:\/\/mwc-cmm.org\/wp-content\/uploads\/2015\/09\/DSC_0342-PeaceCommission-768x504.jpg 768w, https:\/\/mwc-cmm.org\/wp-content\/uploads\/2015\/09\/DSC_0342-PeaceCommission.jpg 800w\" data-sizes=\"(max-width: 300px) 100vw, 300px\" src=\"data:image\/svg+xml;base64,PHN2ZyB3aWR0aD0iMSIgaGVpZ2h0PSIxIiB4bWxucz0iaHR0cDovL3d3dy53My5vcmcvMjAwMC9zdmciPjwvc3ZnPg==\" style=\"--smush-placeholder-width: 300px; --smush-placeholder-aspect-ratio: 300\/197;\" \/><figcaption class=\"wp-element-caption\">Peace Commission<\/figcaption><\/figure>\n\n\n\n<p>\u00ab&nbsp;La paix est gratuite&nbsp;\u00bb, dit Paulus Widjaja, membre sortant de la Commission Paix. \u00ab&nbsp;Le conflit a un prix, mais l\u2019\u00e9vangile est gratuit.&nbsp;\u00bb<\/p>\n\n\n\n<p>La Commission Paix, form\u00e9e en 2009 comme une des quatre cavit\u00e9s du c\u0153ur de la CMM (Paix, Diacres, Foi et Vie, Mission), a tenu un atelier pendant le Rassemblement le 23 juillet 2015.<\/p>\n\n\n\n<p>Quelles sont les activit\u00e9s de la Commission?<\/p>\n\n\n\n<h3 class=\"wp-block-heading\">La pri\u00e8re<\/h3>\n\n\n\n<p>Des conf\u00e9rences mennonites et d\u2019autres organisations chr\u00e9tiennes ont demand\u00e9 la pri\u00e8re \u00e0 la CMM qui, par la suite, a lanc\u00e9 un appel \u00e0 la pri\u00e8re \u00e0 ses membres. De nombreuses \u00e9glises n\u2019ont pas les ressources dont les Nord-Am\u00e9ricains disposent, dit un fr\u00e8re de l\u2019Am\u00e9rique latine, mais elles peuvent \u00ab&nbsp;prier, je\u00fbner et pleurer avec ceux et celles qui souffrent et qui sont aux prises avec des conflits.&nbsp;\u00bb<\/p>\n\n\n\n<h3 class=\"wp-block-heading\">Le plaidoyer politique<\/h3>\n\n\n\n<p>Le Conseil G\u00e9n\u00e9ral de la CMM r\u00e9uni en 2015 a approuv\u00e9 les directives de la Commission Paix sur le plaidoyer politique. Ce document peut guider l\u2019\u00e9laboration des politiques et servir aux membres du bureau, aux conf\u00e9rences et aux \u00e9glises de la CMM.<\/p>\n\n\n\n<p>La Commission Paix a envoy\u00e9 des lettres d\u2019appui en faveur de Iglesia Evang\u00e9lica Unida Hermanos Menonitas de Panam\u00e0 (Conf\u00e9rence des \u00c9glises des fr\u00e8res mennonites du Panama) o\u00f9 les moyens de subsistance des membres sont menac\u00e9s par l\u2019exploitation foresti\u00e8re ill\u00e9gale, et en faveur de H\u00f4i Th\u00e1nh Mennonite Vi\u00eat Nam (\u00c9glise mennonite du Vietnam) o\u00f9 les pasteurs et les \u00e9glises sont pers\u00e9cut\u00e9s.<\/p>\n\n\n\n<p>La Commission travaille aussi sur une d\u00e9claration de solidarit\u00e9 avec les peuples autochtones.<\/p>\n\n\n\n<h3 class=\"wp-block-heading\">Le d\u00e9veloppement des ressources<\/h3>\n\n\n\n<figure class=\"wp-block-image alignleft size-full\"><img decoding=\"async\" width=\"300\" height=\"129\" data-src=\"https:\/\/mwc-cmm.org\/wp-content\/uploads\/2015\/09\/IMG_0576-4-300x129-1.jpg\" alt=\"\" class=\"wp-image-125627 lazyload\" src=\"data:image\/svg+xml;base64,PHN2ZyB3aWR0aD0iMSIgaGVpZ2h0PSIxIiB4bWxucz0iaHR0cDovL3d3dy53My5vcmcvMjAwMC9zdmciPjwvc3ZnPg==\" style=\"--smush-placeholder-width: 300px; --smush-placeholder-aspect-ratio: 300\/129;\" \/><\/figure>\n\n\n\n<p>\u00ab&nbsp;Nous pr\u00e9tendons \u00eatre une \u00e9glise de paix, mais il existe tellement d\u2019\u00e9glises mennonites d\u00e9chir\u00e9es&nbsp;\u00bb, dit Paulus Widjaja. La Commission Paix cr\u00e9e des ressources (graphique sur les stades du d\u00e9veloppement d\u2019un conflit, lignes directrices pour d\u00e9terminer la r\u00e9ponse de la CMM aux conflits, \u00ab&nbsp;gu\u00e9rison des m\u00e9moires&nbsp;\u00bb) qui seront bient\u00f4t accessibles sur le site Web.<\/p>\n\n\n\n<p>De prochaines initiatives comprennent le d\u00e9veloppement d\u2019un R\u00e9seau Anabaptiste Mondial pour la Paix (le sujet d\u2019un atelier le 24 juillet 2015, un des neuf ateliers pr\u00e9par\u00e9s par la Commission Paix) et la mobilisation du R\u00e9seau des \u00c9glises pacifistes historiques. Nous dialoguons avec des ex-ennemis, dit Paulus Widjaja (en faisant r\u00e9f\u00e9rence au dialogue trilat\u00e9ral de la Commission Foi et Vie avec les luth\u00e9riens et les catholiques), pourquoi pas avec des amis?<\/p>\n\n\n\n<p>La Commission Paix est \u00e9galement partenaire avec Conrad Grebel University College pour la tenue d\u2019une conf\u00e9rence et d\u2019un festival mennonite mondial sur la paix en Ontario (Canada), du 9 au 12 juin 2016.<\/p>\n\n\n\n<p><em>Karla Braun est la r\u00e9dactrice de <\/em>Courier\/Correo\/Courrier<em>.<\/em><\/p>\n","protected":false},"excerpt":{"rendered":"<p>Le travail de la Commission Paix comprend la pri\u00e8re, le plaidoyer et le d\u00e9veloppement des ressources Par Karla Braun \u00ab&nbsp;La paix est gratuite&nbsp;\u00bb, dit Paulus Widjaja, membre sortant de la Commission Paix. \u00ab&nbsp;Le conflit a un prix, mais l\u2019\u00e9vangile est gratuit.&nbsp;\u00bb La Commission Paix, form\u00e9e en 2009 comme une des quatre cavit\u00e9s du c\u0153ur de [&hellip;]<\/p>\n","protected":false},"author":6,"featured_media":125613,"comment_status":"closed","ping_status":"closed","sticky":false,"template":"","format":"standard","meta":{"_acf_changed":false,"footnotes":""},"categories":[7,1890],"tags":[1553,2090,1057,1913,1914,1915,1893,1903,1916,1917,524,1895],"network":[],"eventcategory":[299],"class_list":["post-125607","post","type-post","status-publish","format-standard","has-post-thumbnail","hentry","category-non-classifiee","category-tomigrate","tag-assemblee-2","tag-assemblee","tag-commission-paix","tag-global-anabaptist-peace-network","tag-global-mennonite-peacebuilding-conference-and-festival","tag-historic-peace-churches-network","tag-pa2015","tag-pa2015-workshops","tag-paulus-widjaja","tag-political-advocacy","tag-prayer-fr","tag-tomigrate","eventcategory-assembly"],"acf":[],"yoast_head":"<!-- This site is optimized with the Yoast SEO plugin v27.5 - https:\/\/yoast.com\/product\/yoast-seo-wordpress\/ -->\n<title>La Commission Paix, en relation avec des ennemis et des amis - Mennonite World Conference<\/title>\n<meta name=\"robots\" content=\"index, follow, max-snippet:-1, max-image-preview:large, max-video-preview:-1\" \/>\n<link rel=\"canonical\" href=\"https:\/\/mwc-cmm.org\/fr\/stories\/peace-commission-enemies-friends\/\" \/>\n<meta property=\"og:locale\" content=\"fr_FR\" \/>\n<meta property=\"og:type\" content=\"article\" \/>\n<meta property=\"og:title\" content=\"La Commission Paix, en relation avec des ennemis et des amis - Mennonite World Conference\" \/>\n<meta property=\"og:description\" content=\"Le travail de la Commission Paix comprend la pri\u00e8re, le plaidoyer et le d\u00e9veloppement des ressources Par Karla Braun \u00ab&nbsp;La paix est gratuite&nbsp;\u00bb, dit Paulus Widjaja, membre sortant de la Commission Paix. \u00ab&nbsp;Le conflit a un prix, mais l\u2019\u00e9vangile est gratuit.&nbsp;\u00bb La Commission Paix, form\u00e9e en 2009 comme une des quatre cavit\u00e9s du c\u0153ur de [&hellip;]\" \/>\n<meta property=\"og:url\" content=\"https:\/\/mwc-cmm.org\/fr\/stories\/peace-commission-enemies-friends\/\" \/>\n<meta property=\"og:site_name\" content=\"Mennonite World Conference\" \/>\n<meta property=\"article:publisher\" content=\"https:\/\/www.facebook.com\/MennoniteWorldConference\" \/>\n<meta property=\"article:published_time\" content=\"2015-09-02T21:10:04+00:00\" \/>\n<meta property=\"article:modified_time\" content=\"2026-03-25T13:12:13+00:00\" \/>\n<meta property=\"og:image\" content=\"https:\/\/mwc-cmm.org\/wp-content\/uploads\/2015\/09\/DSC_0342-PeaceCommission.jpg\" \/>\n\t<meta property=\"og:image:width\" content=\"800\" \/>\n\t<meta property=\"og:image:height\" content=\"525\" \/>\n\t<meta property=\"og:image:type\" content=\"image\/jpeg\" \/>\n<meta name=\"author\" content=\"Karla Braun\" \/>\n<script type=\"application\/ld+json\" class=\"yoast-schema-graph\">{\"@context\":\"https:\\\/\\\/schema.org\",\"@graph\":[{\"@type\":\"Article\",\"@id\":\"https:\\\/\\\/mwc-cmm.org\\\/fr\\\/stories\\\/peace-commission-enemies-friends\\\/#article\",\"isPartOf\":{\"@id\":\"https:\\\/\\\/mwc-cmm.org\\\/fr\\\/stories\\\/peace-commission-enemies-friends\\\/\"},\"author\":{\"name\":\"Karla Braun\",\"@id\":\"https:\\\/\\\/mwc-cmm.org\\\/en\\\/#\\\/schema\\\/person\\\/9cb7cad70e3a0ac2b145c3441df0dc08\"},\"headline\":\"La Commission Paix, en relation avec des ennemis et des amis\",\"datePublished\":\"2015-09-02T21:10:04+00:00\",\"dateModified\":\"2026-03-25T13:12:13+00:00\",\"mainEntityOfPage\":{\"@id\":\"https:\\\/\\\/mwc-cmm.org\\\/fr\\\/stories\\\/peace-commission-enemies-friends\\\/\"},\"wordCount\":513,\"publisher\":{\"@id\":\"https:\\\/\\\/mwc-cmm.org\\\/en\\\/#organization\"},\"image\":{\"@id\":\"https:\\\/\\\/mwc-cmm.org\\\/fr\\\/stories\\\/peace-commission-enemies-friends\\\/#primaryimage\"},\"thumbnailUrl\":\"https:\\\/\\\/mwc-cmm.org\\\/wp-content\\\/uploads\\\/2015\\\/09\\\/DSC_0342-PeaceCommission.jpg\",\"keywords\":[\"Assembl\u00e9e\",\"Assembl\u00e9e\",\"Commission Paix\",\"Global Anabaptist Peace Network\",\"Global Mennonite Peacebuilding conference and festival\",\"Historic Peace Churches network\",\"PA2015\",\"PA2015 workshops\",\"Paulus Widjaja\",\"political advocacy\",\"prayer\",\"tomigrate\"],\"articleSection\":[\"Non classifi\u00e9(e)\",\"tomigrate\"],\"inLanguage\":\"fr-FR\"},{\"@type\":\"WebPage\",\"@id\":\"https:\\\/\\\/mwc-cmm.org\\\/fr\\\/stories\\\/peace-commission-enemies-friends\\\/\",\"url\":\"https:\\\/\\\/mwc-cmm.org\\\/fr\\\/stories\\\/peace-commission-enemies-friends\\\/\",\"name\":\"La Commission Paix, en relation avec des ennemis et des amis - Mennonite World Conference\",\"isPartOf\":{\"@id\":\"https:\\\/\\\/mwc-cmm.org\\\/en\\\/#website\"},\"primaryImageOfPage\":{\"@id\":\"https:\\\/\\\/mwc-cmm.org\\\/fr\\\/stories\\\/peace-commission-enemies-friends\\\/#primaryimage\"},\"image\":{\"@id\":\"https:\\\/\\\/mwc-cmm.org\\\/fr\\\/stories\\\/peace-commission-enemies-friends\\\/#primaryimage\"},\"thumbnailUrl\":\"https:\\\/\\\/mwc-cmm.org\\\/wp-content\\\/uploads\\\/2015\\\/09\\\/DSC_0342-PeaceCommission.jpg\",\"datePublished\":\"2015-09-02T21:10:04+00:00\",\"dateModified\":\"2026-03-25T13:12:13+00:00\",\"breadcrumb\":{\"@id\":\"https:\\\/\\\/mwc-cmm.org\\\/fr\\\/stories\\\/peace-commission-enemies-friends\\\/#breadcrumb\"},\"inLanguage\":\"fr-FR\",\"potentialAction\":[{\"@type\":\"ReadAction\",\"target\":[\"https:\\\/\\\/mwc-cmm.org\\\/fr\\\/stories\\\/peace-commission-enemies-friends\\\/\"]}]},{\"@type\":\"ImageObject\",\"inLanguage\":\"fr-FR\",\"@id\":\"https:\\\/\\\/mwc-cmm.org\\\/fr\\\/stories\\\/peace-commission-enemies-friends\\\/#primaryimage\",\"url\":\"https:\\\/\\\/mwc-cmm.org\\\/wp-content\\\/uploads\\\/2015\\\/09\\\/DSC_0342-PeaceCommission.jpg\",\"contentUrl\":\"https:\\\/\\\/mwc-cmm.org\\\/wp-content\\\/uploads\\\/2015\\\/09\\\/DSC_0342-PeaceCommission.jpg\",\"width\":800,\"height\":525,\"caption\":\"Peace Commission\"},{\"@type\":\"BreadcrumbList\",\"@id\":\"https:\\\/\\\/mwc-cmm.org\\\/fr\\\/stories\\\/peace-commission-enemies-friends\\\/#breadcrumb\",\"itemListElement\":[{\"@type\":\"ListItem\",\"position\":1,\"name\":\"Home\",\"item\":\"https:\\\/\\\/mwc-cmm.org\\\/fr\\\/\"},{\"@type\":\"ListItem\",\"position\":2,\"name\":\"La Commission Paix, en relation avec des ennemis et des amis\"}]},{\"@type\":\"WebSite\",\"@id\":\"https:\\\/\\\/mwc-cmm.org\\\/en\\\/#website\",\"url\":\"https:\\\/\\\/mwc-cmm.org\\\/en\\\/\",\"name\":\"Mennonite World Conference\",\"description\":\"A communion of Anabaptist-related churches\",\"publisher\":{\"@id\":\"https:\\\/\\\/mwc-cmm.org\\\/en\\\/#organization\"},\"alternateName\":\"MWC\",\"potentialAction\":[{\"@type\":\"SearchAction\",\"target\":{\"@type\":\"EntryPoint\",\"urlTemplate\":\"https:\\\/\\\/mwc-cmm.org\\\/en\\\/?s={search_term_string}\"},\"query-input\":{\"@type\":\"PropertyValueSpecification\",\"valueRequired\":true,\"valueName\":\"search_term_string\"}}],\"inLanguage\":\"fr-FR\"},{\"@type\":\"Organization\",\"@id\":\"https:\\\/\\\/mwc-cmm.org\\\/en\\\/#organization\",\"name\":\"Mennonite World Conference\",\"alternateName\":\"MWC\",\"url\":\"https:\\\/\\\/mwc-cmm.org\\\/en\\\/\",\"logo\":{\"@type\":\"ImageObject\",\"inLanguage\":\"fr-FR\",\"@id\":\"https:\\\/\\\/mwc-cmm.org\\\/en\\\/#\\\/schema\\\/logo\\\/image\\\/\",\"url\":\"https:\\\/\\\/mwc-cmm.org\\\/wp-content\\\/uploads\\\/2026\\\/01\\\/MWC_Sig_Blue_Horiz_webheader1-logo.svg\",\"contentUrl\":\"https:\\\/\\\/mwc-cmm.org\\\/wp-content\\\/uploads\\\/2026\\\/01\\\/MWC_Sig_Blue_Horiz_webheader1-logo.svg\",\"width\":786,\"height\":82,\"caption\":\"Mennonite World Conference\"},\"image\":{\"@id\":\"https:\\\/\\\/mwc-cmm.org\\\/en\\\/#\\\/schema\\\/logo\\\/image\\\/\"},\"sameAs\":[\"https:\\\/\\\/www.facebook.com\\\/MennoniteWorldConference\",\"https:\\\/\\\/www.linkedin.com\\\/company\\\/mennonite-world-conference-mwc\\\/\",\"https:\\\/\\\/www.instagram.com\\\/mwcmm\\\/\",\"https:\\\/\\\/www.youtube.com\\\/user\\\/mwccmm\",\"https:\\\/\\\/bsky.app\\\/profile\\\/mwcmm.bsky.social\"]},{\"@type\":\"Person\",\"@id\":\"https:\\\/\\\/mwc-cmm.org\\\/en\\\/#\\\/schema\\\/person\\\/9cb7cad70e3a0ac2b145c3441df0dc08\",\"name\":\"Karla Braun\",\"pronouns\":\"she\\\/her\",\"image\":{\"@type\":\"ImageObject\",\"inLanguage\":\"fr-FR\",\"@id\":\"https:\\\/\\\/secure.gravatar.com\\\/avatar\\\/330c84143dc3a1bf6e7887f828baae23c874bf72d5eedb0461d88c0725087370?s=96&d=mm&r=g\",\"url\":\"https:\\\/\\\/secure.gravatar.com\\\/avatar\\\/330c84143dc3a1bf6e7887f828baae23c874bf72d5eedb0461d88c0725087370?s=96&d=mm&r=g\",\"contentUrl\":\"https:\\\/\\\/secure.gravatar.com\\\/avatar\\\/330c84143dc3a1bf6e7887f828baae23c874bf72d5eedb0461d88c0725087370?s=96&d=mm&r=g\",\"caption\":\"Karla Braun\"},\"description\":\"Karla Braun serves as editor and website coordinator for MWC since 2015.\",\"url\":\"https:\\\/\\\/mwc-cmm.org\\\/fr\\\/stories\\\/author\\\/karla\\\/\"}]}<\/script>\n<!-- \/ Yoast SEO plugin. -->","yoast_head_json":{"title":"La Commission Paix, en relation avec des ennemis et des amis - Mennonite World Conference","robots":{"index":"index","follow":"follow","max-snippet":"max-snippet:-1","max-image-preview":"max-image-preview:large","max-video-preview":"max-video-preview:-1"},"canonical":"https:\/\/mwc-cmm.org\/fr\/stories\/peace-commission-enemies-friends\/","og_locale":"fr_FR","og_type":"article","og_title":"La Commission Paix, en relation avec des ennemis et des amis - Mennonite World Conference","og_description":"Le travail de la Commission Paix comprend la pri\u00e8re, le plaidoyer et le d\u00e9veloppement des ressources Par Karla Braun \u00ab&nbsp;La paix est gratuite&nbsp;\u00bb, dit Paulus Widjaja, membre sortant de la Commission Paix. \u00ab&nbsp;Le conflit a un prix, mais l\u2019\u00e9vangile est gratuit.&nbsp;\u00bb La Commission Paix, form\u00e9e en 2009 comme une des quatre cavit\u00e9s du c\u0153ur de [&hellip;]","og_url":"https:\/\/mwc-cmm.org\/fr\/stories\/peace-commission-enemies-friends\/","og_site_name":"Mennonite World Conference","article_publisher":"https:\/\/www.facebook.com\/MennoniteWorldConference","article_published_time":"2015-09-02T21:10:04+00:00","article_modified_time":"2026-03-25T13:12:13+00:00","og_image":[{"width":800,"height":525,"url":"https:\/\/mwc-cmm.org\/wp-content\/uploads\/2015\/09\/DSC_0342-PeaceCommission.jpg","type":"image\/jpeg"}],"author":"Karla Braun","schema":{"@context":"https:\/\/schema.org","@graph":[{"@type":"Article","@id":"https:\/\/mwc-cmm.org\/fr\/stories\/peace-commission-enemies-friends\/#article","isPartOf":{"@id":"https:\/\/mwc-cmm.org\/fr\/stories\/peace-commission-enemies-friends\/"},"author":{"name":"Karla Braun","@id":"https:\/\/mwc-cmm.org\/en\/#\/schema\/person\/9cb7cad70e3a0ac2b145c3441df0dc08"},"headline":"La Commission Paix, en relation avec des ennemis et des amis","datePublished":"2015-09-02T21:10:04+00:00","dateModified":"2026-03-25T13:12:13+00:00","mainEntityOfPage":{"@id":"https:\/\/mwc-cmm.org\/fr\/stories\/peace-commission-enemies-friends\/"},"wordCount":513,"publisher":{"@id":"https:\/\/mwc-cmm.org\/en\/#organization"},"image":{"@id":"https:\/\/mwc-cmm.org\/fr\/stories\/peace-commission-enemies-friends\/#primaryimage"},"thumbnailUrl":"https:\/\/mwc-cmm.org\/wp-content\/uploads\/2015\/09\/DSC_0342-PeaceCommission.jpg","keywords":["Assembl\u00e9e","Assembl\u00e9e","Commission Paix","Global Anabaptist Peace Network","Global Mennonite Peacebuilding conference and festival","Historic Peace Churches network","PA2015","PA2015 workshops","Paulus Widjaja","political advocacy","prayer","tomigrate"],"articleSection":["Non classifi\u00e9(e)","tomigrate"],"inLanguage":"fr-FR"},{"@type":"WebPage","@id":"https:\/\/mwc-cmm.org\/fr\/stories\/peace-commission-enemies-friends\/","url":"https:\/\/mwc-cmm.org\/fr\/stories\/peace-commission-enemies-friends\/","name":"La Commission Paix, en relation avec des ennemis et des amis - Mennonite World Conference","isPartOf":{"@id":"https:\/\/mwc-cmm.org\/en\/#website"},"primaryImageOfPage":{"@id":"https:\/\/mwc-cmm.org\/fr\/stories\/peace-commission-enemies-friends\/#primaryimage"},"image":{"@id":"https:\/\/mwc-cmm.org\/fr\/stories\/peace-commission-enemies-friends\/#primaryimage"},"thumbnailUrl":"https:\/\/mwc-cmm.org\/wp-content\/uploads\/2015\/09\/DSC_0342-PeaceCommission.jpg","datePublished":"2015-09-02T21:10:04+00:00","dateModified":"2026-03-25T13:12:13+00:00","breadcrumb":{"@id":"https:\/\/mwc-cmm.org\/fr\/stories\/peace-commission-enemies-friends\/#breadcrumb"},"inLanguage":"fr-FR","potentialAction":[{"@type":"ReadAction","target":["https:\/\/mwc-cmm.org\/fr\/stories\/peace-commission-enemies-friends\/"]}]},{"@type":"ImageObject","inLanguage":"fr-FR","@id":"https:\/\/mwc-cmm.org\/fr\/stories\/peace-commission-enemies-friends\/#primaryimage","url":"https:\/\/mwc-cmm.org\/wp-content\/uploads\/2015\/09\/DSC_0342-PeaceCommission.jpg","contentUrl":"https:\/\/mwc-cmm.org\/wp-content\/uploads\/2015\/09\/DSC_0342-PeaceCommission.jpg","width":800,"height":525,"caption":"Peace Commission"},{"@type":"BreadcrumbList","@id":"https:\/\/mwc-cmm.org\/fr\/stories\/peace-commission-enemies-friends\/#breadcrumb","itemListElement":[{"@type":"ListItem","position":1,"name":"Home","item":"https:\/\/mwc-cmm.org\/fr\/"},{"@type":"ListItem","position":2,"name":"La Commission Paix, en relation avec des ennemis et des amis"}]},{"@type":"WebSite","@id":"https:\/\/mwc-cmm.org\/en\/#website","url":"https:\/\/mwc-cmm.org\/en\/","name":"Mennonite World Conference","description":"A communion of Anabaptist-related churches","publisher":{"@id":"https:\/\/mwc-cmm.org\/en\/#organization"},"alternateName":"MWC","potentialAction":[{"@type":"SearchAction","target":{"@type":"EntryPoint","urlTemplate":"https:\/\/mwc-cmm.org\/en\/?s={search_term_string}"},"query-input":{"@type":"PropertyValueSpecification","valueRequired":true,"valueName":"search_term_string"}}],"inLanguage":"fr-FR"},{"@type":"Organization","@id":"https:\/\/mwc-cmm.org\/en\/#organization","name":"Mennonite World Conference","alternateName":"MWC","url":"https:\/\/mwc-cmm.org\/en\/","logo":{"@type":"ImageObject","inLanguage":"fr-FR","@id":"https:\/\/mwc-cmm.org\/en\/#\/schema\/logo\/image\/","url":"https:\/\/mwc-cmm.org\/wp-content\/uploads\/2026\/01\/MWC_Sig_Blue_Horiz_webheader1-logo.svg","contentUrl":"https:\/\/mwc-cmm.org\/wp-content\/uploads\/2026\/01\/MWC_Sig_Blue_Horiz_webheader1-logo.svg","width":786,"height":82,"caption":"Mennonite World Conference"},"image":{"@id":"https:\/\/mwc-cmm.org\/en\/#\/schema\/logo\/image\/"},"sameAs":["https:\/\/www.facebook.com\/MennoniteWorldConference","https:\/\/www.linkedin.com\/company\/mennonite-world-conference-mwc\/","https:\/\/www.instagram.com\/mwcmm\/","https:\/\/www.youtube.com\/user\/mwccmm","https:\/\/bsky.app\/profile\/mwcmm.bsky.social"]},{"@type":"Person","@id":"https:\/\/mwc-cmm.org\/en\/#\/schema\/person\/9cb7cad70e3a0ac2b145c3441df0dc08","name":"Karla Braun","pronouns":"she\/her","image":{"@type":"ImageObject","inLanguage":"fr-FR","@id":"https:\/\/secure.gravatar.com\/avatar\/330c84143dc3a1bf6e7887f828baae23c874bf72d5eedb0461d88c0725087370?s=96&d=mm&r=g","url":"https:\/\/secure.gravatar.com\/avatar\/330c84143dc3a1bf6e7887f828baae23c874bf72d5eedb0461d88c0725087370?s=96&d=mm&r=g","contentUrl":"https:\/\/secure.gravatar.com\/avatar\/330c84143dc3a1bf6e7887f828baae23c874bf72d5eedb0461d88c0725087370?s=96&d=mm&r=g","caption":"Karla Braun"},"description":"Karla Braun serves as editor and website coordinator for MWC since 2015.","url":"https:\/\/mwc-cmm.org\/fr\/stories\/author\/karla\/"}]}},"_links":{"self":[{"href":"https:\/\/mwc-cmm.org\/fr\/wp-json\/wp\/v2\/posts\/125607","targetHints":{"allow":["GET"]}}],"collection":[{"href":"https:\/\/mwc-cmm.org\/fr\/wp-json\/wp\/v2\/posts"}],"about":[{"href":"https:\/\/mwc-cmm.org\/fr\/wp-json\/wp\/v2\/types\/post"}],"author":[{"embeddable":true,"href":"https:\/\/mwc-cmm.org\/fr\/wp-json\/wp\/v2\/users\/6"}],"replies":[{"embeddable":true,"href":"https:\/\/mwc-cmm.org\/fr\/wp-json\/wp\/v2\/comments?post=125607"}],"version-history":[{"count":0,"href":"https:\/\/mwc-cmm.org\/fr\/wp-json\/wp\/v2\/posts\/125607\/revisions"}],"wp:featuredmedia":[{"embeddable":true,"href":"https:\/\/mwc-cmm.org\/fr\/wp-json\/wp\/v2\/media\/125613"}],"wp:attachment":[{"href":"https:\/\/mwc-cmm.org\/fr\/wp-json\/wp\/v2\/media?parent=125607"}],"wp:term":[{"taxonomy":"category","embeddable":true,"href":"https:\/\/mwc-cmm.org\/fr\/wp-json\/wp\/v2\/categories?post=125607"},{"taxonomy":"post_tag","embeddable":true,"href":"https:\/\/mwc-cmm.org\/fr\/wp-json\/wp\/v2\/tags?post=125607"},{"taxonomy":"network","embeddable":true,"href":"https:\/\/mwc-cmm.org\/fr\/wp-json\/wp\/v2\/network?post=125607"},{"taxonomy":"eventcategory","embeddable":true,"href":"https:\/\/mwc-cmm.org\/fr\/wp-json\/wp\/v2\/eventcategory?post=125607"}],"curies":[{"name":"wp","href":"https:\/\/api.w.org\/{rel}","templated":true}]}}