{"id":125491,"date":"2026-03-19T21:04:17","date_gmt":"2026-03-19T21:04:17","guid":{"rendered":"https:\/\/mwc-cmm.org\/?p=125491"},"modified":"2026-03-19T22:55:07","modified_gmt":"2026-03-19T22:55:07","slug":"mennonites-tanzanie-invitent-monde-arusha","status":"publish","type":"post","link":"https:\/\/mwc-cmm.org\/fr\/stories\/mennonites-tanzanie-invitent-monde-arusha\/","title":{"rendered":"Les mennonites de Tanzanie invitent le monde entier \u00e0 Arusha"},"content":{"rendered":"\n<p class=\"has-text-align-center has-small-font-size\"><em>De gauche \u00e0 droite, John M. Sean, secr\u00e9taire g\u00e9n\u00e9ral du KMKT, et Emmanuel Hagai, secr\u00e9taire g\u00e9n\u00e9ral du KMT. Photo&nbsp;: Liesa Unger<\/em><\/p>\n\n\n\n<h2 class=\"wp-block-heading\">L\u2019Assembl\u00e9e de la CMM reste en Afrique de&nbsp;l\u2019Est<\/h2>\n\n\n\n<p>\u00ab&nbsp;Construire ensemble le corps du Christ et renforcer la fraternit\u00e9 mondiale [voil\u00e0 la vision qui sous-tend la d\u00e9cision d\u2019accueillir l\u2019Assembl\u00e9e mondiale de l\u2019\u00c9glise anabaptiste]&nbsp;\u00bb, d\u00e9clare l\u2019\u00e9v\u00eaque Nelson Kisare, de la Kanisa la Mennonite Tanzania.<\/p>\n\n\n\n<p>Le Comit\u00e9 Ex\u00e9cutif de la Conf\u00e9rence Mennonite Mondiale a accept\u00e9 l\u2019invitation des \u00e9glises membres de Tanzanie \u00e0 accueillir la 18e Assembl\u00e9e mondiale en 2028. Ce rassemblement de cinq jours r\u00e9unissant des anabaptistes du monde entier aura lieu lors des deux premi\u00e8res semaines de juin. Le th\u00e8me est en cours de finalisation.<\/p>\n\n\n\n<p>La Tanzanie compte plus de 46&nbsp;000 mennonites r\u00e9partis dans deux \u00e9glises membres de la CMM : Kanisa la Mennonite Tanzania (KMT) et Kanisa La Mennonite La Kiinjili Tanzania (\u00c9glise \u00e9vang\u00e9lique mennonite de&nbsp;Tanzanie).<\/p>\n\n\n\n<p>\u00ab&nbsp;Nous attendons environ 1&nbsp;500 \u00e0 2&nbsp;000 participants venus d\u2019autres continents, et 500 \u00e0 1&nbsp;000 d\u2019autres pays d\u2019Afrique&nbsp;\u00bb, d\u00e9clare Liesa Unger, responsable des \u00e9v\u00e9nements internationaux. \u00ab&nbsp;Les responsables d\u2019\u00c9glises tanzaniennes s\u2019attendent \u00e0 ce que plus de 2&nbsp;500 participants locaux assistent \u00e0 l\u2019ensemble de l\u2019Assembl\u00e9e et \u00e0 ce que 200 suppl\u00e9mentaires participent au culte de cl\u00f4ture samedi.&nbsp;\u00bb<\/p>\n\n\n\n<p>La KMT est la plus ancienne union d\u2019\u00e9glises mennonites d\u2019Afrique de l\u2019Est, fond\u00e9e dans les ann\u00e9es 1930. Des vagues de r\u00e9veil ont travers\u00e9 la Tanzanie des ann\u00e9es 1940 aux ann\u00e9es 1960. Des \u00e9vang\u00e9listes tanzaniens issus des \u00e9glises mennonites ont apport\u00e9 l\u2019\u00c9vangile au Kenya, y \u00e9tablissant l\u2019\u00c9glise&nbsp;mennonite.<\/p>\n\n\n\n<p>En 1971, le nom de l\u2019\u00c9glise nationale a \u00e9t\u00e9 chang\u00e9 de l\u2019anglais au swahili, refl\u00e9tant la direction africaine de l\u2019\u00c9glise qui avait commenc\u00e9 avec la nomination des pasteurs Ezekiel Muganda et Andrea Mabeba en 1950 et celle de l\u2019\u00e9v\u00eaque Zedekiah Kisare en 1964. Actuellement, Emmanuel Hagai occupe le poste de secr\u00e9taire general et Nelson Kisare celui\u00a0d\u2019\u00e9v\u00eaque pr\u00e9sident.<\/p>\n\n\n\n<p>La KMKT a \u00e9t\u00e9 cr\u00e9\u00e9e en 1988, dans le prolongement de la KMT. En 2005, elle a \u00e9t\u00e9 reconnue comme \u00c9glise par le gouvernement national. Leur mission consiste \u00e0 partager l\u2019\u00c9vangile, \u00e0 encourager les jeunes \u00e0 suivre J\u00e9sus et \u00e0 participer aux activit\u00e9s de l\u2019\u00c9glise, ainsi qu\u2019\u00e0 servir la communaut\u00e9 par le don de sang volontaire et l\u2019aide aux plus d\u00e9munis. Elle est actuellement dirig\u00e9e par John Sean, secr\u00e9taire general, et Lameck Manji,\u00a0ev\u00eaque pr\u00e9sident.<\/p>\n\n\n\n<p>Les mennonites de Tanzanie g\u00e8rent plusieurs \u00e9coles, du primaire au sup\u00e9rieur, ainsi que plusieurs h\u00f4pitaux et centres de&nbsp;sant\u00e9.<\/p>\n\n\n\n<p>\u00ab&nbsp;Notre groupe continental africain apporte son soutien \u00e0 cette invitation adress\u00e9e \u00e0 notre famille anabaptiste mondiale de venir en Tanzanie&nbsp;\u00bb, d\u00e9clare Samson Omondi, repr\u00e9sentant du Comit\u00e9 Ex\u00e9cutif pour l\u2019Afrique et \u00e9v\u00eaque de l\u2019\u00c9glise mennonite du&nbsp;Kenya.<\/p>\n\n\n\n<figure class=\"wp-block-image size-large\"><img decoding=\"async\" width=\"1024\" height=\"768\" data-src=\"https:\/\/mwc-cmm.org\/wp-content\/uploads\/2026\/03\/IMG_4242-1024x768.jpg\" alt=\"African women's choir stand at the front of the church\" class=\"wp-image-125341 lazyload\" data-srcset=\"https:\/\/mwc-cmm.org\/wp-content\/uploads\/2026\/03\/IMG_4242-1024x768.jpg 1024w, https:\/\/mwc-cmm.org\/wp-content\/uploads\/2026\/03\/IMG_4242-300x225.jpg 300w, https:\/\/mwc-cmm.org\/wp-content\/uploads\/2026\/03\/IMG_4242-768x576.jpg 768w, https:\/\/mwc-cmm.org\/wp-content\/uploads\/2026\/03\/IMG_4242-1536x1152.jpg 1536w, https:\/\/mwc-cmm.org\/wp-content\/uploads\/2026\/03\/IMG_4242.jpg 1920w\" data-sizes=\"(max-width: 1024px) 100vw, 1024px\" src=\"data:image\/svg+xml;base64,PHN2ZyB3aWR0aD0iMSIgaGVpZ2h0PSIxIiB4bWxucz0iaHR0cDovL3d3dy53My5vcmcvMjAwMC9zdmciPjwvc3ZnPg==\" style=\"--smush-placeholder-width: 1024px; --smush-placeholder-aspect-ratio: 1024\/768;\" \/><figcaption class=\"wp-element-caption\">Les chorales font partie int\u00e9grante des cultes dans les assembl\u00e9es du KMT, comme ici \u00e0 Arusha.<em>Photo&nbsp;: Liesa Unger<\/em><\/figcaption><\/figure>\n\n\n\n<p>\u00ab&nbsp;Nous esp\u00e9rons proposer des options d\u2019Assembl\u00e9e Dispers\u00e9e non seulement en Tanzanie, mais aussi dans d\u2019autres r\u00e9gions d\u2019Afrique de l\u2019Est&nbsp;\u00bb, ajoute Nelson Mart\u00ednez, coordinateur logistique. (Les Assembl\u00e9e Dispers\u00e9es sont des excursions avant et apr\u00e8s l\u2019Assembl\u00e9e R\u00e9unie qui permettent \u00e0 de petits groupes de d\u00e9couvrir la r\u00e9gion et de prier avec les assembl\u00e9es locales.)<\/p>\n\n\n\n<p>Le nouveau lieu de l\u2019Assembl\u00e9e a d\u00fb \u00eatre choisi seulement deux ans avant l\u2019\u00e9v\u00e9nement, apr\u00e8s que l\u2019h\u00f4te initial, la MKC en \u00c9thiopie, ait retir\u00e9 son invitation.<\/p>\n\n\n\n<p>\u00ab&nbsp;Depuis des ann\u00e9es, notre r\u00eave \u00e9tait d\u2019organiser la 18e Assembl\u00e9e en Afrique. Cela cl\u00f4t notre d\u00e9cennie de Renouveau, marquant les 500 ans de l\u2019anabaptisme par une c\u00e9l\u00e9bration sur le continent o\u00f9 l\u2019anabaptisme conna\u00eet la croissance la plus rapide&nbsp;\u00bb, d\u00e9clare C\u00e9sar Garc\u00eda, Secr\u00e9taire General de la CMM. \u00ab&nbsp;Nous nous r\u00e9jouissons de cette occasion de tisser des liens et d\u2019apprendre \u00e0 mieux conna\u00eetre nos fr\u00e8res et s\u0153urs en Tanzanie, tout en partageant mutuellement nos dons \u00e0 travers ce grand rassemblement.&nbsp;\u00bb <\/p>\n\n\n\n<p>\u00ab&nbsp;Malgr\u00e9 certaines difficult\u00e9s pr\u00e9visibles, nous pensons que la tenue de l\u2019Assembl\u00e9e \u00e0 Arusha sera une exp\u00e9rience unique et positive. Le fait qu\u2019elle se d\u00e9roule dans un lieu relativement petit nous aidera \u00e0 nous rapprocher les uns des autres. L\u2019engagement des \u00c9glises apportera de la joie et de nombreuses bonnes volont\u00e9s \u00e0 l\u2019Assembl\u00e9e&nbsp;\u00bb, d\u00e9clare Liesa&nbsp;Unger.<\/p>\n\n\n\n<hr class=\"wp-block-separator has-alpha-channel-opacity\"\/>\n\n\n\n<figure class=\"wp-block-embed is-type-wp-embed is-provider-mennonite-world-conference wp-block-embed-mennonite-world-conference\"><div class=\"wp-block-embed__wrapper\">\n<blockquote class=\"wp-embedded-content\" data-secret=\"8exlxf05MY\"><a href=\"https:\/\/mwc-cmm.org\/fr\/stories\/la-18e-assemblee-est-reportee\/\">La 18e Assembl\u00e9e est report\u00e9e<\/a><\/blockquote><iframe class=\"wp-embedded-content lazyload\" sandbox=\"allow-scripts\" security=\"restricted\" style=\"position: absolute; visibility: hidden;\" title=\"\u00ab\u00a0La 18e Assembl\u00e9e est report\u00e9e\u00a0\u00bb &#8212; Mennonite World Conference\" data-src=\"https:\/\/mwc-cmm.org\/fr\/stories\/la-18e-assemblee-est-reportee\/embed\/#?secret=tNTDbDePf4#?secret=8exlxf05MY\" data-secret=\"8exlxf05MY\" width=\"500\" height=\"282\" frameborder=\"0\" marginwidth=\"0\" marginheight=\"0\" scrolling=\"no\" src=\"data:image\/svg+xml;base64,PHN2ZyB3aWR0aD0iMSIgaGVpZ2h0PSIxIiB4bWxucz0iaHR0cDovL3d3dy53My5vcmcvMjAwMC9zdmciPjwvc3ZnPg==\" data-load-mode=\"1\"><\/iframe>\n<\/div><\/figure>\n\n\n\n<figure class=\"wp-block-embed is-type-wp-embed is-provider-mennonite-world-conference wp-block-embed-mennonite-world-conference\"><div class=\"wp-block-embed__wrapper\">\n<blockquote class=\"wp-embedded-content\" data-secret=\"C2AUJmJCBZ\"><a href=\"https:\/\/mwc-cmm.org\/en\/assembly\/previous-assemblies\/\">Previous Assemblies<\/a><\/blockquote><iframe class=\"wp-embedded-content lazyload\" sandbox=\"allow-scripts\" security=\"restricted\" style=\"position: absolute; visibility: hidden;\" title=\"\u00ab\u00a0Previous Assemblies\u00a0\u00bb &#8212; Mennonite World Conference\" data-src=\"https:\/\/mwc-cmm.org\/en\/assembly\/previous-assemblies\/embed\/#?secret=URF1v4t5PI#?secret=C2AUJmJCBZ\" data-secret=\"C2AUJmJCBZ\" width=\"500\" height=\"282\" frameborder=\"0\" marginwidth=\"0\" marginheight=\"0\" scrolling=\"no\" src=\"data:image\/svg+xml;base64,PHN2ZyB3aWR0aD0iMSIgaGVpZ2h0PSIxIiB4bWxucz0iaHR0cDovL3d3dy53My5vcmcvMjAwMC9zdmciPjwvc3ZnPg==\" data-load-mode=\"1\"><\/iframe>\n<\/div><\/figure>\n\n\n\n<div class=\"wp-block-buttons is-layout-flex wp-block-buttons-is-layout-flex\">\n<div class=\"wp-block-button\"><a class=\"wp-block-button__link wp-element-button\" href=\"https:\/\/mwc-cmm.org\/fr\/stories\/tag\/tanzanie\/\">Lire la suite&nbsp;: Tanzanie<\/a><\/div>\n<\/div>\n\n\n\n<hr class=\"wp-block-separator has-alpha-channel-opacity\"\/>\n\n\n<div class=\"taxonomy-post_tag wp-block-post-terms\"><a href=\"https:\/\/mwc-cmm.org\/fr\/stories\/tag\/afrique\/\" rel=\"tag\">Afrique<\/a><span class=\"wp-block-post-terms__separator\">, <\/span><a href=\"https:\/\/mwc-cmm.org\/fr\/stories\/tag\/assemblee-2\/\" rel=\"tag\">Assembl\u00e9e<\/a><span class=\"wp-block-post-terms__separator\">, <\/span><a href=\"https:\/\/mwc-cmm.org\/fr\/stories\/tag\/assemblee-reunie\/\" rel=\"tag\">Assembl\u00e9e r\u00e9unie<\/a><span class=\"wp-block-post-terms__separator\">, <\/span><a href=\"https:\/\/mwc-cmm.org\/fr\/stories\/tag\/tanzanie\/\" rel=\"tag\">Tanzanie<\/a><\/div>","protected":false},"excerpt":{"rendered":"<p>Le Comit\u00e9 Ex\u00e9cutif de la Conf\u00e9rence Mennonite Mondiale a accept\u00e9 l\u2019invitation des \u00e9glises membres de Tanzanie \u00e0 accueillir la 18e Assembl\u00e9e mondiale en 2028. Ce rassemblement de cinq jours r\u00e9unissant des anabaptistes du monde entier aura lieu lors des deux premi\u00e8res semaines de juin. Le th\u00e8me est en cours de finalisation.<\/p>\n","protected":false},"author":8,"featured_media":125325,"comment_status":"closed","ping_status":"closed","sticky":false,"template":"","format":"standard","meta":{"_acf_changed":false,"footnotes":""},"categories":[7],"tags":[1619,1553,498,1710],"network":[1314],"eventcategory":[1494],"class_list":["post-125491","post","type-post","status-publish","format-standard","has-post-thumbnail","hentry","category-non-classifiee","tag-afrique","tag-assemblee-2","tag-assemblee-reunie","tag-tanzanie","network-general-council-fr","eventcategory-assembly-fr"],"acf":[],"yoast_head":"<!-- This site is optimized with the Yoast SEO plugin v27.5 - https:\/\/yoast.com\/product\/yoast-seo-wordpress\/ -->\n<title>Les mennonites de Tanzanie invitent le monde entier \u00e0 Arusha - Mennonite World Conference<\/title>\n<meta name=\"description\" content=\"L\u2019Assembl\u00e9e de la CMM reste en Afrique de l\u2019Est: Les mennonites de Tanzanie invitent le monde entier \u00e0 Arusha.\" \/>\n<meta name=\"robots\" content=\"index, follow, max-snippet:-1, max-image-preview:large, max-video-preview:-1\" \/>\n<link rel=\"canonical\" href=\"https:\/\/mwc-cmm.org\/fr\/stories\/mennonites-tanzanie-invitent-monde-arusha\/\" \/>\n<meta property=\"og:locale\" content=\"fr_FR\" \/>\n<meta property=\"og:type\" content=\"article\" \/>\n<meta property=\"og:title\" content=\"Les mennonites de Tanzanie invitent le monde entier \u00e0 Arusha - Mennonite World Conference\" \/>\n<meta property=\"og:description\" content=\"L\u2019Assembl\u00e9e de la CMM reste en Afrique de l\u2019Est: Les mennonites de Tanzanie invitent le monde entier \u00e0 Arusha.\" \/>\n<meta property=\"og:url\" content=\"https:\/\/mwc-cmm.org\/fr\/stories\/mennonites-tanzanie-invitent-monde-arusha\/\" \/>\n<meta property=\"og:site_name\" content=\"Mennonite World Conference\" \/>\n<meta property=\"article:publisher\" content=\"https:\/\/www.facebook.com\/MennoniteWorldConference\" \/>\n<meta property=\"article:published_time\" content=\"2026-03-19T21:04:17+00:00\" \/>\n<meta property=\"article:modified_time\" content=\"2026-03-19T22:55:07+00:00\" \/>\n<meta property=\"og:image\" content=\"https:\/\/mwc-cmm.org\/wp-content\/uploads\/2026\/03\/202602LiesaUnger.jpg\" \/>\n\t<meta property=\"og:image:width\" content=\"1366\" \/>\n\t<meta property=\"og:image:height\" content=\"768\" \/>\n\t<meta property=\"og:image:type\" content=\"image\/jpeg\" \/>\n<meta name=\"author\" content=\"Stephanie Setiawan\" \/>\n<script type=\"application\/ld+json\" class=\"yoast-schema-graph\">{\"@context\":\"https:\\\/\\\/schema.org\",\"@graph\":[{\"@type\":\"Article\",\"@id\":\"https:\\\/\\\/mwc-cmm.org\\\/fr\\\/stories\\\/mennonites-tanzanie-invitent-monde-arusha\\\/#article\",\"isPartOf\":{\"@id\":\"https:\\\/\\\/mwc-cmm.org\\\/fr\\\/stories\\\/mennonites-tanzanie-invitent-monde-arusha\\\/\"},\"author\":{\"name\":\"Stephanie Setiawan\",\"@id\":\"https:\\\/\\\/mwc-cmm.org\\\/en\\\/#\\\/schema\\\/person\\\/00b62ed8ea1527254a44f3ace3aee79d\"},\"headline\":\"Les mennonites de Tanzanie invitent le monde entier \u00e0 Arusha\",\"datePublished\":\"2026-03-19T21:04:17+00:00\",\"dateModified\":\"2026-03-19T22:55:07+00:00\",\"mainEntityOfPage\":{\"@id\":\"https:\\\/\\\/mwc-cmm.org\\\/fr\\\/stories\\\/mennonites-tanzanie-invitent-monde-arusha\\\/\"},\"wordCount\":824,\"publisher\":{\"@id\":\"https:\\\/\\\/mwc-cmm.org\\\/en\\\/#organization\"},\"image\":{\"@id\":\"https:\\\/\\\/mwc-cmm.org\\\/fr\\\/stories\\\/mennonites-tanzanie-invitent-monde-arusha\\\/#primaryimage\"},\"thumbnailUrl\":\"https:\\\/\\\/mwc-cmm.org\\\/wp-content\\\/uploads\\\/2026\\\/03\\\/202602LiesaUnger.jpg\",\"keywords\":[\"Afrique\",\"Assembl\u00e9e\",\"Assembl\u00e9e r\u00e9unie\",\"Tanzanie\"],\"articleSection\":[\"Non classifi\u00e9(e)\"],\"inLanguage\":\"fr-FR\"},{\"@type\":\"WebPage\",\"@id\":\"https:\\\/\\\/mwc-cmm.org\\\/fr\\\/stories\\\/mennonites-tanzanie-invitent-monde-arusha\\\/\",\"url\":\"https:\\\/\\\/mwc-cmm.org\\\/fr\\\/stories\\\/mennonites-tanzanie-invitent-monde-arusha\\\/\",\"name\":\"Les mennonites de Tanzanie invitent le monde entier \u00e0 Arusha - Mennonite World Conference\",\"isPartOf\":{\"@id\":\"https:\\\/\\\/mwc-cmm.org\\\/en\\\/#website\"},\"primaryImageOfPage\":{\"@id\":\"https:\\\/\\\/mwc-cmm.org\\\/fr\\\/stories\\\/mennonites-tanzanie-invitent-monde-arusha\\\/#primaryimage\"},\"image\":{\"@id\":\"https:\\\/\\\/mwc-cmm.org\\\/fr\\\/stories\\\/mennonites-tanzanie-invitent-monde-arusha\\\/#primaryimage\"},\"thumbnailUrl\":\"https:\\\/\\\/mwc-cmm.org\\\/wp-content\\\/uploads\\\/2026\\\/03\\\/202602LiesaUnger.jpg\",\"datePublished\":\"2026-03-19T21:04:17+00:00\",\"dateModified\":\"2026-03-19T22:55:07+00:00\",\"description\":\"L\u2019Assembl\u00e9e de la CMM reste en Afrique de l\u2019Est: Les mennonites de Tanzanie invitent le monde entier \u00e0 Arusha.\",\"breadcrumb\":{\"@id\":\"https:\\\/\\\/mwc-cmm.org\\\/fr\\\/stories\\\/mennonites-tanzanie-invitent-monde-arusha\\\/#breadcrumb\"},\"inLanguage\":\"fr-FR\",\"potentialAction\":[{\"@type\":\"ReadAction\",\"target\":[\"https:\\\/\\\/mwc-cmm.org\\\/fr\\\/stories\\\/mennonites-tanzanie-invitent-monde-arusha\\\/\"]}]},{\"@type\":\"ImageObject\",\"inLanguage\":\"fr-FR\",\"@id\":\"https:\\\/\\\/mwc-cmm.org\\\/fr\\\/stories\\\/mennonites-tanzanie-invitent-monde-arusha\\\/#primaryimage\",\"url\":\"https:\\\/\\\/mwc-cmm.org\\\/wp-content\\\/uploads\\\/2026\\\/03\\\/202602LiesaUnger.jpg\",\"contentUrl\":\"https:\\\/\\\/mwc-cmm.org\\\/wp-content\\\/uploads\\\/2026\\\/03\\\/202602LiesaUnger.jpg\",\"width\":1366,\"height\":768},{\"@type\":\"BreadcrumbList\",\"@id\":\"https:\\\/\\\/mwc-cmm.org\\\/fr\\\/stories\\\/mennonites-tanzanie-invitent-monde-arusha\\\/#breadcrumb\",\"itemListElement\":[{\"@type\":\"ListItem\",\"position\":1,\"name\":\"Home\",\"item\":\"https:\\\/\\\/mwc-cmm.org\\\/fr\\\/\"},{\"@type\":\"ListItem\",\"position\":2,\"name\":\"Les mennonites de Tanzanie invitent le monde entier \u00e0 Arusha\"}]},{\"@type\":\"WebSite\",\"@id\":\"https:\\\/\\\/mwc-cmm.org\\\/en\\\/#website\",\"url\":\"https:\\\/\\\/mwc-cmm.org\\\/en\\\/\",\"name\":\"Mennonite World Conference\",\"description\":\"A communion of Anabaptist-related churches\",\"publisher\":{\"@id\":\"https:\\\/\\\/mwc-cmm.org\\\/en\\\/#organization\"},\"alternateName\":\"MWC\",\"potentialAction\":[{\"@type\":\"SearchAction\",\"target\":{\"@type\":\"EntryPoint\",\"urlTemplate\":\"https:\\\/\\\/mwc-cmm.org\\\/en\\\/?s={search_term_string}\"},\"query-input\":{\"@type\":\"PropertyValueSpecification\",\"valueRequired\":true,\"valueName\":\"search_term_string\"}}],\"inLanguage\":\"fr-FR\"},{\"@type\":\"Organization\",\"@id\":\"https:\\\/\\\/mwc-cmm.org\\\/en\\\/#organization\",\"name\":\"Mennonite World Conference\",\"alternateName\":\"MWC\",\"url\":\"https:\\\/\\\/mwc-cmm.org\\\/en\\\/\",\"logo\":{\"@type\":\"ImageObject\",\"inLanguage\":\"fr-FR\",\"@id\":\"https:\\\/\\\/mwc-cmm.org\\\/en\\\/#\\\/schema\\\/logo\\\/image\\\/\",\"url\":\"https:\\\/\\\/mwc-cmm.org\\\/wp-content\\\/uploads\\\/2026\\\/01\\\/MWC_Sig_Blue_Horiz_webheader1-logo.svg\",\"contentUrl\":\"https:\\\/\\\/mwc-cmm.org\\\/wp-content\\\/uploads\\\/2026\\\/01\\\/MWC_Sig_Blue_Horiz_webheader1-logo.svg\",\"width\":786,\"height\":82,\"caption\":\"Mennonite World Conference\"},\"image\":{\"@id\":\"https:\\\/\\\/mwc-cmm.org\\\/en\\\/#\\\/schema\\\/logo\\\/image\\\/\"},\"sameAs\":[\"https:\\\/\\\/www.facebook.com\\\/MennoniteWorldConference\",\"https:\\\/\\\/www.linkedin.com\\\/company\\\/mennonite-world-conference-mwc\\\/\",\"https:\\\/\\\/www.instagram.com\\\/mwcmm\\\/\",\"https:\\\/\\\/www.youtube.com\\\/user\\\/mwccmm\",\"https:\\\/\\\/bsky.app\\\/profile\\\/mwcmm.bsky.social\"]},{\"@type\":\"Person\",\"@id\":\"https:\\\/\\\/mwc-cmm.org\\\/en\\\/#\\\/schema\\\/person\\\/00b62ed8ea1527254a44f3ace3aee79d\",\"name\":\"Stephanie Setiawan\",\"image\":{\"@type\":\"ImageObject\",\"inLanguage\":\"fr-FR\",\"@id\":\"https:\\\/\\\/secure.gravatar.com\\\/avatar\\\/71b4b62cf3d0cfb4c8a367a101127ba8adfa1c22417900980ea24f5f4457a76d?s=96&d=mm&r=g\",\"url\":\"https:\\\/\\\/secure.gravatar.com\\\/avatar\\\/71b4b62cf3d0cfb4c8a367a101127ba8adfa1c22417900980ea24f5f4457a76d?s=96&d=mm&r=g\",\"contentUrl\":\"https:\\\/\\\/secure.gravatar.com\\\/avatar\\\/71b4b62cf3d0cfb4c8a367a101127ba8adfa1c22417900980ea24f5f4457a76d?s=96&d=mm&r=g\",\"caption\":\"Stephanie Setiawan\"},\"url\":\"https:\\\/\\\/mwc-cmm.org\\\/fr\\\/stories\\\/author\\\/stephanie\\\/\"}]}<\/script>\n<!-- \/ Yoast SEO plugin. -->","yoast_head_json":{"title":"Les mennonites de Tanzanie invitent le monde entier \u00e0 Arusha - Mennonite World Conference","description":"L\u2019Assembl\u00e9e de la CMM reste en Afrique de l\u2019Est: Les mennonites de Tanzanie invitent le monde entier \u00e0 Arusha.","robots":{"index":"index","follow":"follow","max-snippet":"max-snippet:-1","max-image-preview":"max-image-preview:large","max-video-preview":"max-video-preview:-1"},"canonical":"https:\/\/mwc-cmm.org\/fr\/stories\/mennonites-tanzanie-invitent-monde-arusha\/","og_locale":"fr_FR","og_type":"article","og_title":"Les mennonites de Tanzanie invitent le monde entier \u00e0 Arusha - Mennonite World Conference","og_description":"L\u2019Assembl\u00e9e de la CMM reste en Afrique de l\u2019Est: Les mennonites de Tanzanie invitent le monde entier \u00e0 Arusha.","og_url":"https:\/\/mwc-cmm.org\/fr\/stories\/mennonites-tanzanie-invitent-monde-arusha\/","og_site_name":"Mennonite World Conference","article_publisher":"https:\/\/www.facebook.com\/MennoniteWorldConference","article_published_time":"2026-03-19T21:04:17+00:00","article_modified_time":"2026-03-19T22:55:07+00:00","og_image":[{"width":1366,"height":768,"url":"https:\/\/mwc-cmm.org\/wp-content\/uploads\/2026\/03\/202602LiesaUnger.jpg","type":"image\/jpeg"}],"author":"Stephanie Setiawan","schema":{"@context":"https:\/\/schema.org","@graph":[{"@type":"Article","@id":"https:\/\/mwc-cmm.org\/fr\/stories\/mennonites-tanzanie-invitent-monde-arusha\/#article","isPartOf":{"@id":"https:\/\/mwc-cmm.org\/fr\/stories\/mennonites-tanzanie-invitent-monde-arusha\/"},"author":{"name":"Stephanie Setiawan","@id":"https:\/\/mwc-cmm.org\/en\/#\/schema\/person\/00b62ed8ea1527254a44f3ace3aee79d"},"headline":"Les mennonites de Tanzanie invitent le monde entier \u00e0 Arusha","datePublished":"2026-03-19T21:04:17+00:00","dateModified":"2026-03-19T22:55:07+00:00","mainEntityOfPage":{"@id":"https:\/\/mwc-cmm.org\/fr\/stories\/mennonites-tanzanie-invitent-monde-arusha\/"},"wordCount":824,"publisher":{"@id":"https:\/\/mwc-cmm.org\/en\/#organization"},"image":{"@id":"https:\/\/mwc-cmm.org\/fr\/stories\/mennonites-tanzanie-invitent-monde-arusha\/#primaryimage"},"thumbnailUrl":"https:\/\/mwc-cmm.org\/wp-content\/uploads\/2026\/03\/202602LiesaUnger.jpg","keywords":["Afrique","Assembl\u00e9e","Assembl\u00e9e r\u00e9unie","Tanzanie"],"articleSection":["Non classifi\u00e9(e)"],"inLanguage":"fr-FR"},{"@type":"WebPage","@id":"https:\/\/mwc-cmm.org\/fr\/stories\/mennonites-tanzanie-invitent-monde-arusha\/","url":"https:\/\/mwc-cmm.org\/fr\/stories\/mennonites-tanzanie-invitent-monde-arusha\/","name":"Les mennonites de Tanzanie invitent le monde entier \u00e0 Arusha - Mennonite World Conference","isPartOf":{"@id":"https:\/\/mwc-cmm.org\/en\/#website"},"primaryImageOfPage":{"@id":"https:\/\/mwc-cmm.org\/fr\/stories\/mennonites-tanzanie-invitent-monde-arusha\/#primaryimage"},"image":{"@id":"https:\/\/mwc-cmm.org\/fr\/stories\/mennonites-tanzanie-invitent-monde-arusha\/#primaryimage"},"thumbnailUrl":"https:\/\/mwc-cmm.org\/wp-content\/uploads\/2026\/03\/202602LiesaUnger.jpg","datePublished":"2026-03-19T21:04:17+00:00","dateModified":"2026-03-19T22:55:07+00:00","description":"L\u2019Assembl\u00e9e de la CMM reste en Afrique de l\u2019Est: Les mennonites de Tanzanie invitent le monde entier \u00e0 Arusha.","breadcrumb":{"@id":"https:\/\/mwc-cmm.org\/fr\/stories\/mennonites-tanzanie-invitent-monde-arusha\/#breadcrumb"},"inLanguage":"fr-FR","potentialAction":[{"@type":"ReadAction","target":["https:\/\/mwc-cmm.org\/fr\/stories\/mennonites-tanzanie-invitent-monde-arusha\/"]}]},{"@type":"ImageObject","inLanguage":"fr-FR","@id":"https:\/\/mwc-cmm.org\/fr\/stories\/mennonites-tanzanie-invitent-monde-arusha\/#primaryimage","url":"https:\/\/mwc-cmm.org\/wp-content\/uploads\/2026\/03\/202602LiesaUnger.jpg","contentUrl":"https:\/\/mwc-cmm.org\/wp-content\/uploads\/2026\/03\/202602LiesaUnger.jpg","width":1366,"height":768},{"@type":"BreadcrumbList","@id":"https:\/\/mwc-cmm.org\/fr\/stories\/mennonites-tanzanie-invitent-monde-arusha\/#breadcrumb","itemListElement":[{"@type":"ListItem","position":1,"name":"Home","item":"https:\/\/mwc-cmm.org\/fr\/"},{"@type":"ListItem","position":2,"name":"Les mennonites de Tanzanie invitent le monde entier \u00e0 Arusha"}]},{"@type":"WebSite","@id":"https:\/\/mwc-cmm.org\/en\/#website","url":"https:\/\/mwc-cmm.org\/en\/","name":"Mennonite World Conference","description":"A communion of Anabaptist-related churches","publisher":{"@id":"https:\/\/mwc-cmm.org\/en\/#organization"},"alternateName":"MWC","potentialAction":[{"@type":"SearchAction","target":{"@type":"EntryPoint","urlTemplate":"https:\/\/mwc-cmm.org\/en\/?s={search_term_string}"},"query-input":{"@type":"PropertyValueSpecification","valueRequired":true,"valueName":"search_term_string"}}],"inLanguage":"fr-FR"},{"@type":"Organization","@id":"https:\/\/mwc-cmm.org\/en\/#organization","name":"Mennonite World Conference","alternateName":"MWC","url":"https:\/\/mwc-cmm.org\/en\/","logo":{"@type":"ImageObject","inLanguage":"fr-FR","@id":"https:\/\/mwc-cmm.org\/en\/#\/schema\/logo\/image\/","url":"https:\/\/mwc-cmm.org\/wp-content\/uploads\/2026\/01\/MWC_Sig_Blue_Horiz_webheader1-logo.svg","contentUrl":"https:\/\/mwc-cmm.org\/wp-content\/uploads\/2026\/01\/MWC_Sig_Blue_Horiz_webheader1-logo.svg","width":786,"height":82,"caption":"Mennonite World Conference"},"image":{"@id":"https:\/\/mwc-cmm.org\/en\/#\/schema\/logo\/image\/"},"sameAs":["https:\/\/www.facebook.com\/MennoniteWorldConference","https:\/\/www.linkedin.com\/company\/mennonite-world-conference-mwc\/","https:\/\/www.instagram.com\/mwcmm\/","https:\/\/www.youtube.com\/user\/mwccmm","https:\/\/bsky.app\/profile\/mwcmm.bsky.social"]},{"@type":"Person","@id":"https:\/\/mwc-cmm.org\/en\/#\/schema\/person\/00b62ed8ea1527254a44f3ace3aee79d","name":"Stephanie Setiawan","image":{"@type":"ImageObject","inLanguage":"fr-FR","@id":"https:\/\/secure.gravatar.com\/avatar\/71b4b62cf3d0cfb4c8a367a101127ba8adfa1c22417900980ea24f5f4457a76d?s=96&d=mm&r=g","url":"https:\/\/secure.gravatar.com\/avatar\/71b4b62cf3d0cfb4c8a367a101127ba8adfa1c22417900980ea24f5f4457a76d?s=96&d=mm&r=g","contentUrl":"https:\/\/secure.gravatar.com\/avatar\/71b4b62cf3d0cfb4c8a367a101127ba8adfa1c22417900980ea24f5f4457a76d?s=96&d=mm&r=g","caption":"Stephanie Setiawan"},"url":"https:\/\/mwc-cmm.org\/fr\/stories\/author\/stephanie\/"}]}},"_links":{"self":[{"href":"https:\/\/mwc-cmm.org\/fr\/wp-json\/wp\/v2\/posts\/125491","targetHints":{"allow":["GET"]}}],"collection":[{"href":"https:\/\/mwc-cmm.org\/fr\/wp-json\/wp\/v2\/posts"}],"about":[{"href":"https:\/\/mwc-cmm.org\/fr\/wp-json\/wp\/v2\/types\/post"}],"author":[{"embeddable":true,"href":"https:\/\/mwc-cmm.org\/fr\/wp-json\/wp\/v2\/users\/8"}],"replies":[{"embeddable":true,"href":"https:\/\/mwc-cmm.org\/fr\/wp-json\/wp\/v2\/comments?post=125491"}],"version-history":[{"count":0,"href":"https:\/\/mwc-cmm.org\/fr\/wp-json\/wp\/v2\/posts\/125491\/revisions"}],"wp:featuredmedia":[{"embeddable":true,"href":"https:\/\/mwc-cmm.org\/fr\/wp-json\/wp\/v2\/media\/125325"}],"wp:attachment":[{"href":"https:\/\/mwc-cmm.org\/fr\/wp-json\/wp\/v2\/media?parent=125491"}],"wp:term":[{"taxonomy":"category","embeddable":true,"href":"https:\/\/mwc-cmm.org\/fr\/wp-json\/wp\/v2\/categories?post=125491"},{"taxonomy":"post_tag","embeddable":true,"href":"https:\/\/mwc-cmm.org\/fr\/wp-json\/wp\/v2\/tags?post=125491"},{"taxonomy":"network","embeddable":true,"href":"https:\/\/mwc-cmm.org\/fr\/wp-json\/wp\/v2\/network?post=125491"},{"taxonomy":"eventcategory","embeddable":true,"href":"https:\/\/mwc-cmm.org\/fr\/wp-json\/wp\/v2\/eventcategory?post=125491"}],"curies":[{"name":"wp","href":"https:\/\/api.w.org\/{rel}","templated":true}]}}