{"id":124682,"date":"2026-03-08T22:53:45","date_gmt":"2026-03-08T22:53:45","guid":{"rendered":"https:\/\/mwc-cmm.org\/?p=124682"},"modified":"2026-03-18T10:47:59","modified_gmt":"2026-03-18T10:47:59","slug":"une-unite-qui-sentend","status":"publish","type":"post","link":"https:\/\/mwc-cmm.org\/fr\/stories\/une-unite-qui-sentend\/","title":{"rendered":"Une unit\u00e9 qui s\u2019entend"},"content":{"rendered":"\n<h2 class=\"wp-block-heading is-style-green-eyebrow\">Inspiration et r\u00e9flexion<\/h2>\n\n\n\n<div class=\"wp-block-columns is-layout-flex wp-container-core-columns-is-layout-28f84493 wp-block-columns-is-layout-flex\">\n<div class=\"wp-block-column is-layout-flow wp-block-column-is-layout-flow\" style=\"flex-basis:66.66%\">\n<p>Louer ensemble, et particuli\u00e8rement chanter ensemble, est souvent cit\u00e9 comme l\u2019un des moments forts des Assembl\u00e9es de la Conf\u00e9rence&nbsp;mennonite&nbsp;mondiale. Apr\u00e8s tout, rien ne vaut le fait de chanter avec plusieurs milliers de fr\u00e8res et s\u0153urs en Christ r\u00e9unis. M\u00eame lorsque tout le monde ne parle pas la m\u00eame langue, la musique a ce pouvoir d\u2019unir que d\u2019autres moments n\u2019ont pas.&nbsp;<\/p>\n\n\n\n<p>Le chant est annonc\u00e9, et&nbsp;sur l\u2019\u00e9cran apparaissent les mots d\u2019une langue que beaucoup dans la salle ne parlent pas couramment, voire pas du tout.&nbsp;<\/p>\n\n\n\n<p>La m\u00e9lodie peut sembler inconnue, le rythme l\u00e9g\u00e8rement diff\u00e9rent de ce \u00e0 quoi le corps s\u2019attend.&nbsp;<\/p>\n\n\n\n<p>Des choristes&nbsp;du&nbsp;monde entier aident&nbsp;\u00e0 lancer le chant. Puis, progressivement, le son communautaire prend forme.&nbsp;<\/p>\n\n\n\n<p>Des milliers de voix, portant des accents diff\u00e9rents, des formes de voyelles vari\u00e9es et des instincts musicaux distincts, commencent \u00e0 r\u00e9sonner ensemble.&nbsp;<\/p>\n\n\n\n<p>Lors des&nbsp;<a href=\"https:\/\/mwc-cmm.org\/fr\/assemblee-reunie\/\" type=\"link\" id=\"https:\/\/mwc-cmm.org\/fr\/assemblee-reunie\/\">Assembl\u00e9es de la Conf\u00e9rence&nbsp;mennonite<\/a><br><a href=\"https:\/\/mwc-cmm.org\/fr\/assemblee-reunie\/\" type=\"link\" id=\"https:\/\/mwc-cmm.org\/fr\/assemblee-reunie\/\">mondiale<\/a>, l\u2019unit\u00e9 est quelque chose que l\u2019on peut entendre.&nbsp;<\/p>\n\n\n\n<p>Le son n\u2019est jamais impeccable\u202f: certains mots sont mal prononc\u00e9s, certaines harmonies sont floues,&nbsp;mais, dans ces instants, il se passe quelque chose d\u2019ind\u00e9niable.&nbsp;Des personnes qui vivent leur culte diff\u00e9remment, qui ont des perspectives diff\u00e9rentes et qui viennent de contextes tr\u00e8s diff\u00e9rents s\u2019engagent \u00e0 chanter&nbsp;le m\u00eame chant&nbsp;au m\u00eame moment.&nbsp;<\/p>\n\n\n\n<p>Personne ne chante seul. Personne ne chante exactement de la m\u00eame mani\u00e8re. Une v\u00e9rit\u00e9 plus profonde est mise en lumi\u00e8re\u202f: l\u2019unit\u00e9 dans une \u00c9glise mondiale ne se d\u00e9couvre pas en effa\u00e7ant les diff\u00e9rences, mais en apprenant \u00e0 les maintenir ensemble dans un son.&nbsp;<\/p>\n\n\n\n<p>Le but de cet article est d\u2019explorer le r\u00f4le que la musique a jou\u00e9 au cours d\u2019un si\u00e8cle&nbsp;d\u2019Assembl\u00e9es&nbsp;de la CMM, comment elle a \u00e9volu\u00e9 \u00e0 mesure que la communion mennonite s\u2019est mondialis\u00e9e, et comment le fait de chanter ensemble continue de fa\u00e7onner un sentiment d\u2019unit\u00e9 v\u00e9cu.&nbsp;<\/p>\n\n\n\n<p>La premi\u00e8re rencontre de la Conf\u00e9rence&nbsp;mennonite<br>mondiale a eu lieu en 1925 \u00e0 B\u00e2le, en Suisse, pour comm\u00e9morer le 400<sup>\u00e8me<\/sup>\u202fanniversaire de la R\u00e9forme anabaptiste. Alors que l\u2019\u00c9glise mondiale vient de c\u00e9l\u00e9brer son 500<sup>\u00e8me<\/sup>\u202fanniversaire, le moment semble opportun pour r\u00e9fl\u00e9chir aux&nbsp;Assembl\u00e9es du si\u00e8cle dernier, \u00e0 travers le prisme particulier de la musique.&nbsp;<\/p>\n\n\n\n<p>Les recueils de chants cr\u00e9\u00e9s pour chaque rassemblement permettent de retracer ce qui a \u00e9t\u00e9 chant\u00e9 lors des&nbsp;Assembl\u00e9es de la CMM. Bien&nbsp;qu\u2019aucun recueil ne reprenne tout ce qui a \u00e9t\u00e9 chant\u00e9 ou entendu (et que certains chants imprim\u00e9s ne soient jamais utilis\u00e9s), ils offrent un aper\u00e7u concret de la vision que l\u2019\u00c9glise mondiale a d\u2019elle-m\u00eame, de son unit\u00e9 et des voix qui sont invit\u00e9es \u00e0 participer au culte communautaire.&nbsp;<\/p>\n\n\n\n<figure class=\"wp-block-image size-full\"><img decoding=\"async\" width=\"568\" height=\"451\" data-src=\"https:\/\/mwc-cmm.org\/wp-content\/uploads\/2026\/03\/1962MCUSAArchive14252000519_d4b29ef49b_o.jpg\" alt=\"choir at MWC assembly\" class=\"wp-image-124702 lazyload\" data-srcset=\"https:\/\/mwc-cmm.org\/wp-content\/uploads\/2026\/03\/1962MCUSAArchive14252000519_d4b29ef49b_o.jpg 568w, https:\/\/mwc-cmm.org\/wp-content\/uploads\/2026\/03\/1962MCUSAArchive14252000519_d4b29ef49b_o-300x238.jpg 300w\" data-sizes=\"(max-width: 568px) 100vw, 568px\" src=\"data:image\/svg+xml;base64,PHN2ZyB3aWR0aD0iMSIgaGVpZ2h0PSIxIiB4bWxucz0iaHR0cDovL3d3dy53My5vcmcvMjAwMC9zdmciPjwvc3ZnPg==\" style=\"--smush-placeholder-width: 568px; --smush-placeholder-aspect-ratio: 568\/451;\" \/><figcaption class=\"wp-element-caption\"><em><sup>7\u00e8me Assembl\u00e9e, 1962, Kitchener (Canada)<\/sup><\/em><\/figcaption><\/figure>\n\n\n\n<h3 class=\"wp-block-heading\">Chanter ensemble notre foi, l\u2019importance de la musique&nbsp;<\/h3>\n\n\n\n<p>Chanter ensemble exige de nous quelque chose que peu d\u2019autres pratiques collectives demandent.&nbsp;Cela&nbsp;requiert&nbsp;de la vuln\u00e9rabilit\u00e9 et de la confiance, et ne peut se faire en priv\u00e9 au sein d\u2019une foule.&nbsp;<\/p>\n\n\n\n<p>Les voix sont r\u00e9v\u00e9l\u00e9es, le souffle est partag\u00e9 et le tempo est n\u00e9goci\u00e9 en temps r\u00e9el. Chanter ensemble, c\u2019est autant \u00e9couter que se faire entendre.&nbsp;<\/p>\n\n\n\n<p>Pour une communion mondiale comme la Conf\u00e9rence&nbsp;mennonite&nbsp;mondiale, cela rev\u00eat une importance capitale. L\u2019unit\u00e9 au sein de la CMM ne signifie pas une uniformit\u00e9 totale des croyances, des pratiques ou des perspectives. La communaut\u00e9 s\u2019\u00e9tend sur plusieurs continents, cultures et histoires fa\u00e7onn\u00e9es par des r\u00e9alit\u00e9s sociales et politiques tr\u00e8s diff\u00e9rentes.&nbsp;&nbsp;<\/p>\n\n\n\n<p>Pourtant, encore et encore, l\u2019\u00c9glise se rassemble et choisit de louer. Ce faisant, elle pratique une forme d\u2019unit\u00e9 qui ne d\u00e9pend pas de l\u2019effacement de toutes les diff\u00e9rences, mais de l\u2019engagement envers des&nbsp;convictions&nbsp;communes, m\u00eame si ces convictions s\u2019incarnent de diverses mani\u00e8res.&nbsp;<\/p>\n\n\n\n<p>Lors des&nbsp;Assembl\u00e9es de la CMM, cette unit\u00e9 s\u2019exprime souvent \u00e0 travers ce que l\u2019on pourrait appeler des&nbsp;\u00ab\u202fchants du c\u0153ur\u202f\u00bb\u202f: des chants chers \u00e0 certaines communaut\u00e9s et qui racontent leur t\u00e9moignage de foi, de souffrance, d\u2019espoir et de joie.&nbsp;<\/p>\n\n\n\n<p>Ces chants n\u2019ont pas n\u00e9cessairement la m\u00eame signification pour tous ceux qui les chantent. Au contraire, ils invitent \u00e0 prendre conscience des diff\u00e9rents styles musicaux, des nuances th\u00e9ologiques, des langues utilis\u00e9es dans les textes et des pratiques cultuelles. Chanter les&nbsp;\u00ab\u202fchants du c\u0153ur\u202f\u00bb&nbsp;les uns des autres devient un moyen d\u2019apprendre qui nous sommes,&nbsp;ensemble.&nbsp;<\/p>\n\n\n\n<p>Cette pratique comporte des risques\u202f:&nbsp;les mots peuvent \u00eatre mal prononc\u00e9s ou mal compris,&nbsp;les formes musicales peuvent sembler inhabituelles ou d\u00e9rangeantes\u202f: Pourtant, c\u2019est pr\u00e9cis\u00e9ment dans cette vuln\u00e9rabilit\u00e9 que la musique joue son r\u00f4le le plus important.&nbsp;<\/p>\n\n\n\n<p>Une unit\u00e9 qui ne co\u00fbte rien n\u2019exige pas grand-chose de nous. En revanche, chanter malgr\u00e9 les diff\u00e9rences apprend \u00e0 l\u2019\u00c9glise \u00e0 \u00e9couter avant de diriger, \u00e0 suivre avant de fa\u00e7onner et \u00e0 remettre en question ses convictions profondes sur le culte et la musique.&nbsp;<\/p>\n\n\n\n<figure class=\"wp-block-image size-full\"><img decoding=\"async\" width=\"600\" height=\"460\" data-src=\"https:\/\/mwc-cmm.org\/wp-content\/uploads\/2026\/03\/1978MCUSAArchive14452758965_c84ebbbe4d_o.jpg\" alt=\"group of Africa singing\" class=\"wp-image-124716 lazyload\" data-srcset=\"https:\/\/mwc-cmm.org\/wp-content\/uploads\/2026\/03\/1978MCUSAArchive14452758965_c84ebbbe4d_o.jpg 600w, https:\/\/mwc-cmm.org\/wp-content\/uploads\/2026\/03\/1978MCUSAArchive14452758965_c84ebbbe4d_o-300x230.jpg 300w\" data-sizes=\"(max-width: 600px) 100vw, 600px\" src=\"data:image\/svg+xml;base64,PHN2ZyB3aWR0aD0iMSIgaGVpZ2h0PSIxIiB4bWxucz0iaHR0cDovL3d3dy53My5vcmcvMjAwMC9zdmciPjwvc3ZnPg==\" style=\"--smush-placeholder-width: 600px; --smush-placeholder-aspect-ratio: 600\/460;\" \/><figcaption class=\"wp-element-caption\"><em><sup>10\u00e8me Assembl\u00e9e, 1978, Wichita (\u00c9tats-Unis)<\/sup><\/em><\/figcaption><\/figure>\n\n\n\n<h3 class=\"wp-block-heading\">Recueils de&nbsp;chants et&nbsp;tournant d\u00e9cisif\u202f: 1967-1972&nbsp;<\/h3>\n\n\n\n<p>Un recueil de chants n\u2019est jamais une compilation neutre. Chaque inclusion ou omission refl\u00e8te un ensemble de valeurs\u202f: quelle th\u00e9ologie est mentionn\u00e9e, quelle langue est entendue et quels styles musicaux sont consid\u00e9r\u00e9s comme chantables par une communaut\u00e9 mondiale.&nbsp;<\/p>\n\n\n\n<p>\u00c0 mesure que la Conf\u00e9rence&nbsp;mennonite&nbsp;mondiale s\u2019est internationalis\u00e9e, ses recueils de chants sont devenus de plus en plus complexes.&nbsp;<\/p>\n\n\n\n<p>Les proc\u00e8s-verbaux de la premi\u00e8re Assembl\u00e9e de la CMM en 1925 mentionnent des chorales et des chefs de ch\u0153urs, mais le premier recueil de chants imprim\u00e9 sp\u00e9cifiquement pour une&nbsp;Assembl\u00e9e date de 1936, lors du rassemblement \u00e0 Amsterdam et&nbsp;Elspeet, aux Pays-Bas. Avant cela, les&nbsp;Assembl\u00e9es chantaient probablement \u00e0 partir des recueils de cantiques existants disponibles dans les lieux de culte.&nbsp;<\/p>\n\n\n\n<p>Ces premiers recueils de chants de l\u2019Assembl\u00e9e contenaient exclusivement des cantiques europ\u00e9ens et nord-am\u00e9ricains, g\u00e9n\u00e9ralement en anglais, allemand, fran\u00e7ais et n\u00e9erlandais.&nbsp;<\/p>\n\n\n\n<p>\u00c0 mesure que la repr\u00e9sentation au sein de la CMM se diversifiait, en particulier&nbsp;suite \u00e0&nbsp;l\u2019expansion significative dans les pays du Sud, ce panorama musical devenait de plus en plus incongru. Lors de l\u2019Assembl\u00e9e de 1967 \u00e0 Amsterdam, qui r\u00e9unissait des d\u00e9l\u00e9gu\u00e9s de plus de 30\u202fpays, les participants ont pris conscience que la communion mennonite \u00e9tait en train de changer.&nbsp;<\/p>\n\n\n\n<p>La diversit\u00e9 des cultures, des langues et des couleurs de peau n\u2019\u00e9tait plus un \u00e9l\u00e9ment marginal\u202f: elle \u00e9tait bien pr\u00e9sente dans la salle.&nbsp;<\/p>\n\n\n\n<p>Ce moment a marqu\u00e9 un tournant.&nbsp;<\/p>\n\n\n\n<p>L\u2019Assembl\u00e9e suivante, qui s\u2019est tenue en 1972 \u00e0 Curitiba, au Br\u00e9sil, a \u00e9t\u00e9 la premi\u00e8re Assembl\u00e9e de la CMM dans l\u2019h\u00e9misph\u00e8re sud. L\u2019historien Cornelius Dyck a saisi le d\u00e9fi auquel l\u2019\u00c9glise \u00e9tait confront\u00e9e en posant une question pertinente\u202f: \u00ab\u2009Quel type d\u2019unit\u00e9 est possible et souhaitable dans une fraternit\u00e9 mondiale o\u00f9 chaque&nbsp;Assembl\u00e9e n\u2019est finalement responsable que d\u2019elle-m\u00eame\u2009?\u2009\u00bb&nbsp;<\/p>\n\n\n\n<p>L\u2019Assembl\u00e9e au Br\u00e9sil s\u2019est d\u00e9roul\u00e9e dans un contexte difficile, marqu\u00e9 notamment par la r\u00e9pression politique sous le r\u00e9gime militaire et des difficult\u00e9s de traduction et d\u2019acc\u00e8s linguistique.&nbsp;<\/p>\n\n\n\n<p>Pourtant, les comptes rendus font \u00e9tat d\u2019une impression particuli\u00e8rement positive concernant la musique. Les chants communs ont \u00e9t\u00e9 accueillis par des applaudissements enthousiastes et, pour la premi\u00e8re fois, des groupes d\u2019Am\u00e9rique du Sud se sont produits. Seul un tiers des participants venait d\u2019Europe et d\u2019Am\u00e9rique du Nord. Un groupe de travail sur la musique a reconnu la n\u00e9cessit\u00e9 d\u2019avoir des chants de diff\u00e9rentes \u00e9poques, styles et cultures afin de mieux refl\u00e9ter l\u2019\u00c9glise mondiale.&nbsp;<\/p>\n\n\n\n<p>Des changements organisationnels ont \u00e9galement suivi. Les r\u00e9unions du Conseil&nbsp;g\u00e9n\u00e9ral ont commenc\u00e9 \u00e0 se tenir dans les pays du Sud, des conf\u00e9rences r\u00e9gionales ont \u00e9t\u00e9 organis\u00e9es et les r\u00e9seaux missionnaires se sont \u00e9tendus \u00e0 plus de 50\u202fpays o\u00f9 les \u00c9glises connaissaient souvent une croissance plus rapide que celles du Nord.&nbsp;<\/p>\n\n\n\n<p>La Conf\u00e9rence&nbsp;mennonite&nbsp;mondiale a clarifi\u00e9 son objectif en tant que \u00ab\u2009canal de communion et de t\u00e9moignage\u2009\u00bb, mettant l\u2019accent sur la communication, l\u2019encouragement mutuel et la responsabilit\u00e9 partag\u00e9e. Elle a \u00e9galement cr\u00e9\u00e9 par la suite un poste de Secr\u00e9taire&nbsp;g\u00e9n\u00e9ral&nbsp;r\u00e9mun\u00e9r\u00e9, passant d\u2019une direction de la CMM assur\u00e9e principalement par des historiens \u00e0 une direction assur\u00e9e par des personnes ayant une exp\u00e9rience dans le domaine de la mission.&nbsp;<\/p>\n\n\n\n<figure class=\"wp-block-image size-large\"><img decoding=\"async\" width=\"1024\" height=\"768\" data-src=\"https:\/\/mwc-cmm.org\/wp-content\/uploads\/2026\/03\/81LO.choir_-1024x768.jpg\" alt=\"choir group from Africa at MWC assembly\" class=\"wp-image-124688 lazyload\" data-srcset=\"https:\/\/mwc-cmm.org\/wp-content\/uploads\/2026\/03\/81LO.choir_-1024x768.jpg 1024w, https:\/\/mwc-cmm.org\/wp-content\/uploads\/2026\/03\/81LO.choir_-300x225.jpg 300w, https:\/\/mwc-cmm.org\/wp-content\/uploads\/2026\/03\/81LO.choir_-768x576.jpg 768w, https:\/\/mwc-cmm.org\/wp-content\/uploads\/2026\/03\/81LO.choir_.jpg 1280w\" data-sizes=\"(max-width: 1024px) 100vw, 1024px\" src=\"data:image\/svg+xml;base64,PHN2ZyB3aWR0aD0iMSIgaGVpZ2h0PSIxIiB4bWxucz0iaHR0cDovL3d3dy53My5vcmcvMjAwMC9zdmciPjwvc3ZnPg==\" style=\"--smush-placeholder-width: 1024px; --smush-placeholder-aspect-ratio: 1024\/768;\" \/><figcaption class=\"wp-element-caption\"><em><sup>14\u00e8me Assembl\u00e9e, 2003, Bulawayo (Zimbabwe)<\/sup><\/em><\/figcaption><\/figure>\n\n\n\n<h3 class=\"wp-block-heading\">Ce que nous apprenons&nbsp;en&nbsp;chantant&nbsp;ensemble&nbsp;<\/h3>\n\n\n\n<p>\u00c0 partir des ann\u00e9es\u202f1970, les&nbsp;Assembl\u00e9es de la CMM ont continu\u00e9 \u00e0 cro\u00eetre en taille et en diversit\u00e9. Des recueils internationaux de chants,&nbsp;repr\u00e9sentant d\u00e9lib\u00e9r\u00e9ment le monde entier,&nbsp;ont \u00e9t\u00e9 d\u00e9velopp\u00e9s&nbsp;\u00e0 partir de l\u2019Assembl\u00e9e de 1978 \u00e0 Wichita.&nbsp;<\/p>\n\n\n\n<p>Davantage&nbsp;de langues&nbsp;sont apparues&nbsp;sur les pages et dans les cultes, parfois&nbsp;avec l\u2019aide d\u2019une traduction simultan\u00e9e. \u00c0 partir de&nbsp;ce&nbsp;recueil, les&nbsp;\u00ab\u202fchants du c\u0153ur\u202f\u00bb&nbsp;de chaque continent ont \u00e9t\u00e9 privil\u00e9gi\u00e9s. Les femmes ont jou\u00e9 un r\u00f4le de plus en plus visible dans la musique, notamment des&nbsp;personnalit\u00e9s telles que Mary&nbsp;Oyer&nbsp;en tant que&nbsp;cheffe&nbsp;de ch\u0153ur. Pour la premi\u00e8re fois, le pr\u00e9sident n\u2019\u00e9tait ni am\u00e9ricain ni allemand, mais \u00e9thiopien.&nbsp;<\/p>\n\n\n\n<p>Lors de l\u2019Assembl\u00e9e de 1984 \u00e0 Strasbourg, la forme de l\u2019Assembl\u00e9e moderne de la CMM avait commenc\u00e9 \u00e0 se dessiner&nbsp;: un comit\u00e9 du programme, un sous-comit\u00e9 musique et culte,&nbsp;une structure th\u00e9matique rythm\u00e9e par les journ\u00e9es&nbsp;et une musique tiss\u00e9e tout au long de l\u2019Assembl\u00e9e. Des musiciens du monde entier se sont produits, montrant que l\u2019unit\u00e9 n\u00e9cessite une intention et une pratique.&nbsp;<\/p>\n\n\n\n<p>L\u2019unit\u00e9 form\u00e9e par le chant lors des Assembl\u00e9es de la CMM n\u2019est pas permanente. Lorsque le dernier chant s\u2019\u00e9teint, les participants retournent dans leur contexte d\u2019origine, emportant avec eux diff\u00e9rentes questions, convictions et d\u00e9fis. Pourtant, quelque chose subsiste\u202f: le souvenir d\u2019avoir chant\u00e9 ensemble remod\u00e8le la fa\u00e7on dont les diff\u00e9rences sont port\u00e9es par la suite.&nbsp;<\/p>\n\n\n\n<figure class=\"wp-block-image size-large\"><img decoding=\"async\" width=\"1024\" height=\"683\" data-src=\"https:\/\/mwc-cmm.org\/wp-content\/uploads\/2026\/03\/20220710TizBrotosudarmoIMG_5626-1024x683.jpg\" alt=\"diversity group of people singing\" class=\"wp-image-124730 lazyload\" data-srcset=\"https:\/\/mwc-cmm.org\/wp-content\/uploads\/2026\/03\/20220710TizBrotosudarmoIMG_5626-1024x683.jpg 1024w, https:\/\/mwc-cmm.org\/wp-content\/uploads\/2026\/03\/20220710TizBrotosudarmoIMG_5626-300x200.jpg 300w, https:\/\/mwc-cmm.org\/wp-content\/uploads\/2026\/03\/20220710TizBrotosudarmoIMG_5626-768x512.jpg 768w, https:\/\/mwc-cmm.org\/wp-content\/uploads\/2026\/03\/20220710TizBrotosudarmoIMG_5626-1536x1024.jpg 1536w, https:\/\/mwc-cmm.org\/wp-content\/uploads\/2026\/03\/20220710TizBrotosudarmoIMG_5626-2048x1365.jpg 2048w\" data-sizes=\"(max-width: 1024px) 100vw, 1024px\" src=\"data:image\/svg+xml;base64,PHN2ZyB3aWR0aD0iMSIgaGVpZ2h0PSIxIiB4bWxucz0iaHR0cDovL3d3dy53My5vcmcvMjAwMC9zdmciPjwvc3ZnPg==\" style=\"--smush-placeholder-width: 1024px; --smush-placeholder-aspect-ratio: 1024\/683;\" \/><figcaption class=\"wp-element-caption\"><em><sup>17\u00e8me Assembl\u00e9e, 2022, Indonesia<\/sup><\/em><\/figcaption><\/figure>\n\n\n\n<p>La musique enseigne \u00e0 l\u2019\u00c9glise mondiale que l\u2019unit\u00e9 n\u2019exige pas de r\u00e9soudre tous les d\u00e9saccords. Elle exige d\u2019\u00eatre pr\u00e9sent.&nbsp;<\/p>\n\n\n\n<p>En chantant, l\u2019\u00c9glise s\u2019entra\u00eene \u00e0 rester ensemble dans le temps pr\u00e9sent, \u00e0 \u00e9couter attentivement, \u00e0 s\u2019adapter si n\u00e9cessaire et \u00e0 s\u2019engager dans une action commune, m\u00eame lorsque cela nous demande des efforts. L\u2019unit\u00e9, en ce sens, n\u2019est pas un id\u00e9al abstrait, mais une discipline pratiqu\u00e9e.&nbsp;<\/p>\n\n\n\n<p>Les&nbsp;Assembl\u00e9es de la CMM fonctionnent comme des espaces de r\u00e9p\u00e9tition pour ce type d\u2019appartenance. Elles offrent un aper\u00e7u de ce qui est possible lorsque la diversit\u00e9 n\u2019est pas g\u00e9r\u00e9e ou minimis\u00e9e, mais accueillie dans un rythme partag\u00e9.&nbsp;<\/p>\n\n\n\n<p>Chaque voix compte,&nbsp;pr\u00e9cis\u00e9ment parce&nbsp;qu\u2019elle est distincte. Et dans l\u2019acte partag\u00e9 du chant, l\u2019\u00c9glise mondiale r\u00e9apprend ce que signifie&nbsp;d\u2019appartenir ensemble.&nbsp;<\/p>\n\n\n\n<div class=\"wp-block-media-text is-stacked-on-mobile is-vertically-aligned-top\" style=\"grid-template-columns:30% auto\"><figure class=\"wp-block-media-text__media\"><img decoding=\"async\" width=\"683\" height=\"1024\" data-src=\"https:\/\/mwc-cmm.org\/wp-content\/uploads\/2026\/03\/CCC41.1-Benjamin-Bergey-headshot-683x1024.jpg\" alt=\"\" class=\"wp-image-125296 size-full lazyload\" data-srcset=\"https:\/\/mwc-cmm.org\/wp-content\/uploads\/2026\/03\/CCC41.1-Benjamin-Bergey-headshot-683x1024.jpg 683w, https:\/\/mwc-cmm.org\/wp-content\/uploads\/2026\/03\/CCC41.1-Benjamin-Bergey-headshot-200x300.jpg 200w, https:\/\/mwc-cmm.org\/wp-content\/uploads\/2026\/03\/CCC41.1-Benjamin-Bergey-headshot-768x1152.jpg 768w, https:\/\/mwc-cmm.org\/wp-content\/uploads\/2026\/03\/CCC41.1-Benjamin-Bergey-headshot-1024x1536.jpg 1024w, https:\/\/mwc-cmm.org\/wp-content\/uploads\/2026\/03\/CCC41.1-Benjamin-Bergey-headshot-1365x2048.jpg 1365w, https:\/\/mwc-cmm.org\/wp-content\/uploads\/2026\/03\/CCC41.1-Benjamin-Bergey-headshot-scaled.jpg 1707w\" data-sizes=\"(max-width: 683px) 100vw, 683px\" src=\"data:image\/svg+xml;base64,PHN2ZyB3aWR0aD0iMSIgaGVpZ2h0PSIxIiB4bWxucz0iaHR0cDovL3d3dy53My5vcmcvMjAwMC9zdmciPjwvc3ZnPg==\" style=\"--smush-placeholder-width: 683px; --smush-placeholder-aspect-ratio: 683\/1024;\" \/><\/figure><div class=\"wp-block-media-text__content\">\n<p class=\"has-small-font-size\"><em>Benjamin\u00a0Bergey\u00a0est professeur agr\u00e9g\u00e9 de musique \u00e0 l\u2019<\/em>Eastern\u00a0Mennonite\u00a0University<em>, \u00e0 Harrisonburg, en Virginie (\u00c9tats-Unis), o\u00f9 il dirige les ch\u0153urs et l\u2019orchestre et enseigne la th\u00e9orie musicale et la direction d\u2019orchestre. Il a \u00e9t\u00e9 coordinateur musical pour l\u2019Assembl\u00e9e\u202f2022 en Indon\u00e9sie et dirige les\u00a0<\/em>EMU\u00a0Chamber\u00a0Singers<em>, qui se sont produits lors de la comm\u00e9moration du 500<sup>\u00e8me<\/sup>\u202fanniversaire \u00e0 Zurich. Benjamin\u00a0Bergey\u00a0a \u00e9galement \u00e9t\u00e9 r\u00e9dacteur musical pour\u00a0<\/em>Voices\u00a0Together<em>, un recueil de cantiques pour l\u2019\u00c9glise mennonite aux \u00c9tats-Unis et au Canada. Il est membre de l\u2019\u00c9glise\u00a0mennonite Harrisonburg.<\/em>\u00a0<\/p>\n<\/div><\/div>\n<\/div>\n\n\n\n<div class=\"wp-block-column is-layout-flow wp-block-column-is-layout-flow\" style=\"flex-basis:33.33%\">\n<figure class=\"wp-block-pullquote has-dark-blue-color has-text-color has-link-color wp-elements-fd017489130ec60b3ee7d964151be1e3\" style=\"font-size:clamp(14px, 0.875rem + ((1vw - 3.2px) * 0.667), 20px);\"><blockquote><p><strong>L\u2019unit\u00e9 dans une \u00c9glise<br>mondiale ne<\/strong> <strong>se d\u00e9couvre pas en effa\u00e7ant les diff\u00e9rences, mais en<br>apprenant \u00e0 les maintenir ensemble en harmonie.<\/strong><\/p><cite><em>Benjamin&nbsp;Bergey&nbsp;<\/em><\/cite><\/blockquote><\/figure>\n\n\n\n<h2 class=\"wp-block-heading is-style-yellow-eyebrow\">Aper\u00e7u historique&nbsp;<\/h2>\n\n\n\n<p class=\"has-small-font-size\"><strong>#1 \u2013 1925 B\u00e2le et Zurich&nbsp;<\/strong><\/p>\n\n\n\n<ul class=\"wp-block-list\">\n<li class=\"has-small-font-size\">Objectif\u202f: se r\u00e9unir pour c\u00e9l\u00e9brer le 400<sup>\u00e8me<\/sup>\u202fanniversaire et publier un livre comm\u00e9moratif&nbsp;<\/li>\n\n\n\n<li class=\"has-small-font-size\">Les&nbsp;chorales&nbsp;de&nbsp;la r\u00e9gion de B\u00e2le (Holee&nbsp;et&nbsp;Sch\u00e4nzli)&nbsp;se produisent, et de nombreux cantiques sont mentionn\u00e9s,&nbsp;notamment \u00ab\u2009<em>Gott&nbsp;gr\u00fc\u00dfe&nbsp;Dich<\/em>\u2009\u00bb, \u00ab\u2009<em>Gro\u00dfe&nbsp;Gott<\/em>\u2009\u00bb, \u00ab\u2009<em>Die&nbsp;Sach&nbsp;ist&nbsp;Dein<\/em>\u2009\u00bb et \u00ab\u2009<em>Nun&nbsp;danket&nbsp;alle&nbsp;Gott<\/em>\u2009\u00bb.&nbsp;<\/li>\n<\/ul>\n\n\n\n<p class=\"has-small-font-size\"><strong>#2 \u2013 1930&nbsp;Danzig&nbsp;<\/strong><\/p>\n\n\n\n<ul class=\"wp-block-list\">\n<li class=\"has-small-font-size\">\u00ab\u2009Conf\u00e9rence&nbsp;mennonite<br>mondiale&nbsp;humanitaire\u2009\u00bb.&nbsp;<\/li>\n\n\n\n<li class=\"has-small-font-size\">Objectif\u202f: recevoir des rapports de diverses communaut\u00e9s et organisations mennonites sur les activit\u00e9s&nbsp;humanitaires,<br>recevoir des conseils&nbsp;sur&nbsp;la situation difficile des communaut\u00e9s mennonites en Union sovi\u00e9tique et \u00e9changer des informations sur d\u2019autres mesures d\u2019aide&nbsp;coordonn\u00e9es.&nbsp;<\/li>\n\n\n\n<li class=\"has-small-font-size\">Le chant est&nbsp;r\u00e9f\u00e9renc\u00e9&nbsp;et des cantiques pr\u00e9cis sont indiqu\u00e9s.&nbsp;(\u00ab\u2009<em>Wach auf, du Geist der ersten Zeugen<\/em>,\u2009\u00bb&nbsp;\u00ab\u2009<em>Kein&nbsp;sch\u00f6ner Land&nbsp;in dieser Zeit<\/em>,\u2009\u00bb&nbsp;\u00ab\u2009<em>Innsbruck, ich&nbsp;mu\u00df&nbsp;dich lassen<\/em>\u2009\u00bb.&nbsp;<\/li>\n<\/ul>\n\n\n\n<p class=\"has-small-font-size\"><strong>#3 \u2013 1936&nbsp;Amsterdam et&nbsp;Elspeet&nbsp;<\/strong><\/p>\n\n\n\n<ul class=\"wp-block-list\">\n<li class=\"has-small-font-size\">Objectif\u202f:&nbsp;poursuivre ce type de rassemblement, renforcer les liens entre les membres, c\u00e9l\u00e9brer les 400\u202fans de la conversion de&nbsp;Menno&nbsp;Simons aux Pays-Bas.&nbsp;<\/li>\n\n\n\n<li class=\"has-small-font-size\">Le premier recueil de chants est imprim\u00e9, avec les&nbsp;cantiques&nbsp;class\u00e9s dans l\u2019ordre pr\u00e9vu pour chaque&nbsp;cultes&nbsp;(textes en allemand et en n\u00e9erlandais).&nbsp;<\/li>\n\n\n\n<li class=\"has-small-font-size\">Sont mentionn\u00e9s des chants informels sur le bateau alors que les participants traversaient l\u2019Ijsselmeer pour se rendre \u00e0&nbsp;Elspeet&nbsp;sous une forte pluie&nbsp;<\/li>\n<\/ul>\n\n\n\n<p class=\"has-small-font-size\"><strong>#4 \u2013 1948\u202fGoshen et North Newton&nbsp;<\/strong><\/p>\n\n\n\n<ul class=\"wp-block-list\">\n<li class=\"has-small-font-size\">Objectif\u202f:&nbsp;maintenir les liens de fraternit\u00e9 mondiale, de l\u2019appr\u00e9ciation et de l\u2019apprentissage mutuels.&nbsp;<\/li>\n\n\n\n<li class=\"has-small-font-size\">L\u2019excellence des chants interpr\u00e9t\u00e9s par l\u2019Assembl\u00e9e, les&nbsp;chorales&nbsp;et les quatuors (divers&nbsp;chorales&nbsp;et ensembles des r\u00e9gions h\u00f4tes mentionn\u00e9s)&nbsp;est&nbsp;soulign\u00e9e.&nbsp;<\/li>\n\n\n\n<li class=\"has-small-font-size\">Les archives de&nbsp;la&nbsp;MC&nbsp;USA conservent 43\u202fbobines de bandes magn\u00e9tiques contenant&nbsp;les enregistrements audio&nbsp;de cette Assembl\u00e9e.&nbsp;<\/li>\n<\/ul>\n\n\n\n<p class=\"has-small-font-size\"><strong>#5 \u2013 1952\u202fB\u00e2le&nbsp;(St. Chrischona)&nbsp;<\/strong><\/p>\n\n\n\n<ul class=\"wp-block-list\">\n<li class=\"has-small-font-size\">Objectif\u202f: continuer \u00e0 partager et \u00e0 communier, et \u00ab\u2009mieux conna\u00eetre les assembl\u00e9es mennonites largement dispers\u00e9es \u00e0 travers le monde\u2009\u00bb&nbsp;(JC Wenger).&nbsp;<\/li>\n\n\n\n<li class=\"has-small-font-size\">Des&nbsp;chorales&nbsp;venues de France, de Suisse, d\u2019Allemagne et du Kansas (\u00c9tats-Unis)&nbsp;sont mentionn\u00e9es.&nbsp;<\/li>\n\n\n\n<li class=\"has-small-font-size\">Deuxi\u00e8me recueil de chants imprim\u00e9 pour&nbsp;une&nbsp;Assembl\u00e9e.&nbsp;<\/li>\n\n\n\n<li class=\"has-small-font-size\">Le cantique&nbsp;\u00ab\u2009<em>Faith of&nbsp;our&nbsp;fathers<\/em>\u2009\u00bb (la foi de nos p\u00e8res)&nbsp;est entonn\u00e9&nbsp;pr\u00e8s de la Limmat, o\u00f9 Felix&nbsp;Manz&nbsp;fut noy\u00e9.&nbsp;<\/li>\n<\/ul>\n\n\n\n<p class=\"has-small-font-size\"><strong>#6 \u2013 1957&nbsp;Karlsruhe&nbsp;<\/strong><\/p>\n\n\n\n<ul class=\"wp-block-list\">\n<li class=\"has-small-font-size\">Une&nbsp;conf\u00e9rence&nbsp;davantage populaire, avec une<br>participation plus importante&nbsp;(environ 1\u2009300\u202fpersonnes ont eu besoin d\u2019un h\u00e9bergement).&nbsp;Moins de la moiti\u00e9 des participants viennent<br>des \u00c9tats-Unis et du Canada.&nbsp;<\/li>\n\n\n\n<li class=\"has-small-font-size\">Des questionnaires&nbsp;sont<br>distribu\u00e9s afin de recueillir des&nbsp;retours&nbsp;et des<br>suggestions\u202f;&nbsp;une constitution<br>est&nbsp;r\u00e9dig\u00e9e et vot\u00e9e\u202f;&nbsp;un Comit\u00e9&nbsp;ex\u00e9cutif et un Conseil&nbsp;g\u00e9n\u00e9ral (pr\u00e9sidium)<br>sont&nbsp;cr\u00e9\u00e9s.&nbsp;<\/li>\n\n\n\n<li class=\"has-small-font-size\">Cr\u00e9ation d\u2019un troisi\u00e8me recueil de chants comprenant 30\u202fcantiques&nbsp;en fran\u00e7ais, allemand, anglais et n\u00e9erlandais.&nbsp;<\/li>\n<\/ul>\n\n\n\n<p class=\"has-small-font-size\"><strong>#7 \u2013 1962&nbsp;Kitchener<\/strong>&nbsp;<\/p>\n\n\n\n<ul class=\"wp-block-list\">\n<li class=\"has-small-font-size\">Un&nbsp;comit\u00e9 de&nbsp;musique est mentionn\u00e9 pour la premi\u00e8re fois.&nbsp;<\/li>\n\n\n\n<li class=\"has-small-font-size\">De nombreuses chorales nord-am\u00e9ricaines sont mentionn\u00e9es.&nbsp;<\/li>\n\n\n\n<li class=\"has-small-font-size\">Un plus grand nombre de chefs de ch\u0153ur et d\u2019organistes sont mentionn\u00e9s (l\u00e0 o\u00f9 il n\u2019y en avait&nbsp;qu\u2019un ou deux seulement lors des Assembl\u00e9es pr\u00e9c\u00e9dentes).&nbsp;<\/li>\n\n\n\n<li class=\"has-small-font-size\">Quatri\u00e8me recueil de chants comprenant 40\u202fcantiques&nbsp;en allemand et en anglais.&nbsp;<\/li>\n<\/ul>\n\n\n\n<p class=\"has-small-font-size\"><strong>#8 \u2013 1967&nbsp;Amsterdam&nbsp;<\/strong><\/p>\n\n\n\n<ul class=\"wp-block-list\">\n<li class=\"has-small-font-size\">L\u2019\u00c9glise&nbsp;conna\u00eet&nbsp;une croissance&nbsp;dans les pays du Sud, avec plus de 30\u202fpays repr\u00e9sent\u00e9s (voir \u00ab\u2009tournant d\u00e9cisif\u2009\u00bb dans l\u2019article ci-dessus).&nbsp;<\/li>\n\n\n\n<li class=\"has-small-font-size\">Plusieurs chorales universitaires am\u00e9ricaines et europ\u00e9ennes&nbsp;sont&nbsp;mentionn\u00e9es.<\/li>\n\n\n\n<li class=\"has-small-font-size\">Cinqui\u00e8me recueil de chants comprenant 38\u202fcantiques en allemand, anglais, fran\u00e7ais et n\u00e9erlandais.&nbsp;<\/li>\n\n\n\n<li class=\"has-small-font-size\">Premier recueil de chants \u00e0 inclure la notation musicale occidentale.&nbsp;<\/li>\n<\/ul>\n\n\n\n<p class=\"has-small-font-size\"><strong>#9 \u2013 1972&nbsp;Curitiba&nbsp;<\/strong><\/p>\n\n\n\n<ul class=\"wp-block-list\">\n<li class=\"has-small-font-size\">Premi\u00e8re&nbsp;Assembl\u00e9e avec plus de participants du Sud que du Nord.&nbsp;<\/li>\n\n\n\n<li class=\"has-small-font-size\">La musique&nbsp;se<br>distingue&nbsp;positivement&nbsp;gr\u00e2ce aux chants collectifs et aux&nbsp;repr\u00e9sentations&nbsp;des groupes mennonites d\u2019Am\u00e9rique du Nord et du Sud.&nbsp;<\/li>\n\n\n\n<li class=\"has-small-font-size\">Le sixi\u00e8me recueil de chants&nbsp;comprend&nbsp;pour la premi\u00e8re fois des&nbsp;chants&nbsp;en espagnol et en portugais, en plus de l\u2019anglais et de l\u2019allemand.&nbsp;<\/li>\n<\/ul>\n\n\n\n<p class=\"has-small-font-size\"><strong>#\u202f10 \u2013 1978 Wichita&nbsp;\u2014&nbsp;\u00ab\u2009Le Royaume de Dieu dans un monde&nbsp;qui change\u2009\u00bb&nbsp;<\/strong><\/p>\n\n\n\n<ul class=\"wp-block-list\">\n<li class=\"has-small-font-size\">Des&nbsp;chorales&nbsp;du monde entier se produisent&nbsp;pour la premi\u00e8re fois (dont la Russie, chaleureusement applaudie).&nbsp;<\/li>\n\n\n\n<li class=\"has-small-font-size\">Publication du premier \u00ab\u2009<em>Recueil international de chants<\/em>\u2009\u00bb, marquant le lancement du nouveau mod\u00e8le (avec une pr\u00e9face et une introduction).&nbsp;<\/li>\n\n\n\n<li class=\"has-small-font-size\">63\u202fcantiques&nbsp;avec notation musicale occidentale, organis\u00e9s en cinq chapitres par continent.&nbsp;<\/li>\n\n\n\n<li class=\"has-small-font-size\">Conclusion avec \u00ab\u2009<a href=\"https:\/\/www.youtube.com\/watch?v=5bWqY-tfXJ8&amp;list=RD5bWqY-tfXJ8&amp;start_radio=1\" target=\"_blank\" rel=\"noreferrer noopener\"><em>Praise God from&nbsp;whom<\/em><\/a>&nbsp;\u00bb.&nbsp;<\/li>\n<\/ul>\n\n\n\n<p class=\"has-small-font-size\"><strong>#11 \u2013 1984 Strasbourg \u2013&nbsp;\u00ab\u2009Servir Dieu dans l\u2019esp\u00e9rance\u2009\u00bb&nbsp;<\/strong><\/p>\n\n\n\n<ul class=\"wp-block-list\">\n<li class=\"has-small-font-size\">Utilisation du&nbsp;<em>Recueil international de chants<\/em>&nbsp;de 1978 avec un nouveau suppl\u00e9ment.&nbsp;<\/li>\n\n\n\n<li class=\"has-small-font-size\">L\u2019oratorio \u00ab&nbsp;<em>The&nbsp;abiding&nbsp;place<\/em>&nbsp;\u00bb d\u2019Esther&nbsp;Wiebe&nbsp;et Barbara<br>Smucker&nbsp;est&nbsp;compos\u00e9 et interpr\u00e9t\u00e9 pour cette Assembl\u00e9e.&nbsp;<\/li>\n\n\n\n<li class=\"has-small-font-size\">\u00ab&nbsp;Je louerai l\u2019\u00c9ternel&nbsp;\u00bb<br>devient&nbsp;un&nbsp;\u00ab\u202fchant du c\u0153ur\u202f\u00bb.&nbsp;<\/li>\n<\/ul>\n\n\n\n<ul class=\"wp-block-list\">\n<li><a href=\"https:\/\/www.youtube.com\/watch?v=QXgQb8Ztprk&amp;t=357s\" target=\"_blank\" rel=\"noreferrer noopener\">De nombreuses repr\u00e9sentations du monde entier<\/a>.&nbsp;<\/li>\n<\/ul>\n\n\n\n<p class=\"has-small-font-size\"><strong>#12 \u2013 1990 Winnipeg \u2013&nbsp;\u00ab\u2009\u00catre des t\u00e9moins de Christ dans le monde d\u2019aujourd\u2019hui\u2009\u00bb&nbsp;<\/strong><\/p>\n\n\n\n<ul class=\"wp-block-list\">\n<li class=\"has-small-font-size\">Publication du deuxi\u00e8me&nbsp;<em>Recueil international de chants<\/em>, structur\u00e9 de mani\u00e8re similaire au premier.&nbsp;<\/li>\n\n\n\n<li class=\"has-small-font-size\">Participation&nbsp;consid\u00e9rable, de nombreux groupes se produisent.&nbsp;<\/li>\n\n\n\n<li class=\"has-small-font-size\"><a href=\"https:\/\/youtu.be\/ovQz6R0E2Yw?si=ClqipdrClg2Icwf3&amp;t=178\" target=\"_blank\" rel=\"noreferrer noopener\">\u00ab<em>&nbsp;He is with you all the time<\/em>&nbsp;\u00bb&nbsp;(N\u00b016).&nbsp;<\/a>&nbsp;<\/li>\n<\/ul>\n\n\n\n<p class=\"has-small-font-size\"><strong>#13 \u2013 1997 Calcutta \u2013&nbsp;\u00ab\u2009\u00c9coutez ce que l\u2019Esprit dit aux \u00c9glises\u2009\u00bb&nbsp;<\/strong><\/p>\n\n\n\n<ul class=\"wp-block-list\">\n<li class=\"has-small-font-size\">Le&nbsp;recueil comprenait des r\u00e9impressions du recueil de 1990 et&nbsp;de cantiques<br>am\u00e9ricains, ainsi que quelques traductions locales.&nbsp;<\/li>\n\n\n\n<li class=\"has-small-font-size\">Un chant&nbsp;pour cette Assembl\u00e9e&nbsp;est&nbsp;\u00e9crit&nbsp;par l\u2019\u00e9v\u00eaque&nbsp;Shant&nbsp;Kunjam&nbsp;: \u00ab&nbsp;<em><a href=\"https:\/\/www.youtube.com\/watch?v=UFyi8pLBQvo&amp;list=RDUFyi8pLBQvo&amp;start_radio=1\" type=\"link\" id=\"https:\/\/www.youtube.com\/watch?v=UFyi8pLBQvo&amp;list=RDUFyi8pLBQvo&amp;start_radio=1\">Sun&nbsp;Aatma&nbsp;kya&nbsp;kahta&nbsp;hai&nbsp;sab&nbsp;Mandliyon&nbsp;se<\/a><\/em>&nbsp;\u00bb.&nbsp;<\/li>\n\n\n\n<li class=\"has-small-font-size\">Le&nbsp;village de l\u2019\u00c9glise&nbsp;mondiale&nbsp;d\u00e9bute, avec une&nbsp;sc\u00e8ne&nbsp;offrant ainsi l\u2019occasion de partager de la musique.&nbsp;<\/li>\n<\/ul>\n\n\n\n<p class=\"has-small-font-size\"><strong>#14 \u2013 2003 Bulawayo \u2013&nbsp;\u00ab\u2009Mettons nos dons en commun dans la souffrance et la joie\u2009\u00bb&nbsp;<\/strong><\/p>\n\n\n\n<ul class=\"wp-block-list\">\n<li class=\"has-small-font-size\">Publication du troisi\u00e8me&nbsp;<em>Recueil international de chants<\/em>,&nbsp;avec un comit\u00e9 de musique&nbsp;qui comprend cette fois-ci des repr\u00e9sentants des cinq continents, ainsi que plusieurs&nbsp;chants&nbsp;\u00e9crits dans des notations musicales non occidentales.&nbsp;<\/li>\n\n\n\n<li class=\"has-small-font-size\">La premi\u00e8re chorale internationale lance le mod\u00e8le d\u2019ensemble avec deux chanteurs de chaque continent. Un enregistrement r\u00e9alis\u00e9 \u00e0 l\u2019avance&nbsp;permet&nbsp;aux participants d\u2019apprendre les chants de l\u2019Assembl\u00e9e.&nbsp;<\/li>\n\n\n\n<li class=\"has-small-font-size\">\u00ab&nbsp;<em><a href=\"https:\/\/mwc-cmm.org\/en\/resources\/hakuna-akaita-zimbabwe-2003\/\" type=\"link\" id=\"https:\/\/mwc-cmm.org\/en\/resources\/hakuna-akaita-zimbabwe-2003\/\">Hakuna&nbsp;akaita<\/a><\/em>&nbsp;\u00bb,&nbsp;toujours autant appr\u00e9ci\u00e9,&nbsp;est pr\u00e9sent\u00e9 et fr\u00e9quemment chant\u00e9.&nbsp;<\/li>\n<\/ul>\n\n\n\n<p class=\"has-small-font-size\"><strong>#15 \u2013 2009 Asuncion \u2013&nbsp;\u00ab\u2009Marchons ensemble sur le chemin de J\u00e9sus-Christ\u2009\u00bb&nbsp;<\/strong><\/p>\n\n\n\n<ul class=\"wp-block-list\">\n<li class=\"has-small-font-size\">Publication du quatri\u00e8me<br><em>Recueil international de chants<\/em>, avec une pr\u00e9face reconnaissant que tout le monde ne sait pas lire la musique et que des dizaines de langues sont utilis\u00e9es, mais que la musique est une force unificatrice.&nbsp;<\/li>\n\n\n\n<li class=\"has-small-font-size\">\u00ab&nbsp;<em>Tengan&nbsp;la Mente de Cristo<\/em>&nbsp;\u00bb&nbsp;(N\u00b0 9),&nbsp;compos\u00e9 en lien avec&nbsp;le&nbsp;th\u00e8me de cette Assembl\u00e9e.&nbsp;<\/li>\n\n\n\n<li class=\"has-small-font-size\">Moment&nbsp;de chant&nbsp;spontan\u00e9&nbsp;lors d\u2019une coupure de courant :&nbsp;\u00ab\u202f<em><a href=\"https:\/\/youtu.be\/qSrpd-VXTWU?si=huxk0KRj8ArLmL1W&amp;t=71\" type=\"link\" id=\"https:\/\/youtu.be\/qSrpd-VXTWU?si=huxk0KRj8ArLmL1W&amp;t=71\">Siyahamba\u202f<\/a>\u00bb.<\/em>&nbsp;<\/li>\n\n\n\n<li class=\"has-small-font-size\">Pour la premi\u00e8re fois, toutes les s\u00e9ances pl\u00e9ni\u00e8res&nbsp;sont&nbsp;retransmises en direct.&nbsp;<\/li>\n<\/ul>\n\n\n\n<p class=\"has-small-font-size\"><strong>#16 \u2013 2015 Harrisburg \u2013&nbsp;\u00ab\u2009En marche avec Dieu\u2009\u00bb&nbsp;<\/strong><\/p>\n\n\n\n<ul class=\"wp-block-list\">\n<li class=\"has-small-font-size\">&nbsp;Publication du cinqui\u00e8me&nbsp;<em>Recueil international de chants<\/em>.&nbsp;<\/li>\n\n\n\n<li class=\"has-small-font-size\">\u00ab\u202f<em>T\u00fa&nbsp;eres&nbsp;todopoderoso<\/em>\u202f\u00bb&nbsp;devient&nbsp;un chant tr\u00e8s appr\u00e9ci\u00e9.&nbsp;<\/li>\n\n\n\n<li class=\"has-small-font-size\">Un couplet de \u00ab\u202f<em>El&nbsp;Senyor&nbsp;\u00e9s&nbsp;la&nbsp;meva&nbsp;for\u00e7a\u202f<\/em>\u00bb&nbsp;(N\u00b0&nbsp;37)&nbsp;est&nbsp;interpr\u00e9t\u00e9 en langue des signes pour un grand nombre de&nbsp;participants&nbsp;sourds ou malentendants.&nbsp;<\/li>\n\n\n\n<li class=\"has-small-font-size\"><a href=\"https:\/\/www.youtube.com\/watch?v=FHUrPcxrvGI&amp;list=PLrO98PUzjOB1W1h_cG63k72EGCL1LS3NB&amp;index=3\" target=\"_blank\" rel=\"noreferrer noopener\">De nombreuses vid\u00e9os<\/a>&nbsp;de&nbsp;cette Assembl\u00e9e sont disponibles.&nbsp;&nbsp;<\/li>\n<\/ul>\n\n\n\n<p class=\"has-small-font-size\"><strong>#17 \u2013 2022 Salatiga \u2013&nbsp;\u00ab\u202fSuivre J\u00e9sus ensemble \u00e0 travers les fronti\u00e8res\u202f\u00bb&nbsp;<\/strong><\/p>\n\n\n\n<ul class=\"wp-block-list\">\n<li class=\"has-small-font-size\">Publication du sixi\u00e8me&nbsp;<em>Recueil international de chants<\/em>, le premier \u00e0 inclure la notation musicale orientale.&nbsp;<\/li>\n\n\n\n<li class=\"has-small-font-size\">La&nbsp;version num\u00e9rique&nbsp;est&nbsp;\u00e9galement utilis\u00e9e par de nombreux participants&nbsp;en ligne&nbsp;en raison de la pand\u00e9mie mondiale.&nbsp;<\/li>\n\n\n\n<li class=\"has-small-font-size\">Le chant&nbsp;N\u00b0 2, \u00ab\u202f<a href=\"https:\/\/www.youtube.com\/watch?v=ObWxraSN7hA&amp;list=PLrO98PUzjOB2qN1tUGUmzhaXnwOsZMt-b&amp;index=6\" type=\"link\" id=\"https:\/\/www.youtube.com\/watch?v=ObWxraSN7hA&amp;list=PLrO98PUzjOB2qN1tUGUmzhaXnwOsZMt-b&amp;index=6\"><em>Dhuh<\/em><br><em>pangeran<\/em><\/a>\u202f\u00bb,&nbsp;compos\u00e9&nbsp;par le mennonite indon\u00e9sien<br>Saptojoadi&nbsp;pour l\u2019Assembl\u00e9e de 1978,&nbsp;devient&nbsp;un&nbsp;\u00ab\u202fchant du c\u0153ur\u202f\u00bb.&nbsp;<\/li>\n<\/ul>\n\n\n\n<p class=\"has-small-font-size\"><strong>2025 Zurich&nbsp;\u2013&nbsp;\u00ab\u202fLe courage d\u2019aimer\u202f\u00bb&nbsp;<\/strong><\/p>\n\n\n\n<ul class=\"wp-block-list\">\n<li class=\"has-small-font-size\">Bien&nbsp;qu\u2019il ne s\u2019agisse pas&nbsp;tout \u00e0 fait&nbsp;d\u2019une Assembl\u00e9e, cette rencontre&nbsp;comm\u00e9more&nbsp;le 500<sup>\u00e8me<\/sup>&nbsp;anniversaire de l\u2019anabaptisme.&nbsp;<\/li>\n\n\n\n<li class=\"has-small-font-size\">Cinq groupes musicaux venus du monde entier&nbsp;donnent&nbsp;des concerts&nbsp;et&nbsp;participent&nbsp;au culte&nbsp;au&nbsp;Grossm\u00fcnster.&nbsp;<\/li>\n\n\n\n<li class=\"has-small-font-size\">Des chants tir\u00e9s du&nbsp;<em>Recueil international de chants<\/em>&nbsp;2022<br>sont&nbsp;interpr\u00e9t\u00e9s, ainsi que \u00ab\u202f<em><a href=\"https:\/\/mwc-cmm.org\/fr\/resources\/dimanche-de-la-paix-2025-a-propos-du-chant\/\" type=\"link\" id=\"https:\/\/mwc-cmm.org\/en\/resources\/peace-sunday-2025-song-information\/\">We&nbsp;want&nbsp;peace<\/a><\/em>\u202f\u00bb, un chant trilingue&nbsp;compos\u00e9&nbsp;par un mennonite et sp\u00e9cialement arrang\u00e9 pour l\u2019occasion.&nbsp;<\/li>\n<\/ul>\n<\/div>\n<\/div>\n\n\n\n<hr class=\"wp-block-separator has-alpha-channel-opacity\"\/>\n\n\n\n<div class=\"wp-block-buttons is-layout-flex wp-block-buttons-is-layout-flex\">\n<div class=\"wp-block-button\"><a class=\"wp-block-button__link has-magenta-background-color has-background has-text-align-left wp-element-button\" href=\"https:\/\/mwc-cmm.org\/fr\/resources\/courrier-2026-41-1\/\">Cet article est paru pour la premi\u00e8re fois dans le num\u00e9ro<br>Courier \/ Correo \/ Courrier, volume 41, n\u00famero 1<\/a><\/div>\n<\/div>\n\n\n<div class=\"taxonomy-post_tag has-link-color wp-elements-4795dccc25dd561b10d5c166c095ced0 wp-block-post-terms has-text-color has-gray-color has-small-font-size\"><a href=\"https:\/\/mwc-cmm.org\/fr\/stories\/tag\/assemblee-2\/\" rel=\"tag\">Assembl\u00e9e<\/a><span class=\"wp-block-post-terms__separator\">, <\/span><a href=\"https:\/\/mwc-cmm.org\/fr\/stories\/tag\/unity-fr\/\" rel=\"tag\">unity<\/a><\/div>\n\n\n<p><\/p>\n","protected":false},"excerpt":{"rendered":"<p>Inspiration et r\u00e9flexion Louer ensemble, et particuli\u00e8rement chanter ensemble, est souvent cit\u00e9 comme l\u2019un des moments forts des Assembl\u00e9es de la Conf\u00e9rence&nbsp;mennonite&nbsp;mondiale. Apr\u00e8s tout, rien ne vaut le fait de chanter avec plusieurs milliers de fr\u00e8res et s\u0153urs en Christ r\u00e9unis. M\u00eame lorsque tout le monde ne parle pas la m\u00eame langue, la musique a [&hellip;]<\/p>\n","protected":false},"author":8,"featured_media":124670,"comment_status":"closed","ping_status":"closed","sticky":false,"template":"","format":"standard","meta":{"_acf_changed":false,"footnotes":""},"categories":[1183],"tags":[1553,422],"network":[],"eventcategory":[],"class_list":["post-124682","post","type-post","status-publish","format-standard","has-post-thumbnail","hentry","category-courier-fr","tag-assemblee-2","tag-unity-fr"],"acf":[],"yoast_head":"<!-- This site is optimized with the Yoast SEO plugin v27.5 - https:\/\/yoast.com\/product\/yoast-seo-wordpress\/ -->\n<title>Une unit\u00e9 qui s\u2019entend - Mennonite World Conference<\/title>\n<meta name=\"robots\" content=\"index, follow, max-snippet:-1, max-image-preview:large, max-video-preview:-1\" \/>\n<link rel=\"canonical\" href=\"https:\/\/mwc-cmm.org\/fr\/stories\/une-unite-qui-sentend\/\" \/>\n<meta property=\"og:locale\" content=\"fr_FR\" \/>\n<meta property=\"og:type\" content=\"article\" \/>\n<meta property=\"og:title\" content=\"Une unit\u00e9 qui s\u2019entend - Mennonite World Conference\" \/>\n<meta property=\"og:description\" content=\"Inspiration et r\u00e9flexion Louer ensemble, et particuli\u00e8rement chanter ensemble, est souvent cit\u00e9 comme l\u2019un des moments forts des Assembl\u00e9es de la Conf\u00e9rence&nbsp;mennonite&nbsp;mondiale. Apr\u00e8s tout, rien ne vaut le fait de chanter avec plusieurs milliers de fr\u00e8res et s\u0153urs en Christ r\u00e9unis. M\u00eame lorsque tout le monde ne parle pas la m\u00eame langue, la musique a [&hellip;]\" \/>\n<meta property=\"og:url\" content=\"https:\/\/mwc-cmm.org\/fr\/stories\/une-unite-qui-sentend\/\" \/>\n<meta property=\"og:site_name\" content=\"Mennonite World Conference\" \/>\n<meta property=\"article:publisher\" content=\"https:\/\/www.facebook.com\/MennoniteWorldConference\" \/>\n<meta property=\"article:published_time\" content=\"2026-03-08T22:53:45+00:00\" \/>\n<meta property=\"article:modified_time\" content=\"2026-03-18T10:47:59+00:00\" \/>\n<meta property=\"og:image\" content=\"https:\/\/mwc-cmm.org\/wp-content\/uploads\/2026\/03\/20150723HeikeMartin0323-scaled.jpg\" \/>\n\t<meta property=\"og:image:width\" content=\"2560\" \/>\n\t<meta property=\"og:image:height\" content=\"1707\" \/>\n\t<meta property=\"og:image:type\" content=\"image\/jpeg\" \/>\n<meta name=\"author\" content=\"Stephanie Setiawan\" \/>\n<script type=\"application\/ld+json\" class=\"yoast-schema-graph\">{\"@context\":\"https:\\\/\\\/schema.org\",\"@graph\":[{\"@type\":\"Article\",\"@id\":\"https:\\\/\\\/mwc-cmm.org\\\/fr\\\/stories\\\/une-unite-qui-sentend\\\/#article\",\"isPartOf\":{\"@id\":\"https:\\\/\\\/mwc-cmm.org\\\/fr\\\/stories\\\/une-unite-qui-sentend\\\/\"},\"author\":{\"name\":\"Stephanie Setiawan\",\"@id\":\"https:\\\/\\\/mwc-cmm.org\\\/en\\\/#\\\/schema\\\/person\\\/00b62ed8ea1527254a44f3ace3aee79d\"},\"headline\":\"Une unit\u00e9 qui s\u2019entend\",\"datePublished\":\"2026-03-08T22:53:45+00:00\",\"dateModified\":\"2026-03-18T10:47:59+00:00\",\"mainEntityOfPage\":{\"@id\":\"https:\\\/\\\/mwc-cmm.org\\\/fr\\\/stories\\\/une-unite-qui-sentend\\\/\"},\"wordCount\":3771,\"publisher\":{\"@id\":\"https:\\\/\\\/mwc-cmm.org\\\/en\\\/#organization\"},\"image\":{\"@id\":\"https:\\\/\\\/mwc-cmm.org\\\/fr\\\/stories\\\/une-unite-qui-sentend\\\/#primaryimage\"},\"thumbnailUrl\":\"https:\\\/\\\/mwc-cmm.org\\\/wp-content\\\/uploads\\\/2026\\\/03\\\/20150723HeikeMartin0323-scaled.jpg\",\"keywords\":[\"Assembl\u00e9e\",\"unity\"],\"articleSection\":[\"Courrier\"],\"inLanguage\":\"fr-FR\"},{\"@type\":\"WebPage\",\"@id\":\"https:\\\/\\\/mwc-cmm.org\\\/fr\\\/stories\\\/une-unite-qui-sentend\\\/\",\"url\":\"https:\\\/\\\/mwc-cmm.org\\\/fr\\\/stories\\\/une-unite-qui-sentend\\\/\",\"name\":\"Une unit\u00e9 qui s\u2019entend - Mennonite World Conference\",\"isPartOf\":{\"@id\":\"https:\\\/\\\/mwc-cmm.org\\\/en\\\/#website\"},\"primaryImageOfPage\":{\"@id\":\"https:\\\/\\\/mwc-cmm.org\\\/fr\\\/stories\\\/une-unite-qui-sentend\\\/#primaryimage\"},\"image\":{\"@id\":\"https:\\\/\\\/mwc-cmm.org\\\/fr\\\/stories\\\/une-unite-qui-sentend\\\/#primaryimage\"},\"thumbnailUrl\":\"https:\\\/\\\/mwc-cmm.org\\\/wp-content\\\/uploads\\\/2026\\\/03\\\/20150723HeikeMartin0323-scaled.jpg\",\"datePublished\":\"2026-03-08T22:53:45+00:00\",\"dateModified\":\"2026-03-18T10:47:59+00:00\",\"breadcrumb\":{\"@id\":\"https:\\\/\\\/mwc-cmm.org\\\/fr\\\/stories\\\/une-unite-qui-sentend\\\/#breadcrumb\"},\"inLanguage\":\"fr-FR\",\"potentialAction\":[{\"@type\":\"ReadAction\",\"target\":[\"https:\\\/\\\/mwc-cmm.org\\\/fr\\\/stories\\\/une-unite-qui-sentend\\\/\"]}]},{\"@type\":\"ImageObject\",\"inLanguage\":\"fr-FR\",\"@id\":\"https:\\\/\\\/mwc-cmm.org\\\/fr\\\/stories\\\/une-unite-qui-sentend\\\/#primaryimage\",\"url\":\"https:\\\/\\\/mwc-cmm.org\\\/wp-content\\\/uploads\\\/2026\\\/03\\\/20150723HeikeMartin0323-scaled.jpg\",\"contentUrl\":\"https:\\\/\\\/mwc-cmm.org\\\/wp-content\\\/uploads\\\/2026\\\/03\\\/20150723HeikeMartin0323-scaled.jpg\",\"width\":2560,\"height\":1707,\"caption\":\"singing at MWC assembly\"},{\"@type\":\"BreadcrumbList\",\"@id\":\"https:\\\/\\\/mwc-cmm.org\\\/fr\\\/stories\\\/une-unite-qui-sentend\\\/#breadcrumb\",\"itemListElement\":[{\"@type\":\"ListItem\",\"position\":1,\"name\":\"Home\",\"item\":\"https:\\\/\\\/mwc-cmm.org\\\/fr\\\/\"},{\"@type\":\"ListItem\",\"position\":2,\"name\":\"Une unit\u00e9 qui s\u2019entend\"}]},{\"@type\":\"WebSite\",\"@id\":\"https:\\\/\\\/mwc-cmm.org\\\/en\\\/#website\",\"url\":\"https:\\\/\\\/mwc-cmm.org\\\/en\\\/\",\"name\":\"Mennonite World Conference\",\"description\":\"A communion of Anabaptist-related churches\",\"publisher\":{\"@id\":\"https:\\\/\\\/mwc-cmm.org\\\/en\\\/#organization\"},\"alternateName\":\"MWC\",\"potentialAction\":[{\"@type\":\"SearchAction\",\"target\":{\"@type\":\"EntryPoint\",\"urlTemplate\":\"https:\\\/\\\/mwc-cmm.org\\\/en\\\/?s={search_term_string}\"},\"query-input\":{\"@type\":\"PropertyValueSpecification\",\"valueRequired\":true,\"valueName\":\"search_term_string\"}}],\"inLanguage\":\"fr-FR\"},{\"@type\":\"Organization\",\"@id\":\"https:\\\/\\\/mwc-cmm.org\\\/en\\\/#organization\",\"name\":\"Mennonite World Conference\",\"alternateName\":\"MWC\",\"url\":\"https:\\\/\\\/mwc-cmm.org\\\/en\\\/\",\"logo\":{\"@type\":\"ImageObject\",\"inLanguage\":\"fr-FR\",\"@id\":\"https:\\\/\\\/mwc-cmm.org\\\/en\\\/#\\\/schema\\\/logo\\\/image\\\/\",\"url\":\"https:\\\/\\\/mwc-cmm.org\\\/wp-content\\\/uploads\\\/2026\\\/01\\\/MWC_Sig_Blue_Horiz_webheader1-logo.svg\",\"contentUrl\":\"https:\\\/\\\/mwc-cmm.org\\\/wp-content\\\/uploads\\\/2026\\\/01\\\/MWC_Sig_Blue_Horiz_webheader1-logo.svg\",\"width\":786,\"height\":82,\"caption\":\"Mennonite World Conference\"},\"image\":{\"@id\":\"https:\\\/\\\/mwc-cmm.org\\\/en\\\/#\\\/schema\\\/logo\\\/image\\\/\"},\"sameAs\":[\"https:\\\/\\\/www.facebook.com\\\/MennoniteWorldConference\",\"https:\\\/\\\/www.linkedin.com\\\/company\\\/mennonite-world-conference-mwc\\\/\",\"https:\\\/\\\/www.instagram.com\\\/mwcmm\\\/\",\"https:\\\/\\\/www.youtube.com\\\/user\\\/mwccmm\",\"https:\\\/\\\/bsky.app\\\/profile\\\/mwcmm.bsky.social\"]},{\"@type\":\"Person\",\"@id\":\"https:\\\/\\\/mwc-cmm.org\\\/en\\\/#\\\/schema\\\/person\\\/00b62ed8ea1527254a44f3ace3aee79d\",\"name\":\"Stephanie Setiawan\",\"image\":{\"@type\":\"ImageObject\",\"inLanguage\":\"fr-FR\",\"@id\":\"https:\\\/\\\/secure.gravatar.com\\\/avatar\\\/71b4b62cf3d0cfb4c8a367a101127ba8adfa1c22417900980ea24f5f4457a76d?s=96&d=mm&r=g\",\"url\":\"https:\\\/\\\/secure.gravatar.com\\\/avatar\\\/71b4b62cf3d0cfb4c8a367a101127ba8adfa1c22417900980ea24f5f4457a76d?s=96&d=mm&r=g\",\"contentUrl\":\"https:\\\/\\\/secure.gravatar.com\\\/avatar\\\/71b4b62cf3d0cfb4c8a367a101127ba8adfa1c22417900980ea24f5f4457a76d?s=96&d=mm&r=g\",\"caption\":\"Stephanie Setiawan\"},\"url\":\"https:\\\/\\\/mwc-cmm.org\\\/fr\\\/stories\\\/author\\\/stephanie\\\/\"}]}<\/script>\n<!-- \/ Yoast SEO plugin. -->","yoast_head_json":{"title":"Une unit\u00e9 qui s\u2019entend - Mennonite World Conference","robots":{"index":"index","follow":"follow","max-snippet":"max-snippet:-1","max-image-preview":"max-image-preview:large","max-video-preview":"max-video-preview:-1"},"canonical":"https:\/\/mwc-cmm.org\/fr\/stories\/une-unite-qui-sentend\/","og_locale":"fr_FR","og_type":"article","og_title":"Une unit\u00e9 qui s\u2019entend - Mennonite World Conference","og_description":"Inspiration et r\u00e9flexion Louer ensemble, et particuli\u00e8rement chanter ensemble, est souvent cit\u00e9 comme l\u2019un des moments forts des Assembl\u00e9es de la Conf\u00e9rence&nbsp;mennonite&nbsp;mondiale. Apr\u00e8s tout, rien ne vaut le fait de chanter avec plusieurs milliers de fr\u00e8res et s\u0153urs en Christ r\u00e9unis. M\u00eame lorsque tout le monde ne parle pas la m\u00eame langue, la musique a [&hellip;]","og_url":"https:\/\/mwc-cmm.org\/fr\/stories\/une-unite-qui-sentend\/","og_site_name":"Mennonite World Conference","article_publisher":"https:\/\/www.facebook.com\/MennoniteWorldConference","article_published_time":"2026-03-08T22:53:45+00:00","article_modified_time":"2026-03-18T10:47:59+00:00","og_image":[{"width":2560,"height":1707,"url":"https:\/\/mwc-cmm.org\/wp-content\/uploads\/2026\/03\/20150723HeikeMartin0323-scaled.jpg","type":"image\/jpeg"}],"author":"Stephanie Setiawan","schema":{"@context":"https:\/\/schema.org","@graph":[{"@type":"Article","@id":"https:\/\/mwc-cmm.org\/fr\/stories\/une-unite-qui-sentend\/#article","isPartOf":{"@id":"https:\/\/mwc-cmm.org\/fr\/stories\/une-unite-qui-sentend\/"},"author":{"name":"Stephanie Setiawan","@id":"https:\/\/mwc-cmm.org\/en\/#\/schema\/person\/00b62ed8ea1527254a44f3ace3aee79d"},"headline":"Une unit\u00e9 qui s\u2019entend","datePublished":"2026-03-08T22:53:45+00:00","dateModified":"2026-03-18T10:47:59+00:00","mainEntityOfPage":{"@id":"https:\/\/mwc-cmm.org\/fr\/stories\/une-unite-qui-sentend\/"},"wordCount":3771,"publisher":{"@id":"https:\/\/mwc-cmm.org\/en\/#organization"},"image":{"@id":"https:\/\/mwc-cmm.org\/fr\/stories\/une-unite-qui-sentend\/#primaryimage"},"thumbnailUrl":"https:\/\/mwc-cmm.org\/wp-content\/uploads\/2026\/03\/20150723HeikeMartin0323-scaled.jpg","keywords":["Assembl\u00e9e","unity"],"articleSection":["Courrier"],"inLanguage":"fr-FR"},{"@type":"WebPage","@id":"https:\/\/mwc-cmm.org\/fr\/stories\/une-unite-qui-sentend\/","url":"https:\/\/mwc-cmm.org\/fr\/stories\/une-unite-qui-sentend\/","name":"Une unit\u00e9 qui s\u2019entend - Mennonite World Conference","isPartOf":{"@id":"https:\/\/mwc-cmm.org\/en\/#website"},"primaryImageOfPage":{"@id":"https:\/\/mwc-cmm.org\/fr\/stories\/une-unite-qui-sentend\/#primaryimage"},"image":{"@id":"https:\/\/mwc-cmm.org\/fr\/stories\/une-unite-qui-sentend\/#primaryimage"},"thumbnailUrl":"https:\/\/mwc-cmm.org\/wp-content\/uploads\/2026\/03\/20150723HeikeMartin0323-scaled.jpg","datePublished":"2026-03-08T22:53:45+00:00","dateModified":"2026-03-18T10:47:59+00:00","breadcrumb":{"@id":"https:\/\/mwc-cmm.org\/fr\/stories\/une-unite-qui-sentend\/#breadcrumb"},"inLanguage":"fr-FR","potentialAction":[{"@type":"ReadAction","target":["https:\/\/mwc-cmm.org\/fr\/stories\/une-unite-qui-sentend\/"]}]},{"@type":"ImageObject","inLanguage":"fr-FR","@id":"https:\/\/mwc-cmm.org\/fr\/stories\/une-unite-qui-sentend\/#primaryimage","url":"https:\/\/mwc-cmm.org\/wp-content\/uploads\/2026\/03\/20150723HeikeMartin0323-scaled.jpg","contentUrl":"https:\/\/mwc-cmm.org\/wp-content\/uploads\/2026\/03\/20150723HeikeMartin0323-scaled.jpg","width":2560,"height":1707,"caption":"singing at MWC assembly"},{"@type":"BreadcrumbList","@id":"https:\/\/mwc-cmm.org\/fr\/stories\/une-unite-qui-sentend\/#breadcrumb","itemListElement":[{"@type":"ListItem","position":1,"name":"Home","item":"https:\/\/mwc-cmm.org\/fr\/"},{"@type":"ListItem","position":2,"name":"Une unit\u00e9 qui s\u2019entend"}]},{"@type":"WebSite","@id":"https:\/\/mwc-cmm.org\/en\/#website","url":"https:\/\/mwc-cmm.org\/en\/","name":"Mennonite World Conference","description":"A communion of Anabaptist-related churches","publisher":{"@id":"https:\/\/mwc-cmm.org\/en\/#organization"},"alternateName":"MWC","potentialAction":[{"@type":"SearchAction","target":{"@type":"EntryPoint","urlTemplate":"https:\/\/mwc-cmm.org\/en\/?s={search_term_string}"},"query-input":{"@type":"PropertyValueSpecification","valueRequired":true,"valueName":"search_term_string"}}],"inLanguage":"fr-FR"},{"@type":"Organization","@id":"https:\/\/mwc-cmm.org\/en\/#organization","name":"Mennonite World Conference","alternateName":"MWC","url":"https:\/\/mwc-cmm.org\/en\/","logo":{"@type":"ImageObject","inLanguage":"fr-FR","@id":"https:\/\/mwc-cmm.org\/en\/#\/schema\/logo\/image\/","url":"https:\/\/mwc-cmm.org\/wp-content\/uploads\/2026\/01\/MWC_Sig_Blue_Horiz_webheader1-logo.svg","contentUrl":"https:\/\/mwc-cmm.org\/wp-content\/uploads\/2026\/01\/MWC_Sig_Blue_Horiz_webheader1-logo.svg","width":786,"height":82,"caption":"Mennonite World Conference"},"image":{"@id":"https:\/\/mwc-cmm.org\/en\/#\/schema\/logo\/image\/"},"sameAs":["https:\/\/www.facebook.com\/MennoniteWorldConference","https:\/\/www.linkedin.com\/company\/mennonite-world-conference-mwc\/","https:\/\/www.instagram.com\/mwcmm\/","https:\/\/www.youtube.com\/user\/mwccmm","https:\/\/bsky.app\/profile\/mwcmm.bsky.social"]},{"@type":"Person","@id":"https:\/\/mwc-cmm.org\/en\/#\/schema\/person\/00b62ed8ea1527254a44f3ace3aee79d","name":"Stephanie Setiawan","image":{"@type":"ImageObject","inLanguage":"fr-FR","@id":"https:\/\/secure.gravatar.com\/avatar\/71b4b62cf3d0cfb4c8a367a101127ba8adfa1c22417900980ea24f5f4457a76d?s=96&d=mm&r=g","url":"https:\/\/secure.gravatar.com\/avatar\/71b4b62cf3d0cfb4c8a367a101127ba8adfa1c22417900980ea24f5f4457a76d?s=96&d=mm&r=g","contentUrl":"https:\/\/secure.gravatar.com\/avatar\/71b4b62cf3d0cfb4c8a367a101127ba8adfa1c22417900980ea24f5f4457a76d?s=96&d=mm&r=g","caption":"Stephanie Setiawan"},"url":"https:\/\/mwc-cmm.org\/fr\/stories\/author\/stephanie\/"}]}},"_links":{"self":[{"href":"https:\/\/mwc-cmm.org\/fr\/wp-json\/wp\/v2\/posts\/124682","targetHints":{"allow":["GET"]}}],"collection":[{"href":"https:\/\/mwc-cmm.org\/fr\/wp-json\/wp\/v2\/posts"}],"about":[{"href":"https:\/\/mwc-cmm.org\/fr\/wp-json\/wp\/v2\/types\/post"}],"author":[{"embeddable":true,"href":"https:\/\/mwc-cmm.org\/fr\/wp-json\/wp\/v2\/users\/8"}],"replies":[{"embeddable":true,"href":"https:\/\/mwc-cmm.org\/fr\/wp-json\/wp\/v2\/comments?post=124682"}],"version-history":[{"count":0,"href":"https:\/\/mwc-cmm.org\/fr\/wp-json\/wp\/v2\/posts\/124682\/revisions"}],"wp:featuredmedia":[{"embeddable":true,"href":"https:\/\/mwc-cmm.org\/fr\/wp-json\/wp\/v2\/media\/124670"}],"wp:attachment":[{"href":"https:\/\/mwc-cmm.org\/fr\/wp-json\/wp\/v2\/media?parent=124682"}],"wp:term":[{"taxonomy":"category","embeddable":true,"href":"https:\/\/mwc-cmm.org\/fr\/wp-json\/wp\/v2\/categories?post=124682"},{"taxonomy":"post_tag","embeddable":true,"href":"https:\/\/mwc-cmm.org\/fr\/wp-json\/wp\/v2\/tags?post=124682"},{"taxonomy":"network","embeddable":true,"href":"https:\/\/mwc-cmm.org\/fr\/wp-json\/wp\/v2\/network?post=124682"},{"taxonomy":"eventcategory","embeddable":true,"href":"https:\/\/mwc-cmm.org\/fr\/wp-json\/wp\/v2\/eventcategory?post=124682"}],"curies":[{"name":"wp","href":"https:\/\/api.w.org\/{rel}","templated":true}]}}