{"id":122797,"date":"2026-01-04T12:38:02","date_gmt":"2026-01-04T12:38:02","guid":{"rendered":"https:\/\/mwc-cmm.org\/stories\/awfs-2026proposition-pour-une-liturgie-et-des-symboles-pour-le-rassemblement-et-la-benediction\/"},"modified":"2026-01-04T14:32:04","modified_gmt":"2026-01-04T14:32:04","slug":"awfs-2026proposition-pour-une-liturgie-et-des-symboles-pour-le-rassemblement-et-la-benediction","status":"publish","type":"post","link":"https:\/\/mwc-cmm.org\/fr\/stories\/awfs-2026proposition-pour-une-liturgie-et-des-symboles-pour-le-rassemblement-et-la-benediction\/","title":{"rendered":"AWFS 2026 : Suggestion de liturgie pour l\u2019accueil et l\u2019envoi"},"content":{"rendered":"\n<h2 class=\"wp-block-heading is-style-green-eyebrow\">Dimanche de la Fraternit\u00e9 Anabaptiste Mondiale 2026<\/h2>\n\n\n\n<p>Sur une table \u00e0 l\u2019avant, placez cinq bougies de couleurs diff\u00e9rentes pour chaque continent sur une carte du monde (ou \u00e0 c\u00f4t\u00e9 d\u2019un globe terrestre), ainsi qu\u2019une bougie blanche repr\u00e9sentant le Christ au\u202fcentre. <\/p>\n\n\n\n<p>Au d\u00e9but du culte, nommez chaque continent au fur et \u00e0 mesure que la bougie correspondante est allum\u00e9e, en saluant les fr\u00e8res et s\u0153urs de chaque continent.<\/p>\n\n\n\n<p>Allumez la bougie du Christ en dernier (ou en premier) comme source de lumi\u00e8re pour l\u2019\u00c9glise partout dans le\u202fmonde. <\/p>\n\n\n\n<p>Pendant le culte ou \u00e0 la fin de celui-ci, des pri\u00e8res peuvent \u00eatre dites pour b\u00e9nir les fr\u00e8res et s\u0153urs des diff\u00e9rentes r\u00e9gions du\u202fmonde. <\/p>\n\n\n\n<p>Ressources suppl\u00e9mentaires pour montrer le lien avec la famille anabaptiste mondiale : <\/p>\n\n\n\n<ul class=\"wp-block-list\">\n<li>Utilisez l\u2019invocation et la b\u00e9n\u00e9diction pour l\u2019allumage des bougies dans la section \u00ab\u202fid\u00e9es de c\u00e9l\u00e9bration\u202f\u00bb<\/li>\n\n\n\n<li>Regardez les vid\u00e9os de bienvenue dans la section ressources multim\u00e9dia<\/li>\n\n\n\n<li>Affichez la carte de la CMM (sous forme d\u2019affiche ou de version interactive en\u202fligne).<\/li>\n<\/ul>\n\n\n\n<hr class=\"wp-block-separator has-alpha-channel-opacity\"\/>\n\n\n\n<h3 class=\"wp-block-heading\">Pri\u00e8re de rassemblement <\/h3>\n\n\n\n<p><em><span class=\"TextRun SCXW130092719 BCX0\" lang=\"FR-FR\" xml:lang=\"FR-FR\" data-contrast=\"auto\"><span class=\"NormalTextRun SCXW130092719 BCX0\" data-ccp-parastyle=\"No Spacing\">D\u2019apr\u00e8s le Psaume 40.1-11<\/span><\/span><span class=\"EOP SCXW130092719 BCX0\" data-ccp-props=\"{&quot;201341983&quot;:0,&quot;335551550&quot;:6,&quot;335551620&quot;:6,&quot;335559739&quot;:0,&quot;335559740&quot;:240}\">&nbsp;<\/span><\/em><\/p>\n\n\n\n<p><span data-contrast=\"auto\">Seigneur, nous avons mis tout notre espoir en\u202ftoi,<\/span><span data-ccp-props=\"{&quot;201341983&quot;:0,&quot;335551550&quot;:6,&quot;335551620&quot;:6,&quot;335559739&quot;:0,&quot;335559740&quot;:240}\"><\/span><span data-contrast=\"auto\">En nous pr\u00e9parant \u00e0 faire de la place pour\u202ftoi,<\/span><span data-ccp-props=\"{&quot;201341983&quot;:0,&quot;335551550&quot;:6,&quot;335551620&quot;:6,&quot;335559739&quot;:0,&quot;335559740&quot;:240}\"><\/span><span data-contrast=\"auto\">Sachant que tu pr\u00eates l\u2019oreille \u00e0 nos supplications.\u00a0<\/span><br><\/p>\n\n\n\n<p><span data-contrast=\"auto\">Tu nous as fait remonter du puits de la destruction, et du fond de la\u202fboue\u202f;<\/span><span data-ccp-props=\"{&quot;201341983&quot;:0,&quot;335551550&quot;:6,&quot;335551620&quot;:6,&quot;335559739&quot;:0,&quot;335559740&quot;:240}\"><\/span><span data-contrast=\"auto\">Tu nous as remis debout, les pieds sur un rocher, et tu as affermi nos\u202fpas.<\/span><\/p>\n\n\n\n<p><span data-contrast=\"auto\">Tu as mis dans nos bouches un cantique nouveau,<\/span><span data-ccp-props=\"{&quot;201341983&quot;:0,&quot;335551550&quot;:6,&quot;335551620&quot;:6,&quot;335559739&quot;:0,&quot;335559740&quot;:240}\">\r\n<\/span><span data-contrast=\"auto\">Et la louange pour notre\u202fDieu.<\/span><span data-ccp-props=\"{&quot;201341983&quot;:0,&quot;335551550&quot;:6,&quot;335551620&quot;:6,&quot;335559739&quot;:0,&quot;335559740&quot;:240}\">&nbsp;<\/span><\/p>\n\n\n\n<p><span data-contrast=\"auto\">Quand ils verront ce qu\u2019il a fait, ils seront nombreux \u00e0 le\u202fcraindre\u00a0Et \u00e0 mettre leur confiance en\u202fl\u2019Eternel.<\/span><span data-ccp-props=\"{&quot;201341983&quot;:0,&quot;335551550&quot;:6,&quot;335551620&quot;:6,&quot;335559739&quot;:0,&quot;335559740&quot;:240}\"><\/span><span data-contrast=\"auto\">Heureux l\u2019homme qui fait confiance \u00e0\u202fl\u2019Eternel\u202f!\u00a0<\/span><\/p>\n\n\n\n<p><span data-contrast=\"auto\">O Eternel, notre Dieu, toi, tu as accompli tant d\u2019\u0153uvres merveilleuses,<\/span><span data-ccp-props=\"{&quot;201341983&quot;:0,&quot;335551550&quot;:6,&quot;335551620&quot;:6,&quot;335559739&quot;:0,&quot;335559740&quot;:240}\">\r\n<\/span><span data-contrast=\"auto\">Et combien de projets tu as&nbsp;form\u00e9s&nbsp;pour\u202fnous\u202f!<\/span><span data-ccp-props=\"{&quot;201341983&quot;:0,&quot;335551550&quot;:6,&quot;335551620&quot;:6,&quot;335559739&quot;:0,&quot;335559740&quot;:240}\">\r\n<\/span><span data-contrast=\"auto\">Nul n\u2019est semblable \u00e0\u202ftoi,<\/span><span data-ccp-props=\"{&quot;201341983&quot;:0,&quot;335551550&quot;:6,&quot;335551620&quot;:6,&quot;335559739&quot;:0,&quot;335559740&quot;:240}\">&nbsp;<\/span><\/p>\n\n\n\n<p><span data-contrast=\"auto\">Nous voulons publier, redire tes merveilles, mais leur nombre est trop\u202fgrand.<\/span><span data-ccp-props=\"{&quot;201341983&quot;:0,&quot;335551550&quot;:6,&quot;335551620&quot;:6,&quot;335559739&quot;:0,&quot;335559740&quot;:240}\"><\/span><span data-contrast=\"auto\">Seigneur, ce n\u2019est pas un sacrifice ou une offrande que tu demandes de\u202fnous,<\/span><span data-ccp-props=\"{&quot;201341983&quot;:0,&quot;335551550&quot;:6,&quot;335551620&quot;:6,&quot;335559739&quot;:0,&quot;335559740&quot;:240}\"><\/span><span data-contrast=\"auto\">Mais notre \u00eatre tout\u202fentier.<\/span><span data-ccp-props=\"{&quot;201341983&quot;:0,&quot;335551550&quot;:6,&quot;335551620&quot;:6,&quot;335559739&quot;:0,&quot;335559740&quot;:240}\"><\/span><span data-contrast=\"auto\">Nous prenons plaisir \u00e0 faire ta volont\u00e9, notre\u202fDieu,<\/span><span data-ccp-props=\"{&quot;201341983&quot;:0,&quot;335551550&quot;:6,&quot;335551620&quot;:6,&quot;335559739&quot;:0,&quot;335559740&quot;:240}\"><\/span><span data-contrast=\"auto\">Et ta Loi est grav\u00e9e tout au fond de nos\u202fc\u0153urs.<\/span><span data-ccp-props=\"{&quot;201341983&quot;:0,&quot;335551550&quot;:6,&quot;335551620&quot;:6,&quot;335559739&quot;:0,&quot;335559740&quot;:240}\"><\/span><span data-contrast=\"auto\">Dans la grande assembl\u00e9e, nous annon\u00e7ons la bonne nouvelle de ta justice.<\/span><span data-ccp-props=\"{&quot;201341983&quot;:0,&quot;335551550&quot;:6,&quot;335551620&quot;:6,&quot;335559739&quot;:0,&quot;335559740&quot;:240}\"><\/span><span data-contrast=\"auto\">Nous ne nous retenons pas d\u2019annoncer que tu es juste, que ton amour est sans\u202flimites.<\/span><br><br><span data-contrast=\"auto\">Nous proclamons bien haut combien tu es fid\u00e8le, et que tu nous as\u202fsauv\u00e9s.<\/span><span data-ccp-props=\"{&quot;201341983&quot;:0,&quot;335551550&quot;:6,&quot;335551620&quot;:6,&quot;335559739&quot;:0,&quot;335559740&quot;:240}\"><\/span><span data-contrast=\"auto\">Tu es celui qui nous aide et celui qui nous\u202fsauve.\u00a0<\/span><\/p>\n\n\n\n<p>Seigneur, nous te louons, nous te servons, nous te\u202fprions.&nbsp;<\/p>\n\n\n\n<p>Amen.\u202f\u202f&nbsp;<\/p>\n\n\n\n<hr class=\"wp-block-separator has-alpha-channel-opacity\"\/>\n\n\n\n<h5 class=\"wp-block-heading\"><h5><span class=\"TextRun MacChromeBold SCXW149923104 BCX0\" lang=\"FR-FR\" xml:lang=\"FR-FR\" data-contrast=\"auto\"><span class=\"NormalTextRun SCXW149923104 BCX0\" data-ccp-parastyle=\"No Spacing\">Bienvenue \u00e0 vous\u2026<\/span><\/span><span class=\"EOP SCXW149923104 BCX0\" data-ccp-props=\"{&quot;201341983&quot;:0,&quot;335551550&quot;:6,&quot;335551620&quot;:6,&quot;335559739&quot;:0,&quot;335559740&quot;:240}\">\u00a0<\/span><\/h5><\/h5>\n\n\n\n<p><span data-contrast=\"auto\">Bienvenue \u00e0 vous qui avez un c\u0153ur de\u202fpauvre\u202f!<\/span><span data-ccp-props=\"{&quot;201341983&quot;:0,&quot;335551550&quot;:6,&quot;335551620&quot;:6,&quot;335559739&quot;:0,&quot;335559740&quot;:240}\">\r\n<\/span><span data-contrast=\"auto\">Bienvenue \u00e0 vous qui\u202fpleurez\u202f!<\/span><span data-ccp-props=\"{&quot;201341983&quot;:0,&quot;335551550&quot;:6,&quot;335551620&quot;:6,&quot;335559739&quot;:0,&quot;335559740&quot;:240}\">\r\n<\/span><span data-contrast=\"auto\">Bienvenue \u00e0 vous qui avez faim et soif de justice\u202f!<\/span><span data-ccp-props=\"{&quot;201341983&quot;:0,&quot;335551550&quot;:6,&quot;335551620&quot;:6,&quot;335559739&quot;:0,&quot;335559740&quot;:240}\">\r\n<\/span><span data-contrast=\"auto\">Bienvenue \u00e0 vous les faiseurs de\u202fpaix\u202f!<\/span><span data-ccp-props=\"{&quot;201341983&quot;:0,&quot;335551550&quot;:6,&quot;335551620&quot;:6,&quot;335559739&quot;:0,&quot;335559740&quot;:240}\">\r\n<\/span><span data-contrast=\"auto\">Bienvenue \u00e0 vous qui souffrez et supportez l\u2019insupportable au nom de J\u00e9sus-Christ\u202f!<\/span><span data-ccp-props=\"{&quot;201341983&quot;:0,&quot;335551550&quot;:6,&quot;335551620&quot;:6,&quot;335559739&quot;:0,&quot;335559740&quot;:240}\">&nbsp;<\/span><\/p>\n\n\n\n<p><span data-contrast=\"auto\">Dieu, en J\u00e9sus, souhaite \u00e0 chacun de vous la bienvenue.<\/span><span data-ccp-props=\"{&quot;201341983&quot;:0,&quot;335551550&quot;:6,&quot;335551620&quot;:6,&quot;335559739&quot;:0,&quot;335559740&quot;:240}\">\r\n<\/span><span data-contrast=\"auto\">C\u2019est lui qui veut porter, avec nous, les fardeaux de nos\u202fjours.<\/span><span data-ccp-props=\"{&quot;201341983&quot;:0,&quot;335551550&quot;:6,&quot;335551620&quot;:6,&quot;335559739&quot;:0,&quot;335559740&quot;:240}\">\r\n<\/span><span data-contrast=\"auto\">Ouvrons-nous \u00e0 sa pr\u00e9sence et que sa joie, ce matin, nous\u202fsaisisse<\/span><span data-ccp-props=\"{&quot;201341983&quot;:0,&quot;335551550&quot;:6,&quot;335551620&quot;:6,&quot;335559739&quot;:0,&quot;335559740&quot;:240}\">\r\n<\/span><span data-contrast=\"auto\">Par la gr\u00e2ce de son\u202fEsprit\u202f!<\/span><span data-ccp-props=\"{&quot;201341983&quot;:0,&quot;335551550&quot;:6,&quot;335551620&quot;:6,&quot;335559739&quot;:0,&quot;335559740&quot;:240}\">&nbsp;<\/span><\/p>\n\n\n\n<p><em><span class=\"TextRun SCXW218690490 BCX0\" lang=\"FR-FR\" xml:lang=\"FR-FR\" data-contrast=\"auto\"><span class=\"NormalTextRun SCXW218690490 BCX0\" data-ccp-parastyle=\"No Spacing\">\u2014De Nathalie Werner, de&nbsp;<\/span><\/span><span class=\"TextRun SCXW218690490 BCX0\" lang=\"FR-FR\" xml:lang=\"FR-FR\" data-contrast=\"auto\"><span class=\"NormalTextRun SCXW218690490 BCX0\" data-ccp-parastyle=\"No Spacing\">Paroles et pri\u00e8res pour le culte<\/span><\/span><span class=\"TextRun SCXW218690490 BCX0\" lang=\"FR-FR\" xml:lang=\"FR-FR\" data-contrast=\"auto\"><span class=\"NormalTextRun SCXW218690490 BCX0\" data-ccp-parastyle=\"No Spacing\">&nbsp;(\u00c9ditions Mennonites)<\/span><\/span><span class=\"EOP SCXW218690490 BCX0\" data-ccp-props=\"{&quot;201341983&quot;:0,&quot;335551550&quot;:6,&quot;335551620&quot;:6,&quot;335559739&quot;:0,&quot;335559740&quot;:240}\">&nbsp;<\/span><\/em><\/p>\n\n\n\n<hr class=\"wp-block-separator has-alpha-channel-opacity\"\/>\n\n\n\n<h5 class=\"wp-block-heading\"><h5><span class=\"TextRun MacChromeBold SCXW32650392 BCX0\" lang=\"FR-FR\" xml:lang=\"FR-FR\" data-contrast=\"auto\"><span class=\"NormalTextRun SCXW32650392 BCX0\" data-ccp-parastyle=\"No Spacing\">Repentance \u2013 Pardon<\/span><\/span><span class=\"EOP SCXW32650392 BCX0\" data-ccp-props=\"{&quot;201341983&quot;:0,&quot;335551550&quot;:6,&quot;335551620&quot;:6,&quot;335559739&quot;:0,&quot;335559740&quot;:240}\">\u00a0<\/span><\/h5><\/h5>\n\n\n\n<p>Seigneur, nous t\u2019adorons et te louons, nous nous tenons humblement devant\u202ftoi. <\/p>\n\n\n\n<p>Nous reconnaissons que tu accomplis tes desseins pour le\u202fmonde. <\/p>\n\n\n\n<p>Nous confessons notre refus de voir la promesse d\u2019une nouvelle humanit\u00e9. <\/p>\n\n\n\n<p>Nous sommes submerg\u00e9s par les affaires du\u202fmonde. <\/p>\n\n\n\n<p>Nous sommes distraits de nos engagements par d\u2019autres\u202fappels. <\/p>\n\n\n\n<p>Nous sommes victimes de nos pr\u00e9jug\u00e9s, de nos peurs et de notre vision \u00e0 courte\u202fterme. <\/p>\n\n\n\n<p>Nous te prions de nous transformer \u00e0 l\u2019image du\u202fChrist. <\/p>\n\n\n\n<p>Nous te prions de nous prendre \u00e0 ton service et de nous utiliser, pour que tous les peuples, toutes les races et toutes les nations puissent grandir ensemble en paix et en bonne intelligence. <\/p>\n\n\n\n<p>Nous te le demandons au nom du Christ qui, seul, peut faire de notre fraternit\u00e9 une\u202fr\u00e9alit\u00e9. <\/p>\n\n\n\n<p><em>\u2014 De Michel Sommer, de Paroles et pri\u00e8res pour le culte (\u00c9ditions Mennonites) <\/em><\/p>\n\n\n\n<hr class=\"wp-block-separator has-alpha-channel-opacity\"\/>\n\n\n\n<h5 class=\"wp-block-heading\"><h5><span class=\"TextRun MacChromeBold SCXW230848488 BCX0\" lang=\"FR-FR\" xml:lang=\"FR-FR\" data-contrast=\"auto\"><span class=\"NormalTextRun SCXW230848488 BCX0\" data-ccp-parastyle=\"No Spacing\">Confession de foi \u2013 Engagement \u2013 Cons\u00e9cration<\/span><\/span><span class=\"EOP SCXW230848488 BCX0\" data-ccp-props=\"{&quot;201341983&quot;:0,&quot;335551550&quot;:6,&quot;335551620&quot;:6,&quot;335559739&quot;:0,&quot;335559740&quot;:240}\">\u00a0<\/span><\/h5><\/h5>\n\n\n\n<p>Partager avec ceux qui vivent la pr\u00e9carit\u00e9 <\/p>\n\n\n\n<p>Tous ceux qui sont n\u00e9s de Dieu, ont re\u00e7u les dons de l\u2019Esprit du Seigneur, \r\nappel\u00e9s \u00e0 \u00eatre un seul corps et s\u2019aimant en J\u00e9sus-Christ, \r\nsont bien pr\u00e9par\u00e9s par un tel\u202famour \r\n\u00e0 aider leurs voisins, non seulement avec de l\u2019argent et des\u202fbiens, \r\nmais aussi en suivant l\u2019exemple de leur\u202fSeigneur, \r\nd\u2019une mani\u00e8re \u00e9vang\u00e9lique, \r\npar leur sang et leur\u202fvie. \r\nIls font montre de mis\u00e9ricorde et de pi\u00e9t\u00e9 autant que possible. \r\nIls prennent \u00e0 c\u0153ur les besoins des\u202fsaints. \r\nIls re\u00e7oivent ceux qui sont dans la\u202fd\u00e9tresse. \r\nIls re\u00e7oivent l\u2019\u00e9tranger dans leurs\u202fmaisons. \r\nIls consolent les afflig\u00e9s, assistent les n\u00e9cessiteux, \r\nhabillent ceux qui sont nus, nourrissent les\u202faffam\u00e9s, \r\net ne d\u00e9tournent pas leur visage des\u202fpauvres\u2026  \r\n\r\n <\/p>\n\n\n\n<p><em>\u2014 Menno Simons (1496\u20131561), de Paroles et pri\u00e8res pour le culte (\u00c9ditions Mennonites)<\/em><\/p>\n\n\n\n<hr class=\"wp-block-separator has-alpha-channel-opacity\"\/>\n\n\n\n<h3 class=\"wp-block-heading\"><span data-ccp-props=\"{&quot;201341983&quot;:0,&quot;335551550&quot;:6,&quot;335551620&quot;:6,&quot;335559739&quot;:0,&quot;335559740&quot;:240}\">&nbsp;<\/span><b><span data-contrast=\"auto\">Une pri\u00e8re pour l\u2019offrande&nbsp;<\/span><\/b><span data-ccp-props=\"{&quot;201341983&quot;:0,&quot;335551550&quot;:6,&quot;335551620&quot;:6,&quot;335559739&quot;:0,&quot;335559740&quot;:240}\">&nbsp;<\/span><\/h3>\n\n\n\n<p>Notre Dieu, notre P\u00e8re, le P\u00e8re des lumi\u00e8res chez qui il n\u2019y a pas d\u2019avarice\u2026 apprends-nous \u00e0 nous confectionner un tr\u00e9sor dans le ciel et non sur cette terre. Apprends-nous \u00e0 placer notre foi en toi uniquement, et non dans ces biens mat\u00e9riels passagers. Comme tu nous l\u2019as enseign\u00e9, nous prions pour que ta volont\u00e9 se fasse sur cette terre comme aux cieux. Nous t\u2019apportons maintenant une partie des biens dont tu nous as confi\u00e9 la gestion. Permets, nous t\u2019en prions, que cette offrande contribue \u00e0 la manifestation de ta volont\u00e9 sur cette terre. Amen <\/p>\n\n\n\n<p><em>\u2014 De Nicolas Widmer, de Paroles et pri\u00e8res pour le culte (\u00c9ditions Mennonites) <\/em><\/p>\n\n\n\n<hr class=\"wp-block-separator has-alpha-channel-opacity\"\/>\n\n\n\n<h3 class=\"wp-block-heading\">La pri\u00e8re d\u2019intercession<\/h3>\n\n\n\n<p><span class=\"TextRun MacChromeBold SCXW208922903 BCX0\" lang=\"FR-FR\" xml:lang=\"FR-FR\" data-contrast=\"auto\"><strong><span class=\"NormalTextRun SCXW208922903 BCX0\" data-ccp-parastyle=\"No Spacing\">Donne-nous le pouvoir<\/span>\u00a0<\/strong><\/span><\/p>\n\n\n\n<p>Dieu, <\/p>\n\n\n\n<p><span data-contrast=\"auto\">Donne-nous le pouvoir de faire confiance aux autres&nbsp;<\/span><span data-ccp-props=\"{&quot;201341983&quot;:0,&quot;335551550&quot;:6,&quot;335551620&quot;:6,&quot;335559739&quot;:0,&quot;335559740&quot;:240}\">\r\n<\/span><span data-contrast=\"auto\">Et de choisir la durabilit\u00e9 environnementale<\/span><span data-ccp-props=\"{&quot;201341983&quot;:0,&quot;335551550&quot;:6,&quot;335551620&quot;:6,&quot;335559739&quot;:0,&quot;335559740&quot;:240}\">\r\n<\/span><span data-contrast=\"auto\">Qui lib\u00e8re ta cr\u00e9ation de la souffrance.<\/span><span data-ccp-props=\"{&quot;201341983&quot;:0,&quot;335551550&quot;:6,&quot;335551620&quot;:6,&quot;335559739&quot;:0,&quot;335559740&quot;:240}\">&nbsp;<\/span><\/p>\n\n\n\n<p><span data-contrast=\"auto\">Donne-nous le pouvoir de partager nos connaissances<\/span><span data-ccp-props=\"{&quot;201341983&quot;:0,&quot;335551550&quot;:6,&quot;335551620&quot;:6,&quot;335559739&quot;:0,&quot;335559740&quot;:240}\">\r\n<\/span><span data-contrast=\"auto\">Et de rechercher des solutions durables<\/span><span data-ccp-props=\"{&quot;201341983&quot;:0,&quot;335551550&quot;:6,&quot;335551620&quot;:6,&quot;335559739&quot;:0,&quot;335559740&quot;:240}\">\r\n<\/span><span data-contrast=\"auto\">Qui permettent aux futures g\u00e9n\u00e9rations de vivre.<\/span><\/p>\n\n\n\n<p><span data-contrast=\"auto\">Donne-nous le pouvoir de coop\u00e9rer<\/span><span data-ccp-props=\"{&quot;201341983&quot;:0,&quot;335551550&quot;:6,&quot;335551620&quot;:6,&quot;335559739&quot;:0,&quot;335559740&quot;:240}\">\r\n<\/span><span data-contrast=\"auto\">Pour prendre des d\u00e9cisions et entreprendre des actions<\/span><span data-ccp-props=\"{&quot;201341983&quot;:0,&quot;335551550&quot;:6,&quot;335551620&quot;:6,&quot;335559739&quot;:0,&quot;335559740&quot;:240}\">\r\n<\/span><span data-contrast=\"auto\">Qui donnent un fruit durable.<\/span><\/p>\n\n\n\n<p><span data-contrast=\"auto\">Donne-nous ce pouvoir<\/span><span data-ccp-props=\"{&quot;201341983&quot;:0,&quot;335551550&quot;:6,&quot;335551620&quot;:6,&quot;335559739&quot;:0,&quot;335559740&quot;:240}\">\r\n<\/span><span data-contrast=\"auto\">Par ton Saint Esprit.<\/span><span data-ccp-props=\"{&quot;201341983&quot;:0,&quot;335551550&quot;:6,&quot;335551620&quot;:6,&quot;335559739&quot;:0,&quot;335559740&quot;:240}\">&nbsp;<\/span><\/p>\n\n\n\n<p>Toi qui as vu que cela \u00e9tait bon.&nbsp;<\/p>\n\n\n\n<p>Apr\u00e8s-demain comme au commencement.&nbsp;<\/p>\n\n\n\n<p>Pour que ton r\u00e8gne vienne<br>Et que ta gloire rayonne<br>\u00c0 jamais.<br><br>Amen<\/p>\n\n\n\n<p><em>\u2014 Traduction libre d\u2019une pri\u00e8re extraite de Dancing with the Golden Frog: Global Warming and the Lord\u2019s Prayer, de Herman Heijn, pasteur \u00e0 Doopsgezinde Gemeente Haarlem, Pays-Bas.&nbsp;<\/em><\/p>\n\n\n\n<hr class=\"wp-block-separator has-alpha-channel-opacity\"\/>\n\n\n\n<h3 class=\"wp-block-heading\"><h3><span class=\"TextRun MacChromeBold SCXW259015244 BCX0\" lang=\"FR-FR\" xml:lang=\"FR-FR\" data-contrast=\"auto\"><span class=\"NormalTextRun SCXW259015244 BCX0\" data-ccp-parastyle=\"No Spacing\">Po\u00e8me pour entrer en m\u00e9ditation<\/span><\/span><span class=\"EOP SCXW259015244 BCX0\" data-ccp-props=\"{&quot;201341983&quot;:0,&quot;335559739&quot;:0,&quot;335559740&quot;:240}\">\u00a0<\/span><\/h3><\/h3>\n\n\n\n<p><span data-contrast=\"auto\">J\u2019aimerais cr\u00e9er une compagnie de deuil<\/span><span data-ccp-props=\"{&quot;201341983&quot;:0,&quot;335551550&quot;:6,&quot;335551620&quot;:6,&quot;335559739&quot;:0,&quot;335559740&quot;:240}\">\r\n<\/span><span data-contrast=\"auto\">Pour partager ensemble la solitude du chagrin<\/span><span data-ccp-props=\"{&quot;201341983&quot;:0,&quot;335551550&quot;:6,&quot;335551620&quot;:6,&quot;335559739&quot;:0,&quot;335559740&quot;:240}\">\r\n<\/span><span data-contrast=\"auto\">Sans dire quoi que ce soit qui n\u2019ait vraiment d\u2019importance<\/span><span data-ccp-props=\"{&quot;201341983&quot;:0,&quot;335551550&quot;:6,&quot;335551620&quot;:6,&quot;335559739&quot;:0,&quot;335559740&quot;:240}\">\r\n<\/span><span data-contrast=\"auto\">Mais simplement pour pleurer ensemble<\/span><span data-ccp-props=\"{&quot;201341983&quot;:0,&quot;335551550&quot;:6,&quot;335551620&quot;:6,&quot;335559739&quot;:0,&quot;335559740&quot;:240}\">\r\n<\/span><span data-contrast=\"auto\">Ce qui n\u2019est plus l\u00e0.<\/span><span data-ccp-props=\"{&quot;201341983&quot;:0,&quot;335551550&quot;:6,&quot;335551620&quot;:6,&quot;335559739&quot;:0,&quot;335559740&quot;:240}\">&nbsp;<\/span><\/p>\n\n\n\n<p><span data-contrast=\"auto\">J\u2019aimerais cr\u00e9er une compagnie de deuil :&nbsp;<\/span><span data-ccp-props=\"{&quot;201341983&quot;:0,&quot;335551550&quot;:6,&quot;335551620&quot;:6,&quot;335559739&quot;:0,&quot;335559740&quot;:240}\">\r\n<\/span><span data-contrast=\"auto\">Un groupe, un club ou juste une personne&nbsp;<\/span><span data-ccp-props=\"{&quot;201341983&quot;:0,&quot;335551550&quot;:6,&quot;335551620&quot;:6,&quot;335559739&quot;:0,&quot;335559740&quot;:240}\">\r\n<\/span><span data-contrast=\"auto\">Qui puisse rester et demeurer sans se soucier de l\u2019heure&nbsp;<\/span><span data-ccp-props=\"{&quot;201341983&quot;:0,&quot;335551550&quot;:6,&quot;335551620&quot;:6,&quot;335559739&quot;:0,&quot;335559740&quot;:240}\">\r\n<\/span><span data-contrast=\"auto\">Aussi longtemps qu\u2019il le faudra<\/span><span data-ccp-props=\"{&quot;201341983&quot;:0,&quot;335551550&quot;:6,&quot;335551620&quot;:6,&quot;335559739&quot;:0,&quot;335559740&quot;:240}\">&nbsp;<\/span><\/p>\n\n\n\n<p>M\u00eame si cela dure et dure encore.<\/p>\n\n\n\n<p><span data-contrast=\"auto\">J\u2019aimerais cr\u00e9er une compagnie de deuil ;<\/span><span data-ccp-props=\"{&quot;201341983&quot;:0,&quot;335551550&quot;:6,&quot;335551620&quot;:6,&quot;335559739&quot;:0,&quot;335559740&quot;:240}\">\r\n<\/span><span data-contrast=\"auto\">Alors je viendrai, si je peux<\/span><span data-ccp-props=\"{&quot;201341983&quot;:0,&quot;335551550&quot;:6,&quot;335551620&quot;:6,&quot;335559739&quot;:0,&quot;335559740&quot;:240}\">\r\n<\/span><span data-contrast=\"auto\">Avec des mouchoirs suppl\u00e9mentaires et des signes de compassion, en silence<\/span><span data-ccp-props=\"{&quot;201341983&quot;:0,&quot;335551550&quot;:6,&quot;335551620&quot;:6,&quot;335559739&quot;:0,&quot;335559740&quot;:240}\">\r\n<\/span><span data-contrast=\"auto\">Et ici et l\u00e0, un soupir profond,<\/span><span data-ccp-props=\"{&quot;201341983&quot;:0,&quot;335551550&quot;:6,&quot;335551620&quot;:6,&quot;335559739&quot;:0,&quot;335559740&quot;:240}\">&nbsp;<\/span><\/p>\n\n\n\n<p>Pour, peut-\u00eatre, un moment de calme et de respiration. <\/p>\n\n\n\n<p><em><span class=\"TextRun SCXW103572862 BCX0\" lang=\"FR-FR\" xml:lang=\"FR-FR\" data-contrast=\"auto\"><span class=\"NormalTextRun SCXW103572862 BCX0\" data-ccp-parastyle=\"No Spacing\">\u2014<\/span><\/span><span class=\"TextRun SCXW103572862 BCX0\" lang=\"FR-FR\" xml:lang=\"FR-FR\" data-contrast=\"auto\"><span class=\"NormalTextRun SCXW103572862 BCX0\" data-ccp-parastyle=\"No Spacing\">&nbsp;Adapt\u00e9 librement d\u2019un po\u00e8me d\u2019<\/span><span class=\"NormalTextRun SpellingErrorV2Themed SCXW103572862 BCX0\" data-ccp-parastyle=\"No Spacing\">Annegreet<\/span><span class=\"NormalTextRun SCXW103572862 BCX0\" data-ccp-parastyle=\"No Spacing\">&nbsp;van der&nbsp;<\/span><span class=\"NormalTextRun SpellingErrorV2Themed SCXW103572862 BCX0\" data-ccp-parastyle=\"No Spacing\">Wijk<\/span><span class=\"NormalTextRun SCXW103572862 BCX0\" data-ccp-parastyle=\"No Spacing\">, pasteure \u00e0&nbsp;<\/span><span class=\"NormalTextRun SpellingErrorV2Themed SCXW103572862 BCX0\" data-ccp-parastyle=\"No Spacing\">Doopsgezind<\/span><span class=\"NormalTextRun SCXW103572862 BCX0\" data-ccp-parastyle=\"No Spacing\">&nbsp;<\/span><span class=\"NormalTextRun SpellingErrorV2Themed SCXW103572862 BCX0\" data-ccp-parastyle=\"No Spacing\">Bussum-Naarden<\/span><span class=\"NormalTextRun SCXW103572862 BCX0\" data-ccp-parastyle=\"No Spacing\">, aux Pays-Bas. Extrait de <\/span><\/span><span class=\"TextRun SCXW103572862 BCX0\" lang=\"FR-FR\" xml:lang=\"FR-FR\" data-contrast=\"auto\"><span class=\"NormalTextRun SpellingErrorV2Themed SCXW103572862 BCX0\" data-ccp-parastyle=\"No Spacing\">Bij<\/span><span class=\"NormalTextRun SCXW103572862 BCX0\" data-ccp-parastyle=\"No Spacing\">&nbsp;<\/span><span class=\"NormalTextRun SpellingErrorV2Themed SCXW103572862 BCX0\" data-ccp-parastyle=\"No Spacing\">Eb<\/span><span class=\"NormalTextRun SCXW103572862 BCX0\" data-ccp-parastyle=\"No Spacing\">&nbsp;&amp;&nbsp;<\/span><span class=\"NormalTextRun SpellingErrorV2Themed SCXW103572862 BCX0\" data-ccp-parastyle=\"No Spacing\">Bij<\/span><span class=\"NormalTextRun SCXW103572862 BCX0\" data-ccp-parastyle=\"No Spacing\">&nbsp;<\/span><span class=\"NormalTextRun SpellingErrorV2Themed SCXW103572862 BCX0\" data-ccp-parastyle=\"No Spacing\">Vloed<\/span><span class=\"NormalTextRun SCXW103572862 BCX0\" data-ccp-parastyle=\"No Spacing\">&nbsp;:&nbsp;<\/span><span class=\"NormalTextRun SpellingErrorV2Themed SCXW103572862 BCX0\" data-ccp-parastyle=\"No Spacing\">negentig<\/span><span class=\"NormalTextRun SCXW103572862 BCX0\" data-ccp-parastyle=\"No Spacing\">&nbsp;<\/span><span class=\"NormalTextRun SpellingErrorV2Themed SCXW103572862 BCX0\" data-ccp-parastyle=\"No Spacing\">gedichten<\/span><span class=\"NormalTextRun SCXW103572862 BCX0\" data-ccp-parastyle=\"No Spacing\">\/<\/span><span class=\"NormalTextRun SpellingErrorV2Themed SCXW103572862 BCX0\" data-ccp-parastyle=\"No Spacing\">gebeden<\/span><span class=\"NormalTextRun SCXW103572862 BCX0\" data-ccp-parastyle=\"No Spacing\">&nbsp;en&nbsp;<\/span><span class=\"NormalTextRun SpellingErrorV2Themed SCXW103572862 BCX0\" data-ccp-parastyle=\"No Spacing\">meer<\/span><\/span><span class=\"TextRun SCXW103572862 BCX0\" lang=\"FR-FR\" xml:lang=\"FR-FR\" data-contrast=\"auto\"><span class=\"NormalTextRun SCXW103572862 BCX0\" data-ccp-parastyle=\"No Spacing\">&nbsp;(<\/span><\/span><span class=\"TextRun SCXW103572862 BCX0\" lang=\"FR-FR\" xml:lang=\"FR-FR\" data-contrast=\"auto\"><span class=\"NormalTextRun SCXW103572862 BCX0\" data-ccp-parastyle=\"No Spacing\">\u00c0 mar\u00e9e haute et \u00e0 mar\u00e9e basse : po\u00e8mes, pri\u00e8res et plus encore<\/span><\/span><span class=\"TextRun SCXW103572862 BCX0\" lang=\"FR-FR\" xml:lang=\"FR-FR\" data-contrast=\"auto\"><span class=\"NormalTextRun SCXW103572862 BCX0\" data-ccp-parastyle=\"No Spacing\">), publi\u00e9 par <\/span><span class=\"NormalTextRun SpellingErrorV2Themed SCXW103572862 BCX0\" data-ccp-parastyle=\"No Spacing\">Doopsgezind<\/span><span class=\"NormalTextRun SCXW103572862 BCX0\" data-ccp-parastyle=\"No Spacing\">&nbsp;<\/span><span class=\"NormalTextRun SpellingErrorV2Themed SCXW103572862 BCX0\" data-ccp-parastyle=\"No Spacing\">Bruderschapshuis<\/span><span class=\"NormalTextRun SCXW103572862 BCX0\" data-ccp-parastyle=\"No Spacing\">&nbsp;<\/span><span class=\"NormalTextRun SpellingErrorV2Themed SCXW103572862 BCX0\" data-ccp-parastyle=\"No Spacing\">Dopersduin<\/span><span class=\"NormalTextRun SCXW103572862 BCX0\" data-ccp-parastyle=\"No Spacing\">.<\/span><span class=\"NormalTextRun SCXW103572862 BCX0\" data-ccp-parastyle=\"No Spacing\">&nbsp;<\/span><\/span><span class=\"EOP SCXW103572862 BCX0\" data-ccp-props=\"{&quot;201341983&quot;:0,&quot;335551550&quot;:6,&quot;335551620&quot;:6,&quot;335559739&quot;:0,&quot;335559740&quot;:240}\">&nbsp;<\/span><\/em><\/p>\n\n\n\n<hr class=\"wp-block-separator has-alpha-channel-opacity\"\/>\n\n\n\n<h3 class=\"wp-block-heading\"><h3><span class=\"TextRun MacChromeBold SCXW19206313 BCX0\" lang=\"FR-FR\" xml:lang=\"FR-FR\" data-contrast=\"auto\"><span class=\"NormalTextRun SCXW19206313 BCX0\" data-ccp-parastyle=\"No Spacing\">B\u00e9n\u00e9diction\u00a0<\/span><\/span><span class=\"EOP SCXW19206313 BCX0\" data-ccp-props=\"{&quot;201341983&quot;:0,&quot;335559739&quot;:0,&quot;335559740&quot;:240}\">\u00a0<\/span><\/h3><\/h3>\n\n\n\n<p><span data-contrast=\"auto\">Notre Dieu, nous prions que rien ne soit perdu,&nbsp;<\/span><span data-ccp-props=\"{&quot;201341983&quot;:0,&quot;335551550&quot;:6,&quot;335551620&quot;:6,&quot;335559739&quot;:0,&quot;335559740&quot;:240}\">\r\n<\/span><span data-contrast=\"auto\">Mais\u202f: cherche-nous,&nbsp;<\/span><span data-ccp-props=\"{&quot;201341983&quot;:0,&quot;335551550&quot;:6,&quot;335551620&quot;:6,&quot;335559739&quot;:0,&quot;335559740&quot;:240}\">\r\n<\/span><span data-contrast=\"auto\">Regarde-nous,&nbsp;<\/span><span data-ccp-props=\"{&quot;201341983&quot;:0,&quot;335551550&quot;:6,&quot;335551620&quot;:6,&quot;335559739&quot;:0,&quot;335559740&quot;:240}\">\r\n<\/span><span data-contrast=\"auto\">Pour que nous soyons trouv\u00e9s.<\/span><span data-ccp-props=\"{&quot;201341983&quot;:0,&quot;335551550&quot;:6,&quot;335551620&quot;:6,&quot;335559739&quot;:0,&quot;335559740&quot;:240}\">&nbsp;<\/span><\/p>\n\n\n\n<p><span data-contrast=\"auto\">Seigneur, nous te prions,&nbsp;<\/span><span data-ccp-props=\"{&quot;201341983&quot;:0,&quot;335551550&quot;:6,&quot;335551620&quot;:6,&quot;335559739&quot;:0,&quot;335559740&quot;:240}\">\r\n<\/span><span data-contrast=\"auto\">Inspire-nous par ton Esprit,&nbsp;<\/span><span data-ccp-props=\"{&quot;201341983&quot;:0,&quot;335551550&quot;:6,&quot;335551620&quot;:6,&quot;335559739&quot;:0,&quot;335559740&quot;:240}\">\r\n<\/span><span data-contrast=\"auto\">Car il est temps maintenant de red\u00e9couvrir, de mettre de l\u2019ordre, de purifier.&nbsp;<\/span><span data-ccp-props=\"{&quot;201341983&quot;:0,&quot;335551550&quot;:6,&quot;335551620&quot;:6,&quot;335559739&quot;:0,&quot;335559740&quot;:240}\">&nbsp;<\/span><\/p>\n\n\n\n<p><span data-contrast=\"auto\">Avec ton souffle, mets-nous en mouvement,&nbsp;<\/span><span data-ccp-props=\"{&quot;201341983&quot;:0,&quot;335551550&quot;:6,&quot;335551620&quot;:6,&quot;335559739&quot;:0,&quot;335559740&quot;:240}\">\r\n<\/span><span data-contrast=\"auto\">Que nous puissions nous engager \u00e0 nouveau \u00e0 vivre, et \u00e0 oser vivre avec toi et par toi,&nbsp;<\/span><span data-ccp-props=\"{&quot;201341983&quot;:0,&quot;335551550&quot;:6,&quot;335551620&quot;:6,&quot;335559739&quot;:0,&quot;335559740&quot;:240}\">\r\n<\/span><span data-contrast=\"auto\">Et d\u2019\u00eatre artisan de paix.&nbsp;<\/span><span data-ccp-props=\"{&quot;201341983&quot;:0,&quot;335551550&quot;:6,&quot;335551620&quot;:6,&quot;335559739&quot;:0,&quot;335559740&quot;:240}\">&nbsp;<\/span><\/p>\n\n\n\n<p><em><span class=\"TextRun SCXW68309235 BCX0\" lang=\"FR-FR\" xml:lang=\"FR-FR\" data-contrast=\"auto\"><span class=\"NormalTextRun SCXW68309235 BCX0\" data-ccp-parastyle=\"No Spacing\">\u2014<\/span><\/span><span class=\"TextRun SCXW68309235 BCX0\" lang=\"FR-FR\" xml:lang=\"FR-FR\" data-contrast=\"auto\"><span class=\"NormalTextRun SCXW68309235 BCX0\" data-ccp-parastyle=\"No Spacing\">&nbsp;adapt\u00e9 librement d\u2019un texte de Hans Marseille, extrait de&nbsp;<\/span><\/span><span class=\"TextRun SCXW68309235 BCX0\" lang=\"FR-FR\" xml:lang=\"FR-FR\" data-contrast=\"auto\"><span class=\"NormalTextRun SpellingErrorV2Themed SCXW68309235 BCX0\" data-ccp-parastyle=\"No Spacing\">Bij<\/span><span class=\"NormalTextRun SCXW68309235 BCX0\" data-ccp-parastyle=\"No Spacing\">&nbsp;<\/span><span class=\"NormalTextRun SpellingErrorV2Themed SCXW68309235 BCX0\" data-ccp-parastyle=\"No Spacing\">Eb<\/span><span class=\"NormalTextRun SCXW68309235 BCX0\" data-ccp-parastyle=\"No Spacing\">&nbsp;&amp;&nbsp;<\/span><span class=\"NormalTextRun SpellingErrorV2Themed SCXW68309235 BCX0\" data-ccp-parastyle=\"No Spacing\">Bij<\/span><span class=\"NormalTextRun SCXW68309235 BCX0\" data-ccp-parastyle=\"No Spacing\">&nbsp;<\/span><span class=\"NormalTextRun SpellingErrorV2Themed SCXW68309235 BCX0\" data-ccp-parastyle=\"No Spacing\">Vloed<\/span><span class=\"NormalTextRun SCXW68309235 BCX0\" data-ccp-parastyle=\"No Spacing\">&nbsp;:&nbsp;<\/span><span class=\"NormalTextRun SpellingErrorV2Themed SCXW68309235 BCX0\" data-ccp-parastyle=\"No Spacing\">negentig<\/span><span class=\"NormalTextRun SCXW68309235 BCX0\" data-ccp-parastyle=\"No Spacing\">&nbsp;<\/span><span class=\"NormalTextRun SpellingErrorV2Themed SCXW68309235 BCX0\" data-ccp-parastyle=\"No Spacing\">gedichten<\/span><span class=\"NormalTextRun SCXW68309235 BCX0\" data-ccp-parastyle=\"No Spacing\">\/<\/span><span class=\"NormalTextRun SpellingErrorV2Themed SCXW68309235 BCX0\" data-ccp-parastyle=\"No Spacing\">gebeden<\/span><span class=\"NormalTextRun SCXW68309235 BCX0\" data-ccp-parastyle=\"No Spacing\">&nbsp;en&nbsp;<\/span><span class=\"NormalTextRun SpellingErrorV2Themed SCXW68309235 BCX0\" data-ccp-parastyle=\"No Spacing\">meer<\/span><\/span><span class=\"TextRun SCXW68309235 BCX0\" lang=\"FR-FR\" xml:lang=\"FR-FR\" data-contrast=\"auto\"><span class=\"NormalTextRun SCXW68309235 BCX0\" data-ccp-parastyle=\"No Spacing\">&nbsp;(<\/span><\/span><span class=\"TextRun SCXW68309235 BCX0\" lang=\"FR-FR\" xml:lang=\"FR-FR\" data-contrast=\"auto\"><span class=\"NormalTextRun SCXW68309235 BCX0\" data-ccp-parastyle=\"No Spacing\">\u00c0 mar\u00e9e haute et \u00e0 mar\u00e9e basse : po\u00e8mes, pri\u00e8res et plus encore<\/span><\/span><span class=\"TextRun SCXW68309235 BCX0\" lang=\"FR-FR\" xml:lang=\"FR-FR\" data-contrast=\"auto\"><span class=\"NormalTextRun SCXW68309235 BCX0\" data-ccp-parastyle=\"No Spacing\">), publi\u00e9 par <\/span><span class=\"NormalTextRun SpellingErrorV2Themed SCXW68309235 BCX0\" data-ccp-parastyle=\"No Spacing\">Doopsgezind<\/span><span class=\"NormalTextRun SCXW68309235 BCX0\" data-ccp-parastyle=\"No Spacing\">&nbsp;<\/span><span class=\"NormalTextRun SpellingErrorV2Themed SCXW68309235 BCX0\" data-ccp-parastyle=\"No Spacing\">Bruderschapshuis<\/span><span class=\"NormalTextRun SCXW68309235 BCX0\" data-ccp-parastyle=\"No Spacing\">&nbsp;<\/span><span class=\"NormalTextRun SpellingErrorV2Themed SCXW68309235 BCX0\" data-ccp-parastyle=\"No Spacing\">Dopersduin<\/span><span class=\"NormalTextRun SCXW68309235 BCX0\" data-ccp-parastyle=\"No Spacing\">.&nbsp;<\/span><\/span><span class=\"EOP SCXW68309235 BCX0\" data-ccp-props=\"{&quot;201341983&quot;:0,&quot;335551550&quot;:6,&quot;335551620&quot;:6,&quot;335559739&quot;:0,&quot;335559740&quot;:240}\">&nbsp;<\/span><\/em><\/p>\n\n\n\n<hr class=\"wp-block-separator has-alpha-channel-opacity\"\/>\n\n\n\n<div class=\"wp-block-buttons is-layout-flex wp-block-buttons-is-layout-flex\">\n<div class=\"wp-block-button\"><a class=\"wp-block-button__link has-text-align-left wp-element-button\" href=\"https:\/\/mwc-cmm.org\/fr\/resources\/dimanche-fraternite-anabaptiste-mondiale-2026\/\">Dimanche de la Fraternit\u00e9 Anabaptiste Mondiale 2026<\/a><\/div>\n<\/div>\n\n\n<div class=\"taxonomy-post_tag has-link-color wp-elements-4795dccc25dd561b10d5c166c095ced0 wp-block-post-terms has-text-color has-gray-color has-small-font-size\"><a href=\"https:\/\/mwc-cmm.org\/fr\/stories\/tag\/awfs-fr\/\" rel=\"tag\">AWFS<\/a><span class=\"wp-block-post-terms__separator\">, <\/span><a href=\"https:\/\/mwc-cmm.org\/fr\/stories\/tag\/prayer-fr\/\" rel=\"tag\">prayer<\/a><\/div>\n\n\n<p><\/p>\n","protected":false},"excerpt":{"rendered":"<p>Dimanche de la Fraternit\u00e9 Anabaptiste Mondiale 2026 Sur une table \u00e0 l\u2019avant, placez cinq bougies de couleurs diff\u00e9rentes pour chaque continent sur une carte du monde (ou \u00e0 c\u00f4t\u00e9 d\u2019un globe terrestre), ainsi qu\u2019une bougie blanche repr\u00e9sentant le Christ au\u202fcentre. Au d\u00e9but du culte, nommez chaque continent au fur et \u00e0 mesure que la bougie [&hellip;]<\/p>\n","protected":false},"author":8,"featured_media":122770,"comment_status":"closed","ping_status":"closed","sticky":false,"template":"","format":"standard","meta":{"_acf_changed":false,"footnotes":""},"categories":[1186],"tags":[444,524],"network":[],"eventcategory":[1505],"class_list":["post-122797","post","type-post","status-publish","format-standard","has-post-thumbnail","hentry","category-materiel-pour-le-culte","tag-awfs-fr","tag-prayer-fr","eventcategory-anabaptist-world-fellowship-sunday-nl"],"acf":[],"yoast_head":"<!-- This site is optimized with the Yoast SEO plugin v27.2 - https:\/\/yoast.com\/product\/yoast-seo-wordpress\/ -->\n<title>AWFS 2026 : Suggestion de liturgie pour l\u2019accueil et l\u2019envoi - Mennonite World Conference<\/title>\n<meta name=\"robots\" content=\"index, follow, max-snippet:-1, max-image-preview:large, max-video-preview:-1\" \/>\n<link rel=\"canonical\" href=\"https:\/\/mwc-cmm.org\/fr\/stories\/awfs-2026proposition-pour-une-liturgie-et-des-symboles-pour-le-rassemblement-et-la-benediction\/\" \/>\n<meta property=\"og:locale\" content=\"fr_FR\" \/>\n<meta property=\"og:type\" content=\"article\" \/>\n<meta property=\"og:title\" content=\"AWFS 2026 : Suggestion de liturgie pour l\u2019accueil et l\u2019envoi - Mennonite World Conference\" \/>\n<meta property=\"og:description\" content=\"Dimanche de la Fraternit\u00e9 Anabaptiste Mondiale 2026 Sur une table \u00e0 l\u2019avant, placez cinq bougies de couleurs diff\u00e9rentes pour chaque continent sur une carte du monde (ou \u00e0 c\u00f4t\u00e9 d\u2019un globe terrestre), ainsi qu\u2019une bougie blanche repr\u00e9sentant le Christ au\u202fcentre. Au d\u00e9but du culte, nommez chaque continent au fur et \u00e0 mesure que la bougie [&hellip;]\" \/>\n<meta property=\"og:url\" content=\"https:\/\/mwc-cmm.org\/fr\/stories\/awfs-2026proposition-pour-une-liturgie-et-des-symboles-pour-le-rassemblement-et-la-benediction\/\" \/>\n<meta property=\"og:site_name\" content=\"Mennonite World Conference\" \/>\n<meta property=\"article:publisher\" content=\"https:\/\/www.facebook.com\/MennoniteWorldConference\" \/>\n<meta property=\"article:published_time\" content=\"2026-01-04T12:38:02+00:00\" \/>\n<meta property=\"article:modified_time\" content=\"2026-01-04T14:32:04+00:00\" \/>\n<meta property=\"og:image\" content=\"https:\/\/mwc-cmm.org\/wp-content\/uploads\/2026\/01\/20240121GraceMennoniteChurch20240121_093658-scaled.jpg\" \/>\n\t<meta property=\"og:image:width\" content=\"2560\" \/>\n\t<meta property=\"og:image:height\" content=\"1920\" \/>\n\t<meta property=\"og:image:type\" content=\"image\/jpeg\" \/>\n<meta name=\"author\" content=\"Stephanie Setiawan\" \/>\n<script type=\"application\/ld+json\" class=\"yoast-schema-graph\">{\"@context\":\"https:\/\/schema.org\",\"@graph\":[{\"@type\":\"Article\",\"@id\":\"https:\/\/mwc-cmm.org\/fr\/stories\/awfs-2026proposition-pour-une-liturgie-et-des-symboles-pour-le-rassemblement-et-la-benediction\/#article\",\"isPartOf\":{\"@id\":\"https:\/\/mwc-cmm.org\/fr\/stories\/awfs-2026proposition-pour-une-liturgie-et-des-symboles-pour-le-rassemblement-et-la-benediction\/\"},\"author\":{\"name\":\"Stephanie Setiawan\",\"@id\":\"https:\/\/mwc-cmm.org\/en\/#\/schema\/person\/00b62ed8ea1527254a44f3ace3aee79d\"},\"headline\":\"AWFS 2026 : Suggestion de liturgie pour l\u2019accueil et l\u2019envoi\",\"datePublished\":\"2026-01-04T12:38:02+00:00\",\"dateModified\":\"2026-01-04T14:32:04+00:00\",\"mainEntityOfPage\":{\"@id\":\"https:\/\/mwc-cmm.org\/fr\/stories\/awfs-2026proposition-pour-une-liturgie-et-des-symboles-pour-le-rassemblement-et-la-benediction\/\"},\"wordCount\":1484,\"publisher\":{\"@id\":\"https:\/\/mwc-cmm.org\/en\/#organization\"},\"image\":{\"@id\":\"https:\/\/mwc-cmm.org\/fr\/stories\/awfs-2026proposition-pour-une-liturgie-et-des-symboles-pour-le-rassemblement-et-la-benediction\/#primaryimage\"},\"thumbnailUrl\":\"https:\/\/mwc-cmm.org\/wp-content\/uploads\/2026\/01\/20240121GraceMennoniteChurch20240121_093658-scaled.jpg\",\"keywords\":[\"AWFS\",\"prayer\"],\"articleSection\":[\"Mat\u00e9riel pour le culte\"],\"inLanguage\":\"fr-FR\"},{\"@type\":\"WebPage\",\"@id\":\"https:\/\/mwc-cmm.org\/fr\/stories\/awfs-2026proposition-pour-une-liturgie-et-des-symboles-pour-le-rassemblement-et-la-benediction\/\",\"url\":\"https:\/\/mwc-cmm.org\/fr\/stories\/awfs-2026proposition-pour-une-liturgie-et-des-symboles-pour-le-rassemblement-et-la-benediction\/\",\"name\":\"AWFS 2026 : Suggestion de liturgie pour l\u2019accueil et l\u2019envoi - Mennonite World Conference\",\"isPartOf\":{\"@id\":\"https:\/\/mwc-cmm.org\/en\/#website\"},\"primaryImageOfPage\":{\"@id\":\"https:\/\/mwc-cmm.org\/fr\/stories\/awfs-2026proposition-pour-une-liturgie-et-des-symboles-pour-le-rassemblement-et-la-benediction\/#primaryimage\"},\"image\":{\"@id\":\"https:\/\/mwc-cmm.org\/fr\/stories\/awfs-2026proposition-pour-une-liturgie-et-des-symboles-pour-le-rassemblement-et-la-benediction\/#primaryimage\"},\"thumbnailUrl\":\"https:\/\/mwc-cmm.org\/wp-content\/uploads\/2026\/01\/20240121GraceMennoniteChurch20240121_093658-scaled.jpg\",\"datePublished\":\"2026-01-04T12:38:02+00:00\",\"dateModified\":\"2026-01-04T14:32:04+00:00\",\"breadcrumb\":{\"@id\":\"https:\/\/mwc-cmm.org\/fr\/stories\/awfs-2026proposition-pour-une-liturgie-et-des-symboles-pour-le-rassemblement-et-la-benediction\/#breadcrumb\"},\"inLanguage\":\"fr-FR\",\"potentialAction\":[{\"@type\":\"ReadAction\",\"target\":[\"https:\/\/mwc-cmm.org\/fr\/stories\/awfs-2026proposition-pour-une-liturgie-et-des-symboles-pour-le-rassemblement-et-la-benediction\/\"]}]},{\"@type\":\"ImageObject\",\"inLanguage\":\"fr-FR\",\"@id\":\"https:\/\/mwc-cmm.org\/fr\/stories\/awfs-2026proposition-pour-une-liturgie-et-des-symboles-pour-le-rassemblement-et-la-benediction\/#primaryimage\",\"url\":\"https:\/\/mwc-cmm.org\/wp-content\/uploads\/2026\/01\/20240121GraceMennoniteChurch20240121_093658-scaled.jpg\",\"contentUrl\":\"https:\/\/mwc-cmm.org\/wp-content\/uploads\/2026\/01\/20240121GraceMennoniteChurch20240121_093658-scaled.jpg\",\"width\":2560,\"height\":1920},{\"@type\":\"BreadcrumbList\",\"@id\":\"https:\/\/mwc-cmm.org\/fr\/stories\/awfs-2026proposition-pour-une-liturgie-et-des-symboles-pour-le-rassemblement-et-la-benediction\/#breadcrumb\",\"itemListElement\":[{\"@type\":\"ListItem\",\"position\":1,\"name\":\"Home\",\"item\":\"https:\/\/mwc-cmm.org\/fr\/\"},{\"@type\":\"ListItem\",\"position\":2,\"name\":\"AWFS 2026 : Suggestion de liturgie pour l\u2019accueil et l\u2019envoi\"}]},{\"@type\":\"WebSite\",\"@id\":\"https:\/\/mwc-cmm.org\/en\/#website\",\"url\":\"https:\/\/mwc-cmm.org\/en\/\",\"name\":\"Mennonite World Conference\",\"description\":\"A communion of Anabaptist-related churches\",\"publisher\":{\"@id\":\"https:\/\/mwc-cmm.org\/en\/#organization\"},\"alternateName\":\"MWC\",\"potentialAction\":[{\"@type\":\"SearchAction\",\"target\":{\"@type\":\"EntryPoint\",\"urlTemplate\":\"https:\/\/mwc-cmm.org\/en\/?s={search_term_string}\"},\"query-input\":{\"@type\":\"PropertyValueSpecification\",\"valueRequired\":true,\"valueName\":\"search_term_string\"}}],\"inLanguage\":\"fr-FR\"},{\"@type\":\"Organization\",\"@id\":\"https:\/\/mwc-cmm.org\/en\/#organization\",\"name\":\"Mennonite World Conference\",\"alternateName\":\"MWC\",\"url\":\"https:\/\/mwc-cmm.org\/en\/\",\"logo\":{\"@type\":\"ImageObject\",\"inLanguage\":\"fr-FR\",\"@id\":\"https:\/\/mwc-cmm.org\/en\/#\/schema\/logo\/image\/\",\"url\":\"https:\/\/mwc-cmm.org\/wp-content\/uploads\/2026\/01\/MWC_Sig_Blue_Horiz_webheader1-logo.svg\",\"contentUrl\":\"https:\/\/mwc-cmm.org\/wp-content\/uploads\/2026\/01\/MWC_Sig_Blue_Horiz_webheader1-logo.svg\",\"width\":786,\"height\":82,\"caption\":\"Mennonite World Conference\"},\"image\":{\"@id\":\"https:\/\/mwc-cmm.org\/en\/#\/schema\/logo\/image\/\"},\"sameAs\":[\"https:\/\/www.facebook.com\/MennoniteWorldConference\",\"https:\/\/www.linkedin.com\/company\/mennonite-world-conference-mwc\/\",\"https:\/\/www.instagram.com\/mwcmm\/\",\"https:\/\/www.youtube.com\/user\/mwccmm\",\"https:\/\/bsky.app\/profile\/mwcmm.bsky.social\"]},{\"@type\":\"Person\",\"@id\":\"https:\/\/mwc-cmm.org\/en\/#\/schema\/person\/00b62ed8ea1527254a44f3ace3aee79d\",\"name\":\"Stephanie Setiawan\",\"image\":{\"@type\":\"ImageObject\",\"inLanguage\":\"fr-FR\",\"@id\":\"https:\/\/secure.gravatar.com\/avatar\/71b4b62cf3d0cfb4c8a367a101127ba8adfa1c22417900980ea24f5f4457a76d?s=96&d=mm&r=g\",\"url\":\"https:\/\/secure.gravatar.com\/avatar\/71b4b62cf3d0cfb4c8a367a101127ba8adfa1c22417900980ea24f5f4457a76d?s=96&d=mm&r=g\",\"contentUrl\":\"https:\/\/secure.gravatar.com\/avatar\/71b4b62cf3d0cfb4c8a367a101127ba8adfa1c22417900980ea24f5f4457a76d?s=96&d=mm&r=g\",\"caption\":\"Stephanie Setiawan\"},\"url\":\"https:\/\/mwc-cmm.org\/fr\/stories\/author\/stephanie\/\"}]}<\/script>\n<!-- \/ Yoast SEO plugin. -->","yoast_head_json":{"title":"AWFS 2026 : Suggestion de liturgie pour l\u2019accueil et l\u2019envoi - Mennonite World Conference","robots":{"index":"index","follow":"follow","max-snippet":"max-snippet:-1","max-image-preview":"max-image-preview:large","max-video-preview":"max-video-preview:-1"},"canonical":"https:\/\/mwc-cmm.org\/fr\/stories\/awfs-2026proposition-pour-une-liturgie-et-des-symboles-pour-le-rassemblement-et-la-benediction\/","og_locale":"fr_FR","og_type":"article","og_title":"AWFS 2026 : Suggestion de liturgie pour l\u2019accueil et l\u2019envoi - Mennonite World Conference","og_description":"Dimanche de la Fraternit\u00e9 Anabaptiste Mondiale 2026 Sur une table \u00e0 l\u2019avant, placez cinq bougies de couleurs diff\u00e9rentes pour chaque continent sur une carte du monde (ou \u00e0 c\u00f4t\u00e9 d\u2019un globe terrestre), ainsi qu\u2019une bougie blanche repr\u00e9sentant le Christ au\u202fcentre. Au d\u00e9but du culte, nommez chaque continent au fur et \u00e0 mesure que la bougie [&hellip;]","og_url":"https:\/\/mwc-cmm.org\/fr\/stories\/awfs-2026proposition-pour-une-liturgie-et-des-symboles-pour-le-rassemblement-et-la-benediction\/","og_site_name":"Mennonite World Conference","article_publisher":"https:\/\/www.facebook.com\/MennoniteWorldConference","article_published_time":"2026-01-04T12:38:02+00:00","article_modified_time":"2026-01-04T14:32:04+00:00","og_image":[{"width":2560,"height":1920,"url":"https:\/\/mwc-cmm.org\/wp-content\/uploads\/2026\/01\/20240121GraceMennoniteChurch20240121_093658-scaled.jpg","type":"image\/jpeg"}],"author":"Stephanie Setiawan","schema":{"@context":"https:\/\/schema.org","@graph":[{"@type":"Article","@id":"https:\/\/mwc-cmm.org\/fr\/stories\/awfs-2026proposition-pour-une-liturgie-et-des-symboles-pour-le-rassemblement-et-la-benediction\/#article","isPartOf":{"@id":"https:\/\/mwc-cmm.org\/fr\/stories\/awfs-2026proposition-pour-une-liturgie-et-des-symboles-pour-le-rassemblement-et-la-benediction\/"},"author":{"name":"Stephanie Setiawan","@id":"https:\/\/mwc-cmm.org\/en\/#\/schema\/person\/00b62ed8ea1527254a44f3ace3aee79d"},"headline":"AWFS 2026 : Suggestion de liturgie pour l\u2019accueil et l\u2019envoi","datePublished":"2026-01-04T12:38:02+00:00","dateModified":"2026-01-04T14:32:04+00:00","mainEntityOfPage":{"@id":"https:\/\/mwc-cmm.org\/fr\/stories\/awfs-2026proposition-pour-une-liturgie-et-des-symboles-pour-le-rassemblement-et-la-benediction\/"},"wordCount":1484,"publisher":{"@id":"https:\/\/mwc-cmm.org\/en\/#organization"},"image":{"@id":"https:\/\/mwc-cmm.org\/fr\/stories\/awfs-2026proposition-pour-une-liturgie-et-des-symboles-pour-le-rassemblement-et-la-benediction\/#primaryimage"},"thumbnailUrl":"https:\/\/mwc-cmm.org\/wp-content\/uploads\/2026\/01\/20240121GraceMennoniteChurch20240121_093658-scaled.jpg","keywords":["AWFS","prayer"],"articleSection":["Mat\u00e9riel pour le culte"],"inLanguage":"fr-FR"},{"@type":"WebPage","@id":"https:\/\/mwc-cmm.org\/fr\/stories\/awfs-2026proposition-pour-une-liturgie-et-des-symboles-pour-le-rassemblement-et-la-benediction\/","url":"https:\/\/mwc-cmm.org\/fr\/stories\/awfs-2026proposition-pour-une-liturgie-et-des-symboles-pour-le-rassemblement-et-la-benediction\/","name":"AWFS 2026 : Suggestion de liturgie pour l\u2019accueil et l\u2019envoi - Mennonite World Conference","isPartOf":{"@id":"https:\/\/mwc-cmm.org\/en\/#website"},"primaryImageOfPage":{"@id":"https:\/\/mwc-cmm.org\/fr\/stories\/awfs-2026proposition-pour-une-liturgie-et-des-symboles-pour-le-rassemblement-et-la-benediction\/#primaryimage"},"image":{"@id":"https:\/\/mwc-cmm.org\/fr\/stories\/awfs-2026proposition-pour-une-liturgie-et-des-symboles-pour-le-rassemblement-et-la-benediction\/#primaryimage"},"thumbnailUrl":"https:\/\/mwc-cmm.org\/wp-content\/uploads\/2026\/01\/20240121GraceMennoniteChurch20240121_093658-scaled.jpg","datePublished":"2026-01-04T12:38:02+00:00","dateModified":"2026-01-04T14:32:04+00:00","breadcrumb":{"@id":"https:\/\/mwc-cmm.org\/fr\/stories\/awfs-2026proposition-pour-une-liturgie-et-des-symboles-pour-le-rassemblement-et-la-benediction\/#breadcrumb"},"inLanguage":"fr-FR","potentialAction":[{"@type":"ReadAction","target":["https:\/\/mwc-cmm.org\/fr\/stories\/awfs-2026proposition-pour-une-liturgie-et-des-symboles-pour-le-rassemblement-et-la-benediction\/"]}]},{"@type":"ImageObject","inLanguage":"fr-FR","@id":"https:\/\/mwc-cmm.org\/fr\/stories\/awfs-2026proposition-pour-une-liturgie-et-des-symboles-pour-le-rassemblement-et-la-benediction\/#primaryimage","url":"https:\/\/mwc-cmm.org\/wp-content\/uploads\/2026\/01\/20240121GraceMennoniteChurch20240121_093658-scaled.jpg","contentUrl":"https:\/\/mwc-cmm.org\/wp-content\/uploads\/2026\/01\/20240121GraceMennoniteChurch20240121_093658-scaled.jpg","width":2560,"height":1920},{"@type":"BreadcrumbList","@id":"https:\/\/mwc-cmm.org\/fr\/stories\/awfs-2026proposition-pour-une-liturgie-et-des-symboles-pour-le-rassemblement-et-la-benediction\/#breadcrumb","itemListElement":[{"@type":"ListItem","position":1,"name":"Home","item":"https:\/\/mwc-cmm.org\/fr\/"},{"@type":"ListItem","position":2,"name":"AWFS 2026 : Suggestion de liturgie pour l\u2019accueil et l\u2019envoi"}]},{"@type":"WebSite","@id":"https:\/\/mwc-cmm.org\/en\/#website","url":"https:\/\/mwc-cmm.org\/en\/","name":"Mennonite World Conference","description":"A communion of Anabaptist-related churches","publisher":{"@id":"https:\/\/mwc-cmm.org\/en\/#organization"},"alternateName":"MWC","potentialAction":[{"@type":"SearchAction","target":{"@type":"EntryPoint","urlTemplate":"https:\/\/mwc-cmm.org\/en\/?s={search_term_string}"},"query-input":{"@type":"PropertyValueSpecification","valueRequired":true,"valueName":"search_term_string"}}],"inLanguage":"fr-FR"},{"@type":"Organization","@id":"https:\/\/mwc-cmm.org\/en\/#organization","name":"Mennonite World Conference","alternateName":"MWC","url":"https:\/\/mwc-cmm.org\/en\/","logo":{"@type":"ImageObject","inLanguage":"fr-FR","@id":"https:\/\/mwc-cmm.org\/en\/#\/schema\/logo\/image\/","url":"https:\/\/mwc-cmm.org\/wp-content\/uploads\/2026\/01\/MWC_Sig_Blue_Horiz_webheader1-logo.svg","contentUrl":"https:\/\/mwc-cmm.org\/wp-content\/uploads\/2026\/01\/MWC_Sig_Blue_Horiz_webheader1-logo.svg","width":786,"height":82,"caption":"Mennonite World Conference"},"image":{"@id":"https:\/\/mwc-cmm.org\/en\/#\/schema\/logo\/image\/"},"sameAs":["https:\/\/www.facebook.com\/MennoniteWorldConference","https:\/\/www.linkedin.com\/company\/mennonite-world-conference-mwc\/","https:\/\/www.instagram.com\/mwcmm\/","https:\/\/www.youtube.com\/user\/mwccmm","https:\/\/bsky.app\/profile\/mwcmm.bsky.social"]},{"@type":"Person","@id":"https:\/\/mwc-cmm.org\/en\/#\/schema\/person\/00b62ed8ea1527254a44f3ace3aee79d","name":"Stephanie Setiawan","image":{"@type":"ImageObject","inLanguage":"fr-FR","@id":"https:\/\/secure.gravatar.com\/avatar\/71b4b62cf3d0cfb4c8a367a101127ba8adfa1c22417900980ea24f5f4457a76d?s=96&d=mm&r=g","url":"https:\/\/secure.gravatar.com\/avatar\/71b4b62cf3d0cfb4c8a367a101127ba8adfa1c22417900980ea24f5f4457a76d?s=96&d=mm&r=g","contentUrl":"https:\/\/secure.gravatar.com\/avatar\/71b4b62cf3d0cfb4c8a367a101127ba8adfa1c22417900980ea24f5f4457a76d?s=96&d=mm&r=g","caption":"Stephanie Setiawan"},"url":"https:\/\/mwc-cmm.org\/fr\/stories\/author\/stephanie\/"}]}},"_links":{"self":[{"href":"https:\/\/mwc-cmm.org\/fr\/wp-json\/wp\/v2\/posts\/122797","targetHints":{"allow":["GET"]}}],"collection":[{"href":"https:\/\/mwc-cmm.org\/fr\/wp-json\/wp\/v2\/posts"}],"about":[{"href":"https:\/\/mwc-cmm.org\/fr\/wp-json\/wp\/v2\/types\/post"}],"author":[{"embeddable":true,"href":"https:\/\/mwc-cmm.org\/fr\/wp-json\/wp\/v2\/users\/8"}],"replies":[{"embeddable":true,"href":"https:\/\/mwc-cmm.org\/fr\/wp-json\/wp\/v2\/comments?post=122797"}],"version-history":[{"count":0,"href":"https:\/\/mwc-cmm.org\/fr\/wp-json\/wp\/v2\/posts\/122797\/revisions"}],"wp:featuredmedia":[{"embeddable":true,"href":"https:\/\/mwc-cmm.org\/fr\/wp-json\/wp\/v2\/media\/122770"}],"wp:attachment":[{"href":"https:\/\/mwc-cmm.org\/fr\/wp-json\/wp\/v2\/media?parent=122797"}],"wp:term":[{"taxonomy":"category","embeddable":true,"href":"https:\/\/mwc-cmm.org\/fr\/wp-json\/wp\/v2\/categories?post=122797"},{"taxonomy":"post_tag","embeddable":true,"href":"https:\/\/mwc-cmm.org\/fr\/wp-json\/wp\/v2\/tags?post=122797"},{"taxonomy":"network","embeddable":true,"href":"https:\/\/mwc-cmm.org\/fr\/wp-json\/wp\/v2\/network?post=122797"},{"taxonomy":"eventcategory","embeddable":true,"href":"https:\/\/mwc-cmm.org\/fr\/wp-json\/wp\/v2\/eventcategory?post=122797"}],"curies":[{"name":"wp","href":"https:\/\/api.w.org\/{rel}","templated":true}]}}