{"id":120717,"date":"2025-11-12T12:23:58","date_gmt":"2025-11-12T12:23:58","guid":{"rendered":"https:\/\/mwc-cmm.org\/?p=120717"},"modified":"2025-11-12T12:50:46","modified_gmt":"2025-11-12T12:50:46","slug":"chorales-internationales","status":"publish","type":"post","link":"https:\/\/mwc-cmm.org\/fr\/stories\/chorales-internationales\/","title":{"rendered":"Chorales internationales"},"content":{"rendered":"\n<h2 class=\"wp-block-heading is-style-blue-eyebrow\">Perspectives (Activit\u00e9s Anabaptisme : 500 ans)<\/h2>\n\n\n\n<p>La journ\u00e9e comm\u00e9morative \u00e0 Zurich a \u00e9t\u00e9 marqu\u00e9e par de nombreux moments forts, notamment par des chants. Les chorales ont eu le privil\u00e8ge de jouer un r\u00f4le central en r\u00e9unissant des voix venues du monde entier pour c\u00e9l\u00e9brer la foi, la r\u00e9conciliation et\u202fl\u2019unit\u00e9. <\/p>\n\n\n\n<p>Les chorales participantes \u00e9taient les suivantes <\/p>\n\n\n\n<ul class=\"wp-block-list\">\n<li>Eastleigh Fellowship Centre (EFC) Chorale de l\u2019\u00e9glise mennonite \u2014 Nairobi, Kenya <\/li>\n\n\n\n<li>\u00c1gape Band \u2013 Asunci\u00f3n, Paraguay&nbsp;<\/li>\n\n\n\n<li>Eastern Mennonite University (EMU) Chamber Singers \u2014 Harrisonburg, Virginie, \u00c9tats-Unis <\/li>\n\n\n\n<li>Songs of Peace \u2014 Liestal, Suisse <\/li>\n\n\n\n<li><span class=\"TextRun SCXW127927455 BCX0\" lang=\"EN-CA\" xml:lang=\"EN-CA\" data-contrast=\"none\"><span class=\"NormalTextRun SCXW127927455 BCX0\">TIARA (<\/span><\/span><span class=\"TextRun MacChromeBold SCXW127927455 BCX0\" lang=\"EN-CA\" xml:lang=\"EN-CA\" data-contrast=\"none\"><span class=\"NormalTextRun SCXW127927455 BCX0\">T<\/span><\/span><span class=\"TextRun SCXW127927455 BCX0\" lang=\"EN-CA\" xml:lang=\"EN-CA\" data-contrast=\"none\"><span class=\"NormalTextRun SCXW127927455 BCX0\">he <\/span><\/span><span class=\"TextRun MacChromeBold SCXW127927455 BCX0\" lang=\"EN-CA\" xml:lang=\"EN-CA\" data-contrast=\"none\"><span class=\"NormalTextRun SCXW127927455 BCX0\">I<\/span><\/span><span class=\"TextRun SCXW127927455 BCX0\" lang=\"EN-CA\" xml:lang=\"EN-CA\" data-contrast=\"none\"><span class=\"NormalTextRun SCXW127927455 BCX0\">ndonesian <\/span><\/span><span class=\"TextRun MacChromeBold SCXW127927455 BCX0\" lang=\"EN-CA\" xml:lang=\"EN-CA\" data-contrast=\"none\"><span class=\"NormalTextRun SCXW127927455 BCX0\">A<\/span><\/span><span class=\"TextRun SCXW127927455 BCX0\" lang=\"EN-CA\" xml:lang=\"EN-CA\" data-contrast=\"none\"><span class=\"NormalTextRun SCXW127927455 BCX0\">nabaptist <\/span><span class=\"NormalTextRun SpellingErrorV2Themed SCXW127927455 BCX0\">pe<\/span><\/span><span class=\"TextRun MacChromeBold SCXW127927455 BCX0\" lang=\"EN-CA\" xml:lang=\"EN-CA\" data-contrast=\"none\"><span class=\"NormalTextRun SpellingErrorV2Themed SCXW127927455 BCX0\">R<\/span><\/span><span class=\"TextRun SCXW127927455 BCX0\" lang=\"EN-CA\" xml:lang=\"EN-CA\" data-contrast=\"none\"><span class=\"NormalTextRun SpellingErrorV2Themed SCXW127927455 BCX0\">forming<\/span> <\/span><span class=\"TextRun MacChromeBold SCXW127927455 BCX0\" lang=\"EN-CA\" xml:lang=\"EN-CA\" data-contrast=\"none\"><span class=\"NormalTextRun SCXW127927455 BCX0\">A<\/span><\/span><span class=\"TextRun SCXW127927455 BCX0\" lang=\"EN-CA\" xml:lang=\"EN-CA\" data-contrast=\"none\"><span class=\"NormalTextRun SCXW127927455 BCX0\">rt<\/span><\/span><span class=\"TextRun SCXW127927455 BCX0\" lang=\"EN-CA\" xml:lang=\"EN-CA\" data-contrast=\"none\"><span class=\"NormalTextRun SCXW127927455 BCX0\">) TIARA<\/span> <span class=\"NormalTextRun SCXW127927455 BCX0\">\u2014<\/span> <span class=\"NormalTextRun SCXW127927455 BCX0\">\u00c9glise<\/span><span class=\"NormalTextRun SCXW127927455 BCX0\"> GKMI <\/span><span class=\"NormalTextRun SpellingErrorV2Themed SCXW127927455 BCX0\">Anugerah<\/span><span class=\"NormalTextRun SCXW127927455 BCX0\">, Jakarta, <\/span><span class=\"NormalTextRun SpellingErrorV2Themed SCXW127927455 BCX0\">Indon\u00e9sie<\/span><\/span><span class=\"EOP SCXW127927455 BCX0\" data-ccp-props=\"{&quot;201341983&quot;:0,&quot;335559740&quot;:240}\">&nbsp;<\/span><\/li>\n<\/ul>\n\n\n\n<div class=\"wp-block-cb-carousel-v2 cb-carousel-block\" data-cb-slides-per-view=\"1\" data-cb-slides-per-group=\"1\" data-cb-space-between=\"15\" data-cb-speed=\"300\" data-cb-navigation=\"true\" data-cb-pagination=\"true\" data-cb-breakpoints=\"{&quot;768&quot;:{&quot;slidesPerView&quot;:3,&quot;slidesPerGroup&quot;:1}}\"><div class=\"swiper\"><div class=\"cb-wrapper swiper-wrapper\">\n<div class=\"wp-block-cb-slide-v2 cb-slide swiper-slide\">\n<figure class=\"wp-block-image size-large\"><img decoding=\"async\" width=\"1024\" height=\"576\" data-src=\"https:\/\/mwc-cmm.org\/wp-content\/uploads\/2025\/11\/2025-MWC-500-Predigerkirche-EFC-Choir_2mm.00_33_44_18.Still001-1024x576.jpg\" alt=\"La chorale EFC se produit en concert \u00e0 la Predigerkirche de Zurich, en Suisse, avec la soliste Sheila Omondi, \u00ab Anawuok adhi e dala wa ka Nyasaye \u00bb (\u00ab Je suis d\u00e9j\u00e0 en route vers notre demeure c\u00e9leste \u00bb). \" class=\"wp-image-120645 lazyload\" data-srcset=\"https:\/\/mwc-cmm.org\/wp-content\/uploads\/2025\/11\/2025-MWC-500-Predigerkirche-EFC-Choir_2mm.00_33_44_18.Still001-1024x576.jpg 1024w, https:\/\/mwc-cmm.org\/wp-content\/uploads\/2025\/11\/2025-MWC-500-Predigerkirche-EFC-Choir_2mm.00_33_44_18.Still001-300x169.jpg 300w, https:\/\/mwc-cmm.org\/wp-content\/uploads\/2025\/11\/2025-MWC-500-Predigerkirche-EFC-Choir_2mm.00_33_44_18.Still001-768x432.jpg 768w, https:\/\/mwc-cmm.org\/wp-content\/uploads\/2025\/11\/2025-MWC-500-Predigerkirche-EFC-Choir_2mm.00_33_44_18.Still001-1536x864.jpg 1536w, https:\/\/mwc-cmm.org\/wp-content\/uploads\/2025\/11\/2025-MWC-500-Predigerkirche-EFC-Choir_2mm.00_33_44_18.Still001.jpg 1920w\" data-sizes=\"(max-width: 1024px) 100vw, 1024px\" src=\"data:image\/svg+xml;base64,PHN2ZyB3aWR0aD0iMSIgaGVpZ2h0PSIxIiB4bWxucz0iaHR0cDovL3d3dy53My5vcmcvMjAwMC9zdmciPjwvc3ZnPg==\" style=\"--smush-placeholder-width: 1024px; --smush-placeholder-aspect-ratio: 1024\/576;\" \/><figcaption class=\"wp-element-caption\"><em><sub>La chorale EFC se produit en concert \u00e0 la Predigerkirche de Zurich, en Suisse, avec la soliste Sheila Omondi, \u00ab Anawuok adhi e dala wa ka Nyasaye \u00bb (\u00ab Je suis d\u00e9j\u00e0 en route vers notre demeure c\u00e9leste \u00bb). <\/sub><\/em><\/figcaption><\/figure>\n<\/div>\n\n\n\n<div class=\"wp-block-cb-slide-v2 cb-slide swiper-slide\">\n<figure class=\"wp-block-image size-large\"><img decoding=\"async\" width=\"1024\" height=\"768\" data-src=\"https:\/\/mwc-cmm.org\/wp-content\/uploads\/2025\/11\/54580080999_e72c6a586d_o-1024x768.jpg\" alt=\"\u00c1gape Band \u2013 Asunci\u00f3n, Paraguay\" class=\"wp-image-120701 lazyload\" data-srcset=\"https:\/\/mwc-cmm.org\/wp-content\/uploads\/2025\/11\/54580080999_e72c6a586d_o-1024x768.jpg 1024w, https:\/\/mwc-cmm.org\/wp-content\/uploads\/2025\/11\/54580080999_e72c6a586d_o-300x225.jpg 300w, https:\/\/mwc-cmm.org\/wp-content\/uploads\/2025\/11\/54580080999_e72c6a586d_o-768x576.jpg 768w, https:\/\/mwc-cmm.org\/wp-content\/uploads\/2025\/11\/54580080999_e72c6a586d_o-1536x1152.jpg 1536w, https:\/\/mwc-cmm.org\/wp-content\/uploads\/2025\/11\/54580080999_e72c6a586d_o-2048x1536.jpg 2048w\" data-sizes=\"(max-width: 1024px) 100vw, 1024px\" src=\"data:image\/svg+xml;base64,PHN2ZyB3aWR0aD0iMSIgaGVpZ2h0PSIxIiB4bWxucz0iaHR0cDovL3d3dy53My5vcmcvMjAwMC9zdmciPjwvc3ZnPg==\" style=\"--smush-placeholder-width: 1024px; --smush-placeholder-aspect-ratio: 1024\/768;\" \/><figcaption class=\"wp-element-caption\"><em><sub>\u00c1gape Band \u2013 Asunci\u00f3n, Paraguay<\/sub><\/em><\/figcaption><\/figure>\n<\/div>\n\n\n\n<div class=\"wp-block-cb-slide-v2 cb-slide swiper-slide\">\n<figure class=\"wp-block-image size-large\"><img decoding=\"async\" width=\"1024\" height=\"576\" data-src=\"https:\/\/mwc-cmm.org\/wp-content\/uploads\/2025\/11\/2025-MWC-500-Predigerkirche-EMU-Chamber-Singers_2mm.00_00_47_01.Still001-1024x576.jpg\" alt=\"Eastern Mennonite University (EMU) Chamber Singers \u2014 Harrisonburg, Virginie, \u00c9tats-Unis\" class=\"wp-image-120659 lazyload\" data-srcset=\"https:\/\/mwc-cmm.org\/wp-content\/uploads\/2025\/11\/2025-MWC-500-Predigerkirche-EMU-Chamber-Singers_2mm.00_00_47_01.Still001-1024x576.jpg 1024w, https:\/\/mwc-cmm.org\/wp-content\/uploads\/2025\/11\/2025-MWC-500-Predigerkirche-EMU-Chamber-Singers_2mm.00_00_47_01.Still001-300x169.jpg 300w, https:\/\/mwc-cmm.org\/wp-content\/uploads\/2025\/11\/2025-MWC-500-Predigerkirche-EMU-Chamber-Singers_2mm.00_00_47_01.Still001-768x432.jpg 768w, https:\/\/mwc-cmm.org\/wp-content\/uploads\/2025\/11\/2025-MWC-500-Predigerkirche-EMU-Chamber-Singers_2mm.00_00_47_01.Still001-1536x864.jpg 1536w, https:\/\/mwc-cmm.org\/wp-content\/uploads\/2025\/11\/2025-MWC-500-Predigerkirche-EMU-Chamber-Singers_2mm.00_00_47_01.Still001.jpg 1920w\" data-sizes=\"(max-width: 1024px) 100vw, 1024px\" src=\"data:image\/svg+xml;base64,PHN2ZyB3aWR0aD0iMSIgaGVpZ2h0PSIxIiB4bWxucz0iaHR0cDovL3d3dy53My5vcmcvMjAwMC9zdmciPjwvc3ZnPg==\" style=\"--smush-placeholder-width: 1024px; --smush-placeholder-aspect-ratio: 1024\/576;\" \/><figcaption class=\"wp-element-caption\"><em><sub>Eastern Mennonite University (EMU) Chamber Singers \u2014 Harrisonburg, Virginie, \u00c9tats-Unis<\/sub><\/em><\/figcaption><\/figure>\n<\/div>\n\n\n\n<div class=\"wp-block-cb-slide-v2 cb-slide swiper-slide\">\n<figure class=\"wp-block-image size-large\"><img decoding=\"async\" width=\"1024\" height=\"571\" data-src=\"https:\/\/mwc-cmm.org\/wp-content\/uploads\/2025\/11\/Agape-1024x571.jpg\" alt=\"Songs of Peace \u2014 Liestal, Suisse\" class=\"wp-image-120673 lazyload\" data-srcset=\"https:\/\/mwc-cmm.org\/wp-content\/uploads\/2025\/11\/Agape-1024x571.jpg 1024w, https:\/\/mwc-cmm.org\/wp-content\/uploads\/2025\/11\/Agape-300x167.jpg 300w, https:\/\/mwc-cmm.org\/wp-content\/uploads\/2025\/11\/Agape-768x428.jpg 768w, https:\/\/mwc-cmm.org\/wp-content\/uploads\/2025\/11\/Agape-1536x857.jpg 1536w, https:\/\/mwc-cmm.org\/wp-content\/uploads\/2025\/11\/Agape.jpg 1920w\" data-sizes=\"(max-width: 1024px) 100vw, 1024px\" src=\"data:image\/svg+xml;base64,PHN2ZyB3aWR0aD0iMSIgaGVpZ2h0PSIxIiB4bWxucz0iaHR0cDovL3d3dy53My5vcmcvMjAwMC9zdmciPjwvc3ZnPg==\" style=\"--smush-placeholder-width: 1024px; --smush-placeholder-aspect-ratio: 1024\/571;\" \/><figcaption class=\"wp-element-caption\"><em><sub>Songs of Peace \u2014 Liestal, Suisse<\/sub><\/em><\/figcaption><\/figure>\n<\/div>\n\n\n\n<div class=\"wp-block-cb-slide-v2 cb-slide swiper-slide\">\n<figure class=\"wp-block-image size-large\"><img decoding=\"async\" width=\"1024\" height=\"576\" data-src=\"https:\/\/mwc-cmm.org\/wp-content\/uploads\/2025\/11\/2025-MWC-500-Predigerkirche-Concerts-TIARA_4mm.00_14_09_16.Still002-1024x576.jpg\" alt=\"TIARA (The Indonesian Anabaptist peRforming Art) TIARA \u2014 \u00c9glise GKMI Anugerah, Jakarta, Indon\u00e9sie \" class=\"wp-image-120631 lazyload\" data-srcset=\"https:\/\/mwc-cmm.org\/wp-content\/uploads\/2025\/11\/2025-MWC-500-Predigerkirche-Concerts-TIARA_4mm.00_14_09_16.Still002-1024x576.jpg 1024w, https:\/\/mwc-cmm.org\/wp-content\/uploads\/2025\/11\/2025-MWC-500-Predigerkirche-Concerts-TIARA_4mm.00_14_09_16.Still002-300x169.jpg 300w, https:\/\/mwc-cmm.org\/wp-content\/uploads\/2025\/11\/2025-MWC-500-Predigerkirche-Concerts-TIARA_4mm.00_14_09_16.Still002-768x432.jpg 768w, https:\/\/mwc-cmm.org\/wp-content\/uploads\/2025\/11\/2025-MWC-500-Predigerkirche-Concerts-TIARA_4mm.00_14_09_16.Still002-1536x864.jpg 1536w, https:\/\/mwc-cmm.org\/wp-content\/uploads\/2025\/11\/2025-MWC-500-Predigerkirche-Concerts-TIARA_4mm.00_14_09_16.Still002.jpg 1920w\" data-sizes=\"(max-width: 1024px) 100vw, 1024px\" src=\"data:image\/svg+xml;base64,PHN2ZyB3aWR0aD0iMSIgaGVpZ2h0PSIxIiB4bWxucz0iaHR0cDovL3d3dy53My5vcmcvMjAwMC9zdmciPjwvc3ZnPg==\" style=\"--smush-placeholder-width: 1024px; --smush-placeholder-aspect-ratio: 1024\/576;\" \/><figcaption class=\"wp-element-caption\"><em><sub>TIARA (The Indonesian Anabaptist peRforming Art) TIARA \u2014 \u00c9glise GKMI Anugerah, Jakarta, Indon\u00e9sie <\/sub><\/em><\/figcaption><\/figure>\n<\/div>\n<\/div><\/div><div class=\"cb-pagination swiper-pagination\"><\/div><div class=\"cb-button-prev swiper-button-prev\"><\/div><div class=\"cb-button-next swiper-button-next\"><\/div><\/div>\n\n\n\n<p>Parmi ces chorales, celle de l\u2019\u00e9glise mennonite Eastleigh Fellowship Centre (EFC) m\u2019a particuli\u00e8rement fascin\u00e9. <\/p>\n\n\n\n<h3 class=\"wp-block-heading\">La chorale de l\u2019EFC <\/h3>\n\n\n\n<p>La chorale de l\u2019EFC, issue d\u2019une \u00e9glise mennonite de Nairobi, \u00e9tait l\u2019un des cinq ensembles musicaux s\u00e9lectionn\u00e9s pour pr\u00e9senter la musique anabaptiste du monde entier lors de la rencontre organis\u00e9e \u00e0 Zurich pour le 500<sup>e<\/sup>\u202fanniversaire. La chorale a accueilli avec enthousiasme cette occasion d\u2019annoncer l\u2019amour du Christ \u00e0 travers un riche m\u00e9lange de traditions musicales africaines et d\u2019harmonies de\u202fgospel.&nbsp;<\/p>\n\n\n\n<p>La chorale s\u2019est produite \u00e0 deux reprises\u202f: lors d\u2019un concert \u00e0 l\u2019int\u00e9rieur de la <em>Predigerkirche<\/em> et lors d\u2019un concert en plein air sur la <em>Zwingli Platz<\/em>, devant l\u2019\u00e9glise <em>Grossm\u00fcnster<\/em>, sans amplification. Elle a \u00e9galement particip\u00e9 au culte de cl\u00f4ture, qui a \u00e9t\u00e9 retransmis en direct mondialement.&nbsp;<\/p>\n\n\n\n<p>La chorale d\u00e9crit son style musical comme de l\u2019\u2019afrofusion\u2019. \u00ab\u2009Notre musique rassemble des influences de diff\u00e9rents pays d\u2019Afrique\u2009\u00bb, explique George Ochieng, membre de la chorale.&nbsp;<\/p>\n\n\n\n<p>De plus, la chorale elle-m\u00eame refl\u00e8te la diversit\u00e9 culturelle du Kenya, ses membres \u00e9tant issus de diverses origines ethniques.&nbsp;<\/p>\n\n\n\n<h4 class=\"wp-block-heading\">Le minist\u00e8re de la musique&nbsp;<\/h4>\n\n\n\n<p>Pour la chorale EFC, faire de la musique va au-del\u00e0 d\u2019une simple performance, c\u2019est un minist\u00e8re. Son profond engagement envers la foi chr\u00e9tienne la pousse \u00e0 annoncer le message du Christ \u00e0 travers le chant. La musique est pour elle un moyen de renforcer la foi, de fortifier les esprits et d\u2019encourager les autres.&nbsp;<\/p>\n\n\n\n<p>La chorale estime que ses voix sont des instruments de gu\u00e9rison et d\u2019unit\u00e9, capables de briser les barri\u00e8res culturelles et de toucher des vies de tous horizons. Sa performance incarne les th\u00e8mes de l\u2019espoir, de la pers\u00e9v\u00e9rance et de la gr\u00e2ce divine, rappelant aux auditeurs la pr\u00e9sence \u00e9ternelle de\u202fDieu.&nbsp;<\/p>\n\n\n\n<h4 class=\"wp-block-heading\">Le chant pr\u00e9f\u00e9r\u00e9&nbsp;<\/h4>\n\n\n\n<p>La chorale de l\u2019EFC travaille activement \u00e0 la composition et \u00e0 l\u2019arrangement de morceaux qui refl\u00e8tent son cheminement spirituel et son h\u00e9ritage culturel. Son style m\u00eale rythmes africains traditionnels et th\u00e8mes de gospel, cr\u00e9ant une exp\u00e9rience spirituelle unique et enrichissante.&nbsp;<\/p>\n\n\n\n<p>Certains de ses chants proviennent de recueils de cantiques, d\u2019autres ont \u00e9t\u00e9 compos\u00e9s par des auteurs inconnus ou par les membres de la chorale eux-m\u00eames.&nbsp;<\/p>\n\n\n\n<p>L\u2019un de leurs chants le plus appr\u00e9ci\u00e9 est \u00ab\u2009<em>Yesu Vamuvamba<\/em>\u2009\u00bb, qui signifie \u00ab\u2009J\u00e9sus a \u00e9t\u00e9 crucifi\u00e9\u2009\u00bb en tiriki, une langue parl\u00e9e par le peuple tiriki de l\u2019ouest du Kenya. La chanson \u00e9voque la crucifixion du Christ et la libert\u00e9 qu\u2019elle a apport\u00e9e \u00e0 l\u2019humanit\u00e9, en r\u00e9sonnant profond\u00e9ment avec les th\u00e8mes du sacrifice, de la r\u00e9demption et du\u202fpardon.&nbsp;<\/p>\n\n\n\n<h4 class=\"wp-block-heading\">Une vocation&nbsp;<\/h4>\n\n\n\n<p>La chorale de l\u2019EFC consid\u00e8re que louer en musique est un moyen de renforcer la foi, d\u2019encourager la croissance spirituelle et de favoriser l\u2019unit\u00e9 de la communaut\u00e9. Ses m\u00e9lodies s\u2019\u00e9tendent au-del\u00e0 de son \u00e9glise d\u2019origine, car ses membres voyagent fr\u00e9quemment \u00e0 travers le Kenya pour chanter lors de services religieux, de r\u00e9unions de r\u00e9veil, de conf\u00e9rences et de festivals de musique.&nbsp;<\/p>\n\n\n\n<p>Bien que les membres de la chorale soient profond\u00e9ment d\u00e9vou\u00e9s \u00e0 leur minist\u00e8re musical, il s\u2019agit d\u2019un engagement \u00e0 temps partiel. Beaucoup d\u2019entre eux poursuivent une carri\u00e8re dans l\u2019enseignement, le commerce, la sant\u00e9 et d\u2019autres domaines pour subvenir \u00e0 leurs besoins, car la chorale ne dispose pas de ressources financi\u00e8res n\u00e9cessaires pour soutenir des musiciens \u00e0 plein\u202ftemps.&nbsp;<\/p>\n\n\n\n<p>Malgr\u00e9 ces difficult\u00e9s, les membres de la chorale consacrent beaucoup de temps aux r\u00e9p\u00e9titions, aux offices religieux et \u00e0 des \u00e9v\u00e8nements particuliers, consid\u00e9rant leurs dons musicaux comme une vocation divine plut\u00f4t que comme un simple passe-temps.&nbsp;<\/p>\n\n\n\n<p>En outre, la chorale encadre activement des jeunes musiciens et encourage la participation des jeunes au culte, contribuant ainsi \u00e0 former la prochaine g\u00e9n\u00e9ration d\u2019artistes et de responsables chr\u00e9tiens.&nbsp;<\/p>\n\n\n\n<h4 class=\"wp-block-heading\">Les 500\u202fans de l\u2019Anabaptisme <\/h4>\n\n\n\n<p>\u00catre invit\u00e9 \u00e0 se produire lors de cette c\u00e9l\u00e9bration historique du 500<sup>e<\/sup>\u202fanniversaire est \u00e0 la fois un honneur et un \u00e9v\u00e9nement spirituel marquant pour la chorale de l\u2019EFC. Sa pr\u00e9sence \u00e0 Zurich lui a permis de faire conna\u00eetre sa musique sur une sc\u00e8ne mondiale et de tisser des liens avec les communaut\u00e9s anabaptistes du monde entier.&nbsp;<\/p>\n\n\n\n<p>Cette c\u00e9l\u00e9bration est un t\u00e9moignage puissant de la pers\u00e9v\u00e9rance de la foi et souligne comment l\u2019anabaptisme a prosp\u00e9r\u00e9 pendant des si\u00e8cles de pers\u00e9cution, de changement et de croissance. En participant \u00e0 cet \u00e9v\u00e9nement, la chorale souhaite apporter sa contribution \u00e0 l\u2019histoire et mettre en valeur son h\u00e9ritage musical mennonite africain dans un contexte chr\u00e9tien international.&nbsp;<\/p>\n\n\n\n<p>La chorale consid\u00e8re cet anniversaire comme un rappel de l\u2019unit\u00e9, de la pers\u00e9v\u00e9rance et du r\u00e9veil spirituel. Elle esp\u00e8re que cet \u00e9v\u00e9nement renforcera les liens entre les assembl\u00e9es anabaptistes et sera une occasion d\u2019apprendre, une occasion de r\u00e9conciliation et de renouveau.&nbsp;<\/p>\n\n\n\n<p>C\u2019\u00e9tait un privil\u00e8ge de repr\u00e9senter les anabaptistes kenyans lors de cette c\u00e9l\u00e9bration historique. Les membres de la chorale de l\u2019EFC esp\u00e8rent que leur musique a \u00e9difi\u00e9 et inspir\u00e9 les participants, leur rappelant que la foi transcende les fronti\u00e8res et que la musique est un langage universel de louange.&nbsp;&nbsp;<\/p>\n\n\n\n<h4 class=\"wp-block-heading\">Ce qui me passionne dans ces chorales&nbsp;<\/h4>\n\n\n\n<p>Cette exp\u00e9rience a \u00e9t\u00e9 vraiment \u00e9lectrisante. Il y avait quelque chose de profond\u00e9ment \u00e9mouvant \u00e0 entendre des voix venues des quatre coins du monde se m\u00e9langer harmonieusement, chacune porteuse de sa propre culture, de son histoire et de sa\u202ffoi.&nbsp;<\/p>\n\n\n\n<p>Chaque chorale a apport\u00e9 quelque chose d\u2019unique \u00e0 la c\u00e9l\u00e9bration, qu\u2019il s\u2019agisse de rythmes \u2018afrofusion\u2019, de gospel latino ou de musique sacr\u00e9e a cappella. \u00catre t\u00e9moin de cette expression musicale diversifi\u00e9e de la foi m\u2019a permis de mieux comprendre comment la louange \u00e0 travers le chant unit les croyants de toutes traditions et de toutes nations.&nbsp;<\/p>\n\n\n\n<p><em><span class=\"TextRun SCXW98678330 BCX0\" lang=\"FR-FR\" xml:lang=\"FR-FR\" data-contrast=\"none\"><span class=\"NormalTextRun SCXW98678330 BCX0\">\u2014\u202fMelvin Banda est membre de l<\/span><span class=\"NormalTextRun SCXW98678330 BCX0\">\u2019<\/span><span class=\"NormalTextRun SCXW98678330 BCX0\">\u00c9glise de Fr\u00e8res mennonites du Malawi. Il \u00e9tait le d\u00e9l\u00e9gu\u00e9 des <\/span><span class=\"NormalTextRun SpellingErrorV2Themed SCXW98678330 BCX0\">YABs<\/span><span class=\"NormalTextRun SCXW98678330 BCX0\"> pour son \u00e9glise lors des r\u00e9unions de 2025.<\/span><\/span><span class=\"EOP SCXW98678330 BCX0\" data-ccp-props=\"{&quot;201341983&quot;:0,&quot;335559740&quot;:240}\">&nbsp;<\/span><\/em><\/p>\n\n\n\n<hr class=\"wp-block-separator has-alpha-channel-opacity\"\/>\n\n\n\n<div class=\"wp-block-buttons is-layout-flex wp-block-buttons-is-layout-flex\">\n<div class=\"wp-block-button is-style-fill\"><a class=\"wp-block-button__link has-magenta-background-color has-background has-text-align-left wp-element-button\" href=\"https:\/\/mwc-cmm.org\/fr\/resources\/courrier-2025-40-2-3\/\">Cet article est paru pour la premi\u00e8re fois dans le num\u00e9ro<br>Courier \/ Correo \/ Courrier, volume 40, n\u00famero 2-3<\/a><\/div>\n<\/div>\n\n\n<div class=\"taxonomy-post_tag has-link-color wp-elements-4795dccc25dd561b10d5c166c095ced0 wp-block-post-terms has-text-color has-gray-color has-small-font-size\"><a href=\"https:\/\/mwc-cmm.org\/fr\/stories\/tag\/500-fr\/\" rel=\"tag\">500<\/a><span class=\"wp-block-post-terms__separator\">, <\/span><a href=\"https:\/\/mwc-cmm.org\/fr\/stories\/tag\/anabaptiste\/\" rel=\"tag\">anabaptiste<\/a><span class=\"wp-block-post-terms__separator\">, <\/span><a href=\"https:\/\/mwc-cmm.org\/fr\/stories\/tag\/chorales\/\" rel=\"tag\">chorales<\/a><\/div>\n\n\n<p><\/p>\n","protected":false},"excerpt":{"rendered":"<p>Perspectives (Activit\u00e9s Anabaptisme : 500 ans) La journ\u00e9e comm\u00e9morative \u00e0 Zurich a \u00e9t\u00e9 marqu\u00e9e par de nombreux moments forts, notamment par des chants. Les chorales ont eu le privil\u00e8ge de jouer un r\u00f4le central en r\u00e9unissant des voix venues du monde entier pour c\u00e9l\u00e9brer la foi, la r\u00e9conciliation et\u202fl\u2019unit\u00e9. Les chorales participantes \u00e9taient les suivantes [&hellip;]<\/p>\n","protected":false},"author":8,"featured_media":120690,"comment_status":"closed","ping_status":"closed","sticky":false,"template":"","format":"standard","meta":{"_acf_changed":false,"footnotes":""},"categories":[1183],"tags":[516,939,1538],"network":[1310],"eventcategory":[1511],"class_list":["post-120717","post","type-post","status-publish","format-standard","has-post-thumbnail","hentry","category-courier-fr","tag-500-fr","tag-anabaptiste","tag-chorales","network-courier-hi","eventcategory-500-the-courage-to-love-de"],"acf":[],"yoast_head":"<!-- This site is optimized with the Yoast SEO plugin v27.5 - https:\/\/yoast.com\/product\/yoast-seo-wordpress\/ -->\n<title>Chorales internationales - Mennonite World Conference<\/title>\n<meta name=\"robots\" content=\"index, follow, max-snippet:-1, max-image-preview:large, max-video-preview:-1\" \/>\n<link rel=\"canonical\" href=\"https:\/\/mwc-cmm.org\/fr\/stories\/chorales-internationales\/\" \/>\n<meta property=\"og:locale\" content=\"fr_FR\" \/>\n<meta property=\"og:type\" content=\"article\" \/>\n<meta property=\"og:title\" content=\"Chorales internationales - Mennonite World Conference\" \/>\n<meta property=\"og:description\" content=\"Perspectives (Activit\u00e9s Anabaptisme : 500 ans) La journ\u00e9e comm\u00e9morative \u00e0 Zurich a \u00e9t\u00e9 marqu\u00e9e par de nombreux moments forts, notamment par des chants. Les chorales ont eu le privil\u00e8ge de jouer un r\u00f4le central en r\u00e9unissant des voix venues du monde entier pour c\u00e9l\u00e9brer la foi, la r\u00e9conciliation et\u202fl\u2019unit\u00e9. Les chorales participantes \u00e9taient les suivantes [&hellip;]\" \/>\n<meta property=\"og:url\" content=\"https:\/\/mwc-cmm.org\/fr\/stories\/chorales-internationales\/\" \/>\n<meta property=\"og:site_name\" content=\"Mennonite World Conference\" \/>\n<meta property=\"article:publisher\" content=\"https:\/\/www.facebook.com\/MennoniteWorldConference\" \/>\n<meta property=\"article:published_time\" content=\"2025-11-12T12:23:58+00:00\" \/>\n<meta property=\"article:modified_time\" content=\"2025-11-12T12:50:46+00:00\" \/>\n<meta property=\"og:image\" content=\"https:\/\/mwc-cmm.org\/wp-content\/uploads\/2025\/11\/20250529ElinaCiptadiIMG_6838-1536x1152-1.jpg\" \/>\n\t<meta property=\"og:image:width\" content=\"1536\" \/>\n\t<meta property=\"og:image:height\" content=\"1152\" \/>\n\t<meta property=\"og:image:type\" content=\"image\/jpeg\" \/>\n<meta name=\"author\" content=\"Stephanie Setiawan\" \/>\n<script type=\"application\/ld+json\" class=\"yoast-schema-graph\">{\"@context\":\"https:\\\/\\\/schema.org\",\"@graph\":[{\"@type\":\"Article\",\"@id\":\"https:\\\/\\\/mwc-cmm.org\\\/fr\\\/stories\\\/chorales-internationales\\\/#article\",\"isPartOf\":{\"@id\":\"https:\\\/\\\/mwc-cmm.org\\\/fr\\\/stories\\\/chorales-internationales\\\/\"},\"author\":{\"name\":\"Stephanie Setiawan\",\"@id\":\"https:\\\/\\\/mwc-cmm.org\\\/en\\\/#\\\/schema\\\/person\\\/00b62ed8ea1527254a44f3ace3aee79d\"},\"headline\":\"Chorales internationales\",\"datePublished\":\"2025-11-12T12:23:58+00:00\",\"dateModified\":\"2025-11-12T12:50:46+00:00\",\"mainEntityOfPage\":{\"@id\":\"https:\\\/\\\/mwc-cmm.org\\\/fr\\\/stories\\\/chorales-internationales\\\/\"},\"wordCount\":1267,\"publisher\":{\"@id\":\"https:\\\/\\\/mwc-cmm.org\\\/en\\\/#organization\"},\"image\":{\"@id\":\"https:\\\/\\\/mwc-cmm.org\\\/fr\\\/stories\\\/chorales-internationales\\\/#primaryimage\"},\"thumbnailUrl\":\"https:\\\/\\\/mwc-cmm.org\\\/wp-content\\\/uploads\\\/2025\\\/11\\\/20250529ElinaCiptadiIMG_6838-1536x1152-1.jpg\",\"keywords\":[\"500\",\"anabaptiste\",\"chorales\"],\"articleSection\":[\"Courrier\"],\"inLanguage\":\"fr-FR\"},{\"@type\":\"WebPage\",\"@id\":\"https:\\\/\\\/mwc-cmm.org\\\/fr\\\/stories\\\/chorales-internationales\\\/\",\"url\":\"https:\\\/\\\/mwc-cmm.org\\\/fr\\\/stories\\\/chorales-internationales\\\/\",\"name\":\"Chorales internationales - Mennonite World Conference\",\"isPartOf\":{\"@id\":\"https:\\\/\\\/mwc-cmm.org\\\/en\\\/#website\"},\"primaryImageOfPage\":{\"@id\":\"https:\\\/\\\/mwc-cmm.org\\\/fr\\\/stories\\\/chorales-internationales\\\/#primaryimage\"},\"image\":{\"@id\":\"https:\\\/\\\/mwc-cmm.org\\\/fr\\\/stories\\\/chorales-internationales\\\/#primaryimage\"},\"thumbnailUrl\":\"https:\\\/\\\/mwc-cmm.org\\\/wp-content\\\/uploads\\\/2025\\\/11\\\/20250529ElinaCiptadiIMG_6838-1536x1152-1.jpg\",\"datePublished\":\"2025-11-12T12:23:58+00:00\",\"dateModified\":\"2025-11-12T12:50:46+00:00\",\"breadcrumb\":{\"@id\":\"https:\\\/\\\/mwc-cmm.org\\\/fr\\\/stories\\\/chorales-internationales\\\/#breadcrumb\"},\"inLanguage\":\"fr-FR\",\"potentialAction\":[{\"@type\":\"ReadAction\",\"target\":[\"https:\\\/\\\/mwc-cmm.org\\\/fr\\\/stories\\\/chorales-internationales\\\/\"]}]},{\"@type\":\"ImageObject\",\"inLanguage\":\"fr-FR\",\"@id\":\"https:\\\/\\\/mwc-cmm.org\\\/fr\\\/stories\\\/chorales-internationales\\\/#primaryimage\",\"url\":\"https:\\\/\\\/mwc-cmm.org\\\/wp-content\\\/uploads\\\/2025\\\/11\\\/20250529ElinaCiptadiIMG_6838-1536x1152-1.jpg\",\"contentUrl\":\"https:\\\/\\\/mwc-cmm.org\\\/wp-content\\\/uploads\\\/2025\\\/11\\\/20250529ElinaCiptadiIMG_6838-1536x1152-1.jpg\",\"width\":1536,\"height\":1152,\"caption\":\"EFC Choir with soloist Naaman Ochieng performs \u201cAnawuok adhi e dala wa ka Nyasaye\u201d on the outdoor stage in front of the Grossm\u00fcnster in Zurich, Switzerland.\"},{\"@type\":\"BreadcrumbList\",\"@id\":\"https:\\\/\\\/mwc-cmm.org\\\/fr\\\/stories\\\/chorales-internationales\\\/#breadcrumb\",\"itemListElement\":[{\"@type\":\"ListItem\",\"position\":1,\"name\":\"Home\",\"item\":\"https:\\\/\\\/mwc-cmm.org\\\/fr\\\/\"},{\"@type\":\"ListItem\",\"position\":2,\"name\":\"Chorales internationales\"}]},{\"@type\":\"WebSite\",\"@id\":\"https:\\\/\\\/mwc-cmm.org\\\/en\\\/#website\",\"url\":\"https:\\\/\\\/mwc-cmm.org\\\/en\\\/\",\"name\":\"Mennonite World Conference\",\"description\":\"A communion of Anabaptist-related churches\",\"publisher\":{\"@id\":\"https:\\\/\\\/mwc-cmm.org\\\/en\\\/#organization\"},\"alternateName\":\"MWC\",\"potentialAction\":[{\"@type\":\"SearchAction\",\"target\":{\"@type\":\"EntryPoint\",\"urlTemplate\":\"https:\\\/\\\/mwc-cmm.org\\\/en\\\/?s={search_term_string}\"},\"query-input\":{\"@type\":\"PropertyValueSpecification\",\"valueRequired\":true,\"valueName\":\"search_term_string\"}}],\"inLanguage\":\"fr-FR\"},{\"@type\":\"Organization\",\"@id\":\"https:\\\/\\\/mwc-cmm.org\\\/en\\\/#organization\",\"name\":\"Mennonite World Conference\",\"alternateName\":\"MWC\",\"url\":\"https:\\\/\\\/mwc-cmm.org\\\/en\\\/\",\"logo\":{\"@type\":\"ImageObject\",\"inLanguage\":\"fr-FR\",\"@id\":\"https:\\\/\\\/mwc-cmm.org\\\/en\\\/#\\\/schema\\\/logo\\\/image\\\/\",\"url\":\"https:\\\/\\\/mwc-cmm.org\\\/wp-content\\\/uploads\\\/2026\\\/01\\\/MWC_Sig_Blue_Horiz_webheader1-logo.svg\",\"contentUrl\":\"https:\\\/\\\/mwc-cmm.org\\\/wp-content\\\/uploads\\\/2026\\\/01\\\/MWC_Sig_Blue_Horiz_webheader1-logo.svg\",\"width\":786,\"height\":82,\"caption\":\"Mennonite World Conference\"},\"image\":{\"@id\":\"https:\\\/\\\/mwc-cmm.org\\\/en\\\/#\\\/schema\\\/logo\\\/image\\\/\"},\"sameAs\":[\"https:\\\/\\\/www.facebook.com\\\/MennoniteWorldConference\",\"https:\\\/\\\/www.linkedin.com\\\/company\\\/mennonite-world-conference-mwc\\\/\",\"https:\\\/\\\/www.instagram.com\\\/mwcmm\\\/\",\"https:\\\/\\\/www.youtube.com\\\/user\\\/mwccmm\",\"https:\\\/\\\/bsky.app\\\/profile\\\/mwcmm.bsky.social\"]},{\"@type\":\"Person\",\"@id\":\"https:\\\/\\\/mwc-cmm.org\\\/en\\\/#\\\/schema\\\/person\\\/00b62ed8ea1527254a44f3ace3aee79d\",\"name\":\"Stephanie Setiawan\",\"image\":{\"@type\":\"ImageObject\",\"inLanguage\":\"fr-FR\",\"@id\":\"https:\\\/\\\/secure.gravatar.com\\\/avatar\\\/71b4b62cf3d0cfb4c8a367a101127ba8adfa1c22417900980ea24f5f4457a76d?s=96&d=mm&r=g\",\"url\":\"https:\\\/\\\/secure.gravatar.com\\\/avatar\\\/71b4b62cf3d0cfb4c8a367a101127ba8adfa1c22417900980ea24f5f4457a76d?s=96&d=mm&r=g\",\"contentUrl\":\"https:\\\/\\\/secure.gravatar.com\\\/avatar\\\/71b4b62cf3d0cfb4c8a367a101127ba8adfa1c22417900980ea24f5f4457a76d?s=96&d=mm&r=g\",\"caption\":\"Stephanie Setiawan\"},\"url\":\"https:\\\/\\\/mwc-cmm.org\\\/fr\\\/stories\\\/author\\\/stephanie\\\/\"}]}<\/script>\n<!-- \/ Yoast SEO plugin. -->","yoast_head_json":{"title":"Chorales internationales - Mennonite World Conference","robots":{"index":"index","follow":"follow","max-snippet":"max-snippet:-1","max-image-preview":"max-image-preview:large","max-video-preview":"max-video-preview:-1"},"canonical":"https:\/\/mwc-cmm.org\/fr\/stories\/chorales-internationales\/","og_locale":"fr_FR","og_type":"article","og_title":"Chorales internationales - Mennonite World Conference","og_description":"Perspectives (Activit\u00e9s Anabaptisme : 500 ans) La journ\u00e9e comm\u00e9morative \u00e0 Zurich a \u00e9t\u00e9 marqu\u00e9e par de nombreux moments forts, notamment par des chants. Les chorales ont eu le privil\u00e8ge de jouer un r\u00f4le central en r\u00e9unissant des voix venues du monde entier pour c\u00e9l\u00e9brer la foi, la r\u00e9conciliation et\u202fl\u2019unit\u00e9. Les chorales participantes \u00e9taient les suivantes [&hellip;]","og_url":"https:\/\/mwc-cmm.org\/fr\/stories\/chorales-internationales\/","og_site_name":"Mennonite World Conference","article_publisher":"https:\/\/www.facebook.com\/MennoniteWorldConference","article_published_time":"2025-11-12T12:23:58+00:00","article_modified_time":"2025-11-12T12:50:46+00:00","og_image":[{"width":1536,"height":1152,"url":"https:\/\/mwc-cmm.org\/wp-content\/uploads\/2025\/11\/20250529ElinaCiptadiIMG_6838-1536x1152-1.jpg","type":"image\/jpeg"}],"author":"Stephanie Setiawan","schema":{"@context":"https:\/\/schema.org","@graph":[{"@type":"Article","@id":"https:\/\/mwc-cmm.org\/fr\/stories\/chorales-internationales\/#article","isPartOf":{"@id":"https:\/\/mwc-cmm.org\/fr\/stories\/chorales-internationales\/"},"author":{"name":"Stephanie Setiawan","@id":"https:\/\/mwc-cmm.org\/en\/#\/schema\/person\/00b62ed8ea1527254a44f3ace3aee79d"},"headline":"Chorales internationales","datePublished":"2025-11-12T12:23:58+00:00","dateModified":"2025-11-12T12:50:46+00:00","mainEntityOfPage":{"@id":"https:\/\/mwc-cmm.org\/fr\/stories\/chorales-internationales\/"},"wordCount":1267,"publisher":{"@id":"https:\/\/mwc-cmm.org\/en\/#organization"},"image":{"@id":"https:\/\/mwc-cmm.org\/fr\/stories\/chorales-internationales\/#primaryimage"},"thumbnailUrl":"https:\/\/mwc-cmm.org\/wp-content\/uploads\/2025\/11\/20250529ElinaCiptadiIMG_6838-1536x1152-1.jpg","keywords":["500","anabaptiste","chorales"],"articleSection":["Courrier"],"inLanguage":"fr-FR"},{"@type":"WebPage","@id":"https:\/\/mwc-cmm.org\/fr\/stories\/chorales-internationales\/","url":"https:\/\/mwc-cmm.org\/fr\/stories\/chorales-internationales\/","name":"Chorales internationales - Mennonite World Conference","isPartOf":{"@id":"https:\/\/mwc-cmm.org\/en\/#website"},"primaryImageOfPage":{"@id":"https:\/\/mwc-cmm.org\/fr\/stories\/chorales-internationales\/#primaryimage"},"image":{"@id":"https:\/\/mwc-cmm.org\/fr\/stories\/chorales-internationales\/#primaryimage"},"thumbnailUrl":"https:\/\/mwc-cmm.org\/wp-content\/uploads\/2025\/11\/20250529ElinaCiptadiIMG_6838-1536x1152-1.jpg","datePublished":"2025-11-12T12:23:58+00:00","dateModified":"2025-11-12T12:50:46+00:00","breadcrumb":{"@id":"https:\/\/mwc-cmm.org\/fr\/stories\/chorales-internationales\/#breadcrumb"},"inLanguage":"fr-FR","potentialAction":[{"@type":"ReadAction","target":["https:\/\/mwc-cmm.org\/fr\/stories\/chorales-internationales\/"]}]},{"@type":"ImageObject","inLanguage":"fr-FR","@id":"https:\/\/mwc-cmm.org\/fr\/stories\/chorales-internationales\/#primaryimage","url":"https:\/\/mwc-cmm.org\/wp-content\/uploads\/2025\/11\/20250529ElinaCiptadiIMG_6838-1536x1152-1.jpg","contentUrl":"https:\/\/mwc-cmm.org\/wp-content\/uploads\/2025\/11\/20250529ElinaCiptadiIMG_6838-1536x1152-1.jpg","width":1536,"height":1152,"caption":"EFC Choir with soloist Naaman Ochieng performs \u201cAnawuok adhi e dala wa ka Nyasaye\u201d on the outdoor stage in front of the Grossm\u00fcnster in Zurich, Switzerland."},{"@type":"BreadcrumbList","@id":"https:\/\/mwc-cmm.org\/fr\/stories\/chorales-internationales\/#breadcrumb","itemListElement":[{"@type":"ListItem","position":1,"name":"Home","item":"https:\/\/mwc-cmm.org\/fr\/"},{"@type":"ListItem","position":2,"name":"Chorales internationales"}]},{"@type":"WebSite","@id":"https:\/\/mwc-cmm.org\/en\/#website","url":"https:\/\/mwc-cmm.org\/en\/","name":"Mennonite World Conference","description":"A communion of Anabaptist-related churches","publisher":{"@id":"https:\/\/mwc-cmm.org\/en\/#organization"},"alternateName":"MWC","potentialAction":[{"@type":"SearchAction","target":{"@type":"EntryPoint","urlTemplate":"https:\/\/mwc-cmm.org\/en\/?s={search_term_string}"},"query-input":{"@type":"PropertyValueSpecification","valueRequired":true,"valueName":"search_term_string"}}],"inLanguage":"fr-FR"},{"@type":"Organization","@id":"https:\/\/mwc-cmm.org\/en\/#organization","name":"Mennonite World Conference","alternateName":"MWC","url":"https:\/\/mwc-cmm.org\/en\/","logo":{"@type":"ImageObject","inLanguage":"fr-FR","@id":"https:\/\/mwc-cmm.org\/en\/#\/schema\/logo\/image\/","url":"https:\/\/mwc-cmm.org\/wp-content\/uploads\/2026\/01\/MWC_Sig_Blue_Horiz_webheader1-logo.svg","contentUrl":"https:\/\/mwc-cmm.org\/wp-content\/uploads\/2026\/01\/MWC_Sig_Blue_Horiz_webheader1-logo.svg","width":786,"height":82,"caption":"Mennonite World Conference"},"image":{"@id":"https:\/\/mwc-cmm.org\/en\/#\/schema\/logo\/image\/"},"sameAs":["https:\/\/www.facebook.com\/MennoniteWorldConference","https:\/\/www.linkedin.com\/company\/mennonite-world-conference-mwc\/","https:\/\/www.instagram.com\/mwcmm\/","https:\/\/www.youtube.com\/user\/mwccmm","https:\/\/bsky.app\/profile\/mwcmm.bsky.social"]},{"@type":"Person","@id":"https:\/\/mwc-cmm.org\/en\/#\/schema\/person\/00b62ed8ea1527254a44f3ace3aee79d","name":"Stephanie Setiawan","image":{"@type":"ImageObject","inLanguage":"fr-FR","@id":"https:\/\/secure.gravatar.com\/avatar\/71b4b62cf3d0cfb4c8a367a101127ba8adfa1c22417900980ea24f5f4457a76d?s=96&d=mm&r=g","url":"https:\/\/secure.gravatar.com\/avatar\/71b4b62cf3d0cfb4c8a367a101127ba8adfa1c22417900980ea24f5f4457a76d?s=96&d=mm&r=g","contentUrl":"https:\/\/secure.gravatar.com\/avatar\/71b4b62cf3d0cfb4c8a367a101127ba8adfa1c22417900980ea24f5f4457a76d?s=96&d=mm&r=g","caption":"Stephanie Setiawan"},"url":"https:\/\/mwc-cmm.org\/fr\/stories\/author\/stephanie\/"}]}},"_links":{"self":[{"href":"https:\/\/mwc-cmm.org\/fr\/wp-json\/wp\/v2\/posts\/120717","targetHints":{"allow":["GET"]}}],"collection":[{"href":"https:\/\/mwc-cmm.org\/fr\/wp-json\/wp\/v2\/posts"}],"about":[{"href":"https:\/\/mwc-cmm.org\/fr\/wp-json\/wp\/v2\/types\/post"}],"author":[{"embeddable":true,"href":"https:\/\/mwc-cmm.org\/fr\/wp-json\/wp\/v2\/users\/8"}],"replies":[{"embeddable":true,"href":"https:\/\/mwc-cmm.org\/fr\/wp-json\/wp\/v2\/comments?post=120717"}],"version-history":[{"count":0,"href":"https:\/\/mwc-cmm.org\/fr\/wp-json\/wp\/v2\/posts\/120717\/revisions"}],"wp:featuredmedia":[{"embeddable":true,"href":"https:\/\/mwc-cmm.org\/fr\/wp-json\/wp\/v2\/media\/120690"}],"wp:attachment":[{"href":"https:\/\/mwc-cmm.org\/fr\/wp-json\/wp\/v2\/media?parent=120717"}],"wp:term":[{"taxonomy":"category","embeddable":true,"href":"https:\/\/mwc-cmm.org\/fr\/wp-json\/wp\/v2\/categories?post=120717"},{"taxonomy":"post_tag","embeddable":true,"href":"https:\/\/mwc-cmm.org\/fr\/wp-json\/wp\/v2\/tags?post=120717"},{"taxonomy":"network","embeddable":true,"href":"https:\/\/mwc-cmm.org\/fr\/wp-json\/wp\/v2\/network?post=120717"},{"taxonomy":"eventcategory","embeddable":true,"href":"https:\/\/mwc-cmm.org\/fr\/wp-json\/wp\/v2\/eventcategory?post=120717"}],"curies":[{"name":"wp","href":"https:\/\/api.w.org\/{rel}","templated":true}]}}