{"id":116786,"date":"2025-07-24T09:13:06","date_gmt":"2025-07-24T09:13:06","guid":{"rendered":"https:\/\/mwc-cmm.org\/?p=116786"},"modified":"2025-07-24T09:15:34","modified_gmt":"2025-07-24T09:15:34","slug":"vivre-inefficacement","status":"publish","type":"post","link":"https:\/\/mwc-cmm.org\/fr\/stories\/vivre-inefficacement\/","title":{"rendered":"Vivre \u00ab\u202finefficacement\u202f\u00bb, en tant qu\u2019enfants du\u202fSeigneur"},"content":{"rendered":"\n<p>R\u00e9cemment, le nombre de jeunes dans les \u00e9glises d\u2019Asie a \u00e9norm\u00e9ment d\u00e9clin\u00e9. Il s\u2019agit probablement d\u2019un ph\u00e9nom\u00e8ne mondial. Qu\u2019est ce qui a rendu insens\u00e9 le fait de croire en Dieu\u202f? Parce que dans ce monde dur, ce dont les jeunes ont besoin, c\u2019est de l\u2019argent, et pour gagner de l\u2019argent, on doit devenir un \u00eatre \u00ab\u202fefficace\u202f\u00bb.&nbsp;<\/p>\n\n\n\n<p>Les jeunes g\u00e9n\u00e9rations vivent en \u00e9tant submerg\u00e9es par un sentiment d\u2019anxi\u00e9t\u00e9 \u00e9crasant \u2013 la peur de prendre du retard, la peur de ne pas survivre. Ils classent tout dans les cat\u00e9gories d\u2019efficacit\u00e9 ou d\u2019inefficacit\u00e9.&nbsp;<\/p>\n\n\n\n<p>Lorsque l\u2019on voit le monde de cette mani\u00e8re, croire en Dieu est vu comme l\u2019inefficacit\u00e9\u202fultime.&nbsp;<\/p>\n\n\n\n<p>Les m\u00e9thodes pour gagner de l\u2019argent, les strat\u00e9gies pour faire partie des cat\u00e9gories les plus ais\u00e9es sont devenues les \u00e9critures sacr\u00e9es, se r\u00e9pandant comme un feu de paille \u00e0 travers YouTube et les livres. Et donc par cons\u00e9quence, il y a peu d\u2019int\u00e9r\u00eat pour les malheurs endur\u00e9s par les voisins, pour les d\u00e9sastres et les\u202fguerres.&nbsp;<\/p>\n\n\n\n<p>M\u00eame le deuil et la douleur semblent, d\u2019une certaine fa\u00e7on, ob\u00e9ir aux r\u00e8gles de l\u2019efficacit\u00e9.&nbsp;<\/p>\n\n\n\n<p>Cependant, bizarrement, alors qu\u2019ils accumulent des biens, les jeunes ne trouvent aucune solution \u00e0 leur\u202fanxi\u00e9t\u00e9.&nbsp;<\/p>\n\n\n\n<p>Au contraire, ils souffrent de d\u00e9pressions plus profondes, jusqu\u2019au suicide pour certains. Ils luttent pour d\u00e9couvrir le vrai sens de la vie et de leur propre identit\u00e9. Les r\u00e9seaux sociaux nous permettent d\u2019\u00eatre constamment connect\u00e9s les uns aux autres d\u2019une simple pression de doigt, mais ils ont rendu le sentiment de solitude insupportablement\u202fvide.&nbsp;<\/p>\n\n\n\n<p>Dans de telles circonstances, entrer en relation avec Dieu semble presque\u202fimpossible.&nbsp;<\/p>\n\n\n\n<div class=\"wp-block-columns is-layout-flex wp-container-core-columns-is-layout-28f84493 wp-block-columns-is-layout-flex\">\n<div class=\"wp-block-column is-layout-flow wp-block-column-is-layout-flow\" style=\"flex-basis:66.66%\">\n<p>Si nous r\u00eavons d\u2019un monde o\u00f9 nous vivons par la foi plut\u00f4t que par l\u2019argent, nous devons devenir des preuves vivantes que l\u2019argent n\u2019est pas tout \u2013 que l\u2019amour est\u202ftout.&nbsp;<\/p>\n\n\n\n<p>M\u00eame si ce chemin est sem\u00e9 d\u2019emb\u00fbches, nous nous devons de croire en la joie donn\u00e9e par Dieu. Ainsi, nous serons reli\u00e9s \u00e0 travers Lui, et \u00e0 travers Lui, nous apprendrons \u00e9galement \u00e0 \u00eatre seul sans nous sentir perdu. Ceux qui n\u2019ont plus rien, les pauvres, les afflig\u00e9s, ceux qui luttent, et ceux qui se tiennent \u00e0 leur c\u00f4t\u00e9 en signe de solidarit\u00e9 \u2013 ceux-l\u00e0 sont les enfants de\u202fDieu.&nbsp;<\/p>\n\n\n\n<p>En tant qu\u2019anabaptistes, et quelque soit notre \u00e2ge, puissions-nous trouver le courage d\u2019embrasser l\u2019inefficacit\u00e9 de l\u2019amour\u202f: l\u2019amour pour nos semblables, l\u2019amour pour toutes les autres cr\u00e9atures et l\u2019amour pour\u202fDieu.&nbsp;<\/p>\n<\/div>\n\n\n\n<div class=\"wp-block-column is-layout-flow wp-block-column-is-layout-flow\" style=\"flex-basis:33.33%\">\n<figure class=\"wp-block-image size-large\"><img decoding=\"async\" width=\"1024\" height=\"769\" data-src=\"https:\/\/mwc-cmm.org\/wp-content\/uploads\/2025\/07\/20230327KarlaBraunIMG_0171-1024x769.jpg\" alt=\"YABs Committee 2023\" class=\"wp-image-116756 lazyload\" data-srcset=\"https:\/\/mwc-cmm.org\/wp-content\/uploads\/2025\/07\/20230327KarlaBraunIMG_0171-1024x769.jpg 1024w, https:\/\/mwc-cmm.org\/wp-content\/uploads\/2025\/07\/20230327KarlaBraunIMG_0171-300x225.jpg 300w, https:\/\/mwc-cmm.org\/wp-content\/uploads\/2025\/07\/20230327KarlaBraunIMG_0171-768x577.jpg 768w, https:\/\/mwc-cmm.org\/wp-content\/uploads\/2025\/07\/20230327KarlaBraunIMG_0171-1536x1153.jpg 1536w, https:\/\/mwc-cmm.org\/wp-content\/uploads\/2025\/07\/20230327KarlaBraunIMG_0171-2048x1538.jpg 2048w\" data-sizes=\"(max-width: 1024px) 100vw, 1024px\" src=\"data:image\/svg+xml;base64,PHN2ZyB3aWR0aD0iMSIgaGVpZ2h0PSIxIiB4bWxucz0iaHR0cDovL3d3dy53My5vcmcvMjAwMC9zdmciPjwvc3ZnPg==\" style=\"--smush-placeholder-width: 1024px; --smush-placeholder-aspect-ratio: 1024\/769;\" \/><figcaption class=\"wp-element-caption\"><em>Comit\u00e9 YABs en 2023:<br>Valentina Kunze, Kkotip Bae, Felix Perez Diener, Ga\u00eblle Oesch, Ebenezer Mondez<\/em><\/figcaption><\/figure>\n<\/div>\n<\/div>\n\n\n\n<p><em><em>Kkot-Ip Bae est la repr\u00e9sentante de l\u2019Asie au sein du <a href=\"https:\/\/mwc-cmm.org\/fr\/jeunes-anabaptistes-yabs\/\">Comit\u00e9 YABs (Jeunes anabaptistes).<\/a> Elle est membre de l\u2019Eglise mennonite de\u202fCor\u00e9e.<\/em>&nbsp;<\/em>&nbsp;<\/p>\n\n\n\n<hr class=\"wp-block-separator has-alpha-channel-opacity\"\/>\n\n\n<div class=\"taxonomy-post_tag has-link-color wp-elements-4795dccc25dd561b10d5c166c095ced0 wp-block-post-terms has-text-color has-gray-color has-small-font-size\"><a href=\"https:\/\/mwc-cmm.org\/fr\/stories\/tag\/anabaptiste\/\" rel=\"tag\">anabaptiste<\/a><span class=\"wp-block-post-terms__separator\">, <\/span><a href=\"https:\/\/mwc-cmm.org\/fr\/stories\/tag\/jeunes\/\" rel=\"tag\">jeunes<\/a><span class=\"wp-block-post-terms__separator\">, <\/span><a href=\"https:\/\/mwc-cmm.org\/fr\/stories\/tag\/yabs-fr\/\" rel=\"tag\">YABs<\/a><\/div>\n\n\n<p><\/p>\n","protected":false},"excerpt":{"rendered":"<p>R\u00e9cemment, le nombre de jeunes dans les \u00e9glises d\u2019Asie a \u00e9norm\u00e9ment d\u00e9clin\u00e9. Il s\u2019agit probablement d\u2019un ph\u00e9nom\u00e8ne mondial. Qu\u2019est ce qui a rendu insens\u00e9 le fait de croire en Dieu\u202f? Parce que dans ce monde dur, ce dont les jeunes ont besoin, c\u2019est de l\u2019argent, et pour gagner de l\u2019argent, on doit devenir un \u00eatre [&hellip;]<\/p>\n","protected":false},"author":8,"featured_media":116773,"comment_status":"closed","ping_status":"closed","sticky":false,"template":"","format":"standard","meta":{"_acf_changed":false,"footnotes":""},"categories":[546,1],"tags":[939,1148,396],"network":[1285],"eventcategory":[],"class_list":["post-116786","post","type-post","status-publish","format-standard","has-post-thumbnail","hentry","category-de-nos-responsables","category-uncategorized","tag-anabaptiste","tag-jeunes","tag-yabs-fr","network-young-anabaptists-fr"],"acf":[],"yoast_head":"<!-- This site is optimized with the Yoast SEO plugin v27.2 - https:\/\/yoast.com\/product\/yoast-seo-wordpress\/ -->\n<title>Vivre \u00ab\u202finefficacement\u202f\u00bb, en tant qu\u2019enfants du\u202fSeigneur - Mennonite World Conference<\/title>\n<meta name=\"description\" content=\"Les jeunes g\u00e9n\u00e9rations vivent en \u00e9tant submerg\u00e9es par un sentiment d\u2019anxi\u00e9t\u00e9 \u00e9crasant \u2013 la peur de prendre du retard, la peur de ne pas survivre. Ils classent tout dans les cat\u00e9gories d\u2019efficacit\u00e9 ou d\u2019inefficacit\u00e9.\u00a0\" \/>\n<meta name=\"robots\" content=\"index, follow, max-snippet:-1, max-image-preview:large, max-video-preview:-1\" \/>\n<link rel=\"canonical\" href=\"https:\/\/mwc-cmm.org\/fr\/stories\/vivre-inefficacement\/\" \/>\n<meta property=\"og:locale\" content=\"fr_FR\" \/>\n<meta property=\"og:type\" content=\"article\" \/>\n<meta property=\"og:title\" content=\"Vivre \u00ab\u202finefficacement\u202f\u00bb, en tant qu\u2019enfants du\u202fSeigneur - Mennonite World Conference\" \/>\n<meta property=\"og:description\" content=\"Les jeunes g\u00e9n\u00e9rations vivent en \u00e9tant submerg\u00e9es par un sentiment d\u2019anxi\u00e9t\u00e9 \u00e9crasant \u2013 la peur de prendre du retard, la peur de ne pas survivre. Ils classent tout dans les cat\u00e9gories d\u2019efficacit\u00e9 ou d\u2019inefficacit\u00e9.\u00a0\" \/>\n<meta property=\"og:url\" content=\"https:\/\/mwc-cmm.org\/fr\/stories\/vivre-inefficacement\/\" \/>\n<meta property=\"og:site_name\" content=\"Mennonite World Conference\" \/>\n<meta property=\"article:publisher\" content=\"https:\/\/www.facebook.com\/MennoniteWorldConference\" \/>\n<meta property=\"article:published_time\" content=\"2025-07-24T09:13:06+00:00\" \/>\n<meta property=\"article:modified_time\" content=\"2025-07-24T09:15:34+00:00\" \/>\n<meta property=\"og:image\" content=\"https:\/\/mwc-cmm.org\/wp-content\/uploads\/2025\/07\/20250531MaHaiYanggys_2025_final_77-scaled.jpg\" \/>\n\t<meta property=\"og:image:width\" content=\"2560\" \/>\n\t<meta property=\"og:image:height\" content=\"1710\" \/>\n\t<meta property=\"og:image:type\" content=\"image\/jpeg\" \/>\n<meta name=\"author\" content=\"Stephanie Setiawan\" \/>\n<script type=\"application\/ld+json\" class=\"yoast-schema-graph\">{\"@context\":\"https:\/\/schema.org\",\"@graph\":[{\"@type\":\"Article\",\"@id\":\"https:\/\/mwc-cmm.org\/fr\/stories\/vivre-inefficacement\/#article\",\"isPartOf\":{\"@id\":\"https:\/\/mwc-cmm.org\/fr\/stories\/vivre-inefficacement\/\"},\"author\":{\"name\":\"Stephanie Setiawan\",\"@id\":\"https:\/\/mwc-cmm.org\/en\/#\/schema\/person\/00b62ed8ea1527254a44f3ace3aee79d\"},\"headline\":\"Vivre \u00ab\u202finefficacement\u202f\u00bb, en tant qu\u2019enfants du\u202fSeigneur\",\"datePublished\":\"2025-07-24T09:13:06+00:00\",\"dateModified\":\"2025-07-24T09:15:34+00:00\",\"mainEntityOfPage\":{\"@id\":\"https:\/\/mwc-cmm.org\/fr\/stories\/vivre-inefficacement\/\"},\"wordCount\":517,\"publisher\":{\"@id\":\"https:\/\/mwc-cmm.org\/en\/#organization\"},\"image\":{\"@id\":\"https:\/\/mwc-cmm.org\/fr\/stories\/vivre-inefficacement\/#primaryimage\"},\"thumbnailUrl\":\"https:\/\/mwc-cmm.org\/wp-content\/uploads\/2025\/07\/20250531MaHaiYanggys_2025_final_77-scaled.jpg\",\"keywords\":[\"anabaptiste\",\"jeunes\",\"YABs\"],\"articleSection\":[\"De Nos Responsables\",\"Uncategorized\"],\"inLanguage\":\"fr-FR\"},{\"@type\":\"WebPage\",\"@id\":\"https:\/\/mwc-cmm.org\/fr\/stories\/vivre-inefficacement\/\",\"url\":\"https:\/\/mwc-cmm.org\/fr\/stories\/vivre-inefficacement\/\",\"name\":\"Vivre \u00ab\u202finefficacement\u202f\u00bb, en tant qu\u2019enfants du\u202fSeigneur - Mennonite World Conference\",\"isPartOf\":{\"@id\":\"https:\/\/mwc-cmm.org\/en\/#website\"},\"primaryImageOfPage\":{\"@id\":\"https:\/\/mwc-cmm.org\/fr\/stories\/vivre-inefficacement\/#primaryimage\"},\"image\":{\"@id\":\"https:\/\/mwc-cmm.org\/fr\/stories\/vivre-inefficacement\/#primaryimage\"},\"thumbnailUrl\":\"https:\/\/mwc-cmm.org\/wp-content\/uploads\/2025\/07\/20250531MaHaiYanggys_2025_final_77-scaled.jpg\",\"datePublished\":\"2025-07-24T09:13:06+00:00\",\"dateModified\":\"2025-07-24T09:15:34+00:00\",\"description\":\"Les jeunes g\u00e9n\u00e9rations vivent en \u00e9tant submerg\u00e9es par un sentiment d\u2019anxi\u00e9t\u00e9 \u00e9crasant \u2013 la peur de prendre du retard, la peur de ne pas survivre. Ils classent tout dans les cat\u00e9gories d\u2019efficacit\u00e9 ou d\u2019inefficacit\u00e9.\u00a0\",\"breadcrumb\":{\"@id\":\"https:\/\/mwc-cmm.org\/fr\/stories\/vivre-inefficacement\/#breadcrumb\"},\"inLanguage\":\"fr-FR\",\"potentialAction\":[{\"@type\":\"ReadAction\",\"target\":[\"https:\/\/mwc-cmm.org\/fr\/stories\/vivre-inefficacement\/\"]}]},{\"@type\":\"ImageObject\",\"inLanguage\":\"fr-FR\",\"@id\":\"https:\/\/mwc-cmm.org\/fr\/stories\/vivre-inefficacement\/#primaryimage\",\"url\":\"https:\/\/mwc-cmm.org\/wp-content\/uploads\/2025\/07\/20250531MaHaiYanggys_2025_final_77-scaled.jpg\",\"contentUrl\":\"https:\/\/mwc-cmm.org\/wp-content\/uploads\/2025\/07\/20250531MaHaiYanggys_2025_final_77-scaled.jpg\",\"width\":2560,\"height\":1710,\"caption\":\"GYS 2025 worship\"},{\"@type\":\"BreadcrumbList\",\"@id\":\"https:\/\/mwc-cmm.org\/fr\/stories\/vivre-inefficacement\/#breadcrumb\",\"itemListElement\":[{\"@type\":\"ListItem\",\"position\":1,\"name\":\"Home\",\"item\":\"https:\/\/mwc-cmm.org\/fr\/\"},{\"@type\":\"ListItem\",\"position\":2,\"name\":\"Vivre \u00ab\u202finefficacement\u202f\u00bb, en tant qu\u2019enfants du\u202fSeigneur\"}]},{\"@type\":\"WebSite\",\"@id\":\"https:\/\/mwc-cmm.org\/en\/#website\",\"url\":\"https:\/\/mwc-cmm.org\/en\/\",\"name\":\"Mennonite World Conference\",\"description\":\"A communion of Anabaptist-related churches\",\"publisher\":{\"@id\":\"https:\/\/mwc-cmm.org\/en\/#organization\"},\"alternateName\":\"MWC\",\"potentialAction\":[{\"@type\":\"SearchAction\",\"target\":{\"@type\":\"EntryPoint\",\"urlTemplate\":\"https:\/\/mwc-cmm.org\/en\/?s={search_term_string}\"},\"query-input\":{\"@type\":\"PropertyValueSpecification\",\"valueRequired\":true,\"valueName\":\"search_term_string\"}}],\"inLanguage\":\"fr-FR\"},{\"@type\":\"Organization\",\"@id\":\"https:\/\/mwc-cmm.org\/en\/#organization\",\"name\":\"Mennonite World Conference\",\"alternateName\":\"MWC\",\"url\":\"https:\/\/mwc-cmm.org\/en\/\",\"logo\":{\"@type\":\"ImageObject\",\"inLanguage\":\"fr-FR\",\"@id\":\"https:\/\/mwc-cmm.org\/en\/#\/schema\/logo\/image\/\",\"url\":\"https:\/\/mwc-cmm.org\/wp-content\/uploads\/2026\/01\/MWC_Sig_Blue_Horiz_webheader1-logo.svg\",\"contentUrl\":\"https:\/\/mwc-cmm.org\/wp-content\/uploads\/2026\/01\/MWC_Sig_Blue_Horiz_webheader1-logo.svg\",\"width\":786,\"height\":82,\"caption\":\"Mennonite World Conference\"},\"image\":{\"@id\":\"https:\/\/mwc-cmm.org\/en\/#\/schema\/logo\/image\/\"},\"sameAs\":[\"https:\/\/www.facebook.com\/MennoniteWorldConference\",\"https:\/\/www.linkedin.com\/company\/mennonite-world-conference-mwc\/\",\"https:\/\/www.instagram.com\/mwcmm\/\",\"https:\/\/www.youtube.com\/user\/mwccmm\",\"https:\/\/bsky.app\/profile\/mwcmm.bsky.social\"]},{\"@type\":\"Person\",\"@id\":\"https:\/\/mwc-cmm.org\/en\/#\/schema\/person\/00b62ed8ea1527254a44f3ace3aee79d\",\"name\":\"Stephanie Setiawan\",\"image\":{\"@type\":\"ImageObject\",\"inLanguage\":\"fr-FR\",\"@id\":\"https:\/\/secure.gravatar.com\/avatar\/71b4b62cf3d0cfb4c8a367a101127ba8adfa1c22417900980ea24f5f4457a76d?s=96&d=mm&r=g\",\"url\":\"https:\/\/secure.gravatar.com\/avatar\/71b4b62cf3d0cfb4c8a367a101127ba8adfa1c22417900980ea24f5f4457a76d?s=96&d=mm&r=g\",\"contentUrl\":\"https:\/\/secure.gravatar.com\/avatar\/71b4b62cf3d0cfb4c8a367a101127ba8adfa1c22417900980ea24f5f4457a76d?s=96&d=mm&r=g\",\"caption\":\"Stephanie Setiawan\"},\"url\":\"https:\/\/mwc-cmm.org\/fr\/stories\/author\/stephanie\/\"}]}<\/script>\n<!-- \/ Yoast SEO plugin. -->","yoast_head_json":{"title":"Vivre \u00ab\u202finefficacement\u202f\u00bb, en tant qu\u2019enfants du\u202fSeigneur - Mennonite World Conference","description":"Les jeunes g\u00e9n\u00e9rations vivent en \u00e9tant submerg\u00e9es par un sentiment d\u2019anxi\u00e9t\u00e9 \u00e9crasant \u2013 la peur de prendre du retard, la peur de ne pas survivre. Ils classent tout dans les cat\u00e9gories d\u2019efficacit\u00e9 ou d\u2019inefficacit\u00e9.\u00a0","robots":{"index":"index","follow":"follow","max-snippet":"max-snippet:-1","max-image-preview":"max-image-preview:large","max-video-preview":"max-video-preview:-1"},"canonical":"https:\/\/mwc-cmm.org\/fr\/stories\/vivre-inefficacement\/","og_locale":"fr_FR","og_type":"article","og_title":"Vivre \u00ab\u202finefficacement\u202f\u00bb, en tant qu\u2019enfants du\u202fSeigneur - Mennonite World Conference","og_description":"Les jeunes g\u00e9n\u00e9rations vivent en \u00e9tant submerg\u00e9es par un sentiment d\u2019anxi\u00e9t\u00e9 \u00e9crasant \u2013 la peur de prendre du retard, la peur de ne pas survivre. Ils classent tout dans les cat\u00e9gories d\u2019efficacit\u00e9 ou d\u2019inefficacit\u00e9.\u00a0","og_url":"https:\/\/mwc-cmm.org\/fr\/stories\/vivre-inefficacement\/","og_site_name":"Mennonite World Conference","article_publisher":"https:\/\/www.facebook.com\/MennoniteWorldConference","article_published_time":"2025-07-24T09:13:06+00:00","article_modified_time":"2025-07-24T09:15:34+00:00","og_image":[{"width":2560,"height":1710,"url":"https:\/\/mwc-cmm.org\/wp-content\/uploads\/2025\/07\/20250531MaHaiYanggys_2025_final_77-scaled.jpg","type":"image\/jpeg"}],"author":"Stephanie Setiawan","schema":{"@context":"https:\/\/schema.org","@graph":[{"@type":"Article","@id":"https:\/\/mwc-cmm.org\/fr\/stories\/vivre-inefficacement\/#article","isPartOf":{"@id":"https:\/\/mwc-cmm.org\/fr\/stories\/vivre-inefficacement\/"},"author":{"name":"Stephanie Setiawan","@id":"https:\/\/mwc-cmm.org\/en\/#\/schema\/person\/00b62ed8ea1527254a44f3ace3aee79d"},"headline":"Vivre \u00ab\u202finefficacement\u202f\u00bb, en tant qu\u2019enfants du\u202fSeigneur","datePublished":"2025-07-24T09:13:06+00:00","dateModified":"2025-07-24T09:15:34+00:00","mainEntityOfPage":{"@id":"https:\/\/mwc-cmm.org\/fr\/stories\/vivre-inefficacement\/"},"wordCount":517,"publisher":{"@id":"https:\/\/mwc-cmm.org\/en\/#organization"},"image":{"@id":"https:\/\/mwc-cmm.org\/fr\/stories\/vivre-inefficacement\/#primaryimage"},"thumbnailUrl":"https:\/\/mwc-cmm.org\/wp-content\/uploads\/2025\/07\/20250531MaHaiYanggys_2025_final_77-scaled.jpg","keywords":["anabaptiste","jeunes","YABs"],"articleSection":["De Nos Responsables","Uncategorized"],"inLanguage":"fr-FR"},{"@type":"WebPage","@id":"https:\/\/mwc-cmm.org\/fr\/stories\/vivre-inefficacement\/","url":"https:\/\/mwc-cmm.org\/fr\/stories\/vivre-inefficacement\/","name":"Vivre \u00ab\u202finefficacement\u202f\u00bb, en tant qu\u2019enfants du\u202fSeigneur - Mennonite World Conference","isPartOf":{"@id":"https:\/\/mwc-cmm.org\/en\/#website"},"primaryImageOfPage":{"@id":"https:\/\/mwc-cmm.org\/fr\/stories\/vivre-inefficacement\/#primaryimage"},"image":{"@id":"https:\/\/mwc-cmm.org\/fr\/stories\/vivre-inefficacement\/#primaryimage"},"thumbnailUrl":"https:\/\/mwc-cmm.org\/wp-content\/uploads\/2025\/07\/20250531MaHaiYanggys_2025_final_77-scaled.jpg","datePublished":"2025-07-24T09:13:06+00:00","dateModified":"2025-07-24T09:15:34+00:00","description":"Les jeunes g\u00e9n\u00e9rations vivent en \u00e9tant submerg\u00e9es par un sentiment d\u2019anxi\u00e9t\u00e9 \u00e9crasant \u2013 la peur de prendre du retard, la peur de ne pas survivre. Ils classent tout dans les cat\u00e9gories d\u2019efficacit\u00e9 ou d\u2019inefficacit\u00e9.\u00a0","breadcrumb":{"@id":"https:\/\/mwc-cmm.org\/fr\/stories\/vivre-inefficacement\/#breadcrumb"},"inLanguage":"fr-FR","potentialAction":[{"@type":"ReadAction","target":["https:\/\/mwc-cmm.org\/fr\/stories\/vivre-inefficacement\/"]}]},{"@type":"ImageObject","inLanguage":"fr-FR","@id":"https:\/\/mwc-cmm.org\/fr\/stories\/vivre-inefficacement\/#primaryimage","url":"https:\/\/mwc-cmm.org\/wp-content\/uploads\/2025\/07\/20250531MaHaiYanggys_2025_final_77-scaled.jpg","contentUrl":"https:\/\/mwc-cmm.org\/wp-content\/uploads\/2025\/07\/20250531MaHaiYanggys_2025_final_77-scaled.jpg","width":2560,"height":1710,"caption":"GYS 2025 worship"},{"@type":"BreadcrumbList","@id":"https:\/\/mwc-cmm.org\/fr\/stories\/vivre-inefficacement\/#breadcrumb","itemListElement":[{"@type":"ListItem","position":1,"name":"Home","item":"https:\/\/mwc-cmm.org\/fr\/"},{"@type":"ListItem","position":2,"name":"Vivre \u00ab\u202finefficacement\u202f\u00bb, en tant qu\u2019enfants du\u202fSeigneur"}]},{"@type":"WebSite","@id":"https:\/\/mwc-cmm.org\/en\/#website","url":"https:\/\/mwc-cmm.org\/en\/","name":"Mennonite World Conference","description":"A communion of Anabaptist-related churches","publisher":{"@id":"https:\/\/mwc-cmm.org\/en\/#organization"},"alternateName":"MWC","potentialAction":[{"@type":"SearchAction","target":{"@type":"EntryPoint","urlTemplate":"https:\/\/mwc-cmm.org\/en\/?s={search_term_string}"},"query-input":{"@type":"PropertyValueSpecification","valueRequired":true,"valueName":"search_term_string"}}],"inLanguage":"fr-FR"},{"@type":"Organization","@id":"https:\/\/mwc-cmm.org\/en\/#organization","name":"Mennonite World Conference","alternateName":"MWC","url":"https:\/\/mwc-cmm.org\/en\/","logo":{"@type":"ImageObject","inLanguage":"fr-FR","@id":"https:\/\/mwc-cmm.org\/en\/#\/schema\/logo\/image\/","url":"https:\/\/mwc-cmm.org\/wp-content\/uploads\/2026\/01\/MWC_Sig_Blue_Horiz_webheader1-logo.svg","contentUrl":"https:\/\/mwc-cmm.org\/wp-content\/uploads\/2026\/01\/MWC_Sig_Blue_Horiz_webheader1-logo.svg","width":786,"height":82,"caption":"Mennonite World Conference"},"image":{"@id":"https:\/\/mwc-cmm.org\/en\/#\/schema\/logo\/image\/"},"sameAs":["https:\/\/www.facebook.com\/MennoniteWorldConference","https:\/\/www.linkedin.com\/company\/mennonite-world-conference-mwc\/","https:\/\/www.instagram.com\/mwcmm\/","https:\/\/www.youtube.com\/user\/mwccmm","https:\/\/bsky.app\/profile\/mwcmm.bsky.social"]},{"@type":"Person","@id":"https:\/\/mwc-cmm.org\/en\/#\/schema\/person\/00b62ed8ea1527254a44f3ace3aee79d","name":"Stephanie Setiawan","image":{"@type":"ImageObject","inLanguage":"fr-FR","@id":"https:\/\/secure.gravatar.com\/avatar\/71b4b62cf3d0cfb4c8a367a101127ba8adfa1c22417900980ea24f5f4457a76d?s=96&d=mm&r=g","url":"https:\/\/secure.gravatar.com\/avatar\/71b4b62cf3d0cfb4c8a367a101127ba8adfa1c22417900980ea24f5f4457a76d?s=96&d=mm&r=g","contentUrl":"https:\/\/secure.gravatar.com\/avatar\/71b4b62cf3d0cfb4c8a367a101127ba8adfa1c22417900980ea24f5f4457a76d?s=96&d=mm&r=g","caption":"Stephanie Setiawan"},"url":"https:\/\/mwc-cmm.org\/fr\/stories\/author\/stephanie\/"}]}},"_links":{"self":[{"href":"https:\/\/mwc-cmm.org\/fr\/wp-json\/wp\/v2\/posts\/116786","targetHints":{"allow":["GET"]}}],"collection":[{"href":"https:\/\/mwc-cmm.org\/fr\/wp-json\/wp\/v2\/posts"}],"about":[{"href":"https:\/\/mwc-cmm.org\/fr\/wp-json\/wp\/v2\/types\/post"}],"author":[{"embeddable":true,"href":"https:\/\/mwc-cmm.org\/fr\/wp-json\/wp\/v2\/users\/8"}],"replies":[{"embeddable":true,"href":"https:\/\/mwc-cmm.org\/fr\/wp-json\/wp\/v2\/comments?post=116786"}],"version-history":[{"count":0,"href":"https:\/\/mwc-cmm.org\/fr\/wp-json\/wp\/v2\/posts\/116786\/revisions"}],"wp:featuredmedia":[{"embeddable":true,"href":"https:\/\/mwc-cmm.org\/fr\/wp-json\/wp\/v2\/media\/116773"}],"wp:attachment":[{"href":"https:\/\/mwc-cmm.org\/fr\/wp-json\/wp\/v2\/media?parent=116786"}],"wp:term":[{"taxonomy":"category","embeddable":true,"href":"https:\/\/mwc-cmm.org\/fr\/wp-json\/wp\/v2\/categories?post=116786"},{"taxonomy":"post_tag","embeddable":true,"href":"https:\/\/mwc-cmm.org\/fr\/wp-json\/wp\/v2\/tags?post=116786"},{"taxonomy":"network","embeddable":true,"href":"https:\/\/mwc-cmm.org\/fr\/wp-json\/wp\/v2\/network?post=116786"},{"taxonomy":"eventcategory","embeddable":true,"href":"https:\/\/mwc-cmm.org\/fr\/wp-json\/wp\/v2\/eventcategory?post=116786"}],"curies":[{"name":"wp","href":"https:\/\/api.w.org\/{rel}","templated":true}]}}