{"id":114208,"date":"2025-06-23T14:19:07","date_gmt":"2025-06-23T14:19:07","guid":{"rendered":"https:\/\/mwc-cmm.org\/?p=114208"},"modified":"2025-06-23T15:10:44","modified_gmt":"2025-06-23T15:10:44","slug":"de-la-celebration-a-la-commemoration","status":"publish","type":"post","link":"https:\/\/mwc-cmm.org\/fr\/stories\/de-la-celebration-a-la-commemoration\/","title":{"rendered":"De la c\u00e9l\u00e9bration \u00e0 la comm\u00e9moration"},"content":{"rendered":"\n<h2 class=\"wp-block-heading\">Le Conseil G\u00e9n\u00e9ral de la CMM envisage l\u2019avenir&nbsp;<\/h2>\n\n\n\n<p>La Conf\u00e9rence Mennonite Mondiale (CMM) a conclu son <a href=\"https:\/\/mwc-cmm.org\/fr\/conseil-general\/\">Conseil G\u00e9n\u00e9ral (CG) <\/a>triennal, qui s\u2019est tenu du 26 au 28\u202fmai 2025 \u00e0 Schw\u00e4bisch-Gm\u00fcnd, en Allemagne, avec des perspectives claires pour l\u2019avenir. Les r\u00e9unions ont \u00e9t\u00e9 entour\u00e9es d\u2019une c\u00e9l\u00e9bration et d\u2019une comm\u00e9moration.&nbsp;&nbsp;<\/p>\n\n\n\n<p>Un programme sp\u00e9cial, le 25\u202fmai 2025, a c\u00e9l\u00e9br\u00e9 la mani\u00e8re dont la premi\u00e8re Conf\u00e9rence Mennonite Mondiale, il y a 100\u202fans, est devenue une communion mondiale d\u2019anabaptistes. Les responsables, enracin\u00e9s dans la R\u00e9forme radicale du XVIe\u202fsi\u00e8cle, continuent de vivre la vision audacieuse qui consiste \u00e0 rechercher l\u2019unit\u00e9 dans la diversit\u00e9.&nbsp;&nbsp;<\/p>\n\n\n\n<p>Les membres du Conseil G\u00e9n\u00e9ral, venus de 52\u202fpays du monde entier, ont repr\u00e9sent\u00e9 l\u2019\u00c9glise d\u2019aujourd\u2019hui et de demain lors de la comm\u00e9moration du 500e\u202fanniversaire \u00e0 Zurich, en Suisse, le jour de l\u2019Ascension, le 29\u202fmai 2025. Le Comit\u00e9 Ex\u00e9cutif (CE)* s\u2019est r\u00e9uni les 23 et 24\u202fmai 2025 pour approuver le plan op\u00e9rationnel de la CMM pour 2025-2028, qui est bas\u00e9 sur la strat\u00e9gie\u202f2025-2031 discut\u00e9e lors du Conseil G\u00e9n\u00e9ral. Le Conseil G\u00e9n\u00e9ral de la CMM est compos\u00e9 de d\u00e9l\u00e9gu\u00e9s issus de toutes les \u00e9glises membres. Ce groupe de responsables d\u2019\u00e9glises se r\u00e9unit tous les trois ans pour donner forme \u00e0 la mission de la CMM, \u00e9changer des pr\u00e9occupations et des id\u00e9es, et prier ensemble.&nbsp;&nbsp;<\/p>\n\n\n\n<p>De plus, les R\u00e9seaux Anabaptistes Mondiaux pour <a href=\"https:\/\/mwc-cmm.org\/fr\/reseaux-cmm\/gaen-le-reseau-anabaptiste-mondial-pour-leducation\/\">l\u2019\u00e9ducation (GAEN)<\/a>, <a href=\"https:\/\/mwc-cmm.org\/fr\/reseaux-cmm\/fraternite-missionnaire-mondiale-gmf\/\">la mission (GMF)<\/a>, <a href=\"https:\/\/mwc-cmm.org\/fr\/reseaux-cmm\/reseau-anabaptiste-mondial-pour-la-paix-gapn\/\">la paix (GAPN)<\/a> et <a href=\"https:\/\/mwc-cmm.org\/fr\/reseaux-cmm\/rencontrez-votre-reseau-anabaptiste-mondial-dentraide\/\">l\u2019entraide (GASN) <\/a>ont tenu des sessions de planification et de ressourcement en m\u00eame temps que le Conseil G\u00e9n\u00e9ral, tout en participant aux moments de culte. Des repr\u00e9sentants de communions chr\u00e9tiennes mondiales et d\u2019organismes \u0153cum\u00e9niques multilat\u00e9raux ont assist\u00e9 aux r\u00e9unions du Conseil G\u00e9n\u00e9ral en tant qu\u2019observateurs (Communion anglicane, Alliance Baptiste Mondiale, Disciples du Christ, Comit\u00e9 Mondial des Amis [Quakers], F\u00e9d\u00e9ration Luth\u00e9rienne Mondiale, Communion Mondiale des \u00c9glises R\u00e9form\u00e9es, Forum Chr\u00e9tien Mondial, Organisation des \u00c9glises d\u2019Afrique, Forum Chr\u00e9tien Mondial et Alliance \u00c9vangelique Mondiale). Chacun a transmis les salutations de son \u00c9glise ou de son organisation au d\u00e9but de chaque session. Le troisi\u00e8me jour, ils ont pr\u00e9sent\u00e9 leurs perspectives sur l\u2019identit\u00e9 anabaptiste et les relations \u0153cum\u00e9niques lors d\u2019une table ronde anim\u00e9e par C\u00e9sar Garc\u00eda, Secr\u00e9taire General de la CMM. Des repr\u00e9sentants du Dicast\u00e8re pour la promotion de l\u2019unit\u00e9 des chr\u00e9tiens (\u00c9glise catholique romaine), de la Conf\u00e9rence des \u00e9v\u00eaques vieux-catholiques\/Union d\u2019Utrecht, du Conseil mondial de l\u2019unit\u00e9 de l\u2019\u00c9glise morave, de la Fraternit\u00e9 pentec\u00f4tiste mondiale, de l\u2019Arm\u00e9e du Salut, du Conseil m\u00e9thodiste mondial et du Conseil \u0153cum\u00e9nique des \u00c9glises se sont joints \u00e0 la d\u00e9l\u00e9gation \u0153cum\u00e9nique pour le culte \u00e0 Zurich.&nbsp;<\/p>\n\n\n\n<div class=\"wp-block-buttons is-content-justification-left is-layout-flex wp-container-core-buttons-is-layout-fc4fd283 wp-block-buttons-is-layout-flex\">\n<div class=\"wp-block-button\"><a class=\"wp-block-button__link has-text-align-left wp-element-button\">Vous trouverez plus d\u2019informations sur la participation \u0153cum\u00e9nique aux manifestations organis\u00e9es par la CMM le mois prochain<\/a><\/div>\n<\/div>\n\n\n\n<h3 class=\"wp-block-heading\">Une voie plus claire pour avancer&nbsp;<\/h3>\n\n\n\n<p>\u00ab\u2009Nos rencontres triennales avec les responsables d\u2019\u00c9glises sont des moments d\u2019apprentissage mutuel et de construction d\u2019une vision commune pour \u00eatre ensemble \u00c9glise dans le monde\u2009\u00bb, a d\u00e9clar\u00e9 C\u00e9sar Garc\u00eda, secr\u00e9taire g\u00e9n\u00e9ral de la CMM.&nbsp;<\/p>\n\n\n\n<p>Le Conseil G\u00e9n\u00e9ral est parvenu \u00e0 un consensus sur la nouvelle orientation de la CMM, qui consiste \u00e0 forger des liens solides entre les \u00c9glises, \u00e0 s\u2019engager pour la sauvegarde de la cr\u00e9ation et \u00e0 renforcer les r\u00e9seaux de la CMM et les jeunes.&nbsp;<\/p>\n\n\n\n<p>Deux documents p\u00e9dagogiques, \u00ab\u2009Dieu a tant aim\u00e9 le cosmos\u2009\u00bb (sur la protection de la cr\u00e9ation dans le contexte de la crise climatique) et \u00ab\u2009Restaurer l\u2019int\u00e9grit\u00e9 de notre famille\u202f: la recherche d\u2019un t\u00e9moignage commun. D\u00e9claration commune de confession, de gratitude et d\u2019engagement\u2009\u00bb (issu des dialogues avec la Communion mondiale d\u2019\u00c9glises r\u00e9form\u00e9es) ont \u00e9t\u00e9 approuv\u00e9s.&nbsp;<\/p>\n\n\n\n<p><a href=\"https:\/\/mwc-cmm.org\/fr\/resources\/la-strategie-2025-2031-de-la-cmm\/\">La strat\u00e9gie\u202f2025-2031 de la CMM<\/a> a \u00e9t\u00e9 approuv\u00e9e avec un carton jaune.&nbsp;<\/p>\n\n\n\n<p>\u00ab\u2009Gr\u00e2ce \u00e0 cette strat\u00e9gie, le personnel de la CMM sera en mesure de formuler des objectifs et des plans op\u00e9rationnels\u2009\u00bb, a d\u00e9clar\u00e9 C\u00e9sar Garc\u00eda.&nbsp;<\/p>\n\n\n\n<div class=\"wp-block-buttons is-layout-flex wp-block-buttons-is-layout-flex\">\n<div class=\"wp-block-button\"><a class=\"wp-block-button__link wp-element-button\" href=\"https:\/\/www.youtube.com\/playlist?list=PLrO98PUzjOB2SXCreG_YhqTGYoZzsDaLJ\">En savoir plus sur le processus de vote par consensus&nbsp;<\/a><\/div>\n<\/div>\n\n\n\n<figure class=\"wp-block-image size-large\"><img decoding=\"async\" width=\"1024\" height=\"768\" data-src=\"https:\/\/mwc-cmm.org\/wp-content\/uploads\/2025\/06\/Elina_Ciptadi_IMG_6689-1024x768.jpeg\" alt=\"consensus\" class=\"wp-image-114209 lazyload\" data-srcset=\"https:\/\/mwc-cmm.org\/wp-content\/uploads\/2025\/06\/Elina_Ciptadi_IMG_6689-1024x768.jpeg 1024w, https:\/\/mwc-cmm.org\/wp-content\/uploads\/2025\/06\/Elina_Ciptadi_IMG_6689-300x225.jpeg 300w, https:\/\/mwc-cmm.org\/wp-content\/uploads\/2025\/06\/Elina_Ciptadi_IMG_6689-768x576.jpeg 768w, https:\/\/mwc-cmm.org\/wp-content\/uploads\/2025\/06\/Elina_Ciptadi_IMG_6689-1536x1152.jpeg 1536w, https:\/\/mwc-cmm.org\/wp-content\/uploads\/2025\/06\/Elina_Ciptadi_IMG_6689-2048x1536.jpeg 2048w\" data-sizes=\"(max-width: 1024px) 100vw, 1024px\" src=\"data:image\/svg+xml;base64,PHN2ZyB3aWR0aD0iMSIgaGVpZ2h0PSIxIiB4bWxucz0iaHR0cDovL3d3dy53My5vcmcvMjAwMC9zdmciPjwvc3ZnPg==\" style=\"--smush-placeholder-width: 1024px; --smush-placeholder-aspect-ratio: 1024\/768;\" \/><\/figure>\n\n\n\n<p>Le Conseil G\u00e9n\u00e9ral a approuv\u00e9 les cahiers des charges (Terms of Reference, TOR) <a href=\"https:\/\/mwc-cmm.org\/fr\/reseaux-cmm\/\">des r\u00e9seaux.<\/a> Propos\u00e9s pour la premi\u00e8re fois en 2012, les cahiers r\u00e9vis\u00e9s fournissent un objectif plus clair et une structure coh\u00e9rente pour les r\u00e9seaux de la CMM en 2025.&nbsp;<\/p>\n\n\n\n<p>\u00ab\u2009Cela permettra aux organisations membres de se concentrer plus facilement sur leur objectif\u202f: une collaboration plus forte, le partage des meilleures pratiques, la mise en commun des possibilit\u00e9s de formation et la r\u00e9alisation ensemble de choses que chacune ne peut tenter individuellement\u2009\u00bb, a d\u00e9clar\u00e9 J.\u202fRon Byler, coordinateur des secr\u00e9taires de Commission de la CMM.&nbsp;<\/p>\n\n\n\n<p>(Lors de ses pr\u00e9c\u00e9dentes r\u00e9unions, le CE avait d\u00e9cid\u00e9 de dissoudre le R\u00e9seau mondial anabaptiste pour la sant\u00e9 en raison de son incapacit\u00e9 \u00e0 prendre forme.)&nbsp;<\/p>\n\n\n\n<p>Le plan \u00ab\u2009Part \u00e9quitable\u2009\u00bb 2025-2028 et les projections financi\u00e8res ont \u00e9galement \u00e9t\u00e9 approuv\u00e9s. Au cours de la discussion, il a \u00e9t\u00e9 rappel\u00e9 aux d\u00e9l\u00e9gu\u00e9s que la \u00ab\u2009part \u00e9quitable\u2009\u00bb pouvait \u00eatre n\u00e9goci\u00e9e.&nbsp;<\/p>\n\n\n\n<p>\u00ab\u2009La n\u00e9gociation est particuli\u00e8rement pertinente pour les \u00e9glises membres qui sont en guerre ou victimes de catastrophes naturelles, ou celles dont les moyens financiers sont inf\u00e9rieurs aux indicateurs \u00e9conomiques de leur pays. Dans le m\u00eame temps, dans l\u2019esprit de 2\u202fCorinthiens\u202f8. 13-15, nous encourageons les \u00e9glises qui ont plus de moyens financiers \u00e0 donner plus que leur part \u00e9quitable\u2009\u00bb, a d\u00e9clar\u00e9 Bruce Campbell-Janz, responsable du d\u00e9veloppement de la CMM.\u202f&nbsp;<\/p>\n\n\n\n<details class=\"wp-block-details is-layout-flow wp-block-details-is-layout-flow\"><summary>En savoir plus sur Part \u00e9quitable <\/summary>\n<figure class=\"wp-block-embed is-type-wp-embed is-provider-mennonite-world-conference wp-block-embed-mennonite-world-conference\"><div class=\"wp-block-embed__wrapper\">\n<blockquote class=\"wp-embedded-content\" data-secret=\"Qs7M8hnHU0\"><a href=\"https:\/\/mwc-cmm.org\/fr\/stories\/un-acte-pour-la-justice-un-geste-pour-lamour\/\">Un acte pour la justice, un geste pour l&#8217;amour<\/a><\/blockquote><iframe class=\"wp-embedded-content lazyload\" sandbox=\"allow-scripts\" security=\"restricted\" style=\"position: absolute; visibility: hidden;\" title=\"\u00ab\u00a0Un acte pour la justice, un geste pour l&#8217;amour\u00a0\u00bb &#8212; Mennonite World Conference\" data-src=\"https:\/\/mwc-cmm.org\/fr\/stories\/un-acte-pour-la-justice-un-geste-pour-lamour\/embed\/#?secret=o5wpN2ybJN#?secret=Qs7M8hnHU0\" data-secret=\"Qs7M8hnHU0\" width=\"500\" height=\"282\" frameborder=\"0\" marginwidth=\"0\" marginheight=\"0\" scrolling=\"no\" src=\"data:image\/svg+xml;base64,PHN2ZyB3aWR0aD0iMSIgaGVpZ2h0PSIxIiB4bWxucz0iaHR0cDovL3d3dy53My5vcmcvMjAwMC9zdmciPjwvc3ZnPg==\" data-load-mode=\"1\"><\/iframe>\n<\/div><\/figure>\n\n\n\n<figure class=\"wp-block-embed is-type-wp-embed is-provider-mennonite-world-conference wp-block-embed-mennonite-world-conference\"><div class=\"wp-block-embed__wrapper\">\n<blockquote class=\"wp-embedded-content\" data-secret=\"wN7hkfvrZj\"><a href=\"https:\/\/mwc-cmm.org\/fr\/stories\/commence-avec-ce-quon\/\">\u00ab\u202fOn commence avec ce qu\u2019on a\u202f\u00bb<\/a><\/blockquote><iframe class=\"wp-embedded-content lazyload\" sandbox=\"allow-scripts\" security=\"restricted\" style=\"position: absolute; visibility: hidden;\" title=\"\u00ab\u00a0\u00ab\u202fOn commence avec ce qu\u2019on a\u202f\u00bb\u00a0\u00bb &#8212; Mennonite World Conference\" data-src=\"https:\/\/mwc-cmm.org\/fr\/stories\/commence-avec-ce-quon\/embed\/#?secret=dMNEAU5v6G#?secret=wN7hkfvrZj\" data-secret=\"wN7hkfvrZj\" width=\"500\" height=\"282\" frameborder=\"0\" marginwidth=\"0\" marginheight=\"0\" scrolling=\"no\" src=\"data:image\/svg+xml;base64,PHN2ZyB3aWR0aD0iMSIgaGVpZ2h0PSIxIiB4bWxucz0iaHR0cDovL3d3dy53My5vcmcvMjAwMC9zdmciPjwvc3ZnPg==\" data-load-mode=\"1\"><\/iframe>\n<\/div><\/figure>\n<\/details>\n\n\n\n<p>\u00ab\u2009La CMM entamera les trois prochaines ann\u00e9es sur une base financi\u00e8re solide gr\u00e2ce \u00e0 l\u2019augmentation des dons de la part des fondations et des particuliers, et nous remercions nos donateurs et nos sympathisants pour leur soutien au travail de la CMM\u2009\u00bb, a d\u00e9clar\u00e9 Jeanette Bissoon, directrice financi\u00e8re de la CMM.\u00a0<\/p>\n\n\n\n<div class=\"wp-block-buttons is-layout-flex wp-block-buttons-is-layout-flex\">\n<div class=\"wp-block-button\"><a class=\"wp-block-button__link has-text-align-left wp-element-button\" href=\"https:\/\/mwc-cmm.org\/fr\/resources\/cmm-rapport-annuel-2024\/\">Cliquez ici pour consulter notre rapport annuel<\/a><\/div>\n<\/div>\n\n\n\n<h3 class=\"wp-block-heading\">Engagement des jeunes adultes\u00a0<\/h3>\n\n\n\n<p>Plusieurs propositions concernant l\u2019engagement des jeunes \u00e9taient \u00e0 l\u2019ordre du jour. Depuis la mise en place du Comit\u00e9 YABs en 2011, son r\u00f4le n\u2019a cess\u00e9 d\u2019\u00eatre affin\u00e9.&nbsp;<\/p>\n\n\n\n<p>Le Conseil G\u00e9n\u00e9ral a approuv\u00e9 la reconduction des membres du <a href=\"https:\/\/mwc-cmm.org\/fr\/jeunes-anabaptistes-yabs\/\">Comit\u00e9 YABs (Jeunes anabaptistes)<\/a> pour un cycle de trois ans (au lieu de six). Deux membres actuels du Comit\u00e9 YABs resteront en fonction pour un second mandat de trois ans afin d\u2019assurer la continuit\u00e9.\u202f\u00a0<\/p>\n\n\n\n<p>Ce changement fait suite \u00e0 la d\u00e9cision de faire du <a href=\"https:\/\/mwc-cmm.org\/fr\/jeunes-anabaptistes-yabs\/gys-sommet-mondial-de-la-jeunesse\/\">Sommet Mondial de la Jeunesse (GYS)<\/a> une rencontre triennale (au lieu de tous les six ans) qui se tiendra en m\u00eame temps que le Conseil\u202fG\u00e9n\u00e9ral.\u00a0<\/p>\n\n\n\n<p>\u00ab\u2009Pour les jeunes adultes d\u2019aujourd\u2019hui, la probabilit\u00e9 que des changements importants surviennent dans leur vie au cours d\u2019un mandat de six ans est \u00e9lev\u00e9e\u202f: \u00e9tudes, travail, passage du c\u00e9libat \u00e0 la vie de famille, d\u00e9m\u00e9nagement dans une autre ville ou m\u00eame dans un autre pays. Trois ans est une dur\u00e9e d\u2019engagement plus r\u00e9aliste\u2009\u00bb, a d\u00e9clar\u00e9 Ebenezer Mondez, mentor des YABs.&nbsp;<\/p>\n\n\n\n<p>La proposition de modifier la Constitution de la CMM pour inclure des d\u00e9l\u00e9gu\u00e9s YABs au sein du Conseil G\u00e9n\u00e9ral n\u2019a pas fait l\u2019objet d\u2019un consensus. Au cours de la discussion qui a suivi, les membres du Conseil G\u00e9n\u00e9ral ont affirm\u00e9 le travail des YABs et l\u2019importance de former les jeunes adultes aux postes de responsables.&nbsp;<\/p>\n\n\n\n<p>Cependant, il y avait une r\u00e9ticence \u00e0 accueillir un jeune adulte comme d\u00e9l\u00e9gu\u00e9 suppl\u00e9mentaire avec droit de vote au Conseil G\u00e9n\u00e9ral pour chaque \u00e9glise membre \u00e0 part enti\u00e8re.&nbsp;<\/p>\n\n\n\n<p>La d\u00e9cision a \u00e9t\u00e9 report\u00e9e pour davantage de discernement.&nbsp;<\/p>\n\n\n\n<p>\u00ab\u2009Si cela \u00e9tait accept\u00e9, ce serait formidable\u2009\u00bb, a d\u00e9clar\u00e9 Tusia Andina, d\u00e9l\u00e9gu\u00e9e des YAB de la JKI, en Indon\u00e9sie. (Les YAB ont tenu des r\u00e9unions parall\u00e8les au Conseil G\u00e9n\u00e9ral.) \u00ab\u2009Nous aurions la \u201cpens\u00e9e des jeunes\u201d dans les discussions\u2009; des questions critiques sur les d\u00e9cisions, une vision plus large sur tout.\u2009\u00bb&nbsp;<\/p>\n\n\n\n<p>\u00ab\u2009Lorsque nous fonctionnons par consensus, nous devons croire que le Saint-Esprit agit, m\u00eame lorsqu\u2019une proposition est rejet\u00e9e ou report\u00e9e\u2009\u00bb, a d\u00e9clar\u00e9 Erik Loewen, d\u00e9l\u00e9gu\u00e9 des YAB de l\u2019Asociaci\u00f3n Hermandad Evang\u00e9lica Menonita \u2014 Filadelfia, du Paraguay.&nbsp;<\/p>\n\n\n\n<details class=\"wp-block-details is-layout-flow wp-block-details-is-layout-flow\"><summary>En savoir plus sur YABs<\/summary>\n<figure class=\"wp-block-embed is-type-wp-embed is-provider-mennonite-world-conference wp-block-embed-mennonite-world-conference\"><div class=\"wp-block-embed__wrapper\">\n<blockquote class=\"wp-embedded-content\" data-secret=\"3EiVBIVmqG\"><a href=\"https:\/\/mwc-cmm.org\/fr\/stories\/de-plus-grandes-responsabilites-dans-leglise-mondiale\/\">De plus grandes responsabilit\u00e9s dans l\u2019Eglise mondiale<\/a><\/blockquote><iframe class=\"wp-embedded-content lazyload\" sandbox=\"allow-scripts\" security=\"restricted\" style=\"position: absolute; visibility: hidden;\" title=\"\u00ab\u00a0De plus grandes responsabilit\u00e9s dans l\u2019Eglise mondiale\u00a0\u00bb &#8212; Mennonite World Conference\" data-src=\"https:\/\/mwc-cmm.org\/fr\/stories\/de-plus-grandes-responsabilites-dans-leglise-mondiale\/embed\/#?secret=jfv0YZyqJ2#?secret=3EiVBIVmqG\" data-secret=\"3EiVBIVmqG\" width=\"500\" height=\"282\" frameborder=\"0\" marginwidth=\"0\" marginheight=\"0\" scrolling=\"no\" src=\"data:image\/svg+xml;base64,PHN2ZyB3aWR0aD0iMSIgaGVpZ2h0PSIxIiB4bWxucz0iaHR0cDovL3d3dy53My5vcmcvMjAwMC9zdmciPjwvc3ZnPg==\" data-load-mode=\"1\"><\/iframe>\n<\/div><\/figure>\n\n\n\n<figure class=\"wp-block-embed is-type-wp-embed is-provider-mennonite-world-conference wp-block-embed-mennonite-world-conference\"><div class=\"wp-block-embed__wrapper\">\n<blockquote class=\"wp-embedded-content\" data-secret=\"HULnJWSoq3\"><a href=\"https:\/\/mwc-cmm.org\/fr\/stories\/un-lieu-de-formation-pour-les-responsables\/\">Un lieu de formation pour les responsables\u202f<\/a><\/blockquote><iframe class=\"wp-embedded-content lazyload\" sandbox=\"allow-scripts\" security=\"restricted\" style=\"position: absolute; visibility: hidden;\" title=\"\u00ab\u00a0Un lieu de formation pour les responsables\u202f\u00a0\u00bb &#8212; Mennonite World Conference\" data-src=\"https:\/\/mwc-cmm.org\/fr\/stories\/un-lieu-de-formation-pour-les-responsables\/embed\/#?secret=Ugy3uwVwc7#?secret=HULnJWSoq3\" data-secret=\"HULnJWSoq3\" width=\"500\" height=\"282\" frameborder=\"0\" marginwidth=\"0\" marginheight=\"0\" scrolling=\"no\" src=\"data:image\/svg+xml;base64,PHN2ZyB3aWR0aD0iMSIgaGVpZ2h0PSIxIiB4bWxucz0iaHR0cDovL3d3dy53My5vcmcvMjAwMC9zdmciPjwvc3ZnPg==\" data-load-mode=\"1\"><\/iframe>\n<\/div><\/figure>\n<\/details>\n\n\n\n<figure class=\"wp-block-image size-large\"><img decoding=\"async\" width=\"1024\" height=\"683\" data-src=\"https:\/\/mwc-cmm.org\/wp-content\/uploads\/2025\/06\/DSC05653-1024x683.jpg\" alt=\"diversity YABs delegates photo\" class=\"wp-image-114223 lazyload\" data-srcset=\"https:\/\/mwc-cmm.org\/wp-content\/uploads\/2025\/06\/DSC05653-1024x683.jpg 1024w, https:\/\/mwc-cmm.org\/wp-content\/uploads\/2025\/06\/DSC05653-300x200.jpg 300w, https:\/\/mwc-cmm.org\/wp-content\/uploads\/2025\/06\/DSC05653-768x512.jpg 768w, https:\/\/mwc-cmm.org\/wp-content\/uploads\/2025\/06\/DSC05653-1536x1024.jpg 1536w, https:\/\/mwc-cmm.org\/wp-content\/uploads\/2025\/06\/DSC05653-2048x1365.jpg 2048w\" data-sizes=\"(max-width: 1024px) 100vw, 1024px\" src=\"data:image\/svg+xml;base64,PHN2ZyB3aWR0aD0iMSIgaGVpZ2h0PSIxIiB4bWxucz0iaHR0cDovL3d3dy53My5vcmcvMjAwMC9zdmciPjwvc3ZnPg==\" style=\"--smush-placeholder-width: 1024px; --smush-placeholder-aspect-ratio: 1024\/683;\" \/><\/figure>\n\n\n\n<h3 class=\"wp-block-heading\">Nouvelles \u00e9glises members\u00a0<\/h3>\n\n\n\n<p>Depuis 2022, plusieurs \u00e9glises ont entam\u00e9 le processus d\u2019adh\u00e9sion \u00e0 la CMM et ont \u00e9t\u00e9 approuv\u00e9es par le Comit\u00e9 Ex\u00e9cutif. Le Conseil G\u00e9n\u00e9ral a accueilli de nouveaux membres de la CMM\u202f:\u00a0<\/p>\n\n\n\n<ul class=\"wp-block-list\">\n<li>Mennonite Church Burundi \u2014 membre \u00e0 part enti\u00e8re (approuv\u00e9 par le Comit\u00e9 Ex\u00e9cutif en 2024)\u00a0<\/li>\n\n\n\n<li>Kanisa La Mennonite La Kiinjili Tanzania \u2014 membre \u00e0 part enti\u00e8re (approuv\u00e9 par le Comit\u00e9 Ex\u00e9cutif en 2023)\u00a0<\/li>\n\n\n\n<li>\u00c9glise Fr\u00e8res mennonites d\u2019Ukraine \u2014 membre associ\u00e9 (approuv\u00e9 par le Comit\u00e9 Ex\u00e9cutif en 2023)\u00a0<\/li>\n<\/ul>\n\n\n\n<p>La r\u00e9union du Comit\u00e9 Ex\u00e9cutif a \u00e9galement approuv\u00e9 l\u2019\u00e9glise membre associ\u00e9e Iglesia Cristiana Menonita del\u202fPer\u00fa, portant le total \u00e0 111. Cependant, l\u2019\u00e9glise p\u00e9ruvienne implant\u00e9e par des ouvriers colombiens dans le minist\u00e8re des enfants sera pr\u00e9sent\u00e9e au Conseil G\u00e9n\u00e9ral en 2028.\u202f&nbsp;<\/p>\n\n\n\n<p>\u00ab\u2009M\u00eame si les sessions d\u2019information ont demand\u00e9 beaucoup de travail, elles ont refl\u00e9t\u00e9 le souci et l\u2019engagement sinc\u00e8res pour l\u2019\u00e9glise mondiale\u2009\u00bb, a d\u00e9clar\u00e9 Tigist Tesfaye, pr\u00e9sidente de la Commission Diacres et membre du comit\u00e9 d\u2019\u00e9coute.&nbsp;<\/p>\n\n\n\n<p>Thomas R. Yoder Neufeld, pr\u00e9sident sortant de la Commission Foi &amp; Vie, a anim\u00e9 une session de ressourcement sur la mani\u00e8re dont les \u00c9vangiles et les lettres de Paul parlent de la nature du bapt\u00eame et de la vie \u00e0 la suite de J\u00e9sus.&nbsp;<\/p>\n\n\n\n<p>\u00ab\u2009Le bapt\u00eame est indivisiblement li\u00e9 \u00e0 l\u2019unit\u00e9 et \u00e0 la diversit\u00e9 au sein du corps du Christ\u2009\u00bb, a-t-il d\u00e9clar\u00e9. \u00ab\u2009Notre d\u00e9fi est de rendre le bapt\u00eame op\u00e9rationnel dans nos \u00e9glises et au sein m\u00eame de la CMM. Nous sommes les mains et les pieds de Dieu dans notre monde.\u2009\u00bb&nbsp;<\/p>\n\n\n\n<p>Les commissions ont anim\u00e9 un temps de louange pour ouvrir chaque journ\u00e9e et la \u00ab\u2009vie dans l\u2019\u00c9glise\u2009\u00bb a cl\u00f4tur\u00e9 la journ\u00e9e avec des t\u00e9moignages du monde entier.&nbsp;<\/p>\n\n\n\n<p>Entre autres, Tom Eshleman et Hyacinth Stevens, de LMC, ont parl\u00e9 d\u2019agir avec amour au milieu de la diversit\u00e9 sur la \u00ab\u2009ligne de fracture\u2009\u00bb de la polarisation aux \u00c9tats-Unis, tandis que Roman Rakhuba, de l\u2019Association des \u00c9glises Fr\u00e8res mennonites d\u2019Ukraine, a parl\u00e9 des pasteurs qui servent en premi\u00e8re ligne en Ukraine, partageant l\u2019amour de Dieu avec les enfants et les soldats touch\u00e9s par la guerre.&nbsp;<\/p>\n\n\n\n<p>\u00ab\u2009Nous avons pri\u00e9 lorsque les gens nous ont racont\u00e9 leur histoire. Nous avons pri\u00e9 lors de nos sessions de d\u00e9l\u00e9gu\u00e9s. Nous avons pri\u00e9 lors de nos r\u00e9unions de caucus. Nous avons pri\u00e9 lors de nos r\u00e9unions de famille anabaptiste. Lors de ces r\u00e9unions, nous avons pri\u00e9\u2009\u00bb, a d\u00e9clar\u00e9 J.\u202fRon Byler, membre du comit\u00e9 d\u2019\u00e9coute.\u202f\u00a0<\/p>\n\n\n\n<div class=\"wp-block-buttons is-layout-flex wp-block-buttons-is-layout-flex\">\n<div class=\"wp-block-button\"><a class=\"wp-block-button__link wp-element-button\">Le mois prochain, vous trouverez un article sur les nominations des membres du bureau du comit\u00e9 ex\u00e9cutif et des commissions<\/a><\/div>\n<\/div>\n\n\n\n<hr class=\"wp-block-separator has-alpha-channel-opacity\"\/>\n\n\n\n<p><sup>Un <a href=\"https:\/\/mwc-cmm.org\/fr\/conseil-general\/\" target=\"_blank\" rel=\"noreferrer noopener\"><strong>Comit\u00e9 Ex\u00e9cutif<\/strong><\/a> est \u00e9lu au sein du Conseil G\u00e9n\u00e9ral, et se r\u00e9unit annuellement. Deux membres de chaque r\u00e9gion continentale sont \u00e9lus au sein du Conseil\u202f; un Pr\u00e9sident et un Vice-pr\u00e9sident sont \u00e9galement \u00e9lus par le Conseil. Le tr\u00e9sorier et le Secr\u00e9taire G\u00e9n\u00e9ral sont \u00e9galement membres du Comit\u00e9 Ex\u00e9cutif.\u00a0<\/sup><\/p>\n\n\n<div class=\"taxonomy-post_tag has-link-color wp-elements-4795dccc25dd561b10d5c166c095ced0 wp-block-post-terms has-text-color has-gray-color has-small-font-size\"><a href=\"https:\/\/mwc-cmm.org\/fr\/stories\/tag\/100-fr-2\/\" rel=\"tag\">100<\/a><span class=\"wp-block-post-terms__separator\">, <\/span><a href=\"https:\/\/mwc-cmm.org\/fr\/stories\/tag\/500-fr\/\" rel=\"tag\">500<\/a><span class=\"wp-block-post-terms__separator\">, <\/span><a href=\"https:\/\/mwc-cmm.org\/fr\/stories\/tag\/anniversaire\/\" rel=\"tag\">anniversaire<\/a><span class=\"wp-block-post-terms__separator\">, <\/span><a href=\"https:\/\/mwc-cmm.org\/fr\/stories\/tag\/cesar-garcia-fr\/\" rel=\"tag\">C\u00e9sar Garc\u00eda<\/a><span class=\"wp-block-post-terms__separator\">, <\/span><a href=\"https:\/\/mwc-cmm.org\/fr\/stories\/tag\/comite-executif\/\" rel=\"tag\">Comit\u00e9 Ex\u00e9cutif<\/a><span class=\"wp-block-post-terms__separator\">, <\/span><a href=\"https:\/\/mwc-cmm.org\/en\/stories\/tag\/conseil-general\/\" rel=\"tag\">Conseil G\u00e9n\u00e9ral<\/a><span class=\"wp-block-post-terms__separator\">, <\/span><a href=\"https:\/\/mwc-cmm.org\/fr\/stories\/tag\/ecumenism-fr\/\" rel=\"tag\">ecumenism<\/a><span class=\"wp-block-post-terms__separator\">, <\/span><a href=\"https:\/\/mwc-cmm.org\/en\/stories\/tag\/member-churches\/\" rel=\"tag\">member churches<\/a><span class=\"wp-block-post-terms__separator\">, <\/span><a href=\"https:\/\/mwc-cmm.org\/en\/stories\/tag\/new-member-church\/\" rel=\"tag\">new member church<\/a><span class=\"wp-block-post-terms__separator\">, <\/span><a href=\"https:\/\/mwc-cmm.org\/fr\/stories\/tag\/unity-fr\/\" rel=\"tag\">unity<\/a><\/div>","protected":false},"excerpt":{"rendered":"<p>Le Conseil G\u00e9n\u00e9ral de la CMM envisage l\u2019avenir&nbsp; La Conf\u00e9rence Mennonite Mondiale (CMM) a conclu son Conseil G\u00e9n\u00e9ral (CG) triennal, qui s\u2019est tenu du 26 au 28\u202fmai 2025 \u00e0 Schw\u00e4bisch-Gm\u00fcnd, en Allemagne, avec des perspectives claires pour l\u2019avenir. Les r\u00e9unions ont \u00e9t\u00e9 entour\u00e9es d\u2019une c\u00e9l\u00e9bration et d\u2019une comm\u00e9moration.&nbsp;&nbsp; Un programme sp\u00e9cial, le 25\u202fmai 2025, a [&hellip;]<\/p>\n","protected":false},"author":8,"featured_media":114195,"comment_status":"closed","ping_status":"closed","sticky":false,"template":"","format":"standard","meta":{"_acf_changed":false,"footnotes":""},"categories":[7],"tags":[567,516,515,406,752,746,420,1120,946,422],"network":[1314],"eventcategory":[1510],"class_list":["post-114208","post","type-post","status-publish","format-standard","has-post-thumbnail","hentry","category-non-classifiee","tag-100-fr-2","tag-500-fr","tag-anniversaire","tag-cesar-garcia-fr","tag-comite-executif","tag-conseil-general","tag-ecumenism-fr","tag-member-churches","tag-new-member-church","tag-unity-fr","network-general-council-fr","eventcategory-500-the-courage-to-love-fr"],"acf":[],"yoast_head":"<!-- This site is optimized with the Yoast SEO plugin v27.5 - https:\/\/yoast.com\/product\/yoast-seo-wordpress\/ -->\n<title>De la c\u00e9l\u00e9bration \u00e0 la comm\u00e9moration - Mennonite World Conference<\/title>\n<meta name=\"robots\" content=\"index, follow, max-snippet:-1, max-image-preview:large, max-video-preview:-1\" \/>\n<link rel=\"canonical\" href=\"https:\/\/mwc-cmm.org\/en\/stories\/from-celebration-to-commemoration\/\" \/>\n<meta property=\"og:locale\" content=\"fr_FR\" \/>\n<meta property=\"og:type\" content=\"article\" \/>\n<meta property=\"og:title\" content=\"De la c\u00e9l\u00e9bration \u00e0 la comm\u00e9moration - Mennonite World Conference\" \/>\n<meta property=\"og:description\" content=\"Le Conseil G\u00e9n\u00e9ral de la CMM envisage l\u2019avenir&nbsp; La Conf\u00e9rence Mennonite Mondiale (CMM) a conclu son Conseil G\u00e9n\u00e9ral (CG) triennal, qui s\u2019est tenu du 26 au 28\u202fmai 2025 \u00e0 Schw\u00e4bisch-Gm\u00fcnd, en Allemagne, avec des perspectives claires pour l\u2019avenir. Les r\u00e9unions ont \u00e9t\u00e9 entour\u00e9es d\u2019une c\u00e9l\u00e9bration et d\u2019une comm\u00e9moration.&nbsp;&nbsp; Un programme sp\u00e9cial, le 25\u202fmai 2025, a [&hellip;]\" \/>\n<meta property=\"og:url\" content=\"https:\/\/mwc-cmm.org\/en\/stories\/from-celebration-to-commemoration\/\" \/>\n<meta property=\"og:site_name\" content=\"Mennonite World Conference\" \/>\n<meta property=\"article:publisher\" content=\"https:\/\/www.facebook.com\/MennoniteWorldConference\" \/>\n<meta property=\"article:published_time\" content=\"2025-06-23T14:19:07+00:00\" \/>\n<meta property=\"article:modified_time\" content=\"2025-06-23T15:10:44+00:00\" \/>\n<meta property=\"og:image\" content=\"https:\/\/mwc-cmm.org\/wp-content\/uploads\/2025\/06\/DSC05572-scaled.jpg\" \/>\n\t<meta property=\"og:image:width\" content=\"2560\" \/>\n\t<meta property=\"og:image:height\" content=\"1707\" \/>\n\t<meta property=\"og:image:type\" content=\"image\/jpeg\" \/>\n<meta name=\"author\" content=\"Stephanie Setiawan\" \/>\n<script type=\"application\/ld+json\" class=\"yoast-schema-graph\">{\"@context\":\"https:\\\/\\\/schema.org\",\"@graph\":[{\"@type\":\"Article\",\"@id\":\"https:\\\/\\\/mwc-cmm.org\\\/en\\\/stories\\\/from-celebration-to-commemoration\\\/#article\",\"isPartOf\":{\"@id\":\"https:\\\/\\\/mwc-cmm.org\\\/en\\\/stories\\\/from-celebration-to-commemoration\\\/\"},\"author\":{\"name\":\"Stephanie Setiawan\",\"@id\":\"https:\\\/\\\/mwc-cmm.org\\\/en\\\/#\\\/schema\\\/person\\\/00b62ed8ea1527254a44f3ace3aee79d\"},\"headline\":\"De la c\u00e9l\u00e9bration \u00e0 la comm\u00e9moration\",\"datePublished\":\"2025-06-23T14:19:07+00:00\",\"dateModified\":\"2025-06-23T15:10:44+00:00\",\"mainEntityOfPage\":{\"@id\":\"https:\\\/\\\/mwc-cmm.org\\\/en\\\/stories\\\/from-celebration-to-commemoration\\\/\"},\"wordCount\":2060,\"publisher\":{\"@id\":\"https:\\\/\\\/mwc-cmm.org\\\/en\\\/#organization\"},\"image\":{\"@id\":\"https:\\\/\\\/mwc-cmm.org\\\/en\\\/stories\\\/from-celebration-to-commemoration\\\/#primaryimage\"},\"thumbnailUrl\":\"https:\\\/\\\/mwc-cmm.org\\\/wp-content\\\/uploads\\\/2025\\\/06\\\/DSC05572-scaled.jpg\",\"keywords\":[\"100\",\"500\",\"anniversaire\",\"C\u00e9sar Garc\u00eda\",\"Comit\u00e9 Ex\u00e9cutif\",\"Conseil G\u00e9n\u00e9ral\",\"ecumenism\",\"member churches\",\"new member church\",\"unity\"],\"articleSection\":[\"Non classifi\u00e9(e)\"],\"inLanguage\":\"fr-FR\"},{\"@type\":\"WebPage\",\"@id\":\"https:\\\/\\\/mwc-cmm.org\\\/en\\\/stories\\\/from-celebration-to-commemoration\\\/\",\"url\":\"https:\\\/\\\/mwc-cmm.org\\\/en\\\/stories\\\/from-celebration-to-commemoration\\\/\",\"name\":\"De la c\u00e9l\u00e9bration \u00e0 la comm\u00e9moration - Mennonite World Conference\",\"isPartOf\":{\"@id\":\"https:\\\/\\\/mwc-cmm.org\\\/en\\\/#website\"},\"primaryImageOfPage\":{\"@id\":\"https:\\\/\\\/mwc-cmm.org\\\/en\\\/stories\\\/from-celebration-to-commemoration\\\/#primaryimage\"},\"image\":{\"@id\":\"https:\\\/\\\/mwc-cmm.org\\\/en\\\/stories\\\/from-celebration-to-commemoration\\\/#primaryimage\"},\"thumbnailUrl\":\"https:\\\/\\\/mwc-cmm.org\\\/wp-content\\\/uploads\\\/2025\\\/06\\\/DSC05572-scaled.jpg\",\"datePublished\":\"2025-06-23T14:19:07+00:00\",\"dateModified\":\"2025-06-23T15:10:44+00:00\",\"breadcrumb\":{\"@id\":\"https:\\\/\\\/mwc-cmm.org\\\/en\\\/stories\\\/from-celebration-to-commemoration\\\/#breadcrumb\"},\"inLanguage\":\"fr-FR\",\"potentialAction\":[{\"@type\":\"ReadAction\",\"target\":[\"https:\\\/\\\/mwc-cmm.org\\\/en\\\/stories\\\/from-celebration-to-commemoration\\\/\"]}]},{\"@type\":\"ImageObject\",\"inLanguage\":\"fr-FR\",\"@id\":\"https:\\\/\\\/mwc-cmm.org\\\/en\\\/stories\\\/from-celebration-to-commemoration\\\/#primaryimage\",\"url\":\"https:\\\/\\\/mwc-cmm.org\\\/wp-content\\\/uploads\\\/2025\\\/06\\\/DSC05572-scaled.jpg\",\"contentUrl\":\"https:\\\/\\\/mwc-cmm.org\\\/wp-content\\\/uploads\\\/2025\\\/06\\\/DSC05572-scaled.jpg\",\"width\":2560,\"height\":1707,\"caption\":\"MWC Meetings, Germany 2025\"},{\"@type\":\"BreadcrumbList\",\"@id\":\"https:\\\/\\\/mwc-cmm.org\\\/en\\\/stories\\\/from-celebration-to-commemoration\\\/#breadcrumb\",\"itemListElement\":[{\"@type\":\"ListItem\",\"position\":1,\"name\":\"Home\",\"item\":\"https:\\\/\\\/mwc-cmm.org\\\/fr\\\/\"},{\"@type\":\"ListItem\",\"position\":2,\"name\":\"De la c\u00e9l\u00e9bration \u00e0 la comm\u00e9moration\"}]},{\"@type\":\"WebSite\",\"@id\":\"https:\\\/\\\/mwc-cmm.org\\\/en\\\/#website\",\"url\":\"https:\\\/\\\/mwc-cmm.org\\\/en\\\/\",\"name\":\"Mennonite World Conference\",\"description\":\"A communion of Anabaptist-related churches\",\"publisher\":{\"@id\":\"https:\\\/\\\/mwc-cmm.org\\\/en\\\/#organization\"},\"alternateName\":\"MWC\",\"potentialAction\":[{\"@type\":\"SearchAction\",\"target\":{\"@type\":\"EntryPoint\",\"urlTemplate\":\"https:\\\/\\\/mwc-cmm.org\\\/en\\\/?s={search_term_string}\"},\"query-input\":{\"@type\":\"PropertyValueSpecification\",\"valueRequired\":true,\"valueName\":\"search_term_string\"}}],\"inLanguage\":\"fr-FR\"},{\"@type\":\"Organization\",\"@id\":\"https:\\\/\\\/mwc-cmm.org\\\/en\\\/#organization\",\"name\":\"Mennonite World Conference\",\"alternateName\":\"MWC\",\"url\":\"https:\\\/\\\/mwc-cmm.org\\\/en\\\/\",\"logo\":{\"@type\":\"ImageObject\",\"inLanguage\":\"fr-FR\",\"@id\":\"https:\\\/\\\/mwc-cmm.org\\\/en\\\/#\\\/schema\\\/logo\\\/image\\\/\",\"url\":\"https:\\\/\\\/mwc-cmm.org\\\/wp-content\\\/uploads\\\/2026\\\/01\\\/MWC_Sig_Blue_Horiz_webheader1-logo.svg\",\"contentUrl\":\"https:\\\/\\\/mwc-cmm.org\\\/wp-content\\\/uploads\\\/2026\\\/01\\\/MWC_Sig_Blue_Horiz_webheader1-logo.svg\",\"width\":786,\"height\":82,\"caption\":\"Mennonite World Conference\"},\"image\":{\"@id\":\"https:\\\/\\\/mwc-cmm.org\\\/en\\\/#\\\/schema\\\/logo\\\/image\\\/\"},\"sameAs\":[\"https:\\\/\\\/www.facebook.com\\\/MennoniteWorldConference\",\"https:\\\/\\\/www.linkedin.com\\\/company\\\/mennonite-world-conference-mwc\\\/\",\"https:\\\/\\\/www.instagram.com\\\/mwcmm\\\/\",\"https:\\\/\\\/www.youtube.com\\\/user\\\/mwccmm\",\"https:\\\/\\\/bsky.app\\\/profile\\\/mwcmm.bsky.social\"]},{\"@type\":\"Person\",\"@id\":\"https:\\\/\\\/mwc-cmm.org\\\/en\\\/#\\\/schema\\\/person\\\/00b62ed8ea1527254a44f3ace3aee79d\",\"name\":\"Stephanie Setiawan\",\"image\":{\"@type\":\"ImageObject\",\"inLanguage\":\"fr-FR\",\"@id\":\"https:\\\/\\\/secure.gravatar.com\\\/avatar\\\/71b4b62cf3d0cfb4c8a367a101127ba8adfa1c22417900980ea24f5f4457a76d?s=96&d=mm&r=g\",\"url\":\"https:\\\/\\\/secure.gravatar.com\\\/avatar\\\/71b4b62cf3d0cfb4c8a367a101127ba8adfa1c22417900980ea24f5f4457a76d?s=96&d=mm&r=g\",\"contentUrl\":\"https:\\\/\\\/secure.gravatar.com\\\/avatar\\\/71b4b62cf3d0cfb4c8a367a101127ba8adfa1c22417900980ea24f5f4457a76d?s=96&d=mm&r=g\",\"caption\":\"Stephanie Setiawan\"},\"url\":\"https:\\\/\\\/mwc-cmm.org\\\/fr\\\/stories\\\/author\\\/stephanie\\\/\"}]}<\/script>\n<!-- \/ Yoast SEO plugin. -->","yoast_head_json":{"title":"De la c\u00e9l\u00e9bration \u00e0 la comm\u00e9moration - Mennonite World Conference","robots":{"index":"index","follow":"follow","max-snippet":"max-snippet:-1","max-image-preview":"max-image-preview:large","max-video-preview":"max-video-preview:-1"},"canonical":"https:\/\/mwc-cmm.org\/en\/stories\/from-celebration-to-commemoration\/","og_locale":"fr_FR","og_type":"article","og_title":"De la c\u00e9l\u00e9bration \u00e0 la comm\u00e9moration - Mennonite World Conference","og_description":"Le Conseil G\u00e9n\u00e9ral de la CMM envisage l\u2019avenir&nbsp; La Conf\u00e9rence Mennonite Mondiale (CMM) a conclu son Conseil G\u00e9n\u00e9ral (CG) triennal, qui s\u2019est tenu du 26 au 28\u202fmai 2025 \u00e0 Schw\u00e4bisch-Gm\u00fcnd, en Allemagne, avec des perspectives claires pour l\u2019avenir. Les r\u00e9unions ont \u00e9t\u00e9 entour\u00e9es d\u2019une c\u00e9l\u00e9bration et d\u2019une comm\u00e9moration.&nbsp;&nbsp; Un programme sp\u00e9cial, le 25\u202fmai 2025, a [&hellip;]","og_url":"https:\/\/mwc-cmm.org\/en\/stories\/from-celebration-to-commemoration\/","og_site_name":"Mennonite World Conference","article_publisher":"https:\/\/www.facebook.com\/MennoniteWorldConference","article_published_time":"2025-06-23T14:19:07+00:00","article_modified_time":"2025-06-23T15:10:44+00:00","og_image":[{"width":2560,"height":1707,"url":"https:\/\/mwc-cmm.org\/wp-content\/uploads\/2025\/06\/DSC05572-scaled.jpg","type":"image\/jpeg"}],"author":"Stephanie Setiawan","schema":{"@context":"https:\/\/schema.org","@graph":[{"@type":"Article","@id":"https:\/\/mwc-cmm.org\/en\/stories\/from-celebration-to-commemoration\/#article","isPartOf":{"@id":"https:\/\/mwc-cmm.org\/en\/stories\/from-celebration-to-commemoration\/"},"author":{"name":"Stephanie Setiawan","@id":"https:\/\/mwc-cmm.org\/en\/#\/schema\/person\/00b62ed8ea1527254a44f3ace3aee79d"},"headline":"De la c\u00e9l\u00e9bration \u00e0 la comm\u00e9moration","datePublished":"2025-06-23T14:19:07+00:00","dateModified":"2025-06-23T15:10:44+00:00","mainEntityOfPage":{"@id":"https:\/\/mwc-cmm.org\/en\/stories\/from-celebration-to-commemoration\/"},"wordCount":2060,"publisher":{"@id":"https:\/\/mwc-cmm.org\/en\/#organization"},"image":{"@id":"https:\/\/mwc-cmm.org\/en\/stories\/from-celebration-to-commemoration\/#primaryimage"},"thumbnailUrl":"https:\/\/mwc-cmm.org\/wp-content\/uploads\/2025\/06\/DSC05572-scaled.jpg","keywords":["100","500","anniversaire","C\u00e9sar Garc\u00eda","Comit\u00e9 Ex\u00e9cutif","Conseil G\u00e9n\u00e9ral","ecumenism","member churches","new member church","unity"],"articleSection":["Non classifi\u00e9(e)"],"inLanguage":"fr-FR"},{"@type":"WebPage","@id":"https:\/\/mwc-cmm.org\/en\/stories\/from-celebration-to-commemoration\/","url":"https:\/\/mwc-cmm.org\/en\/stories\/from-celebration-to-commemoration\/","name":"De la c\u00e9l\u00e9bration \u00e0 la comm\u00e9moration - Mennonite World Conference","isPartOf":{"@id":"https:\/\/mwc-cmm.org\/en\/#website"},"primaryImageOfPage":{"@id":"https:\/\/mwc-cmm.org\/en\/stories\/from-celebration-to-commemoration\/#primaryimage"},"image":{"@id":"https:\/\/mwc-cmm.org\/en\/stories\/from-celebration-to-commemoration\/#primaryimage"},"thumbnailUrl":"https:\/\/mwc-cmm.org\/wp-content\/uploads\/2025\/06\/DSC05572-scaled.jpg","datePublished":"2025-06-23T14:19:07+00:00","dateModified":"2025-06-23T15:10:44+00:00","breadcrumb":{"@id":"https:\/\/mwc-cmm.org\/en\/stories\/from-celebration-to-commemoration\/#breadcrumb"},"inLanguage":"fr-FR","potentialAction":[{"@type":"ReadAction","target":["https:\/\/mwc-cmm.org\/en\/stories\/from-celebration-to-commemoration\/"]}]},{"@type":"ImageObject","inLanguage":"fr-FR","@id":"https:\/\/mwc-cmm.org\/en\/stories\/from-celebration-to-commemoration\/#primaryimage","url":"https:\/\/mwc-cmm.org\/wp-content\/uploads\/2025\/06\/DSC05572-scaled.jpg","contentUrl":"https:\/\/mwc-cmm.org\/wp-content\/uploads\/2025\/06\/DSC05572-scaled.jpg","width":2560,"height":1707,"caption":"MWC Meetings, Germany 2025"},{"@type":"BreadcrumbList","@id":"https:\/\/mwc-cmm.org\/en\/stories\/from-celebration-to-commemoration\/#breadcrumb","itemListElement":[{"@type":"ListItem","position":1,"name":"Home","item":"https:\/\/mwc-cmm.org\/fr\/"},{"@type":"ListItem","position":2,"name":"De la c\u00e9l\u00e9bration \u00e0 la comm\u00e9moration"}]},{"@type":"WebSite","@id":"https:\/\/mwc-cmm.org\/en\/#website","url":"https:\/\/mwc-cmm.org\/en\/","name":"Mennonite World Conference","description":"A communion of Anabaptist-related churches","publisher":{"@id":"https:\/\/mwc-cmm.org\/en\/#organization"},"alternateName":"MWC","potentialAction":[{"@type":"SearchAction","target":{"@type":"EntryPoint","urlTemplate":"https:\/\/mwc-cmm.org\/en\/?s={search_term_string}"},"query-input":{"@type":"PropertyValueSpecification","valueRequired":true,"valueName":"search_term_string"}}],"inLanguage":"fr-FR"},{"@type":"Organization","@id":"https:\/\/mwc-cmm.org\/en\/#organization","name":"Mennonite World Conference","alternateName":"MWC","url":"https:\/\/mwc-cmm.org\/en\/","logo":{"@type":"ImageObject","inLanguage":"fr-FR","@id":"https:\/\/mwc-cmm.org\/en\/#\/schema\/logo\/image\/","url":"https:\/\/mwc-cmm.org\/wp-content\/uploads\/2026\/01\/MWC_Sig_Blue_Horiz_webheader1-logo.svg","contentUrl":"https:\/\/mwc-cmm.org\/wp-content\/uploads\/2026\/01\/MWC_Sig_Blue_Horiz_webheader1-logo.svg","width":786,"height":82,"caption":"Mennonite World Conference"},"image":{"@id":"https:\/\/mwc-cmm.org\/en\/#\/schema\/logo\/image\/"},"sameAs":["https:\/\/www.facebook.com\/MennoniteWorldConference","https:\/\/www.linkedin.com\/company\/mennonite-world-conference-mwc\/","https:\/\/www.instagram.com\/mwcmm\/","https:\/\/www.youtube.com\/user\/mwccmm","https:\/\/bsky.app\/profile\/mwcmm.bsky.social"]},{"@type":"Person","@id":"https:\/\/mwc-cmm.org\/en\/#\/schema\/person\/00b62ed8ea1527254a44f3ace3aee79d","name":"Stephanie Setiawan","image":{"@type":"ImageObject","inLanguage":"fr-FR","@id":"https:\/\/secure.gravatar.com\/avatar\/71b4b62cf3d0cfb4c8a367a101127ba8adfa1c22417900980ea24f5f4457a76d?s=96&d=mm&r=g","url":"https:\/\/secure.gravatar.com\/avatar\/71b4b62cf3d0cfb4c8a367a101127ba8adfa1c22417900980ea24f5f4457a76d?s=96&d=mm&r=g","contentUrl":"https:\/\/secure.gravatar.com\/avatar\/71b4b62cf3d0cfb4c8a367a101127ba8adfa1c22417900980ea24f5f4457a76d?s=96&d=mm&r=g","caption":"Stephanie Setiawan"},"url":"https:\/\/mwc-cmm.org\/fr\/stories\/author\/stephanie\/"}]}},"_links":{"self":[{"href":"https:\/\/mwc-cmm.org\/fr\/wp-json\/wp\/v2\/posts\/114208","targetHints":{"allow":["GET"]}}],"collection":[{"href":"https:\/\/mwc-cmm.org\/fr\/wp-json\/wp\/v2\/posts"}],"about":[{"href":"https:\/\/mwc-cmm.org\/fr\/wp-json\/wp\/v2\/types\/post"}],"author":[{"embeddable":true,"href":"https:\/\/mwc-cmm.org\/fr\/wp-json\/wp\/v2\/users\/8"}],"replies":[{"embeddable":true,"href":"https:\/\/mwc-cmm.org\/fr\/wp-json\/wp\/v2\/comments?post=114208"}],"version-history":[{"count":0,"href":"https:\/\/mwc-cmm.org\/fr\/wp-json\/wp\/v2\/posts\/114208\/revisions"}],"wp:featuredmedia":[{"embeddable":true,"href":"https:\/\/mwc-cmm.org\/fr\/wp-json\/wp\/v2\/media\/114195"}],"wp:attachment":[{"href":"https:\/\/mwc-cmm.org\/fr\/wp-json\/wp\/v2\/media?parent=114208"}],"wp:term":[{"taxonomy":"category","embeddable":true,"href":"https:\/\/mwc-cmm.org\/fr\/wp-json\/wp\/v2\/categories?post=114208"},{"taxonomy":"post_tag","embeddable":true,"href":"https:\/\/mwc-cmm.org\/fr\/wp-json\/wp\/v2\/tags?post=114208"},{"taxonomy":"network","embeddable":true,"href":"https:\/\/mwc-cmm.org\/fr\/wp-json\/wp\/v2\/network?post=114208"},{"taxonomy":"eventcategory","embeddable":true,"href":"https:\/\/mwc-cmm.org\/fr\/wp-json\/wp\/v2\/eventcategory?post=114208"}],"curies":[{"name":"wp","href":"https:\/\/api.w.org\/{rel}","templated":true}]}}