{"id":114178,"date":"2025-06-20T10:47:04","date_gmt":"2025-06-20T10:47:04","guid":{"rendered":"https:\/\/mwc-cmm.org\/?p=114178"},"modified":"2025-06-20T10:47:05","modified_gmt":"2025-06-20T10:47:05","slug":"igreja-dos-irmaos-menonitas-de-portugal","status":"publish","type":"post","link":"https:\/\/mwc-cmm.org\/fr\/stories\/igreja-dos-irmaos-menonitas-de-portugal\/","title":{"rendered":"Igreja dos Irm\u00e3os Menonitas de\u202fPortugal"},"content":{"rendered":"\n<h2 class=\"wp-block-heading\">Courrier : Perspectives<\/h2>\n\n\n\n<h3 class=\"wp-block-heading is-style-purple-eyebrow\">Europe : Portugal<\/h3>\n\n\n\n<h2 class=\"wp-block-heading\">Aper\u00e7u des d\u00e9buts d\u2019une \u00e9glise\u202fanabaptiste<\/h2>\n\n\n\n<p>Une s\u00e9rie de couples missionnaires nord-am\u00e9ricains se sont succ\u00e9d\u00e9 au sein de l\u2019agence missionnaire des Fr\u00e8res mennonites tout au long des ann\u00e9es\u202f1980 et 1990. Cependant les graines sem\u00e9es dans une \u00e9glise de maison de la banlieue de Lour\u00e9s, \u00e0 Lisbonne, ont continu\u00e9 \u00e0 germer et ont donn\u00e9 vie \u00e0 une \u00c9glise de Fr\u00e8res\u202fmennonites.&nbsp;<\/p>\n\n\n\n<p>Les premiers missionnaires canadiens sont arriv\u00e9s en 1985 et ont commenc\u00e9 \u00e0 fr\u00e9quenter une \u00e9cole biblique locale pour se familiariser avec la culture r\u00e9gionale. Des petites annonces ont \u00e9t\u00e9 affich\u00e9s dans le quartier pour annoncer des cours d\u2019anglais afin d\u2019encourager les gens \u00e0 franchir la porte d\u2019une petite maison o\u00f9 se r\u00e9unissait la\u202fcommunaut\u00e9.\u00a0<\/p>\n\n\n\n<p>Parmi les premiers membres de l\u2019assembl\u00e9e, il y avait deux couples catholiques qui en sont devenus les piliers. Ils assistaient \u00e0 la messe le matin et venaient au culte des Fr\u00e8res mennonites l\u2019apr\u00e8s-midi.&nbsp;<\/p>\n\n\n\n<p>La communaut\u00e9 est devenue trop grande pour l\u2019appartement et a achet\u00e9 un b\u00e2timent. De 10 \u00e0 20 puis \u00e0 40, les fid\u00e8les se r\u00e9unissaient l\u2019apr\u00e8s-midi pour prier, ainsi qu\u2019ils le font encore aujourd\u2019hui.&nbsp;<\/p>\n\n\n\n<p>En 1989, l\u2019assembl\u00e9e<em> Igreja dos\u202fIrm\u00e3os Menonitas de Portugal<\/em> a \u00e9t\u00e9 officiellement cr\u00e9\u00e9e et un b\u00e2timent a \u00e9t\u00e9 achet\u00e9 \u00e0 Lour\u00e9s pour accueillir les rassemblements de plus en plus\u202fnombreux.&nbsp;<\/p>\n\n\n\n<p>Elle s\u2019est d\u00e9velopp\u00e9e en se rapprochant d\u2019une communaut\u00e9 de croyants venus d\u2019Angola et de R\u00e9publique d\u00e9mocratique du Congo. Lorsque les mennonites suisses qui accompagnaient la communaut\u00e9 sont rentr\u00e9s chez eux, le groupe africain a rejoint les Fr\u00e8res mennonites\u202f(MB).&nbsp;<\/p>\n\n\n\n<p>Un groupe organis\u00e9 par le <em>Bund TaufGesinnter<\/em> en Allemagne avait fond\u00e9 une paroisse parmi les peuples de langue slave. Il a \u00e9galement rejoint l\u2019\u00e9glise des Fr\u00e8res mennonites\u202fportugais.&nbsp;<\/p>\n\n\n\n<p>Pendant un certain temps, le Portugal a \u00e9t\u00e9 consid\u00e9r\u00e9 comme une \u00e9tude de cas d\u2019une \u00e9glise diversifi\u00e9e dans un petit\u202fpays.&nbsp;<\/p>\n\n\n\n<p>Elle avait une pr\u00e9dication centr\u00e9e sur J\u00e9sus, de la musique \u00e9vang\u00e9lique entra\u00eenante pour le culte, des enseignements sur la mani\u00e8re de prier et des activit\u00e9s le dimanche pour les\u202fenfants.&nbsp;<\/p>\n\n\n\n<p>Pendant plusieurs ann\u00e9es, il y a eu un minist\u00e8re aupr\u00e8s des enfants et des jeunes en difficult\u00e9. Les jeunes recevaient une formation professionnelle de base ainsi qu\u2019un accompagnement dans leur vie de\u202fdisciple.&nbsp;<\/p>\n\n\n\n<p>Deux assembl\u00e9es g\u00e9raient une boutique d\u2019occasion qui fournissait un revenu et un point de rencontre de la\u202fcommunaut\u00e9.&nbsp;<\/p>\n\n\n\n<p>Il y avait des repas communautaires o\u00f9 tout le monde pouvait se sentir bienvenu et socialiser. Les personnes qui se sentaient rejet\u00e9es ont trouv\u00e9 un foyer dans le r\u00e9seau des \u00e9glises Fr\u00e8res\u202fmennonites.&nbsp;<\/p>\n\n\n\n<p>En 2017, l\u2019association a rejoint la CMM apr\u00e8s avoir \u00e9t\u00e9 pr\u00e9sent\u00e9e \u00e0 la famille mennonite mondiale par l\u2019interm\u00e9diaire de\u202fl\u2019ICOMB.&nbsp;<\/p>\n\n\n\n<p>Une s\u00e9rie de changements dans les relations et le soutien financier de l\u2019agence missionnaire nord-am\u00e9ricaine, ainsi que des probl\u00e8mes li\u00e9s aux responsables locaux, ont amen\u00e9 \u00e0 ce qu\u2019il ne reste qu\u2019une seule paroisse en\u202f2025.&nbsp;<\/p>\n\n\n\n<p>Cependant, l\u2019esprit d\u2019accueil et d\u2019inclusion des deux premiers couples catholiques demeure et l\u2019assembl\u00e9e \u00e0 confiance qu\u2019elle grandira \u00e0\u202fnouveau.&nbsp;<\/p>\n\n\n\n<h3 class=\"wp-block-heading\">Comment prier pour l\u2019Igreja dos\u202fIrm\u00e3os Menonitas de Portugal&nbsp;<\/h3>\n\n\n\n<ul class=\"wp-block-list\">\n<li>Priez pour des occasions de mener de nouvelles activit\u00e9s pour atteindre la communaut\u00e9 avec la Bonne Nouvelle.\u00a0<\/li>\n\n\n\n<li>Priez pour les responsables qui doivent exercer leur minist\u00e8re \u00e0 c\u00f4t\u00e9 d\u2019un autre\u202femploi.\u00a0<\/li>\n\n\n\n<li>Priez pour la force et l\u2019unit\u00e9 du Christ dans l\u2019assembl\u00e9e.\u00a0<\/li>\n\n\n\n<li><\/li>\n<\/ul>\n\n\n\n<p><em>Jos\u00e9 Arrais, responsable la\u00efc de longue date de l\u2019IIMP et repr\u00e9sentant r\u00e9gional de la CMM pour\u202fl\u2019Europe.\u00a0<\/em><\/p>\n\n\n\n<hr class=\"wp-block-separator has-alpha-channel-opacity\"\/>\n\n\n\n<figure class=\"wp-block-embed is-type-wp-embed is-provider-mennonite-world-conference wp-block-embed-mennonite-world-conference\"><div class=\"wp-block-embed__wrapper\">\n<blockquote class=\"wp-embedded-content\" data-secret=\"NDEnkgyjiu\"><a href=\"https:\/\/mwc-cmm.org\/fr\/resources\/frontiere-missionnaire-le-portugal\/\">Fronti\u00e8re missionnaire : le Portugal<\/a><\/blockquote><iframe class=\"wp-embedded-content lazyload\" sandbox=\"allow-scripts\" security=\"restricted\" style=\"position: absolute; visibility: hidden;\" title=\"\u00ab\u00a0Fronti\u00e8re missionnaire : le Portugal\u00a0\u00bb &#8212; Mennonite World Conference\" data-src=\"https:\/\/mwc-cmm.org\/fr\/resources\/frontiere-missionnaire-le-portugal\/embed\/#?secret=1sqMuHEsBn#?secret=NDEnkgyjiu\" data-secret=\"NDEnkgyjiu\" width=\"500\" height=\"282\" frameborder=\"0\" marginwidth=\"0\" marginheight=\"0\" scrolling=\"no\" src=\"data:image\/svg+xml;base64,PHN2ZyB3aWR0aD0iMSIgaGVpZ2h0PSIxIiB4bWxucz0iaHR0cDovL3d3dy53My5vcmcvMjAwMC9zdmciPjwvc3ZnPg==\" data-load-mode=\"1\"><\/iframe>\n<\/div><\/figure>\n\n\n\n<div class=\"wp-block-buttons is-layout-flex wp-block-buttons-is-layout-flex\">\n<div class=\"wp-block-button\"><a class=\"wp-block-button__link has-magenta-background-color has-background has-text-align-left wp-element-button\" href=\"https:\/\/mwc-cmm.org\/fr\/resources\/courrier-2025-40-1\/\">Cet article est paru pour la premi\u00e8re fois dans le num\u00e9ro<br>Courier \/ Correo \/ Courrier, volume 40, n\u00famero 1<\/a><\/div>\n<\/div>\n","protected":false},"excerpt":{"rendered":"<p>Courrier : Perspectives Europe : Portugal Aper\u00e7u des d\u00e9buts d\u2019une \u00e9glise\u202fanabaptiste Une s\u00e9rie de couples missionnaires nord-am\u00e9ricains se sont succ\u00e9d\u00e9 au sein de l\u2019agence missionnaire des Fr\u00e8res mennonites tout au long des ann\u00e9es\u202f1980 et 1990. Cependant les graines sem\u00e9es dans une \u00e9glise de maison de la banlieue de Lour\u00e9s, \u00e0 Lisbonne, ont continu\u00e9 \u00e0 germer [&hellip;]<\/p>\n","protected":false},"author":8,"featured_media":114148,"comment_status":"closed","ping_status":"closed","sticky":false,"template":"","format":"standard","meta":{"_acf_changed":false,"footnotes":""},"categories":[1183,1],"tags":[939,945],"network":[1307],"eventcategory":[1510],"class_list":["post-114178","post","type-post","status-publish","format-standard","has-post-thumbnail","hentry","category-courier-fr","category-uncategorized","tag-anabaptiste","tag-portugal-fr","network-courier-fr","eventcategory-500-the-courage-to-love-fr"],"acf":[],"yoast_head":"<!-- This site is optimized with the Yoast SEO plugin v27.2 - https:\/\/yoast.com\/product\/yoast-seo-wordpress\/ -->\n<title>Igreja dos Irm\u00e3os Menonitas de\u202fPortugal - Mennonite World Conference<\/title>\n<meta name=\"robots\" content=\"index, follow, max-snippet:-1, max-image-preview:large, max-video-preview:-1\" \/>\n<link rel=\"canonical\" href=\"https:\/\/mwc-cmm.org\/fr\/stories\/igreja-dos-irmaos-menonitas-de-portugal\/\" \/>\n<meta property=\"og:locale\" content=\"fr_FR\" \/>\n<meta property=\"og:type\" content=\"article\" \/>\n<meta property=\"og:title\" content=\"Igreja dos Irm\u00e3os Menonitas de\u202fPortugal - Mennonite World Conference\" \/>\n<meta property=\"og:description\" content=\"Courrier : Perspectives Europe : Portugal Aper\u00e7u des d\u00e9buts d\u2019une \u00e9glise\u202fanabaptiste Une s\u00e9rie de couples missionnaires nord-am\u00e9ricains se sont succ\u00e9d\u00e9 au sein de l\u2019agence missionnaire des Fr\u00e8res mennonites tout au long des ann\u00e9es\u202f1980 et 1990. Cependant les graines sem\u00e9es dans une \u00e9glise de maison de la banlieue de Lour\u00e9s, \u00e0 Lisbonne, ont continu\u00e9 \u00e0 germer [&hellip;]\" \/>\n<meta property=\"og:url\" content=\"https:\/\/mwc-cmm.org\/fr\/stories\/igreja-dos-irmaos-menonitas-de-portugal\/\" \/>\n<meta property=\"og:site_name\" content=\"Mennonite World Conference\" \/>\n<meta property=\"article:publisher\" content=\"https:\/\/www.facebook.com\/MennoniteWorldConference\" \/>\n<meta property=\"article:published_time\" content=\"2025-06-20T10:47:04+00:00\" \/>\n<meta property=\"article:modified_time\" content=\"2025-06-20T10:47:05+00:00\" \/>\n<meta property=\"og:image\" content=\"https:\/\/mwc-cmm.org\/wp-content\/uploads\/2025\/06\/A-gathering-of-the-Loures-congregation-scaled.jpg\" \/>\n\t<meta property=\"og:image:width\" content=\"2560\" \/>\n\t<meta property=\"og:image:height\" content=\"1313\" \/>\n\t<meta property=\"og:image:type\" content=\"image\/jpeg\" \/>\n<meta name=\"author\" content=\"Stephanie Setiawan\" \/>\n<script type=\"application\/ld+json\" class=\"yoast-schema-graph\">{\"@context\":\"https:\/\/schema.org\",\"@graph\":[{\"@type\":\"Article\",\"@id\":\"https:\/\/mwc-cmm.org\/fr\/stories\/igreja-dos-irmaos-menonitas-de-portugal\/#article\",\"isPartOf\":{\"@id\":\"https:\/\/mwc-cmm.org\/fr\/stories\/igreja-dos-irmaos-menonitas-de-portugal\/\"},\"author\":{\"name\":\"Stephanie Setiawan\",\"@id\":\"https:\/\/mwc-cmm.org\/en\/#\/schema\/person\/00b62ed8ea1527254a44f3ace3aee79d\"},\"headline\":\"Igreja dos Irm\u00e3os Menonitas de\u202fPortugal\",\"datePublished\":\"2025-06-20T10:47:04+00:00\",\"dateModified\":\"2025-06-20T10:47:05+00:00\",\"mainEntityOfPage\":{\"@id\":\"https:\/\/mwc-cmm.org\/fr\/stories\/igreja-dos-irmaos-menonitas-de-portugal\/\"},\"wordCount\":667,\"publisher\":{\"@id\":\"https:\/\/mwc-cmm.org\/en\/#organization\"},\"image\":{\"@id\":\"https:\/\/mwc-cmm.org\/fr\/stories\/igreja-dos-irmaos-menonitas-de-portugal\/#primaryimage\"},\"thumbnailUrl\":\"https:\/\/mwc-cmm.org\/wp-content\/uploads\/2025\/06\/A-gathering-of-the-Loures-congregation-scaled.jpg\",\"keywords\":[\"anabaptiste\",\"Portugal\"],\"articleSection\":[\"Courrier\",\"Uncategorized\"],\"inLanguage\":\"fr-FR\"},{\"@type\":\"WebPage\",\"@id\":\"https:\/\/mwc-cmm.org\/fr\/stories\/igreja-dos-irmaos-menonitas-de-portugal\/\",\"url\":\"https:\/\/mwc-cmm.org\/fr\/stories\/igreja-dos-irmaos-menonitas-de-portugal\/\",\"name\":\"Igreja dos Irm\u00e3os Menonitas de\u202fPortugal - Mennonite World Conference\",\"isPartOf\":{\"@id\":\"https:\/\/mwc-cmm.org\/en\/#website\"},\"primaryImageOfPage\":{\"@id\":\"https:\/\/mwc-cmm.org\/fr\/stories\/igreja-dos-irmaos-menonitas-de-portugal\/#primaryimage\"},\"image\":{\"@id\":\"https:\/\/mwc-cmm.org\/fr\/stories\/igreja-dos-irmaos-menonitas-de-portugal\/#primaryimage\"},\"thumbnailUrl\":\"https:\/\/mwc-cmm.org\/wp-content\/uploads\/2025\/06\/A-gathering-of-the-Loures-congregation-scaled.jpg\",\"datePublished\":\"2025-06-20T10:47:04+00:00\",\"dateModified\":\"2025-06-20T10:47:05+00:00\",\"breadcrumb\":{\"@id\":\"https:\/\/mwc-cmm.org\/fr\/stories\/igreja-dos-irmaos-menonitas-de-portugal\/#breadcrumb\"},\"inLanguage\":\"fr-FR\",\"potentialAction\":[{\"@type\":\"ReadAction\",\"target\":[\"https:\/\/mwc-cmm.org\/fr\/stories\/igreja-dos-irmaos-menonitas-de-portugal\/\"]}]},{\"@type\":\"ImageObject\",\"inLanguage\":\"fr-FR\",\"@id\":\"https:\/\/mwc-cmm.org\/fr\/stories\/igreja-dos-irmaos-menonitas-de-portugal\/#primaryimage\",\"url\":\"https:\/\/mwc-cmm.org\/wp-content\/uploads\/2025\/06\/A-gathering-of-the-Loures-congregation-scaled.jpg\",\"contentUrl\":\"https:\/\/mwc-cmm.org\/wp-content\/uploads\/2025\/06\/A-gathering-of-the-Loures-congregation-scaled.jpg\",\"width\":2560,\"height\":1313,\"caption\":\"A gathering of the Loures congregation, Portugal\"},{\"@type\":\"BreadcrumbList\",\"@id\":\"https:\/\/mwc-cmm.org\/fr\/stories\/igreja-dos-irmaos-menonitas-de-portugal\/#breadcrumb\",\"itemListElement\":[{\"@type\":\"ListItem\",\"position\":1,\"name\":\"Home\",\"item\":\"https:\/\/mwc-cmm.org\/fr\/\"},{\"@type\":\"ListItem\",\"position\":2,\"name\":\"Igreja dos Irm\u00e3os Menonitas de\u202fPortugal\"}]},{\"@type\":\"WebSite\",\"@id\":\"https:\/\/mwc-cmm.org\/en\/#website\",\"url\":\"https:\/\/mwc-cmm.org\/en\/\",\"name\":\"Mennonite World Conference\",\"description\":\"A communion of Anabaptist-related churches\",\"publisher\":{\"@id\":\"https:\/\/mwc-cmm.org\/en\/#organization\"},\"alternateName\":\"MWC\",\"potentialAction\":[{\"@type\":\"SearchAction\",\"target\":{\"@type\":\"EntryPoint\",\"urlTemplate\":\"https:\/\/mwc-cmm.org\/en\/?s={search_term_string}\"},\"query-input\":{\"@type\":\"PropertyValueSpecification\",\"valueRequired\":true,\"valueName\":\"search_term_string\"}}],\"inLanguage\":\"fr-FR\"},{\"@type\":\"Organization\",\"@id\":\"https:\/\/mwc-cmm.org\/en\/#organization\",\"name\":\"Mennonite World Conference\",\"alternateName\":\"MWC\",\"url\":\"https:\/\/mwc-cmm.org\/en\/\",\"logo\":{\"@type\":\"ImageObject\",\"inLanguage\":\"fr-FR\",\"@id\":\"https:\/\/mwc-cmm.org\/en\/#\/schema\/logo\/image\/\",\"url\":\"https:\/\/mwc-cmm.org\/wp-content\/uploads\/2026\/01\/MWC_Sig_Blue_Horiz_webheader1-logo.svg\",\"contentUrl\":\"https:\/\/mwc-cmm.org\/wp-content\/uploads\/2026\/01\/MWC_Sig_Blue_Horiz_webheader1-logo.svg\",\"width\":786,\"height\":82,\"caption\":\"Mennonite World Conference\"},\"image\":{\"@id\":\"https:\/\/mwc-cmm.org\/en\/#\/schema\/logo\/image\/\"},\"sameAs\":[\"https:\/\/www.facebook.com\/MennoniteWorldConference\",\"https:\/\/www.linkedin.com\/company\/mennonite-world-conference-mwc\/\",\"https:\/\/www.instagram.com\/mwcmm\/\",\"https:\/\/www.youtube.com\/user\/mwccmm\",\"https:\/\/bsky.app\/profile\/mwcmm.bsky.social\"]},{\"@type\":\"Person\",\"@id\":\"https:\/\/mwc-cmm.org\/en\/#\/schema\/person\/00b62ed8ea1527254a44f3ace3aee79d\",\"name\":\"Stephanie Setiawan\",\"image\":{\"@type\":\"ImageObject\",\"inLanguage\":\"fr-FR\",\"@id\":\"https:\/\/secure.gravatar.com\/avatar\/71b4b62cf3d0cfb4c8a367a101127ba8adfa1c22417900980ea24f5f4457a76d?s=96&d=mm&r=g\",\"url\":\"https:\/\/secure.gravatar.com\/avatar\/71b4b62cf3d0cfb4c8a367a101127ba8adfa1c22417900980ea24f5f4457a76d?s=96&d=mm&r=g\",\"contentUrl\":\"https:\/\/secure.gravatar.com\/avatar\/71b4b62cf3d0cfb4c8a367a101127ba8adfa1c22417900980ea24f5f4457a76d?s=96&d=mm&r=g\",\"caption\":\"Stephanie Setiawan\"},\"url\":\"https:\/\/mwc-cmm.org\/fr\/stories\/author\/stephanie\/\"}]}<\/script>\n<!-- \/ Yoast SEO plugin. -->","yoast_head_json":{"title":"Igreja dos Irm\u00e3os Menonitas de\u202fPortugal - Mennonite World Conference","robots":{"index":"index","follow":"follow","max-snippet":"max-snippet:-1","max-image-preview":"max-image-preview:large","max-video-preview":"max-video-preview:-1"},"canonical":"https:\/\/mwc-cmm.org\/fr\/stories\/igreja-dos-irmaos-menonitas-de-portugal\/","og_locale":"fr_FR","og_type":"article","og_title":"Igreja dos Irm\u00e3os Menonitas de\u202fPortugal - Mennonite World Conference","og_description":"Courrier : Perspectives Europe : Portugal Aper\u00e7u des d\u00e9buts d\u2019une \u00e9glise\u202fanabaptiste Une s\u00e9rie de couples missionnaires nord-am\u00e9ricains se sont succ\u00e9d\u00e9 au sein de l\u2019agence missionnaire des Fr\u00e8res mennonites tout au long des ann\u00e9es\u202f1980 et 1990. Cependant les graines sem\u00e9es dans une \u00e9glise de maison de la banlieue de Lour\u00e9s, \u00e0 Lisbonne, ont continu\u00e9 \u00e0 germer [&hellip;]","og_url":"https:\/\/mwc-cmm.org\/fr\/stories\/igreja-dos-irmaos-menonitas-de-portugal\/","og_site_name":"Mennonite World Conference","article_publisher":"https:\/\/www.facebook.com\/MennoniteWorldConference","article_published_time":"2025-06-20T10:47:04+00:00","article_modified_time":"2025-06-20T10:47:05+00:00","og_image":[{"width":2560,"height":1313,"url":"https:\/\/mwc-cmm.org\/wp-content\/uploads\/2025\/06\/A-gathering-of-the-Loures-congregation-scaled.jpg","type":"image\/jpeg"}],"author":"Stephanie Setiawan","schema":{"@context":"https:\/\/schema.org","@graph":[{"@type":"Article","@id":"https:\/\/mwc-cmm.org\/fr\/stories\/igreja-dos-irmaos-menonitas-de-portugal\/#article","isPartOf":{"@id":"https:\/\/mwc-cmm.org\/fr\/stories\/igreja-dos-irmaos-menonitas-de-portugal\/"},"author":{"name":"Stephanie Setiawan","@id":"https:\/\/mwc-cmm.org\/en\/#\/schema\/person\/00b62ed8ea1527254a44f3ace3aee79d"},"headline":"Igreja dos Irm\u00e3os Menonitas de\u202fPortugal","datePublished":"2025-06-20T10:47:04+00:00","dateModified":"2025-06-20T10:47:05+00:00","mainEntityOfPage":{"@id":"https:\/\/mwc-cmm.org\/fr\/stories\/igreja-dos-irmaos-menonitas-de-portugal\/"},"wordCount":667,"publisher":{"@id":"https:\/\/mwc-cmm.org\/en\/#organization"},"image":{"@id":"https:\/\/mwc-cmm.org\/fr\/stories\/igreja-dos-irmaos-menonitas-de-portugal\/#primaryimage"},"thumbnailUrl":"https:\/\/mwc-cmm.org\/wp-content\/uploads\/2025\/06\/A-gathering-of-the-Loures-congregation-scaled.jpg","keywords":["anabaptiste","Portugal"],"articleSection":["Courrier","Uncategorized"],"inLanguage":"fr-FR"},{"@type":"WebPage","@id":"https:\/\/mwc-cmm.org\/fr\/stories\/igreja-dos-irmaos-menonitas-de-portugal\/","url":"https:\/\/mwc-cmm.org\/fr\/stories\/igreja-dos-irmaos-menonitas-de-portugal\/","name":"Igreja dos Irm\u00e3os Menonitas de\u202fPortugal - Mennonite World Conference","isPartOf":{"@id":"https:\/\/mwc-cmm.org\/en\/#website"},"primaryImageOfPage":{"@id":"https:\/\/mwc-cmm.org\/fr\/stories\/igreja-dos-irmaos-menonitas-de-portugal\/#primaryimage"},"image":{"@id":"https:\/\/mwc-cmm.org\/fr\/stories\/igreja-dos-irmaos-menonitas-de-portugal\/#primaryimage"},"thumbnailUrl":"https:\/\/mwc-cmm.org\/wp-content\/uploads\/2025\/06\/A-gathering-of-the-Loures-congregation-scaled.jpg","datePublished":"2025-06-20T10:47:04+00:00","dateModified":"2025-06-20T10:47:05+00:00","breadcrumb":{"@id":"https:\/\/mwc-cmm.org\/fr\/stories\/igreja-dos-irmaos-menonitas-de-portugal\/#breadcrumb"},"inLanguage":"fr-FR","potentialAction":[{"@type":"ReadAction","target":["https:\/\/mwc-cmm.org\/fr\/stories\/igreja-dos-irmaos-menonitas-de-portugal\/"]}]},{"@type":"ImageObject","inLanguage":"fr-FR","@id":"https:\/\/mwc-cmm.org\/fr\/stories\/igreja-dos-irmaos-menonitas-de-portugal\/#primaryimage","url":"https:\/\/mwc-cmm.org\/wp-content\/uploads\/2025\/06\/A-gathering-of-the-Loures-congregation-scaled.jpg","contentUrl":"https:\/\/mwc-cmm.org\/wp-content\/uploads\/2025\/06\/A-gathering-of-the-Loures-congregation-scaled.jpg","width":2560,"height":1313,"caption":"A gathering of the Loures congregation, Portugal"},{"@type":"BreadcrumbList","@id":"https:\/\/mwc-cmm.org\/fr\/stories\/igreja-dos-irmaos-menonitas-de-portugal\/#breadcrumb","itemListElement":[{"@type":"ListItem","position":1,"name":"Home","item":"https:\/\/mwc-cmm.org\/fr\/"},{"@type":"ListItem","position":2,"name":"Igreja dos Irm\u00e3os Menonitas de\u202fPortugal"}]},{"@type":"WebSite","@id":"https:\/\/mwc-cmm.org\/en\/#website","url":"https:\/\/mwc-cmm.org\/en\/","name":"Mennonite World Conference","description":"A communion of Anabaptist-related churches","publisher":{"@id":"https:\/\/mwc-cmm.org\/en\/#organization"},"alternateName":"MWC","potentialAction":[{"@type":"SearchAction","target":{"@type":"EntryPoint","urlTemplate":"https:\/\/mwc-cmm.org\/en\/?s={search_term_string}"},"query-input":{"@type":"PropertyValueSpecification","valueRequired":true,"valueName":"search_term_string"}}],"inLanguage":"fr-FR"},{"@type":"Organization","@id":"https:\/\/mwc-cmm.org\/en\/#organization","name":"Mennonite World Conference","alternateName":"MWC","url":"https:\/\/mwc-cmm.org\/en\/","logo":{"@type":"ImageObject","inLanguage":"fr-FR","@id":"https:\/\/mwc-cmm.org\/en\/#\/schema\/logo\/image\/","url":"https:\/\/mwc-cmm.org\/wp-content\/uploads\/2026\/01\/MWC_Sig_Blue_Horiz_webheader1-logo.svg","contentUrl":"https:\/\/mwc-cmm.org\/wp-content\/uploads\/2026\/01\/MWC_Sig_Blue_Horiz_webheader1-logo.svg","width":786,"height":82,"caption":"Mennonite World Conference"},"image":{"@id":"https:\/\/mwc-cmm.org\/en\/#\/schema\/logo\/image\/"},"sameAs":["https:\/\/www.facebook.com\/MennoniteWorldConference","https:\/\/www.linkedin.com\/company\/mennonite-world-conference-mwc\/","https:\/\/www.instagram.com\/mwcmm\/","https:\/\/www.youtube.com\/user\/mwccmm","https:\/\/bsky.app\/profile\/mwcmm.bsky.social"]},{"@type":"Person","@id":"https:\/\/mwc-cmm.org\/en\/#\/schema\/person\/00b62ed8ea1527254a44f3ace3aee79d","name":"Stephanie Setiawan","image":{"@type":"ImageObject","inLanguage":"fr-FR","@id":"https:\/\/secure.gravatar.com\/avatar\/71b4b62cf3d0cfb4c8a367a101127ba8adfa1c22417900980ea24f5f4457a76d?s=96&d=mm&r=g","url":"https:\/\/secure.gravatar.com\/avatar\/71b4b62cf3d0cfb4c8a367a101127ba8adfa1c22417900980ea24f5f4457a76d?s=96&d=mm&r=g","contentUrl":"https:\/\/secure.gravatar.com\/avatar\/71b4b62cf3d0cfb4c8a367a101127ba8adfa1c22417900980ea24f5f4457a76d?s=96&d=mm&r=g","caption":"Stephanie Setiawan"},"url":"https:\/\/mwc-cmm.org\/fr\/stories\/author\/stephanie\/"}]}},"_links":{"self":[{"href":"https:\/\/mwc-cmm.org\/fr\/wp-json\/wp\/v2\/posts\/114178","targetHints":{"allow":["GET"]}}],"collection":[{"href":"https:\/\/mwc-cmm.org\/fr\/wp-json\/wp\/v2\/posts"}],"about":[{"href":"https:\/\/mwc-cmm.org\/fr\/wp-json\/wp\/v2\/types\/post"}],"author":[{"embeddable":true,"href":"https:\/\/mwc-cmm.org\/fr\/wp-json\/wp\/v2\/users\/8"}],"replies":[{"embeddable":true,"href":"https:\/\/mwc-cmm.org\/fr\/wp-json\/wp\/v2\/comments?post=114178"}],"version-history":[{"count":0,"href":"https:\/\/mwc-cmm.org\/fr\/wp-json\/wp\/v2\/posts\/114178\/revisions"}],"wp:featuredmedia":[{"embeddable":true,"href":"https:\/\/mwc-cmm.org\/fr\/wp-json\/wp\/v2\/media\/114148"}],"wp:attachment":[{"href":"https:\/\/mwc-cmm.org\/fr\/wp-json\/wp\/v2\/media?parent=114178"}],"wp:term":[{"taxonomy":"category","embeddable":true,"href":"https:\/\/mwc-cmm.org\/fr\/wp-json\/wp\/v2\/categories?post=114178"},{"taxonomy":"post_tag","embeddable":true,"href":"https:\/\/mwc-cmm.org\/fr\/wp-json\/wp\/v2\/tags?post=114178"},{"taxonomy":"network","embeddable":true,"href":"https:\/\/mwc-cmm.org\/fr\/wp-json\/wp\/v2\/network?post=114178"},{"taxonomy":"eventcategory","embeddable":true,"href":"https:\/\/mwc-cmm.org\/fr\/wp-json\/wp\/v2\/eventcategory?post=114178"}],"curies":[{"name":"wp","href":"https:\/\/api.w.org\/{rel}","templated":true}]}}