{"id":113425,"date":"2025-05-18T14:46:40","date_gmt":"2025-05-18T14:46:40","guid":{"rendered":"https:\/\/mwc-cmm.org\/stories\/mkc-demande-a-toute-la-famille-anabaptiste-mondiale-de-prier\/"},"modified":"2025-05-20T01:05:30","modified_gmt":"2025-05-20T01:05:30","slug":"mkc-demande-famille-de-prier","status":"publish","type":"post","link":"https:\/\/mwc-cmm.org\/fr\/stories\/mkc-demande-famille-de-prier\/","title":{"rendered":"MKC demande \u00e0 toute la famille anabaptiste mondiale de prier"},"content":{"rendered":"\n<p>S\u0153urs et fr\u00e8res bien-aim\u00e9s\u00a0:<\/p>\n\n<p>La Conf\u00e9rence Mennonite Mondiale vous invite \u00e0 prier pour notre \u00e9glise membre Meserete Kristos Church (MKC) qui fait face \u00e0 la pers\u00e9cution religieuse par des groupes extr\u00e9mistes en \u00c9thiopie.<\/p>\n\n<p>Le dernier incident ayant touch\u00e9 des pasteurs au sein de la MKC s\u2019est produit le 15 mai 2025. Un groupe extr\u00e9miste de la r\u00e9gion a attaqu\u00e9 un \u00e9vang\u00e9liste travaillant dans l\u2019ouest du Hararghe. Il est d\u00e9c\u00e9d\u00e9 des suites de ses blessures.<\/p>\n\n<p><em>\u00ab\u2009Heureux d\u00e8s \u00e0 pr\u00e9sent ceux qui sont morts dans le Seigneur\u2009! [\u2026] qu\u2019ils se reposent de leurs labeurs, car leurs \u0153uvres les suivent.\u2009\u00bb<em><br\/>\u2013 Apocalypse 14. 13<br\/><\/em><\/em><\/p>\n\n<div class=\"wp-block-group has-global-padding is-layout-constrained wp-container-core-group-is-layout-a099c240 wp-block-group-is-layout-constrained\">\n<p>Le MKC appelle de toute urgence ses partenaires, ses amis et le corps du Christ \u00e0 se joindre \u00e0 nous dans la pri\u00e8re pour :<\/p>\n\n\n\n<ul class=\"wp-block-list\">\n<li>Force, paix et r\u00e9confort pour la femme et les deux jeunes enfants de l\u2019\u00e9vang\u00e9liste Ebrahim, afin que le Seigneur Dieu soit leur refuge ;<\/li>\n\n\n\n<li>Gu\u00e9rison et restauration pour les autres personnes qui portent les blessures de la violence pour avoir pratiqu\u00e9 leur foi\u2009;<\/li>\n\n\n\n<li>Protection divine sur les \u00e9vang\u00e9listes et les croyants qui servent dans des zones \u00e0 haut risque alors qu\u2019ils t\u00e9moignent de l\u2019\u00c9vangile de paix\u2009;<\/li>\n\n\n\n<li>Que la justice et une paix durable soient \u00e9tablies dans la r\u00e9gion.<\/li>\n<\/ul>\n\n\n\n<p>Que l\u2019exemple in\u00e9branlable de l\u2019\u00e9vang\u00e9liste Ebrahim nous inspire \u00e0 poursuivre l\u2019\u0153uvre pour laquelle il a donn\u00e9 sa vie.<\/p>\n\n\n\n<p>Que le Seigneur, notre Gu\u00e9risseur, notre Protecteur et notre Soutien, se rapproche de nous et nous soutienne avec mis\u00e9ricorde et puissance.<\/p>\n\n\n\n<p>Merci de vous joindre \u00e0 nous dans la pri\u00e8re, la compassion et la solidarit\u00e9.<\/p>\n\n\n\n<p>Avec une profonde pr\u00e9occupation et une foi in\u00e9branlable,<\/p>\n\n\n\n<p>L\u2019\u00e9quipe dirigeante de Meserete Kristos Church (MKC)<\/p>\n<\/div>\n\n<p>Joignez-vous \u00e0 nous, fr\u00e8res et s\u0153urs anabaptistes, pour prier pour la MKC.<\/p>\n\n<p>Seigneur, entends notre appel \u00e0 l\u2019aide et aie piti\u00e9. <br\/><br\/>Dans le nom de J\u00e9sus, <\/p>\n\n<div class=\"wp-block-columns is-layout-flex wp-container-core-columns-is-layout-28f84493 wp-block-columns-is-layout-flex\">\n<div class=\"wp-block-column is-layout-flow wp-block-column-is-layout-flow\" style=\"flex-basis:33.33%\">\n<figure class=\"wp-block-image size-full is-resized\"><a href=\"https:\/\/mwc-cmm.org\/fr\/conseil-general\/\"><img decoding=\"async\" width=\"480\" height=\"480\" data-src=\"https:\/\/mwc-cmm.org\/wp-content\/uploads\/2025\/01\/Henk-Stenvers-1-Small.png\" alt=\"Henk Stenvers\" class=\"wp-image-108562 lazyload\" style=\"--smush-placeholder-width: 480px; --smush-placeholder-aspect-ratio: 480\/480;width:200px\" data-srcset=\"https:\/\/mwc-cmm.org\/wp-content\/uploads\/2025\/01\/Henk-Stenvers-1-Small.png 480w, https:\/\/mwc-cmm.org\/wp-content\/uploads\/2025\/01\/Henk-Stenvers-1-Small-300x300.png 300w, https:\/\/mwc-cmm.org\/wp-content\/uploads\/2025\/01\/Henk-Stenvers-1-Small-150x150.png 150w, https:\/\/mwc-cmm.org\/wp-content\/uploads\/2025\/01\/Henk-Stenvers-1-Small-400x400.png 400w\" data-sizes=\"(max-width: 480px) 100vw, 480px\" src=\"data:image\/svg+xml;base64,PHN2ZyB3aWR0aD0iMSIgaGVpZ2h0PSIxIiB4bWxucz0iaHR0cDovL3d3dy53My5vcmcvMjAwMC9zdmciPjwvc3ZnPg==\" \/><\/a><\/figure>\n<\/div>\n\n\n\n<div class=\"wp-block-column is-layout-flow wp-block-column-is-layout-flow\" style=\"flex-basis:66.66%\">\n<p>Pr\u00e9sident, Conf\u00e9rence Mennonite Mondiale <\/p>\n<\/div>\n<\/div>\n\n<div class=\"wp-block-group has-contrast-color has-light-blue-background-color has-text-color has-background has-link-color wp-elements-53d8d325e7e719599a673212b7f83518 has-global-padding is-layout-constrained wp-block-group-is-layout-constrained\">\n<p style=\"font-style:normal;font-weight:600\">En tant qu\u2019\u00c9glise, <em>nous sommes une communaut\u00e9<\/em> compos\u00e9e de ceux que l\u2019Esprit de Dieu appelle \u00e0\u2026<em>suivre le Christ dans leur vie<\/em>.<\/p>\n\n\n\n<p style=\"font-style:normal;font-weight:600\"><em><a href=\"https:\/\/mwc-cmm.org\/fr\/convictions-communes\/\">Convictions communes #3<\/a><\/em><\/p>\n<\/div>\n\n<p class=\"has-small-font-size\" style=\"font-style:normal;font-weight:200\"> <\/p>\n","protected":false},"excerpt":{"rendered":"<p>S\u0153urs et fr\u00e8res bien-aim\u00e9s\u00a0: La Conf\u00e9rence Mennonite Mondiale vous invite \u00e0 prier pour notre \u00e9glise membre Meserete Kristos Church (MKC) qui fait face \u00e0 la pers\u00e9cution religieuse par des groupes extr\u00e9mistes en \u00c9thiopie. Le dernier incident ayant touch\u00e9 des pasteurs au sein de la MKC s\u2019est produit le 15 mai 2025. Un groupe extr\u00e9miste de [&hellip;]<\/p>\n","protected":false},"author":6,"featured_media":0,"comment_status":"open","ping_status":"closed","sticky":false,"template":"","format":"standard","meta":{"_acf_changed":false,"footnotes":""},"categories":[458],"tags":[466,758,924,460,925],"network":[1318,1262],"eventcategory":[],"class_list":["post-113425","post","type-post","status-publish","format-standard","hentry","category-priere-urgente","tag-commission-diacres","tag-ethiopie","tag-persecution-fr","tag-priere","tag-priere-urgente","network-commissions-fr","network-deacons-commission-fr"],"acf":[],"yoast_head":"<!-- This site is optimized with the Yoast SEO plugin v27.5 - https:\/\/yoast.com\/product\/yoast-seo-wordpress\/ -->\n<title>MKC demande \u00e0 toute la famille anabaptiste mondiale de prier - Mennonite World Conference<\/title>\n<meta name=\"description\" content=\"La CMM vous invite \u00e0 prier pour notre \u00e9glise membre Meserete Kristos Church qui fait face \u00e0 la pers\u00e9cution religieuse en \u00c9thiopie.\" \/>\n<meta name=\"robots\" content=\"index, follow, max-snippet:-1, max-image-preview:large, max-video-preview:-1\" \/>\n<link rel=\"canonical\" href=\"https:\/\/mwc-cmm.org\/fr\/stories\/mkc-demande-famille-de-prier\/\" \/>\n<meta property=\"og:locale\" content=\"fr_FR\" \/>\n<meta property=\"og:type\" content=\"article\" \/>\n<meta property=\"og:title\" content=\"MKC demande \u00e0 toute la famille anabaptiste mondiale de prier - Mennonite World Conference\" \/>\n<meta property=\"og:description\" content=\"La CMM vous invite \u00e0 prier pour notre \u00e9glise membre Meserete Kristos Church qui fait face \u00e0 la pers\u00e9cution religieuse en \u00c9thiopie.\" \/>\n<meta property=\"og:url\" content=\"https:\/\/mwc-cmm.org\/fr\/stories\/mkc-demande-famille-de-prier\/\" \/>\n<meta property=\"og:site_name\" content=\"Mennonite World Conference\" \/>\n<meta property=\"article:publisher\" content=\"https:\/\/www.facebook.com\/MennoniteWorldConference\" \/>\n<meta property=\"article:published_time\" content=\"2025-05-18T14:46:40+00:00\" \/>\n<meta property=\"article:modified_time\" content=\"2025-05-20T01:05:30+00:00\" \/>\n<meta name=\"author\" content=\"Karla Braun\" \/>\n<script type=\"application\/ld+json\" class=\"yoast-schema-graph\">{\"@context\":\"https:\\\/\\\/schema.org\",\"@graph\":[{\"@type\":\"Article\",\"@id\":\"https:\\\/\\\/mwc-cmm.org\\\/fr\\\/stories\\\/mkc-demande-famille-de-prier\\\/#article\",\"isPartOf\":{\"@id\":\"https:\\\/\\\/mwc-cmm.org\\\/fr\\\/stories\\\/mkc-demande-famille-de-prier\\\/\"},\"author\":{\"name\":\"Karla Braun\",\"@id\":\"https:\\\/\\\/mwc-cmm.org\\\/en\\\/#\\\/schema\\\/person\\\/9cb7cad70e3a0ac2b145c3441df0dc08\"},\"headline\":\"MKC demande \u00e0 toute la famille anabaptiste mondiale de prier\",\"datePublished\":\"2025-05-18T14:46:40+00:00\",\"dateModified\":\"2025-05-20T01:05:30+00:00\",\"mainEntityOfPage\":{\"@id\":\"https:\\\/\\\/mwc-cmm.org\\\/fr\\\/stories\\\/mkc-demande-famille-de-prier\\\/\"},\"wordCount\":341,\"commentCount\":0,\"publisher\":{\"@id\":\"https:\\\/\\\/mwc-cmm.org\\\/en\\\/#organization\"},\"keywords\":[\"Commission-Diacres\",\"\u00c9thiopie\",\"pers\u00e9cution\",\"pri\u00e8re\",\"pri\u00e8re urgente\"],\"articleSection\":[\"Pri\u00e8re urgente\"],\"inLanguage\":\"fr-FR\",\"potentialAction\":[{\"@type\":\"CommentAction\",\"name\":\"Comment\",\"target\":[\"https:\\\/\\\/mwc-cmm.org\\\/fr\\\/stories\\\/mkc-demande-famille-de-prier\\\/#respond\"]}]},{\"@type\":\"WebPage\",\"@id\":\"https:\\\/\\\/mwc-cmm.org\\\/fr\\\/stories\\\/mkc-demande-famille-de-prier\\\/\",\"url\":\"https:\\\/\\\/mwc-cmm.org\\\/fr\\\/stories\\\/mkc-demande-famille-de-prier\\\/\",\"name\":\"MKC demande \u00e0 toute la famille anabaptiste mondiale de prier - Mennonite World Conference\",\"isPartOf\":{\"@id\":\"https:\\\/\\\/mwc-cmm.org\\\/en\\\/#website\"},\"datePublished\":\"2025-05-18T14:46:40+00:00\",\"dateModified\":\"2025-05-20T01:05:30+00:00\",\"description\":\"La CMM vous invite \u00e0 prier pour notre \u00e9glise membre Meserete Kristos Church qui fait face \u00e0 la pers\u00e9cution religieuse en \u00c9thiopie.\",\"breadcrumb\":{\"@id\":\"https:\\\/\\\/mwc-cmm.org\\\/fr\\\/stories\\\/mkc-demande-famille-de-prier\\\/#breadcrumb\"},\"inLanguage\":\"fr-FR\",\"potentialAction\":[{\"@type\":\"ReadAction\",\"target\":[\"https:\\\/\\\/mwc-cmm.org\\\/fr\\\/stories\\\/mkc-demande-famille-de-prier\\\/\"]}]},{\"@type\":\"BreadcrumbList\",\"@id\":\"https:\\\/\\\/mwc-cmm.org\\\/fr\\\/stories\\\/mkc-demande-famille-de-prier\\\/#breadcrumb\",\"itemListElement\":[{\"@type\":\"ListItem\",\"position\":1,\"name\":\"Home\",\"item\":\"https:\\\/\\\/mwc-cmm.org\\\/fr\\\/\"},{\"@type\":\"ListItem\",\"position\":2,\"name\":\"MKC demande \u00e0 toute la famille anabaptiste mondiale de prier\"}]},{\"@type\":\"WebSite\",\"@id\":\"https:\\\/\\\/mwc-cmm.org\\\/en\\\/#website\",\"url\":\"https:\\\/\\\/mwc-cmm.org\\\/en\\\/\",\"name\":\"Mennonite World Conference\",\"description\":\"A communion of Anabaptist-related churches\",\"publisher\":{\"@id\":\"https:\\\/\\\/mwc-cmm.org\\\/en\\\/#organization\"},\"alternateName\":\"MWC\",\"potentialAction\":[{\"@type\":\"SearchAction\",\"target\":{\"@type\":\"EntryPoint\",\"urlTemplate\":\"https:\\\/\\\/mwc-cmm.org\\\/en\\\/?s={search_term_string}\"},\"query-input\":{\"@type\":\"PropertyValueSpecification\",\"valueRequired\":true,\"valueName\":\"search_term_string\"}}],\"inLanguage\":\"fr-FR\"},{\"@type\":\"Organization\",\"@id\":\"https:\\\/\\\/mwc-cmm.org\\\/en\\\/#organization\",\"name\":\"Mennonite World Conference\",\"alternateName\":\"MWC\",\"url\":\"https:\\\/\\\/mwc-cmm.org\\\/en\\\/\",\"logo\":{\"@type\":\"ImageObject\",\"inLanguage\":\"fr-FR\",\"@id\":\"https:\\\/\\\/mwc-cmm.org\\\/en\\\/#\\\/schema\\\/logo\\\/image\\\/\",\"url\":\"https:\\\/\\\/mwc-cmm.org\\\/wp-content\\\/uploads\\\/2026\\\/01\\\/MWC_Sig_Blue_Horiz_webheader1-logo.svg\",\"contentUrl\":\"https:\\\/\\\/mwc-cmm.org\\\/wp-content\\\/uploads\\\/2026\\\/01\\\/MWC_Sig_Blue_Horiz_webheader1-logo.svg\",\"width\":786,\"height\":82,\"caption\":\"Mennonite World Conference\"},\"image\":{\"@id\":\"https:\\\/\\\/mwc-cmm.org\\\/en\\\/#\\\/schema\\\/logo\\\/image\\\/\"},\"sameAs\":[\"https:\\\/\\\/www.facebook.com\\\/MennoniteWorldConference\",\"https:\\\/\\\/www.linkedin.com\\\/company\\\/mennonite-world-conference-mwc\\\/\",\"https:\\\/\\\/www.instagram.com\\\/mwcmm\\\/\",\"https:\\\/\\\/www.youtube.com\\\/user\\\/mwccmm\",\"https:\\\/\\\/bsky.app\\\/profile\\\/mwcmm.bsky.social\"]},{\"@type\":\"Person\",\"@id\":\"https:\\\/\\\/mwc-cmm.org\\\/en\\\/#\\\/schema\\\/person\\\/9cb7cad70e3a0ac2b145c3441df0dc08\",\"name\":\"Karla Braun\",\"pronouns\":\"she\\\/her\",\"image\":{\"@type\":\"ImageObject\",\"inLanguage\":\"fr-FR\",\"@id\":\"https:\\\/\\\/secure.gravatar.com\\\/avatar\\\/330c84143dc3a1bf6e7887f828baae23c874bf72d5eedb0461d88c0725087370?s=96&d=mm&r=g\",\"url\":\"https:\\\/\\\/secure.gravatar.com\\\/avatar\\\/330c84143dc3a1bf6e7887f828baae23c874bf72d5eedb0461d88c0725087370?s=96&d=mm&r=g\",\"contentUrl\":\"https:\\\/\\\/secure.gravatar.com\\\/avatar\\\/330c84143dc3a1bf6e7887f828baae23c874bf72d5eedb0461d88c0725087370?s=96&d=mm&r=g\",\"caption\":\"Karla Braun\"},\"description\":\"Karla Braun serves as editor and website coordinator for MWC since 2015.\",\"url\":\"https:\\\/\\\/mwc-cmm.org\\\/fr\\\/stories\\\/author\\\/karla\\\/\"}]}<\/script>\n<!-- \/ Yoast SEO plugin. -->","yoast_head_json":{"title":"MKC demande \u00e0 toute la famille anabaptiste mondiale de prier - Mennonite World Conference","description":"La CMM vous invite \u00e0 prier pour notre \u00e9glise membre Meserete Kristos Church qui fait face \u00e0 la pers\u00e9cution religieuse en \u00c9thiopie.","robots":{"index":"index","follow":"follow","max-snippet":"max-snippet:-1","max-image-preview":"max-image-preview:large","max-video-preview":"max-video-preview:-1"},"canonical":"https:\/\/mwc-cmm.org\/fr\/stories\/mkc-demande-famille-de-prier\/","og_locale":"fr_FR","og_type":"article","og_title":"MKC demande \u00e0 toute la famille anabaptiste mondiale de prier - Mennonite World Conference","og_description":"La CMM vous invite \u00e0 prier pour notre \u00e9glise membre Meserete Kristos Church qui fait face \u00e0 la pers\u00e9cution religieuse en \u00c9thiopie.","og_url":"https:\/\/mwc-cmm.org\/fr\/stories\/mkc-demande-famille-de-prier\/","og_site_name":"Mennonite World Conference","article_publisher":"https:\/\/www.facebook.com\/MennoniteWorldConference","article_published_time":"2025-05-18T14:46:40+00:00","article_modified_time":"2025-05-20T01:05:30+00:00","author":"Karla Braun","schema":{"@context":"https:\/\/schema.org","@graph":[{"@type":"Article","@id":"https:\/\/mwc-cmm.org\/fr\/stories\/mkc-demande-famille-de-prier\/#article","isPartOf":{"@id":"https:\/\/mwc-cmm.org\/fr\/stories\/mkc-demande-famille-de-prier\/"},"author":{"name":"Karla Braun","@id":"https:\/\/mwc-cmm.org\/en\/#\/schema\/person\/9cb7cad70e3a0ac2b145c3441df0dc08"},"headline":"MKC demande \u00e0 toute la famille anabaptiste mondiale de prier","datePublished":"2025-05-18T14:46:40+00:00","dateModified":"2025-05-20T01:05:30+00:00","mainEntityOfPage":{"@id":"https:\/\/mwc-cmm.org\/fr\/stories\/mkc-demande-famille-de-prier\/"},"wordCount":341,"commentCount":0,"publisher":{"@id":"https:\/\/mwc-cmm.org\/en\/#organization"},"keywords":["Commission-Diacres","\u00c9thiopie","pers\u00e9cution","pri\u00e8re","pri\u00e8re urgente"],"articleSection":["Pri\u00e8re urgente"],"inLanguage":"fr-FR","potentialAction":[{"@type":"CommentAction","name":"Comment","target":["https:\/\/mwc-cmm.org\/fr\/stories\/mkc-demande-famille-de-prier\/#respond"]}]},{"@type":"WebPage","@id":"https:\/\/mwc-cmm.org\/fr\/stories\/mkc-demande-famille-de-prier\/","url":"https:\/\/mwc-cmm.org\/fr\/stories\/mkc-demande-famille-de-prier\/","name":"MKC demande \u00e0 toute la famille anabaptiste mondiale de prier - Mennonite World Conference","isPartOf":{"@id":"https:\/\/mwc-cmm.org\/en\/#website"},"datePublished":"2025-05-18T14:46:40+00:00","dateModified":"2025-05-20T01:05:30+00:00","description":"La CMM vous invite \u00e0 prier pour notre \u00e9glise membre Meserete Kristos Church qui fait face \u00e0 la pers\u00e9cution religieuse en \u00c9thiopie.","breadcrumb":{"@id":"https:\/\/mwc-cmm.org\/fr\/stories\/mkc-demande-famille-de-prier\/#breadcrumb"},"inLanguage":"fr-FR","potentialAction":[{"@type":"ReadAction","target":["https:\/\/mwc-cmm.org\/fr\/stories\/mkc-demande-famille-de-prier\/"]}]},{"@type":"BreadcrumbList","@id":"https:\/\/mwc-cmm.org\/fr\/stories\/mkc-demande-famille-de-prier\/#breadcrumb","itemListElement":[{"@type":"ListItem","position":1,"name":"Home","item":"https:\/\/mwc-cmm.org\/fr\/"},{"@type":"ListItem","position":2,"name":"MKC demande \u00e0 toute la famille anabaptiste mondiale de prier"}]},{"@type":"WebSite","@id":"https:\/\/mwc-cmm.org\/en\/#website","url":"https:\/\/mwc-cmm.org\/en\/","name":"Mennonite World Conference","description":"A communion of Anabaptist-related churches","publisher":{"@id":"https:\/\/mwc-cmm.org\/en\/#organization"},"alternateName":"MWC","potentialAction":[{"@type":"SearchAction","target":{"@type":"EntryPoint","urlTemplate":"https:\/\/mwc-cmm.org\/en\/?s={search_term_string}"},"query-input":{"@type":"PropertyValueSpecification","valueRequired":true,"valueName":"search_term_string"}}],"inLanguage":"fr-FR"},{"@type":"Organization","@id":"https:\/\/mwc-cmm.org\/en\/#organization","name":"Mennonite World Conference","alternateName":"MWC","url":"https:\/\/mwc-cmm.org\/en\/","logo":{"@type":"ImageObject","inLanguage":"fr-FR","@id":"https:\/\/mwc-cmm.org\/en\/#\/schema\/logo\/image\/","url":"https:\/\/mwc-cmm.org\/wp-content\/uploads\/2026\/01\/MWC_Sig_Blue_Horiz_webheader1-logo.svg","contentUrl":"https:\/\/mwc-cmm.org\/wp-content\/uploads\/2026\/01\/MWC_Sig_Blue_Horiz_webheader1-logo.svg","width":786,"height":82,"caption":"Mennonite World Conference"},"image":{"@id":"https:\/\/mwc-cmm.org\/en\/#\/schema\/logo\/image\/"},"sameAs":["https:\/\/www.facebook.com\/MennoniteWorldConference","https:\/\/www.linkedin.com\/company\/mennonite-world-conference-mwc\/","https:\/\/www.instagram.com\/mwcmm\/","https:\/\/www.youtube.com\/user\/mwccmm","https:\/\/bsky.app\/profile\/mwcmm.bsky.social"]},{"@type":"Person","@id":"https:\/\/mwc-cmm.org\/en\/#\/schema\/person\/9cb7cad70e3a0ac2b145c3441df0dc08","name":"Karla Braun","pronouns":"she\/her","image":{"@type":"ImageObject","inLanguage":"fr-FR","@id":"https:\/\/secure.gravatar.com\/avatar\/330c84143dc3a1bf6e7887f828baae23c874bf72d5eedb0461d88c0725087370?s=96&d=mm&r=g","url":"https:\/\/secure.gravatar.com\/avatar\/330c84143dc3a1bf6e7887f828baae23c874bf72d5eedb0461d88c0725087370?s=96&d=mm&r=g","contentUrl":"https:\/\/secure.gravatar.com\/avatar\/330c84143dc3a1bf6e7887f828baae23c874bf72d5eedb0461d88c0725087370?s=96&d=mm&r=g","caption":"Karla Braun"},"description":"Karla Braun serves as editor and website coordinator for MWC since 2015.","url":"https:\/\/mwc-cmm.org\/fr\/stories\/author\/karla\/"}]}},"_links":{"self":[{"href":"https:\/\/mwc-cmm.org\/fr\/wp-json\/wp\/v2\/posts\/113425","targetHints":{"allow":["GET"]}}],"collection":[{"href":"https:\/\/mwc-cmm.org\/fr\/wp-json\/wp\/v2\/posts"}],"about":[{"href":"https:\/\/mwc-cmm.org\/fr\/wp-json\/wp\/v2\/types\/post"}],"author":[{"embeddable":true,"href":"https:\/\/mwc-cmm.org\/fr\/wp-json\/wp\/v2\/users\/6"}],"replies":[{"embeddable":true,"href":"https:\/\/mwc-cmm.org\/fr\/wp-json\/wp\/v2\/comments?post=113425"}],"version-history":[{"count":0,"href":"https:\/\/mwc-cmm.org\/fr\/wp-json\/wp\/v2\/posts\/113425\/revisions"}],"wp:attachment":[{"href":"https:\/\/mwc-cmm.org\/fr\/wp-json\/wp\/v2\/media?parent=113425"}],"wp:term":[{"taxonomy":"category","embeddable":true,"href":"https:\/\/mwc-cmm.org\/fr\/wp-json\/wp\/v2\/categories?post=113425"},{"taxonomy":"post_tag","embeddable":true,"href":"https:\/\/mwc-cmm.org\/fr\/wp-json\/wp\/v2\/tags?post=113425"},{"taxonomy":"network","embeddable":true,"href":"https:\/\/mwc-cmm.org\/fr\/wp-json\/wp\/v2\/network?post=113425"},{"taxonomy":"eventcategory","embeddable":true,"href":"https:\/\/mwc-cmm.org\/fr\/wp-json\/wp\/v2\/eventcategory?post=113425"}],"curies":[{"name":"wp","href":"https:\/\/api.w.org\/{rel}","templated":true}]}}