{"id":113310,"date":"2025-05-09T23:30:49","date_gmt":"2025-05-09T23:30:49","guid":{"rendered":"https:\/\/mwc-cmm.org\/stories\/la-cmm-salue-lelection-du-nouveau-pape\/"},"modified":"2025-05-16T08:08:51","modified_gmt":"2025-05-16T08:08:51","slug":"la-cmm-salue-lelection-du-nouveau-pape","status":"publish","type":"post","link":"https:\/\/mwc-cmm.org\/fr\/stories\/la-cmm-salue-lelection-du-nouveau-pape\/","title":{"rendered":"La CMM salue l\u2019\u00e9lection du nouveau pape"},"content":{"rendered":"\n<p>La Conf\u00e9rence Mennonite Mondiale f\u00e9licite le cardinal Robert Francis Prevost pour son \u00e9lection en tant que pape et 267\u00e8me \u00e9v\u00eaque de Rome le 8 mai 2025, sous le nom de L\u00e9on XIV. Cette \u00e9lection est historique, car il s\u2019agit du premier pape originaire d\u2019Am\u00e9rique du Nord, apr\u00e8s le pape Fran\u00e7ois (le cardinal Jorge Mario Bergoglio), qui \u00e9tait le premier pape latino-am\u00e9ricain.<\/p>\n\n\n\n<p>Dans une lettre adress\u00e9e au pape L\u00e9on XIV, C\u00e9sar Garc\u00eda, secr\u00e9taire g\u00e9n\u00e9ral de la CMM, a \u00e9crit : \u00ab Nous pensons que les dialogues officiels que nous avons men\u00e9 avec l\u2019\u00c9glise catholique ont cr\u00e9\u00e9 des opportunit\u00e9s essentielles pour renforcer les liens entre nos \u00c9glises. Alors que ma communion mondiale comm\u00e9more ses 500 ans dans quelques jours, j\u2019esp\u00e8re que votre pontificat ouvrira de nouvelles portes pour apaiser les m\u00e9moires et renforcer nos relations en tant que disciples du Christ. \u00bb<\/p>\n\n\n\n<div class=\"wp-block-columns is-layout-flex wp-container-core-columns-is-layout-28f84493 wp-block-columns-is-layout-flex\">\n<div class=\"wp-block-column is-layout-flow wp-block-column-is-layout-flow\" style=\"flex-basis:66.66%\">\n<p>Lors de sa premi\u00e8re apparition sur la place Saint-Pierre, le pape L\u00e9on XIV a salu\u00e9 les fid\u00e8les en invoquant la paix du Christ ressuscit\u00e9, l\u2019amour de Dieu envers tous, et en invitant l\u2019\u00c9glise \u00e0 marcher ensemble sans peur. Il a appel\u00e9 \u00e0 un esprit missionnaire qui construit des ponts et qui ouvre les bras.<\/p>\n\n\n\n<p>Le nouveau pape est alors pass\u00e9 de l\u2019italien \u00e0 l\u2019espagnol pour s\u2019adresser \u00e0 son dioc\u00e8se de Chiclayo au P\u00e9rou.<\/p>\n\n\n\n<p>\u00ab Je loue notre Seigneur pour l\u2019importance que vous accordez \u00e0 une \u00c9glise synodale qui marche aux c\u00f4t\u00e9s de ceux qui souffrent \u00bb, a \u00e9crit C\u00e9sar Garc\u00eda dans sa lettre, r\u00e9pondant au souhait du pape L\u00e9on XIV d\u2019une \u00ab \u00c9glise synodale, marchant et recherchant toujours la paix, la charit\u00e9, la proximit\u00e9, en particulier envers ceux qui souffrent \u00bb.<\/p>\n<\/div>\n\n\n\n<div class=\"wp-block-column is-layout-flow wp-block-column-is-layout-flow\" style=\"flex-basis:33.33%\">\n<figure class=\"wp-block-pullquote has-medium-font-size\"><blockquote><p>\u00ab Je loue notre Seigneur pour l\u2019importance que vous accordez \u00e0 une \u00c9glise synodale qui marche aux c\u00f4t\u00e9s de ceux qui souffrent \u00bb<\/p><cite>C\u00e9sar Garc\u00eda<\/cite><\/blockquote><\/figure>\n<\/div>\n<\/div>\n\n\n\n<p>\u00ab Confesser le Christ ensemble, avec les chr\u00e9tiens d\u2019autres traditions, fait partie de la mission de la CMM. Nous invitons nos membres \u00e0 soutenir le pape L\u00e9on XIV dans la pri\u00e8re alors qu\u2019il fait face aux d\u00e9fis du leadership, et en particulier pour son travail dans le minist\u00e8re de l\u2019unit\u00e9 dans le corps du Christ \u00bb, d\u00e9clare Henk Stenvers, pr\u00e9sident de la CMM.<\/p>\n\n\n\n<p>Le cardinal Robert Francis Prevost est originaire de Chicago, dans l\u2019Illinois, aux \u00c9tats-Unis. Il est le premier membre de l\u2019Ordre de Saint-Augustin (O.S.A.) \u00e0 \u00eatre \u00e9lu pape. Il a servi pendant plus de dix ans dans les missions de l\u2019O.S.A. au P\u00e9rou, a enseign\u00e9 le droit canonique, la doctrine des premiers P\u00e8res de l\u2019Eglise et la th\u00e9ologie morale au s\u00e9minaire. Il a occup\u00e9 des fonctions de direction au sein de l\u2019O.S.A. Apr\u00e8s sa nomination comme \u00e9v\u00eaque du dioc\u00e8se de Chiclayo, au P\u00e9rou, en 2015, le pape Fran\u00e7ois l\u2019a nomm\u00e9 pr\u00e9fet du Dicast\u00e8re pour les \u00e9v\u00eaques en 2023 et l\u2019a promu archev\u00eaque ; il l\u2019a \u00e9galement nomm\u00e9 membre des Dicast\u00e8res pour l\u2019\u00e9vang\u00e9lisation. Sa nomination comme cardinal a pris effet en 2024.<\/p>\n\n\n<div style=\"font-style:normal;font-weight:200\" class=\"taxonomy-post_tag has-link-color wp-elements-976e900845b7b45cd3d7ad390ef0d8c7 wp-block-post-terms has-text-color has-gray-color has-small-font-size\"><a href=\"https:\/\/mwc-cmm.org\/fr\/stories\/tag\/catholique\/\" rel=\"tag\">Catholique<\/a><span class=\"wp-block-post-terms__separator\">, <\/span><a href=\"https:\/\/mwc-cmm.org\/fr\/stories\/tag\/cesar-garcia-fr\/\" rel=\"tag\">C\u00e9sar Garc\u00eda<\/a><span class=\"wp-block-post-terms__separator\">, <\/span><a href=\"https:\/\/mwc-cmm.org\/fr\/stories\/tag\/ecumenism-fr\/\" rel=\"tag\">ecumenism<\/a><span class=\"wp-block-post-terms__separator\">, <\/span><a href=\"https:\/\/mwc-cmm.org\/fr\/stories\/tag\/pape-leo-xiv\/\" rel=\"tag\">Pape Leo XIV<\/a><\/div>\n\n\n<p class=\"has-gray-color has-text-color has-link-color has-small-font-size wp-elements-d49e64470f4ce61dda7d419aa529b983\" style=\"font-style:normal;font-weight:100\"><\/p>\n","protected":false},"excerpt":{"rendered":"<p>La Conf\u00e9rence Mennonite Mondiale f\u00e9licite le cardinal Robert Francis Prevost pour son \u00e9lection en tant que pape et 267\u00e8me \u00e9v\u00eaque de Rome le 8 mai 2025, sous le nom de L\u00e9on XIV. Cette \u00e9lection est historique, car il s\u2019agit du premier pape originaire d\u2019Am\u00e9rique du Nord, apr\u00e8s le pape Fran\u00e7ois (le cardinal Jorge Mario Bergoglio), [&hellip;]<\/p>\n","protected":false},"author":6,"featured_media":112875,"comment_status":"closed","ping_status":"closed","sticky":false,"template":"","format":"standard","meta":{"_acf_changed":false,"footnotes":""},"categories":[546],"tags":[888,406,420,914],"network":[],"eventcategory":[],"class_list":["post-113310","post","type-post","status-publish","format-standard","has-post-thumbnail","hentry","category-de-nos-responsables","tag-catholique","tag-cesar-garcia-fr","tag-ecumenism-fr","tag-pape-leo-xiv"],"acf":[],"yoast_head":"<!-- This site is optimized with the Yoast SEO plugin v27.5 - https:\/\/yoast.com\/product\/yoast-seo-wordpress\/ -->\n<title>La CMM salue l\u2019\u00e9lection du nouveau pape - Mennonite World Conference<\/title>\n<meta name=\"description\" content=\"La Conf\u00e9rence Mennonite Mondiale f\u00e9licite le cardinal Robert Francis Prevost pour son \u00e9lection en tant que pape et 267\u00e8me \u00e9v\u00eaque de Rome le 8 mai 2025, sous le nom de L\u00e9on XIV.\" \/>\n<meta name=\"robots\" content=\"index, follow, max-snippet:-1, max-image-preview:large, max-video-preview:-1\" \/>\n<link rel=\"canonical\" href=\"https:\/\/mwc-cmm.org\/fr\/stories\/la-cmm-salue-lelection-du-nouveau-pape\/\" \/>\n<meta property=\"og:locale\" content=\"fr_FR\" \/>\n<meta property=\"og:type\" content=\"article\" \/>\n<meta property=\"og:title\" content=\"La CMM salue l\u2019\u00e9lection du nouveau pape - Mennonite World Conference\" \/>\n<meta property=\"og:description\" content=\"La Conf\u00e9rence Mennonite Mondiale f\u00e9licite le cardinal Robert Francis Prevost pour son \u00e9lection en tant que pape et 267\u00e8me \u00e9v\u00eaque de Rome le 8 mai 2025, sous le nom de L\u00e9on XIV.\" \/>\n<meta property=\"og:url\" content=\"https:\/\/mwc-cmm.org\/fr\/stories\/la-cmm-salue-lelection-du-nouveau-pape\/\" \/>\n<meta property=\"og:site_name\" content=\"Mennonite World Conference\" \/>\n<meta property=\"article:publisher\" content=\"https:\/\/www.facebook.com\/MennoniteWorldConference\" \/>\n<meta property=\"article:published_time\" content=\"2025-05-09T23:30:49+00:00\" \/>\n<meta property=\"article:modified_time\" content=\"2025-05-16T08:08:51+00:00\" \/>\n<meta property=\"og:image\" content=\"https:\/\/mwc-cmm.org\/wp-content\/uploads\/2025\/05\/Pope_Leo_XIV_on_the_loggia.jpg\" \/>\n\t<meta property=\"og:image:width\" content=\"600\" \/>\n\t<meta property=\"og:image:height\" content=\"400\" \/>\n\t<meta property=\"og:image:type\" content=\"image\/jpeg\" \/>\n<meta name=\"author\" content=\"Karla Braun\" \/>\n<script type=\"application\/ld+json\" class=\"yoast-schema-graph\">{\"@context\":\"https:\\\/\\\/schema.org\",\"@graph\":[{\"@type\":\"Article\",\"@id\":\"https:\\\/\\\/mwc-cmm.org\\\/fr\\\/stories\\\/la-cmm-salue-lelection-du-nouveau-pape\\\/#article\",\"isPartOf\":{\"@id\":\"https:\\\/\\\/mwc-cmm.org\\\/fr\\\/stories\\\/la-cmm-salue-lelection-du-nouveau-pape\\\/\"},\"author\":{\"name\":\"Karla Braun\",\"@id\":\"https:\\\/\\\/mwc-cmm.org\\\/en\\\/#\\\/schema\\\/person\\\/9cb7cad70e3a0ac2b145c3441df0dc08\"},\"headline\":\"La CMM salue l\u2019\u00e9lection du nouveau pape\",\"datePublished\":\"2025-05-09T23:30:49+00:00\",\"dateModified\":\"2025-05-16T08:08:51+00:00\",\"mainEntityOfPage\":{\"@id\":\"https:\\\/\\\/mwc-cmm.org\\\/fr\\\/stories\\\/la-cmm-salue-lelection-du-nouveau-pape\\\/\"},\"wordCount\":547,\"publisher\":{\"@id\":\"https:\\\/\\\/mwc-cmm.org\\\/en\\\/#organization\"},\"image\":{\"@id\":\"https:\\\/\\\/mwc-cmm.org\\\/fr\\\/stories\\\/la-cmm-salue-lelection-du-nouveau-pape\\\/#primaryimage\"},\"thumbnailUrl\":\"https:\\\/\\\/mwc-cmm.org\\\/wp-content\\\/uploads\\\/2025\\\/05\\\/Pope_Leo_XIV_on_the_loggia.jpg\",\"keywords\":[\"Catholique\",\"C\u00e9sar Garc\u00eda\",\"ecumenism\",\"Pape Leo XIV\"],\"articleSection\":[\"De Nos Responsables\"],\"inLanguage\":\"fr-FR\"},{\"@type\":\"WebPage\",\"@id\":\"https:\\\/\\\/mwc-cmm.org\\\/fr\\\/stories\\\/la-cmm-salue-lelection-du-nouveau-pape\\\/\",\"url\":\"https:\\\/\\\/mwc-cmm.org\\\/fr\\\/stories\\\/la-cmm-salue-lelection-du-nouveau-pape\\\/\",\"name\":\"La CMM salue l\u2019\u00e9lection du nouveau pape - Mennonite World Conference\",\"isPartOf\":{\"@id\":\"https:\\\/\\\/mwc-cmm.org\\\/en\\\/#website\"},\"primaryImageOfPage\":{\"@id\":\"https:\\\/\\\/mwc-cmm.org\\\/fr\\\/stories\\\/la-cmm-salue-lelection-du-nouveau-pape\\\/#primaryimage\"},\"image\":{\"@id\":\"https:\\\/\\\/mwc-cmm.org\\\/fr\\\/stories\\\/la-cmm-salue-lelection-du-nouveau-pape\\\/#primaryimage\"},\"thumbnailUrl\":\"https:\\\/\\\/mwc-cmm.org\\\/wp-content\\\/uploads\\\/2025\\\/05\\\/Pope_Leo_XIV_on_the_loggia.jpg\",\"datePublished\":\"2025-05-09T23:30:49+00:00\",\"dateModified\":\"2025-05-16T08:08:51+00:00\",\"description\":\"La Conf\u00e9rence Mennonite Mondiale f\u00e9licite le cardinal Robert Francis Prevost pour son \u00e9lection en tant que pape et 267\u00e8me \u00e9v\u00eaque de Rome le 8 mai 2025, sous le nom de L\u00e9on XIV.\",\"breadcrumb\":{\"@id\":\"https:\\\/\\\/mwc-cmm.org\\\/fr\\\/stories\\\/la-cmm-salue-lelection-du-nouveau-pape\\\/#breadcrumb\"},\"inLanguage\":\"fr-FR\",\"potentialAction\":[{\"@type\":\"ReadAction\",\"target\":[\"https:\\\/\\\/mwc-cmm.org\\\/fr\\\/stories\\\/la-cmm-salue-lelection-du-nouveau-pape\\\/\"]}]},{\"@type\":\"ImageObject\",\"inLanguage\":\"fr-FR\",\"@id\":\"https:\\\/\\\/mwc-cmm.org\\\/fr\\\/stories\\\/la-cmm-salue-lelection-du-nouveau-pape\\\/#primaryimage\",\"url\":\"https:\\\/\\\/mwc-cmm.org\\\/wp-content\\\/uploads\\\/2025\\\/05\\\/Pope_Leo_XIV_on_the_loggia.jpg\",\"contentUrl\":\"https:\\\/\\\/mwc-cmm.org\\\/wp-content\\\/uploads\\\/2025\\\/05\\\/Pope_Leo_XIV_on_the_loggia.jpg\",\"width\":600,\"height\":400,\"caption\":\"Pope Leo XIV makes his first apperance on the loggia\"},{\"@type\":\"BreadcrumbList\",\"@id\":\"https:\\\/\\\/mwc-cmm.org\\\/fr\\\/stories\\\/la-cmm-salue-lelection-du-nouveau-pape\\\/#breadcrumb\",\"itemListElement\":[{\"@type\":\"ListItem\",\"position\":1,\"name\":\"Home\",\"item\":\"https:\\\/\\\/mwc-cmm.org\\\/fr\\\/\"},{\"@type\":\"ListItem\",\"position\":2,\"name\":\"La CMM salue l\u2019\u00e9lection du nouveau pape\"}]},{\"@type\":\"WebSite\",\"@id\":\"https:\\\/\\\/mwc-cmm.org\\\/en\\\/#website\",\"url\":\"https:\\\/\\\/mwc-cmm.org\\\/en\\\/\",\"name\":\"Mennonite World Conference\",\"description\":\"A communion of Anabaptist-related churches\",\"publisher\":{\"@id\":\"https:\\\/\\\/mwc-cmm.org\\\/en\\\/#organization\"},\"alternateName\":\"MWC\",\"potentialAction\":[{\"@type\":\"SearchAction\",\"target\":{\"@type\":\"EntryPoint\",\"urlTemplate\":\"https:\\\/\\\/mwc-cmm.org\\\/en\\\/?s={search_term_string}\"},\"query-input\":{\"@type\":\"PropertyValueSpecification\",\"valueRequired\":true,\"valueName\":\"search_term_string\"}}],\"inLanguage\":\"fr-FR\"},{\"@type\":\"Organization\",\"@id\":\"https:\\\/\\\/mwc-cmm.org\\\/en\\\/#organization\",\"name\":\"Mennonite World Conference\",\"alternateName\":\"MWC\",\"url\":\"https:\\\/\\\/mwc-cmm.org\\\/en\\\/\",\"logo\":{\"@type\":\"ImageObject\",\"inLanguage\":\"fr-FR\",\"@id\":\"https:\\\/\\\/mwc-cmm.org\\\/en\\\/#\\\/schema\\\/logo\\\/image\\\/\",\"url\":\"https:\\\/\\\/mwc-cmm.org\\\/wp-content\\\/uploads\\\/2026\\\/01\\\/MWC_Sig_Blue_Horiz_webheader1-logo.svg\",\"contentUrl\":\"https:\\\/\\\/mwc-cmm.org\\\/wp-content\\\/uploads\\\/2026\\\/01\\\/MWC_Sig_Blue_Horiz_webheader1-logo.svg\",\"width\":786,\"height\":82,\"caption\":\"Mennonite World Conference\"},\"image\":{\"@id\":\"https:\\\/\\\/mwc-cmm.org\\\/en\\\/#\\\/schema\\\/logo\\\/image\\\/\"},\"sameAs\":[\"https:\\\/\\\/www.facebook.com\\\/MennoniteWorldConference\",\"https:\\\/\\\/www.linkedin.com\\\/company\\\/mennonite-world-conference-mwc\\\/\",\"https:\\\/\\\/www.instagram.com\\\/mwcmm\\\/\",\"https:\\\/\\\/www.youtube.com\\\/user\\\/mwccmm\",\"https:\\\/\\\/bsky.app\\\/profile\\\/mwcmm.bsky.social\"]},{\"@type\":\"Person\",\"@id\":\"https:\\\/\\\/mwc-cmm.org\\\/en\\\/#\\\/schema\\\/person\\\/9cb7cad70e3a0ac2b145c3441df0dc08\",\"name\":\"Karla Braun\",\"pronouns\":\"she\\\/her\",\"image\":{\"@type\":\"ImageObject\",\"inLanguage\":\"fr-FR\",\"@id\":\"https:\\\/\\\/secure.gravatar.com\\\/avatar\\\/330c84143dc3a1bf6e7887f828baae23c874bf72d5eedb0461d88c0725087370?s=96&d=mm&r=g\",\"url\":\"https:\\\/\\\/secure.gravatar.com\\\/avatar\\\/330c84143dc3a1bf6e7887f828baae23c874bf72d5eedb0461d88c0725087370?s=96&d=mm&r=g\",\"contentUrl\":\"https:\\\/\\\/secure.gravatar.com\\\/avatar\\\/330c84143dc3a1bf6e7887f828baae23c874bf72d5eedb0461d88c0725087370?s=96&d=mm&r=g\",\"caption\":\"Karla Braun\"},\"description\":\"Karla Braun serves as editor and website coordinator for MWC since 2015.\",\"url\":\"https:\\\/\\\/mwc-cmm.org\\\/fr\\\/stories\\\/author\\\/karla\\\/\"}]}<\/script>\n<!-- \/ Yoast SEO plugin. -->","yoast_head_json":{"title":"La CMM salue l\u2019\u00e9lection du nouveau pape - Mennonite World Conference","description":"La Conf\u00e9rence Mennonite Mondiale f\u00e9licite le cardinal Robert Francis Prevost pour son \u00e9lection en tant que pape et 267\u00e8me \u00e9v\u00eaque de Rome le 8 mai 2025, sous le nom de L\u00e9on XIV.","robots":{"index":"index","follow":"follow","max-snippet":"max-snippet:-1","max-image-preview":"max-image-preview:large","max-video-preview":"max-video-preview:-1"},"canonical":"https:\/\/mwc-cmm.org\/fr\/stories\/la-cmm-salue-lelection-du-nouveau-pape\/","og_locale":"fr_FR","og_type":"article","og_title":"La CMM salue l\u2019\u00e9lection du nouveau pape - Mennonite World Conference","og_description":"La Conf\u00e9rence Mennonite Mondiale f\u00e9licite le cardinal Robert Francis Prevost pour son \u00e9lection en tant que pape et 267\u00e8me \u00e9v\u00eaque de Rome le 8 mai 2025, sous le nom de L\u00e9on XIV.","og_url":"https:\/\/mwc-cmm.org\/fr\/stories\/la-cmm-salue-lelection-du-nouveau-pape\/","og_site_name":"Mennonite World Conference","article_publisher":"https:\/\/www.facebook.com\/MennoniteWorldConference","article_published_time":"2025-05-09T23:30:49+00:00","article_modified_time":"2025-05-16T08:08:51+00:00","og_image":[{"width":600,"height":400,"url":"https:\/\/mwc-cmm.org\/wp-content\/uploads\/2025\/05\/Pope_Leo_XIV_on_the_loggia.jpg","type":"image\/jpeg"}],"author":"Karla Braun","schema":{"@context":"https:\/\/schema.org","@graph":[{"@type":"Article","@id":"https:\/\/mwc-cmm.org\/fr\/stories\/la-cmm-salue-lelection-du-nouveau-pape\/#article","isPartOf":{"@id":"https:\/\/mwc-cmm.org\/fr\/stories\/la-cmm-salue-lelection-du-nouveau-pape\/"},"author":{"name":"Karla Braun","@id":"https:\/\/mwc-cmm.org\/en\/#\/schema\/person\/9cb7cad70e3a0ac2b145c3441df0dc08"},"headline":"La CMM salue l\u2019\u00e9lection du nouveau pape","datePublished":"2025-05-09T23:30:49+00:00","dateModified":"2025-05-16T08:08:51+00:00","mainEntityOfPage":{"@id":"https:\/\/mwc-cmm.org\/fr\/stories\/la-cmm-salue-lelection-du-nouveau-pape\/"},"wordCount":547,"publisher":{"@id":"https:\/\/mwc-cmm.org\/en\/#organization"},"image":{"@id":"https:\/\/mwc-cmm.org\/fr\/stories\/la-cmm-salue-lelection-du-nouveau-pape\/#primaryimage"},"thumbnailUrl":"https:\/\/mwc-cmm.org\/wp-content\/uploads\/2025\/05\/Pope_Leo_XIV_on_the_loggia.jpg","keywords":["Catholique","C\u00e9sar Garc\u00eda","ecumenism","Pape Leo XIV"],"articleSection":["De Nos Responsables"],"inLanguage":"fr-FR"},{"@type":"WebPage","@id":"https:\/\/mwc-cmm.org\/fr\/stories\/la-cmm-salue-lelection-du-nouveau-pape\/","url":"https:\/\/mwc-cmm.org\/fr\/stories\/la-cmm-salue-lelection-du-nouveau-pape\/","name":"La CMM salue l\u2019\u00e9lection du nouveau pape - Mennonite World Conference","isPartOf":{"@id":"https:\/\/mwc-cmm.org\/en\/#website"},"primaryImageOfPage":{"@id":"https:\/\/mwc-cmm.org\/fr\/stories\/la-cmm-salue-lelection-du-nouveau-pape\/#primaryimage"},"image":{"@id":"https:\/\/mwc-cmm.org\/fr\/stories\/la-cmm-salue-lelection-du-nouveau-pape\/#primaryimage"},"thumbnailUrl":"https:\/\/mwc-cmm.org\/wp-content\/uploads\/2025\/05\/Pope_Leo_XIV_on_the_loggia.jpg","datePublished":"2025-05-09T23:30:49+00:00","dateModified":"2025-05-16T08:08:51+00:00","description":"La Conf\u00e9rence Mennonite Mondiale f\u00e9licite le cardinal Robert Francis Prevost pour son \u00e9lection en tant que pape et 267\u00e8me \u00e9v\u00eaque de Rome le 8 mai 2025, sous le nom de L\u00e9on XIV.","breadcrumb":{"@id":"https:\/\/mwc-cmm.org\/fr\/stories\/la-cmm-salue-lelection-du-nouveau-pape\/#breadcrumb"},"inLanguage":"fr-FR","potentialAction":[{"@type":"ReadAction","target":["https:\/\/mwc-cmm.org\/fr\/stories\/la-cmm-salue-lelection-du-nouveau-pape\/"]}]},{"@type":"ImageObject","inLanguage":"fr-FR","@id":"https:\/\/mwc-cmm.org\/fr\/stories\/la-cmm-salue-lelection-du-nouveau-pape\/#primaryimage","url":"https:\/\/mwc-cmm.org\/wp-content\/uploads\/2025\/05\/Pope_Leo_XIV_on_the_loggia.jpg","contentUrl":"https:\/\/mwc-cmm.org\/wp-content\/uploads\/2025\/05\/Pope_Leo_XIV_on_the_loggia.jpg","width":600,"height":400,"caption":"Pope Leo XIV makes his first apperance on the loggia"},{"@type":"BreadcrumbList","@id":"https:\/\/mwc-cmm.org\/fr\/stories\/la-cmm-salue-lelection-du-nouveau-pape\/#breadcrumb","itemListElement":[{"@type":"ListItem","position":1,"name":"Home","item":"https:\/\/mwc-cmm.org\/fr\/"},{"@type":"ListItem","position":2,"name":"La CMM salue l\u2019\u00e9lection du nouveau pape"}]},{"@type":"WebSite","@id":"https:\/\/mwc-cmm.org\/en\/#website","url":"https:\/\/mwc-cmm.org\/en\/","name":"Mennonite World Conference","description":"A communion of Anabaptist-related churches","publisher":{"@id":"https:\/\/mwc-cmm.org\/en\/#organization"},"alternateName":"MWC","potentialAction":[{"@type":"SearchAction","target":{"@type":"EntryPoint","urlTemplate":"https:\/\/mwc-cmm.org\/en\/?s={search_term_string}"},"query-input":{"@type":"PropertyValueSpecification","valueRequired":true,"valueName":"search_term_string"}}],"inLanguage":"fr-FR"},{"@type":"Organization","@id":"https:\/\/mwc-cmm.org\/en\/#organization","name":"Mennonite World Conference","alternateName":"MWC","url":"https:\/\/mwc-cmm.org\/en\/","logo":{"@type":"ImageObject","inLanguage":"fr-FR","@id":"https:\/\/mwc-cmm.org\/en\/#\/schema\/logo\/image\/","url":"https:\/\/mwc-cmm.org\/wp-content\/uploads\/2026\/01\/MWC_Sig_Blue_Horiz_webheader1-logo.svg","contentUrl":"https:\/\/mwc-cmm.org\/wp-content\/uploads\/2026\/01\/MWC_Sig_Blue_Horiz_webheader1-logo.svg","width":786,"height":82,"caption":"Mennonite World Conference"},"image":{"@id":"https:\/\/mwc-cmm.org\/en\/#\/schema\/logo\/image\/"},"sameAs":["https:\/\/www.facebook.com\/MennoniteWorldConference","https:\/\/www.linkedin.com\/company\/mennonite-world-conference-mwc\/","https:\/\/www.instagram.com\/mwcmm\/","https:\/\/www.youtube.com\/user\/mwccmm","https:\/\/bsky.app\/profile\/mwcmm.bsky.social"]},{"@type":"Person","@id":"https:\/\/mwc-cmm.org\/en\/#\/schema\/person\/9cb7cad70e3a0ac2b145c3441df0dc08","name":"Karla Braun","pronouns":"she\/her","image":{"@type":"ImageObject","inLanguage":"fr-FR","@id":"https:\/\/secure.gravatar.com\/avatar\/330c84143dc3a1bf6e7887f828baae23c874bf72d5eedb0461d88c0725087370?s=96&d=mm&r=g","url":"https:\/\/secure.gravatar.com\/avatar\/330c84143dc3a1bf6e7887f828baae23c874bf72d5eedb0461d88c0725087370?s=96&d=mm&r=g","contentUrl":"https:\/\/secure.gravatar.com\/avatar\/330c84143dc3a1bf6e7887f828baae23c874bf72d5eedb0461d88c0725087370?s=96&d=mm&r=g","caption":"Karla Braun"},"description":"Karla Braun serves as editor and website coordinator for MWC since 2015.","url":"https:\/\/mwc-cmm.org\/fr\/stories\/author\/karla\/"}]}},"_links":{"self":[{"href":"https:\/\/mwc-cmm.org\/fr\/wp-json\/wp\/v2\/posts\/113310","targetHints":{"allow":["GET"]}}],"collection":[{"href":"https:\/\/mwc-cmm.org\/fr\/wp-json\/wp\/v2\/posts"}],"about":[{"href":"https:\/\/mwc-cmm.org\/fr\/wp-json\/wp\/v2\/types\/post"}],"author":[{"embeddable":true,"href":"https:\/\/mwc-cmm.org\/fr\/wp-json\/wp\/v2\/users\/6"}],"replies":[{"embeddable":true,"href":"https:\/\/mwc-cmm.org\/fr\/wp-json\/wp\/v2\/comments?post=113310"}],"version-history":[{"count":0,"href":"https:\/\/mwc-cmm.org\/fr\/wp-json\/wp\/v2\/posts\/113310\/revisions"}],"wp:featuredmedia":[{"embeddable":true,"href":"https:\/\/mwc-cmm.org\/fr\/wp-json\/wp\/v2\/media\/112875"}],"wp:attachment":[{"href":"https:\/\/mwc-cmm.org\/fr\/wp-json\/wp\/v2\/media?parent=113310"}],"wp:term":[{"taxonomy":"category","embeddable":true,"href":"https:\/\/mwc-cmm.org\/fr\/wp-json\/wp\/v2\/categories?post=113310"},{"taxonomy":"post_tag","embeddable":true,"href":"https:\/\/mwc-cmm.org\/fr\/wp-json\/wp\/v2\/tags?post=113310"},{"taxonomy":"network","embeddable":true,"href":"https:\/\/mwc-cmm.org\/fr\/wp-json\/wp\/v2\/network?post=113310"},{"taxonomy":"eventcategory","embeddable":true,"href":"https:\/\/mwc-cmm.org\/fr\/wp-json\/wp\/v2\/eventcategory?post=113310"}],"curies":[{"name":"wp","href":"https:\/\/api.w.org\/{rel}","templated":true}]}}