{"id":112682,"date":"2025-04-21T22:01:38","date_gmt":"2025-04-21T22:01:38","guid":{"rendered":"https:\/\/mwc-cmm.org\/stories\/in-memoriam-pape-francois-1936-2025\/"},"modified":"2025-04-24T06:01:13","modified_gmt":"2025-04-24T06:01:13","slug":"in-memoriam-pape-francois","status":"publish","type":"post","link":"https:\/\/mwc-cmm.org\/fr\/stories\/in-memoriam-pape-francois\/","title":{"rendered":"In memoriam : pape Fran\u00e7ois (1936-2025)"},"content":{"rendered":"\n<p class=\"has-text-align-center\"><em><sup>Photo : Ashwin Vaswani\/Unsplash<\/sup><\/em><\/p>\n\n<p>La Conf\u00e9rence Mennonite Mondiale se joint aux catholiques et \u00e0 toutes les autres communaut\u00e9s de foi de par le monde, qui sont endeuill\u00e9es par la mort du pape Fran\u00e7ois, ce 21 avril 2025, \u00e0 l\u2019\u00e2ge de 88 ans. Il \u00e9tait alors en convalescence dans sa r\u00e9sidence Domus Sanctae Marthae apr\u00e8s avoir \u00e9t\u00e9 hospitalis\u00e9 pour une pneumonie bilat\u00e9rale. <\/p>\n\n<p>\u00ab Nous voulons nous souvenir de la vie du pape Fran\u00e7ois avec gratitude \u00bb, dit Cesar Garcia, secr\u00e9taire g\u00e9n\u00e9ral de la CMM.<\/p>\n\n<p>\u00ab Nous voulons nous souvenir de la fa\u00e7on dont, par l\u2019exemple de sa vie et par ses enseignements, il a mis en lumi\u00e8re des grands th\u00e8mes port\u00e9s aussi par notre communaut\u00e9 anabaptiste : l\u2019imitation du Christ dans son approche du pouvoir ; sa compr\u00e9hension du leadership comme un service \u00e0 rendre ; son engagement pour la paix ; son attention particuli\u00e8re pour les marginalis\u00e9s, les pauvres et les migrants ; son int\u00e9r\u00eat pour l\u2019unit\u00e9 de l\u2019Eglise, comme il l\u2019a montr\u00e9 dans ses relations avec les autres communaut\u00e9s chr\u00e9tiennes et sa pratique de la synodalit\u00e9 ; son respect pour les diff\u00e9rentes fa\u00e7ons de croire ; et son attention pour la Cr\u00e9ation. Ces efforts, parmi d\u2019autres, l\u2019ont rendu cher pour beaucoup de fr\u00e8res et s\u0153urs, tout au long de son minist\u00e8re. \u00bb <\/p>\n\n<p>Le premier pape argentin de l\u2019histoire de l\u2019\u00e9glise, de son nom de naissance Jorge Mario Bergoglio, est n\u00e9 \u00e0 Buenos Aires (Argentine) en 1936. Il avait une formation de technicien en chimie, avant de rejoindre les J\u00e9suites en tant que novice en 1958. Il a \u00e9t\u00e9 ordonn\u00e9 pr\u00eatre en 1969, puis \u00e9v\u00eaque en 1992, archev\u00eaque en 1998 et cardinal en 2001. Il a \u00e9t\u00e9 \u00e9lu pape en 2013, \u00e9tant le premier pape \u00e0 prendre le nom de Fran\u00e7ois.<\/p>\n\n<p>La vie du pape Fran\u00e7ois est marqu\u00e9e par des \u00ab\u00a0premi\u00e8res fois\u00a0\u00bb. Il a \u00e9t\u00e9 le premier j\u00e9suite \u00e0 devenir pape, et le premier pape \u00e0 venir du Sud. Il a \u00e9t\u00e9 le premier pape \u00e0 visiter la p\u00e9ninsule arabique, o\u00f9 il a cosign\u00e9 <a href=\"https:\/\/www.vatican.va\/content\/francesco\/fr\/travels\/2019\/outside\/documents\/papa-francesco_20190204_documento-fratellanza-umana.html\">un document sur la fraternit\u00e9 humaine et la coexistence commune<\/a>, avec le Grand Imam d\u2019Al-Azhar Ahmad Al-Tayyeb.<\/p>\n\n<p>Au cours de son pontificat, il a suivi l\u2019exemple de son homonyme, dont le nom est li\u00e9 \u00e0 la pauvret\u00e9, la simplicit\u00e9 et la renonciation du pouvoir. Par exemple, le pape Fran\u00e7ois a refus\u00e9 de vivre dans le palais Apostolique (r\u00e9sidence usuelle des papes), en choisissant de vivre plut\u00f4t dans un appartement de la maison d\u2019h\u00f4tes Domus Sanctae Marthae.<\/p>\n\n<p>Le pape Fran\u00e7ois s\u2019est fait l\u2019avocat des r\u00e9fugi\u00e9s, des pauvres, et de la paix, pr\u00eachant fermement contre la guerre \u00e0 l\u2019occasion de nombreux conflits. Il a r\u00e9dig\u00e9 la premi\u00e8re encyclique papale au sujet de l\u2019environnement, appel\u00e9e <a href=\"https:\/\/www.vatican.va\/content\/francesco\/fr\/encyclicals\/documents\/papa-francesco_20150524_enciclica-laudato-si.html\">\u00ab\u00a0<i>Laudato Si<\/i>\u00ab\u00a0<\/a>, ainsi qu\u2019une exhortation apostolique subs\u00e9quente, \u00ab<i>\u00a0Laudate Deum<\/i>\u00a0\u00bb. Il y avait \u00e9crit\u00a0: \u00ab\u00a0Tous, nous pouvons collaborer comme instruments de Dieu pour la sauvegarde de la cr\u00e9ation, chacun selon sa culture, son exp\u00e9rience, ses initiatives et ses capacit\u00e9s.\u00a0\u00bb<\/p>\n\n<p>En octobre 2024, le Vatican avait invit\u00e9 une repr\u00e9sentante de la CMM \u00e0 <a href=\"https:\/\/mwc-cmm.org\/fr\/stories\/le-saint-esprit-a-loeuvre-dans-le-synode-catholique\/\">participer \u00e0 la Seizi\u00e8me Assembl\u00e9e G\u00e9n\u00e9rale Ordinaire du Synode au Vatican, en tant que \u00ab\u00a0d\u00e9l\u00e9gu\u00e9e fraternelle\u00a0\u00bb.<\/a> Le synode, men\u00e9 par le pape, avait pour th\u00e8me la synodalit\u00e9, un terme qui d\u00e9signe le fait que plusieurs parties de l\u2019Eglise se r\u00e9unissent pour former ensemble le corps du Christ.<\/p>\n\n<p>\u00ab\u00a0Le pape Fran\u00e7ois a travaill\u00e9 pour s\u2019assurer que l\u2019Eglise Catholique devienne <a href=\"https:\/\/www.vatican.va\/content\/francesco\/fr\/apost_exhortations\/documents\/papa-francesco_esortazione-ap_20131124_evangelii-gaudium.html\">une \u00e9glise qui se pr\u00e9occupe des marginaux, qui n\u2019est pas centr\u00e9e sur elle-m\u00eame et qui apporte un soin particulier envers les minorit\u00e9s<\/a> (Evangelii Gaudiium, 2013). Il \u00e9tait d\u00e9termin\u00e9 \u00e0 impliquer tous les baptis\u00e9s dans la prise de d\u00e9cision et dans le travail de l\u2019Eglise. Il a cherch\u00e9 \u00e0 r\u00e9fl\u00e9chir au sujet de la synodalit\u00e9 avec des chr\u00e9tiens d\u2019autres communaut\u00e9s.\u00a0\u00bb, dit Anne-Cathy Graber, secr\u00e9taire de la CMM pour les relations \u0153cum\u00e9niques. \u00ab\u00a0Ses choix intentionnels de simplicit\u00e9 plut\u00f4t que de c\u00e9r\u00e9monial ont montr\u00e9 une nouvelle fa\u00e7on, diff\u00e9rente, d\u2019\u00eatre pape, une nouvelle mani\u00e8re d\u2019approcher la gouvernance.\u00a0\u00bb<\/p>\n<div style=\"font-style:normal;font-weight:200\" class=\"taxonomy-post_tag has-link-color wp-elements-04769d19f806848dc2fe0898e7482bbf wp-block-post-terms has-text-color has-gray-color has-small-font-size\"><a href=\"https:\/\/mwc-cmm.org\/fr\/stories\/tag\/catholique\/\" rel=\"tag\">Catholique<\/a><span class=\"wp-block-post-terms__separator\">, <\/span><a href=\"https:\/\/mwc-cmm.org\/fr\/stories\/tag\/commission-foi-et-vie\/\" rel=\"tag\">Commission Foi et Vie<\/a><span class=\"wp-block-post-terms__separator\">, <\/span><a href=\"https:\/\/mwc-cmm.org\/fr\/stories\/tag\/ecumenism-fr\/\" rel=\"tag\">ecumenism<\/a><span class=\"wp-block-post-terms__separator\">, <\/span><a href=\"https:\/\/mwc-cmm.org\/fr\/stories\/tag\/pape\/\" rel=\"tag\">Pape<\/a><\/div>","protected":false},"excerpt":{"rendered":"<p>Photo : Ashwin Vaswani\/Unsplash La Conf\u00e9rence Mennonite Mondiale se joint aux catholiques et \u00e0 toutes les autres communaut\u00e9s de foi de par le monde, qui sont endeuill\u00e9es par la mort du pape Fran\u00e7ois, ce 21 avril 2025, \u00e0 l\u2019\u00e2ge de 88 ans. Il \u00e9tait alors en convalescence dans sa r\u00e9sidence Domus Sanctae Marthae apr\u00e8s avoir [&hellip;]<\/p>\n","protected":false},"author":6,"featured_media":112642,"comment_status":"closed","ping_status":"closed","sticky":false,"template":"","format":"standard","meta":{"_acf_changed":false,"footnotes":""},"categories":[7],"tags":[888,887,420,889],"network":[1318,1272],"eventcategory":[],"class_list":["post-112682","post","type-post","status-publish","format-standard","has-post-thumbnail","hentry","category-non-classifiee","tag-catholique","tag-commission-foi-et-vie","tag-ecumenism-fr","tag-pape","network-commissions-fr","network-faith-and-life-commission-fr"],"acf":[],"yoast_head":"<!-- This site is optimized with the Yoast SEO plugin v27.2 - https:\/\/yoast.com\/product\/yoast-seo-wordpress\/ -->\n<title>In memoriam : pape Fran\u00e7ois (1936-2025) - Mennonite World Conference<\/title>\n<meta name=\"description\" content=\"La Conf\u00e9rence Mennonite Mondiale se joint aux catholiques et \u00e0 toutes les autres communaut\u00e9s de foi de par le monde, qui sont endeuill\u00e9es par la mort du pape Fran\u00e7ois, ce 21 avril 2025, \u00e0 l\u2019\u00e2ge de 88 ans.\" \/>\n<meta name=\"robots\" content=\"index, follow, max-snippet:-1, max-image-preview:large, max-video-preview:-1\" \/>\n<link rel=\"canonical\" href=\"https:\/\/mwc-cmm.org\/fr\/stories\/in-memoriam-pape-francois\/\" \/>\n<meta property=\"og:locale\" content=\"fr_FR\" \/>\n<meta property=\"og:type\" content=\"article\" \/>\n<meta property=\"og:title\" content=\"In memoriam : pape Fran\u00e7ois (1936-2025) - Mennonite World Conference\" \/>\n<meta property=\"og:description\" content=\"La Conf\u00e9rence Mennonite Mondiale se joint aux catholiques et \u00e0 toutes les autres communaut\u00e9s de foi de par le monde, qui sont endeuill\u00e9es par la mort du pape Fran\u00e7ois, ce 21 avril 2025, \u00e0 l\u2019\u00e2ge de 88 ans.\" \/>\n<meta property=\"og:url\" content=\"https:\/\/mwc-cmm.org\/fr\/stories\/in-memoriam-pape-francois\/\" \/>\n<meta property=\"og:site_name\" content=\"Mennonite World Conference\" \/>\n<meta property=\"article:publisher\" content=\"https:\/\/www.facebook.com\/MennoniteWorldConference\" \/>\n<meta property=\"article:published_time\" content=\"2025-04-21T22:01:38+00:00\" \/>\n<meta property=\"article:modified_time\" content=\"2025-04-24T06:01:13+00:00\" \/>\n<meta property=\"og:image\" content=\"https:\/\/mwc-cmm.org\/wp-content\/uploads\/2025\/04\/ashwin-vaswani-55k45BgfUF8-unsplash-scaled.jpg\" \/>\n\t<meta property=\"og:image:width\" content=\"2560\" \/>\n\t<meta property=\"og:image:height\" content=\"1707\" \/>\n\t<meta property=\"og:image:type\" content=\"image\/jpeg\" \/>\n<meta name=\"author\" content=\"Karla Braun\" \/>\n<script type=\"application\/ld+json\" class=\"yoast-schema-graph\">{\"@context\":\"https:\/\/schema.org\",\"@graph\":[{\"@type\":\"Article\",\"@id\":\"https:\/\/mwc-cmm.org\/fr\/stories\/in-memoriam-pape-francois\/#article\",\"isPartOf\":{\"@id\":\"https:\/\/mwc-cmm.org\/fr\/stories\/in-memoriam-pape-francois\/\"},\"author\":{\"name\":\"Karla Braun\",\"@id\":\"https:\/\/mwc-cmm.org\/en\/#\/schema\/person\/9cb7cad70e3a0ac2b145c3441df0dc08\"},\"headline\":\"In memoriam : pape Fran\u00e7ois (1936-2025)\",\"datePublished\":\"2025-04-21T22:01:38+00:00\",\"dateModified\":\"2025-04-24T06:01:13+00:00\",\"mainEntityOfPage\":{\"@id\":\"https:\/\/mwc-cmm.org\/fr\/stories\/in-memoriam-pape-francois\/\"},\"wordCount\":727,\"publisher\":{\"@id\":\"https:\/\/mwc-cmm.org\/en\/#organization\"},\"image\":{\"@id\":\"https:\/\/mwc-cmm.org\/fr\/stories\/in-memoriam-pape-francois\/#primaryimage\"},\"thumbnailUrl\":\"https:\/\/mwc-cmm.org\/wp-content\/uploads\/2025\/04\/ashwin-vaswani-55k45BgfUF8-unsplash-scaled.jpg\",\"keywords\":[\"Catholique\",\"Commission Foi et Vie\",\"ecumenism\",\"Pape\"],\"articleSection\":[\"Non classifi\u00e9(e)\"],\"inLanguage\":\"fr-FR\"},{\"@type\":\"WebPage\",\"@id\":\"https:\/\/mwc-cmm.org\/fr\/stories\/in-memoriam-pape-francois\/\",\"url\":\"https:\/\/mwc-cmm.org\/fr\/stories\/in-memoriam-pape-francois\/\",\"name\":\"In memoriam : pape Fran\u00e7ois (1936-2025) - Mennonite World Conference\",\"isPartOf\":{\"@id\":\"https:\/\/mwc-cmm.org\/en\/#website\"},\"primaryImageOfPage\":{\"@id\":\"https:\/\/mwc-cmm.org\/fr\/stories\/in-memoriam-pape-francois\/#primaryimage\"},\"image\":{\"@id\":\"https:\/\/mwc-cmm.org\/fr\/stories\/in-memoriam-pape-francois\/#primaryimage\"},\"thumbnailUrl\":\"https:\/\/mwc-cmm.org\/wp-content\/uploads\/2025\/04\/ashwin-vaswani-55k45BgfUF8-unsplash-scaled.jpg\",\"datePublished\":\"2025-04-21T22:01:38+00:00\",\"dateModified\":\"2025-04-24T06:01:13+00:00\",\"description\":\"La Conf\u00e9rence Mennonite Mondiale se joint aux catholiques et \u00e0 toutes les autres communaut\u00e9s de foi de par le monde, qui sont endeuill\u00e9es par la mort du pape Fran\u00e7ois, ce 21 avril 2025, \u00e0 l\u2019\u00e2ge de 88 ans.\",\"breadcrumb\":{\"@id\":\"https:\/\/mwc-cmm.org\/fr\/stories\/in-memoriam-pape-francois\/#breadcrumb\"},\"inLanguage\":\"fr-FR\",\"potentialAction\":[{\"@type\":\"ReadAction\",\"target\":[\"https:\/\/mwc-cmm.org\/fr\/stories\/in-memoriam-pape-francois\/\"]}]},{\"@type\":\"ImageObject\",\"inLanguage\":\"fr-FR\",\"@id\":\"https:\/\/mwc-cmm.org\/fr\/stories\/in-memoriam-pape-francois\/#primaryimage\",\"url\":\"https:\/\/mwc-cmm.org\/wp-content\/uploads\/2025\/04\/ashwin-vaswani-55k45BgfUF8-unsplash-scaled.jpg\",\"contentUrl\":\"https:\/\/mwc-cmm.org\/wp-content\/uploads\/2025\/04\/ashwin-vaswani-55k45BgfUF8-unsplash-scaled.jpg\",\"width\":2560,\"height\":1707,\"caption\":\"Photo:\"},{\"@type\":\"BreadcrumbList\",\"@id\":\"https:\/\/mwc-cmm.org\/fr\/stories\/in-memoriam-pape-francois\/#breadcrumb\",\"itemListElement\":[{\"@type\":\"ListItem\",\"position\":1,\"name\":\"Home\",\"item\":\"https:\/\/mwc-cmm.org\/fr\/\"},{\"@type\":\"ListItem\",\"position\":2,\"name\":\"In memoriam : pape Fran\u00e7ois (1936-2025)\"}]},{\"@type\":\"WebSite\",\"@id\":\"https:\/\/mwc-cmm.org\/en\/#website\",\"url\":\"https:\/\/mwc-cmm.org\/en\/\",\"name\":\"Mennonite World Conference\",\"description\":\"A communion of Anabaptist-related churches\",\"publisher\":{\"@id\":\"https:\/\/mwc-cmm.org\/en\/#organization\"},\"alternateName\":\"MWC\",\"potentialAction\":[{\"@type\":\"SearchAction\",\"target\":{\"@type\":\"EntryPoint\",\"urlTemplate\":\"https:\/\/mwc-cmm.org\/en\/?s={search_term_string}\"},\"query-input\":{\"@type\":\"PropertyValueSpecification\",\"valueRequired\":true,\"valueName\":\"search_term_string\"}}],\"inLanguage\":\"fr-FR\"},{\"@type\":\"Organization\",\"@id\":\"https:\/\/mwc-cmm.org\/en\/#organization\",\"name\":\"Mennonite World Conference\",\"alternateName\":\"MWC\",\"url\":\"https:\/\/mwc-cmm.org\/en\/\",\"logo\":{\"@type\":\"ImageObject\",\"inLanguage\":\"fr-FR\",\"@id\":\"https:\/\/mwc-cmm.org\/en\/#\/schema\/logo\/image\/\",\"url\":\"https:\/\/mwc-cmm.org\/wp-content\/uploads\/2026\/01\/MWC_Sig_Blue_Horiz_webheader1-logo.svg\",\"contentUrl\":\"https:\/\/mwc-cmm.org\/wp-content\/uploads\/2026\/01\/MWC_Sig_Blue_Horiz_webheader1-logo.svg\",\"width\":786,\"height\":82,\"caption\":\"Mennonite World Conference\"},\"image\":{\"@id\":\"https:\/\/mwc-cmm.org\/en\/#\/schema\/logo\/image\/\"},\"sameAs\":[\"https:\/\/www.facebook.com\/MennoniteWorldConference\",\"https:\/\/www.linkedin.com\/company\/mennonite-world-conference-mwc\/\",\"https:\/\/www.instagram.com\/mwcmm\/\",\"https:\/\/www.youtube.com\/user\/mwccmm\",\"https:\/\/bsky.app\/profile\/mwcmm.bsky.social\"]},{\"@type\":\"Person\",\"@id\":\"https:\/\/mwc-cmm.org\/en\/#\/schema\/person\/9cb7cad70e3a0ac2b145c3441df0dc08\",\"name\":\"Karla Braun\",\"pronouns\":\"she\/her\",\"image\":{\"@type\":\"ImageObject\",\"inLanguage\":\"fr-FR\",\"@id\":\"https:\/\/secure.gravatar.com\/avatar\/330c84143dc3a1bf6e7887f828baae23c874bf72d5eedb0461d88c0725087370?s=96&d=mm&r=g\",\"url\":\"https:\/\/secure.gravatar.com\/avatar\/330c84143dc3a1bf6e7887f828baae23c874bf72d5eedb0461d88c0725087370?s=96&d=mm&r=g\",\"contentUrl\":\"https:\/\/secure.gravatar.com\/avatar\/330c84143dc3a1bf6e7887f828baae23c874bf72d5eedb0461d88c0725087370?s=96&d=mm&r=g\",\"caption\":\"Karla Braun\"},\"description\":\"Karla Braun serves as editor and website coordinator for MWC since 2015.\",\"url\":\"https:\/\/mwc-cmm.org\/fr\/stories\/author\/karla\/\"}]}<\/script>\n<!-- \/ Yoast SEO plugin. -->","yoast_head_json":{"title":"In memoriam : pape Fran\u00e7ois (1936-2025) - Mennonite World Conference","description":"La Conf\u00e9rence Mennonite Mondiale se joint aux catholiques et \u00e0 toutes les autres communaut\u00e9s de foi de par le monde, qui sont endeuill\u00e9es par la mort du pape Fran\u00e7ois, ce 21 avril 2025, \u00e0 l\u2019\u00e2ge de 88 ans.","robots":{"index":"index","follow":"follow","max-snippet":"max-snippet:-1","max-image-preview":"max-image-preview:large","max-video-preview":"max-video-preview:-1"},"canonical":"https:\/\/mwc-cmm.org\/fr\/stories\/in-memoriam-pape-francois\/","og_locale":"fr_FR","og_type":"article","og_title":"In memoriam : pape Fran\u00e7ois (1936-2025) - Mennonite World Conference","og_description":"La Conf\u00e9rence Mennonite Mondiale se joint aux catholiques et \u00e0 toutes les autres communaut\u00e9s de foi de par le monde, qui sont endeuill\u00e9es par la mort du pape Fran\u00e7ois, ce 21 avril 2025, \u00e0 l\u2019\u00e2ge de 88 ans.","og_url":"https:\/\/mwc-cmm.org\/fr\/stories\/in-memoriam-pape-francois\/","og_site_name":"Mennonite World Conference","article_publisher":"https:\/\/www.facebook.com\/MennoniteWorldConference","article_published_time":"2025-04-21T22:01:38+00:00","article_modified_time":"2025-04-24T06:01:13+00:00","og_image":[{"width":2560,"height":1707,"url":"https:\/\/mwc-cmm.org\/wp-content\/uploads\/2025\/04\/ashwin-vaswani-55k45BgfUF8-unsplash-scaled.jpg","type":"image\/jpeg"}],"author":"Karla Braun","schema":{"@context":"https:\/\/schema.org","@graph":[{"@type":"Article","@id":"https:\/\/mwc-cmm.org\/fr\/stories\/in-memoriam-pape-francois\/#article","isPartOf":{"@id":"https:\/\/mwc-cmm.org\/fr\/stories\/in-memoriam-pape-francois\/"},"author":{"name":"Karla Braun","@id":"https:\/\/mwc-cmm.org\/en\/#\/schema\/person\/9cb7cad70e3a0ac2b145c3441df0dc08"},"headline":"In memoriam : pape Fran\u00e7ois (1936-2025)","datePublished":"2025-04-21T22:01:38+00:00","dateModified":"2025-04-24T06:01:13+00:00","mainEntityOfPage":{"@id":"https:\/\/mwc-cmm.org\/fr\/stories\/in-memoriam-pape-francois\/"},"wordCount":727,"publisher":{"@id":"https:\/\/mwc-cmm.org\/en\/#organization"},"image":{"@id":"https:\/\/mwc-cmm.org\/fr\/stories\/in-memoriam-pape-francois\/#primaryimage"},"thumbnailUrl":"https:\/\/mwc-cmm.org\/wp-content\/uploads\/2025\/04\/ashwin-vaswani-55k45BgfUF8-unsplash-scaled.jpg","keywords":["Catholique","Commission Foi et Vie","ecumenism","Pape"],"articleSection":["Non classifi\u00e9(e)"],"inLanguage":"fr-FR"},{"@type":"WebPage","@id":"https:\/\/mwc-cmm.org\/fr\/stories\/in-memoriam-pape-francois\/","url":"https:\/\/mwc-cmm.org\/fr\/stories\/in-memoriam-pape-francois\/","name":"In memoriam : pape Fran\u00e7ois (1936-2025) - Mennonite World Conference","isPartOf":{"@id":"https:\/\/mwc-cmm.org\/en\/#website"},"primaryImageOfPage":{"@id":"https:\/\/mwc-cmm.org\/fr\/stories\/in-memoriam-pape-francois\/#primaryimage"},"image":{"@id":"https:\/\/mwc-cmm.org\/fr\/stories\/in-memoriam-pape-francois\/#primaryimage"},"thumbnailUrl":"https:\/\/mwc-cmm.org\/wp-content\/uploads\/2025\/04\/ashwin-vaswani-55k45BgfUF8-unsplash-scaled.jpg","datePublished":"2025-04-21T22:01:38+00:00","dateModified":"2025-04-24T06:01:13+00:00","description":"La Conf\u00e9rence Mennonite Mondiale se joint aux catholiques et \u00e0 toutes les autres communaut\u00e9s de foi de par le monde, qui sont endeuill\u00e9es par la mort du pape Fran\u00e7ois, ce 21 avril 2025, \u00e0 l\u2019\u00e2ge de 88 ans.","breadcrumb":{"@id":"https:\/\/mwc-cmm.org\/fr\/stories\/in-memoriam-pape-francois\/#breadcrumb"},"inLanguage":"fr-FR","potentialAction":[{"@type":"ReadAction","target":["https:\/\/mwc-cmm.org\/fr\/stories\/in-memoriam-pape-francois\/"]}]},{"@type":"ImageObject","inLanguage":"fr-FR","@id":"https:\/\/mwc-cmm.org\/fr\/stories\/in-memoriam-pape-francois\/#primaryimage","url":"https:\/\/mwc-cmm.org\/wp-content\/uploads\/2025\/04\/ashwin-vaswani-55k45BgfUF8-unsplash-scaled.jpg","contentUrl":"https:\/\/mwc-cmm.org\/wp-content\/uploads\/2025\/04\/ashwin-vaswani-55k45BgfUF8-unsplash-scaled.jpg","width":2560,"height":1707,"caption":"Photo:"},{"@type":"BreadcrumbList","@id":"https:\/\/mwc-cmm.org\/fr\/stories\/in-memoriam-pape-francois\/#breadcrumb","itemListElement":[{"@type":"ListItem","position":1,"name":"Home","item":"https:\/\/mwc-cmm.org\/fr\/"},{"@type":"ListItem","position":2,"name":"In memoriam : pape Fran\u00e7ois (1936-2025)"}]},{"@type":"WebSite","@id":"https:\/\/mwc-cmm.org\/en\/#website","url":"https:\/\/mwc-cmm.org\/en\/","name":"Mennonite World Conference","description":"A communion of Anabaptist-related churches","publisher":{"@id":"https:\/\/mwc-cmm.org\/en\/#organization"},"alternateName":"MWC","potentialAction":[{"@type":"SearchAction","target":{"@type":"EntryPoint","urlTemplate":"https:\/\/mwc-cmm.org\/en\/?s={search_term_string}"},"query-input":{"@type":"PropertyValueSpecification","valueRequired":true,"valueName":"search_term_string"}}],"inLanguage":"fr-FR"},{"@type":"Organization","@id":"https:\/\/mwc-cmm.org\/en\/#organization","name":"Mennonite World Conference","alternateName":"MWC","url":"https:\/\/mwc-cmm.org\/en\/","logo":{"@type":"ImageObject","inLanguage":"fr-FR","@id":"https:\/\/mwc-cmm.org\/en\/#\/schema\/logo\/image\/","url":"https:\/\/mwc-cmm.org\/wp-content\/uploads\/2026\/01\/MWC_Sig_Blue_Horiz_webheader1-logo.svg","contentUrl":"https:\/\/mwc-cmm.org\/wp-content\/uploads\/2026\/01\/MWC_Sig_Blue_Horiz_webheader1-logo.svg","width":786,"height":82,"caption":"Mennonite World Conference"},"image":{"@id":"https:\/\/mwc-cmm.org\/en\/#\/schema\/logo\/image\/"},"sameAs":["https:\/\/www.facebook.com\/MennoniteWorldConference","https:\/\/www.linkedin.com\/company\/mennonite-world-conference-mwc\/","https:\/\/www.instagram.com\/mwcmm\/","https:\/\/www.youtube.com\/user\/mwccmm","https:\/\/bsky.app\/profile\/mwcmm.bsky.social"]},{"@type":"Person","@id":"https:\/\/mwc-cmm.org\/en\/#\/schema\/person\/9cb7cad70e3a0ac2b145c3441df0dc08","name":"Karla Braun","pronouns":"she\/her","image":{"@type":"ImageObject","inLanguage":"fr-FR","@id":"https:\/\/secure.gravatar.com\/avatar\/330c84143dc3a1bf6e7887f828baae23c874bf72d5eedb0461d88c0725087370?s=96&d=mm&r=g","url":"https:\/\/secure.gravatar.com\/avatar\/330c84143dc3a1bf6e7887f828baae23c874bf72d5eedb0461d88c0725087370?s=96&d=mm&r=g","contentUrl":"https:\/\/secure.gravatar.com\/avatar\/330c84143dc3a1bf6e7887f828baae23c874bf72d5eedb0461d88c0725087370?s=96&d=mm&r=g","caption":"Karla Braun"},"description":"Karla Braun serves as editor and website coordinator for MWC since 2015.","url":"https:\/\/mwc-cmm.org\/fr\/stories\/author\/karla\/"}]}},"_links":{"self":[{"href":"https:\/\/mwc-cmm.org\/fr\/wp-json\/wp\/v2\/posts\/112682","targetHints":{"allow":["GET"]}}],"collection":[{"href":"https:\/\/mwc-cmm.org\/fr\/wp-json\/wp\/v2\/posts"}],"about":[{"href":"https:\/\/mwc-cmm.org\/fr\/wp-json\/wp\/v2\/types\/post"}],"author":[{"embeddable":true,"href":"https:\/\/mwc-cmm.org\/fr\/wp-json\/wp\/v2\/users\/6"}],"replies":[{"embeddable":true,"href":"https:\/\/mwc-cmm.org\/fr\/wp-json\/wp\/v2\/comments?post=112682"}],"version-history":[{"count":0,"href":"https:\/\/mwc-cmm.org\/fr\/wp-json\/wp\/v2\/posts\/112682\/revisions"}],"wp:featuredmedia":[{"embeddable":true,"href":"https:\/\/mwc-cmm.org\/fr\/wp-json\/wp\/v2\/media\/112642"}],"wp:attachment":[{"href":"https:\/\/mwc-cmm.org\/fr\/wp-json\/wp\/v2\/media?parent=112682"}],"wp:term":[{"taxonomy":"category","embeddable":true,"href":"https:\/\/mwc-cmm.org\/fr\/wp-json\/wp\/v2\/categories?post=112682"},{"taxonomy":"post_tag","embeddable":true,"href":"https:\/\/mwc-cmm.org\/fr\/wp-json\/wp\/v2\/tags?post=112682"},{"taxonomy":"network","embeddable":true,"href":"https:\/\/mwc-cmm.org\/fr\/wp-json\/wp\/v2\/network?post=112682"},{"taxonomy":"eventcategory","embeddable":true,"href":"https:\/\/mwc-cmm.org\/fr\/wp-json\/wp\/v2\/eventcategory?post=112682"}],"curies":[{"name":"wp","href":"https:\/\/api.w.org\/{rel}","templated":true}]}}