{"id":112258,"date":"2025-04-08T15:01:11","date_gmt":"2025-04-08T15:01:11","guid":{"rendered":"https:\/\/mwc-cmm.org\/?p=112258"},"modified":"2025-04-10T13:55:34","modified_gmt":"2025-04-10T13:55:34","slug":"lettre-pastorale-des-anabaptistes-en-equateur","status":"publish","type":"post","link":"https:\/\/mwc-cmm.org\/fr\/stories\/lettre-pastorale-des-anabaptistes-en-equateur\/","title":{"rendered":"Lettre pastorale des anabaptistes en Equateur"},"content":{"rendered":"\n<p>S\u0153urs et fr\u00e8res bien-aim\u00e9s :&nbsp;<\/p>\n\n\n\n<p>L\u2019\u00e9tat de \u00ab\u2009conflit arm\u00e9 interne\u2009\u00bb a \u00e9t\u00e9 d\u00e9clar\u00e9 en \u00c9quateur depuis janvier 2024. Le gouvernement continue de lutter contre la violence des groupes criminels organis\u00e9s. Les trois unions d\u2019\u00e9glises mennonites d\u2019\u00c9quateur \u2013 <em>Iglesia Evang\u00e9lica Menonita Ecuatoriana<\/em> (IEME \u2013 \u00e9glise membre de la CMM), <em>Iglesia Cristiana Anabautista Menonita de Ecuador<\/em> (ICAME), <em>Iglesia Cristiana Menonita<\/em> (ICME) \u2013 appellent notre famille anabaptiste mondiale \u00e0 la pri\u00e8re.&nbsp;<\/p>\n\n\n\n<figure class=\"wp-block-pullquote has-medium-font-size\"><blockquote><p>Chers fr\u00e8res et s\u0153urs en Christ, chaleureuses salutations depuis les montagnes et la c\u00f4te de l\u2019\u00c9quateur.\u00a0<br><br>Nous appelons \u00e0 la pri\u00e8re, car nous savons que Dieu d\u00e9sire le <em>shalom<\/em> et le bien-\u00eatre pour le peuple \u00e9quatorien et nos \u00e9glises mennonites.\u00a0<br><br>Nous sommes quotidiennement en proie aux t\u00e9n\u00e8bres\u2009; notre pays est pass\u00e9 du statut d\u2019\u00ab\u2009\u00eele de paix\u2009\u00bb \u00e0 celui d\u2019un puits de d\u00e9solation. Chaque jour, on nous rapporte des histoires de massacres et d\u2019horreur. Aujourd\u2019hui, nos \u00e9glises sont confront\u00e9es \u00e0 des dilemmes impensables, par exemple s\u2019il convient d\u2019affecter une partie de l\u2019offrande aux barons de la drogue qui contr\u00f4lent nos quartiers. Cela les apaiserait et permettrait \u00e0 nos assembl\u00e9es de continuer \u00e0 prier ensemble le dimanche.\u00a0<br><br><strong><em>Nous savons que Dieu a un autre projet pour nous.\u00a0<\/em><\/strong><br><br>En tant que communaut\u00e9 de responsables engag\u00e9s dans la non-violence, les trois conf\u00e9rences anabaptistes d\u2019\u00c9quateur se sont unies pour travailler \u00e0 la paix dans notre pays.<br><br>Cependant, nous savons que nous ne pouvons pas faire ce travail seuls. C\u2019est pourquoi nous demandons \u00e0 nos chers fr\u00e8res et s\u0153urs de se joindre \u00e0 nous dans l\u2019intercession de sorte que le corps du Christ ne fasse qu\u2019un avec l\u2019\u00c9quateur.<br><br>Nous vous demandons \u00e9galement de prier pour les groupes criminels afin que les personnes agress\u00e9es et agressives puissent conna\u00eetre le <em>shalom<\/em> qui m\u00e8ne \u00e0 la paix.\u00a0<br><br>Que notre travail commun pour unir les diff\u00e9rentes \u00e9glises et nos diff\u00e9rentes mani\u00e8res d\u2019\u00eatre \u00c9glise soit un phare de paix en ces temps troubl\u00e9s et de division.\u00a0<\/p><\/blockquote><\/figure>\n\n\n\n<p><strong><em>Joignez-vous \u00e0 nos fr\u00e8res et s\u0153urs anabaptistes pour prier pour l\u2019\u00c9quateur.&nbsp;<\/em><\/strong><\/p>\n\n\n\n<p>En J\u00e9sus-Christ, notre paix&nbsp;<\/p>\n\n\n\n<div class=\"wp-block-columns is-layout-flex wp-container-core-columns-is-layout-28f84493 wp-block-columns-is-layout-flex\">\n<div class=\"wp-block-column is-layout-flow wp-block-column-is-layout-flow\" style=\"flex-basis:33.33%\">\n<figure class=\"wp-block-image size-full\"><img decoding=\"async\" width=\"480\" height=\"480\" data-src=\"https:\/\/mwc-cmm.org\/wp-content\/uploads\/2025\/01\/Henk-Stenvers-1-Small.png\" alt=\"\" class=\"wp-image-108562 lazyload\" data-srcset=\"https:\/\/mwc-cmm.org\/wp-content\/uploads\/2025\/01\/Henk-Stenvers-1-Small.png 480w, https:\/\/mwc-cmm.org\/wp-content\/uploads\/2025\/01\/Henk-Stenvers-1-Small-300x300.png 300w, https:\/\/mwc-cmm.org\/wp-content\/uploads\/2025\/01\/Henk-Stenvers-1-Small-150x150.png 150w, https:\/\/mwc-cmm.org\/wp-content\/uploads\/2025\/01\/Henk-Stenvers-1-Small-400x400.png 400w\" data-sizes=\"(max-width: 480px) 100vw, 480px\" src=\"data:image\/svg+xml;base64,PHN2ZyB3aWR0aD0iMSIgaGVpZ2h0PSIxIiB4bWxucz0iaHR0cDovL3d3dy53My5vcmcvMjAwMC9zdmciPjwvc3ZnPg==\" style=\"--smush-placeholder-width: 480px; --smush-placeholder-aspect-ratio: 480\/480;\" \/><\/figure>\n<\/div>\n\n\n\n<div class=\"wp-block-column is-layout-flow wp-block-column-is-layout-flow\" style=\"flex-basis:66.66%\">\n<p><em>Henk Stenvers,<\/em><br><em>pr\u00e9sident&nbsp;<\/em><\/p>\n<\/div>\n<\/div>\n\n\n\n<div class=\"wp-block-columns is-layout-flex wp-container-core-columns-is-layout-28f84493 wp-block-columns-is-layout-flex\">\n<div class=\"wp-block-column is-layout-flow wp-block-column-is-layout-flow\" style=\"flex-basis:33.33%\">\n<figure class=\"wp-block-image size-large\"><img decoding=\"async\" width=\"1024\" height=\"1024\" data-src=\"https:\/\/mwc-cmm.org\/wp-content\/uploads\/2025\/04\/Andres-Pacheco-Lozano-1024x1024.jpg\" alt=\"\" class=\"wp-image-112274 lazyload\" data-srcset=\"https:\/\/mwc-cmm.org\/wp-content\/uploads\/2025\/04\/Andres-Pacheco-Lozano-1024x1024.jpg 1024w, https:\/\/mwc-cmm.org\/wp-content\/uploads\/2025\/04\/Andres-Pacheco-Lozano-300x300.jpg 300w, https:\/\/mwc-cmm.org\/wp-content\/uploads\/2025\/04\/Andres-Pacheco-Lozano-150x150.jpg 150w, https:\/\/mwc-cmm.org\/wp-content\/uploads\/2025\/04\/Andres-Pacheco-Lozano-768x768.jpg 768w, https:\/\/mwc-cmm.org\/wp-content\/uploads\/2025\/04\/Andres-Pacheco-Lozano.jpg 1080w\" data-sizes=\"(max-width: 1024px) 100vw, 1024px\" src=\"data:image\/svg+xml;base64,PHN2ZyB3aWR0aD0iMSIgaGVpZ2h0PSIxIiB4bWxucz0iaHR0cDovL3d3dy53My5vcmcvMjAwMC9zdmciPjwvc3ZnPg==\" style=\"--smush-placeholder-width: 1024px; --smush-placeholder-aspect-ratio: 1024\/1024;\" \/><\/figure>\n<\/div>\n\n\n\n<div class=\"wp-block-column is-layout-flow wp-block-column-is-layout-flow\" style=\"flex-basis:66.66%\">\n<p><em>Andr\u00e9s Pacheco Lozano,<br>Pr\u00e9sident de la Commission Paix<\/em><\/p>\n<\/div>\n<\/div>\n","protected":false},"excerpt":{"rendered":"<p>S\u0153urs et fr\u00e8res bien-aim\u00e9s :&nbsp; L\u2019\u00e9tat de \u00ab\u2009conflit arm\u00e9 interne\u2009\u00bb a \u00e9t\u00e9 d\u00e9clar\u00e9 en \u00c9quateur depuis janvier 2024. Le gouvernement continue de lutter contre la violence des groupes criminels organis\u00e9s. Les trois unions d\u2019\u00e9glises mennonites d\u2019\u00c9quateur \u2013 Iglesia Evang\u00e9lica Menonita Ecuatoriana (IEME \u2013 \u00e9glise membre de la CMM), Iglesia Cristiana Anabautista Menonita de Ecuador (ICAME), [&hellip;]<\/p>\n","protected":false},"author":8,"featured_media":112262,"comment_status":"open","ping_status":"closed","sticky":false,"template":"","format":"standard","meta":{"_acf_changed":false,"footnotes":""},"categories":[546,7,458],"tags":[470,523,524],"network":[],"eventcategory":[],"class_list":["post-112258","post","type-post","status-publish","format-standard","has-post-thumbnail","hentry","category-de-nos-responsables","category-non-classifiee","category-priere-urgente","tag-paix","tag-pastoral-letter-fr","tag-prayer-fr"],"acf":[],"yoast_head":"<!-- This site is optimized with the Yoast SEO plugin v27.2 - https:\/\/yoast.com\/product\/yoast-seo-wordpress\/ -->\n<title>Lettre pastorale des anabaptistes en Equateur - Mennonite World Conference<\/title>\n<meta name=\"robots\" content=\"index, follow, max-snippet:-1, max-image-preview:large, max-video-preview:-1\" \/>\n<link rel=\"canonical\" href=\"https:\/\/mwc-cmm.org\/fr\/stories\/lettre-pastorale-des-anabaptistes-en-equateur\/\" \/>\n<meta property=\"og:locale\" content=\"fr_FR\" \/>\n<meta property=\"og:type\" content=\"article\" \/>\n<meta property=\"og:title\" content=\"Lettre pastorale des anabaptistes en Equateur - Mennonite World Conference\" \/>\n<meta property=\"og:description\" content=\"S\u0153urs et fr\u00e8res bien-aim\u00e9s :&nbsp; L\u2019\u00e9tat de \u00ab\u2009conflit arm\u00e9 interne\u2009\u00bb a \u00e9t\u00e9 d\u00e9clar\u00e9 en \u00c9quateur depuis janvier 2024. Le gouvernement continue de lutter contre la violence des groupes criminels organis\u00e9s. Les trois unions d\u2019\u00e9glises mennonites d\u2019\u00c9quateur \u2013 Iglesia Evang\u00e9lica Menonita Ecuatoriana (IEME \u2013 \u00e9glise membre de la CMM), Iglesia Cristiana Anabautista Menonita de Ecuador (ICAME), [&hellip;]\" \/>\n<meta property=\"og:url\" content=\"https:\/\/mwc-cmm.org\/fr\/stories\/lettre-pastorale-des-anabaptistes-en-equateur\/\" \/>\n<meta property=\"og:site_name\" content=\"Mennonite World Conference\" \/>\n<meta property=\"article:publisher\" content=\"https:\/\/www.facebook.com\/MennoniteWorldConference\" \/>\n<meta property=\"article:published_time\" content=\"2025-04-08T15:01:11+00:00\" \/>\n<meta property=\"article:modified_time\" content=\"2025-04-10T13:55:34+00:00\" \/>\n<meta property=\"og:image\" content=\"https:\/\/mwc-cmm.org\/wp-content\/uploads\/2025\/04\/20170912IglesiaMenonitaCasadeOracionJacuatasEcuadorIMG_20170903_193813_111.jpg\" \/>\n\t<meta property=\"og:image:width\" content=\"1080\" \/>\n\t<meta property=\"og:image:height\" content=\"1080\" \/>\n\t<meta property=\"og:image:type\" content=\"image\/jpeg\" \/>\n<meta name=\"author\" content=\"Stephanie Setiawan\" \/>\n<script type=\"application\/ld+json\" class=\"yoast-schema-graph\">{\"@context\":\"https:\/\/schema.org\",\"@graph\":[{\"@type\":\"Article\",\"@id\":\"https:\/\/mwc-cmm.org\/fr\/stories\/lettre-pastorale-des-anabaptistes-en-equateur\/#article\",\"isPartOf\":{\"@id\":\"https:\/\/mwc-cmm.org\/fr\/stories\/lettre-pastorale-des-anabaptistes-en-equateur\/\"},\"author\":{\"name\":\"Stephanie Setiawan\",\"@id\":\"https:\/\/mwc-cmm.org\/en\/#\/schema\/person\/00b62ed8ea1527254a44f3ace3aee79d\"},\"headline\":\"Lettre pastorale des anabaptistes en Equateur\",\"datePublished\":\"2025-04-08T15:01:11+00:00\",\"dateModified\":\"2025-04-10T13:55:34+00:00\",\"mainEntityOfPage\":{\"@id\":\"https:\/\/mwc-cmm.org\/fr\/stories\/lettre-pastorale-des-anabaptistes-en-equateur\/\"},\"wordCount\":388,\"commentCount\":0,\"publisher\":{\"@id\":\"https:\/\/mwc-cmm.org\/en\/#organization\"},\"image\":{\"@id\":\"https:\/\/mwc-cmm.org\/fr\/stories\/lettre-pastorale-des-anabaptistes-en-equateur\/#primaryimage\"},\"thumbnailUrl\":\"https:\/\/mwc-cmm.org\/wp-content\/uploads\/2025\/04\/20170912IglesiaMenonitaCasadeOracionJacuatasEcuadorIMG_20170903_193813_111.jpg\",\"keywords\":[\"paix\",\"pastoral letter\",\"prayer\"],\"articleSection\":[\"De Nos Responsables\",\"Non classifi\u00e9(e)\",\"Pri\u00e8re urgente\"],\"inLanguage\":\"fr-FR\",\"potentialAction\":[{\"@type\":\"CommentAction\",\"name\":\"Comment\",\"target\":[\"https:\/\/mwc-cmm.org\/fr\/stories\/lettre-pastorale-des-anabaptistes-en-equateur\/#respond\"]}]},{\"@type\":\"WebPage\",\"@id\":\"https:\/\/mwc-cmm.org\/fr\/stories\/lettre-pastorale-des-anabaptistes-en-equateur\/\",\"url\":\"https:\/\/mwc-cmm.org\/fr\/stories\/lettre-pastorale-des-anabaptistes-en-equateur\/\",\"name\":\"Lettre pastorale des anabaptistes en Equateur - Mennonite World Conference\",\"isPartOf\":{\"@id\":\"https:\/\/mwc-cmm.org\/en\/#website\"},\"primaryImageOfPage\":{\"@id\":\"https:\/\/mwc-cmm.org\/fr\/stories\/lettre-pastorale-des-anabaptistes-en-equateur\/#primaryimage\"},\"image\":{\"@id\":\"https:\/\/mwc-cmm.org\/fr\/stories\/lettre-pastorale-des-anabaptistes-en-equateur\/#primaryimage\"},\"thumbnailUrl\":\"https:\/\/mwc-cmm.org\/wp-content\/uploads\/2025\/04\/20170912IglesiaMenonitaCasadeOracionJacuatasEcuadorIMG_20170903_193813_111.jpg\",\"datePublished\":\"2025-04-08T15:01:11+00:00\",\"dateModified\":\"2025-04-10T13:55:34+00:00\",\"breadcrumb\":{\"@id\":\"https:\/\/mwc-cmm.org\/fr\/stories\/lettre-pastorale-des-anabaptistes-en-equateur\/#breadcrumb\"},\"inLanguage\":\"fr-FR\",\"potentialAction\":[{\"@type\":\"ReadAction\",\"target\":[\"https:\/\/mwc-cmm.org\/fr\/stories\/lettre-pastorale-des-anabaptistes-en-equateur\/\"]}]},{\"@type\":\"ImageObject\",\"inLanguage\":\"fr-FR\",\"@id\":\"https:\/\/mwc-cmm.org\/fr\/stories\/lettre-pastorale-des-anabaptistes-en-equateur\/#primaryimage\",\"url\":\"https:\/\/mwc-cmm.org\/wp-content\/uploads\/2025\/04\/20170912IglesiaMenonitaCasadeOracionJacuatasEcuadorIMG_20170903_193813_111.jpg\",\"contentUrl\":\"https:\/\/mwc-cmm.org\/wp-content\/uploads\/2025\/04\/20170912IglesiaMenonitaCasadeOracionJacuatasEcuadorIMG_20170903_193813_111.jpg\",\"width\":1080,\"height\":1080,\"caption\":\"Iglesia Menonita Casa de Oracion, Ecuador\"},{\"@type\":\"BreadcrumbList\",\"@id\":\"https:\/\/mwc-cmm.org\/fr\/stories\/lettre-pastorale-des-anabaptistes-en-equateur\/#breadcrumb\",\"itemListElement\":[{\"@type\":\"ListItem\",\"position\":1,\"name\":\"Home\",\"item\":\"https:\/\/mwc-cmm.org\/fr\/\"},{\"@type\":\"ListItem\",\"position\":2,\"name\":\"Lettre pastorale des anabaptistes en Equateur\"}]},{\"@type\":\"WebSite\",\"@id\":\"https:\/\/mwc-cmm.org\/en\/#website\",\"url\":\"https:\/\/mwc-cmm.org\/en\/\",\"name\":\"Mennonite World Conference\",\"description\":\"A communion of Anabaptist-related churches\",\"publisher\":{\"@id\":\"https:\/\/mwc-cmm.org\/en\/#organization\"},\"alternateName\":\"MWC\",\"potentialAction\":[{\"@type\":\"SearchAction\",\"target\":{\"@type\":\"EntryPoint\",\"urlTemplate\":\"https:\/\/mwc-cmm.org\/en\/?s={search_term_string}\"},\"query-input\":{\"@type\":\"PropertyValueSpecification\",\"valueRequired\":true,\"valueName\":\"search_term_string\"}}],\"inLanguage\":\"fr-FR\"},{\"@type\":\"Organization\",\"@id\":\"https:\/\/mwc-cmm.org\/en\/#organization\",\"name\":\"Mennonite World Conference\",\"alternateName\":\"MWC\",\"url\":\"https:\/\/mwc-cmm.org\/en\/\",\"logo\":{\"@type\":\"ImageObject\",\"inLanguage\":\"fr-FR\",\"@id\":\"https:\/\/mwc-cmm.org\/en\/#\/schema\/logo\/image\/\",\"url\":\"https:\/\/mwc-cmm.org\/wp-content\/uploads\/2026\/01\/MWC_Sig_Blue_Horiz_webheader1-logo.svg\",\"contentUrl\":\"https:\/\/mwc-cmm.org\/wp-content\/uploads\/2026\/01\/MWC_Sig_Blue_Horiz_webheader1-logo.svg\",\"width\":786,\"height\":82,\"caption\":\"Mennonite World Conference\"},\"image\":{\"@id\":\"https:\/\/mwc-cmm.org\/en\/#\/schema\/logo\/image\/\"},\"sameAs\":[\"https:\/\/www.facebook.com\/MennoniteWorldConference\",\"https:\/\/www.linkedin.com\/company\/mennonite-world-conference-mwc\/\",\"https:\/\/www.instagram.com\/mwcmm\/\",\"https:\/\/www.youtube.com\/user\/mwccmm\",\"https:\/\/bsky.app\/profile\/mwcmm.bsky.social\"]},{\"@type\":\"Person\",\"@id\":\"https:\/\/mwc-cmm.org\/en\/#\/schema\/person\/00b62ed8ea1527254a44f3ace3aee79d\",\"name\":\"Stephanie Setiawan\",\"image\":{\"@type\":\"ImageObject\",\"inLanguage\":\"fr-FR\",\"@id\":\"https:\/\/secure.gravatar.com\/avatar\/71b4b62cf3d0cfb4c8a367a101127ba8adfa1c22417900980ea24f5f4457a76d?s=96&d=mm&r=g\",\"url\":\"https:\/\/secure.gravatar.com\/avatar\/71b4b62cf3d0cfb4c8a367a101127ba8adfa1c22417900980ea24f5f4457a76d?s=96&d=mm&r=g\",\"contentUrl\":\"https:\/\/secure.gravatar.com\/avatar\/71b4b62cf3d0cfb4c8a367a101127ba8adfa1c22417900980ea24f5f4457a76d?s=96&d=mm&r=g\",\"caption\":\"Stephanie Setiawan\"},\"url\":\"https:\/\/mwc-cmm.org\/fr\/stories\/author\/stephanie\/\"}]}<\/script>\n<!-- \/ Yoast SEO plugin. -->","yoast_head_json":{"title":"Lettre pastorale des anabaptistes en Equateur - Mennonite World Conference","robots":{"index":"index","follow":"follow","max-snippet":"max-snippet:-1","max-image-preview":"max-image-preview:large","max-video-preview":"max-video-preview:-1"},"canonical":"https:\/\/mwc-cmm.org\/fr\/stories\/lettre-pastorale-des-anabaptistes-en-equateur\/","og_locale":"fr_FR","og_type":"article","og_title":"Lettre pastorale des anabaptistes en Equateur - Mennonite World Conference","og_description":"S\u0153urs et fr\u00e8res bien-aim\u00e9s :&nbsp; L\u2019\u00e9tat de \u00ab\u2009conflit arm\u00e9 interne\u2009\u00bb a \u00e9t\u00e9 d\u00e9clar\u00e9 en \u00c9quateur depuis janvier 2024. Le gouvernement continue de lutter contre la violence des groupes criminels organis\u00e9s. Les trois unions d\u2019\u00e9glises mennonites d\u2019\u00c9quateur \u2013 Iglesia Evang\u00e9lica Menonita Ecuatoriana (IEME \u2013 \u00e9glise membre de la CMM), Iglesia Cristiana Anabautista Menonita de Ecuador (ICAME), [&hellip;]","og_url":"https:\/\/mwc-cmm.org\/fr\/stories\/lettre-pastorale-des-anabaptistes-en-equateur\/","og_site_name":"Mennonite World Conference","article_publisher":"https:\/\/www.facebook.com\/MennoniteWorldConference","article_published_time":"2025-04-08T15:01:11+00:00","article_modified_time":"2025-04-10T13:55:34+00:00","og_image":[{"width":1080,"height":1080,"url":"https:\/\/mwc-cmm.org\/wp-content\/uploads\/2025\/04\/20170912IglesiaMenonitaCasadeOracionJacuatasEcuadorIMG_20170903_193813_111.jpg","type":"image\/jpeg"}],"author":"Stephanie Setiawan","schema":{"@context":"https:\/\/schema.org","@graph":[{"@type":"Article","@id":"https:\/\/mwc-cmm.org\/fr\/stories\/lettre-pastorale-des-anabaptistes-en-equateur\/#article","isPartOf":{"@id":"https:\/\/mwc-cmm.org\/fr\/stories\/lettre-pastorale-des-anabaptistes-en-equateur\/"},"author":{"name":"Stephanie Setiawan","@id":"https:\/\/mwc-cmm.org\/en\/#\/schema\/person\/00b62ed8ea1527254a44f3ace3aee79d"},"headline":"Lettre pastorale des anabaptistes en Equateur","datePublished":"2025-04-08T15:01:11+00:00","dateModified":"2025-04-10T13:55:34+00:00","mainEntityOfPage":{"@id":"https:\/\/mwc-cmm.org\/fr\/stories\/lettre-pastorale-des-anabaptistes-en-equateur\/"},"wordCount":388,"commentCount":0,"publisher":{"@id":"https:\/\/mwc-cmm.org\/en\/#organization"},"image":{"@id":"https:\/\/mwc-cmm.org\/fr\/stories\/lettre-pastorale-des-anabaptistes-en-equateur\/#primaryimage"},"thumbnailUrl":"https:\/\/mwc-cmm.org\/wp-content\/uploads\/2025\/04\/20170912IglesiaMenonitaCasadeOracionJacuatasEcuadorIMG_20170903_193813_111.jpg","keywords":["paix","pastoral letter","prayer"],"articleSection":["De Nos Responsables","Non classifi\u00e9(e)","Pri\u00e8re urgente"],"inLanguage":"fr-FR","potentialAction":[{"@type":"CommentAction","name":"Comment","target":["https:\/\/mwc-cmm.org\/fr\/stories\/lettre-pastorale-des-anabaptistes-en-equateur\/#respond"]}]},{"@type":"WebPage","@id":"https:\/\/mwc-cmm.org\/fr\/stories\/lettre-pastorale-des-anabaptistes-en-equateur\/","url":"https:\/\/mwc-cmm.org\/fr\/stories\/lettre-pastorale-des-anabaptistes-en-equateur\/","name":"Lettre pastorale des anabaptistes en Equateur - Mennonite World Conference","isPartOf":{"@id":"https:\/\/mwc-cmm.org\/en\/#website"},"primaryImageOfPage":{"@id":"https:\/\/mwc-cmm.org\/fr\/stories\/lettre-pastorale-des-anabaptistes-en-equateur\/#primaryimage"},"image":{"@id":"https:\/\/mwc-cmm.org\/fr\/stories\/lettre-pastorale-des-anabaptistes-en-equateur\/#primaryimage"},"thumbnailUrl":"https:\/\/mwc-cmm.org\/wp-content\/uploads\/2025\/04\/20170912IglesiaMenonitaCasadeOracionJacuatasEcuadorIMG_20170903_193813_111.jpg","datePublished":"2025-04-08T15:01:11+00:00","dateModified":"2025-04-10T13:55:34+00:00","breadcrumb":{"@id":"https:\/\/mwc-cmm.org\/fr\/stories\/lettre-pastorale-des-anabaptistes-en-equateur\/#breadcrumb"},"inLanguage":"fr-FR","potentialAction":[{"@type":"ReadAction","target":["https:\/\/mwc-cmm.org\/fr\/stories\/lettre-pastorale-des-anabaptistes-en-equateur\/"]}]},{"@type":"ImageObject","inLanguage":"fr-FR","@id":"https:\/\/mwc-cmm.org\/fr\/stories\/lettre-pastorale-des-anabaptistes-en-equateur\/#primaryimage","url":"https:\/\/mwc-cmm.org\/wp-content\/uploads\/2025\/04\/20170912IglesiaMenonitaCasadeOracionJacuatasEcuadorIMG_20170903_193813_111.jpg","contentUrl":"https:\/\/mwc-cmm.org\/wp-content\/uploads\/2025\/04\/20170912IglesiaMenonitaCasadeOracionJacuatasEcuadorIMG_20170903_193813_111.jpg","width":1080,"height":1080,"caption":"Iglesia Menonita Casa de Oracion, Ecuador"},{"@type":"BreadcrumbList","@id":"https:\/\/mwc-cmm.org\/fr\/stories\/lettre-pastorale-des-anabaptistes-en-equateur\/#breadcrumb","itemListElement":[{"@type":"ListItem","position":1,"name":"Home","item":"https:\/\/mwc-cmm.org\/fr\/"},{"@type":"ListItem","position":2,"name":"Lettre pastorale des anabaptistes en Equateur"}]},{"@type":"WebSite","@id":"https:\/\/mwc-cmm.org\/en\/#website","url":"https:\/\/mwc-cmm.org\/en\/","name":"Mennonite World Conference","description":"A communion of Anabaptist-related churches","publisher":{"@id":"https:\/\/mwc-cmm.org\/en\/#organization"},"alternateName":"MWC","potentialAction":[{"@type":"SearchAction","target":{"@type":"EntryPoint","urlTemplate":"https:\/\/mwc-cmm.org\/en\/?s={search_term_string}"},"query-input":{"@type":"PropertyValueSpecification","valueRequired":true,"valueName":"search_term_string"}}],"inLanguage":"fr-FR"},{"@type":"Organization","@id":"https:\/\/mwc-cmm.org\/en\/#organization","name":"Mennonite World Conference","alternateName":"MWC","url":"https:\/\/mwc-cmm.org\/en\/","logo":{"@type":"ImageObject","inLanguage":"fr-FR","@id":"https:\/\/mwc-cmm.org\/en\/#\/schema\/logo\/image\/","url":"https:\/\/mwc-cmm.org\/wp-content\/uploads\/2026\/01\/MWC_Sig_Blue_Horiz_webheader1-logo.svg","contentUrl":"https:\/\/mwc-cmm.org\/wp-content\/uploads\/2026\/01\/MWC_Sig_Blue_Horiz_webheader1-logo.svg","width":786,"height":82,"caption":"Mennonite World Conference"},"image":{"@id":"https:\/\/mwc-cmm.org\/en\/#\/schema\/logo\/image\/"},"sameAs":["https:\/\/www.facebook.com\/MennoniteWorldConference","https:\/\/www.linkedin.com\/company\/mennonite-world-conference-mwc\/","https:\/\/www.instagram.com\/mwcmm\/","https:\/\/www.youtube.com\/user\/mwccmm","https:\/\/bsky.app\/profile\/mwcmm.bsky.social"]},{"@type":"Person","@id":"https:\/\/mwc-cmm.org\/en\/#\/schema\/person\/00b62ed8ea1527254a44f3ace3aee79d","name":"Stephanie Setiawan","image":{"@type":"ImageObject","inLanguage":"fr-FR","@id":"https:\/\/secure.gravatar.com\/avatar\/71b4b62cf3d0cfb4c8a367a101127ba8adfa1c22417900980ea24f5f4457a76d?s=96&d=mm&r=g","url":"https:\/\/secure.gravatar.com\/avatar\/71b4b62cf3d0cfb4c8a367a101127ba8adfa1c22417900980ea24f5f4457a76d?s=96&d=mm&r=g","contentUrl":"https:\/\/secure.gravatar.com\/avatar\/71b4b62cf3d0cfb4c8a367a101127ba8adfa1c22417900980ea24f5f4457a76d?s=96&d=mm&r=g","caption":"Stephanie Setiawan"},"url":"https:\/\/mwc-cmm.org\/fr\/stories\/author\/stephanie\/"}]}},"_links":{"self":[{"href":"https:\/\/mwc-cmm.org\/fr\/wp-json\/wp\/v2\/posts\/112258","targetHints":{"allow":["GET"]}}],"collection":[{"href":"https:\/\/mwc-cmm.org\/fr\/wp-json\/wp\/v2\/posts"}],"about":[{"href":"https:\/\/mwc-cmm.org\/fr\/wp-json\/wp\/v2\/types\/post"}],"author":[{"embeddable":true,"href":"https:\/\/mwc-cmm.org\/fr\/wp-json\/wp\/v2\/users\/8"}],"replies":[{"embeddable":true,"href":"https:\/\/mwc-cmm.org\/fr\/wp-json\/wp\/v2\/comments?post=112258"}],"version-history":[{"count":0,"href":"https:\/\/mwc-cmm.org\/fr\/wp-json\/wp\/v2\/posts\/112258\/revisions"}],"wp:featuredmedia":[{"embeddable":true,"href":"https:\/\/mwc-cmm.org\/fr\/wp-json\/wp\/v2\/media\/112262"}],"wp:attachment":[{"href":"https:\/\/mwc-cmm.org\/fr\/wp-json\/wp\/v2\/media?parent=112258"}],"wp:term":[{"taxonomy":"category","embeddable":true,"href":"https:\/\/mwc-cmm.org\/fr\/wp-json\/wp\/v2\/categories?post=112258"},{"taxonomy":"post_tag","embeddable":true,"href":"https:\/\/mwc-cmm.org\/fr\/wp-json\/wp\/v2\/tags?post=112258"},{"taxonomy":"network","embeddable":true,"href":"https:\/\/mwc-cmm.org\/fr\/wp-json\/wp\/v2\/network?post=112258"},{"taxonomy":"eventcategory","embeddable":true,"href":"https:\/\/mwc-cmm.org\/fr\/wp-json\/wp\/v2\/eventcategory?post=112258"}],"curies":[{"name":"wp","href":"https:\/\/api.w.org\/{rel}","templated":true}]}}