{"id":111583,"date":"2025-03-27T00:00:50","date_gmt":"2025-03-27T00:00:50","guid":{"rendered":"https:\/\/mwc-cmm.org\/?p=111583"},"modified":"2025-03-27T15:23:20","modified_gmt":"2025-03-27T15:23:20","slug":"chemin-sueur-sang","status":"publish","type":"post","link":"https:\/\/mwc-cmm.org\/fr\/stories\/chemin-sueur-sang\/","title":{"rendered":"Un chemin de sueur et de sang"},"content":{"rendered":"\n<h2 class=\"wp-block-heading\">C\u00e9l\u00e9brer, \u00e9quiper, louer : 500 ans d\u2019anabaptisme<\/h2>\n\n\n\n<p>Les \u00e9glises tout autour du monde organisent des fa\u00e7ons de marquer les 500 ans du d\u00e9but de l\u2019anabaptisme, avec des conf\u00e9rences, des hymnes et des \u00e9v\u00e8nements r\u00e9gionaux.\u202f&nbsp;<\/p>\n\n\n\n<p>L\u2019une des \u00e9glises membre de la CMM, Iglesia Mennonita del Per\u00f9, a accueilli l\u2019\u00e9v\u00e8nement \u00ab\u202fCelebrar, equipar, adorar\u202f\u00bb \u00e0 Cusco, au P\u00e9rou, du 18 au 22 janvier 2025, pour marquer les 500 ans du d\u00e9but de l\u2019anabaptisme.\u202f&nbsp;<\/p>\n\n\n\n<p>Des membres de communaut\u00e9s originaires de seize pays d\u2019Am\u00e9rique se sont joints \u00e0 l\u2019\u00e9v\u00e8nement. Des communaut\u00e9s indig\u00e8nes du P\u00e9rou et de l\u2019Equateur ont \u00e9galement particip\u00e9. C\u00e9sar Garcia, secr\u00e9taire g\u00e9n\u00e9ral, et Andrew Suderman, secr\u00e9taire de la Commission pour la Paix, tous deux d\u00e9l\u00e9gu\u00e9s r\u00e9gionaux de la Conf\u00e9rence Mennonite Mondiale, \u00e9taient \u00e9galement pr\u00e9sents.\u202f&nbsp;<\/p>\n\n\n\n<p>Les orateurs de la rencontre sud-am\u00e9ricaine \u00e9taient Jaime Prieto (th\u00e9ologien et historien, Costa Rica), Alix Lozano (th\u00e9ologien et pasteur, Colombie) et C. Arnold Snyder (historien, Canada).\u202f&nbsp;<\/p>\n\n\n\n<p>\u00ab\u202fC\u2019\u00e9tait un moment pr\u00e9cieux pour se souvenir des p\u00e8res et m\u00e8res dans la foi, qui nous ont montr\u00e9 un chemin parsem\u00e9 de sang, de sueur et de larmes, et l\u2019engagement \u00e0 suivre J\u00e9sus Christ\u202f\u00bb, dit Jaime Prieto.\u202f&nbsp;<\/p>\n\n\n\n<p>Les participants et les organisateurs ont pu constater la port\u00e9e de l\u2019Evangile et de l\u2019identit\u00e9 anabaptiste jusque dans les assembl\u00e9es indig\u00e8nes, surtout au P\u00e9rou et en Equateur. Ces communaut\u00e9s ont gagn\u00e9 en profondeur dans leur compr\u00e9hension de l\u2019anabaptisme, et aussi de sa multiplicit\u00e9, m\u00eame dans une r\u00e9gion o\u00f9 l\u2019on parle en grande partie la m\u00eame langue.\u202f&nbsp;<\/p>\n\n\n\n<p>Deux jeunes, en service avec <a href=\"https:\/\/mwc-cmm.org\/fr\/network\/yamen\/\">YAMEN<\/a> (un programme commun \u00e0 la CMM et au Comit\u00e9 central mennonite) ont transmis leur exp\u00e9rience de cette rencontre dans la lettre de nouvelles de la CMM en Bolivie\u202f:\u202f&nbsp;<\/p>\n\n\n\n<p>\u00ab\u202fCes 500 ans sont emplis d\u2019une histoire difficile\u202f; des personnes ont souffert pour le Christ, mais cela n\u2019a pas emp\u00each\u00e9 la Parole de Dieu d\u2019atteindre les d\u00e9serts\u202f\u00bb, a d\u00e9clar\u00e9 Vilma Pop (Guatemala).\u202f&nbsp;<\/p>\n\n\n\n<p>\u00ab\u202fPour moi, ce qui a compt\u00e9 le plus, c\u2019\u00e9tait de voir des gens avec des contextes culturels diff\u00e9rents, qui se sont rappel\u00e9 les d\u00e9buts de l\u2019anabaptisme et qui ont constat\u00e9 les changements arriv\u00e9s au fil du temps. Nous avons mis la lumi\u00e8re sur des probl\u00e8mes, des solutions, et par-dessus tout, des sujets importants pour nos vies en communaut\u00e9s, tout en gardant toujours nos principes anabaptistes comme fondement de nos r\u00e9flexions.\u202f\u00bb, a rapport\u00e9 Yuri De Ara\u00f9jo (Br\u00e9sil).\u202f&nbsp;<\/p>\n\n\n\n<div class=\"wp-block-columns is-layout-flex wp-container-core-columns-is-layout-28f84493 wp-block-columns-is-layout-flex\">\n<div class=\"wp-block-column is-layout-flow wp-block-column-is-layout-flow\">\n<figure class=\"wp-block-image size-large\"><img decoding=\"async\" width=\"1024\" height=\"429\" data-src=\"https:\/\/mwc-cmm.org\/wp-content\/uploads\/2025\/03\/202501AndrewBodden20250121_095631-1024x429.jpg\" alt=\"MTAL, P\u00e9rou 2025\" class=\"wp-image-111539 lazyload\" data-srcset=\"https:\/\/mwc-cmm.org\/wp-content\/uploads\/2025\/03\/202501AndrewBodden20250121_095631-1024x429.jpg 1024w, https:\/\/mwc-cmm.org\/wp-content\/uploads\/2025\/03\/202501AndrewBodden20250121_095631-300x126.jpg 300w, https:\/\/mwc-cmm.org\/wp-content\/uploads\/2025\/03\/202501AndrewBodden20250121_095631-768x322.jpg 768w, https:\/\/mwc-cmm.org\/wp-content\/uploads\/2025\/03\/202501AndrewBodden20250121_095631-1536x644.jpg 1536w, https:\/\/mwc-cmm.org\/wp-content\/uploads\/2025\/03\/202501AndrewBodden20250121_095631-2048x858.jpg 2048w\" data-sizes=\"(max-width: 1024px) 100vw, 1024px\" src=\"data:image\/svg+xml;base64,PHN2ZyB3aWR0aD0iMSIgaGVpZ2h0PSIxIiB4bWxucz0iaHR0cDovL3d3dy53My5vcmcvMjAwMC9zdmciPjwvc3ZnPg==\" style=\"--smush-placeholder-width: 1024px; --smush-placeholder-aspect-ratio: 1024\/429;\" \/><figcaption class=\"wp-element-caption\">Th\u00e9ologienne colombienne<\/figcaption><\/figure>\n<\/div>\n<\/div>\n\n\n\n<p>Un sommet sur la paix et une rencontre pour les femmes (MTAL) ont fait suite \u00e0 la rencontre anniversaire. MTAL (Movimiento de Mujeres Anabautistas Haciendo Teolog\u00eda desde Am\u00e9rica Latina) est un r\u00e9seau de femmes th\u00e9ologiennes anabaptistes qui est n\u00e9 apr\u00e8s le rassemblement de la CMM au Zimbabwe en 2003.\u202f&nbsp;<\/p>\n\n\n\n<div class=\"wp-block-group has-yellow-background-color has-background has-global-padding is-layout-constrained wp-block-group-is-layout-constrained\">\n<p class=\"has-base-color has-text-color has-link-color wp-elements-52c96f9df7c06117ab95cde0a0580c0d\" style=\"font-style:normal;font-weight:600\">Comment est c\u00e9l\u00e9br\u00e9 le 500\u00e8me anniversaire de la naissance de l\u2019anabaptisme dans votre r\u00e9gion ? Envoyez-nous vos photos et vos t\u00e9moignages sur le renouvellement de vos engagements envers l\u2019Evangile d\u2019apr\u00e8s cette tradition. <\/p>\n\n\n\n<div class=\"wp-block-buttons is-layout-flex wp-block-buttons-is-layout-flex\">\n<div class=\"wp-block-button\"><a class=\"wp-block-button__link wp-element-button\" href=\"mailto:photos@mwc-cmm.org\">Envoyer<\/a><\/div>\n<\/div>\n<\/div>\n\n\n\n<hr class=\"wp-block-separator has-alpha-channel-opacity\"\/>\n\n\n\n<figure class=\"wp-block-embed is-type-rich is-provider-flickr wp-block-embed-flickr\"><div class=\"wp-block-embed__wrapper\">\n<a data-flickr-embed='true' href='https:\/\/www.flickr.com\/photos\/mwcmm\/albums\/72177720324689662\/' title='500th Anabaptism around the world by MWC-CMM (Mennonite World Conference), on Flickr'><img data-src='https:\/\/live.staticflickr.com\/65535\/54413198481_6a79c40d6b.jpg' width='800' height='600' alt='202501AndrewBodden20250119_214124' src='data:image\/svg+xml;base64,PHN2ZyB3aWR0aD0iMSIgaGVpZ2h0PSIxIiB4bWxucz0iaHR0cDovL3d3dy53My5vcmcvMjAwMC9zdmciPjwvc3ZnPg==' class='lazyload' style='--smush-placeholder-width: 800px; --smush-placeholder-aspect-ratio: 800\/600;'><\/a><script async src='https:\/\/embedr.flickr.com\/assets\/client-code.js' charset='utf-8'><\/script>\n<\/div><\/figure>\n\n\n<div style=\"font-style:normal;font-weight:100\" class=\"taxonomy-post_tag has-link-color wp-elements-edf8ebed51a35913be98b317c6932ee9 wp-block-post-terms has-text-color has-gray-color has-small-font-size\"><a href=\"https:\/\/mwc-cmm.org\/fr\/stories\/tag\/500-fr\/\" rel=\"tag\">500<\/a><span class=\"wp-block-post-terms__separator\">, <\/span><a href=\"https:\/\/mwc-cmm.org\/fr\/stories\/tag\/anniversaire\/\" rel=\"tag\">anniversaire<\/a><span class=\"wp-block-post-terms__separator\">, <\/span><a href=\"https:\/\/mwc-cmm.org\/fr\/stories\/tag\/history-fr\/\" rel=\"tag\">histoire<\/a><span class=\"wp-block-post-terms__separator\">, <\/span><a href=\"https:\/\/mwc-cmm.org\/fr\/stories\/tag\/identity-fr\/\" rel=\"tag\">identity<\/a><span class=\"wp-block-post-terms__separator\">, <\/span><a href=\"https:\/\/mwc-cmm.org\/fr\/stories\/tag\/latin-america-fr\/\" rel=\"tag\">Latin America<\/a><\/div>\n\n\n<p><\/p>\n","protected":false},"excerpt":{"rendered":"<p>C\u00e9l\u00e9brer, \u00e9quiper, louer : 500 ans d\u2019anabaptisme Les \u00e9glises tout autour du monde organisent des fa\u00e7ons de marquer les 500 ans du d\u00e9but de l\u2019anabaptisme, avec des conf\u00e9rences, des hymnes et des \u00e9v\u00e8nements r\u00e9gionaux.\u202f&nbsp; L\u2019une des \u00e9glises membre de la CMM, Iglesia Mennonita del Per\u00f9, a accueilli l\u2019\u00e9v\u00e8nement \u00ab\u202fCelebrar, equipar, adorar\u202f\u00bb \u00e0 Cusco, au P\u00e9rou, [&hellip;]<\/p>\n","protected":false},"author":8,"featured_media":111570,"comment_status":"closed","ping_status":"closed","sticky":false,"template":"","format":"standard","meta":{"_acf_changed":false,"footnotes":""},"categories":[1],"tags":[516,515,442,443,513],"network":[],"eventcategory":[],"class_list":["post-111583","post","type-post","status-publish","format-standard","has-post-thumbnail","hentry","category-uncategorized","tag-500-fr","tag-anniversaire","tag-history-fr","tag-identity-fr","tag-latin-america-fr"],"acf":[],"yoast_head":"<!-- This site is optimized with the Yoast SEO plugin v27.2 - https:\/\/yoast.com\/product\/yoast-seo-wordpress\/ -->\n<title>Un chemin de sueur et de sang - Mennonite World Conference<\/title>\n<meta name=\"description\" content=\"MWC member church Iglesia Evang\u00e9lica Menonita del Per\u00fa hosted \u201cCelebrar, equipar, adorar\u201d in Cusco, Peru 18-22 January 2025 to mark 500 years of Anabaptism.\" \/>\n<meta name=\"robots\" content=\"index, follow, max-snippet:-1, max-image-preview:large, max-video-preview:-1\" \/>\n<link rel=\"canonical\" href=\"https:\/\/mwc-cmm.org\/fr\/stories\/chemin-sueur-sang\/\" \/>\n<meta property=\"og:locale\" content=\"fr_FR\" \/>\n<meta property=\"og:type\" content=\"article\" \/>\n<meta property=\"og:title\" content=\"Un chemin de sueur et de sang - Mennonite World Conference\" \/>\n<meta property=\"og:description\" content=\"MWC member church Iglesia Evang\u00e9lica Menonita del Per\u00fa hosted \u201cCelebrar, equipar, adorar\u201d in Cusco, Peru 18-22 January 2025 to mark 500 years of Anabaptism.\" \/>\n<meta property=\"og:url\" content=\"https:\/\/mwc-cmm.org\/fr\/stories\/chemin-sueur-sang\/\" \/>\n<meta property=\"og:site_name\" content=\"Mennonite World Conference\" \/>\n<meta property=\"article:publisher\" content=\"https:\/\/www.facebook.com\/MennoniteWorldConference\" \/>\n<meta property=\"article:published_time\" content=\"2025-03-27T00:00:50+00:00\" \/>\n<meta property=\"article:modified_time\" content=\"2025-03-27T15:23:20+00:00\" \/>\n<meta property=\"og:image\" content=\"https:\/\/mwc-cmm.org\/wp-content\/uploads\/2025\/03\/202501AndrewBodden20250121_1144101-scaled.jpg\" \/>\n\t<meta property=\"og:image:width\" content=\"2560\" \/>\n\t<meta property=\"og:image:height\" content=\"1198\" \/>\n\t<meta property=\"og:image:type\" content=\"image\/jpeg\" \/>\n<meta name=\"author\" content=\"Stephanie Setiawan\" \/>\n<script type=\"application\/ld+json\" class=\"yoast-schema-graph\">{\"@context\":\"https:\/\/schema.org\",\"@graph\":[{\"@type\":\"Article\",\"@id\":\"https:\/\/mwc-cmm.org\/fr\/stories\/chemin-sueur-sang\/#article\",\"isPartOf\":{\"@id\":\"https:\/\/mwc-cmm.org\/fr\/stories\/chemin-sueur-sang\/\"},\"author\":{\"name\":\"Stephanie Setiawan\",\"@id\":\"https:\/\/mwc-cmm.org\/en\/#\/schema\/person\/00b62ed8ea1527254a44f3ace3aee79d\"},\"headline\":\"Un chemin de sueur et de sang\",\"datePublished\":\"2025-03-27T00:00:50+00:00\",\"dateModified\":\"2025-03-27T15:23:20+00:00\",\"mainEntityOfPage\":{\"@id\":\"https:\/\/mwc-cmm.org\/fr\/stories\/chemin-sueur-sang\/\"},\"wordCount\":564,\"publisher\":{\"@id\":\"https:\/\/mwc-cmm.org\/en\/#organization\"},\"image\":{\"@id\":\"https:\/\/mwc-cmm.org\/fr\/stories\/chemin-sueur-sang\/#primaryimage\"},\"thumbnailUrl\":\"https:\/\/mwc-cmm.org\/wp-content\/uploads\/2025\/03\/202501AndrewBodden20250121_1144101-scaled.jpg\",\"keywords\":[\"500\",\"anniversaire\",\"histoire\",\"identity\",\"Latin America\"],\"articleSection\":[\"Uncategorized\"],\"inLanguage\":\"fr-FR\"},{\"@type\":\"WebPage\",\"@id\":\"https:\/\/mwc-cmm.org\/fr\/stories\/chemin-sueur-sang\/\",\"url\":\"https:\/\/mwc-cmm.org\/fr\/stories\/chemin-sueur-sang\/\",\"name\":\"Un chemin de sueur et de sang - Mennonite World Conference\",\"isPartOf\":{\"@id\":\"https:\/\/mwc-cmm.org\/en\/#website\"},\"primaryImageOfPage\":{\"@id\":\"https:\/\/mwc-cmm.org\/fr\/stories\/chemin-sueur-sang\/#primaryimage\"},\"image\":{\"@id\":\"https:\/\/mwc-cmm.org\/fr\/stories\/chemin-sueur-sang\/#primaryimage\"},\"thumbnailUrl\":\"https:\/\/mwc-cmm.org\/wp-content\/uploads\/2025\/03\/202501AndrewBodden20250121_1144101-scaled.jpg\",\"datePublished\":\"2025-03-27T00:00:50+00:00\",\"dateModified\":\"2025-03-27T15:23:20+00:00\",\"description\":\"MWC member church Iglesia Evang\u00e9lica Menonita del Per\u00fa hosted \u201cCelebrar, equipar, adorar\u201d in Cusco, Peru 18-22 January 2025 to mark 500 years of Anabaptism.\",\"breadcrumb\":{\"@id\":\"https:\/\/mwc-cmm.org\/fr\/stories\/chemin-sueur-sang\/#breadcrumb\"},\"inLanguage\":\"fr-FR\",\"potentialAction\":[{\"@type\":\"ReadAction\",\"target\":[\"https:\/\/mwc-cmm.org\/fr\/stories\/chemin-sueur-sang\/\"]}]},{\"@type\":\"ImageObject\",\"inLanguage\":\"fr-FR\",\"@id\":\"https:\/\/mwc-cmm.org\/fr\/stories\/chemin-sueur-sang\/#primaryimage\",\"url\":\"https:\/\/mwc-cmm.org\/wp-content\/uploads\/2025\/03\/202501AndrewBodden20250121_1144101-scaled.jpg\",\"contentUrl\":\"https:\/\/mwc-cmm.org\/wp-content\/uploads\/2025\/03\/202501AndrewBodden20250121_1144101-scaled.jpg\",\"width\":2560,\"height\":1198,\"caption\":\"500 years of Anabaptism celebration in Peru\"},{\"@type\":\"BreadcrumbList\",\"@id\":\"https:\/\/mwc-cmm.org\/fr\/stories\/chemin-sueur-sang\/#breadcrumb\",\"itemListElement\":[{\"@type\":\"ListItem\",\"position\":1,\"name\":\"Home\",\"item\":\"https:\/\/mwc-cmm.org\/fr\/\"},{\"@type\":\"ListItem\",\"position\":2,\"name\":\"Un chemin de sueur et de sang\"}]},{\"@type\":\"WebSite\",\"@id\":\"https:\/\/mwc-cmm.org\/en\/#website\",\"url\":\"https:\/\/mwc-cmm.org\/en\/\",\"name\":\"Mennonite World Conference\",\"description\":\"A communion of Anabaptist-related churches\",\"publisher\":{\"@id\":\"https:\/\/mwc-cmm.org\/en\/#organization\"},\"alternateName\":\"MWC\",\"potentialAction\":[{\"@type\":\"SearchAction\",\"target\":{\"@type\":\"EntryPoint\",\"urlTemplate\":\"https:\/\/mwc-cmm.org\/en\/?s={search_term_string}\"},\"query-input\":{\"@type\":\"PropertyValueSpecification\",\"valueRequired\":true,\"valueName\":\"search_term_string\"}}],\"inLanguage\":\"fr-FR\"},{\"@type\":\"Organization\",\"@id\":\"https:\/\/mwc-cmm.org\/en\/#organization\",\"name\":\"Mennonite World Conference\",\"alternateName\":\"MWC\",\"url\":\"https:\/\/mwc-cmm.org\/en\/\",\"logo\":{\"@type\":\"ImageObject\",\"inLanguage\":\"fr-FR\",\"@id\":\"https:\/\/mwc-cmm.org\/en\/#\/schema\/logo\/image\/\",\"url\":\"https:\/\/mwc-cmm.org\/wp-content\/uploads\/2026\/01\/MWC_Sig_Blue_Horiz_webheader1-logo.svg\",\"contentUrl\":\"https:\/\/mwc-cmm.org\/wp-content\/uploads\/2026\/01\/MWC_Sig_Blue_Horiz_webheader1-logo.svg\",\"width\":786,\"height\":82,\"caption\":\"Mennonite World Conference\"},\"image\":{\"@id\":\"https:\/\/mwc-cmm.org\/en\/#\/schema\/logo\/image\/\"},\"sameAs\":[\"https:\/\/www.facebook.com\/MennoniteWorldConference\",\"https:\/\/www.linkedin.com\/company\/mennonite-world-conference-mwc\/\",\"https:\/\/www.instagram.com\/mwcmm\/\",\"https:\/\/www.youtube.com\/user\/mwccmm\",\"https:\/\/bsky.app\/profile\/mwcmm.bsky.social\"]},{\"@type\":\"Person\",\"@id\":\"https:\/\/mwc-cmm.org\/en\/#\/schema\/person\/00b62ed8ea1527254a44f3ace3aee79d\",\"name\":\"Stephanie Setiawan\",\"image\":{\"@type\":\"ImageObject\",\"inLanguage\":\"fr-FR\",\"@id\":\"https:\/\/secure.gravatar.com\/avatar\/71b4b62cf3d0cfb4c8a367a101127ba8adfa1c22417900980ea24f5f4457a76d?s=96&d=mm&r=g\",\"url\":\"https:\/\/secure.gravatar.com\/avatar\/71b4b62cf3d0cfb4c8a367a101127ba8adfa1c22417900980ea24f5f4457a76d?s=96&d=mm&r=g\",\"contentUrl\":\"https:\/\/secure.gravatar.com\/avatar\/71b4b62cf3d0cfb4c8a367a101127ba8adfa1c22417900980ea24f5f4457a76d?s=96&d=mm&r=g\",\"caption\":\"Stephanie Setiawan\"},\"url\":\"https:\/\/mwc-cmm.org\/fr\/stories\/author\/stephanie\/\"}]}<\/script>\n<!-- \/ Yoast SEO plugin. -->","yoast_head_json":{"title":"Un chemin de sueur et de sang - Mennonite World Conference","description":"MWC member church Iglesia Evang\u00e9lica Menonita del Per\u00fa hosted \u201cCelebrar, equipar, adorar\u201d in Cusco, Peru 18-22 January 2025 to mark 500 years of Anabaptism.","robots":{"index":"index","follow":"follow","max-snippet":"max-snippet:-1","max-image-preview":"max-image-preview:large","max-video-preview":"max-video-preview:-1"},"canonical":"https:\/\/mwc-cmm.org\/fr\/stories\/chemin-sueur-sang\/","og_locale":"fr_FR","og_type":"article","og_title":"Un chemin de sueur et de sang - Mennonite World Conference","og_description":"MWC member church Iglesia Evang\u00e9lica Menonita del Per\u00fa hosted \u201cCelebrar, equipar, adorar\u201d in Cusco, Peru 18-22 January 2025 to mark 500 years of Anabaptism.","og_url":"https:\/\/mwc-cmm.org\/fr\/stories\/chemin-sueur-sang\/","og_site_name":"Mennonite World Conference","article_publisher":"https:\/\/www.facebook.com\/MennoniteWorldConference","article_published_time":"2025-03-27T00:00:50+00:00","article_modified_time":"2025-03-27T15:23:20+00:00","og_image":[{"width":2560,"height":1198,"url":"https:\/\/mwc-cmm.org\/wp-content\/uploads\/2025\/03\/202501AndrewBodden20250121_1144101-scaled.jpg","type":"image\/jpeg"}],"author":"Stephanie Setiawan","schema":{"@context":"https:\/\/schema.org","@graph":[{"@type":"Article","@id":"https:\/\/mwc-cmm.org\/fr\/stories\/chemin-sueur-sang\/#article","isPartOf":{"@id":"https:\/\/mwc-cmm.org\/fr\/stories\/chemin-sueur-sang\/"},"author":{"name":"Stephanie Setiawan","@id":"https:\/\/mwc-cmm.org\/en\/#\/schema\/person\/00b62ed8ea1527254a44f3ace3aee79d"},"headline":"Un chemin de sueur et de sang","datePublished":"2025-03-27T00:00:50+00:00","dateModified":"2025-03-27T15:23:20+00:00","mainEntityOfPage":{"@id":"https:\/\/mwc-cmm.org\/fr\/stories\/chemin-sueur-sang\/"},"wordCount":564,"publisher":{"@id":"https:\/\/mwc-cmm.org\/en\/#organization"},"image":{"@id":"https:\/\/mwc-cmm.org\/fr\/stories\/chemin-sueur-sang\/#primaryimage"},"thumbnailUrl":"https:\/\/mwc-cmm.org\/wp-content\/uploads\/2025\/03\/202501AndrewBodden20250121_1144101-scaled.jpg","keywords":["500","anniversaire","histoire","identity","Latin America"],"articleSection":["Uncategorized"],"inLanguage":"fr-FR"},{"@type":"WebPage","@id":"https:\/\/mwc-cmm.org\/fr\/stories\/chemin-sueur-sang\/","url":"https:\/\/mwc-cmm.org\/fr\/stories\/chemin-sueur-sang\/","name":"Un chemin de sueur et de sang - Mennonite World Conference","isPartOf":{"@id":"https:\/\/mwc-cmm.org\/en\/#website"},"primaryImageOfPage":{"@id":"https:\/\/mwc-cmm.org\/fr\/stories\/chemin-sueur-sang\/#primaryimage"},"image":{"@id":"https:\/\/mwc-cmm.org\/fr\/stories\/chemin-sueur-sang\/#primaryimage"},"thumbnailUrl":"https:\/\/mwc-cmm.org\/wp-content\/uploads\/2025\/03\/202501AndrewBodden20250121_1144101-scaled.jpg","datePublished":"2025-03-27T00:00:50+00:00","dateModified":"2025-03-27T15:23:20+00:00","description":"MWC member church Iglesia Evang\u00e9lica Menonita del Per\u00fa hosted \u201cCelebrar, equipar, adorar\u201d in Cusco, Peru 18-22 January 2025 to mark 500 years of Anabaptism.","breadcrumb":{"@id":"https:\/\/mwc-cmm.org\/fr\/stories\/chemin-sueur-sang\/#breadcrumb"},"inLanguage":"fr-FR","potentialAction":[{"@type":"ReadAction","target":["https:\/\/mwc-cmm.org\/fr\/stories\/chemin-sueur-sang\/"]}]},{"@type":"ImageObject","inLanguage":"fr-FR","@id":"https:\/\/mwc-cmm.org\/fr\/stories\/chemin-sueur-sang\/#primaryimage","url":"https:\/\/mwc-cmm.org\/wp-content\/uploads\/2025\/03\/202501AndrewBodden20250121_1144101-scaled.jpg","contentUrl":"https:\/\/mwc-cmm.org\/wp-content\/uploads\/2025\/03\/202501AndrewBodden20250121_1144101-scaled.jpg","width":2560,"height":1198,"caption":"500 years of Anabaptism celebration in Peru"},{"@type":"BreadcrumbList","@id":"https:\/\/mwc-cmm.org\/fr\/stories\/chemin-sueur-sang\/#breadcrumb","itemListElement":[{"@type":"ListItem","position":1,"name":"Home","item":"https:\/\/mwc-cmm.org\/fr\/"},{"@type":"ListItem","position":2,"name":"Un chemin de sueur et de sang"}]},{"@type":"WebSite","@id":"https:\/\/mwc-cmm.org\/en\/#website","url":"https:\/\/mwc-cmm.org\/en\/","name":"Mennonite World Conference","description":"A communion of Anabaptist-related churches","publisher":{"@id":"https:\/\/mwc-cmm.org\/en\/#organization"},"alternateName":"MWC","potentialAction":[{"@type":"SearchAction","target":{"@type":"EntryPoint","urlTemplate":"https:\/\/mwc-cmm.org\/en\/?s={search_term_string}"},"query-input":{"@type":"PropertyValueSpecification","valueRequired":true,"valueName":"search_term_string"}}],"inLanguage":"fr-FR"},{"@type":"Organization","@id":"https:\/\/mwc-cmm.org\/en\/#organization","name":"Mennonite World Conference","alternateName":"MWC","url":"https:\/\/mwc-cmm.org\/en\/","logo":{"@type":"ImageObject","inLanguage":"fr-FR","@id":"https:\/\/mwc-cmm.org\/en\/#\/schema\/logo\/image\/","url":"https:\/\/mwc-cmm.org\/wp-content\/uploads\/2026\/01\/MWC_Sig_Blue_Horiz_webheader1-logo.svg","contentUrl":"https:\/\/mwc-cmm.org\/wp-content\/uploads\/2026\/01\/MWC_Sig_Blue_Horiz_webheader1-logo.svg","width":786,"height":82,"caption":"Mennonite World Conference"},"image":{"@id":"https:\/\/mwc-cmm.org\/en\/#\/schema\/logo\/image\/"},"sameAs":["https:\/\/www.facebook.com\/MennoniteWorldConference","https:\/\/www.linkedin.com\/company\/mennonite-world-conference-mwc\/","https:\/\/www.instagram.com\/mwcmm\/","https:\/\/www.youtube.com\/user\/mwccmm","https:\/\/bsky.app\/profile\/mwcmm.bsky.social"]},{"@type":"Person","@id":"https:\/\/mwc-cmm.org\/en\/#\/schema\/person\/00b62ed8ea1527254a44f3ace3aee79d","name":"Stephanie Setiawan","image":{"@type":"ImageObject","inLanguage":"fr-FR","@id":"https:\/\/secure.gravatar.com\/avatar\/71b4b62cf3d0cfb4c8a367a101127ba8adfa1c22417900980ea24f5f4457a76d?s=96&d=mm&r=g","url":"https:\/\/secure.gravatar.com\/avatar\/71b4b62cf3d0cfb4c8a367a101127ba8adfa1c22417900980ea24f5f4457a76d?s=96&d=mm&r=g","contentUrl":"https:\/\/secure.gravatar.com\/avatar\/71b4b62cf3d0cfb4c8a367a101127ba8adfa1c22417900980ea24f5f4457a76d?s=96&d=mm&r=g","caption":"Stephanie Setiawan"},"url":"https:\/\/mwc-cmm.org\/fr\/stories\/author\/stephanie\/"}]}},"_links":{"self":[{"href":"https:\/\/mwc-cmm.org\/fr\/wp-json\/wp\/v2\/posts\/111583","targetHints":{"allow":["GET"]}}],"collection":[{"href":"https:\/\/mwc-cmm.org\/fr\/wp-json\/wp\/v2\/posts"}],"about":[{"href":"https:\/\/mwc-cmm.org\/fr\/wp-json\/wp\/v2\/types\/post"}],"author":[{"embeddable":true,"href":"https:\/\/mwc-cmm.org\/fr\/wp-json\/wp\/v2\/users\/8"}],"replies":[{"embeddable":true,"href":"https:\/\/mwc-cmm.org\/fr\/wp-json\/wp\/v2\/comments?post=111583"}],"version-history":[{"count":0,"href":"https:\/\/mwc-cmm.org\/fr\/wp-json\/wp\/v2\/posts\/111583\/revisions"}],"wp:featuredmedia":[{"embeddable":true,"href":"https:\/\/mwc-cmm.org\/fr\/wp-json\/wp\/v2\/media\/111570"}],"wp:attachment":[{"href":"https:\/\/mwc-cmm.org\/fr\/wp-json\/wp\/v2\/media?parent=111583"}],"wp:term":[{"taxonomy":"category","embeddable":true,"href":"https:\/\/mwc-cmm.org\/fr\/wp-json\/wp\/v2\/categories?post=111583"},{"taxonomy":"post_tag","embeddable":true,"href":"https:\/\/mwc-cmm.org\/fr\/wp-json\/wp\/v2\/tags?post=111583"},{"taxonomy":"network","embeddable":true,"href":"https:\/\/mwc-cmm.org\/fr\/wp-json\/wp\/v2\/network?post=111583"},{"taxonomy":"eventcategory","embeddable":true,"href":"https:\/\/mwc-cmm.org\/fr\/wp-json\/wp\/v2\/eventcategory?post=111583"}],"curies":[{"name":"wp","href":"https:\/\/api.w.org\/{rel}","templated":true}]}}