{"id":111037,"date":"2025-03-06T20:23:00","date_gmt":"2025-03-06T20:23:00","guid":{"rendered":"https:\/\/mwc-cmm.org\/stories\/reponse-anabaptiste-collective-a-la-crise-en-rdc\/"},"modified":"2025-03-10T16:35:19","modified_gmt":"2025-03-10T16:35:19","slug":"reponse-anabaptiste-collective-a-la-crise-en-rdc","status":"publish","type":"post","link":"https:\/\/mwc-cmm.org\/fr\/stories\/reponse-anabaptiste-collective-a-la-crise-en-rdc\/","title":{"rendered":"R\u00e9ponse anabaptiste collective \u00e0 la crise en RDC\u2009"},"content":{"rendered":"\n<p>\u00ab Nous manquons de bibles, d\u2019eau, de savons et m\u00eame de nourriture\u2009\u00bb, \u00e9crit un repr\u00e9sentant de l\u2019organisation de jeunesse d\u2019une \u00e9glise des Fr\u00e8res mennonites \u00e0 Bukavu, en R\u00e9publique d\u00e9mocratique du Congo. \u00ab\u2009Nous avons besoin de vos pri\u00e8res et de vos ressources\u2009\u00bb.<\/p>\n\n\n\n<p>La Conf\u00e9rence mondiale mennonite a mis en place un groupe de travail inter-anabaptiste pour r\u00e9pondre \u00e0 la crise humanitaire actuelle dans l\u2019Est de la RDC qui d\u00e9coule des \u00e9v\u00e8nements de ces derni\u00e8res semaines.<\/p>\n\n\n\n<p>\u00ab Nous vous invitons \u00e0 faire des dons \u00e0 l\u2019un ou l\u2019autre de nos partenaires pour les soutenir dans leur r\u00e9ponse \u00e0 ce besoin urgent\u2009\u00bb, d\u00e9clare C\u00e9sar Garc\u00eda, secr\u00e9taire g\u00e9n\u00e9ral de la CMM.<\/p>\n\n\n\n<div class=\"wp-block-buttons is-layout-flex wp-block-buttons-is-layout-flex\">\n<div class=\"wp-block-button\"><a class=\"wp-block-button__link wp-element-button\" href=\"https:\/\/mwc-cmm.org\/fr\/fonds-de-partage-de-leglise-mondiale\/\">Fonds de Partage de l\u2019\u00c9glise Mondiale<\/a><\/div>\n<\/div>\n\n\n\n<p>Les partenaires sont parvenus \u00e0 un consensus selon lequel le <a href=\"https:\/\/mcc.org\/\">Comit\u00e9 Central Mennonite (MCC)<\/a> dirigera la r\u00e9ponse, en s\u2019appuyant sur son expertise en mati\u00e8re d\u2019aide d\u2019urgence et de d\u00e9veloppement.<\/p>\n\n\n\n<p><em><a href=\"https:\/\/www.aimmint.org\/\">Africa Inter-Mennonite Mission<\/a><\/em> (AIMM), <em><a href=\"https:\/\/www.mennonitechurch.ca\/international-witness\">Mennonite Church Canada Witness<\/a><\/em>, <em><a href=\"https:\/\/www.mennonitemission.net\/\">Mennonite Mission Network<\/a><\/em> et <em><a href=\"https:\/\/multiply.net\/\">Multiply<\/a><\/em> sont \u00e9galement pr\u00e9sents.<\/p>\n\n\n\n<div class=\"wp-block-group is-nowrap is-layout-flex wp-container-core-group-is-layout-6c531013 wp-block-group-is-layout-flex\">\n<div class=\"wp-block-buttons is-layout-flex wp-block-buttons-is-layout-flex\">\n<div class=\"wp-block-button\"><a class=\"wp-block-button__link wp-element-button\" href=\"https:\/\/mcc.org\/\">MCC<\/a><\/div>\n\n\n\n<div class=\"wp-block-button\"><a class=\"wp-block-button__link wp-element-button\" href=\"https:\/\/www.aimmint.org\/\">AIMM<\/a><\/div>\n\n\n\n<div class=\"wp-block-button\"><a class=\"wp-block-button__link wp-element-button\" href=\"https:\/\/www.mennonitechurch.ca\/international-witness\">MC Witness<\/a><\/div>\n\n\n\n<div class=\"wp-block-button\"><a class=\"wp-block-button__link wp-element-button\" href=\"https:\/\/www.mennonitemission.net\/\">MMN<\/a><\/div>\n\n\n\n<div class=\"wp-block-button\"><a class=\"wp-block-button__link wp-element-button\" href=\"https:\/\/multiply.net\/\">Multiply<\/a><\/div>\n<\/div>\n<\/div>\n\n\n\n<p>La CMM lance l\u2019invitation \u00e0 toutes les agences anabaptistes travaillant dans la r\u00e9gion \u00e0 se joindre \u00e0 la r\u00e9ponse coordonn\u00e9e. \u00ab\u2009Nous voulons travailler en coop\u00e9ration et en collaboration\u2009\u00bb, dit C\u00e9sar Garc\u00eda.<\/p>\n\n\n\n<p>L\u2019\u00e9glise membre de la CMM, la Communaut\u00e9 des \u00c9glises des Fr\u00e8res mennonites au Congo (CEFMC), compte 34&nbsp;assembl\u00e9es et plus de 4\u2009000&nbsp;membres dans la r\u00e9gion. Au moment o\u00f9 nous \u00e9crivons ces lignes, la CEFMC signale que 600&nbsp;familles de ses assembl\u00e9es ont \u00e9t\u00e9 d\u00e9plac\u00e9es.<\/p>\n\n\n\n<p>Certaines personnes ayant fui les violences sont h\u00e9berg\u00e9es dans des camps de la r\u00e9gion. D\u2019autres ont fui vers d\u2019autres parties du pays o\u00f9 les assembl\u00e9es du CEFMC, de la Communaut\u00e9 Evang\u00e9lique Mennonite, de la Communaut\u00e9 Mennonite au Congo et de la Communaut\u00e9 Mennonite de Kinshasa offrent de l\u2019aide.<\/p>\n\n\n\n<p>Certains ont \u00e9t\u00e9 \u00e9vacu\u00e9s vers des pays voisins comme le Burundi, l\u2019Ouganda et la Tanzanie o\u00f9 d\u2019autres mennonites ont pu apporter leur soutien.<\/p>\n\n\n\n<p>\u00ab\u2009La situation exige une r\u00e9ponse urgente, mais aussi un plan sur plusieurs ann\u00e9es\u2009\u00bb, explique Annie Loewen, directrice par int\u00e9rim de la r\u00e9ponse aux catastrophes du MCC. La nourriture, les abris et les produits d\u2019hygi\u00e8ne sont des besoins essentiels pour l\u2019instant. \u00c0 plus long terme, des ressources pour la gestion des traumatismes et du mat\u00e9riel pour restaurer les foyers seront n\u00e9cessaires.<\/p>\n\n\n\n<p>\u00ab\u2009Nous voulons r\u00e9agir rapidement aux besoins des populations de la r\u00e9gion, mais notre r\u00e9ponse doit \u00eatre coordonn\u00e9e avec d\u2019autres partenaires, afin de tirer parti des forces de chacun et de cr\u00e9er des synergies\u2009\u00bb, d\u00e9clare Doug Hiebert, chef d\u2019\u00e9quipe r\u00e9gionale de Multiply pour l\u2019Afrique subsaharienne.<\/p>\n\n\n\n<p>\u00ab\u2009La coordination interd\u00e9pendante entre les organismes internationaux et les \u00e9glises locales est cruciale pour le travail de paix \u00e0 long terme\u2009\u00bb, d\u00e9clare Tigist Tesfaye, secr\u00e9taire de la Commission Diacres. \u00ab\u2009Merci de continuer \u00e0 prier pour nos fr\u00e8res et s\u0153urs. Notre solidarit\u00e9 dans la pri\u00e8re est un \u00e9l\u00e9ment cl\u00e9 de notre r\u00e9ponse en tant que famille anabaptiste.\u2009\u00bb<\/p>\n\n\n\n<h4 class=\"wp-block-heading\">Lisez la lettre pastorale aux \u00e9glises de la RDC et ajoutez vos propres pri\u00e8res ici<\/h4>\n\n\n\n<figure class=\"wp-block-embed is-type-wp-embed is-provider-mennonite-world-conference wp-block-embed-mennonite-world-conference\"><div class=\"wp-block-embed__wrapper\">\n<blockquote class=\"wp-embedded-content\" data-secret=\"0P56jlQ6qs\"><a href=\"https:\/\/mwc-cmm.org\/fr\/stories\/lettre-pastorale-anabaptistes-rdc\/\">Lettre pastorale pour anabaptistes en RD Congo<\/a><\/blockquote><iframe class=\"wp-embedded-content lazyload\" sandbox=\"allow-scripts\" security=\"restricted\" style=\"position: absolute; visibility: hidden;\" title=\"\u00ab\u00a0Lettre pastorale pour anabaptistes en RD Congo\u00a0\u00bb &#8212; Mennonite World Conference\" data-src=\"https:\/\/mwc-cmm.org\/fr\/stories\/lettre-pastorale-anabaptistes-rdc\/embed\/#?secret=KZwZNJDZk3#?secret=0P56jlQ6qs\" data-secret=\"0P56jlQ6qs\" width=\"500\" height=\"282\" frameborder=\"0\" marginwidth=\"0\" marginheight=\"0\" scrolling=\"no\" src=\"data:image\/svg+xml;base64,PHN2ZyB3aWR0aD0iMSIgaGVpZ2h0PSIxIiB4bWxucz0iaHR0cDovL3d3dy53My5vcmcvMjAwMC9zdmciPjwvc3ZnPg==\" data-load-mode=\"1\"><\/iframe>\n<\/div><\/figure>\n\n\n\n<h2 class=\"wp-block-heading\">Contexte<\/h2>\n\n\n\n<p>En tant que communaut\u00e9 spirituelle mondiale qui existe pour faciliter les relations entre les \u00e9glises anabaptistes du monde entier, la Conf\u00e9rence mennonite mondiale prend l\u2019initiative d\u2019appeler ses membres \u00e0 une action interd\u00e9pendante en cas de crise, afin d\u2019\u00e9viter les doublons et d\u2019assurer la coop\u00e9ration.<\/p>\n\n\n\n<p>\u00c0 partir de 2017, la CMM a facilit\u00e9 la r\u00e9ponse anabaptiste collaborative aux catastrophes dans le monde entier. Lorsque des inondations catastrophiques ont touch\u00e9 11 assembl\u00e9es des Fr\u00e8res mennonites au P\u00e9rou, plusieurs agences anabaptistes \u00e9taient pr\u00eates \u00e0 apporter leur aide. La CMM a organis\u00e9 une r\u00e9ponse anabaptiste collaborative de six mois entre le Comit\u00e9 central mennonite, la CMM, l\u2019ICOMB et Multiply (anciennement Mission MB).<\/p>\n\n\n\n<div class=\"wp-block-buttons is-layout-flex wp-block-buttons-is-layout-flex\">\n<div class=\"wp-block-button\"><a class=\"wp-block-button__link wp-element-button\" href=\"https:\/\/mwc-cmm.org\/fr\/stories\/la-cmm-facilite-une-reponse-interdependante-aux-inondations-du-perou\/\">La CMM facilite une reponse interdependante aux inondations du Perou<\/a><\/div>\n<\/div>\n\n\n\n<p>La CMM a r\u00e9uni sept partenaires anabaptistes d\u2019Am\u00e9rique du Nord et d\u2019Europe pour coordonner une r\u00e9ponse interd\u00e9pendante \u00e0 la crise dans la r\u00e9gion du Kasa\u00ef en RDC.<\/p>\n\n\n\n<div class=\"wp-block-buttons is-layout-flex wp-block-buttons-is-layout-flex\">\n<div class=\"wp-block-button\"><a class=\"wp-block-button__link wp-element-button\" href=\"https:\/\/mwc-cmm.org\/fr\/stories\/les-anabaptistes-agissent-contre-les-violences-et-les-deplacements-forces-en-republique\/\">Les anabaptistes agissent contre les violences et les deplacements forces en RDC<\/a><\/div>\n<\/div>\n\n\n\n<div class=\"wp-block-buttons is-layout-flex wp-block-buttons-is-layout-flex\">\n<div class=\"wp-block-button\"><a class=\"wp-block-button__link wp-element-button\" href=\"https:\/\/mwc-cmm.org\/fr\/stories\/les-survivants-du-kasai-de-lhorreur-a-la-vie\/ \">Les survivants du Kasai de l&rsquo;horreur a la vie<\/a><\/div>\n<\/div>\n\n\n\n<p>Toujours en 2017, des inondations dues \u00e0 la mousson ont frapp\u00e9 le N\u00e9pal et certaines parties de l\u2019Inde et du Bangladesh. Les partenaires anabaptistes MCC et Brethren in Community Welfare Society ont aid\u00e9 des familles \u00e0 retrouver leurs moyens de subsistance et ont fourni des mat\u00e9riaux pour les abris et soutenu les r\u00e9parations des maisons.<\/p>\n\n\n\n<div class=\"wp-block-buttons is-layout-flex wp-block-buttons-is-layout-flex\">\n<div class=\"wp-block-button\"><a class=\"wp-block-button__link wp-element-button\" href=\"https:\/\/mwc-cmm.org\/fr\/stories\/mwc-responds-in-solidarity-to-disasters-4\/\">Face aux catastrophes, la CMM se montre solidaire<\/a><\/div>\n<\/div>\n\n\n\n<p>Durant la pand\u00e9mie de COVID-19, La Conf\u00e9rence Mennonite Mondiale a cr\u00e9\u00e9 un groupe de travail avec le soutien de 10 organisations internationales anabaptistes pour r\u00e9pondre aux besoins caus\u00e9s par la pand\u00e9mie dans les pays du Sud.<\/p>\n\n\n\n<div class=\"wp-block-buttons is-layout-flex wp-block-buttons-is-layout-flex\">\n<div class=\"wp-block-button\"><a class=\"wp-block-button__link wp-element-button\" href=\"https:\/\/mwc-cmm.org\/fr\/mwc-responds-to-covid-19\/\">MWC responds to COVID-19<\/a><\/div>\n<\/div>\n\n\n\n<hr class=\"wp-block-separator has-alpha-channel-opacity\"\/>\n\n\n\n<figure class=\"wp-block-embed is-type-wp-embed is-provider-mennonite-world-conference wp-block-embed-mennonite-world-conference\"><div class=\"wp-block-embed__wrapper\">\n<blockquote class=\"wp-embedded-content\" data-secret=\"oamI0KRH0a\"><a href=\"https:\/\/mwc-cmm.org\/fr\/fonds-de-partage-de-leglise-mondiale\/\">Fonds de Partage de l\u2019\u00c9glise Mondiale<\/a><\/blockquote><iframe class=\"wp-embedded-content lazyload\" sandbox=\"allow-scripts\" security=\"restricted\" style=\"position: absolute; visibility: hidden;\" title=\"\u00ab\u00a0Fonds de Partage de l\u2019\u00c9glise Mondiale\u00a0\u00bb &#8212; Mennonite World Conference\" data-src=\"https:\/\/mwc-cmm.org\/fr\/fonds-de-partage-de-leglise-mondiale\/embed\/#?secret=F41QR5Uo8Y#?secret=oamI0KRH0a\" data-secret=\"oamI0KRH0a\" width=\"500\" height=\"282\" frameborder=\"0\" marginwidth=\"0\" marginheight=\"0\" scrolling=\"no\" src=\"data:image\/svg+xml;base64,PHN2ZyB3aWR0aD0iMSIgaGVpZ2h0PSIxIiB4bWxucz0iaHR0cDovL3d3dy53My5vcmcvMjAwMC9zdmciPjwvc3ZnPg==\" data-load-mode=\"1\"><\/iframe>\n<\/div><\/figure>\n","protected":false},"excerpt":{"rendered":"<p>\u00ab Nous manquons de bibles, d\u2019eau, de savons et m\u00eame de nourriture\u2009\u00bb, \u00e9crit un repr\u00e9sentant de l\u2019organisation de jeunesse d\u2019une \u00e9glise des Fr\u00e8res mennonites \u00e0 Bukavu, en R\u00e9publique d\u00e9mocratique du Congo. \u00ab\u2009Nous avons besoin de vos pri\u00e8res et de vos ressources\u2009\u00bb. La Conf\u00e9rence mondiale mennonite a mis en place un groupe de travail inter-anabaptiste pour [&hellip;]<\/p>\n","protected":false},"author":6,"featured_media":110977,"comment_status":"closed","ping_status":"closed","sticky":false,"template":"","format":"standard","meta":{"_acf_changed":false,"footnotes":""},"categories":[7],"tags":[466,464,467,487,486],"network":[1318,1262],"eventcategory":[],"class_list":["post-111037","post","type-post","status-publish","format-standard","has-post-thumbnail","hentry","category-non-classifiee","tag-commission-diacres","tag-dr-congo","tag-dr-congo-fr","tag-reponse-aux-catastrophes","tag-reponse-inter-anabaptiste","network-commissions-fr","network-deacons-commission-fr"],"acf":[],"yoast_head":"<!-- This site is optimized with the Yoast SEO plugin v27.2 - https:\/\/yoast.com\/product\/yoast-seo-wordpress\/ -->\n<title>R\u00e9ponse anabaptiste collective \u00e0 la crise en RDC\u2009 - Mennonite World Conference<\/title>\n<meta name=\"robots\" content=\"index, follow, max-snippet:-1, max-image-preview:large, max-video-preview:-1\" \/>\n<link rel=\"canonical\" href=\"https:\/\/mwc-cmm.org\/fr\/stories\/reponse-anabaptiste-collective-a-la-crise-en-rdc\/\" \/>\n<meta property=\"og:locale\" content=\"fr_FR\" \/>\n<meta property=\"og:type\" content=\"article\" \/>\n<meta property=\"og:title\" content=\"R\u00e9ponse anabaptiste collective \u00e0 la crise en RDC\u2009 - Mennonite World Conference\" \/>\n<meta property=\"og:description\" content=\"\u00ab Nous manquons de bibles, d\u2019eau, de savons et m\u00eame de nourriture\u2009\u00bb, \u00e9crit un repr\u00e9sentant de l\u2019organisation de jeunesse d\u2019une \u00e9glise des Fr\u00e8res mennonites \u00e0 Bukavu, en R\u00e9publique d\u00e9mocratique du Congo. \u00ab\u2009Nous avons besoin de vos pri\u00e8res et de vos ressources\u2009\u00bb. La Conf\u00e9rence mondiale mennonite a mis en place un groupe de travail inter-anabaptiste pour [&hellip;]\" \/>\n<meta property=\"og:url\" content=\"https:\/\/mwc-cmm.org\/fr\/stories\/reponse-anabaptiste-collective-a-la-crise-en-rdc\/\" \/>\n<meta property=\"og:site_name\" content=\"Mennonite World Conference\" \/>\n<meta property=\"article:publisher\" content=\"https:\/\/www.facebook.com\/MennoniteWorldConference\" \/>\n<meta property=\"article:published_time\" content=\"2025-03-06T20:23:00+00:00\" \/>\n<meta property=\"article:modified_time\" content=\"2025-03-10T16:35:19+00:00\" \/>\n<meta property=\"og:image\" content=\"https:\/\/mwc-cmm.org\/wp-content\/uploads\/2025\/03\/2025-03-05-WhatsApp-Image-Adonai-Bukavu_5ff479ce.jpg\" \/>\n\t<meta property=\"og:image:width\" content=\"479\" \/>\n\t<meta property=\"og:image:height\" content=\"233\" \/>\n\t<meta property=\"og:image:type\" content=\"image\/jpeg\" \/>\n<meta name=\"author\" content=\"Karla Braun\" \/>\n<script type=\"application\/ld+json\" class=\"yoast-schema-graph\">{\"@context\":\"https:\/\/schema.org\",\"@graph\":[{\"@type\":\"Article\",\"@id\":\"https:\/\/mwc-cmm.org\/fr\/stories\/reponse-anabaptiste-collective-a-la-crise-en-rdc\/#article\",\"isPartOf\":{\"@id\":\"https:\/\/mwc-cmm.org\/fr\/stories\/reponse-anabaptiste-collective-a-la-crise-en-rdc\/\"},\"author\":{\"name\":\"Karla Braun\",\"@id\":\"https:\/\/mwc-cmm.org\/en\/#\/schema\/person\/9cb7cad70e3a0ac2b145c3441df0dc08\"},\"headline\":\"R\u00e9ponse anabaptiste collective \u00e0 la crise en RDC\u2009\",\"datePublished\":\"2025-03-06T20:23:00+00:00\",\"dateModified\":\"2025-03-10T16:35:19+00:00\",\"mainEntityOfPage\":{\"@id\":\"https:\/\/mwc-cmm.org\/fr\/stories\/reponse-anabaptiste-collective-a-la-crise-en-rdc\/\"},\"wordCount\":867,\"publisher\":{\"@id\":\"https:\/\/mwc-cmm.org\/en\/#organization\"},\"image\":{\"@id\":\"https:\/\/mwc-cmm.org\/fr\/stories\/reponse-anabaptiste-collective-a-la-crise-en-rdc\/#primaryimage\"},\"thumbnailUrl\":\"https:\/\/mwc-cmm.org\/wp-content\/uploads\/2025\/03\/2025-03-05-WhatsApp-Image-Adonai-Bukavu_5ff479ce.jpg\",\"keywords\":[\"Commission-Diacres\",\"DR Congo\",\"DR Congo\",\"r\u00e9ponse aux catastrophes\",\"r\u00e9ponse inter-anabaptiste\"],\"articleSection\":[\"Non classifi\u00e9(e)\"],\"inLanguage\":\"fr-FR\"},{\"@type\":\"WebPage\",\"@id\":\"https:\/\/mwc-cmm.org\/fr\/stories\/reponse-anabaptiste-collective-a-la-crise-en-rdc\/\",\"url\":\"https:\/\/mwc-cmm.org\/fr\/stories\/reponse-anabaptiste-collective-a-la-crise-en-rdc\/\",\"name\":\"R\u00e9ponse anabaptiste collective \u00e0 la crise en RDC\u2009 - Mennonite World Conference\",\"isPartOf\":{\"@id\":\"https:\/\/mwc-cmm.org\/en\/#website\"},\"primaryImageOfPage\":{\"@id\":\"https:\/\/mwc-cmm.org\/fr\/stories\/reponse-anabaptiste-collective-a-la-crise-en-rdc\/#primaryimage\"},\"image\":{\"@id\":\"https:\/\/mwc-cmm.org\/fr\/stories\/reponse-anabaptiste-collective-a-la-crise-en-rdc\/#primaryimage\"},\"thumbnailUrl\":\"https:\/\/mwc-cmm.org\/wp-content\/uploads\/2025\/03\/2025-03-05-WhatsApp-Image-Adonai-Bukavu_5ff479ce.jpg\",\"datePublished\":\"2025-03-06T20:23:00+00:00\",\"dateModified\":\"2025-03-10T16:35:19+00:00\",\"breadcrumb\":{\"@id\":\"https:\/\/mwc-cmm.org\/fr\/stories\/reponse-anabaptiste-collective-a-la-crise-en-rdc\/#breadcrumb\"},\"inLanguage\":\"fr-FR\",\"potentialAction\":[{\"@type\":\"ReadAction\",\"target\":[\"https:\/\/mwc-cmm.org\/fr\/stories\/reponse-anabaptiste-collective-a-la-crise-en-rdc\/\"]}]},{\"@type\":\"ImageObject\",\"inLanguage\":\"fr-FR\",\"@id\":\"https:\/\/mwc-cmm.org\/fr\/stories\/reponse-anabaptiste-collective-a-la-crise-en-rdc\/#primaryimage\",\"url\":\"https:\/\/mwc-cmm.org\/wp-content\/uploads\/2025\/03\/2025-03-05-WhatsApp-Image-Adonai-Bukavu_5ff479ce.jpg\",\"contentUrl\":\"https:\/\/mwc-cmm.org\/wp-content\/uploads\/2025\/03\/2025-03-05-WhatsApp-Image-Adonai-Bukavu_5ff479ce.jpg\",\"width\":479,\"height\":233,\"caption\":\"The young adult group from a CEFMC congregation in Eastern DRC, ministers to orphans in their area before and during this crisis. Photo courtesy of a local CEFMC congregation\"},{\"@type\":\"BreadcrumbList\",\"@id\":\"https:\/\/mwc-cmm.org\/fr\/stories\/reponse-anabaptiste-collective-a-la-crise-en-rdc\/#breadcrumb\",\"itemListElement\":[{\"@type\":\"ListItem\",\"position\":1,\"name\":\"Home\",\"item\":\"https:\/\/mwc-cmm.org\/fr\/\"},{\"@type\":\"ListItem\",\"position\":2,\"name\":\"R\u00e9ponse anabaptiste collective \u00e0 la crise en RDC\u2009\"}]},{\"@type\":\"WebSite\",\"@id\":\"https:\/\/mwc-cmm.org\/en\/#website\",\"url\":\"https:\/\/mwc-cmm.org\/en\/\",\"name\":\"Mennonite World Conference\",\"description\":\"A communion of Anabaptist-related churches\",\"publisher\":{\"@id\":\"https:\/\/mwc-cmm.org\/en\/#organization\"},\"alternateName\":\"MWC\",\"potentialAction\":[{\"@type\":\"SearchAction\",\"target\":{\"@type\":\"EntryPoint\",\"urlTemplate\":\"https:\/\/mwc-cmm.org\/en\/?s={search_term_string}\"},\"query-input\":{\"@type\":\"PropertyValueSpecification\",\"valueRequired\":true,\"valueName\":\"search_term_string\"}}],\"inLanguage\":\"fr-FR\"},{\"@type\":\"Organization\",\"@id\":\"https:\/\/mwc-cmm.org\/en\/#organization\",\"name\":\"Mennonite World Conference\",\"alternateName\":\"MWC\",\"url\":\"https:\/\/mwc-cmm.org\/en\/\",\"logo\":{\"@type\":\"ImageObject\",\"inLanguage\":\"fr-FR\",\"@id\":\"https:\/\/mwc-cmm.org\/en\/#\/schema\/logo\/image\/\",\"url\":\"https:\/\/mwc-cmm.org\/wp-content\/uploads\/2026\/01\/MWC_Sig_Blue_Horiz_webheader1-logo.svg\",\"contentUrl\":\"https:\/\/mwc-cmm.org\/wp-content\/uploads\/2026\/01\/MWC_Sig_Blue_Horiz_webheader1-logo.svg\",\"width\":786,\"height\":82,\"caption\":\"Mennonite World Conference\"},\"image\":{\"@id\":\"https:\/\/mwc-cmm.org\/en\/#\/schema\/logo\/image\/\"},\"sameAs\":[\"https:\/\/www.facebook.com\/MennoniteWorldConference\",\"https:\/\/www.linkedin.com\/company\/mennonite-world-conference-mwc\/\",\"https:\/\/www.instagram.com\/mwcmm\/\",\"https:\/\/www.youtube.com\/user\/mwccmm\",\"https:\/\/bsky.app\/profile\/mwcmm.bsky.social\"]},{\"@type\":\"Person\",\"@id\":\"https:\/\/mwc-cmm.org\/en\/#\/schema\/person\/9cb7cad70e3a0ac2b145c3441df0dc08\",\"name\":\"Karla Braun\",\"pronouns\":\"she\/her\",\"image\":{\"@type\":\"ImageObject\",\"inLanguage\":\"fr-FR\",\"@id\":\"https:\/\/secure.gravatar.com\/avatar\/330c84143dc3a1bf6e7887f828baae23c874bf72d5eedb0461d88c0725087370?s=96&d=mm&r=g\",\"url\":\"https:\/\/secure.gravatar.com\/avatar\/330c84143dc3a1bf6e7887f828baae23c874bf72d5eedb0461d88c0725087370?s=96&d=mm&r=g\",\"contentUrl\":\"https:\/\/secure.gravatar.com\/avatar\/330c84143dc3a1bf6e7887f828baae23c874bf72d5eedb0461d88c0725087370?s=96&d=mm&r=g\",\"caption\":\"Karla Braun\"},\"description\":\"Karla Braun serves as editor and website coordinator for MWC since 2015.\",\"url\":\"https:\/\/mwc-cmm.org\/fr\/stories\/author\/karla\/\"}]}<\/script>\n<!-- \/ Yoast SEO plugin. -->","yoast_head_json":{"title":"R\u00e9ponse anabaptiste collective \u00e0 la crise en RDC\u2009 - Mennonite World Conference","robots":{"index":"index","follow":"follow","max-snippet":"max-snippet:-1","max-image-preview":"max-image-preview:large","max-video-preview":"max-video-preview:-1"},"canonical":"https:\/\/mwc-cmm.org\/fr\/stories\/reponse-anabaptiste-collective-a-la-crise-en-rdc\/","og_locale":"fr_FR","og_type":"article","og_title":"R\u00e9ponse anabaptiste collective \u00e0 la crise en RDC\u2009 - Mennonite World Conference","og_description":"\u00ab Nous manquons de bibles, d\u2019eau, de savons et m\u00eame de nourriture\u2009\u00bb, \u00e9crit un repr\u00e9sentant de l\u2019organisation de jeunesse d\u2019une \u00e9glise des Fr\u00e8res mennonites \u00e0 Bukavu, en R\u00e9publique d\u00e9mocratique du Congo. \u00ab\u2009Nous avons besoin de vos pri\u00e8res et de vos ressources\u2009\u00bb. La Conf\u00e9rence mondiale mennonite a mis en place un groupe de travail inter-anabaptiste pour [&hellip;]","og_url":"https:\/\/mwc-cmm.org\/fr\/stories\/reponse-anabaptiste-collective-a-la-crise-en-rdc\/","og_site_name":"Mennonite World Conference","article_publisher":"https:\/\/www.facebook.com\/MennoniteWorldConference","article_published_time":"2025-03-06T20:23:00+00:00","article_modified_time":"2025-03-10T16:35:19+00:00","og_image":[{"width":479,"height":233,"url":"https:\/\/mwc-cmm.org\/wp-content\/uploads\/2025\/03\/2025-03-05-WhatsApp-Image-Adonai-Bukavu_5ff479ce.jpg","type":"image\/jpeg"}],"author":"Karla Braun","schema":{"@context":"https:\/\/schema.org","@graph":[{"@type":"Article","@id":"https:\/\/mwc-cmm.org\/fr\/stories\/reponse-anabaptiste-collective-a-la-crise-en-rdc\/#article","isPartOf":{"@id":"https:\/\/mwc-cmm.org\/fr\/stories\/reponse-anabaptiste-collective-a-la-crise-en-rdc\/"},"author":{"name":"Karla Braun","@id":"https:\/\/mwc-cmm.org\/en\/#\/schema\/person\/9cb7cad70e3a0ac2b145c3441df0dc08"},"headline":"R\u00e9ponse anabaptiste collective \u00e0 la crise en RDC\u2009","datePublished":"2025-03-06T20:23:00+00:00","dateModified":"2025-03-10T16:35:19+00:00","mainEntityOfPage":{"@id":"https:\/\/mwc-cmm.org\/fr\/stories\/reponse-anabaptiste-collective-a-la-crise-en-rdc\/"},"wordCount":867,"publisher":{"@id":"https:\/\/mwc-cmm.org\/en\/#organization"},"image":{"@id":"https:\/\/mwc-cmm.org\/fr\/stories\/reponse-anabaptiste-collective-a-la-crise-en-rdc\/#primaryimage"},"thumbnailUrl":"https:\/\/mwc-cmm.org\/wp-content\/uploads\/2025\/03\/2025-03-05-WhatsApp-Image-Adonai-Bukavu_5ff479ce.jpg","keywords":["Commission-Diacres","DR Congo","DR Congo","r\u00e9ponse aux catastrophes","r\u00e9ponse inter-anabaptiste"],"articleSection":["Non classifi\u00e9(e)"],"inLanguage":"fr-FR"},{"@type":"WebPage","@id":"https:\/\/mwc-cmm.org\/fr\/stories\/reponse-anabaptiste-collective-a-la-crise-en-rdc\/","url":"https:\/\/mwc-cmm.org\/fr\/stories\/reponse-anabaptiste-collective-a-la-crise-en-rdc\/","name":"R\u00e9ponse anabaptiste collective \u00e0 la crise en RDC\u2009 - Mennonite World Conference","isPartOf":{"@id":"https:\/\/mwc-cmm.org\/en\/#website"},"primaryImageOfPage":{"@id":"https:\/\/mwc-cmm.org\/fr\/stories\/reponse-anabaptiste-collective-a-la-crise-en-rdc\/#primaryimage"},"image":{"@id":"https:\/\/mwc-cmm.org\/fr\/stories\/reponse-anabaptiste-collective-a-la-crise-en-rdc\/#primaryimage"},"thumbnailUrl":"https:\/\/mwc-cmm.org\/wp-content\/uploads\/2025\/03\/2025-03-05-WhatsApp-Image-Adonai-Bukavu_5ff479ce.jpg","datePublished":"2025-03-06T20:23:00+00:00","dateModified":"2025-03-10T16:35:19+00:00","breadcrumb":{"@id":"https:\/\/mwc-cmm.org\/fr\/stories\/reponse-anabaptiste-collective-a-la-crise-en-rdc\/#breadcrumb"},"inLanguage":"fr-FR","potentialAction":[{"@type":"ReadAction","target":["https:\/\/mwc-cmm.org\/fr\/stories\/reponse-anabaptiste-collective-a-la-crise-en-rdc\/"]}]},{"@type":"ImageObject","inLanguage":"fr-FR","@id":"https:\/\/mwc-cmm.org\/fr\/stories\/reponse-anabaptiste-collective-a-la-crise-en-rdc\/#primaryimage","url":"https:\/\/mwc-cmm.org\/wp-content\/uploads\/2025\/03\/2025-03-05-WhatsApp-Image-Adonai-Bukavu_5ff479ce.jpg","contentUrl":"https:\/\/mwc-cmm.org\/wp-content\/uploads\/2025\/03\/2025-03-05-WhatsApp-Image-Adonai-Bukavu_5ff479ce.jpg","width":479,"height":233,"caption":"The young adult group from a CEFMC congregation in Eastern DRC, ministers to orphans in their area before and during this crisis. Photo courtesy of a local CEFMC congregation"},{"@type":"BreadcrumbList","@id":"https:\/\/mwc-cmm.org\/fr\/stories\/reponse-anabaptiste-collective-a-la-crise-en-rdc\/#breadcrumb","itemListElement":[{"@type":"ListItem","position":1,"name":"Home","item":"https:\/\/mwc-cmm.org\/fr\/"},{"@type":"ListItem","position":2,"name":"R\u00e9ponse anabaptiste collective \u00e0 la crise en RDC\u2009"}]},{"@type":"WebSite","@id":"https:\/\/mwc-cmm.org\/en\/#website","url":"https:\/\/mwc-cmm.org\/en\/","name":"Mennonite World Conference","description":"A communion of Anabaptist-related churches","publisher":{"@id":"https:\/\/mwc-cmm.org\/en\/#organization"},"alternateName":"MWC","potentialAction":[{"@type":"SearchAction","target":{"@type":"EntryPoint","urlTemplate":"https:\/\/mwc-cmm.org\/en\/?s={search_term_string}"},"query-input":{"@type":"PropertyValueSpecification","valueRequired":true,"valueName":"search_term_string"}}],"inLanguage":"fr-FR"},{"@type":"Organization","@id":"https:\/\/mwc-cmm.org\/en\/#organization","name":"Mennonite World Conference","alternateName":"MWC","url":"https:\/\/mwc-cmm.org\/en\/","logo":{"@type":"ImageObject","inLanguage":"fr-FR","@id":"https:\/\/mwc-cmm.org\/en\/#\/schema\/logo\/image\/","url":"https:\/\/mwc-cmm.org\/wp-content\/uploads\/2026\/01\/MWC_Sig_Blue_Horiz_webheader1-logo.svg","contentUrl":"https:\/\/mwc-cmm.org\/wp-content\/uploads\/2026\/01\/MWC_Sig_Blue_Horiz_webheader1-logo.svg","width":786,"height":82,"caption":"Mennonite World Conference"},"image":{"@id":"https:\/\/mwc-cmm.org\/en\/#\/schema\/logo\/image\/"},"sameAs":["https:\/\/www.facebook.com\/MennoniteWorldConference","https:\/\/www.linkedin.com\/company\/mennonite-world-conference-mwc\/","https:\/\/www.instagram.com\/mwcmm\/","https:\/\/www.youtube.com\/user\/mwccmm","https:\/\/bsky.app\/profile\/mwcmm.bsky.social"]},{"@type":"Person","@id":"https:\/\/mwc-cmm.org\/en\/#\/schema\/person\/9cb7cad70e3a0ac2b145c3441df0dc08","name":"Karla Braun","pronouns":"she\/her","image":{"@type":"ImageObject","inLanguage":"fr-FR","@id":"https:\/\/secure.gravatar.com\/avatar\/330c84143dc3a1bf6e7887f828baae23c874bf72d5eedb0461d88c0725087370?s=96&d=mm&r=g","url":"https:\/\/secure.gravatar.com\/avatar\/330c84143dc3a1bf6e7887f828baae23c874bf72d5eedb0461d88c0725087370?s=96&d=mm&r=g","contentUrl":"https:\/\/secure.gravatar.com\/avatar\/330c84143dc3a1bf6e7887f828baae23c874bf72d5eedb0461d88c0725087370?s=96&d=mm&r=g","caption":"Karla Braun"},"description":"Karla Braun serves as editor and website coordinator for MWC since 2015.","url":"https:\/\/mwc-cmm.org\/fr\/stories\/author\/karla\/"}]}},"_links":{"self":[{"href":"https:\/\/mwc-cmm.org\/fr\/wp-json\/wp\/v2\/posts\/111037","targetHints":{"allow":["GET"]}}],"collection":[{"href":"https:\/\/mwc-cmm.org\/fr\/wp-json\/wp\/v2\/posts"}],"about":[{"href":"https:\/\/mwc-cmm.org\/fr\/wp-json\/wp\/v2\/types\/post"}],"author":[{"embeddable":true,"href":"https:\/\/mwc-cmm.org\/fr\/wp-json\/wp\/v2\/users\/6"}],"replies":[{"embeddable":true,"href":"https:\/\/mwc-cmm.org\/fr\/wp-json\/wp\/v2\/comments?post=111037"}],"version-history":[{"count":0,"href":"https:\/\/mwc-cmm.org\/fr\/wp-json\/wp\/v2\/posts\/111037\/revisions"}],"wp:featuredmedia":[{"embeddable":true,"href":"https:\/\/mwc-cmm.org\/fr\/wp-json\/wp\/v2\/media\/110977"}],"wp:attachment":[{"href":"https:\/\/mwc-cmm.org\/fr\/wp-json\/wp\/v2\/media?parent=111037"}],"wp:term":[{"taxonomy":"category","embeddable":true,"href":"https:\/\/mwc-cmm.org\/fr\/wp-json\/wp\/v2\/categories?post=111037"},{"taxonomy":"post_tag","embeddable":true,"href":"https:\/\/mwc-cmm.org\/fr\/wp-json\/wp\/v2\/tags?post=111037"},{"taxonomy":"network","embeddable":true,"href":"https:\/\/mwc-cmm.org\/fr\/wp-json\/wp\/v2\/network?post=111037"},{"taxonomy":"eventcategory","embeddable":true,"href":"https:\/\/mwc-cmm.org\/fr\/wp-json\/wp\/v2\/eventcategory?post=111037"}],"curies":[{"name":"wp","href":"https:\/\/api.w.org\/{rel}","templated":true}]}}